{"id":26484,"date":"2023-08-25T11:19:12","date_gmt":"2023-08-25T11:19:12","guid":{"rendered":"https:\/\/www.esin.av.tr\/?p=26484"},"modified":"2023-08-25T11:19:12","modified_gmt":"2023-08-25T11:19:12","slug":"rekabet-kurumu-2022-yilina-iliskin-yillik-raporunu-yayimladi","status":"publish","type":"post","link":"https:\/\/www.esin.av.tr\/tr\/2023\/08\/25\/rekabet-kurumu-2022-yilina-iliskin-yillik-raporunu-yayimladi\/","title":{"rendered":"Rekabet Kurumu 2022 Y\u0131l\u0131na \u0130li\u015fkin Y\u0131ll\u0131k Raporunu Yay\u0131mlad\u0131"},"content":{"rendered":"<h3><strong>Yeni Geli\u015fme<\/strong><\/h3>\n<p>Rekabet Kurumu (\u201c<strong>Kurum<\/strong>\u201c) 2022 Y\u0131ll\u0131k Raporu\u2019nu (\u201c<strong>Rapor<\/strong>\u201c) 23 A\u011fustos 2023 tarihinde resmi internet sitesinde yay\u0131mlad\u0131. Rapor, Kurum\u2019un 2022 y\u0131l\u0131ndaki faaliyetleri hakk\u0131nda genel bir bak\u0131\u015f a\u00e7\u0131s\u0131 sa\u011flamaktad\u0131r.<\/p>\n<p>Rapor\u2019un \u00f6ns\u00f6z\u00fcnde, sa\u011fl\u0131kl\u0131 rekabet ortam\u0131n\u0131n korunmas\u0131 i\u00e7in rekabet hukukunun daha s\u0131k\u0131 uygulanmas\u0131 gerekti\u011fi vurgulanmakta ve 2022 y\u0131l\u0131ndaki geli\u015fmeler, geleneksel ihlallerin yan\u0131nda atipik ihlallerin artmas\u0131, yeni i\u015f yapma bi\u00e7imleri ile birlikte hukukun uygulanma alan\u0131n\u0131n geni\u015flemesi ve nitelik bak\u0131m\u0131ndan da derinle\u015fti\u011fi \u015feklinde \u00f6zetlenmektedir. Ek olarak, Rapor\u2019un \u00f6ns\u00f6z\u00fcne g\u00f6re, Kurum\u2019un rekabet savunuculu\u011fu vazifesi kapsam\u0131nda, yap\u0131sal aksakl\u0131klar\u0131n s\u00f6z konusu oldu\u011fu piyasalarda sekt\u00f6r incelemeleri, mevzuat \u00e7al\u0131\u015fmalar\u0131 katk\u0131lar\u0131, uluslararas\u0131 alanda norm in\u015fas\u0131 s\u00fcrecine aktif bir \u015fekilde d\u00e2hil olma gibi kurumsal faaliyetler iktisadi dinamizmle de paralel olarak yo\u011funla\u015fm\u0131\u015f durumdad\u0131r.<\/p>\n<h3><strong>De\u011fi\u015fiklikler ve Yasal D\u00fczenlemeler<\/strong><\/h3>\n<p>2022 y\u0131l\u0131nda yap\u0131lan en \u00f6nemli de\u011fi\u015fiklik Rekabet Kurulundan \u0130zin Al\u0131nmas\u0131 Gereken Birle\u015fme ve Devralmalar Hakk\u0131nda Tebli\u011f\u2019de yap\u0131lan de\u011fi\u015fikliklerdir. (\u201c<strong>2010\/4 say\u0131l\u0131 Tebli\u011f<\/strong>\u201d). Bu de\u011fi\u015fiklik ile 2010\/4 say\u0131l\u0131 Tebli\u011f\u2019in kapsam\u0131na \u00f6ld\u00fcr\u00fcc\u00fc devralmalar dahil edilmi\u015ftir. Bu de\u011fi\u015fiklik ile birlikte, T\u00fcrkiye co\u011frafi pazar\u0131nda faaliyet g\u00f6steren veya ar-ge faaliyeti olan ya da T\u00fcrkiye\u2019deki kullan\u0131c\u0131lara hizmet sunan dijital platformlar, yaz\u0131l\u0131m ve oyun yaz\u0131l\u0131m\u0131, finansal teknolojiler, biyoteknoloji, farmakoloji, tar\u0131m kimyasallar\u0131 ve sa\u011fl\u0131k teknolojileri alanlar\u0131nda faaliyet g\u00f6steren te\u015febb\u00fcsleri veya bunlara ili\u015fkin varl\u0131klar\u0131na ili\u015fkin devralma i\u015flemleri cirolar\u0131ndan ba\u011f\u0131ms\u0131z olarak izne tabi hale gelmi\u015ftir. Ayn\u0131 zamanda, izne tabi olan birle\u015fme veya devralma i\u015flemlerinde i\u015flem taraflar\u0131n\u0131n tabi oldu\u011fu e\u015fikler y\u00fckseltilmi\u015f ve mali kurumlar\u0131n cirolar\u0131n\u0131n hesaplanmas\u0131nda g\u00fcncellemeler yap\u0131lm\u0131\u015ft\u0131r.<\/p>\n<p>Ayr\u0131ca, Kurum, 2022 y\u0131l\u0131nda Yatay ve Yatay Olmayan Birle\u015fme ve Devralmalar\u0131n De\u011ferlendirilmesi Hakk\u0131nda K\u0131lavuz\u2019u, 2020 y\u0131l\u0131nda 4054 say\u0131l\u0131 Rekabetin Korunmas\u0131 Hakk\u0131nda Kanun&#8217;a getirilen etkin rekabetin \u00f6nemli \u00f6l\u00e7\u00fcde azalt\u0131lmas\u0131 (<em>SIEC<\/em>) testine uygun hale getirecek \u015fekilde g\u00fcncellemi\u015ftir.<\/p>\n<p>Rapor, halihaz\u0131rda devam eden tek mevzuat \u00e7al\u0131\u015fmas\u0131n\u0131n, dijital piyasalarda \u00f6nemli pazar g\u00fcc\u00fcne sahip te\u015febb\u00fcslere Avrupa Komisyonu&#8217;nun Dijital Pazarlar Yasas\u0131&#8217;na (<em>DMA<\/em>) benzer \u015fekilde \u00f6nc\u00fcl (<em>ex ante)<\/em> y\u00fck\u00fcml\u00fcl\u00fckler getirmesi beklenen Dijital Piyasalar Mevzuat\u0131\u2019na ili\u015fkin oldu\u011funu ifade etmektedir.<\/p>\n<h3><strong>B\u0131rakal\u0131m Say\u0131lar Konu\u015fsun<\/strong><\/h3>\n<p>2021 ile k\u0131yasland\u0131\u011f\u0131nda, Kurul kararlar\u0131n\u0131n say\u0131s\u0131nda yakla\u015f\u0131k %16 oran\u0131nda k\u00fc\u00e7\u00fck bir d\u00fc\u015f\u00fc\u015f olmu\u015ftur. Nitekim 2021 y\u0131l\u0131nda 405 dosyaya ili\u015fkin karar verilirken, 2022 y\u0131l\u0131nda 342 adet dosya hakk\u0131nda karar verilmi\u015ftir. 2022 y\u0131l\u0131nda karara ba\u011flanan dosyalar\u0131n yakla\u015f\u0131k %72\u2019si birle\u015fme ve devralmalara, %23\u2019\u00fc rekabet ihlallerine, %5\u2019i ise muafiyet\/menfi tespite ili\u015fkindir.<\/p>\n<ul>\n<li><strong>Rekabet Hukuku \u0130hlalleri:\u00a0<\/strong>Kurul\u2019un 2022 y\u0131l\u0131nda rekabet hukuku ihlallerine ili\u015fkin ald\u0131\u011f\u0131 78 karar\u0131n 54\u2019\u00fc soru\u015fturma s\u00fcreci sonunda, geri kalan\u0131 ise \u00f6nara\u015ft\u0131rma s\u00fcreci sonunda al\u0131nm\u0131\u015ft\u0131r. Kurul\u2019un 44\u2019\u00fc soru\u015fturma olmak \u00fczere 74 dosya hakk\u0131nda karar verdi\u011fi 2021 y\u0131l\u0131 ile k\u0131yasland\u0131\u011f\u0131nda 2022 y\u0131l\u0131nda kayda de\u011fer olmayan bir d\u00fc\u015f\u00fc\u015f ger\u00e7ekle\u015fti\u011fi s\u00f6ylenebilecektir.\n<ul>\n<li>78 dosyadan 55\u2019i rekabeti k\u0131s\u0131tlay\u0131c\u0131 anla\u015fmalara (38\u2019i rakipler aras\u0131ndaki, 25\u2019i tedarik zincirinin farkl\u0131 seviyelerindeki te\u015febb\u00fcsler aras\u0131ndaki anla\u015fmalara ili\u015fkin olup, biri ise karma niteliktedir) ili\u015fkin olup, 14\u2019\u00fc h\u00e2kim durumun k\u00f6t\u00fcye kullan\u0131lmas\u0131na ili\u015fkindir ve alt\u0131s\u0131 karma niteliktedir.<\/li>\n<li>Kurul, \u00f6nara\u015ft\u0131rmayla sonu\u00e7lanan 24 dosyadan 20\u2019sinde iddialar\u0131 reddetmi\u015ftir.<\/li>\n<li>Kurul 2022 y\u0131l\u0131nda 54 soru\u015fturmay\u0131 sonu\u00e7land\u0131r\u0131rken, 47 yeni soru\u015fturma ba\u015flatm\u0131\u015f ve 2022 y\u0131l\u0131 itibariyle devam eden soru\u015fturma say\u0131s\u0131 45 olarak belirtilmi\u015ftir. Bu 45 adet soru\u015fturmadan 39&#8217;u ise, 2022 y\u0131l\u0131nda ba\u015flat\u0131lm\u0131\u015ft\u0131r.<\/li>\n<li>2022 y\u0131l\u0131nda ba\u015flat\u0131lan soru\u015fturma say\u0131s\u0131 ise 47\u2019dir.<\/li>\n<li>Soru\u015fturmalar\u0131n en \u00e7ok ilgili oldu\u011fu sekt\u00f6rler; (i) g\u0131da end\u00fcstrisi, (ii) makine end\u00fcstrisi, (iii) di\u011fer sekt\u00f6rler, (iv) sa\u011fl\u0131k hizmetleri, (v) bili\u015fim teknolojileri ve platform hizmetleri olarak s\u0131ralanm\u0131\u015ft\u0131r.<\/li>\n<li>54 adet soru\u015fturma dosyas\u0131ndan be\u015finin taahh\u00fctlerle sonland\u0131r\u0131ld\u0131\u011f\u0131 ve 34 dosyan\u0131n da uzla\u015fma ile sonland\u0131r\u0131ld\u0131\u011f\u0131 g\u00f6r\u00fclmektedir. Bu durum, Rapor\u2019un 2021 y\u0131l\u0131nda y\u00fcr\u00fcrl\u00fc\u011fe giren Taahh\u00fct Tebli\u011fi ve Uzla\u015fma Y\u00f6netmeli\u011fi\u2019nin etkin bir \u015fekilde uyguland\u0131\u011f\u0131 de\u011ferlendirmesini desteklemektedir.<\/li>\n<\/ul>\n<\/li>\n<li><strong>Birle\u015fme ve Devralmalar:\u00a0<\/strong>2022 y\u0131l\u0131nda Kurul toplam 245 i\u015flemi incelemi\u015f olup, bu say\u0131 2021 y\u0131l\u0131ndaki 309 i\u015fleme k\u0131yasla %21 oran\u0131nda bir d\u00fc\u015f\u00fc\u015f g\u00f6stermi\u015ftir. Bu d\u00fc\u015f\u00fc\u015f\u00fcn sebeplerinden birinin 2010\/4 say\u0131l\u0131 Rekabet Kurulundan \u0130zin Al\u0131nmas\u0131 Gereken Birle\u015fme ve Devralmalar Hakk\u0131nda Tebli\u011f\u2019de De\u011fi\u015fiklik yapan ve 4 May\u0131s 2022 tarihinde y\u00fcr\u00fcrl\u00fc\u011fe giren 2022\/2 say\u0131l\u0131 Tebli\u011f ile ciro e\u015fiklerinin y\u00fckseltilmesi oldu\u011fu de\u011ferlendirilebilecektir.\n<ul>\n<li>Kurul, 160\u2019\u0131 devralma, 76\u2019s\u0131 ortak giri\u015fim, 7\u2019si \u00f6zelle\u015ftirme ve 2\u2019si birle\u015fme olmak \u00fczere 245 i\u015flemi incelemi\u015ftir.<\/li>\n<li>Kurul, bu i\u015flemlerin 209 adedine ko\u015fulsuz, iki adedine ise ko\u015fullu izin vermi\u015ftir. Bildirilen 34 adet i\u015flemin ise kapsam d\u0131\u015f\u0131 veya izne tabi olmad\u0131\u011f\u0131 sonucuna var\u0131lm\u0131\u015ft\u0131r.<\/li>\n<li>Rapor\u2019a g\u00f6re, Kurul 2022 y\u0131l\u0131nda be\u015f i\u015flemi nihai incelemeye alm\u0131\u015f, bu i\u015flemlerin d\u00f6rd\u00fc 2022 y\u0131l\u0131nda sonuca ba\u011flan\u0131rken, kalan bir tanesi hakk\u0131nda ise incelemeler devam etmektedir.<\/li>\n<li>Birle\u015fme ve devralma kararlar\u0131 bak\u0131m\u0131ndan ilk \u00fc\u00e7 sekt\u00f6r ise kimya ve madencilik, bili\u015fim teknolojileri ve platform hizmetleri ve sa\u011fl\u0131k hizmetleri olmu\u015ftur.<\/li>\n<li>Daha detayl\u0131 bilgi i\u00e7in, 2022 Y\u0131l\u0131 Birle\u015fme ve Devralma G\u00f6r\u00fcn\u00fcm Raporu\u2019na ili\u015fkin hukuk b\u00fcltenimize <a href=\"https:\/\/urldefense.com\/v3\/__https:\/esinxchange.com\/collect\/click.aspx?u=clhOT25wbE1KZlk5Ni9aUm9lcU5oVTI4RWY5TTNwb2R3aXBjclVoWUJLQnBObXBzenhDbXZjNTRkTjBNVWQ1TVJkZ3Jod2dnOWRMMm9mZk03dnhyTGJNcUtqbi9DVFU1Q3dzdDBzaDFTQWhwUEhBektIaEVucEgxTEhkR0U1cWh3dEpvV1luY1lnR3hkWFQ5Z3NBM2F5ZE9WN3h5MW1ZRVJlVjVha1gxdFc0ZURQVzkzMGJHcXlaMjB3QzRneERu&amp;rh=ff00b338d862bba686f34c2b5e43badeaacdcc20__;!!Hj9Y_P0nvg!UxRg2A3sUUqsas-xetKItufPENthkPY8HQPrzeFze9UQzb68SLVHZ-LfG9XB5wY0rqzadBAwzgBk5pDcWQID7xaNig$\">buradan<\/a> ula\u015fabilirsiniz.<\/li>\n<\/ul>\n<\/li>\n<li><strong>Muafiyet ve Menfi Tespit Kararlar\u0131:<\/strong>\u00a0Kurul, 2022 y\u0131l\u0131nda banka, sermaye piyasas\u0131, finans, ve sigorta hizmetleri ba\u015fta olmak \u00fczere dokuz farkl\u0131 sekt\u00f6rde 15 muafiyet ve d\u00f6rt menfi tespit dosyas\u0131n\u0131 karara ba\u011flam\u0131\u015ft\u0131r.\n<ul>\n<li>Kurul, ilgili kararlar\u0131n be\u015fini bireysel muafiyet ile neticelendirirken, \u00fc\u00e7\u00fcn\u00fc grup muafiyeti ile sonu\u00e7land\u0131rm\u0131\u015f ve d\u00f6rt tane ko\u015fullu muafiyet karar\u0131 vermi\u015ftir.<\/li>\n<li>Bir te\u015febb\u00fcs\u00fcn muafiyeti geri al\u0131nm\u0131\u015f, iki kararda ise bireysel ve grup muafiyeti birlikte de\u011ferlendirilmi\u015ftir.<\/li>\n<\/ul>\n<\/li>\n<\/ul>\n<h3><strong>\u0130dari Para Cezalar\u0131<\/strong><\/h3>\n<p>Rapor, te\u015febb\u00fcslere uygulanan idari para cezalar\u0131na ili\u015fkin tam kar\u015f\u0131la\u015ft\u0131rmal\u0131 bir y\u0131ll\u0131k \u00f6zet sa\u011flamaktad\u0131r;<\/p>\n<ul>\n<li>2021 y\u0131l\u0131na k\u0131yasla, 2022 y\u0131l\u0131nda esasa ili\u015fkin verilen ceza tutarlar\u0131nda \u00f6nemli bir d\u00fc\u015f\u00fc\u015f g\u00f6r\u00fclmektedir. Kurul, 2021 y\u0131l\u0131nda rekabet hukuku ihlalleri nedeniyle toplam 4,2 milyar TL tutar\u0131nda para cezas\u0131 verirken, bu rakam 2022 y\u0131l\u0131nda 1,73 milyar TL\u2019ye d\u00fc\u015fm\u00fc\u015ft\u00fcr.<\/li>\n<li>En y\u00fcksek toplam ceza miktar\u0131 1,118 milyar TL ile g\u0131da sekt\u00f6r\u00fcne kesilirken, bu sekt\u00f6r\u00fc bili\u015fim teknolojileri ve platform hizmetleri ile tar\u0131m ve tar\u0131msal \u00fcr\u00fcnler sekt\u00f6r\u00fc takip etmi\u015ftir.<\/li>\n<li>Rekabeti s\u0131n\u0131rlay\u0131c\u0131 anla\u015fma, uyumlu eylem ve kararlar sebebiyle verilen idari para cezalar\u0131n\u0131n toplam\u0131 1,379 milyar TL tutar\u0131ndayken, h\u00e2kim durumun k\u00f6t\u00fcye kullan\u0131lmas\u0131 sebebiyle verilen idari para cezalar\u0131n\u0131n toplam\u0131 352 milyon TL tutar\u0131ndad\u0131r.<\/li>\n<li>Bilgi isteme ve\/veya yerinde inceleme kapsam\u0131nda yanl\u0131\u015f ya da yan\u0131lt\u0131c\u0131 bilgi sa\u011flanmas\u0131 neticesi verilen ceza miktar\u0131 3,5 milyon TL tutar\u0131nda olmu\u015ftur.<\/li>\n<li>Yerinde incelemenin engellenmesi veya zorla\u015ft\u0131r\u0131lmas\u0131 sebebiyle 115,268,236 TL idari para cezas\u0131 uygulanm\u0131\u015ft\u0131r.<\/li>\n<li>Birle\u015fme ve devralma i\u015flemlerinin s\u00fcresi i\u00e7inde bildirilmemesi nedeniyle 2022 y\u0131l\u0131nda idari para cezas\u0131 uygulanmam\u0131\u015ft\u0131r.<\/li>\n<\/ul>\n<h3><strong>Sonu\u00e7<\/strong><\/h3>\n<p>Rapor&#8217;da 2022 y\u0131l\u0131 yo\u011fun ve verimli bir y\u0131l olarak nitelendirilmi\u015f, Rekabet Kurumu\u2019nun ba\u015fl\u0131ca g\u00f6revi olan rekabet hukuku kurallar\u0131n\u0131n uygulanmas\u0131 a\u00e7\u0131s\u0131ndan t\u00fcm fonksiyonlar\u0131n\u0131 ara vermeden yerine getirmeye devam etti\u011fi ve rekabet savunuculu\u011fu faaliyetlerini aksatmadan y\u00fcr\u00fctt\u00fc\u011f\u00fc belirtilmi\u015ftir. Bunun yan\u0131 s\u0131ra, 2022 y\u0131l\u0131nda da kurumsal kapasitenin geli\u015ftirilmesi Kurum\u2019un \u00f6ncelikli hedeflerinden biri olmaya devam etmi\u015f, ge\u00e7mi\u015f tecr\u00fcbelerden yola \u00e7\u0131k\u0131larak gelecekteki uygulamalarda daha iyi sonu\u00e7lar elde edilmesini teminen kurumsal bir \u00f6z de\u011ferlendirme yap\u0131lmas\u0131na \u00f6nem verildi\u011finin alt\u0131 \u00e7izilmi\u015ftir. Kurum, \u00f6nceki y\u0131llarda oldu\u011fu gibi, 2022 y\u0131l\u0131nda da ulusal ve uluslararas\u0131 piyasalardaki geli\u015fmeler, ilgili literat\u00fcr ve di\u011fer \u00fclke uygulamalar\u0131 yak\u0131ndan izlenmeye devam edilece\u011fini de belirtmi\u015ftir. Bu t\u00fcr \u00e7al\u0131\u015fmalardan elde edilen birikimler ve 2019-2023 d\u00f6nemine ili\u015fkin Stratejik Plan \u00e7er\u00e7evesinde, Kurum, \u00f6n\u00fcm\u00fczdeki d\u00f6nemde de misyonunu en iyi \u015fekilde ger\u00e7ekle\u015ftirmek ve vizyonuna ula\u015fmak ad\u0131na faaliyetlerine devam edece\u011fini vurgulam\u0131\u015ft\u0131r.<\/p>\n","protected":false},"excerpt":{"rendered":"<p>Yeni Geli\u015fme Rekabet Kurumu (\u201cKurum\u201c) 2022 Y\u0131ll\u0131k Raporu\u2019nu (\u201cRapor\u201c) 23 A\u011fustos 2023 tarihinde resmi internet sitesinde yay\u0131mlad\u0131. Rapor, Kurum\u2019un 2022 [&hellip;]<\/p>\n","protected":false},"author":4,"featured_media":0,"comment_status":"closed","ping_status":"closed","sticky":false,"template":"","format":"standard","meta":{"_acf_changed":false,"_stopmodifiedupdate":false,"_modified_date":"","footnotes":""},"categories":[120],"tags":[108],"class_list":["post-26484","post","type-post","status-publish","format-standard","hentry","category-legal-alerts","tag-competition-tr"],"acf":[],"yoast_head":"<!-- This site is optimized with the Yoast SEO plugin v24.0 - https:\/\/yoast.com\/wordpress\/plugins\/seo\/ -->\n<title>Rekabet Kurumu 2022 Y\u0131l\u0131na \u0130li\u015fkin Y\u0131ll\u0131k Raporunu Yay\u0131mlad\u0131<\/title>\n<meta name=\"description\" content=\"Yeni Geli\u015fme Rekabet Kurumu (\u201cKurum\u201c) 2022 Y\u0131ll\u0131k Raporu\u2019nu (\u201cRapor\u201c) 23 A\u011fustos 2023 tarihinde resmi internet sitesinde yay\u0131mlad\u0131. Rapor, Kurum\u2019un 2022\" \/>\n<meta name=\"robots\" content=\"index, follow, max-snippet:-1, max-image-preview:large, max-video-preview:-1\" \/>\n<link rel=\"canonical\" href=\"https:\/\/www.esin.av.tr\/tr\/2023\/08\/25\/rekabet-kurumu-2022-yilina-iliskin-yillik-raporunu-yayimladi\/\" \/>\n<meta property=\"og:locale\" content=\"tr_TR\" \/>\n<meta property=\"og:type\" content=\"article\" \/>\n<meta property=\"og:title\" content=\"Rekabet Kurumu 2022 Y\u0131l\u0131na \u0130li\u015fkin Y\u0131ll\u0131k Raporunu Yay\u0131mlad\u0131\" \/>\n<meta property=\"og:description\" content=\"Yeni Geli\u015fme Rekabet Kurumu (\u201cKurum\u201c) 2022 Y\u0131ll\u0131k Raporu\u2019nu (\u201cRapor\u201c) 23 A\u011fustos 2023 tarihinde resmi internet sitesinde yay\u0131mlad\u0131. Rapor, Kurum\u2019un 2022\" \/>\n<meta property=\"og:url\" content=\"https:\/\/www.esin.av.tr\/tr\/2023\/08\/25\/rekabet-kurumu-2022-yilina-iliskin-yillik-raporunu-yayimladi\/\" \/>\n<meta property=\"og:site_name\" content=\"Esin Avukatl\u0131k Ortakl\u0131\u011f\u0131\" \/>\n<meta property=\"article:published_time\" content=\"2023-08-25T11:19:12+00:00\" \/>\n<meta name=\"author\" content=\"R\u0131dvan Konrat\" \/>\n<meta name=\"twitter:card\" content=\"summary_large_image\" \/>\n<meta name=\"twitter:label1\" content=\"Written by\" \/>\n\t<meta name=\"twitter:data1\" content=\"R\u0131dvan Konrat\" \/>\n\t<meta name=\"twitter:label2\" content=\"Est. reading time\" \/>\n\t<meta name=\"twitter:data2\" content=\"7 minutes\" \/>\n<script type=\"application\/ld+json\" class=\"yoast-schema-graph\">{\"@context\":\"https:\/\/schema.org\",\"@graph\":[{\"@type\":\"Article\",\"@id\":\"https:\/\/www.esin.av.tr\/tr\/2023\/08\/25\/rekabet-kurumu-2022-yilina-iliskin-yillik-raporunu-yayimladi\/#article\",\"isPartOf\":{\"@id\":\"https:\/\/www.esin.av.tr\/tr\/2023\/08\/25\/rekabet-kurumu-2022-yilina-iliskin-yillik-raporunu-yayimladi\/\"},\"author\":{\"name\":\"R\u0131dvan Konrat\",\"@id\":\"https:\/\/www.esin.av.tr\/tr\/#\/schema\/person\/42c8e616aab56b8622fa365ad63282ae\"},\"headline\":\"Rekabet Kurumu 2022 Y\u0131l\u0131na \u0130li\u015fkin Y\u0131ll\u0131k Raporunu Yay\u0131mlad\u0131\",\"datePublished\":\"2023-08-25T11:19:12+00:00\",\"dateModified\":\"2023-08-25T11:19:12+00:00\",\"mainEntityOfPage\":{\"@id\":\"https:\/\/www.esin.av.tr\/tr\/2023\/08\/25\/rekabet-kurumu-2022-yilina-iliskin-yillik-raporunu-yayimladi\/\"},\"wordCount\":1506,\"publisher\":{\"@id\":\"https:\/\/www.esin.av.tr\/tr\/#organization\"},\"keywords\":[\"Rekabet Hukuku\"],\"articleSection\":[\"Hukuk B\u00fcltenleri\"],\"inLanguage\":\"tr\"},{\"@type\":\"WebPage\",\"@id\":\"https:\/\/www.esin.av.tr\/tr\/2023\/08\/25\/rekabet-kurumu-2022-yilina-iliskin-yillik-raporunu-yayimladi\/\",\"url\":\"https:\/\/www.esin.av.tr\/tr\/2023\/08\/25\/rekabet-kurumu-2022-yilina-iliskin-yillik-raporunu-yayimladi\/\",\"name\":\"Rekabet Kurumu 2022 Y\u0131l\u0131na \u0130li\u015fkin Y\u0131ll\u0131k Raporunu Yay\u0131mlad\u0131\",\"isPartOf\":{\"@id\":\"https:\/\/www.esin.av.tr\/tr\/#website\"},\"datePublished\":\"2023-08-25T11:19:12+00:00\",\"dateModified\":\"2023-08-25T11:19:12+00:00\",\"description\":\"Yeni Geli\u015fme Rekabet Kurumu (\u201cKurum\u201c) 2022 Y\u0131ll\u0131k Raporu\u2019nu (\u201cRapor\u201c) 23 A\u011fustos 2023 tarihinde resmi internet sitesinde yay\u0131mlad\u0131. Rapor, Kurum\u2019un 2022\",\"breadcrumb\":{\"@id\":\"https:\/\/www.esin.av.tr\/tr\/2023\/08\/25\/rekabet-kurumu-2022-yilina-iliskin-yillik-raporunu-yayimladi\/#breadcrumb\"},\"inLanguage\":\"tr\",\"potentialAction\":[{\"@type\":\"ReadAction\",\"target\":[\"https:\/\/www.esin.av.tr\/tr\/2023\/08\/25\/rekabet-kurumu-2022-yilina-iliskin-yillik-raporunu-yayimladi\/\"]}]},{\"@type\":\"BreadcrumbList\",\"@id\":\"https:\/\/www.esin.av.tr\/tr\/2023\/08\/25\/rekabet-kurumu-2022-yilina-iliskin-yillik-raporunu-yayimladi\/#breadcrumb\",\"itemListElement\":[{\"@type\":\"ListItem\",\"position\":1,\"name\":\"Home\",\"item\":\"https:\/\/www.esin.av.tr\/tr\/\"},{\"@type\":\"ListItem\",\"position\":2,\"name\":\"Rekabet Kurumu 2022 Y\u0131l\u0131na \u0130li\u015fkin Y\u0131ll\u0131k Raporunu Yay\u0131mlad\u0131\"}]},{\"@type\":\"WebSite\",\"@id\":\"https:\/\/www.esin.av.tr\/tr\/#website\",\"url\":\"https:\/\/www.esin.av.tr\/tr\/\",\"name\":\"Esin Avukatl\u0131k Ortakl\u0131\u011f\u0131\",\"description\":\"\",\"publisher\":{\"@id\":\"https:\/\/www.esin.av.tr\/tr\/#organization\"},\"potentialAction\":[{\"@type\":\"SearchAction\",\"target\":{\"@type\":\"EntryPoint\",\"urlTemplate\":\"https:\/\/www.esin.av.tr\/tr\/?s={search_term_string}\"},\"query-input\":{\"@type\":\"PropertyValueSpecification\",\"valueRequired\":true,\"valueName\":\"search_term_string\"}}],\"inLanguage\":\"tr\"},{\"@type\":\"Organization\",\"@id\":\"https:\/\/www.esin.av.tr\/tr\/#organization\",\"name\":\"Esin Avukatl\u0131k Ortakl\u0131\u011f\u0131\",\"url\":\"https:\/\/www.esin.av.tr\/tr\/\",\"logo\":{\"@type\":\"ImageObject\",\"inLanguage\":\"tr\",\"@id\":\"https:\/\/www.esin.av.tr\/tr\/#\/schema\/logo\/image\/\",\"url\":\"https:\/\/www.esin.av.tr\/wp-content\/uploads\/2021\/09\/esin-2.jpg\",\"contentUrl\":\"https:\/\/www.esin.av.tr\/wp-content\/uploads\/2021\/09\/esin-2.jpg\",\"width\":800,\"height\":460,\"caption\":\"Esin Avukatl\u0131k Ortakl\u0131\u011f\u0131\"},\"image\":{\"@id\":\"https:\/\/www.esin.av.tr\/tr\/#\/schema\/logo\/image\/\"}},{\"@type\":\"Person\",\"@id\":\"https:\/\/www.esin.av.tr\/tr\/#\/schema\/person\/42c8e616aab56b8622fa365ad63282ae\",\"name\":\"R\u0131dvan Konrat\",\"image\":{\"@type\":\"ImageObject\",\"inLanguage\":\"tr\",\"@id\":\"https:\/\/www.esin.av.tr\/tr\/#\/schema\/person\/image\/\",\"url\":\"https:\/\/secure.gravatar.com\/avatar\/b20c6c583be38ed4e76e32f69fccc676?s=96&d=mm&r=g\",\"contentUrl\":\"https:\/\/secure.gravatar.com\/avatar\/b20c6c583be38ed4e76e32f69fccc676?s=96&d=mm&r=g\",\"caption\":\"R\u0131dvan Konrat\"},\"sameAs\":[\"http:\/\/www.esin.av.tr\"],\"url\":\"https:\/\/www.esin.av.tr\/tr\/author\/rkonrat\/\"}]}<\/script>\n<!-- \/ Yoast SEO plugin. -->","yoast_head_json":{"title":"Rekabet Kurumu 2022 Y\u0131l\u0131na \u0130li\u015fkin Y\u0131ll\u0131k Raporunu Yay\u0131mlad\u0131","description":"Yeni Geli\u015fme Rekabet Kurumu (\u201cKurum\u201c) 2022 Y\u0131ll\u0131k Raporu\u2019nu (\u201cRapor\u201c) 23 A\u011fustos 2023 tarihinde resmi internet sitesinde yay\u0131mlad\u0131. Rapor, Kurum\u2019un 2022","robots":{"index":"index","follow":"follow","max-snippet":"max-snippet:-1","max-image-preview":"max-image-preview:large","max-video-preview":"max-video-preview:-1"},"canonical":"https:\/\/www.esin.av.tr\/tr\/2023\/08\/25\/rekabet-kurumu-2022-yilina-iliskin-yillik-raporunu-yayimladi\/","og_locale":"tr_TR","og_type":"article","og_title":"Rekabet Kurumu 2022 Y\u0131l\u0131na \u0130li\u015fkin Y\u0131ll\u0131k Raporunu Yay\u0131mlad\u0131","og_description":"Yeni Geli\u015fme Rekabet Kurumu (\u201cKurum\u201c) 2022 Y\u0131ll\u0131k Raporu\u2019nu (\u201cRapor\u201c) 23 A\u011fustos 2023 tarihinde resmi internet sitesinde yay\u0131mlad\u0131. Rapor, Kurum\u2019un 2022","og_url":"https:\/\/www.esin.av.tr\/tr\/2023\/08\/25\/rekabet-kurumu-2022-yilina-iliskin-yillik-raporunu-yayimladi\/","og_site_name":"Esin Avukatl\u0131k Ortakl\u0131\u011f\u0131","article_published_time":"2023-08-25T11:19:12+00:00","author":"R\u0131dvan Konrat","twitter_card":"summary_large_image","twitter_misc":{"Written by":"R\u0131dvan Konrat","Est. reading time":"7 minutes"},"schema":{"@context":"https:\/\/schema.org","@graph":[{"@type":"Article","@id":"https:\/\/www.esin.av.tr\/tr\/2023\/08\/25\/rekabet-kurumu-2022-yilina-iliskin-yillik-raporunu-yayimladi\/#article","isPartOf":{"@id":"https:\/\/www.esin.av.tr\/tr\/2023\/08\/25\/rekabet-kurumu-2022-yilina-iliskin-yillik-raporunu-yayimladi\/"},"author":{"name":"R\u0131dvan Konrat","@id":"https:\/\/www.esin.av.tr\/tr\/#\/schema\/person\/42c8e616aab56b8622fa365ad63282ae"},"headline":"Rekabet Kurumu 2022 Y\u0131l\u0131na \u0130li\u015fkin Y\u0131ll\u0131k Raporunu Yay\u0131mlad\u0131","datePublished":"2023-08-25T11:19:12+00:00","dateModified":"2023-08-25T11:19:12+00:00","mainEntityOfPage":{"@id":"https:\/\/www.esin.av.tr\/tr\/2023\/08\/25\/rekabet-kurumu-2022-yilina-iliskin-yillik-raporunu-yayimladi\/"},"wordCount":1506,"publisher":{"@id":"https:\/\/www.esin.av.tr\/tr\/#organization"},"keywords":["Rekabet Hukuku"],"articleSection":["Hukuk B\u00fcltenleri"],"inLanguage":"tr"},{"@type":"WebPage","@id":"https:\/\/www.esin.av.tr\/tr\/2023\/08\/25\/rekabet-kurumu-2022-yilina-iliskin-yillik-raporunu-yayimladi\/","url":"https:\/\/www.esin.av.tr\/tr\/2023\/08\/25\/rekabet-kurumu-2022-yilina-iliskin-yillik-raporunu-yayimladi\/","name":"Rekabet Kurumu 2022 Y\u0131l\u0131na \u0130li\u015fkin Y\u0131ll\u0131k Raporunu Yay\u0131mlad\u0131","isPartOf":{"@id":"https:\/\/www.esin.av.tr\/tr\/#website"},"datePublished":"2023-08-25T11:19:12+00:00","dateModified":"2023-08-25T11:19:12+00:00","description":"Yeni Geli\u015fme Rekabet Kurumu (\u201cKurum\u201c) 2022 Y\u0131ll\u0131k Raporu\u2019nu (\u201cRapor\u201c) 23 A\u011fustos 2023 tarihinde resmi internet sitesinde yay\u0131mlad\u0131. Rapor, Kurum\u2019un 2022","breadcrumb":{"@id":"https:\/\/www.esin.av.tr\/tr\/2023\/08\/25\/rekabet-kurumu-2022-yilina-iliskin-yillik-raporunu-yayimladi\/#breadcrumb"},"inLanguage":"tr","potentialAction":[{"@type":"ReadAction","target":["https:\/\/www.esin.av.tr\/tr\/2023\/08\/25\/rekabet-kurumu-2022-yilina-iliskin-yillik-raporunu-yayimladi\/"]}]},{"@type":"BreadcrumbList","@id":"https:\/\/www.esin.av.tr\/tr\/2023\/08\/25\/rekabet-kurumu-2022-yilina-iliskin-yillik-raporunu-yayimladi\/#breadcrumb","itemListElement":[{"@type":"ListItem","position":1,"name":"Home","item":"https:\/\/www.esin.av.tr\/tr\/"},{"@type":"ListItem","position":2,"name":"Rekabet Kurumu 2022 Y\u0131l\u0131na \u0130li\u015fkin Y\u0131ll\u0131k Raporunu Yay\u0131mlad\u0131"}]},{"@type":"WebSite","@id":"https:\/\/www.esin.av.tr\/tr\/#website","url":"https:\/\/www.esin.av.tr\/tr\/","name":"Esin Avukatl\u0131k Ortakl\u0131\u011f\u0131","description":"","publisher":{"@id":"https:\/\/www.esin.av.tr\/tr\/#organization"},"potentialAction":[{"@type":"SearchAction","target":{"@type":"EntryPoint","urlTemplate":"https:\/\/www.esin.av.tr\/tr\/?s={search_term_string}"},"query-input":{"@type":"PropertyValueSpecification","valueRequired":true,"valueName":"search_term_string"}}],"inLanguage":"tr"},{"@type":"Organization","@id":"https:\/\/www.esin.av.tr\/tr\/#organization","name":"Esin Avukatl\u0131k Ortakl\u0131\u011f\u0131","url":"https:\/\/www.esin.av.tr\/tr\/","logo":{"@type":"ImageObject","inLanguage":"tr","@id":"https:\/\/www.esin.av.tr\/tr\/#\/schema\/logo\/image\/","url":"https:\/\/www.esin.av.tr\/wp-content\/uploads\/2021\/09\/esin-2.jpg","contentUrl":"https:\/\/www.esin.av.tr\/wp-content\/uploads\/2021\/09\/esin-2.jpg","width":800,"height":460,"caption":"Esin Avukatl\u0131k Ortakl\u0131\u011f\u0131"},"image":{"@id":"https:\/\/www.esin.av.tr\/tr\/#\/schema\/logo\/image\/"}},{"@type":"Person","@id":"https:\/\/www.esin.av.tr\/tr\/#\/schema\/person\/42c8e616aab56b8622fa365ad63282ae","name":"R\u0131dvan Konrat","image":{"@type":"ImageObject","inLanguage":"tr","@id":"https:\/\/www.esin.av.tr\/tr\/#\/schema\/person\/image\/","url":"https:\/\/secure.gravatar.com\/avatar\/b20c6c583be38ed4e76e32f69fccc676?s=96&d=mm&r=g","contentUrl":"https:\/\/secure.gravatar.com\/avatar\/b20c6c583be38ed4e76e32f69fccc676?s=96&d=mm&r=g","caption":"R\u0131dvan Konrat"},"sameAs":["http:\/\/www.esin.av.tr"],"url":"https:\/\/www.esin.av.tr\/tr\/author\/rkonrat\/"}]}},"_links":{"self":[{"href":"https:\/\/www.esin.av.tr\/tr\/wp-json\/wp\/v2\/posts\/26484","targetHints":{"allow":["GET"]}}],"collection":[{"href":"https:\/\/www.esin.av.tr\/tr\/wp-json\/wp\/v2\/posts"}],"about":[{"href":"https:\/\/www.esin.av.tr\/tr\/wp-json\/wp\/v2\/types\/post"}],"author":[{"embeddable":true,"href":"https:\/\/www.esin.av.tr\/tr\/wp-json\/wp\/v2\/users\/4"}],"replies":[{"embeddable":true,"href":"https:\/\/www.esin.av.tr\/tr\/wp-json\/wp\/v2\/comments?post=26484"}],"version-history":[{"count":1,"href":"https:\/\/www.esin.av.tr\/tr\/wp-json\/wp\/v2\/posts\/26484\/revisions"}],"predecessor-version":[{"id":26485,"href":"https:\/\/www.esin.av.tr\/tr\/wp-json\/wp\/v2\/posts\/26484\/revisions\/26485"}],"wp:attachment":[{"href":"https:\/\/www.esin.av.tr\/tr\/wp-json\/wp\/v2\/media?parent=26484"}],"wp:term":[{"taxonomy":"category","embeddable":true,"href":"https:\/\/www.esin.av.tr\/tr\/wp-json\/wp\/v2\/categories?post=26484"},{"taxonomy":"post_tag","embeddable":true,"href":"https:\/\/www.esin.av.tr\/tr\/wp-json\/wp\/v2\/tags?post=26484"}],"curies":[{"name":"wp","href":"https:\/\/api.w.org\/{rel}","templated":true}]}}