{"id":26441,"date":"2023-08-03T07:08:22","date_gmt":"2023-08-03T07:08:22","guid":{"rendered":"https:\/\/www.esin.av.tr\/?p=26441"},"modified":"2023-08-03T07:08:22","modified_gmt":"2023-08-03T07:08:22","slug":"kisa-calisma-odenegi-sureleri-uzatildi","status":"publish","type":"post","link":"https:\/\/www.esin.av.tr\/tr\/2023\/08\/03\/kisa-calisma-odenegi-sureleri-uzatildi\/","title":{"rendered":"K\u0131sa \u00c7al\u0131\u015fma \u00d6dene\u011fi S\u00fcreleri Uzat\u0131ld\u0131"},"content":{"rendered":"<h3><strong>Yeni geli\u015fme<\/strong><\/h3>\n<p>6 \u015eubat 2023 tarihinde ve sonras\u0131nda meydana gelen Kahramanmara\u015f merkezli depremler kapsam\u0131nda, 22 \u015eubat 2023 tarihli, 32112 say\u0131l\u0131 Resmi Gazete\u2019de yay\u0131mlanan 125 say\u0131l\u0131 Ola\u011fan\u00fcst\u00fc Hal Kapsam\u0131nda \u00c7al\u0131\u015fma ve Sosyal G\u00fcvenlik Alan\u0131na \u0130li\u015fkin Al\u0131nan Tedbirlere Dair Cumhurba\u015fkanl\u0131\u011f\u0131 Kararnamesi (<strong>\u201cKararname\u201d<\/strong>) ile k\u0131sa \u00e7al\u0131\u015fmaya y\u00f6nelik ba\u015fvurularda kolayl\u0131k sa\u011flanm\u0131\u015ft\u0131. Bu kapsamda, meydana gelen depremlerin etkilerinden kaynakl\u0131 olarak ya\u015fanan b\u00f6lgesel kriz gerek\u00e7esiyle, T\u00fcrkiye \u0130\u015f Kurumu\u2019na yap\u0131lan k\u0131sa \u00e7al\u0131\u015fma ba\u015fvurular\u0131 i\u00e7in i\u015fverenlerin ba\u015fvurusu do\u011frultusunda k\u0131sa \u00e7al\u0131\u015fma \u00f6dene\u011fi verilece\u011fi d\u00fczenlenmi\u015fti. Konuya ili\u015fkin 24 \u015eubat 2023 tarihli b\u00fcltenimize <a href=\"https:\/\/urldefense.com\/v3\/__https:\/esinxchange.com\/collect\/click.aspx?u=bnJiaXBqcTNwRks4dzlma0svVjRDUkxxeXZqb2xuZ1RUbFZJSlZTVVJpRTRDRFZtR1JidzFQc010WWE2N0ROVS82VXhVY2FOamhkdEFYR2ltZENqalBKRVJmQmdDT0RJT2Fpc2dUMHJOTmdMdDlnNVZzSkp2ZXBRdC92QVltWTF3VUJ5N1J3TDFiOGx6ZWl2M0VVQWNDeTB5enJXdTlyV1pYOHpLQVI4Y0RSbFFMS3pIZVJ1TEJDSHEvMWF3dU1vQVpodHJPd255ZHM9&amp;rh=ff00b1afcffb6bb128fb4d2f12439fa478d974de__;!!Hj9Y_P0nvg!UPtLEvwv9Wu2GpmfKot-OcIp8i8aZMLT4doKU3TcBu6hadBkVhYANS9ts6qZVsyasnl5tRRASgWpJ18uF_doiqEX_gTRgw$\">buradan<\/a> ula\u015fabilirsiniz.<\/p>\n<p>29 Temmuz 2023 tarihli ve 32263 say\u0131l\u0131 Resmi Gazete\u2019de yay\u0131mlanan 7410 say\u0131l\u0131 Cumhurba\u015fkan\u0131 Karar\u0131 (\u201c<strong>Karar<\/strong>\u201d) ile bu kapsamdaki k\u0131sa \u00e7al\u0131\u015fma \u00f6dene\u011fi s\u00fcreleri yeni bir uygunluk tespiti yap\u0131lmas\u0131na gerek olmaks\u0131z\u0131n 7 A\u011fustos 2023 tarihine kadar uzat\u0131lm\u0131\u015ft\u0131r.<\/p>\n<h3><strong>Karar neler getirmektedir?<\/strong><\/h3>\n<p>Meydana gelen depremlerin etkilerinden kaynakl\u0131 olarak ya\u015fanan b\u00f6lgesel kriz gerek\u00e7esiyle 8 May\u0131s 2023 tarihine kadar (bu tarih d\u00e2hil) k\u0131sa \u00e7al\u0131\u015fma ba\u015fvurusunda bulunmu\u015f olan i\u015fyerleri i\u00e7in k\u0131sa \u00e7al\u0131\u015fma \u00f6dene\u011fi s\u00fcresi, i\u015fverenlerin ba\u015fvurmas\u0131 ko\u015fuluyla ve \u00f6ncesinde k\u0131sa \u00e7al\u0131\u015fmadan yararlanan ayn\u0131 \u00e7al\u0131\u015fanlar i\u00e7in ve ayn\u0131 \u015fartlar\u0131 ta\u015f\u0131mak kayd\u0131yla, yeni bir uygunluk tespiti yap\u0131lmas\u0131na gerek bulunmaks\u0131z\u0131n 7 A\u011fustos 2023 tarihine kadar uzat\u0131lm\u0131\u015ft\u0131r. Bu kapsamda yeni uzatma s\u00fcresinin ba\u015flang\u0131\u00e7 tarihi a\u015fa\u011f\u0131daki \u015fekilde olacakt\u0131r:<\/p>\n<ul>\n<li>8 May\u0131s 2023 tarihi ve \u00f6ncesinde k\u0131sa \u00e7al\u0131\u015fma uygulamas\u0131 biten i\u015fyerleri bak\u0131m\u0131ndan uzatma s\u00fcresi 9 May\u0131s 2023 tarihinden itibaren (bu tarih d\u00e2hil) ba\u015flayacakt\u0131r.<\/li>\n<li>8 May\u0131s 2023 tarihinden sonra k\u0131sa \u00e7al\u0131\u015fma uygulamas\u0131 biten i\u015fyerleri bak\u0131m\u0131ndan ise uzatma s\u00fcresi k\u0131sa \u00e7al\u0131\u015fma biti\u015f tarihini izleyen tarihten itibaren (bu tarih d\u00e2hil) ba\u015flayacakt\u0131r.<\/li>\n<\/ul>\n<h3><strong>Sonu\u00e7<\/strong><\/h3>\n<p>\u00dclkemizde 6 \u015eubat 2023 ve sonras\u0131nda meydana gelen depremlerin \u00e7al\u0131\u015fma hayat\u0131 \u00fczerindeki etkileri devam etmektedir. \u0130\u015fverenlerin bu kapsamdaki t\u00fcm hukuki de\u011fi\u015fiklikleri yak\u0131ndan takip etmelerini tavsiye ederiz.<\/p>\n","protected":false},"excerpt":{"rendered":"<p>Yeni geli\u015fme 6 \u015eubat 2023 tarihinde ve sonras\u0131nda meydana gelen Kahramanmara\u015f merkezli depremler kapsam\u0131nda, 22 \u015eubat 2023 tarihli, 32112 say\u0131l\u0131 [&hellip;]<\/p>\n","protected":false},"author":4,"featured_media":0,"comment_status":"closed","ping_status":"closed","sticky":false,"template":"","format":"standard","meta":{"_acf_changed":false,"_stopmodifiedupdate":false,"_modified_date":"","footnotes":""},"categories":[120],"tags":[101],"class_list":["post-26441","post","type-post","status-publish","format-standard","hentry","category-legal-alerts","tag-employment-tr"],"acf":[],"yoast_head":"<!-- This site is optimized with the Yoast SEO plugin v24.0 - https:\/\/yoast.com\/wordpress\/plugins\/seo\/ -->\n<title>K\u0131sa \u00c7al\u0131\u015fma \u00d6dene\u011fi S\u00fcreleri Uzat\u0131ld\u0131<\/title>\n<meta name=\"description\" content=\"Yeni geli\u015fme 6 \u015eubat 2023 tarihinde ve sonras\u0131nda meydana gelen Kahramanmara\u015f merkezli depremler kapsam\u0131nda, 22 \u015eubat 2023 tarihli, 32112 say\u0131l\u0131 Resmi\" \/>\n<meta name=\"robots\" content=\"index, follow, max-snippet:-1, max-image-preview:large, max-video-preview:-1\" \/>\n<link rel=\"canonical\" href=\"https:\/\/www.esin.av.tr\/tr\/2023\/08\/03\/kisa-calisma-odenegi-sureleri-uzatildi\/\" \/>\n<meta property=\"og:locale\" content=\"tr_TR\" \/>\n<meta property=\"og:type\" content=\"article\" \/>\n<meta property=\"og:title\" content=\"K\u0131sa \u00c7al\u0131\u015fma \u00d6dene\u011fi S\u00fcreleri Uzat\u0131ld\u0131\" \/>\n<meta property=\"og:description\" content=\"Yeni geli\u015fme 6 \u015eubat 2023 tarihinde ve sonras\u0131nda meydana gelen Kahramanmara\u015f merkezli depremler kapsam\u0131nda, 22 \u015eubat 2023 tarihli, 32112 say\u0131l\u0131 Resmi\" \/>\n<meta property=\"og:url\" content=\"https:\/\/www.esin.av.tr\/tr\/2023\/08\/03\/kisa-calisma-odenegi-sureleri-uzatildi\/\" \/>\n<meta property=\"og:site_name\" content=\"Esin Avukatl\u0131k Ortakl\u0131\u011f\u0131\" \/>\n<meta property=\"article:published_time\" content=\"2023-08-03T07:08:22+00:00\" \/>\n<meta name=\"author\" content=\"R\u0131dvan Konrat\" \/>\n<meta name=\"twitter:card\" content=\"summary_large_image\" \/>\n<meta name=\"twitter:label1\" content=\"Written by\" \/>\n\t<meta name=\"twitter:data1\" content=\"R\u0131dvan Konrat\" \/>\n\t<meta name=\"twitter:label2\" content=\"Est. reading time\" \/>\n\t<meta name=\"twitter:data2\" content=\"2 minutes\" \/>\n<script type=\"application\/ld+json\" class=\"yoast-schema-graph\">{\"@context\":\"https:\/\/schema.org\",\"@graph\":[{\"@type\":\"Article\",\"@id\":\"https:\/\/www.esin.av.tr\/tr\/2023\/08\/03\/kisa-calisma-odenegi-sureleri-uzatildi\/#article\",\"isPartOf\":{\"@id\":\"https:\/\/www.esin.av.tr\/tr\/2023\/08\/03\/kisa-calisma-odenegi-sureleri-uzatildi\/\"},\"author\":{\"name\":\"R\u0131dvan Konrat\",\"@id\":\"https:\/\/www.esin.av.tr\/tr\/#\/schema\/person\/42c8e616aab56b8622fa365ad63282ae\"},\"headline\":\"K\u0131sa \u00c7al\u0131\u015fma \u00d6dene\u011fi S\u00fcreleri Uzat\u0131ld\u0131\",\"datePublished\":\"2023-08-03T07:08:22+00:00\",\"dateModified\":\"2023-08-03T07:08:22+00:00\",\"mainEntityOfPage\":{\"@id\":\"https:\/\/www.esin.av.tr\/tr\/2023\/08\/03\/kisa-calisma-odenegi-sureleri-uzatildi\/\"},\"wordCount\":375,\"publisher\":{\"@id\":\"https:\/\/www.esin.av.tr\/tr\/#organization\"},\"keywords\":[\"\u0130\u015f Hukuku\"],\"articleSection\":[\"Hukuk B\u00fcltenleri\"],\"inLanguage\":\"tr\"},{\"@type\":\"WebPage\",\"@id\":\"https:\/\/www.esin.av.tr\/tr\/2023\/08\/03\/kisa-calisma-odenegi-sureleri-uzatildi\/\",\"url\":\"https:\/\/www.esin.av.tr\/tr\/2023\/08\/03\/kisa-calisma-odenegi-sureleri-uzatildi\/\",\"name\":\"K\u0131sa \u00c7al\u0131\u015fma \u00d6dene\u011fi S\u00fcreleri Uzat\u0131ld\u0131\",\"isPartOf\":{\"@id\":\"https:\/\/www.esin.av.tr\/tr\/#website\"},\"datePublished\":\"2023-08-03T07:08:22+00:00\",\"dateModified\":\"2023-08-03T07:08:22+00:00\",\"description\":\"Yeni geli\u015fme 6 \u015eubat 2023 tarihinde ve sonras\u0131nda meydana gelen Kahramanmara\u015f merkezli depremler kapsam\u0131nda, 22 \u015eubat 2023 tarihli, 32112 say\u0131l\u0131 Resmi\",\"breadcrumb\":{\"@id\":\"https:\/\/www.esin.av.tr\/tr\/2023\/08\/03\/kisa-calisma-odenegi-sureleri-uzatildi\/#breadcrumb\"},\"inLanguage\":\"tr\",\"potentialAction\":[{\"@type\":\"ReadAction\",\"target\":[\"https:\/\/www.esin.av.tr\/tr\/2023\/08\/03\/kisa-calisma-odenegi-sureleri-uzatildi\/\"]}]},{\"@type\":\"BreadcrumbList\",\"@id\":\"https:\/\/www.esin.av.tr\/tr\/2023\/08\/03\/kisa-calisma-odenegi-sureleri-uzatildi\/#breadcrumb\",\"itemListElement\":[{\"@type\":\"ListItem\",\"position\":1,\"name\":\"Home\",\"item\":\"https:\/\/www.esin.av.tr\/tr\/\"},{\"@type\":\"ListItem\",\"position\":2,\"name\":\"K\u0131sa \u00c7al\u0131\u015fma \u00d6dene\u011fi S\u00fcreleri Uzat\u0131ld\u0131\"}]},{\"@type\":\"WebSite\",\"@id\":\"https:\/\/www.esin.av.tr\/tr\/#website\",\"url\":\"https:\/\/www.esin.av.tr\/tr\/\",\"name\":\"Esin Avukatl\u0131k Ortakl\u0131\u011f\u0131\",\"description\":\"\",\"publisher\":{\"@id\":\"https:\/\/www.esin.av.tr\/tr\/#organization\"},\"potentialAction\":[{\"@type\":\"SearchAction\",\"target\":{\"@type\":\"EntryPoint\",\"urlTemplate\":\"https:\/\/www.esin.av.tr\/tr\/?s={search_term_string}\"},\"query-input\":{\"@type\":\"PropertyValueSpecification\",\"valueRequired\":true,\"valueName\":\"search_term_string\"}}],\"inLanguage\":\"tr\"},{\"@type\":\"Organization\",\"@id\":\"https:\/\/www.esin.av.tr\/tr\/#organization\",\"name\":\"Esin Avukatl\u0131k Ortakl\u0131\u011f\u0131\",\"url\":\"https:\/\/www.esin.av.tr\/tr\/\",\"logo\":{\"@type\":\"ImageObject\",\"inLanguage\":\"tr\",\"@id\":\"https:\/\/www.esin.av.tr\/tr\/#\/schema\/logo\/image\/\",\"url\":\"https:\/\/www.esin.av.tr\/wp-content\/uploads\/2021\/09\/esin-2.jpg\",\"contentUrl\":\"https:\/\/www.esin.av.tr\/wp-content\/uploads\/2021\/09\/esin-2.jpg\",\"width\":800,\"height\":460,\"caption\":\"Esin Avukatl\u0131k Ortakl\u0131\u011f\u0131\"},\"image\":{\"@id\":\"https:\/\/www.esin.av.tr\/tr\/#\/schema\/logo\/image\/\"}},{\"@type\":\"Person\",\"@id\":\"https:\/\/www.esin.av.tr\/tr\/#\/schema\/person\/42c8e616aab56b8622fa365ad63282ae\",\"name\":\"R\u0131dvan Konrat\",\"image\":{\"@type\":\"ImageObject\",\"inLanguage\":\"tr\",\"@id\":\"https:\/\/www.esin.av.tr\/tr\/#\/schema\/person\/image\/\",\"url\":\"https:\/\/secure.gravatar.com\/avatar\/b20c6c583be38ed4e76e32f69fccc676?s=96&d=mm&r=g\",\"contentUrl\":\"https:\/\/secure.gravatar.com\/avatar\/b20c6c583be38ed4e76e32f69fccc676?s=96&d=mm&r=g\",\"caption\":\"R\u0131dvan Konrat\"},\"sameAs\":[\"http:\/\/www.esin.av.tr\"],\"url\":\"https:\/\/www.esin.av.tr\/tr\/author\/rkonrat\/\"}]}<\/script>\n<!-- \/ Yoast SEO plugin. -->","yoast_head_json":{"title":"K\u0131sa \u00c7al\u0131\u015fma \u00d6dene\u011fi S\u00fcreleri Uzat\u0131ld\u0131","description":"Yeni geli\u015fme 6 \u015eubat 2023 tarihinde ve sonras\u0131nda meydana gelen Kahramanmara\u015f merkezli depremler kapsam\u0131nda, 22 \u015eubat 2023 tarihli, 32112 say\u0131l\u0131 Resmi","robots":{"index":"index","follow":"follow","max-snippet":"max-snippet:-1","max-image-preview":"max-image-preview:large","max-video-preview":"max-video-preview:-1"},"canonical":"https:\/\/www.esin.av.tr\/tr\/2023\/08\/03\/kisa-calisma-odenegi-sureleri-uzatildi\/","og_locale":"tr_TR","og_type":"article","og_title":"K\u0131sa \u00c7al\u0131\u015fma \u00d6dene\u011fi S\u00fcreleri Uzat\u0131ld\u0131","og_description":"Yeni geli\u015fme 6 \u015eubat 2023 tarihinde ve sonras\u0131nda meydana gelen Kahramanmara\u015f merkezli depremler kapsam\u0131nda, 22 \u015eubat 2023 tarihli, 32112 say\u0131l\u0131 Resmi","og_url":"https:\/\/www.esin.av.tr\/tr\/2023\/08\/03\/kisa-calisma-odenegi-sureleri-uzatildi\/","og_site_name":"Esin Avukatl\u0131k Ortakl\u0131\u011f\u0131","article_published_time":"2023-08-03T07:08:22+00:00","author":"R\u0131dvan Konrat","twitter_card":"summary_large_image","twitter_misc":{"Written by":"R\u0131dvan Konrat","Est. reading time":"2 minutes"},"schema":{"@context":"https:\/\/schema.org","@graph":[{"@type":"Article","@id":"https:\/\/www.esin.av.tr\/tr\/2023\/08\/03\/kisa-calisma-odenegi-sureleri-uzatildi\/#article","isPartOf":{"@id":"https:\/\/www.esin.av.tr\/tr\/2023\/08\/03\/kisa-calisma-odenegi-sureleri-uzatildi\/"},"author":{"name":"R\u0131dvan Konrat","@id":"https:\/\/www.esin.av.tr\/tr\/#\/schema\/person\/42c8e616aab56b8622fa365ad63282ae"},"headline":"K\u0131sa \u00c7al\u0131\u015fma \u00d6dene\u011fi S\u00fcreleri Uzat\u0131ld\u0131","datePublished":"2023-08-03T07:08:22+00:00","dateModified":"2023-08-03T07:08:22+00:00","mainEntityOfPage":{"@id":"https:\/\/www.esin.av.tr\/tr\/2023\/08\/03\/kisa-calisma-odenegi-sureleri-uzatildi\/"},"wordCount":375,"publisher":{"@id":"https:\/\/www.esin.av.tr\/tr\/#organization"},"keywords":["\u0130\u015f Hukuku"],"articleSection":["Hukuk B\u00fcltenleri"],"inLanguage":"tr"},{"@type":"WebPage","@id":"https:\/\/www.esin.av.tr\/tr\/2023\/08\/03\/kisa-calisma-odenegi-sureleri-uzatildi\/","url":"https:\/\/www.esin.av.tr\/tr\/2023\/08\/03\/kisa-calisma-odenegi-sureleri-uzatildi\/","name":"K\u0131sa \u00c7al\u0131\u015fma \u00d6dene\u011fi S\u00fcreleri Uzat\u0131ld\u0131","isPartOf":{"@id":"https:\/\/www.esin.av.tr\/tr\/#website"},"datePublished":"2023-08-03T07:08:22+00:00","dateModified":"2023-08-03T07:08:22+00:00","description":"Yeni geli\u015fme 6 \u015eubat 2023 tarihinde ve sonras\u0131nda meydana gelen Kahramanmara\u015f merkezli depremler kapsam\u0131nda, 22 \u015eubat 2023 tarihli, 32112 say\u0131l\u0131 Resmi","breadcrumb":{"@id":"https:\/\/www.esin.av.tr\/tr\/2023\/08\/03\/kisa-calisma-odenegi-sureleri-uzatildi\/#breadcrumb"},"inLanguage":"tr","potentialAction":[{"@type":"ReadAction","target":["https:\/\/www.esin.av.tr\/tr\/2023\/08\/03\/kisa-calisma-odenegi-sureleri-uzatildi\/"]}]},{"@type":"BreadcrumbList","@id":"https:\/\/www.esin.av.tr\/tr\/2023\/08\/03\/kisa-calisma-odenegi-sureleri-uzatildi\/#breadcrumb","itemListElement":[{"@type":"ListItem","position":1,"name":"Home","item":"https:\/\/www.esin.av.tr\/tr\/"},{"@type":"ListItem","position":2,"name":"K\u0131sa \u00c7al\u0131\u015fma \u00d6dene\u011fi S\u00fcreleri Uzat\u0131ld\u0131"}]},{"@type":"WebSite","@id":"https:\/\/www.esin.av.tr\/tr\/#website","url":"https:\/\/www.esin.av.tr\/tr\/","name":"Esin Avukatl\u0131k Ortakl\u0131\u011f\u0131","description":"","publisher":{"@id":"https:\/\/www.esin.av.tr\/tr\/#organization"},"potentialAction":[{"@type":"SearchAction","target":{"@type":"EntryPoint","urlTemplate":"https:\/\/www.esin.av.tr\/tr\/?s={search_term_string}"},"query-input":{"@type":"PropertyValueSpecification","valueRequired":true,"valueName":"search_term_string"}}],"inLanguage":"tr"},{"@type":"Organization","@id":"https:\/\/www.esin.av.tr\/tr\/#organization","name":"Esin Avukatl\u0131k Ortakl\u0131\u011f\u0131","url":"https:\/\/www.esin.av.tr\/tr\/","logo":{"@type":"ImageObject","inLanguage":"tr","@id":"https:\/\/www.esin.av.tr\/tr\/#\/schema\/logo\/image\/","url":"https:\/\/www.esin.av.tr\/wp-content\/uploads\/2021\/09\/esin-2.jpg","contentUrl":"https:\/\/www.esin.av.tr\/wp-content\/uploads\/2021\/09\/esin-2.jpg","width":800,"height":460,"caption":"Esin Avukatl\u0131k Ortakl\u0131\u011f\u0131"},"image":{"@id":"https:\/\/www.esin.av.tr\/tr\/#\/schema\/logo\/image\/"}},{"@type":"Person","@id":"https:\/\/www.esin.av.tr\/tr\/#\/schema\/person\/42c8e616aab56b8622fa365ad63282ae","name":"R\u0131dvan Konrat","image":{"@type":"ImageObject","inLanguage":"tr","@id":"https:\/\/www.esin.av.tr\/tr\/#\/schema\/person\/image\/","url":"https:\/\/secure.gravatar.com\/avatar\/b20c6c583be38ed4e76e32f69fccc676?s=96&d=mm&r=g","contentUrl":"https:\/\/secure.gravatar.com\/avatar\/b20c6c583be38ed4e76e32f69fccc676?s=96&d=mm&r=g","caption":"R\u0131dvan Konrat"},"sameAs":["http:\/\/www.esin.av.tr"],"url":"https:\/\/www.esin.av.tr\/tr\/author\/rkonrat\/"}]}},"_links":{"self":[{"href":"https:\/\/www.esin.av.tr\/tr\/wp-json\/wp\/v2\/posts\/26441","targetHints":{"allow":["GET"]}}],"collection":[{"href":"https:\/\/www.esin.av.tr\/tr\/wp-json\/wp\/v2\/posts"}],"about":[{"href":"https:\/\/www.esin.av.tr\/tr\/wp-json\/wp\/v2\/types\/post"}],"author":[{"embeddable":true,"href":"https:\/\/www.esin.av.tr\/tr\/wp-json\/wp\/v2\/users\/4"}],"replies":[{"embeddable":true,"href":"https:\/\/www.esin.av.tr\/tr\/wp-json\/wp\/v2\/comments?post=26441"}],"version-history":[{"count":1,"href":"https:\/\/www.esin.av.tr\/tr\/wp-json\/wp\/v2\/posts\/26441\/revisions"}],"predecessor-version":[{"id":26442,"href":"https:\/\/www.esin.av.tr\/tr\/wp-json\/wp\/v2\/posts\/26441\/revisions\/26442"}],"wp:attachment":[{"href":"https:\/\/www.esin.av.tr\/tr\/wp-json\/wp\/v2\/media?parent=26441"}],"wp:term":[{"taxonomy":"category","embeddable":true,"href":"https:\/\/www.esin.av.tr\/tr\/wp-json\/wp\/v2\/categories?post=26441"},{"taxonomy":"post_tag","embeddable":true,"href":"https:\/\/www.esin.av.tr\/tr\/wp-json\/wp\/v2\/tags?post=26441"}],"curies":[{"name":"wp","href":"https:\/\/api.w.org\/{rel}","templated":true}]}}