{"id":26437,"date":"2023-08-02T13:39:03","date_gmt":"2023-08-02T13:39:03","guid":{"rendered":"https:\/\/www.esin.av.tr\/?p=26437"},"modified":"2023-08-02T13:39:03","modified_gmt":"2023-08-02T13:39:03","slug":"anayasa-mahkemesinden-onemli-iptal-karari","status":"publish","type":"post","link":"https:\/\/www.esin.av.tr\/tr\/2023\/08\/02\/anayasa-mahkemesinden-onemli-iptal-karari\/","title":{"rendered":"Anayasa Mahkemesi\u2019nden \u00f6nemli iptal karar\u0131"},"content":{"rendered":"<h3><strong>Yeni Geli\u015fme<\/strong><\/h3>\n<p>Anayasa Mahkemesi (\u201c<strong>AYM<\/strong>\u201d), 2022\/120 E., 2023\/107 K. say\u0131l\u0131 karar\u0131 (\u201c<strong>Karar<\/strong>\u201d) ile, h\u00fckm\u00fcn a\u00e7\u0131klanmas\u0131n\u0131n geri b\u0131rak\u0131lmas\u0131 (\u201c<strong>HAGB<\/strong>\u201d) kurumunu d\u00fczenleyen Ceza Muhakemesi Kanunu\u2019nun (CMK) 231. maddesinin 5 ila 14. f\u0131kralar\u0131n\u0131n iptaline karar vermi\u015ftir. Karar, 1 A\u011fustos 2024 tarihinde y\u00fcr\u00fcrl\u00fc\u011fe girecektir. 1 A\u011fustos 2023 tarihli Resmi Gazete\u2019de yay\u0131nlanan Karar\u2019a <a href=\"https:\/\/urldefense.com\/v3\/__https:\/esinxchange.com\/collect\/click.aspx?u=dmcrMGo4VGZpamkxUEtVaG9vQjNiQlFMRTZubXNtbDlFTGt3UjJaV2hDK09ETTJncXVxUUkyaExoaW53SnExM3lJYVdEcWUyb3l0SUJwVWRYWklHNVFVcmozS3M5RFhyd2NEZFl0MkZzcVJGcTFrcUdQVDBIY3g3OVp3b1lZbXQ=&amp;rh=ff00b196ffa45897da2eb4b3ab4b9a080a04fc70__;!!Hj9Y_P0nvg!XA1kx1SIaBMcb8Jnw28k5HLENHDc-v1O41CBSnVN_MDK9G8rXid2psrukL95zLu_eRhegma7aBQ4LBVgLmtDjIoK_g$\">buradan<\/a> ula\u015fabilirsiniz.<\/p>\n<h3><strong>H\u00fckm\u00fcn A\u00e7\u0131klanmas\u0131n\u0131n Geri B\u0131rak\u0131lmas\u0131 Kurumu<\/strong><\/h3>\n<p>HAGB, ceza davas\u0131nda yarg\u0131lanan san\u0131k hakk\u0131nda verilecek mahkumiyet h\u00fckm\u00fcn\u00fcn, cezan\u0131n belirli bir a\u011f\u0131rl\u0131\u011fa ula\u015fmam\u0131\u015f olmas\u0131 ve ilk defa su\u00e7 i\u015flenmi\u015f olmas\u0131 gibi belirli \u015fartlarla, san\u0131k h\u00fck\u00fcml\u00fc stat\u00fcs\u00fcne sokulmadan geri b\u0131rak\u0131lmas\u0131d\u0131r. Bu halde san\u0131\u011f\u0131n su\u00e7u i\u015fledi\u011fi sabittir ancak verilen ceza h\u00fckm\u00fc, kendisine ba\u011flanan hukuki sonu\u00e7lar\u0131 do\u011furmamaktad\u0131r. B\u00f6ylece failin ceza infaz kurumuna girmesinin de \u00f6n\u00fcne ge\u00e7ilmektedir.<\/p>\n<p>Mahkemenin HAGB karar\u0131 verebilmesi i\u00e7in:<\/p>\n<ul>\n<li>Yarg\u0131laman\u0131n tamamlanmas\u0131 ve h\u00fckmedilen cezan\u0131n iki y\u0131l veya daha az s\u00fcreli hapis veya adli para cezas\u0131 oldu\u011funun saptanmas\u0131,<\/li>\n<li>San\u0131\u011f\u0131n daha \u00f6nce kas\u0131tl\u0131 bir su\u00e7tan mahkum edilmemi\u015f olmas\u0131<\/li>\n<li>Su\u00e7un i\u015flenmesi sonucu ma\u011fdurun veya kamunun u\u011frad\u0131\u011f\u0131 zarar\u0131n giderilmesi<\/li>\n<\/ul>\n<p>gerekir.<\/p>\n<p>Yukar\u0131daki \u015fartlara ek olarak, san\u0131\u011f\u0131n, hakk\u0131nda HAGB karar\u0131 verilmesini kabul etmesi gerekmektedir. HAGB karar\u0131 verilmesi ile san\u0131k, be\u015f y\u0131ll\u0131k denetim s\u00fcresine tabi tutulmaktad\u0131r. Bu denetim s\u00fcresinde san\u0131k, kasten bir su\u00e7 i\u015flemedi\u011fi ve y\u00fck\u00fcml\u00fcl\u00fcklere uygun davrand\u0131\u011f\u0131 halde ceza h\u00fckm\u00fc ortadan kald\u0131r\u0131larak, davan\u0131n d\u00fc\u015fmesi karar\u0131 verilir. San\u0131\u011f\u0131n adli sicil kayd\u0131nda ise bu konuda herhangi bir kayda yer verilmez. Denetim s\u00fcresi i\u00e7inde kasten yeni bir su\u00e7 i\u015flenmesi halinde ise mahkeme a\u00e7\u0131klanmas\u0131n\u0131n ertelenmesine karar verdi\u011fi h\u00fckm\u00fc a\u00e7\u0131klar.<\/p>\n<h3><strong>Anayasa Mahkemesi\u2019nin \u0130ptal Gerek\u00e7eleri<\/strong><\/h3>\n<p>AYM, HAGB\u2019yi d\u00fczenleyen kanun d\u00fczenlemesini iptal etmi\u015ftir. \u0130lk olarak AYM, CMK m. 231\/12 uyar\u0131nca HAGB kararlar\u0131na kar\u015f\u0131 yaln\u0131zca itiraz kanun yolu kabul edilmesinin<a href=\"#_ftn1\">[1]<\/a> ve san\u0131\u011f\u0131n HAGB karar\u0131n\u0131 kabul etmekle istinaf kanun yoluna ba\u015fvurma hakk\u0131ndan feragat etmi\u015f say\u0131lmas\u0131n\u0131n san\u0131\u011fa a\u015f\u0131r\u0131 k\u00fclfet y\u00fckledi\u011fini ve san\u0131\u011f\u0131 pe\u015finen feragat etmeye zorlad\u0131\u011f\u0131n\u0131, bu sebeple feragat iradesinin Anayasa\u2019n\u0131n 36. maddesinde d\u00fczenlenen adil yarg\u0131lanma hakk\u0131na ayk\u0131r\u0131l\u0131k te\u015fkil etti\u011fini tespit etmi\u015ftir.<\/p>\n<p>AYM ayr\u0131ca, HAGB karar\u0131 verilirken ma\u011fdurun muvafakati bak\u0131m\u0131ndan da g\u00fcvence eksikli\u011fi te\u015fkil etti\u011fini tespit etmi\u015ftir. San\u0131ktan, kendisi hakk\u0131nda hen\u00fcz h\u00fck\u00fcm kurulmadan HAGB y\u00f6n\u00fcndeki iradesinin sorulmas\u0131n\u0131n \u2013 sonras\u0131nda h\u00fckm\u00fcn istinaf incelemesinden muaf oldu\u011fu da kabul edildi\u011finde \u2013 su\u00e7u i\u015fledi\u011fi y\u00f6n\u00fcnde bir kabul gibi de\u011ferlendirilebilece\u011fi ve bunun da adil yarg\u0131lanma hakk\u0131na ayk\u0131r\u0131l\u0131k te\u015fkil etti\u011fini saptam\u0131\u015ft\u0131r.<\/p>\n<p>Buna ek olarak AYM, HAGB karar\u0131n\u0131n verilmesi durumunda m\u00fcsadere i\u015flemlerinin hangi a\u015famada infaz edilece\u011fine dair a\u00e7\u0131k bir kanun h\u00fckm\u00fc bulunmad\u0131\u011f\u0131ndan ve HAGB karar\u0131 verilmesi durumunda m\u00fclkiyet hakk\u0131na m\u00fcsadere yoluyla yap\u0131lan s\u0131n\u0131rlaman\u0131n keyfi ve hukuka ayk\u0131r\u0131 olup olmad\u0131\u011f\u0131 istinaf incelemesi ile de\u011ferlendirilemedi\u011finden, HAGB kurumunun m\u00fcsadere i\u015flemleri bak\u0131m\u0131ndan da Anayasa\u2019ya ayk\u0131r\u0131l\u0131k te\u015fkil etti\u011fini de\u011ferlendirmi\u015ftir. AYM, bu belirsizli\u011fin m\u00fclkiyet hakk\u0131n\u0131 korumak i\u00e7in yeterli g\u00fcvence olu\u015fturmad\u0131\u011f\u0131n\u0131 ve \u00f6l\u00e7\u00fcs\u00fcz oldu\u011funu, bu sebeplerle Anayasa\u2019n\u0131n 13. maddesine ayk\u0131r\u0131l\u0131k olu\u015fturdu\u011funu ortaya koymu\u015ftur.<\/p>\n<p>Bundan ba\u015fka AYM, HAGB karar\u0131 sonucu san\u0131\u011f\u0131n infaz edilebilir bir ceza almamas\u0131 nedeniyle, ma\u011fdurun muvafakatinin aranmamas\u0131 ve ma\u011fdur a\u00e7\u0131s\u0131ndan manevi bir telafi imkan\u0131 getirilmemi\u015f olmas\u0131n\u0131n ma\u011fdur bak\u0131m\u0131ndan yeterli ve etkili bir giderim sa\u011flamad\u0131\u011f\u0131 ve bu nedenle de Anayasa\u2019n\u0131n 17. maddesinde d\u00fczenlenen ki\u015finin maddi ve manevi varl\u0131\u011f\u0131n\u0131 koruma hakk\u0131na ayk\u0131r\u0131l\u0131k olu\u015fturdu\u011funu belirtmi\u015ftir.<\/p>\n<p>Son olarak AYM, failin kamu g\u00f6revlisi oldu\u011fu durumlar bak\u0131m\u0131ndan ayr\u0131ca bir de\u011ferlendirme yapm\u0131\u015f ve bu halde, HAGB kurumunun anayasal ilkelerle ba\u011fda\u015fmad\u0131\u011f\u0131n\u0131 tespit etmi\u015ftir.\u00a0 AYM, Anayasa\u2019n\u0131n 17. maddesi kapsam\u0131nda de\u011ferlendirilebilecek baz\u0131 su\u00e7 tiplerinin kamu g\u00f6revlileri taraf\u0131ndan i\u015flenmesi halinde, son derece ciddi olan bu fiillerin ho\u015f g\u00f6r\u00fclmeyece\u011finin g\u00f6sterilmesi gerekti\u011fini belirtmi\u015f ve kamu g\u00f6revlileri bak\u0131m\u0131ndan HAGB kurumunun uygulanmayaca\u011f\u0131na dair yasal d\u00fczenleme bulunmamas\u0131n\u0131n ve uygulaman\u0131n da bu sorunu \u00e7\u00f6zememesinin, devletin \u201cfaillere fiilleriyle orant\u0131l\u0131 ceza verilmesi\u201d ve \u201cma\u011fdurlar a\u00e7\u0131s\u0131ndan uygun giderim sa\u011flanmas\u0131\u201d \u015feklindeki usul y\u00fck\u00fcml\u00fcl\u00fc\u011f\u00fc ile ba\u011fda\u015fmad\u0131\u011f\u0131n\u0131 tespit etmi\u015ftir.<\/p>\n<p>Yukar\u0131da a\u00e7\u0131klanan sebeplerle AYM, HAGB kurumunu d\u00fczenleyen CMK m. 231\/5\u2019in birinci c\u00fcmlesinin ve uygulanma imk\u00e2n\u0131 kalmayan di\u011fer h\u00fck\u00fcmlerinin de iptallerine karar vermi\u015ftir.<\/p>\n<h3><strong>Sonu\u00e7<\/strong><\/h3>\n<p>AYM karar\u0131 ile CMK\u2019n\u0131n m. 231\/5-14\u2019te d\u00fczenlenen HAGB kurumu iptal edilmi\u015ftir. \u0130ptal h\u00fckm\u00fc, Karar\u2019\u0131n Resmi Gazete\u2019de yay\u0131mlanmas\u0131ndan bir y\u0131l sonra, 1 A\u011fustos 2024 tarihinde y\u00fcr\u00fcrl\u00fc\u011fe girecektir.<\/p>\n<p>&nbsp;<\/p>\n<p><a href=\"#_ftnref1\">[1]<\/a> HAGB kararlar\u0131na kar\u015f\u0131 ba\u015fvurulacak itiraz kanun yolunu 23.6.2023 tarihinden itibaren y\u00fcr\u00fcrl\u00fc\u011fe girecek \u015fekilde\u00a0kald\u0131ran 23.9.2022 tarihli Resmi Gazete\u2019de yay\u0131mlanan 2021\/121 E., 2022\/88 K. say\u0131l\u0131 AYM karar\u0131 bulunmaktad\u0131r. Bu karar hakk\u0131ndaki hukuk b\u00fcltenimize <a href=\"https:\/\/urldefense.com\/v3\/__https:\/esinxchange.com\/collect\/click.aspx?u=dmcrMGo4VGZpamkxUEtVaG9vQjNiQlFMRTZubXNtbDlFTGt3UjJaV2hDK09ETTJncXVxUUl4WTFmb21nbDZQT3FTM002bFNyaDZVQVl4S1d1RzFGNlVLQXlzSGwvTTJ5T3hJWFkrNU1aS0VvWXZPM0tqMFJ5aWNGWHhsT1pJamJBMHJEVmR6ek5lRVg0ODFSRVY1VGF3PT0=&amp;rh=ff00b196ffa45897da2eb4b3ab4b9a080a04fc70__;!!Hj9Y_P0nvg!XA1kx1SIaBMcb8Jnw28k5HLENHDc-v1O41CBSnVN_MDK9G8rXid2psrukL95zLu_eRhegma7aBQ4LBVgLmvqOjivxg$\">buradan<\/a> ula\u015fabilirsiniz.<\/p>\n","protected":false},"excerpt":{"rendered":"<p>Yeni Geli\u015fme Anayasa Mahkemesi (\u201cAYM\u201d), 2022\/120 E., 2023\/107 K. say\u0131l\u0131 karar\u0131 (\u201cKarar\u201d) ile, h\u00fckm\u00fcn a\u00e7\u0131klanmas\u0131n\u0131n geri b\u0131rak\u0131lmas\u0131 (\u201cHAGB\u201d) kurumunu d\u00fczenleyen [&hellip;]<\/p>\n","protected":false},"author":4,"featured_media":0,"comment_status":"closed","ping_status":"closed","sticky":false,"template":"","format":"standard","meta":{"_acf_changed":false,"_stopmodifiedupdate":false,"_modified_date":"","footnotes":""},"categories":[120],"tags":[96],"class_list":["post-26437","post","type-post","status-publish","format-standard","hentry","category-legal-alerts","tag-dispute-resolution-tr"],"acf":[],"yoast_head":"<!-- This site is optimized with the Yoast SEO plugin v24.0 - https:\/\/yoast.com\/wordpress\/plugins\/seo\/ -->\n<title>Anayasa Mahkemesi\u2019nden \u00f6nemli iptal karar\u0131<\/title>\n<meta name=\"description\" content=\"Yeni Geli\u015fme Anayasa Mahkemesi (\u201cAYM\u201d), 2022\/120 E., 2023\/107 K. say\u0131l\u0131 karar\u0131 (\u201cKarar\u201d) ile, h\u00fckm\u00fcn a\u00e7\u0131klanmas\u0131n\u0131n geri b\u0131rak\u0131lmas\u0131 (\u201cHAGB\u201d) kurumunu\" \/>\n<meta name=\"robots\" content=\"index, follow, max-snippet:-1, max-image-preview:large, max-video-preview:-1\" \/>\n<link rel=\"canonical\" href=\"https:\/\/www.esin.av.tr\/tr\/2023\/08\/02\/anayasa-mahkemesinden-onemli-iptal-karari\/\" \/>\n<meta property=\"og:locale\" content=\"tr_TR\" \/>\n<meta property=\"og:type\" content=\"article\" \/>\n<meta property=\"og:title\" content=\"Anayasa Mahkemesi\u2019nden \u00f6nemli iptal karar\u0131\" \/>\n<meta property=\"og:description\" content=\"Yeni Geli\u015fme Anayasa Mahkemesi (\u201cAYM\u201d), 2022\/120 E., 2023\/107 K. say\u0131l\u0131 karar\u0131 (\u201cKarar\u201d) ile, h\u00fckm\u00fcn a\u00e7\u0131klanmas\u0131n\u0131n geri b\u0131rak\u0131lmas\u0131 (\u201cHAGB\u201d) kurumunu\" \/>\n<meta property=\"og:url\" content=\"https:\/\/www.esin.av.tr\/tr\/2023\/08\/02\/anayasa-mahkemesinden-onemli-iptal-karari\/\" \/>\n<meta property=\"og:site_name\" content=\"Esin Avukatl\u0131k Ortakl\u0131\u011f\u0131\" \/>\n<meta property=\"article:published_time\" content=\"2023-08-02T13:39:03+00:00\" \/>\n<meta name=\"author\" content=\"R\u0131dvan Konrat\" \/>\n<meta name=\"twitter:card\" content=\"summary_large_image\" \/>\n<meta name=\"twitter:label1\" content=\"Written by\" \/>\n\t<meta name=\"twitter:data1\" content=\"R\u0131dvan Konrat\" \/>\n\t<meta name=\"twitter:label2\" content=\"Est. reading time\" \/>\n\t<meta name=\"twitter:data2\" content=\"5 minutes\" \/>\n<script type=\"application\/ld+json\" class=\"yoast-schema-graph\">{\"@context\":\"https:\/\/schema.org\",\"@graph\":[{\"@type\":\"Article\",\"@id\":\"https:\/\/www.esin.av.tr\/tr\/2023\/08\/02\/anayasa-mahkemesinden-onemli-iptal-karari\/#article\",\"isPartOf\":{\"@id\":\"https:\/\/www.esin.av.tr\/tr\/2023\/08\/02\/anayasa-mahkemesinden-onemli-iptal-karari\/\"},\"author\":{\"name\":\"R\u0131dvan Konrat\",\"@id\":\"https:\/\/www.esin.av.tr\/tr\/#\/schema\/person\/42c8e616aab56b8622fa365ad63282ae\"},\"headline\":\"Anayasa Mahkemesi\u2019nden \u00f6nemli iptal karar\u0131\",\"datePublished\":\"2023-08-02T13:39:03+00:00\",\"dateModified\":\"2023-08-02T13:39:03+00:00\",\"mainEntityOfPage\":{\"@id\":\"https:\/\/www.esin.av.tr\/tr\/2023\/08\/02\/anayasa-mahkemesinden-onemli-iptal-karari\/\"},\"wordCount\":958,\"publisher\":{\"@id\":\"https:\/\/www.esin.av.tr\/tr\/#organization\"},\"keywords\":[\"Uyu\u015fmazl\u0131k \u00c7\u00f6z\u00fcm\u00fc\"],\"articleSection\":[\"Hukuk B\u00fcltenleri\"],\"inLanguage\":\"tr\"},{\"@type\":\"WebPage\",\"@id\":\"https:\/\/www.esin.av.tr\/tr\/2023\/08\/02\/anayasa-mahkemesinden-onemli-iptal-karari\/\",\"url\":\"https:\/\/www.esin.av.tr\/tr\/2023\/08\/02\/anayasa-mahkemesinden-onemli-iptal-karari\/\",\"name\":\"Anayasa Mahkemesi\u2019nden \u00f6nemli iptal karar\u0131\",\"isPartOf\":{\"@id\":\"https:\/\/www.esin.av.tr\/tr\/#website\"},\"datePublished\":\"2023-08-02T13:39:03+00:00\",\"dateModified\":\"2023-08-02T13:39:03+00:00\",\"description\":\"Yeni Geli\u015fme Anayasa Mahkemesi (\u201cAYM\u201d), 2022\/120 E., 2023\/107 K. say\u0131l\u0131 karar\u0131 (\u201cKarar\u201d) ile, h\u00fckm\u00fcn a\u00e7\u0131klanmas\u0131n\u0131n geri b\u0131rak\u0131lmas\u0131 (\u201cHAGB\u201d) kurumunu\",\"breadcrumb\":{\"@id\":\"https:\/\/www.esin.av.tr\/tr\/2023\/08\/02\/anayasa-mahkemesinden-onemli-iptal-karari\/#breadcrumb\"},\"inLanguage\":\"tr\",\"potentialAction\":[{\"@type\":\"ReadAction\",\"target\":[\"https:\/\/www.esin.av.tr\/tr\/2023\/08\/02\/anayasa-mahkemesinden-onemli-iptal-karari\/\"]}]},{\"@type\":\"BreadcrumbList\",\"@id\":\"https:\/\/www.esin.av.tr\/tr\/2023\/08\/02\/anayasa-mahkemesinden-onemli-iptal-karari\/#breadcrumb\",\"itemListElement\":[{\"@type\":\"ListItem\",\"position\":1,\"name\":\"Home\",\"item\":\"https:\/\/www.esin.av.tr\/tr\/\"},{\"@type\":\"ListItem\",\"position\":2,\"name\":\"Anayasa Mahkemesi\u2019nden \u00f6nemli iptal karar\u0131\"}]},{\"@type\":\"WebSite\",\"@id\":\"https:\/\/www.esin.av.tr\/tr\/#website\",\"url\":\"https:\/\/www.esin.av.tr\/tr\/\",\"name\":\"Esin Avukatl\u0131k Ortakl\u0131\u011f\u0131\",\"description\":\"\",\"publisher\":{\"@id\":\"https:\/\/www.esin.av.tr\/tr\/#organization\"},\"potentialAction\":[{\"@type\":\"SearchAction\",\"target\":{\"@type\":\"EntryPoint\",\"urlTemplate\":\"https:\/\/www.esin.av.tr\/tr\/?s={search_term_string}\"},\"query-input\":{\"@type\":\"PropertyValueSpecification\",\"valueRequired\":true,\"valueName\":\"search_term_string\"}}],\"inLanguage\":\"tr\"},{\"@type\":\"Organization\",\"@id\":\"https:\/\/www.esin.av.tr\/tr\/#organization\",\"name\":\"Esin Avukatl\u0131k Ortakl\u0131\u011f\u0131\",\"url\":\"https:\/\/www.esin.av.tr\/tr\/\",\"logo\":{\"@type\":\"ImageObject\",\"inLanguage\":\"tr\",\"@id\":\"https:\/\/www.esin.av.tr\/tr\/#\/schema\/logo\/image\/\",\"url\":\"https:\/\/www.esin.av.tr\/wp-content\/uploads\/2021\/09\/esin-2.jpg\",\"contentUrl\":\"https:\/\/www.esin.av.tr\/wp-content\/uploads\/2021\/09\/esin-2.jpg\",\"width\":800,\"height\":460,\"caption\":\"Esin Avukatl\u0131k Ortakl\u0131\u011f\u0131\"},\"image\":{\"@id\":\"https:\/\/www.esin.av.tr\/tr\/#\/schema\/logo\/image\/\"}},{\"@type\":\"Person\",\"@id\":\"https:\/\/www.esin.av.tr\/tr\/#\/schema\/person\/42c8e616aab56b8622fa365ad63282ae\",\"name\":\"R\u0131dvan Konrat\",\"image\":{\"@type\":\"ImageObject\",\"inLanguage\":\"tr\",\"@id\":\"https:\/\/www.esin.av.tr\/tr\/#\/schema\/person\/image\/\",\"url\":\"https:\/\/secure.gravatar.com\/avatar\/b20c6c583be38ed4e76e32f69fccc676?s=96&d=mm&r=g\",\"contentUrl\":\"https:\/\/secure.gravatar.com\/avatar\/b20c6c583be38ed4e76e32f69fccc676?s=96&d=mm&r=g\",\"caption\":\"R\u0131dvan Konrat\"},\"sameAs\":[\"http:\/\/www.esin.av.tr\"],\"url\":\"https:\/\/www.esin.av.tr\/tr\/author\/rkonrat\/\"}]}<\/script>\n<!-- \/ Yoast SEO plugin. -->","yoast_head_json":{"title":"Anayasa Mahkemesi\u2019nden \u00f6nemli iptal karar\u0131","description":"Yeni Geli\u015fme Anayasa Mahkemesi (\u201cAYM\u201d), 2022\/120 E., 2023\/107 K. say\u0131l\u0131 karar\u0131 (\u201cKarar\u201d) ile, h\u00fckm\u00fcn a\u00e7\u0131klanmas\u0131n\u0131n geri b\u0131rak\u0131lmas\u0131 (\u201cHAGB\u201d) kurumunu","robots":{"index":"index","follow":"follow","max-snippet":"max-snippet:-1","max-image-preview":"max-image-preview:large","max-video-preview":"max-video-preview:-1"},"canonical":"https:\/\/www.esin.av.tr\/tr\/2023\/08\/02\/anayasa-mahkemesinden-onemli-iptal-karari\/","og_locale":"tr_TR","og_type":"article","og_title":"Anayasa Mahkemesi\u2019nden \u00f6nemli iptal karar\u0131","og_description":"Yeni Geli\u015fme Anayasa Mahkemesi (\u201cAYM\u201d), 2022\/120 E., 2023\/107 K. say\u0131l\u0131 karar\u0131 (\u201cKarar\u201d) ile, h\u00fckm\u00fcn a\u00e7\u0131klanmas\u0131n\u0131n geri b\u0131rak\u0131lmas\u0131 (\u201cHAGB\u201d) kurumunu","og_url":"https:\/\/www.esin.av.tr\/tr\/2023\/08\/02\/anayasa-mahkemesinden-onemli-iptal-karari\/","og_site_name":"Esin Avukatl\u0131k Ortakl\u0131\u011f\u0131","article_published_time":"2023-08-02T13:39:03+00:00","author":"R\u0131dvan Konrat","twitter_card":"summary_large_image","twitter_misc":{"Written by":"R\u0131dvan Konrat","Est. reading time":"5 minutes"},"schema":{"@context":"https:\/\/schema.org","@graph":[{"@type":"Article","@id":"https:\/\/www.esin.av.tr\/tr\/2023\/08\/02\/anayasa-mahkemesinden-onemli-iptal-karari\/#article","isPartOf":{"@id":"https:\/\/www.esin.av.tr\/tr\/2023\/08\/02\/anayasa-mahkemesinden-onemli-iptal-karari\/"},"author":{"name":"R\u0131dvan Konrat","@id":"https:\/\/www.esin.av.tr\/tr\/#\/schema\/person\/42c8e616aab56b8622fa365ad63282ae"},"headline":"Anayasa Mahkemesi\u2019nden \u00f6nemli iptal karar\u0131","datePublished":"2023-08-02T13:39:03+00:00","dateModified":"2023-08-02T13:39:03+00:00","mainEntityOfPage":{"@id":"https:\/\/www.esin.av.tr\/tr\/2023\/08\/02\/anayasa-mahkemesinden-onemli-iptal-karari\/"},"wordCount":958,"publisher":{"@id":"https:\/\/www.esin.av.tr\/tr\/#organization"},"keywords":["Uyu\u015fmazl\u0131k \u00c7\u00f6z\u00fcm\u00fc"],"articleSection":["Hukuk B\u00fcltenleri"],"inLanguage":"tr"},{"@type":"WebPage","@id":"https:\/\/www.esin.av.tr\/tr\/2023\/08\/02\/anayasa-mahkemesinden-onemli-iptal-karari\/","url":"https:\/\/www.esin.av.tr\/tr\/2023\/08\/02\/anayasa-mahkemesinden-onemli-iptal-karari\/","name":"Anayasa Mahkemesi\u2019nden \u00f6nemli iptal karar\u0131","isPartOf":{"@id":"https:\/\/www.esin.av.tr\/tr\/#website"},"datePublished":"2023-08-02T13:39:03+00:00","dateModified":"2023-08-02T13:39:03+00:00","description":"Yeni Geli\u015fme Anayasa Mahkemesi (\u201cAYM\u201d), 2022\/120 E., 2023\/107 K. say\u0131l\u0131 karar\u0131 (\u201cKarar\u201d) ile, h\u00fckm\u00fcn a\u00e7\u0131klanmas\u0131n\u0131n geri b\u0131rak\u0131lmas\u0131 (\u201cHAGB\u201d) kurumunu","breadcrumb":{"@id":"https:\/\/www.esin.av.tr\/tr\/2023\/08\/02\/anayasa-mahkemesinden-onemli-iptal-karari\/#breadcrumb"},"inLanguage":"tr","potentialAction":[{"@type":"ReadAction","target":["https:\/\/www.esin.av.tr\/tr\/2023\/08\/02\/anayasa-mahkemesinden-onemli-iptal-karari\/"]}]},{"@type":"BreadcrumbList","@id":"https:\/\/www.esin.av.tr\/tr\/2023\/08\/02\/anayasa-mahkemesinden-onemli-iptal-karari\/#breadcrumb","itemListElement":[{"@type":"ListItem","position":1,"name":"Home","item":"https:\/\/www.esin.av.tr\/tr\/"},{"@type":"ListItem","position":2,"name":"Anayasa Mahkemesi\u2019nden \u00f6nemli iptal karar\u0131"}]},{"@type":"WebSite","@id":"https:\/\/www.esin.av.tr\/tr\/#website","url":"https:\/\/www.esin.av.tr\/tr\/","name":"Esin Avukatl\u0131k Ortakl\u0131\u011f\u0131","description":"","publisher":{"@id":"https:\/\/www.esin.av.tr\/tr\/#organization"},"potentialAction":[{"@type":"SearchAction","target":{"@type":"EntryPoint","urlTemplate":"https:\/\/www.esin.av.tr\/tr\/?s={search_term_string}"},"query-input":{"@type":"PropertyValueSpecification","valueRequired":true,"valueName":"search_term_string"}}],"inLanguage":"tr"},{"@type":"Organization","@id":"https:\/\/www.esin.av.tr\/tr\/#organization","name":"Esin Avukatl\u0131k Ortakl\u0131\u011f\u0131","url":"https:\/\/www.esin.av.tr\/tr\/","logo":{"@type":"ImageObject","inLanguage":"tr","@id":"https:\/\/www.esin.av.tr\/tr\/#\/schema\/logo\/image\/","url":"https:\/\/www.esin.av.tr\/wp-content\/uploads\/2021\/09\/esin-2.jpg","contentUrl":"https:\/\/www.esin.av.tr\/wp-content\/uploads\/2021\/09\/esin-2.jpg","width":800,"height":460,"caption":"Esin Avukatl\u0131k Ortakl\u0131\u011f\u0131"},"image":{"@id":"https:\/\/www.esin.av.tr\/tr\/#\/schema\/logo\/image\/"}},{"@type":"Person","@id":"https:\/\/www.esin.av.tr\/tr\/#\/schema\/person\/42c8e616aab56b8622fa365ad63282ae","name":"R\u0131dvan Konrat","image":{"@type":"ImageObject","inLanguage":"tr","@id":"https:\/\/www.esin.av.tr\/tr\/#\/schema\/person\/image\/","url":"https:\/\/secure.gravatar.com\/avatar\/b20c6c583be38ed4e76e32f69fccc676?s=96&d=mm&r=g","contentUrl":"https:\/\/secure.gravatar.com\/avatar\/b20c6c583be38ed4e76e32f69fccc676?s=96&d=mm&r=g","caption":"R\u0131dvan Konrat"},"sameAs":["http:\/\/www.esin.av.tr"],"url":"https:\/\/www.esin.av.tr\/tr\/author\/rkonrat\/"}]}},"_links":{"self":[{"href":"https:\/\/www.esin.av.tr\/tr\/wp-json\/wp\/v2\/posts\/26437","targetHints":{"allow":["GET"]}}],"collection":[{"href":"https:\/\/www.esin.av.tr\/tr\/wp-json\/wp\/v2\/posts"}],"about":[{"href":"https:\/\/www.esin.av.tr\/tr\/wp-json\/wp\/v2\/types\/post"}],"author":[{"embeddable":true,"href":"https:\/\/www.esin.av.tr\/tr\/wp-json\/wp\/v2\/users\/4"}],"replies":[{"embeddable":true,"href":"https:\/\/www.esin.av.tr\/tr\/wp-json\/wp\/v2\/comments?post=26437"}],"version-history":[{"count":1,"href":"https:\/\/www.esin.av.tr\/tr\/wp-json\/wp\/v2\/posts\/26437\/revisions"}],"predecessor-version":[{"id":26438,"href":"https:\/\/www.esin.av.tr\/tr\/wp-json\/wp\/v2\/posts\/26437\/revisions\/26438"}],"wp:attachment":[{"href":"https:\/\/www.esin.av.tr\/tr\/wp-json\/wp\/v2\/media?parent=26437"}],"wp:term":[{"taxonomy":"category","embeddable":true,"href":"https:\/\/www.esin.av.tr\/tr\/wp-json\/wp\/v2\/categories?post=26437"},{"taxonomy":"post_tag","embeddable":true,"href":"https:\/\/www.esin.av.tr\/tr\/wp-json\/wp\/v2\/tags?post=26437"}],"curies":[{"name":"wp","href":"https:\/\/api.w.org\/{rel}","templated":true}]}}