{"id":26276,"date":"2023-07-03T10:36:58","date_gmt":"2023-07-03T10:36:58","guid":{"rendered":"https:\/\/www.esin.av.tr\/?p=26276"},"modified":"2023-07-28T16:06:18","modified_gmt":"2023-07-28T16:06:18","slug":"2023-yili-ikinci-yarisi-icin-asgari-ucret-belirlendi","status":"publish","type":"post","link":"https:\/\/www.esin.av.tr\/tr\/2023\/07\/03\/2023-yili-ikinci-yarisi-icin-asgari-ucret-belirlendi\/","title":{"rendered":"2023 y\u0131l\u0131 ikinci yar\u0131s\u0131 i\u00e7in asgari \u00fccret belirlendi"},"content":{"rendered":"<h3><strong>Yeni Geli\u015fmeler<\/strong><\/h3>\n<p>\u0130\u015f Kanunu\u2019nun 39. Maddesi ve Asgari \u00dccret Y\u00f6netmeli\u011fi\u2019nin (\u201c<strong>Y\u00f6netmelik<\/strong>\u201c) 11. Maddesi uyar\u0131nca, Asgari \u00dccret Tespit Komisyonu (\u201c<strong>Komisyon<\/strong>\u201c) 2023 y\u0131l\u0131n\u0131n ikinci yar\u0131s\u0131nda uygulanacak asgari \u00fccret tutar\u0131na ili\u015fkin karar alm\u0131\u015ft\u0131r. Komisyon\u2019un 20 Haziran 2023 tarihli karar\u0131 uyar\u0131nca yeni asgari \u00fccret ve yeni asgari \u00fccret deste\u011fi belirlenmi\u015ftir. S\u00f6z konusu karar, 24 Haziran 2023 tarihli Resmi Gazete\u2019de yay\u0131mlanm\u0131\u015ft\u0131r.<\/p>\n<p>Komisyon karar\u0131 ile belirlenen yeni asgari \u00fccret ve yeni asgari \u00fccret deste\u011fi, 1 Temmuz 2023 tarihinden itibaren ge\u00e7erlidir.<\/p>\n<h3><strong>Komisyon karar\u0131 ne anlama geliyor?<\/strong><\/h3>\n<p>1 Temmuz 2023 tarihi itibariyle ayl\u0131k asgari \u00fccret net 11.402,32 TL, br\u00fct 13.414,50 TL olmu\u015ftur. \u0130\u015fveren i\u00e7in ayl\u0131k toplam br\u00fct maliyet ise 15.762,04 TL olarak g\u00fcncellenmi\u015ftir. Ayr\u0131ca 2023 y\u0131l\u0131 Temmuz &#8211; Aral\u0131k d\u00f6nemi i\u00e7in ge\u00e7erli olacak asgari \u00fccret deste\u011finin 500 TL olarak g\u00fcncellenmesine karar verilmi\u015ftir. Bu tutarlar, yeni bir Komisyon karar\u0131 al\u0131nmad\u0131\u011f\u0131 s\u00fcrece 31 Aral\u0131k 2023 tarihine dek ge\u00e7erli olacakt\u0131r.<\/p>\n<h3><strong>Sonu\u00e7<\/strong><\/h3>\n<p>Komisyon karar\u0131 kapsam\u0131nda i\u015fverenlerin, \u00e7al\u0131\u015fanlar\u0131n\u0131n \u00fccretlerini g\u00f6zden ge\u00e7irmesini ve gerekti\u011fi takdirde, \u00fccretleri an\u0131lan karar ile uyumlu olacak \u015fekilde revize etmesini tavsiye ederiz.<\/p>\n","protected":false},"excerpt":{"rendered":"<p>Yeni Geli\u015fmeler \u0130\u015f Kanunu\u2019nun 39. Maddesi ve Asgari \u00dccret Y\u00f6netmeli\u011fi\u2019nin (\u201cY\u00f6netmelik\u201c) 11. Maddesi uyar\u0131nca, Asgari \u00dccret Tespit Komisyonu (\u201cKomisyon\u201c) 2023 [&hellip;]<\/p>\n","protected":false},"author":4,"featured_media":0,"comment_status":"closed","ping_status":"closed","sticky":false,"template":"","format":"standard","meta":{"_acf_changed":false,"_stopmodifiedupdate":false,"_modified_date":"","footnotes":""},"categories":[120],"tags":[101],"class_list":["post-26276","post","type-post","status-publish","format-standard","hentry","category-legal-alerts","tag-employment-tr"],"acf":[],"yoast_head":"<!-- This site is optimized with the Yoast SEO plugin v24.0 - https:\/\/yoast.com\/wordpress\/plugins\/seo\/ -->\n<title>2023 y\u0131l\u0131 ikinci yar\u0131s\u0131 i\u00e7in asgari \u00fccret belirlendi<\/title>\n<meta name=\"description\" content=\"Yeni Geli\u015fmeler \u0130\u015f Kanunu\u2019nun 39. Maddesi ve Asgari \u00dccret Y\u00f6netmeli\u011fi\u2019nin (\u201cY\u00f6netmelik\u201c) 11. Maddesi uyar\u0131nca, Asgari \u00dccret Tespit Komisyonu (\u201cKomisyon\u201c)\" \/>\n<meta name=\"robots\" content=\"index, follow, max-snippet:-1, max-image-preview:large, max-video-preview:-1\" \/>\n<link rel=\"canonical\" href=\"https:\/\/www.esin.av.tr\/tr\/2023\/07\/03\/2023-yili-ikinci-yarisi-icin-asgari-ucret-belirlendi\/\" \/>\n<meta property=\"og:locale\" content=\"tr_TR\" \/>\n<meta property=\"og:type\" content=\"article\" \/>\n<meta property=\"og:title\" content=\"2023 y\u0131l\u0131 ikinci yar\u0131s\u0131 i\u00e7in asgari \u00fccret belirlendi\" \/>\n<meta property=\"og:description\" content=\"Yeni Geli\u015fmeler \u0130\u015f Kanunu\u2019nun 39. Maddesi ve Asgari \u00dccret Y\u00f6netmeli\u011fi\u2019nin (\u201cY\u00f6netmelik\u201c) 11. Maddesi uyar\u0131nca, Asgari \u00dccret Tespit Komisyonu (\u201cKomisyon\u201c)\" \/>\n<meta property=\"og:url\" content=\"https:\/\/www.esin.av.tr\/tr\/2023\/07\/03\/2023-yili-ikinci-yarisi-icin-asgari-ucret-belirlendi\/\" \/>\n<meta property=\"og:site_name\" content=\"Esin Avukatl\u0131k Ortakl\u0131\u011f\u0131\" \/>\n<meta property=\"article:published_time\" content=\"2023-07-03T10:36:58+00:00\" \/>\n<meta property=\"article:modified_time\" content=\"2023-07-28T16:06:18+00:00\" \/>\n<meta name=\"author\" content=\"R\u0131dvan Konrat\" \/>\n<meta name=\"twitter:card\" content=\"summary_large_image\" \/>\n<meta name=\"twitter:label1\" content=\"Written by\" \/>\n\t<meta name=\"twitter:data1\" content=\"R\u0131dvan Konrat\" \/>\n\t<meta name=\"twitter:label2\" content=\"Est. reading time\" \/>\n\t<meta name=\"twitter:data2\" content=\"1 minute\" \/>\n<script type=\"application\/ld+json\" class=\"yoast-schema-graph\">{\"@context\":\"https:\/\/schema.org\",\"@graph\":[{\"@type\":\"Article\",\"@id\":\"https:\/\/www.esin.av.tr\/tr\/2023\/07\/03\/2023-yili-ikinci-yarisi-icin-asgari-ucret-belirlendi\/#article\",\"isPartOf\":{\"@id\":\"https:\/\/www.esin.av.tr\/tr\/2023\/07\/03\/2023-yili-ikinci-yarisi-icin-asgari-ucret-belirlendi\/\"},\"author\":{\"name\":\"R\u0131dvan Konrat\",\"@id\":\"https:\/\/www.esin.av.tr\/tr\/#\/schema\/person\/42c8e616aab56b8622fa365ad63282ae\"},\"headline\":\"2023 y\u0131l\u0131 ikinci yar\u0131s\u0131 i\u00e7in asgari \u00fccret belirlendi\",\"datePublished\":\"2023-07-03T10:36:58+00:00\",\"dateModified\":\"2023-07-28T16:06:18+00:00\",\"mainEntityOfPage\":{\"@id\":\"https:\/\/www.esin.av.tr\/tr\/2023\/07\/03\/2023-yili-ikinci-yarisi-icin-asgari-ucret-belirlendi\/\"},\"wordCount\":211,\"publisher\":{\"@id\":\"https:\/\/www.esin.av.tr\/tr\/#organization\"},\"keywords\":[\"\u0130\u015f Hukuku\"],\"articleSection\":[\"Hukuk B\u00fcltenleri\"],\"inLanguage\":\"tr\"},{\"@type\":\"WebPage\",\"@id\":\"https:\/\/www.esin.av.tr\/tr\/2023\/07\/03\/2023-yili-ikinci-yarisi-icin-asgari-ucret-belirlendi\/\",\"url\":\"https:\/\/www.esin.av.tr\/tr\/2023\/07\/03\/2023-yili-ikinci-yarisi-icin-asgari-ucret-belirlendi\/\",\"name\":\"2023 y\u0131l\u0131 ikinci yar\u0131s\u0131 i\u00e7in asgari \u00fccret belirlendi\",\"isPartOf\":{\"@id\":\"https:\/\/www.esin.av.tr\/tr\/#website\"},\"datePublished\":\"2023-07-03T10:36:58+00:00\",\"dateModified\":\"2023-07-28T16:06:18+00:00\",\"description\":\"Yeni Geli\u015fmeler \u0130\u015f Kanunu\u2019nun 39. Maddesi ve Asgari \u00dccret Y\u00f6netmeli\u011fi\u2019nin (\u201cY\u00f6netmelik\u201c) 11. Maddesi uyar\u0131nca, Asgari \u00dccret Tespit Komisyonu (\u201cKomisyon\u201c)\",\"breadcrumb\":{\"@id\":\"https:\/\/www.esin.av.tr\/tr\/2023\/07\/03\/2023-yili-ikinci-yarisi-icin-asgari-ucret-belirlendi\/#breadcrumb\"},\"inLanguage\":\"tr\",\"potentialAction\":[{\"@type\":\"ReadAction\",\"target\":[\"https:\/\/www.esin.av.tr\/tr\/2023\/07\/03\/2023-yili-ikinci-yarisi-icin-asgari-ucret-belirlendi\/\"]}]},{\"@type\":\"BreadcrumbList\",\"@id\":\"https:\/\/www.esin.av.tr\/tr\/2023\/07\/03\/2023-yili-ikinci-yarisi-icin-asgari-ucret-belirlendi\/#breadcrumb\",\"itemListElement\":[{\"@type\":\"ListItem\",\"position\":1,\"name\":\"Home\",\"item\":\"https:\/\/www.esin.av.tr\/tr\/\"},{\"@type\":\"ListItem\",\"position\":2,\"name\":\"2023 y\u0131l\u0131 ikinci yar\u0131s\u0131 i\u00e7in asgari \u00fccret belirlendi\"}]},{\"@type\":\"WebSite\",\"@id\":\"https:\/\/www.esin.av.tr\/tr\/#website\",\"url\":\"https:\/\/www.esin.av.tr\/tr\/\",\"name\":\"Esin Avukatl\u0131k Ortakl\u0131\u011f\u0131\",\"description\":\"\",\"publisher\":{\"@id\":\"https:\/\/www.esin.av.tr\/tr\/#organization\"},\"potentialAction\":[{\"@type\":\"SearchAction\",\"target\":{\"@type\":\"EntryPoint\",\"urlTemplate\":\"https:\/\/www.esin.av.tr\/tr\/?s={search_term_string}\"},\"query-input\":{\"@type\":\"PropertyValueSpecification\",\"valueRequired\":true,\"valueName\":\"search_term_string\"}}],\"inLanguage\":\"tr\"},{\"@type\":\"Organization\",\"@id\":\"https:\/\/www.esin.av.tr\/tr\/#organization\",\"name\":\"Esin Avukatl\u0131k Ortakl\u0131\u011f\u0131\",\"url\":\"https:\/\/www.esin.av.tr\/tr\/\",\"logo\":{\"@type\":\"ImageObject\",\"inLanguage\":\"tr\",\"@id\":\"https:\/\/www.esin.av.tr\/tr\/#\/schema\/logo\/image\/\",\"url\":\"https:\/\/www.esin.av.tr\/wp-content\/uploads\/2021\/09\/esin-2.jpg\",\"contentUrl\":\"https:\/\/www.esin.av.tr\/wp-content\/uploads\/2021\/09\/esin-2.jpg\",\"width\":800,\"height\":460,\"caption\":\"Esin Avukatl\u0131k Ortakl\u0131\u011f\u0131\"},\"image\":{\"@id\":\"https:\/\/www.esin.av.tr\/tr\/#\/schema\/logo\/image\/\"}},{\"@type\":\"Person\",\"@id\":\"https:\/\/www.esin.av.tr\/tr\/#\/schema\/person\/42c8e616aab56b8622fa365ad63282ae\",\"name\":\"R\u0131dvan Konrat\",\"image\":{\"@type\":\"ImageObject\",\"inLanguage\":\"tr\",\"@id\":\"https:\/\/www.esin.av.tr\/tr\/#\/schema\/person\/image\/\",\"url\":\"https:\/\/secure.gravatar.com\/avatar\/b20c6c583be38ed4e76e32f69fccc676?s=96&d=mm&r=g\",\"contentUrl\":\"https:\/\/secure.gravatar.com\/avatar\/b20c6c583be38ed4e76e32f69fccc676?s=96&d=mm&r=g\",\"caption\":\"R\u0131dvan Konrat\"},\"sameAs\":[\"http:\/\/www.esin.av.tr\"],\"url\":\"https:\/\/www.esin.av.tr\/tr\/author\/rkonrat\/\"}]}<\/script>\n<!-- \/ Yoast SEO plugin. -->","yoast_head_json":{"title":"2023 y\u0131l\u0131 ikinci yar\u0131s\u0131 i\u00e7in asgari \u00fccret belirlendi","description":"Yeni Geli\u015fmeler \u0130\u015f Kanunu\u2019nun 39. Maddesi ve Asgari \u00dccret Y\u00f6netmeli\u011fi\u2019nin (\u201cY\u00f6netmelik\u201c) 11. Maddesi uyar\u0131nca, Asgari \u00dccret Tespit Komisyonu (\u201cKomisyon\u201c)","robots":{"index":"index","follow":"follow","max-snippet":"max-snippet:-1","max-image-preview":"max-image-preview:large","max-video-preview":"max-video-preview:-1"},"canonical":"https:\/\/www.esin.av.tr\/tr\/2023\/07\/03\/2023-yili-ikinci-yarisi-icin-asgari-ucret-belirlendi\/","og_locale":"tr_TR","og_type":"article","og_title":"2023 y\u0131l\u0131 ikinci yar\u0131s\u0131 i\u00e7in asgari \u00fccret belirlendi","og_description":"Yeni Geli\u015fmeler \u0130\u015f Kanunu\u2019nun 39. Maddesi ve Asgari \u00dccret Y\u00f6netmeli\u011fi\u2019nin (\u201cY\u00f6netmelik\u201c) 11. Maddesi uyar\u0131nca, Asgari \u00dccret Tespit Komisyonu (\u201cKomisyon\u201c)","og_url":"https:\/\/www.esin.av.tr\/tr\/2023\/07\/03\/2023-yili-ikinci-yarisi-icin-asgari-ucret-belirlendi\/","og_site_name":"Esin Avukatl\u0131k Ortakl\u0131\u011f\u0131","article_published_time":"2023-07-03T10:36:58+00:00","article_modified_time":"2023-07-28T16:06:18+00:00","author":"R\u0131dvan Konrat","twitter_card":"summary_large_image","twitter_misc":{"Written by":"R\u0131dvan Konrat","Est. reading time":"1 minute"},"schema":{"@context":"https:\/\/schema.org","@graph":[{"@type":"Article","@id":"https:\/\/www.esin.av.tr\/tr\/2023\/07\/03\/2023-yili-ikinci-yarisi-icin-asgari-ucret-belirlendi\/#article","isPartOf":{"@id":"https:\/\/www.esin.av.tr\/tr\/2023\/07\/03\/2023-yili-ikinci-yarisi-icin-asgari-ucret-belirlendi\/"},"author":{"name":"R\u0131dvan Konrat","@id":"https:\/\/www.esin.av.tr\/tr\/#\/schema\/person\/42c8e616aab56b8622fa365ad63282ae"},"headline":"2023 y\u0131l\u0131 ikinci yar\u0131s\u0131 i\u00e7in asgari \u00fccret belirlendi","datePublished":"2023-07-03T10:36:58+00:00","dateModified":"2023-07-28T16:06:18+00:00","mainEntityOfPage":{"@id":"https:\/\/www.esin.av.tr\/tr\/2023\/07\/03\/2023-yili-ikinci-yarisi-icin-asgari-ucret-belirlendi\/"},"wordCount":211,"publisher":{"@id":"https:\/\/www.esin.av.tr\/tr\/#organization"},"keywords":["\u0130\u015f Hukuku"],"articleSection":["Hukuk B\u00fcltenleri"],"inLanguage":"tr"},{"@type":"WebPage","@id":"https:\/\/www.esin.av.tr\/tr\/2023\/07\/03\/2023-yili-ikinci-yarisi-icin-asgari-ucret-belirlendi\/","url":"https:\/\/www.esin.av.tr\/tr\/2023\/07\/03\/2023-yili-ikinci-yarisi-icin-asgari-ucret-belirlendi\/","name":"2023 y\u0131l\u0131 ikinci yar\u0131s\u0131 i\u00e7in asgari \u00fccret belirlendi","isPartOf":{"@id":"https:\/\/www.esin.av.tr\/tr\/#website"},"datePublished":"2023-07-03T10:36:58+00:00","dateModified":"2023-07-28T16:06:18+00:00","description":"Yeni Geli\u015fmeler \u0130\u015f Kanunu\u2019nun 39. Maddesi ve Asgari \u00dccret Y\u00f6netmeli\u011fi\u2019nin (\u201cY\u00f6netmelik\u201c) 11. Maddesi uyar\u0131nca, Asgari \u00dccret Tespit Komisyonu (\u201cKomisyon\u201c)","breadcrumb":{"@id":"https:\/\/www.esin.av.tr\/tr\/2023\/07\/03\/2023-yili-ikinci-yarisi-icin-asgari-ucret-belirlendi\/#breadcrumb"},"inLanguage":"tr","potentialAction":[{"@type":"ReadAction","target":["https:\/\/www.esin.av.tr\/tr\/2023\/07\/03\/2023-yili-ikinci-yarisi-icin-asgari-ucret-belirlendi\/"]}]},{"@type":"BreadcrumbList","@id":"https:\/\/www.esin.av.tr\/tr\/2023\/07\/03\/2023-yili-ikinci-yarisi-icin-asgari-ucret-belirlendi\/#breadcrumb","itemListElement":[{"@type":"ListItem","position":1,"name":"Home","item":"https:\/\/www.esin.av.tr\/tr\/"},{"@type":"ListItem","position":2,"name":"2023 y\u0131l\u0131 ikinci yar\u0131s\u0131 i\u00e7in asgari \u00fccret belirlendi"}]},{"@type":"WebSite","@id":"https:\/\/www.esin.av.tr\/tr\/#website","url":"https:\/\/www.esin.av.tr\/tr\/","name":"Esin Avukatl\u0131k Ortakl\u0131\u011f\u0131","description":"","publisher":{"@id":"https:\/\/www.esin.av.tr\/tr\/#organization"},"potentialAction":[{"@type":"SearchAction","target":{"@type":"EntryPoint","urlTemplate":"https:\/\/www.esin.av.tr\/tr\/?s={search_term_string}"},"query-input":{"@type":"PropertyValueSpecification","valueRequired":true,"valueName":"search_term_string"}}],"inLanguage":"tr"},{"@type":"Organization","@id":"https:\/\/www.esin.av.tr\/tr\/#organization","name":"Esin Avukatl\u0131k Ortakl\u0131\u011f\u0131","url":"https:\/\/www.esin.av.tr\/tr\/","logo":{"@type":"ImageObject","inLanguage":"tr","@id":"https:\/\/www.esin.av.tr\/tr\/#\/schema\/logo\/image\/","url":"https:\/\/www.esin.av.tr\/wp-content\/uploads\/2021\/09\/esin-2.jpg","contentUrl":"https:\/\/www.esin.av.tr\/wp-content\/uploads\/2021\/09\/esin-2.jpg","width":800,"height":460,"caption":"Esin Avukatl\u0131k Ortakl\u0131\u011f\u0131"},"image":{"@id":"https:\/\/www.esin.av.tr\/tr\/#\/schema\/logo\/image\/"}},{"@type":"Person","@id":"https:\/\/www.esin.av.tr\/tr\/#\/schema\/person\/42c8e616aab56b8622fa365ad63282ae","name":"R\u0131dvan Konrat","image":{"@type":"ImageObject","inLanguage":"tr","@id":"https:\/\/www.esin.av.tr\/tr\/#\/schema\/person\/image\/","url":"https:\/\/secure.gravatar.com\/avatar\/b20c6c583be38ed4e76e32f69fccc676?s=96&d=mm&r=g","contentUrl":"https:\/\/secure.gravatar.com\/avatar\/b20c6c583be38ed4e76e32f69fccc676?s=96&d=mm&r=g","caption":"R\u0131dvan Konrat"},"sameAs":["http:\/\/www.esin.av.tr"],"url":"https:\/\/www.esin.av.tr\/tr\/author\/rkonrat\/"}]}},"_links":{"self":[{"href":"https:\/\/www.esin.av.tr\/tr\/wp-json\/wp\/v2\/posts\/26276","targetHints":{"allow":["GET"]}}],"collection":[{"href":"https:\/\/www.esin.av.tr\/tr\/wp-json\/wp\/v2\/posts"}],"about":[{"href":"https:\/\/www.esin.av.tr\/tr\/wp-json\/wp\/v2\/types\/post"}],"author":[{"embeddable":true,"href":"https:\/\/www.esin.av.tr\/tr\/wp-json\/wp\/v2\/users\/4"}],"replies":[{"embeddable":true,"href":"https:\/\/www.esin.av.tr\/tr\/wp-json\/wp\/v2\/comments?post=26276"}],"version-history":[{"count":6,"href":"https:\/\/www.esin.av.tr\/tr\/wp-json\/wp\/v2\/posts\/26276\/revisions"}],"predecessor-version":[{"id":26404,"href":"https:\/\/www.esin.av.tr\/tr\/wp-json\/wp\/v2\/posts\/26276\/revisions\/26404"}],"wp:attachment":[{"href":"https:\/\/www.esin.av.tr\/tr\/wp-json\/wp\/v2\/media?parent=26276"}],"wp:term":[{"taxonomy":"category","embeddable":true,"href":"https:\/\/www.esin.av.tr\/tr\/wp-json\/wp\/v2\/categories?post=26276"},{"taxonomy":"post_tag","embeddable":true,"href":"https:\/\/www.esin.av.tr\/tr\/wp-json\/wp\/v2\/tags?post=26276"}],"curies":[{"name":"wp","href":"https:\/\/api.w.org\/{rel}","templated":true}]}}