{"id":25986,"date":"2023-06-20T09:13:04","date_gmt":"2023-06-20T09:13:04","guid":{"rendered":"https:\/\/www.esin.av.tr\/?p=25986"},"modified":"2023-06-20T09:13:04","modified_gmt":"2023-06-20T09:13:04","slug":"internet-alan-adlari-tebliginde-degisiklik-yapilmasina-dair-teblig-yayinlandi","status":"publish","type":"post","link":"https:\/\/www.esin.av.tr\/tr\/2023\/06\/20\/internet-alan-adlari-tebliginde-degisiklik-yapilmasina-dair-teblig-yayinlandi\/","title":{"rendered":"\u0130nternet Alan Adlar\u0131 Tebli\u011finde De\u011fi\u015fiklik Yap\u0131lmas\u0131na Dair Tebli\u011f Yay\u0131nland\u0131!"},"content":{"rendered":"<h2>\u0130nternet Alan Adlar\u0131 Y\u00f6netmeli\u011fi (&#8220;<strong>\u0130AA Y\u00f6netmeli\u011fi<\/strong>&#8220;) kapsam\u0131ndaki Kay\u0131t Kurulu\u015flar\u0131&#8217;n\u0131n (&#8220;<strong>KK<\/strong>&#8220;) belirlenmesine, faaliyetlerine ve &#8220;.tr&#8221; uzant\u0131l\u0131 internet alan adlar\u0131n\u0131n (&#8220;<strong>\u0130AA<\/strong>&#8220;) ya\u015fam \u00e7evrimine dair usul ve esaslar\u0131 d\u00fczenleyen \u0130nternet Alan Adlar\u0131 Tebli\u011fi (&#8220;<strong>Tebli\u011f<\/strong>&#8220;) 21 A\u011fustos 2013 tarihli ve 28742 say\u0131l\u0131 Resmi Gazete\u2019de yay\u0131mlanm\u0131\u015ft\u0131r. Tebli\u011f\u2019in i\u00e7eri\u011finde kimi de\u011fi\u015fiklikler \u00f6ng\u00f6ren \u0130nternet Alan Adlar\u0131 Tebli\u011finde De\u011fi\u015fiklik Yap\u0131lmas\u0131na Dair Tebli\u011f (&#8220;<strong>Tebli\u011f\u2019de De\u011fi\u015fiklik Yap\u0131lmas\u0131na Dair Tebli\u011f<\/strong>&#8220;), 10 Haziran 2023 tarihli ve 32217 say\u0131l\u0131 Resmi Gazete\u2019de yay\u0131mlanarak y\u00fcr\u00fcrl\u00fc\u011fe girmi\u015ftir.<\/h2>\n<h3><strong>Yeni Geli\u015fme<\/strong><\/h3>\n<p>Bilgi Teknolojileri ve \u0130leti\u015fim Kurumu&#8217;nun (&#8220;<strong>BTK<\/strong>&#8220;) 19 A\u011fustos 2022 tarihli duyurusunun akabinde, 14 Eyl\u00fcl 2022 tarihinden itibaren &#8220;.tr&#8221; A\u011f Bilgi Sistemi (&#8220;<strong>TRAB\u0130S<\/strong>&#8220;) faaliyetlerine ba\u015flam\u0131\u015ft\u0131r. Bu vesileyle \u0130AA Y\u00f6netmeli\u011fi kapsam\u0131nda, TRAB\u0130S faaliyete ge\u00e7ene dek y\u00fcr\u00fcrl\u00fc\u011f\u00fc ertelenen maddeler de y\u00fcr\u00fcrl\u00fc\u011fe girmi\u015f ve \u0130AA&#8217;lar\u0131n tahsis, y\u00f6netim ve i\u015fleyi\u015fi a\u00e7as\u0131ndan yeni d\u00f6nem ba\u015flam\u0131\u015ft\u0131r. \u0130AA&#8217;lar\u0131n tahsis, y\u00f6netim ve i\u015fleyi\u015fi ile bu s\u00fcre\u00e7lerin y\u00fcr\u00fct\u00fclmesi ba\u011flam\u0131nda olduk\u00e7a \u00f6nemli bir rol \u00fcstlenen KK&#8217;lar\u0131n g\u00f6rev ve yetkileri, Tebli\u011fde De\u011fi\u015fiklik Yap\u0131lmas\u0131na Dair Tebli\u011f kapsam\u0131nda \u00f6nemli de\u011fi\u015fikliklere u\u011fram\u0131\u015ft\u0131r. Nitekim Tebli\u011f\u2019de De\u011fi\u015fiklik Yap\u0131lmas\u0131na Dair Tebli\u011f, \u00f6zellikle \u0130AA\u2019lar\u0131n ya\u015fam \u00e7evrimi, KK\u2019lar\u0131n g\u00f6rev\u00a0 ve yetkileri, yeni seviye \u0130AA a\u00e7\u0131lmas\u0131 ile \u0130AA depolama hususlar\u0131nda k\u00f6kl\u00fc de\u011fi\u015fiklikleri beraberinde getirmektedir. \u0130nternet Alan Adlar\u0131 Tebli\u011finde De\u011fi\u015fiklik Yap\u0131lmas\u0131na Dair Tebli\u011fe <a href=\"https:\/\/urldefense.com\/v3\/__https:\/esinxchange.com\/collect\/click.aspx?u=clloWFRCaVJkZHc3bzJ2Q1Z2SDJmVlY3aVFoNFp0cXU3cDc0QW5mSzBtYnAwTm9nczE3UFNWdWZVV2QrcUZ0WHlzbDJ2VXRMWXhtSm15OUQwaURZS25tcXJSZCtxaElKKzlXSUU2d0JpcWpEclJ0VEJZemhsZk9zWXNJZ1NTL1g=&amp;rh=ff00ae3954c455e602c6b63b9742a7d4f94cc838__;!!Hj9Y_P0nvg!TrxmSi9D2DSBcluy4jpj5UFg8uWDNOke-FFsQuEZSIZD5e8AuKYIBbR8PWXykM8UdJQ3zxdf70C48B-H1vvkqBkvVg$\">buradan<\/a> ula\u015fabilirsiniz.<\/p>\n<p><strong>Tebli\u011fde Yap\u0131lan De\u011fi\u015fiklikler Nelerdir? <\/strong><\/p>\n<p><strong>KK\u2019lara y\u00f6nelik g\u00f6rev, yetki ve i\u015fleyi\u015f bak\u0131m\u0131ndan getirilen yenilikler<\/strong><\/p>\n<ul>\n<li>Tebli\u011f&#8217;in KK olarak faaliyet g\u00f6stermek isteyen taraflar\u0131n yapaca\u011f\u0131 ba\u015fvuruya ili\u015fkin usul ve esaslar\u0131 d\u00fczenleyen 5. maddesinin birinci f\u0131kras\u0131nda yap\u0131lan de\u011fi\u015fiklik ile KK&#8217;n\u0131n \u00f6demekle y\u00fck\u00fcml\u00fc oldu\u011fu g\u00fcvence bedeli art\u0131r\u0131lm\u0131\u015f olup \u00f6denen teminat bedelinin her y\u0131l bir \u00f6nceki y\u0131la g\u00f6re Hazine ve Maliye Bakanl\u0131\u011f\u0131 taraf\u0131ndan belirlenecek yeniden de\u011ferleme oran\u0131na g\u00f6re artt\u0131r\u0131laca\u011f\u0131 da eklenmi\u015ftir.<\/li>\n<li>Tebli\u011f&#8217;in 8. maddesinde d\u00fczenlenen KK&#8217;lar\u0131n teknik altyap\u0131s\u0131na ili\u015fkin kurallar a\u00e7\u0131s\u0131ndan, KK&#8217;n\u0131n test sistemine ba\u011flant\u0131 yapt\u0131\u011f\u0131 IP adresinden farkl\u0131 IP adreslerini kullan\u0131laca\u011f\u0131 belirlenmi\u015ftir.<\/li>\n<li>Tebli\u011f&#8217;in, KK&#8217;lar\u0131n \u0130AA&#8217;lara ili\u015fkin i\u015flemleri \u00fc\u00e7\u00fcnc\u00fc taraf olan bayilerle y\u00fcr\u00fct\u00fclebilece\u011fini \u00f6ng\u00f6ren 12. maddesi de de\u011fi\u015fikli\u011fe u\u011fram\u0131\u015f olup, KK\u2019lar\u0131n birlikte \u00e7al\u0131\u015faca\u011f\u0131 bayiye ili\u015fkin baz\u0131 bilgileri isteyece\u011fi ve bu bilgilerde herhangi bir de\u011fi\u015fiklik olmas\u0131 halinde s\u00f6z konusu de\u011fi\u015fikliklerin on i\u015f g\u00fcn\u00fc i\u00e7erisinde BTK\u2019ya bildirilece\u011fi hususu d\u00fczenlenmi\u015ftir.<\/li>\n<li>Ayn\u0131 zamanda Tebli\u011f\u2019in 15. maddesinin 2. f\u0131kras\u0131 \u0130AA&#8217;n\u0131n tahsisi s\u0131ras\u0131nda olu\u015fabilecek hata ve aksakl\u0131klar y\u00f6n\u00fcnden yeniden d\u00fczenlenmi\u015f olup, KK taraf\u0131ndan \u0130AA&#8217;n\u0131n tahsisi i\u015flemi s\u0131ras\u0131nda sistemsel hatadan kaynaklanan kay\u0131tlar\u0131n bildirilmesi veya BTK taraf\u0131ndan re&#8217;sen tespit edilmesi durumunda, BTK&#8217;n\u0131n bu kay\u0131tlar\u0131n d\u00fczeltilmesine karar verebilece\u011fi \u00f6ng\u00f6r\u00fclm\u00fc\u015ft\u00fcr.<\/li>\n<\/ul>\n<p><strong>\u0130AA\u2019lara y\u00f6nelik ba\u015fvuru, tahsis ve i\u015fleyi\u015f bak\u0131m\u0131ndan getirilen yenilikler<\/strong><\/p>\n<ul>\n<li>Tebli\u011f&#8217;in \u0130AA ba\u015fvuru usul ve esaslar\u0131n\u0131 d\u00fczenleyen 14. maddesinde de birtak\u0131m de\u011fi\u015fiklikler \u00f6ng\u00f6r\u00fclm\u00fc\u015ft\u00fcr. \u0130lgili de\u011fi\u015fiklikler uyar\u0131nca, KK\u2019lar\u0131n \u0130AA ba\u015fvurusunda bulunan ba\u015fvuru sahiplerinden alaca\u011f\u0131 elektronik ba\u015fvuru formu kapsam\u0131nda edinmesi gereken kabul, beyan ve taahh\u00fctler aras\u0131na, \u0130AA\u2019ya ili\u015fkin bir alternatif uyu\u015fmazl\u0131k \u00e7\u00f6z\u00fcm s\u00fcrecinin ba\u015flamas\u0131 durumunda ba\u015fvuru sahibinin buna kat\u0131laca\u011f\u0131 ve KK\u2019ya bildirmi\u015f oldu\u011fu ad, soyad ve elektronik posta bilgilerinin uyu\u015fmazl\u0131k \u00e7\u00f6z\u00fcm s\u00fcreci kapsam\u0131nda ilgili Uyu\u015fmazl\u0131k \u00c7\u00f6z\u00fcm Hizmet Sa\u011flay\u0131c\u0131 (&#8220;<strong>U\u00c7HS<\/strong>&#8220;) veya \u015fikayet\u00e7i ile payla\u015f\u0131laca\u011f\u0131 hususlar\u0131 da eklenmi\u015ftir.<\/li>\n<li>Tebli\u011f&#8217;in 22. maddesinin ba\u015fl\u0131\u011f\u0131 ise &#8220;Sat\u0131\u015f, devir ve feragat&#8221; ibaresinden &#8220;Sat\u0131\u015f ve devir&#8221; ibaresine d\u00f6n\u00fc\u015ft\u00fcr\u00fclm\u00fc\u015ft\u00fcr. Bu ba\u011flamda, \u0130AA sahibinin \u0130AA\u2019dan feragat etti\u011fi g\u00fcnden itibaren \u0130AA\u2019n\u0131n kullan\u0131m\u0131n\u0131n iki ay s\u00fcreyle durdurulaca\u011f\u0131 ve bu s\u00fcre i\u00e7inde \u0130AA sahibinin ba\u015fvurusu \u00fczerine \u0130AA tahsis i\u015flemi yenilenece\u011fini; aksi halde \u0130AA\u2019n\u0131n yeniden tahsise a\u00e7\u0131laca\u011f\u0131n\u0131 \u00f6ng\u00f6ren 5. f\u0131kras\u0131 y\u00fcr\u00fcrl\u00fckten kald\u0131r\u0131lm\u0131\u015ft\u0131r.<\/li>\n<li>Yeni seviye \u0130AA a\u00e7\u0131lmas\u0131 hakk\u0131ndaki d\u00fczenlemelerin alt\u0131nda yer alan &#8220;a.tr&#8221; yap\u0131s\u0131ndaki \u0130AA&#8217;lar\u0131n ilk tahsisine dair 27. maddede ise k\u00f6kl\u00fc de\u011fi\u015fiklikler meydana getirilmi\u015ftir. Buna g\u00f6re;\n<ul>\n<li>Birinci f\u0131krada &#8220;a.tr&#8221; yap\u0131s\u0131ndaki \u0130AA&#8217;lar\u0131n ilk tahsis i\u015flemlerinden \u00f6nce &#8220;a.tr&#8221; i\u00e7in ilgili bentlerde s\u0131ralanan \u0130AA&#8217;lara \u00fccretsiz tahsis yap\u0131laca\u011f\u0131 \u00f6ng\u00f6r\u00fclm\u00fc\u015ft\u00fcr. \u0130lgili de\u011fi\u015fiklik uyar\u0131nca &#8220;a.org.tr&#8221; yap\u0131s\u0131ndaki \u0130AA&#8217;lar,\u00a0 tahsisi \u00fccretsiz yap\u0131lacak \u0130AA&#8217;lar kapsam\u0131ndan \u00e7\u0131kart\u0131lm\u0131\u015ft\u0131r. Bu nedenle ayn\u0131 maddenin &#8220;a.org.tr&#8221; ba\u015fvurusunda izlenecek s\u00fcrece ili\u015fkin ikinci f\u0131kras\u0131 y\u00fcr\u00fcrl\u00fckten kald\u0131r\u0131lm\u0131\u015ft\u0131r.<\/li>\n<li>Ayr\u0131ca, y\u00f6nlendirilen \u0130AA&#8217;lar\u0131n sat\u0131lamayaca\u011f\u0131 ve devredilemeyece\u011fine ili\u015fkin d\u00fczenleme ile marka sahipleri \u00f6nceli\u011finden sonra a\u00e7\u0131k artt\u0131rma yap\u0131laca\u011f\u0131na dair d\u00fczenleme y\u00fcr\u00fcrl\u00fckten kald\u0131r\u0131lm\u0131\u015ft\u0131r.<\/li>\n<li>Be\u015finci f\u0131kra &#8220;Birinci f\u0131kra h\u00fckm\u00fcne g\u00f6re yap\u0131lan tahsis sonras\u0131nda uzant\u0131 bazl\u0131 alan ad\u0131 sahipli\u011fi \u00f6nceli\u011fi h\u00fckm\u00fc\u00a0i\u015fletilir.&#8221; halini; yedinci f\u0131kra ise &#8220;Uzant\u0131 bazl\u0131 alan ad\u0131 sahipli\u011fi \u00f6nceli\u011fi h\u00fckm\u00fcne g\u00f6re yap\u0131lan tahsislerden sonra uygun \u0130AA&#8217;lara ilk gelen al\u0131r kural\u0131 uygulan\u0131r&#8221; halini alm\u0131\u015ft\u0131r.<\/li>\n<\/ul>\n<\/li>\n<li>\u0130AA\u2019lar y\u00f6n\u00fcnden kural olarak belgesiz tahsis prensibine ge\u00e7ilmesiyle paralel olarak, Tebli\u011f&#8217;in 28. maddesinde yer alan ve \u201ca.yeni.tr\u201d yap\u0131s\u0131ndaki yeni ikinci seviye alan adlar\u0131n\u0131n belgesiz olarak tahsis edilmesi halinde; ilk olarak &#8220;marka sahipleri&#8221; \u00f6nceli\u011fi h\u00fckm\u00fcn\u00fcn i\u015fletilece\u011fini d\u00fczenleyen h\u00fck\u00fcm, &#8220;marka sahipleri&#8221; ibaresinin &#8220;uzant\u0131 bazl\u0131 alan ad\u0131 sahipli\u011fi&#8221; \u015feklinde de\u011fi\u015ftirilmesiyle son halini alm\u0131\u015ft\u0131r. Bununla paralel olarak, Tebli\u011f&#8217;in &#8220;Marka sahipleri \u00f6nceli\u011fi&#8221; \u015feklindeki 29. maddesinin ba\u015fl\u0131\u011f\u0131 ise &#8220;Uzant\u0131 bazl\u0131 alan ad\u0131 sahipli\u011fi \u00f6nceli\u011fi&#8221; \u015feklinde de\u011fi\u015ftirilmi\u015ftir. Ayr\u0131ca ayn\u0131 maddenin birinci f\u0131kras\u0131nda yer alan a\u00e7\u0131k artt\u0131rmadan \u00f6nce marka sahiplerine \u00f6ncelik tan\u0131naca\u011f\u0131 ifadesi, &#8220;bu f\u0131krada belirtilen usul ve esaslarda belirlenen tarihte kay\u0131tl\u0131 olan \u0130AA\u2019lar\u0131n sahiplerine&#8221; \u015feklinde de\u011fi\u015ftirilmi\u015ftir.<\/li>\n<li>Tebli\u011f&#8217;in 30. maddesinde yer alan a\u00e7\u0131k artt\u0131rmaya ili\u015fkin d\u00fczenlememeler y\u00fcr\u00fcrl\u00fckten kald\u0131r\u0131lm\u0131\u015ft\u0131r.<\/li>\n<li>Tebli\u011f&#8217;in 31. maddesindeki \u0130AA depolamaya ili\u015fkin d\u00fczenlemede yer alan &#8220;TRAB\u0130S\u2019e olan elektronik ba\u011flant\u0131s\u0131n\u0131n otomatize imk\u00e2nlar\u0131n\u0131 kullanarak&#8221; ifadesi kald\u0131r\u0131lm\u0131\u015ft\u0131r ve maddenin ilk f\u0131kras\u0131n\u0131n ikinci c\u00fcmlesi &#8220;KK, sat\u0131\u015f, devir ve benzeri ama\u00e7larla kendi ve\/veya \u00e7al\u0131\u015fanlar\u0131 ad\u0131na\u00a0\u0130AA ba\u015fvurusu ve\/veya tahsisi yapmak suretiyle\u00a0\u0130AA depolayamaz.&#8221; \u015feklinde g\u00fcncellenmi\u015ftir. \u0130AA&#8217;lar\u0131n depoland\u0131\u011f\u0131n\u0131n tespit edilmesi halinde uygulanacak yapt\u0131r\u0131m\u0131 belirleyen ikinci f\u0131kran\u0131n ikinci c\u00fcmlesi de KK&#8217;n\u0131n faaliyetine son verilmesi dahil idari yapt\u0131r\u0131m uygulanaca\u011f\u0131 \u015feklinde de\u011fi\u015ftirilmi\u015ftir.<\/li>\n<\/ul>\n<h3><strong>SONU\u00c7 <\/strong><\/h3>\n<p>Tebli\u011f&#8217;de De\u011fi\u015fiklik Yap\u0131lmas\u0131na Dair Tebli\u011f ile birlikte, \u0130AA Y\u00f6netmeli\u011fi kapsam\u0131nda, KK&#8217;lar\u0131n belirlenmesine, faaliyet g\u00f6stermelerine ve\u00a0\u201c.tr\u201d\u00a0uzant\u0131l\u0131\u00a0internet alan adlar\u0131n\u0131n ya\u015fam\u00a0\u00e7evrimine ili\u015fkin usul ve esaslar\u0131 d\u00fczenleyen Tebli\u011f\u2019de esasl\u0131 de\u011fi\u015fiklikler yap\u0131lm\u0131\u015ft\u0131r. Tebli\u011fde De\u011fi\u015fiklik Yap\u0131lmas\u0131na Dair Tebli\u011f, \u0130AA&#8217;la\u0131n tahsisi, y\u00f6netimi, i\u015fleyi\u015fi ve bu s\u00fcre\u00e7lerin y\u00fcr\u00fct\u00fclmesi gibi g\u00f6revler \u00fcstlenen KK&#8217;lar\u0131n sorumluluklar\u0131 hakk\u0131nda k\u00f6kl\u00fc de\u011fi\u015fiklikler meydana getirmi\u015f olup, ayn\u0131 zamanda \u0130AA&#8217;lar\u0131n ya\u015fam \u00e7evrimi, yeni seviye \u0130AA a\u00e7\u0131lmas\u0131 ve \u0130AA depolama gibi konularda da radikal de\u011fi\u015fiklikler ortaya \u00e7\u0131kartm\u0131\u015ft\u0131r.<\/p>\n","protected":false},"excerpt":{"rendered":"<p>\u0130nternet Alan Adlar\u0131 Y\u00f6netmeli\u011fi (&#8220;\u0130AA Y\u00f6netmeli\u011fi&#8220;) kapsam\u0131ndaki Kay\u0131t Kurulu\u015flar\u0131&#8217;n\u0131n (&#8220;KK&#8220;) belirlenmesine, faaliyetlerine ve &#8220;.tr&#8221; uzant\u0131l\u0131 internet alan adlar\u0131n\u0131n (&#8220;\u0130AA&#8220;) ya\u015fam [&hellip;]<\/p>\n","protected":false},"author":4,"featured_media":0,"comment_status":"closed","ping_status":"closed","sticky":false,"template":"","format":"standard","meta":{"_acf_changed":false,"_stopmodifiedupdate":false,"_modified_date":"","footnotes":""},"categories":[120],"tags":[180],"class_list":["post-25986","post","type-post","status-publish","format-standard","hentry","category-legal-alerts","tag-fikri-mulkiyet-ve-teknoloji"],"acf":[],"yoast_head":"<!-- This site is optimized with the Yoast SEO plugin v24.0 - https:\/\/yoast.com\/wordpress\/plugins\/seo\/ -->\n<title>\u0130nternet Alan Adlar\u0131 Tebli\u011finde De\u011fi\u015fiklik Yap\u0131lmas\u0131na Dair Tebli\u011f Yay\u0131nland\u0131!<\/title>\n<meta name=\"description\" content=\"\u0130nternet Alan Adlar\u0131 Y\u00f6netmeli\u011fi (&quot;\u0130AA Y\u00f6netmeli\u011fi&quot;) kapsam\u0131ndaki Kay\u0131t Kurulu\u015flar\u0131&#039;n\u0131n (&quot;KK&quot;) belirlenmesine, faaliyetlerine ve &quot;.tr&quot; uzant\u0131l\u0131 internet\" \/>\n<meta name=\"robots\" content=\"index, follow, max-snippet:-1, max-image-preview:large, max-video-preview:-1\" \/>\n<link rel=\"canonical\" href=\"https:\/\/www.esin.av.tr\/tr\/2023\/06\/20\/internet-alan-adlari-tebliginde-degisiklik-yapilmasina-dair-teblig-yayinlandi\/\" \/>\n<meta property=\"og:locale\" content=\"tr_TR\" \/>\n<meta property=\"og:type\" content=\"article\" \/>\n<meta property=\"og:title\" content=\"\u0130nternet Alan Adlar\u0131 Tebli\u011finde De\u011fi\u015fiklik Yap\u0131lmas\u0131na Dair Tebli\u011f Yay\u0131nland\u0131!\" \/>\n<meta property=\"og:description\" content=\"\u0130nternet Alan Adlar\u0131 Y\u00f6netmeli\u011fi (&quot;\u0130AA Y\u00f6netmeli\u011fi&quot;) kapsam\u0131ndaki Kay\u0131t Kurulu\u015flar\u0131&#039;n\u0131n (&quot;KK&quot;) belirlenmesine, faaliyetlerine ve &quot;.tr&quot; uzant\u0131l\u0131 internet\" \/>\n<meta property=\"og:url\" content=\"https:\/\/www.esin.av.tr\/tr\/2023\/06\/20\/internet-alan-adlari-tebliginde-degisiklik-yapilmasina-dair-teblig-yayinlandi\/\" \/>\n<meta property=\"og:site_name\" content=\"Esin Avukatl\u0131k Ortakl\u0131\u011f\u0131\" \/>\n<meta property=\"article:published_time\" content=\"2023-06-20T09:13:04+00:00\" \/>\n<meta name=\"author\" content=\"R\u0131dvan Konrat\" \/>\n<meta name=\"twitter:card\" content=\"summary_large_image\" \/>\n<meta name=\"twitter:label1\" content=\"Written by\" \/>\n\t<meta name=\"twitter:data1\" content=\"R\u0131dvan Konrat\" \/>\n\t<meta name=\"twitter:label2\" content=\"Est. reading time\" \/>\n\t<meta name=\"twitter:data2\" content=\"7 minutes\" \/>\n<script type=\"application\/ld+json\" class=\"yoast-schema-graph\">{\"@context\":\"https:\/\/schema.org\",\"@graph\":[{\"@type\":\"Article\",\"@id\":\"https:\/\/www.esin.av.tr\/tr\/2023\/06\/20\/internet-alan-adlari-tebliginde-degisiklik-yapilmasina-dair-teblig-yayinlandi\/#article\",\"isPartOf\":{\"@id\":\"https:\/\/www.esin.av.tr\/tr\/2023\/06\/20\/internet-alan-adlari-tebliginde-degisiklik-yapilmasina-dair-teblig-yayinlandi\/\"},\"author\":{\"name\":\"R\u0131dvan Konrat\",\"@id\":\"https:\/\/www.esin.av.tr\/tr\/#\/schema\/person\/42c8e616aab56b8622fa365ad63282ae\"},\"headline\":\"\u0130nternet Alan Adlar\u0131 Tebli\u011finde De\u011fi\u015fiklik Yap\u0131lmas\u0131na Dair Tebli\u011f Yay\u0131nland\u0131!\",\"datePublished\":\"2023-06-20T09:13:04+00:00\",\"dateModified\":\"2023-06-20T09:13:04+00:00\",\"mainEntityOfPage\":{\"@id\":\"https:\/\/www.esin.av.tr\/tr\/2023\/06\/20\/internet-alan-adlari-tebliginde-degisiklik-yapilmasina-dair-teblig-yayinlandi\/\"},\"wordCount\":1452,\"publisher\":{\"@id\":\"https:\/\/www.esin.av.tr\/tr\/#organization\"},\"keywords\":[\"Fikri M\u00fclkiyet ve Teknoloji\"],\"articleSection\":[\"Hukuk B\u00fcltenleri\"],\"inLanguage\":\"tr\"},{\"@type\":\"WebPage\",\"@id\":\"https:\/\/www.esin.av.tr\/tr\/2023\/06\/20\/internet-alan-adlari-tebliginde-degisiklik-yapilmasina-dair-teblig-yayinlandi\/\",\"url\":\"https:\/\/www.esin.av.tr\/tr\/2023\/06\/20\/internet-alan-adlari-tebliginde-degisiklik-yapilmasina-dair-teblig-yayinlandi\/\",\"name\":\"\u0130nternet Alan Adlar\u0131 Tebli\u011finde De\u011fi\u015fiklik Yap\u0131lmas\u0131na Dair Tebli\u011f Yay\u0131nland\u0131!\",\"isPartOf\":{\"@id\":\"https:\/\/www.esin.av.tr\/tr\/#website\"},\"datePublished\":\"2023-06-20T09:13:04+00:00\",\"dateModified\":\"2023-06-20T09:13:04+00:00\",\"description\":\"\u0130nternet Alan Adlar\u0131 Y\u00f6netmeli\u011fi (\\\"\u0130AA Y\u00f6netmeli\u011fi\\\") kapsam\u0131ndaki Kay\u0131t Kurulu\u015flar\u0131'n\u0131n (\\\"KK\\\") belirlenmesine, faaliyetlerine ve \\\".tr\\\" uzant\u0131l\u0131 internet\",\"breadcrumb\":{\"@id\":\"https:\/\/www.esin.av.tr\/tr\/2023\/06\/20\/internet-alan-adlari-tebliginde-degisiklik-yapilmasina-dair-teblig-yayinlandi\/#breadcrumb\"},\"inLanguage\":\"tr\",\"potentialAction\":[{\"@type\":\"ReadAction\",\"target\":[\"https:\/\/www.esin.av.tr\/tr\/2023\/06\/20\/internet-alan-adlari-tebliginde-degisiklik-yapilmasina-dair-teblig-yayinlandi\/\"]}]},{\"@type\":\"BreadcrumbList\",\"@id\":\"https:\/\/www.esin.av.tr\/tr\/2023\/06\/20\/internet-alan-adlari-tebliginde-degisiklik-yapilmasina-dair-teblig-yayinlandi\/#breadcrumb\",\"itemListElement\":[{\"@type\":\"ListItem\",\"position\":1,\"name\":\"Home\",\"item\":\"https:\/\/www.esin.av.tr\/tr\/\"},{\"@type\":\"ListItem\",\"position\":2,\"name\":\"\u0130nternet Alan Adlar\u0131 Tebli\u011finde De\u011fi\u015fiklik Yap\u0131lmas\u0131na Dair Tebli\u011f Yay\u0131nland\u0131!\"}]},{\"@type\":\"WebSite\",\"@id\":\"https:\/\/www.esin.av.tr\/tr\/#website\",\"url\":\"https:\/\/www.esin.av.tr\/tr\/\",\"name\":\"Esin Avukatl\u0131k Ortakl\u0131\u011f\u0131\",\"description\":\"\",\"publisher\":{\"@id\":\"https:\/\/www.esin.av.tr\/tr\/#organization\"},\"potentialAction\":[{\"@type\":\"SearchAction\",\"target\":{\"@type\":\"EntryPoint\",\"urlTemplate\":\"https:\/\/www.esin.av.tr\/tr\/?s={search_term_string}\"},\"query-input\":{\"@type\":\"PropertyValueSpecification\",\"valueRequired\":true,\"valueName\":\"search_term_string\"}}],\"inLanguage\":\"tr\"},{\"@type\":\"Organization\",\"@id\":\"https:\/\/www.esin.av.tr\/tr\/#organization\",\"name\":\"Esin Avukatl\u0131k Ortakl\u0131\u011f\u0131\",\"url\":\"https:\/\/www.esin.av.tr\/tr\/\",\"logo\":{\"@type\":\"ImageObject\",\"inLanguage\":\"tr\",\"@id\":\"https:\/\/www.esin.av.tr\/tr\/#\/schema\/logo\/image\/\",\"url\":\"https:\/\/www.esin.av.tr\/wp-content\/uploads\/2021\/09\/esin-2.jpg\",\"contentUrl\":\"https:\/\/www.esin.av.tr\/wp-content\/uploads\/2021\/09\/esin-2.jpg\",\"width\":800,\"height\":460,\"caption\":\"Esin Avukatl\u0131k Ortakl\u0131\u011f\u0131\"},\"image\":{\"@id\":\"https:\/\/www.esin.av.tr\/tr\/#\/schema\/logo\/image\/\"}},{\"@type\":\"Person\",\"@id\":\"https:\/\/www.esin.av.tr\/tr\/#\/schema\/person\/42c8e616aab56b8622fa365ad63282ae\",\"name\":\"R\u0131dvan Konrat\",\"image\":{\"@type\":\"ImageObject\",\"inLanguage\":\"tr\",\"@id\":\"https:\/\/www.esin.av.tr\/tr\/#\/schema\/person\/image\/\",\"url\":\"https:\/\/secure.gravatar.com\/avatar\/b20c6c583be38ed4e76e32f69fccc676?s=96&d=mm&r=g\",\"contentUrl\":\"https:\/\/secure.gravatar.com\/avatar\/b20c6c583be38ed4e76e32f69fccc676?s=96&d=mm&r=g\",\"caption\":\"R\u0131dvan Konrat\"},\"sameAs\":[\"http:\/\/www.esin.av.tr\"],\"url\":\"https:\/\/www.esin.av.tr\/tr\/author\/rkonrat\/\"}]}<\/script>\n<!-- \/ Yoast SEO plugin. -->","yoast_head_json":{"title":"\u0130nternet Alan Adlar\u0131 Tebli\u011finde De\u011fi\u015fiklik Yap\u0131lmas\u0131na Dair Tebli\u011f Yay\u0131nland\u0131!","description":"\u0130nternet Alan Adlar\u0131 Y\u00f6netmeli\u011fi (\"\u0130AA Y\u00f6netmeli\u011fi\") kapsam\u0131ndaki Kay\u0131t Kurulu\u015flar\u0131'n\u0131n (\"KK\") belirlenmesine, faaliyetlerine ve \".tr\" uzant\u0131l\u0131 internet","robots":{"index":"index","follow":"follow","max-snippet":"max-snippet:-1","max-image-preview":"max-image-preview:large","max-video-preview":"max-video-preview:-1"},"canonical":"https:\/\/www.esin.av.tr\/tr\/2023\/06\/20\/internet-alan-adlari-tebliginde-degisiklik-yapilmasina-dair-teblig-yayinlandi\/","og_locale":"tr_TR","og_type":"article","og_title":"\u0130nternet Alan Adlar\u0131 Tebli\u011finde De\u011fi\u015fiklik Yap\u0131lmas\u0131na Dair Tebli\u011f Yay\u0131nland\u0131!","og_description":"\u0130nternet Alan Adlar\u0131 Y\u00f6netmeli\u011fi (\"\u0130AA Y\u00f6netmeli\u011fi\") kapsam\u0131ndaki Kay\u0131t Kurulu\u015flar\u0131'n\u0131n (\"KK\") belirlenmesine, faaliyetlerine ve \".tr\" uzant\u0131l\u0131 internet","og_url":"https:\/\/www.esin.av.tr\/tr\/2023\/06\/20\/internet-alan-adlari-tebliginde-degisiklik-yapilmasina-dair-teblig-yayinlandi\/","og_site_name":"Esin Avukatl\u0131k Ortakl\u0131\u011f\u0131","article_published_time":"2023-06-20T09:13:04+00:00","author":"R\u0131dvan Konrat","twitter_card":"summary_large_image","twitter_misc":{"Written by":"R\u0131dvan Konrat","Est. reading time":"7 minutes"},"schema":{"@context":"https:\/\/schema.org","@graph":[{"@type":"Article","@id":"https:\/\/www.esin.av.tr\/tr\/2023\/06\/20\/internet-alan-adlari-tebliginde-degisiklik-yapilmasina-dair-teblig-yayinlandi\/#article","isPartOf":{"@id":"https:\/\/www.esin.av.tr\/tr\/2023\/06\/20\/internet-alan-adlari-tebliginde-degisiklik-yapilmasina-dair-teblig-yayinlandi\/"},"author":{"name":"R\u0131dvan Konrat","@id":"https:\/\/www.esin.av.tr\/tr\/#\/schema\/person\/42c8e616aab56b8622fa365ad63282ae"},"headline":"\u0130nternet Alan Adlar\u0131 Tebli\u011finde De\u011fi\u015fiklik Yap\u0131lmas\u0131na Dair Tebli\u011f Yay\u0131nland\u0131!","datePublished":"2023-06-20T09:13:04+00:00","dateModified":"2023-06-20T09:13:04+00:00","mainEntityOfPage":{"@id":"https:\/\/www.esin.av.tr\/tr\/2023\/06\/20\/internet-alan-adlari-tebliginde-degisiklik-yapilmasina-dair-teblig-yayinlandi\/"},"wordCount":1452,"publisher":{"@id":"https:\/\/www.esin.av.tr\/tr\/#organization"},"keywords":["Fikri M\u00fclkiyet ve Teknoloji"],"articleSection":["Hukuk B\u00fcltenleri"],"inLanguage":"tr"},{"@type":"WebPage","@id":"https:\/\/www.esin.av.tr\/tr\/2023\/06\/20\/internet-alan-adlari-tebliginde-degisiklik-yapilmasina-dair-teblig-yayinlandi\/","url":"https:\/\/www.esin.av.tr\/tr\/2023\/06\/20\/internet-alan-adlari-tebliginde-degisiklik-yapilmasina-dair-teblig-yayinlandi\/","name":"\u0130nternet Alan Adlar\u0131 Tebli\u011finde De\u011fi\u015fiklik Yap\u0131lmas\u0131na Dair Tebli\u011f Yay\u0131nland\u0131!","isPartOf":{"@id":"https:\/\/www.esin.av.tr\/tr\/#website"},"datePublished":"2023-06-20T09:13:04+00:00","dateModified":"2023-06-20T09:13:04+00:00","description":"\u0130nternet Alan Adlar\u0131 Y\u00f6netmeli\u011fi (\"\u0130AA Y\u00f6netmeli\u011fi\") kapsam\u0131ndaki Kay\u0131t Kurulu\u015flar\u0131'n\u0131n (\"KK\") belirlenmesine, faaliyetlerine ve \".tr\" uzant\u0131l\u0131 internet","breadcrumb":{"@id":"https:\/\/www.esin.av.tr\/tr\/2023\/06\/20\/internet-alan-adlari-tebliginde-degisiklik-yapilmasina-dair-teblig-yayinlandi\/#breadcrumb"},"inLanguage":"tr","potentialAction":[{"@type":"ReadAction","target":["https:\/\/www.esin.av.tr\/tr\/2023\/06\/20\/internet-alan-adlari-tebliginde-degisiklik-yapilmasina-dair-teblig-yayinlandi\/"]}]},{"@type":"BreadcrumbList","@id":"https:\/\/www.esin.av.tr\/tr\/2023\/06\/20\/internet-alan-adlari-tebliginde-degisiklik-yapilmasina-dair-teblig-yayinlandi\/#breadcrumb","itemListElement":[{"@type":"ListItem","position":1,"name":"Home","item":"https:\/\/www.esin.av.tr\/tr\/"},{"@type":"ListItem","position":2,"name":"\u0130nternet Alan Adlar\u0131 Tebli\u011finde De\u011fi\u015fiklik Yap\u0131lmas\u0131na Dair Tebli\u011f Yay\u0131nland\u0131!"}]},{"@type":"WebSite","@id":"https:\/\/www.esin.av.tr\/tr\/#website","url":"https:\/\/www.esin.av.tr\/tr\/","name":"Esin Avukatl\u0131k Ortakl\u0131\u011f\u0131","description":"","publisher":{"@id":"https:\/\/www.esin.av.tr\/tr\/#organization"},"potentialAction":[{"@type":"SearchAction","target":{"@type":"EntryPoint","urlTemplate":"https:\/\/www.esin.av.tr\/tr\/?s={search_term_string}"},"query-input":{"@type":"PropertyValueSpecification","valueRequired":true,"valueName":"search_term_string"}}],"inLanguage":"tr"},{"@type":"Organization","@id":"https:\/\/www.esin.av.tr\/tr\/#organization","name":"Esin Avukatl\u0131k Ortakl\u0131\u011f\u0131","url":"https:\/\/www.esin.av.tr\/tr\/","logo":{"@type":"ImageObject","inLanguage":"tr","@id":"https:\/\/www.esin.av.tr\/tr\/#\/schema\/logo\/image\/","url":"https:\/\/www.esin.av.tr\/wp-content\/uploads\/2021\/09\/esin-2.jpg","contentUrl":"https:\/\/www.esin.av.tr\/wp-content\/uploads\/2021\/09\/esin-2.jpg","width":800,"height":460,"caption":"Esin Avukatl\u0131k Ortakl\u0131\u011f\u0131"},"image":{"@id":"https:\/\/www.esin.av.tr\/tr\/#\/schema\/logo\/image\/"}},{"@type":"Person","@id":"https:\/\/www.esin.av.tr\/tr\/#\/schema\/person\/42c8e616aab56b8622fa365ad63282ae","name":"R\u0131dvan Konrat","image":{"@type":"ImageObject","inLanguage":"tr","@id":"https:\/\/www.esin.av.tr\/tr\/#\/schema\/person\/image\/","url":"https:\/\/secure.gravatar.com\/avatar\/b20c6c583be38ed4e76e32f69fccc676?s=96&d=mm&r=g","contentUrl":"https:\/\/secure.gravatar.com\/avatar\/b20c6c583be38ed4e76e32f69fccc676?s=96&d=mm&r=g","caption":"R\u0131dvan Konrat"},"sameAs":["http:\/\/www.esin.av.tr"],"url":"https:\/\/www.esin.av.tr\/tr\/author\/rkonrat\/"}]}},"_links":{"self":[{"href":"https:\/\/www.esin.av.tr\/tr\/wp-json\/wp\/v2\/posts\/25986","targetHints":{"allow":["GET"]}}],"collection":[{"href":"https:\/\/www.esin.av.tr\/tr\/wp-json\/wp\/v2\/posts"}],"about":[{"href":"https:\/\/www.esin.av.tr\/tr\/wp-json\/wp\/v2\/types\/post"}],"author":[{"embeddable":true,"href":"https:\/\/www.esin.av.tr\/tr\/wp-json\/wp\/v2\/users\/4"}],"replies":[{"embeddable":true,"href":"https:\/\/www.esin.av.tr\/tr\/wp-json\/wp\/v2\/comments?post=25986"}],"version-history":[{"count":1,"href":"https:\/\/www.esin.av.tr\/tr\/wp-json\/wp\/v2\/posts\/25986\/revisions"}],"predecessor-version":[{"id":25987,"href":"https:\/\/www.esin.av.tr\/tr\/wp-json\/wp\/v2\/posts\/25986\/revisions\/25987"}],"wp:attachment":[{"href":"https:\/\/www.esin.av.tr\/tr\/wp-json\/wp\/v2\/media?parent=25986"}],"wp:term":[{"taxonomy":"category","embeddable":true,"href":"https:\/\/www.esin.av.tr\/tr\/wp-json\/wp\/v2\/categories?post=25986"},{"taxonomy":"post_tag","embeddable":true,"href":"https:\/\/www.esin.av.tr\/tr\/wp-json\/wp\/v2\/tags?post=25986"}],"curies":[{"name":"wp","href":"https:\/\/api.w.org\/{rel}","templated":true}]}}