{"id":25829,"date":"2023-06-01T08:19:16","date_gmt":"2023-06-01T08:19:16","guid":{"rendered":"https:\/\/www.esin.av.tr\/?p=25829"},"modified":"2023-06-20T12:27:03","modified_gmt":"2023-06-20T12:27:03","slug":"saglik-hukuku-webinar-serisi-vi-2023te-saglik-sektorunde-neredeyiz","status":"publish","type":"post","link":"https:\/\/www.esin.av.tr\/tr\/2023\/06\/01\/saglik-hukuku-webinar-serisi-vi-2023te-saglik-sektorunde-neredeyiz\/","title":{"rendered":"Sa\u011fl\u0131k Hukuku Webinar Serisi &#8211; VI &#8211; 2023&#8217;te Sa\u011fl\u0131k Sekt\u00f6r\u00fcnde Neredeyiz?"},"content":{"rendered":"<p>Sa\u011fl\u0131k hukuku webinar serimizin alt\u0131nc\u0131s\u0131 &#8220;Sa\u011fl\u0131k Sekt\u00f6r\u00fcnde Yeni Normal &#8211; VI &#8211; 2023&#8217;te Sa\u011fl\u0131k Sekt\u00f6r\u00fcnde Neredeyiz?&#8221; webinar\u0131m\u0131za davetlisiniz!<\/p>\n<p>2023 y\u0131l\u0131n\u0131n ilk \u00e7eyre\u011finde neler oldu ve 2023&#8217;\u00fcn devam\u0131nda bizi neler bekliyor?<\/p>\n<ul>\n<li>2023&#8217;\u00fcn \u0130lk Yar\u0131s\u0131ndaki Sa\u011fl\u0131k Hukuku Geli\u015fmeleri<\/li>\n<li>2023&#8217;\u00fcn Devam\u0131nda Neler Bekliyoruz?<\/li>\n<li>Tele Sa\u011fl\u0131k ve Evde Sa\u011fl\u0131k Hizmetlerinin Sinerjik Kullan\u0131m\u0131n\u0131n Hasta Sa\u011fl\u0131\u011f\u0131na ve Kamu B\u00fct\u00e7esine Etkileri<\/li>\n<li>Sa\u011fl\u0131k Beyanlar\u0131 K\u0131lavuzu ve Y\u00f6netmeliklerinin Sekt\u00f6re ve T\u00fcketicileri Etkileri<\/li>\n<\/ul>\n<p>Bu webinar\u0131m\u0131zda ele almam\u0131z\u0131 istedi\u011finiz konular\u0131 ve\/veya \u00f6nden bize sormak istedi\u011finiz sorular\u0131n\u0131z\u0131 Zoom \u00fczerinden kay\u0131t olurken bize iletebilirsiniz.<\/p>\n<p>&nbsp;<\/p>\n<p>Webinar Kay\u0131t Linki:<\/p>\n<p><em><strong><a href=\"https:\/\/bakermckenzie.zoom.us\/rec\/share\/GyBa4m-8e4_UY2_U2jr8nWej5Z1JYs_yU1bW7N9K72D5phZ6b8xBJrnaybcMV6Cq.BkdWH9KslfQgAT10\" target=\"_blank\" rel=\"noopener\">Recording<\/a><\/strong><\/em><\/p>\n<p>Passcode: S13u.z=$<\/p>\n<p>&nbsp;<\/p>\n","protected":false},"excerpt":{"rendered":"<p>Sa\u011fl\u0131k hukuku webinar serimizin alt\u0131nc\u0131s\u0131 &#8220;Sa\u011fl\u0131k Sekt\u00f6r\u00fcnde Yeni Normal &#8211; VI &#8211; 2023&#8217;te Sa\u011fl\u0131k Sekt\u00f6r\u00fcnde Neredeyiz?&#8221; webinar\u0131m\u0131za davetlisiniz! 2023 y\u0131l\u0131n\u0131n [&hellip;]<\/p>\n","protected":false},"author":4,"featured_media":0,"comment_status":"closed","ping_status":"closed","sticky":false,"template":"","format":"standard","meta":{"_acf_changed":false,"_stopmodifiedupdate":false,"_modified_date":"","footnotes":""},"categories":[117],"tags":[],"class_list":["post-25829","post","type-post","status-publish","format-standard","hentry","category-webinar"],"acf":[],"yoast_head":"<!-- This site is optimized with the Yoast SEO plugin v24.0 - https:\/\/yoast.com\/wordpress\/plugins\/seo\/ -->\n<title>Sa\u011fl\u0131k Hukuku Webinar Serisi - VI - 2023&#039;te Sa\u011fl\u0131k Sekt\u00f6r\u00fcnde Neredeyiz?<\/title>\n<meta name=\"description\" content=\"Sa\u011fl\u0131k hukuku webinar serimizin alt\u0131nc\u0131s\u0131 &quot;Sa\u011fl\u0131k Sekt\u00f6r\u00fcnde Yeni Normal - VI - 2023&#039;te Sa\u011fl\u0131k Sekt\u00f6r\u00fcnde Neredeyiz?&quot; webinar\u0131m\u0131za davetlisiniz! 2023\" \/>\n<meta name=\"robots\" content=\"index, follow, max-snippet:-1, max-image-preview:large, max-video-preview:-1\" \/>\n<link rel=\"canonical\" href=\"https:\/\/www.esin.av.tr\/tr\/2023\/06\/01\/saglik-hukuku-webinar-serisi-vi-2023te-saglik-sektorunde-neredeyiz\/\" \/>\n<meta property=\"og:locale\" content=\"tr_TR\" \/>\n<meta property=\"og:type\" content=\"article\" \/>\n<meta property=\"og:title\" content=\"Sa\u011fl\u0131k Hukuku Webinar Serisi - VI - 2023&#039;te Sa\u011fl\u0131k Sekt\u00f6r\u00fcnde Neredeyiz?\" \/>\n<meta property=\"og:description\" content=\"Sa\u011fl\u0131k hukuku webinar serimizin alt\u0131nc\u0131s\u0131 &quot;Sa\u011fl\u0131k Sekt\u00f6r\u00fcnde Yeni Normal - VI - 2023&#039;te Sa\u011fl\u0131k Sekt\u00f6r\u00fcnde Neredeyiz?&quot; webinar\u0131m\u0131za davetlisiniz! 2023\" \/>\n<meta property=\"og:url\" content=\"https:\/\/www.esin.av.tr\/tr\/2023\/06\/01\/saglik-hukuku-webinar-serisi-vi-2023te-saglik-sektorunde-neredeyiz\/\" \/>\n<meta property=\"og:site_name\" content=\"Esin Avukatl\u0131k Ortakl\u0131\u011f\u0131\" \/>\n<meta property=\"article:published_time\" content=\"2023-06-01T08:19:16+00:00\" \/>\n<meta property=\"article:modified_time\" content=\"2023-06-20T12:27:03+00:00\" \/>\n<meta name=\"author\" content=\"R\u0131dvan Konrat\" \/>\n<meta name=\"twitter:card\" content=\"summary_large_image\" \/>\n<meta name=\"twitter:label1\" content=\"Written by\" \/>\n\t<meta name=\"twitter:data1\" content=\"R\u0131dvan Konrat\" \/>\n\t<meta name=\"twitter:label2\" content=\"Est. reading time\" \/>\n\t<meta name=\"twitter:data2\" content=\"1 minute\" \/>\n<script type=\"application\/ld+json\" class=\"yoast-schema-graph\">{\"@context\":\"https:\/\/schema.org\",\"@graph\":[{\"@type\":\"Article\",\"@id\":\"https:\/\/www.esin.av.tr\/tr\/2023\/06\/01\/saglik-hukuku-webinar-serisi-vi-2023te-saglik-sektorunde-neredeyiz\/#article\",\"isPartOf\":{\"@id\":\"https:\/\/www.esin.av.tr\/tr\/2023\/06\/01\/saglik-hukuku-webinar-serisi-vi-2023te-saglik-sektorunde-neredeyiz\/\"},\"author\":{\"name\":\"R\u0131dvan Konrat\",\"@id\":\"https:\/\/www.esin.av.tr\/tr\/#\/schema\/person\/42c8e616aab56b8622fa365ad63282ae\"},\"headline\":\"Sa\u011fl\u0131k Hukuku Webinar Serisi &#8211; VI &#8211; 2023&#8217;te Sa\u011fl\u0131k Sekt\u00f6r\u00fcnde Neredeyiz?\",\"datePublished\":\"2023-06-01T08:19:16+00:00\",\"dateModified\":\"2023-06-20T12:27:03+00:00\",\"mainEntityOfPage\":{\"@id\":\"https:\/\/www.esin.av.tr\/tr\/2023\/06\/01\/saglik-hukuku-webinar-serisi-vi-2023te-saglik-sektorunde-neredeyiz\/\"},\"wordCount\":159,\"publisher\":{\"@id\":\"https:\/\/www.esin.av.tr\/tr\/#organization\"},\"articleSection\":[\"Webinarlar\"],\"inLanguage\":\"tr\"},{\"@type\":\"WebPage\",\"@id\":\"https:\/\/www.esin.av.tr\/tr\/2023\/06\/01\/saglik-hukuku-webinar-serisi-vi-2023te-saglik-sektorunde-neredeyiz\/\",\"url\":\"https:\/\/www.esin.av.tr\/tr\/2023\/06\/01\/saglik-hukuku-webinar-serisi-vi-2023te-saglik-sektorunde-neredeyiz\/\",\"name\":\"Sa\u011fl\u0131k Hukuku Webinar Serisi - VI - 2023'te Sa\u011fl\u0131k Sekt\u00f6r\u00fcnde Neredeyiz?\",\"isPartOf\":{\"@id\":\"https:\/\/www.esin.av.tr\/tr\/#website\"},\"datePublished\":\"2023-06-01T08:19:16+00:00\",\"dateModified\":\"2023-06-20T12:27:03+00:00\",\"description\":\"Sa\u011fl\u0131k hukuku webinar serimizin alt\u0131nc\u0131s\u0131 \\\"Sa\u011fl\u0131k Sekt\u00f6r\u00fcnde Yeni Normal - VI - 2023'te Sa\u011fl\u0131k Sekt\u00f6r\u00fcnde Neredeyiz?\\\" webinar\u0131m\u0131za davetlisiniz! 2023\",\"breadcrumb\":{\"@id\":\"https:\/\/www.esin.av.tr\/tr\/2023\/06\/01\/saglik-hukuku-webinar-serisi-vi-2023te-saglik-sektorunde-neredeyiz\/#breadcrumb\"},\"inLanguage\":\"tr\",\"potentialAction\":[{\"@type\":\"ReadAction\",\"target\":[\"https:\/\/www.esin.av.tr\/tr\/2023\/06\/01\/saglik-hukuku-webinar-serisi-vi-2023te-saglik-sektorunde-neredeyiz\/\"]}]},{\"@type\":\"BreadcrumbList\",\"@id\":\"https:\/\/www.esin.av.tr\/tr\/2023\/06\/01\/saglik-hukuku-webinar-serisi-vi-2023te-saglik-sektorunde-neredeyiz\/#breadcrumb\",\"itemListElement\":[{\"@type\":\"ListItem\",\"position\":1,\"name\":\"Home\",\"item\":\"https:\/\/www.esin.av.tr\/tr\/\"},{\"@type\":\"ListItem\",\"position\":2,\"name\":\"Sa\u011fl\u0131k Hukuku Webinar Serisi &#8211; VI &#8211; 2023&#8217;te Sa\u011fl\u0131k Sekt\u00f6r\u00fcnde Neredeyiz?\"}]},{\"@type\":\"WebSite\",\"@id\":\"https:\/\/www.esin.av.tr\/tr\/#website\",\"url\":\"https:\/\/www.esin.av.tr\/tr\/\",\"name\":\"Esin Avukatl\u0131k Ortakl\u0131\u011f\u0131\",\"description\":\"\",\"publisher\":{\"@id\":\"https:\/\/www.esin.av.tr\/tr\/#organization\"},\"potentialAction\":[{\"@type\":\"SearchAction\",\"target\":{\"@type\":\"EntryPoint\",\"urlTemplate\":\"https:\/\/www.esin.av.tr\/tr\/?s={search_term_string}\"},\"query-input\":{\"@type\":\"PropertyValueSpecification\",\"valueRequired\":true,\"valueName\":\"search_term_string\"}}],\"inLanguage\":\"tr\"},{\"@type\":\"Organization\",\"@id\":\"https:\/\/www.esin.av.tr\/tr\/#organization\",\"name\":\"Esin Avukatl\u0131k Ortakl\u0131\u011f\u0131\",\"url\":\"https:\/\/www.esin.av.tr\/tr\/\",\"logo\":{\"@type\":\"ImageObject\",\"inLanguage\":\"tr\",\"@id\":\"https:\/\/www.esin.av.tr\/tr\/#\/schema\/logo\/image\/\",\"url\":\"https:\/\/www.esin.av.tr\/wp-content\/uploads\/2021\/09\/esin-2.jpg\",\"contentUrl\":\"https:\/\/www.esin.av.tr\/wp-content\/uploads\/2021\/09\/esin-2.jpg\",\"width\":800,\"height\":460,\"caption\":\"Esin Avukatl\u0131k Ortakl\u0131\u011f\u0131\"},\"image\":{\"@id\":\"https:\/\/www.esin.av.tr\/tr\/#\/schema\/logo\/image\/\"}},{\"@type\":\"Person\",\"@id\":\"https:\/\/www.esin.av.tr\/tr\/#\/schema\/person\/42c8e616aab56b8622fa365ad63282ae\",\"name\":\"R\u0131dvan Konrat\",\"image\":{\"@type\":\"ImageObject\",\"inLanguage\":\"tr\",\"@id\":\"https:\/\/www.esin.av.tr\/tr\/#\/schema\/person\/image\/\",\"url\":\"https:\/\/secure.gravatar.com\/avatar\/b20c6c583be38ed4e76e32f69fccc676?s=96&d=mm&r=g\",\"contentUrl\":\"https:\/\/secure.gravatar.com\/avatar\/b20c6c583be38ed4e76e32f69fccc676?s=96&d=mm&r=g\",\"caption\":\"R\u0131dvan Konrat\"},\"sameAs\":[\"http:\/\/www.esin.av.tr\"],\"url\":\"https:\/\/www.esin.av.tr\/tr\/author\/rkonrat\/\"}]}<\/script>\n<!-- \/ Yoast SEO plugin. -->","yoast_head_json":{"title":"Sa\u011fl\u0131k Hukuku Webinar Serisi - VI - 2023'te Sa\u011fl\u0131k Sekt\u00f6r\u00fcnde Neredeyiz?","description":"Sa\u011fl\u0131k hukuku webinar serimizin alt\u0131nc\u0131s\u0131 \"Sa\u011fl\u0131k Sekt\u00f6r\u00fcnde Yeni Normal - VI - 2023'te Sa\u011fl\u0131k Sekt\u00f6r\u00fcnde Neredeyiz?\" webinar\u0131m\u0131za davetlisiniz! 2023","robots":{"index":"index","follow":"follow","max-snippet":"max-snippet:-1","max-image-preview":"max-image-preview:large","max-video-preview":"max-video-preview:-1"},"canonical":"https:\/\/www.esin.av.tr\/tr\/2023\/06\/01\/saglik-hukuku-webinar-serisi-vi-2023te-saglik-sektorunde-neredeyiz\/","og_locale":"tr_TR","og_type":"article","og_title":"Sa\u011fl\u0131k Hukuku Webinar Serisi - VI - 2023'te Sa\u011fl\u0131k Sekt\u00f6r\u00fcnde Neredeyiz?","og_description":"Sa\u011fl\u0131k hukuku webinar serimizin alt\u0131nc\u0131s\u0131 \"Sa\u011fl\u0131k Sekt\u00f6r\u00fcnde Yeni Normal - VI - 2023'te Sa\u011fl\u0131k Sekt\u00f6r\u00fcnde Neredeyiz?\" webinar\u0131m\u0131za davetlisiniz! 2023","og_url":"https:\/\/www.esin.av.tr\/tr\/2023\/06\/01\/saglik-hukuku-webinar-serisi-vi-2023te-saglik-sektorunde-neredeyiz\/","og_site_name":"Esin Avukatl\u0131k Ortakl\u0131\u011f\u0131","article_published_time":"2023-06-01T08:19:16+00:00","article_modified_time":"2023-06-20T12:27:03+00:00","author":"R\u0131dvan Konrat","twitter_card":"summary_large_image","twitter_misc":{"Written by":"R\u0131dvan Konrat","Est. reading time":"1 minute"},"schema":{"@context":"https:\/\/schema.org","@graph":[{"@type":"Article","@id":"https:\/\/www.esin.av.tr\/tr\/2023\/06\/01\/saglik-hukuku-webinar-serisi-vi-2023te-saglik-sektorunde-neredeyiz\/#article","isPartOf":{"@id":"https:\/\/www.esin.av.tr\/tr\/2023\/06\/01\/saglik-hukuku-webinar-serisi-vi-2023te-saglik-sektorunde-neredeyiz\/"},"author":{"name":"R\u0131dvan Konrat","@id":"https:\/\/www.esin.av.tr\/tr\/#\/schema\/person\/42c8e616aab56b8622fa365ad63282ae"},"headline":"Sa\u011fl\u0131k Hukuku Webinar Serisi &#8211; VI &#8211; 2023&#8217;te Sa\u011fl\u0131k Sekt\u00f6r\u00fcnde Neredeyiz?","datePublished":"2023-06-01T08:19:16+00:00","dateModified":"2023-06-20T12:27:03+00:00","mainEntityOfPage":{"@id":"https:\/\/www.esin.av.tr\/tr\/2023\/06\/01\/saglik-hukuku-webinar-serisi-vi-2023te-saglik-sektorunde-neredeyiz\/"},"wordCount":159,"publisher":{"@id":"https:\/\/www.esin.av.tr\/tr\/#organization"},"articleSection":["Webinarlar"],"inLanguage":"tr"},{"@type":"WebPage","@id":"https:\/\/www.esin.av.tr\/tr\/2023\/06\/01\/saglik-hukuku-webinar-serisi-vi-2023te-saglik-sektorunde-neredeyiz\/","url":"https:\/\/www.esin.av.tr\/tr\/2023\/06\/01\/saglik-hukuku-webinar-serisi-vi-2023te-saglik-sektorunde-neredeyiz\/","name":"Sa\u011fl\u0131k Hukuku Webinar Serisi - VI - 2023'te Sa\u011fl\u0131k Sekt\u00f6r\u00fcnde Neredeyiz?","isPartOf":{"@id":"https:\/\/www.esin.av.tr\/tr\/#website"},"datePublished":"2023-06-01T08:19:16+00:00","dateModified":"2023-06-20T12:27:03+00:00","description":"Sa\u011fl\u0131k hukuku webinar serimizin alt\u0131nc\u0131s\u0131 \"Sa\u011fl\u0131k Sekt\u00f6r\u00fcnde Yeni Normal - VI - 2023'te Sa\u011fl\u0131k Sekt\u00f6r\u00fcnde Neredeyiz?\" webinar\u0131m\u0131za davetlisiniz! 2023","breadcrumb":{"@id":"https:\/\/www.esin.av.tr\/tr\/2023\/06\/01\/saglik-hukuku-webinar-serisi-vi-2023te-saglik-sektorunde-neredeyiz\/#breadcrumb"},"inLanguage":"tr","potentialAction":[{"@type":"ReadAction","target":["https:\/\/www.esin.av.tr\/tr\/2023\/06\/01\/saglik-hukuku-webinar-serisi-vi-2023te-saglik-sektorunde-neredeyiz\/"]}]},{"@type":"BreadcrumbList","@id":"https:\/\/www.esin.av.tr\/tr\/2023\/06\/01\/saglik-hukuku-webinar-serisi-vi-2023te-saglik-sektorunde-neredeyiz\/#breadcrumb","itemListElement":[{"@type":"ListItem","position":1,"name":"Home","item":"https:\/\/www.esin.av.tr\/tr\/"},{"@type":"ListItem","position":2,"name":"Sa\u011fl\u0131k Hukuku Webinar Serisi &#8211; VI &#8211; 2023&#8217;te Sa\u011fl\u0131k Sekt\u00f6r\u00fcnde Neredeyiz?"}]},{"@type":"WebSite","@id":"https:\/\/www.esin.av.tr\/tr\/#website","url":"https:\/\/www.esin.av.tr\/tr\/","name":"Esin Avukatl\u0131k Ortakl\u0131\u011f\u0131","description":"","publisher":{"@id":"https:\/\/www.esin.av.tr\/tr\/#organization"},"potentialAction":[{"@type":"SearchAction","target":{"@type":"EntryPoint","urlTemplate":"https:\/\/www.esin.av.tr\/tr\/?s={search_term_string}"},"query-input":{"@type":"PropertyValueSpecification","valueRequired":true,"valueName":"search_term_string"}}],"inLanguage":"tr"},{"@type":"Organization","@id":"https:\/\/www.esin.av.tr\/tr\/#organization","name":"Esin Avukatl\u0131k Ortakl\u0131\u011f\u0131","url":"https:\/\/www.esin.av.tr\/tr\/","logo":{"@type":"ImageObject","inLanguage":"tr","@id":"https:\/\/www.esin.av.tr\/tr\/#\/schema\/logo\/image\/","url":"https:\/\/www.esin.av.tr\/wp-content\/uploads\/2021\/09\/esin-2.jpg","contentUrl":"https:\/\/www.esin.av.tr\/wp-content\/uploads\/2021\/09\/esin-2.jpg","width":800,"height":460,"caption":"Esin Avukatl\u0131k Ortakl\u0131\u011f\u0131"},"image":{"@id":"https:\/\/www.esin.av.tr\/tr\/#\/schema\/logo\/image\/"}},{"@type":"Person","@id":"https:\/\/www.esin.av.tr\/tr\/#\/schema\/person\/42c8e616aab56b8622fa365ad63282ae","name":"R\u0131dvan Konrat","image":{"@type":"ImageObject","inLanguage":"tr","@id":"https:\/\/www.esin.av.tr\/tr\/#\/schema\/person\/image\/","url":"https:\/\/secure.gravatar.com\/avatar\/b20c6c583be38ed4e76e32f69fccc676?s=96&d=mm&r=g","contentUrl":"https:\/\/secure.gravatar.com\/avatar\/b20c6c583be38ed4e76e32f69fccc676?s=96&d=mm&r=g","caption":"R\u0131dvan Konrat"},"sameAs":["http:\/\/www.esin.av.tr"],"url":"https:\/\/www.esin.av.tr\/tr\/author\/rkonrat\/"}]}},"_links":{"self":[{"href":"https:\/\/www.esin.av.tr\/tr\/wp-json\/wp\/v2\/posts\/25829","targetHints":{"allow":["GET"]}}],"collection":[{"href":"https:\/\/www.esin.av.tr\/tr\/wp-json\/wp\/v2\/posts"}],"about":[{"href":"https:\/\/www.esin.av.tr\/tr\/wp-json\/wp\/v2\/types\/post"}],"author":[{"embeddable":true,"href":"https:\/\/www.esin.av.tr\/tr\/wp-json\/wp\/v2\/users\/4"}],"replies":[{"embeddable":true,"href":"https:\/\/www.esin.av.tr\/tr\/wp-json\/wp\/v2\/comments?post=25829"}],"version-history":[{"count":5,"href":"https:\/\/www.esin.av.tr\/tr\/wp-json\/wp\/v2\/posts\/25829\/revisions"}],"predecessor-version":[{"id":25992,"href":"https:\/\/www.esin.av.tr\/tr\/wp-json\/wp\/v2\/posts\/25829\/revisions\/25992"}],"wp:attachment":[{"href":"https:\/\/www.esin.av.tr\/tr\/wp-json\/wp\/v2\/media?parent=25829"}],"wp:term":[{"taxonomy":"category","embeddable":true,"href":"https:\/\/www.esin.av.tr\/tr\/wp-json\/wp\/v2\/categories?post=25829"},{"taxonomy":"post_tag","embeddable":true,"href":"https:\/\/www.esin.av.tr\/tr\/wp-json\/wp\/v2\/tags?post=25829"}],"curies":[{"name":"wp","href":"https:\/\/api.w.org\/{rel}","templated":true}]}}