{"id":25476,"date":"2023-04-27T13:10:12","date_gmt":"2023-04-27T13:10:12","guid":{"rendered":"https:\/\/www.esin.av.tr\/?p=25476"},"modified":"2023-04-27T13:10:12","modified_gmt":"2023-04-27T13:10:12","slug":"yeni-nesil-yonetim-aile-sirketi-hisselerinin-yatirim-fonuna-devri","status":"publish","type":"post","link":"https:\/\/www.esin.av.tr\/tr\/2023\/04\/27\/yeni-nesil-yonetim-aile-sirketi-hisselerinin-yatirim-fonuna-devri\/","title":{"rendered":"Yeni Nesil Y\u00f6netim &#8211; Aile \u015eirketi Hisselerinin Yat\u0131r\u0131m Fonuna Devri"},"content":{"rendered":"<p>Son y\u0131llarda \u00fclkemizde T\u00fcrk Liras\u0131 varl\u0131klara yat\u0131r\u0131m yap\u0131lmas\u0131n\u0131 te\u015fvik etmek amac\u0131yla farkl\u0131 yat\u0131r\u0131m ara\u00e7lar\u0131na olduk\u00e7a \u00f6zendirici te\u015fvikler getirildi\u011fi g\u00f6r\u00fclmektedir. Bu te\u015fviklerden en dikkat \u00e7ekici olan\u0131 ise yat\u0131r\u0131m fonlar\u0131na getirilen vergi te\u015fvikleridir. Sa\u011flanan vergi te\u015fvikleri, kurumlar\u0131 ve ger\u00e7ek ki\u015fileri, hisse senedi yat\u0131r\u0131mlar\u0131n\u0131 ger\u00e7ekle\u015ftirirken yat\u0131r\u0131m fonlar\u0131na y\u00f6nlendirmektedir. \u00d6yle ki gerek bireysel yat\u0131r\u0131mc\u0131lara (ger\u00e7ek ki\u015filer) gerekse de kurumlara yat\u0131r\u0131m fonlar\u0131 y\u00f6n\u00fcnden sa\u011flanan vergi te\u015fvikleri kurulan yat\u0131r\u0131m fonu say\u0131s\u0131, yat\u0131r\u0131m fonlar\u0131n\u0131n b\u00fcy\u00fckl\u00fckleri ve fon yat\u0131r\u0131mc\u0131s\u0131 say\u0131s\u0131nda ciddi bir art\u0131\u015fa neden olmu\u015ftur. Fon yat\u0131r\u0131mc\u0131s\u0131 say\u0131s\u0131 ge\u00e7ti\u011fimiz y\u0131lda bir milyon ki\u015finin \u00fczerinde artarken yat\u0131r\u0131m fonlar\u0131n\u0131n b\u00fcy\u00fckl\u00fc\u011f\u00fc ise yakla\u015f\u0131k iki kat\u0131na \u00e7\u0131km\u0131\u015ft\u0131r.<\/p>\n<p>B\u00fcltenimize <a href=\"https:\/\/urldefense.com\/v3\/__https:\/esinxchange.com\/collect\/click.aspx?u=R3h4U0RoQTBCcVptaVpqTUFLcWZaeXdObHFWMDFhdzNURGsvWFQ3S0I1K0FCbERwMUxmWTRIamNmcEF6VllrSEJ6Rm96eXF5VUh0WEtNK1dhbWd4eXczMGlPYktTejY4TmFlcXdUTEt6eWFBNXI3bFlad2dDUW1KWEE1MCtMbVg3ckh3YURNT1d3RT0=&amp;rh=ff00aa1d0f00d01110d6abe97c499707aa8ce61e__;!!Hj9Y_P0nvg!VTNjnSntQ2NYroc2DSq1_Q92ssFhfo6P6Ft2ezMDEkESq1EeBVdoPV29DYw_jaNaFXcIf7zGhO4oan54MkApX9DiUg$\"><strong>buradan<\/strong><\/a> eri\u015febilirsiniz.<\/p>\n","protected":false},"excerpt":{"rendered":"<p>Son y\u0131llarda \u00fclkemizde T\u00fcrk Liras\u0131 varl\u0131klara yat\u0131r\u0131m yap\u0131lmas\u0131n\u0131 te\u015fvik etmek amac\u0131yla farkl\u0131 yat\u0131r\u0131m ara\u00e7lar\u0131na olduk\u00e7a \u00f6zendirici te\u015fvikler getirildi\u011fi g\u00f6r\u00fclmektedir. Bu [&hellip;]<\/p>\n","protected":false},"author":4,"featured_media":0,"comment_status":"closed","ping_status":"closed","sticky":false,"template":"","format":"standard","meta":{"_acf_changed":false,"_stopmodifiedupdate":false,"_modified_date":"","footnotes":""},"categories":[120],"tags":[95,97],"class_list":["post-25476","post","type-post","status-publish","format-standard","hentry","category-legal-alerts","tag-tax-tr","tag-capital-markets-tr"],"acf":[],"yoast_head":"<!-- This site is optimized with the Yoast SEO plugin v24.0 - https:\/\/yoast.com\/wordpress\/plugins\/seo\/ -->\n<title>Yeni Nesil Y\u00f6netim - Aile \u015eirketi Hisselerinin Yat\u0131r\u0131m Fonuna Devri<\/title>\n<meta name=\"description\" content=\"Son y\u0131llarda \u00fclkemizde T\u00fcrk Liras\u0131 varl\u0131klara yat\u0131r\u0131m yap\u0131lmas\u0131n\u0131 te\u015fvik etmek amac\u0131yla farkl\u0131 yat\u0131r\u0131m ara\u00e7lar\u0131na olduk\u00e7a \u00f6zendirici te\u015fvikler getirildi\u011fi\" \/>\n<meta name=\"robots\" content=\"index, follow, max-snippet:-1, max-image-preview:large, max-video-preview:-1\" \/>\n<link rel=\"canonical\" href=\"https:\/\/www.esin.av.tr\/tr\/2023\/04\/27\/yeni-nesil-yonetim-aile-sirketi-hisselerinin-yatirim-fonuna-devri\/\" \/>\n<meta property=\"og:locale\" content=\"tr_TR\" \/>\n<meta property=\"og:type\" content=\"article\" \/>\n<meta property=\"og:title\" content=\"Yeni Nesil Y\u00f6netim - Aile \u015eirketi Hisselerinin Yat\u0131r\u0131m Fonuna Devri\" \/>\n<meta property=\"og:description\" content=\"Son y\u0131llarda \u00fclkemizde T\u00fcrk Liras\u0131 varl\u0131klara yat\u0131r\u0131m yap\u0131lmas\u0131n\u0131 te\u015fvik etmek amac\u0131yla farkl\u0131 yat\u0131r\u0131m ara\u00e7lar\u0131na olduk\u00e7a \u00f6zendirici te\u015fvikler getirildi\u011fi\" \/>\n<meta property=\"og:url\" content=\"https:\/\/www.esin.av.tr\/tr\/2023\/04\/27\/yeni-nesil-yonetim-aile-sirketi-hisselerinin-yatirim-fonuna-devri\/\" \/>\n<meta property=\"og:site_name\" content=\"Esin Avukatl\u0131k Ortakl\u0131\u011f\u0131\" \/>\n<meta property=\"article:published_time\" content=\"2023-04-27T13:10:12+00:00\" \/>\n<meta name=\"author\" content=\"R\u0131dvan Konrat\" \/>\n<meta name=\"twitter:card\" content=\"summary_large_image\" \/>\n<meta name=\"twitter:label1\" content=\"Written by\" \/>\n\t<meta name=\"twitter:data1\" content=\"R\u0131dvan Konrat\" \/>\n\t<meta name=\"twitter:label2\" content=\"Est. reading time\" \/>\n\t<meta name=\"twitter:data2\" content=\"1 minute\" \/>\n<script type=\"application\/ld+json\" class=\"yoast-schema-graph\">{\"@context\":\"https:\/\/schema.org\",\"@graph\":[{\"@type\":\"Article\",\"@id\":\"https:\/\/www.esin.av.tr\/tr\/2023\/04\/27\/yeni-nesil-yonetim-aile-sirketi-hisselerinin-yatirim-fonuna-devri\/#article\",\"isPartOf\":{\"@id\":\"https:\/\/www.esin.av.tr\/tr\/2023\/04\/27\/yeni-nesil-yonetim-aile-sirketi-hisselerinin-yatirim-fonuna-devri\/\"},\"author\":{\"name\":\"R\u0131dvan Konrat\",\"@id\":\"https:\/\/www.esin.av.tr\/tr\/#\/schema\/person\/42c8e616aab56b8622fa365ad63282ae\"},\"headline\":\"Yeni Nesil Y\u00f6netim &#8211; Aile \u015eirketi Hisselerinin Yat\u0131r\u0131m Fonuna Devri\",\"datePublished\":\"2023-04-27T13:10:12+00:00\",\"dateModified\":\"2023-04-27T13:10:12+00:00\",\"mainEntityOfPage\":{\"@id\":\"https:\/\/www.esin.av.tr\/tr\/2023\/04\/27\/yeni-nesil-yonetim-aile-sirketi-hisselerinin-yatirim-fonuna-devri\/\"},\"wordCount\":195,\"publisher\":{\"@id\":\"https:\/\/www.esin.av.tr\/tr\/#organization\"},\"keywords\":[\"Vergi\",\"Sermaye Piyasas\u0131 Hukuku\"],\"articleSection\":[\"Hukuk B\u00fcltenleri\"],\"inLanguage\":\"tr\"},{\"@type\":\"WebPage\",\"@id\":\"https:\/\/www.esin.av.tr\/tr\/2023\/04\/27\/yeni-nesil-yonetim-aile-sirketi-hisselerinin-yatirim-fonuna-devri\/\",\"url\":\"https:\/\/www.esin.av.tr\/tr\/2023\/04\/27\/yeni-nesil-yonetim-aile-sirketi-hisselerinin-yatirim-fonuna-devri\/\",\"name\":\"Yeni Nesil Y\u00f6netim - Aile \u015eirketi Hisselerinin Yat\u0131r\u0131m Fonuna Devri\",\"isPartOf\":{\"@id\":\"https:\/\/www.esin.av.tr\/tr\/#website\"},\"datePublished\":\"2023-04-27T13:10:12+00:00\",\"dateModified\":\"2023-04-27T13:10:12+00:00\",\"description\":\"Son y\u0131llarda \u00fclkemizde T\u00fcrk Liras\u0131 varl\u0131klara yat\u0131r\u0131m yap\u0131lmas\u0131n\u0131 te\u015fvik etmek amac\u0131yla farkl\u0131 yat\u0131r\u0131m ara\u00e7lar\u0131na olduk\u00e7a \u00f6zendirici te\u015fvikler getirildi\u011fi\",\"breadcrumb\":{\"@id\":\"https:\/\/www.esin.av.tr\/tr\/2023\/04\/27\/yeni-nesil-yonetim-aile-sirketi-hisselerinin-yatirim-fonuna-devri\/#breadcrumb\"},\"inLanguage\":\"tr\",\"potentialAction\":[{\"@type\":\"ReadAction\",\"target\":[\"https:\/\/www.esin.av.tr\/tr\/2023\/04\/27\/yeni-nesil-yonetim-aile-sirketi-hisselerinin-yatirim-fonuna-devri\/\"]}]},{\"@type\":\"BreadcrumbList\",\"@id\":\"https:\/\/www.esin.av.tr\/tr\/2023\/04\/27\/yeni-nesil-yonetim-aile-sirketi-hisselerinin-yatirim-fonuna-devri\/#breadcrumb\",\"itemListElement\":[{\"@type\":\"ListItem\",\"position\":1,\"name\":\"Home\",\"item\":\"https:\/\/www.esin.av.tr\/tr\/\"},{\"@type\":\"ListItem\",\"position\":2,\"name\":\"Yeni Nesil Y\u00f6netim &#8211; Aile \u015eirketi Hisselerinin Yat\u0131r\u0131m Fonuna Devri\"}]},{\"@type\":\"WebSite\",\"@id\":\"https:\/\/www.esin.av.tr\/tr\/#website\",\"url\":\"https:\/\/www.esin.av.tr\/tr\/\",\"name\":\"Esin Avukatl\u0131k Ortakl\u0131\u011f\u0131\",\"description\":\"\",\"publisher\":{\"@id\":\"https:\/\/www.esin.av.tr\/tr\/#organization\"},\"potentialAction\":[{\"@type\":\"SearchAction\",\"target\":{\"@type\":\"EntryPoint\",\"urlTemplate\":\"https:\/\/www.esin.av.tr\/tr\/?s={search_term_string}\"},\"query-input\":{\"@type\":\"PropertyValueSpecification\",\"valueRequired\":true,\"valueName\":\"search_term_string\"}}],\"inLanguage\":\"tr\"},{\"@type\":\"Organization\",\"@id\":\"https:\/\/www.esin.av.tr\/tr\/#organization\",\"name\":\"Esin Avukatl\u0131k Ortakl\u0131\u011f\u0131\",\"url\":\"https:\/\/www.esin.av.tr\/tr\/\",\"logo\":{\"@type\":\"ImageObject\",\"inLanguage\":\"tr\",\"@id\":\"https:\/\/www.esin.av.tr\/tr\/#\/schema\/logo\/image\/\",\"url\":\"https:\/\/www.esin.av.tr\/wp-content\/uploads\/2021\/09\/esin-2.jpg\",\"contentUrl\":\"https:\/\/www.esin.av.tr\/wp-content\/uploads\/2021\/09\/esin-2.jpg\",\"width\":800,\"height\":460,\"caption\":\"Esin Avukatl\u0131k Ortakl\u0131\u011f\u0131\"},\"image\":{\"@id\":\"https:\/\/www.esin.av.tr\/tr\/#\/schema\/logo\/image\/\"}},{\"@type\":\"Person\",\"@id\":\"https:\/\/www.esin.av.tr\/tr\/#\/schema\/person\/42c8e616aab56b8622fa365ad63282ae\",\"name\":\"R\u0131dvan Konrat\",\"image\":{\"@type\":\"ImageObject\",\"inLanguage\":\"tr\",\"@id\":\"https:\/\/www.esin.av.tr\/tr\/#\/schema\/person\/image\/\",\"url\":\"https:\/\/secure.gravatar.com\/avatar\/b20c6c583be38ed4e76e32f69fccc676?s=96&d=mm&r=g\",\"contentUrl\":\"https:\/\/secure.gravatar.com\/avatar\/b20c6c583be38ed4e76e32f69fccc676?s=96&d=mm&r=g\",\"caption\":\"R\u0131dvan Konrat\"},\"sameAs\":[\"http:\/\/www.esin.av.tr\"],\"url\":\"https:\/\/www.esin.av.tr\/tr\/author\/rkonrat\/\"}]}<\/script>\n<!-- \/ Yoast SEO plugin. -->","yoast_head_json":{"title":"Yeni Nesil Y\u00f6netim - Aile \u015eirketi Hisselerinin Yat\u0131r\u0131m Fonuna Devri","description":"Son y\u0131llarda \u00fclkemizde T\u00fcrk Liras\u0131 varl\u0131klara yat\u0131r\u0131m yap\u0131lmas\u0131n\u0131 te\u015fvik etmek amac\u0131yla farkl\u0131 yat\u0131r\u0131m ara\u00e7lar\u0131na olduk\u00e7a \u00f6zendirici te\u015fvikler getirildi\u011fi","robots":{"index":"index","follow":"follow","max-snippet":"max-snippet:-1","max-image-preview":"max-image-preview:large","max-video-preview":"max-video-preview:-1"},"canonical":"https:\/\/www.esin.av.tr\/tr\/2023\/04\/27\/yeni-nesil-yonetim-aile-sirketi-hisselerinin-yatirim-fonuna-devri\/","og_locale":"tr_TR","og_type":"article","og_title":"Yeni Nesil Y\u00f6netim - Aile \u015eirketi Hisselerinin Yat\u0131r\u0131m Fonuna Devri","og_description":"Son y\u0131llarda \u00fclkemizde T\u00fcrk Liras\u0131 varl\u0131klara yat\u0131r\u0131m yap\u0131lmas\u0131n\u0131 te\u015fvik etmek amac\u0131yla farkl\u0131 yat\u0131r\u0131m ara\u00e7lar\u0131na olduk\u00e7a \u00f6zendirici te\u015fvikler getirildi\u011fi","og_url":"https:\/\/www.esin.av.tr\/tr\/2023\/04\/27\/yeni-nesil-yonetim-aile-sirketi-hisselerinin-yatirim-fonuna-devri\/","og_site_name":"Esin Avukatl\u0131k Ortakl\u0131\u011f\u0131","article_published_time":"2023-04-27T13:10:12+00:00","author":"R\u0131dvan Konrat","twitter_card":"summary_large_image","twitter_misc":{"Written by":"R\u0131dvan Konrat","Est. reading time":"1 minute"},"schema":{"@context":"https:\/\/schema.org","@graph":[{"@type":"Article","@id":"https:\/\/www.esin.av.tr\/tr\/2023\/04\/27\/yeni-nesil-yonetim-aile-sirketi-hisselerinin-yatirim-fonuna-devri\/#article","isPartOf":{"@id":"https:\/\/www.esin.av.tr\/tr\/2023\/04\/27\/yeni-nesil-yonetim-aile-sirketi-hisselerinin-yatirim-fonuna-devri\/"},"author":{"name":"R\u0131dvan Konrat","@id":"https:\/\/www.esin.av.tr\/tr\/#\/schema\/person\/42c8e616aab56b8622fa365ad63282ae"},"headline":"Yeni Nesil Y\u00f6netim &#8211; Aile \u015eirketi Hisselerinin Yat\u0131r\u0131m Fonuna Devri","datePublished":"2023-04-27T13:10:12+00:00","dateModified":"2023-04-27T13:10:12+00:00","mainEntityOfPage":{"@id":"https:\/\/www.esin.av.tr\/tr\/2023\/04\/27\/yeni-nesil-yonetim-aile-sirketi-hisselerinin-yatirim-fonuna-devri\/"},"wordCount":195,"publisher":{"@id":"https:\/\/www.esin.av.tr\/tr\/#organization"},"keywords":["Vergi","Sermaye Piyasas\u0131 Hukuku"],"articleSection":["Hukuk B\u00fcltenleri"],"inLanguage":"tr"},{"@type":"WebPage","@id":"https:\/\/www.esin.av.tr\/tr\/2023\/04\/27\/yeni-nesil-yonetim-aile-sirketi-hisselerinin-yatirim-fonuna-devri\/","url":"https:\/\/www.esin.av.tr\/tr\/2023\/04\/27\/yeni-nesil-yonetim-aile-sirketi-hisselerinin-yatirim-fonuna-devri\/","name":"Yeni Nesil Y\u00f6netim - Aile \u015eirketi Hisselerinin Yat\u0131r\u0131m Fonuna Devri","isPartOf":{"@id":"https:\/\/www.esin.av.tr\/tr\/#website"},"datePublished":"2023-04-27T13:10:12+00:00","dateModified":"2023-04-27T13:10:12+00:00","description":"Son y\u0131llarda \u00fclkemizde T\u00fcrk Liras\u0131 varl\u0131klara yat\u0131r\u0131m yap\u0131lmas\u0131n\u0131 te\u015fvik etmek amac\u0131yla farkl\u0131 yat\u0131r\u0131m ara\u00e7lar\u0131na olduk\u00e7a \u00f6zendirici te\u015fvikler getirildi\u011fi","breadcrumb":{"@id":"https:\/\/www.esin.av.tr\/tr\/2023\/04\/27\/yeni-nesil-yonetim-aile-sirketi-hisselerinin-yatirim-fonuna-devri\/#breadcrumb"},"inLanguage":"tr","potentialAction":[{"@type":"ReadAction","target":["https:\/\/www.esin.av.tr\/tr\/2023\/04\/27\/yeni-nesil-yonetim-aile-sirketi-hisselerinin-yatirim-fonuna-devri\/"]}]},{"@type":"BreadcrumbList","@id":"https:\/\/www.esin.av.tr\/tr\/2023\/04\/27\/yeni-nesil-yonetim-aile-sirketi-hisselerinin-yatirim-fonuna-devri\/#breadcrumb","itemListElement":[{"@type":"ListItem","position":1,"name":"Home","item":"https:\/\/www.esin.av.tr\/tr\/"},{"@type":"ListItem","position":2,"name":"Yeni Nesil Y\u00f6netim &#8211; Aile \u015eirketi Hisselerinin Yat\u0131r\u0131m Fonuna Devri"}]},{"@type":"WebSite","@id":"https:\/\/www.esin.av.tr\/tr\/#website","url":"https:\/\/www.esin.av.tr\/tr\/","name":"Esin Avukatl\u0131k Ortakl\u0131\u011f\u0131","description":"","publisher":{"@id":"https:\/\/www.esin.av.tr\/tr\/#organization"},"potentialAction":[{"@type":"SearchAction","target":{"@type":"EntryPoint","urlTemplate":"https:\/\/www.esin.av.tr\/tr\/?s={search_term_string}"},"query-input":{"@type":"PropertyValueSpecification","valueRequired":true,"valueName":"search_term_string"}}],"inLanguage":"tr"},{"@type":"Organization","@id":"https:\/\/www.esin.av.tr\/tr\/#organization","name":"Esin Avukatl\u0131k Ortakl\u0131\u011f\u0131","url":"https:\/\/www.esin.av.tr\/tr\/","logo":{"@type":"ImageObject","inLanguage":"tr","@id":"https:\/\/www.esin.av.tr\/tr\/#\/schema\/logo\/image\/","url":"https:\/\/www.esin.av.tr\/wp-content\/uploads\/2021\/09\/esin-2.jpg","contentUrl":"https:\/\/www.esin.av.tr\/wp-content\/uploads\/2021\/09\/esin-2.jpg","width":800,"height":460,"caption":"Esin Avukatl\u0131k Ortakl\u0131\u011f\u0131"},"image":{"@id":"https:\/\/www.esin.av.tr\/tr\/#\/schema\/logo\/image\/"}},{"@type":"Person","@id":"https:\/\/www.esin.av.tr\/tr\/#\/schema\/person\/42c8e616aab56b8622fa365ad63282ae","name":"R\u0131dvan Konrat","image":{"@type":"ImageObject","inLanguage":"tr","@id":"https:\/\/www.esin.av.tr\/tr\/#\/schema\/person\/image\/","url":"https:\/\/secure.gravatar.com\/avatar\/b20c6c583be38ed4e76e32f69fccc676?s=96&d=mm&r=g","contentUrl":"https:\/\/secure.gravatar.com\/avatar\/b20c6c583be38ed4e76e32f69fccc676?s=96&d=mm&r=g","caption":"R\u0131dvan Konrat"},"sameAs":["http:\/\/www.esin.av.tr"],"url":"https:\/\/www.esin.av.tr\/tr\/author\/rkonrat\/"}]}},"_links":{"self":[{"href":"https:\/\/www.esin.av.tr\/tr\/wp-json\/wp\/v2\/posts\/25476","targetHints":{"allow":["GET"]}}],"collection":[{"href":"https:\/\/www.esin.av.tr\/tr\/wp-json\/wp\/v2\/posts"}],"about":[{"href":"https:\/\/www.esin.av.tr\/tr\/wp-json\/wp\/v2\/types\/post"}],"author":[{"embeddable":true,"href":"https:\/\/www.esin.av.tr\/tr\/wp-json\/wp\/v2\/users\/4"}],"replies":[{"embeddable":true,"href":"https:\/\/www.esin.av.tr\/tr\/wp-json\/wp\/v2\/comments?post=25476"}],"version-history":[{"count":1,"href":"https:\/\/www.esin.av.tr\/tr\/wp-json\/wp\/v2\/posts\/25476\/revisions"}],"predecessor-version":[{"id":25477,"href":"https:\/\/www.esin.av.tr\/tr\/wp-json\/wp\/v2\/posts\/25476\/revisions\/25477"}],"wp:attachment":[{"href":"https:\/\/www.esin.av.tr\/tr\/wp-json\/wp\/v2\/media?parent=25476"}],"wp:term":[{"taxonomy":"category","embeddable":true,"href":"https:\/\/www.esin.av.tr\/tr\/wp-json\/wp\/v2\/categories?post=25476"},{"taxonomy":"post_tag","embeddable":true,"href":"https:\/\/www.esin.av.tr\/tr\/wp-json\/wp\/v2\/tags?post=25476"}],"curies":[{"name":"wp","href":"https:\/\/api.w.org\/{rel}","templated":true}]}}