{"id":25065,"date":"2023-03-21T10:48:17","date_gmt":"2023-03-21T10:48:17","guid":{"rendered":"https:\/\/www.esin.av.tr\/?p=25065"},"modified":"2023-03-21T10:48:17","modified_gmt":"2023-03-21T10:48:17","slug":"beseri-tibbi-urunlerin-fiyatlandirilmasina-dair-kararda-degisiklik","status":"publish","type":"post","link":"https:\/\/www.esin.av.tr\/tr\/2023\/03\/21\/beseri-tibbi-urunlerin-fiyatlandirilmasina-dair-kararda-degisiklik\/","title":{"rendered":"Be\u015feri T\u0131bbi \u00dcr\u00fcnlerin Fiyatland\u0131r\u0131lmas\u0131na Dair Karar&#8217;da De\u011fi\u015fiklik"},"content":{"rendered":"<h3><strong>Yeni Geli\u015fme<\/strong><\/h3>\n<p>Cumhurba\u015fkanl\u0131\u011f\u0131, 14 Mart 2023 tarihinde Be\u015feri T\u0131bbi \u00dcr\u00fcnlerin Fiyatland\u0131r\u0131lmas\u0131na Dair Kararda De\u011fi\u015fiklik Yap\u0131lmas\u0131 Hakk\u0131nda Karar&#8217;\u0131 (&#8220;<strong>Karar<\/strong>&#8220;) yay\u0131mlad\u0131. Karar kapsam\u0131nda getirilen ger\u00e7ek kaynak fiyat hesaplanmas\u0131na ili\u015fkin d\u00fczenlemeler 9 Kas\u0131m 2022 tarihinde, di\u011fer de\u011fi\u015fiklikler ise Karar&#8217;\u0131n yay\u0131m\u0131 tarihinde y\u00fcr\u00fcrl\u00fc\u011fe girecektir. Karar&#8217;a\u00a0<a href=\"https:\/\/urldefense.com\/v3\/__https:\/esinxchange.com\/collect\/click.aspx?u=RU9JZ0xadHBvZVF3UTJnQ1Bqa0tmK2R0bDBkL05SODQweXRkTUxZNk9uQWtmRkZMbHZrTzhyQzAwU0h5b3VuZy80aHE2NTY4WUdaKzRVZ3kvR3IvdkE2VExlZW9uZndoRlJGNWF6MzdUV1VNbE5mM2V3QWJRYlUrcnNHRjVTbjM=&amp;rh=ff00a72e9b7eef3e7197866224428ada56d528cd__;!!Hj9Y_P0nvg!UuSWUuPvnEBFFTAI2eF1KCG7FQf8yLEI8rdiKLMG0cr0SHaZU5YBmr8wBgiaa1T_KTZjMAAXc32-0EhtQkneIsH9Zw$\">buradan\u00a0<\/a>ula\u015fabilirsiniz.<\/p>\n<h3><strong>Ne De\u011fi\u015fecek?<\/strong><\/h3>\n<p>Karar ile yap\u0131lan ba\u015fl\u0131ca de\u011fi\u015fiklikler a\u015fa\u011f\u0131daki gibidir:<\/p>\n<ul>\n<li>T\u00fcrkiye&#8217;de halihaz\u0131rda perakende sat\u0131\u015f\u0131 bulunan veya perakende sat\u0131\u015f fiyat\u0131 talep edecek olan ithal \u00fcr\u00fcnlerin, kaynak \u00fcr\u00fcn\u00fcn\u00fcn tespit edilemedi\u011fi durumlarda, herhangi bir \u00fclkede perakende sat\u0131\u015f\u0131 olmayan ve sadece hastane kanal\u0131yla sat\u0131\u015fa sunulan \u00fcr\u00fcn\u00fcn depocuya sat\u0131\u015f fiyat\u0131, ger\u00e7ek kaynak fiyat hesaplamas\u0131nda dikkate al\u0131nacakt\u0131r.<\/li>\n<li>T\u00fcrkiye&#8217;de referans \u00fcr\u00fcn\u00fc bulunmayan veya T\u00fcrkiye&#8217;de bulunan referans \u00fcr\u00fcn\u00fc kaynak \u00fcr\u00fcn olarak al\u0131namayan imal e\u015fde\u011fer \u00fcr\u00fcnler i\u00e7in kaynak \u00fclke ara\u015ft\u0131rmas\u0131 yap\u0131lmayacakt\u0131r. Halihaz\u0131rda maliyet kart\u0131 ile fiyatland\u0131r\u0131lm\u0131\u015f olup T\u00fcrkiye&#8217;de referans \u00fcr\u00fcn\u00fc bulunmayan imal e\u015fde\u011fer \u00fcr\u00fcnler i\u00e7in T\u0130TCK taraf\u0131ndan yeniden referans \u00fcr\u00fcn ara\u015ft\u0131rmas\u0131 yap\u0131lmayacak, veya kaynak \u00fclkelerde kaynak fiyat tespit edilmesi halinde bu fiyat hesaplamalarda dikkate al\u0131nmayacakt\u0131r.<\/li>\n<li>\u0130la\u00e7lar haricindeki \u00fcr\u00fcnlerin perakende sat\u0131\u015f fiyat\u0131 belirlenirken uygulanacak eczac\u0131 kar oranlar\u0131 a\u015fa\u011f\u0131daki \u015fekilde de\u011fi\u015ftirilmi\u015ftir;\n<ul>\n<li>328 TL&#8217;ye kadar olan k\u0131s\u0131m i\u00e7in (328 TL dahil) %28,<\/li>\n<li>328-657 TL aras\u0131nda kalan k\u0131s\u0131m i\u00e7in (657 TL dahil) %18,<\/li>\n<li>657 TL \u00fcst\u00fcnde kalan k\u0131s\u0131m i\u00e7in %13<\/li>\n<\/ul>\n<\/li>\n<li>Geri \u00f6demesiz \u00fcr\u00fcnler hari\u00e7 olmak kayd\u0131yla, Detayl\u0131 \u0130la\u00e7 Fiyat Listesinde yer alan ve Depocuya Sat\u0131\u015f Fiyat\u0131 (DSP) 55,90 TL (55,90 TL d\u00e2hil de\u011fil) alt\u0131nda olan \u00fcr\u00fcnler i\u00e7in Depocuya Sat\u0131\u015f Fiyat\u0131na;\n<ul>\n<li>mevcutta Depocuya Sat\u0131\u015f Fiyat\u0131 (DSF) 37,10 TL ve alt\u0131nda olan \u00fcr\u00fcnlere 37,10 TL&#8217;yi a\u015fmayacak \u015fekilde,<\/li>\n<li>mevcutta Depocuya Sat\u0131\u015f Fiyat\u0131 (DSF) 37,11 TL (dahil) ile 55,89 TL aras\u0131nda olan \u00fcr\u00fcnlere 55,89 TL\u2019yi a\u015fmayacak \u015fekilde,<\/li>\n<\/ul>\n<\/li>\n<\/ul>\n<p>4 TL&#8217;ye kadar art\u0131\u015f verilecektir.<\/p>\n<ul>\n<li>Fiyat korumal\u0131 \u00fcr\u00fcnlerde 37,10 TL ve alt\u0131nda, di\u011fer \u00fcr\u00fcnlerde 19,39 TL alt\u0131nda olan \u00fcr\u00fcnlere verilen bu art\u0131\u015f mahsupla\u015fma i\u015fleminden muaf tutulmu\u015ftur. Fiyat korumal\u0131 \u00fcr\u00fcnlerde 37,11 TL ile 55,89 TL aras\u0131nda, di\u011fer \u00fcr\u00fcnlerde 19,39 TL ile 55,89 TL aras\u0131nda olan \u00fcr\u00fcnlere verilen bu art\u0131\u015f ger\u00e7ek kaynak fiyat de\u011fi\u015fiklik d\u00f6neminde mahsupla\u015fma i\u015fleminden muaf de\u011fildir.<\/li>\n<\/ul>\n<h3><strong>Sonu\u00e7<\/strong><\/h3>\n<p>Karar&#8217;da yap\u0131lan de\u011fi\u015fiklikler ile be\u015feri t\u0131bbi \u00fcr\u00fcnlerin fiyatland\u0131r\u0131lmas\u0131na ili\u015fkin yeni d\u00fczenlemeler ve e\u015fikler getirilmi\u015f, kaynak \u00fcr\u00fcn\u00fcn ya da referans \u00fcr\u00fcn\u00fcn\u00fcn tespit edilemedi\u011fi haller i\u00e7in alternatif bir hesaplama y\u00f6ntemi d\u00fczenlenmi\u015ftir. T\u00fcrkiye&#8217;de ila\u00e7lar\u0131n piyasa arz\u0131nda, ithalat\u0131nda veya da\u011f\u0131t\u0131m\u0131nda faaliyet g\u00f6steren t\u00fcm \u015firketler, fiyatland\u0131rma d\u00fczenlemelerinde yap\u0131lan de\u011fi\u015fiklikleri yak\u0131ndan takip etmeli ve mevzuatta yer alan y\u00fck\u00fcml\u00fcl\u00fcklerini yerine getirmelidir.<\/p>\n","protected":false},"excerpt":{"rendered":"<p>Yeni Geli\u015fme Cumhurba\u015fkanl\u0131\u011f\u0131, 14 Mart 2023 tarihinde Be\u015feri T\u0131bbi \u00dcr\u00fcnlerin Fiyatland\u0131r\u0131lmas\u0131na Dair Kararda De\u011fi\u015fiklik Yap\u0131lmas\u0131 Hakk\u0131nda Karar&#8217;\u0131 (&#8220;Karar&#8220;) yay\u0131mlad\u0131. Karar [&hellip;]<\/p>\n","protected":false},"author":4,"featured_media":0,"comment_status":"closed","ping_status":"closed","sticky":false,"template":"","format":"standard","meta":{"_acf_changed":false,"_stopmodifiedupdate":false,"_modified_date":"","footnotes":""},"categories":[120],"tags":[92],"class_list":["post-25065","post","type-post","status-publish","format-standard","hentry","category-legal-alerts","tag-healthcare-tr"],"acf":[],"yoast_head":"<!-- This site is optimized with the Yoast SEO plugin v24.0 - https:\/\/yoast.com\/wordpress\/plugins\/seo\/ -->\n<title>Be\u015feri T\u0131bbi \u00dcr\u00fcnlerin Fiyatland\u0131r\u0131lmas\u0131na Dair Karar&#039;da De\u011fi\u015fiklik<\/title>\n<meta name=\"description\" content=\"Yeni Geli\u015fme Cumhurba\u015fkanl\u0131\u011f\u0131, 14 Mart 2023 tarihinde Be\u015feri T\u0131bbi \u00dcr\u00fcnlerin Fiyatland\u0131r\u0131lmas\u0131na Dair Kararda De\u011fi\u015fiklik Yap\u0131lmas\u0131 Hakk\u0131nda Karar&#039;\u0131\" \/>\n<meta name=\"robots\" content=\"index, follow, max-snippet:-1, max-image-preview:large, max-video-preview:-1\" \/>\n<link rel=\"canonical\" href=\"https:\/\/www.esin.av.tr\/tr\/2023\/03\/21\/beseri-tibbi-urunlerin-fiyatlandirilmasina-dair-kararda-degisiklik\/\" \/>\n<meta property=\"og:locale\" content=\"tr_TR\" \/>\n<meta property=\"og:type\" content=\"article\" \/>\n<meta property=\"og:title\" content=\"Be\u015feri T\u0131bbi \u00dcr\u00fcnlerin Fiyatland\u0131r\u0131lmas\u0131na Dair Karar&#039;da De\u011fi\u015fiklik\" \/>\n<meta property=\"og:description\" content=\"Yeni Geli\u015fme Cumhurba\u015fkanl\u0131\u011f\u0131, 14 Mart 2023 tarihinde Be\u015feri T\u0131bbi \u00dcr\u00fcnlerin Fiyatland\u0131r\u0131lmas\u0131na Dair Kararda De\u011fi\u015fiklik Yap\u0131lmas\u0131 Hakk\u0131nda Karar&#039;\u0131\" \/>\n<meta property=\"og:url\" content=\"https:\/\/www.esin.av.tr\/tr\/2023\/03\/21\/beseri-tibbi-urunlerin-fiyatlandirilmasina-dair-kararda-degisiklik\/\" \/>\n<meta property=\"og:site_name\" content=\"Esin Avukatl\u0131k Ortakl\u0131\u011f\u0131\" \/>\n<meta property=\"article:published_time\" content=\"2023-03-21T10:48:17+00:00\" \/>\n<meta name=\"author\" content=\"R\u0131dvan Konrat\" \/>\n<meta name=\"twitter:card\" content=\"summary_large_image\" \/>\n<meta name=\"twitter:label1\" content=\"Written by\" \/>\n\t<meta name=\"twitter:data1\" content=\"R\u0131dvan Konrat\" \/>\n\t<meta name=\"twitter:label2\" content=\"Est. reading time\" \/>\n\t<meta name=\"twitter:data2\" content=\"3 minutes\" \/>\n<script type=\"application\/ld+json\" class=\"yoast-schema-graph\">{\"@context\":\"https:\/\/schema.org\",\"@graph\":[{\"@type\":\"Article\",\"@id\":\"https:\/\/www.esin.av.tr\/tr\/2023\/03\/21\/beseri-tibbi-urunlerin-fiyatlandirilmasina-dair-kararda-degisiklik\/#article\",\"isPartOf\":{\"@id\":\"https:\/\/www.esin.av.tr\/tr\/2023\/03\/21\/beseri-tibbi-urunlerin-fiyatlandirilmasina-dair-kararda-degisiklik\/\"},\"author\":{\"name\":\"R\u0131dvan Konrat\",\"@id\":\"https:\/\/www.esin.av.tr\/tr\/#\/schema\/person\/42c8e616aab56b8622fa365ad63282ae\"},\"headline\":\"Be\u015feri T\u0131bbi \u00dcr\u00fcnlerin Fiyatland\u0131r\u0131lmas\u0131na Dair Karar&#8217;da De\u011fi\u015fiklik\",\"datePublished\":\"2023-03-21T10:48:17+00:00\",\"dateModified\":\"2023-03-21T10:48:17+00:00\",\"mainEntityOfPage\":{\"@id\":\"https:\/\/www.esin.av.tr\/tr\/2023\/03\/21\/beseri-tibbi-urunlerin-fiyatlandirilmasina-dair-kararda-degisiklik\/\"},\"wordCount\":545,\"publisher\":{\"@id\":\"https:\/\/www.esin.av.tr\/tr\/#organization\"},\"keywords\":[\"Sa\u011fl\u0131k Hukuku\"],\"articleSection\":[\"Hukuk B\u00fcltenleri\"],\"inLanguage\":\"tr\"},{\"@type\":\"WebPage\",\"@id\":\"https:\/\/www.esin.av.tr\/tr\/2023\/03\/21\/beseri-tibbi-urunlerin-fiyatlandirilmasina-dair-kararda-degisiklik\/\",\"url\":\"https:\/\/www.esin.av.tr\/tr\/2023\/03\/21\/beseri-tibbi-urunlerin-fiyatlandirilmasina-dair-kararda-degisiklik\/\",\"name\":\"Be\u015feri T\u0131bbi \u00dcr\u00fcnlerin Fiyatland\u0131r\u0131lmas\u0131na Dair Karar'da De\u011fi\u015fiklik\",\"isPartOf\":{\"@id\":\"https:\/\/www.esin.av.tr\/tr\/#website\"},\"datePublished\":\"2023-03-21T10:48:17+00:00\",\"dateModified\":\"2023-03-21T10:48:17+00:00\",\"description\":\"Yeni Geli\u015fme Cumhurba\u015fkanl\u0131\u011f\u0131, 14 Mart 2023 tarihinde Be\u015feri T\u0131bbi \u00dcr\u00fcnlerin Fiyatland\u0131r\u0131lmas\u0131na Dair Kararda De\u011fi\u015fiklik Yap\u0131lmas\u0131 Hakk\u0131nda Karar'\u0131\",\"breadcrumb\":{\"@id\":\"https:\/\/www.esin.av.tr\/tr\/2023\/03\/21\/beseri-tibbi-urunlerin-fiyatlandirilmasina-dair-kararda-degisiklik\/#breadcrumb\"},\"inLanguage\":\"tr\",\"potentialAction\":[{\"@type\":\"ReadAction\",\"target\":[\"https:\/\/www.esin.av.tr\/tr\/2023\/03\/21\/beseri-tibbi-urunlerin-fiyatlandirilmasina-dair-kararda-degisiklik\/\"]}]},{\"@type\":\"BreadcrumbList\",\"@id\":\"https:\/\/www.esin.av.tr\/tr\/2023\/03\/21\/beseri-tibbi-urunlerin-fiyatlandirilmasina-dair-kararda-degisiklik\/#breadcrumb\",\"itemListElement\":[{\"@type\":\"ListItem\",\"position\":1,\"name\":\"Home\",\"item\":\"https:\/\/www.esin.av.tr\/tr\/\"},{\"@type\":\"ListItem\",\"position\":2,\"name\":\"Be\u015feri T\u0131bbi \u00dcr\u00fcnlerin Fiyatland\u0131r\u0131lmas\u0131na Dair Karar&#8217;da De\u011fi\u015fiklik\"}]},{\"@type\":\"WebSite\",\"@id\":\"https:\/\/www.esin.av.tr\/tr\/#website\",\"url\":\"https:\/\/www.esin.av.tr\/tr\/\",\"name\":\"Esin Avukatl\u0131k Ortakl\u0131\u011f\u0131\",\"description\":\"\",\"publisher\":{\"@id\":\"https:\/\/www.esin.av.tr\/tr\/#organization\"},\"potentialAction\":[{\"@type\":\"SearchAction\",\"target\":{\"@type\":\"EntryPoint\",\"urlTemplate\":\"https:\/\/www.esin.av.tr\/tr\/?s={search_term_string}\"},\"query-input\":{\"@type\":\"PropertyValueSpecification\",\"valueRequired\":true,\"valueName\":\"search_term_string\"}}],\"inLanguage\":\"tr\"},{\"@type\":\"Organization\",\"@id\":\"https:\/\/www.esin.av.tr\/tr\/#organization\",\"name\":\"Esin Avukatl\u0131k Ortakl\u0131\u011f\u0131\",\"url\":\"https:\/\/www.esin.av.tr\/tr\/\",\"logo\":{\"@type\":\"ImageObject\",\"inLanguage\":\"tr\",\"@id\":\"https:\/\/www.esin.av.tr\/tr\/#\/schema\/logo\/image\/\",\"url\":\"https:\/\/www.esin.av.tr\/wp-content\/uploads\/2021\/09\/esin-2.jpg\",\"contentUrl\":\"https:\/\/www.esin.av.tr\/wp-content\/uploads\/2021\/09\/esin-2.jpg\",\"width\":800,\"height\":460,\"caption\":\"Esin Avukatl\u0131k Ortakl\u0131\u011f\u0131\"},\"image\":{\"@id\":\"https:\/\/www.esin.av.tr\/tr\/#\/schema\/logo\/image\/\"}},{\"@type\":\"Person\",\"@id\":\"https:\/\/www.esin.av.tr\/tr\/#\/schema\/person\/42c8e616aab56b8622fa365ad63282ae\",\"name\":\"R\u0131dvan Konrat\",\"image\":{\"@type\":\"ImageObject\",\"inLanguage\":\"tr\",\"@id\":\"https:\/\/www.esin.av.tr\/tr\/#\/schema\/person\/image\/\",\"url\":\"https:\/\/secure.gravatar.com\/avatar\/b20c6c583be38ed4e76e32f69fccc676?s=96&d=mm&r=g\",\"contentUrl\":\"https:\/\/secure.gravatar.com\/avatar\/b20c6c583be38ed4e76e32f69fccc676?s=96&d=mm&r=g\",\"caption\":\"R\u0131dvan Konrat\"},\"sameAs\":[\"http:\/\/www.esin.av.tr\"],\"url\":\"https:\/\/www.esin.av.tr\/tr\/author\/rkonrat\/\"}]}<\/script>\n<!-- \/ Yoast SEO plugin. -->","yoast_head_json":{"title":"Be\u015feri T\u0131bbi \u00dcr\u00fcnlerin Fiyatland\u0131r\u0131lmas\u0131na Dair Karar'da De\u011fi\u015fiklik","description":"Yeni Geli\u015fme Cumhurba\u015fkanl\u0131\u011f\u0131, 14 Mart 2023 tarihinde Be\u015feri T\u0131bbi \u00dcr\u00fcnlerin Fiyatland\u0131r\u0131lmas\u0131na Dair Kararda De\u011fi\u015fiklik Yap\u0131lmas\u0131 Hakk\u0131nda Karar'\u0131","robots":{"index":"index","follow":"follow","max-snippet":"max-snippet:-1","max-image-preview":"max-image-preview:large","max-video-preview":"max-video-preview:-1"},"canonical":"https:\/\/www.esin.av.tr\/tr\/2023\/03\/21\/beseri-tibbi-urunlerin-fiyatlandirilmasina-dair-kararda-degisiklik\/","og_locale":"tr_TR","og_type":"article","og_title":"Be\u015feri T\u0131bbi \u00dcr\u00fcnlerin Fiyatland\u0131r\u0131lmas\u0131na Dair Karar'da De\u011fi\u015fiklik","og_description":"Yeni Geli\u015fme Cumhurba\u015fkanl\u0131\u011f\u0131, 14 Mart 2023 tarihinde Be\u015feri T\u0131bbi \u00dcr\u00fcnlerin Fiyatland\u0131r\u0131lmas\u0131na Dair Kararda De\u011fi\u015fiklik Yap\u0131lmas\u0131 Hakk\u0131nda Karar'\u0131","og_url":"https:\/\/www.esin.av.tr\/tr\/2023\/03\/21\/beseri-tibbi-urunlerin-fiyatlandirilmasina-dair-kararda-degisiklik\/","og_site_name":"Esin Avukatl\u0131k Ortakl\u0131\u011f\u0131","article_published_time":"2023-03-21T10:48:17+00:00","author":"R\u0131dvan Konrat","twitter_card":"summary_large_image","twitter_misc":{"Written by":"R\u0131dvan Konrat","Est. reading time":"3 minutes"},"schema":{"@context":"https:\/\/schema.org","@graph":[{"@type":"Article","@id":"https:\/\/www.esin.av.tr\/tr\/2023\/03\/21\/beseri-tibbi-urunlerin-fiyatlandirilmasina-dair-kararda-degisiklik\/#article","isPartOf":{"@id":"https:\/\/www.esin.av.tr\/tr\/2023\/03\/21\/beseri-tibbi-urunlerin-fiyatlandirilmasina-dair-kararda-degisiklik\/"},"author":{"name":"R\u0131dvan Konrat","@id":"https:\/\/www.esin.av.tr\/tr\/#\/schema\/person\/42c8e616aab56b8622fa365ad63282ae"},"headline":"Be\u015feri T\u0131bbi \u00dcr\u00fcnlerin Fiyatland\u0131r\u0131lmas\u0131na Dair Karar&#8217;da De\u011fi\u015fiklik","datePublished":"2023-03-21T10:48:17+00:00","dateModified":"2023-03-21T10:48:17+00:00","mainEntityOfPage":{"@id":"https:\/\/www.esin.av.tr\/tr\/2023\/03\/21\/beseri-tibbi-urunlerin-fiyatlandirilmasina-dair-kararda-degisiklik\/"},"wordCount":545,"publisher":{"@id":"https:\/\/www.esin.av.tr\/tr\/#organization"},"keywords":["Sa\u011fl\u0131k Hukuku"],"articleSection":["Hukuk B\u00fcltenleri"],"inLanguage":"tr"},{"@type":"WebPage","@id":"https:\/\/www.esin.av.tr\/tr\/2023\/03\/21\/beseri-tibbi-urunlerin-fiyatlandirilmasina-dair-kararda-degisiklik\/","url":"https:\/\/www.esin.av.tr\/tr\/2023\/03\/21\/beseri-tibbi-urunlerin-fiyatlandirilmasina-dair-kararda-degisiklik\/","name":"Be\u015feri T\u0131bbi \u00dcr\u00fcnlerin Fiyatland\u0131r\u0131lmas\u0131na Dair Karar'da De\u011fi\u015fiklik","isPartOf":{"@id":"https:\/\/www.esin.av.tr\/tr\/#website"},"datePublished":"2023-03-21T10:48:17+00:00","dateModified":"2023-03-21T10:48:17+00:00","description":"Yeni Geli\u015fme Cumhurba\u015fkanl\u0131\u011f\u0131, 14 Mart 2023 tarihinde Be\u015feri T\u0131bbi \u00dcr\u00fcnlerin Fiyatland\u0131r\u0131lmas\u0131na Dair Kararda De\u011fi\u015fiklik Yap\u0131lmas\u0131 Hakk\u0131nda Karar'\u0131","breadcrumb":{"@id":"https:\/\/www.esin.av.tr\/tr\/2023\/03\/21\/beseri-tibbi-urunlerin-fiyatlandirilmasina-dair-kararda-degisiklik\/#breadcrumb"},"inLanguage":"tr","potentialAction":[{"@type":"ReadAction","target":["https:\/\/www.esin.av.tr\/tr\/2023\/03\/21\/beseri-tibbi-urunlerin-fiyatlandirilmasina-dair-kararda-degisiklik\/"]}]},{"@type":"BreadcrumbList","@id":"https:\/\/www.esin.av.tr\/tr\/2023\/03\/21\/beseri-tibbi-urunlerin-fiyatlandirilmasina-dair-kararda-degisiklik\/#breadcrumb","itemListElement":[{"@type":"ListItem","position":1,"name":"Home","item":"https:\/\/www.esin.av.tr\/tr\/"},{"@type":"ListItem","position":2,"name":"Be\u015feri T\u0131bbi \u00dcr\u00fcnlerin Fiyatland\u0131r\u0131lmas\u0131na Dair Karar&#8217;da De\u011fi\u015fiklik"}]},{"@type":"WebSite","@id":"https:\/\/www.esin.av.tr\/tr\/#website","url":"https:\/\/www.esin.av.tr\/tr\/","name":"Esin Avukatl\u0131k Ortakl\u0131\u011f\u0131","description":"","publisher":{"@id":"https:\/\/www.esin.av.tr\/tr\/#organization"},"potentialAction":[{"@type":"SearchAction","target":{"@type":"EntryPoint","urlTemplate":"https:\/\/www.esin.av.tr\/tr\/?s={search_term_string}"},"query-input":{"@type":"PropertyValueSpecification","valueRequired":true,"valueName":"search_term_string"}}],"inLanguage":"tr"},{"@type":"Organization","@id":"https:\/\/www.esin.av.tr\/tr\/#organization","name":"Esin Avukatl\u0131k Ortakl\u0131\u011f\u0131","url":"https:\/\/www.esin.av.tr\/tr\/","logo":{"@type":"ImageObject","inLanguage":"tr","@id":"https:\/\/www.esin.av.tr\/tr\/#\/schema\/logo\/image\/","url":"https:\/\/www.esin.av.tr\/wp-content\/uploads\/2021\/09\/esin-2.jpg","contentUrl":"https:\/\/www.esin.av.tr\/wp-content\/uploads\/2021\/09\/esin-2.jpg","width":800,"height":460,"caption":"Esin Avukatl\u0131k Ortakl\u0131\u011f\u0131"},"image":{"@id":"https:\/\/www.esin.av.tr\/tr\/#\/schema\/logo\/image\/"}},{"@type":"Person","@id":"https:\/\/www.esin.av.tr\/tr\/#\/schema\/person\/42c8e616aab56b8622fa365ad63282ae","name":"R\u0131dvan Konrat","image":{"@type":"ImageObject","inLanguage":"tr","@id":"https:\/\/www.esin.av.tr\/tr\/#\/schema\/person\/image\/","url":"https:\/\/secure.gravatar.com\/avatar\/b20c6c583be38ed4e76e32f69fccc676?s=96&d=mm&r=g","contentUrl":"https:\/\/secure.gravatar.com\/avatar\/b20c6c583be38ed4e76e32f69fccc676?s=96&d=mm&r=g","caption":"R\u0131dvan Konrat"},"sameAs":["http:\/\/www.esin.av.tr"],"url":"https:\/\/www.esin.av.tr\/tr\/author\/rkonrat\/"}]}},"_links":{"self":[{"href":"https:\/\/www.esin.av.tr\/tr\/wp-json\/wp\/v2\/posts\/25065","targetHints":{"allow":["GET"]}}],"collection":[{"href":"https:\/\/www.esin.av.tr\/tr\/wp-json\/wp\/v2\/posts"}],"about":[{"href":"https:\/\/www.esin.av.tr\/tr\/wp-json\/wp\/v2\/types\/post"}],"author":[{"embeddable":true,"href":"https:\/\/www.esin.av.tr\/tr\/wp-json\/wp\/v2\/users\/4"}],"replies":[{"embeddable":true,"href":"https:\/\/www.esin.av.tr\/tr\/wp-json\/wp\/v2\/comments?post=25065"}],"version-history":[{"count":1,"href":"https:\/\/www.esin.av.tr\/tr\/wp-json\/wp\/v2\/posts\/25065\/revisions"}],"predecessor-version":[{"id":25066,"href":"https:\/\/www.esin.av.tr\/tr\/wp-json\/wp\/v2\/posts\/25065\/revisions\/25066"}],"wp:attachment":[{"href":"https:\/\/www.esin.av.tr\/tr\/wp-json\/wp\/v2\/media?parent=25065"}],"wp:term":[{"taxonomy":"category","embeddable":true,"href":"https:\/\/www.esin.av.tr\/tr\/wp-json\/wp\/v2\/categories?post=25065"},{"taxonomy":"post_tag","embeddable":true,"href":"https:\/\/www.esin.av.tr\/tr\/wp-json\/wp\/v2\/tags?post=25065"}],"curies":[{"name":"wp","href":"https:\/\/api.w.org\/{rel}","templated":true}]}}