{"id":24953,"date":"2023-03-13T10:04:56","date_gmt":"2023-03-13T10:04:56","guid":{"rendered":"https:\/\/www.esin.av.tr\/?p=24953"},"modified":"2023-03-13T10:04:56","modified_gmt":"2023-03-13T10:04:56","slug":"bazi-kurumlar-vergisi-mukelleflerine-tek-seferlik-ek-vergi-getirildi","status":"publish","type":"post","link":"https:\/\/www.esin.av.tr\/tr\/2023\/03\/13\/bazi-kurumlar-vergisi-mukelleflerine-tek-seferlik-ek-vergi-getirildi\/","title":{"rendered":"Baz\u0131 kurumlar vergisi m\u00fckelleflerine tek seferlik ek vergi getirildi!"},"content":{"rendered":"<h3><strong>Yeni geli\u015fmeler<\/strong><\/h3>\n<p>12 Mart 2023 tarihli Resmi Gazete&#8217;de yay\u0131mlanan 7440 say\u0131l\u0131 Baz\u0131 Alacaklar\u0131n Yeniden Yap\u0131land\u0131r\u0131lmas\u0131 ile Baz\u0131 Kanunlarda De\u011fi\u015fiklik Yap\u0131lmas\u0131na Dair Kanun (&#8220;<strong>7440 Say\u0131l\u0131 Kanun<\/strong>&#8220;) ile kurum kazanc\u0131n\u0131n tespitinde istisna ve indirimden yararlanan kurumlar vergisi m\u00fckelleflerine y\u00f6nelik tek seferlik bir ek vergi getirildi. Tek seferlik ek vergi ile Kahramanmara\u015f ve Hatay merkezli depremlerden etkilenen depremzedelerin acil ihtiya\u00e7lar\u0131n\u0131n kar\u015f\u0131lanmas\u0131 ve b\u00f6lgenin yeniden in\u015fas\u0131 i\u00e7in kaynak olu\u015fturulmas\u0131 hedefleniyor. Deprem vergisi olarak da an\u0131lan ek verginin yirmi iki bin civar\u0131nda kurumlar vergisi m\u00fckellefini etkilemesi bekleniyor.<\/p>\n<h3><strong>Tek seferlik ek vergi ne anlama geliyor?<\/strong><\/h3>\n<p>7440 Say\u0131l\u0131 Kanun&#8217;un 10. maddesi ile baz\u0131 kurumlar vergisi m\u00fckelleflerine getirilen tek seferlik ek vergiye y\u00f6nelik detaylar a\u015fa\u011f\u0131daki \u015fekilde:<\/p>\n<p><u>Ek verginin kapsam\u0131<\/u><\/p>\n<p>7440 Say\u0131l\u0131 Kanun&#8217;un 10. maddesi kapsam\u0131nda 2022 y\u0131l\u0131 kurumlar vergisi hesab\u0131nda;<\/p>\n<ul>\n<li>Kurumlar Vergisi Kanunu ve di\u011fer kanunlarda yer alan d\u00fczenlemeler uyar\u0131nca kurum kazanc\u0131ndan indirim konusu yap\u0131lan istisna ve indirim tutarlar\u0131 ile Kurumlar Vergisi Kanunu&#8217;nun 32\/A maddesi kapsam\u0131nda indirimli kurumlar vergisine tabi matrahlar \u00fczerinden, <strong>d\u00f6nem kazanc\u0131yla ili\u015fkilendirilmeksizin %10 oran\u0131nda<\/strong>,<\/li>\n<li>Kurumlar Vergisi Kanunu&#8217;nun 5\/1-a maddesinde d\u00fczenlenen i\u015ftirak kazanc\u0131 istisnas\u0131na konu kazan\u00e7lar ile yurt d\u0131\u015f\u0131ndan elde edilip en az %15 oran\u0131nda vergi y\u00fck\u00fc ta\u015f\u0131d\u0131\u011f\u0131 tevsik edilen istisna kazan\u00e7 \u00fczerinden <strong>%5 oran\u0131nda<\/strong><\/li>\n<\/ul>\n<p>tek seferlik ek vergi uygulanacak. Afet b\u00f6lgesi ilan edilen il ve il\u00e7elerdeki kurumlar vergisi m\u00fckellefleri ise getirilen tek seferlik ek vergiden muaf tutuldu. Ayn\u0131 zamanda a\u015fa\u011f\u0131da say\u0131lan istisna ve indirimler \u00fczerinden ek vergi hesaplanmayacak:<\/p>\n<ul>\n<li>Kurumlar Vergisi Kanunu&#8217;nun;\n<ul>\n<li>5\/1-d maddesi kapsam\u0131nda belirli yat\u0131r\u0131m fonlar\u0131ndan elde edilen kazan\u00e7lara y\u00f6nelik istisna,<\/li>\n<li>5\/1-i maddesi kapsam\u0131nda kooperatiflerde harcanmayarak ortaklara iade edilen tutarlara ili\u015fkin istisna ile t\u00fcketim kooperatiflerine y\u00f6nelik risturn istisnas\u0131,<\/li>\n<li>5\/1-j maddesi kapsam\u0131nda sat-kirala-geri al i\u015flemlerinden do\u011fan kazan\u00e7 istisnas\u0131,<\/li>\n<li>5\/1-k maddesi kapsam\u0131nda kira sertifikas\u0131 ihrac\u0131 amac\u0131yla varl\u0131k ve haklar\u0131n sat\u0131\u015f\u0131ndan do\u011fan kazan\u00e7lara ili\u015fkin istisna,<\/li>\n<li>Ge\u00e7ici 14. maddesi kapsam\u0131nda kur korumal\u0131 mevduat hesaplar\u0131na sa\u011flanan istisna,<\/li>\n<li>10\/1-b maddesinde d\u00fczenlenen sponsorluk harcamalar\u0131 indirimi,<\/li>\n<li>10. maddesinde d\u00fczenlenen belirli ba\u011f\u0131\u015f ve yard\u0131mlar ile ilgili kanunlar\u0131nda d\u00fczenlenen ba\u011f\u0131\u015f ve yard\u0131mlar kapsam\u0131ndaki indirimler,<\/li>\n<\/ul>\n<\/li>\n<li>Gelir Vergisi Kanunu&#8217;nun Ge\u00e7ici 63. maddesinde d\u00fczenlenen tevkifata tabi yat\u0131r\u0131m indirimi istisnas\u0131,<\/li>\n<li>Mikro ve k\u00fc\u00e7\u00fck \u00f6l\u00e7ekli i\u015fletmelerin teknoloji geli\u015ftirme b\u00f6lgeleri ile ar-ge ve tasar\u0131m merkezlerinden elde ettikleri istisna ve indirime konu kazan\u00e7lar.<\/li>\n<\/ul>\n<p>Ek vergi kapsam\u0131nda yap\u0131lacak \u00f6demeler, gider ve indirim olarak dikkate al\u0131namayaca\u011f\u0131 gibi herhangi bir vergiden mahsup da edilemeyecek.<\/p>\n<p><u>Ek verginin beyan\u0131 ve \u00f6denmesi<\/u><\/p>\n<p>7440 Say\u0131l\u0131 Kanun ile getirilen tek seferlik ek vergi 2022 hesap d\u00f6nemi kurumlar vergisi beyannamesi ile beyan edilecek. Kurumlar vergisi \u00f6deme s\u00fcresi olan nisan ay\u0131 i\u00e7erisinde ek verginin ilk taksiti, ilk taksitin \u00f6denmesini takip eden d\u00f6rd\u00fcnc\u00fc ay olan a\u011fustos ay\u0131nda ise ikinci taksiti \u00f6denecek.<\/p>\n<p>\u00d6zel hesap d\u00f6nemine tabi m\u00fckellefler i\u00e7in ise ek vergi 2023 y\u0131l\u0131 i\u00e7inde sona eren hesap d\u00f6nemi bak\u0131m\u0131ndan uygulanacak. Bu kapsamda \u00f6zel hesap d\u00f6nemine tabi m\u00fckellefler, hesap d\u00f6nemlerinin kapand\u0131\u011f\u0131 ay\u0131 izleyen d\u00f6rd\u00fcnc\u00fc ayda kurumlar vergisi beyannamesi ile ek vergiyi beyan edip ilk taksitini \u00f6deyecek, ikinci taksiti ise ilk taksiti takip eden d\u00f6rd\u00fcnc\u00fc ayda \u00f6deyecek.<\/p>\n<h3><strong>Sonu\u00e7<\/strong><\/h3>\n<p>Afet b\u00f6lgesindeki depremzedelerin acil ihtiya\u00e7lar\u0131n\u0131n kar\u015f\u0131lanmas\u0131 ve depremden etkilenen b\u00f6lgenin yeniden in\u015fas\u0131 i\u00e7in kaynak olu\u015fturulmas\u0131 amac\u0131yla getirilen tek seferlik ek verginin uygulanmas\u0131na ili\u015fkin usul ve esaslar\u0131n Maliye ve Hazine Bakanl\u0131\u011f\u0131\u2019nca yay\u0131mlanacak bir tebli\u011f ile belirlenmesini bekliyoruz. Bununla birlikte, s\u00f6z konusu ek vergi kanunlar\u0131n geriye y\u00fcr\u00fcmezli\u011fi, vergilendirmede \u00f6ng\u00f6r\u00fclebilirlik ve e\u015fitlik ilkeleri gibi Anayasal ilkeler y\u00f6n\u00fcnden \u00e7e\u015fitli tart\u0131\u015fmalar\u0131 da beraberinde getirdi\u011finden, kapsama giren kurumlar vergisi m\u00fckelleflerinin bu tart\u0131\u015fmalar\u0131 dikkate almalar\u0131nda ve ek vergiyi ihtirazi kay\u0131tla beyan ederek dava konusu etmelerinde fayda g\u00f6r\u00fcyoruz.<\/p>\n","protected":false},"excerpt":{"rendered":"<p>Yeni geli\u015fmeler 12 Mart 2023 tarihli Resmi Gazete&#8217;de yay\u0131mlanan 7440 say\u0131l\u0131 Baz\u0131 Alacaklar\u0131n Yeniden Yap\u0131land\u0131r\u0131lmas\u0131 ile Baz\u0131 Kanunlarda De\u011fi\u015fiklik Yap\u0131lmas\u0131na [&hellip;]<\/p>\n","protected":false},"author":4,"featured_media":0,"comment_status":"closed","ping_status":"closed","sticky":false,"template":"","format":"standard","meta":{"_acf_changed":false,"_stopmodifiedupdate":false,"_modified_date":"","footnotes":""},"categories":[120],"tags":[95],"class_list":["post-24953","post","type-post","status-publish","format-standard","hentry","category-legal-alerts","tag-tax-tr"],"acf":[],"yoast_head":"<!-- This site is optimized with the Yoast SEO plugin v24.0 - https:\/\/yoast.com\/wordpress\/plugins\/seo\/ -->\n<title>Baz\u0131 kurumlar vergisi m\u00fckelleflerine tek seferlik ek vergi getirildi!<\/title>\n<meta name=\"description\" content=\"Yeni geli\u015fmeler 12 Mart 2023 tarihli Resmi Gazete&#039;de yay\u0131mlanan 7440 say\u0131l\u0131 Baz\u0131 Alacaklar\u0131n Yeniden Yap\u0131land\u0131r\u0131lmas\u0131 ile Baz\u0131 Kanunlarda De\u011fi\u015fiklik\" \/>\n<meta name=\"robots\" content=\"index, follow, max-snippet:-1, max-image-preview:large, max-video-preview:-1\" \/>\n<link rel=\"canonical\" href=\"https:\/\/www.esin.av.tr\/tr\/2023\/03\/13\/bazi-kurumlar-vergisi-mukelleflerine-tek-seferlik-ek-vergi-getirildi\/\" \/>\n<meta property=\"og:locale\" content=\"tr_TR\" \/>\n<meta property=\"og:type\" content=\"article\" \/>\n<meta property=\"og:title\" content=\"Baz\u0131 kurumlar vergisi m\u00fckelleflerine tek seferlik ek vergi getirildi!\" \/>\n<meta property=\"og:description\" content=\"Yeni geli\u015fmeler 12 Mart 2023 tarihli Resmi Gazete&#039;de yay\u0131mlanan 7440 say\u0131l\u0131 Baz\u0131 Alacaklar\u0131n Yeniden Yap\u0131land\u0131r\u0131lmas\u0131 ile Baz\u0131 Kanunlarda De\u011fi\u015fiklik\" \/>\n<meta property=\"og:url\" content=\"https:\/\/www.esin.av.tr\/tr\/2023\/03\/13\/bazi-kurumlar-vergisi-mukelleflerine-tek-seferlik-ek-vergi-getirildi\/\" \/>\n<meta property=\"og:site_name\" content=\"Esin Avukatl\u0131k Ortakl\u0131\u011f\u0131\" \/>\n<meta property=\"article:published_time\" content=\"2023-03-13T10:04:56+00:00\" \/>\n<meta name=\"author\" content=\"R\u0131dvan Konrat\" \/>\n<meta name=\"twitter:card\" content=\"summary_large_image\" \/>\n<meta name=\"twitter:label1\" content=\"Written by\" \/>\n\t<meta name=\"twitter:data1\" content=\"R\u0131dvan Konrat\" \/>\n\t<meta name=\"twitter:label2\" content=\"Est. reading time\" \/>\n\t<meta name=\"twitter:data2\" content=\"3 minutes\" \/>\n<script type=\"application\/ld+json\" class=\"yoast-schema-graph\">{\"@context\":\"https:\/\/schema.org\",\"@graph\":[{\"@type\":\"Article\",\"@id\":\"https:\/\/www.esin.av.tr\/tr\/2023\/03\/13\/bazi-kurumlar-vergisi-mukelleflerine-tek-seferlik-ek-vergi-getirildi\/#article\",\"isPartOf\":{\"@id\":\"https:\/\/www.esin.av.tr\/tr\/2023\/03\/13\/bazi-kurumlar-vergisi-mukelleflerine-tek-seferlik-ek-vergi-getirildi\/\"},\"author\":{\"name\":\"R\u0131dvan Konrat\",\"@id\":\"https:\/\/www.esin.av.tr\/tr\/#\/schema\/person\/42c8e616aab56b8622fa365ad63282ae\"},\"headline\":\"Baz\u0131 kurumlar vergisi m\u00fckelleflerine tek seferlik ek vergi getirildi!\",\"datePublished\":\"2023-03-13T10:04:56+00:00\",\"dateModified\":\"2023-03-13T10:04:56+00:00\",\"mainEntityOfPage\":{\"@id\":\"https:\/\/www.esin.av.tr\/tr\/2023\/03\/13\/bazi-kurumlar-vergisi-mukelleflerine-tek-seferlik-ek-vergi-getirildi\/\"},\"wordCount\":706,\"publisher\":{\"@id\":\"https:\/\/www.esin.av.tr\/tr\/#organization\"},\"keywords\":[\"Vergi\"],\"articleSection\":[\"Hukuk B\u00fcltenleri\"],\"inLanguage\":\"tr\"},{\"@type\":\"WebPage\",\"@id\":\"https:\/\/www.esin.av.tr\/tr\/2023\/03\/13\/bazi-kurumlar-vergisi-mukelleflerine-tek-seferlik-ek-vergi-getirildi\/\",\"url\":\"https:\/\/www.esin.av.tr\/tr\/2023\/03\/13\/bazi-kurumlar-vergisi-mukelleflerine-tek-seferlik-ek-vergi-getirildi\/\",\"name\":\"Baz\u0131 kurumlar vergisi m\u00fckelleflerine tek seferlik ek vergi getirildi!\",\"isPartOf\":{\"@id\":\"https:\/\/www.esin.av.tr\/tr\/#website\"},\"datePublished\":\"2023-03-13T10:04:56+00:00\",\"dateModified\":\"2023-03-13T10:04:56+00:00\",\"description\":\"Yeni geli\u015fmeler 12 Mart 2023 tarihli Resmi Gazete'de yay\u0131mlanan 7440 say\u0131l\u0131 Baz\u0131 Alacaklar\u0131n Yeniden Yap\u0131land\u0131r\u0131lmas\u0131 ile Baz\u0131 Kanunlarda De\u011fi\u015fiklik\",\"breadcrumb\":{\"@id\":\"https:\/\/www.esin.av.tr\/tr\/2023\/03\/13\/bazi-kurumlar-vergisi-mukelleflerine-tek-seferlik-ek-vergi-getirildi\/#breadcrumb\"},\"inLanguage\":\"tr\",\"potentialAction\":[{\"@type\":\"ReadAction\",\"target\":[\"https:\/\/www.esin.av.tr\/tr\/2023\/03\/13\/bazi-kurumlar-vergisi-mukelleflerine-tek-seferlik-ek-vergi-getirildi\/\"]}]},{\"@type\":\"BreadcrumbList\",\"@id\":\"https:\/\/www.esin.av.tr\/tr\/2023\/03\/13\/bazi-kurumlar-vergisi-mukelleflerine-tek-seferlik-ek-vergi-getirildi\/#breadcrumb\",\"itemListElement\":[{\"@type\":\"ListItem\",\"position\":1,\"name\":\"Home\",\"item\":\"https:\/\/www.esin.av.tr\/tr\/\"},{\"@type\":\"ListItem\",\"position\":2,\"name\":\"Baz\u0131 kurumlar vergisi m\u00fckelleflerine tek seferlik ek vergi getirildi!\"}]},{\"@type\":\"WebSite\",\"@id\":\"https:\/\/www.esin.av.tr\/tr\/#website\",\"url\":\"https:\/\/www.esin.av.tr\/tr\/\",\"name\":\"Esin Avukatl\u0131k Ortakl\u0131\u011f\u0131\",\"description\":\"\",\"publisher\":{\"@id\":\"https:\/\/www.esin.av.tr\/tr\/#organization\"},\"potentialAction\":[{\"@type\":\"SearchAction\",\"target\":{\"@type\":\"EntryPoint\",\"urlTemplate\":\"https:\/\/www.esin.av.tr\/tr\/?s={search_term_string}\"},\"query-input\":{\"@type\":\"PropertyValueSpecification\",\"valueRequired\":true,\"valueName\":\"search_term_string\"}}],\"inLanguage\":\"tr\"},{\"@type\":\"Organization\",\"@id\":\"https:\/\/www.esin.av.tr\/tr\/#organization\",\"name\":\"Esin Avukatl\u0131k Ortakl\u0131\u011f\u0131\",\"url\":\"https:\/\/www.esin.av.tr\/tr\/\",\"logo\":{\"@type\":\"ImageObject\",\"inLanguage\":\"tr\",\"@id\":\"https:\/\/www.esin.av.tr\/tr\/#\/schema\/logo\/image\/\",\"url\":\"https:\/\/www.esin.av.tr\/wp-content\/uploads\/2021\/09\/esin-2.jpg\",\"contentUrl\":\"https:\/\/www.esin.av.tr\/wp-content\/uploads\/2021\/09\/esin-2.jpg\",\"width\":800,\"height\":460,\"caption\":\"Esin Avukatl\u0131k Ortakl\u0131\u011f\u0131\"},\"image\":{\"@id\":\"https:\/\/www.esin.av.tr\/tr\/#\/schema\/logo\/image\/\"}},{\"@type\":\"Person\",\"@id\":\"https:\/\/www.esin.av.tr\/tr\/#\/schema\/person\/42c8e616aab56b8622fa365ad63282ae\",\"name\":\"R\u0131dvan Konrat\",\"image\":{\"@type\":\"ImageObject\",\"inLanguage\":\"tr\",\"@id\":\"https:\/\/www.esin.av.tr\/tr\/#\/schema\/person\/image\/\",\"url\":\"https:\/\/secure.gravatar.com\/avatar\/b20c6c583be38ed4e76e32f69fccc676?s=96&d=mm&r=g\",\"contentUrl\":\"https:\/\/secure.gravatar.com\/avatar\/b20c6c583be38ed4e76e32f69fccc676?s=96&d=mm&r=g\",\"caption\":\"R\u0131dvan Konrat\"},\"sameAs\":[\"http:\/\/www.esin.av.tr\"],\"url\":\"https:\/\/www.esin.av.tr\/tr\/author\/rkonrat\/\"}]}<\/script>\n<!-- \/ Yoast SEO plugin. -->","yoast_head_json":{"title":"Baz\u0131 kurumlar vergisi m\u00fckelleflerine tek seferlik ek vergi getirildi!","description":"Yeni geli\u015fmeler 12 Mart 2023 tarihli Resmi Gazete'de yay\u0131mlanan 7440 say\u0131l\u0131 Baz\u0131 Alacaklar\u0131n Yeniden Yap\u0131land\u0131r\u0131lmas\u0131 ile Baz\u0131 Kanunlarda De\u011fi\u015fiklik","robots":{"index":"index","follow":"follow","max-snippet":"max-snippet:-1","max-image-preview":"max-image-preview:large","max-video-preview":"max-video-preview:-1"},"canonical":"https:\/\/www.esin.av.tr\/tr\/2023\/03\/13\/bazi-kurumlar-vergisi-mukelleflerine-tek-seferlik-ek-vergi-getirildi\/","og_locale":"tr_TR","og_type":"article","og_title":"Baz\u0131 kurumlar vergisi m\u00fckelleflerine tek seferlik ek vergi getirildi!","og_description":"Yeni geli\u015fmeler 12 Mart 2023 tarihli Resmi Gazete'de yay\u0131mlanan 7440 say\u0131l\u0131 Baz\u0131 Alacaklar\u0131n Yeniden Yap\u0131land\u0131r\u0131lmas\u0131 ile Baz\u0131 Kanunlarda De\u011fi\u015fiklik","og_url":"https:\/\/www.esin.av.tr\/tr\/2023\/03\/13\/bazi-kurumlar-vergisi-mukelleflerine-tek-seferlik-ek-vergi-getirildi\/","og_site_name":"Esin Avukatl\u0131k Ortakl\u0131\u011f\u0131","article_published_time":"2023-03-13T10:04:56+00:00","author":"R\u0131dvan Konrat","twitter_card":"summary_large_image","twitter_misc":{"Written by":"R\u0131dvan Konrat","Est. reading time":"3 minutes"},"schema":{"@context":"https:\/\/schema.org","@graph":[{"@type":"Article","@id":"https:\/\/www.esin.av.tr\/tr\/2023\/03\/13\/bazi-kurumlar-vergisi-mukelleflerine-tek-seferlik-ek-vergi-getirildi\/#article","isPartOf":{"@id":"https:\/\/www.esin.av.tr\/tr\/2023\/03\/13\/bazi-kurumlar-vergisi-mukelleflerine-tek-seferlik-ek-vergi-getirildi\/"},"author":{"name":"R\u0131dvan Konrat","@id":"https:\/\/www.esin.av.tr\/tr\/#\/schema\/person\/42c8e616aab56b8622fa365ad63282ae"},"headline":"Baz\u0131 kurumlar vergisi m\u00fckelleflerine tek seferlik ek vergi getirildi!","datePublished":"2023-03-13T10:04:56+00:00","dateModified":"2023-03-13T10:04:56+00:00","mainEntityOfPage":{"@id":"https:\/\/www.esin.av.tr\/tr\/2023\/03\/13\/bazi-kurumlar-vergisi-mukelleflerine-tek-seferlik-ek-vergi-getirildi\/"},"wordCount":706,"publisher":{"@id":"https:\/\/www.esin.av.tr\/tr\/#organization"},"keywords":["Vergi"],"articleSection":["Hukuk B\u00fcltenleri"],"inLanguage":"tr"},{"@type":"WebPage","@id":"https:\/\/www.esin.av.tr\/tr\/2023\/03\/13\/bazi-kurumlar-vergisi-mukelleflerine-tek-seferlik-ek-vergi-getirildi\/","url":"https:\/\/www.esin.av.tr\/tr\/2023\/03\/13\/bazi-kurumlar-vergisi-mukelleflerine-tek-seferlik-ek-vergi-getirildi\/","name":"Baz\u0131 kurumlar vergisi m\u00fckelleflerine tek seferlik ek vergi getirildi!","isPartOf":{"@id":"https:\/\/www.esin.av.tr\/tr\/#website"},"datePublished":"2023-03-13T10:04:56+00:00","dateModified":"2023-03-13T10:04:56+00:00","description":"Yeni geli\u015fmeler 12 Mart 2023 tarihli Resmi Gazete'de yay\u0131mlanan 7440 say\u0131l\u0131 Baz\u0131 Alacaklar\u0131n Yeniden Yap\u0131land\u0131r\u0131lmas\u0131 ile Baz\u0131 Kanunlarda De\u011fi\u015fiklik","breadcrumb":{"@id":"https:\/\/www.esin.av.tr\/tr\/2023\/03\/13\/bazi-kurumlar-vergisi-mukelleflerine-tek-seferlik-ek-vergi-getirildi\/#breadcrumb"},"inLanguage":"tr","potentialAction":[{"@type":"ReadAction","target":["https:\/\/www.esin.av.tr\/tr\/2023\/03\/13\/bazi-kurumlar-vergisi-mukelleflerine-tek-seferlik-ek-vergi-getirildi\/"]}]},{"@type":"BreadcrumbList","@id":"https:\/\/www.esin.av.tr\/tr\/2023\/03\/13\/bazi-kurumlar-vergisi-mukelleflerine-tek-seferlik-ek-vergi-getirildi\/#breadcrumb","itemListElement":[{"@type":"ListItem","position":1,"name":"Home","item":"https:\/\/www.esin.av.tr\/tr\/"},{"@type":"ListItem","position":2,"name":"Baz\u0131 kurumlar vergisi m\u00fckelleflerine tek seferlik ek vergi getirildi!"}]},{"@type":"WebSite","@id":"https:\/\/www.esin.av.tr\/tr\/#website","url":"https:\/\/www.esin.av.tr\/tr\/","name":"Esin Avukatl\u0131k Ortakl\u0131\u011f\u0131","description":"","publisher":{"@id":"https:\/\/www.esin.av.tr\/tr\/#organization"},"potentialAction":[{"@type":"SearchAction","target":{"@type":"EntryPoint","urlTemplate":"https:\/\/www.esin.av.tr\/tr\/?s={search_term_string}"},"query-input":{"@type":"PropertyValueSpecification","valueRequired":true,"valueName":"search_term_string"}}],"inLanguage":"tr"},{"@type":"Organization","@id":"https:\/\/www.esin.av.tr\/tr\/#organization","name":"Esin Avukatl\u0131k Ortakl\u0131\u011f\u0131","url":"https:\/\/www.esin.av.tr\/tr\/","logo":{"@type":"ImageObject","inLanguage":"tr","@id":"https:\/\/www.esin.av.tr\/tr\/#\/schema\/logo\/image\/","url":"https:\/\/www.esin.av.tr\/wp-content\/uploads\/2021\/09\/esin-2.jpg","contentUrl":"https:\/\/www.esin.av.tr\/wp-content\/uploads\/2021\/09\/esin-2.jpg","width":800,"height":460,"caption":"Esin Avukatl\u0131k Ortakl\u0131\u011f\u0131"},"image":{"@id":"https:\/\/www.esin.av.tr\/tr\/#\/schema\/logo\/image\/"}},{"@type":"Person","@id":"https:\/\/www.esin.av.tr\/tr\/#\/schema\/person\/42c8e616aab56b8622fa365ad63282ae","name":"R\u0131dvan Konrat","image":{"@type":"ImageObject","inLanguage":"tr","@id":"https:\/\/www.esin.av.tr\/tr\/#\/schema\/person\/image\/","url":"https:\/\/secure.gravatar.com\/avatar\/b20c6c583be38ed4e76e32f69fccc676?s=96&d=mm&r=g","contentUrl":"https:\/\/secure.gravatar.com\/avatar\/b20c6c583be38ed4e76e32f69fccc676?s=96&d=mm&r=g","caption":"R\u0131dvan Konrat"},"sameAs":["http:\/\/www.esin.av.tr"],"url":"https:\/\/www.esin.av.tr\/tr\/author\/rkonrat\/"}]}},"_links":{"self":[{"href":"https:\/\/www.esin.av.tr\/tr\/wp-json\/wp\/v2\/posts\/24953","targetHints":{"allow":["GET"]}}],"collection":[{"href":"https:\/\/www.esin.av.tr\/tr\/wp-json\/wp\/v2\/posts"}],"about":[{"href":"https:\/\/www.esin.av.tr\/tr\/wp-json\/wp\/v2\/types\/post"}],"author":[{"embeddable":true,"href":"https:\/\/www.esin.av.tr\/tr\/wp-json\/wp\/v2\/users\/4"}],"replies":[{"embeddable":true,"href":"https:\/\/www.esin.av.tr\/tr\/wp-json\/wp\/v2\/comments?post=24953"}],"version-history":[{"count":1,"href":"https:\/\/www.esin.av.tr\/tr\/wp-json\/wp\/v2\/posts\/24953\/revisions"}],"predecessor-version":[{"id":24954,"href":"https:\/\/www.esin.av.tr\/tr\/wp-json\/wp\/v2\/posts\/24953\/revisions\/24954"}],"wp:attachment":[{"href":"https:\/\/www.esin.av.tr\/tr\/wp-json\/wp\/v2\/media?parent=24953"}],"wp:term":[{"taxonomy":"category","embeddable":true,"href":"https:\/\/www.esin.av.tr\/tr\/wp-json\/wp\/v2\/categories?post=24953"},{"taxonomy":"post_tag","embeddable":true,"href":"https:\/\/www.esin.av.tr\/tr\/wp-json\/wp\/v2\/tags?post=24953"}],"curies":[{"name":"wp","href":"https:\/\/api.w.org\/{rel}","templated":true}]}}