{"id":24805,"date":"2023-02-22T08:27:44","date_gmt":"2023-02-22T08:27:44","guid":{"rendered":"https:\/\/www.esin.av.tr\/?p=24805"},"modified":"2023-02-22T08:27:44","modified_gmt":"2023-02-22T08:27:44","slug":"portfoy-yonetim-sirketlerine-iliskin-mevzuatta-onemli-degisiklikler","status":"publish","type":"post","link":"https:\/\/www.esin.av.tr\/tr\/2023\/02\/22\/portfoy-yonetim-sirketlerine-iliskin-mevzuatta-onemli-degisiklikler\/","title":{"rendered":"Portf\u00f6y Y\u00f6netim \u015eirketlerine \u0130li\u015fkin Mevzuatta \u00d6nemli De\u011fi\u015fiklikler"},"content":{"rendered":"<h3><strong>Yeni Geli\u015fmeler<\/strong><\/h3>\n<p>Portf\u00f6y Y\u00f6netim \u015eirketleri ve Bu \u015eirketlerin Faaliyetlerine \u0130li\u015fkin Esaslar Tebli\u011fi&#8217;nde De\u011fi\u015fiklik Yap\u0131lmas\u0131na Dair Tebli\u011f (&#8220;<strong>Tebli\u011f<\/strong>&#8220;), 18 \u015eubat 2023 tarihli Resmi Gazete\u2019de yay\u0131mland\u0131. Tebli\u011f metnine <a href=\"https:\/\/urldefense.com\/v3\/__https:\/esinxchange.com\/collect\/click.aspx?u=VW9TbTUvTjhRMmdIY0MyeWZNUWIydkVJSXROSXJmNGs1Zi9qVytZV3dFYW1BSWhNTm9vRmdKVDQrMmlXdWppK0lFeTZuamtnaE1SUDNaTHVxTGtZaDNGdnBWL2dqRGJSMUNKTGJqNWFFRndsSnNnMndHKzVhZzlvckFWSXJ1YzE=&amp;rh=ff00a4ea01d2cc91dde7c6812b42bdcd390fa2bb__;!!Hj9Y_P0nvg!WKQuWa9XSu72vBbmBm_DmBP9n8PNzFJ2kvymw5yIGYO3ni5g0zZ0MnKI-p1VpFwKi1dwIwjVoqfDOlMp6J-M37amFw$\">buradan<\/a> eri\u015febilirsiniz.<\/p>\n<h3><strong>De\u011fi\u015fiklikler Ne Getiriyor?<\/strong><\/h3>\n<p>Tebli\u011f a\u015fa\u011f\u0131dakiler ba\u015fta olmak \u00fczere portf\u00f6y y\u00f6netim \u015firketleri (&#8220;<strong>PY\u015e<\/strong>&#8220;) bak\u0131m\u0131ndan \u00f6nemli de\u011fi\u015fiklikler i\u00e7eriyor:<\/p>\n<ol>\n<li><strong> Alt portf\u00f6y y\u00f6neticili\u011fi<\/strong><\/li>\n<\/ol>\n<p>T\u00fcrkiye&#8217;de kurulu PY\u015e&#8217;lerin yurt d\u0131\u015f\u0131nda kurulu PY\u015e&#8217;lerin portf\u00f6ylerini y\u00f6netebilecekleri netle\u015ftirildi.<\/p>\n<ol start=\"2\">\n<li><strong>Ba\u015flang\u0131\u00e7 Sermayesi ve \u00d6zsermaye<\/strong><\/li>\n<\/ol>\n<p>PY\u015e&#8217;lerin kurulu\u015funda aranan minimum ba\u015flang\u0131\u00e7 sermayesi tutar\u0131 6.000.000 TL&#8217;den 30.000.000 TL&#8217;ye y\u00fckseltildi.<\/p>\n<p>Ek olarak, PY\u015e&#8217;lerin sa\u011flamalar\u0131 gereken asgari \u00f6zsermaye tutarlar\u0131 da art\u0131r\u0131ld\u0131. Bu kapsamda, PY\u015e&#8217;lerin y\u00f6nettikleri portf\u00f6ylerin b\u00fcy\u00fckl\u00fcklerine g\u00f6re a\u015fa\u011f\u0131da verilen asgari \u00f6zsermaye tutarlar\u0131n\u0131 sa\u011flamalar\u0131 gerekecek:<\/p>\n<table>\n<tbody>\n<tr>\n<td width=\"166\">Y\u00f6netilen Portf\u00f6y B\u00fcy\u00fckl\u00fc\u011f\u00fc<\/td>\n<td width=\"166\">Asgari \u00d6zsermaye Tutar\u0131<\/td>\n<\/tr>\n<tr>\n<td width=\"166\">1.000.000.000 TL&#8217;ye kadar<\/td>\n<td width=\"166\">30.000.000 TL<\/td>\n<\/tr>\n<tr>\n<td width=\"166\">1.000.000.001 TL&#8217;den 4.000.000.000 TL&#8217;ye kadar<\/td>\n<td width=\"166\">40.000.000 TL<\/td>\n<\/tr>\n<tr>\n<td width=\"166\">4.000.000.001 TL&#8217;den 36.000.000.000 TL&#8217;ye kadar<\/td>\n<td width=\"166\">50.000.000 TL<\/td>\n<\/tr>\n<tr>\n<td width=\"166\">36.000.000.000 TL&#8217;den daha fazla<\/td>\n<td width=\"166\">100.000.000 TL<\/td>\n<\/tr>\n<\/tbody>\n<\/table>\n<p>PY\u015e&#8217;lerin bu h\u00fck\u00fcm kapsam\u0131nda sahip olmas\u0131 gereken asgari \u00f6zsermaye tutar\u0131n\u0131n hesaplamas\u0131na esas portf\u00f6y b\u00fcy\u00fckl\u00fc\u011f\u00fc tutar\u0131n\u0131n belirlenmesinde, son \u00fc\u00e7 ay\u0131n sermaye yeterlili\u011fine ili\u015fkin tablolar\u0131nda yer alan y\u00f6netilen portf\u00f6y b\u00fcy\u00fckl\u00fc\u011f\u00fc tutarlar\u0131n\u0131n aritmetik ortalamas\u0131 dikkate al\u0131nacak. Bununla birlikte, y\u00f6netilen portf\u00f6y b\u00fcy\u00fckl\u00fc\u011f\u00fc 72.000.000.000 TL&#8217;yi a\u015fan PY\u015e&#8217;lerin, a\u015fan tutar\u0131n %0,02&#8217;si kadar ilave \u00f6zsermayeye sahip olmas\u0131 gerekecek. Ancak PY\u015e&#8217;nin \u00f6zsermaye tutar\u0131n\u0131n 200.000.000 TL&#8217;yi a\u015fmas\u0131 halinde ilave \u00f6zsermaye aranmayacak.<\/p>\n<ol start=\"3\">\n<li><strong> Portf\u00f6y Y\u00f6neticileri<\/strong><\/li>\n<\/ol>\n<p>Sermaye Piyasas\u0131 Kurulu (&#8220;<strong>Kurul<\/strong>&#8220;) taraf\u0131ndan PY\u015e&#8217;lere faaliyet izni verilebilmesi i\u00e7in y\u00f6netilen portf\u00f6y\u00fcn b\u00fcy\u00fckl\u00fc\u011f\u00fcne g\u00f6re a\u015fa\u011f\u0131da verilen say\u0131da portf\u00f6y y\u00f6neticisinin istihdam edilmesi gerekecek.<\/p>\n<table>\n<tbody>\n<tr>\n<td width=\"166\">Y\u00f6netilen Portf\u00f6y B\u00fcy\u00fckl\u00fc\u011f\u00fc<\/td>\n<td width=\"166\">Asgari Portf\u00f6y Y\u00f6neticisi Say\u0131s\u0131<\/td>\n<\/tr>\n<tr>\n<td width=\"166\">1.000.000.000 TL&#8217;ye kadar<\/td>\n<td width=\"166\">3<\/td>\n<\/tr>\n<tr>\n<td width=\"166\">1.000.000.001 TL&#8217;den 4.000.000.000 TL&#8217;ye kadar<\/td>\n<td width=\"166\">4<\/td>\n<\/tr>\n<tr>\n<td width=\"166\">4.000.000.001 TL&#8217;den 36.000.000.000 TL&#8217;ye kadar<\/td>\n<td width=\"166\">5<\/td>\n<\/tr>\n<tr>\n<td width=\"166\">36.000.000.000 TL&#8217;den daha fazla<\/td>\n<td width=\"166\">6<\/td>\n<\/tr>\n<\/tbody>\n<\/table>\n<p>Ayr\u0131ca, PY\u015e taraf\u0131ndan istihdam edilecek portf\u00f6y y\u00f6neticilerinin tam zamanl\u0131 olarak ve m\u00fcnhas\u0131ran bu g\u00f6revleri ifa etmek \u00fczere istihdam edilmesi gerekecek.<\/p>\n<p>&nbsp;<\/p>\n<ol start=\"4\">\n<li><strong>\u0130rtibat B\u00fcrolar\u0131 <\/strong><\/li>\n<\/ol>\n<p>Tebli\u011f ile birlikte, yurt i\u00e7i ve yurt d\u0131\u015f\u0131nda a\u00e7\u0131labilen \u015fubeler ve tesis edilen acentelik ili\u015fkilerine ek olarak, PY\u015e&#8217;ler taraf\u0131ndan yurt i\u00e7inde veya yurt d\u0131\u015f\u0131nda irtibat b\u00fcrolar\u0131n\u0131n a\u00e7\u0131lmas\u0131 m\u00fcmk\u00fcn hale geldi.<br \/>\nTebli\u011f&#8217;de irtibat b\u00fcrolar\u0131 PY\u015e&#8217;nin ve PY\u015e&#8217;nin faaliyetlerinin tan\u0131t\u0131m\u0131 ile g\u00f6revli olan hizmet birimleri olarak d\u00fczenleniyor. Bu \u00e7er\u00e7evede PY\u015e taraf\u0131ndan irtibat b\u00fcrosu a\u00e7\u0131labilmesi i\u00e7in a\u015fa\u011f\u0131daki \u015fartlar\u0131n sa\u011flanm\u0131\u015f olmas\u0131 gerekiyor:<\/p>\n<ul>\n<li>Hizmetin gerektirdi\u011fi mekan ve teknik donan\u0131m\u0131n sa\u011flanm\u0131\u015f olmas\u0131.<\/li>\n<li>Portf\u00f6y Y\u00f6netim \u015eirketleri ve Bu \u015eirketlerin Faaliyetlerine \u0130li\u015fkin Esaslar Tebli\u011f&#8217;inde belirtilen nitelikleri haiz bir irtibat b\u00fcrosu sorumlusu ile yeterli say\u0131da personelin istihdam edilmesi.<\/li>\n<\/ul>\n<h3><strong>Ge\u00e7i\u015f S\u00fcreci<\/strong><\/h3>\n<p>18 \u015eubat 2023 tarihinden \u00f6nce Kurul&#8217;dan kurulu\u015f ve faaliyet izni alan PY\u015e&#8217;lerin 30 Haziran 2023 tarihine kadar Tebli\u011f ile getirilen de\u011fi\u015fikliklere uyum sa\u011flamas\u0131 gerekecek. Kurulca uygun g\u00f6r\u00fclecek makul gerek\u00e7elerin varl\u0131\u011f\u0131 halinde bu s\u00fcre alt\u0131 aya kadar uzat\u0131labilecek.<\/p>\n","protected":false},"excerpt":{"rendered":"<p>Yeni Geli\u015fmeler Portf\u00f6y Y\u00f6netim \u015eirketleri ve Bu \u015eirketlerin Faaliyetlerine \u0130li\u015fkin Esaslar Tebli\u011fi&#8217;nde De\u011fi\u015fiklik Yap\u0131lmas\u0131na Dair Tebli\u011f (&#8220;Tebli\u011f&#8220;), 18 \u015eubat 2023 [&hellip;]<\/p>\n","protected":false},"author":4,"featured_media":0,"comment_status":"closed","ping_status":"closed","sticky":false,"template":"","format":"standard","meta":{"_acf_changed":false,"_stopmodifiedupdate":false,"_modified_date":"","footnotes":""},"categories":[120],"tags":[97],"class_list":["post-24805","post","type-post","status-publish","format-standard","hentry","category-legal-alerts","tag-capital-markets-tr"],"acf":[],"yoast_head":"<!-- This site is optimized with the Yoast SEO plugin v24.0 - https:\/\/yoast.com\/wordpress\/plugins\/seo\/ -->\n<title>Portf\u00f6y Y\u00f6netim \u015eirketlerine \u0130li\u015fkin Mevzuatta \u00d6nemli De\u011fi\u015fiklikler<\/title>\n<meta name=\"description\" content=\"Yeni Geli\u015fmeler Portf\u00f6y Y\u00f6netim \u015eirketleri ve Bu \u015eirketlerin Faaliyetlerine \u0130li\u015fkin Esaslar Tebli\u011fi&#039;nde De\u011fi\u015fiklik Yap\u0131lmas\u0131na Dair Tebli\u011f (&quot;Tebli\u011f&quot;), 18\" \/>\n<meta name=\"robots\" content=\"index, follow, max-snippet:-1, max-image-preview:large, max-video-preview:-1\" \/>\n<link rel=\"canonical\" href=\"https:\/\/www.esin.av.tr\/tr\/2023\/02\/22\/portfoy-yonetim-sirketlerine-iliskin-mevzuatta-onemli-degisiklikler\/\" \/>\n<meta property=\"og:locale\" content=\"tr_TR\" \/>\n<meta property=\"og:type\" content=\"article\" \/>\n<meta property=\"og:title\" content=\"Portf\u00f6y Y\u00f6netim \u015eirketlerine \u0130li\u015fkin Mevzuatta \u00d6nemli De\u011fi\u015fiklikler\" \/>\n<meta property=\"og:description\" content=\"Yeni Geli\u015fmeler Portf\u00f6y Y\u00f6netim \u015eirketleri ve Bu \u015eirketlerin Faaliyetlerine \u0130li\u015fkin Esaslar Tebli\u011fi&#039;nde De\u011fi\u015fiklik Yap\u0131lmas\u0131na Dair Tebli\u011f (&quot;Tebli\u011f&quot;), 18\" \/>\n<meta property=\"og:url\" content=\"https:\/\/www.esin.av.tr\/tr\/2023\/02\/22\/portfoy-yonetim-sirketlerine-iliskin-mevzuatta-onemli-degisiklikler\/\" \/>\n<meta property=\"og:site_name\" content=\"Esin Avukatl\u0131k Ortakl\u0131\u011f\u0131\" \/>\n<meta property=\"article:published_time\" content=\"2023-02-22T08:27:44+00:00\" \/>\n<meta name=\"author\" content=\"R\u0131dvan Konrat\" \/>\n<meta name=\"twitter:card\" content=\"summary_large_image\" \/>\n<meta name=\"twitter:label1\" content=\"Written by\" \/>\n\t<meta name=\"twitter:data1\" content=\"R\u0131dvan Konrat\" \/>\n\t<meta name=\"twitter:label2\" content=\"Est. reading time\" \/>\n\t<meta name=\"twitter:data2\" content=\"3 minutes\" \/>\n<script type=\"application\/ld+json\" class=\"yoast-schema-graph\">{\"@context\":\"https:\/\/schema.org\",\"@graph\":[{\"@type\":\"Article\",\"@id\":\"https:\/\/www.esin.av.tr\/tr\/2023\/02\/22\/portfoy-yonetim-sirketlerine-iliskin-mevzuatta-onemli-degisiklikler\/#article\",\"isPartOf\":{\"@id\":\"https:\/\/www.esin.av.tr\/tr\/2023\/02\/22\/portfoy-yonetim-sirketlerine-iliskin-mevzuatta-onemli-degisiklikler\/\"},\"author\":{\"name\":\"R\u0131dvan Konrat\",\"@id\":\"https:\/\/www.esin.av.tr\/tr\/#\/schema\/person\/42c8e616aab56b8622fa365ad63282ae\"},\"headline\":\"Portf\u00f6y Y\u00f6netim \u015eirketlerine \u0130li\u015fkin Mevzuatta \u00d6nemli De\u011fi\u015fiklikler\",\"datePublished\":\"2023-02-22T08:27:44+00:00\",\"dateModified\":\"2023-02-22T08:27:44+00:00\",\"mainEntityOfPage\":{\"@id\":\"https:\/\/www.esin.av.tr\/tr\/2023\/02\/22\/portfoy-yonetim-sirketlerine-iliskin-mevzuatta-onemli-degisiklikler\/\"},\"wordCount\":570,\"publisher\":{\"@id\":\"https:\/\/www.esin.av.tr\/tr\/#organization\"},\"keywords\":[\"Sermaye Piyasas\u0131 Hukuku\"],\"articleSection\":[\"Hukuk B\u00fcltenleri\"],\"inLanguage\":\"tr\"},{\"@type\":\"WebPage\",\"@id\":\"https:\/\/www.esin.av.tr\/tr\/2023\/02\/22\/portfoy-yonetim-sirketlerine-iliskin-mevzuatta-onemli-degisiklikler\/\",\"url\":\"https:\/\/www.esin.av.tr\/tr\/2023\/02\/22\/portfoy-yonetim-sirketlerine-iliskin-mevzuatta-onemli-degisiklikler\/\",\"name\":\"Portf\u00f6y Y\u00f6netim \u015eirketlerine \u0130li\u015fkin Mevzuatta \u00d6nemli De\u011fi\u015fiklikler\",\"isPartOf\":{\"@id\":\"https:\/\/www.esin.av.tr\/tr\/#website\"},\"datePublished\":\"2023-02-22T08:27:44+00:00\",\"dateModified\":\"2023-02-22T08:27:44+00:00\",\"description\":\"Yeni Geli\u015fmeler Portf\u00f6y Y\u00f6netim \u015eirketleri ve Bu \u015eirketlerin Faaliyetlerine \u0130li\u015fkin Esaslar Tebli\u011fi'nde De\u011fi\u015fiklik Yap\u0131lmas\u0131na Dair Tebli\u011f (\\\"Tebli\u011f\\\"), 18\",\"breadcrumb\":{\"@id\":\"https:\/\/www.esin.av.tr\/tr\/2023\/02\/22\/portfoy-yonetim-sirketlerine-iliskin-mevzuatta-onemli-degisiklikler\/#breadcrumb\"},\"inLanguage\":\"tr\",\"potentialAction\":[{\"@type\":\"ReadAction\",\"target\":[\"https:\/\/www.esin.av.tr\/tr\/2023\/02\/22\/portfoy-yonetim-sirketlerine-iliskin-mevzuatta-onemli-degisiklikler\/\"]}]},{\"@type\":\"BreadcrumbList\",\"@id\":\"https:\/\/www.esin.av.tr\/tr\/2023\/02\/22\/portfoy-yonetim-sirketlerine-iliskin-mevzuatta-onemli-degisiklikler\/#breadcrumb\",\"itemListElement\":[{\"@type\":\"ListItem\",\"position\":1,\"name\":\"Home\",\"item\":\"https:\/\/www.esin.av.tr\/tr\/\"},{\"@type\":\"ListItem\",\"position\":2,\"name\":\"Portf\u00f6y Y\u00f6netim \u015eirketlerine \u0130li\u015fkin Mevzuatta \u00d6nemli De\u011fi\u015fiklikler\"}]},{\"@type\":\"WebSite\",\"@id\":\"https:\/\/www.esin.av.tr\/tr\/#website\",\"url\":\"https:\/\/www.esin.av.tr\/tr\/\",\"name\":\"Esin Avukatl\u0131k Ortakl\u0131\u011f\u0131\",\"description\":\"\",\"publisher\":{\"@id\":\"https:\/\/www.esin.av.tr\/tr\/#organization\"},\"potentialAction\":[{\"@type\":\"SearchAction\",\"target\":{\"@type\":\"EntryPoint\",\"urlTemplate\":\"https:\/\/www.esin.av.tr\/tr\/?s={search_term_string}\"},\"query-input\":{\"@type\":\"PropertyValueSpecification\",\"valueRequired\":true,\"valueName\":\"search_term_string\"}}],\"inLanguage\":\"tr\"},{\"@type\":\"Organization\",\"@id\":\"https:\/\/www.esin.av.tr\/tr\/#organization\",\"name\":\"Esin Avukatl\u0131k Ortakl\u0131\u011f\u0131\",\"url\":\"https:\/\/www.esin.av.tr\/tr\/\",\"logo\":{\"@type\":\"ImageObject\",\"inLanguage\":\"tr\",\"@id\":\"https:\/\/www.esin.av.tr\/tr\/#\/schema\/logo\/image\/\",\"url\":\"https:\/\/www.esin.av.tr\/wp-content\/uploads\/2021\/09\/esin-2.jpg\",\"contentUrl\":\"https:\/\/www.esin.av.tr\/wp-content\/uploads\/2021\/09\/esin-2.jpg\",\"width\":800,\"height\":460,\"caption\":\"Esin Avukatl\u0131k Ortakl\u0131\u011f\u0131\"},\"image\":{\"@id\":\"https:\/\/www.esin.av.tr\/tr\/#\/schema\/logo\/image\/\"}},{\"@type\":\"Person\",\"@id\":\"https:\/\/www.esin.av.tr\/tr\/#\/schema\/person\/42c8e616aab56b8622fa365ad63282ae\",\"name\":\"R\u0131dvan Konrat\",\"image\":{\"@type\":\"ImageObject\",\"inLanguage\":\"tr\",\"@id\":\"https:\/\/www.esin.av.tr\/tr\/#\/schema\/person\/image\/\",\"url\":\"https:\/\/secure.gravatar.com\/avatar\/b20c6c583be38ed4e76e32f69fccc676?s=96&d=mm&r=g\",\"contentUrl\":\"https:\/\/secure.gravatar.com\/avatar\/b20c6c583be38ed4e76e32f69fccc676?s=96&d=mm&r=g\",\"caption\":\"R\u0131dvan Konrat\"},\"sameAs\":[\"http:\/\/www.esin.av.tr\"],\"url\":\"https:\/\/www.esin.av.tr\/tr\/author\/rkonrat\/\"}]}<\/script>\n<!-- \/ Yoast SEO plugin. -->","yoast_head_json":{"title":"Portf\u00f6y Y\u00f6netim \u015eirketlerine \u0130li\u015fkin Mevzuatta \u00d6nemli De\u011fi\u015fiklikler","description":"Yeni Geli\u015fmeler Portf\u00f6y Y\u00f6netim \u015eirketleri ve Bu \u015eirketlerin Faaliyetlerine \u0130li\u015fkin Esaslar Tebli\u011fi'nde De\u011fi\u015fiklik Yap\u0131lmas\u0131na Dair Tebli\u011f (\"Tebli\u011f\"), 18","robots":{"index":"index","follow":"follow","max-snippet":"max-snippet:-1","max-image-preview":"max-image-preview:large","max-video-preview":"max-video-preview:-1"},"canonical":"https:\/\/www.esin.av.tr\/tr\/2023\/02\/22\/portfoy-yonetim-sirketlerine-iliskin-mevzuatta-onemli-degisiklikler\/","og_locale":"tr_TR","og_type":"article","og_title":"Portf\u00f6y Y\u00f6netim \u015eirketlerine \u0130li\u015fkin Mevzuatta \u00d6nemli De\u011fi\u015fiklikler","og_description":"Yeni Geli\u015fmeler Portf\u00f6y Y\u00f6netim \u015eirketleri ve Bu \u015eirketlerin Faaliyetlerine \u0130li\u015fkin Esaslar Tebli\u011fi'nde De\u011fi\u015fiklik Yap\u0131lmas\u0131na Dair Tebli\u011f (\"Tebli\u011f\"), 18","og_url":"https:\/\/www.esin.av.tr\/tr\/2023\/02\/22\/portfoy-yonetim-sirketlerine-iliskin-mevzuatta-onemli-degisiklikler\/","og_site_name":"Esin Avukatl\u0131k Ortakl\u0131\u011f\u0131","article_published_time":"2023-02-22T08:27:44+00:00","author":"R\u0131dvan Konrat","twitter_card":"summary_large_image","twitter_misc":{"Written by":"R\u0131dvan Konrat","Est. reading time":"3 minutes"},"schema":{"@context":"https:\/\/schema.org","@graph":[{"@type":"Article","@id":"https:\/\/www.esin.av.tr\/tr\/2023\/02\/22\/portfoy-yonetim-sirketlerine-iliskin-mevzuatta-onemli-degisiklikler\/#article","isPartOf":{"@id":"https:\/\/www.esin.av.tr\/tr\/2023\/02\/22\/portfoy-yonetim-sirketlerine-iliskin-mevzuatta-onemli-degisiklikler\/"},"author":{"name":"R\u0131dvan Konrat","@id":"https:\/\/www.esin.av.tr\/tr\/#\/schema\/person\/42c8e616aab56b8622fa365ad63282ae"},"headline":"Portf\u00f6y Y\u00f6netim \u015eirketlerine \u0130li\u015fkin Mevzuatta \u00d6nemli De\u011fi\u015fiklikler","datePublished":"2023-02-22T08:27:44+00:00","dateModified":"2023-02-22T08:27:44+00:00","mainEntityOfPage":{"@id":"https:\/\/www.esin.av.tr\/tr\/2023\/02\/22\/portfoy-yonetim-sirketlerine-iliskin-mevzuatta-onemli-degisiklikler\/"},"wordCount":570,"publisher":{"@id":"https:\/\/www.esin.av.tr\/tr\/#organization"},"keywords":["Sermaye Piyasas\u0131 Hukuku"],"articleSection":["Hukuk B\u00fcltenleri"],"inLanguage":"tr"},{"@type":"WebPage","@id":"https:\/\/www.esin.av.tr\/tr\/2023\/02\/22\/portfoy-yonetim-sirketlerine-iliskin-mevzuatta-onemli-degisiklikler\/","url":"https:\/\/www.esin.av.tr\/tr\/2023\/02\/22\/portfoy-yonetim-sirketlerine-iliskin-mevzuatta-onemli-degisiklikler\/","name":"Portf\u00f6y Y\u00f6netim \u015eirketlerine \u0130li\u015fkin Mevzuatta \u00d6nemli De\u011fi\u015fiklikler","isPartOf":{"@id":"https:\/\/www.esin.av.tr\/tr\/#website"},"datePublished":"2023-02-22T08:27:44+00:00","dateModified":"2023-02-22T08:27:44+00:00","description":"Yeni Geli\u015fmeler Portf\u00f6y Y\u00f6netim \u015eirketleri ve Bu \u015eirketlerin Faaliyetlerine \u0130li\u015fkin Esaslar Tebli\u011fi'nde De\u011fi\u015fiklik Yap\u0131lmas\u0131na Dair Tebli\u011f (\"Tebli\u011f\"), 18","breadcrumb":{"@id":"https:\/\/www.esin.av.tr\/tr\/2023\/02\/22\/portfoy-yonetim-sirketlerine-iliskin-mevzuatta-onemli-degisiklikler\/#breadcrumb"},"inLanguage":"tr","potentialAction":[{"@type":"ReadAction","target":["https:\/\/www.esin.av.tr\/tr\/2023\/02\/22\/portfoy-yonetim-sirketlerine-iliskin-mevzuatta-onemli-degisiklikler\/"]}]},{"@type":"BreadcrumbList","@id":"https:\/\/www.esin.av.tr\/tr\/2023\/02\/22\/portfoy-yonetim-sirketlerine-iliskin-mevzuatta-onemli-degisiklikler\/#breadcrumb","itemListElement":[{"@type":"ListItem","position":1,"name":"Home","item":"https:\/\/www.esin.av.tr\/tr\/"},{"@type":"ListItem","position":2,"name":"Portf\u00f6y Y\u00f6netim \u015eirketlerine \u0130li\u015fkin Mevzuatta \u00d6nemli De\u011fi\u015fiklikler"}]},{"@type":"WebSite","@id":"https:\/\/www.esin.av.tr\/tr\/#website","url":"https:\/\/www.esin.av.tr\/tr\/","name":"Esin Avukatl\u0131k Ortakl\u0131\u011f\u0131","description":"","publisher":{"@id":"https:\/\/www.esin.av.tr\/tr\/#organization"},"potentialAction":[{"@type":"SearchAction","target":{"@type":"EntryPoint","urlTemplate":"https:\/\/www.esin.av.tr\/tr\/?s={search_term_string}"},"query-input":{"@type":"PropertyValueSpecification","valueRequired":true,"valueName":"search_term_string"}}],"inLanguage":"tr"},{"@type":"Organization","@id":"https:\/\/www.esin.av.tr\/tr\/#organization","name":"Esin Avukatl\u0131k Ortakl\u0131\u011f\u0131","url":"https:\/\/www.esin.av.tr\/tr\/","logo":{"@type":"ImageObject","inLanguage":"tr","@id":"https:\/\/www.esin.av.tr\/tr\/#\/schema\/logo\/image\/","url":"https:\/\/www.esin.av.tr\/wp-content\/uploads\/2021\/09\/esin-2.jpg","contentUrl":"https:\/\/www.esin.av.tr\/wp-content\/uploads\/2021\/09\/esin-2.jpg","width":800,"height":460,"caption":"Esin Avukatl\u0131k Ortakl\u0131\u011f\u0131"},"image":{"@id":"https:\/\/www.esin.av.tr\/tr\/#\/schema\/logo\/image\/"}},{"@type":"Person","@id":"https:\/\/www.esin.av.tr\/tr\/#\/schema\/person\/42c8e616aab56b8622fa365ad63282ae","name":"R\u0131dvan Konrat","image":{"@type":"ImageObject","inLanguage":"tr","@id":"https:\/\/www.esin.av.tr\/tr\/#\/schema\/person\/image\/","url":"https:\/\/secure.gravatar.com\/avatar\/b20c6c583be38ed4e76e32f69fccc676?s=96&d=mm&r=g","contentUrl":"https:\/\/secure.gravatar.com\/avatar\/b20c6c583be38ed4e76e32f69fccc676?s=96&d=mm&r=g","caption":"R\u0131dvan Konrat"},"sameAs":["http:\/\/www.esin.av.tr"],"url":"https:\/\/www.esin.av.tr\/tr\/author\/rkonrat\/"}]}},"_links":{"self":[{"href":"https:\/\/www.esin.av.tr\/tr\/wp-json\/wp\/v2\/posts\/24805","targetHints":{"allow":["GET"]}}],"collection":[{"href":"https:\/\/www.esin.av.tr\/tr\/wp-json\/wp\/v2\/posts"}],"about":[{"href":"https:\/\/www.esin.av.tr\/tr\/wp-json\/wp\/v2\/types\/post"}],"author":[{"embeddable":true,"href":"https:\/\/www.esin.av.tr\/tr\/wp-json\/wp\/v2\/users\/4"}],"replies":[{"embeddable":true,"href":"https:\/\/www.esin.av.tr\/tr\/wp-json\/wp\/v2\/comments?post=24805"}],"version-history":[{"count":1,"href":"https:\/\/www.esin.av.tr\/tr\/wp-json\/wp\/v2\/posts\/24805\/revisions"}],"predecessor-version":[{"id":24806,"href":"https:\/\/www.esin.av.tr\/tr\/wp-json\/wp\/v2\/posts\/24805\/revisions\/24806"}],"wp:attachment":[{"href":"https:\/\/www.esin.av.tr\/tr\/wp-json\/wp\/v2\/media?parent=24805"}],"wp:term":[{"taxonomy":"category","embeddable":true,"href":"https:\/\/www.esin.av.tr\/tr\/wp-json\/wp\/v2\/categories?post=24805"},{"taxonomy":"post_tag","embeddable":true,"href":"https:\/\/www.esin.av.tr\/tr\/wp-json\/wp\/v2\/tags?post=24805"}],"curies":[{"name":"wp","href":"https:\/\/api.w.org\/{rel}","templated":true}]}}