{"id":24448,"date":"2023-01-10T09:20:58","date_gmt":"2023-01-10T09:20:58","guid":{"rendered":"https:\/\/www.esin.av.tr\/?p=24448"},"modified":"2023-01-10T09:20:58","modified_gmt":"2023-01-10T09:20:58","slug":"rekabet-kurumu-2022-yili-birlesme-ve-devralma-gorunum-raporunu-yayimladi","status":"publish","type":"post","link":"https:\/\/www.esin.av.tr\/tr\/2023\/01\/10\/rekabet-kurumu-2022-yili-birlesme-ve-devralma-gorunum-raporunu-yayimladi\/","title":{"rendered":"Rekabet Kurumu 2022 Y\u0131l\u0131 Birle\u015fme ve Devralma G\u00f6r\u00fcn\u00fcm Raporunu Yay\u0131mlad\u0131"},"content":{"rendered":"<h3><strong>Y<\/strong><strong>eni geli\u015fme<\/strong><\/h3>\n<p>Rekabet Kurumu&#8217;nun (&#8220;<strong>Kurum<\/strong>&#8220;) 2022 y\u0131l\u0131 Birle\u015fme ve Devralma Raporu (&#8220;<strong>Rapor<\/strong>&#8220;) 6 Ocak 2023 tarihinde Kurum&#8217;un internet sitesinde yay\u0131mlanm\u0131\u015ft\u0131r.<a href=\"#_ftn1\">[1<\/a><a href=\"#_ftn1\">]<\/a> Rapor, 2022 y\u0131l\u0131nda ger\u00e7ekle\u015fen birle\u015fme ve devralma i\u015flemlerinin istatistiklerini ve \u00f6nceki y\u0131llarla kar\u015f\u0131la\u015ft\u0131rmalar\u0131n\u0131 ortaya koyarak, 2022 y\u0131l\u0131nda T\u00fcrkiye&#8217;deki birle\u015fme ve devralma kontrol\u00fc s\u00fcrecine dair kapsaml\u0131 ve genel bir bak\u0131\u015f sa\u011flamaktad\u0131r.<\/p>\n<h3><strong>B\u0131rakal\u0131m Say\u0131lar Konu\u015fsun <\/strong><\/h3>\n<p>2022 y\u0131l\u0131nda Rekabet Kurulu (&#8220;<strong>Kurul<\/strong>&#8220;) toplam 245 birle\u015fme ve devralma i\u015flemini incelemi\u015ftir. Bildirilen bu i\u015flemlerin toplam i\u015flem bedeli ise yakla\u015f\u0131k 5,7 trilyon TL tutar\u0131ndad\u0131r. 2021 y\u0131l\u0131nda 5,8 trilyon TL tutar\u0131nda olan bildirilen 309 i\u015fleme k\u0131yasla, 2022 y\u0131l\u0131nda bildirilen i\u015flem say\u0131s\u0131nda ve bu i\u015flemlerin bedellerinde nispeten bir d\u00fc\u015f\u00fc\u015f olmu\u015ftur. \u0130\u015flem say\u0131s\u0131ndaki bu d\u00fc\u015f\u00fc\u015f\u00fcn nedenlerinden bir tanesinin 4 May\u0131s 2022 tarihinde y\u00fcr\u00fcrl\u00fc\u011fe giren 2010\/4 say\u0131l\u0131 Rekabet Kurulundan \u0130zin Al\u0131nmas\u0131 Gereken Birle\u015fme ve Devralmalar Hakk\u0131nda Tebli\u011f&#8217;de De\u011fi\u015fiklik Yap\u0131lmas\u0131 Hakk\u0131nda Tebli\u011f (&#8220;<strong>2022\/2 Say\u0131l\u0131 Tebli\u011f<\/strong>&#8220;) uyar\u0131nca ciro e\u015fiklerinin y\u00fckseltilmesi oldu\u011fu de\u011ferlendirilebilecektir. S\u00f6z konusu de\u011fi\u015fikli\u011fe ili\u015fkin hukuk b\u00fcltenimize <a href=\"https:\/\/urldefense.com\/v3\/__https:\/esinxchange.com\/collect\/click.aspx?u=eG9WUEdZSU5rM2c3eW4zSlNuMy9JMlRNcEhyMGVib1VlNmplMW1mZFJQNzg4Y0srREIySTV6SSsxRUdGV2VHVHlISGN3YkRmRUhmbXdBSE5RWTJWaVJtcE5FRjJwdXZWbThqenFjMEYrRlk1VUkrMXd0bHBWcDY5NjUyMU5tZE9hVE5ObE5HTmhMVEYwL2lMdlJCbFdQZisvczZ3TmZuakxvd1NwMTNUU1ZZNkFLYllNN1lSR0I2aDBWQ0tndkgr&amp;rh=ff00a1898a33fee2c4f7836f7e48988cfcac029f__;!!Hj9Y_P0nvg!Swb_2OQNjQbW8sa9DVPGl2S865OS9ad707cGIbF8GHHiHtTOQmHJ4OQ3eDssqTIaJ_mZ3rI_7rfZsk_8XKas7ALD7A$\"><strong>buradan<\/strong><\/a> ula\u015fabilirsiniz.<\/p>\n<p>Rapor, a\u015fa\u011f\u0131daki bulgular\u0131 i\u00e7ermektedir:<\/p>\n<ul>\n<li>10 i\u015flem, kontrol de\u011fi\u015fikli\u011fi yaratmad\u0131\u011f\u0131 i\u00e7in kapsam d\u0131\u015f\u0131 olarak s\u0131n\u0131fland\u0131r\u0131l\u0131rken, bir i\u015flem bilgi notu kategorisinde b\u0131rak\u0131lm\u0131\u015ft\u0131r.<\/li>\n<li>2021 y\u0131l\u0131nda oldu\u011fu gibi, 2022 y\u0131l\u0131nda da Kurul taraf\u0131ndan 7 \u00f6zelle\u015ftirme i\u015flemi incelenmi\u015ftir.<\/li>\n<li>Taraflar\u0131n tamam\u0131n\u0131n T\u00fcrkiye k\u00f6kenli oldu\u011fu i\u015flemlerin say\u0131s\u0131nda 2021 y\u0131l\u0131na (51 i\u015flem) nazaran 2022 y\u0131l\u0131nda (39 i\u015flem) bir d\u00fc\u015f\u00fc\u015f ger\u00e7ekle\u015fmi\u015ftir. \u00d6te yandan, bu i\u015flemlerin 25,1 milyar TL tutar\u0131ndaki toplam i\u015flem de\u011feri 2021 y\u0131l\u0131ndaki 15,9 milyar TL tutar\u0131ndaki toplam i\u015flem de\u011ferine g\u00f6re art\u0131\u015f g\u00f6stermi\u015ftir.<\/li>\n<li>Hedef \u015firketin T\u00fcrkiye k\u00f6kenli oldu\u011fu i\u015flemler a\u00e7\u0131s\u0131ndan, 2021 y\u0131l\u0131nda 118 olan i\u015flem say\u0131s\u0131, 2022 y\u0131l\u0131nda 82&#8217;ye d\u00fc\u015ferken; i\u015flem de\u011feri %70&#8217;lik bir art\u0131\u015fla 42,6 milyar TL&#8217;den 72,2 milyar TL&#8217;ye y\u00fckselmi\u015ftir.<\/li>\n<li>Yabanc\u0131 \u00fclke yasalar\u0131na g\u00f6re kurulmu\u015f \u015firketler aras\u0131nda ger\u00e7ekle\u015ftirilen i\u015flemler bak\u0131m\u0131ndan ise, Kurul, 2021 y\u0131l\u0131ndaki 175 i\u015fleme k\u0131yasla 2022 y\u0131l\u0131nda daha az i\u015flemi (154 adet) incelemi\u015ftir. Ancak, toplam i\u015flem de\u011ferinde \u00f6nemli bir de\u011fi\u015fiklik olmam\u0131\u015f, 2021 y\u0131l\u0131ndakine benzer \u015fekilde bu i\u015flemlerin de\u011feri 2022 y\u0131l\u0131nda da yakla\u015f\u0131k 5,6 trilyon TL tutar\u0131ndad\u0131r.<\/li>\n<li>Kurul, 2021 y\u0131l\u0131nda i\u015flem taraflar\u0131ndan en az birer tanesinin T\u00fcrkiye ve yabanc\u0131 k\u00f6kenli \u015firket oldu\u011fu 67 adet i\u015flemi incelerken, 2022 y\u0131l\u0131nda bu i\u015flemlerin say\u0131s\u0131 34&#8217;e d\u00fc\u015ferek, bu nitelikte 38 adet i\u015flemin incelendi\u011fi 2020 y\u0131l\u0131n\u0131n da alt\u0131na inmi\u015ftir. \u00d6te yandan, ilgili i\u015flemlerin toplam de\u011feri 2021 y\u0131l\u0131nda 29,8 milyar TL iken, 2022 y\u0131l\u0131nda 36,2 milyar TL&#8217;ye y\u00fckselmi\u015ftir.<\/li>\n<li>2022 y\u0131l\u0131nda yabanc\u0131 yat\u0131r\u0131mc\u0131lar taraf\u0131ndan 36 ayr\u0131 i\u015flemde T\u00fcrkiye k\u00f6kenli \u015firketlere yat\u0131r\u0131m yap\u0131lm\u0131\u015ft\u0131r. Yabanc\u0131 yat\u0131r\u0131mc\u0131lar aras\u0131nda ilk s\u0131rada 5&#8217;er adet i\u015flem ile Hollanda ve Birle\u015fik Arap Emirlikleri yer al\u0131rken, bunlar\u0131 4 adet i\u015flem ile Birle\u015fik Krall\u0131k izlemektedir. 2021 y\u0131l\u0131 ile kar\u015f\u0131la\u015ft\u0131r\u0131ld\u0131\u011f\u0131nda, L\u00fcksemburg on i\u015flem ile ilk s\u0131rada yer almaktayken, L\u00fcksemburg&#8217;u s\u0131ras\u0131yla 6 ve 5 adet i\u015flemle ABD ve Birle\u015fik Krall\u0131k takip etmi\u015ftir.<\/li>\n<li>\u0130\u015flemlerin sekt\u00f6rlere da\u011f\u0131l\u0131m\u0131na bak\u0131ld\u0131\u011f\u0131nda ise, 2021 y\u0131l\u0131nda oldu\u011fu gibi 2022 y\u0131l\u0131nda da &#8220;elektrik enerjisinin \u00fcretimi, iletimi ve da\u011f\u0131t\u0131m\u0131&#8221; sekt\u00f6r\u00fc, 8 i\u015flemle yine ilk s\u0131rada yer al\u0131rken; bunu 5 adet i\u015flemle &#8220;ta\u015f\u0131mac\u0131l\u0131k i\u00e7in destekleyici faaliyetler&#8221; ve 3 adet i\u015flem ile &#8220;yaz\u0131l\u0131m programlar\u0131n\u0131n yay\u0131mlanmas\u0131&#8221; sekt\u00f6rleri takip etmi\u015ftir. \u00d6te yandan, i\u015flem de\u011feri a\u00e7\u0131s\u0131ndan 2021 y\u0131l\u0131nda 5,1 milyar TL ile ilk s\u0131rada yer alan &#8220;plastikten paketleme malzemeleri imalat\u0131&#8221;, yerini 2022 y\u0131l\u0131nda toplam 5,2 milyar TL i\u015flem de\u011feri ile &#8220;elektrik enerjisinin \u00fcretimi, iletimi ve da\u011f\u0131t\u0131m\u0131&#8221; sekt\u00f6r\u00fcne kapt\u0131rm\u0131\u015ft\u0131r.<\/li>\n<li>2022 y\u0131l\u0131 i\u00e7erisinde 3 i\u015flem nihai incelemeye al\u0131nm\u0131\u015ft\u0131r.<a href=\"#_ftn2\">[2]<\/a> S\u00f6z konusu i\u015flemlerden ikisine izin verilmi\u015f olup, di\u011fer i\u015fleme ili\u015fkin inceleme s\u00fcre\u00e7leri devam etmektedir.<a href=\"#_ftn3\">[3]<\/a><\/li>\n<\/ul>\n<h3><strong>Sonu\u00e7<\/strong><\/h3>\n<p>Rapor, 2022 y\u0131l\u0131nda ger\u00e7ekle\u015ftirilen birle\u015fme ve devralmalara ili\u015fkin detayl\u0131 bir de\u011ferlendirme sunmakta ve hem bildirilen i\u015flem say\u0131s\u0131nda hem de i\u015flem de\u011ferinde d\u00fc\u015f\u00fc\u015f oldu\u011fu g\u00f6zlenmektedir. Bu d\u00fc\u015f\u00fc\u015f, May\u0131s 2022&#8217;de ciro e\u015fiklerindeki kayda de\u011fer art\u0131\u015f\u0131n bir sonucu olabilir. Bununla birlikte, 2022\/2 Say\u0131l\u0131 Tebli\u011f ile teknoloji te\u015febb\u00fcslerine getirilen istisna ve T\u00fcrk liras\u0131ndaki de\u011fer kayb\u0131 nedeniyle, daha fazla i\u015flemin bildirime tabi olmas\u0131 muhtemeldir.<br \/>\n<a href=\"#_ftnref1\">[1]<\/a> Rapor&#8217;a <a href=\"https:\/\/urldefense.com\/v3\/__https:\/esinxchange.com\/collect\/click.aspx?u=eG9WUEdZSU5rM2c3eW4zSlNuMy9JMlRNcEhyMGVib1VlNmplMW1mZFJQNGNkZEY2Q3BvcW9RM0duN09XSWpHVWY4WVVVMmdHb2hoRVpkL3FhdDR3Yk9KMTZVWWUvOUdmczBJeVh3TmI3T2MxNGQ1NWY1dU05c3RldElVdHVWejBkZndSMFhhYWVyeGRkczQ2WlpnSUxJVEZuSDhSazZ6eTBnUXZXeU9yRWs0OXd4Ukd0RjZCMnNrNXdXOWdIVlVh&amp;rh=ff00a1898a33fee2c4f7836f7e48988cfcac029f__;!!Hj9Y_P0nvg!Swb_2OQNjQbW8sa9DVPGl2S865OS9ad707cGIbF8GHHiHtTOQmHJ4OQ3eDssqTIaJ_mZ3rI_7rfZsk_8XKZyrEHq6w$\">https:\/\/www.rekabet.gov.tr\/tr\/Guncel\/2022-yili-birlesme-ve-devralma-gorunum-r-b6221477928ded11a23100505685ee05<\/a> adresinden eri\u015filebilir.<\/p>\n<p><a href=\"#_ftnref2\">[2]<\/a> Kurum&#8217;un internet sitesine g\u00f6re, bu i\u015flemler \u015fu \u015fekildedir: (i) Dalsan Yat\u0131r\u0131m ve Enerji A.\u015e. ile Saint-Gobain Weber Yap\u0131 Kimyasallar\u0131 Sanayi ve Ticaret A.\u015e.&#8217;nin Saint-Gobain Rigips Al\u00e7\u0131 Sanayi ve Ticaret A.\u015e. \u00fczerinde ortak kontrol kurulmas\u0131 i\u015flemi; (ii) Ay-mar Ticaret Ltd. \u015eti.&#8217;nin Trabzon ve Giresun&#8217;da bulunan 25 ma\u011fazas\u0131n\u0131n kirac\u0131l\u0131k haklar\u0131n\u0131n ve sabit k\u0131ymetlerinin Migros Ticaret A.\u015e. taraf\u0131ndan devral\u0131nmas\u0131; (iii) \u00c7imsa \u00c7imento San. ve Tic. A.\u015e.&#8217;nin iki fabrikas\u0131, bir \u00f6\u011f\u00fctme tesisi, bir paketleme tesisi ve yedi haz\u0131r beton tesisinin varl\u0131klar\u0131n\u0131n \u00c7imko \u00c7imento ve Beton San. Tic. A.\u015e. taraf\u0131ndan devral\u0131nmas\u0131.<\/p>\n<p><a href=\"#_ftnref3\">[3]<\/a> Rapor, 2022 y\u0131l\u0131nda Kurul&#8217;un bu i\u015flemlerden birine onay verdi\u011fini belirtmektedir. Bununla birlikte, Kurum&#8217;un internet sitesine g\u00f6re; Kurul, 08.12.2022 tarihinde <em>Saint-Gobain\/Dalsan<\/em> i\u015flemine ve 23.06.2022 tarihinde <em>Migros\/Aymar<\/em> i\u015flemine izin vermi\u015ftir.<\/p>\n","protected":false},"excerpt":{"rendered":"<p>Yeni geli\u015fme Rekabet Kurumu&#8217;nun (&#8220;Kurum&#8220;) 2022 y\u0131l\u0131 Birle\u015fme ve Devralma Raporu (&#8220;Rapor&#8220;) 6 Ocak 2023 tarihinde Kurum&#8217;un internet sitesinde yay\u0131mlanm\u0131\u015ft\u0131r.[1] [&hellip;]<\/p>\n","protected":false},"author":4,"featured_media":0,"comment_status":"closed","ping_status":"closed","sticky":false,"template":"","format":"standard","meta":{"_acf_changed":false,"_stopmodifiedupdate":false,"_modified_date":"","footnotes":""},"categories":[120],"tags":[108],"class_list":["post-24448","post","type-post","status-publish","format-standard","hentry","category-legal-alerts","tag-competition-tr"],"acf":[],"yoast_head":"<!-- This site is optimized with the Yoast SEO plugin v24.0 - https:\/\/yoast.com\/wordpress\/plugins\/seo\/ -->\n<title>Rekabet Kurumu 2022 Y\u0131l\u0131 Birle\u015fme ve Devralma G\u00f6r\u00fcn\u00fcm Raporunu Yay\u0131mlad\u0131<\/title>\n<meta name=\"description\" content=\"Yeni geli\u015fme Rekabet Kurumu&#039;nun (&quot;Kurum&quot;) 2022 y\u0131l\u0131 Birle\u015fme ve Devralma Raporu (&quot;Rapor&quot;) 6 Ocak 2023 tarihinde Kurum&#039;un internet sitesinde\" \/>\n<meta name=\"robots\" content=\"index, follow, max-snippet:-1, max-image-preview:large, max-video-preview:-1\" \/>\n<link rel=\"canonical\" href=\"https:\/\/www.esin.av.tr\/tr\/2023\/01\/10\/rekabet-kurumu-2022-yili-birlesme-ve-devralma-gorunum-raporunu-yayimladi\/\" \/>\n<meta property=\"og:locale\" content=\"tr_TR\" \/>\n<meta property=\"og:type\" content=\"article\" \/>\n<meta property=\"og:title\" content=\"Rekabet Kurumu 2022 Y\u0131l\u0131 Birle\u015fme ve Devralma G\u00f6r\u00fcn\u00fcm Raporunu Yay\u0131mlad\u0131\" \/>\n<meta property=\"og:description\" content=\"Yeni geli\u015fme Rekabet Kurumu&#039;nun (&quot;Kurum&quot;) 2022 y\u0131l\u0131 Birle\u015fme ve Devralma Raporu (&quot;Rapor&quot;) 6 Ocak 2023 tarihinde Kurum&#039;un internet sitesinde\" \/>\n<meta property=\"og:url\" content=\"https:\/\/www.esin.av.tr\/tr\/2023\/01\/10\/rekabet-kurumu-2022-yili-birlesme-ve-devralma-gorunum-raporunu-yayimladi\/\" \/>\n<meta property=\"og:site_name\" content=\"Esin Avukatl\u0131k Ortakl\u0131\u011f\u0131\" \/>\n<meta property=\"article:published_time\" content=\"2023-01-10T09:20:58+00:00\" \/>\n<meta name=\"author\" content=\"R\u0131dvan Konrat\" \/>\n<meta name=\"twitter:card\" content=\"summary_large_image\" \/>\n<meta name=\"twitter:label1\" content=\"Written by\" \/>\n\t<meta name=\"twitter:data1\" content=\"R\u0131dvan Konrat\" \/>\n\t<meta name=\"twitter:label2\" content=\"Est. reading time\" \/>\n\t<meta name=\"twitter:data2\" content=\"5 minutes\" \/>\n<script type=\"application\/ld+json\" class=\"yoast-schema-graph\">{\"@context\":\"https:\/\/schema.org\",\"@graph\":[{\"@type\":\"Article\",\"@id\":\"https:\/\/www.esin.av.tr\/tr\/2023\/01\/10\/rekabet-kurumu-2022-yili-birlesme-ve-devralma-gorunum-raporunu-yayimladi\/#article\",\"isPartOf\":{\"@id\":\"https:\/\/www.esin.av.tr\/tr\/2023\/01\/10\/rekabet-kurumu-2022-yili-birlesme-ve-devralma-gorunum-raporunu-yayimladi\/\"},\"author\":{\"name\":\"R\u0131dvan Konrat\",\"@id\":\"https:\/\/www.esin.av.tr\/tr\/#\/schema\/person\/42c8e616aab56b8622fa365ad63282ae\"},\"headline\":\"Rekabet Kurumu 2022 Y\u0131l\u0131 Birle\u015fme ve Devralma G\u00f6r\u00fcn\u00fcm Raporunu Yay\u0131mlad\u0131\",\"datePublished\":\"2023-01-10T09:20:58+00:00\",\"dateModified\":\"2023-01-10T09:20:58+00:00\",\"mainEntityOfPage\":{\"@id\":\"https:\/\/www.esin.av.tr\/tr\/2023\/01\/10\/rekabet-kurumu-2022-yili-birlesme-ve-devralma-gorunum-raporunu-yayimladi\/\"},\"wordCount\":1038,\"publisher\":{\"@id\":\"https:\/\/www.esin.av.tr\/tr\/#organization\"},\"keywords\":[\"Rekabet Hukuku\"],\"articleSection\":[\"Hukuk B\u00fcltenleri\"],\"inLanguage\":\"tr\"},{\"@type\":\"WebPage\",\"@id\":\"https:\/\/www.esin.av.tr\/tr\/2023\/01\/10\/rekabet-kurumu-2022-yili-birlesme-ve-devralma-gorunum-raporunu-yayimladi\/\",\"url\":\"https:\/\/www.esin.av.tr\/tr\/2023\/01\/10\/rekabet-kurumu-2022-yili-birlesme-ve-devralma-gorunum-raporunu-yayimladi\/\",\"name\":\"Rekabet Kurumu 2022 Y\u0131l\u0131 Birle\u015fme ve Devralma G\u00f6r\u00fcn\u00fcm Raporunu Yay\u0131mlad\u0131\",\"isPartOf\":{\"@id\":\"https:\/\/www.esin.av.tr\/tr\/#website\"},\"datePublished\":\"2023-01-10T09:20:58+00:00\",\"dateModified\":\"2023-01-10T09:20:58+00:00\",\"description\":\"Yeni geli\u015fme Rekabet Kurumu'nun (\\\"Kurum\\\") 2022 y\u0131l\u0131 Birle\u015fme ve Devralma Raporu (\\\"Rapor\\\") 6 Ocak 2023 tarihinde Kurum'un internet sitesinde\",\"breadcrumb\":{\"@id\":\"https:\/\/www.esin.av.tr\/tr\/2023\/01\/10\/rekabet-kurumu-2022-yili-birlesme-ve-devralma-gorunum-raporunu-yayimladi\/#breadcrumb\"},\"inLanguage\":\"tr\",\"potentialAction\":[{\"@type\":\"ReadAction\",\"target\":[\"https:\/\/www.esin.av.tr\/tr\/2023\/01\/10\/rekabet-kurumu-2022-yili-birlesme-ve-devralma-gorunum-raporunu-yayimladi\/\"]}]},{\"@type\":\"BreadcrumbList\",\"@id\":\"https:\/\/www.esin.av.tr\/tr\/2023\/01\/10\/rekabet-kurumu-2022-yili-birlesme-ve-devralma-gorunum-raporunu-yayimladi\/#breadcrumb\",\"itemListElement\":[{\"@type\":\"ListItem\",\"position\":1,\"name\":\"Home\",\"item\":\"https:\/\/www.esin.av.tr\/tr\/\"},{\"@type\":\"ListItem\",\"position\":2,\"name\":\"Rekabet Kurumu 2022 Y\u0131l\u0131 Birle\u015fme ve Devralma G\u00f6r\u00fcn\u00fcm Raporunu Yay\u0131mlad\u0131\"}]},{\"@type\":\"WebSite\",\"@id\":\"https:\/\/www.esin.av.tr\/tr\/#website\",\"url\":\"https:\/\/www.esin.av.tr\/tr\/\",\"name\":\"Esin Avukatl\u0131k Ortakl\u0131\u011f\u0131\",\"description\":\"\",\"publisher\":{\"@id\":\"https:\/\/www.esin.av.tr\/tr\/#organization\"},\"potentialAction\":[{\"@type\":\"SearchAction\",\"target\":{\"@type\":\"EntryPoint\",\"urlTemplate\":\"https:\/\/www.esin.av.tr\/tr\/?s={search_term_string}\"},\"query-input\":{\"@type\":\"PropertyValueSpecification\",\"valueRequired\":true,\"valueName\":\"search_term_string\"}}],\"inLanguage\":\"tr\"},{\"@type\":\"Organization\",\"@id\":\"https:\/\/www.esin.av.tr\/tr\/#organization\",\"name\":\"Esin Avukatl\u0131k Ortakl\u0131\u011f\u0131\",\"url\":\"https:\/\/www.esin.av.tr\/tr\/\",\"logo\":{\"@type\":\"ImageObject\",\"inLanguage\":\"tr\",\"@id\":\"https:\/\/www.esin.av.tr\/tr\/#\/schema\/logo\/image\/\",\"url\":\"https:\/\/www.esin.av.tr\/wp-content\/uploads\/2021\/09\/esin-2.jpg\",\"contentUrl\":\"https:\/\/www.esin.av.tr\/wp-content\/uploads\/2021\/09\/esin-2.jpg\",\"width\":800,\"height\":460,\"caption\":\"Esin Avukatl\u0131k Ortakl\u0131\u011f\u0131\"},\"image\":{\"@id\":\"https:\/\/www.esin.av.tr\/tr\/#\/schema\/logo\/image\/\"}},{\"@type\":\"Person\",\"@id\":\"https:\/\/www.esin.av.tr\/tr\/#\/schema\/person\/42c8e616aab56b8622fa365ad63282ae\",\"name\":\"R\u0131dvan Konrat\",\"image\":{\"@type\":\"ImageObject\",\"inLanguage\":\"tr\",\"@id\":\"https:\/\/www.esin.av.tr\/tr\/#\/schema\/person\/image\/\",\"url\":\"https:\/\/secure.gravatar.com\/avatar\/b20c6c583be38ed4e76e32f69fccc676?s=96&d=mm&r=g\",\"contentUrl\":\"https:\/\/secure.gravatar.com\/avatar\/b20c6c583be38ed4e76e32f69fccc676?s=96&d=mm&r=g\",\"caption\":\"R\u0131dvan Konrat\"},\"sameAs\":[\"http:\/\/www.esin.av.tr\"],\"url\":\"https:\/\/www.esin.av.tr\/tr\/author\/rkonrat\/\"}]}<\/script>\n<!-- \/ Yoast SEO plugin. -->","yoast_head_json":{"title":"Rekabet Kurumu 2022 Y\u0131l\u0131 Birle\u015fme ve Devralma G\u00f6r\u00fcn\u00fcm Raporunu Yay\u0131mlad\u0131","description":"Yeni geli\u015fme Rekabet Kurumu'nun (\"Kurum\") 2022 y\u0131l\u0131 Birle\u015fme ve Devralma Raporu (\"Rapor\") 6 Ocak 2023 tarihinde Kurum'un internet sitesinde","robots":{"index":"index","follow":"follow","max-snippet":"max-snippet:-1","max-image-preview":"max-image-preview:large","max-video-preview":"max-video-preview:-1"},"canonical":"https:\/\/www.esin.av.tr\/tr\/2023\/01\/10\/rekabet-kurumu-2022-yili-birlesme-ve-devralma-gorunum-raporunu-yayimladi\/","og_locale":"tr_TR","og_type":"article","og_title":"Rekabet Kurumu 2022 Y\u0131l\u0131 Birle\u015fme ve Devralma G\u00f6r\u00fcn\u00fcm Raporunu Yay\u0131mlad\u0131","og_description":"Yeni geli\u015fme Rekabet Kurumu'nun (\"Kurum\") 2022 y\u0131l\u0131 Birle\u015fme ve Devralma Raporu (\"Rapor\") 6 Ocak 2023 tarihinde Kurum'un internet sitesinde","og_url":"https:\/\/www.esin.av.tr\/tr\/2023\/01\/10\/rekabet-kurumu-2022-yili-birlesme-ve-devralma-gorunum-raporunu-yayimladi\/","og_site_name":"Esin Avukatl\u0131k Ortakl\u0131\u011f\u0131","article_published_time":"2023-01-10T09:20:58+00:00","author":"R\u0131dvan Konrat","twitter_card":"summary_large_image","twitter_misc":{"Written by":"R\u0131dvan Konrat","Est. reading time":"5 minutes"},"schema":{"@context":"https:\/\/schema.org","@graph":[{"@type":"Article","@id":"https:\/\/www.esin.av.tr\/tr\/2023\/01\/10\/rekabet-kurumu-2022-yili-birlesme-ve-devralma-gorunum-raporunu-yayimladi\/#article","isPartOf":{"@id":"https:\/\/www.esin.av.tr\/tr\/2023\/01\/10\/rekabet-kurumu-2022-yili-birlesme-ve-devralma-gorunum-raporunu-yayimladi\/"},"author":{"name":"R\u0131dvan Konrat","@id":"https:\/\/www.esin.av.tr\/tr\/#\/schema\/person\/42c8e616aab56b8622fa365ad63282ae"},"headline":"Rekabet Kurumu 2022 Y\u0131l\u0131 Birle\u015fme ve Devralma G\u00f6r\u00fcn\u00fcm Raporunu Yay\u0131mlad\u0131","datePublished":"2023-01-10T09:20:58+00:00","dateModified":"2023-01-10T09:20:58+00:00","mainEntityOfPage":{"@id":"https:\/\/www.esin.av.tr\/tr\/2023\/01\/10\/rekabet-kurumu-2022-yili-birlesme-ve-devralma-gorunum-raporunu-yayimladi\/"},"wordCount":1038,"publisher":{"@id":"https:\/\/www.esin.av.tr\/tr\/#organization"},"keywords":["Rekabet Hukuku"],"articleSection":["Hukuk B\u00fcltenleri"],"inLanguage":"tr"},{"@type":"WebPage","@id":"https:\/\/www.esin.av.tr\/tr\/2023\/01\/10\/rekabet-kurumu-2022-yili-birlesme-ve-devralma-gorunum-raporunu-yayimladi\/","url":"https:\/\/www.esin.av.tr\/tr\/2023\/01\/10\/rekabet-kurumu-2022-yili-birlesme-ve-devralma-gorunum-raporunu-yayimladi\/","name":"Rekabet Kurumu 2022 Y\u0131l\u0131 Birle\u015fme ve Devralma G\u00f6r\u00fcn\u00fcm Raporunu Yay\u0131mlad\u0131","isPartOf":{"@id":"https:\/\/www.esin.av.tr\/tr\/#website"},"datePublished":"2023-01-10T09:20:58+00:00","dateModified":"2023-01-10T09:20:58+00:00","description":"Yeni geli\u015fme Rekabet Kurumu'nun (\"Kurum\") 2022 y\u0131l\u0131 Birle\u015fme ve Devralma Raporu (\"Rapor\") 6 Ocak 2023 tarihinde Kurum'un internet sitesinde","breadcrumb":{"@id":"https:\/\/www.esin.av.tr\/tr\/2023\/01\/10\/rekabet-kurumu-2022-yili-birlesme-ve-devralma-gorunum-raporunu-yayimladi\/#breadcrumb"},"inLanguage":"tr","potentialAction":[{"@type":"ReadAction","target":["https:\/\/www.esin.av.tr\/tr\/2023\/01\/10\/rekabet-kurumu-2022-yili-birlesme-ve-devralma-gorunum-raporunu-yayimladi\/"]}]},{"@type":"BreadcrumbList","@id":"https:\/\/www.esin.av.tr\/tr\/2023\/01\/10\/rekabet-kurumu-2022-yili-birlesme-ve-devralma-gorunum-raporunu-yayimladi\/#breadcrumb","itemListElement":[{"@type":"ListItem","position":1,"name":"Home","item":"https:\/\/www.esin.av.tr\/tr\/"},{"@type":"ListItem","position":2,"name":"Rekabet Kurumu 2022 Y\u0131l\u0131 Birle\u015fme ve Devralma G\u00f6r\u00fcn\u00fcm Raporunu Yay\u0131mlad\u0131"}]},{"@type":"WebSite","@id":"https:\/\/www.esin.av.tr\/tr\/#website","url":"https:\/\/www.esin.av.tr\/tr\/","name":"Esin Avukatl\u0131k Ortakl\u0131\u011f\u0131","description":"","publisher":{"@id":"https:\/\/www.esin.av.tr\/tr\/#organization"},"potentialAction":[{"@type":"SearchAction","target":{"@type":"EntryPoint","urlTemplate":"https:\/\/www.esin.av.tr\/tr\/?s={search_term_string}"},"query-input":{"@type":"PropertyValueSpecification","valueRequired":true,"valueName":"search_term_string"}}],"inLanguage":"tr"},{"@type":"Organization","@id":"https:\/\/www.esin.av.tr\/tr\/#organization","name":"Esin Avukatl\u0131k Ortakl\u0131\u011f\u0131","url":"https:\/\/www.esin.av.tr\/tr\/","logo":{"@type":"ImageObject","inLanguage":"tr","@id":"https:\/\/www.esin.av.tr\/tr\/#\/schema\/logo\/image\/","url":"https:\/\/www.esin.av.tr\/wp-content\/uploads\/2021\/09\/esin-2.jpg","contentUrl":"https:\/\/www.esin.av.tr\/wp-content\/uploads\/2021\/09\/esin-2.jpg","width":800,"height":460,"caption":"Esin Avukatl\u0131k Ortakl\u0131\u011f\u0131"},"image":{"@id":"https:\/\/www.esin.av.tr\/tr\/#\/schema\/logo\/image\/"}},{"@type":"Person","@id":"https:\/\/www.esin.av.tr\/tr\/#\/schema\/person\/42c8e616aab56b8622fa365ad63282ae","name":"R\u0131dvan Konrat","image":{"@type":"ImageObject","inLanguage":"tr","@id":"https:\/\/www.esin.av.tr\/tr\/#\/schema\/person\/image\/","url":"https:\/\/secure.gravatar.com\/avatar\/b20c6c583be38ed4e76e32f69fccc676?s=96&d=mm&r=g","contentUrl":"https:\/\/secure.gravatar.com\/avatar\/b20c6c583be38ed4e76e32f69fccc676?s=96&d=mm&r=g","caption":"R\u0131dvan Konrat"},"sameAs":["http:\/\/www.esin.av.tr"],"url":"https:\/\/www.esin.av.tr\/tr\/author\/rkonrat\/"}]}},"_links":{"self":[{"href":"https:\/\/www.esin.av.tr\/tr\/wp-json\/wp\/v2\/posts\/24448","targetHints":{"allow":["GET"]}}],"collection":[{"href":"https:\/\/www.esin.av.tr\/tr\/wp-json\/wp\/v2\/posts"}],"about":[{"href":"https:\/\/www.esin.av.tr\/tr\/wp-json\/wp\/v2\/types\/post"}],"author":[{"embeddable":true,"href":"https:\/\/www.esin.av.tr\/tr\/wp-json\/wp\/v2\/users\/4"}],"replies":[{"embeddable":true,"href":"https:\/\/www.esin.av.tr\/tr\/wp-json\/wp\/v2\/comments?post=24448"}],"version-history":[{"count":1,"href":"https:\/\/www.esin.av.tr\/tr\/wp-json\/wp\/v2\/posts\/24448\/revisions"}],"predecessor-version":[{"id":24449,"href":"https:\/\/www.esin.av.tr\/tr\/wp-json\/wp\/v2\/posts\/24448\/revisions\/24449"}],"wp:attachment":[{"href":"https:\/\/www.esin.av.tr\/tr\/wp-json\/wp\/v2\/media?parent=24448"}],"wp:term":[{"taxonomy":"category","embeddable":true,"href":"https:\/\/www.esin.av.tr\/tr\/wp-json\/wp\/v2\/categories?post=24448"},{"taxonomy":"post_tag","embeddable":true,"href":"https:\/\/www.esin.av.tr\/tr\/wp-json\/wp\/v2\/tags?post=24448"}],"curies":[{"name":"wp","href":"https:\/\/api.w.org\/{rel}","templated":true}]}}