{"id":24157,"date":"2022-12-01T12:32:50","date_gmt":"2022-12-01T12:32:50","guid":{"rendered":"https:\/\/www.esin.av.tr\/?p=24157"},"modified":"2022-12-01T12:34:53","modified_gmt":"2022-12-01T12:34:53","slug":"bagimsiz-denetime-tabi-sirketlerin-belirlenmesine-dair-kriterler-degisti","status":"publish","type":"post","link":"https:\/\/www.esin.av.tr\/tr\/2022\/12\/01\/bagimsiz-denetime-tabi-sirketlerin-belirlenmesine-dair-kriterler-degisti\/","title":{"rendered":"Ba\u011f\u0131ms\u0131z Denetime Tabi \u015eirketlerin Belirlenmesine Dair Kriterler De\u011fi\u015fti"},"content":{"rendered":"<h3><strong>Yeni Geli\u015fmeler<\/strong><\/h3>\n<p>6102 say\u0131l\u0131 T\u00fcrk Ticaret Kanunu&#8217;nun (&#8220;<strong>TTK<\/strong>&#8220;) 397. maddesi kapsam\u0131nda, ba\u011f\u0131ms\u0131z denetime tabi \u015firketlerin belirlenmesine ili\u015fkin yeni usul ve esaslar\u0131 belirleyen Ba\u011f\u0131ms\u0131z Denetime Tabi \u015eirketlerin Belirlenmesine Dair Karar (&#8220;<strong>Karar<\/strong>&#8220;) 30 Kas\u0131m 2022 tarihli <a href=\"https:\/\/urldefense.com\/v3\/__https:\/esinxchange.com\/collect\/click.aspx?u=dnBGSDFDN0tVVXY1Y3ZrZXU3MXE4UHNOQTVkVzYxTXMwMVdCckxYRUlrUENZRGJ6R0dCaTFzQXBmcmU1V0xtQU02REcwNXFtY3BYL3JTSm5tZ2FxekhJREdXdy9KNCtCS3BZb2dzTDBsV0JycklBN2xSTyt3aWZUV3doNm5vdlI=&amp;rh=ff009f1e559dccfa7591626785459b9a2e921fee__;!!Hj9Y_P0nvg!W9a8Wg0nWMM4ul2Jm7_Zh_QTkgEK_w_-xcY4jzX98XUujYuu96_x7CuJEcFivNq1nY5iuwnZreXm5MaHoSUiU_D2$\">Resmi Gazete&#8217;de<\/a> yay\u0131mland\u0131. Karar, 26 May\u0131s 2018 tarihinde Resmi Gazete&#8217;de yay\u0131mlanan ayn\u0131 isim ve konulu Bakanlar Kurulu Karar\u0131&#8217;n\u0131n (&#8220;<strong>Eski Karar<\/strong>&#8220;) yerine ge\u00e7mek \u00fczere 1 Ocak 2023 tarihinde y\u00fcr\u00fcrl\u00fc\u011fe girecektir.<\/p>\n<h3><strong>De\u011fi\u015fiklikler ne getiriyor?<\/strong><\/h3>\n<p>Karar, ba\u011f\u0131ms\u0131z denetime tabi \u015firketlerin belirlenmesine ili\u015fkin usul ve esaslarda birtak\u0131m de\u011fi\u015fiklikler \u00f6ng\u00f6r\u00fcyor.<\/p>\n<p>Karar uyar\u0131nca, a\u015fa\u011f\u0131da belirtilen \u015firketler, TTK ve 660 say\u0131l\u0131 Kamu G\u00f6zetimi, Muhasebe ve Denetim Standartlar\u0131 Kurumunun Te\u015fkilat ve G\u00f6revleri Hakk\u0131nda Kanun H\u00fckm\u00fcnde Kararname h\u00fck\u00fcmleri \u00e7er\u00e7evesinde ba\u011f\u0131ms\u0131z denetime tabi olarak kabul edilmektedirler:<\/p>\n<ul>\n<li>Karar&#8217;\u0131n ekinde yer alan I say\u0131l\u0131 listede say\u0131lan t\u00fcm \u015firketlerin herhangi bir \u00f6l\u00e7\u00fcte ba\u011fl\u0131 olmaks\u0131z\u0131n ba\u011f\u0131ms\u0131z denetime tabi olduklar\u0131 belirtilmi\u015ftir. Bu kapsamda, Eski Karar&#8217;da belirtilmi\u015f olan I say\u0131l\u0131 listeye, finansal holding \u015firketlerinin yan\u0131 s\u0131ra bankalarda 5411 Say\u0131l\u0131 Kanun&#8217;da tan\u0131mland\u0131\u011f\u0131 \u015fekliyle nitelikli paya sahip olan \u015firketler ve tasarruf finansman \u015firketleri dahil edilmi\u015ftir.<\/li>\n<\/ul>\n<ul>\n<li>Ba\u011f\u0131ms\u0131z denetime tabi olan \u015firketlerin belirlenmesine esas olan tutarsal e\u015fik de\u011ferler ise Eski Karar&#8217;da yer alan de\u011ferlere k\u0131yasla a\u015fa\u011f\u0131daki \u015fekilde art\u0131r\u0131lm\u0131\u015ft\u0131r:<\/li>\n<\/ul>\n<table width=\"649\">\n<tbody>\n<tr>\n<td width=\"197\"><strong>\u015eirket Tipi<\/strong><\/td>\n<td width=\"212\"><strong>Eski E\u015fik De\u011ferler<\/strong><\/td>\n<td width=\"236\"><strong>Yeni E\u015fik De\u011ferler<\/strong><\/td>\n<\/tr>\n<tr>\n<td width=\"197\">Sermaye piyasas\u0131 ara\u00e7lar\u0131 bir borsada veya te\u015fkilatlanm\u0131\u015f di\u011fer piyasalarda i\u015flem g\u00f6rmeyen ancak Sermaye Piyasas\u0131 Kanunu kapsam\u0131nda halka a\u00e7\u0131k say\u0131lan \u015firketler<\/td>\n<td width=\"212\">\n<ul>\n<li>Aktif toplam\u0131 15 milyon T\u00fcrk Liras\u0131<\/li>\n<li>Y\u0131ll\u0131k net sat\u0131\u015f has\u0131lat\u0131 20 milyon T\u00fcrk Liras\u0131<\/li>\n<li>\u00c7al\u0131\u015fan say\u0131s\u0131 50 ki\u015fi<\/li>\n<\/ul>\n<\/td>\n<td width=\"236\">\n<ul>\n<li>Aktif toplam\u0131 30 milyon T\u00fcrk Liras\u0131<\/li>\n<li>Y\u0131ll\u0131k net sat\u0131\u015f has\u0131lat\u0131 40 milyon T\u00fcrk Liras\u0131<\/li>\n<li>\u00c7al\u0131\u015fan say\u0131s\u0131 50 ki\u015fi<\/li>\n<\/ul>\n<\/td>\n<\/tr>\n<tr>\n<td width=\"197\">Karar&#8217;\u0131n ekinde yer alan II say\u0131l\u0131 listede say\u0131lan \u015firketler<\/td>\n<td width=\"212\">\n<ul>\n<li>Aktif toplam\u0131 30 milyon T\u00fcrk Liras\u0131<\/li>\n<li>Y\u0131ll\u0131k net sat\u0131\u015f has\u0131lat\u0131 40 milyon T\u00fcrk Liras\u0131<\/li>\n<li>\u00c7al\u0131\u015fan say\u0131s\u0131 125 ki\u015fi<\/li>\n<\/ul>\n<\/td>\n<td width=\"236\">\n<ul>\n<li>Aktif toplam\u0131 60 milyon T\u00fcrk Liras\u0131<\/li>\n<li>Y\u0131ll\u0131k net sat\u0131\u015f has\u0131lat\u0131 80 milyon T\u00fcrk Liras\u0131<\/li>\n<li>\u00c7al\u0131\u015fan say\u0131s\u0131 100 ki\u015fi<\/li>\n<\/ul>\n<\/td>\n<\/tr>\n<tr>\n<td width=\"197\">Yukar\u0131da say\u0131lan \u015firketler haricindeki \u015firketler<\/td>\n<td width=\"212\">\n<ul>\n<li>Aktif toplam\u0131 35 milyon T\u00fcrk Liras\u0131<\/li>\n<li>Y\u0131ll\u0131k net sat\u0131\u015f has\u0131lat\u0131\u00a070 milyon T\u00fcrk Liras\u0131<\/li>\n<li>\u00c7al\u0131\u015fan say\u0131s\u0131\u00a0175 ki\u015fi<\/li>\n<\/ul>\n<\/td>\n<td width=\"236\">\n<ul>\n<li>Aktif toplam\u0131 75 milyon T\u00fcrk Liras\u0131<\/li>\n<li>Y\u0131ll\u0131k net sat\u0131\u015f has\u0131lat\u0131 150 milyon T\u00fcrk Liras\u0131<\/li>\n<li>\u00c7al\u0131\u015fan say\u0131s\u0131 150 ki\u015fi<\/li>\n<\/ul>\n<\/td>\n<\/tr>\n<\/tbody>\n<\/table>\n<p>&nbsp;<\/p>\n<p>Ba\u011f\u0131ms\u0131z denetime tabi olunmas\u0131na ili\u015fkin yukar\u0131daki tabloda belirtilen yeni e\u015fik de\u011ferlerinden en az ikisinin art arda iki hesap d\u00f6neminde a\u015f\u0131lmas\u0131 gereklili\u011fine ili\u015fkin temel kural ise aynen ge\u00e7erlili\u011fini korumaktad\u0131r.<\/p>\n<p>Karar uyar\u0131nca, ba\u011f\u0131ms\u0131z denetim kapsam\u0131 d\u0131\u015f\u0131nda tutulan \u015firketler aras\u0131na Bankac\u0131l\u0131k D\u00fczenleme ve Denetleme Kurulu taraf\u0131ndan Finansal Kiralama, Faktoring, Finansman ve Tasarruf Finansman \u015eirketleri Kanunu&#8217;nun ge\u00e7ici 7. maddesinin d\u00f6rd\u00fcnc\u00fc f\u0131kras\u0131 kapsam\u0131nda tasfiyelerine karar verilen ve tasfiye s\u00fcreci Tasarruf Mevduat\u0131 Sigorta Fonu taraf\u0131ndan atanan tasfiye komisyonlar\u0131nca y\u00fcr\u00fct\u00fclen tasarruf finansman \u015firketleri de eklenmi\u015ftir.<\/p>\n<h3><strong>Sonu\u00e7<\/strong><\/h3>\n<p>Karar 1 Ocak 2023 tarihinde y\u00fcr\u00fcrl\u00fc\u011fe girecek olup, bu kapsamda, \u015firketlerin g\u00fcncel e\u015fik de\u011ferlerine istinaden de\u011ferlendirme yaparak ba\u011f\u0131ms\u0131z denetime tabi olup olmad\u0131\u011f\u0131n\u0131n tespit edilmesi ve tabi olan \u015firketler \u00f6zelinde ba\u011f\u0131ms\u0131z denet\u00e7i atama prosed\u00fcrlerinin tamamlanmas\u0131 \u00f6nem arz etmektedir.<\/p>\n","protected":false},"excerpt":{"rendered":"<p>Yeni Geli\u015fmeler 6102 say\u0131l\u0131 T\u00fcrk Ticaret Kanunu&#8217;nun (&#8220;TTK&#8220;) 397. maddesi kapsam\u0131nda, ba\u011f\u0131ms\u0131z denetime tabi \u015firketlerin belirlenmesine ili\u015fkin yeni usul ve [&hellip;]<\/p>\n","protected":false},"author":4,"featured_media":0,"comment_status":"closed","ping_status":"closed","sticky":false,"template":"","format":"standard","meta":{"_acf_changed":false,"_stopmodifiedupdate":false,"_modified_date":"","footnotes":""},"categories":[120],"tags":[103],"class_list":["post-24157","post","type-post","status-publish","format-standard","hentry","category-legal-alerts","tag-corporate-tr"],"acf":[],"yoast_head":"<!-- This site is optimized with the Yoast SEO plugin v24.0 - https:\/\/yoast.com\/wordpress\/plugins\/seo\/ -->\n<title>Ba\u011f\u0131ms\u0131z Denetime Tabi \u015eirketlerin Belirlenmesine Dair Kriterler De\u011fi\u015fti<\/title>\n<meta name=\"description\" content=\"Yeni Geli\u015fmeler 6102 say\u0131l\u0131 T\u00fcrk Ticaret Kanunu&#039;nun (&quot;TTK&quot;) 397. maddesi kapsam\u0131nda, ba\u011f\u0131ms\u0131z denetime tabi \u015firketlerin belirlenmesine ili\u015fkin yeni usul\" \/>\n<meta name=\"robots\" content=\"index, follow, max-snippet:-1, max-image-preview:large, max-video-preview:-1\" \/>\n<link rel=\"canonical\" href=\"https:\/\/www.esin.av.tr\/tr\/2022\/12\/01\/bagimsiz-denetime-tabi-sirketlerin-belirlenmesine-dair-kriterler-degisti\/\" \/>\n<meta property=\"og:locale\" content=\"tr_TR\" \/>\n<meta property=\"og:type\" content=\"article\" \/>\n<meta property=\"og:title\" content=\"Ba\u011f\u0131ms\u0131z Denetime Tabi \u015eirketlerin Belirlenmesine Dair Kriterler De\u011fi\u015fti\" \/>\n<meta property=\"og:description\" content=\"Yeni Geli\u015fmeler 6102 say\u0131l\u0131 T\u00fcrk Ticaret Kanunu&#039;nun (&quot;TTK&quot;) 397. maddesi kapsam\u0131nda, ba\u011f\u0131ms\u0131z denetime tabi \u015firketlerin belirlenmesine ili\u015fkin yeni usul\" \/>\n<meta property=\"og:url\" content=\"https:\/\/www.esin.av.tr\/tr\/2022\/12\/01\/bagimsiz-denetime-tabi-sirketlerin-belirlenmesine-dair-kriterler-degisti\/\" \/>\n<meta property=\"og:site_name\" content=\"Esin Avukatl\u0131k Ortakl\u0131\u011f\u0131\" \/>\n<meta property=\"article:published_time\" content=\"2022-12-01T12:32:50+00:00\" \/>\n<meta property=\"article:modified_time\" content=\"2022-12-01T12:34:53+00:00\" \/>\n<meta name=\"author\" content=\"R\u0131dvan Konrat\" \/>\n<meta name=\"twitter:card\" content=\"summary_large_image\" \/>\n<meta name=\"twitter:label1\" content=\"Written by\" \/>\n\t<meta name=\"twitter:data1\" content=\"R\u0131dvan Konrat\" \/>\n\t<meta name=\"twitter:label2\" content=\"Est. reading time\" \/>\n\t<meta name=\"twitter:data2\" content=\"3 minutes\" \/>\n<script type=\"application\/ld+json\" class=\"yoast-schema-graph\">{\"@context\":\"https:\/\/schema.org\",\"@graph\":[{\"@type\":\"Article\",\"@id\":\"https:\/\/www.esin.av.tr\/tr\/2022\/12\/01\/bagimsiz-denetime-tabi-sirketlerin-belirlenmesine-dair-kriterler-degisti\/#article\",\"isPartOf\":{\"@id\":\"https:\/\/www.esin.av.tr\/tr\/2022\/12\/01\/bagimsiz-denetime-tabi-sirketlerin-belirlenmesine-dair-kriterler-degisti\/\"},\"author\":{\"name\":\"R\u0131dvan Konrat\",\"@id\":\"https:\/\/www.esin.av.tr\/tr\/#\/schema\/person\/42c8e616aab56b8622fa365ad63282ae\"},\"headline\":\"Ba\u011f\u0131ms\u0131z Denetime Tabi \u015eirketlerin Belirlenmesine Dair Kriterler De\u011fi\u015fti\",\"datePublished\":\"2022-12-01T12:32:50+00:00\",\"dateModified\":\"2022-12-01T12:34:53+00:00\",\"mainEntityOfPage\":{\"@id\":\"https:\/\/www.esin.av.tr\/tr\/2022\/12\/01\/bagimsiz-denetime-tabi-sirketlerin-belirlenmesine-dair-kriterler-degisti\/\"},\"wordCount\":624,\"publisher\":{\"@id\":\"https:\/\/www.esin.av.tr\/tr\/#organization\"},\"keywords\":[\"\u015eirketler Hukuku ve Kurumsal Y\u00f6netim\"],\"articleSection\":[\"Hukuk B\u00fcltenleri\"],\"inLanguage\":\"tr\"},{\"@type\":\"WebPage\",\"@id\":\"https:\/\/www.esin.av.tr\/tr\/2022\/12\/01\/bagimsiz-denetime-tabi-sirketlerin-belirlenmesine-dair-kriterler-degisti\/\",\"url\":\"https:\/\/www.esin.av.tr\/tr\/2022\/12\/01\/bagimsiz-denetime-tabi-sirketlerin-belirlenmesine-dair-kriterler-degisti\/\",\"name\":\"Ba\u011f\u0131ms\u0131z Denetime Tabi \u015eirketlerin Belirlenmesine Dair Kriterler De\u011fi\u015fti\",\"isPartOf\":{\"@id\":\"https:\/\/www.esin.av.tr\/tr\/#website\"},\"datePublished\":\"2022-12-01T12:32:50+00:00\",\"dateModified\":\"2022-12-01T12:34:53+00:00\",\"description\":\"Yeni Geli\u015fmeler 6102 say\u0131l\u0131 T\u00fcrk Ticaret Kanunu'nun (\\\"TTK\\\") 397. maddesi kapsam\u0131nda, ba\u011f\u0131ms\u0131z denetime tabi \u015firketlerin belirlenmesine ili\u015fkin yeni usul\",\"breadcrumb\":{\"@id\":\"https:\/\/www.esin.av.tr\/tr\/2022\/12\/01\/bagimsiz-denetime-tabi-sirketlerin-belirlenmesine-dair-kriterler-degisti\/#breadcrumb\"},\"inLanguage\":\"tr\",\"potentialAction\":[{\"@type\":\"ReadAction\",\"target\":[\"https:\/\/www.esin.av.tr\/tr\/2022\/12\/01\/bagimsiz-denetime-tabi-sirketlerin-belirlenmesine-dair-kriterler-degisti\/\"]}]},{\"@type\":\"BreadcrumbList\",\"@id\":\"https:\/\/www.esin.av.tr\/tr\/2022\/12\/01\/bagimsiz-denetime-tabi-sirketlerin-belirlenmesine-dair-kriterler-degisti\/#breadcrumb\",\"itemListElement\":[{\"@type\":\"ListItem\",\"position\":1,\"name\":\"Home\",\"item\":\"https:\/\/www.esin.av.tr\/tr\/\"},{\"@type\":\"ListItem\",\"position\":2,\"name\":\"Ba\u011f\u0131ms\u0131z Denetime Tabi \u015eirketlerin Belirlenmesine Dair Kriterler De\u011fi\u015fti\"}]},{\"@type\":\"WebSite\",\"@id\":\"https:\/\/www.esin.av.tr\/tr\/#website\",\"url\":\"https:\/\/www.esin.av.tr\/tr\/\",\"name\":\"Esin Avukatl\u0131k Ortakl\u0131\u011f\u0131\",\"description\":\"\",\"publisher\":{\"@id\":\"https:\/\/www.esin.av.tr\/tr\/#organization\"},\"potentialAction\":[{\"@type\":\"SearchAction\",\"target\":{\"@type\":\"EntryPoint\",\"urlTemplate\":\"https:\/\/www.esin.av.tr\/tr\/?s={search_term_string}\"},\"query-input\":{\"@type\":\"PropertyValueSpecification\",\"valueRequired\":true,\"valueName\":\"search_term_string\"}}],\"inLanguage\":\"tr\"},{\"@type\":\"Organization\",\"@id\":\"https:\/\/www.esin.av.tr\/tr\/#organization\",\"name\":\"Esin Avukatl\u0131k Ortakl\u0131\u011f\u0131\",\"url\":\"https:\/\/www.esin.av.tr\/tr\/\",\"logo\":{\"@type\":\"ImageObject\",\"inLanguage\":\"tr\",\"@id\":\"https:\/\/www.esin.av.tr\/tr\/#\/schema\/logo\/image\/\",\"url\":\"https:\/\/www.esin.av.tr\/wp-content\/uploads\/2021\/09\/esin-2.jpg\",\"contentUrl\":\"https:\/\/www.esin.av.tr\/wp-content\/uploads\/2021\/09\/esin-2.jpg\",\"width\":800,\"height\":460,\"caption\":\"Esin Avukatl\u0131k Ortakl\u0131\u011f\u0131\"},\"image\":{\"@id\":\"https:\/\/www.esin.av.tr\/tr\/#\/schema\/logo\/image\/\"}},{\"@type\":\"Person\",\"@id\":\"https:\/\/www.esin.av.tr\/tr\/#\/schema\/person\/42c8e616aab56b8622fa365ad63282ae\",\"name\":\"R\u0131dvan Konrat\",\"image\":{\"@type\":\"ImageObject\",\"inLanguage\":\"tr\",\"@id\":\"https:\/\/www.esin.av.tr\/tr\/#\/schema\/person\/image\/\",\"url\":\"https:\/\/secure.gravatar.com\/avatar\/b20c6c583be38ed4e76e32f69fccc676?s=96&d=mm&r=g\",\"contentUrl\":\"https:\/\/secure.gravatar.com\/avatar\/b20c6c583be38ed4e76e32f69fccc676?s=96&d=mm&r=g\",\"caption\":\"R\u0131dvan Konrat\"},\"sameAs\":[\"http:\/\/www.esin.av.tr\"],\"url\":\"https:\/\/www.esin.av.tr\/tr\/author\/rkonrat\/\"}]}<\/script>\n<!-- \/ Yoast SEO plugin. -->","yoast_head_json":{"title":"Ba\u011f\u0131ms\u0131z Denetime Tabi \u015eirketlerin Belirlenmesine Dair Kriterler De\u011fi\u015fti","description":"Yeni Geli\u015fmeler 6102 say\u0131l\u0131 T\u00fcrk Ticaret Kanunu'nun (\"TTK\") 397. maddesi kapsam\u0131nda, ba\u011f\u0131ms\u0131z denetime tabi \u015firketlerin belirlenmesine ili\u015fkin yeni usul","robots":{"index":"index","follow":"follow","max-snippet":"max-snippet:-1","max-image-preview":"max-image-preview:large","max-video-preview":"max-video-preview:-1"},"canonical":"https:\/\/www.esin.av.tr\/tr\/2022\/12\/01\/bagimsiz-denetime-tabi-sirketlerin-belirlenmesine-dair-kriterler-degisti\/","og_locale":"tr_TR","og_type":"article","og_title":"Ba\u011f\u0131ms\u0131z Denetime Tabi \u015eirketlerin Belirlenmesine Dair Kriterler De\u011fi\u015fti","og_description":"Yeni Geli\u015fmeler 6102 say\u0131l\u0131 T\u00fcrk Ticaret Kanunu'nun (\"TTK\") 397. maddesi kapsam\u0131nda, ba\u011f\u0131ms\u0131z denetime tabi \u015firketlerin belirlenmesine ili\u015fkin yeni usul","og_url":"https:\/\/www.esin.av.tr\/tr\/2022\/12\/01\/bagimsiz-denetime-tabi-sirketlerin-belirlenmesine-dair-kriterler-degisti\/","og_site_name":"Esin Avukatl\u0131k Ortakl\u0131\u011f\u0131","article_published_time":"2022-12-01T12:32:50+00:00","article_modified_time":"2022-12-01T12:34:53+00:00","author":"R\u0131dvan Konrat","twitter_card":"summary_large_image","twitter_misc":{"Written by":"R\u0131dvan Konrat","Est. reading time":"3 minutes"},"schema":{"@context":"https:\/\/schema.org","@graph":[{"@type":"Article","@id":"https:\/\/www.esin.av.tr\/tr\/2022\/12\/01\/bagimsiz-denetime-tabi-sirketlerin-belirlenmesine-dair-kriterler-degisti\/#article","isPartOf":{"@id":"https:\/\/www.esin.av.tr\/tr\/2022\/12\/01\/bagimsiz-denetime-tabi-sirketlerin-belirlenmesine-dair-kriterler-degisti\/"},"author":{"name":"R\u0131dvan Konrat","@id":"https:\/\/www.esin.av.tr\/tr\/#\/schema\/person\/42c8e616aab56b8622fa365ad63282ae"},"headline":"Ba\u011f\u0131ms\u0131z Denetime Tabi \u015eirketlerin Belirlenmesine Dair Kriterler De\u011fi\u015fti","datePublished":"2022-12-01T12:32:50+00:00","dateModified":"2022-12-01T12:34:53+00:00","mainEntityOfPage":{"@id":"https:\/\/www.esin.av.tr\/tr\/2022\/12\/01\/bagimsiz-denetime-tabi-sirketlerin-belirlenmesine-dair-kriterler-degisti\/"},"wordCount":624,"publisher":{"@id":"https:\/\/www.esin.av.tr\/tr\/#organization"},"keywords":["\u015eirketler Hukuku ve Kurumsal Y\u00f6netim"],"articleSection":["Hukuk B\u00fcltenleri"],"inLanguage":"tr"},{"@type":"WebPage","@id":"https:\/\/www.esin.av.tr\/tr\/2022\/12\/01\/bagimsiz-denetime-tabi-sirketlerin-belirlenmesine-dair-kriterler-degisti\/","url":"https:\/\/www.esin.av.tr\/tr\/2022\/12\/01\/bagimsiz-denetime-tabi-sirketlerin-belirlenmesine-dair-kriterler-degisti\/","name":"Ba\u011f\u0131ms\u0131z Denetime Tabi \u015eirketlerin Belirlenmesine Dair Kriterler De\u011fi\u015fti","isPartOf":{"@id":"https:\/\/www.esin.av.tr\/tr\/#website"},"datePublished":"2022-12-01T12:32:50+00:00","dateModified":"2022-12-01T12:34:53+00:00","description":"Yeni Geli\u015fmeler 6102 say\u0131l\u0131 T\u00fcrk Ticaret Kanunu'nun (\"TTK\") 397. maddesi kapsam\u0131nda, ba\u011f\u0131ms\u0131z denetime tabi \u015firketlerin belirlenmesine ili\u015fkin yeni usul","breadcrumb":{"@id":"https:\/\/www.esin.av.tr\/tr\/2022\/12\/01\/bagimsiz-denetime-tabi-sirketlerin-belirlenmesine-dair-kriterler-degisti\/#breadcrumb"},"inLanguage":"tr","potentialAction":[{"@type":"ReadAction","target":["https:\/\/www.esin.av.tr\/tr\/2022\/12\/01\/bagimsiz-denetime-tabi-sirketlerin-belirlenmesine-dair-kriterler-degisti\/"]}]},{"@type":"BreadcrumbList","@id":"https:\/\/www.esin.av.tr\/tr\/2022\/12\/01\/bagimsiz-denetime-tabi-sirketlerin-belirlenmesine-dair-kriterler-degisti\/#breadcrumb","itemListElement":[{"@type":"ListItem","position":1,"name":"Home","item":"https:\/\/www.esin.av.tr\/tr\/"},{"@type":"ListItem","position":2,"name":"Ba\u011f\u0131ms\u0131z Denetime Tabi \u015eirketlerin Belirlenmesine Dair Kriterler De\u011fi\u015fti"}]},{"@type":"WebSite","@id":"https:\/\/www.esin.av.tr\/tr\/#website","url":"https:\/\/www.esin.av.tr\/tr\/","name":"Esin Avukatl\u0131k Ortakl\u0131\u011f\u0131","description":"","publisher":{"@id":"https:\/\/www.esin.av.tr\/tr\/#organization"},"potentialAction":[{"@type":"SearchAction","target":{"@type":"EntryPoint","urlTemplate":"https:\/\/www.esin.av.tr\/tr\/?s={search_term_string}"},"query-input":{"@type":"PropertyValueSpecification","valueRequired":true,"valueName":"search_term_string"}}],"inLanguage":"tr"},{"@type":"Organization","@id":"https:\/\/www.esin.av.tr\/tr\/#organization","name":"Esin Avukatl\u0131k Ortakl\u0131\u011f\u0131","url":"https:\/\/www.esin.av.tr\/tr\/","logo":{"@type":"ImageObject","inLanguage":"tr","@id":"https:\/\/www.esin.av.tr\/tr\/#\/schema\/logo\/image\/","url":"https:\/\/www.esin.av.tr\/wp-content\/uploads\/2021\/09\/esin-2.jpg","contentUrl":"https:\/\/www.esin.av.tr\/wp-content\/uploads\/2021\/09\/esin-2.jpg","width":800,"height":460,"caption":"Esin Avukatl\u0131k Ortakl\u0131\u011f\u0131"},"image":{"@id":"https:\/\/www.esin.av.tr\/tr\/#\/schema\/logo\/image\/"}},{"@type":"Person","@id":"https:\/\/www.esin.av.tr\/tr\/#\/schema\/person\/42c8e616aab56b8622fa365ad63282ae","name":"R\u0131dvan Konrat","image":{"@type":"ImageObject","inLanguage":"tr","@id":"https:\/\/www.esin.av.tr\/tr\/#\/schema\/person\/image\/","url":"https:\/\/secure.gravatar.com\/avatar\/b20c6c583be38ed4e76e32f69fccc676?s=96&d=mm&r=g","contentUrl":"https:\/\/secure.gravatar.com\/avatar\/b20c6c583be38ed4e76e32f69fccc676?s=96&d=mm&r=g","caption":"R\u0131dvan Konrat"},"sameAs":["http:\/\/www.esin.av.tr"],"url":"https:\/\/www.esin.av.tr\/tr\/author\/rkonrat\/"}]}},"_links":{"self":[{"href":"https:\/\/www.esin.av.tr\/tr\/wp-json\/wp\/v2\/posts\/24157","targetHints":{"allow":["GET"]}}],"collection":[{"href":"https:\/\/www.esin.av.tr\/tr\/wp-json\/wp\/v2\/posts"}],"about":[{"href":"https:\/\/www.esin.av.tr\/tr\/wp-json\/wp\/v2\/types\/post"}],"author":[{"embeddable":true,"href":"https:\/\/www.esin.av.tr\/tr\/wp-json\/wp\/v2\/users\/4"}],"replies":[{"embeddable":true,"href":"https:\/\/www.esin.av.tr\/tr\/wp-json\/wp\/v2\/comments?post=24157"}],"version-history":[{"count":3,"href":"https:\/\/www.esin.av.tr\/tr\/wp-json\/wp\/v2\/posts\/24157\/revisions"}],"predecessor-version":[{"id":24161,"href":"https:\/\/www.esin.av.tr\/tr\/wp-json\/wp\/v2\/posts\/24157\/revisions\/24161"}],"wp:attachment":[{"href":"https:\/\/www.esin.av.tr\/tr\/wp-json\/wp\/v2\/media?parent=24157"}],"wp:term":[{"taxonomy":"category","embeddable":true,"href":"https:\/\/www.esin.av.tr\/tr\/wp-json\/wp\/v2\/categories?post=24157"},{"taxonomy":"post_tag","embeddable":true,"href":"https:\/\/www.esin.av.tr\/tr\/wp-json\/wp\/v2\/tags?post=24157"}],"curies":[{"name":"wp","href":"https:\/\/api.w.org\/{rel}","templated":true}]}}