{"id":23724,"date":"2022-10-25T06:31:45","date_gmt":"2022-10-25T06:31:45","guid":{"rendered":"https:\/\/www.esin.av.tr\/?p=23724"},"modified":"2022-10-25T06:31:45","modified_gmt":"2022-10-25T06:31:45","slug":"sigortacilik-verileri-ozel-duzenleme-ile-koruma-altina-aliniyor","status":"publish","type":"post","link":"https:\/\/www.esin.av.tr\/tr\/2022\/10\/25\/sigortacilik-verileri-ozel-duzenleme-ile-koruma-altina-aliniyor\/","title":{"rendered":"Sigortac\u0131l\u0131k Verileri \u00d6zel D\u00fczenleme ile Koruma Alt\u0131na Al\u0131n\u0131yor"},"content":{"rendered":"<h3><strong>Yeni Geli\u015fme<\/strong><\/h3>\n<p>Sigortac\u0131l\u0131k Verilerinin Toplanmas\u0131, Saklanmas\u0131 ve Payla\u015f\u0131lmas\u0131na Dair Y\u00f6netmelik (&#8220;<strong>Y\u00f6netmelik<\/strong>&#8220;) 18 Ekim 2022 tarih ve 31987 say\u0131l\u0131 Resmi Gazete&#8217;de yay\u0131mland\u0131 ve yay\u0131m tarihinde y\u00fcr\u00fcrl\u00fc\u011fe girdi. Y\u00f6netmelik, sigortac\u0131l\u0131k verilerinin belirtilen kurum ve kurulu\u015flardan elde edilmesi, saklanmas\u0131, kullan\u0131lmas\u0131 gibi sigortac\u0131l\u0131k verileri \u00fczerinde ger\u00e7ekle\u015ftirilen her t\u00fcrl\u00fc i\u015fleme ve bu verilerin belirtilen ki\u015fi ve kurulu\u015flarla payla\u015f\u0131lmas\u0131na dair usul ve esaslara yer veriyor. Y\u00f6netmelik&#8217;e <a href=\"https:\/\/urldefense.com\/v3\/__https:\/esinxchange.com\/collect\/click.aspx?u=YlZqbWJsb2Z5eHVZQ21XZkprQUN2Yys1OEVZNXRRb0kyYWRIcnhsSy85Qms0VlhWck5nREpBTEFodDBQeWtEeUFjNDZhKy9Oc1pmZDYrZXNrM3A3WnZycFVETXFYMHpla2pmM3VSclJYYWJudUR1dG1rTVhFWTd3MzM2RTBtRUo=&amp;rh=ff009bfde14f34d6b5f4c939c749b58cb815808e__;!!Hj9Y_P0nvg!TbTwMc6I0Oxie_kscY9M17Wf3f6ST4aVHO0tAMgCZ244_RtHx1CfeyLAyvGTP_31hBYb8LmRBW8SAj2PgWG5v6e7$\">buradan<\/a> ula\u015fabilirsiniz.<\/p>\n<h3><strong>Y\u00f6netmelik neler getiriyor? <\/strong><\/h3>\n<p>Y\u00f6netmelik&#8217;te ba\u015fl\u0131ca a\u015fa\u011f\u0131daki hususlar ele al\u0131nmaktad\u0131r:<\/p>\n<ul>\n<li><strong>Sigortac\u0131l\u0131k verisi kavram\u0131 ve genel veri taban\u0131<\/strong>: Y\u00f6netmelik&#8217;te sigorta s\u00f6zle\u015fmesine taraf olan sigorta ettiren ve sigorta \u015firketlerine, sigorta s\u00f6zle\u015fmesinden do\u011frudan veya dolayl\u0131 menfaat sa\u011flayan sigortal\u0131, lehtar ve di\u011fer \u00fc\u00e7\u00fcnc\u00fc ki\u015filere ili\u015fkin veriler ile yanl\u0131\u015f sigorta uygulamalar\u0131 dahil olmak \u00fczere risk de\u011ferlendirmesine esas t\u00fcm veriler sigortac\u0131l\u0131k verisi olarak tan\u0131mlanm\u0131\u015ft\u0131r. \u00d6zel hukuk t\u00fczel ki\u015fileri ile kamu kurum ve kurulu\u015flar\u0131ndan, kamu kurumu niteli\u011findeki meslek kurulu\u015flar\u0131 ve bunlar\u0131n \u00fcst kurulu\u015flar\u0131ndan, ilgili mevzuatla kurulmu\u015f di\u011fer bilgi merkezlerinden Sigorta Bilgi ve G\u00f6zetim Merkezi (&#8220;<strong>Merkez<\/strong>&#8220;) taraf\u0131ndan toplanarak genel veri taban\u0131nda tutulaca\u011f\u0131 d\u00fczenlenmi\u015ftir. \u0130lgili kurum ve kurulu\u015flar Merkez&#8217;in talebine istinaden genel veri taban\u0131 i\u00e7in veri payla\u015fmakla y\u00fck\u00fcml\u00fcd\u00fcr.<\/li>\n<li><strong>\u00dcye kurulu\u015flar\u0131n y\u00fck\u00fcml\u00fcl\u00fckleri<\/strong>: \u00dcye kurulu\u015flar olarak tan\u0131mlanan ve kendisine tan\u0131nan s\u0131n\u0131rl\u0131 eri\u015fim yetkisi do\u011frultusunda Merkez&#8217;in veri payla\u015f\u0131m\u0131nda bulundu\u011fu sigorta, reas\u00fcrans ve emeklilik \u015firketleri; (i) Merkez&#8217;e \u00fcye olmak ve genel veri taban\u0131n\u0131 g\u00fcncel tutmak, (ii) poli\u00e7e \u00fcretimlerini Merkez&#8217;den al\u0131nan referans numaras\u0131yla ger\u00e7ekle\u015ftirmek ve poli\u00e7elerde bu numaralara yer vermek, (iii) \u00fcretim verilerini e\u015f zamanl\u0131 olarak merkeze iletmek, (iv) kendilerine iletilen t\u00fcm ihbarlar i\u00e7in Merkez&#8217;den al\u0131nan referans numaras\u0131yla dosya a\u00e7mak, (v) hasar verilerini belirtilen s\u00fcrede Merkez&#8217;e bildirmek, (vi) ihbardan \u00f6demenin sonu\u00e7lanmas\u0131na kadar hasara ili\u015fkin bilgi ve belgeleri eksiksiz \u015fekilde Merkez&#8217;e iletmek gibi y\u00fck\u00fcml\u00fcl\u00fcklere sahiptir.<\/li>\n<li><strong>Tahkim<\/strong> <strong>sistemi verileri<\/strong>: Sigortac\u0131l\u0131k ve \u00d6zel Emeklilik D\u00fczenleme ve Denetleme Kurumu (&#8220;<strong>Kurum<\/strong>&#8220;), tahkim sistemi ile sigortac\u0131l\u0131k verilerinin payla\u015f\u0131lmas\u0131na ve tahkim verilerinin genel veri taban\u0131na kaydedilmesine ili\u015fkin usul ve esaslar\u0131 belirler.<\/li>\n<li><strong>Sigortac\u0131l\u0131k verilerinin payla\u015f\u0131m\u0131<\/strong>:\n<ul>\n<li>Merkez, 5684 say\u0131l\u0131 Sigortac\u0131l\u0131k Kanununun 31\/B maddesi \u00e7er\u00e7evesinde sigortac\u0131l\u0131k verilerini \u00fcye kurulu\u015flarla payla\u015f\u0131r.<\/li>\n<li>\u00dcye kurulu\u015f d\u0131\u015f\u0131ndaki kurum, kurulu\u015f ve veri merkezleri ile payla\u015f\u0131m\u0131, Kurum&#8217;un onay\u0131 ile Merkez taraf\u0131ndan imzalanan protokoller arac\u0131l\u0131\u011f\u0131yla ilgili platformlar veya k\u0131sa mesaj, \u00e7a\u011fr\u0131 merkezi gibi ileti\u015fim ara\u00e7lar\u0131 yoluyla ger\u00e7ekle\u015ftirilir.<\/li>\n<li>Merkez&#8217;in, elde etti\u011fi verileri kimli\u011fi belirli veya belirlenebilir bir ger\u00e7ek ki\u015fiyle ili\u015fkilendirilmeyecek \u015fekilde payla\u015fmas\u0131 m\u00fcmk\u00fcnd\u00fcr.<\/li>\n<li>Genel veri taban\u0131nda tutulan yanl\u0131\u015f sigorta uygulamalar\u0131na ili\u015fkin veriler, ba\u015fka mevzuatlarda aksine d\u00fczenleme bulunmad\u0131k\u00e7a, \u00fcye kurulu\u015flar, Y\u00f6netmelik&#8217;te tan\u0131mlanan \u00f6zellikli kurulu\u015flar ve Kurum taraf\u0131ndan belirlenen di\u011fer kurulu\u015flar d\u0131\u015f\u0131nda ki\u015filerle payla\u015f\u0131lamaz.<\/li>\n<li>Sigorta eksperleri, hasar dosyas\u0131 i\u00e7in atanmalar\u0131n\u0131n Merkez&#8217;e iletilmesinden, kesin ekspertiz raporunun Merkez sistemlerine kaydedilmesine kadar ilgili verilere eri\u015febilir. Bu durumun istisnalar\u0131 Y\u00f6netmelik&#8217;te belirtilmi\u015ftir.<\/li>\n<li>Genel veri taban\u0131ndaki verilere eri\u015fime yetkili kullan\u0131c\u0131lar\u0131n eri\u015fim yetkilerinin s\u0131n\u0131r\u0131 Kurum&#8217;un onay\u0131na istinaden Merkez taraf\u0131ndan belirlenir ve eri\u015fim kurallar\u0131n\u0131 ihlal eden yetkili kullan\u0131c\u0131lara kar\u015f\u0131, eri\u015fim yetkilerinin s\u0131n\u0131rland\u0131r\u0131lmas\u0131, ihlal s\u00fcreklilik g\u00f6steriyorsa kald\u0131r\u0131lmas\u0131, durumun aciliyeti ve \u00f6nemi gerektiriyorsa derhal ask\u0131ya al\u0131nmas\u0131 tedbirleri uygulanabilir.<\/li>\n<li>Gerekli kimlik do\u011frulamas\u0131n\u0131n yap\u0131lmas\u0131 ya da hak sahipli\u011finin sa\u011flanmas\u0131 hallerinde kullan\u0131m amac\u0131 bildirilmek \u015fart\u0131yla sigorta s\u00f6zle\u015fmeleri ile poli\u00e7e ve hasar verilerinin ilgili di\u011fer ki\u015filerle payla\u015f\u0131lmas\u0131 m\u00fcmk\u00fcnd\u00fcr.<\/li>\n<\/ul>\n<\/li>\n<li><strong>Sigortac\u0131l\u0131k verilerinin kullan\u0131lmas\u0131<\/strong>: Sigortac\u0131l\u0131k verileri; sigortac\u0131l\u0131k sekt\u00f6r\u00fcnde kamu g\u00f6zetimi, denetimi ve ekonomik g\u00fcvenli\u011fin sa\u011flanmas\u0131na ve sa\u011fl\u0131k hizmetleri finansman\u0131n\u0131n planlanmas\u0131na katk\u0131da bulunmak, sigorta uygulamalar\u0131n\u0131 takip etmek, sigorta bran\u015flar\u0131nda uygulama birli\u011fini sa\u011flamak, zorunlu sigortalar\u0131n takibini yapmak, yanl\u0131\u015f sigorta uygulamalar\u0131n\u0131n \u00f6nlenmesine katk\u0131da bulunmak, sigortal\u0131l\u0131k oranlar\u0131n\u0131n art\u0131r\u0131lmas\u0131na y\u00f6nelik \u00e7al\u0131\u015fmalar yapmak, sigortac\u0131l\u0131k sekt\u00f6r\u00fcne ili\u015fkin g\u00fcvenilir istatistikler \u00fcretilmesini sa\u011flamak ve sigorta puan\u0131n\u0131 hesaplamak gibi ama\u00e7larla kullan\u0131l\u0131r. Y\u00f6netmelik&#8217;te, ayr\u0131ca, Merkezin veri kullan\u0131m ama\u00e7lar\u0131 da belirtilmi\u015ftir.<\/li>\n<li><strong>Merkezin faaliyetleri:<\/strong>\n<ul>\n<li>Merkez, sigorta puan\u0131n\u0131 hesaplar. Merkez taraf\u0131ndan hesaplanan sigorta puan\u0131na ili\u015fkin usul ve esaslar Kurum taraf\u0131ndan belirlenir.<\/li>\n<li>Merkez; \u00fcye kurulu\u015flar\u0131n temin etti\u011fi verilere ili\u015fkin olarak veri olgunlu\u011funun \u00f6l\u00e7\u00fcm\u00fc i\u00e7in puanlama metotlar\u0131 geli\u015ftirmek, Kurum&#8217;a sunmak \u00fczere veya \u00fcye kurulu\u015f, \u00f6zellikli kurulu\u015f ve yetkili kullan\u0131c\u0131lar\u0131n talebi \u00fczerine Y\u00f6netmelik&#8217;te belirtilen raporlar\u0131 haz\u0131rlamak, raporlarda mevzuata ayk\u0131r\u0131 oldu\u011fu tespit edilen uygulamalar\u0131 Kurum&#8217;a bildirmek, ilgili \u00f6znelerin bilgilendirilmesine y\u00f6nelik \u00e7al\u0131\u015fmalar yapmak ve teknik altyap\u0131n\u0131n uygulu\u011funun s\u0131nanmas\u0131yla y\u00fck\u00fcml\u00fcd\u00fcr ve veri sistemlerinde ya\u015fanan sistemsel hata ya da aksakl\u0131klardan, kay\u0131tl\u0131 verilerin g\u00fcvenli\u011finden ve olu\u015fabilecek sorunlar\u0131n derhal giderilmesinden sorumludur.<\/li>\n<\/ul>\n<\/li>\n<li><strong>Sorumluluk ve Bilgi verme y\u00fck\u00fcml\u00fcl\u00fc\u011f\u00fc<\/strong>:\n<ul>\n<li>\u00dcye kurulu\u015flar, \u00f6zellikli kurulu\u015flar ile yetkili kullan\u0131c\u0131lar, Merkez taraf\u0131ndan istenen t\u00fcm bilgileri, do\u011fru, eksiksiz, tutarl\u0131 olarak, zaman\u0131nda iletmekle ve sa\u011fl\u0131kl\u0131 veri payla\u015f\u0131m\u0131 ger\u00e7ekle\u015ftirmek i\u00e7in gereken altyap\u0131y\u0131 olu\u015fturmakla y\u00fck\u00fcml\u00fcd\u00fcr ve y\u00fck\u00fcml\u00fcl\u00fcklerin yerine getirilmemesinden veya verilerin \u00fc\u00e7\u00fcnc\u00fc \u015fah\u0131slar ile payla\u015f\u0131lmas\u0131ndan kaynaklanan bir zarar\u0131n do\u011fmas\u0131 halinde Merkez \u00f6dedi\u011fi tazminatlar\u0131 ilgililere r\u00fccu edebilir.<\/li>\n<li>Veri sahibinin a\u00e7\u0131k r\u0131zas\u0131 veya onay\u0131 aranan hallerde, a\u00e7\u0131k r\u0131za veya onay\u0131n al\u0131nmas\u0131ndan ve ayd\u0131nlatma y\u00fck\u00fcml\u00fcl\u00fc\u011f\u00fcn\u00fcn yerine getirilmesinden veri al\u0131\u015fveri\u015fi yapan muhatap \u00fcye kurulu\u015f, \u00f6zellikli kurulu\u015f ve yetkili kullan\u0131c\u0131 ile veri sahibinin muhatab\u0131 di\u011fer kurum ve kurulu\u015flar sorumludur. Yanl\u0131\u015f sigorta uygulamalar\u0131na taraf ki\u015fi ve kurulu\u015flara ait verilere ili\u015fkin i\u015flemlerde a\u00e7\u0131k r\u0131za veya onay aranmaz.<\/li>\n<li>\u00dcye kurulu\u015flar taraf\u0131ndan bilgi verme y\u00fck\u00fcml\u00fcl\u00fc\u011f\u00fcn\u00fcn yerine getirilmemesi Sigorta ve Reas\u00fcrans ile Emeklilik \u015eirketlerinin Mali B\u00fcnyelerine \u0130li\u015fkin Y\u00f6netmeli\u011fin 11\/1(i) maddesi uyar\u0131nca \u015firketin mali b\u00fcnyesinin sigortal\u0131lar\u0131n hak ve menfaatlerini tehlikeye d\u00fc\u015f\u00fcrecek \u015fekilde zay\u0131flad\u0131\u011f\u0131 hallerden say\u0131l\u0131r.<\/li>\n<li>Veri payla\u015f\u0131m\u0131na dahil olan t\u00fcm kurum ve kurulu\u015flar\u0131n \u00e7al\u0131\u015fanlar\u0131 gizlilik y\u00fck\u00fcml\u00fcl\u00fc\u011f\u00fc alt\u0131ndad\u0131r.<\/li>\n<\/ul>\n<\/li>\n<li><strong>Sigortac\u0131l\u0131k verilerine ili\u015fkin talepler<\/strong>:\n<ul>\n<li>Veri sahiplerinin yanl\u0131\u015f sigorta uygulamalar\u0131na ili\u015fkin veriler d\u0131\u015f\u0131nda kalan genel veri taban\u0131nda yer alan kendilerine ait veriler hakk\u0131ndaki bilgi talepleri Merkez taraf\u0131ndan on be\u015f g\u00fcn i\u00e7erisinde yan\u0131tlan\u0131r.<\/li>\n<li>Genel veri taban\u0131ndaki verilerin eksik veya yanl\u0131\u015f oldu\u011funu iddia eden veri sahibinin Merkez&#8217;e ba\u015fvurusu \u00fczerine Merkez, talebi on g\u00fcn i\u00e7inde ilgili \u00fcye kurulu\u015fa iletir ve ilgili \u00fcye kurulu\u015f talebi kabul edip verileri d\u00fczeltirse bu durumu, reddederse gerek\u00e7esiyle birlikte ret karar\u0131n\u0131 Merkez&#8217;e bildirir.<\/li>\n<\/ul>\n<\/li>\n<li><strong>Ki\u015fisel verilerin korunmas\u0131<\/strong>: Y\u00f6netmelik kapsam\u0131ndaki ki\u015fisel veri i\u015fleme faaliyetlerinde Ki\u015fisel Verilerin Korunmas\u0131 Kanunu&#8217;na ve ilgili kanunda yer alan usul ve esaslara uyulmal\u0131d\u0131r.<\/li>\n<li><strong>Ge\u00e7i\u015f takvimi: <\/strong>Merkez, \u00fcretim verileri ve hasar verilerine ili\u015fkin y\u00fck\u00fcml\u00fcl\u00fckler bak\u0131m\u0131ndan bran\u015f ya da \u00fcye kurulu\u015f baz\u0131nda ge\u00e7i\u015f takvimi yay\u0131mlar. Ge\u00e7i\u015f takvimi, gerek g\u00f6r\u00fclmesi halinde bir y\u0131l uzat\u0131labilir.<\/li>\n<\/ul>\n<h3><strong>Sonu\u00e7<\/strong><\/h3>\n<p>Y\u00f6netmelik, sigortac\u0131l\u0131k verileri i\u015fleme s\u00fcre\u00e7lerini detayl\u0131 \u015fekilde ele alarak, \u00fcye kurulu\u015flar, \u00f6zellikli kurulu\u015flar ve di\u011fer yetkili kullan\u0131c\u0131lar\u0131n y\u00fck\u00fcml\u00fcl\u00fcklerini belirlemi\u015f ve Merkez&#8217;in faaliyetleri ve Kurum ile olan ili\u015fkisini d\u00fczenlemi\u015ftir. Bu kapsamda, sigortac\u0131l\u0131k verilerinin toplanmas\u0131 saklanmas\u0131 ve payla\u015f\u0131lmas\u0131nda Merkez&#8217;in ve Kurum&#8217;un belirledi\u011fi usul ve esaslar\u0131n dikkate al\u0131nmas\u0131 gerekmektedir.<\/p>\n","protected":false},"excerpt":{"rendered":"<p>Yeni Geli\u015fme Sigortac\u0131l\u0131k Verilerinin Toplanmas\u0131, Saklanmas\u0131 ve Payla\u015f\u0131lmas\u0131na Dair Y\u00f6netmelik (&#8220;Y\u00f6netmelik&#8220;) 18 Ekim 2022 tarih ve 31987 say\u0131l\u0131 Resmi Gazete&#8217;de [&hellip;]<\/p>\n","protected":false},"author":4,"featured_media":0,"comment_status":"closed","ping_status":"closed","sticky":false,"template":"","format":"standard","meta":{"_acf_changed":false,"_stopmodifiedupdate":false,"_modified_date":"","footnotes":""},"categories":[120],"tags":[160],"class_list":["post-23724","post","type-post","status-publish","format-standard","hentry","category-legal-alerts","tag-finansal-teknolojiler-fintek"],"acf":[],"yoast_head":"<!-- This site is optimized with the Yoast SEO plugin v24.0 - https:\/\/yoast.com\/wordpress\/plugins\/seo\/ -->\n<title>Sigortac\u0131l\u0131k Verileri \u00d6zel D\u00fczenleme ile Koruma Alt\u0131na Al\u0131n\u0131yor<\/title>\n<meta name=\"description\" content=\"Yeni Geli\u015fme Sigortac\u0131l\u0131k Verilerinin Toplanmas\u0131, Saklanmas\u0131 ve Payla\u015f\u0131lmas\u0131na Dair Y\u00f6netmelik (&quot;Y\u00f6netmelik&quot;) 18 Ekim 2022 tarih ve 31987 say\u0131l\u0131 Resmi\" \/>\n<meta name=\"robots\" content=\"index, follow, max-snippet:-1, max-image-preview:large, max-video-preview:-1\" \/>\n<link rel=\"canonical\" href=\"https:\/\/www.esin.av.tr\/tr\/2022\/10\/25\/sigortacilik-verileri-ozel-duzenleme-ile-koruma-altina-aliniyor\/\" \/>\n<meta property=\"og:locale\" content=\"tr_TR\" \/>\n<meta property=\"og:type\" content=\"article\" \/>\n<meta property=\"og:title\" content=\"Sigortac\u0131l\u0131k Verileri \u00d6zel D\u00fczenleme ile Koruma Alt\u0131na Al\u0131n\u0131yor\" \/>\n<meta property=\"og:description\" content=\"Yeni Geli\u015fme Sigortac\u0131l\u0131k Verilerinin Toplanmas\u0131, Saklanmas\u0131 ve Payla\u015f\u0131lmas\u0131na Dair Y\u00f6netmelik (&quot;Y\u00f6netmelik&quot;) 18 Ekim 2022 tarih ve 31987 say\u0131l\u0131 Resmi\" \/>\n<meta property=\"og:url\" content=\"https:\/\/www.esin.av.tr\/tr\/2022\/10\/25\/sigortacilik-verileri-ozel-duzenleme-ile-koruma-altina-aliniyor\/\" \/>\n<meta property=\"og:site_name\" content=\"Esin Avukatl\u0131k Ortakl\u0131\u011f\u0131\" \/>\n<meta property=\"article:published_time\" content=\"2022-10-25T06:31:45+00:00\" \/>\n<meta name=\"author\" content=\"R\u0131dvan Konrat\" \/>\n<meta name=\"twitter:card\" content=\"summary_large_image\" \/>\n<meta name=\"twitter:label1\" content=\"Written by\" \/>\n\t<meta name=\"twitter:data1\" content=\"R\u0131dvan Konrat\" \/>\n\t<meta name=\"twitter:label2\" content=\"Est. reading time\" \/>\n\t<meta name=\"twitter:data2\" content=\"7 minutes\" \/>\n<script type=\"application\/ld+json\" class=\"yoast-schema-graph\">{\"@context\":\"https:\/\/schema.org\",\"@graph\":[{\"@type\":\"Article\",\"@id\":\"https:\/\/www.esin.av.tr\/tr\/2022\/10\/25\/sigortacilik-verileri-ozel-duzenleme-ile-koruma-altina-aliniyor\/#article\",\"isPartOf\":{\"@id\":\"https:\/\/www.esin.av.tr\/tr\/2022\/10\/25\/sigortacilik-verileri-ozel-duzenleme-ile-koruma-altina-aliniyor\/\"},\"author\":{\"name\":\"R\u0131dvan Konrat\",\"@id\":\"https:\/\/www.esin.av.tr\/tr\/#\/schema\/person\/42c8e616aab56b8622fa365ad63282ae\"},\"headline\":\"Sigortac\u0131l\u0131k Verileri \u00d6zel D\u00fczenleme ile Koruma Alt\u0131na Al\u0131n\u0131yor\",\"datePublished\":\"2022-10-25T06:31:45+00:00\",\"dateModified\":\"2022-10-25T06:31:45+00:00\",\"mainEntityOfPage\":{\"@id\":\"https:\/\/www.esin.av.tr\/tr\/2022\/10\/25\/sigortacilik-verileri-ozel-duzenleme-ile-koruma-altina-aliniyor\/\"},\"wordCount\":1465,\"publisher\":{\"@id\":\"https:\/\/www.esin.av.tr\/tr\/#organization\"},\"keywords\":[\"Finansal Teknolojiler - Fintek\"],\"articleSection\":[\"Hukuk B\u00fcltenleri\"],\"inLanguage\":\"tr\"},{\"@type\":\"WebPage\",\"@id\":\"https:\/\/www.esin.av.tr\/tr\/2022\/10\/25\/sigortacilik-verileri-ozel-duzenleme-ile-koruma-altina-aliniyor\/\",\"url\":\"https:\/\/www.esin.av.tr\/tr\/2022\/10\/25\/sigortacilik-verileri-ozel-duzenleme-ile-koruma-altina-aliniyor\/\",\"name\":\"Sigortac\u0131l\u0131k Verileri \u00d6zel D\u00fczenleme ile Koruma Alt\u0131na Al\u0131n\u0131yor\",\"isPartOf\":{\"@id\":\"https:\/\/www.esin.av.tr\/tr\/#website\"},\"datePublished\":\"2022-10-25T06:31:45+00:00\",\"dateModified\":\"2022-10-25T06:31:45+00:00\",\"description\":\"Yeni Geli\u015fme Sigortac\u0131l\u0131k Verilerinin Toplanmas\u0131, Saklanmas\u0131 ve Payla\u015f\u0131lmas\u0131na Dair Y\u00f6netmelik (\\\"Y\u00f6netmelik\\\") 18 Ekim 2022 tarih ve 31987 say\u0131l\u0131 Resmi\",\"breadcrumb\":{\"@id\":\"https:\/\/www.esin.av.tr\/tr\/2022\/10\/25\/sigortacilik-verileri-ozel-duzenleme-ile-koruma-altina-aliniyor\/#breadcrumb\"},\"inLanguage\":\"tr\",\"potentialAction\":[{\"@type\":\"ReadAction\",\"target\":[\"https:\/\/www.esin.av.tr\/tr\/2022\/10\/25\/sigortacilik-verileri-ozel-duzenleme-ile-koruma-altina-aliniyor\/\"]}]},{\"@type\":\"BreadcrumbList\",\"@id\":\"https:\/\/www.esin.av.tr\/tr\/2022\/10\/25\/sigortacilik-verileri-ozel-duzenleme-ile-koruma-altina-aliniyor\/#breadcrumb\",\"itemListElement\":[{\"@type\":\"ListItem\",\"position\":1,\"name\":\"Home\",\"item\":\"https:\/\/www.esin.av.tr\/tr\/\"},{\"@type\":\"ListItem\",\"position\":2,\"name\":\"Sigortac\u0131l\u0131k Verileri \u00d6zel D\u00fczenleme ile Koruma Alt\u0131na Al\u0131n\u0131yor\"}]},{\"@type\":\"WebSite\",\"@id\":\"https:\/\/www.esin.av.tr\/tr\/#website\",\"url\":\"https:\/\/www.esin.av.tr\/tr\/\",\"name\":\"Esin Avukatl\u0131k Ortakl\u0131\u011f\u0131\",\"description\":\"\",\"publisher\":{\"@id\":\"https:\/\/www.esin.av.tr\/tr\/#organization\"},\"potentialAction\":[{\"@type\":\"SearchAction\",\"target\":{\"@type\":\"EntryPoint\",\"urlTemplate\":\"https:\/\/www.esin.av.tr\/tr\/?s={search_term_string}\"},\"query-input\":{\"@type\":\"PropertyValueSpecification\",\"valueRequired\":true,\"valueName\":\"search_term_string\"}}],\"inLanguage\":\"tr\"},{\"@type\":\"Organization\",\"@id\":\"https:\/\/www.esin.av.tr\/tr\/#organization\",\"name\":\"Esin Avukatl\u0131k Ortakl\u0131\u011f\u0131\",\"url\":\"https:\/\/www.esin.av.tr\/tr\/\",\"logo\":{\"@type\":\"ImageObject\",\"inLanguage\":\"tr\",\"@id\":\"https:\/\/www.esin.av.tr\/tr\/#\/schema\/logo\/image\/\",\"url\":\"https:\/\/www.esin.av.tr\/wp-content\/uploads\/2021\/09\/esin-2.jpg\",\"contentUrl\":\"https:\/\/www.esin.av.tr\/wp-content\/uploads\/2021\/09\/esin-2.jpg\",\"width\":800,\"height\":460,\"caption\":\"Esin Avukatl\u0131k Ortakl\u0131\u011f\u0131\"},\"image\":{\"@id\":\"https:\/\/www.esin.av.tr\/tr\/#\/schema\/logo\/image\/\"}},{\"@type\":\"Person\",\"@id\":\"https:\/\/www.esin.av.tr\/tr\/#\/schema\/person\/42c8e616aab56b8622fa365ad63282ae\",\"name\":\"R\u0131dvan Konrat\",\"image\":{\"@type\":\"ImageObject\",\"inLanguage\":\"tr\",\"@id\":\"https:\/\/www.esin.av.tr\/tr\/#\/schema\/person\/image\/\",\"url\":\"https:\/\/secure.gravatar.com\/avatar\/b20c6c583be38ed4e76e32f69fccc676?s=96&d=mm&r=g\",\"contentUrl\":\"https:\/\/secure.gravatar.com\/avatar\/b20c6c583be38ed4e76e32f69fccc676?s=96&d=mm&r=g\",\"caption\":\"R\u0131dvan Konrat\"},\"sameAs\":[\"http:\/\/www.esin.av.tr\"],\"url\":\"https:\/\/www.esin.av.tr\/tr\/author\/rkonrat\/\"}]}<\/script>\n<!-- \/ Yoast SEO plugin. -->","yoast_head_json":{"title":"Sigortac\u0131l\u0131k Verileri \u00d6zel D\u00fczenleme ile Koruma Alt\u0131na Al\u0131n\u0131yor","description":"Yeni Geli\u015fme Sigortac\u0131l\u0131k Verilerinin Toplanmas\u0131, Saklanmas\u0131 ve Payla\u015f\u0131lmas\u0131na Dair Y\u00f6netmelik (\"Y\u00f6netmelik\") 18 Ekim 2022 tarih ve 31987 say\u0131l\u0131 Resmi","robots":{"index":"index","follow":"follow","max-snippet":"max-snippet:-1","max-image-preview":"max-image-preview:large","max-video-preview":"max-video-preview:-1"},"canonical":"https:\/\/www.esin.av.tr\/tr\/2022\/10\/25\/sigortacilik-verileri-ozel-duzenleme-ile-koruma-altina-aliniyor\/","og_locale":"tr_TR","og_type":"article","og_title":"Sigortac\u0131l\u0131k Verileri \u00d6zel D\u00fczenleme ile Koruma Alt\u0131na Al\u0131n\u0131yor","og_description":"Yeni Geli\u015fme Sigortac\u0131l\u0131k Verilerinin Toplanmas\u0131, Saklanmas\u0131 ve Payla\u015f\u0131lmas\u0131na Dair Y\u00f6netmelik (\"Y\u00f6netmelik\") 18 Ekim 2022 tarih ve 31987 say\u0131l\u0131 Resmi","og_url":"https:\/\/www.esin.av.tr\/tr\/2022\/10\/25\/sigortacilik-verileri-ozel-duzenleme-ile-koruma-altina-aliniyor\/","og_site_name":"Esin Avukatl\u0131k Ortakl\u0131\u011f\u0131","article_published_time":"2022-10-25T06:31:45+00:00","author":"R\u0131dvan Konrat","twitter_card":"summary_large_image","twitter_misc":{"Written by":"R\u0131dvan Konrat","Est. reading time":"7 minutes"},"schema":{"@context":"https:\/\/schema.org","@graph":[{"@type":"Article","@id":"https:\/\/www.esin.av.tr\/tr\/2022\/10\/25\/sigortacilik-verileri-ozel-duzenleme-ile-koruma-altina-aliniyor\/#article","isPartOf":{"@id":"https:\/\/www.esin.av.tr\/tr\/2022\/10\/25\/sigortacilik-verileri-ozel-duzenleme-ile-koruma-altina-aliniyor\/"},"author":{"name":"R\u0131dvan Konrat","@id":"https:\/\/www.esin.av.tr\/tr\/#\/schema\/person\/42c8e616aab56b8622fa365ad63282ae"},"headline":"Sigortac\u0131l\u0131k Verileri \u00d6zel D\u00fczenleme ile Koruma Alt\u0131na Al\u0131n\u0131yor","datePublished":"2022-10-25T06:31:45+00:00","dateModified":"2022-10-25T06:31:45+00:00","mainEntityOfPage":{"@id":"https:\/\/www.esin.av.tr\/tr\/2022\/10\/25\/sigortacilik-verileri-ozel-duzenleme-ile-koruma-altina-aliniyor\/"},"wordCount":1465,"publisher":{"@id":"https:\/\/www.esin.av.tr\/tr\/#organization"},"keywords":["Finansal Teknolojiler - Fintek"],"articleSection":["Hukuk B\u00fcltenleri"],"inLanguage":"tr"},{"@type":"WebPage","@id":"https:\/\/www.esin.av.tr\/tr\/2022\/10\/25\/sigortacilik-verileri-ozel-duzenleme-ile-koruma-altina-aliniyor\/","url":"https:\/\/www.esin.av.tr\/tr\/2022\/10\/25\/sigortacilik-verileri-ozel-duzenleme-ile-koruma-altina-aliniyor\/","name":"Sigortac\u0131l\u0131k Verileri \u00d6zel D\u00fczenleme ile Koruma Alt\u0131na Al\u0131n\u0131yor","isPartOf":{"@id":"https:\/\/www.esin.av.tr\/tr\/#website"},"datePublished":"2022-10-25T06:31:45+00:00","dateModified":"2022-10-25T06:31:45+00:00","description":"Yeni Geli\u015fme Sigortac\u0131l\u0131k Verilerinin Toplanmas\u0131, Saklanmas\u0131 ve Payla\u015f\u0131lmas\u0131na Dair Y\u00f6netmelik (\"Y\u00f6netmelik\") 18 Ekim 2022 tarih ve 31987 say\u0131l\u0131 Resmi","breadcrumb":{"@id":"https:\/\/www.esin.av.tr\/tr\/2022\/10\/25\/sigortacilik-verileri-ozel-duzenleme-ile-koruma-altina-aliniyor\/#breadcrumb"},"inLanguage":"tr","potentialAction":[{"@type":"ReadAction","target":["https:\/\/www.esin.av.tr\/tr\/2022\/10\/25\/sigortacilik-verileri-ozel-duzenleme-ile-koruma-altina-aliniyor\/"]}]},{"@type":"BreadcrumbList","@id":"https:\/\/www.esin.av.tr\/tr\/2022\/10\/25\/sigortacilik-verileri-ozel-duzenleme-ile-koruma-altina-aliniyor\/#breadcrumb","itemListElement":[{"@type":"ListItem","position":1,"name":"Home","item":"https:\/\/www.esin.av.tr\/tr\/"},{"@type":"ListItem","position":2,"name":"Sigortac\u0131l\u0131k Verileri \u00d6zel D\u00fczenleme ile Koruma Alt\u0131na Al\u0131n\u0131yor"}]},{"@type":"WebSite","@id":"https:\/\/www.esin.av.tr\/tr\/#website","url":"https:\/\/www.esin.av.tr\/tr\/","name":"Esin Avukatl\u0131k Ortakl\u0131\u011f\u0131","description":"","publisher":{"@id":"https:\/\/www.esin.av.tr\/tr\/#organization"},"potentialAction":[{"@type":"SearchAction","target":{"@type":"EntryPoint","urlTemplate":"https:\/\/www.esin.av.tr\/tr\/?s={search_term_string}"},"query-input":{"@type":"PropertyValueSpecification","valueRequired":true,"valueName":"search_term_string"}}],"inLanguage":"tr"},{"@type":"Organization","@id":"https:\/\/www.esin.av.tr\/tr\/#organization","name":"Esin Avukatl\u0131k Ortakl\u0131\u011f\u0131","url":"https:\/\/www.esin.av.tr\/tr\/","logo":{"@type":"ImageObject","inLanguage":"tr","@id":"https:\/\/www.esin.av.tr\/tr\/#\/schema\/logo\/image\/","url":"https:\/\/www.esin.av.tr\/wp-content\/uploads\/2021\/09\/esin-2.jpg","contentUrl":"https:\/\/www.esin.av.tr\/wp-content\/uploads\/2021\/09\/esin-2.jpg","width":800,"height":460,"caption":"Esin Avukatl\u0131k Ortakl\u0131\u011f\u0131"},"image":{"@id":"https:\/\/www.esin.av.tr\/tr\/#\/schema\/logo\/image\/"}},{"@type":"Person","@id":"https:\/\/www.esin.av.tr\/tr\/#\/schema\/person\/42c8e616aab56b8622fa365ad63282ae","name":"R\u0131dvan Konrat","image":{"@type":"ImageObject","inLanguage":"tr","@id":"https:\/\/www.esin.av.tr\/tr\/#\/schema\/person\/image\/","url":"https:\/\/secure.gravatar.com\/avatar\/b20c6c583be38ed4e76e32f69fccc676?s=96&d=mm&r=g","contentUrl":"https:\/\/secure.gravatar.com\/avatar\/b20c6c583be38ed4e76e32f69fccc676?s=96&d=mm&r=g","caption":"R\u0131dvan Konrat"},"sameAs":["http:\/\/www.esin.av.tr"],"url":"https:\/\/www.esin.av.tr\/tr\/author\/rkonrat\/"}]}},"_links":{"self":[{"href":"https:\/\/www.esin.av.tr\/tr\/wp-json\/wp\/v2\/posts\/23724","targetHints":{"allow":["GET"]}}],"collection":[{"href":"https:\/\/www.esin.av.tr\/tr\/wp-json\/wp\/v2\/posts"}],"about":[{"href":"https:\/\/www.esin.av.tr\/tr\/wp-json\/wp\/v2\/types\/post"}],"author":[{"embeddable":true,"href":"https:\/\/www.esin.av.tr\/tr\/wp-json\/wp\/v2\/users\/4"}],"replies":[{"embeddable":true,"href":"https:\/\/www.esin.av.tr\/tr\/wp-json\/wp\/v2\/comments?post=23724"}],"version-history":[{"count":1,"href":"https:\/\/www.esin.av.tr\/tr\/wp-json\/wp\/v2\/posts\/23724\/revisions"}],"predecessor-version":[{"id":23725,"href":"https:\/\/www.esin.av.tr\/tr\/wp-json\/wp\/v2\/posts\/23724\/revisions\/23725"}],"wp:attachment":[{"href":"https:\/\/www.esin.av.tr\/tr\/wp-json\/wp\/v2\/media?parent=23724"}],"wp:term":[{"taxonomy":"category","embeddable":true,"href":"https:\/\/www.esin.av.tr\/tr\/wp-json\/wp\/v2\/categories?post=23724"},{"taxonomy":"post_tag","embeddable":true,"href":"https:\/\/www.esin.av.tr\/tr\/wp-json\/wp\/v2\/tags?post=23724"}],"curies":[{"name":"wp","href":"https:\/\/api.w.org\/{rel}","templated":true}]}}