{"id":23528,"date":"2022-09-08T10:01:14","date_gmt":"2022-09-08T10:01:14","guid":{"rendered":"https:\/\/www.esin.av.tr\/?p=23528"},"modified":"2022-09-08T10:01:14","modified_gmt":"2022-09-08T10:01:14","slug":"e-ihracat-destekleri-hakkinda-karar-yayimlandi","status":"publish","type":"post","link":"https:\/\/www.esin.av.tr\/tr\/2022\/09\/08\/e-ihracat-destekleri-hakkinda-karar-yayimlandi\/","title":{"rendered":"E-ihracat Destekleri Hakk\u0131nda Karar Yay\u0131mland\u0131"},"content":{"rendered":"<h3><strong><a href=\"https:\/\/podcast.esin.av.tr\/?lang=tr&amp;playing=PFC8270475814?updated=1662624773\" target=\"_blank\" rel=\"noopener\"><img decoding=\"async\" class=\"alignnone  wp-image-18799\" src=\"https:\/\/www.esin.av.tr\/wp-content\/uploads\/2021\/02\/1.png\" alt=\"\" width=\"48\" height=\"48\" srcset=\"https:\/\/www.esin.av.tr\/wp-content\/uploads\/2021\/02\/1.png 186w, https:\/\/www.esin.av.tr\/wp-content\/uploads\/2021\/02\/1-150x150.png 150w\" sizes=\"(max-width: 48px) 100vw, 48px\" \/><\/a>\u00a0 \u00a0 \u00a0 \u00a0 \u00a0 \u00a0 Bu b\u00fcltenimizi podcast olarak da dinleyebilirsiniz!<\/strong><\/h3>\n<h3><\/h3>\n<h3><strong>Yeni Geli\u015fme<\/strong><\/h3>\n<p>E-ihracat Destekleri Hakk\u0131nda Karar (&#8220;<strong>Karar<\/strong>&#8220;) 25 A\u011fustos 2022 tarihli Resmi Gazete&#8217;de yay\u0131mland\u0131. Karar&#8217;da \u015firketlerin, pazaryerlerinin ve perakende e-ticaret sitelerinin e-ihracat s\u00fcre\u00e7lerinde desteklerinin Destekleme ve Fiyat \u0130stikrar Fonundan kar\u015f\u0131lanmas\u0131na ili\u015fkin usul ve esaslar belirlenmektedir. Karar&#8217;a <a href=\"https:\/\/urldefense.com\/v3\/__https:\/esinxchange.com\/collect\/click.aspx?u=a01qTnlya3ZEcmV1M1NvNGVnRThZN2g5b3AvM1p0R09ycFZ0RWtlZjFUSU5rRkwzMDY3QklEdDNONGR2RHdDT0tzYy9pM3RNTVR3TldxUnRreVhwZTFWVlBRemY0amNFM29aa0UzNmZZMGR6azZLNWJCS0psaEhvUWhSWTdZWSs=&amp;rh=ff00983516a6c265bf6088f7ab47ad6b53424e91__;!!Hj9Y_P0nvg!SGckImmr5Whs6q1J8Y1Jb9005jW6LMTimZTg7KAxrEZAq8pH5xtUr9J29vB-pcNTjEm2wt3t4ui0y89yEdYsSzQw$\">buradan<\/a> ula\u015fabilirsiniz.<\/p>\n<h3><strong>Karar Neler Getiriyor?<\/strong><\/h3>\n<p>Karar uyar\u0131nca farkl\u0131 destek t\u00fcrlerinden \u015firketler, e-ihracat konsorsiyumlar\u0131, perakende e-ticaret siteleri ve pazaryerleri faydalanabilecektir. Destek sa\u011flanacak ba\u015fl\u0131ca durumlar a\u015fa\u011f\u0131dad\u0131r:<\/p>\n<ul>\n<li>Pazara giri\u015fte, %50 oran\u0131nda ve y\u0131ll\u0131k 1.500.000 TL&#8217;ye kadar rapor deste\u011fi verilir.<\/li>\n<li>3 y\u0131l s\u00fcreyle dijital pazaryeri tan\u0131t\u0131m ve e-ihracat tan\u0131t\u0131m deste\u011fi kapsam\u0131nda %50 oran\u0131nda ve 30 milyon TL&#8217;ye kadar destek verilir.<\/li>\n<li>3 y\u0131l s\u00fcreyle %50 oran\u0131nda sipari\u015f kar\u015f\u0131lama hizmeti ve depo kira deste\u011fi verilir.<\/li>\n<li>Yurt d\u0131\u015f\u0131 pazaryerleri i\u00e7in yurt i\u00e7inde yap\u0131lacak entegrasyon hizmetlerine ait giderler her bir entegrasyon i\u00e7in 3 y\u0131l s\u00fcreyle %50 oran\u0131nda ve 200.000 TL&#8217;ye kadar desteklenir.<\/li>\n<li>Yurt d\u0131\u015f\u0131nda \u00e7evrim i\u00e7i ma\u011faza a\u00e7\u0131lmas\u0131na, ma\u011fazalar\u0131n y\u0131ll\u0131k \u00f6demelerine ve yurt d\u0131\u015f\u0131nda e-ticaret payda\u015flar\u0131ndan al\u0131nacak hizmetlere ili\u015fkin giderler 3 y\u0131l s\u00fcreyle %50 oran\u0131nda ve 3 milyon TL&#8217;ye kadar desteklenir.<\/li>\n<li>Pazaryeri komisyonlar\u0131 i\u00e7in 3 y\u0131l s\u00fcreyle %50 oran\u0131nda ve 3 milyon TL&#8217;ye kadar destek verilir.<\/li>\n<\/ul>\n<p>Destek oranlar\u0131n\u0131n hesaplanmas\u0131nda T\u00fcrk \u00fcr\u00fcnleri sat\u0131\u015f oran\u0131 ve Marka ve Turquality destek program\u0131 kapsam\u0131ndaki \u00fcr\u00fcnlerin sat\u0131\u015f oran\u0131 esas al\u0131n\u0131r. Destek oranlar\u0131, Ticaret Bakanl\u0131\u011f\u0131 taraf\u0131ndan belirlenen hedef \u00fclkeler i\u00e7in art\u0131r\u0131labilir.<\/p>\n<p>Karar kapsam\u0131nda ayr\u0131ca, sekt\u00f6rel ticaret ve al\u0131m heyeti faaliyetleri, e-ihracat tan\u0131t\u0131m ve geli\u015ftirme projeleri kapsam\u0131nda i\u015fbirli\u011fi kurulu\u015flar\u0131n\u0131n destek oranlar\u0131 ve T\u00fcrkiye E-\u0130hracat Platformu kurulumuna ili\u015fkin destek oranlar\u0131 belirlenmi\u015ftir.<\/p>\n<p>\u0130laveten, D\u00f6viz Kazand\u0131r\u0131c\u0131 Hizmet Sekt\u00f6rleri Markala\u015fma Destekleri Hakk\u0131nda Karar uyar\u0131nca desteklenen pazaryeri ve perakende e-ticaret siteleri de Ticaret Bakanl\u0131\u011f\u0131 taraf\u0131ndan belirlenen s\u00fcre ve usule uygun olarak destek ba\u015fvurusunda bulunabilir.<\/p>\n<h3><strong>Sonu\u00e7<\/strong><\/h3>\n<p>Desteklerden faydalanabilecek \u015firketler, Ticaret Bakanl\u0131\u011f\u0131&#8217;n\u0131n y\u00f6nlendirmelerini takip ederek destek ba\u015fvurusunda bulunabilecektir. Ticaret Bakanl\u0131\u011f\u0131&#8217;n\u0131n bir genelge yay\u0131mlayarak, uygulamaya y\u00f6nelik detaylar\u0131 netle\u015ftirmesi beklenmektedir.<\/p>\n","protected":false},"excerpt":{"rendered":"<p>\u00a0 \u00a0 \u00a0 \u00a0 \u00a0 \u00a0 Bu b\u00fcltenimizi podcast olarak da dinleyebilirsiniz! Yeni Geli\u015fme E-ihracat Destekleri Hakk\u0131nda Karar (&#8220;Karar&#8220;) 25 [&hellip;]<\/p>\n","protected":false},"author":4,"featured_media":0,"comment_status":"closed","ping_status":"closed","sticky":false,"template":"","format":"standard","meta":{"_acf_changed":false,"_stopmodifiedupdate":false,"_modified_date":"","footnotes":""},"categories":[120],"tags":[94,95],"class_list":["post-23528","post","type-post","status-publish","format-standard","hentry","category-legal-alerts","tag-international-commercial-and-trade-tr","tag-tax-tr"],"acf":[],"yoast_head":"<!-- This site is optimized with the Yoast SEO plugin v24.0 - https:\/\/yoast.com\/wordpress\/plugins\/seo\/ -->\n<title>E-ihracat Destekleri Hakk\u0131nda Karar Yay\u0131mland\u0131<\/title>\n<meta name=\"description\" content=\"\u00a0 \u00a0 \u00a0 \u00a0 \u00a0 \u00a0 Bu b\u00fcltenimizi podcast olarak da dinleyebilirsiniz! Yeni Geli\u015fme E-ihracat Destekleri Hakk\u0131nda Karar (&quot;Karar&quot;) 25 A\u011fustos 2022 tarihli Resmi\" \/>\n<meta name=\"robots\" content=\"index, follow, max-snippet:-1, max-image-preview:large, max-video-preview:-1\" \/>\n<link rel=\"canonical\" href=\"https:\/\/www.esin.av.tr\/tr\/2022\/09\/08\/e-ihracat-destekleri-hakkinda-karar-yayimlandi\/\" \/>\n<meta property=\"og:locale\" content=\"tr_TR\" \/>\n<meta property=\"og:type\" content=\"article\" \/>\n<meta property=\"og:title\" content=\"E-ihracat Destekleri Hakk\u0131nda Karar Yay\u0131mland\u0131\" \/>\n<meta property=\"og:description\" content=\"\u00a0 \u00a0 \u00a0 \u00a0 \u00a0 \u00a0 Bu b\u00fcltenimizi podcast olarak da dinleyebilirsiniz! Yeni Geli\u015fme E-ihracat Destekleri Hakk\u0131nda Karar (&quot;Karar&quot;) 25 A\u011fustos 2022 tarihli Resmi\" \/>\n<meta property=\"og:url\" content=\"https:\/\/www.esin.av.tr\/tr\/2022\/09\/08\/e-ihracat-destekleri-hakkinda-karar-yayimlandi\/\" \/>\n<meta property=\"og:site_name\" content=\"Esin Avukatl\u0131k Ortakl\u0131\u011f\u0131\" \/>\n<meta property=\"article:published_time\" content=\"2022-09-08T10:01:14+00:00\" \/>\n<meta property=\"og:image\" content=\"https:\/\/www.esin.av.tr\/wp-content\/uploads\/2021\/02\/1.png\" \/>\n<meta name=\"author\" content=\"R\u0131dvan Konrat\" \/>\n<meta name=\"twitter:card\" content=\"summary_large_image\" \/>\n<meta name=\"twitter:label1\" content=\"Written by\" \/>\n\t<meta name=\"twitter:data1\" content=\"R\u0131dvan Konrat\" \/>\n\t<meta name=\"twitter:label2\" content=\"Est. reading time\" \/>\n\t<meta name=\"twitter:data2\" content=\"2 minutes\" \/>\n<script type=\"application\/ld+json\" class=\"yoast-schema-graph\">{\"@context\":\"https:\/\/schema.org\",\"@graph\":[{\"@type\":\"Article\",\"@id\":\"https:\/\/www.esin.av.tr\/tr\/2022\/09\/08\/e-ihracat-destekleri-hakkinda-karar-yayimlandi\/#article\",\"isPartOf\":{\"@id\":\"https:\/\/www.esin.av.tr\/tr\/2022\/09\/08\/e-ihracat-destekleri-hakkinda-karar-yayimlandi\/\"},\"author\":{\"name\":\"R\u0131dvan Konrat\",\"@id\":\"https:\/\/www.esin.av.tr\/tr\/#\/schema\/person\/42c8e616aab56b8622fa365ad63282ae\"},\"headline\":\"E-ihracat Destekleri Hakk\u0131nda Karar Yay\u0131mland\u0131\",\"datePublished\":\"2022-09-08T10:01:14+00:00\",\"dateModified\":\"2022-09-08T10:01:14+00:00\",\"mainEntityOfPage\":{\"@id\":\"https:\/\/www.esin.av.tr\/tr\/2022\/09\/08\/e-ihracat-destekleri-hakkinda-karar-yayimlandi\/\"},\"wordCount\":400,\"publisher\":{\"@id\":\"https:\/\/www.esin.av.tr\/tr\/#organization\"},\"image\":{\"@id\":\"https:\/\/www.esin.av.tr\/tr\/2022\/09\/08\/e-ihracat-destekleri-hakkinda-karar-yayimlandi\/#primaryimage\"},\"thumbnailUrl\":\"https:\/\/www.esin.av.tr\/wp-content\/uploads\/2021\/02\/1.png\",\"keywords\":[\"Uluslararas\u0131 Ticaret Hukuku\",\"Vergi\"],\"articleSection\":[\"Hukuk B\u00fcltenleri\"],\"inLanguage\":\"tr\"},{\"@type\":\"WebPage\",\"@id\":\"https:\/\/www.esin.av.tr\/tr\/2022\/09\/08\/e-ihracat-destekleri-hakkinda-karar-yayimlandi\/\",\"url\":\"https:\/\/www.esin.av.tr\/tr\/2022\/09\/08\/e-ihracat-destekleri-hakkinda-karar-yayimlandi\/\",\"name\":\"E-ihracat Destekleri Hakk\u0131nda Karar Yay\u0131mland\u0131\",\"isPartOf\":{\"@id\":\"https:\/\/www.esin.av.tr\/tr\/#website\"},\"primaryImageOfPage\":{\"@id\":\"https:\/\/www.esin.av.tr\/tr\/2022\/09\/08\/e-ihracat-destekleri-hakkinda-karar-yayimlandi\/#primaryimage\"},\"image\":{\"@id\":\"https:\/\/www.esin.av.tr\/tr\/2022\/09\/08\/e-ihracat-destekleri-hakkinda-karar-yayimlandi\/#primaryimage\"},\"thumbnailUrl\":\"https:\/\/www.esin.av.tr\/wp-content\/uploads\/2021\/02\/1.png\",\"datePublished\":\"2022-09-08T10:01:14+00:00\",\"dateModified\":\"2022-09-08T10:01:14+00:00\",\"description\":\"\u00a0 \u00a0 \u00a0 \u00a0 \u00a0 \u00a0 Bu b\u00fcltenimizi podcast olarak da dinleyebilirsiniz! Yeni Geli\u015fme E-ihracat Destekleri Hakk\u0131nda Karar (\\\"Karar\\\") 25 A\u011fustos 2022 tarihli Resmi\",\"breadcrumb\":{\"@id\":\"https:\/\/www.esin.av.tr\/tr\/2022\/09\/08\/e-ihracat-destekleri-hakkinda-karar-yayimlandi\/#breadcrumb\"},\"inLanguage\":\"tr\",\"potentialAction\":[{\"@type\":\"ReadAction\",\"target\":[\"https:\/\/www.esin.av.tr\/tr\/2022\/09\/08\/e-ihracat-destekleri-hakkinda-karar-yayimlandi\/\"]}]},{\"@type\":\"ImageObject\",\"inLanguage\":\"tr\",\"@id\":\"https:\/\/www.esin.av.tr\/tr\/2022\/09\/08\/e-ihracat-destekleri-hakkinda-karar-yayimlandi\/#primaryimage\",\"url\":\"https:\/\/www.esin.av.tr\/wp-content\/uploads\/2021\/02\/1.png\",\"contentUrl\":\"https:\/\/www.esin.av.tr\/wp-content\/uploads\/2021\/02\/1.png\"},{\"@type\":\"BreadcrumbList\",\"@id\":\"https:\/\/www.esin.av.tr\/tr\/2022\/09\/08\/e-ihracat-destekleri-hakkinda-karar-yayimlandi\/#breadcrumb\",\"itemListElement\":[{\"@type\":\"ListItem\",\"position\":1,\"name\":\"Home\",\"item\":\"https:\/\/www.esin.av.tr\/tr\/\"},{\"@type\":\"ListItem\",\"position\":2,\"name\":\"E-ihracat Destekleri Hakk\u0131nda Karar Yay\u0131mland\u0131\"}]},{\"@type\":\"WebSite\",\"@id\":\"https:\/\/www.esin.av.tr\/tr\/#website\",\"url\":\"https:\/\/www.esin.av.tr\/tr\/\",\"name\":\"Esin Avukatl\u0131k Ortakl\u0131\u011f\u0131\",\"description\":\"\",\"publisher\":{\"@id\":\"https:\/\/www.esin.av.tr\/tr\/#organization\"},\"potentialAction\":[{\"@type\":\"SearchAction\",\"target\":{\"@type\":\"EntryPoint\",\"urlTemplate\":\"https:\/\/www.esin.av.tr\/tr\/?s={search_term_string}\"},\"query-input\":{\"@type\":\"PropertyValueSpecification\",\"valueRequired\":true,\"valueName\":\"search_term_string\"}}],\"inLanguage\":\"tr\"},{\"@type\":\"Organization\",\"@id\":\"https:\/\/www.esin.av.tr\/tr\/#organization\",\"name\":\"Esin Avukatl\u0131k Ortakl\u0131\u011f\u0131\",\"url\":\"https:\/\/www.esin.av.tr\/tr\/\",\"logo\":{\"@type\":\"ImageObject\",\"inLanguage\":\"tr\",\"@id\":\"https:\/\/www.esin.av.tr\/tr\/#\/schema\/logo\/image\/\",\"url\":\"https:\/\/www.esin.av.tr\/wp-content\/uploads\/2021\/09\/esin-2.jpg\",\"contentUrl\":\"https:\/\/www.esin.av.tr\/wp-content\/uploads\/2021\/09\/esin-2.jpg\",\"width\":800,\"height\":460,\"caption\":\"Esin Avukatl\u0131k Ortakl\u0131\u011f\u0131\"},\"image\":{\"@id\":\"https:\/\/www.esin.av.tr\/tr\/#\/schema\/logo\/image\/\"}},{\"@type\":\"Person\",\"@id\":\"https:\/\/www.esin.av.tr\/tr\/#\/schema\/person\/42c8e616aab56b8622fa365ad63282ae\",\"name\":\"R\u0131dvan Konrat\",\"image\":{\"@type\":\"ImageObject\",\"inLanguage\":\"tr\",\"@id\":\"https:\/\/www.esin.av.tr\/tr\/#\/schema\/person\/image\/\",\"url\":\"https:\/\/secure.gravatar.com\/avatar\/b20c6c583be38ed4e76e32f69fccc676?s=96&d=mm&r=g\",\"contentUrl\":\"https:\/\/secure.gravatar.com\/avatar\/b20c6c583be38ed4e76e32f69fccc676?s=96&d=mm&r=g\",\"caption\":\"R\u0131dvan Konrat\"},\"sameAs\":[\"http:\/\/www.esin.av.tr\"],\"url\":\"https:\/\/www.esin.av.tr\/tr\/author\/rkonrat\/\"}]}<\/script>\n<!-- \/ Yoast SEO plugin. -->","yoast_head_json":{"title":"E-ihracat Destekleri Hakk\u0131nda Karar Yay\u0131mland\u0131","description":"\u00a0 \u00a0 \u00a0 \u00a0 \u00a0 \u00a0 Bu b\u00fcltenimizi podcast olarak da dinleyebilirsiniz! Yeni Geli\u015fme E-ihracat Destekleri Hakk\u0131nda Karar (\"Karar\") 25 A\u011fustos 2022 tarihli Resmi","robots":{"index":"index","follow":"follow","max-snippet":"max-snippet:-1","max-image-preview":"max-image-preview:large","max-video-preview":"max-video-preview:-1"},"canonical":"https:\/\/www.esin.av.tr\/tr\/2022\/09\/08\/e-ihracat-destekleri-hakkinda-karar-yayimlandi\/","og_locale":"tr_TR","og_type":"article","og_title":"E-ihracat Destekleri Hakk\u0131nda Karar Yay\u0131mland\u0131","og_description":"\u00a0 \u00a0 \u00a0 \u00a0 \u00a0 \u00a0 Bu b\u00fcltenimizi podcast olarak da dinleyebilirsiniz! Yeni Geli\u015fme E-ihracat Destekleri Hakk\u0131nda Karar (\"Karar\") 25 A\u011fustos 2022 tarihli Resmi","og_url":"https:\/\/www.esin.av.tr\/tr\/2022\/09\/08\/e-ihracat-destekleri-hakkinda-karar-yayimlandi\/","og_site_name":"Esin Avukatl\u0131k Ortakl\u0131\u011f\u0131","article_published_time":"2022-09-08T10:01:14+00:00","og_image":[{"url":"https:\/\/www.esin.av.tr\/wp-content\/uploads\/2021\/02\/1.png","type":"","width":"","height":""}],"author":"R\u0131dvan Konrat","twitter_card":"summary_large_image","twitter_misc":{"Written by":"R\u0131dvan Konrat","Est. reading time":"2 minutes"},"schema":{"@context":"https:\/\/schema.org","@graph":[{"@type":"Article","@id":"https:\/\/www.esin.av.tr\/tr\/2022\/09\/08\/e-ihracat-destekleri-hakkinda-karar-yayimlandi\/#article","isPartOf":{"@id":"https:\/\/www.esin.av.tr\/tr\/2022\/09\/08\/e-ihracat-destekleri-hakkinda-karar-yayimlandi\/"},"author":{"name":"R\u0131dvan Konrat","@id":"https:\/\/www.esin.av.tr\/tr\/#\/schema\/person\/42c8e616aab56b8622fa365ad63282ae"},"headline":"E-ihracat Destekleri Hakk\u0131nda Karar Yay\u0131mland\u0131","datePublished":"2022-09-08T10:01:14+00:00","dateModified":"2022-09-08T10:01:14+00:00","mainEntityOfPage":{"@id":"https:\/\/www.esin.av.tr\/tr\/2022\/09\/08\/e-ihracat-destekleri-hakkinda-karar-yayimlandi\/"},"wordCount":400,"publisher":{"@id":"https:\/\/www.esin.av.tr\/tr\/#organization"},"image":{"@id":"https:\/\/www.esin.av.tr\/tr\/2022\/09\/08\/e-ihracat-destekleri-hakkinda-karar-yayimlandi\/#primaryimage"},"thumbnailUrl":"https:\/\/www.esin.av.tr\/wp-content\/uploads\/2021\/02\/1.png","keywords":["Uluslararas\u0131 Ticaret Hukuku","Vergi"],"articleSection":["Hukuk B\u00fcltenleri"],"inLanguage":"tr"},{"@type":"WebPage","@id":"https:\/\/www.esin.av.tr\/tr\/2022\/09\/08\/e-ihracat-destekleri-hakkinda-karar-yayimlandi\/","url":"https:\/\/www.esin.av.tr\/tr\/2022\/09\/08\/e-ihracat-destekleri-hakkinda-karar-yayimlandi\/","name":"E-ihracat Destekleri Hakk\u0131nda Karar Yay\u0131mland\u0131","isPartOf":{"@id":"https:\/\/www.esin.av.tr\/tr\/#website"},"primaryImageOfPage":{"@id":"https:\/\/www.esin.av.tr\/tr\/2022\/09\/08\/e-ihracat-destekleri-hakkinda-karar-yayimlandi\/#primaryimage"},"image":{"@id":"https:\/\/www.esin.av.tr\/tr\/2022\/09\/08\/e-ihracat-destekleri-hakkinda-karar-yayimlandi\/#primaryimage"},"thumbnailUrl":"https:\/\/www.esin.av.tr\/wp-content\/uploads\/2021\/02\/1.png","datePublished":"2022-09-08T10:01:14+00:00","dateModified":"2022-09-08T10:01:14+00:00","description":"\u00a0 \u00a0 \u00a0 \u00a0 \u00a0 \u00a0 Bu b\u00fcltenimizi podcast olarak da dinleyebilirsiniz! Yeni Geli\u015fme E-ihracat Destekleri Hakk\u0131nda Karar (\"Karar\") 25 A\u011fustos 2022 tarihli Resmi","breadcrumb":{"@id":"https:\/\/www.esin.av.tr\/tr\/2022\/09\/08\/e-ihracat-destekleri-hakkinda-karar-yayimlandi\/#breadcrumb"},"inLanguage":"tr","potentialAction":[{"@type":"ReadAction","target":["https:\/\/www.esin.av.tr\/tr\/2022\/09\/08\/e-ihracat-destekleri-hakkinda-karar-yayimlandi\/"]}]},{"@type":"ImageObject","inLanguage":"tr","@id":"https:\/\/www.esin.av.tr\/tr\/2022\/09\/08\/e-ihracat-destekleri-hakkinda-karar-yayimlandi\/#primaryimage","url":"https:\/\/www.esin.av.tr\/wp-content\/uploads\/2021\/02\/1.png","contentUrl":"https:\/\/www.esin.av.tr\/wp-content\/uploads\/2021\/02\/1.png"},{"@type":"BreadcrumbList","@id":"https:\/\/www.esin.av.tr\/tr\/2022\/09\/08\/e-ihracat-destekleri-hakkinda-karar-yayimlandi\/#breadcrumb","itemListElement":[{"@type":"ListItem","position":1,"name":"Home","item":"https:\/\/www.esin.av.tr\/tr\/"},{"@type":"ListItem","position":2,"name":"E-ihracat Destekleri Hakk\u0131nda Karar Yay\u0131mland\u0131"}]},{"@type":"WebSite","@id":"https:\/\/www.esin.av.tr\/tr\/#website","url":"https:\/\/www.esin.av.tr\/tr\/","name":"Esin Avukatl\u0131k Ortakl\u0131\u011f\u0131","description":"","publisher":{"@id":"https:\/\/www.esin.av.tr\/tr\/#organization"},"potentialAction":[{"@type":"SearchAction","target":{"@type":"EntryPoint","urlTemplate":"https:\/\/www.esin.av.tr\/tr\/?s={search_term_string}"},"query-input":{"@type":"PropertyValueSpecification","valueRequired":true,"valueName":"search_term_string"}}],"inLanguage":"tr"},{"@type":"Organization","@id":"https:\/\/www.esin.av.tr\/tr\/#organization","name":"Esin Avukatl\u0131k Ortakl\u0131\u011f\u0131","url":"https:\/\/www.esin.av.tr\/tr\/","logo":{"@type":"ImageObject","inLanguage":"tr","@id":"https:\/\/www.esin.av.tr\/tr\/#\/schema\/logo\/image\/","url":"https:\/\/www.esin.av.tr\/wp-content\/uploads\/2021\/09\/esin-2.jpg","contentUrl":"https:\/\/www.esin.av.tr\/wp-content\/uploads\/2021\/09\/esin-2.jpg","width":800,"height":460,"caption":"Esin Avukatl\u0131k Ortakl\u0131\u011f\u0131"},"image":{"@id":"https:\/\/www.esin.av.tr\/tr\/#\/schema\/logo\/image\/"}},{"@type":"Person","@id":"https:\/\/www.esin.av.tr\/tr\/#\/schema\/person\/42c8e616aab56b8622fa365ad63282ae","name":"R\u0131dvan Konrat","image":{"@type":"ImageObject","inLanguage":"tr","@id":"https:\/\/www.esin.av.tr\/tr\/#\/schema\/person\/image\/","url":"https:\/\/secure.gravatar.com\/avatar\/b20c6c583be38ed4e76e32f69fccc676?s=96&d=mm&r=g","contentUrl":"https:\/\/secure.gravatar.com\/avatar\/b20c6c583be38ed4e76e32f69fccc676?s=96&d=mm&r=g","caption":"R\u0131dvan Konrat"},"sameAs":["http:\/\/www.esin.av.tr"],"url":"https:\/\/www.esin.av.tr\/tr\/author\/rkonrat\/"}]}},"_links":{"self":[{"href":"https:\/\/www.esin.av.tr\/tr\/wp-json\/wp\/v2\/posts\/23528","targetHints":{"allow":["GET"]}}],"collection":[{"href":"https:\/\/www.esin.av.tr\/tr\/wp-json\/wp\/v2\/posts"}],"about":[{"href":"https:\/\/www.esin.av.tr\/tr\/wp-json\/wp\/v2\/types\/post"}],"author":[{"embeddable":true,"href":"https:\/\/www.esin.av.tr\/tr\/wp-json\/wp\/v2\/users\/4"}],"replies":[{"embeddable":true,"href":"https:\/\/www.esin.av.tr\/tr\/wp-json\/wp\/v2\/comments?post=23528"}],"version-history":[{"count":1,"href":"https:\/\/www.esin.av.tr\/tr\/wp-json\/wp\/v2\/posts\/23528\/revisions"}],"predecessor-version":[{"id":23529,"href":"https:\/\/www.esin.av.tr\/tr\/wp-json\/wp\/v2\/posts\/23528\/revisions\/23529"}],"wp:attachment":[{"href":"https:\/\/www.esin.av.tr\/tr\/wp-json\/wp\/v2\/media?parent=23528"}],"wp:term":[{"taxonomy":"category","embeddable":true,"href":"https:\/\/www.esin.av.tr\/tr\/wp-json\/wp\/v2\/categories?post=23528"},{"taxonomy":"post_tag","embeddable":true,"href":"https:\/\/www.esin.av.tr\/tr\/wp-json\/wp\/v2\/tags?post=23528"}],"curies":[{"name":"wp","href":"https:\/\/api.w.org\/{rel}","templated":true}]}}