{"id":23465,"date":"2022-08-25T07:36:47","date_gmt":"2022-08-25T07:36:47","guid":{"rendered":"https:\/\/www.esin.av.tr\/?p=23465"},"modified":"2022-08-25T07:36:47","modified_gmt":"2022-08-25T07:36:47","slug":"tr-uzantili-alan-adlarinda-trabis-doneminin-baslangici-14-eylul-2022-tarihine-cekildi","status":"publish","type":"post","link":"https:\/\/www.esin.av.tr\/tr\/2022\/08\/25\/tr-uzantili-alan-adlarinda-trabis-doneminin-baslangici-14-eylul-2022-tarihine-cekildi\/","title":{"rendered":"&#8220;.tr&#8221; uzant\u0131l\u0131 alan adlar\u0131nda TRAB\u0130S d\u00f6neminin ba\u015flang\u0131c\u0131 14 Eyl\u00fcl 2022 tarihine \u00e7ekildi!"},"content":{"rendered":"<h2>Orta Do\u011fu Teknik \u00dcniversitesi (\u201c<strong>ODT\u00dc<\/strong>\u201d) ile Bilgi Teknolojileri ve \u0130leti\u015fim Kurumu (\u201c<strong>BTK<\/strong>\u201d) aras\u0131nda imzalanan 21 Aral\u0131k 2018 tarihli protokol uyar\u0131nca \u201c.tr\u201d uzant\u0131l\u0131 alan adlar\u0131n\u0131n y\u00f6netim ve tahsisine ili\u015fkin her t\u00fcrl\u00fc yetki Nic.tr\u2019den BTK\u2019ye devredilmi\u015ftir. Nic.tr taraf\u0131ndan, \u201c.tr\u201d uzant\u0131l\u0131 alan adlar\u0131 y\u00f6netiminin BTK\u2019ye devrinin 2022 itibariyle tamamlanaca\u011f\u0131 akabinde \u201c.tr\u201d A\u011f Bilgi Sistemi\u2019nin (\u201c<strong>TRAB\u0130S<\/strong>\u201d) faaliyete ge\u00e7irilece\u011fi yak\u0131n zamanda kullan\u0131c\u0131lara duyurulmu\u015f fakat TRAB\u0130S&#8217;in devreye girmesi i\u00e7in kesin bir tarih verilmemi\u015fti. TRAB\u0130S d\u00f6neminin beraberinde getirece\u011fi de\u011fi\u015fikliklere ve yeniliklere dair kaleme ald\u0131\u011f\u0131m\u0131z hukuk b\u00fcltenlerimize\u00a0<a href=\"https:\/\/urldefense.com\/v3\/__https:\/esinxchange.com\/collect\/click.aspx?u=ZjQzeWdBRkZQbW5ENDNBcExmU3VUQUVoR0FZZlB3ZUlQM2JlL1kzU2UzWnRuaUF2bisxZURPeFhHajVtWHJlRDNON25IL1BRVzB4VXRMdnYzdVJieHVoWDVOVUM4NmtrVXpzUThsZHNzdVZxWWJJUGxjbldQMDZQR3BwTG95R0NqZStIa21CU3l6SnhPSXdpNWJoRDAxWmFJRjdsaUlvY1hZUzFBeW9oODE4bTVIMFdKbWE2Q0VFL2UrTG1Qb1gw&amp;rh=ff009770066c48305814b2b95f428576a63ae8ee__;!!Hj9Y_P0nvg!Xn756xxZktyq2v2Ss9ahYVzaRQL-vd7EoHi9Rj1KSIkvl7JZvNxcN0W_vfnN4sHBeuLGe3pnBE8817edLyayY4MvGQ$\">buradan<\/a>\u00a0ula\u015fabilirsiniz.<\/h2>\n<h3><strong>Yeni geli\u015fme<\/strong><\/h3>\n<p>TRAB\u0130S\u2019in 29 Eyl\u00fcl 2022 tarihinde devreye al\u0131naca\u011f\u0131 BTK taraf\u0131ndan ge\u00e7ti\u011fimiz g\u00fcnlerde kullan\u0131c\u0131lara ve ilgililere duyurulmu\u015ftu. TRAB\u0130S\u2019in faaliyete ge\u00e7ece\u011fi tarihe ve kullan\u0131c\u0131lar\u0131n belgesiz olarak tahsis etmek istedikleri \u201ccom.tr\u201d, \u201corg.tr\u201d ve \u201cnet.tr\u201d uzant\u0131l\u0131 alan adlar\u0131 i\u00e7in \u00f6n sipari\u015f olu\u015fturmalar\u0131na imkan tan\u0131yan METUnic TRAB\u0130S \u00d6n Sipari\u015f (Backorder) Hizmeti\u2019ne (\u201c<strong>\u00d6n Sipari\u015f Hizmeti<\/strong>\u201d) ili\u015fkin detaylar\u0131 ele ald\u0131\u011f\u0131m\u0131z hukuk b\u00fcltenimize <a href=\"https:\/\/urldefense.com\/v3\/__https:\/esinxchange.com\/collect\/click.aspx?u=ZjQzeWdBRkZQbW5ENDNBcExmU3VUQUVoR0FZZlB3ZUlQM2JlL1kzU2UzWnRuaUF2bisxZURPeFhHajVtWHJlRHp5Z04rdnprbXRLK2UwVmhiWmRkS3Zqd1hVSnFuOEZjb29kQlB6Q3YvdVI5U2FSc0dNcmVYVzNMM3Btei9RbmozZFlaS0FIdlRoUDA4bUgrdmhhaUd6ZG1ZY0lsQXkxbW5BSFZuOTluVGM2b1prQmJ6VVVlR0RqS0pNVEc1dEZQbE9wRVdkTXM2dFR1a0pkNmtGcHZReHluT3VvUnpSa0VLSC92NEMxQTMwWEIxZmNIeC9Gbjg4d09LS1FwbCtoZWI2N1U1VGVUc2t6TFRDb2xRSlJxQzljdU1nbHNLVTBJNjltRFQ1WDZvdTY2c2hpZTBHRjA3S2c5Z3plQWMvYjNHUW1uSlk0eTQyNVpobkRob2F2VHd4SWc5QjBMRjBOSg==&amp;rh=ff009770066c48305814b2b95f428576a63ae8ee__;!!Hj9Y_P0nvg!Xn756xxZktyq2v2Ss9ahYVzaRQL-vd7EoHi9Rj1KSIkvl7JZvNxcN0W_vfnN4sHBeuLGe3pnBE8817edLybjYnADBQ$\">buradan<\/a> ula\u015fabilirsiniz.<\/p>\n<p>BTK\u2019n\u0131n 19 A\u011fustos 2022 tarihli son duyurusuyla, TRAB\u0130S\u2019in 14 Eyl\u00fcl 2022 tarihinde faaliyete ge\u00e7ece\u011fi a\u00e7\u0131klanm\u0131\u015f ve b\u00f6ylelikle \u201c.tr\u201d uzant\u0131l\u0131 alan adlar\u0131nda TRAB\u0130S d\u00f6neminin ba\u015flang\u0131c\u0131 daha erken bir tarihe \u00e7ekilmi\u015ftir.<\/p>\n<h3><strong>Sonu\u00e7<\/strong><\/h3>\n<p>TRAB\u0130S&#8217;in 14 Eyl\u00fcl 2022 tarihinde faaliyete ba\u015flayaca\u011f\u0131 BTK taraf\u0131ndan duyurulmu\u015ftur. TRAB\u0130S\u2019in faaliyete ge\u00e7i\u015fi ile birlikte, \u00f6nceki hukuk b\u00fcltenlerimizde detaylar\u0131n\u0131 payla\u015ft\u0131\u011f\u0131m\u0131z k\u00f6kl\u00fc de\u011fi\u015fiklik ve yenilikler de hayata ge\u00e7ecektir. TRAB\u0130S d\u00f6nemi ba\u015flayana dek i\u015fletilecek olan \u00d6n Sipari\u015f Hizmeti ise kullan\u0131c\u0131lar\u0131n alan ad\u0131 ba\u015fvurular\u0131nda meydana gelmesi beklenen yo\u011funluktan olumsuz y\u00f6nde etkilenmemelerini sa\u011flamak \u00fczere METUnic taraf\u0131ndan devreye al\u0131nm\u0131\u015ft\u0131r. BTK\u2019n\u0131n TRAB\u0130S d\u00f6neminin daha erken bir tarihte ba\u015flayaca\u011f\u0131n\u0131 duyurdu\u011fu son geli\u015fme uyar\u0131nca, \u00d6n Sipari\u015f Hizmeti\u2019nden faydalanmak isteyen kullan\u0131c\u0131lar\u0131n en k\u0131sa s\u00fcrede <a href=\"https:\/\/urldefense.com\/v3\/__https:\/esinxchange.com\/collect\/click.aspx?u=ZjQzeWdBRkZQbW5ENDNBcExmU3VUQUVoR0FZZlB3ZUlQM2JlL1kzU2UzWjV6alhYUFdyNnMzSTU5bE5OTVdPeHRsREovRWZSMTVXZEJ6bUM4ajhsa1RWck14cmZlSEZUS0MwM3VaZERPbCtrTzRyRmg0NVlSYndGK0N1UnFldWk=&amp;rh=ff009770066c48305814b2b95f428576a63ae8ee__;!!Hj9Y_P0nvg!Xn756xxZktyq2v2Ss9ahYVzaRQL-vd7EoHi9Rj1KSIkvl7JZvNxcN0W_vfnN4sHBeuLGe3pnBE8817edLya-Yj848Q$\">buradan<\/a> \u00f6n sipari\u015flerini olu\u015fturmalar\u0131 gerekmektedir.<\/p>\n","protected":false},"excerpt":{"rendered":"<p>Orta Do\u011fu Teknik \u00dcniversitesi (\u201cODT\u00dc\u201d) ile Bilgi Teknolojileri ve \u0130leti\u015fim Kurumu (\u201cBTK\u201d) aras\u0131nda imzalanan 21 Aral\u0131k 2018 tarihli protokol uyar\u0131nca [&hellip;]<\/p>\n","protected":false},"author":4,"featured_media":0,"comment_status":"closed","ping_status":"closed","sticky":false,"template":"","format":"standard","meta":{"_acf_changed":false,"_stopmodifiedupdate":false,"_modified_date":"","footnotes":""},"categories":[120],"tags":[91],"class_list":["post-23465","post","type-post","status-publish","format-standard","hentry","category-legal-alerts","tag-intellectual-property-tr"],"acf":[],"yoast_head":"<!-- This site is optimized with the Yoast SEO plugin v24.0 - https:\/\/yoast.com\/wordpress\/plugins\/seo\/ -->\n<title>&quot;.tr&quot; uzant\u0131l\u0131 alan adlar\u0131nda TRAB\u0130S d\u00f6neminin ba\u015flang\u0131c\u0131 14 Eyl\u00fcl 2022 tarihine \u00e7ekildi!<\/title>\n<meta name=\"description\" content=\"Orta Do\u011fu Teknik \u00dcniversitesi (\u201cODT\u00dc\u201d) ile Bilgi Teknolojileri ve \u0130leti\u015fim Kurumu (\u201cBTK\u201d) aras\u0131nda imzalanan 21 Aral\u0131k 2018 tarihli protokol uyar\u0131nca\" \/>\n<meta name=\"robots\" content=\"index, follow, max-snippet:-1, max-image-preview:large, max-video-preview:-1\" \/>\n<link rel=\"canonical\" href=\"https:\/\/www.esin.av.tr\/tr\/2022\/08\/25\/tr-uzantili-alan-adlarinda-trabis-doneminin-baslangici-14-eylul-2022-tarihine-cekildi\/\" \/>\n<meta property=\"og:locale\" content=\"tr_TR\" \/>\n<meta property=\"og:type\" content=\"article\" \/>\n<meta property=\"og:title\" content=\"&quot;.tr&quot; uzant\u0131l\u0131 alan adlar\u0131nda TRAB\u0130S d\u00f6neminin ba\u015flang\u0131c\u0131 14 Eyl\u00fcl 2022 tarihine \u00e7ekildi!\" \/>\n<meta property=\"og:description\" content=\"Orta Do\u011fu Teknik \u00dcniversitesi (\u201cODT\u00dc\u201d) ile Bilgi Teknolojileri ve \u0130leti\u015fim Kurumu (\u201cBTK\u201d) aras\u0131nda imzalanan 21 Aral\u0131k 2018 tarihli protokol uyar\u0131nca\" \/>\n<meta property=\"og:url\" content=\"https:\/\/www.esin.av.tr\/tr\/2022\/08\/25\/tr-uzantili-alan-adlarinda-trabis-doneminin-baslangici-14-eylul-2022-tarihine-cekildi\/\" \/>\n<meta property=\"og:site_name\" content=\"Esin Avukatl\u0131k Ortakl\u0131\u011f\u0131\" \/>\n<meta property=\"article:published_time\" content=\"2022-08-25T07:36:47+00:00\" \/>\n<meta name=\"author\" content=\"R\u0131dvan Konrat\" \/>\n<meta name=\"twitter:card\" content=\"summary_large_image\" \/>\n<meta name=\"twitter:label1\" content=\"Written by\" \/>\n\t<meta name=\"twitter:data1\" content=\"R\u0131dvan Konrat\" \/>\n\t<meta name=\"twitter:label2\" content=\"Est. reading time\" \/>\n\t<meta name=\"twitter:data2\" content=\"2 minutes\" \/>\n<script type=\"application\/ld+json\" class=\"yoast-schema-graph\">{\"@context\":\"https:\/\/schema.org\",\"@graph\":[{\"@type\":\"Article\",\"@id\":\"https:\/\/www.esin.av.tr\/tr\/2022\/08\/25\/tr-uzantili-alan-adlarinda-trabis-doneminin-baslangici-14-eylul-2022-tarihine-cekildi\/#article\",\"isPartOf\":{\"@id\":\"https:\/\/www.esin.av.tr\/tr\/2022\/08\/25\/tr-uzantili-alan-adlarinda-trabis-doneminin-baslangici-14-eylul-2022-tarihine-cekildi\/\"},\"author\":{\"name\":\"R\u0131dvan Konrat\",\"@id\":\"https:\/\/www.esin.av.tr\/tr\/#\/schema\/person\/42c8e616aab56b8622fa365ad63282ae\"},\"headline\":\"&#8220;.tr&#8221; uzant\u0131l\u0131 alan adlar\u0131nda TRAB\u0130S d\u00f6neminin ba\u015flang\u0131c\u0131 14 Eyl\u00fcl 2022 tarihine \u00e7ekildi!\",\"datePublished\":\"2022-08-25T07:36:47+00:00\",\"dateModified\":\"2022-08-25T07:36:47+00:00\",\"mainEntityOfPage\":{\"@id\":\"https:\/\/www.esin.av.tr\/tr\/2022\/08\/25\/tr-uzantili-alan-adlarinda-trabis-doneminin-baslangici-14-eylul-2022-tarihine-cekildi\/\"},\"wordCount\":398,\"publisher\":{\"@id\":\"https:\/\/www.esin.av.tr\/tr\/#organization\"},\"keywords\":[\"Fikri ve S\u0131nai M\u00fclkiyet\"],\"articleSection\":[\"Hukuk B\u00fcltenleri\"],\"inLanguage\":\"tr\"},{\"@type\":\"WebPage\",\"@id\":\"https:\/\/www.esin.av.tr\/tr\/2022\/08\/25\/tr-uzantili-alan-adlarinda-trabis-doneminin-baslangici-14-eylul-2022-tarihine-cekildi\/\",\"url\":\"https:\/\/www.esin.av.tr\/tr\/2022\/08\/25\/tr-uzantili-alan-adlarinda-trabis-doneminin-baslangici-14-eylul-2022-tarihine-cekildi\/\",\"name\":\"\\\".tr\\\" uzant\u0131l\u0131 alan adlar\u0131nda TRAB\u0130S d\u00f6neminin ba\u015flang\u0131c\u0131 14 Eyl\u00fcl 2022 tarihine \u00e7ekildi!\",\"isPartOf\":{\"@id\":\"https:\/\/www.esin.av.tr\/tr\/#website\"},\"datePublished\":\"2022-08-25T07:36:47+00:00\",\"dateModified\":\"2022-08-25T07:36:47+00:00\",\"description\":\"Orta Do\u011fu Teknik \u00dcniversitesi (\u201cODT\u00dc\u201d) ile Bilgi Teknolojileri ve \u0130leti\u015fim Kurumu (\u201cBTK\u201d) aras\u0131nda imzalanan 21 Aral\u0131k 2018 tarihli protokol uyar\u0131nca\",\"breadcrumb\":{\"@id\":\"https:\/\/www.esin.av.tr\/tr\/2022\/08\/25\/tr-uzantili-alan-adlarinda-trabis-doneminin-baslangici-14-eylul-2022-tarihine-cekildi\/#breadcrumb\"},\"inLanguage\":\"tr\",\"potentialAction\":[{\"@type\":\"ReadAction\",\"target\":[\"https:\/\/www.esin.av.tr\/tr\/2022\/08\/25\/tr-uzantili-alan-adlarinda-trabis-doneminin-baslangici-14-eylul-2022-tarihine-cekildi\/\"]}]},{\"@type\":\"BreadcrumbList\",\"@id\":\"https:\/\/www.esin.av.tr\/tr\/2022\/08\/25\/tr-uzantili-alan-adlarinda-trabis-doneminin-baslangici-14-eylul-2022-tarihine-cekildi\/#breadcrumb\",\"itemListElement\":[{\"@type\":\"ListItem\",\"position\":1,\"name\":\"Home\",\"item\":\"https:\/\/www.esin.av.tr\/tr\/\"},{\"@type\":\"ListItem\",\"position\":2,\"name\":\"&#8220;.tr&#8221; uzant\u0131l\u0131 alan adlar\u0131nda TRAB\u0130S d\u00f6neminin ba\u015flang\u0131c\u0131 14 Eyl\u00fcl 2022 tarihine \u00e7ekildi!\"}]},{\"@type\":\"WebSite\",\"@id\":\"https:\/\/www.esin.av.tr\/tr\/#website\",\"url\":\"https:\/\/www.esin.av.tr\/tr\/\",\"name\":\"Esin Avukatl\u0131k Ortakl\u0131\u011f\u0131\",\"description\":\"\",\"publisher\":{\"@id\":\"https:\/\/www.esin.av.tr\/tr\/#organization\"},\"potentialAction\":[{\"@type\":\"SearchAction\",\"target\":{\"@type\":\"EntryPoint\",\"urlTemplate\":\"https:\/\/www.esin.av.tr\/tr\/?s={search_term_string}\"},\"query-input\":{\"@type\":\"PropertyValueSpecification\",\"valueRequired\":true,\"valueName\":\"search_term_string\"}}],\"inLanguage\":\"tr\"},{\"@type\":\"Organization\",\"@id\":\"https:\/\/www.esin.av.tr\/tr\/#organization\",\"name\":\"Esin Avukatl\u0131k Ortakl\u0131\u011f\u0131\",\"url\":\"https:\/\/www.esin.av.tr\/tr\/\",\"logo\":{\"@type\":\"ImageObject\",\"inLanguage\":\"tr\",\"@id\":\"https:\/\/www.esin.av.tr\/tr\/#\/schema\/logo\/image\/\",\"url\":\"https:\/\/www.esin.av.tr\/wp-content\/uploads\/2021\/09\/esin-2.jpg\",\"contentUrl\":\"https:\/\/www.esin.av.tr\/wp-content\/uploads\/2021\/09\/esin-2.jpg\",\"width\":800,\"height\":460,\"caption\":\"Esin Avukatl\u0131k Ortakl\u0131\u011f\u0131\"},\"image\":{\"@id\":\"https:\/\/www.esin.av.tr\/tr\/#\/schema\/logo\/image\/\"}},{\"@type\":\"Person\",\"@id\":\"https:\/\/www.esin.av.tr\/tr\/#\/schema\/person\/42c8e616aab56b8622fa365ad63282ae\",\"name\":\"R\u0131dvan Konrat\",\"image\":{\"@type\":\"ImageObject\",\"inLanguage\":\"tr\",\"@id\":\"https:\/\/www.esin.av.tr\/tr\/#\/schema\/person\/image\/\",\"url\":\"https:\/\/secure.gravatar.com\/avatar\/b20c6c583be38ed4e76e32f69fccc676?s=96&d=mm&r=g\",\"contentUrl\":\"https:\/\/secure.gravatar.com\/avatar\/b20c6c583be38ed4e76e32f69fccc676?s=96&d=mm&r=g\",\"caption\":\"R\u0131dvan Konrat\"},\"sameAs\":[\"http:\/\/www.esin.av.tr\"],\"url\":\"https:\/\/www.esin.av.tr\/tr\/author\/rkonrat\/\"}]}<\/script>\n<!-- \/ Yoast SEO plugin. -->","yoast_head_json":{"title":"\".tr\" uzant\u0131l\u0131 alan adlar\u0131nda TRAB\u0130S d\u00f6neminin ba\u015flang\u0131c\u0131 14 Eyl\u00fcl 2022 tarihine \u00e7ekildi!","description":"Orta Do\u011fu Teknik \u00dcniversitesi (\u201cODT\u00dc\u201d) ile Bilgi Teknolojileri ve \u0130leti\u015fim Kurumu (\u201cBTK\u201d) aras\u0131nda imzalanan 21 Aral\u0131k 2018 tarihli protokol uyar\u0131nca","robots":{"index":"index","follow":"follow","max-snippet":"max-snippet:-1","max-image-preview":"max-image-preview:large","max-video-preview":"max-video-preview:-1"},"canonical":"https:\/\/www.esin.av.tr\/tr\/2022\/08\/25\/tr-uzantili-alan-adlarinda-trabis-doneminin-baslangici-14-eylul-2022-tarihine-cekildi\/","og_locale":"tr_TR","og_type":"article","og_title":"\".tr\" uzant\u0131l\u0131 alan adlar\u0131nda TRAB\u0130S d\u00f6neminin ba\u015flang\u0131c\u0131 14 Eyl\u00fcl 2022 tarihine \u00e7ekildi!","og_description":"Orta Do\u011fu Teknik \u00dcniversitesi (\u201cODT\u00dc\u201d) ile Bilgi Teknolojileri ve \u0130leti\u015fim Kurumu (\u201cBTK\u201d) aras\u0131nda imzalanan 21 Aral\u0131k 2018 tarihli protokol uyar\u0131nca","og_url":"https:\/\/www.esin.av.tr\/tr\/2022\/08\/25\/tr-uzantili-alan-adlarinda-trabis-doneminin-baslangici-14-eylul-2022-tarihine-cekildi\/","og_site_name":"Esin Avukatl\u0131k Ortakl\u0131\u011f\u0131","article_published_time":"2022-08-25T07:36:47+00:00","author":"R\u0131dvan Konrat","twitter_card":"summary_large_image","twitter_misc":{"Written by":"R\u0131dvan Konrat","Est. reading time":"2 minutes"},"schema":{"@context":"https:\/\/schema.org","@graph":[{"@type":"Article","@id":"https:\/\/www.esin.av.tr\/tr\/2022\/08\/25\/tr-uzantili-alan-adlarinda-trabis-doneminin-baslangici-14-eylul-2022-tarihine-cekildi\/#article","isPartOf":{"@id":"https:\/\/www.esin.av.tr\/tr\/2022\/08\/25\/tr-uzantili-alan-adlarinda-trabis-doneminin-baslangici-14-eylul-2022-tarihine-cekildi\/"},"author":{"name":"R\u0131dvan Konrat","@id":"https:\/\/www.esin.av.tr\/tr\/#\/schema\/person\/42c8e616aab56b8622fa365ad63282ae"},"headline":"&#8220;.tr&#8221; uzant\u0131l\u0131 alan adlar\u0131nda TRAB\u0130S d\u00f6neminin ba\u015flang\u0131c\u0131 14 Eyl\u00fcl 2022 tarihine \u00e7ekildi!","datePublished":"2022-08-25T07:36:47+00:00","dateModified":"2022-08-25T07:36:47+00:00","mainEntityOfPage":{"@id":"https:\/\/www.esin.av.tr\/tr\/2022\/08\/25\/tr-uzantili-alan-adlarinda-trabis-doneminin-baslangici-14-eylul-2022-tarihine-cekildi\/"},"wordCount":398,"publisher":{"@id":"https:\/\/www.esin.av.tr\/tr\/#organization"},"keywords":["Fikri ve S\u0131nai M\u00fclkiyet"],"articleSection":["Hukuk B\u00fcltenleri"],"inLanguage":"tr"},{"@type":"WebPage","@id":"https:\/\/www.esin.av.tr\/tr\/2022\/08\/25\/tr-uzantili-alan-adlarinda-trabis-doneminin-baslangici-14-eylul-2022-tarihine-cekildi\/","url":"https:\/\/www.esin.av.tr\/tr\/2022\/08\/25\/tr-uzantili-alan-adlarinda-trabis-doneminin-baslangici-14-eylul-2022-tarihine-cekildi\/","name":"\".tr\" uzant\u0131l\u0131 alan adlar\u0131nda TRAB\u0130S d\u00f6neminin ba\u015flang\u0131c\u0131 14 Eyl\u00fcl 2022 tarihine \u00e7ekildi!","isPartOf":{"@id":"https:\/\/www.esin.av.tr\/tr\/#website"},"datePublished":"2022-08-25T07:36:47+00:00","dateModified":"2022-08-25T07:36:47+00:00","description":"Orta Do\u011fu Teknik \u00dcniversitesi (\u201cODT\u00dc\u201d) ile Bilgi Teknolojileri ve \u0130leti\u015fim Kurumu (\u201cBTK\u201d) aras\u0131nda imzalanan 21 Aral\u0131k 2018 tarihli protokol uyar\u0131nca","breadcrumb":{"@id":"https:\/\/www.esin.av.tr\/tr\/2022\/08\/25\/tr-uzantili-alan-adlarinda-trabis-doneminin-baslangici-14-eylul-2022-tarihine-cekildi\/#breadcrumb"},"inLanguage":"tr","potentialAction":[{"@type":"ReadAction","target":["https:\/\/www.esin.av.tr\/tr\/2022\/08\/25\/tr-uzantili-alan-adlarinda-trabis-doneminin-baslangici-14-eylul-2022-tarihine-cekildi\/"]}]},{"@type":"BreadcrumbList","@id":"https:\/\/www.esin.av.tr\/tr\/2022\/08\/25\/tr-uzantili-alan-adlarinda-trabis-doneminin-baslangici-14-eylul-2022-tarihine-cekildi\/#breadcrumb","itemListElement":[{"@type":"ListItem","position":1,"name":"Home","item":"https:\/\/www.esin.av.tr\/tr\/"},{"@type":"ListItem","position":2,"name":"&#8220;.tr&#8221; uzant\u0131l\u0131 alan adlar\u0131nda TRAB\u0130S d\u00f6neminin ba\u015flang\u0131c\u0131 14 Eyl\u00fcl 2022 tarihine \u00e7ekildi!"}]},{"@type":"WebSite","@id":"https:\/\/www.esin.av.tr\/tr\/#website","url":"https:\/\/www.esin.av.tr\/tr\/","name":"Esin Avukatl\u0131k Ortakl\u0131\u011f\u0131","description":"","publisher":{"@id":"https:\/\/www.esin.av.tr\/tr\/#organization"},"potentialAction":[{"@type":"SearchAction","target":{"@type":"EntryPoint","urlTemplate":"https:\/\/www.esin.av.tr\/tr\/?s={search_term_string}"},"query-input":{"@type":"PropertyValueSpecification","valueRequired":true,"valueName":"search_term_string"}}],"inLanguage":"tr"},{"@type":"Organization","@id":"https:\/\/www.esin.av.tr\/tr\/#organization","name":"Esin Avukatl\u0131k Ortakl\u0131\u011f\u0131","url":"https:\/\/www.esin.av.tr\/tr\/","logo":{"@type":"ImageObject","inLanguage":"tr","@id":"https:\/\/www.esin.av.tr\/tr\/#\/schema\/logo\/image\/","url":"https:\/\/www.esin.av.tr\/wp-content\/uploads\/2021\/09\/esin-2.jpg","contentUrl":"https:\/\/www.esin.av.tr\/wp-content\/uploads\/2021\/09\/esin-2.jpg","width":800,"height":460,"caption":"Esin Avukatl\u0131k Ortakl\u0131\u011f\u0131"},"image":{"@id":"https:\/\/www.esin.av.tr\/tr\/#\/schema\/logo\/image\/"}},{"@type":"Person","@id":"https:\/\/www.esin.av.tr\/tr\/#\/schema\/person\/42c8e616aab56b8622fa365ad63282ae","name":"R\u0131dvan Konrat","image":{"@type":"ImageObject","inLanguage":"tr","@id":"https:\/\/www.esin.av.tr\/tr\/#\/schema\/person\/image\/","url":"https:\/\/secure.gravatar.com\/avatar\/b20c6c583be38ed4e76e32f69fccc676?s=96&d=mm&r=g","contentUrl":"https:\/\/secure.gravatar.com\/avatar\/b20c6c583be38ed4e76e32f69fccc676?s=96&d=mm&r=g","caption":"R\u0131dvan Konrat"},"sameAs":["http:\/\/www.esin.av.tr"],"url":"https:\/\/www.esin.av.tr\/tr\/author\/rkonrat\/"}]}},"_links":{"self":[{"href":"https:\/\/www.esin.av.tr\/tr\/wp-json\/wp\/v2\/posts\/23465","targetHints":{"allow":["GET"]}}],"collection":[{"href":"https:\/\/www.esin.av.tr\/tr\/wp-json\/wp\/v2\/posts"}],"about":[{"href":"https:\/\/www.esin.av.tr\/tr\/wp-json\/wp\/v2\/types\/post"}],"author":[{"embeddable":true,"href":"https:\/\/www.esin.av.tr\/tr\/wp-json\/wp\/v2\/users\/4"}],"replies":[{"embeddable":true,"href":"https:\/\/www.esin.av.tr\/tr\/wp-json\/wp\/v2\/comments?post=23465"}],"version-history":[{"count":1,"href":"https:\/\/www.esin.av.tr\/tr\/wp-json\/wp\/v2\/posts\/23465\/revisions"}],"predecessor-version":[{"id":23466,"href":"https:\/\/www.esin.av.tr\/tr\/wp-json\/wp\/v2\/posts\/23465\/revisions\/23466"}],"wp:attachment":[{"href":"https:\/\/www.esin.av.tr\/tr\/wp-json\/wp\/v2\/media?parent=23465"}],"wp:term":[{"taxonomy":"category","embeddable":true,"href":"https:\/\/www.esin.av.tr\/tr\/wp-json\/wp\/v2\/categories?post=23465"},{"taxonomy":"post_tag","embeddable":true,"href":"https:\/\/www.esin.av.tr\/tr\/wp-json\/wp\/v2\/tags?post=23465"}],"curies":[{"name":"wp","href":"https:\/\/api.w.org\/{rel}","templated":true}]}}