{"id":23216,"date":"2022-07-05T12:44:23","date_gmt":"2022-07-05T12:44:23","guid":{"rendered":"https:\/\/www.esin.av.tr\/?p=23216"},"modified":"2022-07-05T12:51:01","modified_gmt":"2022-07-05T12:51:01","slug":"yeniden-varlik-barisi","status":"publish","type":"post","link":"https:\/\/www.esin.av.tr\/tr\/2022\/07\/05\/yeniden-varlik-barisi\/","title":{"rendered":"Yeniden Varl\u0131k Bar\u0131\u015f\u0131"},"content":{"rendered":"<h2><strong>7256 Say\u0131l\u0131 Kanun ile ge\u00e7ti\u011fimiz y\u0131llarda bir varl\u0131k bar\u0131\u015f\u0131 uygulamas\u0131 getirilmi\u015f ve s\u00fcresinin uzat\u0131lmas\u0131yla birlikte m\u00fckelleflere 30 Haziran 2022&#8217;ye kadar varl\u0131k bar\u0131\u015f\u0131 uygulamas\u0131ndan yararlanma imkan\u0131 tan\u0131nm\u0131\u015ft\u0131. 7256 Say\u0131l\u0131 Kanun&#8217;da d\u00fczenlenen varl\u0131k bar\u0131\u015f\u0131 uygulamas\u0131n\u0131n y\u00fcr\u00fcrl\u00fckten kalkmas\u0131n\u0131n ard\u0131ndan, 1 Temmuz 2022&#8217;de TBMM&#8217;de onaylan\u0131p 5 Temmuz 2022 tarihli Resmi Gazete&#8217;de yay\u0131mlanan 7417 Say\u0131l\u0131 Kanun ile yeniden bir varl\u0131k bar\u0131\u015f\u0131 uygulamas\u0131 getirildi. Daha \u00f6nceki varl\u0131k bar\u0131\u015f\u0131 uygulamalar\u0131ndan birtak\u0131m \u00f6nemli farkl\u0131l\u0131klar i\u00e7eren yeni varl\u0131k bar\u0131\u015f\u0131 uygulamas\u0131na ili\u015fkin detaylar a\u015fa\u011f\u0131da yer al\u0131yor. <\/strong><\/h2>\n<h3><strong>Yeni Geli\u015fmeler<\/strong><\/h3>\n<p>05.07.2022 tarih ve 31887 say\u0131l\u0131 Resmi Gazete&#8217;de yay\u0131mlanan 7417 Say\u0131l\u0131 Devlet Memurlar\u0131 Kanunu ile Baz\u0131 Kanunlarda ve 375 Say\u0131l\u0131 Kanun H\u00fckm\u00fcnde Kararnamede De\u011fi\u015fiklik Yap\u0131lmas\u0131na Dair Kanun&#8217;un (&#8220;<strong>7417 Say\u0131l\u0131 Kanun<\/strong>&#8220;) 50. maddesi ile yeni bir varl\u0131k bar\u0131\u015f\u0131 uygulamas\u0131 getirildi.<\/p>\n<h3><strong>Yeni Varl\u0131k Bar\u0131\u015f\u0131 Neler Getiriyor?<\/strong><\/h3>\n<p><strong>i. Bildirime Konu Yurt D\u0131\u015f\u0131 Varl\u0131klar\u00a0<\/strong><\/p>\n<p>Ger\u00e7ek ve t\u00fczel ki\u015filer, yurt d\u0131\u015f\u0131nda bulunan para, alt\u0131n, d\u00f6viz, menkul k\u0131ymet ve di\u011fer sermaye piyasas\u0131 ara\u00e7lar\u0131n\u0131 <strong><u>31 Mart 2023&#8217;e kadar<\/u><\/strong> banka veya arac\u0131 kurumlara bildirebilecekler.<\/p>\n<p>Bu varl\u0131klar yurt d\u0131\u015f\u0131ndaki banka veya finansal kurumlardan kullan\u0131lan ve 7417 Say\u0131l\u0131 Kanun&#8217;un y\u00fcr\u00fcrl\u00fck tarihi itibariyle (5 Temmuz 2022) kanuni defterlerde yer alan kredilerin 31 Mart 2023&#8217;e kadar kapat\u0131lmas\u0131nda kullan\u0131labilecek. Borcun \u00f6denmesinde kullan\u0131lan varl\u0131klar, defter kay\u0131tlar\u0131ndan d\u00fc\u015f\u00fclecek ve T\u00fcrkiye&#8217;ye getirilme \u015fart\u0131 olmaks\u0131z\u0131n varl\u0131k bar\u0131\u015f\u0131ndan yararlanabilecek.<\/p>\n<p>Banka ve arac\u0131 kurumlar, bildirilen varl\u0131klar\u0131n de\u011feri \u00fczerinden<\/p>\n<ul>\n<li>30 Eyl\u00fcl 2022&#8217;ye kadarki bildirimlerde <strong><u>%1<\/u><\/strong>,<\/li>\n<li>1 Ekim ile 31 Aral\u0131k 2022 (bu tarih dahil) aras\u0131ndaki bildirimlerde <strong><u>%2<\/u><\/strong>,<\/li>\n<li>31 Mart 2023&#8217;e (bu tarih dahil) kadarki bildirimlerde <strong><u>%3<\/u><\/strong><\/li>\n<\/ul>\n<p>oran\u0131nda pe\u015fin olarak vergi tahsil edecek ve tahsil ettikleri vergileri bildirimi izleyen ay\u0131n on be\u015finci g\u00fcn\u00fc ak\u015fam\u0131na kadar vergi dairesine sorumlu s\u0131fat\u0131yla beyan edip ayn\u0131 s\u00fcrede \u00f6deyecekler.<\/p>\n<p>Bildirilen varl\u0131klar\u0131n T\u00fcrkiye&#8217;deki banka ya da arac\u0131 kurumlarda a\u00e7\u0131lan hesaplara transfer edildi\u011fi ya da yurt d\u0131\u015f\u0131ndan getirilip bu hesaplara yat\u0131r\u0131ld\u0131\u011f\u0131 tarihten itibaren en az bir y\u0131l s\u00fcreyle bu hesaplarda tutulmas\u0131 durumunda vergi oran\u0131 <strong><u>%0<\/u><\/strong> olarak uygulanacak. Bildirimde bulunan ki\u015filer bu durumda vergi dairesine ba\u015fvurarak banka veya arac\u0131 kurumlar\u0131n sorumlu s\u0131fat\u0131yla beyan edip \u00f6dedi\u011fi vergiyi iade alacaklar.<\/p>\n<p><strong>ii.\u00a0Beyana Konu Yurt \u0130\u00e7i Varl\u0131klar <\/strong><\/p>\n<p>Gelir ve kurumlar vergisi m\u00fckellefleri, T\u00fcrkiye&#8217;de bulunup kanuni defterlerinde kay\u0131tl\u0131 olmayan para, alt\u0131n, d\u00f6viz, menkul k\u0131ymet, di\u011fer sermaye piyasas\u0131 ara\u00e7lar\u0131n\u0131 ve ta\u015f\u0131nmazlar\u0131n\u0131 <strong><u>31 Mart 2023&#8217;e kadar<\/u><\/strong> vergi dairelerine beyan edecekler.<\/p>\n<p>Beyan edilen varl\u0131klar\u0131n de\u011feri \u00fczerinden beyan tarihinden ba\u011f\u0131ms\u0131z olarak <strong><u>%3<\/u><\/strong> oran\u0131nda vergi tarh edilecek ve bu vergi, tarhiyat\u0131 izleyen ay\u0131n sonuna kadar \u00f6denecek. Ayr\u0131ca varl\u0131k bar\u0131\u015f\u0131 kapsam\u0131nda beyan edilip i\u015fletme kay\u0131tlar\u0131na al\u0131nan ta\u015f\u0131nmazlar\u0131n i\u015fletmeye devrine ili\u015fkin i\u015flemlerden tapu harc\u0131 al\u0131nmayacak ve bu ta\u015f\u0131nmazlar\u0131n devri Gelir Vergisi Kanunu&#8217;nun 80. maddesine g\u00f6re elden \u00e7\u0131karma say\u0131lmayacak.<\/p>\n<p><strong>iii.\u00a0Sermaye Avanslar\u0131<\/strong><\/p>\n<p>Varl\u0131k bar\u0131\u015f\u0131n\u0131n y\u00fcr\u00fcrl\u00fc\u011fe girdi\u011fi tarihte (5 Temmuz 2022) kanuni defterlerde kay\u0131tl\u0131 olan sermaye avanslar\u0131, yurt d\u0131\u015f\u0131nda bulunan para, alt\u0131n, d\u00f6viz, menkul k\u0131ymet ve di\u011fer sermaye piyasas\u0131 ara\u00e7lar\u0131 ayn\u0131 tarihten \u00f6nce T\u00fcrkiye&#8217;ye getirilerek kar\u015f\u0131lanm\u0131\u015f ise s\u00f6z konusu sermaye avanslar\u0131 i\u00e7in de varl\u0131k bar\u0131\u015f\u0131 h\u00fck\u00fcmlerinden yararlan\u0131labilecek. Belirtilen sermaye avanslar\u0131n\u0131n <strong><u>31 Mart 2023&#8217;e kadar<\/u><\/strong> defter kay\u0131tlar\u0131ndan d\u00fc\u015f\u00fclmesi gerekiyor.<\/p>\n<p><strong>iv.\u00a0Bildirime ve Beyana Konu Varl\u0131klara \u0130li\u015fkin Olarak Dikkat Edilmesi Gerekenler<\/strong><\/p>\n<p>Bildirim\/beyana konu varl\u0131klar\u0131n kanuni defterlere kaydedilmesi ve vergilendirilmesine ili\u015fkin olarak:<\/p>\n<ul>\n<li>Bilan\u00e7o esas\u0131na g\u00f6re defter tutanlar, bildirilen veya beyan edilen varl\u0131klar\u0131 bildirim veya beyan tarihi itibariyle kanuni defterlerinde a\u00e7\u0131lacak olan pasifte \u00f6zel bir fon hesab\u0131na kaydedecek. A\u00e7\u0131lan fon hesab\u0131nda yer alan tutar, bildirim\/beyan tarihi itibariyle iki y\u0131l s\u00fcreyle \u00e7ekilemeyecek, sermayeye ilave d\u0131\u015f\u0131nda bir ama\u00e7 i\u00e7in kullan\u0131lamayacak ve tasfiye halinde vergilendirilmeyecek.<\/li>\n<li>Serbest meslek kazan\u00e7 defteri veya i\u015fletme hesab\u0131na g\u00f6re defter tutanlar ise kay\u0131tlar\u0131nda \u00f6zel olarak g\u00f6stermek \u00fczere ilgili varl\u0131klar\u0131 bildirim\/beyan tarihi itibariyle kanuni defterlerine kaydedecek.<\/li>\n<li>Bildirime\/beyana konu varl\u0131klar d\u00f6nem kazanc\u0131n\u0131n tespitinde dikkate al\u0131nmayacak ve bildirim\/beyan tarihinden itibaren iki y\u0131l ge\u00e7tikten sonra vergiye tabi kazanc\u0131n veya da\u011f\u0131t\u0131labilir kazanc\u0131n tespitinde dikkate al\u0131nmaks\u0131z\u0131n i\u015fletmeden \u00e7ekilebilecek.<\/li>\n<li>Gelir veya kurumlar vergisi m\u00fckellefiyeti bulunmayanlar da, yaln\u0131zca beyanda bulunarak ve beyana konu ettikleri varl\u0131klar i\u00e7in ba\u015fkaca hi\u00e7bir \u015fart aranmaks\u0131z\u0131n varl\u0131k bar\u0131\u015f\u0131yla sa\u011flanan imkanlardan yararlanabilecek. Ancak bu ki\u015filerin ta\u015f\u0131nmaz d\u0131\u015f\u0131ndaki varl\u0131klar\u0131n\u0131 en ge\u00e7 beyan tarihi itibariyle banka veya arac\u0131 kurumlara yat\u0131rarak tevsik etmesi gerekiyor.<\/li>\n<\/ul>\n<p>Ayr\u0131ca:<\/p>\n<ul>\n<li>\u00d6denen vergiler gider yaz\u0131lamayacak veya ba\u015fka bir vergiden mahsup edilemeyecek.<\/li>\n<li>Bildirime\/beyana konu varl\u0131klar i\u00e7in 213 Say\u0131l\u0131 Vergi Usul Kanunu&#8217;nun amortismana ili\u015fkin h\u00fck\u00fcmleri uygulanmayacak.<\/li>\n<li>Varl\u0131klar\u0131n elden \u00e7\u0131kar\u0131lmas\u0131ndan do\u011fan zarar, gelir veya kurumlar vergisi bak\u0131m\u0131ndan gider veya indirim olarak kabul edilmeyecek.<\/li>\n<li>Bildirim\/beyan s\u00fcresinden sonras\u0131nda bildirim\/beyanlara ili\u015fkin d\u00fczeltme yap\u0131lamayacak.<\/li>\n<\/ul>\n<p><strong>v. Bildirime\/Beyana Konu Varl\u0131klara \u0130li\u015fkin Vergi \u0130ncelemesi veya Takdir Komisyonu Kararlar\u0131na Y\u00f6nelik H\u00fck\u00fcmler<\/strong><\/p>\n<ul>\n<li>Bildirilen\/beyan edilen varl\u0131klara isabet tutar i\u00e7in vergi incelemesi ve tarhiyat\u0131 yap\u0131lamyacak. Ba\u015fka bir sebeple ba\u015flayan bir vergi incelemesi neticesinde veya takdir komisyonu karar\u0131nda, beyan edilen veya bildirilen varl\u0131klar nedeniyle bir matrah fark\u0131 tespit edilirse ilgili varl\u0131klar\u0131n tutar\u0131, (i) matrah fark\u0131na e\u015fit veya matrah fark\u0131nda fazlaysa herhangi bir tarhiyat yap\u0131lmazken, (ii) matrah fark\u0131ndan az ise yaln\u0131zca aradaki fark i\u00e7in tarhiyat yap\u0131lacak.<\/li>\n<li>Vergi incelemesi ya da takdir komisyonu karar\u0131nda, bildirilen veya beyan edilen varl\u0131klar d\u0131\u015f\u0131nda bir sebeple matrah fark\u0131 bulunmu\u015f ise bildirilen\/beyan edilen tutarlar, bulunan matrah fark\u0131ndan mahsup edilmeksizin tarhiyat yap\u0131lacak. Bu durumda matrah fark\u0131n\u0131n sebepleri amortisman oran\u0131 ya da usullerinin hatal\u0131 uygulanmas\u0131, vergiye tabi kazanc\u0131n hesab\u0131nda giderlerde hata bulunmas\u0131 vb. olabilir.<\/li>\n<li>Vergi incelemesine ili\u015fkin h\u00fck\u00fcmlerin uygulanmas\u0131 i\u00e7in (i) yurt d\u0131\u015f\u0131ndaki varl\u0131klar\u0131n bildirimden itibaren \u00fc\u00e7 ay i\u00e7inde ilgili varl\u0131klar\u0131n T\u00fcrkiye&#8217;ye getirilmesi ya da T\u00fcrkiye&#8217;deki banka veya arac\u0131 kurumlarda a\u00e7\u0131lacak bir hesaba transfer edilmesi gerekirken, (ii) beyan edilen yurt i\u00e7i varl\u0131klara ili\u015fkin vergilerin s\u00fcresinde \u00f6denmesi gerekecek. Ayr\u0131ca bildirimin veya beyan\u0131n vergi incelemesi ba\u015flamadan ya da takdir komisyonuna sevk ger\u00e7ekle\u015fmeden \u00f6nce yap\u0131lmas\u0131 gerekecek.<\/li>\n<li>Tahakkuk eden vergilerin \u00f6denmemesi halinde vergi asl\u0131 gecikme zamm\u0131 ile takip ve tahsil edilecek; tahsil edilen vergiler ise ret ve iadeye konu edilemeyecek.<\/li>\n<\/ul>\n<h3><strong>Sonu\u00e7<\/strong><\/h3>\n<p>5 Temmuz 2022 tarihli Resmi Gazete&#8217;de yay\u0131mlanarak y\u00fcr\u00fcrl\u00fc\u011fe giren 7417 Say\u0131l\u0131 Kanun&#8217;la \u00f6ng\u00f6r\u00fclen yeni varl\u0131k bar\u0131\u015f\u0131 uygulamas\u0131 temelde \u00f6nceki varl\u0131k bar\u0131\u015f\u0131 d\u00fczenlemelerine benzemekle birlikte, yurt d\u0131\u015f\u0131nda bulunan varl\u0131klar i\u00e7in beyan tarihi ve banka hesaplar\u0131nda kalma s\u00fcresine ba\u011fl\u0131 olarak kademeli vergi oranlar\u0131 \u00f6ng\u00f6r\u00fclmesi, bildirilen\/beyan edilen varl\u0131klara ili\u015fkin olarak fon hesab\u0131na kaydedilecek tutar\u0131n iki y\u0131l s\u00fcreyle i\u015fletmeden \u00e7ekilememesi, m\u00fckellef olmayanlar\u0131n da yurt i\u00e7i varl\u0131k bar\u0131\u015f\u0131ndan yararlanabilmeleri, ta\u015f\u0131nmaz varl\u0131klar\u0131n beyan\u0131nda tapu harc\u0131 al\u0131nmamas\u0131 gibi \u00f6nemli farkl\u0131l\u0131klar s\u00f6z konusu. Di\u011fer varl\u0131k bar\u0131\u015f\u0131 uygulamalar\u0131nda oldu\u011fu gibi, konuya ili\u015fkin olarak Hazine ve Maliye Bakanl\u0131\u011f\u0131 taraf\u0131ndan uygulaman\u0131n ayr\u0131nt\u0131lar\u0131 ve \u00f6rnekleri i\u00e7eren bir tebli\u011f yay\u0131mlanmas\u0131n\u0131 bekliyoruz.<\/p>\n","protected":false},"excerpt":{"rendered":"<p>7256 Say\u0131l\u0131 Kanun ile ge\u00e7ti\u011fimiz y\u0131llarda bir varl\u0131k bar\u0131\u015f\u0131 uygulamas\u0131 getirilmi\u015f ve s\u00fcresinin uzat\u0131lmas\u0131yla birlikte m\u00fckelleflere 30 Haziran 2022&#8217;ye kadar [&hellip;]<\/p>\n","protected":false},"author":4,"featured_media":0,"comment_status":"closed","ping_status":"closed","sticky":false,"template":"","format":"standard","meta":{"_acf_changed":false,"_stopmodifiedupdate":false,"_modified_date":"","footnotes":""},"categories":[120],"tags":[95],"class_list":["post-23216","post","type-post","status-publish","format-standard","hentry","category-legal-alerts","tag-tax-tr"],"acf":[],"yoast_head":"<!-- This site is optimized with the Yoast SEO plugin v24.0 - https:\/\/yoast.com\/wordpress\/plugins\/seo\/ -->\n<title>Yeniden Varl\u0131k Bar\u0131\u015f\u0131<\/title>\n<meta name=\"description\" content=\"7256 Say\u0131l\u0131 Kanun ile ge\u00e7ti\u011fimiz y\u0131llarda bir varl\u0131k bar\u0131\u015f\u0131 uygulamas\u0131 getirilmi\u015f ve s\u00fcresinin uzat\u0131lmas\u0131yla birlikte m\u00fckelleflere 30 Haziran 2022&#039;ye\" \/>\n<meta name=\"robots\" content=\"index, follow, max-snippet:-1, max-image-preview:large, max-video-preview:-1\" \/>\n<link rel=\"canonical\" href=\"https:\/\/www.esin.av.tr\/tr\/2022\/07\/05\/yeniden-varlik-barisi\/\" \/>\n<meta property=\"og:locale\" content=\"tr_TR\" \/>\n<meta property=\"og:type\" content=\"article\" \/>\n<meta property=\"og:title\" content=\"Yeniden Varl\u0131k Bar\u0131\u015f\u0131\" \/>\n<meta property=\"og:description\" content=\"7256 Say\u0131l\u0131 Kanun ile ge\u00e7ti\u011fimiz y\u0131llarda bir varl\u0131k bar\u0131\u015f\u0131 uygulamas\u0131 getirilmi\u015f ve s\u00fcresinin uzat\u0131lmas\u0131yla birlikte m\u00fckelleflere 30 Haziran 2022&#039;ye\" \/>\n<meta property=\"og:url\" content=\"https:\/\/www.esin.av.tr\/tr\/2022\/07\/05\/yeniden-varlik-barisi\/\" \/>\n<meta property=\"og:site_name\" content=\"Esin Avukatl\u0131k Ortakl\u0131\u011f\u0131\" \/>\n<meta property=\"article:published_time\" content=\"2022-07-05T12:44:23+00:00\" \/>\n<meta property=\"article:modified_time\" content=\"2022-07-05T12:51:01+00:00\" \/>\n<meta name=\"author\" content=\"R\u0131dvan Konrat\" \/>\n<meta name=\"twitter:card\" content=\"summary_large_image\" \/>\n<meta name=\"twitter:label1\" content=\"Written by\" \/>\n\t<meta name=\"twitter:data1\" content=\"R\u0131dvan Konrat\" \/>\n\t<meta name=\"twitter:label2\" content=\"Est. reading time\" \/>\n\t<meta name=\"twitter:data2\" content=\"5 minutes\" \/>\n<script type=\"application\/ld+json\" class=\"yoast-schema-graph\">{\"@context\":\"https:\/\/schema.org\",\"@graph\":[{\"@type\":\"Article\",\"@id\":\"https:\/\/www.esin.av.tr\/tr\/2022\/07\/05\/yeniden-varlik-barisi\/#article\",\"isPartOf\":{\"@id\":\"https:\/\/www.esin.av.tr\/tr\/2022\/07\/05\/yeniden-varlik-barisi\/\"},\"author\":{\"name\":\"R\u0131dvan Konrat\",\"@id\":\"https:\/\/www.esin.av.tr\/tr\/#\/schema\/person\/42c8e616aab56b8622fa365ad63282ae\"},\"headline\":\"Yeniden Varl\u0131k Bar\u0131\u015f\u0131\",\"datePublished\":\"2022-07-05T12:44:23+00:00\",\"dateModified\":\"2022-07-05T12:51:01+00:00\",\"mainEntityOfPage\":{\"@id\":\"https:\/\/www.esin.av.tr\/tr\/2022\/07\/05\/yeniden-varlik-barisi\/\"},\"wordCount\":1336,\"publisher\":{\"@id\":\"https:\/\/www.esin.av.tr\/tr\/#organization\"},\"keywords\":[\"Vergi\"],\"articleSection\":[\"Hukuk B\u00fcltenleri\"],\"inLanguage\":\"tr\"},{\"@type\":\"WebPage\",\"@id\":\"https:\/\/www.esin.av.tr\/tr\/2022\/07\/05\/yeniden-varlik-barisi\/\",\"url\":\"https:\/\/www.esin.av.tr\/tr\/2022\/07\/05\/yeniden-varlik-barisi\/\",\"name\":\"Yeniden Varl\u0131k Bar\u0131\u015f\u0131\",\"isPartOf\":{\"@id\":\"https:\/\/www.esin.av.tr\/tr\/#website\"},\"datePublished\":\"2022-07-05T12:44:23+00:00\",\"dateModified\":\"2022-07-05T12:51:01+00:00\",\"description\":\"7256 Say\u0131l\u0131 Kanun ile ge\u00e7ti\u011fimiz y\u0131llarda bir varl\u0131k bar\u0131\u015f\u0131 uygulamas\u0131 getirilmi\u015f ve s\u00fcresinin uzat\u0131lmas\u0131yla birlikte m\u00fckelleflere 30 Haziran 2022'ye\",\"breadcrumb\":{\"@id\":\"https:\/\/www.esin.av.tr\/tr\/2022\/07\/05\/yeniden-varlik-barisi\/#breadcrumb\"},\"inLanguage\":\"tr\",\"potentialAction\":[{\"@type\":\"ReadAction\",\"target\":[\"https:\/\/www.esin.av.tr\/tr\/2022\/07\/05\/yeniden-varlik-barisi\/\"]}]},{\"@type\":\"BreadcrumbList\",\"@id\":\"https:\/\/www.esin.av.tr\/tr\/2022\/07\/05\/yeniden-varlik-barisi\/#breadcrumb\",\"itemListElement\":[{\"@type\":\"ListItem\",\"position\":1,\"name\":\"Home\",\"item\":\"https:\/\/www.esin.av.tr\/tr\/\"},{\"@type\":\"ListItem\",\"position\":2,\"name\":\"Yeniden Varl\u0131k Bar\u0131\u015f\u0131\"}]},{\"@type\":\"WebSite\",\"@id\":\"https:\/\/www.esin.av.tr\/tr\/#website\",\"url\":\"https:\/\/www.esin.av.tr\/tr\/\",\"name\":\"Esin Avukatl\u0131k Ortakl\u0131\u011f\u0131\",\"description\":\"\",\"publisher\":{\"@id\":\"https:\/\/www.esin.av.tr\/tr\/#organization\"},\"potentialAction\":[{\"@type\":\"SearchAction\",\"target\":{\"@type\":\"EntryPoint\",\"urlTemplate\":\"https:\/\/www.esin.av.tr\/tr\/?s={search_term_string}\"},\"query-input\":{\"@type\":\"PropertyValueSpecification\",\"valueRequired\":true,\"valueName\":\"search_term_string\"}}],\"inLanguage\":\"tr\"},{\"@type\":\"Organization\",\"@id\":\"https:\/\/www.esin.av.tr\/tr\/#organization\",\"name\":\"Esin Avukatl\u0131k Ortakl\u0131\u011f\u0131\",\"url\":\"https:\/\/www.esin.av.tr\/tr\/\",\"logo\":{\"@type\":\"ImageObject\",\"inLanguage\":\"tr\",\"@id\":\"https:\/\/www.esin.av.tr\/tr\/#\/schema\/logo\/image\/\",\"url\":\"https:\/\/www.esin.av.tr\/wp-content\/uploads\/2021\/09\/esin-2.jpg\",\"contentUrl\":\"https:\/\/www.esin.av.tr\/wp-content\/uploads\/2021\/09\/esin-2.jpg\",\"width\":800,\"height\":460,\"caption\":\"Esin Avukatl\u0131k Ortakl\u0131\u011f\u0131\"},\"image\":{\"@id\":\"https:\/\/www.esin.av.tr\/tr\/#\/schema\/logo\/image\/\"}},{\"@type\":\"Person\",\"@id\":\"https:\/\/www.esin.av.tr\/tr\/#\/schema\/person\/42c8e616aab56b8622fa365ad63282ae\",\"name\":\"R\u0131dvan Konrat\",\"image\":{\"@type\":\"ImageObject\",\"inLanguage\":\"tr\",\"@id\":\"https:\/\/www.esin.av.tr\/tr\/#\/schema\/person\/image\/\",\"url\":\"https:\/\/secure.gravatar.com\/avatar\/b20c6c583be38ed4e76e32f69fccc676?s=96&d=mm&r=g\",\"contentUrl\":\"https:\/\/secure.gravatar.com\/avatar\/b20c6c583be38ed4e76e32f69fccc676?s=96&d=mm&r=g\",\"caption\":\"R\u0131dvan Konrat\"},\"sameAs\":[\"http:\/\/www.esin.av.tr\"],\"url\":\"https:\/\/www.esin.av.tr\/tr\/author\/rkonrat\/\"}]}<\/script>\n<!-- \/ Yoast SEO plugin. -->","yoast_head_json":{"title":"Yeniden Varl\u0131k Bar\u0131\u015f\u0131","description":"7256 Say\u0131l\u0131 Kanun ile ge\u00e7ti\u011fimiz y\u0131llarda bir varl\u0131k bar\u0131\u015f\u0131 uygulamas\u0131 getirilmi\u015f ve s\u00fcresinin uzat\u0131lmas\u0131yla birlikte m\u00fckelleflere 30 Haziran 2022'ye","robots":{"index":"index","follow":"follow","max-snippet":"max-snippet:-1","max-image-preview":"max-image-preview:large","max-video-preview":"max-video-preview:-1"},"canonical":"https:\/\/www.esin.av.tr\/tr\/2022\/07\/05\/yeniden-varlik-barisi\/","og_locale":"tr_TR","og_type":"article","og_title":"Yeniden Varl\u0131k Bar\u0131\u015f\u0131","og_description":"7256 Say\u0131l\u0131 Kanun ile ge\u00e7ti\u011fimiz y\u0131llarda bir varl\u0131k bar\u0131\u015f\u0131 uygulamas\u0131 getirilmi\u015f ve s\u00fcresinin uzat\u0131lmas\u0131yla birlikte m\u00fckelleflere 30 Haziran 2022'ye","og_url":"https:\/\/www.esin.av.tr\/tr\/2022\/07\/05\/yeniden-varlik-barisi\/","og_site_name":"Esin Avukatl\u0131k Ortakl\u0131\u011f\u0131","article_published_time":"2022-07-05T12:44:23+00:00","article_modified_time":"2022-07-05T12:51:01+00:00","author":"R\u0131dvan Konrat","twitter_card":"summary_large_image","twitter_misc":{"Written by":"R\u0131dvan Konrat","Est. reading time":"5 minutes"},"schema":{"@context":"https:\/\/schema.org","@graph":[{"@type":"Article","@id":"https:\/\/www.esin.av.tr\/tr\/2022\/07\/05\/yeniden-varlik-barisi\/#article","isPartOf":{"@id":"https:\/\/www.esin.av.tr\/tr\/2022\/07\/05\/yeniden-varlik-barisi\/"},"author":{"name":"R\u0131dvan Konrat","@id":"https:\/\/www.esin.av.tr\/tr\/#\/schema\/person\/42c8e616aab56b8622fa365ad63282ae"},"headline":"Yeniden Varl\u0131k Bar\u0131\u015f\u0131","datePublished":"2022-07-05T12:44:23+00:00","dateModified":"2022-07-05T12:51:01+00:00","mainEntityOfPage":{"@id":"https:\/\/www.esin.av.tr\/tr\/2022\/07\/05\/yeniden-varlik-barisi\/"},"wordCount":1336,"publisher":{"@id":"https:\/\/www.esin.av.tr\/tr\/#organization"},"keywords":["Vergi"],"articleSection":["Hukuk B\u00fcltenleri"],"inLanguage":"tr"},{"@type":"WebPage","@id":"https:\/\/www.esin.av.tr\/tr\/2022\/07\/05\/yeniden-varlik-barisi\/","url":"https:\/\/www.esin.av.tr\/tr\/2022\/07\/05\/yeniden-varlik-barisi\/","name":"Yeniden Varl\u0131k Bar\u0131\u015f\u0131","isPartOf":{"@id":"https:\/\/www.esin.av.tr\/tr\/#website"},"datePublished":"2022-07-05T12:44:23+00:00","dateModified":"2022-07-05T12:51:01+00:00","description":"7256 Say\u0131l\u0131 Kanun ile ge\u00e7ti\u011fimiz y\u0131llarda bir varl\u0131k bar\u0131\u015f\u0131 uygulamas\u0131 getirilmi\u015f ve s\u00fcresinin uzat\u0131lmas\u0131yla birlikte m\u00fckelleflere 30 Haziran 2022'ye","breadcrumb":{"@id":"https:\/\/www.esin.av.tr\/tr\/2022\/07\/05\/yeniden-varlik-barisi\/#breadcrumb"},"inLanguage":"tr","potentialAction":[{"@type":"ReadAction","target":["https:\/\/www.esin.av.tr\/tr\/2022\/07\/05\/yeniden-varlik-barisi\/"]}]},{"@type":"BreadcrumbList","@id":"https:\/\/www.esin.av.tr\/tr\/2022\/07\/05\/yeniden-varlik-barisi\/#breadcrumb","itemListElement":[{"@type":"ListItem","position":1,"name":"Home","item":"https:\/\/www.esin.av.tr\/tr\/"},{"@type":"ListItem","position":2,"name":"Yeniden Varl\u0131k Bar\u0131\u015f\u0131"}]},{"@type":"WebSite","@id":"https:\/\/www.esin.av.tr\/tr\/#website","url":"https:\/\/www.esin.av.tr\/tr\/","name":"Esin Avukatl\u0131k Ortakl\u0131\u011f\u0131","description":"","publisher":{"@id":"https:\/\/www.esin.av.tr\/tr\/#organization"},"potentialAction":[{"@type":"SearchAction","target":{"@type":"EntryPoint","urlTemplate":"https:\/\/www.esin.av.tr\/tr\/?s={search_term_string}"},"query-input":{"@type":"PropertyValueSpecification","valueRequired":true,"valueName":"search_term_string"}}],"inLanguage":"tr"},{"@type":"Organization","@id":"https:\/\/www.esin.av.tr\/tr\/#organization","name":"Esin Avukatl\u0131k Ortakl\u0131\u011f\u0131","url":"https:\/\/www.esin.av.tr\/tr\/","logo":{"@type":"ImageObject","inLanguage":"tr","@id":"https:\/\/www.esin.av.tr\/tr\/#\/schema\/logo\/image\/","url":"https:\/\/www.esin.av.tr\/wp-content\/uploads\/2021\/09\/esin-2.jpg","contentUrl":"https:\/\/www.esin.av.tr\/wp-content\/uploads\/2021\/09\/esin-2.jpg","width":800,"height":460,"caption":"Esin Avukatl\u0131k Ortakl\u0131\u011f\u0131"},"image":{"@id":"https:\/\/www.esin.av.tr\/tr\/#\/schema\/logo\/image\/"}},{"@type":"Person","@id":"https:\/\/www.esin.av.tr\/tr\/#\/schema\/person\/42c8e616aab56b8622fa365ad63282ae","name":"R\u0131dvan Konrat","image":{"@type":"ImageObject","inLanguage":"tr","@id":"https:\/\/www.esin.av.tr\/tr\/#\/schema\/person\/image\/","url":"https:\/\/secure.gravatar.com\/avatar\/b20c6c583be38ed4e76e32f69fccc676?s=96&d=mm&r=g","contentUrl":"https:\/\/secure.gravatar.com\/avatar\/b20c6c583be38ed4e76e32f69fccc676?s=96&d=mm&r=g","caption":"R\u0131dvan Konrat"},"sameAs":["http:\/\/www.esin.av.tr"],"url":"https:\/\/www.esin.av.tr\/tr\/author\/rkonrat\/"}]}},"_links":{"self":[{"href":"https:\/\/www.esin.av.tr\/tr\/wp-json\/wp\/v2\/posts\/23216","targetHints":{"allow":["GET"]}}],"collection":[{"href":"https:\/\/www.esin.av.tr\/tr\/wp-json\/wp\/v2\/posts"}],"about":[{"href":"https:\/\/www.esin.av.tr\/tr\/wp-json\/wp\/v2\/types\/post"}],"author":[{"embeddable":true,"href":"https:\/\/www.esin.av.tr\/tr\/wp-json\/wp\/v2\/users\/4"}],"replies":[{"embeddable":true,"href":"https:\/\/www.esin.av.tr\/tr\/wp-json\/wp\/v2\/comments?post=23216"}],"version-history":[{"count":2,"href":"https:\/\/www.esin.av.tr\/tr\/wp-json\/wp\/v2\/posts\/23216\/revisions"}],"predecessor-version":[{"id":23218,"href":"https:\/\/www.esin.av.tr\/tr\/wp-json\/wp\/v2\/posts\/23216\/revisions\/23218"}],"wp:attachment":[{"href":"https:\/\/www.esin.av.tr\/tr\/wp-json\/wp\/v2\/media?parent=23216"}],"wp:term":[{"taxonomy":"category","embeddable":true,"href":"https:\/\/www.esin.av.tr\/tr\/wp-json\/wp\/v2\/categories?post=23216"},{"taxonomy":"post_tag","embeddable":true,"href":"https:\/\/www.esin.av.tr\/tr\/wp-json\/wp\/v2\/tags?post=23216"}],"curies":[{"name":"wp","href":"https:\/\/api.w.org\/{rel}","templated":true}]}}