{"id":23175,"date":"2022-07-01T09:52:02","date_gmt":"2022-07-01T09:52:02","guid":{"rendered":"https:\/\/www.esin.av.tr\/?p=23175"},"modified":"2022-07-01T09:52:02","modified_gmt":"2022-07-01T09:52:02","slug":"saglik-sektorunde-yeni-kilavuzlar","status":"publish","type":"post","link":"https:\/\/www.esin.av.tr\/tr\/2022\/07\/01\/saglik-sektorunde-yeni-kilavuzlar\/","title":{"rendered":"Sa\u011fl\u0131k Sekt\u00f6r\u00fcnde Yeni K\u0131lavuzlar"},"content":{"rendered":"<p><strong><a href=\"https:\/\/podcast.esin.av.tr\/?lang=tr&amp;playing=PFC8390287501?updated=1656661801\" target=\"_blank\" rel=\"noopener\"><img decoding=\"async\" class=\"alignnone  wp-image-18799\" src=\"https:\/\/www.esin.av.tr\/wp-content\/uploads\/2021\/02\/1.png\" alt=\"\" width=\"43\" height=\"43\" srcset=\"https:\/\/www.esin.av.tr\/wp-content\/uploads\/2021\/02\/1.png 186w, https:\/\/www.esin.av.tr\/wp-content\/uploads\/2021\/02\/1-150x150.png 150w\" sizes=\"(max-width: 43px) 100vw, 43px\" \/><\/a>\u00a0 \u00a0 \u00a0 \u00a0 \u00a0 \u00a0Bu b\u00fcltenimizi podcast olarak da dinleyebilirsiniz!<\/strong><\/p>\n<p>&nbsp;<\/p>\n<p>Ge\u00e7ti\u011fimiz haftalarda T\u00fcrkiye \u0130la\u00e7 ve T\u0131bbi Cihaz Kurumu (Kurum) taraf\u0131ndan (i) \u0130yi Farmakovijilans Uygulamalar\u0131 (\u0130FU) K\u0131lavuzu Mod\u00fcl X &#8211; Pazarlama \u00d6ncesi Yarar\/Risk De\u011ferlendirmesi ile (ii) \u0130yi Farmakovijilans Uygulamalar\u0131 (\u0130FU) K\u0131lavuzu Mod\u00fcl XI &#8211; Pazarlama Sonras\u0131 Yarar\/Risk De\u011ferlendirmesi ve (ii) Sa\u011fl\u0131k Beyan\u0131 Kullan\u0131m\u0131 Hakk\u0131nda K\u0131lavuz Tasla\u011f\u0131 yay\u0131mland\u0131.<\/p>\n<p>G\u00fcncel geli\u015fmeler \u00f6zelindeki notlar\u0131m\u0131za a\u015fa\u011f\u0131daki linklerden ula\u015fabilirsiniz:<\/p>\n<p><a href=\"#tr1\"><strong>\u0130FU K\u0131lavuzu Mod\u00fcl X &#8211; Pazarlama \u00d6ncesi Yarar\/Risk De\u011ferlendirmesi ve Mod\u00fcl XI &#8211; Pazarlama Sonras\u0131 Yarar\/Risk De\u011ferlendirmesi Neleri D\u00fczenlemektedir? <\/strong><\/a><br \/>\n<a href=\"#tr2\"><strong>Sa\u011fl\u0131k Beyan\u0131 Kullan\u0131m\u0131 Hakk\u0131nda K\u0131lavuz Tasla\u011f\u0131 Neleri D\u00fczenlemektedir?<\/strong> <\/a><\/p>\n<p><strong>\u0130FU K\u0131lavuzu Mod\u00fcl X &#8211; Pazarlama \u00d6ncesi Yarar\/Risk De\u011ferlendirmesi ve Mod\u00fcl XI &#8211; Pazarlama Sonras\u0131 Yarar\/Risk De\u011ferlendirmesi Neleri D\u00fczenlemektedir? <\/strong><\/p>\n<p>Kurum, 20 Haziran 2022 tarihinde \u0130FU K\u0131lavuzu Mod\u00fcl X &#8211; Pazarlama \u00d6ncesi Yarar\/Risk De\u011ferlendirmesi ve Mod\u00fcl XI &#8211; Pazarlama Sonras\u0131 Yarar\/Risk De\u011ferlendirmesi&#8217;ni yay\u0131mlad\u0131. S\u00f6z konusu k\u0131lavuzlar, yarar\/risk de\u011ferlendirmesine ili\u015fkin y\u00f6nlendirme sa\u011flamay\u0131, belirsizlikleri gidermeyi ve yarar\/risk de\u011ferlendirmesinin tutarl\u0131 ve \u015feffaf bir \u015fekilde yap\u0131labilmesi ve karar verme s\u00fcrecinin kolayla\u015ft\u0131r\u0131lmas\u0131 ad\u0131na ruhsat sahiplerine yol g\u00f6stermeyi ama\u00e7lamaktad\u0131r. Bu kapsamda k\u0131lavuzlar, yarar\/risk de\u011ferlendirmesinde yer alan b\u00f6l\u00fcmleri, her bir b\u00f6l\u00fcm\u00fcn amac\u0131n\u0131 ve dikkat edilmesi gereken hususlar\u0131 a\u00e7\u0131klamakta ve \u00f6rnekler sunmaktad\u0131r.<\/p>\n<p>Mod\u00fcl X &#8211; Pazarlama \u00d6ncesi Yarar\/Risk De\u011ferlendirmesi&#8217;ne <a href=\"https:\/\/urldefense.com\/v3\/__https:\/esinxchange.com\/collect\/click.aspx?u=ZW9sM0pPcllxRDJheWxBWHZEZE1uMlQ5UWVuNzF1WmMvTHhqVEJvWURxZGhwYklHdFAxVHRoTm9NeGk4NHRjZkRhWnF4UkVJQi9uN0xGMWw0elZKTElLVDU2cTRzZm54OU90MjZZRnpRcVlLek13NFgySzA0a01TQmR0STVIb0pSUUtWNFY5Uks2b05zN3hkaHBVSTY1SG1XQkIxbDF3eXZhRjkxSUxzc1J2T0dEdWU2YUF6eUdOb0p4aFZFd0lTY2ZYUlg3Z1RqQ3Z4SUNrYW5QM2xTN1hFRG1OR1JIQnFSY1FTdDJhcGtGST0=&amp;rh=ff0093f15858faec5ca5a0ca174898b3868f64ad__;!!Hj9Y_P0nvg!W7tGAuqMwNCex9Z-eXeEo4jDEAi6Ak-pl7QQCS4K_DF-mhq3CKPyTBBapKjujH_2BAEPF5wp-6Y8v1RTw11vxNYkjg$\">buradan<\/a>; Mod\u00fcl XI &#8211; Pazarlama Sonras\u0131 Yarar\/Risk De\u011ferlendirmesi&#8217;ne <a href=\"https:\/\/urldefense.com\/v3\/__https:\/esinxchange.com\/collect\/click.aspx?u=ZW9sM0pPcllxRDJheWxBWHZEZE1uMlQ5UWVuNzF1WmMvTHhqVEJvWURxZGhwYklHdFAxVHRoTm9NeGk4NHRjZkRhWnF4UkVJQi9uN0xGMWw0elZKTElLVDU2cTRzZm54OU90MjZZRnpRcVlLek13NFgySzA0aHNDZDNNanlvNEdFclBEOU53VmtFVEFHd1l0Ty84cnMyMDJuQVdVR1ZNYXp1UEgzOUJ4Y2pKUnBHbXlsUFIzY01kZjdqeGZrYU1mRkdZUDlpczFQUjZicDhYSldMckU5eDBLcUF3ckVrbEJ2bC9YVXh2bWtsST0=&amp;rh=ff0093f15858faec5ca5a0ca174898b3868f64ad__;!!Hj9Y_P0nvg!W7tGAuqMwNCex9Z-eXeEo4jDEAi6Ak-pl7QQCS4K_DF-mhq3CKPyTBBapKjujH_2BAEPF5wp-6Y8v1RTw12XxdL7zA$\">buradan<\/a> ula\u015fabilirsiniz.<\/p>\n<p><strong>Ne De\u011fi\u015fecek?<\/strong><\/p>\n<p><em>Mod\u00fcl X &#8211; Pazarlama \u00d6ncesi Yarar\/Risk De\u011ferlendirmesi K\u0131lavuzu<\/em><\/p>\n<p>Pazarlama \u00f6ncesi yarar\/risk de\u011ferlendirmesinde \u00f6ncelikle kabul edilebilir yarar ve riskler hastal\u0131\u011f\u0131n arka plan\u0131 ve tedavi s\u00fcreciyle birlikte k\u0131saca \u00f6zetlenmeli ve terap\u00f6tik endikasyon a\u00e7\u0131k\u00e7a belirtilmelidir.<\/p>\n<p>De\u011ferlendirmede, test ve ara\u015ft\u0131rmalar\u0131n teknik ayr\u0131nt\u0131lar\u0131ndan ziyade kilit bulgular\u0131n tan\u0131mlanmas\u0131 ve ana kan\u0131t ve belirsizliklerin tespit edilmesi \u00f6nem ta\u015f\u0131r. \u0130kincil olarak, \u00f6nemli yararlar ve riskler spesifik terap\u00f6tik ba\u011flamda birbirleriyle kar\u015f\u0131la\u015ft\u0131r\u0131larak yarar\/risk dengesi hakk\u0131nda ilkeler, veriler ve sonu\u00e7lar aras\u0131ndaki ili\u015fkiler ile \u00e7\u00f6z\u00fclmemi\u015f konular a\u00e7\u0131klanmal\u0131d\u0131r. De\u011ferlendirmeyi yapanlar\u0131n sonu\u00e7lar\u0131 desteklemek i\u00e7in kullan\u0131lan kan\u0131tlar hakk\u0131nda tarafs\u0131z ve a\u00e7\u0131k olmas\u0131 gerekmektedir.<\/p>\n<p>De\u011ferlendirmede, yararlar ile birlikte \u00e7\u00f6z\u00fclmemi\u015f sorunlar ve belirsizlikler de tespit edilmeli ve denge de\u011ferlendirmesinde etkileri belirtilmelidir. Ayr\u0131ca, \u00f6nemli riskler, meydana gelme olas\u0131l\u0131klar\u0131 ve advers olaylar\u0131n \u015fiddeti, zaman\u0131 gibi bilgilere yer verilmelidir.<\/p>\n<p>Yarar\/risk dengesinde, alternatif tedaviler veya m\u00fcdahaleler ile a\u00e7\u0131klanan yararlar ve riskler kar\u015f\u0131la\u015ft\u0131r\u0131lmal\u0131 ve yarar\/risk dengesinin pozitif olup olmad\u0131\u011f\u0131 de\u011ferlendirilmelidir. Yarar\/risk dengesine ili\u015fkin mevcut kan\u0131t miktar\u0131, \u00f6zellikle hastalar ve doktorlar gibi farkl\u0131 payda\u015flar\u0131n bak\u0131\u015f a\u00e7\u0131lar\u0131 ve yarar\/risk dengesine ili\u015fkin di\u011fer fakt\u00f6rlerin de a\u00e7\u0131klanmas\u0131 gerekmektedir.<\/p>\n<p><em>Mod\u00fcl XI &#8211; Pazarlama Sonras\u0131 Yarar\/Risk De\u011ferlendirmesi K\u0131lavuzu<\/em><\/p>\n<p>K\u0131lavuz kapsam\u0131nda, yarar\/risk de\u011ferlendirmesinin par\u00e7as\u0131 olarak Kurum taraf\u0131ndan ruhsat sahiplerinden genel olarak talep edilen bilgilerin nas\u0131l d\u00fczenlenece\u011fini \u00f6zetlenmi\u015f olup Kurum&#8217;un ek talepte bulunmas\u0131 da m\u00fcmk\u00fcnd\u00fcr. \u0130lgili ruhsat sahibi, yaln\u0131zca kendi ilac\u0131na ili\u015fkin yarar\/risk de\u011ferlendirmesine dair kan\u0131tlar\u0131 sa\u011flamaktan sorumludur.<\/p>\n<p>Pazarlama sonras\u0131 yarar\/risk de\u011ferlendirmesinde; ilac\u0131n kullan\u0131m\u0131, \u00f6nceki g\u00fcvenlik m\u00fcdahaleleri, endike oldu\u011fu hastal\u0131klar ve arka plan bilgilerinin a\u00e7\u0131klanmas\u0131, ilgili mevzuat ile ruhsat tarihleri gibi bilgilerin sunulmas\u0131, mevcut risk minimizasyon stratejileri, maruziyet tahminleri, T\u00fcrkiye&#8217;ye \u00f6zg\u00fc hastal\u0131k ve durumlara ili\u015fkin bilgiler ve di\u011fer tedavi alternatiflerine yer verilmesi gerekmektedir.<\/p>\n<p>De\u011ferlendirmede ayr\u0131ca, yarar ve risk ayr\u0131 ayr\u0131 karakterize edilerek kar\u015f\u0131la\u015ft\u0131rmal\u0131 olarak tart\u0131\u015f\u0131lmal\u0131 ve yarar\/risk profili de\u011ferlendirilmelidir. Bu kapsamda, ilac\u0131n temel yararlar\u0131 ile kilit riskleri \u00f6zetlenmeli ve kan\u0131tlar\u0131n kalitesi ele al\u0131nmal\u0131d\u0131r.<\/p>\n<p><strong>Sa\u011fl\u0131k Beyan\u0131 Kullan\u0131m\u0131 Hakk\u0131nda K\u0131lavuz Tasla\u011f\u0131 Neleri D\u00fczenlemektedir? <\/strong><\/p>\n<p><strong>Yeni Geli\u015fme<\/strong><\/p>\n<p>Kurum, 20 Haziran 2022 tarihinde Sa\u011fl\u0131k Beyan\u0131 Kullan\u0131m\u0131 Hakk\u0131nda K\u0131lavuz Tasla\u011f\u0131 ile sa\u011fl\u0131k beyanlar\u0131 listesini yay\u0131mlam\u0131\u015ft\u0131r. Taslak k\u0131lavuz, son t\u00fcketiciye arz edilen \u00fcr\u00fcnlerde sa\u011fl\u0131k beyan\u0131 kullan\u0131m\u0131na ili\u015fkin usul ve esaslar\u0131 d\u00fczenlemektedir.<\/p>\n<p>Taslak k\u0131lavuza ili\u015fkin g\u00f6r\u00fc\u015fler 1 A\u011fustos 2022 tarihine kadar <a href=\"mailto:bdud.saglikbeyani@titck.gov.tr\">bdud.saglikbeyani@titck.gov.tr<\/a> e-posta adresine iletilebilecektir.<\/p>\n<p>Taslak k\u0131lavuza <a href=\"https:\/\/urldefense.com\/v3\/__https:\/esinxchange.com\/collect\/click.aspx?u=ZW9sM0pPcllxRDJheWxBWHZEZE1uMlQ5UWVuNzF1WmMvTHhqVEJvWURxZkErNVg2SEt3aXRreC82cWtrWExVUyt6cm1EVURLcWxFcVh2OHN4YURUUkE4NEhpakpIelJYRytsbjFCR2J1aWdRcURlS1gwN0k2elR2a1FjM2VjU1VLWDE2QWJra0crNjFIeFRUa205RmZPNU56Y29zZHFYSzNzU1YrZHBmZlpZNE16WlBWSEtzeVE9PQ==&amp;rh=ff0093f15858faec5ca5a0ca174898b3868f64ad__;!!Hj9Y_P0nvg!W7tGAuqMwNCex9Z-eXeEo4jDEAi6Ak-pl7QQCS4K_DF-mhq3CKPyTBBapKjujH_2BAEPF5wp-6Y8v1RTw13sJdSovQ$\">buradan <\/a>ula\u015fabilirsiniz.<\/p>\n<p><strong>Ne De\u011fi\u015fecek?<\/strong><\/p>\n<p>Taslak k\u0131lavuz uyar\u0131nca, piyasaya arz edilen g\u0131dalar\u0131n etiketi, tan\u0131t\u0131m\u0131 ve rekl\u00e2m\u0131nda kullan\u0131lan sa\u011fl\u0131k beyanlar\u0131; yanl\u0131\u015f, yan\u0131lt\u0131c\u0131, \u015f\u00fcphe ve endi\u015feye neden olmamal\u0131 ve ortalama t\u00fcketicinin anlayaca\u011f\u0131 bi\u00e7imde olmal\u0131d\u0131r. Sa\u011fl\u0131k beyan\u0131 ifadelerinin yerine anlam\u0131 de\u011fi\u015ftirmeyen ve g\u00fc\u00e7lendirmeyen \u015fekilde e\u015fde\u011fer ifadeler kullan\u0131labilecektir. Bu kapsamda taslak k\u0131lavuzda, kullan\u0131labilecek ve kullan\u0131lamayacak ifadeleri \u00f6rneklendirilmi\u015ftir.<\/p>\n<p>Sa\u011fl\u0131k Beyan\u0131 Kullan\u0131m\u0131 Hakk\u0131nda Y\u00f6netmelik uyar\u0131nca sa\u011fl\u0131k beyan\u0131 kullanmas\u0131 uygun olan g\u0131dalar\u0131n, ticari markas\u0131, \u00f6zel ismi veya etiket g\u00f6rselleri; kullan\u0131lan sa\u011fl\u0131k beyan\u0131 ile ili\u015fkili ve s\u0131n\u0131rl\u0131 olmas\u0131 \u015fart\u0131yla sa\u011fl\u0131k beyan\u0131 i\u00e7erebilecektir. Bu gibi hallerde, sorumluluk g\u0131da i\u015fletmecisinde olmak \u00fczere bu kullan\u0131m i\u00e7in ba\u015fvuru yap\u0131lmas\u0131na gerek olmayacakt\u0131r. G\u0131dalar\u0131n etiketi, tan\u0131t\u0131m\u0131 ve rekl\u00e2m\u0131nda yer alan ve sa\u011fl\u0131k beyan\u0131 olarak yorumlanabilecek g\u00f6rseller, ilgili g\u0131dan\u0131n beyan ko\u015fulunu kar\u015f\u0131lamas\u0131 ve t\u00fcketicide endi\u015feye neden olmamas\u0131 \u015fart\u0131yla kullan\u0131labilecektir.<\/p>\n<p>\u0130zin verilen sa\u011fl\u0131k beyanlar\u0131 veya taslak k\u0131lavuzda yer alan \u00f6nerilerin de\u011fi\u015ftirilmesi yasakt\u0131r. Ancak, etiket \u00fczerinde, beyan\u0131n anlam\u0131n\u0131 de\u011fi\u015ftirmedi\u011fi ve g\u00fc\u00e7lendirmedi\u011fi s\u00fcrece ve beyan\u0131n tam haliyle birlikte yaz\u0131lmas\u0131 ko\u015fulu ile k\u0131salt\u0131lm\u0131\u015f ifadeler kullan\u0131labilecektir.<\/p>\n<p>Taslak k\u0131lavuzda ayr\u0131ca \u00e7ocuklar\u0131n geli\u015fimi ve sa\u011fl\u0131\u011f\u0131na ili\u015fkin sa\u011fl\u0131k beyanlar\u0131, kullan\u0131m\u0131 kesinlikle yasak beyanlar ve besin \u00f6gesi profiline uygunlu\u011funa ili\u015fkin de\u011ferlendirmeler \u00f6rneklendirilerek a\u00e7\u0131klanm\u0131\u015ft\u0131r.<\/p>\n<p>Yeni sa\u011fl\u0131k beyan\u0131 ba\u015fvurular\u0131nda, ba\u015fvuru sahibinin talebi \u00fczerine, Kurum, tescilli olarak izin verilen bir sa\u011fl\u0131k beyan\u0131 kullan\u0131m\u0131n\u0131 ba\u015fvuran\u0131n yarar\u0131na be\u015f y\u0131l s\u00fcre ile s\u0131n\u0131rland\u0131rmak suretiyle veri korumas\u0131 sa\u011flayabilir. Bu kapsamda, be\u015f y\u0131ll\u0131k s\u00fcre bitmeden ve s\u00f6z konusu sa\u011fl\u0131k beyan\u0131n\u0131n k\u0131lavuz ekine d\u00e2hil edilmeden, sonraki ba\u015fvuru sahibi, \u00f6nceki ba\u015fvuru sahibi taraf\u0131ndan tescilli olarak belirtilen veriyi referans g\u00f6steremeyecektir.<\/p>\n<p><strong>Sonu\u00e7<\/strong><\/p>\n<p>Kurum, sa\u011fl\u0131k sekt\u00f6r\u00fcnde faaliyet g\u00f6steren \u015firketlere rehberlik etmeye devam etmektedir. Sa\u011fl\u0131k sekt\u00f6r\u00fcnde faaliyet g\u00f6steren t\u00fcm ilgili \u015firketler, yay\u0131mlanan k\u0131lavuzlar\u0131 yak\u0131ndan takip etmeli ve mevzuatta yer alan y\u00fck\u00fcml\u00fcl\u00fcklerini Kurum&#8217;un y\u00f6nlendirmeleri do\u011frultusunda yerine getirmelidir.<\/p>\n","protected":false},"excerpt":{"rendered":"<p>\u00a0 \u00a0 \u00a0 \u00a0 \u00a0 \u00a0Bu b\u00fcltenimizi podcast olarak da dinleyebilirsiniz! &nbsp; Ge\u00e7ti\u011fimiz haftalarda T\u00fcrkiye \u0130la\u00e7 ve T\u0131bbi Cihaz Kurumu [&hellip;]<\/p>\n","protected":false},"author":4,"featured_media":0,"comment_status":"closed","ping_status":"closed","sticky":false,"template":"","format":"standard","meta":{"_acf_changed":false,"_stopmodifiedupdate":false,"_modified_date":"","footnotes":""},"categories":[120],"tags":[92],"class_list":["post-23175","post","type-post","status-publish","format-standard","hentry","category-legal-alerts","tag-healthcare-tr"],"acf":[],"yoast_head":"<!-- This site is optimized with the Yoast SEO plugin v24.0 - https:\/\/yoast.com\/wordpress\/plugins\/seo\/ -->\n<title>Sa\u011fl\u0131k Sekt\u00f6r\u00fcnde Yeni K\u0131lavuzlar<\/title>\n<meta name=\"description\" content=\"\u00a0 \u00a0 \u00a0 \u00a0 \u00a0 \u00a0Bu b\u00fcltenimizi podcast olarak da dinleyebilirsiniz! &nbsp; Ge\u00e7ti\u011fimiz haftalarda T\u00fcrkiye \u0130la\u00e7 ve T\u0131bbi Cihaz Kurumu (Kurum) taraf\u0131ndan (i) \u0130yi\" \/>\n<meta name=\"robots\" content=\"index, follow, max-snippet:-1, max-image-preview:large, max-video-preview:-1\" \/>\n<link rel=\"canonical\" href=\"https:\/\/www.esin.av.tr\/tr\/2022\/07\/01\/saglik-sektorunde-yeni-kilavuzlar\/\" \/>\n<meta property=\"og:locale\" content=\"tr_TR\" \/>\n<meta property=\"og:type\" content=\"article\" \/>\n<meta property=\"og:title\" content=\"Sa\u011fl\u0131k Sekt\u00f6r\u00fcnde Yeni K\u0131lavuzlar\" \/>\n<meta property=\"og:description\" content=\"\u00a0 \u00a0 \u00a0 \u00a0 \u00a0 \u00a0Bu b\u00fcltenimizi podcast olarak da dinleyebilirsiniz! &nbsp; Ge\u00e7ti\u011fimiz haftalarda T\u00fcrkiye \u0130la\u00e7 ve T\u0131bbi Cihaz Kurumu (Kurum) taraf\u0131ndan (i) \u0130yi\" \/>\n<meta property=\"og:url\" content=\"https:\/\/www.esin.av.tr\/tr\/2022\/07\/01\/saglik-sektorunde-yeni-kilavuzlar\/\" \/>\n<meta property=\"og:site_name\" content=\"Esin Avukatl\u0131k Ortakl\u0131\u011f\u0131\" \/>\n<meta property=\"article:published_time\" content=\"2022-07-01T09:52:02+00:00\" \/>\n<meta property=\"og:image\" content=\"https:\/\/www.esin.av.tr\/wp-content\/uploads\/2021\/02\/1.png\" \/>\n<meta name=\"author\" content=\"R\u0131dvan Konrat\" \/>\n<meta name=\"twitter:card\" content=\"summary_large_image\" \/>\n<meta name=\"twitter:label1\" content=\"Written by\" \/>\n\t<meta name=\"twitter:data1\" content=\"R\u0131dvan Konrat\" \/>\n\t<meta name=\"twitter:label2\" content=\"Est. reading time\" \/>\n\t<meta name=\"twitter:data2\" content=\"4 minutes\" \/>\n<script type=\"application\/ld+json\" class=\"yoast-schema-graph\">{\"@context\":\"https:\/\/schema.org\",\"@graph\":[{\"@type\":\"Article\",\"@id\":\"https:\/\/www.esin.av.tr\/tr\/2022\/07\/01\/saglik-sektorunde-yeni-kilavuzlar\/#article\",\"isPartOf\":{\"@id\":\"https:\/\/www.esin.av.tr\/tr\/2022\/07\/01\/saglik-sektorunde-yeni-kilavuzlar\/\"},\"author\":{\"name\":\"R\u0131dvan Konrat\",\"@id\":\"https:\/\/www.esin.av.tr\/tr\/#\/schema\/person\/42c8e616aab56b8622fa365ad63282ae\"},\"headline\":\"Sa\u011fl\u0131k Sekt\u00f6r\u00fcnde Yeni K\u0131lavuzlar\",\"datePublished\":\"2022-07-01T09:52:02+00:00\",\"dateModified\":\"2022-07-01T09:52:02+00:00\",\"mainEntityOfPage\":{\"@id\":\"https:\/\/www.esin.av.tr\/tr\/2022\/07\/01\/saglik-sektorunde-yeni-kilavuzlar\/\"},\"wordCount\":1236,\"publisher\":{\"@id\":\"https:\/\/www.esin.av.tr\/tr\/#organization\"},\"image\":{\"@id\":\"https:\/\/www.esin.av.tr\/tr\/2022\/07\/01\/saglik-sektorunde-yeni-kilavuzlar\/#primaryimage\"},\"thumbnailUrl\":\"https:\/\/www.esin.av.tr\/wp-content\/uploads\/2021\/02\/1.png\",\"keywords\":[\"Sa\u011fl\u0131k Hukuku\"],\"articleSection\":[\"Hukuk B\u00fcltenleri\"],\"inLanguage\":\"tr\"},{\"@type\":\"WebPage\",\"@id\":\"https:\/\/www.esin.av.tr\/tr\/2022\/07\/01\/saglik-sektorunde-yeni-kilavuzlar\/\",\"url\":\"https:\/\/www.esin.av.tr\/tr\/2022\/07\/01\/saglik-sektorunde-yeni-kilavuzlar\/\",\"name\":\"Sa\u011fl\u0131k Sekt\u00f6r\u00fcnde Yeni K\u0131lavuzlar\",\"isPartOf\":{\"@id\":\"https:\/\/www.esin.av.tr\/tr\/#website\"},\"primaryImageOfPage\":{\"@id\":\"https:\/\/www.esin.av.tr\/tr\/2022\/07\/01\/saglik-sektorunde-yeni-kilavuzlar\/#primaryimage\"},\"image\":{\"@id\":\"https:\/\/www.esin.av.tr\/tr\/2022\/07\/01\/saglik-sektorunde-yeni-kilavuzlar\/#primaryimage\"},\"thumbnailUrl\":\"https:\/\/www.esin.av.tr\/wp-content\/uploads\/2021\/02\/1.png\",\"datePublished\":\"2022-07-01T09:52:02+00:00\",\"dateModified\":\"2022-07-01T09:52:02+00:00\",\"description\":\"\u00a0 \u00a0 \u00a0 \u00a0 \u00a0 \u00a0Bu b\u00fcltenimizi podcast olarak da dinleyebilirsiniz! &nbsp; Ge\u00e7ti\u011fimiz haftalarda T\u00fcrkiye \u0130la\u00e7 ve T\u0131bbi Cihaz Kurumu (Kurum) taraf\u0131ndan (i) \u0130yi\",\"breadcrumb\":{\"@id\":\"https:\/\/www.esin.av.tr\/tr\/2022\/07\/01\/saglik-sektorunde-yeni-kilavuzlar\/#breadcrumb\"},\"inLanguage\":\"tr\",\"potentialAction\":[{\"@type\":\"ReadAction\",\"target\":[\"https:\/\/www.esin.av.tr\/tr\/2022\/07\/01\/saglik-sektorunde-yeni-kilavuzlar\/\"]}]},{\"@type\":\"ImageObject\",\"inLanguage\":\"tr\",\"@id\":\"https:\/\/www.esin.av.tr\/tr\/2022\/07\/01\/saglik-sektorunde-yeni-kilavuzlar\/#primaryimage\",\"url\":\"https:\/\/www.esin.av.tr\/wp-content\/uploads\/2021\/02\/1.png\",\"contentUrl\":\"https:\/\/www.esin.av.tr\/wp-content\/uploads\/2021\/02\/1.png\"},{\"@type\":\"BreadcrumbList\",\"@id\":\"https:\/\/www.esin.av.tr\/tr\/2022\/07\/01\/saglik-sektorunde-yeni-kilavuzlar\/#breadcrumb\",\"itemListElement\":[{\"@type\":\"ListItem\",\"position\":1,\"name\":\"Home\",\"item\":\"https:\/\/www.esin.av.tr\/tr\/\"},{\"@type\":\"ListItem\",\"position\":2,\"name\":\"Sa\u011fl\u0131k Sekt\u00f6r\u00fcnde Yeni K\u0131lavuzlar\"}]},{\"@type\":\"WebSite\",\"@id\":\"https:\/\/www.esin.av.tr\/tr\/#website\",\"url\":\"https:\/\/www.esin.av.tr\/tr\/\",\"name\":\"Esin Avukatl\u0131k Ortakl\u0131\u011f\u0131\",\"description\":\"\",\"publisher\":{\"@id\":\"https:\/\/www.esin.av.tr\/tr\/#organization\"},\"potentialAction\":[{\"@type\":\"SearchAction\",\"target\":{\"@type\":\"EntryPoint\",\"urlTemplate\":\"https:\/\/www.esin.av.tr\/tr\/?s={search_term_string}\"},\"query-input\":{\"@type\":\"PropertyValueSpecification\",\"valueRequired\":true,\"valueName\":\"search_term_string\"}}],\"inLanguage\":\"tr\"},{\"@type\":\"Organization\",\"@id\":\"https:\/\/www.esin.av.tr\/tr\/#organization\",\"name\":\"Esin Avukatl\u0131k Ortakl\u0131\u011f\u0131\",\"url\":\"https:\/\/www.esin.av.tr\/tr\/\",\"logo\":{\"@type\":\"ImageObject\",\"inLanguage\":\"tr\",\"@id\":\"https:\/\/www.esin.av.tr\/tr\/#\/schema\/logo\/image\/\",\"url\":\"https:\/\/www.esin.av.tr\/wp-content\/uploads\/2021\/09\/esin-2.jpg\",\"contentUrl\":\"https:\/\/www.esin.av.tr\/wp-content\/uploads\/2021\/09\/esin-2.jpg\",\"width\":800,\"height\":460,\"caption\":\"Esin Avukatl\u0131k Ortakl\u0131\u011f\u0131\"},\"image\":{\"@id\":\"https:\/\/www.esin.av.tr\/tr\/#\/schema\/logo\/image\/\"}},{\"@type\":\"Person\",\"@id\":\"https:\/\/www.esin.av.tr\/tr\/#\/schema\/person\/42c8e616aab56b8622fa365ad63282ae\",\"name\":\"R\u0131dvan Konrat\",\"image\":{\"@type\":\"ImageObject\",\"inLanguage\":\"tr\",\"@id\":\"https:\/\/www.esin.av.tr\/tr\/#\/schema\/person\/image\/\",\"url\":\"https:\/\/secure.gravatar.com\/avatar\/b20c6c583be38ed4e76e32f69fccc676?s=96&d=mm&r=g\",\"contentUrl\":\"https:\/\/secure.gravatar.com\/avatar\/b20c6c583be38ed4e76e32f69fccc676?s=96&d=mm&r=g\",\"caption\":\"R\u0131dvan Konrat\"},\"sameAs\":[\"http:\/\/www.esin.av.tr\"],\"url\":\"https:\/\/www.esin.av.tr\/tr\/author\/rkonrat\/\"}]}<\/script>\n<!-- \/ Yoast SEO plugin. -->","yoast_head_json":{"title":"Sa\u011fl\u0131k Sekt\u00f6r\u00fcnde Yeni K\u0131lavuzlar","description":"\u00a0 \u00a0 \u00a0 \u00a0 \u00a0 \u00a0Bu b\u00fcltenimizi podcast olarak da dinleyebilirsiniz! &nbsp; Ge\u00e7ti\u011fimiz haftalarda T\u00fcrkiye \u0130la\u00e7 ve T\u0131bbi Cihaz Kurumu (Kurum) taraf\u0131ndan (i) \u0130yi","robots":{"index":"index","follow":"follow","max-snippet":"max-snippet:-1","max-image-preview":"max-image-preview:large","max-video-preview":"max-video-preview:-1"},"canonical":"https:\/\/www.esin.av.tr\/tr\/2022\/07\/01\/saglik-sektorunde-yeni-kilavuzlar\/","og_locale":"tr_TR","og_type":"article","og_title":"Sa\u011fl\u0131k Sekt\u00f6r\u00fcnde Yeni K\u0131lavuzlar","og_description":"\u00a0 \u00a0 \u00a0 \u00a0 \u00a0 \u00a0Bu b\u00fcltenimizi podcast olarak da dinleyebilirsiniz! &nbsp; Ge\u00e7ti\u011fimiz haftalarda T\u00fcrkiye \u0130la\u00e7 ve T\u0131bbi Cihaz Kurumu (Kurum) taraf\u0131ndan (i) \u0130yi","og_url":"https:\/\/www.esin.av.tr\/tr\/2022\/07\/01\/saglik-sektorunde-yeni-kilavuzlar\/","og_site_name":"Esin Avukatl\u0131k Ortakl\u0131\u011f\u0131","article_published_time":"2022-07-01T09:52:02+00:00","og_image":[{"url":"https:\/\/www.esin.av.tr\/wp-content\/uploads\/2021\/02\/1.png","type":"","width":"","height":""}],"author":"R\u0131dvan Konrat","twitter_card":"summary_large_image","twitter_misc":{"Written by":"R\u0131dvan Konrat","Est. reading time":"4 minutes"},"schema":{"@context":"https:\/\/schema.org","@graph":[{"@type":"Article","@id":"https:\/\/www.esin.av.tr\/tr\/2022\/07\/01\/saglik-sektorunde-yeni-kilavuzlar\/#article","isPartOf":{"@id":"https:\/\/www.esin.av.tr\/tr\/2022\/07\/01\/saglik-sektorunde-yeni-kilavuzlar\/"},"author":{"name":"R\u0131dvan Konrat","@id":"https:\/\/www.esin.av.tr\/tr\/#\/schema\/person\/42c8e616aab56b8622fa365ad63282ae"},"headline":"Sa\u011fl\u0131k Sekt\u00f6r\u00fcnde Yeni K\u0131lavuzlar","datePublished":"2022-07-01T09:52:02+00:00","dateModified":"2022-07-01T09:52:02+00:00","mainEntityOfPage":{"@id":"https:\/\/www.esin.av.tr\/tr\/2022\/07\/01\/saglik-sektorunde-yeni-kilavuzlar\/"},"wordCount":1236,"publisher":{"@id":"https:\/\/www.esin.av.tr\/tr\/#organization"},"image":{"@id":"https:\/\/www.esin.av.tr\/tr\/2022\/07\/01\/saglik-sektorunde-yeni-kilavuzlar\/#primaryimage"},"thumbnailUrl":"https:\/\/www.esin.av.tr\/wp-content\/uploads\/2021\/02\/1.png","keywords":["Sa\u011fl\u0131k Hukuku"],"articleSection":["Hukuk B\u00fcltenleri"],"inLanguage":"tr"},{"@type":"WebPage","@id":"https:\/\/www.esin.av.tr\/tr\/2022\/07\/01\/saglik-sektorunde-yeni-kilavuzlar\/","url":"https:\/\/www.esin.av.tr\/tr\/2022\/07\/01\/saglik-sektorunde-yeni-kilavuzlar\/","name":"Sa\u011fl\u0131k Sekt\u00f6r\u00fcnde Yeni K\u0131lavuzlar","isPartOf":{"@id":"https:\/\/www.esin.av.tr\/tr\/#website"},"primaryImageOfPage":{"@id":"https:\/\/www.esin.av.tr\/tr\/2022\/07\/01\/saglik-sektorunde-yeni-kilavuzlar\/#primaryimage"},"image":{"@id":"https:\/\/www.esin.av.tr\/tr\/2022\/07\/01\/saglik-sektorunde-yeni-kilavuzlar\/#primaryimage"},"thumbnailUrl":"https:\/\/www.esin.av.tr\/wp-content\/uploads\/2021\/02\/1.png","datePublished":"2022-07-01T09:52:02+00:00","dateModified":"2022-07-01T09:52:02+00:00","description":"\u00a0 \u00a0 \u00a0 \u00a0 \u00a0 \u00a0Bu b\u00fcltenimizi podcast olarak da dinleyebilirsiniz! &nbsp; Ge\u00e7ti\u011fimiz haftalarda T\u00fcrkiye \u0130la\u00e7 ve T\u0131bbi Cihaz Kurumu (Kurum) taraf\u0131ndan (i) \u0130yi","breadcrumb":{"@id":"https:\/\/www.esin.av.tr\/tr\/2022\/07\/01\/saglik-sektorunde-yeni-kilavuzlar\/#breadcrumb"},"inLanguage":"tr","potentialAction":[{"@type":"ReadAction","target":["https:\/\/www.esin.av.tr\/tr\/2022\/07\/01\/saglik-sektorunde-yeni-kilavuzlar\/"]}]},{"@type":"ImageObject","inLanguage":"tr","@id":"https:\/\/www.esin.av.tr\/tr\/2022\/07\/01\/saglik-sektorunde-yeni-kilavuzlar\/#primaryimage","url":"https:\/\/www.esin.av.tr\/wp-content\/uploads\/2021\/02\/1.png","contentUrl":"https:\/\/www.esin.av.tr\/wp-content\/uploads\/2021\/02\/1.png"},{"@type":"BreadcrumbList","@id":"https:\/\/www.esin.av.tr\/tr\/2022\/07\/01\/saglik-sektorunde-yeni-kilavuzlar\/#breadcrumb","itemListElement":[{"@type":"ListItem","position":1,"name":"Home","item":"https:\/\/www.esin.av.tr\/tr\/"},{"@type":"ListItem","position":2,"name":"Sa\u011fl\u0131k Sekt\u00f6r\u00fcnde Yeni K\u0131lavuzlar"}]},{"@type":"WebSite","@id":"https:\/\/www.esin.av.tr\/tr\/#website","url":"https:\/\/www.esin.av.tr\/tr\/","name":"Esin Avukatl\u0131k Ortakl\u0131\u011f\u0131","description":"","publisher":{"@id":"https:\/\/www.esin.av.tr\/tr\/#organization"},"potentialAction":[{"@type":"SearchAction","target":{"@type":"EntryPoint","urlTemplate":"https:\/\/www.esin.av.tr\/tr\/?s={search_term_string}"},"query-input":{"@type":"PropertyValueSpecification","valueRequired":true,"valueName":"search_term_string"}}],"inLanguage":"tr"},{"@type":"Organization","@id":"https:\/\/www.esin.av.tr\/tr\/#organization","name":"Esin Avukatl\u0131k Ortakl\u0131\u011f\u0131","url":"https:\/\/www.esin.av.tr\/tr\/","logo":{"@type":"ImageObject","inLanguage":"tr","@id":"https:\/\/www.esin.av.tr\/tr\/#\/schema\/logo\/image\/","url":"https:\/\/www.esin.av.tr\/wp-content\/uploads\/2021\/09\/esin-2.jpg","contentUrl":"https:\/\/www.esin.av.tr\/wp-content\/uploads\/2021\/09\/esin-2.jpg","width":800,"height":460,"caption":"Esin Avukatl\u0131k Ortakl\u0131\u011f\u0131"},"image":{"@id":"https:\/\/www.esin.av.tr\/tr\/#\/schema\/logo\/image\/"}},{"@type":"Person","@id":"https:\/\/www.esin.av.tr\/tr\/#\/schema\/person\/42c8e616aab56b8622fa365ad63282ae","name":"R\u0131dvan Konrat","image":{"@type":"ImageObject","inLanguage":"tr","@id":"https:\/\/www.esin.av.tr\/tr\/#\/schema\/person\/image\/","url":"https:\/\/secure.gravatar.com\/avatar\/b20c6c583be38ed4e76e32f69fccc676?s=96&d=mm&r=g","contentUrl":"https:\/\/secure.gravatar.com\/avatar\/b20c6c583be38ed4e76e32f69fccc676?s=96&d=mm&r=g","caption":"R\u0131dvan Konrat"},"sameAs":["http:\/\/www.esin.av.tr"],"url":"https:\/\/www.esin.av.tr\/tr\/author\/rkonrat\/"}]}},"_links":{"self":[{"href":"https:\/\/www.esin.av.tr\/tr\/wp-json\/wp\/v2\/posts\/23175","targetHints":{"allow":["GET"]}}],"collection":[{"href":"https:\/\/www.esin.av.tr\/tr\/wp-json\/wp\/v2\/posts"}],"about":[{"href":"https:\/\/www.esin.av.tr\/tr\/wp-json\/wp\/v2\/types\/post"}],"author":[{"embeddable":true,"href":"https:\/\/www.esin.av.tr\/tr\/wp-json\/wp\/v2\/users\/4"}],"replies":[{"embeddable":true,"href":"https:\/\/www.esin.av.tr\/tr\/wp-json\/wp\/v2\/comments?post=23175"}],"version-history":[{"count":1,"href":"https:\/\/www.esin.av.tr\/tr\/wp-json\/wp\/v2\/posts\/23175\/revisions"}],"predecessor-version":[{"id":23176,"href":"https:\/\/www.esin.av.tr\/tr\/wp-json\/wp\/v2\/posts\/23175\/revisions\/23176"}],"wp:attachment":[{"href":"https:\/\/www.esin.av.tr\/tr\/wp-json\/wp\/v2\/media?parent=23175"}],"wp:term":[{"taxonomy":"category","embeddable":true,"href":"https:\/\/www.esin.av.tr\/tr\/wp-json\/wp\/v2\/categories?post=23175"},{"taxonomy":"post_tag","embeddable":true,"href":"https:\/\/www.esin.av.tr\/tr\/wp-json\/wp\/v2\/tags?post=23175"}],"curies":[{"name":"wp","href":"https:\/\/api.w.org\/{rel}","templated":true}]}}