{"id":22901,"date":"2022-06-03T14:10:42","date_gmt":"2022-06-03T14:10:42","guid":{"rendered":"https:\/\/www.esin.av.tr\/?p=22901"},"modified":"2022-06-09T13:41:42","modified_gmt":"2022-06-09T13:41:42","slug":"internet-ortaminda-ilan-yayimlanmasina-aracilik-edenlere-surekli-bildirim-yukumlulugu","status":"publish","type":"post","link":"https:\/\/www.esin.av.tr\/tr\/2022\/06\/03\/internet-ortaminda-ilan-yayimlanmasina-aracilik-edenlere-surekli-bildirim-yukumlulugu\/","title":{"rendered":"\u0130nternet Ortam\u0131nda \u0130lan Yay\u0131mlanmas\u0131na Arac\u0131l\u0131k Edenlere S\u00fcrekli Bildirim Y\u00fck\u00fcml\u00fcl\u00fc\u011f\u00fc"},"content":{"rendered":"<p><strong>Yeni Geli\u015fme<\/strong><\/p>\n<p>31.05.2022 tarihli Resmi Gazete&#8217;de yay\u0131mlanarak y\u00fcr\u00fcrl\u00fc\u011fe giren 538 S\u0131ra No.lu Vergi Usul Kanunu Genel Tebli\u011fi (&#8220;<strong>Tebli\u011f<\/strong>&#8220;) ile internet ortam\u0131nda yay\u0131mlanan ilanlara y\u00f6nelik olarak baz\u0131 bilgilerin al\u0131nmas\u0131na ili\u015fkin yeni usul ve esaslar \u00f6ng\u00f6r\u00fcld\u00fc.<\/p>\n<p><strong>D\u00fczenleme Ne Getiriyor?<\/strong><\/p>\n<p>Tebli\u011f d\u00fczenlemesine g\u00f6re ta\u015f\u0131n\u0131r ve ta\u015f\u0131nmazlar ile mal ve hizmetlerin al\u0131nmas\u0131, sat\u0131lmas\u0131 veya kiralanmas\u0131n\u0131n temin edilmesine y\u00f6nelik olarak verilen ilanlar\u0131n yay\u0131mlanmas\u0131na arac\u0131l\u0131k eden <strong>arac\u0131 hizmet sa\u011flay\u0131c\u0131lar\u0131<\/strong>, <strong>sosyal a\u011f sa\u011flay\u0131c\u0131lar\u0131<\/strong> ile <strong>yer sa\u011flay\u0131c\u0131lar<\/strong> her ay ger\u00e7ekle\u015ftirdikleri i\u015flemlere ili\u015fkin olarak Gelir \u0130daresi Ba\u015fkanl\u0131\u011f\u0131&#8217;na bildirimde bulunacak.<\/p>\n<p>Bildirim kapsam\u0131nda;<\/p>\n<ul>\n<li>hizmetin sa\u011fland\u0131\u011f\u0131 internet adresi,<\/li>\n<li>hizmet verilen ki\u015filerin ad soyad\/unvan\u0131 ve TCKN\/YKN\/VKN bilgileri, i\u015fyeri adres bilgileri,<\/li>\n<li>hizmet verilenler ad\u0131na ger\u00e7ekle\u015ftirilen ta\u015f\u0131n\u0131r, ta\u015f\u0131nmaz, mal ve hizmet sat\u0131\u015f\/kiralama i\u015flemlerine ili\u015fkin her bir tahsilat veya sat\u0131\u015f i\u015flemi tutar\u0131 ve tarihi, ve<\/li>\n<li>tahsil edilen tutarlar\u0131n arac\u0131l\u0131k hizmeti verilenlere \u00f6denmesine ili\u015fkin banka hesap bilgilerinin\u00a0elektronik ortamda Gelir \u0130daresi Ba\u015fkanl\u0131\u011f\u0131&#8217;na bildirilmesi gerekiyor.<\/li>\n<\/ul>\n<p>\u0130lan verenlerin, verdikleri ilanlara y\u00f6nelik bildirime konu bilgileri arac\u0131 hizmet sa\u011flay\u0131c\u0131lar\u0131, sosyal a\u011f sa\u011flay\u0131c\u0131lar\u0131 ile yer sa\u011flay\u0131c\u0131lara bildirmeleri zorunludur. Aksi durumda, arac\u0131 hizmet sa\u011flay\u0131c\u0131lar\u0131, sosyal a\u011f sa\u011flay\u0131c\u0131lar\u0131 ile yer sa\u011flay\u0131c\u0131lar kendilerine bilgi sunmayan ilan verenleri de Gelir \u0130daresi Ba\u015fkanl\u0131\u011f\u0131&#8217;na bildireceklerdir.<\/p>\n<p>\u0130lk bildirim, 2022 Haziran d\u00f6nemine ili\u015fkin olarak 01.08.2022&#8217;e kadar yap\u0131lacak. Arac\u0131 hizmet sa\u011flay\u0131c\u0131lar\u0131, sosyal a\u011f sa\u011flay\u0131c\u0131lar\u0131 ile yer sa\u011flay\u0131c\u0131lar\u0131n ilk kez bildirim yap\u0131lacak tarihten \u00f6nce BTRANS sisteminin kullan\u0131m\u0131na ili\u015fkin ba\u015fvurular\u0131n\u0131 tamamlamalar\u0131 gerekiyor. Takip eden d\u00f6nemler i\u00e7in ise ilgili aya ait bilgilerin, takip eden ay\u0131n son g\u00fcn\u00fc saat 23.59\u2019a kadar BTRANS sistemi arac\u0131l\u0131\u011f\u0131yla Gelir \u0130daresi Ba\u015fkanl\u0131\u011f\u0131&#8217;na bildirilmesi gerekecektir.<\/p>\n<p>Bildirime konu bilgilerin 213 say\u0131l\u0131 Vergi Usul Kanunu&#8217;nun defter, kay\u0131t ve belgeler i\u00e7in \u00f6ng\u00f6rd\u00fc\u011f\u00fc muhafaza s\u00fcreleri i\u00e7erisinde elektronik ortamda saklanmas\u0131 ve istenildi\u011finde elektronik ara\u00e7lar ve ortamlar vas\u0131tas\u0131 ile ibraz edilmesi gerekiyor.<\/p>\n<p>Bildirim y\u00fck\u00fcml\u00fcl\u00fc\u011f\u00fcn\u00fc yerine getirmeyenler, eksik veya yan\u0131lt\u0131c\u0131 bildirimde bulunanlar veya Tebli\u011f ile getirilen zorunluluklara uymayanlar hakk\u0131nda 213 say\u0131l\u0131 Vergi Usul Kanunu&#8217;nun ceza h\u00fck\u00fcmleri uygulanacak.<\/p>\n<p><strong>Sonu\u00e7<\/strong><\/p>\n<p>Vergiye uyum d\u00fczeyinin ve kay\u0131t d\u0131\u015f\u0131 ekonomi ile m\u00fccadelede etkinli\u011fin art\u0131r\u0131lmas\u0131na hizmet etmek amac\u0131yla Tebli\u011f ile \u00f6ng\u00f6r\u00fclen bildirim y\u00fck\u00fcml\u00fcl\u00fcklerin kapsama giren y\u00fck\u00fcml\u00fcler taraf\u0131ndan zaman\u0131nda ve eksiksiz olarak yerine getirilmesi, ileride herhangi bir cezayla kar\u015f\u0131la\u015f\u0131lmamas\u0131 ad\u0131na \u00f6nem arz ediyor.<\/p>\n","protected":false},"excerpt":{"rendered":"<p>Yeni Geli\u015fme 31.05.2022 tarihli Resmi Gazete&#8217;de yay\u0131mlanarak y\u00fcr\u00fcrl\u00fc\u011fe giren 538 S\u0131ra No.lu Vergi Usul Kanunu Genel Tebli\u011fi (&#8220;Tebli\u011f&#8220;) ile internet [&hellip;]<\/p>\n","protected":false},"author":4,"featured_media":0,"comment_status":"closed","ping_status":"closed","sticky":false,"template":"","format":"standard","meta":{"_acf_changed":false,"_stopmodifiedupdate":false,"_modified_date":"","footnotes":""},"categories":[120],"tags":[95],"class_list":["post-22901","post","type-post","status-publish","format-standard","hentry","category-legal-alerts","tag-tax-tr"],"acf":[],"yoast_head":"<!-- This site is optimized with the Yoast SEO plugin v24.0 - https:\/\/yoast.com\/wordpress\/plugins\/seo\/ -->\n<title>\u0130nternet Ortam\u0131nda \u0130lan Yay\u0131mlanmas\u0131na Arac\u0131l\u0131k Edenlere S\u00fcrekli Bildirim Y\u00fck\u00fcml\u00fcl\u00fc\u011f\u00fc<\/title>\n<meta name=\"description\" content=\"Yeni Geli\u015fme 31.05.2022 tarihli Resmi Gazete&#039;de yay\u0131mlanarak y\u00fcr\u00fcrl\u00fc\u011fe giren 538 S\u0131ra No.lu Vergi Usul Kanunu Genel Tebli\u011fi (&quot;Tebli\u011f&quot;) ile internet\" \/>\n<meta name=\"robots\" content=\"index, follow, max-snippet:-1, max-image-preview:large, max-video-preview:-1\" \/>\n<link rel=\"canonical\" href=\"https:\/\/www.esin.av.tr\/tr\/2022\/06\/03\/internet-ortaminda-ilan-yayimlanmasina-aracilik-edenlere-surekli-bildirim-yukumlulugu\/\" \/>\n<meta property=\"og:locale\" content=\"tr_TR\" \/>\n<meta property=\"og:type\" content=\"article\" \/>\n<meta property=\"og:title\" content=\"\u0130nternet Ortam\u0131nda \u0130lan Yay\u0131mlanmas\u0131na Arac\u0131l\u0131k Edenlere S\u00fcrekli Bildirim Y\u00fck\u00fcml\u00fcl\u00fc\u011f\u00fc\" \/>\n<meta property=\"og:description\" content=\"Yeni Geli\u015fme 31.05.2022 tarihli Resmi Gazete&#039;de yay\u0131mlanarak y\u00fcr\u00fcrl\u00fc\u011fe giren 538 S\u0131ra No.lu Vergi Usul Kanunu Genel Tebli\u011fi (&quot;Tebli\u011f&quot;) ile internet\" \/>\n<meta property=\"og:url\" content=\"https:\/\/www.esin.av.tr\/tr\/2022\/06\/03\/internet-ortaminda-ilan-yayimlanmasina-aracilik-edenlere-surekli-bildirim-yukumlulugu\/\" \/>\n<meta property=\"og:site_name\" content=\"Esin Avukatl\u0131k Ortakl\u0131\u011f\u0131\" \/>\n<meta property=\"article:published_time\" content=\"2022-06-03T14:10:42+00:00\" \/>\n<meta property=\"article:modified_time\" content=\"2022-06-09T13:41:42+00:00\" \/>\n<meta name=\"author\" content=\"R\u0131dvan Konrat\" \/>\n<meta name=\"twitter:card\" content=\"summary_large_image\" \/>\n<meta name=\"twitter:label1\" content=\"Written by\" \/>\n\t<meta name=\"twitter:data1\" content=\"R\u0131dvan Konrat\" \/>\n\t<meta name=\"twitter:label2\" content=\"Est. reading time\" \/>\n\t<meta name=\"twitter:data2\" content=\"2 minutes\" \/>\n<script type=\"application\/ld+json\" class=\"yoast-schema-graph\">{\"@context\":\"https:\/\/schema.org\",\"@graph\":[{\"@type\":\"Article\",\"@id\":\"https:\/\/www.esin.av.tr\/tr\/2022\/06\/03\/internet-ortaminda-ilan-yayimlanmasina-aracilik-edenlere-surekli-bildirim-yukumlulugu\/#article\",\"isPartOf\":{\"@id\":\"https:\/\/www.esin.av.tr\/tr\/2022\/06\/03\/internet-ortaminda-ilan-yayimlanmasina-aracilik-edenlere-surekli-bildirim-yukumlulugu\/\"},\"author\":{\"name\":\"R\u0131dvan Konrat\",\"@id\":\"https:\/\/www.esin.av.tr\/tr\/#\/schema\/person\/42c8e616aab56b8622fa365ad63282ae\"},\"headline\":\"\u0130nternet Ortam\u0131nda \u0130lan Yay\u0131mlanmas\u0131na Arac\u0131l\u0131k Edenlere S\u00fcrekli Bildirim Y\u00fck\u00fcml\u00fcl\u00fc\u011f\u00fc\",\"datePublished\":\"2022-06-03T14:10:42+00:00\",\"dateModified\":\"2022-06-09T13:41:42+00:00\",\"mainEntityOfPage\":{\"@id\":\"https:\/\/www.esin.av.tr\/tr\/2022\/06\/03\/internet-ortaminda-ilan-yayimlanmasina-aracilik-edenlere-surekli-bildirim-yukumlulugu\/\"},\"wordCount\":503,\"publisher\":{\"@id\":\"https:\/\/www.esin.av.tr\/tr\/#organization\"},\"keywords\":[\"Vergi\"],\"articleSection\":[\"Hukuk B\u00fcltenleri\"],\"inLanguage\":\"tr\"},{\"@type\":\"WebPage\",\"@id\":\"https:\/\/www.esin.av.tr\/tr\/2022\/06\/03\/internet-ortaminda-ilan-yayimlanmasina-aracilik-edenlere-surekli-bildirim-yukumlulugu\/\",\"url\":\"https:\/\/www.esin.av.tr\/tr\/2022\/06\/03\/internet-ortaminda-ilan-yayimlanmasina-aracilik-edenlere-surekli-bildirim-yukumlulugu\/\",\"name\":\"\u0130nternet Ortam\u0131nda \u0130lan Yay\u0131mlanmas\u0131na Arac\u0131l\u0131k Edenlere S\u00fcrekli Bildirim Y\u00fck\u00fcml\u00fcl\u00fc\u011f\u00fc\",\"isPartOf\":{\"@id\":\"https:\/\/www.esin.av.tr\/tr\/#website\"},\"datePublished\":\"2022-06-03T14:10:42+00:00\",\"dateModified\":\"2022-06-09T13:41:42+00:00\",\"description\":\"Yeni Geli\u015fme 31.05.2022 tarihli Resmi Gazete'de yay\u0131mlanarak y\u00fcr\u00fcrl\u00fc\u011fe giren 538 S\u0131ra No.lu Vergi Usul Kanunu Genel Tebli\u011fi (\\\"Tebli\u011f\\\") ile internet\",\"breadcrumb\":{\"@id\":\"https:\/\/www.esin.av.tr\/tr\/2022\/06\/03\/internet-ortaminda-ilan-yayimlanmasina-aracilik-edenlere-surekli-bildirim-yukumlulugu\/#breadcrumb\"},\"inLanguage\":\"tr\",\"potentialAction\":[{\"@type\":\"ReadAction\",\"target\":[\"https:\/\/www.esin.av.tr\/tr\/2022\/06\/03\/internet-ortaminda-ilan-yayimlanmasina-aracilik-edenlere-surekli-bildirim-yukumlulugu\/\"]}]},{\"@type\":\"BreadcrumbList\",\"@id\":\"https:\/\/www.esin.av.tr\/tr\/2022\/06\/03\/internet-ortaminda-ilan-yayimlanmasina-aracilik-edenlere-surekli-bildirim-yukumlulugu\/#breadcrumb\",\"itemListElement\":[{\"@type\":\"ListItem\",\"position\":1,\"name\":\"Home\",\"item\":\"https:\/\/www.esin.av.tr\/tr\/\"},{\"@type\":\"ListItem\",\"position\":2,\"name\":\"\u0130nternet Ortam\u0131nda \u0130lan Yay\u0131mlanmas\u0131na Arac\u0131l\u0131k Edenlere S\u00fcrekli Bildirim Y\u00fck\u00fcml\u00fcl\u00fc\u011f\u00fc\"}]},{\"@type\":\"WebSite\",\"@id\":\"https:\/\/www.esin.av.tr\/tr\/#website\",\"url\":\"https:\/\/www.esin.av.tr\/tr\/\",\"name\":\"Esin Avukatl\u0131k Ortakl\u0131\u011f\u0131\",\"description\":\"\",\"publisher\":{\"@id\":\"https:\/\/www.esin.av.tr\/tr\/#organization\"},\"potentialAction\":[{\"@type\":\"SearchAction\",\"target\":{\"@type\":\"EntryPoint\",\"urlTemplate\":\"https:\/\/www.esin.av.tr\/tr\/?s={search_term_string}\"},\"query-input\":{\"@type\":\"PropertyValueSpecification\",\"valueRequired\":true,\"valueName\":\"search_term_string\"}}],\"inLanguage\":\"tr\"},{\"@type\":\"Organization\",\"@id\":\"https:\/\/www.esin.av.tr\/tr\/#organization\",\"name\":\"Esin Avukatl\u0131k Ortakl\u0131\u011f\u0131\",\"url\":\"https:\/\/www.esin.av.tr\/tr\/\",\"logo\":{\"@type\":\"ImageObject\",\"inLanguage\":\"tr\",\"@id\":\"https:\/\/www.esin.av.tr\/tr\/#\/schema\/logo\/image\/\",\"url\":\"https:\/\/www.esin.av.tr\/wp-content\/uploads\/2021\/09\/esin-2.jpg\",\"contentUrl\":\"https:\/\/www.esin.av.tr\/wp-content\/uploads\/2021\/09\/esin-2.jpg\",\"width\":800,\"height\":460,\"caption\":\"Esin Avukatl\u0131k Ortakl\u0131\u011f\u0131\"},\"image\":{\"@id\":\"https:\/\/www.esin.av.tr\/tr\/#\/schema\/logo\/image\/\"}},{\"@type\":\"Person\",\"@id\":\"https:\/\/www.esin.av.tr\/tr\/#\/schema\/person\/42c8e616aab56b8622fa365ad63282ae\",\"name\":\"R\u0131dvan Konrat\",\"image\":{\"@type\":\"ImageObject\",\"inLanguage\":\"tr\",\"@id\":\"https:\/\/www.esin.av.tr\/tr\/#\/schema\/person\/image\/\",\"url\":\"https:\/\/secure.gravatar.com\/avatar\/b20c6c583be38ed4e76e32f69fccc676?s=96&d=mm&r=g\",\"contentUrl\":\"https:\/\/secure.gravatar.com\/avatar\/b20c6c583be38ed4e76e32f69fccc676?s=96&d=mm&r=g\",\"caption\":\"R\u0131dvan Konrat\"},\"sameAs\":[\"http:\/\/www.esin.av.tr\"],\"url\":\"https:\/\/www.esin.av.tr\/tr\/author\/rkonrat\/\"}]}<\/script>\n<!-- \/ Yoast SEO plugin. -->","yoast_head_json":{"title":"\u0130nternet Ortam\u0131nda \u0130lan Yay\u0131mlanmas\u0131na Arac\u0131l\u0131k Edenlere S\u00fcrekli Bildirim Y\u00fck\u00fcml\u00fcl\u00fc\u011f\u00fc","description":"Yeni Geli\u015fme 31.05.2022 tarihli Resmi Gazete'de yay\u0131mlanarak y\u00fcr\u00fcrl\u00fc\u011fe giren 538 S\u0131ra No.lu Vergi Usul Kanunu Genel Tebli\u011fi (\"Tebli\u011f\") ile internet","robots":{"index":"index","follow":"follow","max-snippet":"max-snippet:-1","max-image-preview":"max-image-preview:large","max-video-preview":"max-video-preview:-1"},"canonical":"https:\/\/www.esin.av.tr\/tr\/2022\/06\/03\/internet-ortaminda-ilan-yayimlanmasina-aracilik-edenlere-surekli-bildirim-yukumlulugu\/","og_locale":"tr_TR","og_type":"article","og_title":"\u0130nternet Ortam\u0131nda \u0130lan Yay\u0131mlanmas\u0131na Arac\u0131l\u0131k Edenlere S\u00fcrekli Bildirim Y\u00fck\u00fcml\u00fcl\u00fc\u011f\u00fc","og_description":"Yeni Geli\u015fme 31.05.2022 tarihli Resmi Gazete'de yay\u0131mlanarak y\u00fcr\u00fcrl\u00fc\u011fe giren 538 S\u0131ra No.lu Vergi Usul Kanunu Genel Tebli\u011fi (\"Tebli\u011f\") ile internet","og_url":"https:\/\/www.esin.av.tr\/tr\/2022\/06\/03\/internet-ortaminda-ilan-yayimlanmasina-aracilik-edenlere-surekli-bildirim-yukumlulugu\/","og_site_name":"Esin Avukatl\u0131k Ortakl\u0131\u011f\u0131","article_published_time":"2022-06-03T14:10:42+00:00","article_modified_time":"2022-06-09T13:41:42+00:00","author":"R\u0131dvan Konrat","twitter_card":"summary_large_image","twitter_misc":{"Written by":"R\u0131dvan Konrat","Est. reading time":"2 minutes"},"schema":{"@context":"https:\/\/schema.org","@graph":[{"@type":"Article","@id":"https:\/\/www.esin.av.tr\/tr\/2022\/06\/03\/internet-ortaminda-ilan-yayimlanmasina-aracilik-edenlere-surekli-bildirim-yukumlulugu\/#article","isPartOf":{"@id":"https:\/\/www.esin.av.tr\/tr\/2022\/06\/03\/internet-ortaminda-ilan-yayimlanmasina-aracilik-edenlere-surekli-bildirim-yukumlulugu\/"},"author":{"name":"R\u0131dvan Konrat","@id":"https:\/\/www.esin.av.tr\/tr\/#\/schema\/person\/42c8e616aab56b8622fa365ad63282ae"},"headline":"\u0130nternet Ortam\u0131nda \u0130lan Yay\u0131mlanmas\u0131na Arac\u0131l\u0131k Edenlere S\u00fcrekli Bildirim Y\u00fck\u00fcml\u00fcl\u00fc\u011f\u00fc","datePublished":"2022-06-03T14:10:42+00:00","dateModified":"2022-06-09T13:41:42+00:00","mainEntityOfPage":{"@id":"https:\/\/www.esin.av.tr\/tr\/2022\/06\/03\/internet-ortaminda-ilan-yayimlanmasina-aracilik-edenlere-surekli-bildirim-yukumlulugu\/"},"wordCount":503,"publisher":{"@id":"https:\/\/www.esin.av.tr\/tr\/#organization"},"keywords":["Vergi"],"articleSection":["Hukuk B\u00fcltenleri"],"inLanguage":"tr"},{"@type":"WebPage","@id":"https:\/\/www.esin.av.tr\/tr\/2022\/06\/03\/internet-ortaminda-ilan-yayimlanmasina-aracilik-edenlere-surekli-bildirim-yukumlulugu\/","url":"https:\/\/www.esin.av.tr\/tr\/2022\/06\/03\/internet-ortaminda-ilan-yayimlanmasina-aracilik-edenlere-surekli-bildirim-yukumlulugu\/","name":"\u0130nternet Ortam\u0131nda \u0130lan Yay\u0131mlanmas\u0131na Arac\u0131l\u0131k Edenlere S\u00fcrekli Bildirim Y\u00fck\u00fcml\u00fcl\u00fc\u011f\u00fc","isPartOf":{"@id":"https:\/\/www.esin.av.tr\/tr\/#website"},"datePublished":"2022-06-03T14:10:42+00:00","dateModified":"2022-06-09T13:41:42+00:00","description":"Yeni Geli\u015fme 31.05.2022 tarihli Resmi Gazete'de yay\u0131mlanarak y\u00fcr\u00fcrl\u00fc\u011fe giren 538 S\u0131ra No.lu Vergi Usul Kanunu Genel Tebli\u011fi (\"Tebli\u011f\") ile internet","breadcrumb":{"@id":"https:\/\/www.esin.av.tr\/tr\/2022\/06\/03\/internet-ortaminda-ilan-yayimlanmasina-aracilik-edenlere-surekli-bildirim-yukumlulugu\/#breadcrumb"},"inLanguage":"tr","potentialAction":[{"@type":"ReadAction","target":["https:\/\/www.esin.av.tr\/tr\/2022\/06\/03\/internet-ortaminda-ilan-yayimlanmasina-aracilik-edenlere-surekli-bildirim-yukumlulugu\/"]}]},{"@type":"BreadcrumbList","@id":"https:\/\/www.esin.av.tr\/tr\/2022\/06\/03\/internet-ortaminda-ilan-yayimlanmasina-aracilik-edenlere-surekli-bildirim-yukumlulugu\/#breadcrumb","itemListElement":[{"@type":"ListItem","position":1,"name":"Home","item":"https:\/\/www.esin.av.tr\/tr\/"},{"@type":"ListItem","position":2,"name":"\u0130nternet Ortam\u0131nda \u0130lan Yay\u0131mlanmas\u0131na Arac\u0131l\u0131k Edenlere S\u00fcrekli Bildirim Y\u00fck\u00fcml\u00fcl\u00fc\u011f\u00fc"}]},{"@type":"WebSite","@id":"https:\/\/www.esin.av.tr\/tr\/#website","url":"https:\/\/www.esin.av.tr\/tr\/","name":"Esin Avukatl\u0131k Ortakl\u0131\u011f\u0131","description":"","publisher":{"@id":"https:\/\/www.esin.av.tr\/tr\/#organization"},"potentialAction":[{"@type":"SearchAction","target":{"@type":"EntryPoint","urlTemplate":"https:\/\/www.esin.av.tr\/tr\/?s={search_term_string}"},"query-input":{"@type":"PropertyValueSpecification","valueRequired":true,"valueName":"search_term_string"}}],"inLanguage":"tr"},{"@type":"Organization","@id":"https:\/\/www.esin.av.tr\/tr\/#organization","name":"Esin Avukatl\u0131k Ortakl\u0131\u011f\u0131","url":"https:\/\/www.esin.av.tr\/tr\/","logo":{"@type":"ImageObject","inLanguage":"tr","@id":"https:\/\/www.esin.av.tr\/tr\/#\/schema\/logo\/image\/","url":"https:\/\/www.esin.av.tr\/wp-content\/uploads\/2021\/09\/esin-2.jpg","contentUrl":"https:\/\/www.esin.av.tr\/wp-content\/uploads\/2021\/09\/esin-2.jpg","width":800,"height":460,"caption":"Esin Avukatl\u0131k Ortakl\u0131\u011f\u0131"},"image":{"@id":"https:\/\/www.esin.av.tr\/tr\/#\/schema\/logo\/image\/"}},{"@type":"Person","@id":"https:\/\/www.esin.av.tr\/tr\/#\/schema\/person\/42c8e616aab56b8622fa365ad63282ae","name":"R\u0131dvan Konrat","image":{"@type":"ImageObject","inLanguage":"tr","@id":"https:\/\/www.esin.av.tr\/tr\/#\/schema\/person\/image\/","url":"https:\/\/secure.gravatar.com\/avatar\/b20c6c583be38ed4e76e32f69fccc676?s=96&d=mm&r=g","contentUrl":"https:\/\/secure.gravatar.com\/avatar\/b20c6c583be38ed4e76e32f69fccc676?s=96&d=mm&r=g","caption":"R\u0131dvan Konrat"},"sameAs":["http:\/\/www.esin.av.tr"],"url":"https:\/\/www.esin.av.tr\/tr\/author\/rkonrat\/"}]}},"_links":{"self":[{"href":"https:\/\/www.esin.av.tr\/tr\/wp-json\/wp\/v2\/posts\/22901","targetHints":{"allow":["GET"]}}],"collection":[{"href":"https:\/\/www.esin.av.tr\/tr\/wp-json\/wp\/v2\/posts"}],"about":[{"href":"https:\/\/www.esin.av.tr\/tr\/wp-json\/wp\/v2\/types\/post"}],"author":[{"embeddable":true,"href":"https:\/\/www.esin.av.tr\/tr\/wp-json\/wp\/v2\/users\/4"}],"replies":[{"embeddable":true,"href":"https:\/\/www.esin.av.tr\/tr\/wp-json\/wp\/v2\/comments?post=22901"}],"version-history":[{"count":1,"href":"https:\/\/www.esin.av.tr\/tr\/wp-json\/wp\/v2\/posts\/22901\/revisions"}],"predecessor-version":[{"id":22902,"href":"https:\/\/www.esin.av.tr\/tr\/wp-json\/wp\/v2\/posts\/22901\/revisions\/22902"}],"wp:attachment":[{"href":"https:\/\/www.esin.av.tr\/tr\/wp-json\/wp\/v2\/media?parent=22901"}],"wp:term":[{"taxonomy":"category","embeddable":true,"href":"https:\/\/www.esin.av.tr\/tr\/wp-json\/wp\/v2\/categories?post=22901"},{"taxonomy":"post_tag","embeddable":true,"href":"https:\/\/www.esin.av.tr\/tr\/wp-json\/wp\/v2\/tags?post=22901"}],"curies":[{"name":"wp","href":"https:\/\/api.w.org\/{rel}","templated":true}]}}