{"id":22896,"date":"2022-06-03T10:51:57","date_gmt":"2022-06-03T10:51:57","guid":{"rendered":"https:\/\/www.esin.av.tr\/?p=22896"},"modified":"2022-06-09T13:41:45","modified_gmt":"2022-06-09T13:41:45","slug":"webinar-guncel-gelismeler-isiginda-rekabet-kurulu-kararlarinin-idari-yargi-denetimi","status":"publish","type":"post","link":"https:\/\/www.esin.av.tr\/tr\/2022\/06\/03\/webinar-guncel-gelismeler-isiginda-rekabet-kurulu-kararlarinin-idari-yargi-denetimi\/","title":{"rendered":"Webinar: G\u00fcncel Geli\u015fmeler I\u015f\u0131\u011f\u0131nda Rekabet Kurulu Kararlar\u0131n\u0131n \u0130dari Yarg\u0131 Denetimi"},"content":{"rendered":"<p>\u0130dari yarg\u0131n\u0131n Rekabet Kurulu kararlar\u0131n\u0131n denetimi \u00f6zellikle son y\u0131llarda tesis edilmi\u015f kararlar \u0131\u015f\u0131\u011f\u0131nda rekabet hukukunu en tart\u0131\u015fmal\u0131 ve g\u00fcncel tart\u0131\u015fma konular\u0131ndan biri olmu\u015ftur.<\/p>\n<p>Bu kararlardan kalk\u0131narak idari yarg\u0131n\u0131n rekabet ihlallerinde ispat standard\u0131na y\u00f6nelik bak\u0131\u015f\u0131n\u0131 ve bu durumun Rekabet Kurul kararlar\u0131na olas\u0131 etkilerini tart\u0131\u015faca\u011f\u0131m\u0131z webinar\u0131m\u0131za bekleriz.<\/p>\n<p>Sayg\u0131lar\u0131m\u0131zla,<\/p>\n<p>Esin Avukatl\u0131k Ortakl\u0131\u011f\u0131<\/p>\n","protected":false},"excerpt":{"rendered":"<p>\u0130dari yarg\u0131n\u0131n Rekabet Kurulu kararlar\u0131n\u0131n denetimi \u00f6zellikle son y\u0131llarda tesis edilmi\u015f kararlar \u0131\u015f\u0131\u011f\u0131nda rekabet hukukunu en tart\u0131\u015fmal\u0131 ve g\u00fcncel tart\u0131\u015fma [&hellip;]<\/p>\n","protected":false},"author":4,"featured_media":0,"comment_status":"closed","ping_status":"closed","sticky":false,"template":"","format":"standard","meta":{"_acf_changed":false,"_stopmodifiedupdate":false,"_modified_date":"","footnotes":""},"categories":[117],"tags":[],"class_list":["post-22896","post","type-post","status-publish","format-standard","hentry","category-webinar"],"acf":[],"yoast_head":"<!-- This site is optimized with the Yoast SEO plugin v24.0 - https:\/\/yoast.com\/wordpress\/plugins\/seo\/ -->\n<title>Webinar: G\u00fcncel Geli\u015fmeler I\u015f\u0131\u011f\u0131nda Rekabet Kurulu Kararlar\u0131n\u0131n \u0130dari Yarg\u0131 Denetimi<\/title>\n<meta name=\"description\" content=\"\u0130dari yarg\u0131n\u0131n Rekabet Kurulu kararlar\u0131n\u0131n denetimi \u00f6zellikle son y\u0131llarda tesis edilmi\u015f kararlar \u0131\u015f\u0131\u011f\u0131nda rekabet hukukunu en tart\u0131\u015fmal\u0131 ve g\u00fcncel\" \/>\n<meta name=\"robots\" content=\"index, follow, max-snippet:-1, max-image-preview:large, max-video-preview:-1\" \/>\n<link rel=\"canonical\" href=\"https:\/\/www.esin.av.tr\/tr\/2022\/06\/03\/webinar-guncel-gelismeler-isiginda-rekabet-kurulu-kararlarinin-idari-yargi-denetimi\/\" \/>\n<meta property=\"og:locale\" content=\"tr_TR\" \/>\n<meta property=\"og:type\" content=\"article\" \/>\n<meta property=\"og:title\" content=\"Webinar: G\u00fcncel Geli\u015fmeler I\u015f\u0131\u011f\u0131nda Rekabet Kurulu Kararlar\u0131n\u0131n \u0130dari Yarg\u0131 Denetimi\" \/>\n<meta property=\"og:description\" content=\"\u0130dari yarg\u0131n\u0131n Rekabet Kurulu kararlar\u0131n\u0131n denetimi \u00f6zellikle son y\u0131llarda tesis edilmi\u015f kararlar \u0131\u015f\u0131\u011f\u0131nda rekabet hukukunu en tart\u0131\u015fmal\u0131 ve g\u00fcncel\" \/>\n<meta property=\"og:url\" content=\"https:\/\/www.esin.av.tr\/tr\/2022\/06\/03\/webinar-guncel-gelismeler-isiginda-rekabet-kurulu-kararlarinin-idari-yargi-denetimi\/\" \/>\n<meta property=\"og:site_name\" content=\"Esin Avukatl\u0131k Ortakl\u0131\u011f\u0131\" \/>\n<meta property=\"article:published_time\" content=\"2022-06-03T10:51:57+00:00\" \/>\n<meta property=\"article:modified_time\" content=\"2022-06-09T13:41:45+00:00\" \/>\n<meta name=\"author\" content=\"R\u0131dvan Konrat\" \/>\n<meta name=\"twitter:card\" content=\"summary_large_image\" \/>\n<meta name=\"twitter:label1\" content=\"Written by\" \/>\n\t<meta name=\"twitter:data1\" content=\"R\u0131dvan Konrat\" \/>\n\t<meta name=\"twitter:label2\" content=\"Est. reading time\" \/>\n\t<meta name=\"twitter:data2\" content=\"1 minute\" \/>\n<script type=\"application\/ld+json\" class=\"yoast-schema-graph\">{\"@context\":\"https:\/\/schema.org\",\"@graph\":[{\"@type\":\"Article\",\"@id\":\"https:\/\/www.esin.av.tr\/tr\/2022\/06\/03\/webinar-guncel-gelismeler-isiginda-rekabet-kurulu-kararlarinin-idari-yargi-denetimi\/#article\",\"isPartOf\":{\"@id\":\"https:\/\/www.esin.av.tr\/tr\/2022\/06\/03\/webinar-guncel-gelismeler-isiginda-rekabet-kurulu-kararlarinin-idari-yargi-denetimi\/\"},\"author\":{\"name\":\"R\u0131dvan Konrat\",\"@id\":\"https:\/\/www.esin.av.tr\/tr\/#\/schema\/person\/42c8e616aab56b8622fa365ad63282ae\"},\"headline\":\"Webinar: G\u00fcncel Geli\u015fmeler I\u015f\u0131\u011f\u0131nda Rekabet Kurulu Kararlar\u0131n\u0131n \u0130dari Yarg\u0131 Denetimi\",\"datePublished\":\"2022-06-03T10:51:57+00:00\",\"dateModified\":\"2022-06-09T13:41:45+00:00\",\"mainEntityOfPage\":{\"@id\":\"https:\/\/www.esin.av.tr\/tr\/2022\/06\/03\/webinar-guncel-gelismeler-isiginda-rekabet-kurulu-kararlarinin-idari-yargi-denetimi\/\"},\"wordCount\":90,\"publisher\":{\"@id\":\"https:\/\/www.esin.av.tr\/tr\/#organization\"},\"articleSection\":[\"Webinarlar\"],\"inLanguage\":\"tr\"},{\"@type\":\"WebPage\",\"@id\":\"https:\/\/www.esin.av.tr\/tr\/2022\/06\/03\/webinar-guncel-gelismeler-isiginda-rekabet-kurulu-kararlarinin-idari-yargi-denetimi\/\",\"url\":\"https:\/\/www.esin.av.tr\/tr\/2022\/06\/03\/webinar-guncel-gelismeler-isiginda-rekabet-kurulu-kararlarinin-idari-yargi-denetimi\/\",\"name\":\"Webinar: G\u00fcncel Geli\u015fmeler I\u015f\u0131\u011f\u0131nda Rekabet Kurulu Kararlar\u0131n\u0131n \u0130dari Yarg\u0131 Denetimi\",\"isPartOf\":{\"@id\":\"https:\/\/www.esin.av.tr\/tr\/#website\"},\"datePublished\":\"2022-06-03T10:51:57+00:00\",\"dateModified\":\"2022-06-09T13:41:45+00:00\",\"description\":\"\u0130dari yarg\u0131n\u0131n Rekabet Kurulu kararlar\u0131n\u0131n denetimi \u00f6zellikle son y\u0131llarda tesis edilmi\u015f kararlar \u0131\u015f\u0131\u011f\u0131nda rekabet hukukunu en tart\u0131\u015fmal\u0131 ve g\u00fcncel\",\"breadcrumb\":{\"@id\":\"https:\/\/www.esin.av.tr\/tr\/2022\/06\/03\/webinar-guncel-gelismeler-isiginda-rekabet-kurulu-kararlarinin-idari-yargi-denetimi\/#breadcrumb\"},\"inLanguage\":\"tr\",\"potentialAction\":[{\"@type\":\"ReadAction\",\"target\":[\"https:\/\/www.esin.av.tr\/tr\/2022\/06\/03\/webinar-guncel-gelismeler-isiginda-rekabet-kurulu-kararlarinin-idari-yargi-denetimi\/\"]}]},{\"@type\":\"BreadcrumbList\",\"@id\":\"https:\/\/www.esin.av.tr\/tr\/2022\/06\/03\/webinar-guncel-gelismeler-isiginda-rekabet-kurulu-kararlarinin-idari-yargi-denetimi\/#breadcrumb\",\"itemListElement\":[{\"@type\":\"ListItem\",\"position\":1,\"name\":\"Home\",\"item\":\"https:\/\/www.esin.av.tr\/tr\/\"},{\"@type\":\"ListItem\",\"position\":2,\"name\":\"Webinar: G\u00fcncel Geli\u015fmeler I\u015f\u0131\u011f\u0131nda Rekabet Kurulu Kararlar\u0131n\u0131n \u0130dari Yarg\u0131 Denetimi\"}]},{\"@type\":\"WebSite\",\"@id\":\"https:\/\/www.esin.av.tr\/tr\/#website\",\"url\":\"https:\/\/www.esin.av.tr\/tr\/\",\"name\":\"Esin Avukatl\u0131k Ortakl\u0131\u011f\u0131\",\"description\":\"\",\"publisher\":{\"@id\":\"https:\/\/www.esin.av.tr\/tr\/#organization\"},\"potentialAction\":[{\"@type\":\"SearchAction\",\"target\":{\"@type\":\"EntryPoint\",\"urlTemplate\":\"https:\/\/www.esin.av.tr\/tr\/?s={search_term_string}\"},\"query-input\":{\"@type\":\"PropertyValueSpecification\",\"valueRequired\":true,\"valueName\":\"search_term_string\"}}],\"inLanguage\":\"tr\"},{\"@type\":\"Organization\",\"@id\":\"https:\/\/www.esin.av.tr\/tr\/#organization\",\"name\":\"Esin Avukatl\u0131k Ortakl\u0131\u011f\u0131\",\"url\":\"https:\/\/www.esin.av.tr\/tr\/\",\"logo\":{\"@type\":\"ImageObject\",\"inLanguage\":\"tr\",\"@id\":\"https:\/\/www.esin.av.tr\/tr\/#\/schema\/logo\/image\/\",\"url\":\"https:\/\/www.esin.av.tr\/wp-content\/uploads\/2021\/09\/esin-2.jpg\",\"contentUrl\":\"https:\/\/www.esin.av.tr\/wp-content\/uploads\/2021\/09\/esin-2.jpg\",\"width\":800,\"height\":460,\"caption\":\"Esin Avukatl\u0131k Ortakl\u0131\u011f\u0131\"},\"image\":{\"@id\":\"https:\/\/www.esin.av.tr\/tr\/#\/schema\/logo\/image\/\"}},{\"@type\":\"Person\",\"@id\":\"https:\/\/www.esin.av.tr\/tr\/#\/schema\/person\/42c8e616aab56b8622fa365ad63282ae\",\"name\":\"R\u0131dvan Konrat\",\"image\":{\"@type\":\"ImageObject\",\"inLanguage\":\"tr\",\"@id\":\"https:\/\/www.esin.av.tr\/tr\/#\/schema\/person\/image\/\",\"url\":\"https:\/\/secure.gravatar.com\/avatar\/b20c6c583be38ed4e76e32f69fccc676?s=96&d=mm&r=g\",\"contentUrl\":\"https:\/\/secure.gravatar.com\/avatar\/b20c6c583be38ed4e76e32f69fccc676?s=96&d=mm&r=g\",\"caption\":\"R\u0131dvan Konrat\"},\"sameAs\":[\"http:\/\/www.esin.av.tr\"],\"url\":\"https:\/\/www.esin.av.tr\/tr\/author\/rkonrat\/\"}]}<\/script>\n<!-- \/ Yoast SEO plugin. -->","yoast_head_json":{"title":"Webinar: G\u00fcncel Geli\u015fmeler I\u015f\u0131\u011f\u0131nda Rekabet Kurulu Kararlar\u0131n\u0131n \u0130dari Yarg\u0131 Denetimi","description":"\u0130dari yarg\u0131n\u0131n Rekabet Kurulu kararlar\u0131n\u0131n denetimi \u00f6zellikle son y\u0131llarda tesis edilmi\u015f kararlar \u0131\u015f\u0131\u011f\u0131nda rekabet hukukunu en tart\u0131\u015fmal\u0131 ve g\u00fcncel","robots":{"index":"index","follow":"follow","max-snippet":"max-snippet:-1","max-image-preview":"max-image-preview:large","max-video-preview":"max-video-preview:-1"},"canonical":"https:\/\/www.esin.av.tr\/tr\/2022\/06\/03\/webinar-guncel-gelismeler-isiginda-rekabet-kurulu-kararlarinin-idari-yargi-denetimi\/","og_locale":"tr_TR","og_type":"article","og_title":"Webinar: G\u00fcncel Geli\u015fmeler I\u015f\u0131\u011f\u0131nda Rekabet Kurulu Kararlar\u0131n\u0131n \u0130dari Yarg\u0131 Denetimi","og_description":"\u0130dari yarg\u0131n\u0131n Rekabet Kurulu kararlar\u0131n\u0131n denetimi \u00f6zellikle son y\u0131llarda tesis edilmi\u015f kararlar \u0131\u015f\u0131\u011f\u0131nda rekabet hukukunu en tart\u0131\u015fmal\u0131 ve g\u00fcncel","og_url":"https:\/\/www.esin.av.tr\/tr\/2022\/06\/03\/webinar-guncel-gelismeler-isiginda-rekabet-kurulu-kararlarinin-idari-yargi-denetimi\/","og_site_name":"Esin Avukatl\u0131k Ortakl\u0131\u011f\u0131","article_published_time":"2022-06-03T10:51:57+00:00","article_modified_time":"2022-06-09T13:41:45+00:00","author":"R\u0131dvan Konrat","twitter_card":"summary_large_image","twitter_misc":{"Written by":"R\u0131dvan Konrat","Est. reading time":"1 minute"},"schema":{"@context":"https:\/\/schema.org","@graph":[{"@type":"Article","@id":"https:\/\/www.esin.av.tr\/tr\/2022\/06\/03\/webinar-guncel-gelismeler-isiginda-rekabet-kurulu-kararlarinin-idari-yargi-denetimi\/#article","isPartOf":{"@id":"https:\/\/www.esin.av.tr\/tr\/2022\/06\/03\/webinar-guncel-gelismeler-isiginda-rekabet-kurulu-kararlarinin-idari-yargi-denetimi\/"},"author":{"name":"R\u0131dvan Konrat","@id":"https:\/\/www.esin.av.tr\/tr\/#\/schema\/person\/42c8e616aab56b8622fa365ad63282ae"},"headline":"Webinar: G\u00fcncel Geli\u015fmeler I\u015f\u0131\u011f\u0131nda Rekabet Kurulu Kararlar\u0131n\u0131n \u0130dari Yarg\u0131 Denetimi","datePublished":"2022-06-03T10:51:57+00:00","dateModified":"2022-06-09T13:41:45+00:00","mainEntityOfPage":{"@id":"https:\/\/www.esin.av.tr\/tr\/2022\/06\/03\/webinar-guncel-gelismeler-isiginda-rekabet-kurulu-kararlarinin-idari-yargi-denetimi\/"},"wordCount":90,"publisher":{"@id":"https:\/\/www.esin.av.tr\/tr\/#organization"},"articleSection":["Webinarlar"],"inLanguage":"tr"},{"@type":"WebPage","@id":"https:\/\/www.esin.av.tr\/tr\/2022\/06\/03\/webinar-guncel-gelismeler-isiginda-rekabet-kurulu-kararlarinin-idari-yargi-denetimi\/","url":"https:\/\/www.esin.av.tr\/tr\/2022\/06\/03\/webinar-guncel-gelismeler-isiginda-rekabet-kurulu-kararlarinin-idari-yargi-denetimi\/","name":"Webinar: G\u00fcncel Geli\u015fmeler I\u015f\u0131\u011f\u0131nda Rekabet Kurulu Kararlar\u0131n\u0131n \u0130dari Yarg\u0131 Denetimi","isPartOf":{"@id":"https:\/\/www.esin.av.tr\/tr\/#website"},"datePublished":"2022-06-03T10:51:57+00:00","dateModified":"2022-06-09T13:41:45+00:00","description":"\u0130dari yarg\u0131n\u0131n Rekabet Kurulu kararlar\u0131n\u0131n denetimi \u00f6zellikle son y\u0131llarda tesis edilmi\u015f kararlar \u0131\u015f\u0131\u011f\u0131nda rekabet hukukunu en tart\u0131\u015fmal\u0131 ve g\u00fcncel","breadcrumb":{"@id":"https:\/\/www.esin.av.tr\/tr\/2022\/06\/03\/webinar-guncel-gelismeler-isiginda-rekabet-kurulu-kararlarinin-idari-yargi-denetimi\/#breadcrumb"},"inLanguage":"tr","potentialAction":[{"@type":"ReadAction","target":["https:\/\/www.esin.av.tr\/tr\/2022\/06\/03\/webinar-guncel-gelismeler-isiginda-rekabet-kurulu-kararlarinin-idari-yargi-denetimi\/"]}]},{"@type":"BreadcrumbList","@id":"https:\/\/www.esin.av.tr\/tr\/2022\/06\/03\/webinar-guncel-gelismeler-isiginda-rekabet-kurulu-kararlarinin-idari-yargi-denetimi\/#breadcrumb","itemListElement":[{"@type":"ListItem","position":1,"name":"Home","item":"https:\/\/www.esin.av.tr\/tr\/"},{"@type":"ListItem","position":2,"name":"Webinar: G\u00fcncel Geli\u015fmeler I\u015f\u0131\u011f\u0131nda Rekabet Kurulu Kararlar\u0131n\u0131n \u0130dari Yarg\u0131 Denetimi"}]},{"@type":"WebSite","@id":"https:\/\/www.esin.av.tr\/tr\/#website","url":"https:\/\/www.esin.av.tr\/tr\/","name":"Esin Avukatl\u0131k Ortakl\u0131\u011f\u0131","description":"","publisher":{"@id":"https:\/\/www.esin.av.tr\/tr\/#organization"},"potentialAction":[{"@type":"SearchAction","target":{"@type":"EntryPoint","urlTemplate":"https:\/\/www.esin.av.tr\/tr\/?s={search_term_string}"},"query-input":{"@type":"PropertyValueSpecification","valueRequired":true,"valueName":"search_term_string"}}],"inLanguage":"tr"},{"@type":"Organization","@id":"https:\/\/www.esin.av.tr\/tr\/#organization","name":"Esin Avukatl\u0131k Ortakl\u0131\u011f\u0131","url":"https:\/\/www.esin.av.tr\/tr\/","logo":{"@type":"ImageObject","inLanguage":"tr","@id":"https:\/\/www.esin.av.tr\/tr\/#\/schema\/logo\/image\/","url":"https:\/\/www.esin.av.tr\/wp-content\/uploads\/2021\/09\/esin-2.jpg","contentUrl":"https:\/\/www.esin.av.tr\/wp-content\/uploads\/2021\/09\/esin-2.jpg","width":800,"height":460,"caption":"Esin Avukatl\u0131k Ortakl\u0131\u011f\u0131"},"image":{"@id":"https:\/\/www.esin.av.tr\/tr\/#\/schema\/logo\/image\/"}},{"@type":"Person","@id":"https:\/\/www.esin.av.tr\/tr\/#\/schema\/person\/42c8e616aab56b8622fa365ad63282ae","name":"R\u0131dvan Konrat","image":{"@type":"ImageObject","inLanguage":"tr","@id":"https:\/\/www.esin.av.tr\/tr\/#\/schema\/person\/image\/","url":"https:\/\/secure.gravatar.com\/avatar\/b20c6c583be38ed4e76e32f69fccc676?s=96&d=mm&r=g","contentUrl":"https:\/\/secure.gravatar.com\/avatar\/b20c6c583be38ed4e76e32f69fccc676?s=96&d=mm&r=g","caption":"R\u0131dvan Konrat"},"sameAs":["http:\/\/www.esin.av.tr"],"url":"https:\/\/www.esin.av.tr\/tr\/author\/rkonrat\/"}]}},"_links":{"self":[{"href":"https:\/\/www.esin.av.tr\/tr\/wp-json\/wp\/v2\/posts\/22896","targetHints":{"allow":["GET"]}}],"collection":[{"href":"https:\/\/www.esin.av.tr\/tr\/wp-json\/wp\/v2\/posts"}],"about":[{"href":"https:\/\/www.esin.av.tr\/tr\/wp-json\/wp\/v2\/types\/post"}],"author":[{"embeddable":true,"href":"https:\/\/www.esin.av.tr\/tr\/wp-json\/wp\/v2\/users\/4"}],"replies":[{"embeddable":true,"href":"https:\/\/www.esin.av.tr\/tr\/wp-json\/wp\/v2\/comments?post=22896"}],"version-history":[{"count":1,"href":"https:\/\/www.esin.av.tr\/tr\/wp-json\/wp\/v2\/posts\/22896\/revisions"}],"predecessor-version":[{"id":22897,"href":"https:\/\/www.esin.av.tr\/tr\/wp-json\/wp\/v2\/posts\/22896\/revisions\/22897"}],"wp:attachment":[{"href":"https:\/\/www.esin.av.tr\/tr\/wp-json\/wp\/v2\/media?parent=22896"}],"wp:term":[{"taxonomy":"category","embeddable":true,"href":"https:\/\/www.esin.av.tr\/tr\/wp-json\/wp\/v2\/categories?post=22896"},{"taxonomy":"post_tag","embeddable":true,"href":"https:\/\/www.esin.av.tr\/tr\/wp-json\/wp\/v2\/tags?post=22896"}],"curies":[{"name":"wp","href":"https:\/\/api.w.org\/{rel}","templated":true}]}}