{"id":22806,"date":"2022-05-17T10:10:45","date_gmt":"2022-05-17T10:10:45","guid":{"rendered":"https:\/\/www.esin.av.tr\/?p=22806"},"modified":"2022-06-09T13:41:53","modified_gmt":"2022-06-09T13:41:53","slug":"anayasa-mahkemesinden-ifade-ozgurlugune-iliskin-yeni-karar-4","status":"publish","type":"post","link":"https:\/\/www.esin.av.tr\/tr\/2022\/05\/17\/anayasa-mahkemesinden-ifade-ozgurlugune-iliskin-yeni-karar-4\/","title":{"rendered":"Anayasa Mahkemesinden \u0130fade \u00d6zg\u00fcrl\u00fc\u011f\u00fcne \u0130li\u015fkin Yeni Karar"},"content":{"rendered":"<h3><strong><a href=\"https:\/\/podcast.esin.av.tr\/?lang=tr&amp;playing=PFC6697047249?updated=1652776750\" target=\"_blank\" rel=\"noopener\"><img decoding=\"async\" class=\"alignnone wp-image-18799\" src=\"https:\/\/www.esin.av.tr\/wp-content\/uploads\/2021\/02\/1.png\" alt=\"\" width=\"45\" height=\"45\" srcset=\"https:\/\/www.esin.av.tr\/wp-content\/uploads\/2021\/02\/1.png 186w, https:\/\/www.esin.av.tr\/wp-content\/uploads\/2021\/02\/1-150x150.png 150w\" sizes=\"(max-width: 45px) 100vw, 45px\" \/><\/a>\u00a0 \u00a0 \u00a0 \u00a0 \u00a0 \u00a0 Bu b\u00fcltenimizi podcast olarak da dinleyebilirsiniz!<\/strong><\/h3>\n<h3><\/h3>\n<h3><strong>Yeni Geli\u015fme<\/strong><\/h3>\n<p>Anayasa Mahkemesinin, \u00f6\u011fretmen olan ba\u015fvurucunun ifade \u00f6zg\u00fcrl\u00fc\u011f\u00fcn\u00fcn ihlal edildi\u011fi y\u00f6n\u00fcnde karar verdi\u011fi 2017\/39464 ba\u015fvuru numaral\u0131 23 \u015eubat 2022 tarihli karar\u0131 27 Nisan 2022 tarihli Resmi Gazete&#8217;de yay\u0131mland\u0131. Anayasa Mahkemesi, kararda kamu g\u00f6revlilerinin ifade \u00f6zg\u00fcrl\u00fc\u011f\u00fcn\u00fcn s\u0131n\u0131rlar\u0131n\u0131 de\u011ferlendirdi. Karara <a href=\"https:\/\/urldefense.com\/v3\/__https:\/esinxchange.com\/collect\/click.aspx?u=LzdHeGk4ZXZyYnZwMWNmRU1pMFJWQVMyWkVzd21nSzdHRGtLUEw1TWpMQXJheFl4M1ZVamdGaVI5Y0JXZEF0Qk44dFR2Q2FyTURoTUdJK0tzRE5DbmM5anFuYTdpMS90SzhaZGg0MGNDeHBLS2FxSmMwZVRPc0Jqa3YzRkxtVEE=&amp;rh=ff0090eb89b0b85f8668f704a84886c40e811394__;!!Hj9Y_P0nvg!RHmh5yE6Lsnsnj2Bn8OM2RbAgAc_HE6sH4AFQFeTCz66VazpVCXAEf8hsXS4q1tLKmJZBZ9ast1JQc8tsDlOcIDQyQ$\">buradan<\/a> ula\u015fabilirsiniz.<\/p>\n<h3><strong>\u0130hlal Konusu Ba\u015fvuru<\/strong><\/h3>\n<p>Ba\u015fvurucu, lisede \u00f6\u011fretmen ve bir sendikada y\u00f6netim kurulu \u00fcyesi ve \u015fube sekreteridir. Ba\u015fvurucu, sendikaya kay\u0131tl\u0131 bir kamu g\u00f6revlisinin lojman\u0131n\u0131 yasal s\u00fcreyi a\u015farak tahliye etmesi sebebi ile \u0130l Disiplin Kuruluna sevk edildi\u011fi toplant\u0131ya kat\u0131lm\u0131\u015f ve toplant\u0131 sonras\u0131nda sosyal medya hesab\u0131ndan &#8220;il m\u00fcd\u00fcr\u00fcn\u00fcn personelini harcamas\u0131 de\u011fil sahip \u00e7\u0131kmas\u0131&#8221; gerekti\u011fine ili\u015fkin bir payla\u015f\u0131mda bulunmu\u015ftur. S\u00f6z konusu payla\u015f\u0131m\u0131 dolay\u0131s\u0131yla k\u0131nama cezas\u0131 alm\u0131\u015ft\u0131r. Ba\u015fvurucu idari i\u015flemin iptali istemiyle idare mahkemesine ba\u015fvurmu\u015ftur ancak idare mahkemesi ve sonras\u0131nda b\u00f6lge idare mahkemesi karar\u0131 onam\u0131\u015ft\u0131r. Bunu takiben ba\u015fvurucu, Anayasa Mahkemesine ba\u015fvurmu\u015ftur.<\/p>\n<h3><strong>Karar Neyi Kaps\u0131yor?<\/strong><\/h3>\n<p>Anayasa Mahkemesi, ba\u015fvurucunun iddialar\u0131n\u0131 ifade \u00f6zg\u00fcrl\u00fc\u011f\u00fc kapsam\u0131nda de\u011ferlendirmi\u015f, yap\u0131lan m\u00fcdahalenin hukuka uygun olmas\u0131 i\u00e7in Anayasa&#8217;n\u0131n 13. maddesinde \u00f6ng\u00f6r\u00fclen (i) kanunlar taraf\u0131ndan \u00f6ng\u00f6r\u00fclme, (ii) Anayasa&#8217;da \u00f6ng\u00f6r\u00fclen hakl\u0131 sebeplere dayanma ve (iii) demokratik toplumun gereklerine uygun olma ve \u00f6l\u00e7\u00fcl\u00fc olma ko\u015fullar\u0131n\u0131 sa\u011flamas\u0131 gerekti\u011fini belirtmi\u015ftir. Anayasa Mahkemesi de\u011ferlendirmelerini demokratik toplumun gereklerine uygunluk \u00fczerinde yo\u011funla\u015ft\u0131rm\u0131\u015ft\u0131r.<\/p>\n<p>Anayasa Mahkemesi \u00f6ncelikle devletin kamu hizmetinde \u00e7al\u0131\u015fan memurlara ba\u011fl\u0131l\u0131k g\u00f6revi getirmesi ve \u00f6dev ve sorumluluklar y\u00fcklemesinin me\u015fru oldu\u011funu ifade etmi\u015ftir. Kamu g\u00f6revlilerinin stat\u00fclerinden kaynaklanan s\u0131n\u0131rlamalara tabi olmalar\u0131n\u0131n ifade \u00f6zg\u00fcrl\u00fcklerini pe\u015finen feda etmedi\u011fini ve dengeli ve tarafs\u0131z olmak kayd\u0131yla ele\u015ftiride bulunabileceklerini ifade etmi\u015ftir. Bu kapsamda, devlet memurlar\u0131n\u0131n ifadelerini siyasi y\u00f6nden yans\u0131z ve dengeli olarak a\u00e7\u0131klay\u0131p a\u00e7\u0131klamad\u0131klar\u0131n\u0131 ve tarafs\u0131zl\u0131klar\u0131n g\u00fcvence alt\u0131nda olup olmad\u0131\u011f\u0131n\u0131 de\u011ferlendirmeleri gerekmektedir.<\/p>\n<p>Anayasa Mahkemesi, toplant\u0131da konu\u015fulanlar\u0131n gizli kalmas\u0131 gereken bilgiler olmad\u0131\u011f\u0131n\u0131, karara yans\u0131mayan ve toplant\u0131da dile getirilen g\u00f6r\u00fc\u015flerin de ba\u015fvurucu taraf\u0131ndan payla\u015f\u0131lmad\u0131\u011f\u0131n\u0131 belirtmi\u015ftir. Bu kapsamda, ba\u015fvurucunun sendika y\u00f6neticisi olarak personelin haklar\u0131n\u0131 savunma amac\u0131 ile hareket etti\u011fini de\u011ferlendirmi\u015ftir. Toplant\u0131ya ili\u015fkin g\u00f6r\u00fc\u015flerini yans\u0131tmas\u0131n\u0131n kamu g\u00f6revlisi stat\u00fcs\u00fcnden kaynaklanan \u00f6dev ve sorumluluklar\u0131na ayk\u0131r\u0131 olmad\u0131\u011f\u0131 ve ifade \u00f6zg\u00fcrl\u00fc\u011f\u00fc kapsam\u0131nda korunmas\u0131 gerekti\u011fini de\u011ferlendirmi\u015ftir. Bu de\u011ferlendirmeler \u0131\u015f\u0131\u011f\u0131nda, disiplin cezas\u0131n\u0131n zorunlu bir toplumsal ihtiyac\u0131 kar\u015f\u0131lamad\u0131\u011f\u0131na karar vermi\u015ftir.<\/p>\n<h3><strong>Sonu\u00e7<\/strong><\/h3>\n<p>Eldeki kararda Anayasa Mahkemesi, kamu g\u00f6revlilerinin ifade \u00f6zg\u00fcrl\u00fc\u011f\u00fcn\u00fc incelemi\u015f ve kamu g\u00f6revlilerinin tarafs\u0131zl\u0131klar\u0131na g\u00f6lge d\u00fc\u015f\u00fcrmeyecek hususlarda ele\u015ftirilerde bulunabilece\u011fini de\u011ferlendirmi\u015ftir.<\/p>\n","protected":false},"excerpt":{"rendered":"<p>\u00a0 \u00a0 \u00a0 \u00a0 \u00a0 \u00a0 Bu b\u00fcltenimizi podcast olarak da dinleyebilirsiniz! Yeni Geli\u015fme Anayasa Mahkemesinin, \u00f6\u011fretmen olan ba\u015fvurucunun ifade [&hellip;]<\/p>\n","protected":false},"author":4,"featured_media":0,"comment_status":"closed","ping_status":"closed","sticky":false,"template":"","format":"standard","meta":{"_acf_changed":false,"_stopmodifiedupdate":false,"_modified_date":"","footnotes":""},"categories":[120],"tags":[93],"class_list":["post-22806","post","type-post","status-publish","format-standard","hentry","category-legal-alerts","tag-information-technology-communications-tr"],"acf":[],"yoast_head":"<!-- This site is optimized with the Yoast SEO plugin v24.0 - https:\/\/yoast.com\/wordpress\/plugins\/seo\/ -->\n<title>Anayasa Mahkemesinden \u0130fade \u00d6zg\u00fcrl\u00fc\u011f\u00fcne \u0130li\u015fkin Yeni Karar<\/title>\n<meta name=\"description\" content=\"\u00a0 \u00a0 \u00a0 \u00a0 \u00a0 \u00a0 Bu b\u00fcltenimizi podcast olarak da dinleyebilirsiniz! Yeni Geli\u015fme Anayasa Mahkemesinin, \u00f6\u011fretmen olan ba\u015fvurucunun ifade \u00f6zg\u00fcrl\u00fc\u011f\u00fcn\u00fcn ihlal\" \/>\n<meta name=\"robots\" content=\"index, follow, max-snippet:-1, max-image-preview:large, max-video-preview:-1\" \/>\n<link rel=\"canonical\" href=\"https:\/\/www.esin.av.tr\/tr\/2022\/05\/17\/anayasa-mahkemesinden-ifade-ozgurlugune-iliskin-yeni-karar-4\/\" \/>\n<meta property=\"og:locale\" content=\"tr_TR\" \/>\n<meta property=\"og:type\" content=\"article\" \/>\n<meta property=\"og:title\" content=\"Anayasa Mahkemesinden \u0130fade \u00d6zg\u00fcrl\u00fc\u011f\u00fcne \u0130li\u015fkin Yeni Karar\" \/>\n<meta property=\"og:description\" content=\"\u00a0 \u00a0 \u00a0 \u00a0 \u00a0 \u00a0 Bu b\u00fcltenimizi podcast olarak da dinleyebilirsiniz! Yeni Geli\u015fme Anayasa Mahkemesinin, \u00f6\u011fretmen olan ba\u015fvurucunun ifade \u00f6zg\u00fcrl\u00fc\u011f\u00fcn\u00fcn ihlal\" \/>\n<meta property=\"og:url\" content=\"https:\/\/www.esin.av.tr\/tr\/2022\/05\/17\/anayasa-mahkemesinden-ifade-ozgurlugune-iliskin-yeni-karar-4\/\" \/>\n<meta property=\"og:site_name\" content=\"Esin Avukatl\u0131k Ortakl\u0131\u011f\u0131\" \/>\n<meta property=\"article:published_time\" content=\"2022-05-17T10:10:45+00:00\" \/>\n<meta property=\"article:modified_time\" content=\"2022-06-09T13:41:53+00:00\" \/>\n<meta property=\"og:image\" content=\"https:\/\/www.esin.av.tr\/wp-content\/uploads\/2021\/02\/1.png\" \/>\n<meta name=\"author\" content=\"R\u0131dvan Konrat\" \/>\n<meta name=\"twitter:card\" content=\"summary_large_image\" \/>\n<meta name=\"twitter:label1\" content=\"Written by\" \/>\n\t<meta name=\"twitter:data1\" content=\"R\u0131dvan Konrat\" \/>\n\t<meta name=\"twitter:label2\" content=\"Est. reading time\" \/>\n\t<meta name=\"twitter:data2\" content=\"3 minutes\" \/>\n<script type=\"application\/ld+json\" class=\"yoast-schema-graph\">{\"@context\":\"https:\/\/schema.org\",\"@graph\":[{\"@type\":\"Article\",\"@id\":\"https:\/\/www.esin.av.tr\/tr\/2022\/05\/17\/anayasa-mahkemesinden-ifade-ozgurlugune-iliskin-yeni-karar-4\/#article\",\"isPartOf\":{\"@id\":\"https:\/\/www.esin.av.tr\/tr\/2022\/05\/17\/anayasa-mahkemesinden-ifade-ozgurlugune-iliskin-yeni-karar-4\/\"},\"author\":{\"name\":\"R\u0131dvan Konrat\",\"@id\":\"https:\/\/www.esin.av.tr\/tr\/#\/schema\/person\/42c8e616aab56b8622fa365ad63282ae\"},\"headline\":\"Anayasa Mahkemesinden \u0130fade \u00d6zg\u00fcrl\u00fc\u011f\u00fcne \u0130li\u015fkin Yeni Karar\",\"datePublished\":\"2022-05-17T10:10:45+00:00\",\"dateModified\":\"2022-06-09T13:41:53+00:00\",\"mainEntityOfPage\":{\"@id\":\"https:\/\/www.esin.av.tr\/tr\/2022\/05\/17\/anayasa-mahkemesinden-ifade-ozgurlugune-iliskin-yeni-karar-4\/\"},\"wordCount\":528,\"publisher\":{\"@id\":\"https:\/\/www.esin.av.tr\/tr\/#organization\"},\"image\":{\"@id\":\"https:\/\/www.esin.av.tr\/tr\/2022\/05\/17\/anayasa-mahkemesinden-ifade-ozgurlugune-iliskin-yeni-karar-4\/#primaryimage\"},\"thumbnailUrl\":\"https:\/\/www.esin.av.tr\/wp-content\/uploads\/2021\/02\/1.png\",\"keywords\":[\"Bilgi Teknolojileri ve Telekom\u00fcnikasyon\"],\"articleSection\":[\"Hukuk B\u00fcltenleri\"],\"inLanguage\":\"tr\"},{\"@type\":\"WebPage\",\"@id\":\"https:\/\/www.esin.av.tr\/tr\/2022\/05\/17\/anayasa-mahkemesinden-ifade-ozgurlugune-iliskin-yeni-karar-4\/\",\"url\":\"https:\/\/www.esin.av.tr\/tr\/2022\/05\/17\/anayasa-mahkemesinden-ifade-ozgurlugune-iliskin-yeni-karar-4\/\",\"name\":\"Anayasa Mahkemesinden \u0130fade \u00d6zg\u00fcrl\u00fc\u011f\u00fcne \u0130li\u015fkin Yeni Karar\",\"isPartOf\":{\"@id\":\"https:\/\/www.esin.av.tr\/tr\/#website\"},\"primaryImageOfPage\":{\"@id\":\"https:\/\/www.esin.av.tr\/tr\/2022\/05\/17\/anayasa-mahkemesinden-ifade-ozgurlugune-iliskin-yeni-karar-4\/#primaryimage\"},\"image\":{\"@id\":\"https:\/\/www.esin.av.tr\/tr\/2022\/05\/17\/anayasa-mahkemesinden-ifade-ozgurlugune-iliskin-yeni-karar-4\/#primaryimage\"},\"thumbnailUrl\":\"https:\/\/www.esin.av.tr\/wp-content\/uploads\/2021\/02\/1.png\",\"datePublished\":\"2022-05-17T10:10:45+00:00\",\"dateModified\":\"2022-06-09T13:41:53+00:00\",\"description\":\"\u00a0 \u00a0 \u00a0 \u00a0 \u00a0 \u00a0 Bu b\u00fcltenimizi podcast olarak da dinleyebilirsiniz! Yeni Geli\u015fme Anayasa Mahkemesinin, \u00f6\u011fretmen olan ba\u015fvurucunun ifade \u00f6zg\u00fcrl\u00fc\u011f\u00fcn\u00fcn ihlal\",\"breadcrumb\":{\"@id\":\"https:\/\/www.esin.av.tr\/tr\/2022\/05\/17\/anayasa-mahkemesinden-ifade-ozgurlugune-iliskin-yeni-karar-4\/#breadcrumb\"},\"inLanguage\":\"tr\",\"potentialAction\":[{\"@type\":\"ReadAction\",\"target\":[\"https:\/\/www.esin.av.tr\/tr\/2022\/05\/17\/anayasa-mahkemesinden-ifade-ozgurlugune-iliskin-yeni-karar-4\/\"]}]},{\"@type\":\"ImageObject\",\"inLanguage\":\"tr\",\"@id\":\"https:\/\/www.esin.av.tr\/tr\/2022\/05\/17\/anayasa-mahkemesinden-ifade-ozgurlugune-iliskin-yeni-karar-4\/#primaryimage\",\"url\":\"https:\/\/www.esin.av.tr\/wp-content\/uploads\/2021\/02\/1.png\",\"contentUrl\":\"https:\/\/www.esin.av.tr\/wp-content\/uploads\/2021\/02\/1.png\"},{\"@type\":\"BreadcrumbList\",\"@id\":\"https:\/\/www.esin.av.tr\/tr\/2022\/05\/17\/anayasa-mahkemesinden-ifade-ozgurlugune-iliskin-yeni-karar-4\/#breadcrumb\",\"itemListElement\":[{\"@type\":\"ListItem\",\"position\":1,\"name\":\"Home\",\"item\":\"https:\/\/www.esin.av.tr\/tr\/\"},{\"@type\":\"ListItem\",\"position\":2,\"name\":\"Anayasa Mahkemesinden \u0130fade \u00d6zg\u00fcrl\u00fc\u011f\u00fcne \u0130li\u015fkin Yeni Karar\"}]},{\"@type\":\"WebSite\",\"@id\":\"https:\/\/www.esin.av.tr\/tr\/#website\",\"url\":\"https:\/\/www.esin.av.tr\/tr\/\",\"name\":\"Esin Avukatl\u0131k Ortakl\u0131\u011f\u0131\",\"description\":\"\",\"publisher\":{\"@id\":\"https:\/\/www.esin.av.tr\/tr\/#organization\"},\"potentialAction\":[{\"@type\":\"SearchAction\",\"target\":{\"@type\":\"EntryPoint\",\"urlTemplate\":\"https:\/\/www.esin.av.tr\/tr\/?s={search_term_string}\"},\"query-input\":{\"@type\":\"PropertyValueSpecification\",\"valueRequired\":true,\"valueName\":\"search_term_string\"}}],\"inLanguage\":\"tr\"},{\"@type\":\"Organization\",\"@id\":\"https:\/\/www.esin.av.tr\/tr\/#organization\",\"name\":\"Esin Avukatl\u0131k Ortakl\u0131\u011f\u0131\",\"url\":\"https:\/\/www.esin.av.tr\/tr\/\",\"logo\":{\"@type\":\"ImageObject\",\"inLanguage\":\"tr\",\"@id\":\"https:\/\/www.esin.av.tr\/tr\/#\/schema\/logo\/image\/\",\"url\":\"https:\/\/www.esin.av.tr\/wp-content\/uploads\/2021\/09\/esin-2.jpg\",\"contentUrl\":\"https:\/\/www.esin.av.tr\/wp-content\/uploads\/2021\/09\/esin-2.jpg\",\"width\":800,\"height\":460,\"caption\":\"Esin Avukatl\u0131k Ortakl\u0131\u011f\u0131\"},\"image\":{\"@id\":\"https:\/\/www.esin.av.tr\/tr\/#\/schema\/logo\/image\/\"}},{\"@type\":\"Person\",\"@id\":\"https:\/\/www.esin.av.tr\/tr\/#\/schema\/person\/42c8e616aab56b8622fa365ad63282ae\",\"name\":\"R\u0131dvan Konrat\",\"image\":{\"@type\":\"ImageObject\",\"inLanguage\":\"tr\",\"@id\":\"https:\/\/www.esin.av.tr\/tr\/#\/schema\/person\/image\/\",\"url\":\"https:\/\/secure.gravatar.com\/avatar\/b20c6c583be38ed4e76e32f69fccc676?s=96&d=mm&r=g\",\"contentUrl\":\"https:\/\/secure.gravatar.com\/avatar\/b20c6c583be38ed4e76e32f69fccc676?s=96&d=mm&r=g\",\"caption\":\"R\u0131dvan Konrat\"},\"sameAs\":[\"http:\/\/www.esin.av.tr\"],\"url\":\"https:\/\/www.esin.av.tr\/tr\/author\/rkonrat\/\"}]}<\/script>\n<!-- \/ Yoast SEO plugin. -->","yoast_head_json":{"title":"Anayasa Mahkemesinden \u0130fade \u00d6zg\u00fcrl\u00fc\u011f\u00fcne \u0130li\u015fkin Yeni Karar","description":"\u00a0 \u00a0 \u00a0 \u00a0 \u00a0 \u00a0 Bu b\u00fcltenimizi podcast olarak da dinleyebilirsiniz! Yeni Geli\u015fme Anayasa Mahkemesinin, \u00f6\u011fretmen olan ba\u015fvurucunun ifade \u00f6zg\u00fcrl\u00fc\u011f\u00fcn\u00fcn ihlal","robots":{"index":"index","follow":"follow","max-snippet":"max-snippet:-1","max-image-preview":"max-image-preview:large","max-video-preview":"max-video-preview:-1"},"canonical":"https:\/\/www.esin.av.tr\/tr\/2022\/05\/17\/anayasa-mahkemesinden-ifade-ozgurlugune-iliskin-yeni-karar-4\/","og_locale":"tr_TR","og_type":"article","og_title":"Anayasa Mahkemesinden \u0130fade \u00d6zg\u00fcrl\u00fc\u011f\u00fcne \u0130li\u015fkin Yeni Karar","og_description":"\u00a0 \u00a0 \u00a0 \u00a0 \u00a0 \u00a0 Bu b\u00fcltenimizi podcast olarak da dinleyebilirsiniz! Yeni Geli\u015fme Anayasa Mahkemesinin, \u00f6\u011fretmen olan ba\u015fvurucunun ifade \u00f6zg\u00fcrl\u00fc\u011f\u00fcn\u00fcn ihlal","og_url":"https:\/\/www.esin.av.tr\/tr\/2022\/05\/17\/anayasa-mahkemesinden-ifade-ozgurlugune-iliskin-yeni-karar-4\/","og_site_name":"Esin Avukatl\u0131k Ortakl\u0131\u011f\u0131","article_published_time":"2022-05-17T10:10:45+00:00","article_modified_time":"2022-06-09T13:41:53+00:00","og_image":[{"url":"https:\/\/www.esin.av.tr\/wp-content\/uploads\/2021\/02\/1.png","type":"","width":"","height":""}],"author":"R\u0131dvan Konrat","twitter_card":"summary_large_image","twitter_misc":{"Written by":"R\u0131dvan Konrat","Est. reading time":"3 minutes"},"schema":{"@context":"https:\/\/schema.org","@graph":[{"@type":"Article","@id":"https:\/\/www.esin.av.tr\/tr\/2022\/05\/17\/anayasa-mahkemesinden-ifade-ozgurlugune-iliskin-yeni-karar-4\/#article","isPartOf":{"@id":"https:\/\/www.esin.av.tr\/tr\/2022\/05\/17\/anayasa-mahkemesinden-ifade-ozgurlugune-iliskin-yeni-karar-4\/"},"author":{"name":"R\u0131dvan Konrat","@id":"https:\/\/www.esin.av.tr\/tr\/#\/schema\/person\/42c8e616aab56b8622fa365ad63282ae"},"headline":"Anayasa Mahkemesinden \u0130fade \u00d6zg\u00fcrl\u00fc\u011f\u00fcne \u0130li\u015fkin Yeni Karar","datePublished":"2022-05-17T10:10:45+00:00","dateModified":"2022-06-09T13:41:53+00:00","mainEntityOfPage":{"@id":"https:\/\/www.esin.av.tr\/tr\/2022\/05\/17\/anayasa-mahkemesinden-ifade-ozgurlugune-iliskin-yeni-karar-4\/"},"wordCount":528,"publisher":{"@id":"https:\/\/www.esin.av.tr\/tr\/#organization"},"image":{"@id":"https:\/\/www.esin.av.tr\/tr\/2022\/05\/17\/anayasa-mahkemesinden-ifade-ozgurlugune-iliskin-yeni-karar-4\/#primaryimage"},"thumbnailUrl":"https:\/\/www.esin.av.tr\/wp-content\/uploads\/2021\/02\/1.png","keywords":["Bilgi Teknolojileri ve Telekom\u00fcnikasyon"],"articleSection":["Hukuk B\u00fcltenleri"],"inLanguage":"tr"},{"@type":"WebPage","@id":"https:\/\/www.esin.av.tr\/tr\/2022\/05\/17\/anayasa-mahkemesinden-ifade-ozgurlugune-iliskin-yeni-karar-4\/","url":"https:\/\/www.esin.av.tr\/tr\/2022\/05\/17\/anayasa-mahkemesinden-ifade-ozgurlugune-iliskin-yeni-karar-4\/","name":"Anayasa Mahkemesinden \u0130fade \u00d6zg\u00fcrl\u00fc\u011f\u00fcne \u0130li\u015fkin Yeni Karar","isPartOf":{"@id":"https:\/\/www.esin.av.tr\/tr\/#website"},"primaryImageOfPage":{"@id":"https:\/\/www.esin.av.tr\/tr\/2022\/05\/17\/anayasa-mahkemesinden-ifade-ozgurlugune-iliskin-yeni-karar-4\/#primaryimage"},"image":{"@id":"https:\/\/www.esin.av.tr\/tr\/2022\/05\/17\/anayasa-mahkemesinden-ifade-ozgurlugune-iliskin-yeni-karar-4\/#primaryimage"},"thumbnailUrl":"https:\/\/www.esin.av.tr\/wp-content\/uploads\/2021\/02\/1.png","datePublished":"2022-05-17T10:10:45+00:00","dateModified":"2022-06-09T13:41:53+00:00","description":"\u00a0 \u00a0 \u00a0 \u00a0 \u00a0 \u00a0 Bu b\u00fcltenimizi podcast olarak da dinleyebilirsiniz! Yeni Geli\u015fme Anayasa Mahkemesinin, \u00f6\u011fretmen olan ba\u015fvurucunun ifade \u00f6zg\u00fcrl\u00fc\u011f\u00fcn\u00fcn ihlal","breadcrumb":{"@id":"https:\/\/www.esin.av.tr\/tr\/2022\/05\/17\/anayasa-mahkemesinden-ifade-ozgurlugune-iliskin-yeni-karar-4\/#breadcrumb"},"inLanguage":"tr","potentialAction":[{"@type":"ReadAction","target":["https:\/\/www.esin.av.tr\/tr\/2022\/05\/17\/anayasa-mahkemesinden-ifade-ozgurlugune-iliskin-yeni-karar-4\/"]}]},{"@type":"ImageObject","inLanguage":"tr","@id":"https:\/\/www.esin.av.tr\/tr\/2022\/05\/17\/anayasa-mahkemesinden-ifade-ozgurlugune-iliskin-yeni-karar-4\/#primaryimage","url":"https:\/\/www.esin.av.tr\/wp-content\/uploads\/2021\/02\/1.png","contentUrl":"https:\/\/www.esin.av.tr\/wp-content\/uploads\/2021\/02\/1.png"},{"@type":"BreadcrumbList","@id":"https:\/\/www.esin.av.tr\/tr\/2022\/05\/17\/anayasa-mahkemesinden-ifade-ozgurlugune-iliskin-yeni-karar-4\/#breadcrumb","itemListElement":[{"@type":"ListItem","position":1,"name":"Home","item":"https:\/\/www.esin.av.tr\/tr\/"},{"@type":"ListItem","position":2,"name":"Anayasa Mahkemesinden \u0130fade \u00d6zg\u00fcrl\u00fc\u011f\u00fcne \u0130li\u015fkin Yeni Karar"}]},{"@type":"WebSite","@id":"https:\/\/www.esin.av.tr\/tr\/#website","url":"https:\/\/www.esin.av.tr\/tr\/","name":"Esin Avukatl\u0131k Ortakl\u0131\u011f\u0131","description":"","publisher":{"@id":"https:\/\/www.esin.av.tr\/tr\/#organization"},"potentialAction":[{"@type":"SearchAction","target":{"@type":"EntryPoint","urlTemplate":"https:\/\/www.esin.av.tr\/tr\/?s={search_term_string}"},"query-input":{"@type":"PropertyValueSpecification","valueRequired":true,"valueName":"search_term_string"}}],"inLanguage":"tr"},{"@type":"Organization","@id":"https:\/\/www.esin.av.tr\/tr\/#organization","name":"Esin Avukatl\u0131k Ortakl\u0131\u011f\u0131","url":"https:\/\/www.esin.av.tr\/tr\/","logo":{"@type":"ImageObject","inLanguage":"tr","@id":"https:\/\/www.esin.av.tr\/tr\/#\/schema\/logo\/image\/","url":"https:\/\/www.esin.av.tr\/wp-content\/uploads\/2021\/09\/esin-2.jpg","contentUrl":"https:\/\/www.esin.av.tr\/wp-content\/uploads\/2021\/09\/esin-2.jpg","width":800,"height":460,"caption":"Esin Avukatl\u0131k Ortakl\u0131\u011f\u0131"},"image":{"@id":"https:\/\/www.esin.av.tr\/tr\/#\/schema\/logo\/image\/"}},{"@type":"Person","@id":"https:\/\/www.esin.av.tr\/tr\/#\/schema\/person\/42c8e616aab56b8622fa365ad63282ae","name":"R\u0131dvan Konrat","image":{"@type":"ImageObject","inLanguage":"tr","@id":"https:\/\/www.esin.av.tr\/tr\/#\/schema\/person\/image\/","url":"https:\/\/secure.gravatar.com\/avatar\/b20c6c583be38ed4e76e32f69fccc676?s=96&d=mm&r=g","contentUrl":"https:\/\/secure.gravatar.com\/avatar\/b20c6c583be38ed4e76e32f69fccc676?s=96&d=mm&r=g","caption":"R\u0131dvan Konrat"},"sameAs":["http:\/\/www.esin.av.tr"],"url":"https:\/\/www.esin.av.tr\/tr\/author\/rkonrat\/"}]}},"_links":{"self":[{"href":"https:\/\/www.esin.av.tr\/tr\/wp-json\/wp\/v2\/posts\/22806","targetHints":{"allow":["GET"]}}],"collection":[{"href":"https:\/\/www.esin.av.tr\/tr\/wp-json\/wp\/v2\/posts"}],"about":[{"href":"https:\/\/www.esin.av.tr\/tr\/wp-json\/wp\/v2\/types\/post"}],"author":[{"embeddable":true,"href":"https:\/\/www.esin.av.tr\/tr\/wp-json\/wp\/v2\/users\/4"}],"replies":[{"embeddable":true,"href":"https:\/\/www.esin.av.tr\/tr\/wp-json\/wp\/v2\/comments?post=22806"}],"version-history":[{"count":1,"href":"https:\/\/www.esin.av.tr\/tr\/wp-json\/wp\/v2\/posts\/22806\/revisions"}],"predecessor-version":[{"id":22807,"href":"https:\/\/www.esin.av.tr\/tr\/wp-json\/wp\/v2\/posts\/22806\/revisions\/22807"}],"wp:attachment":[{"href":"https:\/\/www.esin.av.tr\/tr\/wp-json\/wp\/v2\/media?parent=22806"}],"wp:term":[{"taxonomy":"category","embeddable":true,"href":"https:\/\/www.esin.av.tr\/tr\/wp-json\/wp\/v2\/categories?post=22806"},{"taxonomy":"post_tag","embeddable":true,"href":"https:\/\/www.esin.av.tr\/tr\/wp-json\/wp\/v2\/tags?post=22806"}],"curies":[{"name":"wp","href":"https:\/\/api.w.org\/{rel}","templated":true}]}}