{"id":22631,"date":"2022-04-22T10:20:05","date_gmt":"2022-04-22T10:20:05","guid":{"rendered":"https:\/\/www.esin.av.tr\/?p=22631"},"modified":"2022-06-09T13:42:37","modified_gmt":"2022-06-09T13:42:37","slug":"dovizle-odeme-yasagi-netlestirildi","status":"publish","type":"post","link":"https:\/\/www.esin.av.tr\/tr\/2022\/04\/22\/dovizle-odeme-yasagi-netlestirildi\/","title":{"rendered":"D\u00f6vizle \u00d6deme Yasa\u011f\u0131 Netle\u015ftirildi"},"content":{"rendered":"<h3><strong>Yeni Geli\u015fme<\/strong><\/h3>\n<p>T\u00fcrk Paras\u0131 K\u0131ymetini Koruma Hakk\u0131nda 32 Say\u0131l\u0131 Karara \u0130li\u015fkin 2008-32\/34 No&#8217;lu Tebli\u011f&#8217;de (&#8220;<strong>Tebli\u011f<\/strong>&#8220;) yap\u0131lan ve 19 Nisan 2022 tarihli Resmi Gazete&#8217;de yay\u0131mlanarak ayn\u0131 tarihte y\u00fcr\u00fcrl\u00fc\u011fe giren de\u011fi\u015fiklikle, T\u00fcrkiye&#8217;de yerle\u015fik ki\u015filerin kendi aralar\u0131nda akdedecekleri menkul sat\u0131\u015f s\u00f6zle\u015fmelerinde, s\u00f6zle\u015fme bedelinin d\u00f6viz \u00fczerinden \u00f6denmesi yasaklanm\u0131\u015ft\u0131. T.C. Hazine ve Maliye Bakanl\u0131\u011f\u0131 (&#8220;<strong>Bakanl\u0131k<\/strong>&#8220;), 21 Nisan 2022 tarihli duyurusu ile yasa\u011f\u0131n uygulama esaslar\u0131n\u0131 netle\u015ftirdi.<\/p>\n<h3><strong>Uygulama Esaslar\u0131<\/strong><\/h3>\n<p>Bakanl\u0131k a\u015fa\u011f\u0131daki hususlarda piyasaya netlik sa\u011flad\u0131:<\/p>\n<ul>\n<li>19 Nisan 2022 tarihinden \u00f6nce akdedilmi\u015f s\u00f6zle\u015fmeler kapsam\u0131nda verilmi\u015f d\u00f6viz cinsinden k\u0131ymetli evraklara (\u00f6rne\u011fin \u00e7ekler) ili\u015fkin \u00f6deme y\u00fck\u00fcml\u00fcl\u00fckleri, d\u00f6viz \u00fczerinden yerine getirilebilecek.<\/li>\n<li>19 Nisan 2022 tarihinden \u00f6nce ke\u015fide edilmi\u015f faturalara ili\u015fkin \u00f6deme y\u00fck\u00fcml\u00fcl\u00fckleri, d\u00f6viz \u00fczerinden yerine getirilebilecek.<\/li>\n<li>Borsa \u0130stanbul A.\u015e. K\u0131ymetli Madenler ve K\u0131ymetli Ta\u015flar Piyasas\u0131\u2019nda d\u00f6viz cinsinden ger\u00e7ekle\u015ftirilen k\u0131ymetli maden ve k\u0131ymetli ta\u015f al\u0131m sat\u0131m i\u015flemleri ile bu i\u015flemlerin takas\u0131 kapsam\u0131ndaki \u00f6deme y\u00fck\u00fcml\u00fcl\u00fckleri, d\u00f6viz \u00fczerinden yerine getirilebilecek.<\/li>\n<\/ul>\n<p>Bakanl\u0131k, yukar\u0131daki istisnalara ek olarak, a\u015fa\u011f\u0131daki notlar\u0131 vurgulad\u0131:<\/p>\n<ul>\n<li>Tebli\u011f\u2019de ge\u00e7en \u201cmenkul\u201d ibaresinin gayrimenkul tan\u0131m\u0131na girmeyen her t\u00fcrl\u00fc mal ve e\u015fyay\u0131 kapsayacak.<\/li>\n<li>T\u00fcrkiye\u2019de yerle\u015fik ki\u015filer ile d\u0131\u015far\u0131da yerle\u015fik ki\u015filer aras\u0131nda akdedilmi\u015f\/akdedilecek menkul sat\u0131\u015f s\u00f6zle\u015fmelerine ili\u015fkin \u00f6deme y\u00fck\u00fcml\u00fcl\u00fcklerinin d\u00f6viz \u00fczerinden yerine getirilmesi m\u00fcmk\u00fcn olacak.<\/li>\n<li>19 Nisan 2022 ve sonras\u0131nda d\u00f6viz cinsinden d\u00fczenlenmi\u015f olan \u00e7ek vb. \u00f6deme ara\u00e7lar\u0131n\u0131n, T\u00fcrkiye\u2019de yerle\u015fik ki\u015filerin kendi aralar\u0131nda akdettikleri\/akdedecekleri menkul sat\u0131\u015f s\u00f6zle\u015fmeleri konusu \u00f6deme y\u00fck\u00fcml\u00fcl\u00fcklerinin yerine getirilmesinde kullan\u0131lmas\u0131 m\u00fcmk\u00fcn olmayacak.<\/li>\n<li>Yap\u0131lan de\u011fi\u015fiklik, ta\u015f\u0131t sat\u0131\u015f s\u00f6zle\u015fmelerinin mevcut durumunu de\u011fi\u015ftirmeyecek. Dolay\u0131s\u0131yla, T\u00fcrkiye\u2019de yerle\u015fik ki\u015filerin kendi aralar\u0131nda akdedecekleri ta\u015f\u0131t sat\u0131\u015f s\u00f6zle\u015fmelerinde s\u00f6zle\u015fme bedeli ve bu s\u00f6zle\u015fmelerden kaynaklanan di\u011fer \u00f6deme y\u00fck\u00fcml\u00fcl\u00fcklerinin d\u00f6viz cinsinden veya d\u00f6vize endeksli olarak kararla\u015ft\u0131r\u0131lmas\u0131n\u0131n m\u00fcmk\u00fcn olmayacak.<\/li>\n<li>4749 say\u0131l\u0131 Kamu Finansman\u0131 ve Bor\u00e7 Y\u00f6netiminin D\u00fczenlenmesi Hakk\u0131nda Kanun kapsam\u0131nda ger\u00e7ekle\u015ftirilen i\u015flemlere ili\u015fkin olarak yap\u0131lan s\u00f6zle\u015fmeler, d\u00f6vizle \u00f6deme yasa\u011f\u0131na tabi olmayacak.<\/li>\n<li>Yabanc\u0131 sermaye piyasas\u0131 ara\u00e7lar\u0131, depo sertifikalar\u0131 ile yabanc\u0131 yat\u0131r\u0131m fonu paylar\u0131 da dahil olmak \u00fczere; sermaye piyasas\u0131 ara\u00e7lar\u0131n\u0131n d\u00f6viz cinsinden olu\u015fturulmas\u0131, ihrac\u0131, al\u0131m sat\u0131m\u0131 ve yap\u0131lan i\u015flemlere ili\u015fkin y\u00fck\u00fcml\u00fcl\u00fcklerin d\u00f6viz cinsinden kararla\u015ft\u0131r\u0131lmas\u0131 m\u00fcmk\u00fcn olacak.<\/li>\n<li>Di\u011fer s\u00f6zle\u015fme t\u00fcrlerine ili\u015fkin Tebli\u011f&#8217;de yer alan d\u00f6vizle \u00f6deme k\u0131s\u0131tlamalar\u0131 ge\u00e7erlili\u011fini koruyacak.<\/li>\n<\/ul>\n","protected":false},"excerpt":{"rendered":"<p>Yeni Geli\u015fme T\u00fcrk Paras\u0131 K\u0131ymetini Koruma Hakk\u0131nda 32 Say\u0131l\u0131 Karara \u0130li\u015fkin 2008-32\/34 No&#8217;lu Tebli\u011f&#8217;de (&#8220;Tebli\u011f&#8220;) yap\u0131lan ve 19 Nisan 2022 [&hellip;]<\/p>\n","protected":false},"author":4,"featured_media":0,"comment_status":"closed","ping_status":"closed","sticky":false,"template":"","format":"standard","meta":{"_acf_changed":false,"_stopmodifiedupdate":false,"_modified_date":"","footnotes":""},"categories":[120],"tags":[90],"class_list":["post-22631","post","type-post","status-publish","format-standard","hentry","category-legal-alerts","tag-banking-finance-tr"],"acf":[],"yoast_head":"<!-- This site is optimized with the Yoast SEO plugin v24.0 - https:\/\/yoast.com\/wordpress\/plugins\/seo\/ -->\n<title>D\u00f6vizle \u00d6deme Yasa\u011f\u0131 Netle\u015ftirildi<\/title>\n<meta name=\"description\" content=\"Yeni Geli\u015fme T\u00fcrk Paras\u0131 K\u0131ymetini Koruma Hakk\u0131nda 32 Say\u0131l\u0131 Karara \u0130li\u015fkin 2008-32\/34 No&#039;lu Tebli\u011f&#039;de (&quot;Tebli\u011f&quot;) yap\u0131lan ve 19 Nisan 2022 tarihli Resmi\" \/>\n<meta name=\"robots\" content=\"index, follow, max-snippet:-1, max-image-preview:large, max-video-preview:-1\" \/>\n<link rel=\"canonical\" href=\"https:\/\/www.esin.av.tr\/tr\/2022\/04\/22\/dovizle-odeme-yasagi-netlestirildi\/\" \/>\n<meta property=\"og:locale\" content=\"tr_TR\" \/>\n<meta property=\"og:type\" content=\"article\" \/>\n<meta property=\"og:title\" content=\"D\u00f6vizle \u00d6deme Yasa\u011f\u0131 Netle\u015ftirildi\" \/>\n<meta property=\"og:description\" content=\"Yeni Geli\u015fme T\u00fcrk Paras\u0131 K\u0131ymetini Koruma Hakk\u0131nda 32 Say\u0131l\u0131 Karara \u0130li\u015fkin 2008-32\/34 No&#039;lu Tebli\u011f&#039;de (&quot;Tebli\u011f&quot;) yap\u0131lan ve 19 Nisan 2022 tarihli Resmi\" \/>\n<meta property=\"og:url\" content=\"https:\/\/www.esin.av.tr\/tr\/2022\/04\/22\/dovizle-odeme-yasagi-netlestirildi\/\" \/>\n<meta property=\"og:site_name\" content=\"Esin Avukatl\u0131k Ortakl\u0131\u011f\u0131\" \/>\n<meta property=\"article:published_time\" content=\"2022-04-22T10:20:05+00:00\" \/>\n<meta property=\"article:modified_time\" content=\"2022-06-09T13:42:37+00:00\" \/>\n<meta name=\"author\" content=\"R\u0131dvan Konrat\" \/>\n<meta name=\"twitter:card\" content=\"summary_large_image\" \/>\n<meta name=\"twitter:label1\" content=\"Written by\" \/>\n\t<meta name=\"twitter:data1\" content=\"R\u0131dvan Konrat\" \/>\n\t<meta name=\"twitter:label2\" content=\"Est. reading time\" \/>\n\t<meta name=\"twitter:data2\" content=\"3 minutes\" \/>\n<script type=\"application\/ld+json\" class=\"yoast-schema-graph\">{\"@context\":\"https:\/\/schema.org\",\"@graph\":[{\"@type\":\"Article\",\"@id\":\"https:\/\/www.esin.av.tr\/tr\/2022\/04\/22\/dovizle-odeme-yasagi-netlestirildi\/#article\",\"isPartOf\":{\"@id\":\"https:\/\/www.esin.av.tr\/tr\/2022\/04\/22\/dovizle-odeme-yasagi-netlestirildi\/\"},\"author\":{\"name\":\"R\u0131dvan Konrat\",\"@id\":\"https:\/\/www.esin.av.tr\/tr\/#\/schema\/person\/42c8e616aab56b8622fa365ad63282ae\"},\"headline\":\"D\u00f6vizle \u00d6deme Yasa\u011f\u0131 Netle\u015ftirildi\",\"datePublished\":\"2022-04-22T10:20:05+00:00\",\"dateModified\":\"2022-06-09T13:42:37+00:00\",\"mainEntityOfPage\":{\"@id\":\"https:\/\/www.esin.av.tr\/tr\/2022\/04\/22\/dovizle-odeme-yasagi-netlestirildi\/\"},\"wordCount\":515,\"publisher\":{\"@id\":\"https:\/\/www.esin.av.tr\/tr\/#organization\"},\"keywords\":[\"Bankac\u0131l\u0131k ve Finans\"],\"articleSection\":[\"Hukuk B\u00fcltenleri\"],\"inLanguage\":\"tr\"},{\"@type\":\"WebPage\",\"@id\":\"https:\/\/www.esin.av.tr\/tr\/2022\/04\/22\/dovizle-odeme-yasagi-netlestirildi\/\",\"url\":\"https:\/\/www.esin.av.tr\/tr\/2022\/04\/22\/dovizle-odeme-yasagi-netlestirildi\/\",\"name\":\"D\u00f6vizle \u00d6deme Yasa\u011f\u0131 Netle\u015ftirildi\",\"isPartOf\":{\"@id\":\"https:\/\/www.esin.av.tr\/tr\/#website\"},\"datePublished\":\"2022-04-22T10:20:05+00:00\",\"dateModified\":\"2022-06-09T13:42:37+00:00\",\"description\":\"Yeni Geli\u015fme T\u00fcrk Paras\u0131 K\u0131ymetini Koruma Hakk\u0131nda 32 Say\u0131l\u0131 Karara \u0130li\u015fkin 2008-32\/34 No'lu Tebli\u011f'de (\\\"Tebli\u011f\\\") yap\u0131lan ve 19 Nisan 2022 tarihli Resmi\",\"breadcrumb\":{\"@id\":\"https:\/\/www.esin.av.tr\/tr\/2022\/04\/22\/dovizle-odeme-yasagi-netlestirildi\/#breadcrumb\"},\"inLanguage\":\"tr\",\"potentialAction\":[{\"@type\":\"ReadAction\",\"target\":[\"https:\/\/www.esin.av.tr\/tr\/2022\/04\/22\/dovizle-odeme-yasagi-netlestirildi\/\"]}]},{\"@type\":\"BreadcrumbList\",\"@id\":\"https:\/\/www.esin.av.tr\/tr\/2022\/04\/22\/dovizle-odeme-yasagi-netlestirildi\/#breadcrumb\",\"itemListElement\":[{\"@type\":\"ListItem\",\"position\":1,\"name\":\"Home\",\"item\":\"https:\/\/www.esin.av.tr\/tr\/\"},{\"@type\":\"ListItem\",\"position\":2,\"name\":\"D\u00f6vizle \u00d6deme Yasa\u011f\u0131 Netle\u015ftirildi\"}]},{\"@type\":\"WebSite\",\"@id\":\"https:\/\/www.esin.av.tr\/tr\/#website\",\"url\":\"https:\/\/www.esin.av.tr\/tr\/\",\"name\":\"Esin Avukatl\u0131k Ortakl\u0131\u011f\u0131\",\"description\":\"\",\"publisher\":{\"@id\":\"https:\/\/www.esin.av.tr\/tr\/#organization\"},\"potentialAction\":[{\"@type\":\"SearchAction\",\"target\":{\"@type\":\"EntryPoint\",\"urlTemplate\":\"https:\/\/www.esin.av.tr\/tr\/?s={search_term_string}\"},\"query-input\":{\"@type\":\"PropertyValueSpecification\",\"valueRequired\":true,\"valueName\":\"search_term_string\"}}],\"inLanguage\":\"tr\"},{\"@type\":\"Organization\",\"@id\":\"https:\/\/www.esin.av.tr\/tr\/#organization\",\"name\":\"Esin Avukatl\u0131k Ortakl\u0131\u011f\u0131\",\"url\":\"https:\/\/www.esin.av.tr\/tr\/\",\"logo\":{\"@type\":\"ImageObject\",\"inLanguage\":\"tr\",\"@id\":\"https:\/\/www.esin.av.tr\/tr\/#\/schema\/logo\/image\/\",\"url\":\"https:\/\/www.esin.av.tr\/wp-content\/uploads\/2021\/09\/esin-2.jpg\",\"contentUrl\":\"https:\/\/www.esin.av.tr\/wp-content\/uploads\/2021\/09\/esin-2.jpg\",\"width\":800,\"height\":460,\"caption\":\"Esin Avukatl\u0131k Ortakl\u0131\u011f\u0131\"},\"image\":{\"@id\":\"https:\/\/www.esin.av.tr\/tr\/#\/schema\/logo\/image\/\"}},{\"@type\":\"Person\",\"@id\":\"https:\/\/www.esin.av.tr\/tr\/#\/schema\/person\/42c8e616aab56b8622fa365ad63282ae\",\"name\":\"R\u0131dvan Konrat\",\"image\":{\"@type\":\"ImageObject\",\"inLanguage\":\"tr\",\"@id\":\"https:\/\/www.esin.av.tr\/tr\/#\/schema\/person\/image\/\",\"url\":\"https:\/\/secure.gravatar.com\/avatar\/b20c6c583be38ed4e76e32f69fccc676?s=96&d=mm&r=g\",\"contentUrl\":\"https:\/\/secure.gravatar.com\/avatar\/b20c6c583be38ed4e76e32f69fccc676?s=96&d=mm&r=g\",\"caption\":\"R\u0131dvan Konrat\"},\"sameAs\":[\"http:\/\/www.esin.av.tr\"],\"url\":\"https:\/\/www.esin.av.tr\/tr\/author\/rkonrat\/\"}]}<\/script>\n<!-- \/ Yoast SEO plugin. -->","yoast_head_json":{"title":"D\u00f6vizle \u00d6deme Yasa\u011f\u0131 Netle\u015ftirildi","description":"Yeni Geli\u015fme T\u00fcrk Paras\u0131 K\u0131ymetini Koruma Hakk\u0131nda 32 Say\u0131l\u0131 Karara \u0130li\u015fkin 2008-32\/34 No'lu Tebli\u011f'de (\"Tebli\u011f\") yap\u0131lan ve 19 Nisan 2022 tarihli Resmi","robots":{"index":"index","follow":"follow","max-snippet":"max-snippet:-1","max-image-preview":"max-image-preview:large","max-video-preview":"max-video-preview:-1"},"canonical":"https:\/\/www.esin.av.tr\/tr\/2022\/04\/22\/dovizle-odeme-yasagi-netlestirildi\/","og_locale":"tr_TR","og_type":"article","og_title":"D\u00f6vizle \u00d6deme Yasa\u011f\u0131 Netle\u015ftirildi","og_description":"Yeni Geli\u015fme T\u00fcrk Paras\u0131 K\u0131ymetini Koruma Hakk\u0131nda 32 Say\u0131l\u0131 Karara \u0130li\u015fkin 2008-32\/34 No'lu Tebli\u011f'de (\"Tebli\u011f\") yap\u0131lan ve 19 Nisan 2022 tarihli Resmi","og_url":"https:\/\/www.esin.av.tr\/tr\/2022\/04\/22\/dovizle-odeme-yasagi-netlestirildi\/","og_site_name":"Esin Avukatl\u0131k Ortakl\u0131\u011f\u0131","article_published_time":"2022-04-22T10:20:05+00:00","article_modified_time":"2022-06-09T13:42:37+00:00","author":"R\u0131dvan Konrat","twitter_card":"summary_large_image","twitter_misc":{"Written by":"R\u0131dvan Konrat","Est. reading time":"3 minutes"},"schema":{"@context":"https:\/\/schema.org","@graph":[{"@type":"Article","@id":"https:\/\/www.esin.av.tr\/tr\/2022\/04\/22\/dovizle-odeme-yasagi-netlestirildi\/#article","isPartOf":{"@id":"https:\/\/www.esin.av.tr\/tr\/2022\/04\/22\/dovizle-odeme-yasagi-netlestirildi\/"},"author":{"name":"R\u0131dvan Konrat","@id":"https:\/\/www.esin.av.tr\/tr\/#\/schema\/person\/42c8e616aab56b8622fa365ad63282ae"},"headline":"D\u00f6vizle \u00d6deme Yasa\u011f\u0131 Netle\u015ftirildi","datePublished":"2022-04-22T10:20:05+00:00","dateModified":"2022-06-09T13:42:37+00:00","mainEntityOfPage":{"@id":"https:\/\/www.esin.av.tr\/tr\/2022\/04\/22\/dovizle-odeme-yasagi-netlestirildi\/"},"wordCount":515,"publisher":{"@id":"https:\/\/www.esin.av.tr\/tr\/#organization"},"keywords":["Bankac\u0131l\u0131k ve Finans"],"articleSection":["Hukuk B\u00fcltenleri"],"inLanguage":"tr"},{"@type":"WebPage","@id":"https:\/\/www.esin.av.tr\/tr\/2022\/04\/22\/dovizle-odeme-yasagi-netlestirildi\/","url":"https:\/\/www.esin.av.tr\/tr\/2022\/04\/22\/dovizle-odeme-yasagi-netlestirildi\/","name":"D\u00f6vizle \u00d6deme Yasa\u011f\u0131 Netle\u015ftirildi","isPartOf":{"@id":"https:\/\/www.esin.av.tr\/tr\/#website"},"datePublished":"2022-04-22T10:20:05+00:00","dateModified":"2022-06-09T13:42:37+00:00","description":"Yeni Geli\u015fme T\u00fcrk Paras\u0131 K\u0131ymetini Koruma Hakk\u0131nda 32 Say\u0131l\u0131 Karara \u0130li\u015fkin 2008-32\/34 No'lu Tebli\u011f'de (\"Tebli\u011f\") yap\u0131lan ve 19 Nisan 2022 tarihli Resmi","breadcrumb":{"@id":"https:\/\/www.esin.av.tr\/tr\/2022\/04\/22\/dovizle-odeme-yasagi-netlestirildi\/#breadcrumb"},"inLanguage":"tr","potentialAction":[{"@type":"ReadAction","target":["https:\/\/www.esin.av.tr\/tr\/2022\/04\/22\/dovizle-odeme-yasagi-netlestirildi\/"]}]},{"@type":"BreadcrumbList","@id":"https:\/\/www.esin.av.tr\/tr\/2022\/04\/22\/dovizle-odeme-yasagi-netlestirildi\/#breadcrumb","itemListElement":[{"@type":"ListItem","position":1,"name":"Home","item":"https:\/\/www.esin.av.tr\/tr\/"},{"@type":"ListItem","position":2,"name":"D\u00f6vizle \u00d6deme Yasa\u011f\u0131 Netle\u015ftirildi"}]},{"@type":"WebSite","@id":"https:\/\/www.esin.av.tr\/tr\/#website","url":"https:\/\/www.esin.av.tr\/tr\/","name":"Esin Avukatl\u0131k Ortakl\u0131\u011f\u0131","description":"","publisher":{"@id":"https:\/\/www.esin.av.tr\/tr\/#organization"},"potentialAction":[{"@type":"SearchAction","target":{"@type":"EntryPoint","urlTemplate":"https:\/\/www.esin.av.tr\/tr\/?s={search_term_string}"},"query-input":{"@type":"PropertyValueSpecification","valueRequired":true,"valueName":"search_term_string"}}],"inLanguage":"tr"},{"@type":"Organization","@id":"https:\/\/www.esin.av.tr\/tr\/#organization","name":"Esin Avukatl\u0131k Ortakl\u0131\u011f\u0131","url":"https:\/\/www.esin.av.tr\/tr\/","logo":{"@type":"ImageObject","inLanguage":"tr","@id":"https:\/\/www.esin.av.tr\/tr\/#\/schema\/logo\/image\/","url":"https:\/\/www.esin.av.tr\/wp-content\/uploads\/2021\/09\/esin-2.jpg","contentUrl":"https:\/\/www.esin.av.tr\/wp-content\/uploads\/2021\/09\/esin-2.jpg","width":800,"height":460,"caption":"Esin Avukatl\u0131k Ortakl\u0131\u011f\u0131"},"image":{"@id":"https:\/\/www.esin.av.tr\/tr\/#\/schema\/logo\/image\/"}},{"@type":"Person","@id":"https:\/\/www.esin.av.tr\/tr\/#\/schema\/person\/42c8e616aab56b8622fa365ad63282ae","name":"R\u0131dvan Konrat","image":{"@type":"ImageObject","inLanguage":"tr","@id":"https:\/\/www.esin.av.tr\/tr\/#\/schema\/person\/image\/","url":"https:\/\/secure.gravatar.com\/avatar\/b20c6c583be38ed4e76e32f69fccc676?s=96&d=mm&r=g","contentUrl":"https:\/\/secure.gravatar.com\/avatar\/b20c6c583be38ed4e76e32f69fccc676?s=96&d=mm&r=g","caption":"R\u0131dvan Konrat"},"sameAs":["http:\/\/www.esin.av.tr"],"url":"https:\/\/www.esin.av.tr\/tr\/author\/rkonrat\/"}]}},"_links":{"self":[{"href":"https:\/\/www.esin.av.tr\/tr\/wp-json\/wp\/v2\/posts\/22631","targetHints":{"allow":["GET"]}}],"collection":[{"href":"https:\/\/www.esin.av.tr\/tr\/wp-json\/wp\/v2\/posts"}],"about":[{"href":"https:\/\/www.esin.av.tr\/tr\/wp-json\/wp\/v2\/types\/post"}],"author":[{"embeddable":true,"href":"https:\/\/www.esin.av.tr\/tr\/wp-json\/wp\/v2\/users\/4"}],"replies":[{"embeddable":true,"href":"https:\/\/www.esin.av.tr\/tr\/wp-json\/wp\/v2\/comments?post=22631"}],"version-history":[{"count":1,"href":"https:\/\/www.esin.av.tr\/tr\/wp-json\/wp\/v2\/posts\/22631\/revisions"}],"predecessor-version":[{"id":22633,"href":"https:\/\/www.esin.av.tr\/tr\/wp-json\/wp\/v2\/posts\/22631\/revisions\/22633"}],"wp:attachment":[{"href":"https:\/\/www.esin.av.tr\/tr\/wp-json\/wp\/v2\/media?parent=22631"}],"wp:term":[{"taxonomy":"category","embeddable":true,"href":"https:\/\/www.esin.av.tr\/tr\/wp-json\/wp\/v2\/categories?post=22631"},{"taxonomy":"post_tag","embeddable":true,"href":"https:\/\/www.esin.av.tr\/tr\/wp-json\/wp\/v2\/tags?post=22631"}],"curies":[{"name":"wp","href":"https:\/\/api.w.org\/{rel}","templated":true}]}}