{"id":22543,"date":"2022-04-14T09:26:05","date_gmt":"2022-04-14T09:26:05","guid":{"rendered":"https:\/\/www.esin.av.tr\/?p=22543"},"modified":"2022-06-09T13:42:58","modified_gmt":"2022-06-09T13:42:58","slug":"anayasa-mahkemesinin-son-karari-is-hukuku-kaynakli-uyusmazliklar-hakkinda-ne-anlama-gelmektedir","status":"publish","type":"post","link":"https:\/\/www.esin.av.tr\/tr\/2022\/04\/14\/anayasa-mahkemesinin-son-karari-is-hukuku-kaynakli-uyusmazliklar-hakkinda-ne-anlama-gelmektedir\/","title":{"rendered":"Anayasa Mahkemesi&#8217;nin Son Karar\u0131 \u0130\u015f Hukuku Kaynakl\u0131 Uyu\u015fmazl\u0131klar Hakk\u0131nda Ne Anlama Gelmektedir?"},"content":{"rendered":"<h3><strong>Son geli\u015fme<\/strong><\/h3>\n<p>Anayasa Mahkemesi&#8217;nin 2019\/1450 ba\u015fvuru numaral\u0131 ve 22 \u015eubat 2022 tarihli karar\u0131, 5 Nisan 2022 tarihli ve 31800 say\u0131l\u0131 Resmi Gazete&#8217;de yay\u0131mlanm\u0131\u015ft\u0131r. Karar ile fazla \u00e7al\u0131\u015fma \u00fccretinin m\u00fclkiyet hakk\u0131yla ili\u015fkisi de\u011ferlendirilmi\u015f ve bu konuda bir i\u00e7tihat olu\u015fturulmu\u015ftur.<\/p>\n<h3><strong>Karar ne diyor?<\/strong><\/h3>\n<p>Ba\u015fvuruya konu uyu\u015fmazl\u0131kta, \u00e7al\u0131\u015fan\u0131n yasal s\u0131n\u0131rlar\u0131 i\u00e7erisinde fazla \u00e7al\u0131\u015fmay\u0131 kabul etti\u011fi ve fazla \u00e7al\u0131\u015fmalara ili\u015fkin \u00fccretin \u00e7al\u0131\u015fan\u0131n as\u0131l \u00fccretin i\u00e7erisinde oldu\u011fu i\u015f s\u00f6zle\u015fmesinde kararla\u015ft\u0131r\u0131lm\u0131\u015ft\u0131r. \u00c7al\u0131\u015fan, i\u015f s\u00f6zle\u015fmesi sona erdikten sonra, hi\u00e7 \u00f6denmeyen fazla \u00e7al\u0131\u015fma \u00fccreti alaca\u011f\u0131 ile birlikte bir k\u0131s\u0131m alacaklar\u0131n\u0131n \u00f6denmesini i\u015fvereninden talep etmi\u015ftir. \u0130lk derece mahkemesi, fazla \u00e7al\u0131\u015fmaya ili\u015fkin taleplerin k\u0131smen kabul\u00fcne karar vermi\u015ftir. B\u00f6lge Adliye Mahkemesi ise, fazla \u00e7al\u0131\u015fmaya ili\u015fkin r\u0131zan\u0131n her y\u0131l al\u0131nmas\u0131n\u0131n gerekip gerekmedi\u011finin de\u011ferlendirilmesi gerekti\u011fini belirterek, uygulaman\u0131n mevzuat\u0131n de\u011fi\u015ftirildi\u011fi 25 A\u011fustos 2017 tarihine kadar her y\u0131l r\u0131za al\u0131nmas\u0131 y\u00f6n\u00fcnde oldu\u011funu ifade etmi\u015ftir. Bu nedenle B\u00f6lge Adliye Mahkemesi, \u00e7al\u0131\u015fanlar\u0131n r\u0131za geri almad\u0131k\u00e7a fazla \u00e7al\u0131\u015fmaya r\u0131zalar\u0131n\u0131n bulundu\u011funu, bu kapsamda fazla \u00e7al\u0131\u015fma \u00fccretinin as\u0131l \u00fccrete birlikte \u00f6dendi\u011finin kabul edilece\u011fini, \u00e7al\u0131\u015fan\u0131n ayr\u0131ca bir fazla \u00e7al\u0131\u015fma \u00fccretine hak kazanamayaca\u011f\u0131n\u0131 belirtmi\u015ftir. \u00c7al\u0131\u015fan, fazla \u00e7al\u0131\u015fma \u00fccretinin \u00f6denmedi\u011fi ve bu nedenle m\u00fclkiyet hakk\u0131n\u0131n ihlal edildi\u011fini ileri s\u00fcrm\u00fc\u015ft\u00fcr.<\/p>\n<p>Anayasa Mahkemesi&#8217;nin karar\u0131na g\u00f6re:<\/p>\n<ul>\n<li>Fazla \u00e7al\u0131\u015fmaya r\u0131za verilmesi fazla \u00e7al\u0131\u015fma \u00fccretinden feragat edildi\u011fi anlam\u0131na gelmemektedir.<\/li>\n<li>Fazla \u00e7al\u0131\u015fma \u00fccretinin, as\u0131l \u00fccrete d\u00e2hil olacak \u015fekilde kararla\u015ft\u0131r\u0131lmas\u0131 hukuka uygundur. Fazla \u00e7al\u0131\u015fma \u00fccretinden feragat edilmesi m\u00fclkiyet hakk\u0131n\u0131 ihlal etmez.<\/li>\n<li>Fazla \u00e7al\u0131\u015fma \u00fccreti talep edilmeksizin fazla \u00e7al\u0131\u015fmaya r\u0131za g\u00f6sterilse dahi, emredici h\u00fck\u00fcmlere ayk\u0131r\u0131 olarak ger\u00e7ekle\u015ftirilen fazla \u00e7al\u0131\u015fma bu r\u0131za kapsam\u0131nda kabul edilemez.<\/li>\n<li>25 A\u011fustos 2017 tarihi itibar\u0131yla, fazla \u00e7al\u0131\u015fmaya ili\u015fkin r\u0131zan\u0131n yaln\u0131zca bir defa al\u0131nmas\u0131 yeterlidir.<\/li>\n<li>Bireysel ba\u015fvuruya konu fazla \u00e7al\u0131\u015fmalar\u0131n 25 A\u011fustos 2017 tarihi \u00f6ncesinde ger\u00e7ekle\u015fmi\u015f olmas\u0131 nedeniyle, \u00e7al\u0131\u015fandan her y\u0131l ayr\u0131 ayr\u0131 fazla \u00e7al\u0131\u015fmaya ili\u015fkin r\u0131za al\u0131nmas\u0131 gerekmektedir. \u0130\u015f s\u00f6zle\u015fmesi kapsam\u0131nda al\u0131nan r\u0131za, yaln\u0131zca ilk seneye ili\u015fkin olarak kabul edilmi\u015ftir ve yeniden r\u0131za al\u0131nmamas\u0131 ile bu kapsamda ilk y\u0131l\u0131n ard\u0131ndan yap\u0131lm\u0131\u015f fazla \u00e7al\u0131\u015fmalar i\u00e7in fazla \u00e7al\u0131\u015fma \u00fccretinin \u00f6denmemesi, m\u00fclkiyet hakk\u0131n\u0131n ihlaline sebep olmu\u015ftur.<\/li>\n<\/ul>\n<h3><strong>Sonu\u00e7<\/strong><\/h3>\n<p>Anayasa Mahkemesi&#8217;nin bu karar\u0131n\u0131n etkileri, \u00f6zellikle 2017 y\u0131l\u0131 \u00f6ncesine ili\u015fkin hukuki uyu\u015fmazl\u0131k durumlar\u0131nda i\u015fverenlerce takip edilmeli ve dikkate al\u0131nmal\u0131d\u0131r.<\/p>\n<p>Karar Metni: <a href=\"https:\/\/urldefense.com\/v3\/__https:\/esinxchange.com\/collect\/click.aspx?u=b1lhYU54NU82N1pycU1kdU4xbHlHaDk0QjZEVDFvcTM4VVROa2RvSlp0M2Vvb25wVzFwdE1ERU1UcktoT0xWTm85SGRyNHgvUnV4RkZxemEyV042RXdVREdMb3dCMmlxbldVeDJtWkZTL1VVcUhxMHVjcmh6M1VOdjdhUk9qTjIrb2JjaDRMZUZGdz0=&amp;rh=ff008ed58a1f7fb88869e6f2364186ee16b3338d__;!!Hj9Y_P0nvg!HVii9F5wA0yIAwuJFzv6u01matIw4mIDgRiK7QO097ri-S0mS8VwQYoFFC3NmXXVb8JpHQ$\">https:\/\/www.lexpera.com.tr\/resmi-gazete\/metin\/RG801Y2022N31800S20191450<\/a><\/p>\n","protected":false},"excerpt":{"rendered":"<p>Son geli\u015fme Anayasa Mahkemesi&#8217;nin 2019\/1450 ba\u015fvuru numaral\u0131 ve 22 \u015eubat 2022 tarihli karar\u0131, 5 Nisan 2022 tarihli ve 31800 say\u0131l\u0131 [&hellip;]<\/p>\n","protected":false},"author":4,"featured_media":0,"comment_status":"closed","ping_status":"closed","sticky":false,"template":"","format":"standard","meta":{"_acf_changed":false,"_stopmodifiedupdate":false,"_modified_date":"","footnotes":""},"categories":[120],"tags":[101],"class_list":["post-22543","post","type-post","status-publish","format-standard","hentry","category-legal-alerts","tag-employment-tr"],"acf":[],"yoast_head":"<!-- This site is optimized with the Yoast SEO plugin v24.0 - https:\/\/yoast.com\/wordpress\/plugins\/seo\/ -->\n<title>Anayasa Mahkemesi&#039;nin Son Karar\u0131 \u0130\u015f Hukuku Kaynakl\u0131 Uyu\u015fmazl\u0131klar Hakk\u0131nda Ne Anlama Gelmektedir?<\/title>\n<meta name=\"description\" content=\"Son geli\u015fme Anayasa Mahkemesi&#039;nin 2019\/1450 ba\u015fvuru numaral\u0131 ve 22 \u015eubat 2022 tarihli karar\u0131, 5 Nisan 2022 tarihli ve 31800 say\u0131l\u0131 Resmi Gazete&#039;de\" \/>\n<meta name=\"robots\" content=\"index, follow, max-snippet:-1, max-image-preview:large, max-video-preview:-1\" \/>\n<link rel=\"canonical\" href=\"https:\/\/www.esin.av.tr\/tr\/2022\/04\/14\/anayasa-mahkemesinin-son-karari-is-hukuku-kaynakli-uyusmazliklar-hakkinda-ne-anlama-gelmektedir\/\" \/>\n<meta property=\"og:locale\" content=\"tr_TR\" \/>\n<meta property=\"og:type\" content=\"article\" \/>\n<meta property=\"og:title\" content=\"Anayasa Mahkemesi&#039;nin Son Karar\u0131 \u0130\u015f Hukuku Kaynakl\u0131 Uyu\u015fmazl\u0131klar Hakk\u0131nda Ne Anlama Gelmektedir?\" \/>\n<meta property=\"og:description\" content=\"Son geli\u015fme Anayasa Mahkemesi&#039;nin 2019\/1450 ba\u015fvuru numaral\u0131 ve 22 \u015eubat 2022 tarihli karar\u0131, 5 Nisan 2022 tarihli ve 31800 say\u0131l\u0131 Resmi Gazete&#039;de\" \/>\n<meta property=\"og:url\" content=\"https:\/\/www.esin.av.tr\/tr\/2022\/04\/14\/anayasa-mahkemesinin-son-karari-is-hukuku-kaynakli-uyusmazliklar-hakkinda-ne-anlama-gelmektedir\/\" \/>\n<meta property=\"og:site_name\" content=\"Esin Avukatl\u0131k Ortakl\u0131\u011f\u0131\" \/>\n<meta property=\"article:published_time\" content=\"2022-04-14T09:26:05+00:00\" \/>\n<meta property=\"article:modified_time\" content=\"2022-06-09T13:42:58+00:00\" \/>\n<meta name=\"author\" content=\"R\u0131dvan Konrat\" \/>\n<meta name=\"twitter:card\" content=\"summary_large_image\" \/>\n<meta name=\"twitter:label1\" content=\"Written by\" \/>\n\t<meta name=\"twitter:data1\" content=\"R\u0131dvan Konrat\" \/>\n\t<meta name=\"twitter:label2\" content=\"Est. reading time\" \/>\n\t<meta name=\"twitter:data2\" content=\"3 minutes\" \/>\n<script type=\"application\/ld+json\" class=\"yoast-schema-graph\">{\"@context\":\"https:\/\/schema.org\",\"@graph\":[{\"@type\":\"Article\",\"@id\":\"https:\/\/www.esin.av.tr\/tr\/2022\/04\/14\/anayasa-mahkemesinin-son-karari-is-hukuku-kaynakli-uyusmazliklar-hakkinda-ne-anlama-gelmektedir\/#article\",\"isPartOf\":{\"@id\":\"https:\/\/www.esin.av.tr\/tr\/2022\/04\/14\/anayasa-mahkemesinin-son-karari-is-hukuku-kaynakli-uyusmazliklar-hakkinda-ne-anlama-gelmektedir\/\"},\"author\":{\"name\":\"R\u0131dvan Konrat\",\"@id\":\"https:\/\/www.esin.av.tr\/tr\/#\/schema\/person\/42c8e616aab56b8622fa365ad63282ae\"},\"headline\":\"Anayasa Mahkemesi&#8217;nin Son Karar\u0131 \u0130\u015f Hukuku Kaynakl\u0131 Uyu\u015fmazl\u0131klar Hakk\u0131nda Ne Anlama Gelmektedir?\",\"datePublished\":\"2022-04-14T09:26:05+00:00\",\"dateModified\":\"2022-06-09T13:42:58+00:00\",\"mainEntityOfPage\":{\"@id\":\"https:\/\/www.esin.av.tr\/tr\/2022\/04\/14\/anayasa-mahkemesinin-son-karari-is-hukuku-kaynakli-uyusmazliklar-hakkinda-ne-anlama-gelmektedir\/\"},\"wordCount\":533,\"publisher\":{\"@id\":\"https:\/\/www.esin.av.tr\/tr\/#organization\"},\"keywords\":[\"\u0130\u015f Hukuku\"],\"articleSection\":[\"Hukuk B\u00fcltenleri\"],\"inLanguage\":\"tr\"},{\"@type\":\"WebPage\",\"@id\":\"https:\/\/www.esin.av.tr\/tr\/2022\/04\/14\/anayasa-mahkemesinin-son-karari-is-hukuku-kaynakli-uyusmazliklar-hakkinda-ne-anlama-gelmektedir\/\",\"url\":\"https:\/\/www.esin.av.tr\/tr\/2022\/04\/14\/anayasa-mahkemesinin-son-karari-is-hukuku-kaynakli-uyusmazliklar-hakkinda-ne-anlama-gelmektedir\/\",\"name\":\"Anayasa Mahkemesi'nin Son Karar\u0131 \u0130\u015f Hukuku Kaynakl\u0131 Uyu\u015fmazl\u0131klar Hakk\u0131nda Ne Anlama Gelmektedir?\",\"isPartOf\":{\"@id\":\"https:\/\/www.esin.av.tr\/tr\/#website\"},\"datePublished\":\"2022-04-14T09:26:05+00:00\",\"dateModified\":\"2022-06-09T13:42:58+00:00\",\"description\":\"Son geli\u015fme Anayasa Mahkemesi'nin 2019\/1450 ba\u015fvuru numaral\u0131 ve 22 \u015eubat 2022 tarihli karar\u0131, 5 Nisan 2022 tarihli ve 31800 say\u0131l\u0131 Resmi Gazete'de\",\"breadcrumb\":{\"@id\":\"https:\/\/www.esin.av.tr\/tr\/2022\/04\/14\/anayasa-mahkemesinin-son-karari-is-hukuku-kaynakli-uyusmazliklar-hakkinda-ne-anlama-gelmektedir\/#breadcrumb\"},\"inLanguage\":\"tr\",\"potentialAction\":[{\"@type\":\"ReadAction\",\"target\":[\"https:\/\/www.esin.av.tr\/tr\/2022\/04\/14\/anayasa-mahkemesinin-son-karari-is-hukuku-kaynakli-uyusmazliklar-hakkinda-ne-anlama-gelmektedir\/\"]}]},{\"@type\":\"BreadcrumbList\",\"@id\":\"https:\/\/www.esin.av.tr\/tr\/2022\/04\/14\/anayasa-mahkemesinin-son-karari-is-hukuku-kaynakli-uyusmazliklar-hakkinda-ne-anlama-gelmektedir\/#breadcrumb\",\"itemListElement\":[{\"@type\":\"ListItem\",\"position\":1,\"name\":\"Home\",\"item\":\"https:\/\/www.esin.av.tr\/tr\/\"},{\"@type\":\"ListItem\",\"position\":2,\"name\":\"Anayasa Mahkemesi&#8217;nin Son Karar\u0131 \u0130\u015f Hukuku Kaynakl\u0131 Uyu\u015fmazl\u0131klar Hakk\u0131nda Ne Anlama Gelmektedir?\"}]},{\"@type\":\"WebSite\",\"@id\":\"https:\/\/www.esin.av.tr\/tr\/#website\",\"url\":\"https:\/\/www.esin.av.tr\/tr\/\",\"name\":\"Esin Avukatl\u0131k Ortakl\u0131\u011f\u0131\",\"description\":\"\",\"publisher\":{\"@id\":\"https:\/\/www.esin.av.tr\/tr\/#organization\"},\"potentialAction\":[{\"@type\":\"SearchAction\",\"target\":{\"@type\":\"EntryPoint\",\"urlTemplate\":\"https:\/\/www.esin.av.tr\/tr\/?s={search_term_string}\"},\"query-input\":{\"@type\":\"PropertyValueSpecification\",\"valueRequired\":true,\"valueName\":\"search_term_string\"}}],\"inLanguage\":\"tr\"},{\"@type\":\"Organization\",\"@id\":\"https:\/\/www.esin.av.tr\/tr\/#organization\",\"name\":\"Esin Avukatl\u0131k Ortakl\u0131\u011f\u0131\",\"url\":\"https:\/\/www.esin.av.tr\/tr\/\",\"logo\":{\"@type\":\"ImageObject\",\"inLanguage\":\"tr\",\"@id\":\"https:\/\/www.esin.av.tr\/tr\/#\/schema\/logo\/image\/\",\"url\":\"https:\/\/www.esin.av.tr\/wp-content\/uploads\/2021\/09\/esin-2.jpg\",\"contentUrl\":\"https:\/\/www.esin.av.tr\/wp-content\/uploads\/2021\/09\/esin-2.jpg\",\"width\":800,\"height\":460,\"caption\":\"Esin Avukatl\u0131k Ortakl\u0131\u011f\u0131\"},\"image\":{\"@id\":\"https:\/\/www.esin.av.tr\/tr\/#\/schema\/logo\/image\/\"}},{\"@type\":\"Person\",\"@id\":\"https:\/\/www.esin.av.tr\/tr\/#\/schema\/person\/42c8e616aab56b8622fa365ad63282ae\",\"name\":\"R\u0131dvan Konrat\",\"image\":{\"@type\":\"ImageObject\",\"inLanguage\":\"tr\",\"@id\":\"https:\/\/www.esin.av.tr\/tr\/#\/schema\/person\/image\/\",\"url\":\"https:\/\/secure.gravatar.com\/avatar\/b20c6c583be38ed4e76e32f69fccc676?s=96&d=mm&r=g\",\"contentUrl\":\"https:\/\/secure.gravatar.com\/avatar\/b20c6c583be38ed4e76e32f69fccc676?s=96&d=mm&r=g\",\"caption\":\"R\u0131dvan Konrat\"},\"sameAs\":[\"http:\/\/www.esin.av.tr\"],\"url\":\"https:\/\/www.esin.av.tr\/tr\/author\/rkonrat\/\"}]}<\/script>\n<!-- \/ Yoast SEO plugin. -->","yoast_head_json":{"title":"Anayasa Mahkemesi'nin Son Karar\u0131 \u0130\u015f Hukuku Kaynakl\u0131 Uyu\u015fmazl\u0131klar Hakk\u0131nda Ne Anlama Gelmektedir?","description":"Son geli\u015fme Anayasa Mahkemesi'nin 2019\/1450 ba\u015fvuru numaral\u0131 ve 22 \u015eubat 2022 tarihli karar\u0131, 5 Nisan 2022 tarihli ve 31800 say\u0131l\u0131 Resmi Gazete'de","robots":{"index":"index","follow":"follow","max-snippet":"max-snippet:-1","max-image-preview":"max-image-preview:large","max-video-preview":"max-video-preview:-1"},"canonical":"https:\/\/www.esin.av.tr\/tr\/2022\/04\/14\/anayasa-mahkemesinin-son-karari-is-hukuku-kaynakli-uyusmazliklar-hakkinda-ne-anlama-gelmektedir\/","og_locale":"tr_TR","og_type":"article","og_title":"Anayasa Mahkemesi'nin Son Karar\u0131 \u0130\u015f Hukuku Kaynakl\u0131 Uyu\u015fmazl\u0131klar Hakk\u0131nda Ne Anlama Gelmektedir?","og_description":"Son geli\u015fme Anayasa Mahkemesi'nin 2019\/1450 ba\u015fvuru numaral\u0131 ve 22 \u015eubat 2022 tarihli karar\u0131, 5 Nisan 2022 tarihli ve 31800 say\u0131l\u0131 Resmi Gazete'de","og_url":"https:\/\/www.esin.av.tr\/tr\/2022\/04\/14\/anayasa-mahkemesinin-son-karari-is-hukuku-kaynakli-uyusmazliklar-hakkinda-ne-anlama-gelmektedir\/","og_site_name":"Esin Avukatl\u0131k Ortakl\u0131\u011f\u0131","article_published_time":"2022-04-14T09:26:05+00:00","article_modified_time":"2022-06-09T13:42:58+00:00","author":"R\u0131dvan Konrat","twitter_card":"summary_large_image","twitter_misc":{"Written by":"R\u0131dvan Konrat","Est. reading time":"3 minutes"},"schema":{"@context":"https:\/\/schema.org","@graph":[{"@type":"Article","@id":"https:\/\/www.esin.av.tr\/tr\/2022\/04\/14\/anayasa-mahkemesinin-son-karari-is-hukuku-kaynakli-uyusmazliklar-hakkinda-ne-anlama-gelmektedir\/#article","isPartOf":{"@id":"https:\/\/www.esin.av.tr\/tr\/2022\/04\/14\/anayasa-mahkemesinin-son-karari-is-hukuku-kaynakli-uyusmazliklar-hakkinda-ne-anlama-gelmektedir\/"},"author":{"name":"R\u0131dvan Konrat","@id":"https:\/\/www.esin.av.tr\/tr\/#\/schema\/person\/42c8e616aab56b8622fa365ad63282ae"},"headline":"Anayasa Mahkemesi&#8217;nin Son Karar\u0131 \u0130\u015f Hukuku Kaynakl\u0131 Uyu\u015fmazl\u0131klar Hakk\u0131nda Ne Anlama Gelmektedir?","datePublished":"2022-04-14T09:26:05+00:00","dateModified":"2022-06-09T13:42:58+00:00","mainEntityOfPage":{"@id":"https:\/\/www.esin.av.tr\/tr\/2022\/04\/14\/anayasa-mahkemesinin-son-karari-is-hukuku-kaynakli-uyusmazliklar-hakkinda-ne-anlama-gelmektedir\/"},"wordCount":533,"publisher":{"@id":"https:\/\/www.esin.av.tr\/tr\/#organization"},"keywords":["\u0130\u015f Hukuku"],"articleSection":["Hukuk B\u00fcltenleri"],"inLanguage":"tr"},{"@type":"WebPage","@id":"https:\/\/www.esin.av.tr\/tr\/2022\/04\/14\/anayasa-mahkemesinin-son-karari-is-hukuku-kaynakli-uyusmazliklar-hakkinda-ne-anlama-gelmektedir\/","url":"https:\/\/www.esin.av.tr\/tr\/2022\/04\/14\/anayasa-mahkemesinin-son-karari-is-hukuku-kaynakli-uyusmazliklar-hakkinda-ne-anlama-gelmektedir\/","name":"Anayasa Mahkemesi'nin Son Karar\u0131 \u0130\u015f Hukuku Kaynakl\u0131 Uyu\u015fmazl\u0131klar Hakk\u0131nda Ne Anlama Gelmektedir?","isPartOf":{"@id":"https:\/\/www.esin.av.tr\/tr\/#website"},"datePublished":"2022-04-14T09:26:05+00:00","dateModified":"2022-06-09T13:42:58+00:00","description":"Son geli\u015fme Anayasa Mahkemesi'nin 2019\/1450 ba\u015fvuru numaral\u0131 ve 22 \u015eubat 2022 tarihli karar\u0131, 5 Nisan 2022 tarihli ve 31800 say\u0131l\u0131 Resmi Gazete'de","breadcrumb":{"@id":"https:\/\/www.esin.av.tr\/tr\/2022\/04\/14\/anayasa-mahkemesinin-son-karari-is-hukuku-kaynakli-uyusmazliklar-hakkinda-ne-anlama-gelmektedir\/#breadcrumb"},"inLanguage":"tr","potentialAction":[{"@type":"ReadAction","target":["https:\/\/www.esin.av.tr\/tr\/2022\/04\/14\/anayasa-mahkemesinin-son-karari-is-hukuku-kaynakli-uyusmazliklar-hakkinda-ne-anlama-gelmektedir\/"]}]},{"@type":"BreadcrumbList","@id":"https:\/\/www.esin.av.tr\/tr\/2022\/04\/14\/anayasa-mahkemesinin-son-karari-is-hukuku-kaynakli-uyusmazliklar-hakkinda-ne-anlama-gelmektedir\/#breadcrumb","itemListElement":[{"@type":"ListItem","position":1,"name":"Home","item":"https:\/\/www.esin.av.tr\/tr\/"},{"@type":"ListItem","position":2,"name":"Anayasa Mahkemesi&#8217;nin Son Karar\u0131 \u0130\u015f Hukuku Kaynakl\u0131 Uyu\u015fmazl\u0131klar Hakk\u0131nda Ne Anlama Gelmektedir?"}]},{"@type":"WebSite","@id":"https:\/\/www.esin.av.tr\/tr\/#website","url":"https:\/\/www.esin.av.tr\/tr\/","name":"Esin Avukatl\u0131k Ortakl\u0131\u011f\u0131","description":"","publisher":{"@id":"https:\/\/www.esin.av.tr\/tr\/#organization"},"potentialAction":[{"@type":"SearchAction","target":{"@type":"EntryPoint","urlTemplate":"https:\/\/www.esin.av.tr\/tr\/?s={search_term_string}"},"query-input":{"@type":"PropertyValueSpecification","valueRequired":true,"valueName":"search_term_string"}}],"inLanguage":"tr"},{"@type":"Organization","@id":"https:\/\/www.esin.av.tr\/tr\/#organization","name":"Esin Avukatl\u0131k Ortakl\u0131\u011f\u0131","url":"https:\/\/www.esin.av.tr\/tr\/","logo":{"@type":"ImageObject","inLanguage":"tr","@id":"https:\/\/www.esin.av.tr\/tr\/#\/schema\/logo\/image\/","url":"https:\/\/www.esin.av.tr\/wp-content\/uploads\/2021\/09\/esin-2.jpg","contentUrl":"https:\/\/www.esin.av.tr\/wp-content\/uploads\/2021\/09\/esin-2.jpg","width":800,"height":460,"caption":"Esin Avukatl\u0131k Ortakl\u0131\u011f\u0131"},"image":{"@id":"https:\/\/www.esin.av.tr\/tr\/#\/schema\/logo\/image\/"}},{"@type":"Person","@id":"https:\/\/www.esin.av.tr\/tr\/#\/schema\/person\/42c8e616aab56b8622fa365ad63282ae","name":"R\u0131dvan Konrat","image":{"@type":"ImageObject","inLanguage":"tr","@id":"https:\/\/www.esin.av.tr\/tr\/#\/schema\/person\/image\/","url":"https:\/\/secure.gravatar.com\/avatar\/b20c6c583be38ed4e76e32f69fccc676?s=96&d=mm&r=g","contentUrl":"https:\/\/secure.gravatar.com\/avatar\/b20c6c583be38ed4e76e32f69fccc676?s=96&d=mm&r=g","caption":"R\u0131dvan Konrat"},"sameAs":["http:\/\/www.esin.av.tr"],"url":"https:\/\/www.esin.av.tr\/tr\/author\/rkonrat\/"}]}},"_links":{"self":[{"href":"https:\/\/www.esin.av.tr\/tr\/wp-json\/wp\/v2\/posts\/22543","targetHints":{"allow":["GET"]}}],"collection":[{"href":"https:\/\/www.esin.av.tr\/tr\/wp-json\/wp\/v2\/posts"}],"about":[{"href":"https:\/\/www.esin.av.tr\/tr\/wp-json\/wp\/v2\/types\/post"}],"author":[{"embeddable":true,"href":"https:\/\/www.esin.av.tr\/tr\/wp-json\/wp\/v2\/users\/4"}],"replies":[{"embeddable":true,"href":"https:\/\/www.esin.av.tr\/tr\/wp-json\/wp\/v2\/comments?post=22543"}],"version-history":[{"count":1,"href":"https:\/\/www.esin.av.tr\/tr\/wp-json\/wp\/v2\/posts\/22543\/revisions"}],"predecessor-version":[{"id":22544,"href":"https:\/\/www.esin.av.tr\/tr\/wp-json\/wp\/v2\/posts\/22543\/revisions\/22544"}],"wp:attachment":[{"href":"https:\/\/www.esin.av.tr\/tr\/wp-json\/wp\/v2\/media?parent=22543"}],"wp:term":[{"taxonomy":"category","embeddable":true,"href":"https:\/\/www.esin.av.tr\/tr\/wp-json\/wp\/v2\/categories?post=22543"},{"taxonomy":"post_tag","embeddable":true,"href":"https:\/\/www.esin.av.tr\/tr\/wp-json\/wp\/v2\/tags?post=22543"}],"curies":[{"name":"wp","href":"https:\/\/api.w.org\/{rel}","templated":true}]}}