{"id":22520,"date":"2022-04-13T12:02:40","date_gmt":"2022-04-13T12:02:40","guid":{"rendered":"https:\/\/www.esin.av.tr\/?p=22520"},"modified":"2022-06-09T13:43:02","modified_gmt":"2022-06-09T13:43:02","slug":"anayasa-mahkemesinden-ifade-ozgurlugune-iliskin-yeni-karar-2","status":"publish","type":"post","link":"https:\/\/www.esin.av.tr\/tr\/2022\/04\/13\/anayasa-mahkemesinden-ifade-ozgurlugune-iliskin-yeni-karar-2\/","title":{"rendered":"Anayasa Mahkemesinden \u0130fade \u00d6zg\u00fcrl\u00fc\u011f\u00fcne \u0130li\u015fkin Yeni Karar"},"content":{"rendered":"<p><strong><a href=\"https:\/\/podcast.esin.av.tr\/?lang=tr&amp;playing=PFC5137256507?updated=1649842276\" target=\"_blank\" rel=\"noopener\"><img decoding=\"async\" class=\"alignnone wp-image-18799\" src=\"https:\/\/www.esin.av.tr\/wp-content\/uploads\/2021\/02\/1.png\" alt=\"\" width=\"38\" height=\"38\" srcset=\"https:\/\/www.esin.av.tr\/wp-content\/uploads\/2021\/02\/1.png 186w, https:\/\/www.esin.av.tr\/wp-content\/uploads\/2021\/02\/1-150x150.png 150w\" sizes=\"(max-width: 38px) 100vw, 38px\" \/><\/a>\u00a0 \u00a0 \u00a0 \u00a0 \u00a0 \u00a0 Bu b\u00fcltenimizi podcast olarak da dinleyebilirsiniz!<\/strong><\/p>\n<p>&nbsp;<\/p>\n<h3><strong>Yeni Geli\u015fme<\/strong><\/h3>\n<p>Anayasa Mahkemesinin, ba\u015fvurucunun (&#8220;<strong>Ba\u015fvurucu<\/strong>&#8220;) ifade \u00f6zg\u00fcrl\u00fc\u011f\u00fcn\u00fcn ihlal edildi\u011fi y\u00f6n\u00fcnde karar verdi\u011fi, 2019\/21340 ba\u015fvuru numaral\u0131 22 \u015eubat 2022 tarihli karar\u0131 (&#8220;<strong>Karar<\/strong>&#8220;) 5 Nisan 2022 tarihli Resmi Gazete&#8217;de yay\u0131mland\u0131. Anayasa Mahkemesi, Karar&#8217;da ba\u015fkalar\u0131n\u0131n \u015feref ve itibar\u0131n\u0131n korunmas\u0131 ile ifade \u00f6zg\u00fcrl\u00fc\u011f\u00fcne ili\u015fkin de\u011ferlendirme yapm\u0131\u015ft\u0131r. Karar&#8217;a <a href=\"https:\/\/urldefense.com\/v3\/__https:\/esinxchange.com\/collect\/click.aspx?u=NW9KcU9zb0hFUjMrOG1DaWJlVUxzWW1wekl5ZnR6ZGs0WHJOMDVybmU4aW9RNkIvN2hmbUJsRlN3bjMzNGpHWStBa0RUVDdjcE9EU21SNFhBRGZqbjRGR011Z1VJcGg5VVE1blU3N3JBT0JBOXd1cWN5V2pTdz09&amp;rh=ff008ebb453f0bb17b760bb7ba4b890fe51fe3e9__;!!Hj9Y_P0nvg!DYRWsevoHtrQf8XAA81n4Eh8m4ScZ58ZQnKVncJLYzRMzUV8cw6wPkljWlgo4_m39BnmOg$\">buradan<\/a> ula\u015fabilirsiniz.<\/p>\n<h3><strong>\u0130hlal Konusu Ba\u015fvuru<\/strong><\/h3>\n<p>Ba\u015fvurucu, bir siyasi partinin il\u00e7e kongresinde parti il ba\u015fkan\u0131 ile milletvekili aras\u0131nda \u00e7\u0131kan tart\u0131\u015fmaya ili\u015fkin haberler yapm\u0131\u015ft\u0131r ve gazetede konuya ili\u015fkin k\u00f6\u015fe yaz\u0131lar\u0131 yay\u0131mlanm\u0131\u015ft\u0131r. S\u00f6z konusu haberlerde milletvekilinin parti i\u00e7indekileri ba\u015fka uluslardan ki\u015filere benzetmesi ele\u015ftirilmi\u015f ve milletvekiline ili\u015fkin olarak parti i\u00e7erisinde de imza kampanyas\u0131 ba\u015flat\u0131lm\u0131\u015ft\u0131r. Milletvekili ise iddialar\u0131 reddederek haberleri yapan gazete aleyhine manevi tazminat davas\u0131 a\u00e7m\u0131\u015ft\u0131r. \u0130lk derece mahkemesi bilirki\u015fi incelemesi ile konu\u015fman\u0131n kayd\u0131n\u0131 dinlemi\u015f ve s\u00f6z konusu benzetmeler konu\u015fmada ge\u00e7medi\u011fi i\u00e7in haberin ger\u00e7ek olmad\u0131\u011f\u0131ndan hareketle manevi tazminata h\u00fckmetmi\u015ftir. Ba\u015fvurucunun istinaf ba\u015fvurusu reddedilmi\u015ftir ve Ba\u015fvurucu konuyu Anayasa Mahkemesi&#8217;ne ta\u015f\u0131m\u0131\u015ft\u0131r.<\/p>\n<h3><strong>Karar Neyi Kaps\u0131yor?<\/strong><\/h3>\n<p>Anayasa Mahkemesi, Ba\u015fvurucu&#8217;nun iddialar\u0131n\u0131 ifade \u00f6zg\u00fcrl\u00fc\u011f\u00fc ve bas\u0131n \u00f6zg\u00fcrl\u00fc\u011f\u00fc kapsam\u0131nda de\u011ferlendirmi\u015f, yap\u0131lan m\u00fcdahalenin hukuka uygun olmas\u0131 i\u00e7in Anayasa&#8217;n\u0131n 13. maddesinde \u00f6ng\u00f6r\u00fclen (i) kanunlar taraf\u0131ndan \u00f6ng\u00f6r\u00fclme, (ii) Anayasa&#8217;da \u00f6ng\u00f6r\u00fclen hakl\u0131 sebeplere dayanma ve (iii) demokratik toplumun gereklerine uygun olma ve \u00f6l\u00e7\u00fcl\u00fc olma ko\u015fullar\u0131n\u0131 sa\u011flamas\u0131 gerekti\u011fini belirtmi\u015ftir. Anayasa Mahkemesi bu Karar \u00f6zelinde de\u011ferlendirmelerini demokratik toplumun gereklerine uygunluk \u00fczerine yo\u011funla\u015ft\u0131rm\u0131\u015ft\u0131r. Bu kapsamda Ba\u015fvurucu aleyhine manevi tazminata h\u00fckmedilmesinin zorunlu bir ihtiyaca kar\u015f\u0131l\u0131k gelip gelmedi\u011fini, me\u015fru ama\u00e7la orant\u0131l\u0131 ve gerek\u00e7elerin ilgili ve yeterli olup olmad\u0131\u011f\u0131n\u0131 de\u011ferlendirmi\u015ftir.<\/p>\n<p>Anayasa Mahkemesi, siyasi partinin il\u00e7e kongresindeki tart\u0131\u015fman\u0131n il ve il\u00e7e g\u00fcndemini ilgilendiren bir konuya ili\u015fkin oldu\u011fu i\u00e7in g\u00fcncel ve kamusal tart\u0131\u015fmaya katk\u0131 sundu\u011funu ifade etmi\u015ftir. \u0130fade ve bas\u0131n \u00f6zg\u00fcrl\u00fc\u011f\u00fc ile ki\u015filerin \u015feref ve itibar\u0131n\u0131n korunmas\u0131 aras\u0131nda denge kurarken gazetecilerin \u00f6zellikle de bir ki\u015fiye y\u00f6nelik isnatta bulunan haberler bak\u0131m\u0131ndan dikkatli olmas\u0131 gerekti\u011fini ve haberlerin do\u011frulu\u011funa ili\u015fkin asgari bir ara\u015ft\u0131rma yapmas\u0131 gerekti\u011fini vurgulam\u0131\u015ft\u0131r. Bu kapsamda gazetecilerden haberlerin do\u011frulu\u011funu tam anlam\u0131yla ispatlayamasa da i\u00e7erikleri somut olgularla desteklemesi beklenmektedir. Anayasa Mahkemesi, haberlerin do\u011frulu\u011funa ili\u015fkin olarak gazetecilerin savc\u0131 gibi hareket etmesinin beklenmedi\u011fini ancak habere konu iddialar\u0131n do\u011frulu\u011funu ara\u015ft\u0131rmalar\u0131 ve bir ki\u015fiye y\u00f6neltilen isnatlar\u0131n dayanaklar\u0131n\u0131 belirtmelerinin gerekti\u011fini ifade etmi\u015ftir. Bu kapsamda iddialar\u0131n kaynaklar\u0131n\u0131n g\u00fcvenilir olup olmad\u0131\u011f\u0131n\u0131n makul olarak ara\u015ft\u0131r\u0131lmas\u0131 gerekmektedir ve gazetecilerin do\u011fru bilgileri sunmak i\u00e7in iyi niyet \u00e7er\u00e7evesinde hareket etti\u011fi ortaya konabilmelidir.<\/p>\n<p>Somut olaya ili\u015fkin de\u011ferlendirmelerinde Anayasa Mahkemesi, haberlere konu iddialar\u0131n parti il ba\u015fkan\u0131 taraf\u0131ndan do\u011fruland\u0131\u011f\u0131n\u0131 ve parti i\u00e7erisinde konuya ili\u015fkin olarak imza topland\u0131\u011f\u0131n\u0131 g\u00f6z \u00f6n\u00fcnde bulundurmu\u015ftur. \u0130laveten, milletvekilinin gazeteye g\u00f6nderdi\u011fi a\u00e7\u0131klamalara da gazetede yer verilmi\u015ftir ve t\u00fcm taraflar\u0131n iddialar\u0131yla birlikte okuyucuya sunulmu\u015ftur. Anayasa Mahkemesi, say\u0131lan nedenlerle gazetecinin \u00fcst\u00fcne d\u00fc\u015fen sorumlulu\u011fu yerine getirdi\u011fine karar vermi\u015ftir. Nitekim Anayasa Mahkemesi, gazetecinin kayna\u011f\u0131 belli olarak yapt\u0131\u011f\u0131 haberler nedeni ile yapt\u0131r\u0131ma tabi tutulmas\u0131n\u0131n kamuyu ilgilendiren konularda serbest ve a\u00e7\u0131k tart\u0131\u015fmalar\u0131 \u00f6nleyece\u011fi sonucuna varm\u0131\u015ft\u0131r. Bu de\u011ferlendirmeler \u0131\u015f\u0131\u011f\u0131nda Anayasa Mahkemesi, ilk derece mahkemesinin manevi tazminata h\u00fckmetmesinin ilgili ve yeterli gerek\u00e7elere dayanmad\u0131\u011f\u0131ndan hareketle ifade \u00f6zg\u00fcrl\u00fc\u011f\u00fcn\u00fc ihlal etti\u011fine karar vermi\u015ftir.<\/p>\n<h3><strong>Sonu\u00e7<\/strong><\/h3>\n<p>Eldeki Karar&#8217;da Anayasa Mahkemesi, bas\u0131n\u0131n \u00f6dev ve sorumluluklar\u0131n\u0131 irdelemi\u015f ve gazetecilerin ba\u015fkalar\u0131na ili\u015fkin isnat i\u00e7eren haberler bak\u0131m\u0131ndan dikkatli olmas\u0131 gerekti\u011finin alt\u0131n\u0131 \u00e7izmi\u015ftir. Mahkeme ayr\u0131ca, bilhassa kamuyu ilgilendiren konularda bas\u0131n mercilerine y\u00f6nelik yapt\u0131r\u0131mlar\u0131n kamusal tart\u0131\u015fmalar\u0131 \u00f6nledi\u011fini ve ifade ve bas\u0131n \u00f6zg\u00fcrl\u00fc\u011f\u00fcn\u00fc ihlal etti\u011fini de\u011ferlendirmi\u015ftir.<\/p>\n","protected":false},"excerpt":{"rendered":"<p>\u00a0 \u00a0 \u00a0 \u00a0 \u00a0 \u00a0 Bu b\u00fcltenimizi podcast olarak da dinleyebilirsiniz! &nbsp; Yeni Geli\u015fme Anayasa Mahkemesinin, ba\u015fvurucunun (&#8220;Ba\u015fvurucu&#8220;) ifade [&hellip;]<\/p>\n","protected":false},"author":4,"featured_media":0,"comment_status":"closed","ping_status":"closed","sticky":false,"template":"","format":"standard","meta":{"_acf_changed":false,"_stopmodifiedupdate":false,"_modified_date":"","footnotes":""},"categories":[120],"tags":[93],"class_list":["post-22520","post","type-post","status-publish","format-standard","hentry","category-legal-alerts","tag-information-technology-communications-tr"],"acf":[],"yoast_head":"<!-- This site is optimized with the Yoast SEO plugin v24.0 - https:\/\/yoast.com\/wordpress\/plugins\/seo\/ -->\n<title>Anayasa Mahkemesinden \u0130fade \u00d6zg\u00fcrl\u00fc\u011f\u00fcne \u0130li\u015fkin Yeni Karar<\/title>\n<meta name=\"description\" content=\"\u00a0 \u00a0 \u00a0 \u00a0 \u00a0 \u00a0 Bu b\u00fcltenimizi podcast olarak da dinleyebilirsiniz! &nbsp; Yeni Geli\u015fme Anayasa Mahkemesinin, ba\u015fvurucunun (&quot;Ba\u015fvurucu&quot;) ifade \u00f6zg\u00fcrl\u00fc\u011f\u00fcn\u00fcn\" \/>\n<meta name=\"robots\" content=\"index, follow, max-snippet:-1, max-image-preview:large, max-video-preview:-1\" \/>\n<link rel=\"canonical\" href=\"https:\/\/www.esin.av.tr\/tr\/2022\/04\/13\/anayasa-mahkemesinden-ifade-ozgurlugune-iliskin-yeni-karar-2\/\" \/>\n<meta property=\"og:locale\" content=\"tr_TR\" \/>\n<meta property=\"og:type\" content=\"article\" \/>\n<meta property=\"og:title\" content=\"Anayasa Mahkemesinden \u0130fade \u00d6zg\u00fcrl\u00fc\u011f\u00fcne \u0130li\u015fkin Yeni Karar\" \/>\n<meta property=\"og:description\" content=\"\u00a0 \u00a0 \u00a0 \u00a0 \u00a0 \u00a0 Bu b\u00fcltenimizi podcast olarak da dinleyebilirsiniz! &nbsp; Yeni Geli\u015fme Anayasa Mahkemesinin, ba\u015fvurucunun (&quot;Ba\u015fvurucu&quot;) ifade \u00f6zg\u00fcrl\u00fc\u011f\u00fcn\u00fcn\" \/>\n<meta property=\"og:url\" content=\"https:\/\/www.esin.av.tr\/tr\/2022\/04\/13\/anayasa-mahkemesinden-ifade-ozgurlugune-iliskin-yeni-karar-2\/\" \/>\n<meta property=\"og:site_name\" content=\"Esin Avukatl\u0131k Ortakl\u0131\u011f\u0131\" \/>\n<meta property=\"article:published_time\" content=\"2022-04-13T12:02:40+00:00\" \/>\n<meta property=\"article:modified_time\" content=\"2022-06-09T13:43:02+00:00\" \/>\n<meta property=\"og:image\" content=\"https:\/\/www.esin.av.tr\/wp-content\/uploads\/2021\/02\/1.png\" \/>\n<meta name=\"author\" content=\"R\u0131dvan Konrat\" \/>\n<meta name=\"twitter:card\" content=\"summary_large_image\" \/>\n<meta name=\"twitter:label1\" content=\"Written by\" \/>\n\t<meta name=\"twitter:data1\" content=\"R\u0131dvan Konrat\" \/>\n\t<meta name=\"twitter:label2\" content=\"Est. reading time\" \/>\n\t<meta name=\"twitter:data2\" content=\"4 minutes\" \/>\n<script type=\"application\/ld+json\" class=\"yoast-schema-graph\">{\"@context\":\"https:\/\/schema.org\",\"@graph\":[{\"@type\":\"Article\",\"@id\":\"https:\/\/www.esin.av.tr\/tr\/2022\/04\/13\/anayasa-mahkemesinden-ifade-ozgurlugune-iliskin-yeni-karar-2\/#article\",\"isPartOf\":{\"@id\":\"https:\/\/www.esin.av.tr\/tr\/2022\/04\/13\/anayasa-mahkemesinden-ifade-ozgurlugune-iliskin-yeni-karar-2\/\"},\"author\":{\"name\":\"R\u0131dvan Konrat\",\"@id\":\"https:\/\/www.esin.av.tr\/tr\/#\/schema\/person\/42c8e616aab56b8622fa365ad63282ae\"},\"headline\":\"Anayasa Mahkemesinden \u0130fade \u00d6zg\u00fcrl\u00fc\u011f\u00fcne \u0130li\u015fkin Yeni Karar\",\"datePublished\":\"2022-04-13T12:02:40+00:00\",\"dateModified\":\"2022-06-09T13:43:02+00:00\",\"mainEntityOfPage\":{\"@id\":\"https:\/\/www.esin.av.tr\/tr\/2022\/04\/13\/anayasa-mahkemesinden-ifade-ozgurlugune-iliskin-yeni-karar-2\/\"},\"wordCount\":763,\"publisher\":{\"@id\":\"https:\/\/www.esin.av.tr\/tr\/#organization\"},\"image\":{\"@id\":\"https:\/\/www.esin.av.tr\/tr\/2022\/04\/13\/anayasa-mahkemesinden-ifade-ozgurlugune-iliskin-yeni-karar-2\/#primaryimage\"},\"thumbnailUrl\":\"https:\/\/www.esin.av.tr\/wp-content\/uploads\/2021\/02\/1.png\",\"keywords\":[\"Bilgi Teknolojileri ve Telekom\u00fcnikasyon\"],\"articleSection\":[\"Hukuk B\u00fcltenleri\"],\"inLanguage\":\"tr\"},{\"@type\":\"WebPage\",\"@id\":\"https:\/\/www.esin.av.tr\/tr\/2022\/04\/13\/anayasa-mahkemesinden-ifade-ozgurlugune-iliskin-yeni-karar-2\/\",\"url\":\"https:\/\/www.esin.av.tr\/tr\/2022\/04\/13\/anayasa-mahkemesinden-ifade-ozgurlugune-iliskin-yeni-karar-2\/\",\"name\":\"Anayasa Mahkemesinden \u0130fade \u00d6zg\u00fcrl\u00fc\u011f\u00fcne \u0130li\u015fkin Yeni Karar\",\"isPartOf\":{\"@id\":\"https:\/\/www.esin.av.tr\/tr\/#website\"},\"primaryImageOfPage\":{\"@id\":\"https:\/\/www.esin.av.tr\/tr\/2022\/04\/13\/anayasa-mahkemesinden-ifade-ozgurlugune-iliskin-yeni-karar-2\/#primaryimage\"},\"image\":{\"@id\":\"https:\/\/www.esin.av.tr\/tr\/2022\/04\/13\/anayasa-mahkemesinden-ifade-ozgurlugune-iliskin-yeni-karar-2\/#primaryimage\"},\"thumbnailUrl\":\"https:\/\/www.esin.av.tr\/wp-content\/uploads\/2021\/02\/1.png\",\"datePublished\":\"2022-04-13T12:02:40+00:00\",\"dateModified\":\"2022-06-09T13:43:02+00:00\",\"description\":\"\u00a0 \u00a0 \u00a0 \u00a0 \u00a0 \u00a0 Bu b\u00fcltenimizi podcast olarak da dinleyebilirsiniz! &nbsp; Yeni Geli\u015fme Anayasa Mahkemesinin, ba\u015fvurucunun (\\\"Ba\u015fvurucu\\\") ifade \u00f6zg\u00fcrl\u00fc\u011f\u00fcn\u00fcn\",\"breadcrumb\":{\"@id\":\"https:\/\/www.esin.av.tr\/tr\/2022\/04\/13\/anayasa-mahkemesinden-ifade-ozgurlugune-iliskin-yeni-karar-2\/#breadcrumb\"},\"inLanguage\":\"tr\",\"potentialAction\":[{\"@type\":\"ReadAction\",\"target\":[\"https:\/\/www.esin.av.tr\/tr\/2022\/04\/13\/anayasa-mahkemesinden-ifade-ozgurlugune-iliskin-yeni-karar-2\/\"]}]},{\"@type\":\"ImageObject\",\"inLanguage\":\"tr\",\"@id\":\"https:\/\/www.esin.av.tr\/tr\/2022\/04\/13\/anayasa-mahkemesinden-ifade-ozgurlugune-iliskin-yeni-karar-2\/#primaryimage\",\"url\":\"https:\/\/www.esin.av.tr\/wp-content\/uploads\/2021\/02\/1.png\",\"contentUrl\":\"https:\/\/www.esin.av.tr\/wp-content\/uploads\/2021\/02\/1.png\"},{\"@type\":\"BreadcrumbList\",\"@id\":\"https:\/\/www.esin.av.tr\/tr\/2022\/04\/13\/anayasa-mahkemesinden-ifade-ozgurlugune-iliskin-yeni-karar-2\/#breadcrumb\",\"itemListElement\":[{\"@type\":\"ListItem\",\"position\":1,\"name\":\"Home\",\"item\":\"https:\/\/www.esin.av.tr\/tr\/\"},{\"@type\":\"ListItem\",\"position\":2,\"name\":\"Anayasa Mahkemesinden \u0130fade \u00d6zg\u00fcrl\u00fc\u011f\u00fcne \u0130li\u015fkin Yeni Karar\"}]},{\"@type\":\"WebSite\",\"@id\":\"https:\/\/www.esin.av.tr\/tr\/#website\",\"url\":\"https:\/\/www.esin.av.tr\/tr\/\",\"name\":\"Esin Avukatl\u0131k Ortakl\u0131\u011f\u0131\",\"description\":\"\",\"publisher\":{\"@id\":\"https:\/\/www.esin.av.tr\/tr\/#organization\"},\"potentialAction\":[{\"@type\":\"SearchAction\",\"target\":{\"@type\":\"EntryPoint\",\"urlTemplate\":\"https:\/\/www.esin.av.tr\/tr\/?s={search_term_string}\"},\"query-input\":{\"@type\":\"PropertyValueSpecification\",\"valueRequired\":true,\"valueName\":\"search_term_string\"}}],\"inLanguage\":\"tr\"},{\"@type\":\"Organization\",\"@id\":\"https:\/\/www.esin.av.tr\/tr\/#organization\",\"name\":\"Esin Avukatl\u0131k Ortakl\u0131\u011f\u0131\",\"url\":\"https:\/\/www.esin.av.tr\/tr\/\",\"logo\":{\"@type\":\"ImageObject\",\"inLanguage\":\"tr\",\"@id\":\"https:\/\/www.esin.av.tr\/tr\/#\/schema\/logo\/image\/\",\"url\":\"https:\/\/www.esin.av.tr\/wp-content\/uploads\/2021\/09\/esin-2.jpg\",\"contentUrl\":\"https:\/\/www.esin.av.tr\/wp-content\/uploads\/2021\/09\/esin-2.jpg\",\"width\":800,\"height\":460,\"caption\":\"Esin Avukatl\u0131k Ortakl\u0131\u011f\u0131\"},\"image\":{\"@id\":\"https:\/\/www.esin.av.tr\/tr\/#\/schema\/logo\/image\/\"}},{\"@type\":\"Person\",\"@id\":\"https:\/\/www.esin.av.tr\/tr\/#\/schema\/person\/42c8e616aab56b8622fa365ad63282ae\",\"name\":\"R\u0131dvan Konrat\",\"image\":{\"@type\":\"ImageObject\",\"inLanguage\":\"tr\",\"@id\":\"https:\/\/www.esin.av.tr\/tr\/#\/schema\/person\/image\/\",\"url\":\"https:\/\/secure.gravatar.com\/avatar\/b20c6c583be38ed4e76e32f69fccc676?s=96&d=mm&r=g\",\"contentUrl\":\"https:\/\/secure.gravatar.com\/avatar\/b20c6c583be38ed4e76e32f69fccc676?s=96&d=mm&r=g\",\"caption\":\"R\u0131dvan Konrat\"},\"sameAs\":[\"http:\/\/www.esin.av.tr\"],\"url\":\"https:\/\/www.esin.av.tr\/tr\/author\/rkonrat\/\"}]}<\/script>\n<!-- \/ Yoast SEO plugin. -->","yoast_head_json":{"title":"Anayasa Mahkemesinden \u0130fade \u00d6zg\u00fcrl\u00fc\u011f\u00fcne \u0130li\u015fkin Yeni Karar","description":"\u00a0 \u00a0 \u00a0 \u00a0 \u00a0 \u00a0 Bu b\u00fcltenimizi podcast olarak da dinleyebilirsiniz! &nbsp; Yeni Geli\u015fme Anayasa Mahkemesinin, ba\u015fvurucunun (\"Ba\u015fvurucu\") ifade \u00f6zg\u00fcrl\u00fc\u011f\u00fcn\u00fcn","robots":{"index":"index","follow":"follow","max-snippet":"max-snippet:-1","max-image-preview":"max-image-preview:large","max-video-preview":"max-video-preview:-1"},"canonical":"https:\/\/www.esin.av.tr\/tr\/2022\/04\/13\/anayasa-mahkemesinden-ifade-ozgurlugune-iliskin-yeni-karar-2\/","og_locale":"tr_TR","og_type":"article","og_title":"Anayasa Mahkemesinden \u0130fade \u00d6zg\u00fcrl\u00fc\u011f\u00fcne \u0130li\u015fkin Yeni Karar","og_description":"\u00a0 \u00a0 \u00a0 \u00a0 \u00a0 \u00a0 Bu b\u00fcltenimizi podcast olarak da dinleyebilirsiniz! &nbsp; Yeni Geli\u015fme Anayasa Mahkemesinin, ba\u015fvurucunun (\"Ba\u015fvurucu\") ifade \u00f6zg\u00fcrl\u00fc\u011f\u00fcn\u00fcn","og_url":"https:\/\/www.esin.av.tr\/tr\/2022\/04\/13\/anayasa-mahkemesinden-ifade-ozgurlugune-iliskin-yeni-karar-2\/","og_site_name":"Esin Avukatl\u0131k Ortakl\u0131\u011f\u0131","article_published_time":"2022-04-13T12:02:40+00:00","article_modified_time":"2022-06-09T13:43:02+00:00","og_image":[{"url":"https:\/\/www.esin.av.tr\/wp-content\/uploads\/2021\/02\/1.png","type":"","width":"","height":""}],"author":"R\u0131dvan Konrat","twitter_card":"summary_large_image","twitter_misc":{"Written by":"R\u0131dvan Konrat","Est. reading time":"4 minutes"},"schema":{"@context":"https:\/\/schema.org","@graph":[{"@type":"Article","@id":"https:\/\/www.esin.av.tr\/tr\/2022\/04\/13\/anayasa-mahkemesinden-ifade-ozgurlugune-iliskin-yeni-karar-2\/#article","isPartOf":{"@id":"https:\/\/www.esin.av.tr\/tr\/2022\/04\/13\/anayasa-mahkemesinden-ifade-ozgurlugune-iliskin-yeni-karar-2\/"},"author":{"name":"R\u0131dvan Konrat","@id":"https:\/\/www.esin.av.tr\/tr\/#\/schema\/person\/42c8e616aab56b8622fa365ad63282ae"},"headline":"Anayasa Mahkemesinden \u0130fade \u00d6zg\u00fcrl\u00fc\u011f\u00fcne \u0130li\u015fkin Yeni Karar","datePublished":"2022-04-13T12:02:40+00:00","dateModified":"2022-06-09T13:43:02+00:00","mainEntityOfPage":{"@id":"https:\/\/www.esin.av.tr\/tr\/2022\/04\/13\/anayasa-mahkemesinden-ifade-ozgurlugune-iliskin-yeni-karar-2\/"},"wordCount":763,"publisher":{"@id":"https:\/\/www.esin.av.tr\/tr\/#organization"},"image":{"@id":"https:\/\/www.esin.av.tr\/tr\/2022\/04\/13\/anayasa-mahkemesinden-ifade-ozgurlugune-iliskin-yeni-karar-2\/#primaryimage"},"thumbnailUrl":"https:\/\/www.esin.av.tr\/wp-content\/uploads\/2021\/02\/1.png","keywords":["Bilgi Teknolojileri ve Telekom\u00fcnikasyon"],"articleSection":["Hukuk B\u00fcltenleri"],"inLanguage":"tr"},{"@type":"WebPage","@id":"https:\/\/www.esin.av.tr\/tr\/2022\/04\/13\/anayasa-mahkemesinden-ifade-ozgurlugune-iliskin-yeni-karar-2\/","url":"https:\/\/www.esin.av.tr\/tr\/2022\/04\/13\/anayasa-mahkemesinden-ifade-ozgurlugune-iliskin-yeni-karar-2\/","name":"Anayasa Mahkemesinden \u0130fade \u00d6zg\u00fcrl\u00fc\u011f\u00fcne \u0130li\u015fkin Yeni Karar","isPartOf":{"@id":"https:\/\/www.esin.av.tr\/tr\/#website"},"primaryImageOfPage":{"@id":"https:\/\/www.esin.av.tr\/tr\/2022\/04\/13\/anayasa-mahkemesinden-ifade-ozgurlugune-iliskin-yeni-karar-2\/#primaryimage"},"image":{"@id":"https:\/\/www.esin.av.tr\/tr\/2022\/04\/13\/anayasa-mahkemesinden-ifade-ozgurlugune-iliskin-yeni-karar-2\/#primaryimage"},"thumbnailUrl":"https:\/\/www.esin.av.tr\/wp-content\/uploads\/2021\/02\/1.png","datePublished":"2022-04-13T12:02:40+00:00","dateModified":"2022-06-09T13:43:02+00:00","description":"\u00a0 \u00a0 \u00a0 \u00a0 \u00a0 \u00a0 Bu b\u00fcltenimizi podcast olarak da dinleyebilirsiniz! &nbsp; Yeni Geli\u015fme Anayasa Mahkemesinin, ba\u015fvurucunun (\"Ba\u015fvurucu\") ifade \u00f6zg\u00fcrl\u00fc\u011f\u00fcn\u00fcn","breadcrumb":{"@id":"https:\/\/www.esin.av.tr\/tr\/2022\/04\/13\/anayasa-mahkemesinden-ifade-ozgurlugune-iliskin-yeni-karar-2\/#breadcrumb"},"inLanguage":"tr","potentialAction":[{"@type":"ReadAction","target":["https:\/\/www.esin.av.tr\/tr\/2022\/04\/13\/anayasa-mahkemesinden-ifade-ozgurlugune-iliskin-yeni-karar-2\/"]}]},{"@type":"ImageObject","inLanguage":"tr","@id":"https:\/\/www.esin.av.tr\/tr\/2022\/04\/13\/anayasa-mahkemesinden-ifade-ozgurlugune-iliskin-yeni-karar-2\/#primaryimage","url":"https:\/\/www.esin.av.tr\/wp-content\/uploads\/2021\/02\/1.png","contentUrl":"https:\/\/www.esin.av.tr\/wp-content\/uploads\/2021\/02\/1.png"},{"@type":"BreadcrumbList","@id":"https:\/\/www.esin.av.tr\/tr\/2022\/04\/13\/anayasa-mahkemesinden-ifade-ozgurlugune-iliskin-yeni-karar-2\/#breadcrumb","itemListElement":[{"@type":"ListItem","position":1,"name":"Home","item":"https:\/\/www.esin.av.tr\/tr\/"},{"@type":"ListItem","position":2,"name":"Anayasa Mahkemesinden \u0130fade \u00d6zg\u00fcrl\u00fc\u011f\u00fcne \u0130li\u015fkin Yeni Karar"}]},{"@type":"WebSite","@id":"https:\/\/www.esin.av.tr\/tr\/#website","url":"https:\/\/www.esin.av.tr\/tr\/","name":"Esin Avukatl\u0131k Ortakl\u0131\u011f\u0131","description":"","publisher":{"@id":"https:\/\/www.esin.av.tr\/tr\/#organization"},"potentialAction":[{"@type":"SearchAction","target":{"@type":"EntryPoint","urlTemplate":"https:\/\/www.esin.av.tr\/tr\/?s={search_term_string}"},"query-input":{"@type":"PropertyValueSpecification","valueRequired":true,"valueName":"search_term_string"}}],"inLanguage":"tr"},{"@type":"Organization","@id":"https:\/\/www.esin.av.tr\/tr\/#organization","name":"Esin Avukatl\u0131k Ortakl\u0131\u011f\u0131","url":"https:\/\/www.esin.av.tr\/tr\/","logo":{"@type":"ImageObject","inLanguage":"tr","@id":"https:\/\/www.esin.av.tr\/tr\/#\/schema\/logo\/image\/","url":"https:\/\/www.esin.av.tr\/wp-content\/uploads\/2021\/09\/esin-2.jpg","contentUrl":"https:\/\/www.esin.av.tr\/wp-content\/uploads\/2021\/09\/esin-2.jpg","width":800,"height":460,"caption":"Esin Avukatl\u0131k Ortakl\u0131\u011f\u0131"},"image":{"@id":"https:\/\/www.esin.av.tr\/tr\/#\/schema\/logo\/image\/"}},{"@type":"Person","@id":"https:\/\/www.esin.av.tr\/tr\/#\/schema\/person\/42c8e616aab56b8622fa365ad63282ae","name":"R\u0131dvan Konrat","image":{"@type":"ImageObject","inLanguage":"tr","@id":"https:\/\/www.esin.av.tr\/tr\/#\/schema\/person\/image\/","url":"https:\/\/secure.gravatar.com\/avatar\/b20c6c583be38ed4e76e32f69fccc676?s=96&d=mm&r=g","contentUrl":"https:\/\/secure.gravatar.com\/avatar\/b20c6c583be38ed4e76e32f69fccc676?s=96&d=mm&r=g","caption":"R\u0131dvan Konrat"},"sameAs":["http:\/\/www.esin.av.tr"],"url":"https:\/\/www.esin.av.tr\/tr\/author\/rkonrat\/"}]}},"_links":{"self":[{"href":"https:\/\/www.esin.av.tr\/tr\/wp-json\/wp\/v2\/posts\/22520","targetHints":{"allow":["GET"]}}],"collection":[{"href":"https:\/\/www.esin.av.tr\/tr\/wp-json\/wp\/v2\/posts"}],"about":[{"href":"https:\/\/www.esin.av.tr\/tr\/wp-json\/wp\/v2\/types\/post"}],"author":[{"embeddable":true,"href":"https:\/\/www.esin.av.tr\/tr\/wp-json\/wp\/v2\/users\/4"}],"replies":[{"embeddable":true,"href":"https:\/\/www.esin.av.tr\/tr\/wp-json\/wp\/v2\/comments?post=22520"}],"version-history":[{"count":1,"href":"https:\/\/www.esin.av.tr\/tr\/wp-json\/wp\/v2\/posts\/22520\/revisions"}],"predecessor-version":[{"id":22521,"href":"https:\/\/www.esin.av.tr\/tr\/wp-json\/wp\/v2\/posts\/22520\/revisions\/22521"}],"wp:attachment":[{"href":"https:\/\/www.esin.av.tr\/tr\/wp-json\/wp\/v2\/media?parent=22520"}],"wp:term":[{"taxonomy":"category","embeddable":true,"href":"https:\/\/www.esin.av.tr\/tr\/wp-json\/wp\/v2\/categories?post=22520"},{"taxonomy":"post_tag","embeddable":true,"href":"https:\/\/www.esin.av.tr\/tr\/wp-json\/wp\/v2\/tags?post=22520"}],"curies":[{"name":"wp","href":"https:\/\/api.w.org\/{rel}","templated":true}]}}