{"id":22450,"date":"2022-04-04T14:04:56","date_gmt":"2022-04-04T14:04:56","guid":{"rendered":"https:\/\/www.esin.av.tr\/?p=22450"},"modified":"2022-06-09T13:43:10","modified_gmt":"2022-06-09T13:43:10","slug":"icsid-kurallari-ve-duzenlemelerine-getirilen-onemli-degisiklikler-21-mart-2022de-onaylandi-ve-1-temmuz-2022de-yururluge-girecek","status":"publish","type":"post","link":"https:\/\/www.esin.av.tr\/tr\/2022\/04\/04\/icsid-kurallari-ve-duzenlemelerine-getirilen-onemli-degisiklikler-21-mart-2022de-onaylandi-ve-1-temmuz-2022de-yururluge-girecek\/","title":{"rendered":"ICSID Kurallar\u0131 ve D\u00fczenlemelerine getirilen \u00f6nemli de\u011fi\u015fiklikler 21 Mart 2022&#8217;de onayland\u0131 ve 1 Temmuz 2022&#8217;de y\u00fcr\u00fcrl\u00fc\u011fe girecek"},"content":{"rendered":"<h3><strong>Yeni Geli\u015fme<\/strong><\/h3>\n<p>Yat\u0131r\u0131m Uyu\u015fmazl\u0131klar\u0131n\u0131n \u00c7\u00f6z\u00fcm\u00fc i\u00e7in Uluslararas\u0131 Merkez&#8217;in (&#8220;<strong>ICSID<\/strong>&#8220;), tahkim (&#8220;<strong>Tahkim Kurallar\u0131<\/strong>&#8220;) ve uzla\u015ft\u0131rma kurallar\u0131nda de\u011fi\u015fiklikler yap\u0131lm\u0131\u015f ve arabuluculuk ve vak\u0131a tespitine ili\u015fkin yeni ve ba\u011f\u0131ms\u0131z kurallar getirilmi\u015ftir (birlikte &#8220;<strong>Kurallar<\/strong>&#8220;).<a href=\"#tr2\">[2]<\/a> Bu kapsaml\u0131 de\u011fi\u015fiklikler be\u015f y\u0131l s\u00fcren bir \u00e7al\u0131\u015fman\u0131n \u00fcr\u00fcn\u00fc olarak ortaya \u00e7\u0131km\u0131\u015ft\u0131r. Kurallar ile getirilen de\u011fi\u015fiklikler ICSID&#8217;e taraf devletlerin \u00e7o\u011funlu\u011fu taraf\u0131ndan 21 Mart 2022 tarihinde onaylanm\u0131\u015ft\u0131r ve 1 Temmuz 2022 tarihinde y\u00fcr\u00fcrl\u00fc\u011fe girecektir. De\u011fi\u015fikliklerin temel amac\u0131 kurallar\u0131 modernize ederek ve sadele\u015ftirerek daha eri\u015filebilir hale getirmek, yarg\u0131laman\u0131n zaman ve giderler a\u00e7\u0131s\u0131ndan verimlili\u011fini art\u0131rmak ve teknolojik imk\u00e2nlar\u0131n kullan\u0131m\u0131 ile \u00e7evresel etkileri azaltmak, ayr\u0131ca \u015feffafl\u0131\u011f\u0131 geli\u015ftirmek olarak kar\u015f\u0131m\u0131za \u00e7\u0131kmaktad\u0131r. D\u00fcnya Bankas\u0131 Grubu&#8217;nun ve ICSID \u0130dari Konseyi&#8217;nin Ba\u015fkan\u0131 David Malpass de\u011fi\u015fikliklerin amac\u0131n\u0131 \u015fu \u015fekilde ifade etmi\u015ftir:<\/p>\n<p>&#8220;<em>De\u011fi\u015fmi\u015f kurallar, ekonomik b\u00fcy\u00fcme i\u00e7in yabanc\u0131 yat\u0131r\u0131m\u0131 kolayla\u015ft\u0131rma temel amac\u0131yla, eri\u015filebilirlik, h\u0131z, \u015feffafl\u0131k ve geli\u015fmi\u015f if\u015fa usullerini geli\u015ftirmek i\u00e7in yarg\u0131lama usullerini sadele\u015ftiriyor.<\/em>&#8221;<\/p>\n<h3><strong>Kurallardaki De\u011fi\u015fiklikler<\/strong><\/h3>\n<p>Bu de\u011fi\u015fiklikler ICSID tarihindeki d\u00f6rd\u00fcnc\u00fc ve en kapsaml\u0131 de\u011fi\u015fikliklerdir. Bunlar\u0131n aras\u0131nda en \u00f6nemli de\u011fi\u015fiklikler (i) yarg\u0131laman\u0131n verimlili\u011fine; (ii) \u00fc\u00e7\u00fcnc\u00fc ki\u015fi finansman\u0131na; (iii) yarg\u0131lama giderlerine; (iv) hakem heyetinin te\u015fekk\u00fcl\u00fc ve hakemlerin reddine; (v) \u015feffafl\u0131\u011fa; (vi) ge\u00e7ici hukuki koruma tedbirlerine ve (vii) ICSID Ek Hizmet Kurallar\u0131&#8217;na eri\u015fimin geni\u015fletilmesine ili\u015fkin de\u011fi\u015fiklikler \u015feklinde s\u0131n\u0131fland\u0131r\u0131labilir.<\/p>\n<h3><strong>Yarg\u0131laman\u0131n Verimlili\u011fini Art\u0131rmaya Y\u00f6nelik De\u011fi\u015fiklikler<\/strong><\/h3>\n<p>Yarg\u0131laman\u0131n verimlili\u011finin art\u0131r\u0131lmas\u0131 de\u011fi\u015fikliklerin temel ama\u00e7lar\u0131ndan biridir ve bu amaca farkl\u0131 a\u00e7\u0131lardan hizmet eden bir\u00e7ok de\u011fi\u015fiklik yap\u0131lm\u0131\u015ft\u0131r. Bu de\u011fi\u015fikliklerin bir k\u0131sm\u0131 var olan kurallara ili\u015fkin iken baz\u0131lar\u0131 tamamen yeni h\u00fck\u00fcmler \u00f6ng\u00f6rmektedir.<\/p>\n<ul>\n<li>\u00d6ncelikle, Tahkim Kurallar\u0131 Madde 4 belgelerin sunulma y\u00f6ntemine ili\u015fkin bir de\u011fi\u015fiklik olup bu kapsamda farkl\u0131 bir \u015fekilde sunulmas\u0131n\u0131 gerektiren \u00f6zel sebeplerin haricinde belgelerin kural olarak elektronik olarak sunulmas\u0131 gerekmektedir. Bu, \u00f6nceki uygulama olan belgelerin fiziksel sunulmas\u0131ndan farkl\u0131 bir y\u00f6ntem getirmektedir. Bu de\u011fi\u015fiklik ye\u015fil tahkim ak\u0131m\u0131 ile uyumlu olarak belge sunumunun zaman ve giderler a\u00e7\u0131s\u0131ndan verimli olmas\u0131n\u0131 sa\u011flamay\u0131 ama\u00e7lamaktad\u0131r.<\/li>\n<li>\u0130kinci olarak, ICSID Kurum Kurallar\u0131 Madde 2 uyar\u0131nca, \u00f6nceki uygulamadan farkl\u0131 olarak tahkim talebinde yat\u0131r\u0131ma, yat\u0131r\u0131m\u0131n m\u00fclkiyetine ve kontrol\u00fcne ili\u015fkin a\u00e7\u0131klamalara yer verilmesi gerekmektedir. Ayr\u0131ca, ICSID Kurum Kurallar\u0131 Madde 3 taraflar\u0131n yarg\u0131laman\u0131n ilk a\u015famalar\u0131n\u0131n h\u0131zland\u0131r\u0131lmas\u0131na yard\u0131mc\u0131 olmak i\u00e7in tahkim talebinde yer verebilecekleri birtak\u0131m ek bilgilere ili\u015fkin \u00f6neriler getirmektedir. \u00d6nerilen ek bilgiler taraflar\u0131n: (i) hakem say\u0131s\u0131 ve atanma y\u00f6ntemine, (ii) yarg\u0131lama diline, (iii) seri tahkimin kullan\u0131lmas\u0131na ili\u015fkin anla\u015fma ve \u00f6nerileri ile (iv) e\u011fer tahkim talebini sunan taraf bir t\u00fczel ki\u015fi ise, t\u00fczel ki\u015finin sahibi olan veya kontrol\u00fcn\u00fc elinde bulunduran ger\u00e7ek ve t\u00fczel ki\u015filerin isimleridir.<\/li>\n<li>Ek olarak Tahkim Kurallar\u0131 Madde 31 uyar\u0131nca hakem heyetinin zaman ve giderler a\u00e7\u0131s\u0131ndan verimli bir yarg\u0131lama y\u00fcr\u00fctmek amac\u0131yla; \u00e7eki\u015fmesiz vak\u0131alar\u0131 belirlemek, uyu\u015fmazl\u0131\u011f\u0131n konusunu netle\u015ftirmek ve \u00e7eki\u015fmeli konular\u0131 s\u0131n\u0131rlamak i\u00e7in bir veya birden fazla dava y\u00f6netim toplant\u0131s\u0131 yapmas\u0131 gerekmektedir.<\/li>\n<li>Ayr\u0131ca, Tahkim Kurallar\u0131 art\u0131k seri tahkime ili\u015fkin yeni d\u00fczenlemeler i\u00e7ermektedir. Bu sayede taraflar\u0131n r\u0131zas\u0131 ile seri yarg\u0131lama usul\u00fcne ba\u015fvurulmas\u0131 m\u00fcmk\u00fcn k\u0131l\u0131nm\u0131\u015ft\u0131r. Seri yarg\u0131lama usul\u00fcne ili\u015fkin kurallar daha k\u0131sa s\u00fcre ve dilek\u00e7eler \u00f6ng\u00f6rd\u00fcklerinden yarg\u0131lama s\u00fcresini yar\u0131ya kadar indirebilmektedir. Belirtmek gerekir ki, Tahkim Kurallar\u0131 Madde 86 uyar\u0131nca taraflar yarg\u0131laman\u0131n her a\u015famas\u0131nda seri tahkimin uygulanmas\u0131ndan vazge\u00e7ebileceklerdir.<\/li>\n<li>Bunlara ek olarak, Tahkim Kurallar\u0131 Madde 42, uygulamada zaten mevcut olup daha \u00f6nce d\u00fczenlenmemi\u015f bir usul olan yarg\u0131laman\u0131n b\u00f6l\u00fcnmesine (<em>bifurcation<\/em>) a\u00e7\u0131k\u00e7a izin vermektedir. Ayn\u0131 zamanda hakem heyetinin yarg\u0131laman\u0131n b\u00f6l\u00fcnmesi karar\u0131 verirken dikkate almas\u0131 gereken kriterlerin (\u00f6rne\u011fin yarg\u0131lama s\u00fcresi ve giderlerinin \u00f6nemli \u00f6l\u00e7\u00fcde azalacak olmas\u0131) s\u0131n\u0131rlay\u0131c\u0131 olmayan bir listesi de verilmektedir. De\u011fi\u015fiklikler hakem heyetinin yarg\u0131laman\u0131n b\u00f6l\u00fcnmesine, taraflar\u0131n talebi olmasa bile, re&#8217;sen karar verebilece\u011fini de teyit etmektedir.<\/li>\n<li>Tahkim Kurallar\u0131 art\u0131k davalar\u0131n birle\u015ftirilmesi ve koordinasyonuna imk\u00e2n sa\u011flamaktad\u0131r. Bu, Milletleraras\u0131 Ticaret Odas\u0131 gibi uluslararas\u0131 \u00e7apta tercih edilen kurumlar\u0131n tahkim kurallar\u0131 ile ayn\u0131 do\u011frultuda bir de\u011fi\u015fikliktir. Yarg\u0131laman\u0131n b\u00f6l\u00fcnmesinden farkl\u0131 olarak davalar\u0131n birle\u015ftirilmesi ve koordinasyonu ancak taraflar\u0131n r\u0131zas\u0131 ile m\u00fcmk\u00fcnd\u00fcr.<\/li>\n<li>Tahkim Kurallar\u0131 ayn\u0131 zamanda s\u00fcre ve giderlerin azalt\u0131lmas\u0131 amac\u0131yla, yarg\u0131lama boyunca \u00f6nceki d\u00fczenlemelere k\u0131yasla daha kat\u0131 s\u00fcreler \u00f6ng\u00f6rmektedir. Ayr\u0131ca, hakem heyetinin ara ve nihai kararlar\u0131n\u0131 verirken uymas\u0131 gereken s\u00fcreler de \u00f6ng\u00f6r\u00fclm\u00fc\u015ft\u00fcr. Bununla beraber hakem heyetinin kararlar\u0131na ili\u015fkin s\u00fcrelerin nas\u0131l bir etkisi olaca\u011f\u0131n\u0131 \u00f6ng\u00f6rmek, kesin s\u00fcreler olmamalar\u0131 sebebiyle g\u00fc\u00e7t\u00fcr.<\/li>\n<\/ul>\n<h3><strong>\u00dc\u00e7\u00fcnc\u00fc Ki\u015fi Finansman\u0131<\/strong><\/h3>\n<p>\u00dc\u00e7\u00fcnc\u00fc ki\u015fi finansman\u0131, de\u011fi\u015fiklik tasar\u0131s\u0131n\u0131n olu\u015fturulmas\u0131 s\u00fcrecinde tart\u0131\u015fmal\u0131 konulardan biri olmu\u015ftur. Zira birtak\u0131m taraf devletler bu uygulaman\u0131n tamamen yasaklanmas\u0131n\u0131 talep etmi\u015flerdir. Buna ra\u011fmen Tahkim Kurallar\u0131, daha kat\u0131 if\u015fa \u015fartlar\u0131 \u00f6ng\u00f6rerek, \u00fc\u00e7\u00fcnc\u00fc ki\u015fi finansman\u0131na halen imk\u00e2n tan\u0131maktad\u0131r.<\/p>\n<ul>\n<li>Tahkim Kurallar\u0131 Madde 14 \u00e7er\u00e7evesinde \u00fc\u00e7\u00fcnc\u00fc ki\u015fi finansman\u0131na ba\u015fvuran taraf\u0131n; finansman sa\u011flayan \u00fc\u00e7\u00fcnc\u00fc ki\u015finin ismi ve adresini yaz\u0131l\u0131 olarak if\u015fa etmesi gerekmektedir. Bu if\u015fa bildiriminin tahkim talebi ile birlikte veya e\u011fer \u00fc\u00e7\u00fcnc\u00fc ki\u015fi finansman\u0131na ili\u015fkin anla\u015fma sonraki bir a\u015famada yap\u0131lm\u0131\u015f ise s\u00f6z konusu anla\u015fman\u0131n yap\u0131ld\u0131\u011f\u0131 anda derhal yap\u0131lmas\u0131 gerekmektedir. Ayr\u0131ca, finans\u00f6r bir t\u00fczel ki\u015fi ise, s\u00f6z konusu t\u00fczel ki\u015finin kontrol\u00fcn\u00fc elinde bulunduranlar\u0131n da isimlerinin if\u015fa edilmesi gerekmektedir. \u00dc\u00e7\u00fcnc\u00fc ki\u015fi finansman\u0131n\u0131n kapsam\u0131, kar amac\u0131 g\u00fctmeyen anla\u015fmalar\u0131 da i\u00e7ine alacak \u015fekilde, geni\u015f tutulmu\u015ftur.<\/li>\n<li>Hakem heyetine ek bilgi talep etme yetkisi verilerek olas\u0131 \u00e7\u0131kar \u00e7at\u0131\u015fmalar\u0131na kar\u015f\u0131 kapsaml\u0131 ve g\u00fc\u00e7l\u00fc bir koruma sa\u011flanm\u0131\u015ft\u0131r.<\/li>\n<\/ul>\n<h3><strong>Yarg\u0131lama Giderleri<\/strong><\/h3>\n<ul>\n<li>De\u011fi\u015fiklikler ile tamamen yarg\u0131lama giderlerine \u00f6zg\u00fc bir b\u00f6l\u00fcm olu\u015fturulmu\u015ftur. Bu b\u00f6l\u00fcmde, di\u011fer de\u011fi\u015fikliklere ek olarak, Tahkim Kurallar\u0131 Madde 52 uyar\u0131nca yarg\u0131lama giderlerine ili\u015fkin verilen t\u00fcm kararlar\u0131n gerek\u00e7eli olmas\u0131 gerekti\u011fi d\u00fczenlenmi\u015ftir.<\/li>\n<li>Ayr\u0131ca, Tahkim Kurallar\u0131 Madde 52 hakem heyetine yarg\u0131lama giderlerine ili\u015fkin karar verirken g\u00f6z \u00f6n\u00fcnde tutmas\u0131 gereken kriterlerin s\u0131n\u0131rlay\u0131c\u0131 olmayan bir listesini de sa\u011flayarak hakemlere yarg\u0131lama giderleri konusunda nas\u0131l karar verilmesi gerekti\u011fine ili\u015fkin rehberlik etmektedir. Bu bak\u0131mdan, davan\u0131n karma\u015f\u0131kl\u0131\u011f\u0131, talep edilen yarg\u0131lama giderlerinin makull\u00fc\u011f\u00fc ve taraflar\u0131n yarg\u0131lama boyunca sergiledikleri tutum ba\u015fta olmak \u00fczere t\u00fcm ilgili \u015fartlar\u0131n dikkate al\u0131nmas\u0131 gerekmektedir.<\/li>\n<li>\u00d6nemli bir de\u011fi\u015fiklik olarak art\u0131k hakem heyeti, gerekli g\u00f6rd\u00fc\u011f\u00fc takdirde, yarg\u0131lama giderlerine ili\u015fkin ara karar verebilmektedir. Ayr\u0131ca, bir iddian\u0131n a\u00e7\u0131k\u00e7a temelden yoksun bulunarak reddedilmi\u015f olmas\u0131 durumu hari\u00e7 olmak \u00fczere, yarg\u0131lama giderlerinin tamamen kaybeden tarafa y\u00fckletilmesi zorunlulu\u011fu bulunmamaktad\u0131r.<\/li>\n<li>Tahkim Kurallar\u0131 Madde 53, yarg\u0131lama giderleri i\u00e7in teminata ili\u015fkin yeni bir d\u00fczenlemedir. Taraflardan birinin talebi \u00fczerine hakem heyeti, as\u0131l dava veya kar\u015f\u0131 davadaki davac\u0131n\u0131n yarg\u0131lama giderleri i\u00e7in teminat yat\u0131rmas\u0131na karar verebilmektedir. Ayr\u0131ca, hakem heyetinin bu karar\u0131 verirken de\u011ferlendirebilece\u011fi kriterlerin s\u0131n\u0131rlay\u0131c\u0131 olmayan bir listesi de d\u00fczenlemede yer almaktad\u0131r. Belirtmek gerekir ki yarg\u0131lama giderlerine ili\u015fkin teminat yat\u0131r\u0131lmas\u0131 karar\u0131na uyulmamas\u0131 durumunda yarg\u0131lama hakem heyeti taraf\u0131ndan ask\u0131ya al\u0131nabilecek ve ask\u0131 halinin 90 g\u00fcn devam etmesi durumunda hakem heyeti taraflar\u0131n da g\u00f6r\u00fc\u015flerini ald\u0131ktan sonra yarg\u0131lamay\u0131 sonland\u0131rabilecektir.<\/li>\n<\/ul>\n<h3><strong>Hakem Heyetinin Te\u015fekk\u00fcl\u00fc ve Hakemlerin Reddi<\/strong><\/h3>\n<ul>\n<li>Tahkim Kurallar\u0131 Madde 15, hakem heyetinin te\u015fekk\u00fcl\u00fcne ili\u015fkin bir y\u00f6ntem \u00f6ng\u00f6rmekte ve bu s\u00fcreci sadele\u015ftirmektedir. Bu \u00e7er\u00e7evede, taraflar, davan\u0131n kaydedilmesinden itibaren 45 g\u00fcn i\u00e7erisinde hakem say\u0131s\u0131 ve atanma usul\u00fc konular\u0131nda anla\u015famazlarsa hakem heyeti \u00fc\u00e7 hakemden olu\u015facak ve Devletler ve Di\u011fer Devletlerin Vatanda\u015flar\u0131 Aras\u0131ndaki Yat\u0131r\u0131m Uyu\u015fmazl\u0131klar\u0131n\u0131n \u00c7\u00f6z\u00fcmlenmesi Hakk\u0131nda S\u00f6zle\u015fme (&#8220;<strong>ICSID Konvansiyonu<\/strong>&#8220;) Madde 37(2)(b) uyar\u0131nca taraflardan her biri bir hakem atayacak ve taraflar\u0131n anla\u015fmas\u0131na g\u00f6re, hakem heyetine ba\u015fkanl\u0131k edecek olan \u00fc\u00e7\u00fcnc\u00fc hakem atanacakt\u0131r.<\/li>\n<li>Tahkim Kurallar\u0131 Madde 22 ve 23 hakemlerin reddi i\u00e7in daha k\u0131sa s\u00fcreler \u00f6ng\u00f6rmekte ve ayr\u0131ca ret talebine konu olmayan hakemlerin veya ICSID \u0130dari Konseyi Ba\u015fkan\u0131&#8217;n\u0131n hakemin reddi hakk\u0131nda karar verece\u011fini a\u00e7\u0131k\u00e7a d\u00fczenlemektedir.<\/li>\n<\/ul>\n<h3><strong>\u015eeffafl\u0131k<\/strong><\/h3>\n<ul>\n<li>Tahkim Kurallar\u0131&#8217;n\u0131n yeni X. B\u00f6l\u00fcm\u00fc \u015feffafl\u0131k ile ilgili geli\u015fmeler i\u00e7ermektedir. Tahkim Kurallar\u0131 Madde 62 uyar\u0131nca t\u00fcm nihai karar ve iptal kararlar\u0131 taraflar\u0131n r\u0131zas\u0131 ile tamamen veya anonimle\u015ftirilmi\u015f \u015fekilde yay\u0131mlanacakt\u0131r. \u00d6nemli bir de\u011fi\u015fiklik olarak, taraflar bir belgenin yay\u0131mlanmas\u0131na, g\u00f6nderilmesinden itibaren 60 g\u00fcn i\u00e7inde yaz\u0131l\u0131 olarak itiraz etmezlerse, r\u0131za g\u00f6stermi\u015f say\u0131lacaklard\u0131r. Belirtmek gerekir ki, taraflar bir belgenin tamam\u0131n\u0131n yay\u0131mlanmas\u0131na r\u0131za g\u00f6stermedi\u011fi durumda, belgelerden al\u0131nt\u0131lanan par\u00e7alar\u0131n yay\u0131mlanmas\u0131na ili\u015fkin \u00f6nceki uygulama devam etmektedir. Ayr\u0131ca, Tahkim Kurallar\u0131 Madde 63 ve 64 ara karar ve yarg\u0131lamada sunulan belgelerin yay\u0131mlanmas\u0131na dair \u015fart ve usulleri d\u00fczenlemektedir.<\/li>\n<li>Tahkim Kurallar\u0131 Madde 65 taraflardan birinin itiraz etmedi\u011fi durumda duru\u015fmalar\u0131n a\u00e7\u0131k olmas\u0131na ili\u015fkin karine getiren; \u015feffafl\u0131\u011f\u0131n geli\u015ftirilmesi bak\u0131m\u0131ndan at\u0131lm\u0131\u015f \u00f6nemli bir ad\u0131md\u0131r. Ek olarak, duru\u015fmalar\u0131n \u00fc\u00e7\u00fcnc\u00fc ki\u015filere a\u00e7\u0131k olmas\u0131 halinde hakem heyeti gizli ve korunan bilgilerin if\u015fas\u0131n\u0131 \u00f6nlemek amac\u0131yla usuli tedbirleri alacakt\u0131r.<\/li>\n<li>\u015eeffafl\u0131k bak\u0131m\u0131ndan bir ba\u015fka geli\u015fme olan Tahkim Kurallar\u0131 Madde 67, uyu\u015fmazl\u0131\u011fa taraf olmayan kat\u0131l\u0131mc\u0131lar\u0131n yarg\u0131lamaya kat\u0131lmas\u0131na izin verilirken hakem heyeti taraf\u0131ndan de\u011ferlendirilecek s\u0131n\u0131rlay\u0131c\u0131 olmayan kriterleri belirlemektedir.<\/li>\n<\/ul>\n<h3><strong>Ge\u00e7ici Hukuki Koruma Tedbirleri<\/strong><\/h3>\n<ul>\n<li>Ge\u00e7ici hukuki koruma tedbirlerine ili\u015fkin bir d\u00fczenleme olan Tahkim Kurallar\u0131 Madde 47 ile, hakem heyetinin taraflardan birinin talebi \u00fczerin veya re&#8217;sen ilgili t\u00fcm \u015fartlar\u0131 de\u011ferlendirerek, ge\u00e7ici hukuki koruma tedbirine karar verebilece\u011fi a\u00e7\u0131k\u00e7a d\u00fczenlenmi\u015ftir.<\/li>\n<\/ul>\n<h3><strong>ICSID Ek Hizmet Kurallar\u0131&#8217;na ili\u015fkin De\u011fi\u015fiklikler<\/strong><\/h3>\n<p>ICSID Konvansiyonu&#8217;nun kapsam\u0131n\u0131n sadece taraf devletler ile taraf devlet vatanda\u015flar\u0131 aras\u0131ndaki uyu\u015fmazl\u0131klar ile s\u0131n\u0131rl\u0131 olmas\u0131 nedeniyle ICSID Ek Hizmet Kurallar\u0131, ICSID hizmetleri ve uzmanl\u0131\u011f\u0131na eri\u015fimi geni\u015fletmeyi ama\u00e7lamaktad\u0131r. Yeni de\u011fi\u015fiklikler ile birlikte ICSID Ek Hizmet Kurallar\u0131&#8217;n\u0131n kapsam\u0131 (i) ne ev sahibi devletin ne de yat\u0131r\u0131mc\u0131n\u0131n devletinin taraf devlet olmad\u0131\u011f\u0131 durumlarda uygulanabilir hale getirilerek ve (ii) en iyi bilinen \u00f6rne\u011fi Avrupa Birli\u011fi olan b\u00f6lgesel ekonomik b\u00fct\u00fcnle\u015fme \u00f6rg\u00fctleri taraf\u0131ndan da eri\u015filebilir hale getirilerek daha da geni\u015fletilmi\u015ftir.<\/p>\n<h3><strong>Sonu\u00e7<\/strong><\/h3>\n<p>Kurallar ile getirilen de\u011fi\u015fiklikler kapsaml\u0131 ve iddial\u0131 bir \u00e7al\u0131\u015fman\u0131n \u00fcr\u00fcn\u00fc olarak \u00f6zellikle yarg\u0131lama s\u00fcresi ve giderlerini d\u00fc\u015f\u00fcrmek ve \u015feffafl\u0131\u011f\u0131 art\u0131rmak amac\u0131yla \u00f6nemli geli\u015fmeler i\u00e7ermektedir. De\u011fi\u015fikliklerin uygulamaya nas\u0131l yans\u0131yaca\u011f\u0131 ve ne kadar ba\u015far\u0131l\u0131 olaca\u011f\u0131n\u0131 zaman g\u00f6sterecektir. Bunun yan\u0131nda, ICSID&#8217;in \u00f6n\u00fcm\u00fczdeki aylarda Kurallar&#8217;a ve uygulamalar\u0131na ili\u015fkin bir rehber yay\u0131mlamas\u0131 bekleniyor.<\/p>\n<p><a href=\"#turkish\">[2]<\/a>\u00a0Kurallardaki de\u011fi\u015fikliklere ili\u015fkin tasar\u0131n\u0131n \u0130ngilizce versiyonuna <a href=\"https:\/\/urldefense.com\/v3\/__https:\/esinxchange.com\/collect\/click.aspx?u=UzYrK3RmdWpqQjlZUGRsWnZEYTNISWdZSFFUYVlYTWRoWTlCVTdDSitmdUtBTkNyUTczemRMaXRMdUZseFdiWTNnWEF2Sk9iNW1sbDFSVmRqc09SeW1XRnhPaUx0T2c4b0FOOTNqRXVjMDlJVjR2bHFCaHByamwvbXJLdloyUmZJOWFYc1RJdmcrak9UeVpwWUN3L2VRPT0=&amp;rh=ff008e338123ebf474dfae8fbe4eb135a9d1ccd3__;!!Hj9Y_P0nvg!D49cigZdLFBGmXk31uiLpp25G1Nga1FdKT2OYQUvdW2eBLR9YFuMc0RUIIyIQweocPfYLA$\">buradan <\/a>ula\u015fabilirsiniz.<\/p>\n","protected":false},"excerpt":{"rendered":"<p>Yeni Geli\u015fme Yat\u0131r\u0131m Uyu\u015fmazl\u0131klar\u0131n\u0131n \u00c7\u00f6z\u00fcm\u00fc i\u00e7in Uluslararas\u0131 Merkez&#8217;in (&#8220;ICSID&#8220;), tahkim (&#8220;Tahkim Kurallar\u0131&#8220;) ve uzla\u015ft\u0131rma kurallar\u0131nda de\u011fi\u015fiklikler yap\u0131lm\u0131\u015f ve arabuluculuk ve [&hellip;]<\/p>\n","protected":false},"author":4,"featured_media":0,"comment_status":"closed","ping_status":"closed","sticky":false,"template":"","format":"standard","meta":{"_acf_changed":false,"_stopmodifiedupdate":false,"_modified_date":"","footnotes":""},"categories":[120],"tags":[96],"class_list":["post-22450","post","type-post","status-publish","format-standard","hentry","category-legal-alerts","tag-dispute-resolution-tr"],"acf":[],"yoast_head":"<!-- This site is optimized with the Yoast SEO plugin v24.0 - https:\/\/yoast.com\/wordpress\/plugins\/seo\/ -->\n<title>ICSID Kurallar\u0131 ve D\u00fczenlemelerine getirilen \u00f6nemli de\u011fi\u015fiklikler 21 Mart 2022&#039;de onayland\u0131 ve 1 Temmuz 2022&#039;de y\u00fcr\u00fcrl\u00fc\u011fe girecek<\/title>\n<meta name=\"description\" content=\"Yeni Geli\u015fme Yat\u0131r\u0131m Uyu\u015fmazl\u0131klar\u0131n\u0131n \u00c7\u00f6z\u00fcm\u00fc i\u00e7in Uluslararas\u0131 Merkez&#039;in (&quot;ICSID&quot;), tahkim (&quot;Tahkim Kurallar\u0131&quot;) ve uzla\u015ft\u0131rma kurallar\u0131nda de\u011fi\u015fiklikler\" \/>\n<meta name=\"robots\" content=\"index, follow, max-snippet:-1, max-image-preview:large, max-video-preview:-1\" \/>\n<link rel=\"canonical\" href=\"https:\/\/www.esin.av.tr\/tr\/2022\/04\/04\/icsid-kurallari-ve-duzenlemelerine-getirilen-onemli-degisiklikler-21-mart-2022de-onaylandi-ve-1-temmuz-2022de-yururluge-girecek\/\" \/>\n<meta property=\"og:locale\" content=\"tr_TR\" \/>\n<meta property=\"og:type\" content=\"article\" \/>\n<meta property=\"og:title\" content=\"ICSID Kurallar\u0131 ve D\u00fczenlemelerine getirilen \u00f6nemli de\u011fi\u015fiklikler 21 Mart 2022&#039;de onayland\u0131 ve 1 Temmuz 2022&#039;de y\u00fcr\u00fcrl\u00fc\u011fe girecek\" \/>\n<meta property=\"og:description\" content=\"Yeni Geli\u015fme Yat\u0131r\u0131m Uyu\u015fmazl\u0131klar\u0131n\u0131n \u00c7\u00f6z\u00fcm\u00fc i\u00e7in Uluslararas\u0131 Merkez&#039;in (&quot;ICSID&quot;), tahkim (&quot;Tahkim Kurallar\u0131&quot;) ve uzla\u015ft\u0131rma kurallar\u0131nda de\u011fi\u015fiklikler\" \/>\n<meta property=\"og:url\" content=\"https:\/\/www.esin.av.tr\/tr\/2022\/04\/04\/icsid-kurallari-ve-duzenlemelerine-getirilen-onemli-degisiklikler-21-mart-2022de-onaylandi-ve-1-temmuz-2022de-yururluge-girecek\/\" \/>\n<meta property=\"og:site_name\" content=\"Esin Avukatl\u0131k Ortakl\u0131\u011f\u0131\" \/>\n<meta property=\"article:published_time\" content=\"2022-04-04T14:04:56+00:00\" \/>\n<meta property=\"article:modified_time\" content=\"2022-06-09T13:43:10+00:00\" \/>\n<meta name=\"author\" content=\"R\u0131dvan Konrat\" \/>\n<meta name=\"twitter:card\" content=\"summary_large_image\" \/>\n<meta name=\"twitter:label1\" content=\"Written by\" \/>\n\t<meta name=\"twitter:data1\" content=\"R\u0131dvan Konrat\" \/>\n\t<meta name=\"twitter:label2\" content=\"Est. reading time\" \/>\n\t<meta name=\"twitter:data2\" content=\"7 minutes\" \/>\n<script type=\"application\/ld+json\" class=\"yoast-schema-graph\">{\"@context\":\"https:\/\/schema.org\",\"@graph\":[{\"@type\":\"Article\",\"@id\":\"https:\/\/www.esin.av.tr\/tr\/2022\/04\/04\/icsid-kurallari-ve-duzenlemelerine-getirilen-onemli-degisiklikler-21-mart-2022de-onaylandi-ve-1-temmuz-2022de-yururluge-girecek\/#article\",\"isPartOf\":{\"@id\":\"https:\/\/www.esin.av.tr\/tr\/2022\/04\/04\/icsid-kurallari-ve-duzenlemelerine-getirilen-onemli-degisiklikler-21-mart-2022de-onaylandi-ve-1-temmuz-2022de-yururluge-girecek\/\"},\"author\":{\"name\":\"R\u0131dvan Konrat\",\"@id\":\"https:\/\/www.esin.av.tr\/tr\/#\/schema\/person\/42c8e616aab56b8622fa365ad63282ae\"},\"headline\":\"ICSID Kurallar\u0131 ve D\u00fczenlemelerine getirilen \u00f6nemli de\u011fi\u015fiklikler 21 Mart 2022&#8217;de onayland\u0131 ve 1 Temmuz 2022&#8217;de y\u00fcr\u00fcrl\u00fc\u011fe girecek\",\"datePublished\":\"2022-04-04T14:04:56+00:00\",\"dateModified\":\"2022-06-09T13:43:10+00:00\",\"mainEntityOfPage\":{\"@id\":\"https:\/\/www.esin.av.tr\/tr\/2022\/04\/04\/icsid-kurallari-ve-duzenlemelerine-getirilen-onemli-degisiklikler-21-mart-2022de-onaylandi-ve-1-temmuz-2022de-yururluge-girecek\/\"},\"wordCount\":2111,\"publisher\":{\"@id\":\"https:\/\/www.esin.av.tr\/tr\/#organization\"},\"keywords\":[\"Uyu\u015fmazl\u0131k \u00c7\u00f6z\u00fcm\u00fc\"],\"articleSection\":[\"Hukuk B\u00fcltenleri\"],\"inLanguage\":\"tr\"},{\"@type\":\"WebPage\",\"@id\":\"https:\/\/www.esin.av.tr\/tr\/2022\/04\/04\/icsid-kurallari-ve-duzenlemelerine-getirilen-onemli-degisiklikler-21-mart-2022de-onaylandi-ve-1-temmuz-2022de-yururluge-girecek\/\",\"url\":\"https:\/\/www.esin.av.tr\/tr\/2022\/04\/04\/icsid-kurallari-ve-duzenlemelerine-getirilen-onemli-degisiklikler-21-mart-2022de-onaylandi-ve-1-temmuz-2022de-yururluge-girecek\/\",\"name\":\"ICSID Kurallar\u0131 ve D\u00fczenlemelerine getirilen \u00f6nemli de\u011fi\u015fiklikler 21 Mart 2022'de onayland\u0131 ve 1 Temmuz 2022'de y\u00fcr\u00fcrl\u00fc\u011fe girecek\",\"isPartOf\":{\"@id\":\"https:\/\/www.esin.av.tr\/tr\/#website\"},\"datePublished\":\"2022-04-04T14:04:56+00:00\",\"dateModified\":\"2022-06-09T13:43:10+00:00\",\"description\":\"Yeni Geli\u015fme Yat\u0131r\u0131m Uyu\u015fmazl\u0131klar\u0131n\u0131n \u00c7\u00f6z\u00fcm\u00fc i\u00e7in Uluslararas\u0131 Merkez'in (\\\"ICSID\\\"), tahkim (\\\"Tahkim Kurallar\u0131\\\") ve uzla\u015ft\u0131rma kurallar\u0131nda de\u011fi\u015fiklikler\",\"breadcrumb\":{\"@id\":\"https:\/\/www.esin.av.tr\/tr\/2022\/04\/04\/icsid-kurallari-ve-duzenlemelerine-getirilen-onemli-degisiklikler-21-mart-2022de-onaylandi-ve-1-temmuz-2022de-yururluge-girecek\/#breadcrumb\"},\"inLanguage\":\"tr\",\"potentialAction\":[{\"@type\":\"ReadAction\",\"target\":[\"https:\/\/www.esin.av.tr\/tr\/2022\/04\/04\/icsid-kurallari-ve-duzenlemelerine-getirilen-onemli-degisiklikler-21-mart-2022de-onaylandi-ve-1-temmuz-2022de-yururluge-girecek\/\"]}]},{\"@type\":\"BreadcrumbList\",\"@id\":\"https:\/\/www.esin.av.tr\/tr\/2022\/04\/04\/icsid-kurallari-ve-duzenlemelerine-getirilen-onemli-degisiklikler-21-mart-2022de-onaylandi-ve-1-temmuz-2022de-yururluge-girecek\/#breadcrumb\",\"itemListElement\":[{\"@type\":\"ListItem\",\"position\":1,\"name\":\"Home\",\"item\":\"https:\/\/www.esin.av.tr\/tr\/\"},{\"@type\":\"ListItem\",\"position\":2,\"name\":\"ICSID Kurallar\u0131 ve D\u00fczenlemelerine getirilen \u00f6nemli de\u011fi\u015fiklikler 21 Mart 2022&#8217;de onayland\u0131 ve 1 Temmuz 2022&#8217;de y\u00fcr\u00fcrl\u00fc\u011fe girecek\"}]},{\"@type\":\"WebSite\",\"@id\":\"https:\/\/www.esin.av.tr\/tr\/#website\",\"url\":\"https:\/\/www.esin.av.tr\/tr\/\",\"name\":\"Esin Avukatl\u0131k Ortakl\u0131\u011f\u0131\",\"description\":\"\",\"publisher\":{\"@id\":\"https:\/\/www.esin.av.tr\/tr\/#organization\"},\"potentialAction\":[{\"@type\":\"SearchAction\",\"target\":{\"@type\":\"EntryPoint\",\"urlTemplate\":\"https:\/\/www.esin.av.tr\/tr\/?s={search_term_string}\"},\"query-input\":{\"@type\":\"PropertyValueSpecification\",\"valueRequired\":true,\"valueName\":\"search_term_string\"}}],\"inLanguage\":\"tr\"},{\"@type\":\"Organization\",\"@id\":\"https:\/\/www.esin.av.tr\/tr\/#organization\",\"name\":\"Esin Avukatl\u0131k Ortakl\u0131\u011f\u0131\",\"url\":\"https:\/\/www.esin.av.tr\/tr\/\",\"logo\":{\"@type\":\"ImageObject\",\"inLanguage\":\"tr\",\"@id\":\"https:\/\/www.esin.av.tr\/tr\/#\/schema\/logo\/image\/\",\"url\":\"https:\/\/www.esin.av.tr\/wp-content\/uploads\/2021\/09\/esin-2.jpg\",\"contentUrl\":\"https:\/\/www.esin.av.tr\/wp-content\/uploads\/2021\/09\/esin-2.jpg\",\"width\":800,\"height\":460,\"caption\":\"Esin Avukatl\u0131k Ortakl\u0131\u011f\u0131\"},\"image\":{\"@id\":\"https:\/\/www.esin.av.tr\/tr\/#\/schema\/logo\/image\/\"}},{\"@type\":\"Person\",\"@id\":\"https:\/\/www.esin.av.tr\/tr\/#\/schema\/person\/42c8e616aab56b8622fa365ad63282ae\",\"name\":\"R\u0131dvan Konrat\",\"image\":{\"@type\":\"ImageObject\",\"inLanguage\":\"tr\",\"@id\":\"https:\/\/www.esin.av.tr\/tr\/#\/schema\/person\/image\/\",\"url\":\"https:\/\/secure.gravatar.com\/avatar\/b20c6c583be38ed4e76e32f69fccc676?s=96&d=mm&r=g\",\"contentUrl\":\"https:\/\/secure.gravatar.com\/avatar\/b20c6c583be38ed4e76e32f69fccc676?s=96&d=mm&r=g\",\"caption\":\"R\u0131dvan Konrat\"},\"sameAs\":[\"http:\/\/www.esin.av.tr\"],\"url\":\"https:\/\/www.esin.av.tr\/tr\/author\/rkonrat\/\"}]}<\/script>\n<!-- \/ Yoast SEO plugin. -->","yoast_head_json":{"title":"ICSID Kurallar\u0131 ve D\u00fczenlemelerine getirilen \u00f6nemli de\u011fi\u015fiklikler 21 Mart 2022'de onayland\u0131 ve 1 Temmuz 2022'de y\u00fcr\u00fcrl\u00fc\u011fe girecek","description":"Yeni Geli\u015fme Yat\u0131r\u0131m Uyu\u015fmazl\u0131klar\u0131n\u0131n \u00c7\u00f6z\u00fcm\u00fc i\u00e7in Uluslararas\u0131 Merkez'in (\"ICSID\"), tahkim (\"Tahkim Kurallar\u0131\") ve uzla\u015ft\u0131rma kurallar\u0131nda de\u011fi\u015fiklikler","robots":{"index":"index","follow":"follow","max-snippet":"max-snippet:-1","max-image-preview":"max-image-preview:large","max-video-preview":"max-video-preview:-1"},"canonical":"https:\/\/www.esin.av.tr\/tr\/2022\/04\/04\/icsid-kurallari-ve-duzenlemelerine-getirilen-onemli-degisiklikler-21-mart-2022de-onaylandi-ve-1-temmuz-2022de-yururluge-girecek\/","og_locale":"tr_TR","og_type":"article","og_title":"ICSID Kurallar\u0131 ve D\u00fczenlemelerine getirilen \u00f6nemli de\u011fi\u015fiklikler 21 Mart 2022'de onayland\u0131 ve 1 Temmuz 2022'de y\u00fcr\u00fcrl\u00fc\u011fe girecek","og_description":"Yeni Geli\u015fme Yat\u0131r\u0131m Uyu\u015fmazl\u0131klar\u0131n\u0131n \u00c7\u00f6z\u00fcm\u00fc i\u00e7in Uluslararas\u0131 Merkez'in (\"ICSID\"), tahkim (\"Tahkim Kurallar\u0131\") ve uzla\u015ft\u0131rma kurallar\u0131nda de\u011fi\u015fiklikler","og_url":"https:\/\/www.esin.av.tr\/tr\/2022\/04\/04\/icsid-kurallari-ve-duzenlemelerine-getirilen-onemli-degisiklikler-21-mart-2022de-onaylandi-ve-1-temmuz-2022de-yururluge-girecek\/","og_site_name":"Esin Avukatl\u0131k Ortakl\u0131\u011f\u0131","article_published_time":"2022-04-04T14:04:56+00:00","article_modified_time":"2022-06-09T13:43:10+00:00","author":"R\u0131dvan Konrat","twitter_card":"summary_large_image","twitter_misc":{"Written by":"R\u0131dvan Konrat","Est. reading time":"7 minutes"},"schema":{"@context":"https:\/\/schema.org","@graph":[{"@type":"Article","@id":"https:\/\/www.esin.av.tr\/tr\/2022\/04\/04\/icsid-kurallari-ve-duzenlemelerine-getirilen-onemli-degisiklikler-21-mart-2022de-onaylandi-ve-1-temmuz-2022de-yururluge-girecek\/#article","isPartOf":{"@id":"https:\/\/www.esin.av.tr\/tr\/2022\/04\/04\/icsid-kurallari-ve-duzenlemelerine-getirilen-onemli-degisiklikler-21-mart-2022de-onaylandi-ve-1-temmuz-2022de-yururluge-girecek\/"},"author":{"name":"R\u0131dvan Konrat","@id":"https:\/\/www.esin.av.tr\/tr\/#\/schema\/person\/42c8e616aab56b8622fa365ad63282ae"},"headline":"ICSID Kurallar\u0131 ve D\u00fczenlemelerine getirilen \u00f6nemli de\u011fi\u015fiklikler 21 Mart 2022&#8217;de onayland\u0131 ve 1 Temmuz 2022&#8217;de y\u00fcr\u00fcrl\u00fc\u011fe girecek","datePublished":"2022-04-04T14:04:56+00:00","dateModified":"2022-06-09T13:43:10+00:00","mainEntityOfPage":{"@id":"https:\/\/www.esin.av.tr\/tr\/2022\/04\/04\/icsid-kurallari-ve-duzenlemelerine-getirilen-onemli-degisiklikler-21-mart-2022de-onaylandi-ve-1-temmuz-2022de-yururluge-girecek\/"},"wordCount":2111,"publisher":{"@id":"https:\/\/www.esin.av.tr\/tr\/#organization"},"keywords":["Uyu\u015fmazl\u0131k \u00c7\u00f6z\u00fcm\u00fc"],"articleSection":["Hukuk B\u00fcltenleri"],"inLanguage":"tr"},{"@type":"WebPage","@id":"https:\/\/www.esin.av.tr\/tr\/2022\/04\/04\/icsid-kurallari-ve-duzenlemelerine-getirilen-onemli-degisiklikler-21-mart-2022de-onaylandi-ve-1-temmuz-2022de-yururluge-girecek\/","url":"https:\/\/www.esin.av.tr\/tr\/2022\/04\/04\/icsid-kurallari-ve-duzenlemelerine-getirilen-onemli-degisiklikler-21-mart-2022de-onaylandi-ve-1-temmuz-2022de-yururluge-girecek\/","name":"ICSID Kurallar\u0131 ve D\u00fczenlemelerine getirilen \u00f6nemli de\u011fi\u015fiklikler 21 Mart 2022'de onayland\u0131 ve 1 Temmuz 2022'de y\u00fcr\u00fcrl\u00fc\u011fe girecek","isPartOf":{"@id":"https:\/\/www.esin.av.tr\/tr\/#website"},"datePublished":"2022-04-04T14:04:56+00:00","dateModified":"2022-06-09T13:43:10+00:00","description":"Yeni Geli\u015fme Yat\u0131r\u0131m Uyu\u015fmazl\u0131klar\u0131n\u0131n \u00c7\u00f6z\u00fcm\u00fc i\u00e7in Uluslararas\u0131 Merkez'in (\"ICSID\"), tahkim (\"Tahkim Kurallar\u0131\") ve uzla\u015ft\u0131rma kurallar\u0131nda de\u011fi\u015fiklikler","breadcrumb":{"@id":"https:\/\/www.esin.av.tr\/tr\/2022\/04\/04\/icsid-kurallari-ve-duzenlemelerine-getirilen-onemli-degisiklikler-21-mart-2022de-onaylandi-ve-1-temmuz-2022de-yururluge-girecek\/#breadcrumb"},"inLanguage":"tr","potentialAction":[{"@type":"ReadAction","target":["https:\/\/www.esin.av.tr\/tr\/2022\/04\/04\/icsid-kurallari-ve-duzenlemelerine-getirilen-onemli-degisiklikler-21-mart-2022de-onaylandi-ve-1-temmuz-2022de-yururluge-girecek\/"]}]},{"@type":"BreadcrumbList","@id":"https:\/\/www.esin.av.tr\/tr\/2022\/04\/04\/icsid-kurallari-ve-duzenlemelerine-getirilen-onemli-degisiklikler-21-mart-2022de-onaylandi-ve-1-temmuz-2022de-yururluge-girecek\/#breadcrumb","itemListElement":[{"@type":"ListItem","position":1,"name":"Home","item":"https:\/\/www.esin.av.tr\/tr\/"},{"@type":"ListItem","position":2,"name":"ICSID Kurallar\u0131 ve D\u00fczenlemelerine getirilen \u00f6nemli de\u011fi\u015fiklikler 21 Mart 2022&#8217;de onayland\u0131 ve 1 Temmuz 2022&#8217;de y\u00fcr\u00fcrl\u00fc\u011fe girecek"}]},{"@type":"WebSite","@id":"https:\/\/www.esin.av.tr\/tr\/#website","url":"https:\/\/www.esin.av.tr\/tr\/","name":"Esin Avukatl\u0131k Ortakl\u0131\u011f\u0131","description":"","publisher":{"@id":"https:\/\/www.esin.av.tr\/tr\/#organization"},"potentialAction":[{"@type":"SearchAction","target":{"@type":"EntryPoint","urlTemplate":"https:\/\/www.esin.av.tr\/tr\/?s={search_term_string}"},"query-input":{"@type":"PropertyValueSpecification","valueRequired":true,"valueName":"search_term_string"}}],"inLanguage":"tr"},{"@type":"Organization","@id":"https:\/\/www.esin.av.tr\/tr\/#organization","name":"Esin Avukatl\u0131k Ortakl\u0131\u011f\u0131","url":"https:\/\/www.esin.av.tr\/tr\/","logo":{"@type":"ImageObject","inLanguage":"tr","@id":"https:\/\/www.esin.av.tr\/tr\/#\/schema\/logo\/image\/","url":"https:\/\/www.esin.av.tr\/wp-content\/uploads\/2021\/09\/esin-2.jpg","contentUrl":"https:\/\/www.esin.av.tr\/wp-content\/uploads\/2021\/09\/esin-2.jpg","width":800,"height":460,"caption":"Esin Avukatl\u0131k Ortakl\u0131\u011f\u0131"},"image":{"@id":"https:\/\/www.esin.av.tr\/tr\/#\/schema\/logo\/image\/"}},{"@type":"Person","@id":"https:\/\/www.esin.av.tr\/tr\/#\/schema\/person\/42c8e616aab56b8622fa365ad63282ae","name":"R\u0131dvan Konrat","image":{"@type":"ImageObject","inLanguage":"tr","@id":"https:\/\/www.esin.av.tr\/tr\/#\/schema\/person\/image\/","url":"https:\/\/secure.gravatar.com\/avatar\/b20c6c583be38ed4e76e32f69fccc676?s=96&d=mm&r=g","contentUrl":"https:\/\/secure.gravatar.com\/avatar\/b20c6c583be38ed4e76e32f69fccc676?s=96&d=mm&r=g","caption":"R\u0131dvan Konrat"},"sameAs":["http:\/\/www.esin.av.tr"],"url":"https:\/\/www.esin.av.tr\/tr\/author\/rkonrat\/"}]}},"_links":{"self":[{"href":"https:\/\/www.esin.av.tr\/tr\/wp-json\/wp\/v2\/posts\/22450","targetHints":{"allow":["GET"]}}],"collection":[{"href":"https:\/\/www.esin.av.tr\/tr\/wp-json\/wp\/v2\/posts"}],"about":[{"href":"https:\/\/www.esin.av.tr\/tr\/wp-json\/wp\/v2\/types\/post"}],"author":[{"embeddable":true,"href":"https:\/\/www.esin.av.tr\/tr\/wp-json\/wp\/v2\/users\/4"}],"replies":[{"embeddable":true,"href":"https:\/\/www.esin.av.tr\/tr\/wp-json\/wp\/v2\/comments?post=22450"}],"version-history":[{"count":2,"href":"https:\/\/www.esin.av.tr\/tr\/wp-json\/wp\/v2\/posts\/22450\/revisions"}],"predecessor-version":[{"id":22452,"href":"https:\/\/www.esin.av.tr\/tr\/wp-json\/wp\/v2\/posts\/22450\/revisions\/22452"}],"wp:attachment":[{"href":"https:\/\/www.esin.av.tr\/tr\/wp-json\/wp\/v2\/media?parent=22450"}],"wp:term":[{"taxonomy":"category","embeddable":true,"href":"https:\/\/www.esin.av.tr\/tr\/wp-json\/wp\/v2\/categories?post=22450"},{"taxonomy":"post_tag","embeddable":true,"href":"https:\/\/www.esin.av.tr\/tr\/wp-json\/wp\/v2\/tags?post=22450"}],"curies":[{"name":"wp","href":"https:\/\/api.w.org\/{rel}","templated":true}]}}