{"id":22350,"date":"2022-03-25T12:13:14","date_gmt":"2022-03-25T12:13:14","guid":{"rendered":"https:\/\/www.esin.av.tr\/?p=22350"},"modified":"2022-06-09T13:43:22","modified_gmt":"2022-06-09T13:43:22","slug":"tuketicinin-secimlik-haklarina-iliskin-yargitay-karari","status":"publish","type":"post","link":"https:\/\/www.esin.av.tr\/tr\/2022\/03\/25\/tuketicinin-secimlik-haklarina-iliskin-yargitay-karari\/","title":{"rendered":"T\u00fcketicinin Se\u00e7imlik Haklar\u0131na \u0130li\u015fkin Yarg\u0131tay Karar\u0131"},"content":{"rendered":"<p><strong><a href=\"https:\/\/podcast.esin.av.tr\/?lang=tr&amp;playing=PFC6779618365?updated=1648204676\" target=\"_blank\" rel=\"noopener\"><img decoding=\"async\" class=\"alignnone wp-image-18799\" src=\"https:\/\/www.esin.av.tr\/wp-content\/uploads\/2021\/02\/1.png\" alt=\"\" width=\"38\" height=\"38\" srcset=\"https:\/\/www.esin.av.tr\/wp-content\/uploads\/2021\/02\/1.png 186w, https:\/\/www.esin.av.tr\/wp-content\/uploads\/2021\/02\/1-150x150.png 150w\" sizes=\"(max-width: 38px) 100vw, 38px\" \/><\/a>\u00a0 \u00a0 \u00a0 \u00a0 \u00a0 \u00a0 Bu b\u00fcltenimizi podcast olarak da dinleyebilirsiniz!<\/strong><\/p>\n<p>&nbsp;<\/p>\n<h3><strong>Yeni Geli\u015fme<\/strong><\/h3>\n<p>Yarg\u0131tay 3. Hukuk Dairesi&#8217;nin 2021\/8941 Esas ve 2022\/656 Karar say\u0131l\u0131 karar\u0131 (&#8220;<strong>Karar<\/strong>&#8220;) 18 Mart 2022 tarihinde Resmi Gazete&#8217;de yay\u0131mland\u0131. Karar, t\u00fcketicinin ay\u0131pl\u0131 mala ili\u015fkin se\u00e7imlik haklar\u0131na y\u00f6nelik \u00f6nemli saptamalar i\u00e7eriyor.<\/p>\n<p>Karar&#8217;a <a href=\"https:\/\/urldefense.com\/v3\/__https:\/esinxchange.com\/collect\/click.aspx?u=RGNwYlFQbVBGNWprUDRkbTlsRGdaeXdMemM5K3I2SXA3ZUFocDRIK1VKcEJ5YkVpcHFDT3pMTDN2MVJXd3JqWkRubHVPZzQ5dzNuWjJwL0txVW5oVU5WdGlYRDV4ODhUS1hMa01tSnNQbjZML1RKSVFaZXpadm5XUkFNT1hqWC8=&amp;rh=ff008d9c35eb9855487b582b394e97a6073866fd__;!!Hj9Y_P0nvg!Cq-64eyck09_0oqUYm0PNRp8Llfw-Upt1kdia-KH8qcPVD2p5-ah7A9b_QC_fkpZulTWmA$\">buradan <\/a>ula\u015fabilirsiniz.<\/p>\n<h3><strong>Karar Ne Anlama Geliyor?<\/strong><\/h3>\n<p>6502 say\u0131l\u0131 T\u00fcketicinin Korunmas\u0131 Hakk\u0131nda Kanun&#8217;un (&#8220;<strong>Kanun<\/strong>&#8220;) 11. maddesinde ay\u0131pl\u0131 mal tesliminde t\u00fcketicinin se\u00e7imlik haklar\u0131 d\u00fczenlenmi\u015f olup, buna g\u00f6re, mal\u0131n ay\u0131pl\u0131 oldu\u011funun anla\u015f\u0131lmas\u0131 durumunda t\u00fcketici; a) sat\u0131lan\u0131 geri vermeye haz\u0131r oldu\u011funu bildirerek s\u00f6zle\u015fmeden d\u00f6nme, b) sat\u0131lan\u0131 al\u0131koyup ay\u0131p oran\u0131nda sat\u0131\u015f bedelinden indirim isteme, c) a\u015f\u0131r\u0131 bir masraf gerektirmedi\u011fi takdirde, b\u00fct\u00fcn masraflar\u0131 sat\u0131c\u0131ya ait olmak \u00fczere sat\u0131lan\u0131n \u00fccretsiz onar\u0131lmas\u0131n\u0131 isteme, d) imk\u00e2n varsa, sat\u0131lan\u0131n ay\u0131ps\u0131z bir misli ile de\u011fi\u015ftirilmesini isteme \u015feklindeki d\u00f6rt se\u00e7imlik haktan birini kullanabilir. Yarg\u0131tay, Karar ile ay\u0131pl\u0131 mala ili\u015fkin se\u00e7imlik haklar\u0131n hangi ki\u015filere kar\u015f\u0131 kullan\u0131labilece\u011fine a\u00e7\u0131kl\u0131k getirmi\u015ftir.<\/p>\n<p>Karar&#8217;a konu olayda, bir \u00fcretici firman\u0131n (davac\u0131) bayisinden \u00fcr\u00fcn sat\u0131n alan t\u00fcketici (daval\u0131), bedel iadesi talebiyle t\u00fcketici hakem heyetine ba\u015fvuruda bulunmu\u015ftur. Ba\u015fvurunun kabul edilmesi \u00fczerine \u00fcretici, \u00fcr\u00fcn\u00fcn kendi firmas\u0131 taraf\u0131ndan i\u015fletilmeyen \u00fc\u00e7\u00fcnc\u00fc taraf bayiden al\u0131nd\u0131\u011f\u0131 ve s\u00f6z konusu se\u00e7imlik hakk\u0131n kendisine kar\u015f\u0131 kullan\u0131lamayaca\u011f\u0131 iddias\u0131yla hakem heyeti karar\u0131n\u0131n iptalini talep etmi\u015ftir. \u0130lgili ilk derece mahkemesince t\u00fcketicinin \u00fcr\u00fcn\u00fc \u00fcretici firman\u0131n alt \u015fubesinden (bayi) ald\u0131\u011f\u0131 gerek\u00e7esiyle davan\u0131n reddine karar verilmi\u015ftir.<\/p>\n<p>Adalet Bakanl\u0131\u011f\u0131 s\u00f6z konusu olayda daval\u0131 t\u00fcketicinin sat\u0131n ald\u0131\u011f\u0131 \u00fcr\u00fcn\u00fcn ay\u0131pl\u0131 oldu\u011fu iddias\u0131yla s\u00f6zle\u015fmeden d\u00f6nme se\u00e7imlik hakk\u0131n\u0131 yaln\u0131zca sat\u0131c\u0131 bayiye kar\u015f\u0131 ileri s\u00fcrebilece\u011fi, \u00fcretici firmaya ise y\u00f6neltemeyece\u011fi gerek\u00e7eleriyle mahkeme karar\u0131n\u0131n usul ve yasaya ayk\u0131r\u0131 oldu\u011funu belirterek, karar\u0131n kanun yarar\u0131na bozulmas\u0131n\u0131 talep etmi\u015ftir.<\/p>\n<p>Yarg\u0131tay yapm\u0131\u015f oldu\u011fu de\u011ferlendirme neticesinde;<\/p>\n<ul>\n<li>Kanun&#8217;un ilgili maddeleri uyar\u0131nca t\u00fcketiciye tan\u0131nan d\u00f6rt se\u00e7imlik hakk\u0131n sat\u0131c\u0131 taraf\u0131ndan yerine getirilmesi gerekti\u011fi, ancak \u00fccretsiz onar\u0131m veya mal\u0131n ay\u0131ps\u0131z benzeri ile de\u011fi\u015ftirilmesi haklar\u0131n\u0131n \u00fcretici ve ithalat\u00e7\u0131ya kar\u015f\u0131 da kullan\u0131labilece\u011fi; ve dolay\u0131s\u0131yla<\/li>\n<li>t\u00fcketicinin s\u00f6zle\u015fmeden d\u00f6nme ve ay\u0131p oran\u0131nda indirim isteme haklar\u0131n\u0131 yaln\u0131zca sat\u0131c\u0131ya kar\u015f\u0131 kullanabilece\u011fi<\/li>\n<\/ul>\n<p>gerek\u00e7elerine dayanarak, ilk derece mahkemesinin karar\u0131n\u0131n kanun yarar\u0131na bozulmas\u0131na karar vermi\u015ftir.<\/p>\n<h3><strong>Sonu\u00e7<\/strong><\/h3>\n<p>Karar ile t\u00fcketicilerin s\u00f6zle\u015fmeden d\u00f6nerek bedel iadesini talep etme ve ay\u0131p oran\u0131nda sat\u0131\u015f bedelinde indirim isteme haklar\u0131n\u0131 \u00fcretici ve ithalat\u00e7\u0131ya kar\u015f\u0131 kullanamayaca\u011f\u0131 bir kez daha ortaya konmu\u015ftur. Sat\u0131\u015f s\u00f6zle\u015fmesi sat\u0131c\u0131 ile t\u00fcketici aras\u0131nda akdedilmekte ve t\u00fcketici \u00fcr\u00fcn bedelini sat\u0131c\u0131ya \u00f6demektedir. Bu nedenle, k\u0131smi veya tam bedel iadesiyle ilgili taleplerin yaln\u0131zca sat\u0131\u015f s\u00f6zle\u015fmesinin taraf\u0131 olan sat\u0131c\u0131ya y\u00f6neltilmesi gerekmektedir.<\/p>\n","protected":false},"excerpt":{"rendered":"<p>\u00a0 \u00a0 \u00a0 \u00a0 \u00a0 \u00a0 Bu b\u00fcltenimizi podcast olarak da dinleyebilirsiniz! &nbsp; Yeni Geli\u015fme Yarg\u0131tay 3. Hukuk Dairesi&#8217;nin 2021\/8941 [&hellip;]<\/p>\n","protected":false},"author":4,"featured_media":0,"comment_status":"closed","ping_status":"closed","sticky":false,"template":"","format":"standard","meta":{"_acf_changed":false,"_stopmodifiedupdate":false,"_modified_date":"","footnotes":""},"categories":[120],"tags":[94],"class_list":["post-22350","post","type-post","status-publish","format-standard","hentry","category-legal-alerts","tag-international-commercial-and-trade-tr"],"acf":[],"yoast_head":"<!-- This site is optimized with the Yoast SEO plugin v24.0 - https:\/\/yoast.com\/wordpress\/plugins\/seo\/ -->\n<title>T\u00fcketicinin Se\u00e7imlik Haklar\u0131na \u0130li\u015fkin Yarg\u0131tay Karar\u0131<\/title>\n<meta name=\"description\" content=\"\u00a0 \u00a0 \u00a0 \u00a0 \u00a0 \u00a0 Bu b\u00fcltenimizi podcast olarak da dinleyebilirsiniz! &nbsp; Yeni Geli\u015fme Yarg\u0131tay 3. Hukuk Dairesi&#039;nin 2021\/8941 Esas ve 2022\/656 Karar say\u0131l\u0131\" \/>\n<meta name=\"robots\" content=\"index, follow, max-snippet:-1, max-image-preview:large, max-video-preview:-1\" \/>\n<link rel=\"canonical\" href=\"https:\/\/www.esin.av.tr\/tr\/2022\/03\/25\/tuketicinin-secimlik-haklarina-iliskin-yargitay-karari\/\" \/>\n<meta property=\"og:locale\" content=\"tr_TR\" \/>\n<meta property=\"og:type\" content=\"article\" \/>\n<meta property=\"og:title\" content=\"T\u00fcketicinin Se\u00e7imlik Haklar\u0131na \u0130li\u015fkin Yarg\u0131tay Karar\u0131\" \/>\n<meta property=\"og:description\" content=\"\u00a0 \u00a0 \u00a0 \u00a0 \u00a0 \u00a0 Bu b\u00fcltenimizi podcast olarak da dinleyebilirsiniz! &nbsp; Yeni Geli\u015fme Yarg\u0131tay 3. Hukuk Dairesi&#039;nin 2021\/8941 Esas ve 2022\/656 Karar say\u0131l\u0131\" \/>\n<meta property=\"og:url\" content=\"https:\/\/www.esin.av.tr\/tr\/2022\/03\/25\/tuketicinin-secimlik-haklarina-iliskin-yargitay-karari\/\" \/>\n<meta property=\"og:site_name\" content=\"Esin Avukatl\u0131k Ortakl\u0131\u011f\u0131\" \/>\n<meta property=\"article:published_time\" content=\"2022-03-25T12:13:14+00:00\" \/>\n<meta property=\"article:modified_time\" content=\"2022-06-09T13:43:22+00:00\" \/>\n<meta property=\"og:image\" content=\"https:\/\/www.esin.av.tr\/wp-content\/uploads\/2021\/02\/1.png\" \/>\n<meta name=\"author\" content=\"R\u0131dvan Konrat\" \/>\n<meta name=\"twitter:card\" content=\"summary_large_image\" \/>\n<meta name=\"twitter:label1\" content=\"Written by\" \/>\n\t<meta name=\"twitter:data1\" content=\"R\u0131dvan Konrat\" \/>\n\t<meta name=\"twitter:label2\" content=\"Est. reading time\" \/>\n\t<meta name=\"twitter:data2\" content=\"2 minutes\" \/>\n<script type=\"application\/ld+json\" class=\"yoast-schema-graph\">{\"@context\":\"https:\/\/schema.org\",\"@graph\":[{\"@type\":\"Article\",\"@id\":\"https:\/\/www.esin.av.tr\/tr\/2022\/03\/25\/tuketicinin-secimlik-haklarina-iliskin-yargitay-karari\/#article\",\"isPartOf\":{\"@id\":\"https:\/\/www.esin.av.tr\/tr\/2022\/03\/25\/tuketicinin-secimlik-haklarina-iliskin-yargitay-karari\/\"},\"author\":{\"name\":\"R\u0131dvan Konrat\",\"@id\":\"https:\/\/www.esin.av.tr\/tr\/#\/schema\/person\/42c8e616aab56b8622fa365ad63282ae\"},\"headline\":\"T\u00fcketicinin Se\u00e7imlik Haklar\u0131na \u0130li\u015fkin Yarg\u0131tay Karar\u0131\",\"datePublished\":\"2022-03-25T12:13:14+00:00\",\"dateModified\":\"2022-06-09T13:43:22+00:00\",\"mainEntityOfPage\":{\"@id\":\"https:\/\/www.esin.av.tr\/tr\/2022\/03\/25\/tuketicinin-secimlik-haklarina-iliskin-yargitay-karari\/\"},\"wordCount\":561,\"publisher\":{\"@id\":\"https:\/\/www.esin.av.tr\/tr\/#organization\"},\"image\":{\"@id\":\"https:\/\/www.esin.av.tr\/tr\/2022\/03\/25\/tuketicinin-secimlik-haklarina-iliskin-yargitay-karari\/#primaryimage\"},\"thumbnailUrl\":\"https:\/\/www.esin.av.tr\/wp-content\/uploads\/2021\/02\/1.png\",\"keywords\":[\"Uluslararas\u0131 Ticaret Hukuku\"],\"articleSection\":[\"Hukuk B\u00fcltenleri\"],\"inLanguage\":\"tr\"},{\"@type\":\"WebPage\",\"@id\":\"https:\/\/www.esin.av.tr\/tr\/2022\/03\/25\/tuketicinin-secimlik-haklarina-iliskin-yargitay-karari\/\",\"url\":\"https:\/\/www.esin.av.tr\/tr\/2022\/03\/25\/tuketicinin-secimlik-haklarina-iliskin-yargitay-karari\/\",\"name\":\"T\u00fcketicinin Se\u00e7imlik Haklar\u0131na \u0130li\u015fkin Yarg\u0131tay Karar\u0131\",\"isPartOf\":{\"@id\":\"https:\/\/www.esin.av.tr\/tr\/#website\"},\"primaryImageOfPage\":{\"@id\":\"https:\/\/www.esin.av.tr\/tr\/2022\/03\/25\/tuketicinin-secimlik-haklarina-iliskin-yargitay-karari\/#primaryimage\"},\"image\":{\"@id\":\"https:\/\/www.esin.av.tr\/tr\/2022\/03\/25\/tuketicinin-secimlik-haklarina-iliskin-yargitay-karari\/#primaryimage\"},\"thumbnailUrl\":\"https:\/\/www.esin.av.tr\/wp-content\/uploads\/2021\/02\/1.png\",\"datePublished\":\"2022-03-25T12:13:14+00:00\",\"dateModified\":\"2022-06-09T13:43:22+00:00\",\"description\":\"\u00a0 \u00a0 \u00a0 \u00a0 \u00a0 \u00a0 Bu b\u00fcltenimizi podcast olarak da dinleyebilirsiniz! &nbsp; Yeni Geli\u015fme Yarg\u0131tay 3. Hukuk Dairesi'nin 2021\/8941 Esas ve 2022\/656 Karar say\u0131l\u0131\",\"breadcrumb\":{\"@id\":\"https:\/\/www.esin.av.tr\/tr\/2022\/03\/25\/tuketicinin-secimlik-haklarina-iliskin-yargitay-karari\/#breadcrumb\"},\"inLanguage\":\"tr\",\"potentialAction\":[{\"@type\":\"ReadAction\",\"target\":[\"https:\/\/www.esin.av.tr\/tr\/2022\/03\/25\/tuketicinin-secimlik-haklarina-iliskin-yargitay-karari\/\"]}]},{\"@type\":\"ImageObject\",\"inLanguage\":\"tr\",\"@id\":\"https:\/\/www.esin.av.tr\/tr\/2022\/03\/25\/tuketicinin-secimlik-haklarina-iliskin-yargitay-karari\/#primaryimage\",\"url\":\"https:\/\/www.esin.av.tr\/wp-content\/uploads\/2021\/02\/1.png\",\"contentUrl\":\"https:\/\/www.esin.av.tr\/wp-content\/uploads\/2021\/02\/1.png\"},{\"@type\":\"BreadcrumbList\",\"@id\":\"https:\/\/www.esin.av.tr\/tr\/2022\/03\/25\/tuketicinin-secimlik-haklarina-iliskin-yargitay-karari\/#breadcrumb\",\"itemListElement\":[{\"@type\":\"ListItem\",\"position\":1,\"name\":\"Home\",\"item\":\"https:\/\/www.esin.av.tr\/tr\/\"},{\"@type\":\"ListItem\",\"position\":2,\"name\":\"T\u00fcketicinin Se\u00e7imlik Haklar\u0131na \u0130li\u015fkin Yarg\u0131tay Karar\u0131\"}]},{\"@type\":\"WebSite\",\"@id\":\"https:\/\/www.esin.av.tr\/tr\/#website\",\"url\":\"https:\/\/www.esin.av.tr\/tr\/\",\"name\":\"Esin Avukatl\u0131k Ortakl\u0131\u011f\u0131\",\"description\":\"\",\"publisher\":{\"@id\":\"https:\/\/www.esin.av.tr\/tr\/#organization\"},\"potentialAction\":[{\"@type\":\"SearchAction\",\"target\":{\"@type\":\"EntryPoint\",\"urlTemplate\":\"https:\/\/www.esin.av.tr\/tr\/?s={search_term_string}\"},\"query-input\":{\"@type\":\"PropertyValueSpecification\",\"valueRequired\":true,\"valueName\":\"search_term_string\"}}],\"inLanguage\":\"tr\"},{\"@type\":\"Organization\",\"@id\":\"https:\/\/www.esin.av.tr\/tr\/#organization\",\"name\":\"Esin Avukatl\u0131k Ortakl\u0131\u011f\u0131\",\"url\":\"https:\/\/www.esin.av.tr\/tr\/\",\"logo\":{\"@type\":\"ImageObject\",\"inLanguage\":\"tr\",\"@id\":\"https:\/\/www.esin.av.tr\/tr\/#\/schema\/logo\/image\/\",\"url\":\"https:\/\/www.esin.av.tr\/wp-content\/uploads\/2021\/09\/esin-2.jpg\",\"contentUrl\":\"https:\/\/www.esin.av.tr\/wp-content\/uploads\/2021\/09\/esin-2.jpg\",\"width\":800,\"height\":460,\"caption\":\"Esin Avukatl\u0131k Ortakl\u0131\u011f\u0131\"},\"image\":{\"@id\":\"https:\/\/www.esin.av.tr\/tr\/#\/schema\/logo\/image\/\"}},{\"@type\":\"Person\",\"@id\":\"https:\/\/www.esin.av.tr\/tr\/#\/schema\/person\/42c8e616aab56b8622fa365ad63282ae\",\"name\":\"R\u0131dvan Konrat\",\"image\":{\"@type\":\"ImageObject\",\"inLanguage\":\"tr\",\"@id\":\"https:\/\/www.esin.av.tr\/tr\/#\/schema\/person\/image\/\",\"url\":\"https:\/\/secure.gravatar.com\/avatar\/b20c6c583be38ed4e76e32f69fccc676?s=96&d=mm&r=g\",\"contentUrl\":\"https:\/\/secure.gravatar.com\/avatar\/b20c6c583be38ed4e76e32f69fccc676?s=96&d=mm&r=g\",\"caption\":\"R\u0131dvan Konrat\"},\"sameAs\":[\"http:\/\/www.esin.av.tr\"],\"url\":\"https:\/\/www.esin.av.tr\/tr\/author\/rkonrat\/\"}]}<\/script>\n<!-- \/ Yoast SEO plugin. -->","yoast_head_json":{"title":"T\u00fcketicinin Se\u00e7imlik Haklar\u0131na \u0130li\u015fkin Yarg\u0131tay Karar\u0131","description":"\u00a0 \u00a0 \u00a0 \u00a0 \u00a0 \u00a0 Bu b\u00fcltenimizi podcast olarak da dinleyebilirsiniz! &nbsp; Yeni Geli\u015fme Yarg\u0131tay 3. Hukuk Dairesi'nin 2021\/8941 Esas ve 2022\/656 Karar say\u0131l\u0131","robots":{"index":"index","follow":"follow","max-snippet":"max-snippet:-1","max-image-preview":"max-image-preview:large","max-video-preview":"max-video-preview:-1"},"canonical":"https:\/\/www.esin.av.tr\/tr\/2022\/03\/25\/tuketicinin-secimlik-haklarina-iliskin-yargitay-karari\/","og_locale":"tr_TR","og_type":"article","og_title":"T\u00fcketicinin Se\u00e7imlik Haklar\u0131na \u0130li\u015fkin Yarg\u0131tay Karar\u0131","og_description":"\u00a0 \u00a0 \u00a0 \u00a0 \u00a0 \u00a0 Bu b\u00fcltenimizi podcast olarak da dinleyebilirsiniz! &nbsp; Yeni Geli\u015fme Yarg\u0131tay 3. Hukuk Dairesi'nin 2021\/8941 Esas ve 2022\/656 Karar say\u0131l\u0131","og_url":"https:\/\/www.esin.av.tr\/tr\/2022\/03\/25\/tuketicinin-secimlik-haklarina-iliskin-yargitay-karari\/","og_site_name":"Esin Avukatl\u0131k Ortakl\u0131\u011f\u0131","article_published_time":"2022-03-25T12:13:14+00:00","article_modified_time":"2022-06-09T13:43:22+00:00","og_image":[{"url":"https:\/\/www.esin.av.tr\/wp-content\/uploads\/2021\/02\/1.png","type":"","width":"","height":""}],"author":"R\u0131dvan Konrat","twitter_card":"summary_large_image","twitter_misc":{"Written by":"R\u0131dvan Konrat","Est. reading time":"2 minutes"},"schema":{"@context":"https:\/\/schema.org","@graph":[{"@type":"Article","@id":"https:\/\/www.esin.av.tr\/tr\/2022\/03\/25\/tuketicinin-secimlik-haklarina-iliskin-yargitay-karari\/#article","isPartOf":{"@id":"https:\/\/www.esin.av.tr\/tr\/2022\/03\/25\/tuketicinin-secimlik-haklarina-iliskin-yargitay-karari\/"},"author":{"name":"R\u0131dvan Konrat","@id":"https:\/\/www.esin.av.tr\/tr\/#\/schema\/person\/42c8e616aab56b8622fa365ad63282ae"},"headline":"T\u00fcketicinin Se\u00e7imlik Haklar\u0131na \u0130li\u015fkin Yarg\u0131tay Karar\u0131","datePublished":"2022-03-25T12:13:14+00:00","dateModified":"2022-06-09T13:43:22+00:00","mainEntityOfPage":{"@id":"https:\/\/www.esin.av.tr\/tr\/2022\/03\/25\/tuketicinin-secimlik-haklarina-iliskin-yargitay-karari\/"},"wordCount":561,"publisher":{"@id":"https:\/\/www.esin.av.tr\/tr\/#organization"},"image":{"@id":"https:\/\/www.esin.av.tr\/tr\/2022\/03\/25\/tuketicinin-secimlik-haklarina-iliskin-yargitay-karari\/#primaryimage"},"thumbnailUrl":"https:\/\/www.esin.av.tr\/wp-content\/uploads\/2021\/02\/1.png","keywords":["Uluslararas\u0131 Ticaret Hukuku"],"articleSection":["Hukuk B\u00fcltenleri"],"inLanguage":"tr"},{"@type":"WebPage","@id":"https:\/\/www.esin.av.tr\/tr\/2022\/03\/25\/tuketicinin-secimlik-haklarina-iliskin-yargitay-karari\/","url":"https:\/\/www.esin.av.tr\/tr\/2022\/03\/25\/tuketicinin-secimlik-haklarina-iliskin-yargitay-karari\/","name":"T\u00fcketicinin Se\u00e7imlik Haklar\u0131na \u0130li\u015fkin Yarg\u0131tay Karar\u0131","isPartOf":{"@id":"https:\/\/www.esin.av.tr\/tr\/#website"},"primaryImageOfPage":{"@id":"https:\/\/www.esin.av.tr\/tr\/2022\/03\/25\/tuketicinin-secimlik-haklarina-iliskin-yargitay-karari\/#primaryimage"},"image":{"@id":"https:\/\/www.esin.av.tr\/tr\/2022\/03\/25\/tuketicinin-secimlik-haklarina-iliskin-yargitay-karari\/#primaryimage"},"thumbnailUrl":"https:\/\/www.esin.av.tr\/wp-content\/uploads\/2021\/02\/1.png","datePublished":"2022-03-25T12:13:14+00:00","dateModified":"2022-06-09T13:43:22+00:00","description":"\u00a0 \u00a0 \u00a0 \u00a0 \u00a0 \u00a0 Bu b\u00fcltenimizi podcast olarak da dinleyebilirsiniz! &nbsp; Yeni Geli\u015fme Yarg\u0131tay 3. Hukuk Dairesi'nin 2021\/8941 Esas ve 2022\/656 Karar say\u0131l\u0131","breadcrumb":{"@id":"https:\/\/www.esin.av.tr\/tr\/2022\/03\/25\/tuketicinin-secimlik-haklarina-iliskin-yargitay-karari\/#breadcrumb"},"inLanguage":"tr","potentialAction":[{"@type":"ReadAction","target":["https:\/\/www.esin.av.tr\/tr\/2022\/03\/25\/tuketicinin-secimlik-haklarina-iliskin-yargitay-karari\/"]}]},{"@type":"ImageObject","inLanguage":"tr","@id":"https:\/\/www.esin.av.tr\/tr\/2022\/03\/25\/tuketicinin-secimlik-haklarina-iliskin-yargitay-karari\/#primaryimage","url":"https:\/\/www.esin.av.tr\/wp-content\/uploads\/2021\/02\/1.png","contentUrl":"https:\/\/www.esin.av.tr\/wp-content\/uploads\/2021\/02\/1.png"},{"@type":"BreadcrumbList","@id":"https:\/\/www.esin.av.tr\/tr\/2022\/03\/25\/tuketicinin-secimlik-haklarina-iliskin-yargitay-karari\/#breadcrumb","itemListElement":[{"@type":"ListItem","position":1,"name":"Home","item":"https:\/\/www.esin.av.tr\/tr\/"},{"@type":"ListItem","position":2,"name":"T\u00fcketicinin Se\u00e7imlik Haklar\u0131na \u0130li\u015fkin Yarg\u0131tay Karar\u0131"}]},{"@type":"WebSite","@id":"https:\/\/www.esin.av.tr\/tr\/#website","url":"https:\/\/www.esin.av.tr\/tr\/","name":"Esin Avukatl\u0131k Ortakl\u0131\u011f\u0131","description":"","publisher":{"@id":"https:\/\/www.esin.av.tr\/tr\/#organization"},"potentialAction":[{"@type":"SearchAction","target":{"@type":"EntryPoint","urlTemplate":"https:\/\/www.esin.av.tr\/tr\/?s={search_term_string}"},"query-input":{"@type":"PropertyValueSpecification","valueRequired":true,"valueName":"search_term_string"}}],"inLanguage":"tr"},{"@type":"Organization","@id":"https:\/\/www.esin.av.tr\/tr\/#organization","name":"Esin Avukatl\u0131k Ortakl\u0131\u011f\u0131","url":"https:\/\/www.esin.av.tr\/tr\/","logo":{"@type":"ImageObject","inLanguage":"tr","@id":"https:\/\/www.esin.av.tr\/tr\/#\/schema\/logo\/image\/","url":"https:\/\/www.esin.av.tr\/wp-content\/uploads\/2021\/09\/esin-2.jpg","contentUrl":"https:\/\/www.esin.av.tr\/wp-content\/uploads\/2021\/09\/esin-2.jpg","width":800,"height":460,"caption":"Esin Avukatl\u0131k Ortakl\u0131\u011f\u0131"},"image":{"@id":"https:\/\/www.esin.av.tr\/tr\/#\/schema\/logo\/image\/"}},{"@type":"Person","@id":"https:\/\/www.esin.av.tr\/tr\/#\/schema\/person\/42c8e616aab56b8622fa365ad63282ae","name":"R\u0131dvan Konrat","image":{"@type":"ImageObject","inLanguage":"tr","@id":"https:\/\/www.esin.av.tr\/tr\/#\/schema\/person\/image\/","url":"https:\/\/secure.gravatar.com\/avatar\/b20c6c583be38ed4e76e32f69fccc676?s=96&d=mm&r=g","contentUrl":"https:\/\/secure.gravatar.com\/avatar\/b20c6c583be38ed4e76e32f69fccc676?s=96&d=mm&r=g","caption":"R\u0131dvan Konrat"},"sameAs":["http:\/\/www.esin.av.tr"],"url":"https:\/\/www.esin.av.tr\/tr\/author\/rkonrat\/"}]}},"_links":{"self":[{"href":"https:\/\/www.esin.av.tr\/tr\/wp-json\/wp\/v2\/posts\/22350","targetHints":{"allow":["GET"]}}],"collection":[{"href":"https:\/\/www.esin.av.tr\/tr\/wp-json\/wp\/v2\/posts"}],"about":[{"href":"https:\/\/www.esin.av.tr\/tr\/wp-json\/wp\/v2\/types\/post"}],"author":[{"embeddable":true,"href":"https:\/\/www.esin.av.tr\/tr\/wp-json\/wp\/v2\/users\/4"}],"replies":[{"embeddable":true,"href":"https:\/\/www.esin.av.tr\/tr\/wp-json\/wp\/v2\/comments?post=22350"}],"version-history":[{"count":1,"href":"https:\/\/www.esin.av.tr\/tr\/wp-json\/wp\/v2\/posts\/22350\/revisions"}],"predecessor-version":[{"id":22351,"href":"https:\/\/www.esin.av.tr\/tr\/wp-json\/wp\/v2\/posts\/22350\/revisions\/22351"}],"wp:attachment":[{"href":"https:\/\/www.esin.av.tr\/tr\/wp-json\/wp\/v2\/media?parent=22350"}],"wp:term":[{"taxonomy":"category","embeddable":true,"href":"https:\/\/www.esin.av.tr\/tr\/wp-json\/wp\/v2\/categories?post=22350"},{"taxonomy":"post_tag","embeddable":true,"href":"https:\/\/www.esin.av.tr\/tr\/wp-json\/wp\/v2\/tags?post=22350"}],"curies":[{"name":"wp","href":"https:\/\/api.w.org\/{rel}","templated":true}]}}