{"id":22116,"date":"2022-03-04T19:15:00","date_gmt":"2022-03-04T19:15:00","guid":{"rendered":"https:\/\/www.esin.av.tr\/?p=22116"},"modified":"2022-06-09T13:37:18","modified_gmt":"2022-06-09T13:37:18","slug":"rekabet-kurumu-bildirim-zorunlulugu-icin-esas-alinan-ciro-esiklerini-degistirdi","status":"publish","type":"post","link":"https:\/\/www.esin.av.tr\/tr\/2022\/03\/04\/rekabet-kurumu-bildirim-zorunlulugu-icin-esas-alinan-ciro-esiklerini-degistirdi\/","title":{"rendered":"Rekabet Kurumu, Bildirim Zorunlulu\u011fu \u0130\u00e7in Esas Al\u0131nan Ciro E\u015fiklerini De\u011fi\u015ftirdi"},"content":{"rendered":"<h3><strong>Yeni geli\u015fme<\/strong><\/h3>\n<p>Rekabet Kurulu\u2019ndan \u0130zin Al\u0131nmas\u0131 Gereken Birle\u015fme ve Devralmalar Hakk\u0131nda Tebli\u011f\u2018de (\u201c<strong>2010\/4 Say\u0131l\u0131 Tebli\u011f<\/strong>\u201d) De\u011fi\u015fiklik Yap\u0131lmas\u0131 Hakk\u0131nda Tebli\u011f (\u201c<strong>Tadil Tebli\u011fi<\/strong>\u201d) 4 Mart 2022 tarihinde Resmi Gazete\u2019de yay\u0131mlanm\u0131\u015ft\u0131r. Rekabet Kurumu (\u201c<strong>Kurum<\/strong>\u201d), Tadil Tebli\u011fi ile bir\u00e7ok \u00f6nemli yenilik getirmi\u015f ve en \u00f6nemlisi bildirim zorunlulu\u011funu tetikleyen ciro e\u015fiklerini y\u00fckselterek g\u00fcncellemi\u015ftir. Tadil Tebli\u011fi, 4 May\u0131s 2022 tarihinde y\u00fcr\u00fcrl\u00fc\u011fe girecektir.<\/p>\n<h3><strong>Yeni ciro e\u015fikleri<\/strong><\/h3>\n<p>Bilgi b\u00fct\u00fcnl\u00fc\u011f\u00fcn\u00fcn sa\u011flanmas\u0131 ad\u0131na, 2010\/4 Say\u0131l\u0131 Tebli\u011f\u2019e g\u00f6re bir i\u015flemin Rekabet Kurulu\u2019na (\u201c<strong>Kurul<\/strong>\u201d) bildirilmesinin zorunlu olmas\u0131 i\u00e7in \u015fu iki \u015fart\u0131n birlikte sa\u011flanmas\u0131 gereklidir: <strong>(i) <\/strong>\u0130\u015flemin kontrolde kal\u0131c\u0131 de\u011fi\u015fiklik meydana getirmesi ve <strong>(ii) <\/strong>\u0130\u015flem taraflar\u0131n\u0131n cirolar\u0131n\u0131n 2010\/4 Say\u0131l\u0131 Tebli\u011f&#8217;in 7. maddesinde yer alan e\u015fikleri a\u015fmas\u0131. H\u00e2lihaz\u0131rda y\u00fcr\u00fcrl\u00fckte olan ciro e\u015fikleri \u015eubat 2013\u2019ten beri y\u00fcr\u00fckl\u00fcktedir ve Kurul bu e\u015fiklerde bug\u00fcne dek herhangi bir de\u011fi\u015fikli\u011fe gitmemi\u015ftir. Fakat 2013 y\u0131l\u0131ndan bu yana yabanc\u0131 para birimlerinin T\u00fcrk Liras\u0131 kar\u015f\u0131s\u0131nda giderek de\u011fer kazanmas\u0131 ve \u00f6zellikle 2021 y\u0131l\u0131ndaki ani y\u00fckseli\u015f nedeniyle, y\u0131llar i\u00e7erisinde daha \u00e7ok i\u015flem 2010\/4 Say\u0131l\u0131 Tebli\u011f\u2019in kapsam\u0131na girer olmu\u015ftur. Durumu rakamlarla ortaya koymak gerekirse, 2019 y\u0131l\u0131nda 208, 2020 y\u0131l\u0131nda 220 ve 2021 y\u0131ll\u0131nda ise 309 yo\u011funla\u015fma denetimi dosyas\u0131 Kurul taraf\u0131ndan karara ba\u011flanm\u0131\u015ft\u0131r.<\/p>\n<p>2010\/4 Say\u0131l\u0131 Tebli\u011f\u2019in de\u011fi\u015fik 7. maddesine g\u00f6re, a\u015fa\u011f\u0131daki e\u015fiklerden birinin a\u015f\u0131lmas\u0131 durumunda i\u015flem yo\u011funla\u015fma denetimine tabi olacakt\u0131r:<\/p>\n<p><strong>(a) <\/strong>\u0130\u015flem taraflar\u0131n\u0131n T\u00fcrkiye cirolar\u0131 toplam\u0131n\u0131n 750 milyon TL\u2019yi<sup><a href=\"#6\">[6]<\/a><\/sup> (yakla\u015f\u0131k 84.364.454 ABD Dolar\u0131 veya 71.633.238 Avro<sup><a href=\"#7foot\">[7]<\/a><\/sup>) ve i\u015flem taraflar\u0131ndan en az ikisinin T\u00fcrkiye cirolar\u0131n\u0131n ayr\u0131 ayr\u0131 250 milyon TL\u2019yi<a href=\"#8foot\"><sup>[8]<\/sup><\/a> (yakla\u015f\u0131k 28.121.485 ABD Dolar\u0131 veya 23.877.746 Avro), veya<\/p>\n<p><strong>(b) <\/strong>Devralma i\u015flemlerinde devre konu varl\u0131k ya da faaliyetin, birle\u015fme i\u015flemlerinde ise i\u015flem taraflar\u0131ndan en az birinin T\u00fcrkiye cirosunun 250 milyon TL\u2019yi<a href=\"#9foot\"><sup>[9]<\/sup><\/a> (yakla\u015f\u0131k 28.121.485 ABD Dolar\u0131 veya 23.877.746 Avro) ve di\u011fer i\u015flem taraflar\u0131ndan en az birinin d\u00fcnya cirosunun 3 milyar TL\u2019yi<sup>\u00a0<a href=\"#10foot\">[10]<\/a><\/sup> (yakla\u015f\u0131k 337.457.818 ABD Dolar\u0131 veya 286.532.951 Avro),<\/p>\n<p>Tadil Tebli\u011fi sonras\u0131nda \u00e7ok daha az say\u0131da i\u015flemin 2010\/4 Say\u0131l\u0131 Tebli\u011f kapsam\u0131na girmesi ve bu nedenle, Kurul\u2019un yo\u011funla\u015fma denetimi dosyalar\u0131nda \u00f6nemli bir azal\u0131\u015f ya\u015fanmas\u0131 beklenmektedir.<\/p>\n<h3><strong>Teknoloji te\u015febb\u00fcsleri i\u00e7in \u00f6zel d\u00fczenleme<\/strong><\/h3>\n<p>Tadil Tebli\u011fi yo\u011funla\u015fma denetimi rejimine \u201c<em>teknoloji te\u015febb\u00fcs\u00fc<\/em>\u201d kavram\u0131n\u0131 kazand\u0131rm\u0131\u015ft\u0131r. 2010\/4 Say\u0131l\u0131 Tebli\u011f\u2019in ek 4(1)(e). maddesine g\u00f6re bu kavram \u201c<em>dijital platformlar, yaz\u0131l\u0131m ve oyun yaz\u0131l\u0131m\u0131, finansal teknolojiler, biyoteknoloji, farmakoloji, tar\u0131m kimyasallar\u0131 ve sa\u011fl\u0131k teknolojileri alanlar\u0131nda faaliyet g\u00f6steren te\u015febb\u00fcsleri veya bunlara ili\u015fkin varl\u0131klar\u0131<\/em>\u201d ifade etmektedir. Kurum\u2019un resmi internet sitesinde 4 Mart 2022 tarihinde yay\u0131mlanan duyuruda, s\u00f6z konusu d\u00fczenlemenin gerek\u00e7esi \u015fu \u015fekilde a\u00e7\u0131klanm\u0131\u015ft\u0131r: Kurum aralar\u0131nda dijital platformlar\u0131n da bulundu\u011fu teknoloji odakl\u0131 pazarlardaki h\u0131zl\u0131 geli\u015fmeleri yak\u0131ndan izlemektedir. Bu geli\u015fmeler rekabet hukuku uygulamalar\u0131nda de\u011fi\u015fiklik yap\u0131lmas\u0131n\u0131 zorunlu k\u0131labilmektedir. Yabanc\u0131 rekabet otoriteleri gibi Kurum da, start-up olarak tabir edilen yeni kurulan veya geli\u015fmekte olan giri\u015fimlerin y\u00fcksek pazar g\u00fcc\u00fcne sahip te\u015febb\u00fcsler taraf\u0131ndan devral\u0131nmas\u0131 i\u015flemlerinin ciro e\u015fikleri nedeniyle Kurul\u2019un yetki alan\u0131 d\u0131\u015f\u0131nda kalmas\u0131n\u0131 bir tehdit olarak de\u011ferlendirmektedir. Kurul\u2019un teknoloji te\u015febb\u00fcslerini ilgilendiren i\u015flemlere dair denetimini s\u0131k\u0131la\u015ft\u0131rmak ve \u00f6ld\u00fcr\u00fcc\u00fc devralmalar\u0131 engellemek ad\u0131na Tadil Tebli\u011fi ile \u00f6zel bir e\u015fik getirilmi\u015ftir.<\/p>\n<p>2010\/4 Say\u0131l\u0131 Tebli\u011f\u2019in ek 7(2). maddesine g\u00f6re <strong>(i) <\/strong>T\u00fcrkiye co\u011frafi pazar\u0131nda faaliyet g\u00f6steren veya Ar-Ge faaliyeti olan ya da <strong>(ii) <\/strong>T\u00fcrkiye\u2019deki kullan\u0131c\u0131lara hizmet sunan teknoloji te\u015febb\u00fcslerinin devral\u0131nmas\u0131na ili\u015fkin i\u015flemlerde 2010\/4 Say\u0131l\u0131 Tebli\u011f\u2019in 7(1). maddesinde \u00f6ng\u00f6r\u00fclen 250 milyon TL e\u015fi\u011fi uygulanmayacakt\u0131r. \u0130laveten Kurum, yak\u0131n zamanda Almanya ve Avusturya yo\u011funla\u015fma denetimi rejimlerinde yap\u0131lan de\u011fi\u015fiklikleri dikkatle irdeledi\u011fini, ancak i\u015flem de\u011ferini referans alan bir e\u015fik \u00f6ng\u00f6rmeye \u015fu a\u015famada l\u00fczum g\u00f6rmedi\u011fini belirtmi\u015ftir. Yine de, Kurum start-up&#8217;lar\u0131n devral\u0131nmas\u0131na ili\u015fkin rekabet\u00e7i endi\u015feleri gidermek ad\u0131na bu istisnay\u0131 \u00f6ng\u00f6r\u00fclm\u00fc\u015ft\u00fcr.<\/p>\n<h3><strong>Di\u011fer de\u011fi\u015fiklikler<\/strong><\/h3>\n<p>Tadil Tebli\u011fi, Kurum\u2019un dijitalle\u015fmeye verdi\u011fi \u00f6nemi bir kez daha vurgulamaktad\u0131r. Duyuruda, Kurum yak\u0131n gelecekte formun tamam\u0131yla elektronik ortam \u00fczerinden doldurularak Kurum\u2019a sunulmas\u0131na olanak sa\u011flanaca\u011f\u0131n\u0131 belirtmektedir.\u00a0 Ayr\u0131ca bilgi ve belge talepleri ile bunlara verilen yan\u0131tlar\u0131n da tek bir elektronik platformda toplanaca\u011f\u0131na i\u015faret edilmektedir. B\u00f6ylelikle, Kurum, bildirimlerde talep edilen eksik bilgilerin bu platform \u00fczerinden daha pratik ve h\u0131zl\u0131 bir \u015fekilde tamamlanmas\u0131 hedeflemektedir. O zamana dek ise, Tadil Tebli\u011fi ba\u015fvurularda 2018 y\u0131l\u0131nda e-Devlet \u00fczerinden kullan\u0131ma a\u00e7\u0131lan ve COVID-19 salg\u0131n\u0131 sonras\u0131nda yo\u011fun olarak kullan\u0131lan Rekabet Kurumu Ba\u015fvuru Portal\u0131&#8217;n\u0131n kullan\u0131m\u0131na hukuken dayanak sa\u011flam\u0131\u015ft\u0131r.<\/p>\n<p>Mali kurumlar\u0131n cirosunun nas\u0131l hesaplanaca\u011f\u0131na dair a\u00e7\u0131klamalar da di\u011fer kamu kurumu ve ba\u011f\u0131ms\u0131z idari otoritelerin ilgili mevzuatta yapt\u0131\u011f\u0131 de\u011fi\u015fikliklerin bir yans\u0131mas\u0131 olarak tadil edilmi\u015ftir.<\/p>\n<p>Ayr\u0131ca Kurum yo\u011funla\u015fmalar\u0131n de\u011ferlendirilmesine ili\u015fkin k\u0131lavuzlar\u0131n\u0131 da, 2020 y\u0131l\u0131nda 4054 Say\u0131l\u0131 Rekabetin Korunmas\u0131 Hakk\u0131nda Kanun\u2019da yap\u0131lan de\u011fi\u015fiklikle getirilen \u2018etkin rekabetin \u00f6nemli \u00f6l\u00e7\u00fcde azalt\u0131lmas\u0131\u2019 testini de yans\u0131tacak \u015fekilde tadil etmi\u015ftir (bkz. Yatay Birle\u015fme ve Devralmalar\u0131n De\u011ferlendirilmesi Hakk\u0131nda K\u0131lavuz ve Yatay Olmayan Birle\u015fme ve Devralmalar\u0131n De\u011ferlendirilmesi Hakk\u0131nda K\u0131lavuz). Ayr\u0131ca k\u0131lavuzlarda potansiyel rekabet, rekabetin yak\u0131nl\u0131\u011f\u0131 analizi, dijital pazarlara ve inovasyona dayal\u0131 pazarlara ili\u015fkin zarar teorileri gibi konularda eklemeler ve g\u00fcncellemeler yap\u0131lm\u0131\u015ft\u0131r. Birle\u015fme devralmalar bak\u0131m\u0131ndan ge\u00e7erli olan g\u00fcncel zarar teorileri (potansiyel rakip\/rekabet zarar teorisi, \u00f6ld\u00fcr\u00fcc\u00fc devralma zarar teorisi) \u0131\u015f\u0131\u011f\u0131nda \u00f6zellikle yeni kurulan ve geli\u015fmekte olan firmalar\u0131n devral\u0131nmas\u0131 ile ilgili de\u011ferlendirmede dikkate al\u0131nabilecek genel ilkelere de yer verilmi\u015ftir.<\/p>\n<p>Ayr\u0131ca 2010\/4 Say\u0131l\u0131 Tebli\u011f\u2019in eki olan ve ba\u015fvurularda kullan\u0131lan bildirim formu da de\u011fi\u015ftirilmi\u015ftir. Kurum talep edilen bilgileri detayland\u0131rarak bildirimlerin Kurum\u2019a tam bir \u015fekilde sunulmas\u0131n\u0131 temin etmeyi ama\u00e7lamaktad\u0131r. \u00d6nemli bir not olarak, bildirim formun yeni giri\u015f b\u00f6l\u00fcm\u00fcn\u00fcn 2. bendine g\u00f6re ancak \u015fu iki durumda i\u015flem taraflar\u0131n\u0131n etkilenen pazarlara ili\u015fkin detayl\u0131 bilgi isteyen baz\u0131 b\u00f6l\u00fcmleri doldurmamas\u0131 (di\u011fer bir deyi\u015fle &#8220;k\u0131sa form&#8221; ba\u015fvuru yapmas\u0131) m\u00fcmk\u00fcn olacakt\u0131r: <strong>(i) <\/strong>\u0130\u015flemin ortak kontrolden tek kontrole ge\u00e7i\u015fe ili\u015fkin olmas\u0131 veya <strong>(ii) <\/strong>T\u00fcrkiye\u2019de etkilenen pazar\u0131n bulunmamas\u0131.\u00a0 Bu de\u011fi\u015fiklik ile Kurum daha \u00f6nce ilgili b\u00f6l\u00fcmlerin doldurulmas\u0131n\u0131 (di\u011fer bir deyi\u015fle &#8220;uzun form&#8221; ba\u015fvuru yap\u0131lmas\u0131n\u0131) gerektiren yatay \u00f6rt\u00fc\u015fmeler i\u00e7in %20 ve dikey \u00f6rt\u00fc\u015fmeler i\u00e7in %25\u2019lik pazar pay\u0131 e\u015fiklerini kald\u0131rm\u0131\u015ft\u0131r. Bu \u00e7er\u00e7evede, Tadil Tebli\u011fi y\u00fcr\u00fcrl\u00fc\u011fe girdikten sonra i\u015flem taraflar\u0131n\u0131n pazar paylar\u0131 d\u00fc\u015f\u00fck olsa bile etkilenen pazar(lar)\u0131n bulundu\u011fu her t\u00fcrl\u00fc yo\u011funla\u015fma ba\u015fvurusu i\u00e7in uzun form doldurmak ve etkilenen pazarlar hakk\u0131nda geni\u015f kapsaml\u0131 bilgiler sunmak gerekecektir.<\/p>\n<h3><strong>Sonu\u00e7<\/strong><\/h3>\n<p>Kurum bildirim zorunlulu\u011funu tetikleyen ciro e\u015fiklerini olduk\u00e7a y\u00fckseltmi\u015ftir. Bu de\u011fi\u015fiklikle birlikte, Kurum\u2019un yo\u011funla\u015fma denetimine dair i\u015f y\u00fck\u00fcnde bir azalma beklenebilecektir. B\u00f6ylelikle Kurum rekabet ihlali soru\u015fturmalar\u0131na daha \u00e7ok kaynak tahsis edebilecektir. Ayr\u0131ca Kurum\u2019un yak\u0131n zamanda dijital pazarlara y\u00f6nelik olarak ger\u00e7ekle\u015ftirdi\u011fi soru\u015fturmalar ve sekt\u00f6r ara\u015ft\u0131rmalar\u0131na paralel olarak i\u015fbu yeni d\u00fczenlemede de teknoloji te\u015febb\u00fcslerinin devral\u0131nmas\u0131na ili\u015fkin istisnai bir yakla\u015f\u0131m benimsenmi\u015f olmas\u0131 y\u00fckselen dijital pazarlar\u0131n yo\u011funla\u015fma denetimi bak\u0131m\u0131ndan da Kurum\u2019un radar\u0131na girece\u011fini g\u00f6stermektedir. Bu de\u011fi\u015fikliklerin uygulamaya yans\u0131mas\u0131 Tadil Tebli\u011fi\u2019nin 4 May\u0131s 2022 tarihinde y\u00fcr\u00fcrl\u00fc\u011fe girmesi ile g\u00f6zlemlenecektir.<\/p>\n<p>&nbsp;<\/p>\n<p><a href=\"#6\">[6]<\/a> Tadil Tebli\u011f \u00f6ncesinde 100 milyon TL\u2019dir (yakla\u015f\u0131k 11.248.594 ABD Dolar\u0131 veya 9.551.098 Avro).<\/p>\n<p>[7] Bu b\u00fcltende yer alan ABD Dolar\u0131 ve Avro cinsinde yaz\u0131lan rakamlar T\u00fcrkiye Cumhuriyeti Merkez Bankas\u0131\u2019n\u0131n 2021 i\u00e7in ge\u00e7erli ortalama al\u0131\u015f kurlar\u0131 \u00fczerinden d\u00f6n\u00fc\u015ft\u00fcr\u00fclm\u00fc\u015ft\u00fcr (1 ABD Dolar\u0131 = 8,89 TL ve 1 Avro = 10,47 TL).<\/p>\n<p>[8] Tadil Tebli\u011f \u00f6ncesinde 30 milyon TL\u2019dir (yakla\u015f\u0131k 3.374.578 ABD Dolar\u0131 veya 2.865.330 Avro).<\/p>\n<p>[9] Tadil Tebli\u011f \u00f6ncesinde 30milyon TL\u2019dir (yakla\u015f\u0131k 3.374.578 ABD Dolar\u0131 veya 2.865.330 Avro).<\/p>\n<p>[10] Tadil Tebli\u011f \u00f6ncesinde 500 milyon TL\u2019dir (yakla\u015f\u0131k 56.242.970 ABD Dolar\u0131 veya 47.755.492 Avro).<\/p>\n","protected":false},"excerpt":{"rendered":"<p>Yeni geli\u015fme Rekabet Kurulu\u2019ndan \u0130zin Al\u0131nmas\u0131 Gereken Birle\u015fme ve Devralmalar Hakk\u0131nda Tebli\u011f\u2018de (\u201c2010\/4 Say\u0131l\u0131 Tebli\u011f\u201d) De\u011fi\u015fiklik Yap\u0131lmas\u0131 Hakk\u0131nda Tebli\u011f (\u201cTadil [&hellip;]<\/p>\n","protected":false},"author":4,"featured_media":0,"comment_status":"closed","ping_status":"closed","sticky":false,"template":"","format":"standard","meta":{"_acf_changed":false,"_stopmodifiedupdate":false,"_modified_date":"","footnotes":""},"categories":[120],"tags":[108],"class_list":["post-22116","post","type-post","status-publish","format-standard","hentry","category-legal-alerts","tag-competition-tr"],"acf":[],"yoast_head":"<!-- This site is optimized with the Yoast SEO plugin v24.0 - https:\/\/yoast.com\/wordpress\/plugins\/seo\/ -->\n<title>Rekabet Kurumu, Bildirim Zorunlulu\u011fu \u0130\u00e7in Esas Al\u0131nan Ciro E\u015fiklerini De\u011fi\u015ftirdi<\/title>\n<meta name=\"description\" content=\"Yeni geli\u015fme Rekabet Kurulu\u2019ndan \u0130zin Al\u0131nmas\u0131 Gereken Birle\u015fme ve Devralmalar Hakk\u0131nda Tebli\u011f\u2018de (\u201c2010\/4 Say\u0131l\u0131 Tebli\u011f\u201d) De\u011fi\u015fiklik Yap\u0131lmas\u0131 Hakk\u0131nda\" \/>\n<meta name=\"robots\" content=\"index, follow, max-snippet:-1, max-image-preview:large, max-video-preview:-1\" \/>\n<link rel=\"canonical\" href=\"https:\/\/www.esin.av.tr\/tr\/2022\/03\/04\/rekabet-kurumu-bildirim-zorunlulugu-icin-esas-alinan-ciro-esiklerini-degistirdi\/\" \/>\n<meta property=\"og:locale\" content=\"tr_TR\" \/>\n<meta property=\"og:type\" content=\"article\" \/>\n<meta property=\"og:title\" content=\"Rekabet Kurumu, Bildirim Zorunlulu\u011fu \u0130\u00e7in Esas Al\u0131nan Ciro E\u015fiklerini De\u011fi\u015ftirdi\" \/>\n<meta property=\"og:description\" content=\"Yeni geli\u015fme Rekabet Kurulu\u2019ndan \u0130zin Al\u0131nmas\u0131 Gereken Birle\u015fme ve Devralmalar Hakk\u0131nda Tebli\u011f\u2018de (\u201c2010\/4 Say\u0131l\u0131 Tebli\u011f\u201d) De\u011fi\u015fiklik Yap\u0131lmas\u0131 Hakk\u0131nda\" \/>\n<meta property=\"og:url\" content=\"https:\/\/www.esin.av.tr\/tr\/2022\/03\/04\/rekabet-kurumu-bildirim-zorunlulugu-icin-esas-alinan-ciro-esiklerini-degistirdi\/\" \/>\n<meta property=\"og:site_name\" content=\"Esin Avukatl\u0131k Ortakl\u0131\u011f\u0131\" \/>\n<meta property=\"article:published_time\" content=\"2022-03-04T19:15:00+00:00\" \/>\n<meta property=\"article:modified_time\" content=\"2022-06-09T13:37:18+00:00\" \/>\n<meta name=\"author\" content=\"R\u0131dvan Konrat\" \/>\n<meta name=\"twitter:card\" content=\"summary_large_image\" \/>\n<meta name=\"twitter:label1\" content=\"Written by\" \/>\n\t<meta name=\"twitter:data1\" content=\"R\u0131dvan Konrat\" \/>\n\t<meta name=\"twitter:label2\" content=\"Est. reading time\" \/>\n\t<meta name=\"twitter:data2\" content=\"5 minutes\" \/>\n<script type=\"application\/ld+json\" class=\"yoast-schema-graph\">{\"@context\":\"https:\/\/schema.org\",\"@graph\":[{\"@type\":\"Article\",\"@id\":\"https:\/\/www.esin.av.tr\/tr\/2022\/03\/04\/rekabet-kurumu-bildirim-zorunlulugu-icin-esas-alinan-ciro-esiklerini-degistirdi\/#article\",\"isPartOf\":{\"@id\":\"https:\/\/www.esin.av.tr\/tr\/2022\/03\/04\/rekabet-kurumu-bildirim-zorunlulugu-icin-esas-alinan-ciro-esiklerini-degistirdi\/\"},\"author\":{\"name\":\"R\u0131dvan Konrat\",\"@id\":\"https:\/\/www.esin.av.tr\/tr\/#\/schema\/person\/42c8e616aab56b8622fa365ad63282ae\"},\"headline\":\"Rekabet Kurumu, Bildirim Zorunlulu\u011fu \u0130\u00e7in Esas Al\u0131nan Ciro E\u015fiklerini De\u011fi\u015ftirdi\",\"datePublished\":\"2022-03-04T19:15:00+00:00\",\"dateModified\":\"2022-06-09T13:37:18+00:00\",\"mainEntityOfPage\":{\"@id\":\"https:\/\/www.esin.av.tr\/tr\/2022\/03\/04\/rekabet-kurumu-bildirim-zorunlulugu-icin-esas-alinan-ciro-esiklerini-degistirdi\/\"},\"wordCount\":1538,\"publisher\":{\"@id\":\"https:\/\/www.esin.av.tr\/tr\/#organization\"},\"keywords\":[\"Rekabet Hukuku\"],\"articleSection\":[\"Hukuk B\u00fcltenleri\"],\"inLanguage\":\"tr\"},{\"@type\":\"WebPage\",\"@id\":\"https:\/\/www.esin.av.tr\/tr\/2022\/03\/04\/rekabet-kurumu-bildirim-zorunlulugu-icin-esas-alinan-ciro-esiklerini-degistirdi\/\",\"url\":\"https:\/\/www.esin.av.tr\/tr\/2022\/03\/04\/rekabet-kurumu-bildirim-zorunlulugu-icin-esas-alinan-ciro-esiklerini-degistirdi\/\",\"name\":\"Rekabet Kurumu, Bildirim Zorunlulu\u011fu \u0130\u00e7in Esas Al\u0131nan Ciro E\u015fiklerini De\u011fi\u015ftirdi\",\"isPartOf\":{\"@id\":\"https:\/\/www.esin.av.tr\/tr\/#website\"},\"datePublished\":\"2022-03-04T19:15:00+00:00\",\"dateModified\":\"2022-06-09T13:37:18+00:00\",\"description\":\"Yeni geli\u015fme Rekabet Kurulu\u2019ndan \u0130zin Al\u0131nmas\u0131 Gereken Birle\u015fme ve Devralmalar Hakk\u0131nda Tebli\u011f\u2018de (\u201c2010\/4 Say\u0131l\u0131 Tebli\u011f\u201d) De\u011fi\u015fiklik Yap\u0131lmas\u0131 Hakk\u0131nda\",\"breadcrumb\":{\"@id\":\"https:\/\/www.esin.av.tr\/tr\/2022\/03\/04\/rekabet-kurumu-bildirim-zorunlulugu-icin-esas-alinan-ciro-esiklerini-degistirdi\/#breadcrumb\"},\"inLanguage\":\"tr\",\"potentialAction\":[{\"@type\":\"ReadAction\",\"target\":[\"https:\/\/www.esin.av.tr\/tr\/2022\/03\/04\/rekabet-kurumu-bildirim-zorunlulugu-icin-esas-alinan-ciro-esiklerini-degistirdi\/\"]}]},{\"@type\":\"BreadcrumbList\",\"@id\":\"https:\/\/www.esin.av.tr\/tr\/2022\/03\/04\/rekabet-kurumu-bildirim-zorunlulugu-icin-esas-alinan-ciro-esiklerini-degistirdi\/#breadcrumb\",\"itemListElement\":[{\"@type\":\"ListItem\",\"position\":1,\"name\":\"Home\",\"item\":\"https:\/\/www.esin.av.tr\/tr\/\"},{\"@type\":\"ListItem\",\"position\":2,\"name\":\"Rekabet Kurumu, Bildirim Zorunlulu\u011fu \u0130\u00e7in Esas Al\u0131nan Ciro E\u015fiklerini De\u011fi\u015ftirdi\"}]},{\"@type\":\"WebSite\",\"@id\":\"https:\/\/www.esin.av.tr\/tr\/#website\",\"url\":\"https:\/\/www.esin.av.tr\/tr\/\",\"name\":\"Esin Avukatl\u0131k Ortakl\u0131\u011f\u0131\",\"description\":\"\",\"publisher\":{\"@id\":\"https:\/\/www.esin.av.tr\/tr\/#organization\"},\"potentialAction\":[{\"@type\":\"SearchAction\",\"target\":{\"@type\":\"EntryPoint\",\"urlTemplate\":\"https:\/\/www.esin.av.tr\/tr\/?s={search_term_string}\"},\"query-input\":{\"@type\":\"PropertyValueSpecification\",\"valueRequired\":true,\"valueName\":\"search_term_string\"}}],\"inLanguage\":\"tr\"},{\"@type\":\"Organization\",\"@id\":\"https:\/\/www.esin.av.tr\/tr\/#organization\",\"name\":\"Esin Avukatl\u0131k Ortakl\u0131\u011f\u0131\",\"url\":\"https:\/\/www.esin.av.tr\/tr\/\",\"logo\":{\"@type\":\"ImageObject\",\"inLanguage\":\"tr\",\"@id\":\"https:\/\/www.esin.av.tr\/tr\/#\/schema\/logo\/image\/\",\"url\":\"https:\/\/www.esin.av.tr\/wp-content\/uploads\/2021\/09\/esin-2.jpg\",\"contentUrl\":\"https:\/\/www.esin.av.tr\/wp-content\/uploads\/2021\/09\/esin-2.jpg\",\"width\":800,\"height\":460,\"caption\":\"Esin Avukatl\u0131k Ortakl\u0131\u011f\u0131\"},\"image\":{\"@id\":\"https:\/\/www.esin.av.tr\/tr\/#\/schema\/logo\/image\/\"}},{\"@type\":\"Person\",\"@id\":\"https:\/\/www.esin.av.tr\/tr\/#\/schema\/person\/42c8e616aab56b8622fa365ad63282ae\",\"name\":\"R\u0131dvan Konrat\",\"image\":{\"@type\":\"ImageObject\",\"inLanguage\":\"tr\",\"@id\":\"https:\/\/www.esin.av.tr\/tr\/#\/schema\/person\/image\/\",\"url\":\"https:\/\/secure.gravatar.com\/avatar\/b20c6c583be38ed4e76e32f69fccc676?s=96&d=mm&r=g\",\"contentUrl\":\"https:\/\/secure.gravatar.com\/avatar\/b20c6c583be38ed4e76e32f69fccc676?s=96&d=mm&r=g\",\"caption\":\"R\u0131dvan Konrat\"},\"sameAs\":[\"http:\/\/www.esin.av.tr\"],\"url\":\"https:\/\/www.esin.av.tr\/tr\/author\/rkonrat\/\"}]}<\/script>\n<!-- \/ Yoast SEO plugin. -->","yoast_head_json":{"title":"Rekabet Kurumu, Bildirim Zorunlulu\u011fu \u0130\u00e7in Esas Al\u0131nan Ciro E\u015fiklerini De\u011fi\u015ftirdi","description":"Yeni geli\u015fme Rekabet Kurulu\u2019ndan \u0130zin Al\u0131nmas\u0131 Gereken Birle\u015fme ve Devralmalar Hakk\u0131nda Tebli\u011f\u2018de (\u201c2010\/4 Say\u0131l\u0131 Tebli\u011f\u201d) De\u011fi\u015fiklik Yap\u0131lmas\u0131 Hakk\u0131nda","robots":{"index":"index","follow":"follow","max-snippet":"max-snippet:-1","max-image-preview":"max-image-preview:large","max-video-preview":"max-video-preview:-1"},"canonical":"https:\/\/www.esin.av.tr\/tr\/2022\/03\/04\/rekabet-kurumu-bildirim-zorunlulugu-icin-esas-alinan-ciro-esiklerini-degistirdi\/","og_locale":"tr_TR","og_type":"article","og_title":"Rekabet Kurumu, Bildirim Zorunlulu\u011fu \u0130\u00e7in Esas Al\u0131nan Ciro E\u015fiklerini De\u011fi\u015ftirdi","og_description":"Yeni geli\u015fme Rekabet Kurulu\u2019ndan \u0130zin Al\u0131nmas\u0131 Gereken Birle\u015fme ve Devralmalar Hakk\u0131nda Tebli\u011f\u2018de (\u201c2010\/4 Say\u0131l\u0131 Tebli\u011f\u201d) De\u011fi\u015fiklik Yap\u0131lmas\u0131 Hakk\u0131nda","og_url":"https:\/\/www.esin.av.tr\/tr\/2022\/03\/04\/rekabet-kurumu-bildirim-zorunlulugu-icin-esas-alinan-ciro-esiklerini-degistirdi\/","og_site_name":"Esin Avukatl\u0131k Ortakl\u0131\u011f\u0131","article_published_time":"2022-03-04T19:15:00+00:00","article_modified_time":"2022-06-09T13:37:18+00:00","author":"R\u0131dvan Konrat","twitter_card":"summary_large_image","twitter_misc":{"Written by":"R\u0131dvan Konrat","Est. reading time":"5 minutes"},"schema":{"@context":"https:\/\/schema.org","@graph":[{"@type":"Article","@id":"https:\/\/www.esin.av.tr\/tr\/2022\/03\/04\/rekabet-kurumu-bildirim-zorunlulugu-icin-esas-alinan-ciro-esiklerini-degistirdi\/#article","isPartOf":{"@id":"https:\/\/www.esin.av.tr\/tr\/2022\/03\/04\/rekabet-kurumu-bildirim-zorunlulugu-icin-esas-alinan-ciro-esiklerini-degistirdi\/"},"author":{"name":"R\u0131dvan Konrat","@id":"https:\/\/www.esin.av.tr\/tr\/#\/schema\/person\/42c8e616aab56b8622fa365ad63282ae"},"headline":"Rekabet Kurumu, Bildirim Zorunlulu\u011fu \u0130\u00e7in Esas Al\u0131nan Ciro E\u015fiklerini De\u011fi\u015ftirdi","datePublished":"2022-03-04T19:15:00+00:00","dateModified":"2022-06-09T13:37:18+00:00","mainEntityOfPage":{"@id":"https:\/\/www.esin.av.tr\/tr\/2022\/03\/04\/rekabet-kurumu-bildirim-zorunlulugu-icin-esas-alinan-ciro-esiklerini-degistirdi\/"},"wordCount":1538,"publisher":{"@id":"https:\/\/www.esin.av.tr\/tr\/#organization"},"keywords":["Rekabet Hukuku"],"articleSection":["Hukuk B\u00fcltenleri"],"inLanguage":"tr"},{"@type":"WebPage","@id":"https:\/\/www.esin.av.tr\/tr\/2022\/03\/04\/rekabet-kurumu-bildirim-zorunlulugu-icin-esas-alinan-ciro-esiklerini-degistirdi\/","url":"https:\/\/www.esin.av.tr\/tr\/2022\/03\/04\/rekabet-kurumu-bildirim-zorunlulugu-icin-esas-alinan-ciro-esiklerini-degistirdi\/","name":"Rekabet Kurumu, Bildirim Zorunlulu\u011fu \u0130\u00e7in Esas Al\u0131nan Ciro E\u015fiklerini De\u011fi\u015ftirdi","isPartOf":{"@id":"https:\/\/www.esin.av.tr\/tr\/#website"},"datePublished":"2022-03-04T19:15:00+00:00","dateModified":"2022-06-09T13:37:18+00:00","description":"Yeni geli\u015fme Rekabet Kurulu\u2019ndan \u0130zin Al\u0131nmas\u0131 Gereken Birle\u015fme ve Devralmalar Hakk\u0131nda Tebli\u011f\u2018de (\u201c2010\/4 Say\u0131l\u0131 Tebli\u011f\u201d) De\u011fi\u015fiklik Yap\u0131lmas\u0131 Hakk\u0131nda","breadcrumb":{"@id":"https:\/\/www.esin.av.tr\/tr\/2022\/03\/04\/rekabet-kurumu-bildirim-zorunlulugu-icin-esas-alinan-ciro-esiklerini-degistirdi\/#breadcrumb"},"inLanguage":"tr","potentialAction":[{"@type":"ReadAction","target":["https:\/\/www.esin.av.tr\/tr\/2022\/03\/04\/rekabet-kurumu-bildirim-zorunlulugu-icin-esas-alinan-ciro-esiklerini-degistirdi\/"]}]},{"@type":"BreadcrumbList","@id":"https:\/\/www.esin.av.tr\/tr\/2022\/03\/04\/rekabet-kurumu-bildirim-zorunlulugu-icin-esas-alinan-ciro-esiklerini-degistirdi\/#breadcrumb","itemListElement":[{"@type":"ListItem","position":1,"name":"Home","item":"https:\/\/www.esin.av.tr\/tr\/"},{"@type":"ListItem","position":2,"name":"Rekabet Kurumu, Bildirim Zorunlulu\u011fu \u0130\u00e7in Esas Al\u0131nan Ciro E\u015fiklerini De\u011fi\u015ftirdi"}]},{"@type":"WebSite","@id":"https:\/\/www.esin.av.tr\/tr\/#website","url":"https:\/\/www.esin.av.tr\/tr\/","name":"Esin Avukatl\u0131k Ortakl\u0131\u011f\u0131","description":"","publisher":{"@id":"https:\/\/www.esin.av.tr\/tr\/#organization"},"potentialAction":[{"@type":"SearchAction","target":{"@type":"EntryPoint","urlTemplate":"https:\/\/www.esin.av.tr\/tr\/?s={search_term_string}"},"query-input":{"@type":"PropertyValueSpecification","valueRequired":true,"valueName":"search_term_string"}}],"inLanguage":"tr"},{"@type":"Organization","@id":"https:\/\/www.esin.av.tr\/tr\/#organization","name":"Esin Avukatl\u0131k Ortakl\u0131\u011f\u0131","url":"https:\/\/www.esin.av.tr\/tr\/","logo":{"@type":"ImageObject","inLanguage":"tr","@id":"https:\/\/www.esin.av.tr\/tr\/#\/schema\/logo\/image\/","url":"https:\/\/www.esin.av.tr\/wp-content\/uploads\/2021\/09\/esin-2.jpg","contentUrl":"https:\/\/www.esin.av.tr\/wp-content\/uploads\/2021\/09\/esin-2.jpg","width":800,"height":460,"caption":"Esin Avukatl\u0131k Ortakl\u0131\u011f\u0131"},"image":{"@id":"https:\/\/www.esin.av.tr\/tr\/#\/schema\/logo\/image\/"}},{"@type":"Person","@id":"https:\/\/www.esin.av.tr\/tr\/#\/schema\/person\/42c8e616aab56b8622fa365ad63282ae","name":"R\u0131dvan Konrat","image":{"@type":"ImageObject","inLanguage":"tr","@id":"https:\/\/www.esin.av.tr\/tr\/#\/schema\/person\/image\/","url":"https:\/\/secure.gravatar.com\/avatar\/b20c6c583be38ed4e76e32f69fccc676?s=96&d=mm&r=g","contentUrl":"https:\/\/secure.gravatar.com\/avatar\/b20c6c583be38ed4e76e32f69fccc676?s=96&d=mm&r=g","caption":"R\u0131dvan Konrat"},"sameAs":["http:\/\/www.esin.av.tr"],"url":"https:\/\/www.esin.av.tr\/tr\/author\/rkonrat\/"}]}},"_links":{"self":[{"href":"https:\/\/www.esin.av.tr\/tr\/wp-json\/wp\/v2\/posts\/22116","targetHints":{"allow":["GET"]}}],"collection":[{"href":"https:\/\/www.esin.av.tr\/tr\/wp-json\/wp\/v2\/posts"}],"about":[{"href":"https:\/\/www.esin.av.tr\/tr\/wp-json\/wp\/v2\/types\/post"}],"author":[{"embeddable":true,"href":"https:\/\/www.esin.av.tr\/tr\/wp-json\/wp\/v2\/users\/4"}],"replies":[{"embeddable":true,"href":"https:\/\/www.esin.av.tr\/tr\/wp-json\/wp\/v2\/comments?post=22116"}],"version-history":[{"count":3,"href":"https:\/\/www.esin.av.tr\/tr\/wp-json\/wp\/v2\/posts\/22116\/revisions"}],"predecessor-version":[{"id":22516,"href":"https:\/\/www.esin.av.tr\/tr\/wp-json\/wp\/v2\/posts\/22116\/revisions\/22516"}],"wp:attachment":[{"href":"https:\/\/www.esin.av.tr\/tr\/wp-json\/wp\/v2\/media?parent=22116"}],"wp:term":[{"taxonomy":"category","embeddable":true,"href":"https:\/\/www.esin.av.tr\/tr\/wp-json\/wp\/v2\/categories?post=22116"},{"taxonomy":"post_tag","embeddable":true,"href":"https:\/\/www.esin.av.tr\/tr\/wp-json\/wp\/v2\/tags?post=22116"}],"curies":[{"name":"wp","href":"https:\/\/api.w.org\/{rel}","templated":true}]}}