{"id":22025,"date":"2022-02-24T11:34:29","date_gmt":"2022-02-24T11:34:29","guid":{"rendered":"https:\/\/www.esin.av.tr\/?p=22025"},"modified":"2022-06-09T13:37:42","modified_gmt":"2022-06-09T13:37:42","slug":"fiyat-etiketi-yonetmeliginde-degisiklik-yapildi","status":"publish","type":"post","link":"https:\/\/www.esin.av.tr\/tr\/2022\/02\/24\/fiyat-etiketi-yonetmeliginde-degisiklik-yapildi\/","title":{"rendered":"Fiyat Etiketi Y\u00f6netmeli\u011fi&#8217;nde De\u011fi\u015fiklik Yap\u0131ld\u0131"},"content":{"rendered":"<p><strong><a href=\"https:\/\/podcast.esin.av.tr\/?lang=tr&amp;playing=PFC6812745996?updated=1645698670\" target=\"_blank\" rel=\"noopener\"><img decoding=\"async\" class=\"alignnone wp-image-18799\" src=\"https:\/\/www.esin.av.tr\/wp-content\/uploads\/2021\/02\/1.png\" alt=\"\" width=\"41\" height=\"41\" srcset=\"https:\/\/www.esin.av.tr\/wp-content\/uploads\/2021\/02\/1.png 186w, https:\/\/www.esin.av.tr\/wp-content\/uploads\/2021\/02\/1-150x150.png 150w\" sizes=\"(max-width: 41px) 100vw, 41px\" \/><\/a>\u00a0 \u00a0 \u00a0 \u00a0 \u00a0 \u00a0 B\u00fcltenlerimizi podcast olarak da dinleyebilirsiniz!<\/strong><\/p>\n<p>&nbsp;<\/p>\n<h2>Ticaret Bakanl\u0131\u011f\u0131 (&#8220;<strong>Bakanl\u0131k<\/strong>&#8220;) 18 \u015eubat 2022 tarihinde yay\u0131mlad\u0131\u011f\u0131 Fiyat Etiketi Y\u00f6netmeli\u011fi&#8217;nde (&#8220;<strong>Y\u00f6netmelik<\/strong>&#8220;) De\u011fi\u015fiklik Yap\u0131lmas\u0131na Dair Y\u00f6netmelik ile Y\u00f6netmelik&#8217;te birtak\u0131m de\u011fi\u015fiklikler yapt\u0131.<\/h2>\n<h3><strong>Yeni Geli\u015fme<\/strong><\/h3>\n<p>1 Mart 2022 tarihinde y\u00fcr\u00fcrl\u00fc\u011fe girecek olan de\u011fi\u015fiklikler kapsam\u0131nda, Bakanl\u0131k, etiketleme ve etiket \u00fczerinde yer almas\u0131 gereken bilgilere ili\u015fkin Y\u00f6netmelik h\u00fck\u00fcmlerini yeniden d\u00fczenledi. Y\u00f6netmelik&#8217;te yer alan d\u00fczenlemelere <a href=\"https:\/\/urldefense.com\/v3\/__https:\/esinxchange.com\/collect\/click.aspx?u=UFBGRm9uQWljeVFlblpKQW50bUt1N2U1Zk9LYmRySW81NGoyYzVzc1JDajd5aW9PVUlUaFV0eTJhMjgxdnhaKzF1b1d3R2M4cEFVcWNrWHAyeUd5aFJSMGhDMHgveWtJMzRJNkxQV2NxZmF3dkpGMUZ0a1pZQT09&amp;rh=ff008b830ceba0e4a64fd7d21e4f819cc8c931b7__;!!Hj9Y_P0nvg!CECSbA3oI-Q_7dx8UHV1f3L1fhEskJGGG4NwB6BIA7dv9mo5Ur4ehxZPC3kGP3aE0y-eGw$\">buradan <\/a>ula\u015fabilirsiniz.<\/p>\n<h3><strong>De\u011fi\u015fiklikler Neler Getiriyor?<\/strong><\/h3>\n<p>De\u011fi\u015fikler kapsam\u0131nda; etiket ve listelerde yer almas\u0131 zorunlu olan mal\u0131n \u00fcretim yeri, ay\u0131r\u0131c\u0131 \u00f6zelli\u011fi ve sat\u0131\u015f fiyat\u0131 gibi bilgilerin T\u00fcrk\u00e7e yaz\u0131lmas\u0131 zorunlu hale getirilmi\u015ftir. Ayr\u0131ca, mal\u0131n sat\u0131\u015f fiyat\u0131ndan ayr\u0131 olarak ambalaj\u0131n\u0131n iadesine ili\u015fkin depozito bedeli olmas\u0131 halinde sat\u0131c\u0131lar\u0131n s\u00f6z konusu bedele de etiket ve listelerde yer vermesi gerekecektir.<\/p>\n<p>\u0130laveten, mallar\u0131 perakende olarak sat\u0131\u015fa sunanlar, zorunlu etiketlere, (mal\u0131n veya ayn\u0131 nitelikteki mal gruplar\u0131 ve raflar\u0131na ek olarak) mal\u0131n ambalaj veya kab\u0131 \u00fczerinde de yer verebilecektir.<\/p>\n<p>Son olarak, indirimli olarak sat\u0131\u015fa sunulan mal veya hizmetin indirimden \u00f6nceki fiyat\u0131n\u0131n tespitinde, indirimin uyguland\u0131\u011f\u0131 tarihten \u00f6nceki 30 g\u00fcn i\u00e7indeki en d\u00fc\u015f\u00fck fiyat\u0131 esas al\u0131nacakt\u0131r. Meyve ve sebze gibi \u00e7abuk bozulabilen mallarda ise indirim oran\u0131 ve miktar\u0131n\u0131n belirlenmesinde mal\u0131n bir \u00f6nceki fiyat\u0131 esas al\u0131nacakt\u0131r.<\/p>\n<h3><strong>Sonu\u00e7<\/strong><\/h3>\n<p>Ticaret Bakanl\u0131\u011f\u0131 perakende sat\u0131\u015fa konu edilen mal ve hizmetlerde etiket kullan\u0131m\u0131na y\u00f6nelik d\u00fczenlemeler yapmaya devam ediyor. Bu sekt\u00f6rde faaliyet g\u00f6steren t\u00fcm \u015firketler, Ticaret Bakanl\u0131\u011f\u0131&#8217;n\u0131n duyurular\u0131n\u0131 takip etmeli ve Y\u00f6netmelik&#8217;te \u00f6ng\u00f6r\u00fclen gerekliliklere uygun hareket etmelidir.<\/p>\n","protected":false},"excerpt":{"rendered":"<p>\u00a0 \u00a0 \u00a0 \u00a0 \u00a0 \u00a0 B\u00fcltenlerimizi podcast olarak da dinleyebilirsiniz! &nbsp; Ticaret Bakanl\u0131\u011f\u0131 (&#8220;Bakanl\u0131k&#8220;) 18 \u015eubat 2022 tarihinde yay\u0131mlad\u0131\u011f\u0131 [&hellip;]<\/p>\n","protected":false},"author":4,"featured_media":0,"comment_status":"closed","ping_status":"closed","sticky":false,"template":"","format":"standard","meta":{"_acf_changed":false,"_stopmodifiedupdate":false,"_modified_date":"","footnotes":""},"categories":[120],"tags":[94],"class_list":["post-22025","post","type-post","status-publish","format-standard","hentry","category-legal-alerts","tag-international-commercial-and-trade-tr"],"acf":[],"yoast_head":"<!-- This site is optimized with the Yoast SEO plugin v24.0 - https:\/\/yoast.com\/wordpress\/plugins\/seo\/ -->\n<title>Fiyat Etiketi Y\u00f6netmeli\u011fi&#039;nde De\u011fi\u015fiklik Yap\u0131ld\u0131<\/title>\n<meta name=\"description\" content=\"\u00a0 \u00a0 \u00a0 \u00a0 \u00a0 \u00a0 B\u00fcltenlerimizi podcast olarak da dinleyebilirsiniz! &nbsp; Ticaret Bakanl\u0131\u011f\u0131 (&quot;Bakanl\u0131k&quot;) 18 \u015eubat 2022 tarihinde yay\u0131mlad\u0131\u011f\u0131 Fiyat Etiketi\" \/>\n<meta name=\"robots\" content=\"index, follow, max-snippet:-1, max-image-preview:large, max-video-preview:-1\" \/>\n<link rel=\"canonical\" href=\"https:\/\/www.esin.av.tr\/tr\/2022\/02\/24\/fiyat-etiketi-yonetmeliginde-degisiklik-yapildi\/\" \/>\n<meta property=\"og:locale\" content=\"tr_TR\" \/>\n<meta property=\"og:type\" content=\"article\" \/>\n<meta property=\"og:title\" content=\"Fiyat Etiketi Y\u00f6netmeli\u011fi&#039;nde De\u011fi\u015fiklik Yap\u0131ld\u0131\" \/>\n<meta property=\"og:description\" content=\"\u00a0 \u00a0 \u00a0 \u00a0 \u00a0 \u00a0 B\u00fcltenlerimizi podcast olarak da dinleyebilirsiniz! &nbsp; Ticaret Bakanl\u0131\u011f\u0131 (&quot;Bakanl\u0131k&quot;) 18 \u015eubat 2022 tarihinde yay\u0131mlad\u0131\u011f\u0131 Fiyat Etiketi\" \/>\n<meta property=\"og:url\" content=\"https:\/\/www.esin.av.tr\/tr\/2022\/02\/24\/fiyat-etiketi-yonetmeliginde-degisiklik-yapildi\/\" \/>\n<meta property=\"og:site_name\" content=\"Esin Avukatl\u0131k Ortakl\u0131\u011f\u0131\" \/>\n<meta property=\"article:published_time\" content=\"2022-02-24T11:34:29+00:00\" \/>\n<meta property=\"article:modified_time\" content=\"2022-06-09T13:37:42+00:00\" \/>\n<meta property=\"og:image\" content=\"https:\/\/www.esin.av.tr\/wp-content\/uploads\/2021\/02\/1.png\" \/>\n<meta name=\"author\" content=\"R\u0131dvan Konrat\" \/>\n<meta name=\"twitter:card\" content=\"summary_large_image\" \/>\n<meta name=\"twitter:label1\" content=\"Written by\" \/>\n\t<meta name=\"twitter:data1\" content=\"R\u0131dvan Konrat\" \/>\n\t<meta name=\"twitter:label2\" content=\"Est. reading time\" \/>\n\t<meta name=\"twitter:data2\" content=\"1 minute\" \/>\n<script type=\"application\/ld+json\" class=\"yoast-schema-graph\">{\"@context\":\"https:\/\/schema.org\",\"@graph\":[{\"@type\":\"Article\",\"@id\":\"https:\/\/www.esin.av.tr\/tr\/2022\/02\/24\/fiyat-etiketi-yonetmeliginde-degisiklik-yapildi\/#article\",\"isPartOf\":{\"@id\":\"https:\/\/www.esin.av.tr\/tr\/2022\/02\/24\/fiyat-etiketi-yonetmeliginde-degisiklik-yapildi\/\"},\"author\":{\"name\":\"R\u0131dvan Konrat\",\"@id\":\"https:\/\/www.esin.av.tr\/tr\/#\/schema\/person\/42c8e616aab56b8622fa365ad63282ae\"},\"headline\":\"Fiyat Etiketi Y\u00f6netmeli\u011fi&#8217;nde De\u011fi\u015fiklik Yap\u0131ld\u0131\",\"datePublished\":\"2022-02-24T11:34:29+00:00\",\"dateModified\":\"2022-06-09T13:37:42+00:00\",\"mainEntityOfPage\":{\"@id\":\"https:\/\/www.esin.av.tr\/tr\/2022\/02\/24\/fiyat-etiketi-yonetmeliginde-degisiklik-yapildi\/\"},\"wordCount\":309,\"publisher\":{\"@id\":\"https:\/\/www.esin.av.tr\/tr\/#organization\"},\"image\":{\"@id\":\"https:\/\/www.esin.av.tr\/tr\/2022\/02\/24\/fiyat-etiketi-yonetmeliginde-degisiklik-yapildi\/#primaryimage\"},\"thumbnailUrl\":\"https:\/\/www.esin.av.tr\/wp-content\/uploads\/2021\/02\/1.png\",\"keywords\":[\"Uluslararas\u0131 Ticaret Hukuku\"],\"articleSection\":[\"Hukuk B\u00fcltenleri\"],\"inLanguage\":\"tr\"},{\"@type\":\"WebPage\",\"@id\":\"https:\/\/www.esin.av.tr\/tr\/2022\/02\/24\/fiyat-etiketi-yonetmeliginde-degisiklik-yapildi\/\",\"url\":\"https:\/\/www.esin.av.tr\/tr\/2022\/02\/24\/fiyat-etiketi-yonetmeliginde-degisiklik-yapildi\/\",\"name\":\"Fiyat Etiketi Y\u00f6netmeli\u011fi'nde De\u011fi\u015fiklik Yap\u0131ld\u0131\",\"isPartOf\":{\"@id\":\"https:\/\/www.esin.av.tr\/tr\/#website\"},\"primaryImageOfPage\":{\"@id\":\"https:\/\/www.esin.av.tr\/tr\/2022\/02\/24\/fiyat-etiketi-yonetmeliginde-degisiklik-yapildi\/#primaryimage\"},\"image\":{\"@id\":\"https:\/\/www.esin.av.tr\/tr\/2022\/02\/24\/fiyat-etiketi-yonetmeliginde-degisiklik-yapildi\/#primaryimage\"},\"thumbnailUrl\":\"https:\/\/www.esin.av.tr\/wp-content\/uploads\/2021\/02\/1.png\",\"datePublished\":\"2022-02-24T11:34:29+00:00\",\"dateModified\":\"2022-06-09T13:37:42+00:00\",\"description\":\"\u00a0 \u00a0 \u00a0 \u00a0 \u00a0 \u00a0 B\u00fcltenlerimizi podcast olarak da dinleyebilirsiniz! &nbsp; Ticaret Bakanl\u0131\u011f\u0131 (\\\"Bakanl\u0131k\\\") 18 \u015eubat 2022 tarihinde yay\u0131mlad\u0131\u011f\u0131 Fiyat Etiketi\",\"breadcrumb\":{\"@id\":\"https:\/\/www.esin.av.tr\/tr\/2022\/02\/24\/fiyat-etiketi-yonetmeliginde-degisiklik-yapildi\/#breadcrumb\"},\"inLanguage\":\"tr\",\"potentialAction\":[{\"@type\":\"ReadAction\",\"target\":[\"https:\/\/www.esin.av.tr\/tr\/2022\/02\/24\/fiyat-etiketi-yonetmeliginde-degisiklik-yapildi\/\"]}]},{\"@type\":\"ImageObject\",\"inLanguage\":\"tr\",\"@id\":\"https:\/\/www.esin.av.tr\/tr\/2022\/02\/24\/fiyat-etiketi-yonetmeliginde-degisiklik-yapildi\/#primaryimage\",\"url\":\"https:\/\/www.esin.av.tr\/wp-content\/uploads\/2021\/02\/1.png\",\"contentUrl\":\"https:\/\/www.esin.av.tr\/wp-content\/uploads\/2021\/02\/1.png\"},{\"@type\":\"BreadcrumbList\",\"@id\":\"https:\/\/www.esin.av.tr\/tr\/2022\/02\/24\/fiyat-etiketi-yonetmeliginde-degisiklik-yapildi\/#breadcrumb\",\"itemListElement\":[{\"@type\":\"ListItem\",\"position\":1,\"name\":\"Home\",\"item\":\"https:\/\/www.esin.av.tr\/tr\/\"},{\"@type\":\"ListItem\",\"position\":2,\"name\":\"Fiyat Etiketi Y\u00f6netmeli\u011fi&#8217;nde De\u011fi\u015fiklik Yap\u0131ld\u0131\"}]},{\"@type\":\"WebSite\",\"@id\":\"https:\/\/www.esin.av.tr\/tr\/#website\",\"url\":\"https:\/\/www.esin.av.tr\/tr\/\",\"name\":\"Esin Avukatl\u0131k Ortakl\u0131\u011f\u0131\",\"description\":\"\",\"publisher\":{\"@id\":\"https:\/\/www.esin.av.tr\/tr\/#organization\"},\"potentialAction\":[{\"@type\":\"SearchAction\",\"target\":{\"@type\":\"EntryPoint\",\"urlTemplate\":\"https:\/\/www.esin.av.tr\/tr\/?s={search_term_string}\"},\"query-input\":{\"@type\":\"PropertyValueSpecification\",\"valueRequired\":true,\"valueName\":\"search_term_string\"}}],\"inLanguage\":\"tr\"},{\"@type\":\"Organization\",\"@id\":\"https:\/\/www.esin.av.tr\/tr\/#organization\",\"name\":\"Esin Avukatl\u0131k Ortakl\u0131\u011f\u0131\",\"url\":\"https:\/\/www.esin.av.tr\/tr\/\",\"logo\":{\"@type\":\"ImageObject\",\"inLanguage\":\"tr\",\"@id\":\"https:\/\/www.esin.av.tr\/tr\/#\/schema\/logo\/image\/\",\"url\":\"https:\/\/www.esin.av.tr\/wp-content\/uploads\/2021\/09\/esin-2.jpg\",\"contentUrl\":\"https:\/\/www.esin.av.tr\/wp-content\/uploads\/2021\/09\/esin-2.jpg\",\"width\":800,\"height\":460,\"caption\":\"Esin Avukatl\u0131k Ortakl\u0131\u011f\u0131\"},\"image\":{\"@id\":\"https:\/\/www.esin.av.tr\/tr\/#\/schema\/logo\/image\/\"}},{\"@type\":\"Person\",\"@id\":\"https:\/\/www.esin.av.tr\/tr\/#\/schema\/person\/42c8e616aab56b8622fa365ad63282ae\",\"name\":\"R\u0131dvan Konrat\",\"image\":{\"@type\":\"ImageObject\",\"inLanguage\":\"tr\",\"@id\":\"https:\/\/www.esin.av.tr\/tr\/#\/schema\/person\/image\/\",\"url\":\"https:\/\/secure.gravatar.com\/avatar\/b20c6c583be38ed4e76e32f69fccc676?s=96&d=mm&r=g\",\"contentUrl\":\"https:\/\/secure.gravatar.com\/avatar\/b20c6c583be38ed4e76e32f69fccc676?s=96&d=mm&r=g\",\"caption\":\"R\u0131dvan Konrat\"},\"sameAs\":[\"http:\/\/www.esin.av.tr\"],\"url\":\"https:\/\/www.esin.av.tr\/tr\/author\/rkonrat\/\"}]}<\/script>\n<!-- \/ Yoast SEO plugin. -->","yoast_head_json":{"title":"Fiyat Etiketi Y\u00f6netmeli\u011fi'nde De\u011fi\u015fiklik Yap\u0131ld\u0131","description":"\u00a0 \u00a0 \u00a0 \u00a0 \u00a0 \u00a0 B\u00fcltenlerimizi podcast olarak da dinleyebilirsiniz! &nbsp; Ticaret Bakanl\u0131\u011f\u0131 (\"Bakanl\u0131k\") 18 \u015eubat 2022 tarihinde yay\u0131mlad\u0131\u011f\u0131 Fiyat Etiketi","robots":{"index":"index","follow":"follow","max-snippet":"max-snippet:-1","max-image-preview":"max-image-preview:large","max-video-preview":"max-video-preview:-1"},"canonical":"https:\/\/www.esin.av.tr\/tr\/2022\/02\/24\/fiyat-etiketi-yonetmeliginde-degisiklik-yapildi\/","og_locale":"tr_TR","og_type":"article","og_title":"Fiyat Etiketi Y\u00f6netmeli\u011fi'nde De\u011fi\u015fiklik Yap\u0131ld\u0131","og_description":"\u00a0 \u00a0 \u00a0 \u00a0 \u00a0 \u00a0 B\u00fcltenlerimizi podcast olarak da dinleyebilirsiniz! &nbsp; Ticaret Bakanl\u0131\u011f\u0131 (\"Bakanl\u0131k\") 18 \u015eubat 2022 tarihinde yay\u0131mlad\u0131\u011f\u0131 Fiyat Etiketi","og_url":"https:\/\/www.esin.av.tr\/tr\/2022\/02\/24\/fiyat-etiketi-yonetmeliginde-degisiklik-yapildi\/","og_site_name":"Esin Avukatl\u0131k Ortakl\u0131\u011f\u0131","article_published_time":"2022-02-24T11:34:29+00:00","article_modified_time":"2022-06-09T13:37:42+00:00","og_image":[{"url":"https:\/\/www.esin.av.tr\/wp-content\/uploads\/2021\/02\/1.png","type":"","width":"","height":""}],"author":"R\u0131dvan Konrat","twitter_card":"summary_large_image","twitter_misc":{"Written by":"R\u0131dvan Konrat","Est. reading time":"1 minute"},"schema":{"@context":"https:\/\/schema.org","@graph":[{"@type":"Article","@id":"https:\/\/www.esin.av.tr\/tr\/2022\/02\/24\/fiyat-etiketi-yonetmeliginde-degisiklik-yapildi\/#article","isPartOf":{"@id":"https:\/\/www.esin.av.tr\/tr\/2022\/02\/24\/fiyat-etiketi-yonetmeliginde-degisiklik-yapildi\/"},"author":{"name":"R\u0131dvan Konrat","@id":"https:\/\/www.esin.av.tr\/tr\/#\/schema\/person\/42c8e616aab56b8622fa365ad63282ae"},"headline":"Fiyat Etiketi Y\u00f6netmeli\u011fi&#8217;nde De\u011fi\u015fiklik Yap\u0131ld\u0131","datePublished":"2022-02-24T11:34:29+00:00","dateModified":"2022-06-09T13:37:42+00:00","mainEntityOfPage":{"@id":"https:\/\/www.esin.av.tr\/tr\/2022\/02\/24\/fiyat-etiketi-yonetmeliginde-degisiklik-yapildi\/"},"wordCount":309,"publisher":{"@id":"https:\/\/www.esin.av.tr\/tr\/#organization"},"image":{"@id":"https:\/\/www.esin.av.tr\/tr\/2022\/02\/24\/fiyat-etiketi-yonetmeliginde-degisiklik-yapildi\/#primaryimage"},"thumbnailUrl":"https:\/\/www.esin.av.tr\/wp-content\/uploads\/2021\/02\/1.png","keywords":["Uluslararas\u0131 Ticaret Hukuku"],"articleSection":["Hukuk B\u00fcltenleri"],"inLanguage":"tr"},{"@type":"WebPage","@id":"https:\/\/www.esin.av.tr\/tr\/2022\/02\/24\/fiyat-etiketi-yonetmeliginde-degisiklik-yapildi\/","url":"https:\/\/www.esin.av.tr\/tr\/2022\/02\/24\/fiyat-etiketi-yonetmeliginde-degisiklik-yapildi\/","name":"Fiyat Etiketi Y\u00f6netmeli\u011fi'nde De\u011fi\u015fiklik Yap\u0131ld\u0131","isPartOf":{"@id":"https:\/\/www.esin.av.tr\/tr\/#website"},"primaryImageOfPage":{"@id":"https:\/\/www.esin.av.tr\/tr\/2022\/02\/24\/fiyat-etiketi-yonetmeliginde-degisiklik-yapildi\/#primaryimage"},"image":{"@id":"https:\/\/www.esin.av.tr\/tr\/2022\/02\/24\/fiyat-etiketi-yonetmeliginde-degisiklik-yapildi\/#primaryimage"},"thumbnailUrl":"https:\/\/www.esin.av.tr\/wp-content\/uploads\/2021\/02\/1.png","datePublished":"2022-02-24T11:34:29+00:00","dateModified":"2022-06-09T13:37:42+00:00","description":"\u00a0 \u00a0 \u00a0 \u00a0 \u00a0 \u00a0 B\u00fcltenlerimizi podcast olarak da dinleyebilirsiniz! &nbsp; Ticaret Bakanl\u0131\u011f\u0131 (\"Bakanl\u0131k\") 18 \u015eubat 2022 tarihinde yay\u0131mlad\u0131\u011f\u0131 Fiyat Etiketi","breadcrumb":{"@id":"https:\/\/www.esin.av.tr\/tr\/2022\/02\/24\/fiyat-etiketi-yonetmeliginde-degisiklik-yapildi\/#breadcrumb"},"inLanguage":"tr","potentialAction":[{"@type":"ReadAction","target":["https:\/\/www.esin.av.tr\/tr\/2022\/02\/24\/fiyat-etiketi-yonetmeliginde-degisiklik-yapildi\/"]}]},{"@type":"ImageObject","inLanguage":"tr","@id":"https:\/\/www.esin.av.tr\/tr\/2022\/02\/24\/fiyat-etiketi-yonetmeliginde-degisiklik-yapildi\/#primaryimage","url":"https:\/\/www.esin.av.tr\/wp-content\/uploads\/2021\/02\/1.png","contentUrl":"https:\/\/www.esin.av.tr\/wp-content\/uploads\/2021\/02\/1.png"},{"@type":"BreadcrumbList","@id":"https:\/\/www.esin.av.tr\/tr\/2022\/02\/24\/fiyat-etiketi-yonetmeliginde-degisiklik-yapildi\/#breadcrumb","itemListElement":[{"@type":"ListItem","position":1,"name":"Home","item":"https:\/\/www.esin.av.tr\/tr\/"},{"@type":"ListItem","position":2,"name":"Fiyat Etiketi Y\u00f6netmeli\u011fi&#8217;nde De\u011fi\u015fiklik Yap\u0131ld\u0131"}]},{"@type":"WebSite","@id":"https:\/\/www.esin.av.tr\/tr\/#website","url":"https:\/\/www.esin.av.tr\/tr\/","name":"Esin Avukatl\u0131k Ortakl\u0131\u011f\u0131","description":"","publisher":{"@id":"https:\/\/www.esin.av.tr\/tr\/#organization"},"potentialAction":[{"@type":"SearchAction","target":{"@type":"EntryPoint","urlTemplate":"https:\/\/www.esin.av.tr\/tr\/?s={search_term_string}"},"query-input":{"@type":"PropertyValueSpecification","valueRequired":true,"valueName":"search_term_string"}}],"inLanguage":"tr"},{"@type":"Organization","@id":"https:\/\/www.esin.av.tr\/tr\/#organization","name":"Esin Avukatl\u0131k Ortakl\u0131\u011f\u0131","url":"https:\/\/www.esin.av.tr\/tr\/","logo":{"@type":"ImageObject","inLanguage":"tr","@id":"https:\/\/www.esin.av.tr\/tr\/#\/schema\/logo\/image\/","url":"https:\/\/www.esin.av.tr\/wp-content\/uploads\/2021\/09\/esin-2.jpg","contentUrl":"https:\/\/www.esin.av.tr\/wp-content\/uploads\/2021\/09\/esin-2.jpg","width":800,"height":460,"caption":"Esin Avukatl\u0131k Ortakl\u0131\u011f\u0131"},"image":{"@id":"https:\/\/www.esin.av.tr\/tr\/#\/schema\/logo\/image\/"}},{"@type":"Person","@id":"https:\/\/www.esin.av.tr\/tr\/#\/schema\/person\/42c8e616aab56b8622fa365ad63282ae","name":"R\u0131dvan Konrat","image":{"@type":"ImageObject","inLanguage":"tr","@id":"https:\/\/www.esin.av.tr\/tr\/#\/schema\/person\/image\/","url":"https:\/\/secure.gravatar.com\/avatar\/b20c6c583be38ed4e76e32f69fccc676?s=96&d=mm&r=g","contentUrl":"https:\/\/secure.gravatar.com\/avatar\/b20c6c583be38ed4e76e32f69fccc676?s=96&d=mm&r=g","caption":"R\u0131dvan Konrat"},"sameAs":["http:\/\/www.esin.av.tr"],"url":"https:\/\/www.esin.av.tr\/tr\/author\/rkonrat\/"}]}},"_links":{"self":[{"href":"https:\/\/www.esin.av.tr\/tr\/wp-json\/wp\/v2\/posts\/22025","targetHints":{"allow":["GET"]}}],"collection":[{"href":"https:\/\/www.esin.av.tr\/tr\/wp-json\/wp\/v2\/posts"}],"about":[{"href":"https:\/\/www.esin.av.tr\/tr\/wp-json\/wp\/v2\/types\/post"}],"author":[{"embeddable":true,"href":"https:\/\/www.esin.av.tr\/tr\/wp-json\/wp\/v2\/users\/4"}],"replies":[{"embeddable":true,"href":"https:\/\/www.esin.av.tr\/tr\/wp-json\/wp\/v2\/comments?post=22025"}],"version-history":[{"count":1,"href":"https:\/\/www.esin.av.tr\/tr\/wp-json\/wp\/v2\/posts\/22025\/revisions"}],"predecessor-version":[{"id":22026,"href":"https:\/\/www.esin.av.tr\/tr\/wp-json\/wp\/v2\/posts\/22025\/revisions\/22026"}],"wp:attachment":[{"href":"https:\/\/www.esin.av.tr\/tr\/wp-json\/wp\/v2\/media?parent=22025"}],"wp:term":[{"taxonomy":"category","embeddable":true,"href":"https:\/\/www.esin.av.tr\/tr\/wp-json\/wp\/v2\/categories?post=22025"},{"taxonomy":"post_tag","embeddable":true,"href":"https:\/\/www.esin.av.tr\/tr\/wp-json\/wp\/v2\/tags?post=22025"}],"curies":[{"name":"wp","href":"https:\/\/api.w.org\/{rel}","templated":true}]}}