{"id":21912,"date":"2022-02-15T11:26:41","date_gmt":"2022-02-15T11:26:41","guid":{"rendered":"https:\/\/www.esin.av.tr\/?p=21912"},"modified":"2022-06-09T13:38:08","modified_gmt":"2022-06-09T13:38:08","slug":"saglik-sektorunde-guncel-gelismeler","status":"publish","type":"post","link":"https:\/\/www.esin.av.tr\/tr\/2022\/02\/15\/saglik-sektorunde-guncel-gelismeler\/","title":{"rendered":"Sa\u011fl\u0131k Sekt\u00f6r\u00fcnde G\u00fcncel Geli\u015fmeler"},"content":{"rendered":"<p>T\u00fcrkiye \u0130la\u00e7 ve T\u0131bbi Cihaz Kurumu (&#8220;<strong>Kurum<\/strong>&#8220;) ge\u00e7ti\u011fimiz haftalarda \u201cFarmas\u00f6tik \u00dcr\u00fcn Sertifikas\u0131\u201d, \u201cSerbest Sat\u0131\u015f Sertifikas\u0131\u201d ve \u201cFarmas\u00f6tik \u00dcr\u00fcn Ruhsat Durumu Beyan\u0131\u201d Belgelerinin D\u00fczenlenmesine \u0130li\u015fkin K\u0131lavuz (&#8220;<strong>K\u0131lavuz<\/strong>&#8220;) ile \u00d6zel T\u0131bbi Ama\u00e7l\u0131 G\u0131dalara \u0130zin Verilmesi Hakk\u0131nda Y\u00f6netmelik Tasla\u011f\u0131&#8217;n\u0131 (&#8220;<strong>Taslak Y\u00f6netmelik<\/strong>&#8220;) yay\u0131mlad\u0131 ve Yeni Be\u015feri T\u0131bbi \u00dcr\u00fcnler Ruhsatland\u0131rma Y\u00f6netmeli\u011fi kapsam\u0131ndaki ba\u015fvuru formunu g\u00fcncelledi.<\/p>\n<p>G\u00fcncel geli\u015fmeler \u00f6zelindeki notlar\u0131m\u0131za a\u015fa\u011f\u0131daki linklerden ula\u015fabilirsiniz:<\/p>\n<p><a href=\"#tur1\"><strong>\u201cFarmas\u00f6tik \u00dcr\u00fcn Sertifikas\u0131\u201d, \u201cSerbest Sat\u0131\u015f Sertifikas\u0131\u201d ve \u201cFarmas\u00f6tik \u00dcr\u00fcn Ruhsat Durumu Beyan\u0131\u201d Belgelerinin D\u00fczenlenmesine \u0130li\u015fkin K\u0131lavuz Neleri D\u00fczenlemektedir? <\/strong><\/a><br \/>\n<a href=\"#tur2\"><strong>Be\u015feri T\u0131bbi \u00dcr\u00fcnler Ruhsatland\u0131rma Y\u00f6netmeli\u011fi Kapsam\u0131ndaki Ba\u015fvuruda Hangi De\u011fi\u015fiklikler yap\u0131lm\u0131\u015ft\u0131r?<\/strong><\/a><br \/>\n<a href=\"#tur3\"><strong>\u00d6zel T\u0131bbi Ama\u00e7l\u0131 G\u0131dalara \u0130zin Verilmesi Hakk\u0131nda Y\u00f6netmelik Tasla\u011f\u0131 yay\u0131mland\u0131<\/strong> <\/a><\/p>\n<p><strong>\u201cFarmas\u00f6tik \u00dcr\u00fcn Sertifikas\u0131\u201d, \u201cSerbest Sat\u0131\u015f Sertifikas\u0131\u201d ve \u201cFarmas\u00f6tik \u00dcr\u00fcn Ruhsat Durumu Beyan\u0131\u201d Belgelerinin D\u00fczenlenmesine \u0130li\u015fkin K\u0131lavuz Neleri D\u00fczenlemektedir? <\/strong><\/p>\n<p><strong>Yeni Geli\u015fme<\/strong><\/p>\n<p>Kurum, 11.01.2022 tarihinde yay\u0131mlad\u0131\u011f\u0131 K\u0131lavuz ile farmas\u00f6tik \u00fcr\u00fcn sertifikas\u0131, serbest sat\u0131\u015f sertifikas\u0131 ve farmas\u00f6tik \u00fcr\u00fcn ruhsat durumu beyan\u0131 belgelerinin d\u00fczenlenmesi i\u00e7in gerekli ba\u015fvuru \u015fartlar\u0131 ile s\u00f6z konusu belgelerin d\u00fczenlenmesinde dikkat edilecek usul ve esaslar\u0131 belirlemi\u015ftir. K\u0131lavuz&#8217;a <a href=\"https:\/\/urldefense.com\/v3\/__https:\/esinxchange.com\/collect\/click.aspx?u=dW1vMXFzclM0Zk41YSt1Uk50SkhCWGhaSDNOejZ3U0RWREdBN3NDRTBOeFRjcGE5RGxhN1F4MCtDdG0yekVDQzdKQmhNSzV1dW80d1ZtL1ViOUZZTWVhV25tM1Z3VkdKbkJrMzhTajQzWjJwTjhwYTlVN0FXZkVoREYwYmFsbUJHMmFJT0xlRjdSK01uSXYvb2V2LzJHcjFVczZ0ZzhjZkIvUm0ya2R4UFZNbGR0dkN2VENxa01iN1pJY2llSFdZTDVUSVp0bUZLT1d2NmRXeE8vUnJZUT09&amp;rh=ff008af44fa5dd115d08c84c454fb74fd048f27d__;!!Hj9Y_P0nvg!EI3VCJ2nifv8o-HLv-oHkeeNHYOBV0w7l1ANFueqWqIZTqI3kywNJMvUscY1Z0tSryTjwg$\">buradan<\/a> ula\u015fabilirsiniz.<\/p>\n<p><strong>Ne De\u011fi\u015fecek?<\/strong><\/p>\n<p>Be\u015feri t\u0131bbi \u00fcr\u00fcnler, geleneksel bitkisel t\u0131bbi \u00fcr\u00fcnler, \u00f6zel t\u0131bbi ama\u00e7l\u0131 g\u0131dalar ve homeopatik t\u0131bbi \u00fcr\u00fcnler ile bunlar i\u00e7in ruhsat ba\u015fvurusunda bulunan ve\/veya ruhsat\/izin verilmi\u015f ger\u00e7ek ve t\u00fczel ki\u015fileri kapsayan K\u0131lavuz 01.02.2022 tarihinde y\u00fcr\u00fcrl\u00fc\u011fe girmi\u015f olup, bu tarihten itibaren yap\u0131lacak ba\u015fvurular i\u00e7in k\u0131lavuz h\u00fck\u00fcmleri ge\u00e7erli olacakt\u0131r.<\/p>\n<p>K\u0131lavuz kapsam\u0131nda, her bir belge i\u00e7in ayr\u0131 ba\u015fvuru yap\u0131lmas\u0131 gerekti\u011fi, ba\u015fvuru yaz\u0131s\u0131nda yer almas\u0131 gereken bilgiler ve kullan\u0131lacak dil gibi ba\u015fvuru s\u0131ras\u0131nda dikkat edilecek hususlar d\u00fczenlenmi\u015ftir. K\u0131lavuzda ayr\u0131ca, ba\u015fvuruda istenen bilgi ve belgeler say\u0131larak \u00f6rneklendirilmi\u015f ve ba\u015fvuru sahiplerinin sundu\u011fu bilgi ve belgelerden do\u011fabilecek her t\u00fcrl\u00fc sorumlulu\u011fu \u00fcstlendi\u011fi d\u00fczenlenmi\u015ftir.<\/p>\n<p>K\u0131lavuz uyar\u0131nca, Farmas\u00f6tik \u00dcr\u00fcn Sertifikas\u0131 ile Serbest Sat\u0131\u015f Sertifikas\u0131, sunulan ve onaylanan bilgiler de\u011fi\u015fmedi\u011fi s\u00fcrece Kurum onay tarihinden itibaren iki y\u0131l s\u00fcreyle ge\u00e7erlidir. Farmas\u00f6tik \u00dcr\u00fcn Ruhsat Durumu Beyan\u0131 belgesi ise yaln\u0131zca belgenin d\u00fczenlendi\u011fi tarih itibariyle ge\u00e7erli olan mevcut durumu g\u00f6stermektedir.<\/p>\n<p><strong>Be\u015feri T\u0131bbi \u00dcr\u00fcnler Ruhsatland\u0131rma Y\u00f6netmeli\u011fi Kapsam\u0131ndaki Ba\u015fvuruda Hangi De\u011fi\u015fiklikler yap\u0131lm\u0131\u015ft\u0131r?<\/strong><\/p>\n<p><strong>Yeni Geli\u015fme<\/strong><\/p>\n<p>18.01.2022 tarihinde yap\u0131lan duyuru ile Kurum, ge\u00e7ti\u011fimiz aylarda yay\u0131mlanan Be\u015feri T\u0131bbi \u00dcr\u00fcnler Ruhsatland\u0131rma Y\u00f6netmeli\u011fi kapsam\u0131nda ruhsat Ba\u015fvuru Formu ve CTD K\u0131lavuzu&#8217;nu g\u00fcncellemi\u015ftir. Duyuruya <a href=\"https:\/\/urldefense.com\/v3\/__https:\/esinxchange.com\/collect\/click.aspx?u=dW1vMXFzclM0Zk41YSt1Uk50SkhCWGhaSDNOejZ3U0RWREdBN3NDRTBOeDF2aHZ1S3MzSHRFV0dzNUNTc2Raejl6WnliUklJZk5qclVUcjB2NUF1cjh6WkdkcmFoMEIzR1VzVVo3SGNRUmtwZXFrdWdKVVNlRTE0Wk9GRmZNdElHVHBzbWMwZ0xqclRFMVhpZVp1ZXpZYW5XKy9JQm9wZg==&amp;rh=ff008af44fa5dd115d08c84c454fb74fd048f27d__;!!Hj9Y_P0nvg!EI3VCJ2nifv8o-HLv-oHkeeNHYOBV0w7l1ANFueqWqIZTqI3kywNJMvUscY1Z0t-3D9NNA$\">buradan <\/a>ula\u015fabilirsiniz.<\/p>\n<p>Ayr\u0131ca Be\u015feri T\u0131bbi \u00dcr\u00fcnler Ruhsatland\u0131rma Y\u00f6netmeli\u011fi kapsam\u0131nda getirilen yenilikleri \u00f6zetledi\u011fimize B\u00fclten&#8217;imize <a href=\"https:\/\/urldefense.com\/v3\/__https:\/esinxchange.com\/collect\/click.aspx?u=dW1vMXFzclM0Zk41YSt1Uk50SkhCWGhaSDNOejZ3U0RWREdBN3NDRTBOejZRcmpwR1Vsc1pWdVB1NlV0RUNSOHVCQ3pLNDRrZDNJQUpxbUJDeVhTeUNhMVArYnd3KzViY2FhQUhGTmxpTjE5QjNId3N2MzZWc2d4c2d6WTZXandGVGtya0ZVMjdUUDIxaWZodUpIYUdUbFNLd25ReWloT1BlOVlWL3J4amQwbVVKR01sVEZ1SFE9PQ==&amp;rh=ff008af44fa5dd115d08c84c454fb74fd048f27d__;!!Hj9Y_P0nvg!EI3VCJ2nifv8o-HLv-oHkeeNHYOBV0w7l1ANFueqWqIZTqI3kywNJMvUscY1Z0uNNmLjGw$\">buradan<\/a> ula\u015fabilirsiniz.<\/p>\n<p><strong>Ne De\u011fi\u015fecek?<\/strong><\/p>\n<p>Bilindi\u011fi \u00fczere 11.12.2021 tarihinde yay\u0131mlanan yeni Be\u015feri T\u0131bbi \u00dcr\u00fcnler Ruhsatland\u0131rma Y\u00f6netmeli\u011fi kapsam\u0131nda ruhsatland\u0131rma s\u00fcre\u00e7lerinde \u00e7e\u015fitli de\u011fi\u015fiklikler getirilmi\u015ftir. Be\u015feri t\u0131bbi \u00fcr\u00fcn ruhsat ba\u015fvuru formunda bu do\u011frultuda de\u011fi\u015fiklikler yap\u0131larak yeni d\u00fczenlemeler uyar\u0131nca g\u00fcncellenmi\u015ftir. Bu kapsamda ba\u015fvuru formuna \u00f6ncelikli de\u011ferlendirme, ko\u015fullu ruhsatland\u0131rma ve istisnai ruhsatland\u0131rma ba\u015fvurular\u0131 eklenmi\u015f, ilaveten \u00e7e\u015fitleme ve ili\u015fkili alerjen \u00fcr\u00fcn ba\u015fvurusu ile ilgili k\u0131lavuz yay\u0131mlanaca\u011f\u0131 duyurulmu\u015ftur.<\/p>\n<p>Ayr\u0131ca, hibrit ba\u015fvuruya ili\u015fkin detaylar a\u00e7\u0131klanm\u0131\u015f ve bu kapsamda referans al\u0131nan t\u0131bbi \u00fcr\u00fcn\u00fcn hibrit \u00fcr\u00fcn ile ayn\u0131 etkin maddeleri i\u00e7ermesi ve tam bir dosya olarak ruhsatland\u0131r\u0131lm\u0131\u015f olmas\u0131 gerekti\u011fi belirtilmi\u015ftir. Hibrit ba\u015fvuru ve \u00e7e\u015fitleme ba\u015fvurular\u0131 i\u00e7in ek veri gerektiren hallerde yap\u0131lmas\u0131 gereken i\u015flemlere yer verilmi\u015ftir.<\/p>\n<p><strong>\u00d6zel T\u0131bbi Ama\u00e7l\u0131 G\u0131dalara \u0130zin Verilmesi Hakk\u0131nda Y\u00f6netmelik Tasla\u011f\u0131 yay\u0131mland\u0131<\/strong><\/p>\n<p><strong>Yeni Geli\u015fme<\/strong><\/p>\n<p>Kurum 26.01.2022 tarihinde \u00d6zel T\u0131bbi Ama\u00e7l\u0131 G\u0131dalara \u0130zin Verilmesi Hakk\u0131nda Y\u00f6netmelik Tasla\u011f\u0131&#8217;n\u0131 yay\u0131mlad\u0131. Taslak Y\u00f6netmelik \u00f6zel t\u0131bbi ama\u00e7l\u0131 g\u0131dalar\u0131n istenen etkililik, g\u00fcvenlilik ve gereken kaliteye sahip olmalar\u0131n\u0131 sa\u011flamak \u00fczere d\u00fczenlenecek izin belgesi ve izin verilmi\u015f \u00fcr\u00fcnlere ili\u015fkin i\u015f ve i\u015flemlerde uygulanacak usul ve esaslar\u0131 d\u00fczenlemektedir. Taslak Y\u00f6netmelik\u2019e <a href=\"https:\/\/urldefense.com\/v3\/__https:\/esinxchange.com\/collect\/click.aspx?u=dW1vMXFzclM0Zk41YSt1Uk50SkhCWGhaSDNOejZ3U0RWREdBN3NDRTBOeDF2aHZ1S3MzSHRFV0dzNUNTc2Raejl6WnliUklJZk5pQ0Q4cmdneEE3Zm5pUnVNYU16cmRrRmpoSVdiL1VxdTRlSlN0SVJoK1YwcTlOZHlrL3VkYS9FbHFJNlJMaHRpT3BRRSsyN1YrY0ErQm1KTERZbXloM1EwRHFDZldpaHBqUXhFc09rUEwvMzU0ZDdSV0dIMDdV&amp;rh=ff008af44fa5dd115d08c84c454fb74fd048f27d__;!!Hj9Y_P0nvg!EI3VCJ2nifv8o-HLv-oHkeeNHYOBV0w7l1ANFueqWqIZTqI3kywNJMvUscY1Z0uD6CasnQ$\">buradan <\/a>ula\u015fabilirsiniz.<\/p>\n<p>Taslak Y\u00f6netmelik&#8217;e ili\u015fkin g\u00f6r\u00fc\u015fler 24.02.2022 tarihine kadar <a href=\"mailto:t\u0131bbi.beslenme@titck.gov.tr\">t\u0131bbi.beslenme@titck.gov.tr<\/a> e-posta adresine iletilebilecektir.<\/p>\n<p><strong>Ne De\u011fi\u015fecek?<\/strong><\/p>\n<p>End\u00fcstriyel olarak haz\u0131rlanm\u0131\u015f \u00f6zel t\u0131bbi ama\u00e7l\u0131 g\u0131dalar (&#8220;<strong>\u00d6TAG<\/strong>&#8220;) ile bunlar i\u00e7in izin belgesi ba\u015fvurusunda bulunan veya halihaz\u0131rda izin belgesi verilmi\u015f ger\u00e7ek veya t\u00fczel ki\u015fileri kapsayan Taslak Y\u00f6netmelik, \u00f6zel t\u0131bbi ama\u00e7l\u0131 g\u0131dalar\u0131 s\u0131n\u0131fland\u0131rarak bebekler ile \u00e7ocuklar i\u00e7in geli\u015ftirilen \u00fcr\u00fcnlere ili\u015fkin gereklilikleri d\u00fczenlemektedir.<\/p>\n<p>Taslak Y\u00f6netmelik, izin ba\u015fvurular\u0131nda gerekli bilgi ve belgeleri belirterek Kurum taraf\u0131ndan izin belgesi d\u00fczenlenmeyen hi\u00e7bir \u00d6TAG&#8217;\u0131n piyasaya s\u00fcr\u00fclemeyece\u011finin alt\u0131n\u0131 \u00e7izmi\u015ftir. Al\u0131nan izin belgesi verildi\u011fi tarihten itibaren 5 y\u0131l sonra Kurum taraf\u0131ndan de\u011ferlendirmeye tabi tutulacak ve yenilenmesi halinde s\u00fcresiz hale gelecektir.<\/p>\n<p>Ek olarak, Taslak Y\u00f6netmelik ile izin belgesinin verilmesine ili\u015fkin usul, izin belgesinin ask\u0131ya al\u0131nmas\u0131, iptali, zayi olmas\u0131 ve devri d\u00fczenlenmi\u015f; izin belgesi sahibinin \u00fcr\u00fcn\u00fc piyasaya sunmamas\u0131, spesifikasyonlara uygun \u00fcretmemesi ve gerekti\u011finde ambalaj bilgilerini g\u00fcncellememesi gibi durumlarda sorumlu olaca\u011f\u0131 belirtilmi\u015ftir.<\/p>\n<p>Son olarak, \u00fcr\u00fcnlerin i\u00e7 ve d\u0131\u015f ambalajlar\u0131 ile ambalaj \u00fczerinde yer almas\u0131 gereken sembol ve uyar\u0131lara ili\u015fkin detayl\u0131 d\u00fczenlemeler getirilmektedir.<\/p>\n<p><strong>Sonu\u00e7<\/strong><\/p>\n<p>Kurum sa\u011fl\u0131k sekt\u00f6r\u00fcnde faaliyet g\u00f6steren \u015firketlere rehberlik etmeye devam etmektedir. Sa\u011fl\u0131k sekt\u00f6r\u00fcnde faaliyet g\u00f6steren t\u00fcm ilgili \u015firketler, Kurum&#8217;un duyurular\u0131n\u0131 yak\u0131ndan takip etmeli ve mevzuatta yer alan y\u00fck\u00fcml\u00fcl\u00fcklerini Kurum&#8217;un y\u00f6nlendirmeleri do\u011frultusunda yerine getirmelidir.<\/p>\n","protected":false},"excerpt":{"rendered":"<p>T\u00fcrkiye \u0130la\u00e7 ve T\u0131bbi Cihaz Kurumu (&#8220;Kurum&#8220;) ge\u00e7ti\u011fimiz haftalarda \u201cFarmas\u00f6tik \u00dcr\u00fcn Sertifikas\u0131\u201d, \u201cSerbest Sat\u0131\u015f Sertifikas\u0131\u201d ve \u201cFarmas\u00f6tik \u00dcr\u00fcn Ruhsat Durumu [&hellip;]<\/p>\n","protected":false},"author":4,"featured_media":0,"comment_status":"closed","ping_status":"closed","sticky":false,"template":"","format":"standard","meta":{"_acf_changed":false,"_stopmodifiedupdate":false,"_modified_date":"","footnotes":""},"categories":[120],"tags":[92],"class_list":["post-21912","post","type-post","status-publish","format-standard","hentry","category-legal-alerts","tag-healthcare-tr"],"acf":[],"yoast_head":"<!-- This site is optimized with the Yoast SEO plugin v24.0 - https:\/\/yoast.com\/wordpress\/plugins\/seo\/ -->\n<title>Sa\u011fl\u0131k Sekt\u00f6r\u00fcnde G\u00fcncel Geli\u015fmeler<\/title>\n<meta name=\"description\" content=\"T\u00fcrkiye \u0130la\u00e7 ve T\u0131bbi Cihaz Kurumu (&quot;Kurum&quot;) ge\u00e7ti\u011fimiz haftalarda \u201cFarmas\u00f6tik \u00dcr\u00fcn Sertifikas\u0131\u201d, \u201cSerbest Sat\u0131\u015f Sertifikas\u0131\u201d ve \u201cFarmas\u00f6tik \u00dcr\u00fcn Ruhsat\" \/>\n<meta name=\"robots\" content=\"index, follow, max-snippet:-1, max-image-preview:large, max-video-preview:-1\" \/>\n<link rel=\"canonical\" href=\"https:\/\/www.esin.av.tr\/tr\/2022\/02\/15\/saglik-sektorunde-guncel-gelismeler\/\" \/>\n<meta property=\"og:locale\" content=\"tr_TR\" \/>\n<meta property=\"og:type\" content=\"article\" \/>\n<meta property=\"og:title\" content=\"Sa\u011fl\u0131k Sekt\u00f6r\u00fcnde G\u00fcncel Geli\u015fmeler\" \/>\n<meta property=\"og:description\" content=\"T\u00fcrkiye \u0130la\u00e7 ve T\u0131bbi Cihaz Kurumu (&quot;Kurum&quot;) ge\u00e7ti\u011fimiz haftalarda \u201cFarmas\u00f6tik \u00dcr\u00fcn Sertifikas\u0131\u201d, \u201cSerbest Sat\u0131\u015f Sertifikas\u0131\u201d ve \u201cFarmas\u00f6tik \u00dcr\u00fcn Ruhsat\" \/>\n<meta property=\"og:url\" content=\"https:\/\/www.esin.av.tr\/tr\/2022\/02\/15\/saglik-sektorunde-guncel-gelismeler\/\" \/>\n<meta property=\"og:site_name\" content=\"Esin Avukatl\u0131k Ortakl\u0131\u011f\u0131\" \/>\n<meta property=\"article:published_time\" content=\"2022-02-15T11:26:41+00:00\" \/>\n<meta property=\"article:modified_time\" content=\"2022-06-09T13:38:08+00:00\" \/>\n<meta name=\"author\" content=\"R\u0131dvan Konrat\" \/>\n<meta name=\"twitter:card\" content=\"summary_large_image\" \/>\n<meta name=\"twitter:label1\" content=\"Written by\" \/>\n\t<meta name=\"twitter:data1\" content=\"R\u0131dvan Konrat\" \/>\n\t<meta name=\"twitter:label2\" content=\"Est. reading time\" \/>\n\t<meta name=\"twitter:data2\" content=\"4 minutes\" \/>\n<script type=\"application\/ld+json\" class=\"yoast-schema-graph\">{\"@context\":\"https:\/\/schema.org\",\"@graph\":[{\"@type\":\"Article\",\"@id\":\"https:\/\/www.esin.av.tr\/tr\/2022\/02\/15\/saglik-sektorunde-guncel-gelismeler\/#article\",\"isPartOf\":{\"@id\":\"https:\/\/www.esin.av.tr\/tr\/2022\/02\/15\/saglik-sektorunde-guncel-gelismeler\/\"},\"author\":{\"name\":\"R\u0131dvan Konrat\",\"@id\":\"https:\/\/www.esin.av.tr\/tr\/#\/schema\/person\/42c8e616aab56b8622fa365ad63282ae\"},\"headline\":\"Sa\u011fl\u0131k Sekt\u00f6r\u00fcnde G\u00fcncel Geli\u015fmeler\",\"datePublished\":\"2022-02-15T11:26:41+00:00\",\"dateModified\":\"2022-06-09T13:38:08+00:00\",\"mainEntityOfPage\":{\"@id\":\"https:\/\/www.esin.av.tr\/tr\/2022\/02\/15\/saglik-sektorunde-guncel-gelismeler\/\"},\"wordCount\":1077,\"publisher\":{\"@id\":\"https:\/\/www.esin.av.tr\/tr\/#organization\"},\"keywords\":[\"Sa\u011fl\u0131k Hukuku\"],\"articleSection\":[\"Hukuk B\u00fcltenleri\"],\"inLanguage\":\"tr\"},{\"@type\":\"WebPage\",\"@id\":\"https:\/\/www.esin.av.tr\/tr\/2022\/02\/15\/saglik-sektorunde-guncel-gelismeler\/\",\"url\":\"https:\/\/www.esin.av.tr\/tr\/2022\/02\/15\/saglik-sektorunde-guncel-gelismeler\/\",\"name\":\"Sa\u011fl\u0131k Sekt\u00f6r\u00fcnde G\u00fcncel Geli\u015fmeler\",\"isPartOf\":{\"@id\":\"https:\/\/www.esin.av.tr\/tr\/#website\"},\"datePublished\":\"2022-02-15T11:26:41+00:00\",\"dateModified\":\"2022-06-09T13:38:08+00:00\",\"description\":\"T\u00fcrkiye \u0130la\u00e7 ve T\u0131bbi Cihaz Kurumu (\\\"Kurum\\\") ge\u00e7ti\u011fimiz haftalarda \u201cFarmas\u00f6tik \u00dcr\u00fcn Sertifikas\u0131\u201d, \u201cSerbest Sat\u0131\u015f Sertifikas\u0131\u201d ve \u201cFarmas\u00f6tik \u00dcr\u00fcn Ruhsat\",\"breadcrumb\":{\"@id\":\"https:\/\/www.esin.av.tr\/tr\/2022\/02\/15\/saglik-sektorunde-guncel-gelismeler\/#breadcrumb\"},\"inLanguage\":\"tr\",\"potentialAction\":[{\"@type\":\"ReadAction\",\"target\":[\"https:\/\/www.esin.av.tr\/tr\/2022\/02\/15\/saglik-sektorunde-guncel-gelismeler\/\"]}]},{\"@type\":\"BreadcrumbList\",\"@id\":\"https:\/\/www.esin.av.tr\/tr\/2022\/02\/15\/saglik-sektorunde-guncel-gelismeler\/#breadcrumb\",\"itemListElement\":[{\"@type\":\"ListItem\",\"position\":1,\"name\":\"Home\",\"item\":\"https:\/\/www.esin.av.tr\/tr\/\"},{\"@type\":\"ListItem\",\"position\":2,\"name\":\"Sa\u011fl\u0131k Sekt\u00f6r\u00fcnde G\u00fcncel Geli\u015fmeler\"}]},{\"@type\":\"WebSite\",\"@id\":\"https:\/\/www.esin.av.tr\/tr\/#website\",\"url\":\"https:\/\/www.esin.av.tr\/tr\/\",\"name\":\"Esin Avukatl\u0131k Ortakl\u0131\u011f\u0131\",\"description\":\"\",\"publisher\":{\"@id\":\"https:\/\/www.esin.av.tr\/tr\/#organization\"},\"potentialAction\":[{\"@type\":\"SearchAction\",\"target\":{\"@type\":\"EntryPoint\",\"urlTemplate\":\"https:\/\/www.esin.av.tr\/tr\/?s={search_term_string}\"},\"query-input\":{\"@type\":\"PropertyValueSpecification\",\"valueRequired\":true,\"valueName\":\"search_term_string\"}}],\"inLanguage\":\"tr\"},{\"@type\":\"Organization\",\"@id\":\"https:\/\/www.esin.av.tr\/tr\/#organization\",\"name\":\"Esin Avukatl\u0131k Ortakl\u0131\u011f\u0131\",\"url\":\"https:\/\/www.esin.av.tr\/tr\/\",\"logo\":{\"@type\":\"ImageObject\",\"inLanguage\":\"tr\",\"@id\":\"https:\/\/www.esin.av.tr\/tr\/#\/schema\/logo\/image\/\",\"url\":\"https:\/\/www.esin.av.tr\/wp-content\/uploads\/2021\/09\/esin-2.jpg\",\"contentUrl\":\"https:\/\/www.esin.av.tr\/wp-content\/uploads\/2021\/09\/esin-2.jpg\",\"width\":800,\"height\":460,\"caption\":\"Esin Avukatl\u0131k Ortakl\u0131\u011f\u0131\"},\"image\":{\"@id\":\"https:\/\/www.esin.av.tr\/tr\/#\/schema\/logo\/image\/\"}},{\"@type\":\"Person\",\"@id\":\"https:\/\/www.esin.av.tr\/tr\/#\/schema\/person\/42c8e616aab56b8622fa365ad63282ae\",\"name\":\"R\u0131dvan Konrat\",\"image\":{\"@type\":\"ImageObject\",\"inLanguage\":\"tr\",\"@id\":\"https:\/\/www.esin.av.tr\/tr\/#\/schema\/person\/image\/\",\"url\":\"https:\/\/secure.gravatar.com\/avatar\/b20c6c583be38ed4e76e32f69fccc676?s=96&d=mm&r=g\",\"contentUrl\":\"https:\/\/secure.gravatar.com\/avatar\/b20c6c583be38ed4e76e32f69fccc676?s=96&d=mm&r=g\",\"caption\":\"R\u0131dvan Konrat\"},\"sameAs\":[\"http:\/\/www.esin.av.tr\"],\"url\":\"https:\/\/www.esin.av.tr\/tr\/author\/rkonrat\/\"}]}<\/script>\n<!-- \/ Yoast SEO plugin. -->","yoast_head_json":{"title":"Sa\u011fl\u0131k Sekt\u00f6r\u00fcnde G\u00fcncel Geli\u015fmeler","description":"T\u00fcrkiye \u0130la\u00e7 ve T\u0131bbi Cihaz Kurumu (\"Kurum\") ge\u00e7ti\u011fimiz haftalarda \u201cFarmas\u00f6tik \u00dcr\u00fcn Sertifikas\u0131\u201d, \u201cSerbest Sat\u0131\u015f Sertifikas\u0131\u201d ve \u201cFarmas\u00f6tik \u00dcr\u00fcn Ruhsat","robots":{"index":"index","follow":"follow","max-snippet":"max-snippet:-1","max-image-preview":"max-image-preview:large","max-video-preview":"max-video-preview:-1"},"canonical":"https:\/\/www.esin.av.tr\/tr\/2022\/02\/15\/saglik-sektorunde-guncel-gelismeler\/","og_locale":"tr_TR","og_type":"article","og_title":"Sa\u011fl\u0131k Sekt\u00f6r\u00fcnde G\u00fcncel Geli\u015fmeler","og_description":"T\u00fcrkiye \u0130la\u00e7 ve T\u0131bbi Cihaz Kurumu (\"Kurum\") ge\u00e7ti\u011fimiz haftalarda \u201cFarmas\u00f6tik \u00dcr\u00fcn Sertifikas\u0131\u201d, \u201cSerbest Sat\u0131\u015f Sertifikas\u0131\u201d ve \u201cFarmas\u00f6tik \u00dcr\u00fcn Ruhsat","og_url":"https:\/\/www.esin.av.tr\/tr\/2022\/02\/15\/saglik-sektorunde-guncel-gelismeler\/","og_site_name":"Esin Avukatl\u0131k Ortakl\u0131\u011f\u0131","article_published_time":"2022-02-15T11:26:41+00:00","article_modified_time":"2022-06-09T13:38:08+00:00","author":"R\u0131dvan Konrat","twitter_card":"summary_large_image","twitter_misc":{"Written by":"R\u0131dvan Konrat","Est. reading time":"4 minutes"},"schema":{"@context":"https:\/\/schema.org","@graph":[{"@type":"Article","@id":"https:\/\/www.esin.av.tr\/tr\/2022\/02\/15\/saglik-sektorunde-guncel-gelismeler\/#article","isPartOf":{"@id":"https:\/\/www.esin.av.tr\/tr\/2022\/02\/15\/saglik-sektorunde-guncel-gelismeler\/"},"author":{"name":"R\u0131dvan Konrat","@id":"https:\/\/www.esin.av.tr\/tr\/#\/schema\/person\/42c8e616aab56b8622fa365ad63282ae"},"headline":"Sa\u011fl\u0131k Sekt\u00f6r\u00fcnde G\u00fcncel Geli\u015fmeler","datePublished":"2022-02-15T11:26:41+00:00","dateModified":"2022-06-09T13:38:08+00:00","mainEntityOfPage":{"@id":"https:\/\/www.esin.av.tr\/tr\/2022\/02\/15\/saglik-sektorunde-guncel-gelismeler\/"},"wordCount":1077,"publisher":{"@id":"https:\/\/www.esin.av.tr\/tr\/#organization"},"keywords":["Sa\u011fl\u0131k Hukuku"],"articleSection":["Hukuk B\u00fcltenleri"],"inLanguage":"tr"},{"@type":"WebPage","@id":"https:\/\/www.esin.av.tr\/tr\/2022\/02\/15\/saglik-sektorunde-guncel-gelismeler\/","url":"https:\/\/www.esin.av.tr\/tr\/2022\/02\/15\/saglik-sektorunde-guncel-gelismeler\/","name":"Sa\u011fl\u0131k Sekt\u00f6r\u00fcnde G\u00fcncel Geli\u015fmeler","isPartOf":{"@id":"https:\/\/www.esin.av.tr\/tr\/#website"},"datePublished":"2022-02-15T11:26:41+00:00","dateModified":"2022-06-09T13:38:08+00:00","description":"T\u00fcrkiye \u0130la\u00e7 ve T\u0131bbi Cihaz Kurumu (\"Kurum\") ge\u00e7ti\u011fimiz haftalarda \u201cFarmas\u00f6tik \u00dcr\u00fcn Sertifikas\u0131\u201d, \u201cSerbest Sat\u0131\u015f Sertifikas\u0131\u201d ve \u201cFarmas\u00f6tik \u00dcr\u00fcn Ruhsat","breadcrumb":{"@id":"https:\/\/www.esin.av.tr\/tr\/2022\/02\/15\/saglik-sektorunde-guncel-gelismeler\/#breadcrumb"},"inLanguage":"tr","potentialAction":[{"@type":"ReadAction","target":["https:\/\/www.esin.av.tr\/tr\/2022\/02\/15\/saglik-sektorunde-guncel-gelismeler\/"]}]},{"@type":"BreadcrumbList","@id":"https:\/\/www.esin.av.tr\/tr\/2022\/02\/15\/saglik-sektorunde-guncel-gelismeler\/#breadcrumb","itemListElement":[{"@type":"ListItem","position":1,"name":"Home","item":"https:\/\/www.esin.av.tr\/tr\/"},{"@type":"ListItem","position":2,"name":"Sa\u011fl\u0131k Sekt\u00f6r\u00fcnde G\u00fcncel Geli\u015fmeler"}]},{"@type":"WebSite","@id":"https:\/\/www.esin.av.tr\/tr\/#website","url":"https:\/\/www.esin.av.tr\/tr\/","name":"Esin Avukatl\u0131k Ortakl\u0131\u011f\u0131","description":"","publisher":{"@id":"https:\/\/www.esin.av.tr\/tr\/#organization"},"potentialAction":[{"@type":"SearchAction","target":{"@type":"EntryPoint","urlTemplate":"https:\/\/www.esin.av.tr\/tr\/?s={search_term_string}"},"query-input":{"@type":"PropertyValueSpecification","valueRequired":true,"valueName":"search_term_string"}}],"inLanguage":"tr"},{"@type":"Organization","@id":"https:\/\/www.esin.av.tr\/tr\/#organization","name":"Esin Avukatl\u0131k Ortakl\u0131\u011f\u0131","url":"https:\/\/www.esin.av.tr\/tr\/","logo":{"@type":"ImageObject","inLanguage":"tr","@id":"https:\/\/www.esin.av.tr\/tr\/#\/schema\/logo\/image\/","url":"https:\/\/www.esin.av.tr\/wp-content\/uploads\/2021\/09\/esin-2.jpg","contentUrl":"https:\/\/www.esin.av.tr\/wp-content\/uploads\/2021\/09\/esin-2.jpg","width":800,"height":460,"caption":"Esin Avukatl\u0131k Ortakl\u0131\u011f\u0131"},"image":{"@id":"https:\/\/www.esin.av.tr\/tr\/#\/schema\/logo\/image\/"}},{"@type":"Person","@id":"https:\/\/www.esin.av.tr\/tr\/#\/schema\/person\/42c8e616aab56b8622fa365ad63282ae","name":"R\u0131dvan Konrat","image":{"@type":"ImageObject","inLanguage":"tr","@id":"https:\/\/www.esin.av.tr\/tr\/#\/schema\/person\/image\/","url":"https:\/\/secure.gravatar.com\/avatar\/b20c6c583be38ed4e76e32f69fccc676?s=96&d=mm&r=g","contentUrl":"https:\/\/secure.gravatar.com\/avatar\/b20c6c583be38ed4e76e32f69fccc676?s=96&d=mm&r=g","caption":"R\u0131dvan Konrat"},"sameAs":["http:\/\/www.esin.av.tr"],"url":"https:\/\/www.esin.av.tr\/tr\/author\/rkonrat\/"}]}},"_links":{"self":[{"href":"https:\/\/www.esin.av.tr\/tr\/wp-json\/wp\/v2\/posts\/21912","targetHints":{"allow":["GET"]}}],"collection":[{"href":"https:\/\/www.esin.av.tr\/tr\/wp-json\/wp\/v2\/posts"}],"about":[{"href":"https:\/\/www.esin.av.tr\/tr\/wp-json\/wp\/v2\/types\/post"}],"author":[{"embeddable":true,"href":"https:\/\/www.esin.av.tr\/tr\/wp-json\/wp\/v2\/users\/4"}],"replies":[{"embeddable":true,"href":"https:\/\/www.esin.av.tr\/tr\/wp-json\/wp\/v2\/comments?post=21912"}],"version-history":[{"count":1,"href":"https:\/\/www.esin.av.tr\/tr\/wp-json\/wp\/v2\/posts\/21912\/revisions"}],"predecessor-version":[{"id":21913,"href":"https:\/\/www.esin.av.tr\/tr\/wp-json\/wp\/v2\/posts\/21912\/revisions\/21913"}],"wp:attachment":[{"href":"https:\/\/www.esin.av.tr\/tr\/wp-json\/wp\/v2\/media?parent=21912"}],"wp:term":[{"taxonomy":"category","embeddable":true,"href":"https:\/\/www.esin.av.tr\/tr\/wp-json\/wp\/v2\/categories?post=21912"},{"taxonomy":"post_tag","embeddable":true,"href":"https:\/\/www.esin.av.tr\/tr\/wp-json\/wp\/v2\/tags?post=21912"}],"curies":[{"name":"wp","href":"https:\/\/api.w.org\/{rel}","templated":true}]}}