{"id":21805,"date":"2022-02-03T14:16:21","date_gmt":"2022-02-03T14:16:21","guid":{"rendered":"https:\/\/www.esin.av.tr\/?p=21805"},"modified":"2022-06-09T13:38:24","modified_gmt":"2022-06-09T13:38:24","slug":"ticari-reklam-ve-haksiz-ticari-uygulamalar-yonetmeliginde-onemli-degisiklikler","status":"publish","type":"post","link":"https:\/\/www.esin.av.tr\/tr\/2022\/02\/03\/ticari-reklam-ve-haksiz-ticari-uygulamalar-yonetmeliginde-onemli-degisiklikler\/","title":{"rendered":"Ticari Reklam ve Haks\u0131z Ticari Uygulamalar Y\u00f6netmeli\u011fi&#8217;nde \u00d6nemli De\u011fi\u015fiklikler"},"content":{"rendered":"<p><strong><a href=\"https:\/\/podcast.esin.av.tr\/?lang=tr&amp;playing=PFC1654726706?updated=1643883819\" target=\"_blank\" rel=\"noopener\"><img decoding=\"async\" class=\"alignnone wp-image-18799\" src=\"https:\/\/www.esin.av.tr\/wp-content\/uploads\/2021\/02\/1.png\" alt=\"\" width=\"50\" height=\"50\" srcset=\"https:\/\/www.esin.av.tr\/wp-content\/uploads\/2021\/02\/1.png 186w, https:\/\/www.esin.av.tr\/wp-content\/uploads\/2021\/02\/1-150x150.png 150w\" sizes=\"(max-width: 50px) 100vw, 50px\" \/><\/a>\u00a0 \u00a0 \u00a0 \u00a0 \u00a0 \u00a0 \u00a0 \u00a0Bu b\u00fcltenimizi podcast olarak da dinleyebilirsiniz!<\/strong><\/p>\n<p>&nbsp;<\/p>\n<h3><strong>Yeni Geli\u015fme<\/strong><\/h3>\n<p>Ticaret Bakanl\u0131\u011f\u0131 (&#8220;<strong>Bakanl\u0131k<\/strong>&#8220;), 1 \u015eubat 2022 tarihinde Ticari Reklam ve Haks\u0131z Ticari Uygulamalar Y\u00f6netmeli\u011fi&#8217;nde (&#8220;<strong>Y\u00f6netmelik<\/strong>&#8220;) de\u011fi\u015fiklik yapt\u0131. Yap\u0131lan de\u011fi\u015fiklikler ile ticari reklam i\u00e7eriklerine ili\u015fkin d\u00fczenlemelerin yan\u0131 s\u0131ra sat\u0131c\u0131, hizmet sa\u011flay\u0131c\u0131, arac\u0131 hizmet sa\u011flay\u0131c\u0131 ve \u015fikayet platformlar\u0131na \u00f6nemli y\u00fck\u00fcml\u00fcl\u00fckler getirildi.<\/p>\n<p>Y\u00f6netmelik de\u011fi\u015fiklikleri, 1 Mart 2022 tarihinde y\u00fcr\u00fcrl\u00fc\u011fe girecek. Y\u00f6netmelik&#8217;te yap\u0131lan de\u011fi\u015fikliklere <a href=\"https:\/\/urldefense.com\/v3\/__https:\/esinxchange.com\/collect\/click.aspx?u=S3lMSW5kaU1WVHZYbVhjem5PalEvN3MzUC9laEdZN0JaOFo2Uk50MUpydExkRGNFaGthTno4Wmx4MUlCaHUrRGxPb1lWVk9hMExZSGoxQ1ZaVk5nQ1ZUcWVnZzI0K3FuMVkxRHQ5MTd0OTBWd0piL3RpWE9SZz09&amp;rh=ff008a40372694196658e92b594284bff5151567__;!!Hj9Y_P0nvg!FOQ7TNftBOk2SgQBtDhidomGeqUjvpFH4kSsMvkHNpCn_Bc-APNmvzZIOGPtaij45ER7_A$\">buradan <\/a>ula\u015fabilirsiniz.<\/p>\n<h3><strong>Ne De\u011fi\u015fecek?<\/strong><\/h3>\n<p>Y\u00f6netmelik&#8217;te yap\u0131lan de\u011fi\u015fiklik ile getirilen ba\u015fl\u0131ca yenilikler a\u015fa\u011f\u0131daki gibidir:<\/p>\n<ul>\n<li>Reklamlar\u0131n, hastalar\u0131n tedavi \u00f6ncesi ve sonras\u0131na ait ifade ve g\u00f6r\u00fcnt\u00fclerini i\u00e7ermesine ili\u015fkin yasak kald\u0131r\u0131ld\u0131.<\/li>\n<li>Ki\u015fiselle\u015ftirilmi\u015f fiyat olarak kabul edilen t\u00fcketici al\u0131\u015fkanl\u0131klar\u0131 dikkate al\u0131narak belirlenen fiyatlar\u0131n yer ald\u0131\u011f\u0131 reklamlarda ilgili mal veya hizmete ili\u015fkin g\u00fcncel fiyat bilgisinin de yer almas\u0131 gerekmektedir.<\/li>\n<li>\u0130ndirimli sat\u0131\u015f reklamlar\u0131nda indirimin ba\u015flang\u0131\u00e7 ve biti\u015f tarihlerinin yan\u0131 s\u0131ra indirimden \u00f6nceki sat\u0131\u015f fiyat\u0131na da yer verilmesi gerekmektedir. \u0130ndirimden \u00f6nceki sat\u0131\u015f fiyat\u0131, ilgili mal veya hizmetin indirim tarihinden \u00f6nceki 30 g\u00fcn i\u00e7indeki en d\u00fc\u015f\u00fck fiyat\u0131 esas al\u0131narak belirlenecektir. Meyve ve sebze gibi \u00e7abuk bozulabilen mallar\u0131n indirimden \u00f6nceki fiyat\u0131 ise bir \u00f6nceki fiyat esas al\u0131narak belirlenmeye devam edecektir. Bu hususlara ili\u015fkin ispat k\u00fclfeti reklam verene aittir.<\/li>\n<li>Bir mal veya hizmetin ba\u011fl\u0131 kredi ile sat\u0131\u015fa sunuldu\u011fu reklamlarda a\u015fa\u011f\u0131daki bilgiler t\u00fcketiciye sunulmal\u0131d\u0131r:\n<ul>\n<li>kredinin vadesi,<\/li>\n<li>faiz oran\u0131,<\/li>\n<li>t\u00fcketiciye toplam maliyetinin ayl\u0131k ve y\u0131ll\u0131k y\u00fczde de\u011feri ve<\/li>\n<li>geri \u00f6deme ko\u015fullar\u0131<\/li>\n<\/ul>\n<\/li>\n<li>\u00d6zel mevzuata tabi olan ve ilgili mevzuatta yer alan reklam ve tan\u0131t\u0131ma ili\u015fkin d\u00fczenlemelere uyulmas\u0131 gereken \u00fcr\u00fcnlere biyosidal \u00fcr\u00fcnler eklenmi\u015ftir.<\/li>\n<li>T\u00fcketicilerin, internet \u00fczerinden sat\u0131\u015fa sunulan mal ve hizmetlerin s\u0131ralamas\u0131nda dikkate al\u0131nan \u00f6l\u00e7\u00fctlere ili\u015fkin bilgilendirilmesi ve reklam veya sponsorluk ili\u015fkisine dayanan s\u0131ralamalarda reklam ibaresine yer verilmesi gerekmektedir.<\/li>\n<li>\u0130nternet \u00fczerinden yap\u0131lan sat\u0131\u015flarda sat\u0131\u015fa konu mal veya hizmet hakk\u0131nda de\u011ferlendirme yapabilecek ki\u015filer yaln\u0131zca ilgili mal veya hizmeti sat\u0131n alan ki\u015filerle s\u0131n\u0131rland\u0131r\u0131lacak ve s\u00f6z konusu de\u011ferlendirmelerin yay\u0131mlanmas\u0131na ili\u015fkin kurallar belirtilecektir. De\u011ferlendirmeler en az 1 y\u0131l s\u00fcreyle objektif bir \u00f6l\u00e7\u00fcte dayal\u0131 s\u0131ralama ile yay\u0131mlanacak olup yay\u0131mlanmas\u0131na izin verilmemesi halinde ilgili t\u00fcketici derhal bilgilendirilecektir. Bu kapsamda, mevzuata ayk\u0131r\u0131 sa\u011fl\u0131k beyan\u0131 i\u00e7eren de\u011ferlendirmelerin yay\u0131mlanmas\u0131 yasakt\u0131r. T\u00fcketici ma\u011fduriyetinin giderildi\u011fi hallerde bu durum, ilk de\u011ferlendirmeyle ayn\u0131 alanda gecikmeksizin yay\u0131mlanacakt\u0131r. Ger\u00e7ek veya t\u00fczel ki\u015filerle mal veya hizmet sat\u0131\u015f\u0131n\u0131 art\u0131r\u0131c\u0131 ifadelerin kullan\u0131lmas\u0131na ili\u015fkin anla\u015fma yap\u0131lmas\u0131 yasakt\u0131r.<\/li>\n<li>\u015eikayet platformlar\u0131ndaki de\u011ferlendirmeler yay\u0131nlanmadan en az 72 saat \u00f6nce ilgili sat\u0131c\u0131 ve hizmet sa\u011flay\u0131c\u0131lara cevap verme hakk\u0131 tan\u0131narak bu s\u00fcreden \u00f6nce de\u011ferlendirme yay\u0131nlanmayacak ve ger\u00e7e\u011fi yans\u0131tmad\u0131\u011f\u0131 anla\u015f\u0131lan de\u011ferlendirmeler yay\u0131nlanmayacakt\u0131r.<\/li>\n<li>Girdi maliyeti ve d\u00f6viz kuru art\u0131\u015f\u0131 gibi fiyat de\u011fi\u015fimlerinden etkilenmeyen sat\u0131c\u0131 veya hizmet sa\u011flay\u0131c\u0131lar\u0131n fiyat art\u0131\u015flar\u0131 haks\u0131z ticari uygulama \u00f6rneklerinden \u00e7\u0131kar\u0131lm\u0131\u015ft\u0131r.<\/li>\n<li>Haks\u0131z ticari uygulama \u00f6rneklerine (i) sat\u0131n alma s\u00fcrecini otomatikle\u015ftiren bir yaz\u0131l\u0131m kullanmak suretiyle etkinlik biletlerini belirlenen limitlerin d\u0131\u015f\u0131nda sat\u0131n alarak t\u00fcketicilere daha y\u00fcksek fiyatla sat\u0131\u015fa sunulmas\u0131 ve (ii) e-ticarette y\u00f6nlendirici ara y\u00fcz tasar\u0131mlar\u0131, se\u00e7enekler ya da ifadeler gibi ara\u00e7larla t\u00fcketici iradesini olumsuz etkileyen ya da normal \u015fartlar alt\u0131nda t\u00fcketicinin verece\u011fi kararda sat\u0131c\u0131 lehine de\u011fi\u015fikliklere yol a\u00e7may\u0131 hedefleyen y\u00f6ntemler kullan\u0131lmas\u0131 eklenmi\u015ftir.<\/li>\n<\/ul>\n<p>De\u011fi\u015fiklikler kapsam\u0131nda ayr\u0131ca, Reklam Kurulu taraf\u0131ndan ticari reklam ve haks\u0131z ticari uygulamalara kar\u015f\u0131 t\u00fcketiciyi korumaya y\u00f6nelik olarak haz\u0131rlanacak k\u0131lavuzlar\u0131n Bakanl\u0131k internet sitesinde yay\u0131mlanmas\u0131 \u00fczerine Y\u00f6netmelik ile birlikte uygulanaca\u011f\u0131 belirtilmi\u015ftir.<\/p>\n<h3><strong>Sonu\u00e7<\/strong><\/h3>\n<p>Bakanl\u0131k, g\u00fcn\u00fcm\u00fcz\u00fcn e-ticaret alan\u0131ndaki geli\u015fmeleri \u0131\u015f\u0131\u011f\u0131nda, t\u00fcketicilerin haks\u0131z ticari uygulama ve reklamlara kar\u015f\u0131 korunmas\u0131 amac\u0131yla d\u00fczenlemelerin kapsam\u0131n\u0131 geni\u015fletmi\u015ftir. De\u011fi\u015fiklikler ile birlikte, Y\u00f6netmelik&#8217;te yer verilen sat\u0131c\u0131 ve hizmet sa\u011flay\u0131c\u0131 odakl\u0131 d\u00fczenlemelerin yan\u0131 s\u0131ra arac\u0131 hizmet sa\u011flay\u0131c\u0131 ve \u015fikayet platformlar\u0131 da Y\u00f6netmelik kapsam\u0131na al\u0131narak \u00f6nemli y\u00fck\u00fcml\u00fcl\u00fckler getirilmi\u015ftir. Sat\u0131c\u0131, hizmet sa\u011flay\u0131c\u0131, arac\u0131 hizmet sa\u011flay\u0131c\u0131 ve \u015fikayet platformlar\u0131 ba\u015fta olmak \u00fczere t\u00fcm ilgililer Y\u00f6netmelik de\u011fi\u015fikliklerini dikkatle incelemeli, 1 Mart 2022&#8217;ye kadar ticari reklam ve e-ticaret faaliyetlerini mevzuatta \u00f6ng\u00f6r\u00fclen hususlara uygun olarak ger\u00e7ekle\u015ftirmek i\u00e7in gerekli ad\u0131mlar\u0131 atmal\u0131d\u0131r.<\/p>\n","protected":false},"excerpt":{"rendered":"<p>\u00a0 \u00a0 \u00a0 \u00a0 \u00a0 \u00a0 \u00a0 \u00a0Bu b\u00fcltenimizi podcast olarak da dinleyebilirsiniz! &nbsp; Yeni Geli\u015fme Ticaret Bakanl\u0131\u011f\u0131 (&#8220;Bakanl\u0131k&#8220;), 1 [&hellip;]<\/p>\n","protected":false},"author":4,"featured_media":0,"comment_status":"closed","ping_status":"closed","sticky":false,"template":"","format":"standard","meta":{"_acf_changed":false,"_stopmodifiedupdate":false,"_modified_date":"","footnotes":""},"categories":[120],"tags":[94],"class_list":["post-21805","post","type-post","status-publish","format-standard","hentry","category-legal-alerts","tag-international-commercial-and-trade-tr"],"acf":[],"yoast_head":"<!-- This site is optimized with the Yoast SEO plugin v24.0 - https:\/\/yoast.com\/wordpress\/plugins\/seo\/ -->\n<title>Ticari Reklam ve Haks\u0131z Ticari Uygulamalar Y\u00f6netmeli\u011fi&#039;nde \u00d6nemli De\u011fi\u015fiklikler<\/title>\n<meta name=\"description\" content=\"\u00a0 \u00a0 \u00a0 \u00a0 \u00a0 \u00a0 \u00a0 \u00a0Bu b\u00fcltenimizi podcast olarak da dinleyebilirsiniz! &nbsp; Yeni Geli\u015fme Ticaret Bakanl\u0131\u011f\u0131 (&quot;Bakanl\u0131k&quot;), 1 \u015eubat 2022 tarihinde Ticari\" \/>\n<meta name=\"robots\" content=\"index, follow, max-snippet:-1, max-image-preview:large, max-video-preview:-1\" \/>\n<link rel=\"canonical\" href=\"https:\/\/www.esin.av.tr\/tr\/2022\/02\/03\/ticari-reklam-ve-haksiz-ticari-uygulamalar-yonetmeliginde-onemli-degisiklikler\/\" \/>\n<meta property=\"og:locale\" content=\"tr_TR\" \/>\n<meta property=\"og:type\" content=\"article\" \/>\n<meta property=\"og:title\" content=\"Ticari Reklam ve Haks\u0131z Ticari Uygulamalar Y\u00f6netmeli\u011fi&#039;nde \u00d6nemli De\u011fi\u015fiklikler\" \/>\n<meta property=\"og:description\" content=\"\u00a0 \u00a0 \u00a0 \u00a0 \u00a0 \u00a0 \u00a0 \u00a0Bu b\u00fcltenimizi podcast olarak da dinleyebilirsiniz! &nbsp; Yeni Geli\u015fme Ticaret Bakanl\u0131\u011f\u0131 (&quot;Bakanl\u0131k&quot;), 1 \u015eubat 2022 tarihinde Ticari\" \/>\n<meta property=\"og:url\" content=\"https:\/\/www.esin.av.tr\/tr\/2022\/02\/03\/ticari-reklam-ve-haksiz-ticari-uygulamalar-yonetmeliginde-onemli-degisiklikler\/\" \/>\n<meta property=\"og:site_name\" content=\"Esin Avukatl\u0131k Ortakl\u0131\u011f\u0131\" \/>\n<meta property=\"article:published_time\" content=\"2022-02-03T14:16:21+00:00\" \/>\n<meta property=\"article:modified_time\" content=\"2022-06-09T13:38:24+00:00\" \/>\n<meta property=\"og:image\" content=\"https:\/\/www.esin.av.tr\/wp-content\/uploads\/2021\/02\/1.png\" \/>\n<meta name=\"author\" content=\"R\u0131dvan Konrat\" \/>\n<meta name=\"twitter:card\" content=\"summary_large_image\" \/>\n<meta name=\"twitter:label1\" content=\"Written by\" \/>\n\t<meta name=\"twitter:data1\" content=\"R\u0131dvan Konrat\" \/>\n\t<meta name=\"twitter:label2\" content=\"Est. reading time\" \/>\n\t<meta name=\"twitter:data2\" content=\"3 minutes\" \/>\n<script type=\"application\/ld+json\" class=\"yoast-schema-graph\">{\"@context\":\"https:\/\/schema.org\",\"@graph\":[{\"@type\":\"Article\",\"@id\":\"https:\/\/www.esin.av.tr\/tr\/2022\/02\/03\/ticari-reklam-ve-haksiz-ticari-uygulamalar-yonetmeliginde-onemli-degisiklikler\/#article\",\"isPartOf\":{\"@id\":\"https:\/\/www.esin.av.tr\/tr\/2022\/02\/03\/ticari-reklam-ve-haksiz-ticari-uygulamalar-yonetmeliginde-onemli-degisiklikler\/\"},\"author\":{\"name\":\"R\u0131dvan Konrat\",\"@id\":\"https:\/\/www.esin.av.tr\/tr\/#\/schema\/person\/42c8e616aab56b8622fa365ad63282ae\"},\"headline\":\"Ticari Reklam ve Haks\u0131z Ticari Uygulamalar Y\u00f6netmeli\u011fi&#8217;nde \u00d6nemli De\u011fi\u015fiklikler\",\"datePublished\":\"2022-02-03T14:16:21+00:00\",\"dateModified\":\"2022-06-09T13:38:24+00:00\",\"mainEntityOfPage\":{\"@id\":\"https:\/\/www.esin.av.tr\/tr\/2022\/02\/03\/ticari-reklam-ve-haksiz-ticari-uygulamalar-yonetmeliginde-onemli-degisiklikler\/\"},\"wordCount\":859,\"publisher\":{\"@id\":\"https:\/\/www.esin.av.tr\/tr\/#organization\"},\"image\":{\"@id\":\"https:\/\/www.esin.av.tr\/tr\/2022\/02\/03\/ticari-reklam-ve-haksiz-ticari-uygulamalar-yonetmeliginde-onemli-degisiklikler\/#primaryimage\"},\"thumbnailUrl\":\"https:\/\/www.esin.av.tr\/wp-content\/uploads\/2021\/02\/1.png\",\"keywords\":[\"Uluslararas\u0131 Ticaret Hukuku\"],\"articleSection\":[\"Hukuk B\u00fcltenleri\"],\"inLanguage\":\"tr\"},{\"@type\":\"WebPage\",\"@id\":\"https:\/\/www.esin.av.tr\/tr\/2022\/02\/03\/ticari-reklam-ve-haksiz-ticari-uygulamalar-yonetmeliginde-onemli-degisiklikler\/\",\"url\":\"https:\/\/www.esin.av.tr\/tr\/2022\/02\/03\/ticari-reklam-ve-haksiz-ticari-uygulamalar-yonetmeliginde-onemli-degisiklikler\/\",\"name\":\"Ticari Reklam ve Haks\u0131z Ticari Uygulamalar Y\u00f6netmeli\u011fi'nde \u00d6nemli De\u011fi\u015fiklikler\",\"isPartOf\":{\"@id\":\"https:\/\/www.esin.av.tr\/tr\/#website\"},\"primaryImageOfPage\":{\"@id\":\"https:\/\/www.esin.av.tr\/tr\/2022\/02\/03\/ticari-reklam-ve-haksiz-ticari-uygulamalar-yonetmeliginde-onemli-degisiklikler\/#primaryimage\"},\"image\":{\"@id\":\"https:\/\/www.esin.av.tr\/tr\/2022\/02\/03\/ticari-reklam-ve-haksiz-ticari-uygulamalar-yonetmeliginde-onemli-degisiklikler\/#primaryimage\"},\"thumbnailUrl\":\"https:\/\/www.esin.av.tr\/wp-content\/uploads\/2021\/02\/1.png\",\"datePublished\":\"2022-02-03T14:16:21+00:00\",\"dateModified\":\"2022-06-09T13:38:24+00:00\",\"description\":\"\u00a0 \u00a0 \u00a0 \u00a0 \u00a0 \u00a0 \u00a0 \u00a0Bu b\u00fcltenimizi podcast olarak da dinleyebilirsiniz! &nbsp; Yeni Geli\u015fme Ticaret Bakanl\u0131\u011f\u0131 (\\\"Bakanl\u0131k\\\"), 1 \u015eubat 2022 tarihinde Ticari\",\"breadcrumb\":{\"@id\":\"https:\/\/www.esin.av.tr\/tr\/2022\/02\/03\/ticari-reklam-ve-haksiz-ticari-uygulamalar-yonetmeliginde-onemli-degisiklikler\/#breadcrumb\"},\"inLanguage\":\"tr\",\"potentialAction\":[{\"@type\":\"ReadAction\",\"target\":[\"https:\/\/www.esin.av.tr\/tr\/2022\/02\/03\/ticari-reklam-ve-haksiz-ticari-uygulamalar-yonetmeliginde-onemli-degisiklikler\/\"]}]},{\"@type\":\"ImageObject\",\"inLanguage\":\"tr\",\"@id\":\"https:\/\/www.esin.av.tr\/tr\/2022\/02\/03\/ticari-reklam-ve-haksiz-ticari-uygulamalar-yonetmeliginde-onemli-degisiklikler\/#primaryimage\",\"url\":\"https:\/\/www.esin.av.tr\/wp-content\/uploads\/2021\/02\/1.png\",\"contentUrl\":\"https:\/\/www.esin.av.tr\/wp-content\/uploads\/2021\/02\/1.png\"},{\"@type\":\"BreadcrumbList\",\"@id\":\"https:\/\/www.esin.av.tr\/tr\/2022\/02\/03\/ticari-reklam-ve-haksiz-ticari-uygulamalar-yonetmeliginde-onemli-degisiklikler\/#breadcrumb\",\"itemListElement\":[{\"@type\":\"ListItem\",\"position\":1,\"name\":\"Home\",\"item\":\"https:\/\/www.esin.av.tr\/tr\/\"},{\"@type\":\"ListItem\",\"position\":2,\"name\":\"Ticari Reklam ve Haks\u0131z Ticari Uygulamalar Y\u00f6netmeli\u011fi&#8217;nde \u00d6nemli De\u011fi\u015fiklikler\"}]},{\"@type\":\"WebSite\",\"@id\":\"https:\/\/www.esin.av.tr\/tr\/#website\",\"url\":\"https:\/\/www.esin.av.tr\/tr\/\",\"name\":\"Esin Avukatl\u0131k Ortakl\u0131\u011f\u0131\",\"description\":\"\",\"publisher\":{\"@id\":\"https:\/\/www.esin.av.tr\/tr\/#organization\"},\"potentialAction\":[{\"@type\":\"SearchAction\",\"target\":{\"@type\":\"EntryPoint\",\"urlTemplate\":\"https:\/\/www.esin.av.tr\/tr\/?s={search_term_string}\"},\"query-input\":{\"@type\":\"PropertyValueSpecification\",\"valueRequired\":true,\"valueName\":\"search_term_string\"}}],\"inLanguage\":\"tr\"},{\"@type\":\"Organization\",\"@id\":\"https:\/\/www.esin.av.tr\/tr\/#organization\",\"name\":\"Esin Avukatl\u0131k Ortakl\u0131\u011f\u0131\",\"url\":\"https:\/\/www.esin.av.tr\/tr\/\",\"logo\":{\"@type\":\"ImageObject\",\"inLanguage\":\"tr\",\"@id\":\"https:\/\/www.esin.av.tr\/tr\/#\/schema\/logo\/image\/\",\"url\":\"https:\/\/www.esin.av.tr\/wp-content\/uploads\/2021\/09\/esin-2.jpg\",\"contentUrl\":\"https:\/\/www.esin.av.tr\/wp-content\/uploads\/2021\/09\/esin-2.jpg\",\"width\":800,\"height\":460,\"caption\":\"Esin Avukatl\u0131k Ortakl\u0131\u011f\u0131\"},\"image\":{\"@id\":\"https:\/\/www.esin.av.tr\/tr\/#\/schema\/logo\/image\/\"}},{\"@type\":\"Person\",\"@id\":\"https:\/\/www.esin.av.tr\/tr\/#\/schema\/person\/42c8e616aab56b8622fa365ad63282ae\",\"name\":\"R\u0131dvan Konrat\",\"image\":{\"@type\":\"ImageObject\",\"inLanguage\":\"tr\",\"@id\":\"https:\/\/www.esin.av.tr\/tr\/#\/schema\/person\/image\/\",\"url\":\"https:\/\/secure.gravatar.com\/avatar\/b20c6c583be38ed4e76e32f69fccc676?s=96&d=mm&r=g\",\"contentUrl\":\"https:\/\/secure.gravatar.com\/avatar\/b20c6c583be38ed4e76e32f69fccc676?s=96&d=mm&r=g\",\"caption\":\"R\u0131dvan Konrat\"},\"sameAs\":[\"http:\/\/www.esin.av.tr\"],\"url\":\"https:\/\/www.esin.av.tr\/tr\/author\/rkonrat\/\"}]}<\/script>\n<!-- \/ Yoast SEO plugin. -->","yoast_head_json":{"title":"Ticari Reklam ve Haks\u0131z Ticari Uygulamalar Y\u00f6netmeli\u011fi'nde \u00d6nemli De\u011fi\u015fiklikler","description":"\u00a0 \u00a0 \u00a0 \u00a0 \u00a0 \u00a0 \u00a0 \u00a0Bu b\u00fcltenimizi podcast olarak da dinleyebilirsiniz! &nbsp; Yeni Geli\u015fme Ticaret Bakanl\u0131\u011f\u0131 (\"Bakanl\u0131k\"), 1 \u015eubat 2022 tarihinde Ticari","robots":{"index":"index","follow":"follow","max-snippet":"max-snippet:-1","max-image-preview":"max-image-preview:large","max-video-preview":"max-video-preview:-1"},"canonical":"https:\/\/www.esin.av.tr\/tr\/2022\/02\/03\/ticari-reklam-ve-haksiz-ticari-uygulamalar-yonetmeliginde-onemli-degisiklikler\/","og_locale":"tr_TR","og_type":"article","og_title":"Ticari Reklam ve Haks\u0131z Ticari Uygulamalar Y\u00f6netmeli\u011fi'nde \u00d6nemli De\u011fi\u015fiklikler","og_description":"\u00a0 \u00a0 \u00a0 \u00a0 \u00a0 \u00a0 \u00a0 \u00a0Bu b\u00fcltenimizi podcast olarak da dinleyebilirsiniz! &nbsp; Yeni Geli\u015fme Ticaret Bakanl\u0131\u011f\u0131 (\"Bakanl\u0131k\"), 1 \u015eubat 2022 tarihinde Ticari","og_url":"https:\/\/www.esin.av.tr\/tr\/2022\/02\/03\/ticari-reklam-ve-haksiz-ticari-uygulamalar-yonetmeliginde-onemli-degisiklikler\/","og_site_name":"Esin Avukatl\u0131k Ortakl\u0131\u011f\u0131","article_published_time":"2022-02-03T14:16:21+00:00","article_modified_time":"2022-06-09T13:38:24+00:00","og_image":[{"url":"https:\/\/www.esin.av.tr\/wp-content\/uploads\/2021\/02\/1.png","type":"","width":"","height":""}],"author":"R\u0131dvan Konrat","twitter_card":"summary_large_image","twitter_misc":{"Written by":"R\u0131dvan Konrat","Est. reading time":"3 minutes"},"schema":{"@context":"https:\/\/schema.org","@graph":[{"@type":"Article","@id":"https:\/\/www.esin.av.tr\/tr\/2022\/02\/03\/ticari-reklam-ve-haksiz-ticari-uygulamalar-yonetmeliginde-onemli-degisiklikler\/#article","isPartOf":{"@id":"https:\/\/www.esin.av.tr\/tr\/2022\/02\/03\/ticari-reklam-ve-haksiz-ticari-uygulamalar-yonetmeliginde-onemli-degisiklikler\/"},"author":{"name":"R\u0131dvan Konrat","@id":"https:\/\/www.esin.av.tr\/tr\/#\/schema\/person\/42c8e616aab56b8622fa365ad63282ae"},"headline":"Ticari Reklam ve Haks\u0131z Ticari Uygulamalar Y\u00f6netmeli\u011fi&#8217;nde \u00d6nemli De\u011fi\u015fiklikler","datePublished":"2022-02-03T14:16:21+00:00","dateModified":"2022-06-09T13:38:24+00:00","mainEntityOfPage":{"@id":"https:\/\/www.esin.av.tr\/tr\/2022\/02\/03\/ticari-reklam-ve-haksiz-ticari-uygulamalar-yonetmeliginde-onemli-degisiklikler\/"},"wordCount":859,"publisher":{"@id":"https:\/\/www.esin.av.tr\/tr\/#organization"},"image":{"@id":"https:\/\/www.esin.av.tr\/tr\/2022\/02\/03\/ticari-reklam-ve-haksiz-ticari-uygulamalar-yonetmeliginde-onemli-degisiklikler\/#primaryimage"},"thumbnailUrl":"https:\/\/www.esin.av.tr\/wp-content\/uploads\/2021\/02\/1.png","keywords":["Uluslararas\u0131 Ticaret Hukuku"],"articleSection":["Hukuk B\u00fcltenleri"],"inLanguage":"tr"},{"@type":"WebPage","@id":"https:\/\/www.esin.av.tr\/tr\/2022\/02\/03\/ticari-reklam-ve-haksiz-ticari-uygulamalar-yonetmeliginde-onemli-degisiklikler\/","url":"https:\/\/www.esin.av.tr\/tr\/2022\/02\/03\/ticari-reklam-ve-haksiz-ticari-uygulamalar-yonetmeliginde-onemli-degisiklikler\/","name":"Ticari Reklam ve Haks\u0131z Ticari Uygulamalar Y\u00f6netmeli\u011fi'nde \u00d6nemli De\u011fi\u015fiklikler","isPartOf":{"@id":"https:\/\/www.esin.av.tr\/tr\/#website"},"primaryImageOfPage":{"@id":"https:\/\/www.esin.av.tr\/tr\/2022\/02\/03\/ticari-reklam-ve-haksiz-ticari-uygulamalar-yonetmeliginde-onemli-degisiklikler\/#primaryimage"},"image":{"@id":"https:\/\/www.esin.av.tr\/tr\/2022\/02\/03\/ticari-reklam-ve-haksiz-ticari-uygulamalar-yonetmeliginde-onemli-degisiklikler\/#primaryimage"},"thumbnailUrl":"https:\/\/www.esin.av.tr\/wp-content\/uploads\/2021\/02\/1.png","datePublished":"2022-02-03T14:16:21+00:00","dateModified":"2022-06-09T13:38:24+00:00","description":"\u00a0 \u00a0 \u00a0 \u00a0 \u00a0 \u00a0 \u00a0 \u00a0Bu b\u00fcltenimizi podcast olarak da dinleyebilirsiniz! &nbsp; Yeni Geli\u015fme Ticaret Bakanl\u0131\u011f\u0131 (\"Bakanl\u0131k\"), 1 \u015eubat 2022 tarihinde Ticari","breadcrumb":{"@id":"https:\/\/www.esin.av.tr\/tr\/2022\/02\/03\/ticari-reklam-ve-haksiz-ticari-uygulamalar-yonetmeliginde-onemli-degisiklikler\/#breadcrumb"},"inLanguage":"tr","potentialAction":[{"@type":"ReadAction","target":["https:\/\/www.esin.av.tr\/tr\/2022\/02\/03\/ticari-reklam-ve-haksiz-ticari-uygulamalar-yonetmeliginde-onemli-degisiklikler\/"]}]},{"@type":"ImageObject","inLanguage":"tr","@id":"https:\/\/www.esin.av.tr\/tr\/2022\/02\/03\/ticari-reklam-ve-haksiz-ticari-uygulamalar-yonetmeliginde-onemli-degisiklikler\/#primaryimage","url":"https:\/\/www.esin.av.tr\/wp-content\/uploads\/2021\/02\/1.png","contentUrl":"https:\/\/www.esin.av.tr\/wp-content\/uploads\/2021\/02\/1.png"},{"@type":"BreadcrumbList","@id":"https:\/\/www.esin.av.tr\/tr\/2022\/02\/03\/ticari-reklam-ve-haksiz-ticari-uygulamalar-yonetmeliginde-onemli-degisiklikler\/#breadcrumb","itemListElement":[{"@type":"ListItem","position":1,"name":"Home","item":"https:\/\/www.esin.av.tr\/tr\/"},{"@type":"ListItem","position":2,"name":"Ticari Reklam ve Haks\u0131z Ticari Uygulamalar Y\u00f6netmeli\u011fi&#8217;nde \u00d6nemli De\u011fi\u015fiklikler"}]},{"@type":"WebSite","@id":"https:\/\/www.esin.av.tr\/tr\/#website","url":"https:\/\/www.esin.av.tr\/tr\/","name":"Esin Avukatl\u0131k Ortakl\u0131\u011f\u0131","description":"","publisher":{"@id":"https:\/\/www.esin.av.tr\/tr\/#organization"},"potentialAction":[{"@type":"SearchAction","target":{"@type":"EntryPoint","urlTemplate":"https:\/\/www.esin.av.tr\/tr\/?s={search_term_string}"},"query-input":{"@type":"PropertyValueSpecification","valueRequired":true,"valueName":"search_term_string"}}],"inLanguage":"tr"},{"@type":"Organization","@id":"https:\/\/www.esin.av.tr\/tr\/#organization","name":"Esin Avukatl\u0131k Ortakl\u0131\u011f\u0131","url":"https:\/\/www.esin.av.tr\/tr\/","logo":{"@type":"ImageObject","inLanguage":"tr","@id":"https:\/\/www.esin.av.tr\/tr\/#\/schema\/logo\/image\/","url":"https:\/\/www.esin.av.tr\/wp-content\/uploads\/2021\/09\/esin-2.jpg","contentUrl":"https:\/\/www.esin.av.tr\/wp-content\/uploads\/2021\/09\/esin-2.jpg","width":800,"height":460,"caption":"Esin Avukatl\u0131k Ortakl\u0131\u011f\u0131"},"image":{"@id":"https:\/\/www.esin.av.tr\/tr\/#\/schema\/logo\/image\/"}},{"@type":"Person","@id":"https:\/\/www.esin.av.tr\/tr\/#\/schema\/person\/42c8e616aab56b8622fa365ad63282ae","name":"R\u0131dvan Konrat","image":{"@type":"ImageObject","inLanguage":"tr","@id":"https:\/\/www.esin.av.tr\/tr\/#\/schema\/person\/image\/","url":"https:\/\/secure.gravatar.com\/avatar\/b20c6c583be38ed4e76e32f69fccc676?s=96&d=mm&r=g","contentUrl":"https:\/\/secure.gravatar.com\/avatar\/b20c6c583be38ed4e76e32f69fccc676?s=96&d=mm&r=g","caption":"R\u0131dvan Konrat"},"sameAs":["http:\/\/www.esin.av.tr"],"url":"https:\/\/www.esin.av.tr\/tr\/author\/rkonrat\/"}]}},"_links":{"self":[{"href":"https:\/\/www.esin.av.tr\/tr\/wp-json\/wp\/v2\/posts\/21805","targetHints":{"allow":["GET"]}}],"collection":[{"href":"https:\/\/www.esin.av.tr\/tr\/wp-json\/wp\/v2\/posts"}],"about":[{"href":"https:\/\/www.esin.av.tr\/tr\/wp-json\/wp\/v2\/types\/post"}],"author":[{"embeddable":true,"href":"https:\/\/www.esin.av.tr\/tr\/wp-json\/wp\/v2\/users\/4"}],"replies":[{"embeddable":true,"href":"https:\/\/www.esin.av.tr\/tr\/wp-json\/wp\/v2\/comments?post=21805"}],"version-history":[{"count":3,"href":"https:\/\/www.esin.av.tr\/tr\/wp-json\/wp\/v2\/posts\/21805\/revisions"}],"predecessor-version":[{"id":21808,"href":"https:\/\/www.esin.av.tr\/tr\/wp-json\/wp\/v2\/posts\/21805\/revisions\/21808"}],"wp:attachment":[{"href":"https:\/\/www.esin.av.tr\/tr\/wp-json\/wp\/v2\/media?parent=21805"}],"wp:term":[{"taxonomy":"category","embeddable":true,"href":"https:\/\/www.esin.av.tr\/tr\/wp-json\/wp\/v2\/categories?post=21805"},{"taxonomy":"post_tag","embeddable":true,"href":"https:\/\/www.esin.av.tr\/tr\/wp-json\/wp\/v2\/tags?post=21805"}],"curies":[{"name":"wp","href":"https:\/\/api.w.org\/{rel}","templated":true}]}}