{"id":21579,"date":"2022-01-13T10:17:35","date_gmt":"2022-01-13T10:17:35","guid":{"rendered":"https:\/\/www.esin.av.tr\/?p=21579"},"modified":"2022-06-09T13:39:02","modified_gmt":"2022-06-09T13:39:02","slug":"cerez-uygulamalari-hakkinda-rehber-taslagi-goruse-acildi","status":"publish","type":"post","link":"https:\/\/www.esin.av.tr\/tr\/2022\/01\/13\/cerez-uygulamalari-hakkinda-rehber-taslagi-goruse-acildi\/","title":{"rendered":"\u00c7erez Uygulamalar\u0131 Hakk\u0131nda Rehber Tasla\u011f\u0131 G\u00f6r\u00fc\u015fe A\u00e7\u0131ld\u0131"},"content":{"rendered":"<h2><strong><a href=\"https:\/\/podcast.esin.av.tr\/?lang=tr&amp;playing=PFC7422669709?updated=1642066938\" target=\"_blank\" rel=\"noopener\"><img decoding=\"async\" class=\"alignnone wp-image-18799\" src=\"https:\/\/www.esin.av.tr\/wp-content\/uploads\/2021\/02\/1.png\" alt=\"\" width=\"46\" height=\"46\" srcset=\"https:\/\/www.esin.av.tr\/wp-content\/uploads\/2021\/02\/1.png 186w, https:\/\/www.esin.av.tr\/wp-content\/uploads\/2021\/02\/1-150x150.png 150w\" sizes=\"(max-width: 46px) 100vw, 46px\" \/><\/a>\u00a0 \u00a0 \u00a0 \u00a0 \u00a0 \u00a0Bu b\u00fcltenimizi podcast olarak da dinleyebilirsiniz!<\/strong><\/h2>\n<h2><\/h2>\n<h2>Ki\u015fisel Verileri Koruma Kurumu (&#8220;<strong>Kurum<\/strong>&#8220;), \u00c7erez Uygulamalar\u0131 Hakk\u0131nda Rehber Tasla\u011f\u0131&#8217;n\u0131 (&#8220;<strong>Rehber<\/strong>&#8220;) yay\u0131mlad\u0131. Kurum, Rehber ile internet sitesi<a href=\"#_ftn1\"><sup>[1]<\/sup><\/a> operat\u00f6rlerinin \u00e7erez kullan\u0131m\u0131n\u0131n Ki\u015fisel Verilerin Korunmas\u0131 Kanunu&#8217;na (&#8220;<strong>Kanun<\/strong>&#8220;) uyumuna y\u00f6nelik \u00f6neriler getirmeyi ama\u00e7l\u0131yor. Rehber, 10 \u015eubat 2022 tarihine kadar kamuoyu g\u00f6r\u00fc\u015f\u00fcne a\u00e7\u0131k olacak. \u0130lgililer g\u00f6r\u00fc\u015f ve \u00f6nerilerini yaz\u0131l\u0131 \u015fekilde veya <a href=\"mailto:cerez@kvkk.gov.tr\">cerez@kvkk.gov.tr<\/a> e-posta adresi \u00fczerinden Kurum&#8217;a iletebilecek.<\/h2>\n<h3><strong>Yeni geli\u015fme<\/strong><\/h3>\n<p>Kurum, 11 Ocak 2022 tarihinde yay\u0131mlad\u0131\u011f\u0131 Rehber&#8217;i 10 \u015eubat 2022 tarihine kadar kamuoyu g\u00f6r\u00fc\u015f\u00fcne a\u00e7t\u0131. Rehber, \u00e7erez t\u00fcrlerine ili\u015fkin detayl\u0131 a\u00e7\u0131klamalara, 5809 say\u0131l\u0131 Elektronik Haberle\u015fme Kanunu (&#8220;<strong>EHK<\/strong>&#8220;) ile Kanun aras\u0131ndaki ili\u015fkiye, \u00e7erez kullan\u0131m senaryolar\u0131na ve hukuka uygun a\u00e7\u0131k r\u0131za al\u0131m\u0131 ve ayd\u0131nlatma yap\u0131lmas\u0131na ili\u015fkin a\u00e7\u0131klamalara yer vermektedir. Rehber&#8217;de ayr\u0131ca Kurum&#8217;un 27 \u015eubat 2020 tarihli ve 2020\/173 say\u0131l\u0131 karar\u0131 \u00e7erezler a\u00e7\u0131s\u0131ndan de\u011ferlendirilmi\u015f, \u00e7erez kullan\u0131m\u0131na ili\u015fkin kontrol listesi d\u00fczenlenmi\u015f ve \u00e7erez kullan\u0131mlar\u0131 \u00f6rneklendirilmi\u015ftir. \u0130lgili karara <a href=\"https:\/\/urldefense.com\/v3\/__https:\/esinxchange.com\/collect\/click.aspx?u=RFBuSHlQcHJkWTJSM3JPY2gzWVB1YU4zWUFxNmE2OC8vSXZVQ0pmL3JHM0pDUW9zUE5KaXpTbDN5OE1TUVQ1Vkx2R1RvVUtNOVJZN00ybDZ3WHBuUWlZNnYrOEpPQmVt&amp;rh=ff0088fcf4bfe066afe66421294680e807feae7a__;!!Hj9Y_P0nvg!EFmUeaUVqu-ao4QQXBZJ6WM_yfpznzB9e9Z_F4y0r77dnv2CLd1Mn2YblKKKHK_SUet0zA$\">buradan <\/a>ve Rehber&#8217;e <a href=\"https:\/\/urldefense.com\/v3\/__https:\/esinxchange.com\/collect\/click.aspx?u=RFBuSHlQcHJkWTJSM3JPY2gzWVB1YU4zWUFxNmE2OC8vSXZVQ0pmL3JHM0pDUW9zUE5KaXpTbDN5OE1TUVQ1VkVmS3ZOWTlXYTVwQThOd2RHQTBSblZ2c0JvS3p5TW1INkJlVjc0OUp6dXFFaCtXTWhNRmhJcEZYL0lIN0dRUm9ZdDFQV0cvbythWHFGcXNoS1RYanQ0WUN5a3JYK0JnYw==&amp;rh=ff0088fcf4bfe066afe66421294680e807feae7a__;!!Hj9Y_P0nvg!EFmUeaUVqu-ao4QQXBZJ6WM_yfpznzB9e9Z_F4y0r77dnv2CLd1Mn2YblKKKHK-bAJnzMw$\">buradan <\/a>ula\u015fabilirsiniz.<\/p>\n<h3><strong>Rehber Neler Getiriyor?<\/strong><\/h3>\n<p>\u00c7erez kullanan internet sitesi operat\u00f6rlerinin Kanun&#8217;a uyumunu sa\u011flamay\u0131 ama\u00e7layan Rehber, yaln\u0131zca ki\u015fisel verilerin i\u015flenmesinde kullan\u0131lan \u00e7erezleri kapsamaktad\u0131r. \u0130laveten Rehber, internet sitelerine ek olarak internet ba\u011flant\u0131s\u0131 olan cihazlarda bulunan benzer uygulamalara da uygulanacakt\u0131r.<\/p>\n<h3><em><strong>\u00c7erez tan\u0131m\u0131 ve t\u00fcrleri <\/strong><\/em><\/h3>\n<p>Rehber, \u00e7erezleri; &#8220;<em>internet sitesi operat\u00f6rleri taraf\u0131ndan kullan\u0131c\u0131 cihaz\u0131na yerle\u015ftirilen bir t\u00fcr<\/em><br \/>\n<em>metin dosyas\u0131d\u0131r HTTP(S) (Hiper Metin Transferi Protokol\u00fc) talebinin bir par\u00e7as\u0131 olarak aktar\u0131l\u0131r<\/em>&#8221; \u015feklinde tan\u0131mlam\u0131\u015ft\u0131r. Rehber&#8217;deki bir di\u011fer \u00e7erez tan\u0131m\u0131 ise &#8220;<em>bir internet sayfas\u0131 ziyaret edildi\u011finde<\/em><br \/>\n<em>kullan\u0131c\u0131lara ili\u015fkin birtak\u0131m bilgilerin kullan\u0131c\u0131lar\u0131n terminal cihazlar\u0131nda depolanmas\u0131na izin veren d\u00fc\u015f\u00fck boyutlu zengin metin bi\u00e7imli text formatlar\u0131<\/em>&#8220;d\u0131r.<\/p>\n<p>Rehber, \u00e7erez t\u00fcrlerini (i) s\u00fcrelerine g\u00f6re, (ii) kullan\u0131m ama\u00e7lar\u0131na g\u00f6re ve (iii) taraflar\u0131na g\u00f6re \u00e7erezler olmak \u00fczere 3 ana ba\u015fl\u0131kta toplam\u0131\u015ft\u0131r. S\u00fcrelerine g\u00f6re \u00e7erezler, oturum \u00e7erezleri ve kal\u0131c\u0131 \u00e7erezlerdir. Kullan\u0131m ama\u00e7lar\u0131na g\u00f6re \u00e7erezler; kesinlikle gerekli, i\u015flevsel, performans-analitik ve reklam\/pazarlama \u00e7erezleridir. Taraflar\u0131na g\u00f6re \u00e7erezler ise, \u00e7erezin, kullan\u0131c\u0131n\u0131n ziyaret etti\u011fi internet sitesi veya etki alan\u0131 taraf\u0131ndan yerle\u015ftirilip yerle\u015ftirilmemesine ba\u011fl\u0131 olarak birinci ve \u00fc\u00e7\u00fcnc\u00fc taraf \u00e7erez olarak ikiye ayr\u0131lmaktad\u0131r.<\/p>\n<h3><em><strong>EHK-Kanun ili\u015fkisi<\/strong><\/em><\/h3>\n<p>Rehber, EHK ile Kanun arasindaki iliski bakimindan; EHK&#8217;da 2002\/58\/EC sayili E-Gizlilik Direktifi&#8217;nin bilgi toplumu hizmetlerine y\u00f6nelik d\u00fczenlemeleri yer almad\u0131\u011f\u0131ndan bu konuda Kanun&#8217;un uygulama alan\u0131 bulaca\u011f\u0131n\u0131 belirterek, Kurum&#8217;un 27 \u015eubat 2020 tarihli ve 2020\/173 say\u0131l\u0131 karar\u0131na dikkat \u00e7ekmi\u015ftir. \u0130laveten, EHK&#8217;n\u0131n yaln\u0131zca veri sorumlusu i\u015fletmeciler ile s\u0131n\u0131rl\u0131 olarak uygulanabilece\u011fi ifade edilmi\u015ftir.<\/p>\n<h3><em><strong>\u00c7erez kullan\u0131m\u0131nda a\u00e7\u0131k r\u0131za al\u0131nmas\u0131na ili\u015fkin kurallar <\/strong><\/em><\/h3>\n<p>Rehber&#8217;de \u00e7erez kullan\u0131m\u0131nda a\u00e7\u0131k r\u0131zan\u0131n al\u0131n\u0131p al\u0131nmayaca\u011f\u0131 hususunda belirleyici olan ve Avrupa Birli\u011fi&#8217;nde yer verilen iki kriter vurgulanm\u0131\u015ft\u0131r. Bu do\u011frultuda, \u00e7erez kullan\u0131m\u0131n\u0131n (i) sadece elektronik haberle\u015fme \u015febekesi \u00fczerinden ileti\u015fim sa\u011flanmas\u0131 kapsam\u0131nda veya (ii) abonenin veya kullan\u0131c\u0131n\u0131n a\u00e7\u0131k\u00e7a talep etti\u011fi bilgi toplum hizmetleri i\u00e7in kesinlikle gerekli olup olmad\u0131\u011f\u0131 de\u011ferlendirilmelidir. Bu kriterlerden birine girmeyen ve Kanun&#8217;daki a\u00e7\u0131k r\u0131za d\u0131\u015f\u0131ndaki veri i\u015fleme \u015fartlar\u0131ndan herhangi birinin bulunmad\u0131\u011f\u0131 hallerde, ilgili ki\u015finin a\u00e7\u0131k r\u0131zas\u0131 al\u0131nmal\u0131d\u0131r. Belirtildi\u011fi \u00fczere, \u00e7erez kullan\u0131m\u0131 i\u00e7in Kanun&#8217;da g\u00f6sterilen veri i\u015fleme \u015fartlar\u0131ndan herhangi birinin mevcudiyeti halinde ilgili ki\u015finin a\u00e7\u0131k r\u0131zas\u0131n\u0131n al\u0131nmas\u0131 gerekmeyecektir.<\/p>\n<p>Kurum, veri sorumlular\u0131n\u0131n a\u00e7\u0131k r\u0131za al\u0131nmas\u0131n\u0131 gerektiren \u00e7erez kullan\u0131mlar\u0131nda, a\u00e7\u0131k r\u0131zan\u0131n hukuka uygun olmas\u0131 i\u00e7in ilgili ki\u015finin a\u00e7\u0131k ve spesifik olarak bilgilendirilmesi ve r\u0131zan\u0131n ilgili ki\u015finin aktif eylemi ve \u00f6zg\u00fcr iradesiyle al\u0131nmas\u0131 gerekti\u011fini vurgulam\u0131\u015ft\u0131r. Kurum, \u00e7ok s\u0131k aral\u0131klarla r\u0131za al\u0131nmas\u0131n\u0131n &#8220;r\u0131za yorgunlu\u011funa&#8221; sebebiyet verebilece\u011fini ve ilgili ki\u015finin \u00f6zg\u00fcr iradesini sakatlayabilece\u011fini belirtmi\u015ftir. Rehber uyar\u0131nca, internet sitesine her giri\u015fte r\u0131za al\u0131nmas\u0131 yerine a\u00e7\u0131k r\u0131za tercihinin \u00e7erezin \u00f6mr\u00fcyle orant\u0131l\u0131 \u015fekilde hat\u0131rlat\u0131lmas\u0131 yeterlidir. Son olarak, \u00e7erez onay\u0131n\u0131n ilgili ki\u015finin internet sitesi i\u00e7eri\u011fini g\u00f6r\u00fcnt\u00fclemesini engelleyici \u00e7erez duvarlar\u0131 kullan\u0131larak al\u0131nmas\u0131n\u0131n, a\u00e7\u0131k r\u0131zan\u0131n hizmetin \u00f6n ko\u015fulu olarak sunulmas\u0131 sebebiyle \u00f6zg\u00fcr iradeyi sakatlad\u0131\u011f\u0131 vurgulanm\u0131\u015ft\u0131r.<\/p>\n<h3><strong>Sonu\u00e7<\/strong><\/h3>\n<p>Kurum, \u00e7erez kullan\u0131m\u0131na ili\u015fkin uygulamalar\u0131n hukuka uygun hale getirilmesi amac\u0131yla yay\u0131mlad\u0131\u011f\u0131 Rehber&#8217;de, ba\u015fta internet sitesi operat\u00f6rleri olmak \u00fczere \u00e7erezler arac\u0131l\u0131\u011f\u0131yla ki\u015fisel veri i\u015fleme faaliyetinde bulunanlara yol g\u00f6stermeyi hedeflemektedir. \u0130lgililer, uygulama bak\u0131m\u0131ndan olduk\u00e7a \u00f6nemli olan Rehber&#8217;i inceleyerek 10 \u015eubat 2022 tarihine kadar g\u00f6r\u00fc\u015f ve \u00f6nerilerini Kurum&#8217;a iletebilir.<\/p>\n<p>&nbsp;<\/p>\n<p><a href=\"#_ftnref1\">[1]<\/a> Rehber&#8217;de an\u0131lan &#8220;internet sitesi&#8221; terimi, internet sitesi veya ortamlar\u0131 (mobil veya tablet gibi) i\u00e7erir \u015fekilde kullan\u0131lmaktad\u0131r.<\/p>\n","protected":false},"excerpt":{"rendered":"<p>\u00a0 \u00a0 \u00a0 \u00a0 \u00a0 \u00a0Bu b\u00fcltenimizi podcast olarak da dinleyebilirsiniz! Ki\u015fisel Verileri Koruma Kurumu (&#8220;Kurum&#8220;), \u00c7erez Uygulamalar\u0131 Hakk\u0131nda Rehber [&hellip;]<\/p>\n","protected":false},"author":4,"featured_media":0,"comment_status":"closed","ping_status":"closed","sticky":false,"template":"","format":"standard","meta":{"_acf_changed":false,"_stopmodifiedupdate":false,"_modified_date":"","footnotes":""},"categories":[120],"tags":[93],"class_list":["post-21579","post","type-post","status-publish","format-standard","hentry","category-legal-alerts","tag-information-technology-communications-tr"],"acf":[],"yoast_head":"<!-- This site is optimized with the Yoast SEO plugin v24.0 - https:\/\/yoast.com\/wordpress\/plugins\/seo\/ -->\n<title>\u00c7erez Uygulamalar\u0131 Hakk\u0131nda Rehber Tasla\u011f\u0131 G\u00f6r\u00fc\u015fe A\u00e7\u0131ld\u0131<\/title>\n<meta name=\"description\" content=\"\u00a0 \u00a0 \u00a0 \u00a0 \u00a0 \u00a0Bu b\u00fcltenimizi podcast olarak da dinleyebilirsiniz! Ki\u015fisel Verileri Koruma Kurumu (&quot;Kurum&quot;), \u00c7erez Uygulamalar\u0131 Hakk\u0131nda Rehber Tasla\u011f\u0131&#039;n\u0131\" \/>\n<meta name=\"robots\" content=\"index, follow, max-snippet:-1, max-image-preview:large, max-video-preview:-1\" \/>\n<link rel=\"canonical\" href=\"https:\/\/www.esin.av.tr\/tr\/2022\/01\/13\/cerez-uygulamalari-hakkinda-rehber-taslagi-goruse-acildi\/\" \/>\n<meta property=\"og:locale\" content=\"tr_TR\" \/>\n<meta property=\"og:type\" content=\"article\" \/>\n<meta property=\"og:title\" content=\"\u00c7erez Uygulamalar\u0131 Hakk\u0131nda Rehber Tasla\u011f\u0131 G\u00f6r\u00fc\u015fe A\u00e7\u0131ld\u0131\" \/>\n<meta property=\"og:description\" content=\"\u00a0 \u00a0 \u00a0 \u00a0 \u00a0 \u00a0Bu b\u00fcltenimizi podcast olarak da dinleyebilirsiniz! Ki\u015fisel Verileri Koruma Kurumu (&quot;Kurum&quot;), \u00c7erez Uygulamalar\u0131 Hakk\u0131nda Rehber Tasla\u011f\u0131&#039;n\u0131\" \/>\n<meta property=\"og:url\" content=\"https:\/\/www.esin.av.tr\/tr\/2022\/01\/13\/cerez-uygulamalari-hakkinda-rehber-taslagi-goruse-acildi\/\" \/>\n<meta property=\"og:site_name\" content=\"Esin Avukatl\u0131k Ortakl\u0131\u011f\u0131\" \/>\n<meta property=\"article:published_time\" content=\"2022-01-13T10:17:35+00:00\" \/>\n<meta property=\"article:modified_time\" content=\"2022-06-09T13:39:02+00:00\" \/>\n<meta property=\"og:image\" content=\"https:\/\/www.esin.av.tr\/wp-content\/uploads\/2021\/02\/1.png\" \/>\n<meta name=\"author\" content=\"R\u0131dvan Konrat\" \/>\n<meta name=\"twitter:card\" content=\"summary_large_image\" \/>\n<meta name=\"twitter:label1\" content=\"Written by\" \/>\n\t<meta name=\"twitter:data1\" content=\"R\u0131dvan Konrat\" \/>\n\t<meta name=\"twitter:label2\" content=\"Est. reading time\" \/>\n\t<meta name=\"twitter:data2\" content=\"4 minutes\" \/>\n<script type=\"application\/ld+json\" class=\"yoast-schema-graph\">{\"@context\":\"https:\/\/schema.org\",\"@graph\":[{\"@type\":\"Article\",\"@id\":\"https:\/\/www.esin.av.tr\/tr\/2022\/01\/13\/cerez-uygulamalari-hakkinda-rehber-taslagi-goruse-acildi\/#article\",\"isPartOf\":{\"@id\":\"https:\/\/www.esin.av.tr\/tr\/2022\/01\/13\/cerez-uygulamalari-hakkinda-rehber-taslagi-goruse-acildi\/\"},\"author\":{\"name\":\"R\u0131dvan Konrat\",\"@id\":\"https:\/\/www.esin.av.tr\/tr\/#\/schema\/person\/42c8e616aab56b8622fa365ad63282ae\"},\"headline\":\"\u00c7erez Uygulamalar\u0131 Hakk\u0131nda Rehber Tasla\u011f\u0131 G\u00f6r\u00fc\u015fe A\u00e7\u0131ld\u0131\",\"datePublished\":\"2022-01-13T10:17:35+00:00\",\"dateModified\":\"2022-06-09T13:39:02+00:00\",\"mainEntityOfPage\":{\"@id\":\"https:\/\/www.esin.av.tr\/tr\/2022\/01\/13\/cerez-uygulamalari-hakkinda-rehber-taslagi-goruse-acildi\/\"},\"wordCount\":910,\"publisher\":{\"@id\":\"https:\/\/www.esin.av.tr\/tr\/#organization\"},\"image\":{\"@id\":\"https:\/\/www.esin.av.tr\/tr\/2022\/01\/13\/cerez-uygulamalari-hakkinda-rehber-taslagi-goruse-acildi\/#primaryimage\"},\"thumbnailUrl\":\"https:\/\/www.esin.av.tr\/wp-content\/uploads\/2021\/02\/1.png\",\"keywords\":[\"Bilgi Teknolojileri ve Telekom\u00fcnikasyon\"],\"articleSection\":[\"Hukuk B\u00fcltenleri\"],\"inLanguage\":\"tr\"},{\"@type\":\"WebPage\",\"@id\":\"https:\/\/www.esin.av.tr\/tr\/2022\/01\/13\/cerez-uygulamalari-hakkinda-rehber-taslagi-goruse-acildi\/\",\"url\":\"https:\/\/www.esin.av.tr\/tr\/2022\/01\/13\/cerez-uygulamalari-hakkinda-rehber-taslagi-goruse-acildi\/\",\"name\":\"\u00c7erez Uygulamalar\u0131 Hakk\u0131nda Rehber Tasla\u011f\u0131 G\u00f6r\u00fc\u015fe A\u00e7\u0131ld\u0131\",\"isPartOf\":{\"@id\":\"https:\/\/www.esin.av.tr\/tr\/#website\"},\"primaryImageOfPage\":{\"@id\":\"https:\/\/www.esin.av.tr\/tr\/2022\/01\/13\/cerez-uygulamalari-hakkinda-rehber-taslagi-goruse-acildi\/#primaryimage\"},\"image\":{\"@id\":\"https:\/\/www.esin.av.tr\/tr\/2022\/01\/13\/cerez-uygulamalari-hakkinda-rehber-taslagi-goruse-acildi\/#primaryimage\"},\"thumbnailUrl\":\"https:\/\/www.esin.av.tr\/wp-content\/uploads\/2021\/02\/1.png\",\"datePublished\":\"2022-01-13T10:17:35+00:00\",\"dateModified\":\"2022-06-09T13:39:02+00:00\",\"description\":\"\u00a0 \u00a0 \u00a0 \u00a0 \u00a0 \u00a0Bu b\u00fcltenimizi podcast olarak da dinleyebilirsiniz! Ki\u015fisel Verileri Koruma Kurumu (\\\"Kurum\\\"), \u00c7erez Uygulamalar\u0131 Hakk\u0131nda Rehber Tasla\u011f\u0131'n\u0131\",\"breadcrumb\":{\"@id\":\"https:\/\/www.esin.av.tr\/tr\/2022\/01\/13\/cerez-uygulamalari-hakkinda-rehber-taslagi-goruse-acildi\/#breadcrumb\"},\"inLanguage\":\"tr\",\"potentialAction\":[{\"@type\":\"ReadAction\",\"target\":[\"https:\/\/www.esin.av.tr\/tr\/2022\/01\/13\/cerez-uygulamalari-hakkinda-rehber-taslagi-goruse-acildi\/\"]}]},{\"@type\":\"ImageObject\",\"inLanguage\":\"tr\",\"@id\":\"https:\/\/www.esin.av.tr\/tr\/2022\/01\/13\/cerez-uygulamalari-hakkinda-rehber-taslagi-goruse-acildi\/#primaryimage\",\"url\":\"https:\/\/www.esin.av.tr\/wp-content\/uploads\/2021\/02\/1.png\",\"contentUrl\":\"https:\/\/www.esin.av.tr\/wp-content\/uploads\/2021\/02\/1.png\"},{\"@type\":\"BreadcrumbList\",\"@id\":\"https:\/\/www.esin.av.tr\/tr\/2022\/01\/13\/cerez-uygulamalari-hakkinda-rehber-taslagi-goruse-acildi\/#breadcrumb\",\"itemListElement\":[{\"@type\":\"ListItem\",\"position\":1,\"name\":\"Home\",\"item\":\"https:\/\/www.esin.av.tr\/tr\/\"},{\"@type\":\"ListItem\",\"position\":2,\"name\":\"\u00c7erez Uygulamalar\u0131 Hakk\u0131nda Rehber Tasla\u011f\u0131 G\u00f6r\u00fc\u015fe A\u00e7\u0131ld\u0131\"}]},{\"@type\":\"WebSite\",\"@id\":\"https:\/\/www.esin.av.tr\/tr\/#website\",\"url\":\"https:\/\/www.esin.av.tr\/tr\/\",\"name\":\"Esin Avukatl\u0131k Ortakl\u0131\u011f\u0131\",\"description\":\"\",\"publisher\":{\"@id\":\"https:\/\/www.esin.av.tr\/tr\/#organization\"},\"potentialAction\":[{\"@type\":\"SearchAction\",\"target\":{\"@type\":\"EntryPoint\",\"urlTemplate\":\"https:\/\/www.esin.av.tr\/tr\/?s={search_term_string}\"},\"query-input\":{\"@type\":\"PropertyValueSpecification\",\"valueRequired\":true,\"valueName\":\"search_term_string\"}}],\"inLanguage\":\"tr\"},{\"@type\":\"Organization\",\"@id\":\"https:\/\/www.esin.av.tr\/tr\/#organization\",\"name\":\"Esin Avukatl\u0131k Ortakl\u0131\u011f\u0131\",\"url\":\"https:\/\/www.esin.av.tr\/tr\/\",\"logo\":{\"@type\":\"ImageObject\",\"inLanguage\":\"tr\",\"@id\":\"https:\/\/www.esin.av.tr\/tr\/#\/schema\/logo\/image\/\",\"url\":\"https:\/\/www.esin.av.tr\/wp-content\/uploads\/2021\/09\/esin-2.jpg\",\"contentUrl\":\"https:\/\/www.esin.av.tr\/wp-content\/uploads\/2021\/09\/esin-2.jpg\",\"width\":800,\"height\":460,\"caption\":\"Esin Avukatl\u0131k Ortakl\u0131\u011f\u0131\"},\"image\":{\"@id\":\"https:\/\/www.esin.av.tr\/tr\/#\/schema\/logo\/image\/\"}},{\"@type\":\"Person\",\"@id\":\"https:\/\/www.esin.av.tr\/tr\/#\/schema\/person\/42c8e616aab56b8622fa365ad63282ae\",\"name\":\"R\u0131dvan Konrat\",\"image\":{\"@type\":\"ImageObject\",\"inLanguage\":\"tr\",\"@id\":\"https:\/\/www.esin.av.tr\/tr\/#\/schema\/person\/image\/\",\"url\":\"https:\/\/secure.gravatar.com\/avatar\/b20c6c583be38ed4e76e32f69fccc676?s=96&d=mm&r=g\",\"contentUrl\":\"https:\/\/secure.gravatar.com\/avatar\/b20c6c583be38ed4e76e32f69fccc676?s=96&d=mm&r=g\",\"caption\":\"R\u0131dvan Konrat\"},\"sameAs\":[\"http:\/\/www.esin.av.tr\"],\"url\":\"https:\/\/www.esin.av.tr\/tr\/author\/rkonrat\/\"}]}<\/script>\n<!-- \/ Yoast SEO plugin. -->","yoast_head_json":{"title":"\u00c7erez Uygulamalar\u0131 Hakk\u0131nda Rehber Tasla\u011f\u0131 G\u00f6r\u00fc\u015fe A\u00e7\u0131ld\u0131","description":"\u00a0 \u00a0 \u00a0 \u00a0 \u00a0 \u00a0Bu b\u00fcltenimizi podcast olarak da dinleyebilirsiniz! Ki\u015fisel Verileri Koruma Kurumu (\"Kurum\"), \u00c7erez Uygulamalar\u0131 Hakk\u0131nda Rehber Tasla\u011f\u0131'n\u0131","robots":{"index":"index","follow":"follow","max-snippet":"max-snippet:-1","max-image-preview":"max-image-preview:large","max-video-preview":"max-video-preview:-1"},"canonical":"https:\/\/www.esin.av.tr\/tr\/2022\/01\/13\/cerez-uygulamalari-hakkinda-rehber-taslagi-goruse-acildi\/","og_locale":"tr_TR","og_type":"article","og_title":"\u00c7erez Uygulamalar\u0131 Hakk\u0131nda Rehber Tasla\u011f\u0131 G\u00f6r\u00fc\u015fe A\u00e7\u0131ld\u0131","og_description":"\u00a0 \u00a0 \u00a0 \u00a0 \u00a0 \u00a0Bu b\u00fcltenimizi podcast olarak da dinleyebilirsiniz! Ki\u015fisel Verileri Koruma Kurumu (\"Kurum\"), \u00c7erez Uygulamalar\u0131 Hakk\u0131nda Rehber Tasla\u011f\u0131'n\u0131","og_url":"https:\/\/www.esin.av.tr\/tr\/2022\/01\/13\/cerez-uygulamalari-hakkinda-rehber-taslagi-goruse-acildi\/","og_site_name":"Esin Avukatl\u0131k Ortakl\u0131\u011f\u0131","article_published_time":"2022-01-13T10:17:35+00:00","article_modified_time":"2022-06-09T13:39:02+00:00","og_image":[{"url":"https:\/\/www.esin.av.tr\/wp-content\/uploads\/2021\/02\/1.png","type":"","width":"","height":""}],"author":"R\u0131dvan Konrat","twitter_card":"summary_large_image","twitter_misc":{"Written by":"R\u0131dvan Konrat","Est. reading time":"4 minutes"},"schema":{"@context":"https:\/\/schema.org","@graph":[{"@type":"Article","@id":"https:\/\/www.esin.av.tr\/tr\/2022\/01\/13\/cerez-uygulamalari-hakkinda-rehber-taslagi-goruse-acildi\/#article","isPartOf":{"@id":"https:\/\/www.esin.av.tr\/tr\/2022\/01\/13\/cerez-uygulamalari-hakkinda-rehber-taslagi-goruse-acildi\/"},"author":{"name":"R\u0131dvan Konrat","@id":"https:\/\/www.esin.av.tr\/tr\/#\/schema\/person\/42c8e616aab56b8622fa365ad63282ae"},"headline":"\u00c7erez Uygulamalar\u0131 Hakk\u0131nda Rehber Tasla\u011f\u0131 G\u00f6r\u00fc\u015fe A\u00e7\u0131ld\u0131","datePublished":"2022-01-13T10:17:35+00:00","dateModified":"2022-06-09T13:39:02+00:00","mainEntityOfPage":{"@id":"https:\/\/www.esin.av.tr\/tr\/2022\/01\/13\/cerez-uygulamalari-hakkinda-rehber-taslagi-goruse-acildi\/"},"wordCount":910,"publisher":{"@id":"https:\/\/www.esin.av.tr\/tr\/#organization"},"image":{"@id":"https:\/\/www.esin.av.tr\/tr\/2022\/01\/13\/cerez-uygulamalari-hakkinda-rehber-taslagi-goruse-acildi\/#primaryimage"},"thumbnailUrl":"https:\/\/www.esin.av.tr\/wp-content\/uploads\/2021\/02\/1.png","keywords":["Bilgi Teknolojileri ve Telekom\u00fcnikasyon"],"articleSection":["Hukuk B\u00fcltenleri"],"inLanguage":"tr"},{"@type":"WebPage","@id":"https:\/\/www.esin.av.tr\/tr\/2022\/01\/13\/cerez-uygulamalari-hakkinda-rehber-taslagi-goruse-acildi\/","url":"https:\/\/www.esin.av.tr\/tr\/2022\/01\/13\/cerez-uygulamalari-hakkinda-rehber-taslagi-goruse-acildi\/","name":"\u00c7erez Uygulamalar\u0131 Hakk\u0131nda Rehber Tasla\u011f\u0131 G\u00f6r\u00fc\u015fe A\u00e7\u0131ld\u0131","isPartOf":{"@id":"https:\/\/www.esin.av.tr\/tr\/#website"},"primaryImageOfPage":{"@id":"https:\/\/www.esin.av.tr\/tr\/2022\/01\/13\/cerez-uygulamalari-hakkinda-rehber-taslagi-goruse-acildi\/#primaryimage"},"image":{"@id":"https:\/\/www.esin.av.tr\/tr\/2022\/01\/13\/cerez-uygulamalari-hakkinda-rehber-taslagi-goruse-acildi\/#primaryimage"},"thumbnailUrl":"https:\/\/www.esin.av.tr\/wp-content\/uploads\/2021\/02\/1.png","datePublished":"2022-01-13T10:17:35+00:00","dateModified":"2022-06-09T13:39:02+00:00","description":"\u00a0 \u00a0 \u00a0 \u00a0 \u00a0 \u00a0Bu b\u00fcltenimizi podcast olarak da dinleyebilirsiniz! Ki\u015fisel Verileri Koruma Kurumu (\"Kurum\"), \u00c7erez Uygulamalar\u0131 Hakk\u0131nda Rehber Tasla\u011f\u0131'n\u0131","breadcrumb":{"@id":"https:\/\/www.esin.av.tr\/tr\/2022\/01\/13\/cerez-uygulamalari-hakkinda-rehber-taslagi-goruse-acildi\/#breadcrumb"},"inLanguage":"tr","potentialAction":[{"@type":"ReadAction","target":["https:\/\/www.esin.av.tr\/tr\/2022\/01\/13\/cerez-uygulamalari-hakkinda-rehber-taslagi-goruse-acildi\/"]}]},{"@type":"ImageObject","inLanguage":"tr","@id":"https:\/\/www.esin.av.tr\/tr\/2022\/01\/13\/cerez-uygulamalari-hakkinda-rehber-taslagi-goruse-acildi\/#primaryimage","url":"https:\/\/www.esin.av.tr\/wp-content\/uploads\/2021\/02\/1.png","contentUrl":"https:\/\/www.esin.av.tr\/wp-content\/uploads\/2021\/02\/1.png"},{"@type":"BreadcrumbList","@id":"https:\/\/www.esin.av.tr\/tr\/2022\/01\/13\/cerez-uygulamalari-hakkinda-rehber-taslagi-goruse-acildi\/#breadcrumb","itemListElement":[{"@type":"ListItem","position":1,"name":"Home","item":"https:\/\/www.esin.av.tr\/tr\/"},{"@type":"ListItem","position":2,"name":"\u00c7erez Uygulamalar\u0131 Hakk\u0131nda Rehber Tasla\u011f\u0131 G\u00f6r\u00fc\u015fe A\u00e7\u0131ld\u0131"}]},{"@type":"WebSite","@id":"https:\/\/www.esin.av.tr\/tr\/#website","url":"https:\/\/www.esin.av.tr\/tr\/","name":"Esin Avukatl\u0131k Ortakl\u0131\u011f\u0131","description":"","publisher":{"@id":"https:\/\/www.esin.av.tr\/tr\/#organization"},"potentialAction":[{"@type":"SearchAction","target":{"@type":"EntryPoint","urlTemplate":"https:\/\/www.esin.av.tr\/tr\/?s={search_term_string}"},"query-input":{"@type":"PropertyValueSpecification","valueRequired":true,"valueName":"search_term_string"}}],"inLanguage":"tr"},{"@type":"Organization","@id":"https:\/\/www.esin.av.tr\/tr\/#organization","name":"Esin Avukatl\u0131k Ortakl\u0131\u011f\u0131","url":"https:\/\/www.esin.av.tr\/tr\/","logo":{"@type":"ImageObject","inLanguage":"tr","@id":"https:\/\/www.esin.av.tr\/tr\/#\/schema\/logo\/image\/","url":"https:\/\/www.esin.av.tr\/wp-content\/uploads\/2021\/09\/esin-2.jpg","contentUrl":"https:\/\/www.esin.av.tr\/wp-content\/uploads\/2021\/09\/esin-2.jpg","width":800,"height":460,"caption":"Esin Avukatl\u0131k Ortakl\u0131\u011f\u0131"},"image":{"@id":"https:\/\/www.esin.av.tr\/tr\/#\/schema\/logo\/image\/"}},{"@type":"Person","@id":"https:\/\/www.esin.av.tr\/tr\/#\/schema\/person\/42c8e616aab56b8622fa365ad63282ae","name":"R\u0131dvan Konrat","image":{"@type":"ImageObject","inLanguage":"tr","@id":"https:\/\/www.esin.av.tr\/tr\/#\/schema\/person\/image\/","url":"https:\/\/secure.gravatar.com\/avatar\/b20c6c583be38ed4e76e32f69fccc676?s=96&d=mm&r=g","contentUrl":"https:\/\/secure.gravatar.com\/avatar\/b20c6c583be38ed4e76e32f69fccc676?s=96&d=mm&r=g","caption":"R\u0131dvan Konrat"},"sameAs":["http:\/\/www.esin.av.tr"],"url":"https:\/\/www.esin.av.tr\/tr\/author\/rkonrat\/"}]}},"_links":{"self":[{"href":"https:\/\/www.esin.av.tr\/tr\/wp-json\/wp\/v2\/posts\/21579","targetHints":{"allow":["GET"]}}],"collection":[{"href":"https:\/\/www.esin.av.tr\/tr\/wp-json\/wp\/v2\/posts"}],"about":[{"href":"https:\/\/www.esin.av.tr\/tr\/wp-json\/wp\/v2\/types\/post"}],"author":[{"embeddable":true,"href":"https:\/\/www.esin.av.tr\/tr\/wp-json\/wp\/v2\/users\/4"}],"replies":[{"embeddable":true,"href":"https:\/\/www.esin.av.tr\/tr\/wp-json\/wp\/v2\/comments?post=21579"}],"version-history":[{"count":1,"href":"https:\/\/www.esin.av.tr\/tr\/wp-json\/wp\/v2\/posts\/21579\/revisions"}],"predecessor-version":[{"id":21580,"href":"https:\/\/www.esin.av.tr\/tr\/wp-json\/wp\/v2\/posts\/21579\/revisions\/21580"}],"wp:attachment":[{"href":"https:\/\/www.esin.av.tr\/tr\/wp-json\/wp\/v2\/media?parent=21579"}],"wp:term":[{"taxonomy":"category","embeddable":true,"href":"https:\/\/www.esin.av.tr\/tr\/wp-json\/wp\/v2\/categories?post=21579"},{"taxonomy":"post_tag","embeddable":true,"href":"https:\/\/www.esin.av.tr\/tr\/wp-json\/wp\/v2\/tags?post=21579"}],"curies":[{"name":"wp","href":"https:\/\/api.w.org\/{rel}","templated":true}]}}