{"id":21495,"date":"2022-01-06T13:45:59","date_gmt":"2022-01-06T13:45:59","guid":{"rendered":"https:\/\/www.esin.av.tr\/?p=21495"},"modified":"2022-06-09T13:39:17","modified_gmt":"2022-06-09T13:39:17","slug":"yabancilar-icin-vatandaslik-amacli-gayrimenkul-yatirimlarinda-onemli-gelisme","status":"publish","type":"post","link":"https:\/\/www.esin.av.tr\/tr\/2022\/01\/06\/yabancilar-icin-vatandaslik-amacli-gayrimenkul-yatirimlarinda-onemli-gelisme\/","title":{"rendered":"Yabanc\u0131lar i\u00e7in Vatanda\u015fl\u0131k Ama\u00e7l\u0131 Gayrimenkul Yat\u0131r\u0131mlar\u0131nda \u00d6nemli Geli\u015fme"},"content":{"rendered":"<h2>T\u00fcrk Vatanda\u015fl\u0131\u011f\u0131 Kanunu&#8217;nun Uygulanmas\u0131na \u0130li\u015fkin Y\u00f6netmelik&#8217;te De\u011fi\u015fiklik Yap\u0131lmas\u0131na Dair Y\u00f6netmelik, 6 Ocak 2022 tarihli ve 31711 say\u0131l\u0131 Resmi Gazete&#8217;de yay\u0131nlanarak y\u00fcr\u00fcrl\u00fc\u011fe girmi\u015ftir (&#8220;<strong>Y\u00f6netmelik<\/strong>&#8220;). Y\u00f6netmelik, yat\u0131r\u0131m yaparak vatanda\u015fl\u0131k sahibi olmak isteyenler i\u00e7in uygulanacak usullere ili\u015fkin \u00f6nemli d\u00fczenlemeler getirdi.<\/h2>\n<h3><strong>Y\u00f6netmelik ne diyor?<\/strong><\/h3>\n<ul>\n<li>T\u00fcrk Vatanda\u015fl\u0131\u011f\u0131 Kanunu&#8217;nun Uygulanmas\u0131na \u0130li\u015fkin Y\u00f6netmelik, sermaye veya gayrimenkul yat\u0131r\u0131m\u0131 ile vatanda\u015fl\u0131k almak i\u00e7in ABD Dolar\u0131 \u00fczerinden belli s\u0131n\u0131rlar belirlemekteydi. Bu s\u0131n\u0131rlar\u0131n kar\u015f\u0131l\u0131\u011f\u0131 olan di\u011fer yabanc\u0131 paralar halen kabul edilmekte iken, &#8220;kar\u015f\u0131l\u0131\u011f\u0131 olan T\u00fcrk Liras\u0131&#8221; ibareleri kald\u0131r\u0131lm\u0131\u015ft\u0131r. B\u00f6ylece, yabanc\u0131lar\u0131n sermaye veya gayrimenkul yat\u0131r\u0131m\u0131 kapsam\u0131nda vatanda\u015fl\u0131\u011fa hak kazanmalar\u0131 i\u00e7in d\u00f6viz cinsinden yat\u0131r\u0131m yapmalar\u0131 gerekti\u011fi belirlendi.<\/li>\n<li>Yabanc\u0131 uyruklu ki\u015filer, yat\u0131r\u0131m \u015fart\u0131n\u0131 sa\u011flamak i\u00e7in yabanc\u0131 d\u00f6viz tutar\u0131n\u0131, T\u00fcrkiye&#8217;de faaliyet g\u00f6steren bir bankaya i\u015flem \u00f6ncesinde sat\u0131p T\u00fcrk Liras\u0131na \u00e7evrilmesini sa\u011flamakla y\u00fck\u00fcml\u00fc k\u0131l\u0131nd\u0131.<\/li>\n<li>Bunu takiben, d\u00f6viz sat\u0131m\u0131n\u0131n yap\u0131ld\u0131\u011f\u0131 ilgili banka, s\u00f6z konusu d\u00f6viz tutar\u0131n\u0131n T\u00fcrkiye Cumhuriyeti Merkez Bankas\u0131&#8217;na (&#8220;<strong>TCMB<\/strong>&#8220;) sat\u0131\u015f\u0131n\u0131 ger\u00e7ekle\u015ftirmekle y\u00fck\u00fcml\u00fc k\u0131l\u0131nd\u0131.<\/li>\n<li>TCMB ilgili yat\u0131r\u0131m\u0131 T\u00fcrkiye&#8217;de mevduat tutma \u015fart\u0131 i\u00e7in yap\u0131lan i\u015flemlerde T\u00fcrk Liras\u0131 mevduat hesab\u0131nda, T\u00fcrkiye&#8217;deki bor\u00e7lanma ara\u00e7lar\u0131 yoluyla ger\u00e7ekle\u015ftirilen i\u015flemlerde ise devlet bor\u00e7lanma ara\u00e7lar\u0131nda, \u00fc\u00e7 y\u0131l s\u00fcre ile tutacak. Konuya ili\u015fkin usul ve esaslar ise \u00f6n\u00fcm\u00fczdeki d\u00f6nemde TCMB taraf\u0131ndan belirlenecek.<\/li>\n<li>Yine Y\u00f6netmelik&#8217;e g\u00f6re belirlenen yat\u0131r\u0131m \u015fart\u0131n\u0131 tespit etmekle y\u00fck\u00fcml\u00fc ilgili bakanl\u0131klar ve kamu kurulu\u015flar\u0131, bu y\u00fck\u00fcml\u00fcl\u00fcklerine ili\u015fkin usul ve esaslar\u0131n\u0131 kendileri belirleyecek.<\/li>\n<\/ul>\n<h3><strong>Sonu\u00e7: <\/strong><\/h3>\n<p>T\u00dc\u0130K istatistiklerine g\u00f6re yabanc\u0131lara yap\u0131lan konut sat\u0131\u015f\u0131 2019&#8217;da 45 bin ve 2020&#8217;de 40 bin \u00fczerinde ger\u00e7ekle\u015fmi\u015ftir. 2021 y\u0131l\u0131nda Covid pandemisinin etkilerinin de azalmas\u0131yla kas\u0131m ay\u0131 itibariyle bu istatistik 50 bin \u00fczerine \u00e7\u0131kt\u0131. Yeni d\u00fczenleme ile artan talebin daha efektif de\u011ferlendirilmesi, T\u00fcrkiye&#8217;de son aylarda ya\u015fanan kur dalgalanmalar\u0131 g\u00f6z \u00f6n\u00fcnde bulundurularak T\u00fcrk Liras\u0131&#8217;na olan talebin art\u0131r\u0131lmas\u0131 ve TCMB d\u00f6viz rezervlerinin desteklenmesi hedefleniyor. Bu kapsamda TCMB uygulamalar\u0131 ve d\u00fczenlemenin uygulamaya etkileri dikkatle takip edilmelidir.<\/p>\n","protected":false},"excerpt":{"rendered":"<p>T\u00fcrk Vatanda\u015fl\u0131\u011f\u0131 Kanunu&#8217;nun Uygulanmas\u0131na \u0130li\u015fkin Y\u00f6netmelik&#8217;te De\u011fi\u015fiklik Yap\u0131lmas\u0131na Dair Y\u00f6netmelik, 6 Ocak 2022 tarihli ve 31711 say\u0131l\u0131 Resmi Gazete&#8217;de yay\u0131nlanarak [&hellip;]<\/p>\n","protected":false},"author":4,"featured_media":0,"comment_status":"closed","ping_status":"closed","sticky":false,"template":"","format":"standard","meta":{"_acf_changed":false,"_stopmodifiedupdate":false,"_modified_date":"","footnotes":""},"categories":[120],"tags":[100],"class_list":["post-21495","post","type-post","status-publish","format-standard","hentry","category-legal-alerts","tag-real-estate-tr"],"acf":[],"yoast_head":"<!-- This site is optimized with the Yoast SEO plugin v24.0 - https:\/\/yoast.com\/wordpress\/plugins\/seo\/ -->\n<title>Yabanc\u0131lar i\u00e7in Vatanda\u015fl\u0131k Ama\u00e7l\u0131 Gayrimenkul Yat\u0131r\u0131mlar\u0131nda \u00d6nemli Geli\u015fme<\/title>\n<meta name=\"description\" content=\"T\u00fcrk Vatanda\u015fl\u0131\u011f\u0131 Kanunu&#039;nun Uygulanmas\u0131na \u0130li\u015fkin Y\u00f6netmelik&#039;te De\u011fi\u015fiklik Yap\u0131lmas\u0131na Dair Y\u00f6netmelik, 6 Ocak 2022 tarihli ve 31711 say\u0131l\u0131 Resmi\" \/>\n<meta name=\"robots\" content=\"index, follow, max-snippet:-1, max-image-preview:large, max-video-preview:-1\" \/>\n<link rel=\"canonical\" href=\"https:\/\/www.esin.av.tr\/tr\/2022\/01\/06\/yabancilar-icin-vatandaslik-amacli-gayrimenkul-yatirimlarinda-onemli-gelisme\/\" \/>\n<meta property=\"og:locale\" content=\"tr_TR\" \/>\n<meta property=\"og:type\" content=\"article\" \/>\n<meta property=\"og:title\" content=\"Yabanc\u0131lar i\u00e7in Vatanda\u015fl\u0131k Ama\u00e7l\u0131 Gayrimenkul Yat\u0131r\u0131mlar\u0131nda \u00d6nemli Geli\u015fme\" \/>\n<meta property=\"og:description\" content=\"T\u00fcrk Vatanda\u015fl\u0131\u011f\u0131 Kanunu&#039;nun Uygulanmas\u0131na \u0130li\u015fkin Y\u00f6netmelik&#039;te De\u011fi\u015fiklik Yap\u0131lmas\u0131na Dair Y\u00f6netmelik, 6 Ocak 2022 tarihli ve 31711 say\u0131l\u0131 Resmi\" \/>\n<meta property=\"og:url\" content=\"https:\/\/www.esin.av.tr\/tr\/2022\/01\/06\/yabancilar-icin-vatandaslik-amacli-gayrimenkul-yatirimlarinda-onemli-gelisme\/\" \/>\n<meta property=\"og:site_name\" content=\"Esin Avukatl\u0131k Ortakl\u0131\u011f\u0131\" \/>\n<meta property=\"article:published_time\" content=\"2022-01-06T13:45:59+00:00\" \/>\n<meta property=\"article:modified_time\" content=\"2022-06-09T13:39:17+00:00\" \/>\n<meta name=\"author\" content=\"R\u0131dvan Konrat\" \/>\n<meta name=\"twitter:card\" content=\"summary_large_image\" \/>\n<meta name=\"twitter:label1\" content=\"Written by\" \/>\n\t<meta name=\"twitter:data1\" content=\"R\u0131dvan Konrat\" \/>\n\t<meta name=\"twitter:label2\" content=\"Est. reading time\" \/>\n\t<meta name=\"twitter:data2\" content=\"2 minutes\" \/>\n<script type=\"application\/ld+json\" class=\"yoast-schema-graph\">{\"@context\":\"https:\/\/schema.org\",\"@graph\":[{\"@type\":\"Article\",\"@id\":\"https:\/\/www.esin.av.tr\/tr\/2022\/01\/06\/yabancilar-icin-vatandaslik-amacli-gayrimenkul-yatirimlarinda-onemli-gelisme\/#article\",\"isPartOf\":{\"@id\":\"https:\/\/www.esin.av.tr\/tr\/2022\/01\/06\/yabancilar-icin-vatandaslik-amacli-gayrimenkul-yatirimlarinda-onemli-gelisme\/\"},\"author\":{\"name\":\"R\u0131dvan Konrat\",\"@id\":\"https:\/\/www.esin.av.tr\/tr\/#\/schema\/person\/42c8e616aab56b8622fa365ad63282ae\"},\"headline\":\"Yabanc\u0131lar i\u00e7in Vatanda\u015fl\u0131k Ama\u00e7l\u0131 Gayrimenkul Yat\u0131r\u0131mlar\u0131nda \u00d6nemli Geli\u015fme\",\"datePublished\":\"2022-01-06T13:45:59+00:00\",\"dateModified\":\"2022-06-09T13:39:17+00:00\",\"mainEntityOfPage\":{\"@id\":\"https:\/\/www.esin.av.tr\/tr\/2022\/01\/06\/yabancilar-icin-vatandaslik-amacli-gayrimenkul-yatirimlarinda-onemli-gelisme\/\"},\"wordCount\":451,\"publisher\":{\"@id\":\"https:\/\/www.esin.av.tr\/tr\/#organization\"},\"keywords\":[\"Gayrimenkul Hukuku\"],\"articleSection\":[\"Hukuk B\u00fcltenleri\"],\"inLanguage\":\"tr\"},{\"@type\":\"WebPage\",\"@id\":\"https:\/\/www.esin.av.tr\/tr\/2022\/01\/06\/yabancilar-icin-vatandaslik-amacli-gayrimenkul-yatirimlarinda-onemli-gelisme\/\",\"url\":\"https:\/\/www.esin.av.tr\/tr\/2022\/01\/06\/yabancilar-icin-vatandaslik-amacli-gayrimenkul-yatirimlarinda-onemli-gelisme\/\",\"name\":\"Yabanc\u0131lar i\u00e7in Vatanda\u015fl\u0131k Ama\u00e7l\u0131 Gayrimenkul Yat\u0131r\u0131mlar\u0131nda \u00d6nemli Geli\u015fme\",\"isPartOf\":{\"@id\":\"https:\/\/www.esin.av.tr\/tr\/#website\"},\"datePublished\":\"2022-01-06T13:45:59+00:00\",\"dateModified\":\"2022-06-09T13:39:17+00:00\",\"description\":\"T\u00fcrk Vatanda\u015fl\u0131\u011f\u0131 Kanunu'nun Uygulanmas\u0131na \u0130li\u015fkin Y\u00f6netmelik'te De\u011fi\u015fiklik Yap\u0131lmas\u0131na Dair Y\u00f6netmelik, 6 Ocak 2022 tarihli ve 31711 say\u0131l\u0131 Resmi\",\"breadcrumb\":{\"@id\":\"https:\/\/www.esin.av.tr\/tr\/2022\/01\/06\/yabancilar-icin-vatandaslik-amacli-gayrimenkul-yatirimlarinda-onemli-gelisme\/#breadcrumb\"},\"inLanguage\":\"tr\",\"potentialAction\":[{\"@type\":\"ReadAction\",\"target\":[\"https:\/\/www.esin.av.tr\/tr\/2022\/01\/06\/yabancilar-icin-vatandaslik-amacli-gayrimenkul-yatirimlarinda-onemli-gelisme\/\"]}]},{\"@type\":\"BreadcrumbList\",\"@id\":\"https:\/\/www.esin.av.tr\/tr\/2022\/01\/06\/yabancilar-icin-vatandaslik-amacli-gayrimenkul-yatirimlarinda-onemli-gelisme\/#breadcrumb\",\"itemListElement\":[{\"@type\":\"ListItem\",\"position\":1,\"name\":\"Home\",\"item\":\"https:\/\/www.esin.av.tr\/tr\/\"},{\"@type\":\"ListItem\",\"position\":2,\"name\":\"Yabanc\u0131lar i\u00e7in Vatanda\u015fl\u0131k Ama\u00e7l\u0131 Gayrimenkul Yat\u0131r\u0131mlar\u0131nda \u00d6nemli Geli\u015fme\"}]},{\"@type\":\"WebSite\",\"@id\":\"https:\/\/www.esin.av.tr\/tr\/#website\",\"url\":\"https:\/\/www.esin.av.tr\/tr\/\",\"name\":\"Esin Avukatl\u0131k Ortakl\u0131\u011f\u0131\",\"description\":\"\",\"publisher\":{\"@id\":\"https:\/\/www.esin.av.tr\/tr\/#organization\"},\"potentialAction\":[{\"@type\":\"SearchAction\",\"target\":{\"@type\":\"EntryPoint\",\"urlTemplate\":\"https:\/\/www.esin.av.tr\/tr\/?s={search_term_string}\"},\"query-input\":{\"@type\":\"PropertyValueSpecification\",\"valueRequired\":true,\"valueName\":\"search_term_string\"}}],\"inLanguage\":\"tr\"},{\"@type\":\"Organization\",\"@id\":\"https:\/\/www.esin.av.tr\/tr\/#organization\",\"name\":\"Esin Avukatl\u0131k Ortakl\u0131\u011f\u0131\",\"url\":\"https:\/\/www.esin.av.tr\/tr\/\",\"logo\":{\"@type\":\"ImageObject\",\"inLanguage\":\"tr\",\"@id\":\"https:\/\/www.esin.av.tr\/tr\/#\/schema\/logo\/image\/\",\"url\":\"https:\/\/www.esin.av.tr\/wp-content\/uploads\/2021\/09\/esin-2.jpg\",\"contentUrl\":\"https:\/\/www.esin.av.tr\/wp-content\/uploads\/2021\/09\/esin-2.jpg\",\"width\":800,\"height\":460,\"caption\":\"Esin Avukatl\u0131k Ortakl\u0131\u011f\u0131\"},\"image\":{\"@id\":\"https:\/\/www.esin.av.tr\/tr\/#\/schema\/logo\/image\/\"}},{\"@type\":\"Person\",\"@id\":\"https:\/\/www.esin.av.tr\/tr\/#\/schema\/person\/42c8e616aab56b8622fa365ad63282ae\",\"name\":\"R\u0131dvan Konrat\",\"image\":{\"@type\":\"ImageObject\",\"inLanguage\":\"tr\",\"@id\":\"https:\/\/www.esin.av.tr\/tr\/#\/schema\/person\/image\/\",\"url\":\"https:\/\/secure.gravatar.com\/avatar\/b20c6c583be38ed4e76e32f69fccc676?s=96&d=mm&r=g\",\"contentUrl\":\"https:\/\/secure.gravatar.com\/avatar\/b20c6c583be38ed4e76e32f69fccc676?s=96&d=mm&r=g\",\"caption\":\"R\u0131dvan Konrat\"},\"sameAs\":[\"http:\/\/www.esin.av.tr\"],\"url\":\"https:\/\/www.esin.av.tr\/tr\/author\/rkonrat\/\"}]}<\/script>\n<!-- \/ Yoast SEO plugin. -->","yoast_head_json":{"title":"Yabanc\u0131lar i\u00e7in Vatanda\u015fl\u0131k Ama\u00e7l\u0131 Gayrimenkul Yat\u0131r\u0131mlar\u0131nda \u00d6nemli Geli\u015fme","description":"T\u00fcrk Vatanda\u015fl\u0131\u011f\u0131 Kanunu'nun Uygulanmas\u0131na \u0130li\u015fkin Y\u00f6netmelik'te De\u011fi\u015fiklik Yap\u0131lmas\u0131na Dair Y\u00f6netmelik, 6 Ocak 2022 tarihli ve 31711 say\u0131l\u0131 Resmi","robots":{"index":"index","follow":"follow","max-snippet":"max-snippet:-1","max-image-preview":"max-image-preview:large","max-video-preview":"max-video-preview:-1"},"canonical":"https:\/\/www.esin.av.tr\/tr\/2022\/01\/06\/yabancilar-icin-vatandaslik-amacli-gayrimenkul-yatirimlarinda-onemli-gelisme\/","og_locale":"tr_TR","og_type":"article","og_title":"Yabanc\u0131lar i\u00e7in Vatanda\u015fl\u0131k Ama\u00e7l\u0131 Gayrimenkul Yat\u0131r\u0131mlar\u0131nda \u00d6nemli Geli\u015fme","og_description":"T\u00fcrk Vatanda\u015fl\u0131\u011f\u0131 Kanunu'nun Uygulanmas\u0131na \u0130li\u015fkin Y\u00f6netmelik'te De\u011fi\u015fiklik Yap\u0131lmas\u0131na Dair Y\u00f6netmelik, 6 Ocak 2022 tarihli ve 31711 say\u0131l\u0131 Resmi","og_url":"https:\/\/www.esin.av.tr\/tr\/2022\/01\/06\/yabancilar-icin-vatandaslik-amacli-gayrimenkul-yatirimlarinda-onemli-gelisme\/","og_site_name":"Esin Avukatl\u0131k Ortakl\u0131\u011f\u0131","article_published_time":"2022-01-06T13:45:59+00:00","article_modified_time":"2022-06-09T13:39:17+00:00","author":"R\u0131dvan Konrat","twitter_card":"summary_large_image","twitter_misc":{"Written by":"R\u0131dvan Konrat","Est. reading time":"2 minutes"},"schema":{"@context":"https:\/\/schema.org","@graph":[{"@type":"Article","@id":"https:\/\/www.esin.av.tr\/tr\/2022\/01\/06\/yabancilar-icin-vatandaslik-amacli-gayrimenkul-yatirimlarinda-onemli-gelisme\/#article","isPartOf":{"@id":"https:\/\/www.esin.av.tr\/tr\/2022\/01\/06\/yabancilar-icin-vatandaslik-amacli-gayrimenkul-yatirimlarinda-onemli-gelisme\/"},"author":{"name":"R\u0131dvan Konrat","@id":"https:\/\/www.esin.av.tr\/tr\/#\/schema\/person\/42c8e616aab56b8622fa365ad63282ae"},"headline":"Yabanc\u0131lar i\u00e7in Vatanda\u015fl\u0131k Ama\u00e7l\u0131 Gayrimenkul Yat\u0131r\u0131mlar\u0131nda \u00d6nemli Geli\u015fme","datePublished":"2022-01-06T13:45:59+00:00","dateModified":"2022-06-09T13:39:17+00:00","mainEntityOfPage":{"@id":"https:\/\/www.esin.av.tr\/tr\/2022\/01\/06\/yabancilar-icin-vatandaslik-amacli-gayrimenkul-yatirimlarinda-onemli-gelisme\/"},"wordCount":451,"publisher":{"@id":"https:\/\/www.esin.av.tr\/tr\/#organization"},"keywords":["Gayrimenkul Hukuku"],"articleSection":["Hukuk B\u00fcltenleri"],"inLanguage":"tr"},{"@type":"WebPage","@id":"https:\/\/www.esin.av.tr\/tr\/2022\/01\/06\/yabancilar-icin-vatandaslik-amacli-gayrimenkul-yatirimlarinda-onemli-gelisme\/","url":"https:\/\/www.esin.av.tr\/tr\/2022\/01\/06\/yabancilar-icin-vatandaslik-amacli-gayrimenkul-yatirimlarinda-onemli-gelisme\/","name":"Yabanc\u0131lar i\u00e7in Vatanda\u015fl\u0131k Ama\u00e7l\u0131 Gayrimenkul Yat\u0131r\u0131mlar\u0131nda \u00d6nemli Geli\u015fme","isPartOf":{"@id":"https:\/\/www.esin.av.tr\/tr\/#website"},"datePublished":"2022-01-06T13:45:59+00:00","dateModified":"2022-06-09T13:39:17+00:00","description":"T\u00fcrk Vatanda\u015fl\u0131\u011f\u0131 Kanunu'nun Uygulanmas\u0131na \u0130li\u015fkin Y\u00f6netmelik'te De\u011fi\u015fiklik Yap\u0131lmas\u0131na Dair Y\u00f6netmelik, 6 Ocak 2022 tarihli ve 31711 say\u0131l\u0131 Resmi","breadcrumb":{"@id":"https:\/\/www.esin.av.tr\/tr\/2022\/01\/06\/yabancilar-icin-vatandaslik-amacli-gayrimenkul-yatirimlarinda-onemli-gelisme\/#breadcrumb"},"inLanguage":"tr","potentialAction":[{"@type":"ReadAction","target":["https:\/\/www.esin.av.tr\/tr\/2022\/01\/06\/yabancilar-icin-vatandaslik-amacli-gayrimenkul-yatirimlarinda-onemli-gelisme\/"]}]},{"@type":"BreadcrumbList","@id":"https:\/\/www.esin.av.tr\/tr\/2022\/01\/06\/yabancilar-icin-vatandaslik-amacli-gayrimenkul-yatirimlarinda-onemli-gelisme\/#breadcrumb","itemListElement":[{"@type":"ListItem","position":1,"name":"Home","item":"https:\/\/www.esin.av.tr\/tr\/"},{"@type":"ListItem","position":2,"name":"Yabanc\u0131lar i\u00e7in Vatanda\u015fl\u0131k Ama\u00e7l\u0131 Gayrimenkul Yat\u0131r\u0131mlar\u0131nda \u00d6nemli Geli\u015fme"}]},{"@type":"WebSite","@id":"https:\/\/www.esin.av.tr\/tr\/#website","url":"https:\/\/www.esin.av.tr\/tr\/","name":"Esin Avukatl\u0131k Ortakl\u0131\u011f\u0131","description":"","publisher":{"@id":"https:\/\/www.esin.av.tr\/tr\/#organization"},"potentialAction":[{"@type":"SearchAction","target":{"@type":"EntryPoint","urlTemplate":"https:\/\/www.esin.av.tr\/tr\/?s={search_term_string}"},"query-input":{"@type":"PropertyValueSpecification","valueRequired":true,"valueName":"search_term_string"}}],"inLanguage":"tr"},{"@type":"Organization","@id":"https:\/\/www.esin.av.tr\/tr\/#organization","name":"Esin Avukatl\u0131k Ortakl\u0131\u011f\u0131","url":"https:\/\/www.esin.av.tr\/tr\/","logo":{"@type":"ImageObject","inLanguage":"tr","@id":"https:\/\/www.esin.av.tr\/tr\/#\/schema\/logo\/image\/","url":"https:\/\/www.esin.av.tr\/wp-content\/uploads\/2021\/09\/esin-2.jpg","contentUrl":"https:\/\/www.esin.av.tr\/wp-content\/uploads\/2021\/09\/esin-2.jpg","width":800,"height":460,"caption":"Esin Avukatl\u0131k Ortakl\u0131\u011f\u0131"},"image":{"@id":"https:\/\/www.esin.av.tr\/tr\/#\/schema\/logo\/image\/"}},{"@type":"Person","@id":"https:\/\/www.esin.av.tr\/tr\/#\/schema\/person\/42c8e616aab56b8622fa365ad63282ae","name":"R\u0131dvan Konrat","image":{"@type":"ImageObject","inLanguage":"tr","@id":"https:\/\/www.esin.av.tr\/tr\/#\/schema\/person\/image\/","url":"https:\/\/secure.gravatar.com\/avatar\/b20c6c583be38ed4e76e32f69fccc676?s=96&d=mm&r=g","contentUrl":"https:\/\/secure.gravatar.com\/avatar\/b20c6c583be38ed4e76e32f69fccc676?s=96&d=mm&r=g","caption":"R\u0131dvan Konrat"},"sameAs":["http:\/\/www.esin.av.tr"],"url":"https:\/\/www.esin.av.tr\/tr\/author\/rkonrat\/"}]}},"_links":{"self":[{"href":"https:\/\/www.esin.av.tr\/tr\/wp-json\/wp\/v2\/posts\/21495","targetHints":{"allow":["GET"]}}],"collection":[{"href":"https:\/\/www.esin.av.tr\/tr\/wp-json\/wp\/v2\/posts"}],"about":[{"href":"https:\/\/www.esin.av.tr\/tr\/wp-json\/wp\/v2\/types\/post"}],"author":[{"embeddable":true,"href":"https:\/\/www.esin.av.tr\/tr\/wp-json\/wp\/v2\/users\/4"}],"replies":[{"embeddable":true,"href":"https:\/\/www.esin.av.tr\/tr\/wp-json\/wp\/v2\/comments?post=21495"}],"version-history":[{"count":1,"href":"https:\/\/www.esin.av.tr\/tr\/wp-json\/wp\/v2\/posts\/21495\/revisions"}],"predecessor-version":[{"id":21496,"href":"https:\/\/www.esin.av.tr\/tr\/wp-json\/wp\/v2\/posts\/21495\/revisions\/21496"}],"wp:attachment":[{"href":"https:\/\/www.esin.av.tr\/tr\/wp-json\/wp\/v2\/media?parent=21495"}],"wp:term":[{"taxonomy":"category","embeddable":true,"href":"https:\/\/www.esin.av.tr\/tr\/wp-json\/wp\/v2\/categories?post=21495"},{"taxonomy":"post_tag","embeddable":true,"href":"https:\/\/www.esin.av.tr\/tr\/wp-json\/wp\/v2\/tags?post=21495"}],"curies":[{"name":"wp","href":"https:\/\/api.w.org\/{rel}","templated":true}]}}