{"id":21356,"date":"2021-12-28T10:34:34","date_gmt":"2021-12-28T10:34:34","guid":{"rendered":"https:\/\/www.esin.av.tr\/?p=21356"},"modified":"2022-06-09T13:32:34","modified_gmt":"2022-06-09T13:32:34","slug":"trabis-donemi-cok-yakinda-basliyor-trabis-doneminde-bir-com-tr-alan-adinin-yasam-dongusu-nasil-olacak","status":"publish","type":"post","link":"https:\/\/www.esin.av.tr\/tr\/2021\/12\/28\/trabis-donemi-cok-yakinda-basliyor-trabis-doneminde-bir-com-tr-alan-adinin-yasam-dongusu-nasil-olacak\/","title":{"rendered":"TRAB\u0130S d\u00f6nemi \u00e7ok yak\u0131nda ba\u015fl\u0131yor: TRAB\u0130S d\u00f6neminde bir com.tr alan ad\u0131n\u0131n ya\u015fam d\u00f6ng\u00fcs\u00fc nas\u0131l olacak?"},"content":{"rendered":"<p><a href=\"https:\/\/podcast.esin.av.tr\/?lang=tr&amp;playing=PFC8009232779?updated=1640684395\" target=\"_blank\" rel=\"noopener\"><img decoding=\"async\" class=\"alignnone wp-image-18799\" src=\"https:\/\/www.esin.av.tr\/wp-content\/uploads\/2021\/02\/1.png\" alt=\"\" width=\"43\" height=\"43\" srcset=\"https:\/\/www.esin.av.tr\/wp-content\/uploads\/2021\/02\/1.png 186w, https:\/\/www.esin.av.tr\/wp-content\/uploads\/2021\/02\/1-150x150.png 150w\" sizes=\"(max-width: 43px) 100vw, 43px\" \/><\/a>\u00a0 \u00a0 \u00a0 \u00a0 \u00a0 \u00a0 \u00a0 Bu b\u00fcltenimizi podcast olarak da dinleyebilirsiniz!<\/p>\n<p>&nbsp;<\/p>\n<p>Orta Do\u011fu Teknik \u00dcniversitesi (&#8220;<strong>ODT\u00dc<\/strong>&#8220;) ile Bilgi Teknolojileri ve \u0130leti\u015fim Kurumu (&#8220;<strong>BTK<\/strong>&#8220;) aras\u0131nda imzalanan 21 Aral\u0131k 2018 tarihli protokol uyar\u0131nca &#8220;.tr&#8221; uzant\u0131l\u0131 alan adlar\u0131n\u0131n y\u00f6netim ve tahsisine ili\u015fkin her t\u00fcrl\u00fc yetki Nic.tr&#8217;den BTK&#8217;ye devredilmi\u015ftir. Ge\u00e7ti\u011fimiz g\u00fcnlerde Nic.tr taraf\u0131ndan, &#8220;.tr&#8221; uzant\u0131l\u0131 alan adlar\u0131 y\u00f6netiminin BTK&#8217;ye devrinin Ocak 2022 itibariyle tamamlanmas\u0131n\u0131n beklendi\u011fi kullan\u0131c\u0131lara duyuruldu. S\u00f6z konusu devrin tamamlanmas\u0131n\u0131 takiben yak\u0131n bir tarihte Nic.tr adl\u0131 platform tamamen kapat\u0131lacak ve &#8220;.tr&#8221; A\u011f Bilgi Sistemi (&#8220;<strong>TRAB\u0130S<\/strong>&#8220;) faaliyete ge\u00e7ecektir. TRAB\u0130S d\u00f6neminin ba\u015flamas\u0131yla beraber, &#8220;.tr&#8221; uzant\u0131l\u0131 alan adlar\u0131n\u0131n tahsisi, transferi ve yenilenmesi gibi bir\u00e7ok prosed\u00fcrde radikal de\u011fi\u015fiklikler meydana gelecektir. Nic.tr&#8217;nin bahsi ge\u00e7en duyurusuna dair kaleme ald\u0131\u011f\u0131m\u0131z hukuk b\u00fcltenimize <a href=\"https:\/\/urldefense.com\/v3\/__https:\/esinxchange.com\/collect\/click.aspx?u=K1lmRWFObVhPWTBHUVh4NXdWTUYzV09aL0xoajF4NGZhbm5ndTBHRTVndVovWC9vRTN5RmZQc1dlTmhqQ1h3OEV3MXRnVm10Y3JlWUUvajJ1UE5Xc2Vxa1Roc0RCRW81NlZzamUwamNlMU9rUWpZOXpMaWE1RHRmOStSWjIxcnExOU50ZkdlbnlUMkZ3VzhvQkhWQUdYTFJGcElmanpaUnZ4a0tiL3JUeXR3cnNoUHFEa2RJbDhSMkdqalRKa2Z6SnhVemNENjdibTFiZmI4OVcvZFB6cFRjR0liVUJtUCtuR2dpWC9idXpJNTFVQkU5azYyK3IrbXlSY2E3dlI4MVhQeER0ZXFQdWNKSGJaSmZYb0RldHNHWDVxcG96cW0xUTdDQTVrby8yc0swNlhDNUJrOXZZSzRmQ05abmJGTlo=&amp;rh=ff0088493ffbaa19b0d97c3215449d2d286e9012__;!!Hj9Y_P0nvg!DuVa2RDm605RbnZjT2eckwVIEUsoyTkRcoTG0lv2WDsYrzFn6DUo_rCghLfyLARB4x4$\"><u>buradan<\/u><\/a> ula\u015fabilirsiniz.<\/p>\n<p><strong>Yeni geli\u015fme<\/strong><\/p>\n<p>BTK ve ODT\u00dc aras\u0131nda imzalanan Aral\u0131k 2018 tarihli protokol uyar\u0131nca &#8220;.tr&#8221; Kay\u0131t Otoritesi yetkisi Nic.tr&#8217;den BTK&#8217;ye devredilmi\u015f olup bu devrin bir sonucu olarak Nic.tr&#8217;nin yak\u0131n zamanda kapat\u0131laca\u011f\u0131 ve TRAB\u0130S&#8217;in e\u015fzamanl\u0131 olarak faaliyete ge\u00e7ece\u011fi duyurulmu\u015ftur. TRAB\u0130S d\u00f6neminin ba\u015flamas\u0131yla alan adlar\u0131n\u0131n ak\u0131beti yani, alan adlar\u0131n\u0131n, tahsisinden transferine, yenilenmesinden silinmesine pek \u00e7ok prosed\u00fcrde \u00f6nemli de\u011fi\u015fiklikler ya\u015fanacak olup bu de\u011fi\u015fikliklere ili\u015fkin temel bilgiler kullan\u0131c\u0131lar\u0131n s\u00fcreci etkin takip edebilmesini sa\u011flamak amac\u0131yla METUnic \u00fczerinden payla\u015f\u0131lm\u0131\u015ft\u0131r. TRAB\u0130S d\u00f6neminde bir alan ad\u0131n\u0131n ya\u015fam d\u00f6ng\u00fcs\u00fcn\u00fc \u015fematize eden i\u00e7eri\u011fe <a href=\"https:\/\/urldefense.com\/v3\/__https:\/esinxchange.com\/collect\/click.aspx?u=K1lmRWFObVhPWTBHUVh4NXdWTUYzV09aL0xoajF4NGZhbm5ndTBHRTVndUMvZm9KSHAzVmUrTCtYYytOdTlyY0IyQjU2ejJCcVphQk5pMmVsanc1Y1JWQ2RMVG9Bb3djYTNPR0RQZ3EwbG9ZbEJWT2MxTGR0a296N2JtbEtWd1k2dy9QaEdPRy9ENlJQNCtYbWd1c0xRPT0=&amp;rh=ff0088493ffbaa19b0d97c3215449d2d286e9012__;!!Hj9Y_P0nvg!DuVa2RDm605RbnZjT2eckwVIEUsoyTkRcoTG0lv2WDsYrzFn6DUo_rCghLfyccudEOI$\"><u>buradan<\/u><\/a> ula\u015fabilirsiniz.<\/p>\n<p><strong>TRAB\u0130S&#8217;in kullan\u0131ma a\u00e7\u0131lmas\u0131 alan adlar\u0131n\u0131n ya\u015fam d\u00f6ng\u00fcs\u00fcne nas\u0131l g\u00fcncellemeler getirecek? <\/strong><\/p>\n<ul>\n<li>METUnic \u00fczerinden payla\u015f\u0131lan &#8220;TRAB\u0130S Alan Ad\u0131 Ya\u015fam D\u00f6ng\u00fcs\u00fc&#8221; diyagram\u0131na g\u00f6re, kullan\u0131ma m\u00fcsait bir alan ad\u0131n\u0131 kendi ad\u0131na tahsis ettirmek isteyen ilgilinin ba\u015fvuruda bulunmas\u0131 gerekir, ba\u015fvurunun kabul\u00fc \u00fczerine alan ad\u0131 aktif hale gelecektir.<\/li>\n<li>Aktif bir alan ad\u0131n\u0131n s\u00fcresi doldu\u011funda alan ad\u0131 duraklat\u0131l\u0131r. \u015eayet <strong><u>iki ay i\u00e7inde gerekli \u00f6deme yap\u0131l\u0131rsa<\/u><\/strong> alan ad\u0131 tekrar aktif hale gelir ve eri\u015fime a\u00e7\u0131l\u0131r. Alan ad\u0131 duraklat\u0131ld\u0131ktan sonraki <strong><u>iki ay i\u00e7inde gerekli \u00f6deme yap\u0131lmazsa<\/u><\/strong> alan ad\u0131 silinir.<\/li>\n<li>Alan ad\u0131n\u0131n silinmesinden itibaren <strong><u>bir ay<\/u><\/strong> ge\u00e7tikten sonra alan ad\u0131 yeniden tahsis i\u00e7in ilan edilir ve b\u00f6ylelikle s\u00f6z konusu alan ad\u0131 kullan\u0131ma m\u00fcsait hale gelerek \u00fc\u00e7\u00fcnc\u00fc ki\u015filerin ba\u015fvurular\u0131na a\u00e7\u0131l\u0131r.<\/li>\n<li>Aktif haldeki alan ad\u0131 i\u00e7in alan ad\u0131 transferi ba\u015flat\u0131ld\u0131\u011f\u0131nda, alan ad\u0131n\u0131n tahsis edilmesinden itibaren <strong><u>altm\u0131\u015f g\u00fcn ge\u00e7memi\u015fse<\/u><\/strong> alan ad\u0131 aktif halde kalmaya devam eder. Aktif halde kalmaya devam eden alan ad\u0131, alan adlar\u0131n\u0131n ya\u015fam d\u00f6ng\u00fcs\u00fcne bu basamaktan itibaren dahil olacakt\u0131r. Yani s\u00fcresi doldu\u011funda duraklat\u0131lacak, iki ay i\u00e7inde \u00f6deme yap\u0131lmazsa silinecek ve bunu takip eden bir ay\u0131n sonunda da tahsis i\u00e7in yeniden ilan edilecektir. Alan ad\u0131 transferine konu edilen alan ad\u0131n\u0131n tahsis edilmesinden itibaren <strong><u>altm\u0131\u015f g\u00fcn ge\u00e7mi\u015fse<\/u><\/strong> alan ad\u0131n\u0131n yeni kay\u0131t kurulu\u015funa ge\u00e7i\u015fi tamamlan\u0131r.<\/li>\n<li>\u0130nternet alan ad\u0131 sahibi, alan ad\u0131n\u0131n s\u00fcresi dolmadan kullan\u0131ma son vermek istemesi durumunda alan ad\u0131ndan feragat edebilir. B\u00f6yle bir durumda internet alan ad\u0131 sahibinin <strong><u>iki ay<\/u><\/strong> i\u00e7erisinde feragat etmekten vazge\u00e7me imkan\u0131 mevcut olup bu imkan\u0131n kullan\u0131lmas\u0131 sonucu, alan ad\u0131 aktif olarak kalmaya devam ederek alan adlar\u0131n\u0131n ya\u015fam d\u00f6ng\u00fcs\u00fcne bu basamaktan itibaren tekrar dahil olacakt\u0131r. \u015eayet alan ad\u0131ndan feragat etmek isteyen internet alan ad\u0131 sahibi, <strong><u>iki ay<\/u><\/strong> i\u00e7erisinde vazge\u00e7me beyan\u0131nda bulunmazsa feragat i\u015flemi tamamlan\u0131r ve b\u00f6ylelikle internet alan ad\u0131 sahibi, alan ad\u0131ndan do\u011fan her t\u00fcrl\u00fc hakk\u0131ndan feragat etmi\u015f olur. Bunun sonucunda, s\u00f6z konusu alan ad\u0131 yeniden tahsise a\u00e7\u0131larak kullan\u0131ma m\u00fcsait hale gelir ve alan adlar\u0131n\u0131n ya\u015fam d\u00f6ng\u00fcs\u00fcne bu basamaktan itibaren dahil olur.<\/li>\n<\/ul>\n<p><strong>Sonu\u00e7<\/strong><\/p>\n<p>&#8220;.Tr&#8221; uzant\u0131l\u0131 alan adlar\u0131 y\u00f6netiminin BTK&#8217;ye devrinin tamamlanmas\u0131yla Nic.tr tamamen kapat\u0131lacak ve TRAB\u0130S kullan\u0131ma a\u00e7\u0131lacakt\u0131r. TRAB\u0130S d\u00f6neminin ba\u015flamas\u0131, &#8220;.tr&#8221; uzant\u0131l\u0131 alan adlar\u0131na ili\u015fkin bir\u00e7ok i\u015flemde k\u00f6kl\u00fc prosed\u00fcr de\u011fi\u015fikliklerini de beraberinde getirecektir. Ge\u00e7i\u015f s\u00fcrecinin do\u011fru takip edilebilmesi i\u00e7in Nic.tr&#8217;nin internet sitesi, sosyal medya hesaplar\u0131 ve e-posta iletileri arac\u0131l\u0131\u011f\u0131yla yapaca\u011f\u0131 bilgilendirmelerin alan ad\u0131 sahipleri taraf\u0131ndan dikkatle takip edilmesi hak kay\u0131plar\u0131n\u0131n \u00f6nlenmesi bak\u0131m\u0131ndan b\u00fcy\u00fck \u00f6nem ta\u015f\u0131maktad\u0131r.<\/p>\n","protected":false},"excerpt":{"rendered":"<p>\u00a0 \u00a0 \u00a0 \u00a0 \u00a0 \u00a0 \u00a0 Bu b\u00fcltenimizi podcast olarak da dinleyebilirsiniz! &nbsp; Orta Do\u011fu Teknik \u00dcniversitesi (&#8220;ODT\u00dc&#8220;) ile [&hellip;]<\/p>\n","protected":false},"author":4,"featured_media":0,"comment_status":"closed","ping_status":"closed","sticky":false,"template":"","format":"standard","meta":{"_acf_changed":false,"_stopmodifiedupdate":false,"_modified_date":"","footnotes":""},"categories":[120],"tags":[91],"class_list":["post-21356","post","type-post","status-publish","format-standard","hentry","category-legal-alerts","tag-intellectual-property-tr"],"acf":[],"yoast_head":"<!-- This site is optimized with the Yoast SEO plugin v24.0 - https:\/\/yoast.com\/wordpress\/plugins\/seo\/ -->\n<title>TRAB\u0130S d\u00f6nemi \u00e7ok yak\u0131nda ba\u015fl\u0131yor: TRAB\u0130S d\u00f6neminde bir com.tr alan ad\u0131n\u0131n ya\u015fam d\u00f6ng\u00fcs\u00fc nas\u0131l olacak?<\/title>\n<meta name=\"description\" content=\"\u00a0 \u00a0 \u00a0 \u00a0 \u00a0 \u00a0 \u00a0 Bu b\u00fcltenimizi podcast olarak da dinleyebilirsiniz! &nbsp; Orta Do\u011fu Teknik \u00dcniversitesi (&quot;ODT\u00dc&quot;) ile Bilgi Teknolojileri ve \u0130leti\u015fim Kurumu\" \/>\n<meta name=\"robots\" content=\"index, follow, max-snippet:-1, max-image-preview:large, max-video-preview:-1\" \/>\n<link rel=\"canonical\" href=\"https:\/\/www.esin.av.tr\/tr\/2021\/12\/28\/trabis-donemi-cok-yakinda-basliyor-trabis-doneminde-bir-com-tr-alan-adinin-yasam-dongusu-nasil-olacak\/\" \/>\n<meta property=\"og:locale\" content=\"tr_TR\" \/>\n<meta property=\"og:type\" content=\"article\" \/>\n<meta property=\"og:title\" content=\"TRAB\u0130S d\u00f6nemi \u00e7ok yak\u0131nda ba\u015fl\u0131yor: TRAB\u0130S d\u00f6neminde bir com.tr alan ad\u0131n\u0131n ya\u015fam d\u00f6ng\u00fcs\u00fc nas\u0131l olacak?\" \/>\n<meta property=\"og:description\" content=\"\u00a0 \u00a0 \u00a0 \u00a0 \u00a0 \u00a0 \u00a0 Bu b\u00fcltenimizi podcast olarak da dinleyebilirsiniz! &nbsp; Orta Do\u011fu Teknik \u00dcniversitesi (&quot;ODT\u00dc&quot;) ile Bilgi Teknolojileri ve \u0130leti\u015fim Kurumu\" \/>\n<meta property=\"og:url\" content=\"https:\/\/www.esin.av.tr\/tr\/2021\/12\/28\/trabis-donemi-cok-yakinda-basliyor-trabis-doneminde-bir-com-tr-alan-adinin-yasam-dongusu-nasil-olacak\/\" \/>\n<meta property=\"og:site_name\" content=\"Esin Avukatl\u0131k Ortakl\u0131\u011f\u0131\" \/>\n<meta property=\"article:published_time\" content=\"2021-12-28T10:34:34+00:00\" \/>\n<meta property=\"article:modified_time\" content=\"2022-06-09T13:32:34+00:00\" \/>\n<meta property=\"og:image\" content=\"https:\/\/www.esin.av.tr\/wp-content\/uploads\/2021\/02\/1.png\" \/>\n<meta name=\"author\" content=\"R\u0131dvan Konrat\" \/>\n<meta name=\"twitter:card\" content=\"summary_large_image\" \/>\n<meta name=\"twitter:label1\" content=\"Written by\" \/>\n\t<meta name=\"twitter:data1\" content=\"R\u0131dvan Konrat\" \/>\n\t<meta name=\"twitter:label2\" content=\"Est. reading time\" \/>\n\t<meta name=\"twitter:data2\" content=\"3 minutes\" \/>\n<script type=\"application\/ld+json\" class=\"yoast-schema-graph\">{\"@context\":\"https:\/\/schema.org\",\"@graph\":[{\"@type\":\"Article\",\"@id\":\"https:\/\/www.esin.av.tr\/tr\/2021\/12\/28\/trabis-donemi-cok-yakinda-basliyor-trabis-doneminde-bir-com-tr-alan-adinin-yasam-dongusu-nasil-olacak\/#article\",\"isPartOf\":{\"@id\":\"https:\/\/www.esin.av.tr\/tr\/2021\/12\/28\/trabis-donemi-cok-yakinda-basliyor-trabis-doneminde-bir-com-tr-alan-adinin-yasam-dongusu-nasil-olacak\/\"},\"author\":{\"name\":\"R\u0131dvan Konrat\",\"@id\":\"https:\/\/www.esin.av.tr\/tr\/#\/schema\/person\/42c8e616aab56b8622fa365ad63282ae\"},\"headline\":\"TRAB\u0130S d\u00f6nemi \u00e7ok yak\u0131nda ba\u015fl\u0131yor: TRAB\u0130S d\u00f6neminde bir com.tr alan ad\u0131n\u0131n ya\u015fam d\u00f6ng\u00fcs\u00fc nas\u0131l olacak?\",\"datePublished\":\"2021-12-28T10:34:34+00:00\",\"dateModified\":\"2022-06-09T13:32:34+00:00\",\"mainEntityOfPage\":{\"@id\":\"https:\/\/www.esin.av.tr\/tr\/2021\/12\/28\/trabis-donemi-cok-yakinda-basliyor-trabis-doneminde-bir-com-tr-alan-adinin-yasam-dongusu-nasil-olacak\/\"},\"wordCount\":860,\"publisher\":{\"@id\":\"https:\/\/www.esin.av.tr\/tr\/#organization\"},\"image\":{\"@id\":\"https:\/\/www.esin.av.tr\/tr\/2021\/12\/28\/trabis-donemi-cok-yakinda-basliyor-trabis-doneminde-bir-com-tr-alan-adinin-yasam-dongusu-nasil-olacak\/#primaryimage\"},\"thumbnailUrl\":\"https:\/\/www.esin.av.tr\/wp-content\/uploads\/2021\/02\/1.png\",\"keywords\":[\"Fikri ve S\u0131nai M\u00fclkiyet\"],\"articleSection\":[\"Hukuk B\u00fcltenleri\"],\"inLanguage\":\"tr\"},{\"@type\":\"WebPage\",\"@id\":\"https:\/\/www.esin.av.tr\/tr\/2021\/12\/28\/trabis-donemi-cok-yakinda-basliyor-trabis-doneminde-bir-com-tr-alan-adinin-yasam-dongusu-nasil-olacak\/\",\"url\":\"https:\/\/www.esin.av.tr\/tr\/2021\/12\/28\/trabis-donemi-cok-yakinda-basliyor-trabis-doneminde-bir-com-tr-alan-adinin-yasam-dongusu-nasil-olacak\/\",\"name\":\"TRAB\u0130S d\u00f6nemi \u00e7ok yak\u0131nda ba\u015fl\u0131yor: TRAB\u0130S d\u00f6neminde bir com.tr alan ad\u0131n\u0131n ya\u015fam d\u00f6ng\u00fcs\u00fc nas\u0131l olacak?\",\"isPartOf\":{\"@id\":\"https:\/\/www.esin.av.tr\/tr\/#website\"},\"primaryImageOfPage\":{\"@id\":\"https:\/\/www.esin.av.tr\/tr\/2021\/12\/28\/trabis-donemi-cok-yakinda-basliyor-trabis-doneminde-bir-com-tr-alan-adinin-yasam-dongusu-nasil-olacak\/#primaryimage\"},\"image\":{\"@id\":\"https:\/\/www.esin.av.tr\/tr\/2021\/12\/28\/trabis-donemi-cok-yakinda-basliyor-trabis-doneminde-bir-com-tr-alan-adinin-yasam-dongusu-nasil-olacak\/#primaryimage\"},\"thumbnailUrl\":\"https:\/\/www.esin.av.tr\/wp-content\/uploads\/2021\/02\/1.png\",\"datePublished\":\"2021-12-28T10:34:34+00:00\",\"dateModified\":\"2022-06-09T13:32:34+00:00\",\"description\":\"\u00a0 \u00a0 \u00a0 \u00a0 \u00a0 \u00a0 \u00a0 Bu b\u00fcltenimizi podcast olarak da dinleyebilirsiniz! &nbsp; Orta Do\u011fu Teknik \u00dcniversitesi (\\\"ODT\u00dc\\\") ile Bilgi Teknolojileri ve \u0130leti\u015fim Kurumu\",\"breadcrumb\":{\"@id\":\"https:\/\/www.esin.av.tr\/tr\/2021\/12\/28\/trabis-donemi-cok-yakinda-basliyor-trabis-doneminde-bir-com-tr-alan-adinin-yasam-dongusu-nasil-olacak\/#breadcrumb\"},\"inLanguage\":\"tr\",\"potentialAction\":[{\"@type\":\"ReadAction\",\"target\":[\"https:\/\/www.esin.av.tr\/tr\/2021\/12\/28\/trabis-donemi-cok-yakinda-basliyor-trabis-doneminde-bir-com-tr-alan-adinin-yasam-dongusu-nasil-olacak\/\"]}]},{\"@type\":\"ImageObject\",\"inLanguage\":\"tr\",\"@id\":\"https:\/\/www.esin.av.tr\/tr\/2021\/12\/28\/trabis-donemi-cok-yakinda-basliyor-trabis-doneminde-bir-com-tr-alan-adinin-yasam-dongusu-nasil-olacak\/#primaryimage\",\"url\":\"https:\/\/www.esin.av.tr\/wp-content\/uploads\/2021\/02\/1.png\",\"contentUrl\":\"https:\/\/www.esin.av.tr\/wp-content\/uploads\/2021\/02\/1.png\"},{\"@type\":\"BreadcrumbList\",\"@id\":\"https:\/\/www.esin.av.tr\/tr\/2021\/12\/28\/trabis-donemi-cok-yakinda-basliyor-trabis-doneminde-bir-com-tr-alan-adinin-yasam-dongusu-nasil-olacak\/#breadcrumb\",\"itemListElement\":[{\"@type\":\"ListItem\",\"position\":1,\"name\":\"Home\",\"item\":\"https:\/\/www.esin.av.tr\/tr\/\"},{\"@type\":\"ListItem\",\"position\":2,\"name\":\"TRAB\u0130S d\u00f6nemi \u00e7ok yak\u0131nda ba\u015fl\u0131yor: TRAB\u0130S d\u00f6neminde bir com.tr alan ad\u0131n\u0131n ya\u015fam d\u00f6ng\u00fcs\u00fc nas\u0131l olacak?\"}]},{\"@type\":\"WebSite\",\"@id\":\"https:\/\/www.esin.av.tr\/tr\/#website\",\"url\":\"https:\/\/www.esin.av.tr\/tr\/\",\"name\":\"Esin Avukatl\u0131k Ortakl\u0131\u011f\u0131\",\"description\":\"\",\"publisher\":{\"@id\":\"https:\/\/www.esin.av.tr\/tr\/#organization\"},\"potentialAction\":[{\"@type\":\"SearchAction\",\"target\":{\"@type\":\"EntryPoint\",\"urlTemplate\":\"https:\/\/www.esin.av.tr\/tr\/?s={search_term_string}\"},\"query-input\":{\"@type\":\"PropertyValueSpecification\",\"valueRequired\":true,\"valueName\":\"search_term_string\"}}],\"inLanguage\":\"tr\"},{\"@type\":\"Organization\",\"@id\":\"https:\/\/www.esin.av.tr\/tr\/#organization\",\"name\":\"Esin Avukatl\u0131k Ortakl\u0131\u011f\u0131\",\"url\":\"https:\/\/www.esin.av.tr\/tr\/\",\"logo\":{\"@type\":\"ImageObject\",\"inLanguage\":\"tr\",\"@id\":\"https:\/\/www.esin.av.tr\/tr\/#\/schema\/logo\/image\/\",\"url\":\"https:\/\/www.esin.av.tr\/wp-content\/uploads\/2021\/09\/esin-2.jpg\",\"contentUrl\":\"https:\/\/www.esin.av.tr\/wp-content\/uploads\/2021\/09\/esin-2.jpg\",\"width\":800,\"height\":460,\"caption\":\"Esin Avukatl\u0131k Ortakl\u0131\u011f\u0131\"},\"image\":{\"@id\":\"https:\/\/www.esin.av.tr\/tr\/#\/schema\/logo\/image\/\"}},{\"@type\":\"Person\",\"@id\":\"https:\/\/www.esin.av.tr\/tr\/#\/schema\/person\/42c8e616aab56b8622fa365ad63282ae\",\"name\":\"R\u0131dvan Konrat\",\"image\":{\"@type\":\"ImageObject\",\"inLanguage\":\"tr\",\"@id\":\"https:\/\/www.esin.av.tr\/tr\/#\/schema\/person\/image\/\",\"url\":\"https:\/\/secure.gravatar.com\/avatar\/b20c6c583be38ed4e76e32f69fccc676?s=96&d=mm&r=g\",\"contentUrl\":\"https:\/\/secure.gravatar.com\/avatar\/b20c6c583be38ed4e76e32f69fccc676?s=96&d=mm&r=g\",\"caption\":\"R\u0131dvan Konrat\"},\"sameAs\":[\"http:\/\/www.esin.av.tr\"],\"url\":\"https:\/\/www.esin.av.tr\/tr\/author\/rkonrat\/\"}]}<\/script>\n<!-- \/ Yoast SEO plugin. -->","yoast_head_json":{"title":"TRAB\u0130S d\u00f6nemi \u00e7ok yak\u0131nda ba\u015fl\u0131yor: TRAB\u0130S d\u00f6neminde bir com.tr alan ad\u0131n\u0131n ya\u015fam d\u00f6ng\u00fcs\u00fc nas\u0131l olacak?","description":"\u00a0 \u00a0 \u00a0 \u00a0 \u00a0 \u00a0 \u00a0 Bu b\u00fcltenimizi podcast olarak da dinleyebilirsiniz! &nbsp; Orta Do\u011fu Teknik \u00dcniversitesi (\"ODT\u00dc\") ile Bilgi Teknolojileri ve \u0130leti\u015fim Kurumu","robots":{"index":"index","follow":"follow","max-snippet":"max-snippet:-1","max-image-preview":"max-image-preview:large","max-video-preview":"max-video-preview:-1"},"canonical":"https:\/\/www.esin.av.tr\/tr\/2021\/12\/28\/trabis-donemi-cok-yakinda-basliyor-trabis-doneminde-bir-com-tr-alan-adinin-yasam-dongusu-nasil-olacak\/","og_locale":"tr_TR","og_type":"article","og_title":"TRAB\u0130S d\u00f6nemi \u00e7ok yak\u0131nda ba\u015fl\u0131yor: TRAB\u0130S d\u00f6neminde bir com.tr alan ad\u0131n\u0131n ya\u015fam d\u00f6ng\u00fcs\u00fc nas\u0131l olacak?","og_description":"\u00a0 \u00a0 \u00a0 \u00a0 \u00a0 \u00a0 \u00a0 Bu b\u00fcltenimizi podcast olarak da dinleyebilirsiniz! &nbsp; Orta Do\u011fu Teknik \u00dcniversitesi (\"ODT\u00dc\") ile Bilgi Teknolojileri ve \u0130leti\u015fim Kurumu","og_url":"https:\/\/www.esin.av.tr\/tr\/2021\/12\/28\/trabis-donemi-cok-yakinda-basliyor-trabis-doneminde-bir-com-tr-alan-adinin-yasam-dongusu-nasil-olacak\/","og_site_name":"Esin Avukatl\u0131k Ortakl\u0131\u011f\u0131","article_published_time":"2021-12-28T10:34:34+00:00","article_modified_time":"2022-06-09T13:32:34+00:00","og_image":[{"url":"https:\/\/www.esin.av.tr\/wp-content\/uploads\/2021\/02\/1.png","type":"","width":"","height":""}],"author":"R\u0131dvan Konrat","twitter_card":"summary_large_image","twitter_misc":{"Written by":"R\u0131dvan Konrat","Est. reading time":"3 minutes"},"schema":{"@context":"https:\/\/schema.org","@graph":[{"@type":"Article","@id":"https:\/\/www.esin.av.tr\/tr\/2021\/12\/28\/trabis-donemi-cok-yakinda-basliyor-trabis-doneminde-bir-com-tr-alan-adinin-yasam-dongusu-nasil-olacak\/#article","isPartOf":{"@id":"https:\/\/www.esin.av.tr\/tr\/2021\/12\/28\/trabis-donemi-cok-yakinda-basliyor-trabis-doneminde-bir-com-tr-alan-adinin-yasam-dongusu-nasil-olacak\/"},"author":{"name":"R\u0131dvan Konrat","@id":"https:\/\/www.esin.av.tr\/tr\/#\/schema\/person\/42c8e616aab56b8622fa365ad63282ae"},"headline":"TRAB\u0130S d\u00f6nemi \u00e7ok yak\u0131nda ba\u015fl\u0131yor: TRAB\u0130S d\u00f6neminde bir com.tr alan ad\u0131n\u0131n ya\u015fam d\u00f6ng\u00fcs\u00fc nas\u0131l olacak?","datePublished":"2021-12-28T10:34:34+00:00","dateModified":"2022-06-09T13:32:34+00:00","mainEntityOfPage":{"@id":"https:\/\/www.esin.av.tr\/tr\/2021\/12\/28\/trabis-donemi-cok-yakinda-basliyor-trabis-doneminde-bir-com-tr-alan-adinin-yasam-dongusu-nasil-olacak\/"},"wordCount":860,"publisher":{"@id":"https:\/\/www.esin.av.tr\/tr\/#organization"},"image":{"@id":"https:\/\/www.esin.av.tr\/tr\/2021\/12\/28\/trabis-donemi-cok-yakinda-basliyor-trabis-doneminde-bir-com-tr-alan-adinin-yasam-dongusu-nasil-olacak\/#primaryimage"},"thumbnailUrl":"https:\/\/www.esin.av.tr\/wp-content\/uploads\/2021\/02\/1.png","keywords":["Fikri ve S\u0131nai M\u00fclkiyet"],"articleSection":["Hukuk B\u00fcltenleri"],"inLanguage":"tr"},{"@type":"WebPage","@id":"https:\/\/www.esin.av.tr\/tr\/2021\/12\/28\/trabis-donemi-cok-yakinda-basliyor-trabis-doneminde-bir-com-tr-alan-adinin-yasam-dongusu-nasil-olacak\/","url":"https:\/\/www.esin.av.tr\/tr\/2021\/12\/28\/trabis-donemi-cok-yakinda-basliyor-trabis-doneminde-bir-com-tr-alan-adinin-yasam-dongusu-nasil-olacak\/","name":"TRAB\u0130S d\u00f6nemi \u00e7ok yak\u0131nda ba\u015fl\u0131yor: TRAB\u0130S d\u00f6neminde bir com.tr alan ad\u0131n\u0131n ya\u015fam d\u00f6ng\u00fcs\u00fc nas\u0131l olacak?","isPartOf":{"@id":"https:\/\/www.esin.av.tr\/tr\/#website"},"primaryImageOfPage":{"@id":"https:\/\/www.esin.av.tr\/tr\/2021\/12\/28\/trabis-donemi-cok-yakinda-basliyor-trabis-doneminde-bir-com-tr-alan-adinin-yasam-dongusu-nasil-olacak\/#primaryimage"},"image":{"@id":"https:\/\/www.esin.av.tr\/tr\/2021\/12\/28\/trabis-donemi-cok-yakinda-basliyor-trabis-doneminde-bir-com-tr-alan-adinin-yasam-dongusu-nasil-olacak\/#primaryimage"},"thumbnailUrl":"https:\/\/www.esin.av.tr\/wp-content\/uploads\/2021\/02\/1.png","datePublished":"2021-12-28T10:34:34+00:00","dateModified":"2022-06-09T13:32:34+00:00","description":"\u00a0 \u00a0 \u00a0 \u00a0 \u00a0 \u00a0 \u00a0 Bu b\u00fcltenimizi podcast olarak da dinleyebilirsiniz! &nbsp; Orta Do\u011fu Teknik \u00dcniversitesi (\"ODT\u00dc\") ile Bilgi Teknolojileri ve \u0130leti\u015fim Kurumu","breadcrumb":{"@id":"https:\/\/www.esin.av.tr\/tr\/2021\/12\/28\/trabis-donemi-cok-yakinda-basliyor-trabis-doneminde-bir-com-tr-alan-adinin-yasam-dongusu-nasil-olacak\/#breadcrumb"},"inLanguage":"tr","potentialAction":[{"@type":"ReadAction","target":["https:\/\/www.esin.av.tr\/tr\/2021\/12\/28\/trabis-donemi-cok-yakinda-basliyor-trabis-doneminde-bir-com-tr-alan-adinin-yasam-dongusu-nasil-olacak\/"]}]},{"@type":"ImageObject","inLanguage":"tr","@id":"https:\/\/www.esin.av.tr\/tr\/2021\/12\/28\/trabis-donemi-cok-yakinda-basliyor-trabis-doneminde-bir-com-tr-alan-adinin-yasam-dongusu-nasil-olacak\/#primaryimage","url":"https:\/\/www.esin.av.tr\/wp-content\/uploads\/2021\/02\/1.png","contentUrl":"https:\/\/www.esin.av.tr\/wp-content\/uploads\/2021\/02\/1.png"},{"@type":"BreadcrumbList","@id":"https:\/\/www.esin.av.tr\/tr\/2021\/12\/28\/trabis-donemi-cok-yakinda-basliyor-trabis-doneminde-bir-com-tr-alan-adinin-yasam-dongusu-nasil-olacak\/#breadcrumb","itemListElement":[{"@type":"ListItem","position":1,"name":"Home","item":"https:\/\/www.esin.av.tr\/tr\/"},{"@type":"ListItem","position":2,"name":"TRAB\u0130S d\u00f6nemi \u00e7ok yak\u0131nda ba\u015fl\u0131yor: TRAB\u0130S d\u00f6neminde bir com.tr alan ad\u0131n\u0131n ya\u015fam d\u00f6ng\u00fcs\u00fc nas\u0131l olacak?"}]},{"@type":"WebSite","@id":"https:\/\/www.esin.av.tr\/tr\/#website","url":"https:\/\/www.esin.av.tr\/tr\/","name":"Esin Avukatl\u0131k Ortakl\u0131\u011f\u0131","description":"","publisher":{"@id":"https:\/\/www.esin.av.tr\/tr\/#organization"},"potentialAction":[{"@type":"SearchAction","target":{"@type":"EntryPoint","urlTemplate":"https:\/\/www.esin.av.tr\/tr\/?s={search_term_string}"},"query-input":{"@type":"PropertyValueSpecification","valueRequired":true,"valueName":"search_term_string"}}],"inLanguage":"tr"},{"@type":"Organization","@id":"https:\/\/www.esin.av.tr\/tr\/#organization","name":"Esin Avukatl\u0131k Ortakl\u0131\u011f\u0131","url":"https:\/\/www.esin.av.tr\/tr\/","logo":{"@type":"ImageObject","inLanguage":"tr","@id":"https:\/\/www.esin.av.tr\/tr\/#\/schema\/logo\/image\/","url":"https:\/\/www.esin.av.tr\/wp-content\/uploads\/2021\/09\/esin-2.jpg","contentUrl":"https:\/\/www.esin.av.tr\/wp-content\/uploads\/2021\/09\/esin-2.jpg","width":800,"height":460,"caption":"Esin Avukatl\u0131k Ortakl\u0131\u011f\u0131"},"image":{"@id":"https:\/\/www.esin.av.tr\/tr\/#\/schema\/logo\/image\/"}},{"@type":"Person","@id":"https:\/\/www.esin.av.tr\/tr\/#\/schema\/person\/42c8e616aab56b8622fa365ad63282ae","name":"R\u0131dvan Konrat","image":{"@type":"ImageObject","inLanguage":"tr","@id":"https:\/\/www.esin.av.tr\/tr\/#\/schema\/person\/image\/","url":"https:\/\/secure.gravatar.com\/avatar\/b20c6c583be38ed4e76e32f69fccc676?s=96&d=mm&r=g","contentUrl":"https:\/\/secure.gravatar.com\/avatar\/b20c6c583be38ed4e76e32f69fccc676?s=96&d=mm&r=g","caption":"R\u0131dvan Konrat"},"sameAs":["http:\/\/www.esin.av.tr"],"url":"https:\/\/www.esin.av.tr\/tr\/author\/rkonrat\/"}]}},"_links":{"self":[{"href":"https:\/\/www.esin.av.tr\/tr\/wp-json\/wp\/v2\/posts\/21356","targetHints":{"allow":["GET"]}}],"collection":[{"href":"https:\/\/www.esin.av.tr\/tr\/wp-json\/wp\/v2\/posts"}],"about":[{"href":"https:\/\/www.esin.av.tr\/tr\/wp-json\/wp\/v2\/types\/post"}],"author":[{"embeddable":true,"href":"https:\/\/www.esin.av.tr\/tr\/wp-json\/wp\/v2\/users\/4"}],"replies":[{"embeddable":true,"href":"https:\/\/www.esin.av.tr\/tr\/wp-json\/wp\/v2\/comments?post=21356"}],"version-history":[{"count":1,"href":"https:\/\/www.esin.av.tr\/tr\/wp-json\/wp\/v2\/posts\/21356\/revisions"}],"predecessor-version":[{"id":21357,"href":"https:\/\/www.esin.av.tr\/tr\/wp-json\/wp\/v2\/posts\/21356\/revisions\/21357"}],"wp:attachment":[{"href":"https:\/\/www.esin.av.tr\/tr\/wp-json\/wp\/v2\/media?parent=21356"}],"wp:term":[{"taxonomy":"category","embeddable":true,"href":"https:\/\/www.esin.av.tr\/tr\/wp-json\/wp\/v2\/categories?post=21356"},{"taxonomy":"post_tag","embeddable":true,"href":"https:\/\/www.esin.av.tr\/tr\/wp-json\/wp\/v2\/tags?post=21356"}],"curies":[{"name":"wp","href":"https:\/\/api.w.org\/{rel}","templated":true}]}}