{"id":21216,"date":"2021-12-13T07:58:58","date_gmt":"2021-12-13T07:58:58","guid":{"rendered":"https:\/\/www.esin.av.tr\/?p=21216"},"modified":"2021-12-13T07:58:58","modified_gmt":"2021-12-13T07:58:58","slug":"saglik-sektorunde-guncel-gelismeler-aralik-2021","status":"publish","type":"post","link":"https:\/\/www.esin.av.tr\/tr\/2021\/12\/13\/saglik-sektorunde-guncel-gelismeler-aralik-2021\/","title":{"rendered":"Sa\u011fl\u0131k Sekt\u00f6r\u00fcnde G\u00fcncel Geli\u015fmeler &#8211; Aral\u0131k 2021"},"content":{"rendered":"<p><strong><a href=\"https:\/\/podcast.esin.av.tr\/?lang=tr&amp;playing=PFC6587210460?updated=1639380936\" target=\"_blank\" rel=\"noopener\"><img decoding=\"async\" class=\"alignnone  wp-image-18799\" src=\"https:\/\/www.esin.av.tr\/wp-content\/uploads\/2021\/02\/1.png\" alt=\"\" width=\"56\" height=\"56\" srcset=\"https:\/\/www.esin.av.tr\/wp-content\/uploads\/2021\/02\/1.png 186w, https:\/\/www.esin.av.tr\/wp-content\/uploads\/2021\/02\/1-150x150.png 150w\" sizes=\"(max-width: 56px) 100vw, 56px\" \/><\/a>\u00a0 \u00a0 \u00a0 \u00a0 \u00a0 \u00a0 Bu b\u00fcltenimizi podcast olarak da dinleyebilirsiniz!<\/strong><\/p>\n<p>&nbsp;<\/p>\n<p>T\u00fcrkiye \u0130la\u00e7 ve T\u0131bbi Cihaz Kurumu (&#8220;<strong>Kurum<\/strong>&#8220;) ge\u00e7ti\u011fimiz haftalarda biyosidal \u00fcr\u00fcnler, Yurtd\u0131\u015f\u0131 \u0130la\u00e7 Listesi, T\u0131bbi Cihaz Y\u00f6netmeli\u011fi uyar\u0131nca s\u0131n\u0131f\u0131 de\u011fi\u015fen \u00fcr\u00fcnler, yurtd\u0131\u015f\u0131 ve yurti\u00e7i \u0130yi \u00dcretim Uygulamalar\u0131 (&#8220;<strong>GMP<\/strong>&#8220;) sertifikasyon ve denetim s\u00fcre\u00e7leri hakk\u0131nda duyurular yay\u0131mlad\u0131.<\/p>\n<p>G\u00fcncel geli\u015fmeler \u00f6zelindeki notlar\u0131m\u0131za a\u015fa\u011f\u0131daki linklerden ula\u015fabilirsiniz:<\/p>\n<p><u><a href=\"#tr1\"><strong>Yurt d\u0131\u015f\u0131 GMP Denetimi ve Sertifikasyon S\u00fcre\u00e7leri Hakk\u0131nda Pandemi D\u00f6neminde Hangi Ek Tedbirler Uygulanacak?<\/strong><\/a><br \/>\n<a href=\"#tr2\"><strong>GMP Sertifika S\u00fcresi Sona Eren Yurti\u00e7i \u00dcretim Tesisleri hakk\u0131nda Hangi Tedbirler Uygulanacak?<\/strong><\/a><\/u><br \/>\n<strong><u><a href=\"#tr3\">Biyosidal \u00dcr\u00fcn Ruhsat Ba\u015fvurusu Nas\u0131l Yap\u0131l\u0131r?<\/a> <\/u><\/strong><strong><u><br \/>\n<a href=\"#tr4\">Yurtd\u0131\u015f\u0131 \u0130la\u00e7 Listesinde Hangi \u0130la\u00e7lar Muhafaza Edilecek?<\/a><br \/>\n<a href=\"#tr5\">T\u0131bbi Cihaz Y\u00f6netmeli\u011fi ile S\u0131n\u0131f\u0131 De\u011fi\u015fen \u00dcr\u00fcnler i\u00e7in Hangi Aksiyonlar Al\u0131nmal\u0131d\u0131r?<\/a><\/u> <\/strong><\/p>\n<p><strong>Yurt d\u0131\u015f\u0131 GMP Denetimi ve Sertifikasyon S\u00fcre\u00e7leri Hakk\u0131nda Pandemi D\u00f6neminde Hangi Ek Tedbirler Uygulanacak?<\/strong><\/p>\n<p>03.12.2021 tarihinde Kurum yurt d\u0131\u015f\u0131 \u00fcretim tesislerinin GMP denetimleri ve GMP sertifikalar\u0131na y\u00f6nelik bir duyuru yay\u0131nlam\u0131\u015ft\u0131r. Duyuru kapsam\u0131nda pandemi s\u00fcresince GMP sertifikalar\u0131n\u0131n ge\u00e7erlilik s\u00fcrelerinde uygulanacak uzatmalar ve denetimlere ba\u015fvurular\u0131na y\u00f6nelik detayl\u0131 a\u00e7\u0131klamalar yer almaktad\u0131r. Duyuruya <a href=\"https:\/\/urldefense.com\/v3\/__https:\/esinxchange.com\/collect\/click.aspx?u=YitOdWJ2V1lNamdTRU5Lc2kzcmcvcTBFN0dBY2JxZ2NSQmYwM3JncGNJcVhOaGdxSzdPOXBvdXd5TktnTlpFd1pkR2o2c0gwSVVmNHJFdmUzZGxQM1BOb0tLQUU0TVZZampGM2VIeFcrR3ZwSVhaQSs4TnZFTVlpanJjYzFyRjJTeWNZOHg0UnVSZDhGKzI3K01DVlZDRjVMdjlSZ0p1cXZieldQQlpQTnBTWVR0dTNxT3FqTVdDTm9rMHRrUkw5T2VyT0ZFeVlRLzJackY4TmJIYTE2MVZjZnlYWmxXcEtsT3dzSlNGZG5OTVZqT2crR1oyRjBRPT0=&amp;rh=ff008764d3c1b058446573f2bb4e9f6b0434f325__;!!Hj9Y_P0nvg!BGtBiJnBbD1NYEjoHpfPceYJlo3Al2WzGqlx-1SVROpgteUoV4qT6dmEVNboqNRUHBKlbQ$\">buradan <\/a>ula\u015f\u0131labilir.<\/p>\n<p><strong>Ne De\u011fi\u015fecek? <\/strong><br \/>\nKurum&#8217;un denetim hakk\u0131 sakl\u0131 kalmak kayd\u0131yla, devam eden pandemi ko\u015fullar\u0131 g\u00f6z \u00f6n\u00fcnde bulundurularak yurtd\u0131\u015f\u0131 \u00fcretim tesislerine y\u00f6nelik a\u015fa\u011f\u0131dakiler dahil bir tak\u0131m yeni tedbirler uygulanacakt\u0131r:<\/p>\n<ul>\n<li>Bir tak\u0131m ko\u015fullar\u0131 kar\u015f\u0131layan yurtd\u0131\u015f\u0131 \u00fcretim tesislerinin GMP sertifikalar\u0131 ge\u00e7erlilik s\u00fcresi herhangi bir ba\u015fvuru yap\u0131lmas\u0131na gerek kalmaks\u0131z\u0131n 31.12.2022 tarihine kadar uzat\u0131lm\u0131\u015ft\u0131r.<\/li>\n<li><strong>Daha evvel Kurumca denetlenmi\u015f tesisler<\/strong>: Yurt\u00a0 D\u0131\u015f\u0131\u00a0 \u00dcretim Tesislerinin\u00a0 GMP\u00a0 Denetimleri\u00a0 \u0130\u00e7in\u00a0 Yap\u0131lacak\u00a0 M\u00fcracaatlara\u00a0 Dair\u00a0 K\u0131lavuz&#8217;un (&#8220;<strong>K\u0131lavuz<\/strong>&#8220;) B maddesi kapsam\u0131nda ba\u015fvuru yap\u0131lmas\u0131 gerekmektedir.<\/li>\n<li><strong>Daha evvel Kurumca denetlenmemi\u015f tesisler<\/strong>: \u00d6ncelik De\u011ferlendirme Kurulu karar\u0131yla\u00a0y\u00fcksek \u00f6ncelik karar\u0131\u00a0 ve \u00f6ncelik karar\u0131 al\u0131nm\u0131\u015f\u00a0\u00fcr\u00fcnlerinin PIC\/S \u00fcyesi bir otorite taraf\u0131ndan denetlenmi\u015f olmas\u0131; ancak bu \u00fcr\u00fcnlerin K\u0131lavuz&#8217;un B maddesini sa\u011flamamas\u0131 durumunda dosya \u00fczerinden \u00e7e\u015fitli ilave belgeler talep edilmek suretiyle istisnai bir de\u011ferlendirme yap\u0131lacakt\u0131r.<\/li>\n<li>\u0130thalat\u00e7\u0131 firmalar\u0131n \u00fcretim yerinden dok\u00fcman temininde s\u0131k\u0131nt\u0131 ya\u015famas\u0131 halinde, belgelerin temin edilir edilmez sunulaca\u011f\u0131na y\u00f6nelik beyan verilmesi ko\u015fuluyla yurtd\u0131\u015f\u0131ndan g\u00f6nderilen dok\u00fcmanlar ithalat\u00e7\u0131n\u0131n bilgilerine yer vermek ko\u015fuluyla Kurum&#8217;a e-posta olarak g\u00f6nderilebilecektir.<\/li>\n<\/ul>\n<p><strong>GMP Sertifika S\u00fcresi Sona Eren Yurti\u00e7i \u00dcretim Tesisleri hakk\u0131nda Hangi Tedbirler Uygulanacak?<\/strong><\/p>\n<p>Kurum&#8217;un 03.12.2021 tarihli duyurusu ile GMP sertifika s\u00fcresi dolan yurti\u00e7i \u00fcretim tesislerinin sertifika s\u00fcreleri bir tak\u0131m \u015fartlar\u0131 kar\u015f\u0131lamalar\u0131 halinde yakla\u015f\u0131k 1 sene kadar uzat\u0131lm\u0131\u015ft\u0131r. \u0130lgili duyuruya <a href=\"https:\/\/urldefense.com\/v3\/__https:\/esinxchange.com\/collect\/click.aspx?u=YitOdWJ2V1lNamdTRU5Lc2kzcmcvcTBFN0dBY2JxZ2NSQmYwM3JncGNJcVhOaGdxSzdPOXBvdXd5TktnTlpFd1pkR2o2c0gwSVVmNHJFdmUzZGxQM05OVS9mempVdDBYdDI1L2ErYndDSTFJelUwV1hVaHh5Um9ac0NENVU5eXhZc2JmT0xQMnFYUXJPRnhSZkZZV0ZHcW84UWRNYWJZRw==&amp;rh=ff008764d3c1b058446573f2bb4e9f6b0434f325__;!!Hj9Y_P0nvg!BGtBiJnBbD1NYEjoHpfPceYJlo3Al2WzGqlx-1SVROpgteUoV4qT6dmEVNboqNTMKixO_Q$\">buradan <\/a>ula\u015f\u0131labilir.<\/p>\n<p><strong>Ne De\u011fi\u015fecek? <\/strong><\/p>\n<p>\u0130\u00e7i\u015fleri Bakanl\u0131\u011f\u0131n\u0131n 1 Haziran 2021 tarih ve E-89780865-153-8878 say\u0131l\u0131 Haziran Ay\u0131 Normalle\u015fme Tedbirleri Genelgesi ile pandemi sonras\u0131 normalle\u015fme s\u00fcreci kapsam\u0131nda 2021 senesinin ikinci alt\u0131 ay\u0131nda genel GMP denetimlerine ba\u015flanm\u0131\u015ft\u0131r. Bu s\u00fcre\u00e7te denetimi hen\u00fcz ger\u00e7ekle\u015fmeyen yerli ila\u00e7 \u00fcreticisi firmalardan son genel denetimi \u00fczerinden 3 y\u0131l s\u00fcre ge\u00e7mi\u015f ve sertifika s\u00fcreleri dolmu\u015f tesislerin GMP sertifika s\u00fcreleri 31.12.2022 tarihine kadar uzat\u0131lm\u0131\u015ft\u0131r.<\/p>\n<p><strong>Biyosidal \u00dcr\u00fcn Ruhsat Ba\u015fvurusu Nas\u0131l Yap\u0131l\u0131r?\u00a0<\/strong><\/p>\n<p>Kurum 30.11.2021 tarihinde biyosidal \u00fcr\u00fcnlere ili\u015fkin \u00dcr\u00fcn Takip Sistemi (\u00dcTS) \u00fczerinden yap\u0131lacak i\u015flemler hakk\u0131nda duyuru yay\u0131nlad\u0131. S\u00f6z konusu duyuru \u00fcr\u00fcn tipi-1 ve \u00fcr\u00fcn tipi-19 biyosidal \u00fcr\u00fcnlerin ruhsat ba\u015fvurular\u0131na ili\u015fkin y\u00f6nlendirmeler i\u00e7eriyor. Duyuruya <a href=\"https:\/\/urldefense.com\/v3\/__https:\/esinxchange.com\/collect\/click.aspx?u=YitOdWJ2V1lNamdTRU5Lc2kzcmcvcTBFN0dBY2JxZ2NSQmYwM3JncGNJcVhOaGdxSzdPOXBvdXd5TktnTlpFd1pkR2o2c0gwSVVkMUYxb0pSYlhpZUQyU25wTmNua0VnazdGS25DZ0ZISTJYeTB1amdiWFdhOHFiWG5XVldLUG5BRjdnTTloUTRTTUY2Y0IzWUlvZVVRPT0=&amp;rh=ff008764d3c1b058446573f2bb4e9f6b0434f325__;!!Hj9Y_P0nvg!BGtBiJnBbD1NYEjoHpfPceYJlo3Al2WzGqlx-1SVROpgteUoV4qT6dmEVNboqNTz2mF3MQ$\">buradan <\/a>ula\u015fabilirsiniz.<\/p>\n<p><strong>Ne De\u011fi\u015fecek? <\/strong><\/p>\n<p>09.12.2021 tarihi itibariyle Biyosidal Mod\u00fcl\u00fc \u00fczerinden \u00fcr\u00fcn tipi-1 ve \u00fcr\u00fcn tipi-19 biyosidal \u00fcr\u00fcnlerin ruhsat ba\u015fvurusu \u00dcTS \u00fczerinden yap\u0131labilecektir. Ruhsat ba\u015fvuru esnas\u0131nda fiziki evrak talep edilmeyecek ve s\u00fcre\u00e7 e-imzal\u0131 dok\u00fcmanlar ile y\u00fcr\u00fct\u00fclecektir. Ancak gerek g\u00f6r\u00fclen hallerde Kurum&#8217;un fiziki evrak talep etme hakk\u0131 sakl\u0131d\u0131r.<\/p>\n<p>\u00dcTS&#8217;de ruhsat ba\u015fvurusu yap\u0131ld\u0131ktan sonra ruhsat al\u0131nabilmesi i\u00e7in \u00dcTS taraf\u0131ndan en fazla \u00fc\u00e7 defa eksiklik g\u00fcncellemesine izin verilecek olup, bu s\u00fcre\u00e7 i\u00e7erisinde eksiklerin tamamlanmamas\u0131 halinde ba\u015fvuru s\u00fcreci sonland\u0131r\u0131lacakt\u0131r. Bu durumda \u00dcTS \u00fczerinden yeni ruhsat ba\u015fvurusu olu\u015fturulmas\u0131 gerecektir.<\/p>\n<p>Ayr\u0131ca, Halk Sa\u011fl\u0131\u011f\u0131 Genel M\u00fcd\u00fcrl\u00fc\u011f\u00fc taraf\u0131ndan ruhsatland\u0131r\u0131lm\u0131\u015f ve ruhsat ge\u00e7erlilik s\u00fcresi 31.12.2021 tarihinde sona eren \u00fcr\u00fcn tipi-1 ve \u00fcr\u00fcn tipi-19 biyosidal \u00fcr\u00fcnler, 31.12.2022 tarihine kadar piyasada bulundurulabilecektir. Bu \u00fcr\u00fcnlerin ruhsatlar\u0131na y\u00f6nelik Kurum taraf\u0131ndan herhangi bir belge yenilemesi yap\u0131lmayacakt\u0131r. Ancak \u00fcr\u00fcnlerin ruhsat dosyas\u0131nda yer alan bir tak\u0131m test raporlar\u0131n\u0131n Kurum taraf\u0131ndan yay\u0131nlanan \u00dcr\u00fcn Tipi-1 ve \u00dcr\u00fcn Tipi-19 Biyosidal \u00dcr\u00fcnlerin Analizleri Hakk\u0131nda Talimat&#8217;ta belirtilen \u015fartlar\u0131 kar\u015f\u0131lamas\u0131 gerekmektedir. Aksi halde s\u00f6z konusu testlerin talimata uygun bi\u00e7imde yenilenmesi gerekecektir.<\/p>\n<p><strong>Yurtd\u0131\u015f\u0131 \u0130la\u00e7 Listesinde Hangi \u0130la\u00e7lar Muhafaza Edilecek?<\/strong><\/p>\n<p>Kurum&#8217;un 24.11.2021 tarihinde, 984 say\u0131l\u0131 Ecza Ticarethaneleriyle Sanat ve Ziraat \u0130\u015flerinde Kullan\u0131lan Zehirli ve M\u00fcessir Kimyevi Maddelerin Sat\u0131ld\u0131\u011f\u0131 D\u00fckkanlara Mahsus Kanun&#8217;un (&#8220;<strong>Zehirli ve M\u00fcessir Kimyevi Madde Sat\u0131lan D\u00fckkanlara Mahsus Kanun<\/strong>&#8220;) uyar\u0131nca haz\u0131rlanan Yurtd\u0131\u015f\u0131 \u0130la\u00e7 Listesi&#8217;nde bulunan \u00fcr\u00fcnlere y\u00f6nelik duyuru yay\u0131mland\u0131. S\u00f6z konusu duyuruya <a href=\"https:\/\/urldefense.com\/v3\/__https:\/esinxchange.com\/collect\/click.aspx?u=YitOdWJ2V1lNamdTRU5Lc2kzcmcvcTBFN0dBY2JxZ2NSQmYwM3JncGNJcVhOaGdxSzdPOXBvdXd5TktnTlpFd1pkR2o2c0gwSVVmNHJFdmUzZGxQM1BnUHQ4bkFKSTR6cUxWcGY0ZTJIdVRaMC9Jckh1MFhDdlcrTUVaVEtjMFkxcStVM3g1OFd3M3V5Z1NhNTZSY3JDSkpFejE0MVVQWC9WWENMc1JrVUFvPQ==&amp;rh=ff008764d3c1b058446573f2bb4e9f6b0434f325__;!!Hj9Y_P0nvg!BGtBiJnBbD1NYEjoHpfPceYJlo3Al2WzGqlx-1SVROpgteUoV4qT6dmEVNboqNTLJB2XDg$\">buradan <\/a>ula\u015f\u0131labilir.<\/p>\n<p><strong>Ne De\u011fi\u015fecek?<\/strong><\/p>\n<p>Zehirli ve M\u00fcessir Kimyevi Madde Sat\u0131lan D\u00fckkanlara Mahsus Kanun&#8217;un 11. maddesi uyar\u0131nca T\u00fcrkiye&#8217;de ruhsatl\u0131 olmayan veya ruhsatl\u0131 olup da \u00e7e\u015fitli sebeplerle piyasada bulunmayan be\u015feri t\u0131bbi \u00fcr\u00fcnler belirli ko\u015fullar alt\u0131nda Sa\u011fl\u0131k Bakanl\u0131\u011f\u0131 taraf\u0131ndan uygun g\u00f6r\u00fclen kamu kurum ve kurulu\u015flar, Sosyal G\u00fcvenlik Kurumu ve T\u00fcrk Eczac\u0131lar\u0131 Birli\u011fi taraf\u0131ndan yurtd\u0131\u015f\u0131ndan temin edilebilmektedir. Bu \u015fekilde temin edilen ila\u00e7lar Yurtd\u0131\u015f\u0131 \u0130la\u00e7 Listesi&#8217;ne eklenir ve listeye girdi\u011fi tarihten itibaren \u00fc\u00e7 y\u0131l i\u00e7inde izin\/ruhsat sahibi taraf\u0131ndan ruhsat ba\u015fvurusunda bulunulmas\u0131 ve ba\u015fvuru tarihinden itibaren en ge\u00e7 iki y\u0131l i\u00e7erisinde ruhsat al\u0131nmas\u0131 zorunludur.<\/p>\n<p>Yurt D\u0131\u015f\u0131 \u0130la\u00e7 Listesi&#8217;nde bulunan \u00fcr\u00fcnlerden ruhsat al\u0131nmam\u0131\u015f, ancak ilgili listeye ekleni\u015finden itibaren \u00fc\u00e7 y\u0131l\u0131n\u0131 doldurmu\u015f ve\/veya \u00fc\u00e7 y\u0131l\u0131 doldurmalar\u0131na alt\u0131 ay kalm\u0131\u015f \u00fcr\u00fcnlerin listesi Kurum taraf\u0131ndan yay\u0131nlanm\u0131\u015ft\u0131r. Liste Yurt D\u0131\u015f\u0131 \u0130la\u00e7 De\u011ferlendirme Komisyonu&#8217;nda de\u011ferlendirilecektir. Bunun akabinde, ruhsat\/izin bulunmamas\u0131na ra\u011fmen listede kalmas\u0131 uygun g\u00f6r\u00fclen \u00fcr\u00fcnler Cumhurba\u015fkanl\u0131\u011f\u0131 onay\u0131na ba\u011fl\u0131 olarak temin edilmeye devam edilebilir.<\/p>\n<p><strong>T\u0131bbi Cihaz Y\u00f6netmeli\u011fi ile S\u0131n\u0131f\u0131 De\u011fi\u015fen \u00dcr\u00fcnler i\u00e7in Hangi Aksiyonlar Al\u0131nmal\u0131d\u0131r?<\/strong><\/p>\n<p>Kurum 16.11.2021 tarihinde yeni T\u0131bbi Cihaz Y\u00f6netmeli\u011fi kapsam\u0131nda risk s\u0131n\u0131f\u0131 de\u011fi\u015fen t\u0131bbi cihazlardan \u00dcr\u00fcn Takip Sistemi&#8217;nde (\u00dcTS) &#8220;kay\u0131tl\u0131&#8221; bulunmayan \u00fcr\u00fcnlere y\u00f6nelik duyuru yay\u0131nlam\u0131\u015ft\u0131r. S\u00f6z konusu duyuruya <a href=\"https:\/\/urldefense.com\/v3\/__https:\/esinxchange.com\/collect\/click.aspx?u=YitOdWJ2V1lNamdTRU5Lc2kzcmcvcTBFN0dBY2JxZ2NSQmYwM3JncGNJb3B1QW84R0tkZm05cE81NktQTVMxZXhrb2NCTnNBdUZOVnZhNU9EVExXek5TNi9YVlljOTVMYXloNElseTRhbm9CaURIZjQrOFZBcGZweFNMUDlVRXQ4UXRiMjl6UWxBV0FSS0Q2cmFYc0hnUHV2WjRndjRqMWRodUtrd003eGFhQ2hkZTVYYXNrOVNDWHVnenRXREROTE1vZFhqbVROUUU9&amp;rh=ff008764d3c1b058446573f2bb4e9f6b0434f325__;!!Hj9Y_P0nvg!BGtBiJnBbD1NYEjoHpfPceYJlo3Al2WzGqlx-1SVROpgteUoV4qT6dmEVNboqNTves_xnQ$\">buradan <\/a>ula\u015f\u0131labilir.<\/p>\n<p><strong>Ne De\u011fi\u015fecek?<\/strong><\/p>\n<p>Kurum ge\u00e7ti\u011fimiz aylarda 06.07.2021 tarihli duyurusu ile ge\u00e7ti\u011fimiz aylarda Y\u00f6netmelik kapsam\u0131nda risk grubu y\u00fckselen ve bu sebeple onaylanm\u0131\u015f kurulu\u015fa gitme zorunlulu\u011fu do\u011fan cihazlar\u0131n 26.05.2024 tarihine kadar belirli \u015fartlar alt\u0131nda piyasada bulundurulmas\u0131na imkan tan\u0131nd\u0131\u011f\u0131n\u0131 a\u00e7\u0131klam\u0131\u015ft\u0131. Yeni duyuru ile bu \u00e7er\u00e7evede s\u0131n\u0131f\u0131 de\u011fi\u015fecek \u00fcr\u00fcnlerin kayd\u0131 ad\u0131na \u00dcTS&#8217;den ba\u015fvuru yap\u0131labilmesi i\u00e7in duyurunun Ek-1&#8217;inde belirtilen bilgilerin yer alan ald\u0131\u011f\u0131 bir dilek\u00e7e ile <a href=\"https:\/\/urldefense.com\/v3\/__https:\/esinxchange.com\/collect\/click.aspx?u=YitOdWJ2V1lNamdTRU5Lc2kzcmcvcTBFN0dBY2JxZ2NSQmYwM3JncGNJcFNJcDMwNkJUOTgzdnF3OThwT0d0MU9hZ3V6VzNhNWlRbThncnBoRkhsZmphck1TK0Z0MlZ5SmJ0NHVvNnl3RDk5b3JNM2pQcFFmQT09&amp;rh=ff008764d3c1b058446573f2bb4e9f6b0434f325__;!!Hj9Y_P0nvg!BGtBiJnBbD1NYEjoHpfPceYJlo3Al2WzGqlx-1SVROpgteUoV4qT6dmEVNboqNT0_ld_tQ$\">internet sitesi <\/a>\u00fczerinden ba\u015fvuru yap\u0131lmas\u0131 gerekti\u011fi bildirilmi\u015ftir.<\/p>\n<p><strong>Sonu\u00e7<\/strong><\/p>\n<p>Kurum sa\u011fl\u0131k sekt\u00f6r\u00fcnde faaliyet g\u00f6steren \u015firketlere rehberlik etmeye devam etmektedir. Sa\u011fl\u0131k sekt\u00f6r\u00fcnde faaliyet g\u00f6steren t\u00fcm ilgili \u015firketler, Kurum&#8217;un duyurular\u0131n\u0131 yak\u0131ndan takip etmeli ve mevzuatta yer alan y\u00fck\u00fcml\u00fcl\u00fcklerini Kurum&#8217;un y\u00f6nlendirmeleri do\u011frultusunda yerine getirmelidir.<\/p>\n","protected":false},"excerpt":{"rendered":"<p>\u00a0 \u00a0 \u00a0 \u00a0 \u00a0 \u00a0 Bu b\u00fcltenimizi podcast olarak da dinleyebilirsiniz! &nbsp; T\u00fcrkiye \u0130la\u00e7 ve T\u0131bbi Cihaz Kurumu (&#8220;Kurum&#8220;) [&hellip;]<\/p>\n","protected":false},"author":4,"featured_media":0,"comment_status":"closed","ping_status":"closed","sticky":false,"template":"","format":"standard","meta":{"_acf_changed":false,"_stopmodifiedupdate":false,"_modified_date":"","footnotes":""},"categories":[120],"tags":[92],"class_list":["post-21216","post","type-post","status-publish","format-standard","hentry","category-legal-alerts","tag-healthcare-tr"],"acf":[],"yoast_head":"<!-- This site is optimized with the Yoast SEO plugin v24.0 - https:\/\/yoast.com\/wordpress\/plugins\/seo\/ -->\n<title>Sa\u011fl\u0131k Sekt\u00f6r\u00fcnde G\u00fcncel Geli\u015fmeler - Aral\u0131k 2021<\/title>\n<meta name=\"description\" content=\"\u00a0 \u00a0 \u00a0 \u00a0 \u00a0 \u00a0 Bu b\u00fcltenimizi podcast olarak da dinleyebilirsiniz! &nbsp; T\u00fcrkiye \u0130la\u00e7 ve T\u0131bbi Cihaz Kurumu (&quot;Kurum&quot;) ge\u00e7ti\u011fimiz haftalarda biyosidal\" \/>\n<meta name=\"robots\" content=\"index, follow, max-snippet:-1, max-image-preview:large, max-video-preview:-1\" \/>\n<link rel=\"canonical\" href=\"https:\/\/www.esin.av.tr\/tr\/2021\/12\/13\/saglik-sektorunde-guncel-gelismeler-aralik-2021\/\" \/>\n<meta property=\"og:locale\" content=\"tr_TR\" \/>\n<meta property=\"og:type\" content=\"article\" \/>\n<meta property=\"og:title\" content=\"Sa\u011fl\u0131k Sekt\u00f6r\u00fcnde G\u00fcncel Geli\u015fmeler - Aral\u0131k 2021\" \/>\n<meta property=\"og:description\" content=\"\u00a0 \u00a0 \u00a0 \u00a0 \u00a0 \u00a0 Bu b\u00fcltenimizi podcast olarak da dinleyebilirsiniz! &nbsp; T\u00fcrkiye \u0130la\u00e7 ve T\u0131bbi Cihaz Kurumu (&quot;Kurum&quot;) ge\u00e7ti\u011fimiz haftalarda biyosidal\" \/>\n<meta property=\"og:url\" content=\"https:\/\/www.esin.av.tr\/tr\/2021\/12\/13\/saglik-sektorunde-guncel-gelismeler-aralik-2021\/\" \/>\n<meta property=\"og:site_name\" content=\"Esin Avukatl\u0131k Ortakl\u0131\u011f\u0131\" \/>\n<meta property=\"article:published_time\" content=\"2021-12-13T07:58:58+00:00\" \/>\n<meta property=\"og:image\" content=\"https:\/\/www.esin.av.tr\/wp-content\/uploads\/2021\/02\/1.png\" \/>\n<meta name=\"author\" content=\"R\u0131dvan Konrat\" \/>\n<meta name=\"twitter:card\" content=\"summary_large_image\" \/>\n<meta name=\"twitter:label1\" content=\"Written by\" \/>\n\t<meta name=\"twitter:data1\" content=\"R\u0131dvan Konrat\" \/>\n\t<meta name=\"twitter:label2\" content=\"Est. reading time\" \/>\n\t<meta name=\"twitter:data2\" content=\"5 minutes\" \/>\n<script type=\"application\/ld+json\" class=\"yoast-schema-graph\">{\"@context\":\"https:\/\/schema.org\",\"@graph\":[{\"@type\":\"Article\",\"@id\":\"https:\/\/www.esin.av.tr\/tr\/2021\/12\/13\/saglik-sektorunde-guncel-gelismeler-aralik-2021\/#article\",\"isPartOf\":{\"@id\":\"https:\/\/www.esin.av.tr\/tr\/2021\/12\/13\/saglik-sektorunde-guncel-gelismeler-aralik-2021\/\"},\"author\":{\"name\":\"R\u0131dvan Konrat\",\"@id\":\"https:\/\/www.esin.av.tr\/tr\/#\/schema\/person\/42c8e616aab56b8622fa365ad63282ae\"},\"headline\":\"Sa\u011fl\u0131k Sekt\u00f6r\u00fcnde G\u00fcncel Geli\u015fmeler &#8211; Aral\u0131k 2021\",\"datePublished\":\"2021-12-13T07:58:58+00:00\",\"dateModified\":\"2021-12-13T07:58:58+00:00\",\"mainEntityOfPage\":{\"@id\":\"https:\/\/www.esin.av.tr\/tr\/2021\/12\/13\/saglik-sektorunde-guncel-gelismeler-aralik-2021\/\"},\"wordCount\":1354,\"publisher\":{\"@id\":\"https:\/\/www.esin.av.tr\/tr\/#organization\"},\"image\":{\"@id\":\"https:\/\/www.esin.av.tr\/tr\/2021\/12\/13\/saglik-sektorunde-guncel-gelismeler-aralik-2021\/#primaryimage\"},\"thumbnailUrl\":\"https:\/\/www.esin.av.tr\/wp-content\/uploads\/2021\/02\/1.png\",\"keywords\":[\"Sa\u011fl\u0131k Hukuku\"],\"articleSection\":[\"Hukuk B\u00fcltenleri\"],\"inLanguage\":\"tr\"},{\"@type\":\"WebPage\",\"@id\":\"https:\/\/www.esin.av.tr\/tr\/2021\/12\/13\/saglik-sektorunde-guncel-gelismeler-aralik-2021\/\",\"url\":\"https:\/\/www.esin.av.tr\/tr\/2021\/12\/13\/saglik-sektorunde-guncel-gelismeler-aralik-2021\/\",\"name\":\"Sa\u011fl\u0131k Sekt\u00f6r\u00fcnde G\u00fcncel Geli\u015fmeler - Aral\u0131k 2021\",\"isPartOf\":{\"@id\":\"https:\/\/www.esin.av.tr\/tr\/#website\"},\"primaryImageOfPage\":{\"@id\":\"https:\/\/www.esin.av.tr\/tr\/2021\/12\/13\/saglik-sektorunde-guncel-gelismeler-aralik-2021\/#primaryimage\"},\"image\":{\"@id\":\"https:\/\/www.esin.av.tr\/tr\/2021\/12\/13\/saglik-sektorunde-guncel-gelismeler-aralik-2021\/#primaryimage\"},\"thumbnailUrl\":\"https:\/\/www.esin.av.tr\/wp-content\/uploads\/2021\/02\/1.png\",\"datePublished\":\"2021-12-13T07:58:58+00:00\",\"dateModified\":\"2021-12-13T07:58:58+00:00\",\"description\":\"\u00a0 \u00a0 \u00a0 \u00a0 \u00a0 \u00a0 Bu b\u00fcltenimizi podcast olarak da dinleyebilirsiniz! &nbsp; T\u00fcrkiye \u0130la\u00e7 ve T\u0131bbi Cihaz Kurumu (\\\"Kurum\\\") ge\u00e7ti\u011fimiz haftalarda biyosidal\",\"breadcrumb\":{\"@id\":\"https:\/\/www.esin.av.tr\/tr\/2021\/12\/13\/saglik-sektorunde-guncel-gelismeler-aralik-2021\/#breadcrumb\"},\"inLanguage\":\"tr\",\"potentialAction\":[{\"@type\":\"ReadAction\",\"target\":[\"https:\/\/www.esin.av.tr\/tr\/2021\/12\/13\/saglik-sektorunde-guncel-gelismeler-aralik-2021\/\"]}]},{\"@type\":\"ImageObject\",\"inLanguage\":\"tr\",\"@id\":\"https:\/\/www.esin.av.tr\/tr\/2021\/12\/13\/saglik-sektorunde-guncel-gelismeler-aralik-2021\/#primaryimage\",\"url\":\"https:\/\/www.esin.av.tr\/wp-content\/uploads\/2021\/02\/1.png\",\"contentUrl\":\"https:\/\/www.esin.av.tr\/wp-content\/uploads\/2021\/02\/1.png\"},{\"@type\":\"BreadcrumbList\",\"@id\":\"https:\/\/www.esin.av.tr\/tr\/2021\/12\/13\/saglik-sektorunde-guncel-gelismeler-aralik-2021\/#breadcrumb\",\"itemListElement\":[{\"@type\":\"ListItem\",\"position\":1,\"name\":\"Home\",\"item\":\"https:\/\/www.esin.av.tr\/tr\/\"},{\"@type\":\"ListItem\",\"position\":2,\"name\":\"Sa\u011fl\u0131k Sekt\u00f6r\u00fcnde G\u00fcncel Geli\u015fmeler &#8211; Aral\u0131k 2021\"}]},{\"@type\":\"WebSite\",\"@id\":\"https:\/\/www.esin.av.tr\/tr\/#website\",\"url\":\"https:\/\/www.esin.av.tr\/tr\/\",\"name\":\"Esin Avukatl\u0131k Ortakl\u0131\u011f\u0131\",\"description\":\"\",\"publisher\":{\"@id\":\"https:\/\/www.esin.av.tr\/tr\/#organization\"},\"potentialAction\":[{\"@type\":\"SearchAction\",\"target\":{\"@type\":\"EntryPoint\",\"urlTemplate\":\"https:\/\/www.esin.av.tr\/tr\/?s={search_term_string}\"},\"query-input\":{\"@type\":\"PropertyValueSpecification\",\"valueRequired\":true,\"valueName\":\"search_term_string\"}}],\"inLanguage\":\"tr\"},{\"@type\":\"Organization\",\"@id\":\"https:\/\/www.esin.av.tr\/tr\/#organization\",\"name\":\"Esin Avukatl\u0131k Ortakl\u0131\u011f\u0131\",\"url\":\"https:\/\/www.esin.av.tr\/tr\/\",\"logo\":{\"@type\":\"ImageObject\",\"inLanguage\":\"tr\",\"@id\":\"https:\/\/www.esin.av.tr\/tr\/#\/schema\/logo\/image\/\",\"url\":\"https:\/\/www.esin.av.tr\/wp-content\/uploads\/2021\/09\/esin-2.jpg\",\"contentUrl\":\"https:\/\/www.esin.av.tr\/wp-content\/uploads\/2021\/09\/esin-2.jpg\",\"width\":800,\"height\":460,\"caption\":\"Esin Avukatl\u0131k Ortakl\u0131\u011f\u0131\"},\"image\":{\"@id\":\"https:\/\/www.esin.av.tr\/tr\/#\/schema\/logo\/image\/\"}},{\"@type\":\"Person\",\"@id\":\"https:\/\/www.esin.av.tr\/tr\/#\/schema\/person\/42c8e616aab56b8622fa365ad63282ae\",\"name\":\"R\u0131dvan Konrat\",\"image\":{\"@type\":\"ImageObject\",\"inLanguage\":\"tr\",\"@id\":\"https:\/\/www.esin.av.tr\/tr\/#\/schema\/person\/image\/\",\"url\":\"https:\/\/secure.gravatar.com\/avatar\/b20c6c583be38ed4e76e32f69fccc676?s=96&d=mm&r=g\",\"contentUrl\":\"https:\/\/secure.gravatar.com\/avatar\/b20c6c583be38ed4e76e32f69fccc676?s=96&d=mm&r=g\",\"caption\":\"R\u0131dvan Konrat\"},\"sameAs\":[\"http:\/\/www.esin.av.tr\"],\"url\":\"https:\/\/www.esin.av.tr\/tr\/author\/rkonrat\/\"}]}<\/script>\n<!-- \/ Yoast SEO plugin. -->","yoast_head_json":{"title":"Sa\u011fl\u0131k Sekt\u00f6r\u00fcnde G\u00fcncel Geli\u015fmeler - Aral\u0131k 2021","description":"\u00a0 \u00a0 \u00a0 \u00a0 \u00a0 \u00a0 Bu b\u00fcltenimizi podcast olarak da dinleyebilirsiniz! &nbsp; T\u00fcrkiye \u0130la\u00e7 ve T\u0131bbi Cihaz Kurumu (\"Kurum\") ge\u00e7ti\u011fimiz haftalarda biyosidal","robots":{"index":"index","follow":"follow","max-snippet":"max-snippet:-1","max-image-preview":"max-image-preview:large","max-video-preview":"max-video-preview:-1"},"canonical":"https:\/\/www.esin.av.tr\/tr\/2021\/12\/13\/saglik-sektorunde-guncel-gelismeler-aralik-2021\/","og_locale":"tr_TR","og_type":"article","og_title":"Sa\u011fl\u0131k Sekt\u00f6r\u00fcnde G\u00fcncel Geli\u015fmeler - Aral\u0131k 2021","og_description":"\u00a0 \u00a0 \u00a0 \u00a0 \u00a0 \u00a0 Bu b\u00fcltenimizi podcast olarak da dinleyebilirsiniz! &nbsp; T\u00fcrkiye \u0130la\u00e7 ve T\u0131bbi Cihaz Kurumu (\"Kurum\") ge\u00e7ti\u011fimiz haftalarda biyosidal","og_url":"https:\/\/www.esin.av.tr\/tr\/2021\/12\/13\/saglik-sektorunde-guncel-gelismeler-aralik-2021\/","og_site_name":"Esin Avukatl\u0131k Ortakl\u0131\u011f\u0131","article_published_time":"2021-12-13T07:58:58+00:00","og_image":[{"url":"https:\/\/www.esin.av.tr\/wp-content\/uploads\/2021\/02\/1.png","type":"","width":"","height":""}],"author":"R\u0131dvan Konrat","twitter_card":"summary_large_image","twitter_misc":{"Written by":"R\u0131dvan Konrat","Est. reading time":"5 minutes"},"schema":{"@context":"https:\/\/schema.org","@graph":[{"@type":"Article","@id":"https:\/\/www.esin.av.tr\/tr\/2021\/12\/13\/saglik-sektorunde-guncel-gelismeler-aralik-2021\/#article","isPartOf":{"@id":"https:\/\/www.esin.av.tr\/tr\/2021\/12\/13\/saglik-sektorunde-guncel-gelismeler-aralik-2021\/"},"author":{"name":"R\u0131dvan Konrat","@id":"https:\/\/www.esin.av.tr\/tr\/#\/schema\/person\/42c8e616aab56b8622fa365ad63282ae"},"headline":"Sa\u011fl\u0131k Sekt\u00f6r\u00fcnde G\u00fcncel Geli\u015fmeler &#8211; Aral\u0131k 2021","datePublished":"2021-12-13T07:58:58+00:00","dateModified":"2021-12-13T07:58:58+00:00","mainEntityOfPage":{"@id":"https:\/\/www.esin.av.tr\/tr\/2021\/12\/13\/saglik-sektorunde-guncel-gelismeler-aralik-2021\/"},"wordCount":1354,"publisher":{"@id":"https:\/\/www.esin.av.tr\/tr\/#organization"},"image":{"@id":"https:\/\/www.esin.av.tr\/tr\/2021\/12\/13\/saglik-sektorunde-guncel-gelismeler-aralik-2021\/#primaryimage"},"thumbnailUrl":"https:\/\/www.esin.av.tr\/wp-content\/uploads\/2021\/02\/1.png","keywords":["Sa\u011fl\u0131k Hukuku"],"articleSection":["Hukuk B\u00fcltenleri"],"inLanguage":"tr"},{"@type":"WebPage","@id":"https:\/\/www.esin.av.tr\/tr\/2021\/12\/13\/saglik-sektorunde-guncel-gelismeler-aralik-2021\/","url":"https:\/\/www.esin.av.tr\/tr\/2021\/12\/13\/saglik-sektorunde-guncel-gelismeler-aralik-2021\/","name":"Sa\u011fl\u0131k Sekt\u00f6r\u00fcnde G\u00fcncel Geli\u015fmeler - Aral\u0131k 2021","isPartOf":{"@id":"https:\/\/www.esin.av.tr\/tr\/#website"},"primaryImageOfPage":{"@id":"https:\/\/www.esin.av.tr\/tr\/2021\/12\/13\/saglik-sektorunde-guncel-gelismeler-aralik-2021\/#primaryimage"},"image":{"@id":"https:\/\/www.esin.av.tr\/tr\/2021\/12\/13\/saglik-sektorunde-guncel-gelismeler-aralik-2021\/#primaryimage"},"thumbnailUrl":"https:\/\/www.esin.av.tr\/wp-content\/uploads\/2021\/02\/1.png","datePublished":"2021-12-13T07:58:58+00:00","dateModified":"2021-12-13T07:58:58+00:00","description":"\u00a0 \u00a0 \u00a0 \u00a0 \u00a0 \u00a0 Bu b\u00fcltenimizi podcast olarak da dinleyebilirsiniz! &nbsp; T\u00fcrkiye \u0130la\u00e7 ve T\u0131bbi Cihaz Kurumu (\"Kurum\") ge\u00e7ti\u011fimiz haftalarda biyosidal","breadcrumb":{"@id":"https:\/\/www.esin.av.tr\/tr\/2021\/12\/13\/saglik-sektorunde-guncel-gelismeler-aralik-2021\/#breadcrumb"},"inLanguage":"tr","potentialAction":[{"@type":"ReadAction","target":["https:\/\/www.esin.av.tr\/tr\/2021\/12\/13\/saglik-sektorunde-guncel-gelismeler-aralik-2021\/"]}]},{"@type":"ImageObject","inLanguage":"tr","@id":"https:\/\/www.esin.av.tr\/tr\/2021\/12\/13\/saglik-sektorunde-guncel-gelismeler-aralik-2021\/#primaryimage","url":"https:\/\/www.esin.av.tr\/wp-content\/uploads\/2021\/02\/1.png","contentUrl":"https:\/\/www.esin.av.tr\/wp-content\/uploads\/2021\/02\/1.png"},{"@type":"BreadcrumbList","@id":"https:\/\/www.esin.av.tr\/tr\/2021\/12\/13\/saglik-sektorunde-guncel-gelismeler-aralik-2021\/#breadcrumb","itemListElement":[{"@type":"ListItem","position":1,"name":"Home","item":"https:\/\/www.esin.av.tr\/tr\/"},{"@type":"ListItem","position":2,"name":"Sa\u011fl\u0131k Sekt\u00f6r\u00fcnde G\u00fcncel Geli\u015fmeler &#8211; Aral\u0131k 2021"}]},{"@type":"WebSite","@id":"https:\/\/www.esin.av.tr\/tr\/#website","url":"https:\/\/www.esin.av.tr\/tr\/","name":"Esin Avukatl\u0131k Ortakl\u0131\u011f\u0131","description":"","publisher":{"@id":"https:\/\/www.esin.av.tr\/tr\/#organization"},"potentialAction":[{"@type":"SearchAction","target":{"@type":"EntryPoint","urlTemplate":"https:\/\/www.esin.av.tr\/tr\/?s={search_term_string}"},"query-input":{"@type":"PropertyValueSpecification","valueRequired":true,"valueName":"search_term_string"}}],"inLanguage":"tr"},{"@type":"Organization","@id":"https:\/\/www.esin.av.tr\/tr\/#organization","name":"Esin Avukatl\u0131k Ortakl\u0131\u011f\u0131","url":"https:\/\/www.esin.av.tr\/tr\/","logo":{"@type":"ImageObject","inLanguage":"tr","@id":"https:\/\/www.esin.av.tr\/tr\/#\/schema\/logo\/image\/","url":"https:\/\/www.esin.av.tr\/wp-content\/uploads\/2021\/09\/esin-2.jpg","contentUrl":"https:\/\/www.esin.av.tr\/wp-content\/uploads\/2021\/09\/esin-2.jpg","width":800,"height":460,"caption":"Esin Avukatl\u0131k Ortakl\u0131\u011f\u0131"},"image":{"@id":"https:\/\/www.esin.av.tr\/tr\/#\/schema\/logo\/image\/"}},{"@type":"Person","@id":"https:\/\/www.esin.av.tr\/tr\/#\/schema\/person\/42c8e616aab56b8622fa365ad63282ae","name":"R\u0131dvan Konrat","image":{"@type":"ImageObject","inLanguage":"tr","@id":"https:\/\/www.esin.av.tr\/tr\/#\/schema\/person\/image\/","url":"https:\/\/secure.gravatar.com\/avatar\/b20c6c583be38ed4e76e32f69fccc676?s=96&d=mm&r=g","contentUrl":"https:\/\/secure.gravatar.com\/avatar\/b20c6c583be38ed4e76e32f69fccc676?s=96&d=mm&r=g","caption":"R\u0131dvan Konrat"},"sameAs":["http:\/\/www.esin.av.tr"],"url":"https:\/\/www.esin.av.tr\/tr\/author\/rkonrat\/"}]}},"_links":{"self":[{"href":"https:\/\/www.esin.av.tr\/tr\/wp-json\/wp\/v2\/posts\/21216","targetHints":{"allow":["GET"]}}],"collection":[{"href":"https:\/\/www.esin.av.tr\/tr\/wp-json\/wp\/v2\/posts"}],"about":[{"href":"https:\/\/www.esin.av.tr\/tr\/wp-json\/wp\/v2\/types\/post"}],"author":[{"embeddable":true,"href":"https:\/\/www.esin.av.tr\/tr\/wp-json\/wp\/v2\/users\/4"}],"replies":[{"embeddable":true,"href":"https:\/\/www.esin.av.tr\/tr\/wp-json\/wp\/v2\/comments?post=21216"}],"version-history":[{"count":1,"href":"https:\/\/www.esin.av.tr\/tr\/wp-json\/wp\/v2\/posts\/21216\/revisions"}],"predecessor-version":[{"id":21218,"href":"https:\/\/www.esin.av.tr\/tr\/wp-json\/wp\/v2\/posts\/21216\/revisions\/21218"}],"wp:attachment":[{"href":"https:\/\/www.esin.av.tr\/tr\/wp-json\/wp\/v2\/media?parent=21216"}],"wp:term":[{"taxonomy":"category","embeddable":true,"href":"https:\/\/www.esin.av.tr\/tr\/wp-json\/wp\/v2\/categories?post=21216"},{"taxonomy":"post_tag","embeddable":true,"href":"https:\/\/www.esin.av.tr\/tr\/wp-json\/wp\/v2\/tags?post=21216"}],"curies":[{"name":"wp","href":"https:\/\/api.w.org\/{rel}","templated":true}]}}