{"id":21081,"date":"2021-12-01T13:00:16","date_gmt":"2021-12-01T13:00:16","guid":{"rendered":"https:\/\/www.esin.av.tr\/?p=21081"},"modified":"2022-06-09T13:33:14","modified_gmt":"2022-06-09T13:33:14","slug":"trabis-doneminin-baslamasiyla-tr-uzantili-alan-adlarinin-satis-ve-devri-hangi-kosullarda-mumkun-olacak","status":"publish","type":"post","link":"https:\/\/www.esin.av.tr\/tr\/2021\/12\/01\/trabis-doneminin-baslamasiyla-tr-uzantili-alan-adlarinin-satis-ve-devri-hangi-kosullarda-mumkun-olacak\/","title":{"rendered":"TRAB\u0130S D\u00f6neminin Ba\u015flamas\u0131yla &#8220;.tr&#8221; Uzant\u0131l\u0131 Alan Adlar\u0131n\u0131n Sat\u0131\u015f ve Devri Hangi Ko\u015fullarda M\u00fcmk\u00fcn Olacak?"},"content":{"rendered":"<h2>2010 y\u0131l\u0131nda Bilgi Teknolojileri ve \u0130leti\u015fim Kurumu (&#8220;<strong>BTK<\/strong>&#8220;) taraf\u0131ndan yay\u0131nlanan ve &#8220;.tr&#8221; uzant\u0131l\u0131 alan adlar\u0131na ili\u015fkin usul ve esaslar\u0131 d\u00fczenleyen \u0130nternet Alan Adlar\u0131 Y\u00f6netmeli\u011fi&#8217;nin (&#8220;<strong>Y\u00f6netmelik<\/strong>&#8220;) y\u00fcr\u00fcrl\u00fc\u011f\u00fc, &#8220;.tr A\u011f Bilgi Sistemi&#8221; (&#8220;<strong>TRAB\u0130S<\/strong>&#8220;) faaliyete ge\u00e7ene kadar ertelenmi\u015fti. Ge\u00e7ti\u011fimiz g\u00fcnlerde, T\u00fcrkiye&#8217;de &#8220;.tr&#8221; uzant\u0131l\u0131 alan adlar\u0131n\u0131n tahsisine y\u00f6nelik i\u015flemlerin 1991 y\u0131l\u0131ndan bu yana y\u00fcr\u00fct\u00fcld\u00fc\u011f\u00fc Nic.tr platformunun kullan\u0131ma kapat\u0131laca\u011f\u0131 ve TRAB\u0130S&#8217;in faaliyete ge\u00e7ece\u011fi duyurulmu\u015ftur. TRAB\u0130S d\u00f6neminin ba\u015flamas\u0131yla y\u00fcr\u00fcrl\u00fc\u011fe girecek olan Y\u00f6netmelik, &#8220;.tr&#8221; uzant\u0131l\u0131 alan adlar\u0131n\u0131n sat\u0131\u015f ve devir i\u015flemlerine konu edilebilece\u011fini a\u00e7\u0131k\u00e7a \u00f6ng\u00f6rm\u00fc\u015f olup hukukumuzda daha \u00f6nceden d\u00fczenleme alan\u0131 bulmayan bir ilki beraberinde getirmektedir. Nic.tr&#8217;nin bahsi ge\u00e7en duyurusuna dair kaleme ald\u0131\u011f\u0131m\u0131z hukuk b\u00fcltenimize <a href=\"https:\/\/urldefense.com\/v3\/__https:\/esinxchange.com\/collect\/click.aspx?u=UWF6amw3RURYYXBhVzdmUEhaMWp1OXZUT2ZuT2lVZ1U3Y0FaekFicTU0UDc0UDBya01rQzhuZ3BMR3lsbGYvalBicHhrQ3d6NXltdlpnTXF5ODdrSUJMTDlWS0FBWldGR015bXdQczRMT3E0RWZLV1VQZ2c2eW9SYlVCUENla2MyZ1NXZzV0Qy9QV3FVY2NLdHRrZDlhQWFibXlMR0loS0hQMUpjcEd0OWpoeFVJd0lLSWV1c3NZb1lOeGRnOUZXWFVVUUhNTnF4Z2c3dnExTUtEVTVmNlVQeVZnMDNhMDFoQ1kxTkNVV1UzVWFqdVFjL2pmYWpMcnBFYXRsRnRiV0Zsbyt3enVNeXVEZ05hcnpNaTQyMEg1VWgwTng2VHQwWFZOUFVwSkdCOCt4VWN0eDVJYmxvL3RzRU1TRzgzVmc=&amp;rh=ff0086ab2cf52da12ce262a6d14b8b708f43bca3__;!!Hj9Y_P0nvg!BSYZHg-EVmIVzKdu4EvRYXUgtdBtzQ5MJtC8bVTqj_iHDoTFafJPNEyq6om6X4RIeUCKmw$\"><u>buradan<\/u><\/a> ula\u015fabilirsiniz.<\/h2>\n<h3><strong>Yeni geli\u015fme<\/strong><\/h3>\n<p>Ocak 2022&#8217;de Nic.tr&#8217;den TRAB\u0130S&#8217;e ge\u00e7ilmesiyle Y\u00f6netmelik y\u00fcr\u00fcrl\u00fc\u011fe girecek ve b\u00f6ylelikle daha \u00f6nceden yap\u0131lmas\u0131 m\u00fcmk\u00fcn olmayan alan ad\u0131 sat\u0131\u015f\u0131 ve devri i\u015flemleri art\u0131k ger\u00e7ekle\u015ftirilebilecektir. Gerek Y\u00f6netmelik gerekse \u0130nternet Alan Adlar\u0131 Tebli\u011fi (&#8220;<strong>Tebli\u011f<\/strong>&#8220;) &#8220;.tr&#8221; uzant\u0131l\u0131 alan adlar\u0131n\u0131n sat\u0131\u015f ve devir i\u015flemlerine ili\u015fkin kapsaml\u0131 d\u00fczenlemeler i\u00e7ermekte olup bu i\u015flemlerin ge\u00e7i\u015f d\u00f6nemindeki ak\u0131beti ayr\u0131ca d\u00fczenlenmi\u015ftir.<\/p>\n<h3><strong>TRAB\u0130S d\u00f6neminin ba\u015flamas\u0131yla &#8220;.tr&#8221; uzant\u0131l\u0131 alan adlar\u0131n\u0131n sat\u0131\u015f ve devri i\u00e7in hangi ko\u015fullar aranacak?<\/strong><\/h3>\n<ul>\n<li>Y\u00f6netmelik ile getirilen en \u00e7arp\u0131c\u0131 de\u011fi\u015fikliklerden biri, daha \u00f6nce m\u00fcmk\u00fcn olmayan alan ad\u0131 sat\u0131\u015f\u0131 ve devridir. Y\u00f6netmelik&#8217;in alan adlar\u0131n\u0131n TRAB\u0130S \u00fczerinden sat\u0131\u015f ve devrine ili\u015fkin 13. maddesi uyar\u0131nca, sat\u0131\u015f veya devir i\u015fleminin ger\u00e7ekle\u015fmesi i\u00e7in hizmet al\u0131nan Kay\u0131t Kurulu\u015flar\u0131&#8217;n\u0131n (&#8220;<strong>KK<\/strong>&#8220;) internet sitesinde yer alan ilgili formun tam ve do\u011fru olarak doldurulmas\u0131 gerekmektedir. KK\u2019n\u0131n, TRAB\u0130S \u00fczerinden gerekli i\u015flemleri tamamlamas\u0131 halinde alan ad\u0131n\u0131n sat\u0131\u015f\u0131 veya devir i\u015flemi do\u011frultusunda ilgili alan ad\u0131 sahibi de\u011fi\u015fikli\u011fi ger\u00e7ekle\u015ftirilecektir.<\/li>\n<li>Y\u00f6netmelik&#8217;in 13. maddesi ayr\u0131ca, ger\u00e7ek ki\u015filerin \u00f6l\u00fcm, gaiplik, gaiplik karinesi gibi durumlar\u0131nda kendilerine ait olan alan ad\u0131n\u0131n yasal miras\u00e7\u0131lar\u0131na devredilebilece\u011fini d\u00fczenlemektedir.<\/li>\n<li>Sat\u0131lan veya devredilen alan ad\u0131n\u0131n kullan\u0131m s\u00fcresi de\u011fi\u015fmeyecektir.<\/li>\n<li>Y\u00f6netmelik&#8217;in 33. maddesi, alan adlar\u0131n\u0131n sat\u0131\u015f ve devrine ili\u015fkin 13. maddenin TRAB\u0130S\u2019in faaliyete ge\u00e7mesinden \u00fc\u00e7 y\u0131l sonra y\u00fcr\u00fcrl\u00fc\u011fe girece\u011fini a\u00e7\u0131k\u00e7a belirtmektedir. TRAB\u0130S&#8217;e ge\u00e7i\u015f d\u00f6neminde sat\u0131\u015f ve devir i\u015flemlerine ili\u015fkin d\u00fczenlemeye Y\u00f6netmelik&#8217;in ge\u00e7ici 2. maddesinde ve Tebli\u011f&#8217;in 22. maddesinin 2. f\u0131kras\u0131nda ayr\u0131ca yer verilmi\u015ftir. \u0130lgili madde uyar\u0131nca, maddenin y\u00fcr\u00fcrl\u00fc\u011fe girdi\u011fi tarihten itibaren \u00fc\u00e7 y\u0131l s\u00fcre boyunca alan adlar\u0131 sat\u0131lamaz ancak a\u015fa\u011f\u0131daki durumlarda ba\u015fkalar\u0131na devredilebilir:\n<ul>\n<li>Ger\u00e7ek ki\u015filerin \u00f6l\u00fcm, gaiplik, gaiplik karinesi gibi durumlar\u0131nda alan ad\u0131 yasal miras\u00e7\u0131lara devredilebilecektir.<\/li>\n<li>T\u00fczel ki\u015filer, sahip olduklar\u0131 alan ad\u0131n\u0131 birle\u015fme, devralma gibi sebeplerle devredebileceklerdir.<\/li>\n<li>Marka ve\/veya patent sahibi ger\u00e7ek ve\/veya t\u00fczel ki\u015filer bu marka ve\/veya patent ile ilgili haklar\u0131n\u0131 devretmeleri durumunda sahip olduklar\u0131 marka ve\/veya patente ili\u015fkin alan adlar\u0131n\u0131 da devredebileceklerdir.<\/li>\n<li>Fikir veya sanat eserlerinin kay\u0131t ve tescilini yapt\u0131rm\u0131\u015f olan ger\u00e7ek ve\/veya t\u00fczel ki\u015filer bu fikir veya sanat eserleri ile ilgili haklar\u0131n\u0131 devretmeleri durumunda sahip olduklar\u0131 fikir veya sanat eserlerine ili\u015fkin alan adlar\u0131n\u0131 da devredebileceklerdir.<\/li>\n<\/ul>\n<\/li>\n<\/ul>\n<h3><strong>Sonu\u00e7<\/strong><\/h3>\n<p>Alan ad\u0131 y\u00f6netimi ve tahsisi yetkisinin TRAB\u0130S arac\u0131l\u0131\u011f\u0131yla tamamen BTK&#8217;ye devredilecek olmas\u0131yla alan adlar\u0131n\u0131n sat\u0131\u015f ve devrini m\u00fcmk\u00fcn k\u0131lan Y\u00f6netmelik y\u00fcr\u00fcrl\u00fc\u011fe girecektir. \u0130nternet alan adlar\u0131n\u0131n sat\u0131\u015f ve devrinin ne zaman ve hangi ko\u015fullarda m\u00fcmk\u00fcn olaca\u011f\u0131, TRAB\u0130S&#8217;e ge\u00e7i\u015f s\u00fcrecine ili\u015fkin ayr\u0131 d\u00fczenlemelere yer verilerek Y\u00f6netmelik ve Tebli\u011f&#8217;in ilgili maddelerinde ortaya konmu\u015ftur. Hukukumuzda ilk defa d\u00fczenleme alan\u0131 bulan alan adlar\u0131n\u0131n sat\u0131\u015f ve devrine ili\u015fkin detaylar ile Nic.tr&#8217;den TRAB\u0130S&#8217;e ge\u00e7i\u015f s\u00fcrecine ili\u015fkin mevzuata <a href=\"https:\/\/urldefense.com\/v3\/__https:\/esinxchange.com\/collect\/click.aspx?u=UWF6amw3RURYYXBhVzdmUEhaMWp1OXZUT2ZuT2lVZ1U3Y0FaekFicTU0TVNlV1R4ektMeGNST3dmQnBJYzhWczNzeDMrcXVTYWUrVFhJVTUyZTFYY3lxc3BNVFkyYVltak5ma1M3alFUMkU9&amp;rh=ff0086ab2cf52da12ce262a6d14b8b708f43bca3__;!!Hj9Y_P0nvg!BSYZHg-EVmIVzKdu4EvRYXUgtdBtzQ5MJtC8bVTqj_iHDoTFafJPNEyq6om6X4QGLNe4aQ$\">buradan<\/a> ula\u015fabilirsiniz.<\/p>\n","protected":false},"excerpt":{"rendered":"<p>2010 y\u0131l\u0131nda Bilgi Teknolojileri ve \u0130leti\u015fim Kurumu (&#8220;BTK&#8220;) taraf\u0131ndan yay\u0131nlanan ve &#8220;.tr&#8221; uzant\u0131l\u0131 alan adlar\u0131na ili\u015fkin usul ve esaslar\u0131 d\u00fczenleyen [&hellip;]<\/p>\n","protected":false},"author":4,"featured_media":0,"comment_status":"closed","ping_status":"closed","sticky":false,"template":"","format":"standard","meta":{"_acf_changed":false,"_stopmodifiedupdate":false,"_modified_date":"","footnotes":""},"categories":[120],"tags":[91],"class_list":["post-21081","post","type-post","status-publish","format-standard","hentry","category-legal-alerts","tag-intellectual-property-tr"],"acf":[],"yoast_head":"<!-- This site is optimized with the Yoast SEO plugin v24.0 - https:\/\/yoast.com\/wordpress\/plugins\/seo\/ -->\n<title>TRAB\u0130S D\u00f6neminin Ba\u015flamas\u0131yla &quot;.tr&quot; Uzant\u0131l\u0131 Alan Adlar\u0131n\u0131n Sat\u0131\u015f ve Devri Hangi Ko\u015fullarda M\u00fcmk\u00fcn Olacak?<\/title>\n<meta name=\"description\" content=\"2010 y\u0131l\u0131nda Bilgi Teknolojileri ve \u0130leti\u015fim Kurumu (&quot;BTK&quot;) taraf\u0131ndan yay\u0131nlanan ve &quot;.tr&quot; uzant\u0131l\u0131 alan adlar\u0131na ili\u015fkin usul ve esaslar\u0131 d\u00fczenleyen\" \/>\n<meta name=\"robots\" content=\"index, follow, max-snippet:-1, max-image-preview:large, max-video-preview:-1\" \/>\n<link rel=\"canonical\" href=\"https:\/\/www.esin.av.tr\/tr\/2021\/12\/01\/trabis-doneminin-baslamasiyla-tr-uzantili-alan-adlarinin-satis-ve-devri-hangi-kosullarda-mumkun-olacak\/\" \/>\n<meta property=\"og:locale\" content=\"tr_TR\" \/>\n<meta property=\"og:type\" content=\"article\" \/>\n<meta property=\"og:title\" content=\"TRAB\u0130S D\u00f6neminin Ba\u015flamas\u0131yla &quot;.tr&quot; Uzant\u0131l\u0131 Alan Adlar\u0131n\u0131n Sat\u0131\u015f ve Devri Hangi Ko\u015fullarda M\u00fcmk\u00fcn Olacak?\" \/>\n<meta property=\"og:description\" content=\"2010 y\u0131l\u0131nda Bilgi Teknolojileri ve \u0130leti\u015fim Kurumu (&quot;BTK&quot;) taraf\u0131ndan yay\u0131nlanan ve &quot;.tr&quot; uzant\u0131l\u0131 alan adlar\u0131na ili\u015fkin usul ve esaslar\u0131 d\u00fczenleyen\" \/>\n<meta property=\"og:url\" content=\"https:\/\/www.esin.av.tr\/tr\/2021\/12\/01\/trabis-doneminin-baslamasiyla-tr-uzantili-alan-adlarinin-satis-ve-devri-hangi-kosullarda-mumkun-olacak\/\" \/>\n<meta property=\"og:site_name\" content=\"Esin Avukatl\u0131k Ortakl\u0131\u011f\u0131\" \/>\n<meta property=\"article:published_time\" content=\"2021-12-01T13:00:16+00:00\" \/>\n<meta property=\"article:modified_time\" content=\"2022-06-09T13:33:14+00:00\" \/>\n<meta name=\"author\" content=\"R\u0131dvan Konrat\" \/>\n<meta name=\"twitter:card\" content=\"summary_large_image\" \/>\n<meta name=\"twitter:label1\" content=\"Written by\" \/>\n\t<meta name=\"twitter:data1\" content=\"R\u0131dvan Konrat\" \/>\n\t<meta name=\"twitter:label2\" content=\"Est. reading time\" \/>\n\t<meta name=\"twitter:data2\" content=\"4 minutes\" \/>\n<script type=\"application\/ld+json\" class=\"yoast-schema-graph\">{\"@context\":\"https:\/\/schema.org\",\"@graph\":[{\"@type\":\"Article\",\"@id\":\"https:\/\/www.esin.av.tr\/tr\/2021\/12\/01\/trabis-doneminin-baslamasiyla-tr-uzantili-alan-adlarinin-satis-ve-devri-hangi-kosullarda-mumkun-olacak\/#article\",\"isPartOf\":{\"@id\":\"https:\/\/www.esin.av.tr\/tr\/2021\/12\/01\/trabis-doneminin-baslamasiyla-tr-uzantili-alan-adlarinin-satis-ve-devri-hangi-kosullarda-mumkun-olacak\/\"},\"author\":{\"name\":\"R\u0131dvan Konrat\",\"@id\":\"https:\/\/www.esin.av.tr\/tr\/#\/schema\/person\/42c8e616aab56b8622fa365ad63282ae\"},\"headline\":\"TRAB\u0130S D\u00f6neminin Ba\u015flamas\u0131yla &#8220;.tr&#8221; Uzant\u0131l\u0131 Alan Adlar\u0131n\u0131n Sat\u0131\u015f ve Devri Hangi Ko\u015fullarda M\u00fcmk\u00fcn Olacak?\",\"datePublished\":\"2021-12-01T13:00:16+00:00\",\"dateModified\":\"2022-06-09T13:33:14+00:00\",\"mainEntityOfPage\":{\"@id\":\"https:\/\/www.esin.av.tr\/tr\/2021\/12\/01\/trabis-doneminin-baslamasiyla-tr-uzantili-alan-adlarinin-satis-ve-devri-hangi-kosullarda-mumkun-olacak\/\"},\"wordCount\":776,\"publisher\":{\"@id\":\"https:\/\/www.esin.av.tr\/tr\/#organization\"},\"keywords\":[\"Fikri ve S\u0131nai M\u00fclkiyet\"],\"articleSection\":[\"Hukuk B\u00fcltenleri\"],\"inLanguage\":\"tr\"},{\"@type\":\"WebPage\",\"@id\":\"https:\/\/www.esin.av.tr\/tr\/2021\/12\/01\/trabis-doneminin-baslamasiyla-tr-uzantili-alan-adlarinin-satis-ve-devri-hangi-kosullarda-mumkun-olacak\/\",\"url\":\"https:\/\/www.esin.av.tr\/tr\/2021\/12\/01\/trabis-doneminin-baslamasiyla-tr-uzantili-alan-adlarinin-satis-ve-devri-hangi-kosullarda-mumkun-olacak\/\",\"name\":\"TRAB\u0130S D\u00f6neminin Ba\u015flamas\u0131yla \\\".tr\\\" Uzant\u0131l\u0131 Alan Adlar\u0131n\u0131n Sat\u0131\u015f ve Devri Hangi Ko\u015fullarda M\u00fcmk\u00fcn Olacak?\",\"isPartOf\":{\"@id\":\"https:\/\/www.esin.av.tr\/tr\/#website\"},\"datePublished\":\"2021-12-01T13:00:16+00:00\",\"dateModified\":\"2022-06-09T13:33:14+00:00\",\"description\":\"2010 y\u0131l\u0131nda Bilgi Teknolojileri ve \u0130leti\u015fim Kurumu (\\\"BTK\\\") taraf\u0131ndan yay\u0131nlanan ve \\\".tr\\\" uzant\u0131l\u0131 alan adlar\u0131na ili\u015fkin usul ve esaslar\u0131 d\u00fczenleyen\",\"breadcrumb\":{\"@id\":\"https:\/\/www.esin.av.tr\/tr\/2021\/12\/01\/trabis-doneminin-baslamasiyla-tr-uzantili-alan-adlarinin-satis-ve-devri-hangi-kosullarda-mumkun-olacak\/#breadcrumb\"},\"inLanguage\":\"tr\",\"potentialAction\":[{\"@type\":\"ReadAction\",\"target\":[\"https:\/\/www.esin.av.tr\/tr\/2021\/12\/01\/trabis-doneminin-baslamasiyla-tr-uzantili-alan-adlarinin-satis-ve-devri-hangi-kosullarda-mumkun-olacak\/\"]}]},{\"@type\":\"BreadcrumbList\",\"@id\":\"https:\/\/www.esin.av.tr\/tr\/2021\/12\/01\/trabis-doneminin-baslamasiyla-tr-uzantili-alan-adlarinin-satis-ve-devri-hangi-kosullarda-mumkun-olacak\/#breadcrumb\",\"itemListElement\":[{\"@type\":\"ListItem\",\"position\":1,\"name\":\"Home\",\"item\":\"https:\/\/www.esin.av.tr\/tr\/\"},{\"@type\":\"ListItem\",\"position\":2,\"name\":\"TRAB\u0130S D\u00f6neminin Ba\u015flamas\u0131yla &#8220;.tr&#8221; Uzant\u0131l\u0131 Alan Adlar\u0131n\u0131n Sat\u0131\u015f ve Devri Hangi Ko\u015fullarda M\u00fcmk\u00fcn Olacak?\"}]},{\"@type\":\"WebSite\",\"@id\":\"https:\/\/www.esin.av.tr\/tr\/#website\",\"url\":\"https:\/\/www.esin.av.tr\/tr\/\",\"name\":\"Esin Avukatl\u0131k Ortakl\u0131\u011f\u0131\",\"description\":\"\",\"publisher\":{\"@id\":\"https:\/\/www.esin.av.tr\/tr\/#organization\"},\"potentialAction\":[{\"@type\":\"SearchAction\",\"target\":{\"@type\":\"EntryPoint\",\"urlTemplate\":\"https:\/\/www.esin.av.tr\/tr\/?s={search_term_string}\"},\"query-input\":{\"@type\":\"PropertyValueSpecification\",\"valueRequired\":true,\"valueName\":\"search_term_string\"}}],\"inLanguage\":\"tr\"},{\"@type\":\"Organization\",\"@id\":\"https:\/\/www.esin.av.tr\/tr\/#organization\",\"name\":\"Esin Avukatl\u0131k Ortakl\u0131\u011f\u0131\",\"url\":\"https:\/\/www.esin.av.tr\/tr\/\",\"logo\":{\"@type\":\"ImageObject\",\"inLanguage\":\"tr\",\"@id\":\"https:\/\/www.esin.av.tr\/tr\/#\/schema\/logo\/image\/\",\"url\":\"https:\/\/www.esin.av.tr\/wp-content\/uploads\/2021\/09\/esin-2.jpg\",\"contentUrl\":\"https:\/\/www.esin.av.tr\/wp-content\/uploads\/2021\/09\/esin-2.jpg\",\"width\":800,\"height\":460,\"caption\":\"Esin Avukatl\u0131k Ortakl\u0131\u011f\u0131\"},\"image\":{\"@id\":\"https:\/\/www.esin.av.tr\/tr\/#\/schema\/logo\/image\/\"}},{\"@type\":\"Person\",\"@id\":\"https:\/\/www.esin.av.tr\/tr\/#\/schema\/person\/42c8e616aab56b8622fa365ad63282ae\",\"name\":\"R\u0131dvan Konrat\",\"image\":{\"@type\":\"ImageObject\",\"inLanguage\":\"tr\",\"@id\":\"https:\/\/www.esin.av.tr\/tr\/#\/schema\/person\/image\/\",\"url\":\"https:\/\/secure.gravatar.com\/avatar\/b20c6c583be38ed4e76e32f69fccc676?s=96&d=mm&r=g\",\"contentUrl\":\"https:\/\/secure.gravatar.com\/avatar\/b20c6c583be38ed4e76e32f69fccc676?s=96&d=mm&r=g\",\"caption\":\"R\u0131dvan Konrat\"},\"sameAs\":[\"http:\/\/www.esin.av.tr\"],\"url\":\"https:\/\/www.esin.av.tr\/tr\/author\/rkonrat\/\"}]}<\/script>\n<!-- \/ Yoast SEO plugin. -->","yoast_head_json":{"title":"TRAB\u0130S D\u00f6neminin Ba\u015flamas\u0131yla \".tr\" Uzant\u0131l\u0131 Alan Adlar\u0131n\u0131n Sat\u0131\u015f ve Devri Hangi Ko\u015fullarda M\u00fcmk\u00fcn Olacak?","description":"2010 y\u0131l\u0131nda Bilgi Teknolojileri ve \u0130leti\u015fim Kurumu (\"BTK\") taraf\u0131ndan yay\u0131nlanan ve \".tr\" uzant\u0131l\u0131 alan adlar\u0131na ili\u015fkin usul ve esaslar\u0131 d\u00fczenleyen","robots":{"index":"index","follow":"follow","max-snippet":"max-snippet:-1","max-image-preview":"max-image-preview:large","max-video-preview":"max-video-preview:-1"},"canonical":"https:\/\/www.esin.av.tr\/tr\/2021\/12\/01\/trabis-doneminin-baslamasiyla-tr-uzantili-alan-adlarinin-satis-ve-devri-hangi-kosullarda-mumkun-olacak\/","og_locale":"tr_TR","og_type":"article","og_title":"TRAB\u0130S D\u00f6neminin Ba\u015flamas\u0131yla \".tr\" Uzant\u0131l\u0131 Alan Adlar\u0131n\u0131n Sat\u0131\u015f ve Devri Hangi Ko\u015fullarda M\u00fcmk\u00fcn Olacak?","og_description":"2010 y\u0131l\u0131nda Bilgi Teknolojileri ve \u0130leti\u015fim Kurumu (\"BTK\") taraf\u0131ndan yay\u0131nlanan ve \".tr\" uzant\u0131l\u0131 alan adlar\u0131na ili\u015fkin usul ve esaslar\u0131 d\u00fczenleyen","og_url":"https:\/\/www.esin.av.tr\/tr\/2021\/12\/01\/trabis-doneminin-baslamasiyla-tr-uzantili-alan-adlarinin-satis-ve-devri-hangi-kosullarda-mumkun-olacak\/","og_site_name":"Esin Avukatl\u0131k Ortakl\u0131\u011f\u0131","article_published_time":"2021-12-01T13:00:16+00:00","article_modified_time":"2022-06-09T13:33:14+00:00","author":"R\u0131dvan Konrat","twitter_card":"summary_large_image","twitter_misc":{"Written by":"R\u0131dvan Konrat","Est. reading time":"4 minutes"},"schema":{"@context":"https:\/\/schema.org","@graph":[{"@type":"Article","@id":"https:\/\/www.esin.av.tr\/tr\/2021\/12\/01\/trabis-doneminin-baslamasiyla-tr-uzantili-alan-adlarinin-satis-ve-devri-hangi-kosullarda-mumkun-olacak\/#article","isPartOf":{"@id":"https:\/\/www.esin.av.tr\/tr\/2021\/12\/01\/trabis-doneminin-baslamasiyla-tr-uzantili-alan-adlarinin-satis-ve-devri-hangi-kosullarda-mumkun-olacak\/"},"author":{"name":"R\u0131dvan Konrat","@id":"https:\/\/www.esin.av.tr\/tr\/#\/schema\/person\/42c8e616aab56b8622fa365ad63282ae"},"headline":"TRAB\u0130S D\u00f6neminin Ba\u015flamas\u0131yla &#8220;.tr&#8221; Uzant\u0131l\u0131 Alan Adlar\u0131n\u0131n Sat\u0131\u015f ve Devri Hangi Ko\u015fullarda M\u00fcmk\u00fcn Olacak?","datePublished":"2021-12-01T13:00:16+00:00","dateModified":"2022-06-09T13:33:14+00:00","mainEntityOfPage":{"@id":"https:\/\/www.esin.av.tr\/tr\/2021\/12\/01\/trabis-doneminin-baslamasiyla-tr-uzantili-alan-adlarinin-satis-ve-devri-hangi-kosullarda-mumkun-olacak\/"},"wordCount":776,"publisher":{"@id":"https:\/\/www.esin.av.tr\/tr\/#organization"},"keywords":["Fikri ve S\u0131nai M\u00fclkiyet"],"articleSection":["Hukuk B\u00fcltenleri"],"inLanguage":"tr"},{"@type":"WebPage","@id":"https:\/\/www.esin.av.tr\/tr\/2021\/12\/01\/trabis-doneminin-baslamasiyla-tr-uzantili-alan-adlarinin-satis-ve-devri-hangi-kosullarda-mumkun-olacak\/","url":"https:\/\/www.esin.av.tr\/tr\/2021\/12\/01\/trabis-doneminin-baslamasiyla-tr-uzantili-alan-adlarinin-satis-ve-devri-hangi-kosullarda-mumkun-olacak\/","name":"TRAB\u0130S D\u00f6neminin Ba\u015flamas\u0131yla \".tr\" Uzant\u0131l\u0131 Alan Adlar\u0131n\u0131n Sat\u0131\u015f ve Devri Hangi Ko\u015fullarda M\u00fcmk\u00fcn Olacak?","isPartOf":{"@id":"https:\/\/www.esin.av.tr\/tr\/#website"},"datePublished":"2021-12-01T13:00:16+00:00","dateModified":"2022-06-09T13:33:14+00:00","description":"2010 y\u0131l\u0131nda Bilgi Teknolojileri ve \u0130leti\u015fim Kurumu (\"BTK\") taraf\u0131ndan yay\u0131nlanan ve \".tr\" uzant\u0131l\u0131 alan adlar\u0131na ili\u015fkin usul ve esaslar\u0131 d\u00fczenleyen","breadcrumb":{"@id":"https:\/\/www.esin.av.tr\/tr\/2021\/12\/01\/trabis-doneminin-baslamasiyla-tr-uzantili-alan-adlarinin-satis-ve-devri-hangi-kosullarda-mumkun-olacak\/#breadcrumb"},"inLanguage":"tr","potentialAction":[{"@type":"ReadAction","target":["https:\/\/www.esin.av.tr\/tr\/2021\/12\/01\/trabis-doneminin-baslamasiyla-tr-uzantili-alan-adlarinin-satis-ve-devri-hangi-kosullarda-mumkun-olacak\/"]}]},{"@type":"BreadcrumbList","@id":"https:\/\/www.esin.av.tr\/tr\/2021\/12\/01\/trabis-doneminin-baslamasiyla-tr-uzantili-alan-adlarinin-satis-ve-devri-hangi-kosullarda-mumkun-olacak\/#breadcrumb","itemListElement":[{"@type":"ListItem","position":1,"name":"Home","item":"https:\/\/www.esin.av.tr\/tr\/"},{"@type":"ListItem","position":2,"name":"TRAB\u0130S D\u00f6neminin Ba\u015flamas\u0131yla &#8220;.tr&#8221; Uzant\u0131l\u0131 Alan Adlar\u0131n\u0131n Sat\u0131\u015f ve Devri Hangi Ko\u015fullarda M\u00fcmk\u00fcn Olacak?"}]},{"@type":"WebSite","@id":"https:\/\/www.esin.av.tr\/tr\/#website","url":"https:\/\/www.esin.av.tr\/tr\/","name":"Esin Avukatl\u0131k Ortakl\u0131\u011f\u0131","description":"","publisher":{"@id":"https:\/\/www.esin.av.tr\/tr\/#organization"},"potentialAction":[{"@type":"SearchAction","target":{"@type":"EntryPoint","urlTemplate":"https:\/\/www.esin.av.tr\/tr\/?s={search_term_string}"},"query-input":{"@type":"PropertyValueSpecification","valueRequired":true,"valueName":"search_term_string"}}],"inLanguage":"tr"},{"@type":"Organization","@id":"https:\/\/www.esin.av.tr\/tr\/#organization","name":"Esin Avukatl\u0131k Ortakl\u0131\u011f\u0131","url":"https:\/\/www.esin.av.tr\/tr\/","logo":{"@type":"ImageObject","inLanguage":"tr","@id":"https:\/\/www.esin.av.tr\/tr\/#\/schema\/logo\/image\/","url":"https:\/\/www.esin.av.tr\/wp-content\/uploads\/2021\/09\/esin-2.jpg","contentUrl":"https:\/\/www.esin.av.tr\/wp-content\/uploads\/2021\/09\/esin-2.jpg","width":800,"height":460,"caption":"Esin Avukatl\u0131k Ortakl\u0131\u011f\u0131"},"image":{"@id":"https:\/\/www.esin.av.tr\/tr\/#\/schema\/logo\/image\/"}},{"@type":"Person","@id":"https:\/\/www.esin.av.tr\/tr\/#\/schema\/person\/42c8e616aab56b8622fa365ad63282ae","name":"R\u0131dvan Konrat","image":{"@type":"ImageObject","inLanguage":"tr","@id":"https:\/\/www.esin.av.tr\/tr\/#\/schema\/person\/image\/","url":"https:\/\/secure.gravatar.com\/avatar\/b20c6c583be38ed4e76e32f69fccc676?s=96&d=mm&r=g","contentUrl":"https:\/\/secure.gravatar.com\/avatar\/b20c6c583be38ed4e76e32f69fccc676?s=96&d=mm&r=g","caption":"R\u0131dvan Konrat"},"sameAs":["http:\/\/www.esin.av.tr"],"url":"https:\/\/www.esin.av.tr\/tr\/author\/rkonrat\/"}]}},"_links":{"self":[{"href":"https:\/\/www.esin.av.tr\/tr\/wp-json\/wp\/v2\/posts\/21081","targetHints":{"allow":["GET"]}}],"collection":[{"href":"https:\/\/www.esin.av.tr\/tr\/wp-json\/wp\/v2\/posts"}],"about":[{"href":"https:\/\/www.esin.av.tr\/tr\/wp-json\/wp\/v2\/types\/post"}],"author":[{"embeddable":true,"href":"https:\/\/www.esin.av.tr\/tr\/wp-json\/wp\/v2\/users\/4"}],"replies":[{"embeddable":true,"href":"https:\/\/www.esin.av.tr\/tr\/wp-json\/wp\/v2\/comments?post=21081"}],"version-history":[{"count":1,"href":"https:\/\/www.esin.av.tr\/tr\/wp-json\/wp\/v2\/posts\/21081\/revisions"}],"predecessor-version":[{"id":21082,"href":"https:\/\/www.esin.av.tr\/tr\/wp-json\/wp\/v2\/posts\/21081\/revisions\/21082"}],"wp:attachment":[{"href":"https:\/\/www.esin.av.tr\/tr\/wp-json\/wp\/v2\/media?parent=21081"}],"wp:term":[{"taxonomy":"category","embeddable":true,"href":"https:\/\/www.esin.av.tr\/tr\/wp-json\/wp\/v2\/categories?post=21081"},{"taxonomy":"post_tag","embeddable":true,"href":"https:\/\/www.esin.av.tr\/tr\/wp-json\/wp\/v2\/tags?post=21081"}],"curies":[{"name":"wp","href":"https:\/\/api.w.org\/{rel}","templated":true}]}}