{"id":21077,"date":"2021-12-01T12:06:14","date_gmt":"2021-12-01T12:06:14","guid":{"rendered":"https:\/\/www.esin.av.tr\/?p=21077"},"modified":"2022-06-09T13:33:16","modified_gmt":"2022-06-09T13:33:16","slug":"16-kasim-2021-tarihli-kanun-teklifi-5846-sayili-fikir-ve-sanat-eserleri-kanununda-ne-gibi-degisiklikler-ongormektedir","status":"publish","type":"post","link":"https:\/\/www.esin.av.tr\/tr\/2021\/12\/01\/16-kasim-2021-tarihli-kanun-teklifi-5846-sayili-fikir-ve-sanat-eserleri-kanununda-ne-gibi-degisiklikler-ongormektedir\/","title":{"rendered":"16 Kas\u0131m 2021 Tarihli Kanun Teklifi 5846 Say\u0131l\u0131 Fikir ve Sanat Eserleri Kanunu&#8217;nda Ne Gibi De\u011fi\u015fiklikler \u00d6ng\u00f6rmektedir?"},"content":{"rendered":"<h2>Baz\u0131 Kanunlarda De\u011fi\u015fiklik Yap\u0131lmas\u0131na Dair Kanun Teklifi (&#8220;<strong>Kanun Teklifi<\/strong>&#8220;), 16 Kas\u0131m 2021 tarihinde TBMM Ba\u015fkanl\u0131\u011f\u0131&#8217;n\u0131n dikkatine sunulmu\u015ftur. Toplam 38 maddeden olu\u015fan Kanun Teklifi, aralar\u0131nda 5846 say\u0131l\u0131 Fikir ve Sanat Eserleri Kanunu&#8217;nun (&#8220;<strong>FSEK<\/strong>&#8220;) da bulundu\u011fu pek \u00e7ok kanunda kayda de\u011fer de\u011fi\u015fiklikler yap\u0131lmas\u0131n\u0131 \u00f6ng\u00f6rmektedir.<\/h2>\n<h3><strong>Yeni Geli\u015fme<\/strong><\/h3>\n<p>16 Kas\u0131m 2021 tarihinde TBMM Ba\u015fkanl\u0131\u011f\u0131&#8217;na sunulan Kanun Teklifi, FSEK&#8217;in &#8220;<em>2. Koruyucu programlar\u0131 etkisiz k\u0131lmaya y\u00f6nelik haz\u0131rl\u0131k hareketleri<\/em>&#8221; ba\u015fl\u0131kl\u0131 72. maddesini tamamen de\u011fi\u015ftirecek bir d\u00fczenleme \u00f6ng\u00f6rmektedir. Kanun Teklifi&#8217;nin 1. maddesinde yer verilen bu d\u00fczenleme ile FSEK&#8217;in 72. maddesinn kapsam\u0131na t\u00fcm eser, icra, fonogram, yap\u0131m ve yay\u0131nlar\u0131n dahil edilmesi ama\u00e7lanmakta olup buna paralel olarak ilgili maddede \u00f6ng\u00f6r\u00fclen cezai sorumlulu\u011fun kapsam\u0131n\u0131n da geni\u015fletilmesi s\u00f6z konusudur. Ayr\u0131ca Kanun Teklifi&#8217;nin gerek\u00e7esinde, s\u00f6z konusu de\u011fi\u015fikli\u011fin FSEK&#8217;in 72. maddesinin 2001\/29\/AT say\u0131l\u0131 AB direktifi ile uyumlu hale getirilmesini sa\u011flayacak \u015fekilde d\u00fczenlendi\u011fi belirtilmi\u015ftir.<\/p>\n<h3><strong>Kanun Teklifi FSEK&#8217;in 72. maddesinde ne gibi de\u011fi\u015fiklikler \u00f6ng\u00f6r\u00fcyor?<\/strong><\/h3>\n<ul>\n<li>FSEK&#8217;in 72. maddesinin <em>&#8220;2. Koruyucu programlar\u0131 etkisiz k\u0131lmaya y\u00f6nelik haz\u0131rl\u0131k hareketleri&#8221;<\/em> \u015feklinde d\u00fczenlenen madde ba\u015fl\u0131\u011f\u0131, <em>&#8220;2. Teknolojik \u00f6nlemleri etkisiz k\u0131lma&#8221;<\/em> olarak revize edilmi\u015f ve de\u011fi\u015ftirilmesi ama\u00e7lanan i\u00e7erikle uyumlu olarak daha kapsaml\u0131 bir madde ba\u015fl\u0131\u011f\u0131 kullan\u0131lm\u0131\u015ft\u0131r.<\/li>\n<li>Daha \u00f6nceden yaln\u0131zca bilgisayar programlar\u0131na ili\u015fkin olarak sa\u011flanan ve koruyucu programlar\u0131 etkisiz k\u0131lmaya y\u00f6nelik haz\u0131rl\u0131k hareketlerini yapt\u0131r\u0131ma ba\u011flayan FSEK&#8217;in 72. maddesi, Kanun Teklifi ile t\u00fcm eser, icra, fonogram, yap\u0131m ve yay\u0131nlar\u0131 kapsayacak \u015fekilde yeniden d\u00fczenlenmi\u015ftir.<\/li>\n<li>FSEK&#8217;in 72. maddesi uyar\u0131nca &#8220;<em>bir bilgisayar program\u0131n\u0131n hukuka ayk\u0131r\u0131 olarak \u00e7o\u011falt\u0131lmas\u0131n\u0131n \u00f6n\u00fcne ge\u00e7mek amac\u0131yla olu\u015fturulmu\u015f ilave programlar\u0131 etkisiz k\u0131lmaya y\u00f6nelik<\/em>&#8221; birtak\u0131m fiilleri icra edenler cezaland\u0131r\u0131l\u0131rken Kanun Teklifi ile &#8220;<em>FSEK&#8217;te yer alan haklar\u0131n korunmas\u0131 amac\u0131yla eser, icra, fonogram, yap\u0131m ve yay\u0131nlar\u0131n kullan\u0131m\u0131n\u0131n kontrol\u00fcn\u00fc sa\u011flamak \u00fczere eri\u015fim kontrol\u00fc veya \u015fifreleme gibi koruma y\u00f6ntemi ya da \u00e7o\u011falt\u0131m kontrol mekanizmas\u0131 uygulamalar\u0131yla sa\u011flanan etkili teknolojik \u00f6nlemleri etkisiz k\u0131lmaya y\u00f6nelik<\/em>&#8221; birtak\u0131m fiilleri icra edenlerin cezaland\u0131r\u0131lmas\u0131 \u00f6ng\u00f6r\u00fclmektedir.<\/li>\n<li>Kanun Teklifi, telif hakk\u0131 sahipleri taraf\u0131ndan izinsiz kullan\u0131mlar\u0131 engellemek amac\u0131yla \u00f6ng\u00f6r\u00fclen teknolojik \u00f6nlemleri etkisiz k\u0131lmaya y\u00f6nelik \u00fcr\u00fcn ve ara\u00e7lar\u0131n ticaretini veya tan\u0131t\u0131m\u0131n\u0131 yapanlar\u0131n cezaland\u0131r\u0131lmas\u0131n\u0131 ama\u00e7lamaktad\u0131r. Bu do\u011frultuda, koruyucu programlar\u0131 etkisiz k\u0131lmaya y\u00f6nelik program veya teknik donan\u0131mlar\u0131 \u00fcreten, sat\u0131\u015fa arz eden, satan veya ki\u015fisel kullan\u0131m amac\u0131 d\u0131\u015f\u0131nda elinde bulunduran ki\u015finin cezai sorumlulu\u011funu d\u00fczenleyen ilgili maddenin, teknolojik \u00f6nlemleri etkisiz k\u0131lmaya y\u00f6nelik \u00fcr\u00fcn ve ara\u00e7lar\u0131 imal eden veya ithal eden, da\u011f\u0131tan satan, kiraya veren veya ticari ama\u00e7la elinde bulunduranlar ile reklam, pazarlama, tasar\u0131m veya uygulama hizmetlerini sunanlar\u0131 kapsayacak \u015fekilde geni\u015fletilmesi ama\u00e7lanmaktad\u0131r.<\/li>\n<li>Kanun Teklifi, i\u015fbu fiilleri icra eden failler i\u00e7in \u00f6ng\u00f6r\u00fclen ceza hakk\u0131nda bir yenilik getirmemekte olup FSEK&#8217;in 72. maddesinde h\u00e2lihaz\u0131rda mevcut olan &#8220;alt\u0131 aydan iki y\u0131la kadar hapis cezas\u0131&#8221; yapt\u0131r\u0131m\u0131n\u0131 muhafaza etmektedir.<\/li>\n<\/ul>\n<h3><strong>Sonu\u00e7<\/strong><\/h3>\n<p>16 Kas\u0131m 2021 tarihli Kanun Teklifi, FSEK&#8217;in 72. maddesinde \u00f6ng\u00f6r\u00fclen fiillerin kapsam\u0131n\u0131 geni\u015fleterek cezai sorumlulu\u011fun s\u0131n\u0131rlar\u0131n\u0131 yeniden \u00e7izmeyi ama\u00e7lamaktad\u0131r. \u00d6nceden bilgisayar programlar\u0131na ili\u015fkin olarak sa\u011flanan ve koruyucu programlar\u0131 etkisiz k\u0131lmaya y\u00f6nelik haz\u0131rl\u0131k hareketleri yapt\u0131r\u0131ma ba\u011flayan bu d\u00fczenlemeye t\u00fcm eser, icra, fonogram, yap\u0131m ve yay\u0131nlar\u0131n dahil edilmesi \u00f6ng\u00f6r\u00fclmektedir. Dolay\u0131s\u0131yla, Kanun Teklifi&#8217;nin kabul edilmesi halinde cezai sorumlulu\u011fun ve buna paralel olarak koruman\u0131n da kapsam\u0131 geni\u015fleyecektir.<\/p>\n","protected":false},"excerpt":{"rendered":"<p>Baz\u0131 Kanunlarda De\u011fi\u015fiklik Yap\u0131lmas\u0131na Dair Kanun Teklifi (&#8220;Kanun Teklifi&#8220;), 16 Kas\u0131m 2021 tarihinde TBMM Ba\u015fkanl\u0131\u011f\u0131&#8217;n\u0131n dikkatine sunulmu\u015ftur. Toplam 38 maddeden [&hellip;]<\/p>\n","protected":false},"author":4,"featured_media":0,"comment_status":"closed","ping_status":"closed","sticky":false,"template":"","format":"standard","meta":{"_acf_changed":false,"_stopmodifiedupdate":false,"_modified_date":"","footnotes":""},"categories":[120],"tags":[91],"class_list":["post-21077","post","type-post","status-publish","format-standard","hentry","category-legal-alerts","tag-intellectual-property-tr"],"acf":[],"yoast_head":"<!-- This site is optimized with the Yoast SEO plugin v24.0 - https:\/\/yoast.com\/wordpress\/plugins\/seo\/ -->\n<title>16 Kas\u0131m 2021 Tarihli Kanun Teklifi 5846 Say\u0131l\u0131 Fikir ve Sanat Eserleri Kanunu&#039;nda Ne Gibi De\u011fi\u015fiklikler \u00d6ng\u00f6rmektedir?<\/title>\n<meta name=\"description\" content=\"Baz\u0131 Kanunlarda De\u011fi\u015fiklik Yap\u0131lmas\u0131na Dair Kanun Teklifi (&quot;Kanun Teklifi&quot;), 16 Kas\u0131m 2021 tarihinde TBMM Ba\u015fkanl\u0131\u011f\u0131&#039;n\u0131n dikkatine sunulmu\u015ftur. Toplam 38\" \/>\n<meta name=\"robots\" content=\"index, follow, max-snippet:-1, max-image-preview:large, max-video-preview:-1\" \/>\n<link rel=\"canonical\" href=\"https:\/\/www.esin.av.tr\/tr\/2021\/12\/01\/16-kasim-2021-tarihli-kanun-teklifi-5846-sayili-fikir-ve-sanat-eserleri-kanununda-ne-gibi-degisiklikler-ongormektedir\/\" \/>\n<meta property=\"og:locale\" content=\"tr_TR\" \/>\n<meta property=\"og:type\" content=\"article\" \/>\n<meta property=\"og:title\" content=\"16 Kas\u0131m 2021 Tarihli Kanun Teklifi 5846 Say\u0131l\u0131 Fikir ve Sanat Eserleri Kanunu&#039;nda Ne Gibi De\u011fi\u015fiklikler \u00d6ng\u00f6rmektedir?\" \/>\n<meta property=\"og:description\" content=\"Baz\u0131 Kanunlarda De\u011fi\u015fiklik Yap\u0131lmas\u0131na Dair Kanun Teklifi (&quot;Kanun Teklifi&quot;), 16 Kas\u0131m 2021 tarihinde TBMM Ba\u015fkanl\u0131\u011f\u0131&#039;n\u0131n dikkatine sunulmu\u015ftur. Toplam 38\" \/>\n<meta property=\"og:url\" content=\"https:\/\/www.esin.av.tr\/tr\/2021\/12\/01\/16-kasim-2021-tarihli-kanun-teklifi-5846-sayili-fikir-ve-sanat-eserleri-kanununda-ne-gibi-degisiklikler-ongormektedir\/\" \/>\n<meta property=\"og:site_name\" content=\"Esin Avukatl\u0131k Ortakl\u0131\u011f\u0131\" \/>\n<meta property=\"article:published_time\" content=\"2021-12-01T12:06:14+00:00\" \/>\n<meta property=\"article:modified_time\" content=\"2022-06-09T13:33:16+00:00\" \/>\n<meta name=\"author\" content=\"R\u0131dvan Konrat\" \/>\n<meta name=\"twitter:card\" content=\"summary_large_image\" \/>\n<meta name=\"twitter:label1\" content=\"Written by\" \/>\n\t<meta name=\"twitter:data1\" content=\"R\u0131dvan Konrat\" \/>\n\t<meta name=\"twitter:label2\" content=\"Est. reading time\" \/>\n\t<meta name=\"twitter:data2\" content=\"3 minutes\" \/>\n<script type=\"application\/ld+json\" class=\"yoast-schema-graph\">{\"@context\":\"https:\/\/schema.org\",\"@graph\":[{\"@type\":\"Article\",\"@id\":\"https:\/\/www.esin.av.tr\/tr\/2021\/12\/01\/16-kasim-2021-tarihli-kanun-teklifi-5846-sayili-fikir-ve-sanat-eserleri-kanununda-ne-gibi-degisiklikler-ongormektedir\/#article\",\"isPartOf\":{\"@id\":\"https:\/\/www.esin.av.tr\/tr\/2021\/12\/01\/16-kasim-2021-tarihli-kanun-teklifi-5846-sayili-fikir-ve-sanat-eserleri-kanununda-ne-gibi-degisiklikler-ongormektedir\/\"},\"author\":{\"name\":\"R\u0131dvan Konrat\",\"@id\":\"https:\/\/www.esin.av.tr\/tr\/#\/schema\/person\/42c8e616aab56b8622fa365ad63282ae\"},\"headline\":\"16 Kas\u0131m 2021 Tarihli Kanun Teklifi 5846 Say\u0131l\u0131 Fikir ve Sanat Eserleri Kanunu&#8217;nda Ne Gibi De\u011fi\u015fiklikler \u00d6ng\u00f6rmektedir?\",\"datePublished\":\"2021-12-01T12:06:14+00:00\",\"dateModified\":\"2022-06-09T13:33:16+00:00\",\"mainEntityOfPage\":{\"@id\":\"https:\/\/www.esin.av.tr\/tr\/2021\/12\/01\/16-kasim-2021-tarihli-kanun-teklifi-5846-sayili-fikir-ve-sanat-eserleri-kanununda-ne-gibi-degisiklikler-ongormektedir\/\"},\"wordCount\":692,\"publisher\":{\"@id\":\"https:\/\/www.esin.av.tr\/tr\/#organization\"},\"keywords\":[\"Fikri ve S\u0131nai M\u00fclkiyet\"],\"articleSection\":[\"Hukuk B\u00fcltenleri\"],\"inLanguage\":\"tr\"},{\"@type\":\"WebPage\",\"@id\":\"https:\/\/www.esin.av.tr\/tr\/2021\/12\/01\/16-kasim-2021-tarihli-kanun-teklifi-5846-sayili-fikir-ve-sanat-eserleri-kanununda-ne-gibi-degisiklikler-ongormektedir\/\",\"url\":\"https:\/\/www.esin.av.tr\/tr\/2021\/12\/01\/16-kasim-2021-tarihli-kanun-teklifi-5846-sayili-fikir-ve-sanat-eserleri-kanununda-ne-gibi-degisiklikler-ongormektedir\/\",\"name\":\"16 Kas\u0131m 2021 Tarihli Kanun Teklifi 5846 Say\u0131l\u0131 Fikir ve Sanat Eserleri Kanunu'nda Ne Gibi De\u011fi\u015fiklikler \u00d6ng\u00f6rmektedir?\",\"isPartOf\":{\"@id\":\"https:\/\/www.esin.av.tr\/tr\/#website\"},\"datePublished\":\"2021-12-01T12:06:14+00:00\",\"dateModified\":\"2022-06-09T13:33:16+00:00\",\"description\":\"Baz\u0131 Kanunlarda De\u011fi\u015fiklik Yap\u0131lmas\u0131na Dair Kanun Teklifi (\\\"Kanun Teklifi\\\"), 16 Kas\u0131m 2021 tarihinde TBMM Ba\u015fkanl\u0131\u011f\u0131'n\u0131n dikkatine sunulmu\u015ftur. Toplam 38\",\"breadcrumb\":{\"@id\":\"https:\/\/www.esin.av.tr\/tr\/2021\/12\/01\/16-kasim-2021-tarihli-kanun-teklifi-5846-sayili-fikir-ve-sanat-eserleri-kanununda-ne-gibi-degisiklikler-ongormektedir\/#breadcrumb\"},\"inLanguage\":\"tr\",\"potentialAction\":[{\"@type\":\"ReadAction\",\"target\":[\"https:\/\/www.esin.av.tr\/tr\/2021\/12\/01\/16-kasim-2021-tarihli-kanun-teklifi-5846-sayili-fikir-ve-sanat-eserleri-kanununda-ne-gibi-degisiklikler-ongormektedir\/\"]}]},{\"@type\":\"BreadcrumbList\",\"@id\":\"https:\/\/www.esin.av.tr\/tr\/2021\/12\/01\/16-kasim-2021-tarihli-kanun-teklifi-5846-sayili-fikir-ve-sanat-eserleri-kanununda-ne-gibi-degisiklikler-ongormektedir\/#breadcrumb\",\"itemListElement\":[{\"@type\":\"ListItem\",\"position\":1,\"name\":\"Home\",\"item\":\"https:\/\/www.esin.av.tr\/tr\/\"},{\"@type\":\"ListItem\",\"position\":2,\"name\":\"16 Kas\u0131m 2021 Tarihli Kanun Teklifi 5846 Say\u0131l\u0131 Fikir ve Sanat Eserleri Kanunu&#8217;nda Ne Gibi De\u011fi\u015fiklikler \u00d6ng\u00f6rmektedir?\"}]},{\"@type\":\"WebSite\",\"@id\":\"https:\/\/www.esin.av.tr\/tr\/#website\",\"url\":\"https:\/\/www.esin.av.tr\/tr\/\",\"name\":\"Esin Avukatl\u0131k Ortakl\u0131\u011f\u0131\",\"description\":\"\",\"publisher\":{\"@id\":\"https:\/\/www.esin.av.tr\/tr\/#organization\"},\"potentialAction\":[{\"@type\":\"SearchAction\",\"target\":{\"@type\":\"EntryPoint\",\"urlTemplate\":\"https:\/\/www.esin.av.tr\/tr\/?s={search_term_string}\"},\"query-input\":{\"@type\":\"PropertyValueSpecification\",\"valueRequired\":true,\"valueName\":\"search_term_string\"}}],\"inLanguage\":\"tr\"},{\"@type\":\"Organization\",\"@id\":\"https:\/\/www.esin.av.tr\/tr\/#organization\",\"name\":\"Esin Avukatl\u0131k Ortakl\u0131\u011f\u0131\",\"url\":\"https:\/\/www.esin.av.tr\/tr\/\",\"logo\":{\"@type\":\"ImageObject\",\"inLanguage\":\"tr\",\"@id\":\"https:\/\/www.esin.av.tr\/tr\/#\/schema\/logo\/image\/\",\"url\":\"https:\/\/www.esin.av.tr\/wp-content\/uploads\/2021\/09\/esin-2.jpg\",\"contentUrl\":\"https:\/\/www.esin.av.tr\/wp-content\/uploads\/2021\/09\/esin-2.jpg\",\"width\":800,\"height\":460,\"caption\":\"Esin Avukatl\u0131k Ortakl\u0131\u011f\u0131\"},\"image\":{\"@id\":\"https:\/\/www.esin.av.tr\/tr\/#\/schema\/logo\/image\/\"}},{\"@type\":\"Person\",\"@id\":\"https:\/\/www.esin.av.tr\/tr\/#\/schema\/person\/42c8e616aab56b8622fa365ad63282ae\",\"name\":\"R\u0131dvan Konrat\",\"image\":{\"@type\":\"ImageObject\",\"inLanguage\":\"tr\",\"@id\":\"https:\/\/www.esin.av.tr\/tr\/#\/schema\/person\/image\/\",\"url\":\"https:\/\/secure.gravatar.com\/avatar\/b20c6c583be38ed4e76e32f69fccc676?s=96&d=mm&r=g\",\"contentUrl\":\"https:\/\/secure.gravatar.com\/avatar\/b20c6c583be38ed4e76e32f69fccc676?s=96&d=mm&r=g\",\"caption\":\"R\u0131dvan Konrat\"},\"sameAs\":[\"http:\/\/www.esin.av.tr\"],\"url\":\"https:\/\/www.esin.av.tr\/tr\/author\/rkonrat\/\"}]}<\/script>\n<!-- \/ Yoast SEO plugin. -->","yoast_head_json":{"title":"16 Kas\u0131m 2021 Tarihli Kanun Teklifi 5846 Say\u0131l\u0131 Fikir ve Sanat Eserleri Kanunu'nda Ne Gibi De\u011fi\u015fiklikler \u00d6ng\u00f6rmektedir?","description":"Baz\u0131 Kanunlarda De\u011fi\u015fiklik Yap\u0131lmas\u0131na Dair Kanun Teklifi (\"Kanun Teklifi\"), 16 Kas\u0131m 2021 tarihinde TBMM Ba\u015fkanl\u0131\u011f\u0131'n\u0131n dikkatine sunulmu\u015ftur. Toplam 38","robots":{"index":"index","follow":"follow","max-snippet":"max-snippet:-1","max-image-preview":"max-image-preview:large","max-video-preview":"max-video-preview:-1"},"canonical":"https:\/\/www.esin.av.tr\/tr\/2021\/12\/01\/16-kasim-2021-tarihli-kanun-teklifi-5846-sayili-fikir-ve-sanat-eserleri-kanununda-ne-gibi-degisiklikler-ongormektedir\/","og_locale":"tr_TR","og_type":"article","og_title":"16 Kas\u0131m 2021 Tarihli Kanun Teklifi 5846 Say\u0131l\u0131 Fikir ve Sanat Eserleri Kanunu'nda Ne Gibi De\u011fi\u015fiklikler \u00d6ng\u00f6rmektedir?","og_description":"Baz\u0131 Kanunlarda De\u011fi\u015fiklik Yap\u0131lmas\u0131na Dair Kanun Teklifi (\"Kanun Teklifi\"), 16 Kas\u0131m 2021 tarihinde TBMM Ba\u015fkanl\u0131\u011f\u0131'n\u0131n dikkatine sunulmu\u015ftur. Toplam 38","og_url":"https:\/\/www.esin.av.tr\/tr\/2021\/12\/01\/16-kasim-2021-tarihli-kanun-teklifi-5846-sayili-fikir-ve-sanat-eserleri-kanununda-ne-gibi-degisiklikler-ongormektedir\/","og_site_name":"Esin Avukatl\u0131k Ortakl\u0131\u011f\u0131","article_published_time":"2021-12-01T12:06:14+00:00","article_modified_time":"2022-06-09T13:33:16+00:00","author":"R\u0131dvan Konrat","twitter_card":"summary_large_image","twitter_misc":{"Written by":"R\u0131dvan Konrat","Est. reading time":"3 minutes"},"schema":{"@context":"https:\/\/schema.org","@graph":[{"@type":"Article","@id":"https:\/\/www.esin.av.tr\/tr\/2021\/12\/01\/16-kasim-2021-tarihli-kanun-teklifi-5846-sayili-fikir-ve-sanat-eserleri-kanununda-ne-gibi-degisiklikler-ongormektedir\/#article","isPartOf":{"@id":"https:\/\/www.esin.av.tr\/tr\/2021\/12\/01\/16-kasim-2021-tarihli-kanun-teklifi-5846-sayili-fikir-ve-sanat-eserleri-kanununda-ne-gibi-degisiklikler-ongormektedir\/"},"author":{"name":"R\u0131dvan Konrat","@id":"https:\/\/www.esin.av.tr\/tr\/#\/schema\/person\/42c8e616aab56b8622fa365ad63282ae"},"headline":"16 Kas\u0131m 2021 Tarihli Kanun Teklifi 5846 Say\u0131l\u0131 Fikir ve Sanat Eserleri Kanunu&#8217;nda Ne Gibi De\u011fi\u015fiklikler \u00d6ng\u00f6rmektedir?","datePublished":"2021-12-01T12:06:14+00:00","dateModified":"2022-06-09T13:33:16+00:00","mainEntityOfPage":{"@id":"https:\/\/www.esin.av.tr\/tr\/2021\/12\/01\/16-kasim-2021-tarihli-kanun-teklifi-5846-sayili-fikir-ve-sanat-eserleri-kanununda-ne-gibi-degisiklikler-ongormektedir\/"},"wordCount":692,"publisher":{"@id":"https:\/\/www.esin.av.tr\/tr\/#organization"},"keywords":["Fikri ve S\u0131nai M\u00fclkiyet"],"articleSection":["Hukuk B\u00fcltenleri"],"inLanguage":"tr"},{"@type":"WebPage","@id":"https:\/\/www.esin.av.tr\/tr\/2021\/12\/01\/16-kasim-2021-tarihli-kanun-teklifi-5846-sayili-fikir-ve-sanat-eserleri-kanununda-ne-gibi-degisiklikler-ongormektedir\/","url":"https:\/\/www.esin.av.tr\/tr\/2021\/12\/01\/16-kasim-2021-tarihli-kanun-teklifi-5846-sayili-fikir-ve-sanat-eserleri-kanununda-ne-gibi-degisiklikler-ongormektedir\/","name":"16 Kas\u0131m 2021 Tarihli Kanun Teklifi 5846 Say\u0131l\u0131 Fikir ve Sanat Eserleri Kanunu'nda Ne Gibi De\u011fi\u015fiklikler \u00d6ng\u00f6rmektedir?","isPartOf":{"@id":"https:\/\/www.esin.av.tr\/tr\/#website"},"datePublished":"2021-12-01T12:06:14+00:00","dateModified":"2022-06-09T13:33:16+00:00","description":"Baz\u0131 Kanunlarda De\u011fi\u015fiklik Yap\u0131lmas\u0131na Dair Kanun Teklifi (\"Kanun Teklifi\"), 16 Kas\u0131m 2021 tarihinde TBMM Ba\u015fkanl\u0131\u011f\u0131'n\u0131n dikkatine sunulmu\u015ftur. Toplam 38","breadcrumb":{"@id":"https:\/\/www.esin.av.tr\/tr\/2021\/12\/01\/16-kasim-2021-tarihli-kanun-teklifi-5846-sayili-fikir-ve-sanat-eserleri-kanununda-ne-gibi-degisiklikler-ongormektedir\/#breadcrumb"},"inLanguage":"tr","potentialAction":[{"@type":"ReadAction","target":["https:\/\/www.esin.av.tr\/tr\/2021\/12\/01\/16-kasim-2021-tarihli-kanun-teklifi-5846-sayili-fikir-ve-sanat-eserleri-kanununda-ne-gibi-degisiklikler-ongormektedir\/"]}]},{"@type":"BreadcrumbList","@id":"https:\/\/www.esin.av.tr\/tr\/2021\/12\/01\/16-kasim-2021-tarihli-kanun-teklifi-5846-sayili-fikir-ve-sanat-eserleri-kanununda-ne-gibi-degisiklikler-ongormektedir\/#breadcrumb","itemListElement":[{"@type":"ListItem","position":1,"name":"Home","item":"https:\/\/www.esin.av.tr\/tr\/"},{"@type":"ListItem","position":2,"name":"16 Kas\u0131m 2021 Tarihli Kanun Teklifi 5846 Say\u0131l\u0131 Fikir ve Sanat Eserleri Kanunu&#8217;nda Ne Gibi De\u011fi\u015fiklikler \u00d6ng\u00f6rmektedir?"}]},{"@type":"WebSite","@id":"https:\/\/www.esin.av.tr\/tr\/#website","url":"https:\/\/www.esin.av.tr\/tr\/","name":"Esin Avukatl\u0131k Ortakl\u0131\u011f\u0131","description":"","publisher":{"@id":"https:\/\/www.esin.av.tr\/tr\/#organization"},"potentialAction":[{"@type":"SearchAction","target":{"@type":"EntryPoint","urlTemplate":"https:\/\/www.esin.av.tr\/tr\/?s={search_term_string}"},"query-input":{"@type":"PropertyValueSpecification","valueRequired":true,"valueName":"search_term_string"}}],"inLanguage":"tr"},{"@type":"Organization","@id":"https:\/\/www.esin.av.tr\/tr\/#organization","name":"Esin Avukatl\u0131k Ortakl\u0131\u011f\u0131","url":"https:\/\/www.esin.av.tr\/tr\/","logo":{"@type":"ImageObject","inLanguage":"tr","@id":"https:\/\/www.esin.av.tr\/tr\/#\/schema\/logo\/image\/","url":"https:\/\/www.esin.av.tr\/wp-content\/uploads\/2021\/09\/esin-2.jpg","contentUrl":"https:\/\/www.esin.av.tr\/wp-content\/uploads\/2021\/09\/esin-2.jpg","width":800,"height":460,"caption":"Esin Avukatl\u0131k Ortakl\u0131\u011f\u0131"},"image":{"@id":"https:\/\/www.esin.av.tr\/tr\/#\/schema\/logo\/image\/"}},{"@type":"Person","@id":"https:\/\/www.esin.av.tr\/tr\/#\/schema\/person\/42c8e616aab56b8622fa365ad63282ae","name":"R\u0131dvan Konrat","image":{"@type":"ImageObject","inLanguage":"tr","@id":"https:\/\/www.esin.av.tr\/tr\/#\/schema\/person\/image\/","url":"https:\/\/secure.gravatar.com\/avatar\/b20c6c583be38ed4e76e32f69fccc676?s=96&d=mm&r=g","contentUrl":"https:\/\/secure.gravatar.com\/avatar\/b20c6c583be38ed4e76e32f69fccc676?s=96&d=mm&r=g","caption":"R\u0131dvan Konrat"},"sameAs":["http:\/\/www.esin.av.tr"],"url":"https:\/\/www.esin.av.tr\/tr\/author\/rkonrat\/"}]}},"_links":{"self":[{"href":"https:\/\/www.esin.av.tr\/tr\/wp-json\/wp\/v2\/posts\/21077","targetHints":{"allow":["GET"]}}],"collection":[{"href":"https:\/\/www.esin.av.tr\/tr\/wp-json\/wp\/v2\/posts"}],"about":[{"href":"https:\/\/www.esin.av.tr\/tr\/wp-json\/wp\/v2\/types\/post"}],"author":[{"embeddable":true,"href":"https:\/\/www.esin.av.tr\/tr\/wp-json\/wp\/v2\/users\/4"}],"replies":[{"embeddable":true,"href":"https:\/\/www.esin.av.tr\/tr\/wp-json\/wp\/v2\/comments?post=21077"}],"version-history":[{"count":1,"href":"https:\/\/www.esin.av.tr\/tr\/wp-json\/wp\/v2\/posts\/21077\/revisions"}],"predecessor-version":[{"id":21078,"href":"https:\/\/www.esin.av.tr\/tr\/wp-json\/wp\/v2\/posts\/21077\/revisions\/21078"}],"wp:attachment":[{"href":"https:\/\/www.esin.av.tr\/tr\/wp-json\/wp\/v2\/media?parent=21077"}],"wp:term":[{"taxonomy":"category","embeddable":true,"href":"https:\/\/www.esin.av.tr\/tr\/wp-json\/wp\/v2\/categories?post=21077"},{"taxonomy":"post_tag","embeddable":true,"href":"https:\/\/www.esin.av.tr\/tr\/wp-json\/wp\/v2\/tags?post=21077"}],"curies":[{"name":"wp","href":"https:\/\/api.w.org\/{rel}","templated":true}]}}