{"id":21068,"date":"2021-11-30T12:24:23","date_gmt":"2021-11-30T12:24:23","guid":{"rendered":"https:\/\/www.esin.av.tr\/?p=21068"},"modified":"2022-06-09T13:33:19","modified_gmt":"2022-06-09T13:33:19","slug":"yardim-toplama-esas-ve-usulleri-hakkinda-yonetmelikteki-degisiklikler-neler-getiriyor","status":"publish","type":"post","link":"https:\/\/www.esin.av.tr\/tr\/2021\/11\/30\/yardim-toplama-esas-ve-usulleri-hakkinda-yonetmelikteki-degisiklikler-neler-getiriyor\/","title":{"rendered":"Yard\u0131m Toplama Esas Ve Usulleri Hakk\u0131nda Y\u00f6netmelik&#8217;teki De\u011fi\u015fiklikler Neler Getiriyor?"},"content":{"rendered":"<p><strong><a href=\"https:\/\/podcast.esin.av.tr\/?lang=tr&amp;playing=PFC2455085655?updated=1638258108\" target=\"_blank\" rel=\"noopener\"><img decoding=\"async\" class=\"alignnone wp-image-18799\" src=\"https:\/\/www.esin.av.tr\/wp-content\/uploads\/2021\/02\/1.png\" alt=\"\" width=\"53\" height=\"53\" srcset=\"https:\/\/www.esin.av.tr\/wp-content\/uploads\/2021\/02\/1.png 186w, https:\/\/www.esin.av.tr\/wp-content\/uploads\/2021\/02\/1-150x150.png 150w\" sizes=\"(max-width: 53px) 100vw, 53px\" \/><\/a>\u00a0 \u00a0 \u00a0B\u00fcltenlerimizi podcast olarak da dinleyebilirsiniz!<\/strong><\/p>\n<p>&nbsp;<\/p>\n<h2>\u0130\u00e7i\u015fleri Bakanl\u0131\u011f\u0131 (&#8220;<strong>Bakanl\u0131k<\/strong>&#8220;), Yard\u0131m Toplama Esas Ve Usulleri Hakk\u0131nda Y\u00f6netmelik&#8217;te kapsaml\u0131 de\u011fi\u015fiklikler yapt\u0131. Yard\u0131m ve yard\u0131m toplama faaliyetlerine ili\u015fkin ifadelerin detayl\u0131 olarak tan\u0131mlanmas\u0131, internet ortam\u0131ndaki yard\u0131m toplama faaliyetlerinin Y\u00f6netmelik kapsam\u0131na al\u0131nmas\u0131, yard\u0131m toplama izin ba\u015fvurular\u0131 ile yard\u0131m toplama faaliyetlerinin y\u00fcr\u00fct\u00fclmesine ili\u015fkin de\u011fi\u015fiklikler, getirilen ba\u015fl\u0131ca yenilikler aras\u0131nda g\u00f6sterilebilir.<\/h2>\n<h3><strong>Yeni geli\u015fme<\/strong><\/h3>\n<p>Bakanl\u0131k taraf\u0131ndan haz\u0131rlanan Yard\u0131m Toplama Esas ve Usulleri Hakk\u0131nda Y\u00f6netmelikte De\u011fi\u015fiklik Yap\u0131lmas\u0131na Dair Y\u00f6netmelik (&#8220;<strong>Y\u00f6netmelik<\/strong>&#8220;) 10 Kas\u0131m 2021 tarihinde Resmi Gazete&#8217;de yay\u0131mlanarak y\u00fcr\u00fcrl\u00fc\u011fe girdi. Y\u00f6netmelik ile yard\u0131m toplama faaliyetlerindeki izin s\u00fcrecine ve faaliyetlerin y\u00fcr\u00fct\u00fclmesine ili\u015fkin birtak\u0131m yenilikler getirilmi\u015f ve internet ortam\u0131ndan y\u00fcr\u00fct\u00fclen yard\u0131m toplama faaliyetleri Y\u00f6netmelik kapsam\u0131na al\u0131nm\u0131\u015ft\u0131r. Y\u00f6netmelik&#8217;e <a href=\"https:\/\/urldefense.com\/v3\/__https:\/esinxchange.com\/collect\/click.aspx?u=MW9Bcy9Ea0M0TWlqYzJNR1pmWDJVRGF3dWo3eEc2RjZyNlR6d080bGtCSys1OGsrYUR3OGJDRUM3SERFTmxkMWt5WEpOTnlKZTlSbE1hMXEvMnd5ZGpxbHYrbHV4UUdORW90bDNKNUM3bTc3OTR5ZytVTExzZGRkTFdFV0xMcm4=&amp;rh=ff0086994b226d4d9f313364ac48b7562c90bb04__;!!Hj9Y_P0nvg!A4Vs-fi25cr_w3OoF0xrxINmGYBskU03nmaG7fecYnlJkb3OWuVw-qXCtVT52jOjhutbaw$\">buradan <\/a>ula\u015fabilirsiniz.<\/p>\n<h3><strong>Y\u00f6netmelik neler getiriyor?<\/strong><\/h3>\n<p>Y\u00f6netmelik kapsam\u0131nda getirilen ba\u015fl\u0131ca yenilikler a\u015fa\u011f\u0131daki gibidir:<\/p>\n<ul>\n<li>Uygulamada Y\u00f6netmelik kapsam\u0131nda oldu\u011fu de\u011ferlendirilen internet ortam\u0131ndaki yard\u0131m toplama faaliyetleri Y\u00f6netmelik kapsam\u0131nda spesifik olarak d\u00fczenlenmi\u015ftir.<\/li>\n<li>Yard\u0131m toplayacak ki\u015fi ve kurulu\u015flar\u0131n taleplerini, dilek\u00e7e yerine Y\u00f6netmelik ekinde yer alan Yard\u0131m Toplama Ba\u015fvuru Formu ile izin vermeye yetkili makama bildirmesi gerekmektedir.<\/li>\n<li>Cumhurba\u015fkan\u0131nca izin almadan yard\u0131m toplayabilece\u011fi kararla\u015ft\u0131r\u0131lan dernek, kurum ve vak\u0131flar\u0131n, yard\u0131m toplama faaliyetlerini, Y\u00f6netmelik ekinde yer alan Yard\u0131m Toplama Sonu\u00e7 Bildirimi formu ile bildirmeleri gerekmektedir.<\/li>\n<li>\u0130nternet ortam\u0131ndaki yard\u0131m toplama faaliyetleri de dahil olmak \u00fczere, yard\u0131m toplama faaliyetine ili\u015fkin her t\u00fcrl\u00fc materyale, Dernekler Bilgi Sistemi (&#8220;<strong>DERB\u0130S<\/strong>&#8220;) \u00fczerinden verilen yard\u0131m toplama izin numaras\u0131n\u0131n yaz\u0131lmas\u0131 zorunludur.<\/li>\n<li>Bankada hesap a\u00e7arak veya elektronik olarak i\u015fleme t\u00e2bi tutulmu\u015f sistemler kullanmak suretiyle yard\u0131m toplama izni verilen ki\u015fi ve kurulu\u015flar\u0131n, hesap ve SMS numaras\u0131 gibi bilgileri, izinden itibaren 30 g\u00fcn i\u00e7inde izin veren makama bildirmesi gerekmektedir.<\/li>\n<li>Yard\u0131m toplamakla yetkili ve g\u00f6revli ki\u015filerin miktara bak\u0131lmaks\u0131z\u0131n toplanan yard\u0131m\u0131 15 g\u00fcnde bir sorumlu saymana teslim etmesi veya banka hesab\u0131na yat\u0131rmas\u0131 zorunludur. Ancak bilan\u00e7o esas\u0131na g\u00f6re defter tutan dernek ve vak\u0131flar i\u00e7in yard\u0131m miktar\u0131n\u0131n 25.000 T\u00fcrk Liras\u0131n\u0131 a\u015fmas\u0131 halinde, toplanan yard\u0131m bu s\u00fcre beklenmeksizin saymana teslim edilir veya bankaya yat\u0131r\u0131l\u0131r.<\/li>\n<li>Yard\u0131m toplama s\u00fcresinin bitiminden itibaren 10 g\u00fcn i\u00e7inde \u00e7\u0131kar\u0131lmas\u0131 gereken kesin hesab\u0131n, izni veren makama iletildi\u011fi tarihten itibaren 90 g\u00fcn i\u00e7inde, toplanan yard\u0131m\u0131n harcanmas\u0131na ili\u015fkin bilgiler Y\u00f6netmelik ekinde yer alan Yard\u0131m Toplama Sonu\u00e7 Bildirimi ile izni veren makama bildirilecektir. Bu s\u00fcre, s\u00f6z konusu harcamalar\u0131n s\u00fcresinde tamamlanamamas\u0131 durumunda izin veren makam\u0131n onay\u0131yla uzat\u0131labilir.<\/li>\n<\/ul>\n<h3><strong>Sonu\u00e7<\/strong><\/h3>\n<p>Y\u00f6netmelik ile yard\u0131m toplama izin ba\u015fvurular\u0131na ve yard\u0131m toplama faaliyetlerinin y\u00fcr\u00fct\u00fclmesine ili\u015fkin d\u00fczenlemelerde de\u011fi\u015fikli\u011fe gidilmi\u015f ve internet \u00fczerindeki yard\u0131m toplama faaliyetleri Y\u00f6netmelik kapsam\u0131na al\u0131nm\u0131\u015ft\u0131r. Yard\u0131m toplamak isteyenlerin bu hususlara dikkat etmesi gerekecektir.<\/p>\n","protected":false},"excerpt":{"rendered":"<p>\u00a0 \u00a0 \u00a0B\u00fcltenlerimizi podcast olarak da dinleyebilirsiniz! &nbsp; \u0130\u00e7i\u015fleri Bakanl\u0131\u011f\u0131 (&#8220;Bakanl\u0131k&#8220;), Yard\u0131m Toplama Esas Ve Usulleri Hakk\u0131nda Y\u00f6netmelik&#8217;te kapsaml\u0131 de\u011fi\u015fiklikler [&hellip;]<\/p>\n","protected":false},"author":4,"featured_media":0,"comment_status":"closed","ping_status":"closed","sticky":false,"template":"","format":"standard","meta":{"_acf_changed":false,"_stopmodifiedupdate":false,"_modified_date":"","footnotes":""},"categories":[120],"tags":[94],"class_list":["post-21068","post","type-post","status-publish","format-standard","hentry","category-legal-alerts","tag-international-commercial-and-trade-tr"],"acf":[],"yoast_head":"<!-- This site is optimized with the Yoast SEO plugin v24.0 - https:\/\/yoast.com\/wordpress\/plugins\/seo\/ -->\n<title>Yard\u0131m Toplama Esas Ve Usulleri Hakk\u0131nda Y\u00f6netmelik&#039;teki De\u011fi\u015fiklikler Neler Getiriyor?<\/title>\n<meta name=\"description\" content=\"\u00a0 \u00a0 \u00a0B\u00fcltenlerimizi podcast olarak da dinleyebilirsiniz! &nbsp; \u0130\u00e7i\u015fleri Bakanl\u0131\u011f\u0131 (&quot;Bakanl\u0131k&quot;), Yard\u0131m Toplama Esas Ve Usulleri Hakk\u0131nda Y\u00f6netmelik&#039;te\" \/>\n<meta name=\"robots\" content=\"index, follow, max-snippet:-1, max-image-preview:large, max-video-preview:-1\" \/>\n<link rel=\"canonical\" href=\"https:\/\/www.esin.av.tr\/tr\/2021\/11\/30\/yardim-toplama-esas-ve-usulleri-hakkinda-yonetmelikteki-degisiklikler-neler-getiriyor\/\" \/>\n<meta property=\"og:locale\" content=\"tr_TR\" \/>\n<meta property=\"og:type\" content=\"article\" \/>\n<meta property=\"og:title\" content=\"Yard\u0131m Toplama Esas Ve Usulleri Hakk\u0131nda Y\u00f6netmelik&#039;teki De\u011fi\u015fiklikler Neler Getiriyor?\" \/>\n<meta property=\"og:description\" content=\"\u00a0 \u00a0 \u00a0B\u00fcltenlerimizi podcast olarak da dinleyebilirsiniz! &nbsp; \u0130\u00e7i\u015fleri Bakanl\u0131\u011f\u0131 (&quot;Bakanl\u0131k&quot;), Yard\u0131m Toplama Esas Ve Usulleri Hakk\u0131nda Y\u00f6netmelik&#039;te\" \/>\n<meta property=\"og:url\" content=\"https:\/\/www.esin.av.tr\/tr\/2021\/11\/30\/yardim-toplama-esas-ve-usulleri-hakkinda-yonetmelikteki-degisiklikler-neler-getiriyor\/\" \/>\n<meta property=\"og:site_name\" content=\"Esin Avukatl\u0131k Ortakl\u0131\u011f\u0131\" \/>\n<meta property=\"article:published_time\" content=\"2021-11-30T12:24:23+00:00\" \/>\n<meta property=\"article:modified_time\" content=\"2022-06-09T13:33:19+00:00\" \/>\n<meta property=\"og:image\" content=\"https:\/\/www.esin.av.tr\/wp-content\/uploads\/2021\/02\/1.png\" \/>\n<meta name=\"author\" content=\"R\u0131dvan Konrat\" \/>\n<meta name=\"twitter:card\" content=\"summary_large_image\" \/>\n<meta name=\"twitter:label1\" content=\"Written by\" \/>\n\t<meta name=\"twitter:data1\" content=\"R\u0131dvan Konrat\" \/>\n\t<meta name=\"twitter:label2\" content=\"Est. reading time\" \/>\n\t<meta name=\"twitter:data2\" content=\"3 minutes\" \/>\n<script type=\"application\/ld+json\" class=\"yoast-schema-graph\">{\"@context\":\"https:\/\/schema.org\",\"@graph\":[{\"@type\":\"Article\",\"@id\":\"https:\/\/www.esin.av.tr\/tr\/2021\/11\/30\/yardim-toplama-esas-ve-usulleri-hakkinda-yonetmelikteki-degisiklikler-neler-getiriyor\/#article\",\"isPartOf\":{\"@id\":\"https:\/\/www.esin.av.tr\/tr\/2021\/11\/30\/yardim-toplama-esas-ve-usulleri-hakkinda-yonetmelikteki-degisiklikler-neler-getiriyor\/\"},\"author\":{\"name\":\"R\u0131dvan Konrat\",\"@id\":\"https:\/\/www.esin.av.tr\/tr\/#\/schema\/person\/42c8e616aab56b8622fa365ad63282ae\"},\"headline\":\"Yard\u0131m Toplama Esas Ve Usulleri Hakk\u0131nda Y\u00f6netmelik&#8217;teki De\u011fi\u015fiklikler Neler Getiriyor?\",\"datePublished\":\"2021-11-30T12:24:23+00:00\",\"dateModified\":\"2022-06-09T13:33:19+00:00\",\"mainEntityOfPage\":{\"@id\":\"https:\/\/www.esin.av.tr\/tr\/2021\/11\/30\/yardim-toplama-esas-ve-usulleri-hakkinda-yonetmelikteki-degisiklikler-neler-getiriyor\/\"},\"wordCount\":581,\"publisher\":{\"@id\":\"https:\/\/www.esin.av.tr\/tr\/#organization\"},\"image\":{\"@id\":\"https:\/\/www.esin.av.tr\/tr\/2021\/11\/30\/yardim-toplama-esas-ve-usulleri-hakkinda-yonetmelikteki-degisiklikler-neler-getiriyor\/#primaryimage\"},\"thumbnailUrl\":\"https:\/\/www.esin.av.tr\/wp-content\/uploads\/2021\/02\/1.png\",\"keywords\":[\"Uluslararas\u0131 Ticaret Hukuku\"],\"articleSection\":[\"Hukuk B\u00fcltenleri\"],\"inLanguage\":\"tr\"},{\"@type\":\"WebPage\",\"@id\":\"https:\/\/www.esin.av.tr\/tr\/2021\/11\/30\/yardim-toplama-esas-ve-usulleri-hakkinda-yonetmelikteki-degisiklikler-neler-getiriyor\/\",\"url\":\"https:\/\/www.esin.av.tr\/tr\/2021\/11\/30\/yardim-toplama-esas-ve-usulleri-hakkinda-yonetmelikteki-degisiklikler-neler-getiriyor\/\",\"name\":\"Yard\u0131m Toplama Esas Ve Usulleri Hakk\u0131nda Y\u00f6netmelik'teki De\u011fi\u015fiklikler Neler Getiriyor?\",\"isPartOf\":{\"@id\":\"https:\/\/www.esin.av.tr\/tr\/#website\"},\"primaryImageOfPage\":{\"@id\":\"https:\/\/www.esin.av.tr\/tr\/2021\/11\/30\/yardim-toplama-esas-ve-usulleri-hakkinda-yonetmelikteki-degisiklikler-neler-getiriyor\/#primaryimage\"},\"image\":{\"@id\":\"https:\/\/www.esin.av.tr\/tr\/2021\/11\/30\/yardim-toplama-esas-ve-usulleri-hakkinda-yonetmelikteki-degisiklikler-neler-getiriyor\/#primaryimage\"},\"thumbnailUrl\":\"https:\/\/www.esin.av.tr\/wp-content\/uploads\/2021\/02\/1.png\",\"datePublished\":\"2021-11-30T12:24:23+00:00\",\"dateModified\":\"2022-06-09T13:33:19+00:00\",\"description\":\"\u00a0 \u00a0 \u00a0B\u00fcltenlerimizi podcast olarak da dinleyebilirsiniz! &nbsp; \u0130\u00e7i\u015fleri Bakanl\u0131\u011f\u0131 (\\\"Bakanl\u0131k\\\"), Yard\u0131m Toplama Esas Ve Usulleri Hakk\u0131nda Y\u00f6netmelik'te\",\"breadcrumb\":{\"@id\":\"https:\/\/www.esin.av.tr\/tr\/2021\/11\/30\/yardim-toplama-esas-ve-usulleri-hakkinda-yonetmelikteki-degisiklikler-neler-getiriyor\/#breadcrumb\"},\"inLanguage\":\"tr\",\"potentialAction\":[{\"@type\":\"ReadAction\",\"target\":[\"https:\/\/www.esin.av.tr\/tr\/2021\/11\/30\/yardim-toplama-esas-ve-usulleri-hakkinda-yonetmelikteki-degisiklikler-neler-getiriyor\/\"]}]},{\"@type\":\"ImageObject\",\"inLanguage\":\"tr\",\"@id\":\"https:\/\/www.esin.av.tr\/tr\/2021\/11\/30\/yardim-toplama-esas-ve-usulleri-hakkinda-yonetmelikteki-degisiklikler-neler-getiriyor\/#primaryimage\",\"url\":\"https:\/\/www.esin.av.tr\/wp-content\/uploads\/2021\/02\/1.png\",\"contentUrl\":\"https:\/\/www.esin.av.tr\/wp-content\/uploads\/2021\/02\/1.png\"},{\"@type\":\"BreadcrumbList\",\"@id\":\"https:\/\/www.esin.av.tr\/tr\/2021\/11\/30\/yardim-toplama-esas-ve-usulleri-hakkinda-yonetmelikteki-degisiklikler-neler-getiriyor\/#breadcrumb\",\"itemListElement\":[{\"@type\":\"ListItem\",\"position\":1,\"name\":\"Home\",\"item\":\"https:\/\/www.esin.av.tr\/tr\/\"},{\"@type\":\"ListItem\",\"position\":2,\"name\":\"Yard\u0131m Toplama Esas Ve Usulleri Hakk\u0131nda Y\u00f6netmelik&#8217;teki De\u011fi\u015fiklikler Neler Getiriyor?\"}]},{\"@type\":\"WebSite\",\"@id\":\"https:\/\/www.esin.av.tr\/tr\/#website\",\"url\":\"https:\/\/www.esin.av.tr\/tr\/\",\"name\":\"Esin Avukatl\u0131k Ortakl\u0131\u011f\u0131\",\"description\":\"\",\"publisher\":{\"@id\":\"https:\/\/www.esin.av.tr\/tr\/#organization\"},\"potentialAction\":[{\"@type\":\"SearchAction\",\"target\":{\"@type\":\"EntryPoint\",\"urlTemplate\":\"https:\/\/www.esin.av.tr\/tr\/?s={search_term_string}\"},\"query-input\":{\"@type\":\"PropertyValueSpecification\",\"valueRequired\":true,\"valueName\":\"search_term_string\"}}],\"inLanguage\":\"tr\"},{\"@type\":\"Organization\",\"@id\":\"https:\/\/www.esin.av.tr\/tr\/#organization\",\"name\":\"Esin Avukatl\u0131k Ortakl\u0131\u011f\u0131\",\"url\":\"https:\/\/www.esin.av.tr\/tr\/\",\"logo\":{\"@type\":\"ImageObject\",\"inLanguage\":\"tr\",\"@id\":\"https:\/\/www.esin.av.tr\/tr\/#\/schema\/logo\/image\/\",\"url\":\"https:\/\/www.esin.av.tr\/wp-content\/uploads\/2021\/09\/esin-2.jpg\",\"contentUrl\":\"https:\/\/www.esin.av.tr\/wp-content\/uploads\/2021\/09\/esin-2.jpg\",\"width\":800,\"height\":460,\"caption\":\"Esin Avukatl\u0131k Ortakl\u0131\u011f\u0131\"},\"image\":{\"@id\":\"https:\/\/www.esin.av.tr\/tr\/#\/schema\/logo\/image\/\"}},{\"@type\":\"Person\",\"@id\":\"https:\/\/www.esin.av.tr\/tr\/#\/schema\/person\/42c8e616aab56b8622fa365ad63282ae\",\"name\":\"R\u0131dvan Konrat\",\"image\":{\"@type\":\"ImageObject\",\"inLanguage\":\"tr\",\"@id\":\"https:\/\/www.esin.av.tr\/tr\/#\/schema\/person\/image\/\",\"url\":\"https:\/\/secure.gravatar.com\/avatar\/b20c6c583be38ed4e76e32f69fccc676?s=96&d=mm&r=g\",\"contentUrl\":\"https:\/\/secure.gravatar.com\/avatar\/b20c6c583be38ed4e76e32f69fccc676?s=96&d=mm&r=g\",\"caption\":\"R\u0131dvan Konrat\"},\"sameAs\":[\"http:\/\/www.esin.av.tr\"],\"url\":\"https:\/\/www.esin.av.tr\/tr\/author\/rkonrat\/\"}]}<\/script>\n<!-- \/ Yoast SEO plugin. -->","yoast_head_json":{"title":"Yard\u0131m Toplama Esas Ve Usulleri Hakk\u0131nda Y\u00f6netmelik'teki De\u011fi\u015fiklikler Neler Getiriyor?","description":"\u00a0 \u00a0 \u00a0B\u00fcltenlerimizi podcast olarak da dinleyebilirsiniz! &nbsp; \u0130\u00e7i\u015fleri Bakanl\u0131\u011f\u0131 (\"Bakanl\u0131k\"), Yard\u0131m Toplama Esas Ve Usulleri Hakk\u0131nda Y\u00f6netmelik'te","robots":{"index":"index","follow":"follow","max-snippet":"max-snippet:-1","max-image-preview":"max-image-preview:large","max-video-preview":"max-video-preview:-1"},"canonical":"https:\/\/www.esin.av.tr\/tr\/2021\/11\/30\/yardim-toplama-esas-ve-usulleri-hakkinda-yonetmelikteki-degisiklikler-neler-getiriyor\/","og_locale":"tr_TR","og_type":"article","og_title":"Yard\u0131m Toplama Esas Ve Usulleri Hakk\u0131nda Y\u00f6netmelik'teki De\u011fi\u015fiklikler Neler Getiriyor?","og_description":"\u00a0 \u00a0 \u00a0B\u00fcltenlerimizi podcast olarak da dinleyebilirsiniz! &nbsp; \u0130\u00e7i\u015fleri Bakanl\u0131\u011f\u0131 (\"Bakanl\u0131k\"), Yard\u0131m Toplama Esas Ve Usulleri Hakk\u0131nda Y\u00f6netmelik'te","og_url":"https:\/\/www.esin.av.tr\/tr\/2021\/11\/30\/yardim-toplama-esas-ve-usulleri-hakkinda-yonetmelikteki-degisiklikler-neler-getiriyor\/","og_site_name":"Esin Avukatl\u0131k Ortakl\u0131\u011f\u0131","article_published_time":"2021-11-30T12:24:23+00:00","article_modified_time":"2022-06-09T13:33:19+00:00","og_image":[{"url":"https:\/\/www.esin.av.tr\/wp-content\/uploads\/2021\/02\/1.png","type":"","width":"","height":""}],"author":"R\u0131dvan Konrat","twitter_card":"summary_large_image","twitter_misc":{"Written by":"R\u0131dvan Konrat","Est. reading time":"3 minutes"},"schema":{"@context":"https:\/\/schema.org","@graph":[{"@type":"Article","@id":"https:\/\/www.esin.av.tr\/tr\/2021\/11\/30\/yardim-toplama-esas-ve-usulleri-hakkinda-yonetmelikteki-degisiklikler-neler-getiriyor\/#article","isPartOf":{"@id":"https:\/\/www.esin.av.tr\/tr\/2021\/11\/30\/yardim-toplama-esas-ve-usulleri-hakkinda-yonetmelikteki-degisiklikler-neler-getiriyor\/"},"author":{"name":"R\u0131dvan Konrat","@id":"https:\/\/www.esin.av.tr\/tr\/#\/schema\/person\/42c8e616aab56b8622fa365ad63282ae"},"headline":"Yard\u0131m Toplama Esas Ve Usulleri Hakk\u0131nda Y\u00f6netmelik&#8217;teki De\u011fi\u015fiklikler Neler Getiriyor?","datePublished":"2021-11-30T12:24:23+00:00","dateModified":"2022-06-09T13:33:19+00:00","mainEntityOfPage":{"@id":"https:\/\/www.esin.av.tr\/tr\/2021\/11\/30\/yardim-toplama-esas-ve-usulleri-hakkinda-yonetmelikteki-degisiklikler-neler-getiriyor\/"},"wordCount":581,"publisher":{"@id":"https:\/\/www.esin.av.tr\/tr\/#organization"},"image":{"@id":"https:\/\/www.esin.av.tr\/tr\/2021\/11\/30\/yardim-toplama-esas-ve-usulleri-hakkinda-yonetmelikteki-degisiklikler-neler-getiriyor\/#primaryimage"},"thumbnailUrl":"https:\/\/www.esin.av.tr\/wp-content\/uploads\/2021\/02\/1.png","keywords":["Uluslararas\u0131 Ticaret Hukuku"],"articleSection":["Hukuk B\u00fcltenleri"],"inLanguage":"tr"},{"@type":"WebPage","@id":"https:\/\/www.esin.av.tr\/tr\/2021\/11\/30\/yardim-toplama-esas-ve-usulleri-hakkinda-yonetmelikteki-degisiklikler-neler-getiriyor\/","url":"https:\/\/www.esin.av.tr\/tr\/2021\/11\/30\/yardim-toplama-esas-ve-usulleri-hakkinda-yonetmelikteki-degisiklikler-neler-getiriyor\/","name":"Yard\u0131m Toplama Esas Ve Usulleri Hakk\u0131nda Y\u00f6netmelik'teki De\u011fi\u015fiklikler Neler Getiriyor?","isPartOf":{"@id":"https:\/\/www.esin.av.tr\/tr\/#website"},"primaryImageOfPage":{"@id":"https:\/\/www.esin.av.tr\/tr\/2021\/11\/30\/yardim-toplama-esas-ve-usulleri-hakkinda-yonetmelikteki-degisiklikler-neler-getiriyor\/#primaryimage"},"image":{"@id":"https:\/\/www.esin.av.tr\/tr\/2021\/11\/30\/yardim-toplama-esas-ve-usulleri-hakkinda-yonetmelikteki-degisiklikler-neler-getiriyor\/#primaryimage"},"thumbnailUrl":"https:\/\/www.esin.av.tr\/wp-content\/uploads\/2021\/02\/1.png","datePublished":"2021-11-30T12:24:23+00:00","dateModified":"2022-06-09T13:33:19+00:00","description":"\u00a0 \u00a0 \u00a0B\u00fcltenlerimizi podcast olarak da dinleyebilirsiniz! &nbsp; \u0130\u00e7i\u015fleri Bakanl\u0131\u011f\u0131 (\"Bakanl\u0131k\"), Yard\u0131m Toplama Esas Ve Usulleri Hakk\u0131nda Y\u00f6netmelik'te","breadcrumb":{"@id":"https:\/\/www.esin.av.tr\/tr\/2021\/11\/30\/yardim-toplama-esas-ve-usulleri-hakkinda-yonetmelikteki-degisiklikler-neler-getiriyor\/#breadcrumb"},"inLanguage":"tr","potentialAction":[{"@type":"ReadAction","target":["https:\/\/www.esin.av.tr\/tr\/2021\/11\/30\/yardim-toplama-esas-ve-usulleri-hakkinda-yonetmelikteki-degisiklikler-neler-getiriyor\/"]}]},{"@type":"ImageObject","inLanguage":"tr","@id":"https:\/\/www.esin.av.tr\/tr\/2021\/11\/30\/yardim-toplama-esas-ve-usulleri-hakkinda-yonetmelikteki-degisiklikler-neler-getiriyor\/#primaryimage","url":"https:\/\/www.esin.av.tr\/wp-content\/uploads\/2021\/02\/1.png","contentUrl":"https:\/\/www.esin.av.tr\/wp-content\/uploads\/2021\/02\/1.png"},{"@type":"BreadcrumbList","@id":"https:\/\/www.esin.av.tr\/tr\/2021\/11\/30\/yardim-toplama-esas-ve-usulleri-hakkinda-yonetmelikteki-degisiklikler-neler-getiriyor\/#breadcrumb","itemListElement":[{"@type":"ListItem","position":1,"name":"Home","item":"https:\/\/www.esin.av.tr\/tr\/"},{"@type":"ListItem","position":2,"name":"Yard\u0131m Toplama Esas Ve Usulleri Hakk\u0131nda Y\u00f6netmelik&#8217;teki De\u011fi\u015fiklikler Neler Getiriyor?"}]},{"@type":"WebSite","@id":"https:\/\/www.esin.av.tr\/tr\/#website","url":"https:\/\/www.esin.av.tr\/tr\/","name":"Esin Avukatl\u0131k Ortakl\u0131\u011f\u0131","description":"","publisher":{"@id":"https:\/\/www.esin.av.tr\/tr\/#organization"},"potentialAction":[{"@type":"SearchAction","target":{"@type":"EntryPoint","urlTemplate":"https:\/\/www.esin.av.tr\/tr\/?s={search_term_string}"},"query-input":{"@type":"PropertyValueSpecification","valueRequired":true,"valueName":"search_term_string"}}],"inLanguage":"tr"},{"@type":"Organization","@id":"https:\/\/www.esin.av.tr\/tr\/#organization","name":"Esin Avukatl\u0131k Ortakl\u0131\u011f\u0131","url":"https:\/\/www.esin.av.tr\/tr\/","logo":{"@type":"ImageObject","inLanguage":"tr","@id":"https:\/\/www.esin.av.tr\/tr\/#\/schema\/logo\/image\/","url":"https:\/\/www.esin.av.tr\/wp-content\/uploads\/2021\/09\/esin-2.jpg","contentUrl":"https:\/\/www.esin.av.tr\/wp-content\/uploads\/2021\/09\/esin-2.jpg","width":800,"height":460,"caption":"Esin Avukatl\u0131k Ortakl\u0131\u011f\u0131"},"image":{"@id":"https:\/\/www.esin.av.tr\/tr\/#\/schema\/logo\/image\/"}},{"@type":"Person","@id":"https:\/\/www.esin.av.tr\/tr\/#\/schema\/person\/42c8e616aab56b8622fa365ad63282ae","name":"R\u0131dvan Konrat","image":{"@type":"ImageObject","inLanguage":"tr","@id":"https:\/\/www.esin.av.tr\/tr\/#\/schema\/person\/image\/","url":"https:\/\/secure.gravatar.com\/avatar\/b20c6c583be38ed4e76e32f69fccc676?s=96&d=mm&r=g","contentUrl":"https:\/\/secure.gravatar.com\/avatar\/b20c6c583be38ed4e76e32f69fccc676?s=96&d=mm&r=g","caption":"R\u0131dvan Konrat"},"sameAs":["http:\/\/www.esin.av.tr"],"url":"https:\/\/www.esin.av.tr\/tr\/author\/rkonrat\/"}]}},"_links":{"self":[{"href":"https:\/\/www.esin.av.tr\/tr\/wp-json\/wp\/v2\/posts\/21068","targetHints":{"allow":["GET"]}}],"collection":[{"href":"https:\/\/www.esin.av.tr\/tr\/wp-json\/wp\/v2\/posts"}],"about":[{"href":"https:\/\/www.esin.av.tr\/tr\/wp-json\/wp\/v2\/types\/post"}],"author":[{"embeddable":true,"href":"https:\/\/www.esin.av.tr\/tr\/wp-json\/wp\/v2\/users\/4"}],"replies":[{"embeddable":true,"href":"https:\/\/www.esin.av.tr\/tr\/wp-json\/wp\/v2\/comments?post=21068"}],"version-history":[{"count":1,"href":"https:\/\/www.esin.av.tr\/tr\/wp-json\/wp\/v2\/posts\/21068\/revisions"}],"predecessor-version":[{"id":21069,"href":"https:\/\/www.esin.av.tr\/tr\/wp-json\/wp\/v2\/posts\/21068\/revisions\/21069"}],"wp:attachment":[{"href":"https:\/\/www.esin.av.tr\/tr\/wp-json\/wp\/v2\/media?parent=21068"}],"wp:term":[{"taxonomy":"category","embeddable":true,"href":"https:\/\/www.esin.av.tr\/tr\/wp-json\/wp\/v2\/categories?post=21068"},{"taxonomy":"post_tag","embeddable":true,"href":"https:\/\/www.esin.av.tr\/tr\/wp-json\/wp\/v2\/tags?post=21068"}],"curies":[{"name":"wp","href":"https:\/\/api.w.org\/{rel}","templated":true}]}}