{"id":20828,"date":"2021-11-10T11:41:06","date_gmt":"2021-11-10T11:41:06","guid":{"rendered":"https:\/\/www.esin.av.tr\/?p=20828"},"modified":"2021-11-10T11:41:06","modified_gmt":"2021-11-10T11:41:06","slug":"gumruk-mevzuatindaki-degisiklikler-neler-getiriyor","status":"publish","type":"post","link":"https:\/\/www.esin.av.tr\/tr\/2021\/11\/10\/gumruk-mevzuatindaki-degisiklikler-neler-getiriyor\/","title":{"rendered":"G\u00fcmr\u00fck Mevzuat\u0131ndaki De\u011fi\u015fiklikler Neler Getiriyor?"},"content":{"rendered":"<p><strong><a href=\"https:\/\/podcast.esin.av.tr\/?lang=tr&amp;playing=PFC9791075926?updated=1636535095\" target=\"_blank\" rel=\"noopener\"><img decoding=\"async\" class=\"alignnone wp-image-18799\" src=\"https:\/\/www.esin.av.tr\/wp-content\/uploads\/2021\/02\/1.png\" alt=\"\" width=\"58\" height=\"58\" srcset=\"https:\/\/www.esin.av.tr\/wp-content\/uploads\/2021\/02\/1.png 186w, https:\/\/www.esin.av.tr\/wp-content\/uploads\/2021\/02\/1-150x150.png 150w\" sizes=\"(max-width: 58px) 100vw, 58px\" \/><\/a>\u00a0 \u00a0 \u00a0 \u00a0 \u00a0 \u00a0 \u00a0 \u00a0 \u00a0 B\u00fcltenlerimizi podcast olarak da dinleyebilirsiniz!<\/strong><\/p>\n<p>&nbsp;<\/p>\n<h2>Ticaret Bakanl\u0131\u011f\u0131 (&#8220;<strong>Bakanl\u0131k<\/strong>&#8220;), 5 Kasim 2021 tarihinde G\u00fcmr\u00fck Y\u00f6netmeligi&#8217;nde (&#8220;<strong>Y\u00f6netmelik<\/strong>&#8220;) ve Dahilde Isleme Rejimi Tebligi&#8217;nde (Ihracat: 2006\/12) (&#8220;<strong>Tebli\u011f<\/strong>&#8220;) de\u011fi\u015fiklikler yapt\u0131. Yap\u0131lan de\u011fi\u015fiklikler ile dahilde i\u015fleme izin belgeleri ve izinlerine ve e\u015fyan\u0131n men\u015feini tevsik eden belgelerin sonradan ibraz\u0131na ili\u015fkin ilave s\u00fcreler getirilerek men\u015fe tevsiki aranmayan halleri d\u00fczenledi.<\/h2>\n<h3><strong>Yeni Geli\u015fme<\/strong><\/h3>\n<p>De\u011fi\u015fiklikler kapsam\u0131nda, ihracat taahh\u00fct hesab\u0131 hen\u00fcz kapat\u0131lmam\u0131\u015f veya m\u00fceyyideli olarak kapat\u0131lm\u0131\u015f dahilde i\u015fleme izin belgeleri ve izinlerine ilave s\u00fcre verilmesi d\u00fczenlendi. Ek olarak, e\u015fyan\u0131n men\u015feini tevsik eden belgelerin sonradan ibraz\u0131na ili\u015fkin ge\u00e7i\u015f h\u00fck\u00fcmleri kapsam\u0131nda, e\u015fyan\u0131n men\u015feini tevsik eden uygun bir men\u015fe \u015fahadetnamesinin veya tedarik\u00e7i beyan\u0131n\u0131n g\u00fcmr\u00fck idaresine ibraz tarihi 31 Aral\u0131k 2021 tarihine uzat\u0131ld\u0131.<\/p>\n<h3><strong>Ne De\u011fi\u015fecek?<\/strong><\/h3>\n<ul>\n<li><strong>Y\u00f6netmelik<\/strong><\/li>\n<\/ul>\n<p>5 Kas\u0131m 2021 tarihinden \u00f6nce beyannamesi tescil edilmi\u015f ve beyanname ekinde e\u015fyan\u0131n men\u015feini g\u00f6steren bir men\u015fe \u015fahadetnamesi veya tedarik\u00e7i beyan\u0131 bulunmad\u0131\u011f\u0131 halde men\u015fe esasl\u0131 ticaret politikas\u0131 \u00f6nlemi, ilave g\u00fcmr\u00fck vergisi veya ek mali y\u00fck\u00fcml\u00fcl\u00fck gibi di\u011fer mali y\u00fck\u00fcml\u00fcl\u00fckleri \u00f6denmemi\u015f, eksik \u00f6denmi\u015f veya beyan edilmemi\u015f e\u015fyalara ili\u015fkin men\u015fe \u015fahadetnamesinin veya tedarik\u00e7i beyan\u0131n\u0131n g\u00fcmr\u00fck ibaresine ibraz s\u00fcresi 31 Aral\u0131k 2021 tarihine uzat\u0131ld\u0131.<\/p>\n<p>Ek olarak, 21 Haziran 2018 ile 23 May\u0131s 2019 tarihleri dahil olmak \u00fczere bu tarihler aras\u0131nda beyannamesi tescil edilmi\u015f ve beyanname ekinde men\u015fe ispat belgesi bulunmad\u0131\u011f\u0131 halde Amerika Birle\u015fik Devletleri Men\u015feli Baz\u0131 \u00dcr\u00fcnlerin \u0130thalat\u0131nda Ek Mali Y\u00fck\u00fcml\u00fcl\u00fck Uygulanmas\u0131na Dair Karar kapsam\u0131ndaki ek mali y\u00fck\u00fcml\u00fcl\u00fc\u011f\u00fcn \u00f6denmemi\u015f, eksik \u00f6denmi\u015f veya teminata ba\u011flanmam\u0131\u015f e\u015fyan\u0131n beyanname ekinde (i) men\u015fe \u00fclkesinin yaz\u0131l\u0131 olmas\u0131 veya (ii) 31 May\u0131s 2022 tarihine kadar e\u015fyan\u0131n ihracat\u00e7\u0131s\u0131n\u0131n a\u015fa\u011f\u0131daki ifadeyi i\u00e7eren belgeyi ibraz etmesi halinde ayr\u0131ca bir men\u015fe tevsiki aranmayacakt\u0131r:<\/p>\n<p>A\u015fa\u011f\u0131da imzas\u0131 bulunan ben, \u2026.. tarihli \u2026.. say\u0131l\u0131 faturada belirtilen \u2026.. tan\u0131ml\u0131 e\u015fyan\u0131n \u2026.. men\u015feli oldu\u011funu ve \u00fcreticisinin \u2026.. \u00fclkede yerle\u015fik \u2026.. firmas\u0131 oldu\u011funu beyan ederim. \u0130stenildi\u011finde, ilgili kamu otoritesine bu beyan\u0131 destekleyecek t\u00fcm kan\u0131tlar\u0131 sa\u011flamay\u0131 taahh\u00fct ederim.<\/p>\n<p>Y\u00f6netmelik metnine <a href=\"https:\/\/urldefense.com\/v3\/__https:\/esinxchange.com\/collect\/click.aspx?u=czhRVjBWdUhuY05ndWlYMWl1Sm9xcjNWZzJKaHhUd1R2cFBHaHRTenpDS2xKcndiUGFZcHpkK2hJaTRGb1o2YlNwcDEvM1AyYUFTdjNTWTkxTGM2b1hVemxOQ0VEdlA0MXhPcHBTOHR0U0IxNWl4d2p1OHhLNnZUQlZCM0Nqa28=&amp;rh=ff00855f72e4e43afae286e35e4498d148ad6027__;!!Hj9Y_P0nvg!HRBvxPozrDJYssgREs2L4iydm-tB66qY1Pc-OfCu2PqVW-JWQEBUJrxFAdCh2Mdx_kOoeg$\"><u>buradan<\/u> <\/a>ula\u015fabilirsiniz.<\/p>\n<ul>\n<li><strong>Tebli\u011f<\/strong><\/li>\n<\/ul>\n<p>Covid-19 salg\u0131n\u0131 sebebiyle 5 Kas\u0131m 2021&#8217;den \u00f6nce d\u00fczenlenmi\u015f ihracat taahh\u00fct hesab\u0131 hen\u00fcz kapat\u0131lmam\u0131\u015f dahilde i\u015fleme izin belgeleri ve izinleri ile ihracat taahh\u00fct hesab\u0131 m\u00fceyyideli olarak kapat\u0131lm\u0131\u015f ancak m\u00fceyyidesi k\u0131smen de olsa tahsil edilmemi\u015f olan dahilde i\u015fleme izin belgelerine ve izinlerine, 31 Aral\u0131k 2021 tarihine kadar Bakanl\u0131k&#8217;a m\u00fcracaatta bulunulmas\u0131 kayd\u0131yla, iki ay\u0131 ge\u00e7memek \u00fczere ilave s\u00fcre verilecek.<\/p>\n<p>Tebli\u011f metnine <a href=\"https:\/\/urldefense.com\/v3\/__https:\/esinxchange.com\/collect\/click.aspx?u=czhRVjBWdUhuY05ndWlYMWl1Sm9xcjNWZzJKaHhUd1R2cFBHaHRTenpDS2xKcndiUGFZcHpkK2hJaTRGb1o2YlNwcDEvM1AyYUFTdjNTWTkxTGM2b1hVemxOQ0VEdlA0MXhPcHBTOHR0U0QxN0pIbkRyVEhuNEcrc2o2WUlDdjY=&amp;rh=ff00855f72e4e43afae286e35e4498d148ad6027__;!!Hj9Y_P0nvg!HRBvxPozrDJYssgREs2L4iydm-tB66qY1Pc-OfCu2PqVW-JWQEBUJrxFAdCh2Mffuvyklg$\"><u>buradan<\/u> <\/a>ula\u015fabilirsiniz.<\/p>\n<h3><strong>Sonu\u00e7<\/strong><\/h3>\n<p>Y\u00f6netmelik&#8217;te yap\u0131lan de\u011fi\u015fiklik ile men\u015fe \u015fahadetnamesinin veya tedarik\u00e7i beyan\u0131n\u0131n g\u00fcmr\u00fck idaresine ibraz s\u00fcresi 31 Aral\u0131k 2021 tarihine uzat\u0131ld\u0131 ve men\u015fe tevsiki aranmayan haller d\u00fczenlendi. Tebli\u011f kapsam\u0131ndaki de\u011fi\u015fiklik ile ise 31 Aral\u0131k 2021 tarihine kadar Bakanl\u0131k&#8217;a m\u00fcracaatta bulunulmas\u0131 kayd\u0131yla dahilde i\u015fleme izin belgelerine ve izinlerine en fazla iki aya kadar ilave s\u00fcre verilmesi d\u00fczenlendi.<\/p>\n","protected":false},"excerpt":{"rendered":"<p>\u00a0 \u00a0 \u00a0 \u00a0 \u00a0 \u00a0 \u00a0 \u00a0 \u00a0 B\u00fcltenlerimizi podcast olarak da dinleyebilirsiniz! &nbsp; Ticaret Bakanl\u0131\u011f\u0131 (&#8220;Bakanl\u0131k&#8220;), 5 Kasim [&hellip;]<\/p>\n","protected":false},"author":4,"featured_media":0,"comment_status":"closed","ping_status":"closed","sticky":false,"template":"","format":"standard","meta":{"_acf_changed":false,"_stopmodifiedupdate":false,"_modified_date":"","footnotes":""},"categories":[120],"tags":[94],"class_list":["post-20828","post","type-post","status-publish","format-standard","hentry","category-legal-alerts","tag-international-commercial-and-trade-tr"],"acf":[],"yoast_head":"<!-- This site is optimized with the Yoast SEO plugin v24.0 - https:\/\/yoast.com\/wordpress\/plugins\/seo\/ -->\n<title>G\u00fcmr\u00fck Mevzuat\u0131ndaki De\u011fi\u015fiklikler Neler Getiriyor?<\/title>\n<meta name=\"description\" content=\"\u00a0 \u00a0 \u00a0 \u00a0 \u00a0 \u00a0 \u00a0 \u00a0 \u00a0 B\u00fcltenlerimizi podcast olarak da dinleyebilirsiniz! &nbsp; Ticaret Bakanl\u0131\u011f\u0131 (&quot;Bakanl\u0131k&quot;), 5 Kasim 2021 tarihinde G\u00fcmr\u00fck Y\u00f6netmeligi&#039;nde\" \/>\n<meta name=\"robots\" content=\"index, follow, max-snippet:-1, max-image-preview:large, max-video-preview:-1\" \/>\n<link rel=\"canonical\" href=\"https:\/\/www.esin.av.tr\/tr\/2021\/11\/10\/gumruk-mevzuatindaki-degisiklikler-neler-getiriyor\/\" \/>\n<meta property=\"og:locale\" content=\"tr_TR\" \/>\n<meta property=\"og:type\" content=\"article\" \/>\n<meta property=\"og:title\" content=\"G\u00fcmr\u00fck Mevzuat\u0131ndaki De\u011fi\u015fiklikler Neler Getiriyor?\" \/>\n<meta property=\"og:description\" content=\"\u00a0 \u00a0 \u00a0 \u00a0 \u00a0 \u00a0 \u00a0 \u00a0 \u00a0 B\u00fcltenlerimizi podcast olarak da dinleyebilirsiniz! &nbsp; Ticaret Bakanl\u0131\u011f\u0131 (&quot;Bakanl\u0131k&quot;), 5 Kasim 2021 tarihinde G\u00fcmr\u00fck Y\u00f6netmeligi&#039;nde\" \/>\n<meta property=\"og:url\" content=\"https:\/\/www.esin.av.tr\/tr\/2021\/11\/10\/gumruk-mevzuatindaki-degisiklikler-neler-getiriyor\/\" \/>\n<meta property=\"og:site_name\" content=\"Esin Avukatl\u0131k Ortakl\u0131\u011f\u0131\" \/>\n<meta property=\"article:published_time\" content=\"2021-11-10T11:41:06+00:00\" \/>\n<meta property=\"og:image\" content=\"https:\/\/www.esin.av.tr\/wp-content\/uploads\/2021\/02\/1.png\" \/>\n<meta name=\"author\" content=\"R\u0131dvan Konrat\" \/>\n<meta name=\"twitter:card\" content=\"summary_large_image\" \/>\n<meta name=\"twitter:label1\" content=\"Written by\" \/>\n\t<meta name=\"twitter:data1\" content=\"R\u0131dvan Konrat\" \/>\n\t<meta name=\"twitter:label2\" content=\"Est. reading time\" \/>\n\t<meta name=\"twitter:data2\" content=\"2 minutes\" \/>\n<script type=\"application\/ld+json\" class=\"yoast-schema-graph\">{\"@context\":\"https:\/\/schema.org\",\"@graph\":[{\"@type\":\"Article\",\"@id\":\"https:\/\/www.esin.av.tr\/tr\/2021\/11\/10\/gumruk-mevzuatindaki-degisiklikler-neler-getiriyor\/#article\",\"isPartOf\":{\"@id\":\"https:\/\/www.esin.av.tr\/tr\/2021\/11\/10\/gumruk-mevzuatindaki-degisiklikler-neler-getiriyor\/\"},\"author\":{\"name\":\"R\u0131dvan Konrat\",\"@id\":\"https:\/\/www.esin.av.tr\/tr\/#\/schema\/person\/42c8e616aab56b8622fa365ad63282ae\"},\"headline\":\"G\u00fcmr\u00fck Mevzuat\u0131ndaki De\u011fi\u015fiklikler Neler Getiriyor?\",\"datePublished\":\"2021-11-10T11:41:06+00:00\",\"dateModified\":\"2021-11-10T11:41:06+00:00\",\"mainEntityOfPage\":{\"@id\":\"https:\/\/www.esin.av.tr\/tr\/2021\/11\/10\/gumruk-mevzuatindaki-degisiklikler-neler-getiriyor\/\"},\"wordCount\":575,\"publisher\":{\"@id\":\"https:\/\/www.esin.av.tr\/tr\/#organization\"},\"image\":{\"@id\":\"https:\/\/www.esin.av.tr\/tr\/2021\/11\/10\/gumruk-mevzuatindaki-degisiklikler-neler-getiriyor\/#primaryimage\"},\"thumbnailUrl\":\"https:\/\/www.esin.av.tr\/wp-content\/uploads\/2021\/02\/1.png\",\"keywords\":[\"Uluslararas\u0131 Ticaret Hukuku\"],\"articleSection\":[\"Hukuk B\u00fcltenleri\"],\"inLanguage\":\"tr\"},{\"@type\":\"WebPage\",\"@id\":\"https:\/\/www.esin.av.tr\/tr\/2021\/11\/10\/gumruk-mevzuatindaki-degisiklikler-neler-getiriyor\/\",\"url\":\"https:\/\/www.esin.av.tr\/tr\/2021\/11\/10\/gumruk-mevzuatindaki-degisiklikler-neler-getiriyor\/\",\"name\":\"G\u00fcmr\u00fck Mevzuat\u0131ndaki De\u011fi\u015fiklikler Neler Getiriyor?\",\"isPartOf\":{\"@id\":\"https:\/\/www.esin.av.tr\/tr\/#website\"},\"primaryImageOfPage\":{\"@id\":\"https:\/\/www.esin.av.tr\/tr\/2021\/11\/10\/gumruk-mevzuatindaki-degisiklikler-neler-getiriyor\/#primaryimage\"},\"image\":{\"@id\":\"https:\/\/www.esin.av.tr\/tr\/2021\/11\/10\/gumruk-mevzuatindaki-degisiklikler-neler-getiriyor\/#primaryimage\"},\"thumbnailUrl\":\"https:\/\/www.esin.av.tr\/wp-content\/uploads\/2021\/02\/1.png\",\"datePublished\":\"2021-11-10T11:41:06+00:00\",\"dateModified\":\"2021-11-10T11:41:06+00:00\",\"description\":\"\u00a0 \u00a0 \u00a0 \u00a0 \u00a0 \u00a0 \u00a0 \u00a0 \u00a0 B\u00fcltenlerimizi podcast olarak da dinleyebilirsiniz! &nbsp; Ticaret Bakanl\u0131\u011f\u0131 (\\\"Bakanl\u0131k\\\"), 5 Kasim 2021 tarihinde G\u00fcmr\u00fck Y\u00f6netmeligi'nde\",\"breadcrumb\":{\"@id\":\"https:\/\/www.esin.av.tr\/tr\/2021\/11\/10\/gumruk-mevzuatindaki-degisiklikler-neler-getiriyor\/#breadcrumb\"},\"inLanguage\":\"tr\",\"potentialAction\":[{\"@type\":\"ReadAction\",\"target\":[\"https:\/\/www.esin.av.tr\/tr\/2021\/11\/10\/gumruk-mevzuatindaki-degisiklikler-neler-getiriyor\/\"]}]},{\"@type\":\"ImageObject\",\"inLanguage\":\"tr\",\"@id\":\"https:\/\/www.esin.av.tr\/tr\/2021\/11\/10\/gumruk-mevzuatindaki-degisiklikler-neler-getiriyor\/#primaryimage\",\"url\":\"https:\/\/www.esin.av.tr\/wp-content\/uploads\/2021\/02\/1.png\",\"contentUrl\":\"https:\/\/www.esin.av.tr\/wp-content\/uploads\/2021\/02\/1.png\"},{\"@type\":\"BreadcrumbList\",\"@id\":\"https:\/\/www.esin.av.tr\/tr\/2021\/11\/10\/gumruk-mevzuatindaki-degisiklikler-neler-getiriyor\/#breadcrumb\",\"itemListElement\":[{\"@type\":\"ListItem\",\"position\":1,\"name\":\"Home\",\"item\":\"https:\/\/www.esin.av.tr\/tr\/\"},{\"@type\":\"ListItem\",\"position\":2,\"name\":\"G\u00fcmr\u00fck Mevzuat\u0131ndaki De\u011fi\u015fiklikler Neler Getiriyor?\"}]},{\"@type\":\"WebSite\",\"@id\":\"https:\/\/www.esin.av.tr\/tr\/#website\",\"url\":\"https:\/\/www.esin.av.tr\/tr\/\",\"name\":\"Esin Avukatl\u0131k Ortakl\u0131\u011f\u0131\",\"description\":\"\",\"publisher\":{\"@id\":\"https:\/\/www.esin.av.tr\/tr\/#organization\"},\"potentialAction\":[{\"@type\":\"SearchAction\",\"target\":{\"@type\":\"EntryPoint\",\"urlTemplate\":\"https:\/\/www.esin.av.tr\/tr\/?s={search_term_string}\"},\"query-input\":{\"@type\":\"PropertyValueSpecification\",\"valueRequired\":true,\"valueName\":\"search_term_string\"}}],\"inLanguage\":\"tr\"},{\"@type\":\"Organization\",\"@id\":\"https:\/\/www.esin.av.tr\/tr\/#organization\",\"name\":\"Esin Avukatl\u0131k Ortakl\u0131\u011f\u0131\",\"url\":\"https:\/\/www.esin.av.tr\/tr\/\",\"logo\":{\"@type\":\"ImageObject\",\"inLanguage\":\"tr\",\"@id\":\"https:\/\/www.esin.av.tr\/tr\/#\/schema\/logo\/image\/\",\"url\":\"https:\/\/www.esin.av.tr\/wp-content\/uploads\/2021\/09\/esin-2.jpg\",\"contentUrl\":\"https:\/\/www.esin.av.tr\/wp-content\/uploads\/2021\/09\/esin-2.jpg\",\"width\":800,\"height\":460,\"caption\":\"Esin Avukatl\u0131k Ortakl\u0131\u011f\u0131\"},\"image\":{\"@id\":\"https:\/\/www.esin.av.tr\/tr\/#\/schema\/logo\/image\/\"}},{\"@type\":\"Person\",\"@id\":\"https:\/\/www.esin.av.tr\/tr\/#\/schema\/person\/42c8e616aab56b8622fa365ad63282ae\",\"name\":\"R\u0131dvan Konrat\",\"image\":{\"@type\":\"ImageObject\",\"inLanguage\":\"tr\",\"@id\":\"https:\/\/www.esin.av.tr\/tr\/#\/schema\/person\/image\/\",\"url\":\"https:\/\/secure.gravatar.com\/avatar\/b20c6c583be38ed4e76e32f69fccc676?s=96&d=mm&r=g\",\"contentUrl\":\"https:\/\/secure.gravatar.com\/avatar\/b20c6c583be38ed4e76e32f69fccc676?s=96&d=mm&r=g\",\"caption\":\"R\u0131dvan Konrat\"},\"sameAs\":[\"http:\/\/www.esin.av.tr\"],\"url\":\"https:\/\/www.esin.av.tr\/tr\/author\/rkonrat\/\"}]}<\/script>\n<!-- \/ Yoast SEO plugin. -->","yoast_head_json":{"title":"G\u00fcmr\u00fck Mevzuat\u0131ndaki De\u011fi\u015fiklikler Neler Getiriyor?","description":"\u00a0 \u00a0 \u00a0 \u00a0 \u00a0 \u00a0 \u00a0 \u00a0 \u00a0 B\u00fcltenlerimizi podcast olarak da dinleyebilirsiniz! &nbsp; Ticaret Bakanl\u0131\u011f\u0131 (\"Bakanl\u0131k\"), 5 Kasim 2021 tarihinde G\u00fcmr\u00fck Y\u00f6netmeligi'nde","robots":{"index":"index","follow":"follow","max-snippet":"max-snippet:-1","max-image-preview":"max-image-preview:large","max-video-preview":"max-video-preview:-1"},"canonical":"https:\/\/www.esin.av.tr\/tr\/2021\/11\/10\/gumruk-mevzuatindaki-degisiklikler-neler-getiriyor\/","og_locale":"tr_TR","og_type":"article","og_title":"G\u00fcmr\u00fck Mevzuat\u0131ndaki De\u011fi\u015fiklikler Neler Getiriyor?","og_description":"\u00a0 \u00a0 \u00a0 \u00a0 \u00a0 \u00a0 \u00a0 \u00a0 \u00a0 B\u00fcltenlerimizi podcast olarak da dinleyebilirsiniz! &nbsp; Ticaret Bakanl\u0131\u011f\u0131 (\"Bakanl\u0131k\"), 5 Kasim 2021 tarihinde G\u00fcmr\u00fck Y\u00f6netmeligi'nde","og_url":"https:\/\/www.esin.av.tr\/tr\/2021\/11\/10\/gumruk-mevzuatindaki-degisiklikler-neler-getiriyor\/","og_site_name":"Esin Avukatl\u0131k Ortakl\u0131\u011f\u0131","article_published_time":"2021-11-10T11:41:06+00:00","og_image":[{"url":"https:\/\/www.esin.av.tr\/wp-content\/uploads\/2021\/02\/1.png","type":"","width":"","height":""}],"author":"R\u0131dvan Konrat","twitter_card":"summary_large_image","twitter_misc":{"Written by":"R\u0131dvan Konrat","Est. reading time":"2 minutes"},"schema":{"@context":"https:\/\/schema.org","@graph":[{"@type":"Article","@id":"https:\/\/www.esin.av.tr\/tr\/2021\/11\/10\/gumruk-mevzuatindaki-degisiklikler-neler-getiriyor\/#article","isPartOf":{"@id":"https:\/\/www.esin.av.tr\/tr\/2021\/11\/10\/gumruk-mevzuatindaki-degisiklikler-neler-getiriyor\/"},"author":{"name":"R\u0131dvan Konrat","@id":"https:\/\/www.esin.av.tr\/tr\/#\/schema\/person\/42c8e616aab56b8622fa365ad63282ae"},"headline":"G\u00fcmr\u00fck Mevzuat\u0131ndaki De\u011fi\u015fiklikler Neler Getiriyor?","datePublished":"2021-11-10T11:41:06+00:00","dateModified":"2021-11-10T11:41:06+00:00","mainEntityOfPage":{"@id":"https:\/\/www.esin.av.tr\/tr\/2021\/11\/10\/gumruk-mevzuatindaki-degisiklikler-neler-getiriyor\/"},"wordCount":575,"publisher":{"@id":"https:\/\/www.esin.av.tr\/tr\/#organization"},"image":{"@id":"https:\/\/www.esin.av.tr\/tr\/2021\/11\/10\/gumruk-mevzuatindaki-degisiklikler-neler-getiriyor\/#primaryimage"},"thumbnailUrl":"https:\/\/www.esin.av.tr\/wp-content\/uploads\/2021\/02\/1.png","keywords":["Uluslararas\u0131 Ticaret Hukuku"],"articleSection":["Hukuk B\u00fcltenleri"],"inLanguage":"tr"},{"@type":"WebPage","@id":"https:\/\/www.esin.av.tr\/tr\/2021\/11\/10\/gumruk-mevzuatindaki-degisiklikler-neler-getiriyor\/","url":"https:\/\/www.esin.av.tr\/tr\/2021\/11\/10\/gumruk-mevzuatindaki-degisiklikler-neler-getiriyor\/","name":"G\u00fcmr\u00fck Mevzuat\u0131ndaki De\u011fi\u015fiklikler Neler Getiriyor?","isPartOf":{"@id":"https:\/\/www.esin.av.tr\/tr\/#website"},"primaryImageOfPage":{"@id":"https:\/\/www.esin.av.tr\/tr\/2021\/11\/10\/gumruk-mevzuatindaki-degisiklikler-neler-getiriyor\/#primaryimage"},"image":{"@id":"https:\/\/www.esin.av.tr\/tr\/2021\/11\/10\/gumruk-mevzuatindaki-degisiklikler-neler-getiriyor\/#primaryimage"},"thumbnailUrl":"https:\/\/www.esin.av.tr\/wp-content\/uploads\/2021\/02\/1.png","datePublished":"2021-11-10T11:41:06+00:00","dateModified":"2021-11-10T11:41:06+00:00","description":"\u00a0 \u00a0 \u00a0 \u00a0 \u00a0 \u00a0 \u00a0 \u00a0 \u00a0 B\u00fcltenlerimizi podcast olarak da dinleyebilirsiniz! &nbsp; Ticaret Bakanl\u0131\u011f\u0131 (\"Bakanl\u0131k\"), 5 Kasim 2021 tarihinde G\u00fcmr\u00fck Y\u00f6netmeligi'nde","breadcrumb":{"@id":"https:\/\/www.esin.av.tr\/tr\/2021\/11\/10\/gumruk-mevzuatindaki-degisiklikler-neler-getiriyor\/#breadcrumb"},"inLanguage":"tr","potentialAction":[{"@type":"ReadAction","target":["https:\/\/www.esin.av.tr\/tr\/2021\/11\/10\/gumruk-mevzuatindaki-degisiklikler-neler-getiriyor\/"]}]},{"@type":"ImageObject","inLanguage":"tr","@id":"https:\/\/www.esin.av.tr\/tr\/2021\/11\/10\/gumruk-mevzuatindaki-degisiklikler-neler-getiriyor\/#primaryimage","url":"https:\/\/www.esin.av.tr\/wp-content\/uploads\/2021\/02\/1.png","contentUrl":"https:\/\/www.esin.av.tr\/wp-content\/uploads\/2021\/02\/1.png"},{"@type":"BreadcrumbList","@id":"https:\/\/www.esin.av.tr\/tr\/2021\/11\/10\/gumruk-mevzuatindaki-degisiklikler-neler-getiriyor\/#breadcrumb","itemListElement":[{"@type":"ListItem","position":1,"name":"Home","item":"https:\/\/www.esin.av.tr\/tr\/"},{"@type":"ListItem","position":2,"name":"G\u00fcmr\u00fck Mevzuat\u0131ndaki De\u011fi\u015fiklikler Neler Getiriyor?"}]},{"@type":"WebSite","@id":"https:\/\/www.esin.av.tr\/tr\/#website","url":"https:\/\/www.esin.av.tr\/tr\/","name":"Esin Avukatl\u0131k Ortakl\u0131\u011f\u0131","description":"","publisher":{"@id":"https:\/\/www.esin.av.tr\/tr\/#organization"},"potentialAction":[{"@type":"SearchAction","target":{"@type":"EntryPoint","urlTemplate":"https:\/\/www.esin.av.tr\/tr\/?s={search_term_string}"},"query-input":{"@type":"PropertyValueSpecification","valueRequired":true,"valueName":"search_term_string"}}],"inLanguage":"tr"},{"@type":"Organization","@id":"https:\/\/www.esin.av.tr\/tr\/#organization","name":"Esin Avukatl\u0131k Ortakl\u0131\u011f\u0131","url":"https:\/\/www.esin.av.tr\/tr\/","logo":{"@type":"ImageObject","inLanguage":"tr","@id":"https:\/\/www.esin.av.tr\/tr\/#\/schema\/logo\/image\/","url":"https:\/\/www.esin.av.tr\/wp-content\/uploads\/2021\/09\/esin-2.jpg","contentUrl":"https:\/\/www.esin.av.tr\/wp-content\/uploads\/2021\/09\/esin-2.jpg","width":800,"height":460,"caption":"Esin Avukatl\u0131k Ortakl\u0131\u011f\u0131"},"image":{"@id":"https:\/\/www.esin.av.tr\/tr\/#\/schema\/logo\/image\/"}},{"@type":"Person","@id":"https:\/\/www.esin.av.tr\/tr\/#\/schema\/person\/42c8e616aab56b8622fa365ad63282ae","name":"R\u0131dvan Konrat","image":{"@type":"ImageObject","inLanguage":"tr","@id":"https:\/\/www.esin.av.tr\/tr\/#\/schema\/person\/image\/","url":"https:\/\/secure.gravatar.com\/avatar\/b20c6c583be38ed4e76e32f69fccc676?s=96&d=mm&r=g","contentUrl":"https:\/\/secure.gravatar.com\/avatar\/b20c6c583be38ed4e76e32f69fccc676?s=96&d=mm&r=g","caption":"R\u0131dvan Konrat"},"sameAs":["http:\/\/www.esin.av.tr"],"url":"https:\/\/www.esin.av.tr\/tr\/author\/rkonrat\/"}]}},"_links":{"self":[{"href":"https:\/\/www.esin.av.tr\/tr\/wp-json\/wp\/v2\/posts\/20828","targetHints":{"allow":["GET"]}}],"collection":[{"href":"https:\/\/www.esin.av.tr\/tr\/wp-json\/wp\/v2\/posts"}],"about":[{"href":"https:\/\/www.esin.av.tr\/tr\/wp-json\/wp\/v2\/types\/post"}],"author":[{"embeddable":true,"href":"https:\/\/www.esin.av.tr\/tr\/wp-json\/wp\/v2\/users\/4"}],"replies":[{"embeddable":true,"href":"https:\/\/www.esin.av.tr\/tr\/wp-json\/wp\/v2\/comments?post=20828"}],"version-history":[{"count":1,"href":"https:\/\/www.esin.av.tr\/tr\/wp-json\/wp\/v2\/posts\/20828\/revisions"}],"predecessor-version":[{"id":20829,"href":"https:\/\/www.esin.av.tr\/tr\/wp-json\/wp\/v2\/posts\/20828\/revisions\/20829"}],"wp:attachment":[{"href":"https:\/\/www.esin.av.tr\/tr\/wp-json\/wp\/v2\/media?parent=20828"}],"wp:term":[{"taxonomy":"category","embeddable":true,"href":"https:\/\/www.esin.av.tr\/tr\/wp-json\/wp\/v2\/categories?post=20828"},{"taxonomy":"post_tag","embeddable":true,"href":"https:\/\/www.esin.av.tr\/tr\/wp-json\/wp\/v2\/tags?post=20828"}],"curies":[{"name":"wp","href":"https:\/\/api.w.org\/{rel}","templated":true}]}}