{"id":20813,"date":"2021-11-09T13:03:59","date_gmt":"2021-11-09T13:03:59","guid":{"rendered":"https:\/\/www.esin.av.tr\/?p=20813"},"modified":"2022-06-09T13:33:46","modified_gmt":"2022-06-09T13:33:46","slug":"spk-borclandirma-araclarini-yesillendiriyor","status":"publish","type":"post","link":"https:\/\/www.esin.av.tr\/tr\/2021\/11\/09\/spk-borclandirma-araclarini-yesillendiriyor\/","title":{"rendered":"SPK Bor\u00e7land\u0131rma Ara\u00e7lar\u0131n\u0131 Ye\u015fillendiriyor!"},"content":{"rendered":"<h2>Sermaye Piyasas\u0131 Kurulu (&#8220;<strong>SPK<\/strong>&#8220;) s\u00fcrd\u00fcr\u00fclebilirli\u011fe katk\u0131 sa\u011flayacak yat\u0131r\u0131mlar\u0131n finansman\u0131 i\u00e7in ihra\u00e7 edilebilecek ye\u015fil bor\u00e7lanma ara\u00e7lar\u0131 ve kira sertifikalar\u0131na ili\u015fkin esaslar\u0131 d\u00fczenlemesi \u00f6ng\u00f6r\u00fclen Ye\u015fil Bor\u00e7lanma Arac\u0131 ve Ye\u015fil Kira Sertifikas\u0131 Rehberi Tasla\u011f\u0131&#8217;n\u0131 (&#8220;<strong>Taslak Rehber<\/strong>&#8220;) 3 Kas\u0131m 2021 tarihinde kamuoyu g\u00f6r\u00fc\u015f\u00fcne sundu.<\/h2>\n<h3><strong>Taslak Rehber Ne Anlama Geliyor? <\/strong><\/h3>\n<p>Taslak Rehber, ye\u015fil tahvil alan\u0131nda k\u00fcresel standart haline gelen Uluslararas\u0131 Sermaye Piyasalar\u0131 Derne\u011fi&#8217;nin (<em>International Capital Markets Association) <\/em>Ye\u015fil Tahvil \u0130lkeleri&#8217;ni (<em>Green Bond Principles<\/em>) esas alarak ye\u015fil bor\u00e7lanma ara\u00e7lar\u0131 ve ye\u015fil kira sertifikalar\u0131na ili\u015fkin esaslar\u0131 ve bunlar\u0131n ihra\u00e7 s\u00fcre\u00e7lerini d\u00fczenliyor.<\/p>\n<p>Taslak Rehber uyar\u0131nca ye\u015fil bor\u00e7lanma ara\u00e7lar\u0131 ve ye\u015fil kira sertifikalar\u0131 ayn\u0131 esaslara t\u00e2bi olacak ve ye\u015fil kira sertifikalar\u0131 ihra\u00e7lar\u0131nda ilgili y\u00fck\u00fcml\u00fcl\u00fckler varl\u0131k kiralama \u015firketi veya fon kullan\u0131c\u0131s\u0131 taraf\u0131ndan yerine getirilecek.<\/p>\n<h3><strong><u>Ye\u015fil Bor\u00e7lanma Arac\u0131 \u00c7er\u00e7eve Belgesi<\/u><\/strong><\/h3>\n<ul>\n<li>\u0130hra\u00e7\u00e7\u0131lar\u0131n y\u00f6netim kurulu, ihra\u00e7 edilecek bor\u00e7lanma ara\u00e7lar\u0131n\u0131n Taslak Rehber ile uyumlu oldu\u011funu, ihra\u00e7tan elde edilecek fonlar\u0131n kullan\u0131m yerlerini ve bu ara\u00e7larla ilgili s\u00fcre\u00e7leri, \u00e7er\u00e7eve belge ad\u0131 verilen belgeler ile karara ba\u011flayacak.<\/li>\n<\/ul>\n<ul>\n<li>\u00c7er\u00e7eve belgeler ayr\u0131ca ihra\u00e7\u00e7\u0131n\u0131n s\u00fcrd\u00fcr\u00fclebilirlik stratejileri ve politikalar\u0131n\u0131n; ye\u015fil projelerin se\u00e7iminde ba\u015fvurulan s\u0131n\u0131fland\u0131rmalar\u0131n ve ilgili sertifikalar\u0131n kamuya a\u00e7\u0131klanmas\u0131 i\u00e7in kullan\u0131lacak.<\/li>\n<li>Taslak Rehber&#8217;in ekleri, ilgili \u00e7er\u00e7eve belgeler i\u00e7in kullan\u0131labilecek \u00f6rnek \u015fablonu da i\u00e7eriyor.<\/li>\n<\/ul>\n<h3><strong><u>Ye\u015fil Bor\u00e7lanma Ara\u00e7lar\u0131na \u0130li\u015fkin Genel Esaslar<\/u><\/strong><\/h3>\n<p>Taslak Rehber, bor\u00e7lanma ara\u00e7lar\u0131 ve kira sertifikalar\u0131n\u0131n &#8220;ye\u015fil&#8221; olarak adland\u0131r\u0131labilmesi i\u00e7in sa\u011flanmas\u0131 gereken ko\u015fullar\u0131 da belirliyor:<\/p>\n<ul>\n<li>\u0130hra\u00e7\u00e7\u0131n\u0131n, \u00e7er\u00e7eve belgede ihrac\u0131n Taslak Rehber&#8217;de belirtilen esaslara uygun ger\u00e7ekle\u015ftirilece\u011fini taahh\u00fct etmesi gerekecek.<\/li>\n<li>\u0130hra\u00e7tan elde edilen fonlar, \u00e7er\u00e7eve belgede belirtilen \u015fekilde ye\u015fil projelerin finansman\u0131 veya refinansman\u0131nda kullan\u0131lacak.<\/li>\n<li>\u0130hrac\u0131n Taslak Rehber ile uyumlu oldu\u011funu d\u0131\u015f de\u011ferlendirme hizmeti veren bir kurulu\u015fun onaylamas\u0131 gerekecek.<\/li>\n<\/ul>\n<p>Yurt i\u00e7inde Taslak Rehber kapsam\u0131nda ihra\u00e7 edilmeyen sermaye piyasas\u0131 ara\u00e7lar\u0131 i\u00e7in ye\u015fil bor\u00e7lanma arac\u0131 ve ye\u015fil kira sertifikas\u0131 veya bunlara e\u015fde\u011fer ifadeler kullan\u0131lamayacak.<\/p>\n<h3><strong><u>Ye\u015fil Bor\u00e7lanma Ara\u00e7lar\u0131n\u0131n Temel Bile\u015fenleri<\/u><\/strong><\/h3>\n<p>Taslak Rehber, ye\u015fil bor\u00e7lanma ara\u00e7lar\u0131 i\u00e7in d\u00f6rt temel prensip \u00f6ng\u00f6r\u00fcyor:<\/p>\n<h3><strong>1. Fonlar\u0131n Kullan\u0131m\u0131<\/strong><\/h3>\n<p>Ye\u015fil bor\u00e7lanma arac\u0131 ihrac\u0131ndan elde edilen fonlar\u0131n, ye\u015fil projeler i\u00e7in kullan\u0131lmas\u0131 ve m\u00fcmk\u00fcnse ye\u015fil projelerin \u00e7evresel faydalar\u0131n\u0131n \u00f6l\u00e7\u00fclebilir \u015fekilde \u00e7er\u00e7eve belgede kamuya sunulmas\u0131 gerekecek. Taslak Rehber bu kapsamda ye\u015fil projeleri \u00f6rneklendirmekte ve uluslararas\u0131 kabul g\u00f6rm\u00fc\u015f di\u011fer s\u0131n\u0131fland\u0131rmalar\u0131n da ihra\u00e7\u00e7\u0131lar taraf\u0131ndan kullan\u0131labilece\u011fini \u00f6ng\u00f6r\u00fcyor.<\/p>\n<h3><strong>2. Proje De\u011ferlendirme ve Se\u00e7me S\u00fcreci<\/strong><\/h3>\n<p>\u0130hra\u00e7\u00e7\u0131lar \u00e7er\u00e7eve belgede, ye\u015fil projelerin hangi \u00e7evresel s\u00fcrd\u00fcr\u00fclebilirlik ama\u00e7lar\u0131na hizmet etti\u011fine, elveri\u015fli projelerin hangi ye\u015fil proje t\u00fcr\u00fcn\u00fcn kapsam\u0131na girdi\u011finin hangi y\u00f6ntemle belirlendi\u011fine ve bu projelere ili\u015fkin muhtemel \u00e7evresel ve sosyal riskleri tespit etmek ve y\u00f6netmek i\u00e7in olu\u015fturulan s\u00fcrece dair bilgileri yat\u0131r\u0131mc\u0131lara a\u00e7\u0131klayacak.<\/p>\n<h3><strong>3. Fonlar\u0131n Y\u00f6netimi<\/strong><\/h3>\n<p>Ye\u015fil bor\u00e7lanma arac\u0131 ihrac\u0131ndan elde edilen net fon veya buna e\u015fit tutar\u0131n ayr\u0131 ve \u00f6zel muhasebe hesaplar\u0131 a\u00e7\u0131larak ve her t\u00fcrl\u00fc kayd\u0131n g\u00fcvenli takibi sa\u011flanarak y\u00f6netilmesi gerekecek. Ye\u015fil bor\u00e7lanma arac\u0131 ihra\u00e7lar\u0131ndan elde edilen fonlar, her bir ihra\u00e7 baz\u0131nda ayr\u0131ca y\u00f6netilebilece\u011fi gibi, birden fazla ye\u015fil ihra\u00e7tan elde edilen fonlar portf\u00f6y yakla\u015f\u0131m\u0131 ile y\u00f6netilebilecek.<\/p>\n<p>Ye\u015fil bor\u00e7lanma arac\u0131 tedav\u00fclde oldu\u011fu s\u00fcrece bu fonlar, ilgili d\u00f6nemde ger\u00e7ekle\u015ftirilen ye\u015fil projeler i\u00e7in kullan\u0131lacak ve hen\u00fcz kullan\u0131lmam\u0131\u015f fonlar\u0131n planlanan kullan\u0131m yerleri, ihra\u00e7\u00e7\u0131lar taraf\u0131ndan \u00f6zel durum a\u00e7\u0131klamalar\u0131 ile kamuya a\u00e7\u0131klanacak.<\/p>\n<h3><strong>4. Kamuyu Ayd\u0131nlatma<\/strong><\/h3>\n<p>\u0130hra\u00e7\u00e7\u0131lar, ihra\u00e7 tarihinden itibaren y\u0131lda bir defa, bir y\u0131ldan k\u0131sa vadeli ihra\u00e7lardaysa vadesinde olmak \u00fczere; fon kullan\u0131m\u0131na dair g\u00fcncel bilgileri SPK&#8217;n\u0131n \u00f6zel durumlar\u0131n kamuya a\u00e7\u0131klanmas\u0131na ili\u015fkin d\u00fczenlemeleri \u00e7er\u00e7evesinde kamuya a\u00e7\u0131klayacak. Bu a\u00e7\u0131klamalarda projelerin tahmini veya ger\u00e7ekle\u015fen etkilerinin a\u00e7\u0131klanmas\u0131 ve bunun i\u00e7in niteliksel ve niceliksel performans \u00f6l\u00e7\u00fctlerinin kullan\u0131lmas\u0131 \u00f6nem ta\u015f\u0131yacak. \u0130hra\u00e7\u00e7\u0131lar etki raporlamalar\u0131nda uluslararas\u0131 standartlar\u0131n \u00f6nerdi\u011fi \u015fablonlardan yararlanabilecek.<\/p>\n<h3><strong><u>D\u0131\u015f De\u011ferlendirme<\/u><\/strong><\/h3>\n<p>\u0130hra\u00e7\u00e7\u0131lar, ye\u015fil bor\u00e7lanma ara\u00e7 ihra\u00e7lar\u0131nda s\u00f6z konusu bor\u00e7lanma arac\u0131n\u0131n Taslak Rehber&#8217;in d\u00f6rt temel bile\u015feni ile uyumlu oldu\u011funu Uluslararas\u0131 Sermaye Piyasalar\u0131 Derne\u011fi ve \u0130klim Tahvilleri \u0130nisiyatifi (<em>Climate Bonds Initiative<\/em>) gibi uluslararas\u0131 kabul g\u00f6rm\u00fc\u015f kurulu\u015flar\u0131n listesinde yer alan ba\u011f\u0131ms\u0131z kurulu\u015flara onaylatmakla y\u00fck\u00fcml\u00fc olacak. Ayr\u0131ca ihra\u00e7\u00e7\u0131lar\u0131n elde edilen fonlar\u0131n uygun ama\u00e7lar i\u00e7in kullan\u0131ld\u0131\u011f\u0131n\u0131n do\u011frulanmas\u0131 i\u00e7in ihra\u00e7tan sonra da bu kurulu\u015flardan hizmet almas\u0131 gerekecek.<\/p>\n<h3><strong><u>\u0130hra\u00e7 S\u00fcreci<\/u><\/strong><\/h3>\n<p>\u0130hra\u00e7\u00e7\u0131lar, \u00e7er\u00e7eve belgelerini ve d\u0131\u015f de\u011ferlendirme g\u00f6r\u00fc\u015flerini ihra\u00e7 belgesi veya izahname onay ba\u015fvurusu s\u0131ras\u0131nda SPK&#8217;ya iletecekler ve bunlar\u0131 ihra\u00e7 belgeleri veya izahname ile birlikte ilan edecekler.<\/p>\n<p>\u0130hra\u00e7tan elde edilen fonlar\u0131n uygun ama\u00e7lar i\u00e7in kullan\u0131ld\u0131\u011f\u0131n\u0131 do\u011frulayan d\u0131\u015f de\u011ferlendirme g\u00f6r\u00fc\u015fleri SPK&#8217;n\u0131n \u00f6zel durumlar\u0131n kamuya a\u00e7\u0131klanmas\u0131na ili\u015fkin d\u00fczenlemeleri \u00e7er\u00e7evesinde kamuya a\u00e7\u0131klanacak.<\/p>\n<h3><strong>Sonu\u00e7<\/strong><\/h3>\n<p>SPK s\u00fcrd\u00fcr\u00fclebilirlik konusunda somut ad\u0131m atan ilk d\u00fczenleyici otorite olmu\u015ftu. <a href=\"https:\/\/urldefense.com\/v3\/__https:\/esinxchange.com\/collect\/click.aspx?u=MWk5aWk2c0ZqZHozS1pDbG9lVTFTckNVWHVtb0hvMFRaRkhNM21WMlYxYXJxOHVtQ1pvaENKcjBsang2VVZYODg0VVV3clZnU09GS2lCNlpoNjBja0FQY0EzTVZZWFgyTzIyR29weUQ4ZTJmNWpmYWF0WnkvUVpmZ2xmK1JJbEtXdWo2eHpWR3MwS0Fqck9PY1BiVHhBZ2QyN3h2cDBIZkNLRlZZaFd4elUxTisya210TDVXSG9CQUNWN200eVB3WkRJaW9yNXJiTE96K0Vha2VMY0NTdz09&amp;rh=ff00855f15df70af486509fde44e82f7af69406b__;!!Hj9Y_P0nvg!BP3jjLKKbZuvCAKvCNZLh5-L98KfjN3lOqVBIynB3LHgwU0R1671mqiw18tlXCryP8kUcA$\">Mevzuat b\u00fcltenimizde<\/a> belirtti\u011fimiz \u00fczere, 2020 y\u0131l\u0131 sonunda halka a\u00e7\u0131k ortakl\u0131klar\u0131n uymalar\u0131 beklenen s\u00fcrd\u00fcr\u00fclebilirlik ilkelerinin yer ald\u0131\u011f\u0131 S\u00fcrd\u00fcr\u00fclebilirlik \u0130lkeleri Uyum \u00c7er\u00e7evesi yay\u0131mlanm\u0131\u015ft\u0131.<\/p>\n<p>SPK, bu sefer, Taslak Rehber ile daha g\u00fc\u00e7l\u00fc bir ad\u0131m at\u0131yor ve ye\u015fil bor\u00e7lanma arac\u0131 ve kira sertifikas\u0131 ihra\u00e7lar\u0131n\u0131 d\u00fczenlerken, ayn\u0131 zamanda \u00fclkemizdeki ihra\u00e7larda da uluslararas\u0131 standartlar\u0131n kullan\u0131m\u0131n\u0131 te\u015fvik etmeyi hedefliyor.<\/p>\n<p>Taslak Rehber\u2019e ili\u015fkin g\u00f6r\u00fc\u015fler, 30 Kas\u0131m 2021 tarihine kadar\u00a0<a href=\"https:\/\/urldefense.com\/v3\/__https:\/esinxchange.com\/collect\/click.aspx?u=MWk5aWk2c0ZqZHozS1pDbG9lVTFTckNVWHVtb0hvMFRjL24zWkxPMXBGSEYvSDNSdUkxN0xqSkV3T3NsaU5lWVl4MVJIeEZSZnJMMU5hT0NncGRnTDNSYjJLdE5nVHk5MjYzOGVHSHRWc0JQSThjQ056RFJjUT09&amp;rh=ff00855f15df70af486509fde44e82f7af69406b__;!!Hj9Y_P0nvg!BP3jjLKKbZuvCAKvCNZLh5-L98KfjN3lOqVBIynB3LHgwU0R1671mqiw18tlXCpDu4FZIQ$\">yesiltahvilrehberi@spk.gov.tr<\/a> adresine e-posta ile veya SPK\u2019ya yaz\u0131l\u0131 olarak iletilebilir.<\/p>\n","protected":false},"excerpt":{"rendered":"<p>Sermaye Piyasas\u0131 Kurulu (&#8220;SPK&#8220;) s\u00fcrd\u00fcr\u00fclebilirli\u011fe katk\u0131 sa\u011flayacak yat\u0131r\u0131mlar\u0131n finansman\u0131 i\u00e7in ihra\u00e7 edilebilecek ye\u015fil bor\u00e7lanma ara\u00e7lar\u0131 ve kira sertifikalar\u0131na ili\u015fkin esaslar\u0131 [&hellip;]<\/p>\n","protected":false},"author":4,"featured_media":0,"comment_status":"closed","ping_status":"closed","sticky":false,"template":"","format":"standard","meta":{"_acf_changed":false,"_stopmodifiedupdate":false,"_modified_date":"","footnotes":""},"categories":[120],"tags":[97],"class_list":["post-20813","post","type-post","status-publish","format-standard","hentry","category-legal-alerts","tag-capital-markets-tr"],"acf":[],"yoast_head":"<!-- This site is optimized with the Yoast SEO plugin v24.0 - https:\/\/yoast.com\/wordpress\/plugins\/seo\/ -->\n<title>SPK Bor\u00e7land\u0131rma Ara\u00e7lar\u0131n\u0131 Ye\u015fillendiriyor!<\/title>\n<meta name=\"description\" content=\"Sermaye Piyasas\u0131 Kurulu (&quot;SPK&quot;) s\u00fcrd\u00fcr\u00fclebilirli\u011fe katk\u0131 sa\u011flayacak yat\u0131r\u0131mlar\u0131n finansman\u0131 i\u00e7in ihra\u00e7 edilebilecek ye\u015fil bor\u00e7lanma ara\u00e7lar\u0131 ve kira\" \/>\n<meta name=\"robots\" content=\"index, follow, max-snippet:-1, max-image-preview:large, max-video-preview:-1\" \/>\n<link rel=\"canonical\" href=\"https:\/\/www.esin.av.tr\/tr\/2021\/11\/09\/spk-borclandirma-araclarini-yesillendiriyor\/\" \/>\n<meta property=\"og:locale\" content=\"tr_TR\" \/>\n<meta property=\"og:type\" content=\"article\" \/>\n<meta property=\"og:title\" content=\"SPK Bor\u00e7land\u0131rma Ara\u00e7lar\u0131n\u0131 Ye\u015fillendiriyor!\" \/>\n<meta property=\"og:description\" content=\"Sermaye Piyasas\u0131 Kurulu (&quot;SPK&quot;) s\u00fcrd\u00fcr\u00fclebilirli\u011fe katk\u0131 sa\u011flayacak yat\u0131r\u0131mlar\u0131n finansman\u0131 i\u00e7in ihra\u00e7 edilebilecek ye\u015fil bor\u00e7lanma ara\u00e7lar\u0131 ve kira\" \/>\n<meta property=\"og:url\" content=\"https:\/\/www.esin.av.tr\/tr\/2021\/11\/09\/spk-borclandirma-araclarini-yesillendiriyor\/\" \/>\n<meta property=\"og:site_name\" content=\"Esin Avukatl\u0131k Ortakl\u0131\u011f\u0131\" \/>\n<meta property=\"article:published_time\" content=\"2021-11-09T13:03:59+00:00\" \/>\n<meta property=\"article:modified_time\" content=\"2022-06-09T13:33:46+00:00\" \/>\n<meta name=\"author\" content=\"R\u0131dvan Konrat\" \/>\n<meta name=\"twitter:card\" content=\"summary_large_image\" \/>\n<meta name=\"twitter:label1\" content=\"Written by\" \/>\n\t<meta name=\"twitter:data1\" content=\"R\u0131dvan Konrat\" \/>\n\t<meta name=\"twitter:label2\" content=\"Est. reading time\" \/>\n\t<meta name=\"twitter:data2\" content=\"5 minutes\" \/>\n<script type=\"application\/ld+json\" class=\"yoast-schema-graph\">{\"@context\":\"https:\/\/schema.org\",\"@graph\":[{\"@type\":\"Article\",\"@id\":\"https:\/\/www.esin.av.tr\/tr\/2021\/11\/09\/spk-borclandirma-araclarini-yesillendiriyor\/#article\",\"isPartOf\":{\"@id\":\"https:\/\/www.esin.av.tr\/tr\/2021\/11\/09\/spk-borclandirma-araclarini-yesillendiriyor\/\"},\"author\":{\"name\":\"R\u0131dvan Konrat\",\"@id\":\"https:\/\/www.esin.av.tr\/tr\/#\/schema\/person\/42c8e616aab56b8622fa365ad63282ae\"},\"headline\":\"SPK Bor\u00e7land\u0131rma Ara\u00e7lar\u0131n\u0131 Ye\u015fillendiriyor!\",\"datePublished\":\"2021-11-09T13:03:59+00:00\",\"dateModified\":\"2022-06-09T13:33:46+00:00\",\"mainEntityOfPage\":{\"@id\":\"https:\/\/www.esin.av.tr\/tr\/2021\/11\/09\/spk-borclandirma-araclarini-yesillendiriyor\/\"},\"wordCount\":1115,\"publisher\":{\"@id\":\"https:\/\/www.esin.av.tr\/tr\/#organization\"},\"keywords\":[\"Sermaye Piyasas\u0131 Hukuku\"],\"articleSection\":[\"Hukuk B\u00fcltenleri\"],\"inLanguage\":\"tr\"},{\"@type\":\"WebPage\",\"@id\":\"https:\/\/www.esin.av.tr\/tr\/2021\/11\/09\/spk-borclandirma-araclarini-yesillendiriyor\/\",\"url\":\"https:\/\/www.esin.av.tr\/tr\/2021\/11\/09\/spk-borclandirma-araclarini-yesillendiriyor\/\",\"name\":\"SPK Bor\u00e7land\u0131rma Ara\u00e7lar\u0131n\u0131 Ye\u015fillendiriyor!\",\"isPartOf\":{\"@id\":\"https:\/\/www.esin.av.tr\/tr\/#website\"},\"datePublished\":\"2021-11-09T13:03:59+00:00\",\"dateModified\":\"2022-06-09T13:33:46+00:00\",\"description\":\"Sermaye Piyasas\u0131 Kurulu (\\\"SPK\\\") s\u00fcrd\u00fcr\u00fclebilirli\u011fe katk\u0131 sa\u011flayacak yat\u0131r\u0131mlar\u0131n finansman\u0131 i\u00e7in ihra\u00e7 edilebilecek ye\u015fil bor\u00e7lanma ara\u00e7lar\u0131 ve kira\",\"breadcrumb\":{\"@id\":\"https:\/\/www.esin.av.tr\/tr\/2021\/11\/09\/spk-borclandirma-araclarini-yesillendiriyor\/#breadcrumb\"},\"inLanguage\":\"tr\",\"potentialAction\":[{\"@type\":\"ReadAction\",\"target\":[\"https:\/\/www.esin.av.tr\/tr\/2021\/11\/09\/spk-borclandirma-araclarini-yesillendiriyor\/\"]}]},{\"@type\":\"BreadcrumbList\",\"@id\":\"https:\/\/www.esin.av.tr\/tr\/2021\/11\/09\/spk-borclandirma-araclarini-yesillendiriyor\/#breadcrumb\",\"itemListElement\":[{\"@type\":\"ListItem\",\"position\":1,\"name\":\"Home\",\"item\":\"https:\/\/www.esin.av.tr\/tr\/\"},{\"@type\":\"ListItem\",\"position\":2,\"name\":\"SPK Bor\u00e7land\u0131rma Ara\u00e7lar\u0131n\u0131 Ye\u015fillendiriyor!\"}]},{\"@type\":\"WebSite\",\"@id\":\"https:\/\/www.esin.av.tr\/tr\/#website\",\"url\":\"https:\/\/www.esin.av.tr\/tr\/\",\"name\":\"Esin Avukatl\u0131k Ortakl\u0131\u011f\u0131\",\"description\":\"\",\"publisher\":{\"@id\":\"https:\/\/www.esin.av.tr\/tr\/#organization\"},\"potentialAction\":[{\"@type\":\"SearchAction\",\"target\":{\"@type\":\"EntryPoint\",\"urlTemplate\":\"https:\/\/www.esin.av.tr\/tr\/?s={search_term_string}\"},\"query-input\":{\"@type\":\"PropertyValueSpecification\",\"valueRequired\":true,\"valueName\":\"search_term_string\"}}],\"inLanguage\":\"tr\"},{\"@type\":\"Organization\",\"@id\":\"https:\/\/www.esin.av.tr\/tr\/#organization\",\"name\":\"Esin Avukatl\u0131k Ortakl\u0131\u011f\u0131\",\"url\":\"https:\/\/www.esin.av.tr\/tr\/\",\"logo\":{\"@type\":\"ImageObject\",\"inLanguage\":\"tr\",\"@id\":\"https:\/\/www.esin.av.tr\/tr\/#\/schema\/logo\/image\/\",\"url\":\"https:\/\/www.esin.av.tr\/wp-content\/uploads\/2021\/09\/esin-2.jpg\",\"contentUrl\":\"https:\/\/www.esin.av.tr\/wp-content\/uploads\/2021\/09\/esin-2.jpg\",\"width\":800,\"height\":460,\"caption\":\"Esin Avukatl\u0131k Ortakl\u0131\u011f\u0131\"},\"image\":{\"@id\":\"https:\/\/www.esin.av.tr\/tr\/#\/schema\/logo\/image\/\"}},{\"@type\":\"Person\",\"@id\":\"https:\/\/www.esin.av.tr\/tr\/#\/schema\/person\/42c8e616aab56b8622fa365ad63282ae\",\"name\":\"R\u0131dvan Konrat\",\"image\":{\"@type\":\"ImageObject\",\"inLanguage\":\"tr\",\"@id\":\"https:\/\/www.esin.av.tr\/tr\/#\/schema\/person\/image\/\",\"url\":\"https:\/\/secure.gravatar.com\/avatar\/b20c6c583be38ed4e76e32f69fccc676?s=96&d=mm&r=g\",\"contentUrl\":\"https:\/\/secure.gravatar.com\/avatar\/b20c6c583be38ed4e76e32f69fccc676?s=96&d=mm&r=g\",\"caption\":\"R\u0131dvan Konrat\"},\"sameAs\":[\"http:\/\/www.esin.av.tr\"],\"url\":\"https:\/\/www.esin.av.tr\/tr\/author\/rkonrat\/\"}]}<\/script>\n<!-- \/ Yoast SEO plugin. -->","yoast_head_json":{"title":"SPK Bor\u00e7land\u0131rma Ara\u00e7lar\u0131n\u0131 Ye\u015fillendiriyor!","description":"Sermaye Piyasas\u0131 Kurulu (\"SPK\") s\u00fcrd\u00fcr\u00fclebilirli\u011fe katk\u0131 sa\u011flayacak yat\u0131r\u0131mlar\u0131n finansman\u0131 i\u00e7in ihra\u00e7 edilebilecek ye\u015fil bor\u00e7lanma ara\u00e7lar\u0131 ve kira","robots":{"index":"index","follow":"follow","max-snippet":"max-snippet:-1","max-image-preview":"max-image-preview:large","max-video-preview":"max-video-preview:-1"},"canonical":"https:\/\/www.esin.av.tr\/tr\/2021\/11\/09\/spk-borclandirma-araclarini-yesillendiriyor\/","og_locale":"tr_TR","og_type":"article","og_title":"SPK Bor\u00e7land\u0131rma Ara\u00e7lar\u0131n\u0131 Ye\u015fillendiriyor!","og_description":"Sermaye Piyasas\u0131 Kurulu (\"SPK\") s\u00fcrd\u00fcr\u00fclebilirli\u011fe katk\u0131 sa\u011flayacak yat\u0131r\u0131mlar\u0131n finansman\u0131 i\u00e7in ihra\u00e7 edilebilecek ye\u015fil bor\u00e7lanma ara\u00e7lar\u0131 ve kira","og_url":"https:\/\/www.esin.av.tr\/tr\/2021\/11\/09\/spk-borclandirma-araclarini-yesillendiriyor\/","og_site_name":"Esin Avukatl\u0131k Ortakl\u0131\u011f\u0131","article_published_time":"2021-11-09T13:03:59+00:00","article_modified_time":"2022-06-09T13:33:46+00:00","author":"R\u0131dvan Konrat","twitter_card":"summary_large_image","twitter_misc":{"Written by":"R\u0131dvan Konrat","Est. reading time":"5 minutes"},"schema":{"@context":"https:\/\/schema.org","@graph":[{"@type":"Article","@id":"https:\/\/www.esin.av.tr\/tr\/2021\/11\/09\/spk-borclandirma-araclarini-yesillendiriyor\/#article","isPartOf":{"@id":"https:\/\/www.esin.av.tr\/tr\/2021\/11\/09\/spk-borclandirma-araclarini-yesillendiriyor\/"},"author":{"name":"R\u0131dvan Konrat","@id":"https:\/\/www.esin.av.tr\/tr\/#\/schema\/person\/42c8e616aab56b8622fa365ad63282ae"},"headline":"SPK Bor\u00e7land\u0131rma Ara\u00e7lar\u0131n\u0131 Ye\u015fillendiriyor!","datePublished":"2021-11-09T13:03:59+00:00","dateModified":"2022-06-09T13:33:46+00:00","mainEntityOfPage":{"@id":"https:\/\/www.esin.av.tr\/tr\/2021\/11\/09\/spk-borclandirma-araclarini-yesillendiriyor\/"},"wordCount":1115,"publisher":{"@id":"https:\/\/www.esin.av.tr\/tr\/#organization"},"keywords":["Sermaye Piyasas\u0131 Hukuku"],"articleSection":["Hukuk B\u00fcltenleri"],"inLanguage":"tr"},{"@type":"WebPage","@id":"https:\/\/www.esin.av.tr\/tr\/2021\/11\/09\/spk-borclandirma-araclarini-yesillendiriyor\/","url":"https:\/\/www.esin.av.tr\/tr\/2021\/11\/09\/spk-borclandirma-araclarini-yesillendiriyor\/","name":"SPK Bor\u00e7land\u0131rma Ara\u00e7lar\u0131n\u0131 Ye\u015fillendiriyor!","isPartOf":{"@id":"https:\/\/www.esin.av.tr\/tr\/#website"},"datePublished":"2021-11-09T13:03:59+00:00","dateModified":"2022-06-09T13:33:46+00:00","description":"Sermaye Piyasas\u0131 Kurulu (\"SPK\") s\u00fcrd\u00fcr\u00fclebilirli\u011fe katk\u0131 sa\u011flayacak yat\u0131r\u0131mlar\u0131n finansman\u0131 i\u00e7in ihra\u00e7 edilebilecek ye\u015fil bor\u00e7lanma ara\u00e7lar\u0131 ve kira","breadcrumb":{"@id":"https:\/\/www.esin.av.tr\/tr\/2021\/11\/09\/spk-borclandirma-araclarini-yesillendiriyor\/#breadcrumb"},"inLanguage":"tr","potentialAction":[{"@type":"ReadAction","target":["https:\/\/www.esin.av.tr\/tr\/2021\/11\/09\/spk-borclandirma-araclarini-yesillendiriyor\/"]}]},{"@type":"BreadcrumbList","@id":"https:\/\/www.esin.av.tr\/tr\/2021\/11\/09\/spk-borclandirma-araclarini-yesillendiriyor\/#breadcrumb","itemListElement":[{"@type":"ListItem","position":1,"name":"Home","item":"https:\/\/www.esin.av.tr\/tr\/"},{"@type":"ListItem","position":2,"name":"SPK Bor\u00e7land\u0131rma Ara\u00e7lar\u0131n\u0131 Ye\u015fillendiriyor!"}]},{"@type":"WebSite","@id":"https:\/\/www.esin.av.tr\/tr\/#website","url":"https:\/\/www.esin.av.tr\/tr\/","name":"Esin Avukatl\u0131k Ortakl\u0131\u011f\u0131","description":"","publisher":{"@id":"https:\/\/www.esin.av.tr\/tr\/#organization"},"potentialAction":[{"@type":"SearchAction","target":{"@type":"EntryPoint","urlTemplate":"https:\/\/www.esin.av.tr\/tr\/?s={search_term_string}"},"query-input":{"@type":"PropertyValueSpecification","valueRequired":true,"valueName":"search_term_string"}}],"inLanguage":"tr"},{"@type":"Organization","@id":"https:\/\/www.esin.av.tr\/tr\/#organization","name":"Esin Avukatl\u0131k Ortakl\u0131\u011f\u0131","url":"https:\/\/www.esin.av.tr\/tr\/","logo":{"@type":"ImageObject","inLanguage":"tr","@id":"https:\/\/www.esin.av.tr\/tr\/#\/schema\/logo\/image\/","url":"https:\/\/www.esin.av.tr\/wp-content\/uploads\/2021\/09\/esin-2.jpg","contentUrl":"https:\/\/www.esin.av.tr\/wp-content\/uploads\/2021\/09\/esin-2.jpg","width":800,"height":460,"caption":"Esin Avukatl\u0131k Ortakl\u0131\u011f\u0131"},"image":{"@id":"https:\/\/www.esin.av.tr\/tr\/#\/schema\/logo\/image\/"}},{"@type":"Person","@id":"https:\/\/www.esin.av.tr\/tr\/#\/schema\/person\/42c8e616aab56b8622fa365ad63282ae","name":"R\u0131dvan Konrat","image":{"@type":"ImageObject","inLanguage":"tr","@id":"https:\/\/www.esin.av.tr\/tr\/#\/schema\/person\/image\/","url":"https:\/\/secure.gravatar.com\/avatar\/b20c6c583be38ed4e76e32f69fccc676?s=96&d=mm&r=g","contentUrl":"https:\/\/secure.gravatar.com\/avatar\/b20c6c583be38ed4e76e32f69fccc676?s=96&d=mm&r=g","caption":"R\u0131dvan Konrat"},"sameAs":["http:\/\/www.esin.av.tr"],"url":"https:\/\/www.esin.av.tr\/tr\/author\/rkonrat\/"}]}},"_links":{"self":[{"href":"https:\/\/www.esin.av.tr\/tr\/wp-json\/wp\/v2\/posts\/20813","targetHints":{"allow":["GET"]}}],"collection":[{"href":"https:\/\/www.esin.av.tr\/tr\/wp-json\/wp\/v2\/posts"}],"about":[{"href":"https:\/\/www.esin.av.tr\/tr\/wp-json\/wp\/v2\/types\/post"}],"author":[{"embeddable":true,"href":"https:\/\/www.esin.av.tr\/tr\/wp-json\/wp\/v2\/users\/4"}],"replies":[{"embeddable":true,"href":"https:\/\/www.esin.av.tr\/tr\/wp-json\/wp\/v2\/comments?post=20813"}],"version-history":[{"count":1,"href":"https:\/\/www.esin.av.tr\/tr\/wp-json\/wp\/v2\/posts\/20813\/revisions"}],"predecessor-version":[{"id":20814,"href":"https:\/\/www.esin.av.tr\/tr\/wp-json\/wp\/v2\/posts\/20813\/revisions\/20814"}],"wp:attachment":[{"href":"https:\/\/www.esin.av.tr\/tr\/wp-json\/wp\/v2\/media?parent=20813"}],"wp:term":[{"taxonomy":"category","embeddable":true,"href":"https:\/\/www.esin.av.tr\/tr\/wp-json\/wp\/v2\/categories?post=20813"},{"taxonomy":"post_tag","embeddable":true,"href":"https:\/\/www.esin.av.tr\/tr\/wp-json\/wp\/v2\/tags?post=20813"}],"curies":[{"name":"wp","href":"https:\/\/api.w.org\/{rel}","templated":true}]}}