{"id":20760,"date":"2021-11-05T16:00:58","date_gmt":"2021-11-05T16:00:58","guid":{"rendered":"https:\/\/www.esin.av.tr\/?p=20760"},"modified":"2022-06-09T13:33:56","modified_gmt":"2022-06-09T13:33:56","slug":"dikey-anlasmalara-iliskin-grup-muafiyeti-pazar-payi-esigi-dusuruldu","status":"publish","type":"post","link":"https:\/\/www.esin.av.tr\/tr\/2021\/11\/05\/dikey-anlasmalara-iliskin-grup-muafiyeti-pazar-payi-esigi-dusuruldu\/","title":{"rendered":"Dikey anla\u015fmalara ili\u015fkin grup muafiyeti pazar pay\u0131 e\u015fi\u011fi d\u00fc\u015f\u00fcr\u00fcld\u00fc"},"content":{"rendered":"<h3><strong>Yeni geli\u015fme<\/strong><\/h3>\n<h2>5 Kas\u0131m 2021 (Cuma) tarihinde Rekabet Kurumu&#8217;nun Dikey Anla\u015fmalara \u0130li\u015fkin Grup Muafiyeti Tebli\u011fi (Tebli\u011f No: 2002\/2)\u2019nde (&#8220;<strong>2002\/2 Say\u0131l\u0131 Tebli\u011f<\/strong>&#8220;) De\u011fi\u015fiklik Yap\u0131lmas\u0131na Dair Tebli\u011f&#8217;i (&#8220;<strong>2021\/4 Say\u0131l\u0131 Tebli\u011f<\/strong>&#8220;) Resmi Gazete&#8217;de yay\u0131mlanarak y\u00fcr\u00fcrl\u00fc\u011fe girmi\u015ftir.<\/h2>\n<p>2021\/4 Say\u0131l\u0131 Tebli\u011f, dikey grup muafiyeti rejimine ili\u015fkin \u00f6nemli bir de\u011fi\u015fiklik getirmektedir. Buna g\u00f6re art\u0131k dikey grup muafiyeti sa\u011flay\u0131c\u0131n\u0131n dikey anla\u015fma konusu mal veya hizmetleri sa\u011flad\u0131\u011f\u0131 ilgili pazardaki pazar pay\u0131n\u0131n %30\u2019u a\u015fmamas\u0131 durumunda uygulanacakt\u0131r. B\u00f6ylelikle \u00f6nceki %40 pazar pay\u0131 e\u015fi\u011fi terk edilmi\u015ftir. Tek al\u0131c\u0131ya sa\u011flama y\u00fck\u00fcml\u00fcl\u00fc\u011f\u00fc i\u00e7eren dikey anla\u015fmalar bak\u0131m\u0131ndan ise muafiyet, al\u0131c\u0131n\u0131n dikey anla\u015fma konusu mallar\u0131 ve hizmetleri ald\u0131\u011f\u0131 ilgili pazardaki pay\u0131n\u0131n %30\u2019u a\u015fmamas\u0131 ko\u015fuluyla uygulanacakt\u0131r.<\/p>\n<p>Bu de\u011fi\u015fiklik ile birlikte, ilgili pazarlardaki pazar pay\u0131 %30 ila %40 aras\u0131nda olan te\u015febb\u00fcslerin, 2002\/2 Say\u0131l\u0131 Tebli\u011f&#8217;in tan\u0131d\u0131\u011f\u0131 muafiyetten yararlanmas\u0131 m\u00fcmk\u00fcn olmayacakt\u0131r. Bu sebeple Rekabet Kurumu (&#8220;<strong>Kurum<\/strong>&#8220;) s\u00f6z konusu te\u015febb\u00fcsler bak\u0131m\u0131ndan alt\u0131 ayl\u0131k bir <strong>ge\u00e7i\u015f d\u00f6nemi <\/strong>\u00f6ng\u00f6rm\u00fc\u015ft\u00fcr. 2002\/2 Say\u0131l\u0131 Tebli\u011f&#8217;in (yeni) 3. ge\u00e7ici maddesi uyar\u0131nca te\u015febb\u00fcslerin (bu de\u011fi\u015fiklik nedeniyle) grup muafiyeti kapsam\u0131 d\u0131\u015f\u0131nda kalan dikey anla\u015fmalar\u0131n\u0131n 4054 say\u0131l\u0131 Rekabetin Korunmas\u0131 Hakk\u0131nda Kanun&#8217;un (&#8220;<strong>4054 Say\u0131l\u0131 Kanun<\/strong>&#8220;) 5. maddesinde d\u00fczenlenen \u015fartlara (bireysel muafiyet \u015fartlar\u0131na) uygunlu\u011funu sa\u011flamak i\u00e7in alt\u0131 aylar\u0131 olacakt\u0131r. Te\u015febb\u00fcslerin bu zaman zarf\u0131nda anla\u015fmalar\u0131n\u0131 tadil etmesi durumunda 4054 Say\u0131l\u0131 Kanun&#8217;un rekabet kar\u015f\u0131t\u0131 d\u00fczenlemeleri yasaklayan 4. maddesi bu anla\u015fmalara uygulanmayacakt\u0131r.<\/p>\n<h3><strong>Bu geli\u015fme ne anlama geliyor? <\/strong><\/h3>\n<p>2021\/4 Say\u0131l\u0131 Tebli\u011f ile dikey grup muafiyetinin kapsam\u0131 daralt\u0131lm\u0131\u015ft\u0131r. Bilindi\u011fi \u00fczere dikey grup muafiyet rejimi, belirli dikey anla\u015fmalar\u0131 4054 Say\u0131l\u0131 Kanun&#8217;un 4. maddesinin uygulanmas\u0131ndan, <strong>(i) <\/strong>ilgili anla\u015fman\u0131n 2002\/2 Say\u0131l\u0131 Tebli\u011f&#8217;de tadat edilen anla\u015fmalar\u0131 grup muafiyeti kapsam\u0131 d\u0131\u015f\u0131na \u00e7\u0131karan s\u0131n\u0131rlamalar\u0131 i\u00e7ermemesi ve <strong>(ii) <\/strong>sa\u011flay\u0131c\u0131 \/ al\u0131c\u0131n\u0131n pazar pay\u0131n\u0131n ilgili e\u015fi\u011fin alt\u0131nda kalmas\u0131 \u015fart\u0131yla, muaf tutulmaktad\u0131r. Grup muafiyetinden faydalanmak i\u00e7in sa\u011flanmas\u0131 gerekli olan \u00f6n \u015fartlardan ikincisine dair olan bu yeni d\u00fczenleme neticesinde daha az dikey anla\u015fma, muafiyet kapsam\u0131nda kalacakt\u0131r.<\/p>\n<p>Ayr\u0131ca pazar pay\u0131 e\u015fi\u011findeki bu tadil ile Avrupa Birli\u011fi&#8217;ndeki dikey grup muafiyeti rejimi ile olan benzerlik de artm\u0131\u015ft\u0131r (bkz. Avrupa Komisyonu&#8217;nun 330\/2010 say\u0131l\u0131 t\u00fcz\u00fc\u011f\u00fc).<\/p>\n<p>Son olarak ilgili pazardaki pazar pay\u0131 %30&#8217;un \u00fczerinde olan te\u015febb\u00fcslerin dikey anla\u015fmalar\u0131nda yer alan s\u0131n\u0131rlamalar bundan b\u00f6yle bireysel muafiyet incelemesine tabi tutulacakt\u0131r. Bireysel muafiyet incelemesi kapsam\u0131nda ise anla\u015fman\u0131n do\u011furdu\u011fu etkinlik kazan\u0131mlar\u0131 ile anla\u015fman\u0131n s\u0131n\u0131rlay\u0131c\u0131 etkileri mukayese edilmektedir. Te\u015febb\u00fcsler ya bu incelemeyi bizzat yapacak ya da Rekabet Kurulu&#8217;na (&#8220;<strong>Kurul<\/strong>&#8220;) bir bireysel muafiyet ba\u015fvurusunda bulunacakt\u0131r. Bu itibarla 2021\/4 Say\u0131l\u0131 Tebli\u011f&#8217;in bireysel muafiyet ba\u015fvurular\u0131n\u0131n say\u0131s\u0131n\u0131 art\u0131rmas\u0131 beklenebilecektir. Ayr\u0131ca bu d\u00fczenleme Kurul&#8217;a daha geni\u015f bir hareket sahas\u0131 da sa\u011flayabilecektir. Zira Kurul (grup muafiyeti kadar statik bir do\u011faya sahip olmayan) bireysel muafiyete dair pek soruyu yan\u0131tlarken takdir yetkisini kullan\u0131yor olacakt\u0131r.<\/p>\n<h3><strong>Sonu\u00e7<\/strong><\/h3>\n<p>Kurum, dikey grup muafiyeti i\u00e7in \u00f6ng\u00f6r\u00fclen pazar pay\u0131 e\u015fi\u011fini d\u00fc\u015f\u00fcrm\u00fc\u015ft\u00fcr. Bundan b\u00f6yle bir dikey anla\u015fma, sa\u011flay\u0131c\u0131n\u0131n dikey anla\u015fma konusu mal veya hizmetleri sa\u011flad\u0131\u011f\u0131 ilgili pazardaki pazar pay\u0131n\u0131n %30\u2019u a\u015fmamas\u0131 kayd\u0131yla g\u00fcvenli limandan yararlanacakt\u0131r. Bu g\u00fcvenli limandan mahrum kalan te\u015febb\u00fcslerin anla\u015fmalar\u0131n\u0131 (bireysel muafiyet \u015fartlar\u0131n\u0131 sa\u011flayacak \u015fekilde) tadil etmesi i\u00e7in ise alt\u0131 aylar\u0131 olacakt\u0131r. Kurum&#8217;un yeni d\u00fczenlemesi grup muafiyetinin kapsam\u0131n\u0131 daraltmakta ve b\u00f6ylelikle bireysel muafiyet rejiminin uygulama alan\u0131n\u0131 ve dolay\u0131s\u0131yla Kurul&#8217;un dikey anla\u015fmalar\u0131 incelerken sahip olaca\u011f\u0131 hareket alan\u0131n\u0131 geni\u015fletmektedir.<\/p>\n","protected":false},"excerpt":{"rendered":"<p>Yeni geli\u015fme 5 Kas\u0131m 2021 (Cuma) tarihinde Rekabet Kurumu&#8217;nun Dikey Anla\u015fmalara \u0130li\u015fkin Grup Muafiyeti Tebli\u011fi (Tebli\u011f No: 2002\/2)\u2019nde (&#8220;2002\/2 Say\u0131l\u0131 [&hellip;]<\/p>\n","protected":false},"author":4,"featured_media":0,"comment_status":"closed","ping_status":"closed","sticky":false,"template":"","format":"standard","meta":{"_acf_changed":false,"_stopmodifiedupdate":false,"_modified_date":"","footnotes":""},"categories":[120],"tags":[108],"class_list":["post-20760","post","type-post","status-publish","format-standard","hentry","category-legal-alerts","tag-competition-tr"],"acf":[],"yoast_head":"<!-- This site is optimized with the Yoast SEO plugin v24.0 - https:\/\/yoast.com\/wordpress\/plugins\/seo\/ -->\n<title>Dikey anla\u015fmalara ili\u015fkin grup muafiyeti pazar pay\u0131 e\u015fi\u011fi d\u00fc\u015f\u00fcr\u00fcld\u00fc<\/title>\n<meta name=\"description\" content=\"Yeni geli\u015fme 5 Kas\u0131m 2021 (Cuma) tarihinde Rekabet Kurumu&#039;nun Dikey Anla\u015fmalara \u0130li\u015fkin Grup Muafiyeti Tebli\u011fi (Tebli\u011f No: 2002\/2)\u2019nde (&quot;2002\/2 Say\u0131l\u0131\" \/>\n<meta name=\"robots\" content=\"index, follow, max-snippet:-1, max-image-preview:large, max-video-preview:-1\" \/>\n<link rel=\"canonical\" href=\"https:\/\/www.esin.av.tr\/tr\/2021\/11\/05\/dikey-anlasmalara-iliskin-grup-muafiyeti-pazar-payi-esigi-dusuruldu\/\" \/>\n<meta property=\"og:locale\" content=\"tr_TR\" \/>\n<meta property=\"og:type\" content=\"article\" \/>\n<meta property=\"og:title\" content=\"Dikey anla\u015fmalara ili\u015fkin grup muafiyeti pazar pay\u0131 e\u015fi\u011fi d\u00fc\u015f\u00fcr\u00fcld\u00fc\" \/>\n<meta property=\"og:description\" content=\"Yeni geli\u015fme 5 Kas\u0131m 2021 (Cuma) tarihinde Rekabet Kurumu&#039;nun Dikey Anla\u015fmalara \u0130li\u015fkin Grup Muafiyeti Tebli\u011fi (Tebli\u011f No: 2002\/2)\u2019nde (&quot;2002\/2 Say\u0131l\u0131\" \/>\n<meta property=\"og:url\" content=\"https:\/\/www.esin.av.tr\/tr\/2021\/11\/05\/dikey-anlasmalara-iliskin-grup-muafiyeti-pazar-payi-esigi-dusuruldu\/\" \/>\n<meta property=\"og:site_name\" content=\"Esin Avukatl\u0131k Ortakl\u0131\u011f\u0131\" \/>\n<meta property=\"article:published_time\" content=\"2021-11-05T16:00:58+00:00\" \/>\n<meta property=\"article:modified_time\" content=\"2022-06-09T13:33:56+00:00\" \/>\n<meta name=\"author\" content=\"R\u0131dvan Konrat\" \/>\n<meta name=\"twitter:card\" content=\"summary_large_image\" \/>\n<meta name=\"twitter:label1\" content=\"Written by\" \/>\n\t<meta name=\"twitter:data1\" content=\"R\u0131dvan Konrat\" \/>\n\t<meta name=\"twitter:label2\" content=\"Est. reading time\" \/>\n\t<meta name=\"twitter:data2\" content=\"3 minutes\" \/>\n<script type=\"application\/ld+json\" class=\"yoast-schema-graph\">{\"@context\":\"https:\/\/schema.org\",\"@graph\":[{\"@type\":\"Article\",\"@id\":\"https:\/\/www.esin.av.tr\/tr\/2021\/11\/05\/dikey-anlasmalara-iliskin-grup-muafiyeti-pazar-payi-esigi-dusuruldu\/#article\",\"isPartOf\":{\"@id\":\"https:\/\/www.esin.av.tr\/tr\/2021\/11\/05\/dikey-anlasmalara-iliskin-grup-muafiyeti-pazar-payi-esigi-dusuruldu\/\"},\"author\":{\"name\":\"R\u0131dvan Konrat\",\"@id\":\"https:\/\/www.esin.av.tr\/tr\/#\/schema\/person\/42c8e616aab56b8622fa365ad63282ae\"},\"headline\":\"Dikey anla\u015fmalara ili\u015fkin grup muafiyeti pazar pay\u0131 e\u015fi\u011fi d\u00fc\u015f\u00fcr\u00fcld\u00fc\",\"datePublished\":\"2021-11-05T16:00:58+00:00\",\"dateModified\":\"2022-06-09T13:33:56+00:00\",\"mainEntityOfPage\":{\"@id\":\"https:\/\/www.esin.av.tr\/tr\/2021\/11\/05\/dikey-anlasmalara-iliskin-grup-muafiyeti-pazar-payi-esigi-dusuruldu\/\"},\"wordCount\":711,\"publisher\":{\"@id\":\"https:\/\/www.esin.av.tr\/tr\/#organization\"},\"keywords\":[\"Rekabet Hukuku\"],\"articleSection\":[\"Hukuk B\u00fcltenleri\"],\"inLanguage\":\"tr\"},{\"@type\":\"WebPage\",\"@id\":\"https:\/\/www.esin.av.tr\/tr\/2021\/11\/05\/dikey-anlasmalara-iliskin-grup-muafiyeti-pazar-payi-esigi-dusuruldu\/\",\"url\":\"https:\/\/www.esin.av.tr\/tr\/2021\/11\/05\/dikey-anlasmalara-iliskin-grup-muafiyeti-pazar-payi-esigi-dusuruldu\/\",\"name\":\"Dikey anla\u015fmalara ili\u015fkin grup muafiyeti pazar pay\u0131 e\u015fi\u011fi d\u00fc\u015f\u00fcr\u00fcld\u00fc\",\"isPartOf\":{\"@id\":\"https:\/\/www.esin.av.tr\/tr\/#website\"},\"datePublished\":\"2021-11-05T16:00:58+00:00\",\"dateModified\":\"2022-06-09T13:33:56+00:00\",\"description\":\"Yeni geli\u015fme 5 Kas\u0131m 2021 (Cuma) tarihinde Rekabet Kurumu'nun Dikey Anla\u015fmalara \u0130li\u015fkin Grup Muafiyeti Tebli\u011fi (Tebli\u011f No: 2002\/2)\u2019nde (\\\"2002\/2 Say\u0131l\u0131\",\"breadcrumb\":{\"@id\":\"https:\/\/www.esin.av.tr\/tr\/2021\/11\/05\/dikey-anlasmalara-iliskin-grup-muafiyeti-pazar-payi-esigi-dusuruldu\/#breadcrumb\"},\"inLanguage\":\"tr\",\"potentialAction\":[{\"@type\":\"ReadAction\",\"target\":[\"https:\/\/www.esin.av.tr\/tr\/2021\/11\/05\/dikey-anlasmalara-iliskin-grup-muafiyeti-pazar-payi-esigi-dusuruldu\/\"]}]},{\"@type\":\"BreadcrumbList\",\"@id\":\"https:\/\/www.esin.av.tr\/tr\/2021\/11\/05\/dikey-anlasmalara-iliskin-grup-muafiyeti-pazar-payi-esigi-dusuruldu\/#breadcrumb\",\"itemListElement\":[{\"@type\":\"ListItem\",\"position\":1,\"name\":\"Home\",\"item\":\"https:\/\/www.esin.av.tr\/tr\/\"},{\"@type\":\"ListItem\",\"position\":2,\"name\":\"Dikey anla\u015fmalara ili\u015fkin grup muafiyeti pazar pay\u0131 e\u015fi\u011fi d\u00fc\u015f\u00fcr\u00fcld\u00fc\"}]},{\"@type\":\"WebSite\",\"@id\":\"https:\/\/www.esin.av.tr\/tr\/#website\",\"url\":\"https:\/\/www.esin.av.tr\/tr\/\",\"name\":\"Esin Avukatl\u0131k Ortakl\u0131\u011f\u0131\",\"description\":\"\",\"publisher\":{\"@id\":\"https:\/\/www.esin.av.tr\/tr\/#organization\"},\"potentialAction\":[{\"@type\":\"SearchAction\",\"target\":{\"@type\":\"EntryPoint\",\"urlTemplate\":\"https:\/\/www.esin.av.tr\/tr\/?s={search_term_string}\"},\"query-input\":{\"@type\":\"PropertyValueSpecification\",\"valueRequired\":true,\"valueName\":\"search_term_string\"}}],\"inLanguage\":\"tr\"},{\"@type\":\"Organization\",\"@id\":\"https:\/\/www.esin.av.tr\/tr\/#organization\",\"name\":\"Esin Avukatl\u0131k Ortakl\u0131\u011f\u0131\",\"url\":\"https:\/\/www.esin.av.tr\/tr\/\",\"logo\":{\"@type\":\"ImageObject\",\"inLanguage\":\"tr\",\"@id\":\"https:\/\/www.esin.av.tr\/tr\/#\/schema\/logo\/image\/\",\"url\":\"https:\/\/www.esin.av.tr\/wp-content\/uploads\/2021\/09\/esin-2.jpg\",\"contentUrl\":\"https:\/\/www.esin.av.tr\/wp-content\/uploads\/2021\/09\/esin-2.jpg\",\"width\":800,\"height\":460,\"caption\":\"Esin Avukatl\u0131k Ortakl\u0131\u011f\u0131\"},\"image\":{\"@id\":\"https:\/\/www.esin.av.tr\/tr\/#\/schema\/logo\/image\/\"}},{\"@type\":\"Person\",\"@id\":\"https:\/\/www.esin.av.tr\/tr\/#\/schema\/person\/42c8e616aab56b8622fa365ad63282ae\",\"name\":\"R\u0131dvan Konrat\",\"image\":{\"@type\":\"ImageObject\",\"inLanguage\":\"tr\",\"@id\":\"https:\/\/www.esin.av.tr\/tr\/#\/schema\/person\/image\/\",\"url\":\"https:\/\/secure.gravatar.com\/avatar\/b20c6c583be38ed4e76e32f69fccc676?s=96&d=mm&r=g\",\"contentUrl\":\"https:\/\/secure.gravatar.com\/avatar\/b20c6c583be38ed4e76e32f69fccc676?s=96&d=mm&r=g\",\"caption\":\"R\u0131dvan Konrat\"},\"sameAs\":[\"http:\/\/www.esin.av.tr\"],\"url\":\"https:\/\/www.esin.av.tr\/tr\/author\/rkonrat\/\"}]}<\/script>\n<!-- \/ Yoast SEO plugin. -->","yoast_head_json":{"title":"Dikey anla\u015fmalara ili\u015fkin grup muafiyeti pazar pay\u0131 e\u015fi\u011fi d\u00fc\u015f\u00fcr\u00fcld\u00fc","description":"Yeni geli\u015fme 5 Kas\u0131m 2021 (Cuma) tarihinde Rekabet Kurumu'nun Dikey Anla\u015fmalara \u0130li\u015fkin Grup Muafiyeti Tebli\u011fi (Tebli\u011f No: 2002\/2)\u2019nde (\"2002\/2 Say\u0131l\u0131","robots":{"index":"index","follow":"follow","max-snippet":"max-snippet:-1","max-image-preview":"max-image-preview:large","max-video-preview":"max-video-preview:-1"},"canonical":"https:\/\/www.esin.av.tr\/tr\/2021\/11\/05\/dikey-anlasmalara-iliskin-grup-muafiyeti-pazar-payi-esigi-dusuruldu\/","og_locale":"tr_TR","og_type":"article","og_title":"Dikey anla\u015fmalara ili\u015fkin grup muafiyeti pazar pay\u0131 e\u015fi\u011fi d\u00fc\u015f\u00fcr\u00fcld\u00fc","og_description":"Yeni geli\u015fme 5 Kas\u0131m 2021 (Cuma) tarihinde Rekabet Kurumu'nun Dikey Anla\u015fmalara \u0130li\u015fkin Grup Muafiyeti Tebli\u011fi (Tebli\u011f No: 2002\/2)\u2019nde (\"2002\/2 Say\u0131l\u0131","og_url":"https:\/\/www.esin.av.tr\/tr\/2021\/11\/05\/dikey-anlasmalara-iliskin-grup-muafiyeti-pazar-payi-esigi-dusuruldu\/","og_site_name":"Esin Avukatl\u0131k Ortakl\u0131\u011f\u0131","article_published_time":"2021-11-05T16:00:58+00:00","article_modified_time":"2022-06-09T13:33:56+00:00","author":"R\u0131dvan Konrat","twitter_card":"summary_large_image","twitter_misc":{"Written by":"R\u0131dvan Konrat","Est. reading time":"3 minutes"},"schema":{"@context":"https:\/\/schema.org","@graph":[{"@type":"Article","@id":"https:\/\/www.esin.av.tr\/tr\/2021\/11\/05\/dikey-anlasmalara-iliskin-grup-muafiyeti-pazar-payi-esigi-dusuruldu\/#article","isPartOf":{"@id":"https:\/\/www.esin.av.tr\/tr\/2021\/11\/05\/dikey-anlasmalara-iliskin-grup-muafiyeti-pazar-payi-esigi-dusuruldu\/"},"author":{"name":"R\u0131dvan Konrat","@id":"https:\/\/www.esin.av.tr\/tr\/#\/schema\/person\/42c8e616aab56b8622fa365ad63282ae"},"headline":"Dikey anla\u015fmalara ili\u015fkin grup muafiyeti pazar pay\u0131 e\u015fi\u011fi d\u00fc\u015f\u00fcr\u00fcld\u00fc","datePublished":"2021-11-05T16:00:58+00:00","dateModified":"2022-06-09T13:33:56+00:00","mainEntityOfPage":{"@id":"https:\/\/www.esin.av.tr\/tr\/2021\/11\/05\/dikey-anlasmalara-iliskin-grup-muafiyeti-pazar-payi-esigi-dusuruldu\/"},"wordCount":711,"publisher":{"@id":"https:\/\/www.esin.av.tr\/tr\/#organization"},"keywords":["Rekabet Hukuku"],"articleSection":["Hukuk B\u00fcltenleri"],"inLanguage":"tr"},{"@type":"WebPage","@id":"https:\/\/www.esin.av.tr\/tr\/2021\/11\/05\/dikey-anlasmalara-iliskin-grup-muafiyeti-pazar-payi-esigi-dusuruldu\/","url":"https:\/\/www.esin.av.tr\/tr\/2021\/11\/05\/dikey-anlasmalara-iliskin-grup-muafiyeti-pazar-payi-esigi-dusuruldu\/","name":"Dikey anla\u015fmalara ili\u015fkin grup muafiyeti pazar pay\u0131 e\u015fi\u011fi d\u00fc\u015f\u00fcr\u00fcld\u00fc","isPartOf":{"@id":"https:\/\/www.esin.av.tr\/tr\/#website"},"datePublished":"2021-11-05T16:00:58+00:00","dateModified":"2022-06-09T13:33:56+00:00","description":"Yeni geli\u015fme 5 Kas\u0131m 2021 (Cuma) tarihinde Rekabet Kurumu'nun Dikey Anla\u015fmalara \u0130li\u015fkin Grup Muafiyeti Tebli\u011fi (Tebli\u011f No: 2002\/2)\u2019nde (\"2002\/2 Say\u0131l\u0131","breadcrumb":{"@id":"https:\/\/www.esin.av.tr\/tr\/2021\/11\/05\/dikey-anlasmalara-iliskin-grup-muafiyeti-pazar-payi-esigi-dusuruldu\/#breadcrumb"},"inLanguage":"tr","potentialAction":[{"@type":"ReadAction","target":["https:\/\/www.esin.av.tr\/tr\/2021\/11\/05\/dikey-anlasmalara-iliskin-grup-muafiyeti-pazar-payi-esigi-dusuruldu\/"]}]},{"@type":"BreadcrumbList","@id":"https:\/\/www.esin.av.tr\/tr\/2021\/11\/05\/dikey-anlasmalara-iliskin-grup-muafiyeti-pazar-payi-esigi-dusuruldu\/#breadcrumb","itemListElement":[{"@type":"ListItem","position":1,"name":"Home","item":"https:\/\/www.esin.av.tr\/tr\/"},{"@type":"ListItem","position":2,"name":"Dikey anla\u015fmalara ili\u015fkin grup muafiyeti pazar pay\u0131 e\u015fi\u011fi d\u00fc\u015f\u00fcr\u00fcld\u00fc"}]},{"@type":"WebSite","@id":"https:\/\/www.esin.av.tr\/tr\/#website","url":"https:\/\/www.esin.av.tr\/tr\/","name":"Esin Avukatl\u0131k Ortakl\u0131\u011f\u0131","description":"","publisher":{"@id":"https:\/\/www.esin.av.tr\/tr\/#organization"},"potentialAction":[{"@type":"SearchAction","target":{"@type":"EntryPoint","urlTemplate":"https:\/\/www.esin.av.tr\/tr\/?s={search_term_string}"},"query-input":{"@type":"PropertyValueSpecification","valueRequired":true,"valueName":"search_term_string"}}],"inLanguage":"tr"},{"@type":"Organization","@id":"https:\/\/www.esin.av.tr\/tr\/#organization","name":"Esin Avukatl\u0131k Ortakl\u0131\u011f\u0131","url":"https:\/\/www.esin.av.tr\/tr\/","logo":{"@type":"ImageObject","inLanguage":"tr","@id":"https:\/\/www.esin.av.tr\/tr\/#\/schema\/logo\/image\/","url":"https:\/\/www.esin.av.tr\/wp-content\/uploads\/2021\/09\/esin-2.jpg","contentUrl":"https:\/\/www.esin.av.tr\/wp-content\/uploads\/2021\/09\/esin-2.jpg","width":800,"height":460,"caption":"Esin Avukatl\u0131k Ortakl\u0131\u011f\u0131"},"image":{"@id":"https:\/\/www.esin.av.tr\/tr\/#\/schema\/logo\/image\/"}},{"@type":"Person","@id":"https:\/\/www.esin.av.tr\/tr\/#\/schema\/person\/42c8e616aab56b8622fa365ad63282ae","name":"R\u0131dvan Konrat","image":{"@type":"ImageObject","inLanguage":"tr","@id":"https:\/\/www.esin.av.tr\/tr\/#\/schema\/person\/image\/","url":"https:\/\/secure.gravatar.com\/avatar\/b20c6c583be38ed4e76e32f69fccc676?s=96&d=mm&r=g","contentUrl":"https:\/\/secure.gravatar.com\/avatar\/b20c6c583be38ed4e76e32f69fccc676?s=96&d=mm&r=g","caption":"R\u0131dvan Konrat"},"sameAs":["http:\/\/www.esin.av.tr"],"url":"https:\/\/www.esin.av.tr\/tr\/author\/rkonrat\/"}]}},"_links":{"self":[{"href":"https:\/\/www.esin.av.tr\/tr\/wp-json\/wp\/v2\/posts\/20760","targetHints":{"allow":["GET"]}}],"collection":[{"href":"https:\/\/www.esin.av.tr\/tr\/wp-json\/wp\/v2\/posts"}],"about":[{"href":"https:\/\/www.esin.av.tr\/tr\/wp-json\/wp\/v2\/types\/post"}],"author":[{"embeddable":true,"href":"https:\/\/www.esin.av.tr\/tr\/wp-json\/wp\/v2\/users\/4"}],"replies":[{"embeddable":true,"href":"https:\/\/www.esin.av.tr\/tr\/wp-json\/wp\/v2\/comments?post=20760"}],"version-history":[{"count":3,"href":"https:\/\/www.esin.av.tr\/tr\/wp-json\/wp\/v2\/posts\/20760\/revisions"}],"predecessor-version":[{"id":20770,"href":"https:\/\/www.esin.av.tr\/tr\/wp-json\/wp\/v2\/posts\/20760\/revisions\/20770"}],"wp:attachment":[{"href":"https:\/\/www.esin.av.tr\/tr\/wp-json\/wp\/v2\/media?parent=20760"}],"wp:term":[{"taxonomy":"category","embeddable":true,"href":"https:\/\/www.esin.av.tr\/tr\/wp-json\/wp\/v2\/categories?post=20760"},{"taxonomy":"post_tag","embeddable":true,"href":"https:\/\/www.esin.av.tr\/tr\/wp-json\/wp\/v2\/tags?post=20760"}],"curies":[{"name":"wp","href":"https:\/\/api.w.org\/{rel}","templated":true}]}}