{"id":20595,"date":"2021-10-20T08:37:53","date_gmt":"2021-10-20T08:37:53","guid":{"rendered":"https:\/\/www.esin.av.tr\/?p=20595"},"modified":"2022-06-09T13:27:18","modified_gmt":"2022-06-09T13:27:18","slug":"npl-piyasasinda-devrim-donuk-alacaklar-menkul-kiymetlestirilebilecek","status":"publish","type":"post","link":"https:\/\/www.esin.av.tr\/tr\/2021\/10\/20\/npl-piyasasinda-devrim-donuk-alacaklar-menkul-kiymetlestirilebilecek\/","title":{"rendered":"NPL Piyasas\u0131nda Devrim: Donuk alacaklar menkul k\u0131ymetle\u015ftirilebilecek"},"content":{"rendered":"<h3><strong>Yeni Geli\u015fme<\/strong><\/h3>\n<h2>Donuk alacaklar\u0131n menkul k\u0131ymetle\u015ftirmesinin hukuken m\u00fcmk\u00fcn olmamas\u0131n\u0131, Aral\u0131k 2019&#8217;da yay\u0131mlad\u0131\u011f\u0131m\u0131z &#8220;<a href=\"https:\/\/urldefense.com\/v3\/__https:\/esinxchange.com\/collect\/click.aspx?u=S0tyV0pYQ0wwREZpOHVNZW44dTh6YlNpQ3VVTlB6aXhLVy9hVlBNZ2cyVENqQTZlcmhndkJxUWFyMXFHSUI3bzhudmhBWG5QV2o3VTFnTmFBNnVBSGNoakZhV3F2WEtDcHVFRTdwczVDRXlHZVlsYzNGOE9qaU93WmhLVk9aOG1iRXdBMzd4NXUreHJVd01LY3NhYXpBPT0=&amp;rh=ff0083d20fd3941f10e0ee699347b1858660e758__;!!Hj9Y_P0nvg!Ack-zdwaZb7AI3bEwugcuVUvcjc_IlURSsF6RdW55FHDt6zqjiKyFiLoHRx6_H3Z16cD8A$\">Taking Turkish Financial Restructuring and NPL Market Ahead<\/a>&#8221; \u00e7al\u0131\u015fmam\u0131zda ele alm\u0131\u015ft\u0131k.<\/h2>\n<p>Varl\u0131\u011fa veya \u0130pote\u011fe Dayal\u0131 Menkul K\u0131ymetler Tebli\u011fi (III-58.1)&#8217;nde (&#8220;<strong>Tebli\u011f<\/strong>&#8220;) De\u011fi\u015fiklik Yap\u0131lmas\u0131na Dair Tebli\u011f (III-58.1.c) (&#8220;<strong>De\u011fi\u015fiklik&#8221;)<\/strong> 16 Ekim 2021 tarihli ve 31630 say\u0131l\u0131 Resmi Gazete&#8217;de yay\u0131mlanarak y\u00fcr\u00fcrl\u00fc\u011fe girdi.<\/p>\n<p>De\u011fi\u015fiklik ile Sermaye Piyasas\u0131 Kurulu (&#8220;<strong>SPK<\/strong>&#8220;) varl\u0131k y\u00f6netim \u015firketlerinin (&#8220;<strong>VY\u015e<\/strong>&#8220;) kurucusu oldu\u011fu fonlar\u0131n varl\u0131\u011fa dayal\u0131 menkul k\u0131ymet (&#8220;<strong>VDMK<\/strong>&#8220;) ihrac\u0131n\u0131 m\u00fcmk\u00fcn k\u0131larak, donuk alacaklar\u0131n menkul k\u0131ymetle\u015ftirilmesinin \u00f6n\u00fcn\u00fc a\u00e7t\u0131.<\/p>\n<h3><strong>De\u011fi\u015fiklik Ne Anlama Geliyor?<\/strong><\/h3>\n<p>De\u011fi\u015fiklik ile birlikte varl\u0131k y\u00f6netim \u015firketleri kurucu tan\u0131m\u0131na dahil edildi ve VY\u015e&#8217;lere VDMK ihrac\u0131 yapmak \u00fczere fon kurabilme yolu a\u00e7\u0131ld\u0131. VY\u015e&#8217;ler taraf\u0131ndan kurulan fonlar, yaln\u0131zca kurucular\u0131n\u0131n aktiflerindeki varl\u0131klar\u0131 (donuk alacaklar\u0131) devralmak suretiyle VDMK ihra\u00e7 edebilecekler.<\/p>\n<h3><strong>VY\u015e&#8217;lerin Fon Portf\u00f6y\u00fc<\/strong><\/h3>\n<p>VY\u015e&#8217;ler bankalardan devrald\u0131klar\u0131 kredilerden kaynakl\u0131 alacaklar\u0131, izahname veya ihra\u00e7 belgesinde belirtmek \u015fart\u0131 ile varl\u0131k finansman fonu (&#8220;<strong>VFF<\/strong>&#8220;) portf\u00f6y\u00fcne d\u00e2hil edebilecek. Fon portf\u00f6y\u00fc, devral\u0131nan alacak portf\u00f6ylerini bir b\u00fct\u00fcn olarak ve ger\u00e7e\u011fe uygun de\u011feri \u00fczerinden VFF&#8217;ye devretmek yoluyla olu\u015fturulacak.<\/p>\n<p>VY\u015e&#8217;ler devrald\u0131klar\u0131 kredi alacaklar\u0131n\u0131, alaca\u011fa hali haz\u0131rda ba\u011fl\u0131 olan ve alaca\u011f\u0131n tahsili i\u00e7in sonradan edinilen her t\u00fcrl\u00fc varl\u0131k ve haklar ile birlikte fona devretmekle y\u00fck\u00fcml\u00fc olacak.<\/p>\n<h3><strong>Yurt D\u0131\u015f\u0131nda Sat\u0131\u015f<\/strong><\/h3>\n<p>Varl\u0131klar\u0131n\u0131 fon portf\u00f6y\u00fcne devreden kaynak kurulu\u015fun VY\u015e oldu\u011fu VDMK&#8217;lar yaln\u0131zca yurt d\u0131\u015f\u0131nda sat\u0131labilecek.<\/p>\n<p>Yurt d\u0131\u015f\u0131nda ger\u00e7ekle\u015fecek VDMK ihra\u00e7lar\u0131nda Tebli\u011f&#8217;de yer alan h\u00fck\u00fcmlerden farkl\u0131 esaslar ihra\u00e7\u00e7\u0131n\u0131n talebi ve SPK&#8217;n\u0131n uygun g\u00f6rmesi halinde uygulanabilecek.<\/p>\n<h3><strong>Sonu\u00e7<\/strong><\/h3>\n<p>De\u011fi\u015fiklik \u00f6ncesinde tahsili gecikmi\u015f kredi alacaklar\u0131n\u0131n (<em>NPLs<\/em>, <em>non-performing loans)<\/em> menkul k\u0131ymetle\u015ftirilmesi hukuken m\u00fcmk\u00fcn de\u011fildi. De\u011fi\u015fiklikle, VY\u015e&#8217;lerin portf\u00f6ylerindeki donuk alacaklar\u0131 menkul k\u0131ymetle\u015ftirip ellerinden \u00e7\u0131karmalar\u0131 m\u00fcmk\u00fcn hale geldi.<\/p>\n<p>Bununla birlikte, bankalar\u0131n kaynak kurulu\u015f oldu\u011fu VDMK ihra\u00e7lar\u0131 bak\u0131m\u0131ndan, Tebli\u011f halen yaln\u0131zca Birinci Grup-Standart Nitelikli Kredilerin fon portf\u00f6y\u00fcne dahil edilmesine izin veriyor. Bu kategori ise sadece riski d\u00fc\u015f\u00fck ve tahsil kabiliyeti y\u00fcksek kredileri kaps\u0131yor.<\/p>\n<p>De\u011fi\u015fiklik, bat\u0131k kredilerin VY\u015e&#8217;lerce menkul k\u0131ymetle\u015ftirilmesine yol a\u00e7mas\u0131 bak\u0131m\u0131ndan b\u00fcy\u00fck bir devrim yaparken, VY\u015e&#8217;lerin ihra\u00e7 edece\u011fi bu VDMK&#8217;lar\u0131n sadece yurt d\u0131\u015f\u0131nda sat\u0131labilecek olmas\u0131 ve bankalara da ayn\u0131 imkan\u0131n tan\u0131nmamas\u0131 dolay\u0131s\u0131yla, de\u011fi\u015fikli\u011fin etkileri s\u0131n\u0131rl\u0131 kal\u0131yor.<\/p>\n","protected":false},"excerpt":{"rendered":"<p>Yeni Geli\u015fme Donuk alacaklar\u0131n menkul k\u0131ymetle\u015ftirmesinin hukuken m\u00fcmk\u00fcn olmamas\u0131n\u0131, Aral\u0131k 2019&#8217;da yay\u0131mlad\u0131\u011f\u0131m\u0131z &#8220;Taking Turkish Financial Restructuring and NPL Market Ahead&#8221; [&hellip;]<\/p>\n","protected":false},"author":4,"featured_media":0,"comment_status":"closed","ping_status":"closed","sticky":false,"template":"","format":"standard","meta":{"_acf_changed":false,"_stopmodifiedupdate":false,"_modified_date":"","footnotes":""},"categories":[120],"tags":[90,97],"class_list":["post-20595","post","type-post","status-publish","format-standard","hentry","category-legal-alerts","tag-banking-finance-tr","tag-capital-markets-tr"],"acf":[],"yoast_head":"<!-- This site is optimized with the Yoast SEO plugin v24.0 - https:\/\/yoast.com\/wordpress\/plugins\/seo\/ -->\n<title>NPL Piyasas\u0131nda Devrim: Donuk alacaklar menkul k\u0131ymetle\u015ftirilebilecek<\/title>\n<meta name=\"description\" content=\"Yeni Geli\u015fme Donuk alacaklar\u0131n menkul k\u0131ymetle\u015ftirmesinin hukuken m\u00fcmk\u00fcn olmamas\u0131n\u0131, Aral\u0131k 2019&#039;da yay\u0131mlad\u0131\u011f\u0131m\u0131z &quot;Taking Turkish Financial Restructuring\" \/>\n<meta name=\"robots\" content=\"index, follow, max-snippet:-1, max-image-preview:large, max-video-preview:-1\" \/>\n<link rel=\"canonical\" href=\"https:\/\/www.esin.av.tr\/tr\/2021\/10\/20\/npl-piyasasinda-devrim-donuk-alacaklar-menkul-kiymetlestirilebilecek\/\" \/>\n<meta property=\"og:locale\" content=\"tr_TR\" \/>\n<meta property=\"og:type\" content=\"article\" \/>\n<meta property=\"og:title\" content=\"NPL Piyasas\u0131nda Devrim: Donuk alacaklar menkul k\u0131ymetle\u015ftirilebilecek\" \/>\n<meta property=\"og:description\" content=\"Yeni Geli\u015fme Donuk alacaklar\u0131n menkul k\u0131ymetle\u015ftirmesinin hukuken m\u00fcmk\u00fcn olmamas\u0131n\u0131, Aral\u0131k 2019&#039;da yay\u0131mlad\u0131\u011f\u0131m\u0131z &quot;Taking Turkish Financial Restructuring\" \/>\n<meta property=\"og:url\" content=\"https:\/\/www.esin.av.tr\/tr\/2021\/10\/20\/npl-piyasasinda-devrim-donuk-alacaklar-menkul-kiymetlestirilebilecek\/\" \/>\n<meta property=\"og:site_name\" content=\"Esin Avukatl\u0131k Ortakl\u0131\u011f\u0131\" \/>\n<meta property=\"article:published_time\" content=\"2021-10-20T08:37:53+00:00\" \/>\n<meta property=\"article:modified_time\" content=\"2022-06-09T13:27:18+00:00\" \/>\n<meta name=\"author\" content=\"R\u0131dvan Konrat\" \/>\n<meta name=\"twitter:card\" content=\"summary_large_image\" \/>\n<meta name=\"twitter:label1\" content=\"Written by\" \/>\n\t<meta name=\"twitter:data1\" content=\"R\u0131dvan Konrat\" \/>\n\t<meta name=\"twitter:label2\" content=\"Est. reading time\" \/>\n\t<meta name=\"twitter:data2\" content=\"2 minutes\" \/>\n<script type=\"application\/ld+json\" class=\"yoast-schema-graph\">{\"@context\":\"https:\/\/schema.org\",\"@graph\":[{\"@type\":\"Article\",\"@id\":\"https:\/\/www.esin.av.tr\/tr\/2021\/10\/20\/npl-piyasasinda-devrim-donuk-alacaklar-menkul-kiymetlestirilebilecek\/#article\",\"isPartOf\":{\"@id\":\"https:\/\/www.esin.av.tr\/tr\/2021\/10\/20\/npl-piyasasinda-devrim-donuk-alacaklar-menkul-kiymetlestirilebilecek\/\"},\"author\":{\"name\":\"R\u0131dvan Konrat\",\"@id\":\"https:\/\/www.esin.av.tr\/tr\/#\/schema\/person\/42c8e616aab56b8622fa365ad63282ae\"},\"headline\":\"NPL Piyasas\u0131nda Devrim: Donuk alacaklar menkul k\u0131ymetle\u015ftirilebilecek\",\"datePublished\":\"2021-10-20T08:37:53+00:00\",\"dateModified\":\"2022-06-09T13:27:18+00:00\",\"mainEntityOfPage\":{\"@id\":\"https:\/\/www.esin.av.tr\/tr\/2021\/10\/20\/npl-piyasasinda-devrim-donuk-alacaklar-menkul-kiymetlestirilebilecek\/\"},\"wordCount\":494,\"publisher\":{\"@id\":\"https:\/\/www.esin.av.tr\/tr\/#organization\"},\"keywords\":[\"Bankac\u0131l\u0131k ve Finans\",\"Sermaye Piyasas\u0131 Hukuku\"],\"articleSection\":[\"Hukuk B\u00fcltenleri\"],\"inLanguage\":\"tr\"},{\"@type\":\"WebPage\",\"@id\":\"https:\/\/www.esin.av.tr\/tr\/2021\/10\/20\/npl-piyasasinda-devrim-donuk-alacaklar-menkul-kiymetlestirilebilecek\/\",\"url\":\"https:\/\/www.esin.av.tr\/tr\/2021\/10\/20\/npl-piyasasinda-devrim-donuk-alacaklar-menkul-kiymetlestirilebilecek\/\",\"name\":\"NPL Piyasas\u0131nda Devrim: Donuk alacaklar menkul k\u0131ymetle\u015ftirilebilecek\",\"isPartOf\":{\"@id\":\"https:\/\/www.esin.av.tr\/tr\/#website\"},\"datePublished\":\"2021-10-20T08:37:53+00:00\",\"dateModified\":\"2022-06-09T13:27:18+00:00\",\"description\":\"Yeni Geli\u015fme Donuk alacaklar\u0131n menkul k\u0131ymetle\u015ftirmesinin hukuken m\u00fcmk\u00fcn olmamas\u0131n\u0131, Aral\u0131k 2019'da yay\u0131mlad\u0131\u011f\u0131m\u0131z \\\"Taking Turkish Financial Restructuring\",\"breadcrumb\":{\"@id\":\"https:\/\/www.esin.av.tr\/tr\/2021\/10\/20\/npl-piyasasinda-devrim-donuk-alacaklar-menkul-kiymetlestirilebilecek\/#breadcrumb\"},\"inLanguage\":\"tr\",\"potentialAction\":[{\"@type\":\"ReadAction\",\"target\":[\"https:\/\/www.esin.av.tr\/tr\/2021\/10\/20\/npl-piyasasinda-devrim-donuk-alacaklar-menkul-kiymetlestirilebilecek\/\"]}]},{\"@type\":\"BreadcrumbList\",\"@id\":\"https:\/\/www.esin.av.tr\/tr\/2021\/10\/20\/npl-piyasasinda-devrim-donuk-alacaklar-menkul-kiymetlestirilebilecek\/#breadcrumb\",\"itemListElement\":[{\"@type\":\"ListItem\",\"position\":1,\"name\":\"Home\",\"item\":\"https:\/\/www.esin.av.tr\/tr\/\"},{\"@type\":\"ListItem\",\"position\":2,\"name\":\"NPL Piyasas\u0131nda Devrim: Donuk alacaklar menkul k\u0131ymetle\u015ftirilebilecek\"}]},{\"@type\":\"WebSite\",\"@id\":\"https:\/\/www.esin.av.tr\/tr\/#website\",\"url\":\"https:\/\/www.esin.av.tr\/tr\/\",\"name\":\"Esin Avukatl\u0131k Ortakl\u0131\u011f\u0131\",\"description\":\"\",\"publisher\":{\"@id\":\"https:\/\/www.esin.av.tr\/tr\/#organization\"},\"potentialAction\":[{\"@type\":\"SearchAction\",\"target\":{\"@type\":\"EntryPoint\",\"urlTemplate\":\"https:\/\/www.esin.av.tr\/tr\/?s={search_term_string}\"},\"query-input\":{\"@type\":\"PropertyValueSpecification\",\"valueRequired\":true,\"valueName\":\"search_term_string\"}}],\"inLanguage\":\"tr\"},{\"@type\":\"Organization\",\"@id\":\"https:\/\/www.esin.av.tr\/tr\/#organization\",\"name\":\"Esin Avukatl\u0131k Ortakl\u0131\u011f\u0131\",\"url\":\"https:\/\/www.esin.av.tr\/tr\/\",\"logo\":{\"@type\":\"ImageObject\",\"inLanguage\":\"tr\",\"@id\":\"https:\/\/www.esin.av.tr\/tr\/#\/schema\/logo\/image\/\",\"url\":\"https:\/\/www.esin.av.tr\/wp-content\/uploads\/2021\/09\/esin-2.jpg\",\"contentUrl\":\"https:\/\/www.esin.av.tr\/wp-content\/uploads\/2021\/09\/esin-2.jpg\",\"width\":800,\"height\":460,\"caption\":\"Esin Avukatl\u0131k Ortakl\u0131\u011f\u0131\"},\"image\":{\"@id\":\"https:\/\/www.esin.av.tr\/tr\/#\/schema\/logo\/image\/\"}},{\"@type\":\"Person\",\"@id\":\"https:\/\/www.esin.av.tr\/tr\/#\/schema\/person\/42c8e616aab56b8622fa365ad63282ae\",\"name\":\"R\u0131dvan Konrat\",\"image\":{\"@type\":\"ImageObject\",\"inLanguage\":\"tr\",\"@id\":\"https:\/\/www.esin.av.tr\/tr\/#\/schema\/person\/image\/\",\"url\":\"https:\/\/secure.gravatar.com\/avatar\/b20c6c583be38ed4e76e32f69fccc676?s=96&d=mm&r=g\",\"contentUrl\":\"https:\/\/secure.gravatar.com\/avatar\/b20c6c583be38ed4e76e32f69fccc676?s=96&d=mm&r=g\",\"caption\":\"R\u0131dvan Konrat\"},\"sameAs\":[\"http:\/\/www.esin.av.tr\"],\"url\":\"https:\/\/www.esin.av.tr\/tr\/author\/rkonrat\/\"}]}<\/script>\n<!-- \/ Yoast SEO plugin. -->","yoast_head_json":{"title":"NPL Piyasas\u0131nda Devrim: Donuk alacaklar menkul k\u0131ymetle\u015ftirilebilecek","description":"Yeni Geli\u015fme Donuk alacaklar\u0131n menkul k\u0131ymetle\u015ftirmesinin hukuken m\u00fcmk\u00fcn olmamas\u0131n\u0131, Aral\u0131k 2019'da yay\u0131mlad\u0131\u011f\u0131m\u0131z \"Taking Turkish Financial Restructuring","robots":{"index":"index","follow":"follow","max-snippet":"max-snippet:-1","max-image-preview":"max-image-preview:large","max-video-preview":"max-video-preview:-1"},"canonical":"https:\/\/www.esin.av.tr\/tr\/2021\/10\/20\/npl-piyasasinda-devrim-donuk-alacaklar-menkul-kiymetlestirilebilecek\/","og_locale":"tr_TR","og_type":"article","og_title":"NPL Piyasas\u0131nda Devrim: Donuk alacaklar menkul k\u0131ymetle\u015ftirilebilecek","og_description":"Yeni Geli\u015fme Donuk alacaklar\u0131n menkul k\u0131ymetle\u015ftirmesinin hukuken m\u00fcmk\u00fcn olmamas\u0131n\u0131, Aral\u0131k 2019'da yay\u0131mlad\u0131\u011f\u0131m\u0131z \"Taking Turkish Financial Restructuring","og_url":"https:\/\/www.esin.av.tr\/tr\/2021\/10\/20\/npl-piyasasinda-devrim-donuk-alacaklar-menkul-kiymetlestirilebilecek\/","og_site_name":"Esin Avukatl\u0131k Ortakl\u0131\u011f\u0131","article_published_time":"2021-10-20T08:37:53+00:00","article_modified_time":"2022-06-09T13:27:18+00:00","author":"R\u0131dvan Konrat","twitter_card":"summary_large_image","twitter_misc":{"Written by":"R\u0131dvan Konrat","Est. reading time":"2 minutes"},"schema":{"@context":"https:\/\/schema.org","@graph":[{"@type":"Article","@id":"https:\/\/www.esin.av.tr\/tr\/2021\/10\/20\/npl-piyasasinda-devrim-donuk-alacaklar-menkul-kiymetlestirilebilecek\/#article","isPartOf":{"@id":"https:\/\/www.esin.av.tr\/tr\/2021\/10\/20\/npl-piyasasinda-devrim-donuk-alacaklar-menkul-kiymetlestirilebilecek\/"},"author":{"name":"R\u0131dvan Konrat","@id":"https:\/\/www.esin.av.tr\/tr\/#\/schema\/person\/42c8e616aab56b8622fa365ad63282ae"},"headline":"NPL Piyasas\u0131nda Devrim: Donuk alacaklar menkul k\u0131ymetle\u015ftirilebilecek","datePublished":"2021-10-20T08:37:53+00:00","dateModified":"2022-06-09T13:27:18+00:00","mainEntityOfPage":{"@id":"https:\/\/www.esin.av.tr\/tr\/2021\/10\/20\/npl-piyasasinda-devrim-donuk-alacaklar-menkul-kiymetlestirilebilecek\/"},"wordCount":494,"publisher":{"@id":"https:\/\/www.esin.av.tr\/tr\/#organization"},"keywords":["Bankac\u0131l\u0131k ve Finans","Sermaye Piyasas\u0131 Hukuku"],"articleSection":["Hukuk B\u00fcltenleri"],"inLanguage":"tr"},{"@type":"WebPage","@id":"https:\/\/www.esin.av.tr\/tr\/2021\/10\/20\/npl-piyasasinda-devrim-donuk-alacaklar-menkul-kiymetlestirilebilecek\/","url":"https:\/\/www.esin.av.tr\/tr\/2021\/10\/20\/npl-piyasasinda-devrim-donuk-alacaklar-menkul-kiymetlestirilebilecek\/","name":"NPL Piyasas\u0131nda Devrim: Donuk alacaklar menkul k\u0131ymetle\u015ftirilebilecek","isPartOf":{"@id":"https:\/\/www.esin.av.tr\/tr\/#website"},"datePublished":"2021-10-20T08:37:53+00:00","dateModified":"2022-06-09T13:27:18+00:00","description":"Yeni Geli\u015fme Donuk alacaklar\u0131n menkul k\u0131ymetle\u015ftirmesinin hukuken m\u00fcmk\u00fcn olmamas\u0131n\u0131, Aral\u0131k 2019'da yay\u0131mlad\u0131\u011f\u0131m\u0131z \"Taking Turkish Financial Restructuring","breadcrumb":{"@id":"https:\/\/www.esin.av.tr\/tr\/2021\/10\/20\/npl-piyasasinda-devrim-donuk-alacaklar-menkul-kiymetlestirilebilecek\/#breadcrumb"},"inLanguage":"tr","potentialAction":[{"@type":"ReadAction","target":["https:\/\/www.esin.av.tr\/tr\/2021\/10\/20\/npl-piyasasinda-devrim-donuk-alacaklar-menkul-kiymetlestirilebilecek\/"]}]},{"@type":"BreadcrumbList","@id":"https:\/\/www.esin.av.tr\/tr\/2021\/10\/20\/npl-piyasasinda-devrim-donuk-alacaklar-menkul-kiymetlestirilebilecek\/#breadcrumb","itemListElement":[{"@type":"ListItem","position":1,"name":"Home","item":"https:\/\/www.esin.av.tr\/tr\/"},{"@type":"ListItem","position":2,"name":"NPL Piyasas\u0131nda Devrim: Donuk alacaklar menkul k\u0131ymetle\u015ftirilebilecek"}]},{"@type":"WebSite","@id":"https:\/\/www.esin.av.tr\/tr\/#website","url":"https:\/\/www.esin.av.tr\/tr\/","name":"Esin Avukatl\u0131k Ortakl\u0131\u011f\u0131","description":"","publisher":{"@id":"https:\/\/www.esin.av.tr\/tr\/#organization"},"potentialAction":[{"@type":"SearchAction","target":{"@type":"EntryPoint","urlTemplate":"https:\/\/www.esin.av.tr\/tr\/?s={search_term_string}"},"query-input":{"@type":"PropertyValueSpecification","valueRequired":true,"valueName":"search_term_string"}}],"inLanguage":"tr"},{"@type":"Organization","@id":"https:\/\/www.esin.av.tr\/tr\/#organization","name":"Esin Avukatl\u0131k Ortakl\u0131\u011f\u0131","url":"https:\/\/www.esin.av.tr\/tr\/","logo":{"@type":"ImageObject","inLanguage":"tr","@id":"https:\/\/www.esin.av.tr\/tr\/#\/schema\/logo\/image\/","url":"https:\/\/www.esin.av.tr\/wp-content\/uploads\/2021\/09\/esin-2.jpg","contentUrl":"https:\/\/www.esin.av.tr\/wp-content\/uploads\/2021\/09\/esin-2.jpg","width":800,"height":460,"caption":"Esin Avukatl\u0131k Ortakl\u0131\u011f\u0131"},"image":{"@id":"https:\/\/www.esin.av.tr\/tr\/#\/schema\/logo\/image\/"}},{"@type":"Person","@id":"https:\/\/www.esin.av.tr\/tr\/#\/schema\/person\/42c8e616aab56b8622fa365ad63282ae","name":"R\u0131dvan Konrat","image":{"@type":"ImageObject","inLanguage":"tr","@id":"https:\/\/www.esin.av.tr\/tr\/#\/schema\/person\/image\/","url":"https:\/\/secure.gravatar.com\/avatar\/b20c6c583be38ed4e76e32f69fccc676?s=96&d=mm&r=g","contentUrl":"https:\/\/secure.gravatar.com\/avatar\/b20c6c583be38ed4e76e32f69fccc676?s=96&d=mm&r=g","caption":"R\u0131dvan Konrat"},"sameAs":["http:\/\/www.esin.av.tr"],"url":"https:\/\/www.esin.av.tr\/tr\/author\/rkonrat\/"}]}},"_links":{"self":[{"href":"https:\/\/www.esin.av.tr\/tr\/wp-json\/wp\/v2\/posts\/20595","targetHints":{"allow":["GET"]}}],"collection":[{"href":"https:\/\/www.esin.av.tr\/tr\/wp-json\/wp\/v2\/posts"}],"about":[{"href":"https:\/\/www.esin.av.tr\/tr\/wp-json\/wp\/v2\/types\/post"}],"author":[{"embeddable":true,"href":"https:\/\/www.esin.av.tr\/tr\/wp-json\/wp\/v2\/users\/4"}],"replies":[{"embeddable":true,"href":"https:\/\/www.esin.av.tr\/tr\/wp-json\/wp\/v2\/comments?post=20595"}],"version-history":[{"count":4,"href":"https:\/\/www.esin.av.tr\/tr\/wp-json\/wp\/v2\/posts\/20595\/revisions"}],"predecessor-version":[{"id":21048,"href":"https:\/\/www.esin.av.tr\/tr\/wp-json\/wp\/v2\/posts\/20595\/revisions\/21048"}],"wp:attachment":[{"href":"https:\/\/www.esin.av.tr\/tr\/wp-json\/wp\/v2\/media?parent=20595"}],"wp:term":[{"taxonomy":"category","embeddable":true,"href":"https:\/\/www.esin.av.tr\/tr\/wp-json\/wp\/v2\/categories?post=20595"},{"taxonomy":"post_tag","embeddable":true,"href":"https:\/\/www.esin.av.tr\/tr\/wp-json\/wp\/v2\/tags?post=20595"}],"curies":[{"name":"wp","href":"https:\/\/api.w.org\/{rel}","templated":true}]}}