{"id":20543,"date":"2021-10-08T07:27:12","date_gmt":"2021-10-08T07:27:12","guid":{"rendered":"https:\/\/www.esin.av.tr\/2021\/10\/08\/elektrik-depolama-tesisleri-epdkdan-tamamlama-sureleri-hakkinda-karar\/"},"modified":"2022-06-09T13:27:25","modified_gmt":"2022-06-09T13:27:25","slug":"elektrik-depolama-tesisleri-epdkdan-tamamlama-sureleri-hakkinda-karar","status":"publish","type":"post","link":"https:\/\/www.esin.av.tr\/tr\/2021\/10\/08\/elektrik-depolama-tesisleri-epdkdan-tamamlama-sureleri-hakkinda-karar\/","title":{"rendered":"Elektrik Depolama Tesisleri: EPDK&#8217;dan Tamamlama S\u00fcreleri Hakk\u0131nda Karar"},"content":{"rendered":"<h2>Enerji Piyasas\u0131 D\u00fczenleme Kurulu&#8217;nun elektrik \u00fcretim ve depolama tesislerine y\u00f6nelik olarak d\u00fczenledi\u011fi &#8220;\u00d6nlisans S\u00fcreleri ile Tesis Tamamlanma Tarihinin Belirlenmesinde Referans Al\u0131nacak \u0130n\u015faat S\u00fcreleri&#8221; hakk\u0131ndaki 10442-2 say\u0131l\u0131 karar\u0131 (&#8220;<strong>Karar<\/strong>&#8220;) 7 Ekim 2021 tarihli Resmi Gazete&#8217;de yay\u0131mlanarak y\u00fcr\u00fcrl\u00fc\u011fe girdi. Kararda elektrik depolama tesislerine ili\u015fkin olarak yeni h\u00fck\u00fcmler \u00f6ng\u00f6r\u00fcld\u00fc. \u00dcretim tesisleri i\u00e7in ise ayn\u0131 konudaki bir \u00f6nceki kurul karar\u0131 uyar\u0131nca uygulanmakta olan s\u00fcrelerde bir de\u011fi\u015fiklik yap\u0131lmad\u0131.<\/h2>\n<h3><strong>Depolama tesislerine ili\u015fkin yeni d\u00fczenlemeler<\/strong><\/h3>\n<p>Karar&#8217;da elektrik depolama tesislerinin tamamlanma s\u00fcreleri i\u00e7in a\u015fa\u011f\u0131daki d\u00fczenlemeler \u00f6ng\u00f6r\u00fclm\u00fc\u015ft\u00fcr:<\/p>\n<ul>\n<li>\u00dcretim lisans\u0131 ba\u015fvurular\u0131 kapsam\u0131nda, kurulmas\u0131 planlanan elektrik depolama \u00fcnitesi\/\u00fcniteleri i\u00e7in ayr\u0131ca in\u015faat s\u00fcresi verilmez.<\/li>\n<li>Mevcut \u00fcretim lisanslar\u0131 kapsam\u0131ndaki \u00fcretim tesislerine b\u00fct\u00fcnle\u015fik elektrik depolama \u00fcnitesi kurulmas\u0131 durumunda, \u00fcretim tesisinin i\u015fletmede olup olmad\u0131\u011f\u0131na bak\u0131lmaks\u0131z\u0131n, kurulmas\u0131 planlanan depolama \u00fcnitesi i\u00e7in elektrik depolama \u00fcnite say\u0131s\u0131 ve kurulu g\u00fc\u00e7lerinden ba\u011f\u0131ms\u0131z olarak 18 ay in\u015faat s\u00fcresi, tesis tamamlanma s\u00fcresi olarak verilir.<\/li>\n<li>Tedarik lisanslar\u0131 kapsam\u0131nda kurulmas\u0131 planlanan m\u00fcstakil elektrik depolama tesisleri i\u00e7in 18 ay in\u015faat s\u00fcresi, tesis tamamlanma s\u00fcresi olarak verilir. Bu s\u00fcre, s\u00f6z konusu lisansa eklenecek her bir elektrik depolama tesisi i\u00e7in ayr\u0131ca uygulan\u0131r.<\/li>\n<\/ul>\n<h3><strong>Sonu\u00e7<\/strong><\/h3>\n<p>Elektrik depolama tesislerinin kurulmas\u0131na ili\u015fkin usul ve esaslar 9 May\u0131s 2021 tarihinde y\u00fcr\u00fcrl\u00fc\u011fe giren y\u00f6netmelikle d\u00fczenlenmi\u015fti. \u0130lgili y\u00f6netmelik hakk\u0131ndaki hukuk b\u00fcltenimiz i\u00e7in l\u00fctfen <strong><u><a href=\"https:\/\/urldefense.com\/v3\/__https:\/esinxchange.com\/collect\/click.aspx?u=QjZ3VDlRbXdxY2YrZnR2VEtOR3FlTWtsZklSUU5RMjRiWjA3MUh2NGpSOWxYZnFYZWlwTmd4MjJ0dHZsMFZLZk9KamxTMm5mdjZRNkVQR3JYTlVZNHV4dkFsUk0yS0MyNzkrSzVUaHZGUkh5aE1US2tQRXJGVWt6RWRTMitwcnJ6VHpwdkY5WjgrbHo0cnY2VnFIUW4zWkl4OENyeDAxclB1dHhxWDY4VXNwU2N6OGg4ZUt3YXc9PQ==&amp;rh=ff00831917804351db708e85de448531ccc7cf62__;!!Hj9Y_P0nvg!EdYfKqsC1mjBB6CE_LcX-rZOTvuhJ0NMVC-tGZ5TCukgGWCepKw_ex0iHo0AueKabrt3mZ5-$\">buraya t\u0131klay\u0131n\u0131z<\/a><\/u><\/strong>. Bu tesislerin kabul\u00fc hakk\u0131ndaki usul ve esaslar hakk\u0131ndaki y\u00f6netmelik ise 19 \u015eubat 2020 tarihinde y\u00fcr\u00fcrl\u00fc\u011fe girmi\u015fti. Karar ile birlikte depolama tesislerinin tamamlanma s\u00fcresi d\u00fczenlenerek, bu tesislere ili\u015fkin olarak ihtiya\u00e7 duyulan bir d\u00fczenleme daha y\u00fcr\u00fcrl\u00fc\u011fe girmi\u015f oldu.<\/p>\n","protected":false},"excerpt":{"rendered":"<p>Enerji Piyasas\u0131 D\u00fczenleme Kurulu&#8217;nun elektrik \u00fcretim ve depolama tesislerine y\u00f6nelik olarak d\u00fczenledi\u011fi &#8220;\u00d6nlisans S\u00fcreleri ile Tesis Tamamlanma Tarihinin Belirlenmesinde Referans [&hellip;]<\/p>\n","protected":false},"author":4,"featured_media":0,"comment_status":"closed","ping_status":"closed","sticky":false,"template":"","format":"standard","meta":{"_acf_changed":false,"_stopmodifiedupdate":false,"_modified_date":"","footnotes":""},"categories":[120],"tags":[],"class_list":["post-20543","post","type-post","status-publish","format-standard","hentry","category-legal-alerts"],"acf":[],"yoast_head":"<!-- This site is optimized with the Yoast SEO plugin v24.0 - https:\/\/yoast.com\/wordpress\/plugins\/seo\/ -->\n<title>Elektrik Depolama Tesisleri: EPDK&#039;dan Tamamlama S\u00fcreleri Hakk\u0131nda Karar<\/title>\n<meta name=\"description\" content=\"Enerji Piyasas\u0131 D\u00fczenleme Kurulu&#039;nun elektrik \u00fcretim ve depolama tesislerine y\u00f6nelik olarak d\u00fczenledi\u011fi &quot;\u00d6nlisans S\u00fcreleri ile Tesis Tamamlanma Tarihinin\" \/>\n<meta name=\"robots\" content=\"index, follow, max-snippet:-1, max-image-preview:large, max-video-preview:-1\" \/>\n<link rel=\"canonical\" href=\"https:\/\/www.esin.av.tr\/tr\/2021\/10\/08\/elektrik-depolama-tesisleri-epdkdan-tamamlama-sureleri-hakkinda-karar\/\" \/>\n<meta property=\"og:locale\" content=\"tr_TR\" \/>\n<meta property=\"og:type\" content=\"article\" \/>\n<meta property=\"og:title\" content=\"Elektrik Depolama Tesisleri: EPDK&#039;dan Tamamlama S\u00fcreleri Hakk\u0131nda Karar\" \/>\n<meta property=\"og:description\" content=\"Enerji Piyasas\u0131 D\u00fczenleme Kurulu&#039;nun elektrik \u00fcretim ve depolama tesislerine y\u00f6nelik olarak d\u00fczenledi\u011fi &quot;\u00d6nlisans S\u00fcreleri ile Tesis Tamamlanma Tarihinin\" \/>\n<meta property=\"og:url\" content=\"https:\/\/www.esin.av.tr\/tr\/2021\/10\/08\/elektrik-depolama-tesisleri-epdkdan-tamamlama-sureleri-hakkinda-karar\/\" \/>\n<meta property=\"og:site_name\" content=\"Esin Avukatl\u0131k Ortakl\u0131\u011f\u0131\" \/>\n<meta property=\"article:published_time\" content=\"2021-10-08T07:27:12+00:00\" \/>\n<meta property=\"article:modified_time\" content=\"2022-06-09T13:27:25+00:00\" \/>\n<meta name=\"author\" content=\"R\u0131dvan Konrat\" \/>\n<meta name=\"twitter:card\" content=\"summary_large_image\" \/>\n<meta name=\"twitter:label1\" content=\"Written by\" \/>\n\t<meta name=\"twitter:data1\" content=\"R\u0131dvan Konrat\" \/>\n\t<meta name=\"twitter:label2\" content=\"Est. reading time\" \/>\n\t<meta name=\"twitter:data2\" content=\"1 minute\" \/>\n<script type=\"application\/ld+json\" class=\"yoast-schema-graph\">{\"@context\":\"https:\/\/schema.org\",\"@graph\":[{\"@type\":\"Article\",\"@id\":\"https:\/\/www.esin.av.tr\/tr\/2021\/10\/08\/elektrik-depolama-tesisleri-epdkdan-tamamlama-sureleri-hakkinda-karar\/#article\",\"isPartOf\":{\"@id\":\"https:\/\/www.esin.av.tr\/tr\/2021\/10\/08\/elektrik-depolama-tesisleri-epdkdan-tamamlama-sureleri-hakkinda-karar\/\"},\"author\":{\"name\":\"R\u0131dvan Konrat\",\"@id\":\"https:\/\/www.esin.av.tr\/tr\/#\/schema\/person\/42c8e616aab56b8622fa365ad63282ae\"},\"headline\":\"Elektrik Depolama Tesisleri: EPDK&#8217;dan Tamamlama S\u00fcreleri Hakk\u0131nda Karar\",\"datePublished\":\"2021-10-08T07:27:12+00:00\",\"dateModified\":\"2022-06-09T13:27:25+00:00\",\"mainEntityOfPage\":{\"@id\":\"https:\/\/www.esin.av.tr\/tr\/2021\/10\/08\/elektrik-depolama-tesisleri-epdkdan-tamamlama-sureleri-hakkinda-karar\/\"},\"wordCount\":336,\"publisher\":{\"@id\":\"https:\/\/www.esin.av.tr\/tr\/#organization\"},\"articleSection\":[\"Hukuk B\u00fcltenleri\"],\"inLanguage\":\"tr\"},{\"@type\":\"WebPage\",\"@id\":\"https:\/\/www.esin.av.tr\/tr\/2021\/10\/08\/elektrik-depolama-tesisleri-epdkdan-tamamlama-sureleri-hakkinda-karar\/\",\"url\":\"https:\/\/www.esin.av.tr\/tr\/2021\/10\/08\/elektrik-depolama-tesisleri-epdkdan-tamamlama-sureleri-hakkinda-karar\/\",\"name\":\"Elektrik Depolama Tesisleri: EPDK'dan Tamamlama S\u00fcreleri Hakk\u0131nda Karar\",\"isPartOf\":{\"@id\":\"https:\/\/www.esin.av.tr\/tr\/#website\"},\"datePublished\":\"2021-10-08T07:27:12+00:00\",\"dateModified\":\"2022-06-09T13:27:25+00:00\",\"description\":\"Enerji Piyasas\u0131 D\u00fczenleme Kurulu'nun elektrik \u00fcretim ve depolama tesislerine y\u00f6nelik olarak d\u00fczenledi\u011fi \\\"\u00d6nlisans S\u00fcreleri ile Tesis Tamamlanma Tarihinin\",\"breadcrumb\":{\"@id\":\"https:\/\/www.esin.av.tr\/tr\/2021\/10\/08\/elektrik-depolama-tesisleri-epdkdan-tamamlama-sureleri-hakkinda-karar\/#breadcrumb\"},\"inLanguage\":\"tr\",\"potentialAction\":[{\"@type\":\"ReadAction\",\"target\":[\"https:\/\/www.esin.av.tr\/tr\/2021\/10\/08\/elektrik-depolama-tesisleri-epdkdan-tamamlama-sureleri-hakkinda-karar\/\"]}]},{\"@type\":\"BreadcrumbList\",\"@id\":\"https:\/\/www.esin.av.tr\/tr\/2021\/10\/08\/elektrik-depolama-tesisleri-epdkdan-tamamlama-sureleri-hakkinda-karar\/#breadcrumb\",\"itemListElement\":[{\"@type\":\"ListItem\",\"position\":1,\"name\":\"Home\",\"item\":\"https:\/\/www.esin.av.tr\/tr\/\"},{\"@type\":\"ListItem\",\"position\":2,\"name\":\"Elektrik Depolama Tesisleri: EPDK&#8217;dan Tamamlama S\u00fcreleri Hakk\u0131nda Karar\"}]},{\"@type\":\"WebSite\",\"@id\":\"https:\/\/www.esin.av.tr\/tr\/#website\",\"url\":\"https:\/\/www.esin.av.tr\/tr\/\",\"name\":\"Esin Avukatl\u0131k Ortakl\u0131\u011f\u0131\",\"description\":\"\",\"publisher\":{\"@id\":\"https:\/\/www.esin.av.tr\/tr\/#organization\"},\"potentialAction\":[{\"@type\":\"SearchAction\",\"target\":{\"@type\":\"EntryPoint\",\"urlTemplate\":\"https:\/\/www.esin.av.tr\/tr\/?s={search_term_string}\"},\"query-input\":{\"@type\":\"PropertyValueSpecification\",\"valueRequired\":true,\"valueName\":\"search_term_string\"}}],\"inLanguage\":\"tr\"},{\"@type\":\"Organization\",\"@id\":\"https:\/\/www.esin.av.tr\/tr\/#organization\",\"name\":\"Esin Avukatl\u0131k Ortakl\u0131\u011f\u0131\",\"url\":\"https:\/\/www.esin.av.tr\/tr\/\",\"logo\":{\"@type\":\"ImageObject\",\"inLanguage\":\"tr\",\"@id\":\"https:\/\/www.esin.av.tr\/tr\/#\/schema\/logo\/image\/\",\"url\":\"https:\/\/www.esin.av.tr\/wp-content\/uploads\/2021\/09\/esin-2.jpg\",\"contentUrl\":\"https:\/\/www.esin.av.tr\/wp-content\/uploads\/2021\/09\/esin-2.jpg\",\"width\":800,\"height\":460,\"caption\":\"Esin Avukatl\u0131k Ortakl\u0131\u011f\u0131\"},\"image\":{\"@id\":\"https:\/\/www.esin.av.tr\/tr\/#\/schema\/logo\/image\/\"}},{\"@type\":\"Person\",\"@id\":\"https:\/\/www.esin.av.tr\/tr\/#\/schema\/person\/42c8e616aab56b8622fa365ad63282ae\",\"name\":\"R\u0131dvan Konrat\",\"image\":{\"@type\":\"ImageObject\",\"inLanguage\":\"tr\",\"@id\":\"https:\/\/www.esin.av.tr\/tr\/#\/schema\/person\/image\/\",\"url\":\"https:\/\/secure.gravatar.com\/avatar\/b20c6c583be38ed4e76e32f69fccc676?s=96&d=mm&r=g\",\"contentUrl\":\"https:\/\/secure.gravatar.com\/avatar\/b20c6c583be38ed4e76e32f69fccc676?s=96&d=mm&r=g\",\"caption\":\"R\u0131dvan Konrat\"},\"sameAs\":[\"http:\/\/www.esin.av.tr\"],\"url\":\"https:\/\/www.esin.av.tr\/tr\/author\/rkonrat\/\"}]}<\/script>\n<!-- \/ Yoast SEO plugin. -->","yoast_head_json":{"title":"Elektrik Depolama Tesisleri: EPDK'dan Tamamlama S\u00fcreleri Hakk\u0131nda Karar","description":"Enerji Piyasas\u0131 D\u00fczenleme Kurulu'nun elektrik \u00fcretim ve depolama tesislerine y\u00f6nelik olarak d\u00fczenledi\u011fi \"\u00d6nlisans S\u00fcreleri ile Tesis Tamamlanma Tarihinin","robots":{"index":"index","follow":"follow","max-snippet":"max-snippet:-1","max-image-preview":"max-image-preview:large","max-video-preview":"max-video-preview:-1"},"canonical":"https:\/\/www.esin.av.tr\/tr\/2021\/10\/08\/elektrik-depolama-tesisleri-epdkdan-tamamlama-sureleri-hakkinda-karar\/","og_locale":"tr_TR","og_type":"article","og_title":"Elektrik Depolama Tesisleri: EPDK'dan Tamamlama S\u00fcreleri Hakk\u0131nda Karar","og_description":"Enerji Piyasas\u0131 D\u00fczenleme Kurulu'nun elektrik \u00fcretim ve depolama tesislerine y\u00f6nelik olarak d\u00fczenledi\u011fi \"\u00d6nlisans S\u00fcreleri ile Tesis Tamamlanma Tarihinin","og_url":"https:\/\/www.esin.av.tr\/tr\/2021\/10\/08\/elektrik-depolama-tesisleri-epdkdan-tamamlama-sureleri-hakkinda-karar\/","og_site_name":"Esin Avukatl\u0131k Ortakl\u0131\u011f\u0131","article_published_time":"2021-10-08T07:27:12+00:00","article_modified_time":"2022-06-09T13:27:25+00:00","author":"R\u0131dvan Konrat","twitter_card":"summary_large_image","twitter_misc":{"Written by":"R\u0131dvan Konrat","Est. reading time":"1 minute"},"schema":{"@context":"https:\/\/schema.org","@graph":[{"@type":"Article","@id":"https:\/\/www.esin.av.tr\/tr\/2021\/10\/08\/elektrik-depolama-tesisleri-epdkdan-tamamlama-sureleri-hakkinda-karar\/#article","isPartOf":{"@id":"https:\/\/www.esin.av.tr\/tr\/2021\/10\/08\/elektrik-depolama-tesisleri-epdkdan-tamamlama-sureleri-hakkinda-karar\/"},"author":{"name":"R\u0131dvan Konrat","@id":"https:\/\/www.esin.av.tr\/tr\/#\/schema\/person\/42c8e616aab56b8622fa365ad63282ae"},"headline":"Elektrik Depolama Tesisleri: EPDK&#8217;dan Tamamlama S\u00fcreleri Hakk\u0131nda Karar","datePublished":"2021-10-08T07:27:12+00:00","dateModified":"2022-06-09T13:27:25+00:00","mainEntityOfPage":{"@id":"https:\/\/www.esin.av.tr\/tr\/2021\/10\/08\/elektrik-depolama-tesisleri-epdkdan-tamamlama-sureleri-hakkinda-karar\/"},"wordCount":336,"publisher":{"@id":"https:\/\/www.esin.av.tr\/tr\/#organization"},"articleSection":["Hukuk B\u00fcltenleri"],"inLanguage":"tr"},{"@type":"WebPage","@id":"https:\/\/www.esin.av.tr\/tr\/2021\/10\/08\/elektrik-depolama-tesisleri-epdkdan-tamamlama-sureleri-hakkinda-karar\/","url":"https:\/\/www.esin.av.tr\/tr\/2021\/10\/08\/elektrik-depolama-tesisleri-epdkdan-tamamlama-sureleri-hakkinda-karar\/","name":"Elektrik Depolama Tesisleri: EPDK'dan Tamamlama S\u00fcreleri Hakk\u0131nda Karar","isPartOf":{"@id":"https:\/\/www.esin.av.tr\/tr\/#website"},"datePublished":"2021-10-08T07:27:12+00:00","dateModified":"2022-06-09T13:27:25+00:00","description":"Enerji Piyasas\u0131 D\u00fczenleme Kurulu'nun elektrik \u00fcretim ve depolama tesislerine y\u00f6nelik olarak d\u00fczenledi\u011fi \"\u00d6nlisans S\u00fcreleri ile Tesis Tamamlanma Tarihinin","breadcrumb":{"@id":"https:\/\/www.esin.av.tr\/tr\/2021\/10\/08\/elektrik-depolama-tesisleri-epdkdan-tamamlama-sureleri-hakkinda-karar\/#breadcrumb"},"inLanguage":"tr","potentialAction":[{"@type":"ReadAction","target":["https:\/\/www.esin.av.tr\/tr\/2021\/10\/08\/elektrik-depolama-tesisleri-epdkdan-tamamlama-sureleri-hakkinda-karar\/"]}]},{"@type":"BreadcrumbList","@id":"https:\/\/www.esin.av.tr\/tr\/2021\/10\/08\/elektrik-depolama-tesisleri-epdkdan-tamamlama-sureleri-hakkinda-karar\/#breadcrumb","itemListElement":[{"@type":"ListItem","position":1,"name":"Home","item":"https:\/\/www.esin.av.tr\/tr\/"},{"@type":"ListItem","position":2,"name":"Elektrik Depolama Tesisleri: EPDK&#8217;dan Tamamlama S\u00fcreleri Hakk\u0131nda Karar"}]},{"@type":"WebSite","@id":"https:\/\/www.esin.av.tr\/tr\/#website","url":"https:\/\/www.esin.av.tr\/tr\/","name":"Esin Avukatl\u0131k Ortakl\u0131\u011f\u0131","description":"","publisher":{"@id":"https:\/\/www.esin.av.tr\/tr\/#organization"},"potentialAction":[{"@type":"SearchAction","target":{"@type":"EntryPoint","urlTemplate":"https:\/\/www.esin.av.tr\/tr\/?s={search_term_string}"},"query-input":{"@type":"PropertyValueSpecification","valueRequired":true,"valueName":"search_term_string"}}],"inLanguage":"tr"},{"@type":"Organization","@id":"https:\/\/www.esin.av.tr\/tr\/#organization","name":"Esin Avukatl\u0131k Ortakl\u0131\u011f\u0131","url":"https:\/\/www.esin.av.tr\/tr\/","logo":{"@type":"ImageObject","inLanguage":"tr","@id":"https:\/\/www.esin.av.tr\/tr\/#\/schema\/logo\/image\/","url":"https:\/\/www.esin.av.tr\/wp-content\/uploads\/2021\/09\/esin-2.jpg","contentUrl":"https:\/\/www.esin.av.tr\/wp-content\/uploads\/2021\/09\/esin-2.jpg","width":800,"height":460,"caption":"Esin Avukatl\u0131k Ortakl\u0131\u011f\u0131"},"image":{"@id":"https:\/\/www.esin.av.tr\/tr\/#\/schema\/logo\/image\/"}},{"@type":"Person","@id":"https:\/\/www.esin.av.tr\/tr\/#\/schema\/person\/42c8e616aab56b8622fa365ad63282ae","name":"R\u0131dvan Konrat","image":{"@type":"ImageObject","inLanguage":"tr","@id":"https:\/\/www.esin.av.tr\/tr\/#\/schema\/person\/image\/","url":"https:\/\/secure.gravatar.com\/avatar\/b20c6c583be38ed4e76e32f69fccc676?s=96&d=mm&r=g","contentUrl":"https:\/\/secure.gravatar.com\/avatar\/b20c6c583be38ed4e76e32f69fccc676?s=96&d=mm&r=g","caption":"R\u0131dvan Konrat"},"sameAs":["http:\/\/www.esin.av.tr"],"url":"https:\/\/www.esin.av.tr\/tr\/author\/rkonrat\/"}]}},"_links":{"self":[{"href":"https:\/\/www.esin.av.tr\/tr\/wp-json\/wp\/v2\/posts\/20543","targetHints":{"allow":["GET"]}}],"collection":[{"href":"https:\/\/www.esin.av.tr\/tr\/wp-json\/wp\/v2\/posts"}],"about":[{"href":"https:\/\/www.esin.av.tr\/tr\/wp-json\/wp\/v2\/types\/post"}],"author":[{"embeddable":true,"href":"https:\/\/www.esin.av.tr\/tr\/wp-json\/wp\/v2\/users\/4"}],"replies":[{"embeddable":true,"href":"https:\/\/www.esin.av.tr\/tr\/wp-json\/wp\/v2\/comments?post=20543"}],"version-history":[{"count":1,"href":"https:\/\/www.esin.av.tr\/tr\/wp-json\/wp\/v2\/posts\/20543\/revisions"}],"predecessor-version":[{"id":20544,"href":"https:\/\/www.esin.av.tr\/tr\/wp-json\/wp\/v2\/posts\/20543\/revisions\/20544"}],"wp:attachment":[{"href":"https:\/\/www.esin.av.tr\/tr\/wp-json\/wp\/v2\/media?parent=20543"}],"wp:term":[{"taxonomy":"category","embeddable":true,"href":"https:\/\/www.esin.av.tr\/tr\/wp-json\/wp\/v2\/categories?post=20543"},{"taxonomy":"post_tag","embeddable":true,"href":"https:\/\/www.esin.av.tr\/tr\/wp-json\/wp\/v2\/tags?post=20543"}],"curies":[{"name":"wp","href":"https:\/\/api.w.org\/{rel}","templated":true}]}}