{"id":20445,"date":"2021-10-01T08:26:05","date_gmt":"2021-10-01T08:26:05","guid":{"rendered":"https:\/\/www.esin.av.tr\/?p=20445"},"modified":"2021-10-02T19:16:21","modified_gmt":"2021-10-02T19:16:21","slug":"gumruk-yonetmeligindeki-degisiklikler-neler-getiriyor","status":"publish","type":"post","link":"https:\/\/www.esin.av.tr\/tr\/2021\/10\/01\/gumruk-yonetmeligindeki-degisiklikler-neler-getiriyor\/","title":{"rendered":"G\u00fcmr\u00fck Y\u00f6netmeli\u011fi&#8217;ndeki De\u011fi\u015fiklikler Neler Getiriyor?"},"content":{"rendered":"<p><strong><a href=\"https:\/\/podcast.esin.av.tr\/?lang=tr&amp;playing=PFC6345232982?updated=1633075079\" target=\"_blank\" rel=\"noopener\"><img decoding=\"async\" class=\"alignnone  wp-image-18799\" src=\"https:\/\/www.esin.av.tr\/wp-content\/uploads\/2021\/02\/1.png\" alt=\"\" width=\"50\" height=\"50\" srcset=\"https:\/\/www.esin.av.tr\/wp-content\/uploads\/2021\/02\/1.png 186w, https:\/\/www.esin.av.tr\/wp-content\/uploads\/2021\/02\/1-150x150.png 150w\" sizes=\"(max-width: 50px) 100vw, 50px\" \/><\/a>\u00a0 \u00a0 \u00a0 \u00a0 \u00a0 Art\u0131k b\u00fcltenlerimizi sesli olarak da dinleyebilirsiniz!<\/strong><\/p>\n<p>&nbsp;<\/p>\n<h2>Ticaret Bakanl\u0131\u011f\u0131, G\u00fcmr\u00fck Y\u00f6netmeli\u011fi uyar\u0131nca transit rejimler i\u00e7in \u00f6ng\u00f6r\u00fclen basitle\u015ftirilmi\u015f usuller, ge\u00e7ici depolama yeri i\u015fleticileri \u015fartlar\u0131 ve yat\u0131r\u0131m iznine dair maddelerde de\u011fi\u015fiklikler yapt\u0131. G\u00fcmr\u00fck Y\u00f6netmeli\u011fi&#8217;nde yap\u0131lan d\u00fczenlemeler aras\u0131nda transit rejimler i\u00e7in izinli g\u00f6nderici yetkisinin getirilmesi, ge\u00e7ici depolama yeri ve antrepo a\u00e7ma izni almak i\u00e7in yap\u0131lan ba\u015fvurularda aranan kesinle\u015fmi\u015f mahkumiyet karar\u0131 bulunmamas\u0131 \u015fart\u0131na ili\u015fkin su\u00e7lar\u0131n kapsam\u0131 ve tabi olduklar\u0131 mevzuat\u0131n netle\u015ftirilmesi yer al\u0131yor. De\u011fi\u015fiklikler kapsam\u0131nda G\u00fcmr\u00fck \u0130\u015flemlerinin Kolayla\u015ft\u0131r\u0131lmas\u0131 Y\u00f6netmeli\u011fi h\u00fck\u00fcmleri \u00e7er\u00e7evesinde halihaz\u0131rda al\u0131nm\u0131\u015f olan izinli g\u00f6nderici yetkisi ve tesis yetkilendirmelerine ili\u015fkin ge\u00e7i\u015f s\u00fcreci de d\u00fczenlenmektedir.<\/h2>\n<h3><strong>Yeni Geli\u015fme <\/strong><\/h3>\n<p>Ticaret Bakanl\u0131\u011f\u0131 (&#8220;<strong>Bakanl\u0131k<\/strong>&#8220;), 24 Eyl\u00fcl 2021 tarihinde G\u00fcmr\u00fck Y\u00f6netmeli\u011fi&#8217;nde (&#8220;<strong>Y\u00f6netmelik<\/strong>&#8220;) de\u011fi\u015fiklikler yapt\u0131. De\u011fi\u015fiklikler kapsam\u0131nda izinli g\u00f6nderici yetkisi d\u00fczenlendi ve ge\u00e7ici depolama yeri i\u015fleticilerinde aranacak \u015fartlar ile yat\u0131r\u0131m iznine dair maddelerde g\u00fcncellemeler yap\u0131ld\u0131. Y\u00f6netmelik&#8217;in izinli g\u00f6nderici yetkisine ili\u015fkin maddeleri 1 Ocak 2022&#8217;de y\u00fcr\u00fcrl\u00fc\u011fe girecek.<br \/>\nY\u00f6netmelik metnine <a href=\"https:\/\/urldefense.com\/v3\/__https:\/esinxchange.com\/collect\/click.aspx?u=a054WWpsMGxBUFEySFdpalRFNDNPc3RILzV1b0g1YlMwTmlwQmZZbElGUG11VzdXZ0xOZm1UbmtUUnZZbGJLRG4ydGZzTzdqYzVSblBXeGdES2QrU0J5Qmc5TWI2ZUFxVzNKWDJnZWpRR0FrZVFEUWxWSHAzc1F4S2dzN1ZRaDM=&amp;rh=ff00829f9551d5126da8234e914cb0006d39b06e__;!!Hj9Y_P0nvg!EuadP_6Ubk-OXTGcLdsEiv-8e7HDoyYOR6zv7CTVbZ5t0YazIrbXPL9JBrebJ4ySzTQ$\">buradan <\/a>ula\u015fabilirsiniz.<\/p>\n<h3<<strong>Ne De\u011fi\u015fecek?<\/strong><\/h3>\n<p>Transit rejimine konu e\u015fyalar i\u00e7in basitle\u015ftirilmi\u015f usuller aras\u0131nda &#8220;izinli g\u00f6nderici yetkisi&#8221; eklendi. S\u00f6z konusu yetki, transit rejimine konu e\u015fyan\u0131n hareket idaresine sunulmaks\u0131z\u0131n transit i\u015flemlerini ger\u00e7ekle\u015ftirmek isteyen ki\u015filere verilebilecektir. \u0130zinli g\u00f6nderici yetkisi ba\u015fvurular\u0131nda aranacak ko\u015fullar, izlenecek usul, yetkinin ask\u0131ya al\u0131nmas\u0131 iptali, g\u00fcmr\u00fck i\u015flemleri ve di\u011fer konular Bakanl\u0131k\u00e7a d\u00fczenlenecektir.<\/p>\n<p>Yap\u0131lan de\u011fi\u015fiklikler kapsam\u0131nda, ge\u00e7ici depolama yeri a\u00e7mak ve antrepo a\u00e7ma izni almak \u00fczere ba\u015fvuran ger\u00e7ek ki\u015filerin ve t\u00fczel ki\u015filerin y\u00f6netim kurulu ba\u015fkan\u0131 ve \u00fcyeleri ile \u015firket sermayesinin %10 veya daha fazlas\u0131na sahip ger\u00e7ek ki\u015filerin; haklar\u0131nda kesinle\u015fmi\u015f mahkumiyet karar\u0131 bulunmamas\u0131 \u015fart\u0131n\u0131n arand\u0131\u011f\u0131 su\u00e7lar\u0131n kapsam\u0131 ve tabi olduklar\u0131 mevzuat kalemleri netle\u015ftirildi.<\/p>\n<p>Antrepo yat\u0131r\u0131m izni ile ge\u00e7ici depolama \u00f6n izni ve bunlara ili\u015fkin a\u00e7ma ve i\u015fletme izni ile devir ba\u015fvurular\u0131n\u0131n; Y\u00f6netmelik&#8217;te say\u0131lan su\u00e7lara ili\u015fkin g\u00fcmr\u00fck idaresinin y\u00fcr\u00fctt\u00fc\u011f\u00fc bir inceleme, ara\u015ft\u0131rma, soru\u015fturma veya dava olmas\u0131 halinde bunlar\u0131n sonu\u00e7lanmas\u0131na kadar de\u011ferlendirilmeye al\u0131nmayaca\u011f\u0131na dair d\u00fczenleme kald\u0131r\u0131ld\u0131.<\/p>\n<p><em><u>\u0130zinli G\u00f6nderici Yetkisine \u0130li\u015fkin Ge\u00e7i\u015f S\u00fcreci<\/u><\/em><\/p>\n<p>Y\u00f6netmelik de\u011fi\u015fikliklerinden \u00f6nce G\u00fcmr\u00fck \u0130\u015flemlerinin Kolayla\u015ft\u0131r\u0131lmas\u0131 Y\u00f6netmeli\u011fi h\u00fck\u00fcmleri \u00e7er\u00e7evesinde halihaz\u0131rda izinli g\u00f6nderici yetkisi ve tesis yetkilendirmesi alm\u0131\u015f olanlar\u0131n yetkileri, 31 Aral\u0131k 2023 tarihine kadar ge\u00e7erlili\u011fini koruyacakt\u0131r. S\u00f6z konusu yetki sahipleri, Y\u00f6netmelik uyar\u0131nca yapacaklar\u0131 ba\u015fvurular\u0131 sonu\u00e7lan\u0131ncaya kadar G\u00fcmr\u00fck \u0130\u015flemlerinin Kolayla\u015ft\u0131r\u0131lmas\u0131 Y\u00f6netmeli\u011fi&#8217;nin izinli g\u00f6ndericiye ili\u015fkin h\u00fck\u00fcmlerine tabi olacakt\u0131r.<\/p>\n<p>Daha \u00f6nceden G\u00fcmr\u00fck \u0130\u015flemlerinin Kolayla\u015ft\u0131r\u0131lmas\u0131 Y\u00f6netmeli\u011fi uyar\u0131nca izinli g\u00f6nderici yetkisi tan\u0131nm\u0131\u015f olan ki\u015filere Y\u00f6netmelik uyar\u0131nca izinli g\u00f6nderici yetkisi verilmesi halinde; bu ki\u015filerin \u00f6nceki yetkileri geri al\u0131nacakt\u0131r.<\/p>\n<h3><strong>Sonu\u00e7<\/strong><\/h3>\n<p>Y\u00f6netmelik de\u011fi\u015fiklikleri ile transit rejimine konu e\u015fyalar i\u00e7in izinli g\u00f6nderici yetkisine dair d\u00fczenlemeler getirildi, ge\u00e7ici depolama yeri ve antrepo izni \u015fartlar\u0131na ili\u015fkin maddelerde g\u00fcncellemeler yap\u0131ld\u0131. \u0130zinli g\u00f6nderici yetkisi d\u00fczenlemeleri 1 Ocak 2022 tarihinde y\u00fcr\u00fcrl\u00fc\u011fe girecek. Y\u00f6netmelik h\u00fck\u00fcmleri kapsam\u0131nda izinli g\u00f6nderici yetkisi almak isteyen \u015firketlerin Bakanl\u0131k taraf\u0131ndan d\u00fczenlenecek usul ve esaslar do\u011frultusunda ba\u015fvuruda bulunmalar\u0131 gerekecektir.<\/p>\n","protected":false},"excerpt":{"rendered":"<p>\u00a0 \u00a0 \u00a0 \u00a0 \u00a0 Art\u0131k b\u00fcltenlerimizi sesli olarak da dinleyebilirsiniz! &nbsp; Ticaret Bakanl\u0131\u011f\u0131, G\u00fcmr\u00fck Y\u00f6netmeli\u011fi uyar\u0131nca transit rejimler i\u00e7in [&hellip;]<\/p>\n","protected":false},"author":4,"featured_media":0,"comment_status":"closed","ping_status":"closed","sticky":false,"template":"","format":"standard","meta":{"_acf_changed":false,"_stopmodifiedupdate":false,"_modified_date":"","footnotes":""},"categories":[120],"tags":[94],"class_list":["post-20445","post","type-post","status-publish","format-standard","hentry","category-legal-alerts","tag-international-commercial-and-trade-tr"],"acf":[],"yoast_head":"<!-- This site is optimized with the Yoast SEO plugin v24.0 - https:\/\/yoast.com\/wordpress\/plugins\/seo\/ -->\n<title>G\u00fcmr\u00fck Y\u00f6netmeli\u011fi&#039;ndeki De\u011fi\u015fiklikler Neler Getiriyor?<\/title>\n<meta name=\"description\" content=\"\u00a0 \u00a0 \u00a0 \u00a0 \u00a0 Art\u0131k b\u00fcltenlerimizi sesli olarak da dinleyebilirsiniz! &nbsp; Ticaret Bakanl\u0131\u011f\u0131, G\u00fcmr\u00fck Y\u00f6netmeli\u011fi uyar\u0131nca transit rejimler i\u00e7in \u00f6ng\u00f6r\u00fclen\" \/>\n<meta name=\"robots\" content=\"index, follow, max-snippet:-1, max-image-preview:large, max-video-preview:-1\" \/>\n<link rel=\"canonical\" href=\"https:\/\/www.esin.av.tr\/tr\/2021\/10\/01\/gumruk-yonetmeligindeki-degisiklikler-neler-getiriyor\/\" \/>\n<meta property=\"og:locale\" content=\"tr_TR\" \/>\n<meta property=\"og:type\" content=\"article\" \/>\n<meta property=\"og:title\" content=\"G\u00fcmr\u00fck Y\u00f6netmeli\u011fi&#039;ndeki De\u011fi\u015fiklikler Neler Getiriyor?\" \/>\n<meta property=\"og:description\" content=\"\u00a0 \u00a0 \u00a0 \u00a0 \u00a0 Art\u0131k b\u00fcltenlerimizi sesli olarak da dinleyebilirsiniz! &nbsp; Ticaret Bakanl\u0131\u011f\u0131, G\u00fcmr\u00fck Y\u00f6netmeli\u011fi uyar\u0131nca transit rejimler i\u00e7in \u00f6ng\u00f6r\u00fclen\" \/>\n<meta property=\"og:url\" content=\"https:\/\/www.esin.av.tr\/tr\/2021\/10\/01\/gumruk-yonetmeligindeki-degisiklikler-neler-getiriyor\/\" \/>\n<meta property=\"og:site_name\" content=\"Esin Avukatl\u0131k Ortakl\u0131\u011f\u0131\" \/>\n<meta property=\"article:published_time\" content=\"2021-10-01T08:26:05+00:00\" \/>\n<meta property=\"article:modified_time\" content=\"2021-10-02T19:16:21+00:00\" \/>\n<meta property=\"og:image\" content=\"https:\/\/www.esin.av.tr\/wp-content\/uploads\/2021\/02\/1.png\" \/>\n<meta name=\"author\" content=\"R\u0131dvan Konrat\" \/>\n<meta name=\"twitter:card\" content=\"summary_large_image\" \/>\n<meta name=\"twitter:label1\" content=\"Written by\" \/>\n\t<meta name=\"twitter:data1\" content=\"R\u0131dvan Konrat\" \/>\n\t<meta name=\"twitter:label2\" content=\"Est. reading time\" \/>\n\t<meta name=\"twitter:data2\" content=\"3 minutes\" \/>\n<script type=\"application\/ld+json\" class=\"yoast-schema-graph\">{\"@context\":\"https:\/\/schema.org\",\"@graph\":[{\"@type\":\"Article\",\"@id\":\"https:\/\/www.esin.av.tr\/tr\/2021\/10\/01\/gumruk-yonetmeligindeki-degisiklikler-neler-getiriyor\/#article\",\"isPartOf\":{\"@id\":\"https:\/\/www.esin.av.tr\/tr\/2021\/10\/01\/gumruk-yonetmeligindeki-degisiklikler-neler-getiriyor\/\"},\"author\":{\"name\":\"R\u0131dvan Konrat\",\"@id\":\"https:\/\/www.esin.av.tr\/tr\/#\/schema\/person\/42c8e616aab56b8622fa365ad63282ae\"},\"headline\":\"G\u00fcmr\u00fck Y\u00f6netmeli\u011fi&#8217;ndeki De\u011fi\u015fiklikler Neler Getiriyor?\",\"datePublished\":\"2021-10-01T08:26:05+00:00\",\"dateModified\":\"2021-10-02T19:16:21+00:00\",\"mainEntityOfPage\":{\"@id\":\"https:\/\/www.esin.av.tr\/tr\/2021\/10\/01\/gumruk-yonetmeligindeki-degisiklikler-neler-getiriyor\/\"},\"wordCount\":240,\"publisher\":{\"@id\":\"https:\/\/www.esin.av.tr\/tr\/#organization\"},\"image\":{\"@id\":\"https:\/\/www.esin.av.tr\/tr\/2021\/10\/01\/gumruk-yonetmeligindeki-degisiklikler-neler-getiriyor\/#primaryimage\"},\"thumbnailUrl\":\"https:\/\/www.esin.av.tr\/wp-content\/uploads\/2021\/02\/1.png\",\"keywords\":[\"Uluslararas\u0131 Ticaret Hukuku\"],\"articleSection\":[\"Hukuk B\u00fcltenleri\"],\"inLanguage\":\"tr\"},{\"@type\":\"WebPage\",\"@id\":\"https:\/\/www.esin.av.tr\/tr\/2021\/10\/01\/gumruk-yonetmeligindeki-degisiklikler-neler-getiriyor\/\",\"url\":\"https:\/\/www.esin.av.tr\/tr\/2021\/10\/01\/gumruk-yonetmeligindeki-degisiklikler-neler-getiriyor\/\",\"name\":\"G\u00fcmr\u00fck Y\u00f6netmeli\u011fi'ndeki De\u011fi\u015fiklikler Neler Getiriyor?\",\"isPartOf\":{\"@id\":\"https:\/\/www.esin.av.tr\/tr\/#website\"},\"primaryImageOfPage\":{\"@id\":\"https:\/\/www.esin.av.tr\/tr\/2021\/10\/01\/gumruk-yonetmeligindeki-degisiklikler-neler-getiriyor\/#primaryimage\"},\"image\":{\"@id\":\"https:\/\/www.esin.av.tr\/tr\/2021\/10\/01\/gumruk-yonetmeligindeki-degisiklikler-neler-getiriyor\/#primaryimage\"},\"thumbnailUrl\":\"https:\/\/www.esin.av.tr\/wp-content\/uploads\/2021\/02\/1.png\",\"datePublished\":\"2021-10-01T08:26:05+00:00\",\"dateModified\":\"2021-10-02T19:16:21+00:00\",\"description\":\"\u00a0 \u00a0 \u00a0 \u00a0 \u00a0 Art\u0131k b\u00fcltenlerimizi sesli olarak da dinleyebilirsiniz! &nbsp; Ticaret Bakanl\u0131\u011f\u0131, G\u00fcmr\u00fck Y\u00f6netmeli\u011fi uyar\u0131nca transit rejimler i\u00e7in \u00f6ng\u00f6r\u00fclen\",\"breadcrumb\":{\"@id\":\"https:\/\/www.esin.av.tr\/tr\/2021\/10\/01\/gumruk-yonetmeligindeki-degisiklikler-neler-getiriyor\/#breadcrumb\"},\"inLanguage\":\"tr\",\"potentialAction\":[{\"@type\":\"ReadAction\",\"target\":[\"https:\/\/www.esin.av.tr\/tr\/2021\/10\/01\/gumruk-yonetmeligindeki-degisiklikler-neler-getiriyor\/\"]}]},{\"@type\":\"ImageObject\",\"inLanguage\":\"tr\",\"@id\":\"https:\/\/www.esin.av.tr\/tr\/2021\/10\/01\/gumruk-yonetmeligindeki-degisiklikler-neler-getiriyor\/#primaryimage\",\"url\":\"https:\/\/www.esin.av.tr\/wp-content\/uploads\/2021\/02\/1.png\",\"contentUrl\":\"https:\/\/www.esin.av.tr\/wp-content\/uploads\/2021\/02\/1.png\"},{\"@type\":\"BreadcrumbList\",\"@id\":\"https:\/\/www.esin.av.tr\/tr\/2021\/10\/01\/gumruk-yonetmeligindeki-degisiklikler-neler-getiriyor\/#breadcrumb\",\"itemListElement\":[{\"@type\":\"ListItem\",\"position\":1,\"name\":\"Home\",\"item\":\"https:\/\/www.esin.av.tr\/tr\/\"},{\"@type\":\"ListItem\",\"position\":2,\"name\":\"G\u00fcmr\u00fck Y\u00f6netmeli\u011fi&#8217;ndeki De\u011fi\u015fiklikler Neler Getiriyor?\"}]},{\"@type\":\"WebSite\",\"@id\":\"https:\/\/www.esin.av.tr\/tr\/#website\",\"url\":\"https:\/\/www.esin.av.tr\/tr\/\",\"name\":\"Esin Avukatl\u0131k Ortakl\u0131\u011f\u0131\",\"description\":\"\",\"publisher\":{\"@id\":\"https:\/\/www.esin.av.tr\/tr\/#organization\"},\"potentialAction\":[{\"@type\":\"SearchAction\",\"target\":{\"@type\":\"EntryPoint\",\"urlTemplate\":\"https:\/\/www.esin.av.tr\/tr\/?s={search_term_string}\"},\"query-input\":{\"@type\":\"PropertyValueSpecification\",\"valueRequired\":true,\"valueName\":\"search_term_string\"}}],\"inLanguage\":\"tr\"},{\"@type\":\"Organization\",\"@id\":\"https:\/\/www.esin.av.tr\/tr\/#organization\",\"name\":\"Esin Avukatl\u0131k Ortakl\u0131\u011f\u0131\",\"url\":\"https:\/\/www.esin.av.tr\/tr\/\",\"logo\":{\"@type\":\"ImageObject\",\"inLanguage\":\"tr\",\"@id\":\"https:\/\/www.esin.av.tr\/tr\/#\/schema\/logo\/image\/\",\"url\":\"https:\/\/www.esin.av.tr\/wp-content\/uploads\/2021\/09\/esin-2.jpg\",\"contentUrl\":\"https:\/\/www.esin.av.tr\/wp-content\/uploads\/2021\/09\/esin-2.jpg\",\"width\":800,\"height\":460,\"caption\":\"Esin Avukatl\u0131k Ortakl\u0131\u011f\u0131\"},\"image\":{\"@id\":\"https:\/\/www.esin.av.tr\/tr\/#\/schema\/logo\/image\/\"}},{\"@type\":\"Person\",\"@id\":\"https:\/\/www.esin.av.tr\/tr\/#\/schema\/person\/42c8e616aab56b8622fa365ad63282ae\",\"name\":\"R\u0131dvan Konrat\",\"image\":{\"@type\":\"ImageObject\",\"inLanguage\":\"tr\",\"@id\":\"https:\/\/www.esin.av.tr\/tr\/#\/schema\/person\/image\/\",\"url\":\"https:\/\/secure.gravatar.com\/avatar\/b20c6c583be38ed4e76e32f69fccc676?s=96&d=mm&r=g\",\"contentUrl\":\"https:\/\/secure.gravatar.com\/avatar\/b20c6c583be38ed4e76e32f69fccc676?s=96&d=mm&r=g\",\"caption\":\"R\u0131dvan Konrat\"},\"sameAs\":[\"http:\/\/www.esin.av.tr\"],\"url\":\"https:\/\/www.esin.av.tr\/tr\/author\/rkonrat\/\"}]}<\/script>\n<!-- \/ Yoast SEO plugin. -->","yoast_head_json":{"title":"G\u00fcmr\u00fck Y\u00f6netmeli\u011fi'ndeki De\u011fi\u015fiklikler Neler Getiriyor?","description":"\u00a0 \u00a0 \u00a0 \u00a0 \u00a0 Art\u0131k b\u00fcltenlerimizi sesli olarak da dinleyebilirsiniz! &nbsp; Ticaret Bakanl\u0131\u011f\u0131, G\u00fcmr\u00fck Y\u00f6netmeli\u011fi uyar\u0131nca transit rejimler i\u00e7in \u00f6ng\u00f6r\u00fclen","robots":{"index":"index","follow":"follow","max-snippet":"max-snippet:-1","max-image-preview":"max-image-preview:large","max-video-preview":"max-video-preview:-1"},"canonical":"https:\/\/www.esin.av.tr\/tr\/2021\/10\/01\/gumruk-yonetmeligindeki-degisiklikler-neler-getiriyor\/","og_locale":"tr_TR","og_type":"article","og_title":"G\u00fcmr\u00fck Y\u00f6netmeli\u011fi'ndeki De\u011fi\u015fiklikler Neler Getiriyor?","og_description":"\u00a0 \u00a0 \u00a0 \u00a0 \u00a0 Art\u0131k b\u00fcltenlerimizi sesli olarak da dinleyebilirsiniz! &nbsp; Ticaret Bakanl\u0131\u011f\u0131, G\u00fcmr\u00fck Y\u00f6netmeli\u011fi uyar\u0131nca transit rejimler i\u00e7in \u00f6ng\u00f6r\u00fclen","og_url":"https:\/\/www.esin.av.tr\/tr\/2021\/10\/01\/gumruk-yonetmeligindeki-degisiklikler-neler-getiriyor\/","og_site_name":"Esin Avukatl\u0131k Ortakl\u0131\u011f\u0131","article_published_time":"2021-10-01T08:26:05+00:00","article_modified_time":"2021-10-02T19:16:21+00:00","og_image":[{"url":"https:\/\/www.esin.av.tr\/wp-content\/uploads\/2021\/02\/1.png","type":"","width":"","height":""}],"author":"R\u0131dvan Konrat","twitter_card":"summary_large_image","twitter_misc":{"Written by":"R\u0131dvan Konrat","Est. reading time":"3 minutes"},"schema":{"@context":"https:\/\/schema.org","@graph":[{"@type":"Article","@id":"https:\/\/www.esin.av.tr\/tr\/2021\/10\/01\/gumruk-yonetmeligindeki-degisiklikler-neler-getiriyor\/#article","isPartOf":{"@id":"https:\/\/www.esin.av.tr\/tr\/2021\/10\/01\/gumruk-yonetmeligindeki-degisiklikler-neler-getiriyor\/"},"author":{"name":"R\u0131dvan Konrat","@id":"https:\/\/www.esin.av.tr\/tr\/#\/schema\/person\/42c8e616aab56b8622fa365ad63282ae"},"headline":"G\u00fcmr\u00fck Y\u00f6netmeli\u011fi&#8217;ndeki De\u011fi\u015fiklikler Neler Getiriyor?","datePublished":"2021-10-01T08:26:05+00:00","dateModified":"2021-10-02T19:16:21+00:00","mainEntityOfPage":{"@id":"https:\/\/www.esin.av.tr\/tr\/2021\/10\/01\/gumruk-yonetmeligindeki-degisiklikler-neler-getiriyor\/"},"wordCount":240,"publisher":{"@id":"https:\/\/www.esin.av.tr\/tr\/#organization"},"image":{"@id":"https:\/\/www.esin.av.tr\/tr\/2021\/10\/01\/gumruk-yonetmeligindeki-degisiklikler-neler-getiriyor\/#primaryimage"},"thumbnailUrl":"https:\/\/www.esin.av.tr\/wp-content\/uploads\/2021\/02\/1.png","keywords":["Uluslararas\u0131 Ticaret Hukuku"],"articleSection":["Hukuk B\u00fcltenleri"],"inLanguage":"tr"},{"@type":"WebPage","@id":"https:\/\/www.esin.av.tr\/tr\/2021\/10\/01\/gumruk-yonetmeligindeki-degisiklikler-neler-getiriyor\/","url":"https:\/\/www.esin.av.tr\/tr\/2021\/10\/01\/gumruk-yonetmeligindeki-degisiklikler-neler-getiriyor\/","name":"G\u00fcmr\u00fck Y\u00f6netmeli\u011fi'ndeki De\u011fi\u015fiklikler Neler Getiriyor?","isPartOf":{"@id":"https:\/\/www.esin.av.tr\/tr\/#website"},"primaryImageOfPage":{"@id":"https:\/\/www.esin.av.tr\/tr\/2021\/10\/01\/gumruk-yonetmeligindeki-degisiklikler-neler-getiriyor\/#primaryimage"},"image":{"@id":"https:\/\/www.esin.av.tr\/tr\/2021\/10\/01\/gumruk-yonetmeligindeki-degisiklikler-neler-getiriyor\/#primaryimage"},"thumbnailUrl":"https:\/\/www.esin.av.tr\/wp-content\/uploads\/2021\/02\/1.png","datePublished":"2021-10-01T08:26:05+00:00","dateModified":"2021-10-02T19:16:21+00:00","description":"\u00a0 \u00a0 \u00a0 \u00a0 \u00a0 Art\u0131k b\u00fcltenlerimizi sesli olarak da dinleyebilirsiniz! &nbsp; Ticaret Bakanl\u0131\u011f\u0131, G\u00fcmr\u00fck Y\u00f6netmeli\u011fi uyar\u0131nca transit rejimler i\u00e7in \u00f6ng\u00f6r\u00fclen","breadcrumb":{"@id":"https:\/\/www.esin.av.tr\/tr\/2021\/10\/01\/gumruk-yonetmeligindeki-degisiklikler-neler-getiriyor\/#breadcrumb"},"inLanguage":"tr","potentialAction":[{"@type":"ReadAction","target":["https:\/\/www.esin.av.tr\/tr\/2021\/10\/01\/gumruk-yonetmeligindeki-degisiklikler-neler-getiriyor\/"]}]},{"@type":"ImageObject","inLanguage":"tr","@id":"https:\/\/www.esin.av.tr\/tr\/2021\/10\/01\/gumruk-yonetmeligindeki-degisiklikler-neler-getiriyor\/#primaryimage","url":"https:\/\/www.esin.av.tr\/wp-content\/uploads\/2021\/02\/1.png","contentUrl":"https:\/\/www.esin.av.tr\/wp-content\/uploads\/2021\/02\/1.png"},{"@type":"BreadcrumbList","@id":"https:\/\/www.esin.av.tr\/tr\/2021\/10\/01\/gumruk-yonetmeligindeki-degisiklikler-neler-getiriyor\/#breadcrumb","itemListElement":[{"@type":"ListItem","position":1,"name":"Home","item":"https:\/\/www.esin.av.tr\/tr\/"},{"@type":"ListItem","position":2,"name":"G\u00fcmr\u00fck Y\u00f6netmeli\u011fi&#8217;ndeki De\u011fi\u015fiklikler Neler Getiriyor?"}]},{"@type":"WebSite","@id":"https:\/\/www.esin.av.tr\/tr\/#website","url":"https:\/\/www.esin.av.tr\/tr\/","name":"Esin Avukatl\u0131k Ortakl\u0131\u011f\u0131","description":"","publisher":{"@id":"https:\/\/www.esin.av.tr\/tr\/#organization"},"potentialAction":[{"@type":"SearchAction","target":{"@type":"EntryPoint","urlTemplate":"https:\/\/www.esin.av.tr\/tr\/?s={search_term_string}"},"query-input":{"@type":"PropertyValueSpecification","valueRequired":true,"valueName":"search_term_string"}}],"inLanguage":"tr"},{"@type":"Organization","@id":"https:\/\/www.esin.av.tr\/tr\/#organization","name":"Esin Avukatl\u0131k Ortakl\u0131\u011f\u0131","url":"https:\/\/www.esin.av.tr\/tr\/","logo":{"@type":"ImageObject","inLanguage":"tr","@id":"https:\/\/www.esin.av.tr\/tr\/#\/schema\/logo\/image\/","url":"https:\/\/www.esin.av.tr\/wp-content\/uploads\/2021\/09\/esin-2.jpg","contentUrl":"https:\/\/www.esin.av.tr\/wp-content\/uploads\/2021\/09\/esin-2.jpg","width":800,"height":460,"caption":"Esin Avukatl\u0131k Ortakl\u0131\u011f\u0131"},"image":{"@id":"https:\/\/www.esin.av.tr\/tr\/#\/schema\/logo\/image\/"}},{"@type":"Person","@id":"https:\/\/www.esin.av.tr\/tr\/#\/schema\/person\/42c8e616aab56b8622fa365ad63282ae","name":"R\u0131dvan Konrat","image":{"@type":"ImageObject","inLanguage":"tr","@id":"https:\/\/www.esin.av.tr\/tr\/#\/schema\/person\/image\/","url":"https:\/\/secure.gravatar.com\/avatar\/b20c6c583be38ed4e76e32f69fccc676?s=96&d=mm&r=g","contentUrl":"https:\/\/secure.gravatar.com\/avatar\/b20c6c583be38ed4e76e32f69fccc676?s=96&d=mm&r=g","caption":"R\u0131dvan Konrat"},"sameAs":["http:\/\/www.esin.av.tr"],"url":"https:\/\/www.esin.av.tr\/tr\/author\/rkonrat\/"}]}},"_links":{"self":[{"href":"https:\/\/www.esin.av.tr\/tr\/wp-json\/wp\/v2\/posts\/20445","targetHints":{"allow":["GET"]}}],"collection":[{"href":"https:\/\/www.esin.av.tr\/tr\/wp-json\/wp\/v2\/posts"}],"about":[{"href":"https:\/\/www.esin.av.tr\/tr\/wp-json\/wp\/v2\/types\/post"}],"author":[{"embeddable":true,"href":"https:\/\/www.esin.av.tr\/tr\/wp-json\/wp\/v2\/users\/4"}],"replies":[{"embeddable":true,"href":"https:\/\/www.esin.av.tr\/tr\/wp-json\/wp\/v2\/comments?post=20445"}],"version-history":[{"count":1,"href":"https:\/\/www.esin.av.tr\/tr\/wp-json\/wp\/v2\/posts\/20445\/revisions"}],"predecessor-version":[{"id":20446,"href":"https:\/\/www.esin.av.tr\/tr\/wp-json\/wp\/v2\/posts\/20445\/revisions\/20446"}],"wp:attachment":[{"href":"https:\/\/www.esin.av.tr\/tr\/wp-json\/wp\/v2\/media?parent=20445"}],"wp:term":[{"taxonomy":"category","embeddable":true,"href":"https:\/\/www.esin.av.tr\/tr\/wp-json\/wp\/v2\/categories?post=20445"},{"taxonomy":"post_tag","embeddable":true,"href":"https:\/\/www.esin.av.tr\/tr\/wp-json\/wp\/v2\/tags?post=20445"}],"curies":[{"name":"wp","href":"https:\/\/api.w.org\/{rel}","templated":true}]}}