{"id":20214,"date":"2021-09-23T06:54:15","date_gmt":"2021-09-23T06:54:15","guid":{"rendered":"https:\/\/www.esin.av.tr\/?p=20214"},"modified":"2022-06-09T13:29:07","modified_gmt":"2022-06-09T13:29:07","slug":"calisma-ve-sosyal-guvenlik-bakanligindan-isyerlerinde-covid-19-tedbirleri-hakkinda-yazi","status":"publish","type":"post","link":"https:\/\/www.esin.av.tr\/tr\/2021\/09\/23\/calisma-ve-sosyal-guvenlik-bakanligindan-isyerlerinde-covid-19-tedbirleri-hakkinda-yazi\/","title":{"rendered":"\u00c7al\u0131\u015fma ve Sosyal G\u00fcvenlik Bakanl\u0131\u011f\u0131&#8217;ndan \u0130\u015fyerlerinde COVID-19 Tedbirleri Hakk\u0131nda Yaz\u0131"},"content":{"rendered":"<p><strong>Son Geli\u015fme<\/strong><\/p>\n<p>\u00c7al\u0131\u015fma ve Sosyal G\u00fcvenlik Bakanl\u0131\u011f\u0131&#8217;n\u0131n (&#8220;<strong>Bakanl\u0131k<\/strong>&#8220;) T\u00fcrkiye Odalar ve Borsalar Birli\u011fi Ba\u015fkanl\u0131\u011f\u0131&#8217;na g\u00f6nderdi\u011fi 17 Eyl\u00fcl 2021 tarihli ve &#8220;\u0130\u015fyerlerinde COVID-19 Tedbirleri&#8221; konulu yaz\u0131s\u0131nda (&#8220;<strong>Yaz\u0131<\/strong>&#8220;) Bakanl\u0131k, i\u015fyerindeki COVID-19 tedbirlerine uymayan i\u015f\u00e7iler hakk\u0131nda i\u015fverenlerce yap\u0131labilecek olan i\u015flemleri a\u00e7\u0131klam\u0131\u015ft\u0131r.<\/p>\n<p><strong>Yaz\u0131 Neleri D\u00fczenliyor?<\/strong><\/p>\n<p>Bakanl\u0131k, 3 Eyl\u00fcl 2021 tarihinde yay\u0131nlad\u0131\u011f\u0131 duyuruyla a\u015f\u0131 yapt\u0131rmam\u0131\u015f i\u015f\u00e7ilerin i\u015fverenleri taraf\u0131ndan ayr\u0131ca bilgilendirilmesi gerekti\u011fini ve s\u00f6z konusu i\u015f\u00e7ilerden zorunlu olarak PCR testi istenebilece\u011fini ifade etmi\u015fti. Yaz\u0131&#8217;da ise Bakanl\u0131k, yaz\u0131l\u0131 olarak bilgilendirilmi\u015f olmas\u0131na ra\u011fmen a\u015f\u0131 yapt\u0131rmayan veya PCR testi ibraz etmeyen i\u015f\u00e7iler hakk\u0131nda 4857 say\u0131l\u0131 \u0130\u015f Kanunu&#8217;nun i\u015f s\u00f6zle\u015fmesinin feshi, ge\u00e7ici i\u015f g\u00f6remezlik \u00f6dene\u011fi \u00f6denmesi, telafi \u00e7al\u0131\u015fmas\u0131 ve uzaktan \u00e7al\u0131\u015fma h\u00fck\u00fcmleri do\u011frultusunda i\u015flem yap\u0131labilece\u011fini d\u00fc\u015f\u00fcnd\u00fc\u011f\u00fcn\u00fc belirtmi\u015ftir. Bununla birlikte Bakanl\u0131k, i\u015fverenlerce feshin son \u00e7are olmas\u0131 ilkesinin g\u00f6z \u00f6n\u00fcnde bulundurulmas\u0131 ve i\u015f\u00e7ilerin i\u015flerini korumak i\u00e7in azami \u00f6zenin g\u00f6sterilmesi gerekti\u011fini vurgulam\u0131\u015ft\u0131r.<\/p>\n<p><strong>Sonu\u00e7<\/strong><\/p>\n<p>\u0130\u015fyerlerindeki COVID-19 tedbirlerine uymayan i\u015f\u00e7iler hakk\u0131nda yap\u0131lacak i\u015flemlerin i\u015fverenlerce her olay \u00f6zelinde de\u011ferlendirilmesi ve feshin yaln\u0131zca son \u00e7are olarak uygulanmas\u0131 gerekecektir.<\/p>\n","protected":false},"excerpt":{"rendered":"<p>Son Geli\u015fme \u00c7al\u0131\u015fma ve Sosyal G\u00fcvenlik Bakanl\u0131\u011f\u0131&#8217;n\u0131n (&#8220;Bakanl\u0131k&#8220;) T\u00fcrkiye Odalar ve Borsalar Birli\u011fi Ba\u015fkanl\u0131\u011f\u0131&#8217;na g\u00f6nderdi\u011fi 17 Eyl\u00fcl 2021 tarihli ve [&hellip;]<\/p>\n","protected":false},"author":4,"featured_media":0,"comment_status":"closed","ping_status":"closed","sticky":false,"template":"","format":"standard","meta":{"_acf_changed":false,"_stopmodifiedupdate":false,"_modified_date":"","footnotes":""},"categories":[120,149],"tags":[101],"class_list":["post-20214","post","type-post","status-publish","format-standard","hentry","category-legal-alerts","category-covid-19-tr","tag-employment-tr"],"acf":[],"yoast_head":"<!-- This site is optimized with the Yoast SEO plugin v24.0 - https:\/\/yoast.com\/wordpress\/plugins\/seo\/ -->\n<title>\u00c7al\u0131\u015fma ve Sosyal G\u00fcvenlik Bakanl\u0131\u011f\u0131&#039;ndan \u0130\u015fyerlerinde COVID-19 Tedbirleri Hakk\u0131nda Yaz\u0131<\/title>\n<meta name=\"description\" content=\"Son Geli\u015fme \u00c7al\u0131\u015fma ve Sosyal G\u00fcvenlik Bakanl\u0131\u011f\u0131&#039;n\u0131n (&quot;Bakanl\u0131k&quot;) T\u00fcrkiye Odalar ve Borsalar Birli\u011fi Ba\u015fkanl\u0131\u011f\u0131&#039;na g\u00f6nderdi\u011fi 17 Eyl\u00fcl 2021 tarihli ve\" \/>\n<meta name=\"robots\" content=\"index, follow, max-snippet:-1, max-image-preview:large, max-video-preview:-1\" \/>\n<link rel=\"canonical\" href=\"https:\/\/www.esin.av.tr\/tr\/2021\/09\/23\/calisma-ve-sosyal-guvenlik-bakanligindan-isyerlerinde-covid-19-tedbirleri-hakkinda-yazi\/\" \/>\n<meta property=\"og:locale\" content=\"tr_TR\" \/>\n<meta property=\"og:type\" content=\"article\" \/>\n<meta property=\"og:title\" content=\"\u00c7al\u0131\u015fma ve Sosyal G\u00fcvenlik Bakanl\u0131\u011f\u0131&#039;ndan \u0130\u015fyerlerinde COVID-19 Tedbirleri Hakk\u0131nda Yaz\u0131\" \/>\n<meta property=\"og:description\" content=\"Son Geli\u015fme \u00c7al\u0131\u015fma ve Sosyal G\u00fcvenlik Bakanl\u0131\u011f\u0131&#039;n\u0131n (&quot;Bakanl\u0131k&quot;) T\u00fcrkiye Odalar ve Borsalar Birli\u011fi Ba\u015fkanl\u0131\u011f\u0131&#039;na g\u00f6nderdi\u011fi 17 Eyl\u00fcl 2021 tarihli ve\" \/>\n<meta property=\"og:url\" content=\"https:\/\/www.esin.av.tr\/tr\/2021\/09\/23\/calisma-ve-sosyal-guvenlik-bakanligindan-isyerlerinde-covid-19-tedbirleri-hakkinda-yazi\/\" \/>\n<meta property=\"og:site_name\" content=\"Esin Avukatl\u0131k Ortakl\u0131\u011f\u0131\" \/>\n<meta property=\"article:published_time\" content=\"2021-09-23T06:54:15+00:00\" \/>\n<meta property=\"article:modified_time\" content=\"2022-06-09T13:29:07+00:00\" \/>\n<meta name=\"author\" content=\"R\u0131dvan Konrat\" \/>\n<meta name=\"twitter:card\" content=\"summary_large_image\" \/>\n<meta name=\"twitter:label1\" content=\"Written by\" \/>\n\t<meta name=\"twitter:data1\" content=\"R\u0131dvan Konrat\" \/>\n\t<meta name=\"twitter:label2\" content=\"Est. reading time\" \/>\n\t<meta name=\"twitter:data2\" content=\"1 minute\" \/>\n<script type=\"application\/ld+json\" class=\"yoast-schema-graph\">{\"@context\":\"https:\/\/schema.org\",\"@graph\":[{\"@type\":\"Article\",\"@id\":\"https:\/\/www.esin.av.tr\/tr\/2021\/09\/23\/calisma-ve-sosyal-guvenlik-bakanligindan-isyerlerinde-covid-19-tedbirleri-hakkinda-yazi\/#article\",\"isPartOf\":{\"@id\":\"https:\/\/www.esin.av.tr\/tr\/2021\/09\/23\/calisma-ve-sosyal-guvenlik-bakanligindan-isyerlerinde-covid-19-tedbirleri-hakkinda-yazi\/\"},\"author\":{\"name\":\"R\u0131dvan Konrat\",\"@id\":\"https:\/\/www.esin.av.tr\/tr\/#\/schema\/person\/42c8e616aab56b8622fa365ad63282ae\"},\"headline\":\"\u00c7al\u0131\u015fma ve Sosyal G\u00fcvenlik Bakanl\u0131\u011f\u0131&#8217;ndan \u0130\u015fyerlerinde COVID-19 Tedbirleri Hakk\u0131nda Yaz\u0131\",\"datePublished\":\"2021-09-23T06:54:15+00:00\",\"dateModified\":\"2022-06-09T13:29:07+00:00\",\"mainEntityOfPage\":{\"@id\":\"https:\/\/www.esin.av.tr\/tr\/2021\/09\/23\/calisma-ve-sosyal-guvenlik-bakanligindan-isyerlerinde-covid-19-tedbirleri-hakkinda-yazi\/\"},\"wordCount\":242,\"publisher\":{\"@id\":\"https:\/\/www.esin.av.tr\/tr\/#organization\"},\"keywords\":[\"\u0130\u015f Hukuku\"],\"articleSection\":[\"Hukuk B\u00fcltenleri\",\"Covid-19\"],\"inLanguage\":\"tr\"},{\"@type\":\"WebPage\",\"@id\":\"https:\/\/www.esin.av.tr\/tr\/2021\/09\/23\/calisma-ve-sosyal-guvenlik-bakanligindan-isyerlerinde-covid-19-tedbirleri-hakkinda-yazi\/\",\"url\":\"https:\/\/www.esin.av.tr\/tr\/2021\/09\/23\/calisma-ve-sosyal-guvenlik-bakanligindan-isyerlerinde-covid-19-tedbirleri-hakkinda-yazi\/\",\"name\":\"\u00c7al\u0131\u015fma ve Sosyal G\u00fcvenlik Bakanl\u0131\u011f\u0131'ndan \u0130\u015fyerlerinde COVID-19 Tedbirleri Hakk\u0131nda Yaz\u0131\",\"isPartOf\":{\"@id\":\"https:\/\/www.esin.av.tr\/tr\/#website\"},\"datePublished\":\"2021-09-23T06:54:15+00:00\",\"dateModified\":\"2022-06-09T13:29:07+00:00\",\"description\":\"Son Geli\u015fme \u00c7al\u0131\u015fma ve Sosyal G\u00fcvenlik Bakanl\u0131\u011f\u0131'n\u0131n (\\\"Bakanl\u0131k\\\") T\u00fcrkiye Odalar ve Borsalar Birli\u011fi Ba\u015fkanl\u0131\u011f\u0131'na g\u00f6nderdi\u011fi 17 Eyl\u00fcl 2021 tarihli ve\",\"breadcrumb\":{\"@id\":\"https:\/\/www.esin.av.tr\/tr\/2021\/09\/23\/calisma-ve-sosyal-guvenlik-bakanligindan-isyerlerinde-covid-19-tedbirleri-hakkinda-yazi\/#breadcrumb\"},\"inLanguage\":\"tr\",\"potentialAction\":[{\"@type\":\"ReadAction\",\"target\":[\"https:\/\/www.esin.av.tr\/tr\/2021\/09\/23\/calisma-ve-sosyal-guvenlik-bakanligindan-isyerlerinde-covid-19-tedbirleri-hakkinda-yazi\/\"]}]},{\"@type\":\"BreadcrumbList\",\"@id\":\"https:\/\/www.esin.av.tr\/tr\/2021\/09\/23\/calisma-ve-sosyal-guvenlik-bakanligindan-isyerlerinde-covid-19-tedbirleri-hakkinda-yazi\/#breadcrumb\",\"itemListElement\":[{\"@type\":\"ListItem\",\"position\":1,\"name\":\"Home\",\"item\":\"https:\/\/www.esin.av.tr\/tr\/\"},{\"@type\":\"ListItem\",\"position\":2,\"name\":\"\u00c7al\u0131\u015fma ve Sosyal G\u00fcvenlik Bakanl\u0131\u011f\u0131&#8217;ndan \u0130\u015fyerlerinde COVID-19 Tedbirleri Hakk\u0131nda Yaz\u0131\"}]},{\"@type\":\"WebSite\",\"@id\":\"https:\/\/www.esin.av.tr\/tr\/#website\",\"url\":\"https:\/\/www.esin.av.tr\/tr\/\",\"name\":\"Esin Avukatl\u0131k Ortakl\u0131\u011f\u0131\",\"description\":\"\",\"publisher\":{\"@id\":\"https:\/\/www.esin.av.tr\/tr\/#organization\"},\"potentialAction\":[{\"@type\":\"SearchAction\",\"target\":{\"@type\":\"EntryPoint\",\"urlTemplate\":\"https:\/\/www.esin.av.tr\/tr\/?s={search_term_string}\"},\"query-input\":{\"@type\":\"PropertyValueSpecification\",\"valueRequired\":true,\"valueName\":\"search_term_string\"}}],\"inLanguage\":\"tr\"},{\"@type\":\"Organization\",\"@id\":\"https:\/\/www.esin.av.tr\/tr\/#organization\",\"name\":\"Esin Avukatl\u0131k Ortakl\u0131\u011f\u0131\",\"url\":\"https:\/\/www.esin.av.tr\/tr\/\",\"logo\":{\"@type\":\"ImageObject\",\"inLanguage\":\"tr\",\"@id\":\"https:\/\/www.esin.av.tr\/tr\/#\/schema\/logo\/image\/\",\"url\":\"https:\/\/www.esin.av.tr\/wp-content\/uploads\/2021\/09\/esin-2.jpg\",\"contentUrl\":\"https:\/\/www.esin.av.tr\/wp-content\/uploads\/2021\/09\/esin-2.jpg\",\"width\":800,\"height\":460,\"caption\":\"Esin Avukatl\u0131k Ortakl\u0131\u011f\u0131\"},\"image\":{\"@id\":\"https:\/\/www.esin.av.tr\/tr\/#\/schema\/logo\/image\/\"}},{\"@type\":\"Person\",\"@id\":\"https:\/\/www.esin.av.tr\/tr\/#\/schema\/person\/42c8e616aab56b8622fa365ad63282ae\",\"name\":\"R\u0131dvan Konrat\",\"image\":{\"@type\":\"ImageObject\",\"inLanguage\":\"tr\",\"@id\":\"https:\/\/www.esin.av.tr\/tr\/#\/schema\/person\/image\/\",\"url\":\"https:\/\/secure.gravatar.com\/avatar\/b20c6c583be38ed4e76e32f69fccc676?s=96&d=mm&r=g\",\"contentUrl\":\"https:\/\/secure.gravatar.com\/avatar\/b20c6c583be38ed4e76e32f69fccc676?s=96&d=mm&r=g\",\"caption\":\"R\u0131dvan Konrat\"},\"sameAs\":[\"http:\/\/www.esin.av.tr\"],\"url\":\"https:\/\/www.esin.av.tr\/tr\/author\/rkonrat\/\"}]}<\/script>\n<!-- \/ Yoast SEO plugin. -->","yoast_head_json":{"title":"\u00c7al\u0131\u015fma ve Sosyal G\u00fcvenlik Bakanl\u0131\u011f\u0131'ndan \u0130\u015fyerlerinde COVID-19 Tedbirleri Hakk\u0131nda Yaz\u0131","description":"Son Geli\u015fme \u00c7al\u0131\u015fma ve Sosyal G\u00fcvenlik Bakanl\u0131\u011f\u0131'n\u0131n (\"Bakanl\u0131k\") T\u00fcrkiye Odalar ve Borsalar Birli\u011fi Ba\u015fkanl\u0131\u011f\u0131'na g\u00f6nderdi\u011fi 17 Eyl\u00fcl 2021 tarihli ve","robots":{"index":"index","follow":"follow","max-snippet":"max-snippet:-1","max-image-preview":"max-image-preview:large","max-video-preview":"max-video-preview:-1"},"canonical":"https:\/\/www.esin.av.tr\/tr\/2021\/09\/23\/calisma-ve-sosyal-guvenlik-bakanligindan-isyerlerinde-covid-19-tedbirleri-hakkinda-yazi\/","og_locale":"tr_TR","og_type":"article","og_title":"\u00c7al\u0131\u015fma ve Sosyal G\u00fcvenlik Bakanl\u0131\u011f\u0131'ndan \u0130\u015fyerlerinde COVID-19 Tedbirleri Hakk\u0131nda Yaz\u0131","og_description":"Son Geli\u015fme \u00c7al\u0131\u015fma ve Sosyal G\u00fcvenlik Bakanl\u0131\u011f\u0131'n\u0131n (\"Bakanl\u0131k\") T\u00fcrkiye Odalar ve Borsalar Birli\u011fi Ba\u015fkanl\u0131\u011f\u0131'na g\u00f6nderdi\u011fi 17 Eyl\u00fcl 2021 tarihli ve","og_url":"https:\/\/www.esin.av.tr\/tr\/2021\/09\/23\/calisma-ve-sosyal-guvenlik-bakanligindan-isyerlerinde-covid-19-tedbirleri-hakkinda-yazi\/","og_site_name":"Esin Avukatl\u0131k Ortakl\u0131\u011f\u0131","article_published_time":"2021-09-23T06:54:15+00:00","article_modified_time":"2022-06-09T13:29:07+00:00","author":"R\u0131dvan Konrat","twitter_card":"summary_large_image","twitter_misc":{"Written by":"R\u0131dvan Konrat","Est. reading time":"1 minute"},"schema":{"@context":"https:\/\/schema.org","@graph":[{"@type":"Article","@id":"https:\/\/www.esin.av.tr\/tr\/2021\/09\/23\/calisma-ve-sosyal-guvenlik-bakanligindan-isyerlerinde-covid-19-tedbirleri-hakkinda-yazi\/#article","isPartOf":{"@id":"https:\/\/www.esin.av.tr\/tr\/2021\/09\/23\/calisma-ve-sosyal-guvenlik-bakanligindan-isyerlerinde-covid-19-tedbirleri-hakkinda-yazi\/"},"author":{"name":"R\u0131dvan Konrat","@id":"https:\/\/www.esin.av.tr\/tr\/#\/schema\/person\/42c8e616aab56b8622fa365ad63282ae"},"headline":"\u00c7al\u0131\u015fma ve Sosyal G\u00fcvenlik Bakanl\u0131\u011f\u0131&#8217;ndan \u0130\u015fyerlerinde COVID-19 Tedbirleri Hakk\u0131nda Yaz\u0131","datePublished":"2021-09-23T06:54:15+00:00","dateModified":"2022-06-09T13:29:07+00:00","mainEntityOfPage":{"@id":"https:\/\/www.esin.av.tr\/tr\/2021\/09\/23\/calisma-ve-sosyal-guvenlik-bakanligindan-isyerlerinde-covid-19-tedbirleri-hakkinda-yazi\/"},"wordCount":242,"publisher":{"@id":"https:\/\/www.esin.av.tr\/tr\/#organization"},"keywords":["\u0130\u015f Hukuku"],"articleSection":["Hukuk B\u00fcltenleri","Covid-19"],"inLanguage":"tr"},{"@type":"WebPage","@id":"https:\/\/www.esin.av.tr\/tr\/2021\/09\/23\/calisma-ve-sosyal-guvenlik-bakanligindan-isyerlerinde-covid-19-tedbirleri-hakkinda-yazi\/","url":"https:\/\/www.esin.av.tr\/tr\/2021\/09\/23\/calisma-ve-sosyal-guvenlik-bakanligindan-isyerlerinde-covid-19-tedbirleri-hakkinda-yazi\/","name":"\u00c7al\u0131\u015fma ve Sosyal G\u00fcvenlik Bakanl\u0131\u011f\u0131'ndan \u0130\u015fyerlerinde COVID-19 Tedbirleri Hakk\u0131nda Yaz\u0131","isPartOf":{"@id":"https:\/\/www.esin.av.tr\/tr\/#website"},"datePublished":"2021-09-23T06:54:15+00:00","dateModified":"2022-06-09T13:29:07+00:00","description":"Son Geli\u015fme \u00c7al\u0131\u015fma ve Sosyal G\u00fcvenlik Bakanl\u0131\u011f\u0131'n\u0131n (\"Bakanl\u0131k\") T\u00fcrkiye Odalar ve Borsalar Birli\u011fi Ba\u015fkanl\u0131\u011f\u0131'na g\u00f6nderdi\u011fi 17 Eyl\u00fcl 2021 tarihli ve","breadcrumb":{"@id":"https:\/\/www.esin.av.tr\/tr\/2021\/09\/23\/calisma-ve-sosyal-guvenlik-bakanligindan-isyerlerinde-covid-19-tedbirleri-hakkinda-yazi\/#breadcrumb"},"inLanguage":"tr","potentialAction":[{"@type":"ReadAction","target":["https:\/\/www.esin.av.tr\/tr\/2021\/09\/23\/calisma-ve-sosyal-guvenlik-bakanligindan-isyerlerinde-covid-19-tedbirleri-hakkinda-yazi\/"]}]},{"@type":"BreadcrumbList","@id":"https:\/\/www.esin.av.tr\/tr\/2021\/09\/23\/calisma-ve-sosyal-guvenlik-bakanligindan-isyerlerinde-covid-19-tedbirleri-hakkinda-yazi\/#breadcrumb","itemListElement":[{"@type":"ListItem","position":1,"name":"Home","item":"https:\/\/www.esin.av.tr\/tr\/"},{"@type":"ListItem","position":2,"name":"\u00c7al\u0131\u015fma ve Sosyal G\u00fcvenlik Bakanl\u0131\u011f\u0131&#8217;ndan \u0130\u015fyerlerinde COVID-19 Tedbirleri Hakk\u0131nda Yaz\u0131"}]},{"@type":"WebSite","@id":"https:\/\/www.esin.av.tr\/tr\/#website","url":"https:\/\/www.esin.av.tr\/tr\/","name":"Esin Avukatl\u0131k Ortakl\u0131\u011f\u0131","description":"","publisher":{"@id":"https:\/\/www.esin.av.tr\/tr\/#organization"},"potentialAction":[{"@type":"SearchAction","target":{"@type":"EntryPoint","urlTemplate":"https:\/\/www.esin.av.tr\/tr\/?s={search_term_string}"},"query-input":{"@type":"PropertyValueSpecification","valueRequired":true,"valueName":"search_term_string"}}],"inLanguage":"tr"},{"@type":"Organization","@id":"https:\/\/www.esin.av.tr\/tr\/#organization","name":"Esin Avukatl\u0131k Ortakl\u0131\u011f\u0131","url":"https:\/\/www.esin.av.tr\/tr\/","logo":{"@type":"ImageObject","inLanguage":"tr","@id":"https:\/\/www.esin.av.tr\/tr\/#\/schema\/logo\/image\/","url":"https:\/\/www.esin.av.tr\/wp-content\/uploads\/2021\/09\/esin-2.jpg","contentUrl":"https:\/\/www.esin.av.tr\/wp-content\/uploads\/2021\/09\/esin-2.jpg","width":800,"height":460,"caption":"Esin Avukatl\u0131k Ortakl\u0131\u011f\u0131"},"image":{"@id":"https:\/\/www.esin.av.tr\/tr\/#\/schema\/logo\/image\/"}},{"@type":"Person","@id":"https:\/\/www.esin.av.tr\/tr\/#\/schema\/person\/42c8e616aab56b8622fa365ad63282ae","name":"R\u0131dvan Konrat","image":{"@type":"ImageObject","inLanguage":"tr","@id":"https:\/\/www.esin.av.tr\/tr\/#\/schema\/person\/image\/","url":"https:\/\/secure.gravatar.com\/avatar\/b20c6c583be38ed4e76e32f69fccc676?s=96&d=mm&r=g","contentUrl":"https:\/\/secure.gravatar.com\/avatar\/b20c6c583be38ed4e76e32f69fccc676?s=96&d=mm&r=g","caption":"R\u0131dvan Konrat"},"sameAs":["http:\/\/www.esin.av.tr"],"url":"https:\/\/www.esin.av.tr\/tr\/author\/rkonrat\/"}]}},"_links":{"self":[{"href":"https:\/\/www.esin.av.tr\/tr\/wp-json\/wp\/v2\/posts\/20214","targetHints":{"allow":["GET"]}}],"collection":[{"href":"https:\/\/www.esin.av.tr\/tr\/wp-json\/wp\/v2\/posts"}],"about":[{"href":"https:\/\/www.esin.av.tr\/tr\/wp-json\/wp\/v2\/types\/post"}],"author":[{"embeddable":true,"href":"https:\/\/www.esin.av.tr\/tr\/wp-json\/wp\/v2\/users\/4"}],"replies":[{"embeddable":true,"href":"https:\/\/www.esin.av.tr\/tr\/wp-json\/wp\/v2\/comments?post=20214"}],"version-history":[{"count":1,"href":"https:\/\/www.esin.av.tr\/tr\/wp-json\/wp\/v2\/posts\/20214\/revisions"}],"predecessor-version":[{"id":20215,"href":"https:\/\/www.esin.av.tr\/tr\/wp-json\/wp\/v2\/posts\/20214\/revisions\/20215"}],"wp:attachment":[{"href":"https:\/\/www.esin.av.tr\/tr\/wp-json\/wp\/v2\/media?parent=20214"}],"wp:term":[{"taxonomy":"category","embeddable":true,"href":"https:\/\/www.esin.av.tr\/tr\/wp-json\/wp\/v2\/categories?post=20214"},{"taxonomy":"post_tag","embeddable":true,"href":"https:\/\/www.esin.av.tr\/tr\/wp-json\/wp\/v2\/tags?post=20214"}],"curies":[{"name":"wp","href":"https:\/\/api.w.org\/{rel}","templated":true}]}}