{"id":20206,"date":"2021-09-20T06:44:06","date_gmt":"2021-09-20T06:44:06","guid":{"rendered":"https:\/\/www.esin.av.tr\/?p=20206"},"modified":"2022-06-09T13:29:12","modified_gmt":"2022-06-09T13:29:12","slug":"kvkk-biyometrik-verilerin-islenmesinde-dikkat-edilmesi-gereken-hususlara-iliskin-rehberi-yayimladi","status":"publish","type":"post","link":"https:\/\/www.esin.av.tr\/tr\/2021\/09\/20\/kvkk-biyometrik-verilerin-islenmesinde-dikkat-edilmesi-gereken-hususlara-iliskin-rehberi-yayimladi\/","title":{"rendered":"KVKK Biyometrik Verilerin \u0130\u015flenmesinde Dikkat Edilmesi Gereken Hususlara \u0130li\u015fkin Rehberi Yay\u0131mlad\u0131"},"content":{"rendered":"<p><strong>Yeni Geli\u015fme<\/strong><\/p>\n<p>Ki\u015fisel Verileri Koruma Kurumu (&#8220;<strong>Kurum<\/strong>&#8220;) 17 Eyl\u00fcl 2021 tarihinde Biyometrik Verilerin \u0130\u015flenmesinde Dikkat Edilmesi Gereken Hususlara \u0130li\u015fkin Rehberi (&#8220;<strong>Rehber<\/strong>&#8220;) yay\u0131mlad\u0131. Rehber, biyometrik verilerin tan\u0131m\u0131n\u0131 yaparak KVKK uyar\u0131nca i\u015fleme \u015fartlar\u0131na ve ilkelerine yer vermektedir. Rehbere <a href=\"https:\/\/urldefense.com\/v3\/__https:\/esinxchange.com\/collect\/click.aspx?u=NTJLM2lhcXNLakFIRjRvYlJzdDdOb25GYWx5VUlRbjJSSnpEZzBRT0hPZmhHS1dVUmU5ck91N1hlcHllTGNDT3hldk5hUjdtWFlmalVRMkk3VVFHNlM5YnJaUWhOTmFPemJUZWFmd2xiY2RKeXp6VFZyOVZwTHFRMlNOTzlXZy9vaklXWWxyMGRyOUNsZzZDV2lIL1dDU2JMZ1kwSThONQ==&amp;rh=ff0081b2e6d4562f08f69ea51842b5ebe79aa4ae__;!!Hj9Y_P0nvg!DTlZWN1lp-kQQdqt7BWQlO0Sw_6JHThNZq9K0GrxQWNW1DbC8wUx8PXams__4cHH4LQ$\">buradan <\/a>ula\u015fabilirsiniz.<\/p>\n<p><strong>Rehber Neleri Kaps\u0131yor? <\/strong><\/p>\n<p>Rehber, ilk olarak yarg\u0131 kararlar\u0131ndan ve Avrupa Birli\u011fi Genel Veri Koruma T\u00fcz\u00fc\u011f\u00fc&#8217;ndeki tan\u0131mdan yola \u00e7\u0131karak biyometrik verilerin tan\u0131m\u0131n\u0131 yapmaktad\u0131r. Bu tan\u0131mlardan hareketle biyometrik veriler insana ait fiziksel veya davran\u0131\u015fsal \u00f6zellikler olarak tan\u0131mlanm\u0131\u015f ve bu verilerin ki\u015fiye \u00f6zg\u00fc, benzersiz ve tek oldu\u011fu belirtilmi\u015ftir. \u0130laveten, biyometrik verilerin (i) unutulmas\u0131 m\u00fcmk\u00fcn olmayan, (ii) \u00f6m\u00fcr boyu ayn\u0131 kalan ve (iii) m\u00fcdahale olmaks\u0131z\u0131n sahip olunan veriler oldu\u011fu ifade edilmi\u015ftir. Biyometrik veriler ile ki\u015filerin ay\u0131rt edilmeleri kolayla\u015fmakta ve kar\u0131\u015ft\u0131r\u0131lma ihtimalleri ortadan kalkmaktad\u0131r.<\/p>\n<p>Kurum, biyometrik verileri fiziksel ve davran\u0131\u015fsal nitelikli biyometrik veri olarak iki kategoriye ay\u0131rmaktad\u0131r. Fiziksel nitelikli biyometrik verilere ki\u015finin parmak izi, retinas\u0131, avu\u00e7 i\u00e7i, y\u00fcz\u00fc, el \u015fekli, irisi; davran\u0131\u015fsal nitelikli biyometrik verilere ki\u015finin y\u00fcr\u00fcy\u00fc\u015f bi\u00e7imi, klavyeye bas\u0131\u015f bi\u00e7imi, araba s\u00fcr\u00fc\u015f bi\u00e7imi \u00f6rnek olarak verilmektedir.<\/p>\n<p>Kurum, biyometrik verilerin Ki\u015fisel Verilerin Korunmas\u0131 Kanunu&#8217;nun (&#8220;<strong>Kanun<\/strong>&#8220;) 6. maddesi uyar\u0131nca \u00f6zel nitelikli ki\u015fisel veri olarak say\u0131ld\u0131\u011f\u0131 ve \u00f6zel nitelikli ki\u015fisel verilerin i\u015flenme \u015fartlar\u0131na tabi oldu\u011funu belirtmi\u015ftir. Kanun&#8217;un 6. maddesinin 3. f\u0131kras\u0131 uyar\u0131nca sa\u011fl\u0131k ve cinsel hayat d\u0131\u015f\u0131ndaki ki\u015fisel veriler, kanunlarda \u00f6ng\u00f6r\u00fclen h\u00e2llerde ilgili ki\u015finin a\u00e7\u0131k r\u0131zas\u0131 aranmaks\u0131z\u0131n i\u015flenebilir. Kurum, ba\u015fka kanunlarda biyometrik verilerin i\u015flenmesine ili\u015fkin a\u00e7\u0131k h\u00fck\u00fcm bulundu\u011fu takdirde bu h\u00fck\u00fcmlerin uygulanaca\u011f\u0131n\u0131 da belirtmi\u015ftir. \u0130laveten, Kurum, biyometrik verilerin i\u015flenmesinde Kanun&#8217;un 4. maddesi uyar\u0131nca genel ilkelere uygun olarak i\u015fleme faaliyetinin ger\u00e7ekle\u015ftirilmesi gerekti\u011fini ifade etmi\u015ftir. Bu genel ilkelere uyulmas\u0131n\u0131n yan\u0131 s\u0131ra, Kurum, 25\/03\/2019 tarihli ve 2019\/81 say\u0131l\u0131 ve 31\/05\/2019 tarihli ve 2019\/165 say\u0131l\u0131 biyometrik verilere ili\u015fkin <a href=\"https:\/\/urldefense.com\/v3\/__https:\/esinxchange.com\/collect\/click.aspx?u=NTJLM2lhcXNLakFIRjRvYlJzdDdOb25GYWx5VUlRbjJSSnpEZzBRT0hPY0s0NzlJMXFBVElJUmpzZUJWbG5EeGRybDN3ejhmVnlGTWZ2SkFzQUVZUW02SFVzd2E3VjNMWFBhay84eWFoZzQ9&amp;rh=ff0081b2e6d4562f08f69ea51842b5ebe79aa4ae__;!!Hj9Y_P0nvg!DTlZWN1lp-kQQdqt7BWQlO0Sw_6JHThNZq9K0GrxQWNW1DbC8wUx8PXams__5pE4FzI$\">karar \u00f6zetlerine<\/a> at\u0131fta bulunarak biyometrik verilerin i\u015flenmesinde somut olay \u00f6zelinde de\u011ferlendirme yap\u0131lmas\u0131 gerekti\u011fini de belirtmi\u015ftir.<\/p>\n<p>Rehber uyar\u0131nca biyometrik verilerin i\u015flenmesinde uyulmas\u0131 gereken ilkeler a\u015fa\u011f\u0131daki gibidir:<\/p>\n<ul>\n<li>Veri sorumlusu Kanun&#8217;un 4. maddesi ve 6. maddesine ve i\u015fbu Rehber&#8217;de belirtilen ilkelere uygun \u015fekilde biyometrik verileri i\u015flemelidir. Biyometrik veriler a\u015fa\u011f\u0131daki ilkeler uyar\u0131nca i\u015flenmelidir:\n<ul>\n<li>Veri i\u015fleme faaliyeti temel hak ve \u00f6zg\u00fcrl\u00fcklerin \u00f6z\u00fcne dokunmamal\u0131d\u0131r.<\/li>\n<li>Veri i\u015fleme i\u00e7in ba\u015fvurulan y\u00f6ntem i\u015fleme amac\u0131na ula\u015f\u0131labilmesi bak\u0131m\u0131ndan elveri\u015fli ve ama\u00e7 i\u00e7in uygun olmal\u0131d\u0131r.<\/li>\n<li>Biyometrik veri i\u015fleme y\u00f6ntemi ula\u015f\u0131lmak istenen ama\u00e7 bak\u0131m\u0131ndan gerekli olmal\u0131d\u0131r.<\/li>\n<li>Veri i\u015flemeyle ula\u015f\u0131lmak istenilen ama\u00e7 ve ara\u00e7 orant\u0131l\u0131 olmal\u0131d\u0131r.<\/li>\n<li>Veriler gerekti\u011fi s\u00fcre kadar tutulmal\u0131, gereklilik ortadan kalkt\u0131ktan sonra veriler gecikmeksizin ve derhal ortadan kald\u0131r\u0131lmal\u0131d\u0131r.<\/li>\n<li>Ayd\u0131nlatma y\u00fck\u00fcml\u00fcl\u00fc\u011f\u00fc yerine getirilmelidir.<\/li>\n<li>A\u00e7\u0131k r\u0131za gerekti\u011fi takdirde, Kanun&#8217;a uygun \u015fekilde a\u00e7\u0131k r\u0131za al\u0131nmal\u0131d\u0131r.<\/li>\n<\/ul>\n<\/li>\n<li>Veri sorumlusu, Rehber&#8217;de belirtilen ilkeleri sa\u011flad\u0131\u011f\u0131n\u0131 kay\u0131t alt\u0131na almal\u0131 ve belgelendirmelidir.<\/li>\n<li>\u0130htiya\u00e7 olmad\u0131\u011f\u0131 takdirde, genetik veri toplanmamal\u0131d\u0131r.<\/li>\n<li>\u0130\u015flenen biyometrik veri t\u00fcr\u00fcn\u00fcn neden se\u00e7ildi\u011fi gerek\u00e7elendirmeli ve belgeler sunulmal\u0131d\u0131r.<\/li>\n<li>Biyometrik veriler gerekli oldu\u011fu s\u00fcre kadar muhafaza edilmelidir.<\/li>\n<\/ul>\n<p>Kurum ayr\u0131ca biyometrik verilerin g\u00fcvenli\u011finin sa\u011flanmas\u0131 i\u00e7in &#8220;\u00d6zel Nitelikli Ki\u015fisel Verilerin \u0130\u015flenmesinde Veri Sorumlular\u0131nca Al\u0131nmas\u0131 Gereken Yeterli \u00d6nlemler&#8221;e ili\u015fkin <a href=\"https:\/\/urldefense.com\/v3\/__https:\/esinxchange.com\/collect\/click.aspx?u=NTJLM2lhcXNLakFIRjRvYlJzdDdOb25GYWx5VUlRbjJSSnpEZzBRT0hPY0s0NzlJMXFBVElJUmpzZUJWbG5EeGRybDN3ejhmVnlHV1I5T24yc3g3WnBuTmNteTZKcUhk&amp;rh=ff0081b2e6d4562f08f69ea51842b5ebe79aa4ae__;!!Hj9Y_P0nvg!DTlZWN1lp-kQQdqt7BWQlO0Sw_6JHThNZq9K0GrxQWNW1DbC8wUx8PXams__qDQ-mZo$\">karar\u0131nda<\/a> belirtti\u011fi ve daha \u00f6nceki rehberlerinde a\u00e7\u0131klad\u0131\u011f\u0131 tedbirlerin al\u0131nmas\u0131 gerekti\u011fini ifade etmi\u015ftir. Bu tedbirlere ilaveten, Rehber&#8217;de biyometrik veriler i\u00e7in ilave idari ve teknik tedbirlere yer vermi\u015ftir. Rehber&#8217;de belirtilen ba\u015fl\u0131ca tedbirler a\u015fa\u011f\u0131dad\u0131r:<\/p>\n<p><em>Teknik tedbirler<\/em><\/p>\n<ul>\n<li>Biyometrik veriler bulut sistemlerinde kriptografik y\u00f6ntemler kullan\u0131larak saklanmal\u0131d\u0131r.<\/li>\n<li>T\u00fcretilmi\u015f biyometrik veriler, orijinal biyometrik \u00f6zelli\u011fin yeniden elde edilmesine izin vermeyecek bi\u00e7imde saklanmal\u0131d\u0131r.<\/li>\n<li>Biyometrik veriler ve \u015fablonlar\u0131 yeteri derecede g\u00fcvenlik sa\u011flayacak kriptografik y\u00f6ntemlerle \u015fifrelenmelidir.<\/li>\n<li>Veri sorumlusu sistemi kurmadan \u00f6nce ve herhangi bir de\u011fi\u015fiklikten sonra, test ortamlar\u0131nda sentetik veriler arac\u0131l\u0131\u011f\u0131yla sistemi test etmelidir.<\/li>\n<li>Veri sorumlusu sistemde sertifikal\u0131 te\u00e7hizat, lisansl\u0131 ve g\u00fcncel yaz\u0131l\u0131mlar kullanmal\u0131d\u0131r.<\/li>\n<li>Veri sorumlusu biyometrik veri i\u015fleyen yaz\u0131l\u0131mlar \u00fczerindeki kullan\u0131c\u0131 i\u015flemlerini izleyebilmeli ve s\u0131n\u0131rlayabilmelidir.<\/li>\n<\/ul>\n<p><em>\u0130dari tedbirler <\/em><\/p>\n<ul>\n<li>Biyometrik \u00e7\u00f6z\u00fcm\u00fcn kullan\u0131lmad\u0131\u011f\u0131 veya kullan\u0131ma a\u00e7\u0131k r\u0131zas\u0131 olmayan ilgili ki\u015filer i\u00e7in alternatif bir sistem sa\u011flanmal\u0131d\u0131r.<\/li>\n<li>Biyometrik y\u00f6ntemlerle kimlik do\u011frulaman\u0131n yap\u0131lamad\u0131\u011f\u0131 durumlar i\u00e7in eylem plan\u0131 olu\u015fturulmal\u0131d\u0131r.<\/li>\n<li>Yetkili ki\u015filerin biyometrik veri sistemlerine eri\u015fim mekanizmas\u0131 kurulmal\u0131, y\u00f6netilmeli ve bu sistemlerden sorumlu ki\u015filer belirlenip belgelenmelidir.<\/li>\n<li>\u00c7al\u0131\u015fanlara biyometrik verilerin i\u015flenmesi konusunda e\u011fitimler verilerek e\u011fitimler belgelenmelidir.<\/li>\n<\/ul>\n<p><strong>Sonu\u00e7<\/strong><\/p>\n<p>Biyometrik veriler niteli\u011fi gere\u011fi veri sahibi ki\u015filere ili\u015fkin \u00f6nemli bilgiler bar\u0131nd\u0131rmaktad\u0131r. Kurum, yay\u0131mlad\u0131\u011f\u0131 Rehber ile biyometrik verilerin i\u015flenmesi konusunda veri sorumlular\u0131na ek y\u00fck\u00fcml\u00fcl\u00fckler getirerek biyometrik verilerin i\u015flenmesinde veri korumas\u0131n\u0131n ve g\u00fcvenli\u011finin sa\u011flanmas\u0131n\u0131 ama\u00e7lamaktad\u0131r. Biyometrik veri i\u015fleme faaliyeti ger\u00e7ekle\u015ftirecek veri sorumlular\u0131n\u0131n Rehber&#8217;de belirtilen ilke ve tedbirlere uyum sa\u011flayarak i\u015fleme faaliyetlerini ger\u00e7ekle\u015ftirmesi gerekmektedir.<\/p>\n","protected":false},"excerpt":{"rendered":"<p>Yeni Geli\u015fme Ki\u015fisel Verileri Koruma Kurumu (&#8220;Kurum&#8220;) 17 Eyl\u00fcl 2021 tarihinde Biyometrik Verilerin \u0130\u015flenmesinde Dikkat Edilmesi Gereken Hususlara \u0130li\u015fkin Rehberi [&hellip;]<\/p>\n","protected":false},"author":4,"featured_media":0,"comment_status":"closed","ping_status":"closed","sticky":false,"template":"","format":"standard","meta":{"_acf_changed":false,"_stopmodifiedupdate":false,"_modified_date":"","footnotes":""},"categories":[120],"tags":[93],"class_list":["post-20206","post","type-post","status-publish","format-standard","hentry","category-legal-alerts","tag-information-technology-communications-tr"],"acf":[],"yoast_head":"<!-- This site is optimized with the Yoast SEO plugin v24.0 - https:\/\/yoast.com\/wordpress\/plugins\/seo\/ -->\n<title>KVKK Biyometrik Verilerin \u0130\u015flenmesinde Dikkat Edilmesi Gereken Hususlara \u0130li\u015fkin Rehberi Yay\u0131mlad\u0131<\/title>\n<meta name=\"description\" content=\"Yeni Geli\u015fme Ki\u015fisel Verileri Koruma Kurumu (&quot;Kurum&quot;) 17 Eyl\u00fcl 2021 tarihinde Biyometrik Verilerin \u0130\u015flenmesinde Dikkat Edilmesi Gereken Hususlara \u0130li\u015fkin\" \/>\n<meta name=\"robots\" content=\"index, follow, max-snippet:-1, max-image-preview:large, max-video-preview:-1\" \/>\n<link rel=\"canonical\" href=\"https:\/\/www.esin.av.tr\/tr\/2021\/09\/20\/kvkk-biyometrik-verilerin-islenmesinde-dikkat-edilmesi-gereken-hususlara-iliskin-rehberi-yayimladi\/\" \/>\n<meta property=\"og:locale\" content=\"tr_TR\" \/>\n<meta property=\"og:type\" content=\"article\" \/>\n<meta property=\"og:title\" content=\"KVKK Biyometrik Verilerin \u0130\u015flenmesinde Dikkat Edilmesi Gereken Hususlara \u0130li\u015fkin Rehberi Yay\u0131mlad\u0131\" \/>\n<meta property=\"og:description\" content=\"Yeni Geli\u015fme Ki\u015fisel Verileri Koruma Kurumu (&quot;Kurum&quot;) 17 Eyl\u00fcl 2021 tarihinde Biyometrik Verilerin \u0130\u015flenmesinde Dikkat Edilmesi Gereken Hususlara \u0130li\u015fkin\" \/>\n<meta property=\"og:url\" content=\"https:\/\/www.esin.av.tr\/tr\/2021\/09\/20\/kvkk-biyometrik-verilerin-islenmesinde-dikkat-edilmesi-gereken-hususlara-iliskin-rehberi-yayimladi\/\" \/>\n<meta property=\"og:site_name\" content=\"Esin Avukatl\u0131k Ortakl\u0131\u011f\u0131\" \/>\n<meta property=\"article:published_time\" content=\"2021-09-20T06:44:06+00:00\" \/>\n<meta property=\"article:modified_time\" content=\"2022-06-09T13:29:12+00:00\" \/>\n<meta name=\"author\" content=\"R\u0131dvan Konrat\" \/>\n<meta name=\"twitter:card\" content=\"summary_large_image\" \/>\n<meta name=\"twitter:label1\" content=\"Written by\" \/>\n\t<meta name=\"twitter:data1\" content=\"R\u0131dvan Konrat\" \/>\n\t<meta name=\"twitter:label2\" content=\"Est. reading time\" \/>\n\t<meta name=\"twitter:data2\" content=\"3 minutes\" \/>\n<script type=\"application\/ld+json\" class=\"yoast-schema-graph\">{\"@context\":\"https:\/\/schema.org\",\"@graph\":[{\"@type\":\"Article\",\"@id\":\"https:\/\/www.esin.av.tr\/tr\/2021\/09\/20\/kvkk-biyometrik-verilerin-islenmesinde-dikkat-edilmesi-gereken-hususlara-iliskin-rehberi-yayimladi\/#article\",\"isPartOf\":{\"@id\":\"https:\/\/www.esin.av.tr\/tr\/2021\/09\/20\/kvkk-biyometrik-verilerin-islenmesinde-dikkat-edilmesi-gereken-hususlara-iliskin-rehberi-yayimladi\/\"},\"author\":{\"name\":\"R\u0131dvan Konrat\",\"@id\":\"https:\/\/www.esin.av.tr\/tr\/#\/schema\/person\/42c8e616aab56b8622fa365ad63282ae\"},\"headline\":\"KVKK Biyometrik Verilerin \u0130\u015flenmesinde Dikkat Edilmesi Gereken Hususlara \u0130li\u015fkin Rehberi Yay\u0131mlad\u0131\",\"datePublished\":\"2021-09-20T06:44:06+00:00\",\"dateModified\":\"2022-06-09T13:29:12+00:00\",\"mainEntityOfPage\":{\"@id\":\"https:\/\/www.esin.av.tr\/tr\/2021\/09\/20\/kvkk-biyometrik-verilerin-islenmesinde-dikkat-edilmesi-gereken-hususlara-iliskin-rehberi-yayimladi\/\"},\"wordCount\":957,\"publisher\":{\"@id\":\"https:\/\/www.esin.av.tr\/tr\/#organization\"},\"keywords\":[\"Bilgi Teknolojileri ve Telekom\u00fcnikasyon\"],\"articleSection\":[\"Hukuk B\u00fcltenleri\"],\"inLanguage\":\"tr\"},{\"@type\":\"WebPage\",\"@id\":\"https:\/\/www.esin.av.tr\/tr\/2021\/09\/20\/kvkk-biyometrik-verilerin-islenmesinde-dikkat-edilmesi-gereken-hususlara-iliskin-rehberi-yayimladi\/\",\"url\":\"https:\/\/www.esin.av.tr\/tr\/2021\/09\/20\/kvkk-biyometrik-verilerin-islenmesinde-dikkat-edilmesi-gereken-hususlara-iliskin-rehberi-yayimladi\/\",\"name\":\"KVKK Biyometrik Verilerin \u0130\u015flenmesinde Dikkat Edilmesi Gereken Hususlara \u0130li\u015fkin Rehberi Yay\u0131mlad\u0131\",\"isPartOf\":{\"@id\":\"https:\/\/www.esin.av.tr\/tr\/#website\"},\"datePublished\":\"2021-09-20T06:44:06+00:00\",\"dateModified\":\"2022-06-09T13:29:12+00:00\",\"description\":\"Yeni Geli\u015fme Ki\u015fisel Verileri Koruma Kurumu (\\\"Kurum\\\") 17 Eyl\u00fcl 2021 tarihinde Biyometrik Verilerin \u0130\u015flenmesinde Dikkat Edilmesi Gereken Hususlara \u0130li\u015fkin\",\"breadcrumb\":{\"@id\":\"https:\/\/www.esin.av.tr\/tr\/2021\/09\/20\/kvkk-biyometrik-verilerin-islenmesinde-dikkat-edilmesi-gereken-hususlara-iliskin-rehberi-yayimladi\/#breadcrumb\"},\"inLanguage\":\"tr\",\"potentialAction\":[{\"@type\":\"ReadAction\",\"target\":[\"https:\/\/www.esin.av.tr\/tr\/2021\/09\/20\/kvkk-biyometrik-verilerin-islenmesinde-dikkat-edilmesi-gereken-hususlara-iliskin-rehberi-yayimladi\/\"]}]},{\"@type\":\"BreadcrumbList\",\"@id\":\"https:\/\/www.esin.av.tr\/tr\/2021\/09\/20\/kvkk-biyometrik-verilerin-islenmesinde-dikkat-edilmesi-gereken-hususlara-iliskin-rehberi-yayimladi\/#breadcrumb\",\"itemListElement\":[{\"@type\":\"ListItem\",\"position\":1,\"name\":\"Home\",\"item\":\"https:\/\/www.esin.av.tr\/tr\/\"},{\"@type\":\"ListItem\",\"position\":2,\"name\":\"KVKK Biyometrik Verilerin \u0130\u015flenmesinde Dikkat Edilmesi Gereken Hususlara \u0130li\u015fkin Rehberi Yay\u0131mlad\u0131\"}]},{\"@type\":\"WebSite\",\"@id\":\"https:\/\/www.esin.av.tr\/tr\/#website\",\"url\":\"https:\/\/www.esin.av.tr\/tr\/\",\"name\":\"Esin Avukatl\u0131k Ortakl\u0131\u011f\u0131\",\"description\":\"\",\"publisher\":{\"@id\":\"https:\/\/www.esin.av.tr\/tr\/#organization\"},\"potentialAction\":[{\"@type\":\"SearchAction\",\"target\":{\"@type\":\"EntryPoint\",\"urlTemplate\":\"https:\/\/www.esin.av.tr\/tr\/?s={search_term_string}\"},\"query-input\":{\"@type\":\"PropertyValueSpecification\",\"valueRequired\":true,\"valueName\":\"search_term_string\"}}],\"inLanguage\":\"tr\"},{\"@type\":\"Organization\",\"@id\":\"https:\/\/www.esin.av.tr\/tr\/#organization\",\"name\":\"Esin Avukatl\u0131k Ortakl\u0131\u011f\u0131\",\"url\":\"https:\/\/www.esin.av.tr\/tr\/\",\"logo\":{\"@type\":\"ImageObject\",\"inLanguage\":\"tr\",\"@id\":\"https:\/\/www.esin.av.tr\/tr\/#\/schema\/logo\/image\/\",\"url\":\"https:\/\/www.esin.av.tr\/wp-content\/uploads\/2021\/09\/esin-2.jpg\",\"contentUrl\":\"https:\/\/www.esin.av.tr\/wp-content\/uploads\/2021\/09\/esin-2.jpg\",\"width\":800,\"height\":460,\"caption\":\"Esin Avukatl\u0131k Ortakl\u0131\u011f\u0131\"},\"image\":{\"@id\":\"https:\/\/www.esin.av.tr\/tr\/#\/schema\/logo\/image\/\"}},{\"@type\":\"Person\",\"@id\":\"https:\/\/www.esin.av.tr\/tr\/#\/schema\/person\/42c8e616aab56b8622fa365ad63282ae\",\"name\":\"R\u0131dvan Konrat\",\"image\":{\"@type\":\"ImageObject\",\"inLanguage\":\"tr\",\"@id\":\"https:\/\/www.esin.av.tr\/tr\/#\/schema\/person\/image\/\",\"url\":\"https:\/\/secure.gravatar.com\/avatar\/b20c6c583be38ed4e76e32f69fccc676?s=96&d=mm&r=g\",\"contentUrl\":\"https:\/\/secure.gravatar.com\/avatar\/b20c6c583be38ed4e76e32f69fccc676?s=96&d=mm&r=g\",\"caption\":\"R\u0131dvan Konrat\"},\"sameAs\":[\"http:\/\/www.esin.av.tr\"],\"url\":\"https:\/\/www.esin.av.tr\/tr\/author\/rkonrat\/\"}]}<\/script>\n<!-- \/ Yoast SEO plugin. -->","yoast_head_json":{"title":"KVKK Biyometrik Verilerin \u0130\u015flenmesinde Dikkat Edilmesi Gereken Hususlara \u0130li\u015fkin Rehberi Yay\u0131mlad\u0131","description":"Yeni Geli\u015fme Ki\u015fisel Verileri Koruma Kurumu (\"Kurum\") 17 Eyl\u00fcl 2021 tarihinde Biyometrik Verilerin \u0130\u015flenmesinde Dikkat Edilmesi Gereken Hususlara \u0130li\u015fkin","robots":{"index":"index","follow":"follow","max-snippet":"max-snippet:-1","max-image-preview":"max-image-preview:large","max-video-preview":"max-video-preview:-1"},"canonical":"https:\/\/www.esin.av.tr\/tr\/2021\/09\/20\/kvkk-biyometrik-verilerin-islenmesinde-dikkat-edilmesi-gereken-hususlara-iliskin-rehberi-yayimladi\/","og_locale":"tr_TR","og_type":"article","og_title":"KVKK Biyometrik Verilerin \u0130\u015flenmesinde Dikkat Edilmesi Gereken Hususlara \u0130li\u015fkin Rehberi Yay\u0131mlad\u0131","og_description":"Yeni Geli\u015fme Ki\u015fisel Verileri Koruma Kurumu (\"Kurum\") 17 Eyl\u00fcl 2021 tarihinde Biyometrik Verilerin \u0130\u015flenmesinde Dikkat Edilmesi Gereken Hususlara \u0130li\u015fkin","og_url":"https:\/\/www.esin.av.tr\/tr\/2021\/09\/20\/kvkk-biyometrik-verilerin-islenmesinde-dikkat-edilmesi-gereken-hususlara-iliskin-rehberi-yayimladi\/","og_site_name":"Esin Avukatl\u0131k Ortakl\u0131\u011f\u0131","article_published_time":"2021-09-20T06:44:06+00:00","article_modified_time":"2022-06-09T13:29:12+00:00","author":"R\u0131dvan Konrat","twitter_card":"summary_large_image","twitter_misc":{"Written by":"R\u0131dvan Konrat","Est. reading time":"3 minutes"},"schema":{"@context":"https:\/\/schema.org","@graph":[{"@type":"Article","@id":"https:\/\/www.esin.av.tr\/tr\/2021\/09\/20\/kvkk-biyometrik-verilerin-islenmesinde-dikkat-edilmesi-gereken-hususlara-iliskin-rehberi-yayimladi\/#article","isPartOf":{"@id":"https:\/\/www.esin.av.tr\/tr\/2021\/09\/20\/kvkk-biyometrik-verilerin-islenmesinde-dikkat-edilmesi-gereken-hususlara-iliskin-rehberi-yayimladi\/"},"author":{"name":"R\u0131dvan Konrat","@id":"https:\/\/www.esin.av.tr\/tr\/#\/schema\/person\/42c8e616aab56b8622fa365ad63282ae"},"headline":"KVKK Biyometrik Verilerin \u0130\u015flenmesinde Dikkat Edilmesi Gereken Hususlara \u0130li\u015fkin Rehberi Yay\u0131mlad\u0131","datePublished":"2021-09-20T06:44:06+00:00","dateModified":"2022-06-09T13:29:12+00:00","mainEntityOfPage":{"@id":"https:\/\/www.esin.av.tr\/tr\/2021\/09\/20\/kvkk-biyometrik-verilerin-islenmesinde-dikkat-edilmesi-gereken-hususlara-iliskin-rehberi-yayimladi\/"},"wordCount":957,"publisher":{"@id":"https:\/\/www.esin.av.tr\/tr\/#organization"},"keywords":["Bilgi Teknolojileri ve Telekom\u00fcnikasyon"],"articleSection":["Hukuk B\u00fcltenleri"],"inLanguage":"tr"},{"@type":"WebPage","@id":"https:\/\/www.esin.av.tr\/tr\/2021\/09\/20\/kvkk-biyometrik-verilerin-islenmesinde-dikkat-edilmesi-gereken-hususlara-iliskin-rehberi-yayimladi\/","url":"https:\/\/www.esin.av.tr\/tr\/2021\/09\/20\/kvkk-biyometrik-verilerin-islenmesinde-dikkat-edilmesi-gereken-hususlara-iliskin-rehberi-yayimladi\/","name":"KVKK Biyometrik Verilerin \u0130\u015flenmesinde Dikkat Edilmesi Gereken Hususlara \u0130li\u015fkin Rehberi Yay\u0131mlad\u0131","isPartOf":{"@id":"https:\/\/www.esin.av.tr\/tr\/#website"},"datePublished":"2021-09-20T06:44:06+00:00","dateModified":"2022-06-09T13:29:12+00:00","description":"Yeni Geli\u015fme Ki\u015fisel Verileri Koruma Kurumu (\"Kurum\") 17 Eyl\u00fcl 2021 tarihinde Biyometrik Verilerin \u0130\u015flenmesinde Dikkat Edilmesi Gereken Hususlara \u0130li\u015fkin","breadcrumb":{"@id":"https:\/\/www.esin.av.tr\/tr\/2021\/09\/20\/kvkk-biyometrik-verilerin-islenmesinde-dikkat-edilmesi-gereken-hususlara-iliskin-rehberi-yayimladi\/#breadcrumb"},"inLanguage":"tr","potentialAction":[{"@type":"ReadAction","target":["https:\/\/www.esin.av.tr\/tr\/2021\/09\/20\/kvkk-biyometrik-verilerin-islenmesinde-dikkat-edilmesi-gereken-hususlara-iliskin-rehberi-yayimladi\/"]}]},{"@type":"BreadcrumbList","@id":"https:\/\/www.esin.av.tr\/tr\/2021\/09\/20\/kvkk-biyometrik-verilerin-islenmesinde-dikkat-edilmesi-gereken-hususlara-iliskin-rehberi-yayimladi\/#breadcrumb","itemListElement":[{"@type":"ListItem","position":1,"name":"Home","item":"https:\/\/www.esin.av.tr\/tr\/"},{"@type":"ListItem","position":2,"name":"KVKK Biyometrik Verilerin \u0130\u015flenmesinde Dikkat Edilmesi Gereken Hususlara \u0130li\u015fkin Rehberi Yay\u0131mlad\u0131"}]},{"@type":"WebSite","@id":"https:\/\/www.esin.av.tr\/tr\/#website","url":"https:\/\/www.esin.av.tr\/tr\/","name":"Esin Avukatl\u0131k Ortakl\u0131\u011f\u0131","description":"","publisher":{"@id":"https:\/\/www.esin.av.tr\/tr\/#organization"},"potentialAction":[{"@type":"SearchAction","target":{"@type":"EntryPoint","urlTemplate":"https:\/\/www.esin.av.tr\/tr\/?s={search_term_string}"},"query-input":{"@type":"PropertyValueSpecification","valueRequired":true,"valueName":"search_term_string"}}],"inLanguage":"tr"},{"@type":"Organization","@id":"https:\/\/www.esin.av.tr\/tr\/#organization","name":"Esin Avukatl\u0131k Ortakl\u0131\u011f\u0131","url":"https:\/\/www.esin.av.tr\/tr\/","logo":{"@type":"ImageObject","inLanguage":"tr","@id":"https:\/\/www.esin.av.tr\/tr\/#\/schema\/logo\/image\/","url":"https:\/\/www.esin.av.tr\/wp-content\/uploads\/2021\/09\/esin-2.jpg","contentUrl":"https:\/\/www.esin.av.tr\/wp-content\/uploads\/2021\/09\/esin-2.jpg","width":800,"height":460,"caption":"Esin Avukatl\u0131k Ortakl\u0131\u011f\u0131"},"image":{"@id":"https:\/\/www.esin.av.tr\/tr\/#\/schema\/logo\/image\/"}},{"@type":"Person","@id":"https:\/\/www.esin.av.tr\/tr\/#\/schema\/person\/42c8e616aab56b8622fa365ad63282ae","name":"R\u0131dvan Konrat","image":{"@type":"ImageObject","inLanguage":"tr","@id":"https:\/\/www.esin.av.tr\/tr\/#\/schema\/person\/image\/","url":"https:\/\/secure.gravatar.com\/avatar\/b20c6c583be38ed4e76e32f69fccc676?s=96&d=mm&r=g","contentUrl":"https:\/\/secure.gravatar.com\/avatar\/b20c6c583be38ed4e76e32f69fccc676?s=96&d=mm&r=g","caption":"R\u0131dvan Konrat"},"sameAs":["http:\/\/www.esin.av.tr"],"url":"https:\/\/www.esin.av.tr\/tr\/author\/rkonrat\/"}]}},"_links":{"self":[{"href":"https:\/\/www.esin.av.tr\/tr\/wp-json\/wp\/v2\/posts\/20206","targetHints":{"allow":["GET"]}}],"collection":[{"href":"https:\/\/www.esin.av.tr\/tr\/wp-json\/wp\/v2\/posts"}],"about":[{"href":"https:\/\/www.esin.av.tr\/tr\/wp-json\/wp\/v2\/types\/post"}],"author":[{"embeddable":true,"href":"https:\/\/www.esin.av.tr\/tr\/wp-json\/wp\/v2\/users\/4"}],"replies":[{"embeddable":true,"href":"https:\/\/www.esin.av.tr\/tr\/wp-json\/wp\/v2\/comments?post=20206"}],"version-history":[{"count":1,"href":"https:\/\/www.esin.av.tr\/tr\/wp-json\/wp\/v2\/posts\/20206\/revisions"}],"predecessor-version":[{"id":20207,"href":"https:\/\/www.esin.av.tr\/tr\/wp-json\/wp\/v2\/posts\/20206\/revisions\/20207"}],"wp:attachment":[{"href":"https:\/\/www.esin.av.tr\/tr\/wp-json\/wp\/v2\/media?parent=20206"}],"wp:term":[{"taxonomy":"category","embeddable":true,"href":"https:\/\/www.esin.av.tr\/tr\/wp-json\/wp\/v2\/categories?post=20206"},{"taxonomy":"post_tag","embeddable":true,"href":"https:\/\/www.esin.av.tr\/tr\/wp-json\/wp\/v2\/tags?post=20206"}],"curies":[{"name":"wp","href":"https:\/\/api.w.org\/{rel}","templated":true}]}}