{"id":20162,"date":"2021-09-17T08:00:56","date_gmt":"2021-09-17T08:00:56","guid":{"rendered":"https:\/\/www.esin.av.tr\/?p=20162"},"modified":"2022-06-09T13:29:15","modified_gmt":"2022-06-09T13:29:15","slug":"kvkk-yapay-zeka-alaninda-kisisel-verilerin-korunmasina-dair-tavsiyeleri-yayimladi","status":"publish","type":"post","link":"https:\/\/www.esin.av.tr\/tr\/2021\/09\/17\/kvkk-yapay-zeka-alaninda-kisisel-verilerin-korunmasina-dair-tavsiyeleri-yayimladi\/","title":{"rendered":"KVKK Yapay Zek\u00e2 Alan\u0131nda Ki\u015fisel Verilerin Korunmas\u0131na Dair Tavsiyeleri Yay\u0131mlad\u0131"},"content":{"rendered":"<p><strong>Yeni Geli\u015fme<\/strong><\/p>\n<p>Ki\u015fisel Verileri Koruma Kurumu (&#8220;<strong>Kurum<\/strong>&#8220;) 15 Eyl\u00fcl 2021 tarihinde Yapay Zek\u00e2 Alan\u0131nda Ki\u015fisel Verilerin Korunmas\u0131na Dair Tavsiyeleri (&#8220;<strong>Tavsiyeler<\/strong>&#8220;) yay\u0131mlad\u0131. Tavsiyeler, yapay zek\u00e2 alan\u0131nda faaliyet g\u00f6steren geli\u015ftiriciler, \u00fcreticiler, servis sa\u011flay\u0131c\u0131lar ve karar al\u0131c\u0131lar i\u00e7in yapay zeka uygulamalar\u0131nda ki\u015fisel verilerin korunmas\u0131na ili\u015fkin tavsiyeleri i\u00e7ermektedir. Tavsiyeler&#8217;e <a href=\"https:\/\/urldefense.com\/v3\/__https:\/esinxchange.com\/collect\/click.aspx?u=L2tEcFlYNG1qRDhwQ1VIWkNKMGJmY1h6L1I5UTdjOFJBNHhMVXNuRjl5VU5VQWVPK0RSTjNzaWxMZVRScHRHeVZ0dmdqd2RoWkRHSWVEWXN1d0xtejF1eWdYbURkUGpFSG1sbXhYWHhVcDFkNEJSMUVubGcxNDQ0ZE1RbU1CeVhSWS8za1NzSStGZWpxOCtBRE9Jam5ad01WZjhaZWY5OQ==&amp;rh=ff00819fbffd967cd3af37f6c845b8ff42b649ec__;!!Hj9Y_P0nvg!CEZLCPNYYz0t57UVRJBUnWp0wFaGzwnlfvo8N1lxUJWzRebsZCLsSYnK25EYCm1ohlU$\">buradan <\/a>ula\u015fabilirsiniz.<\/p>\n<p><strong>Tavsiyeler Neleri Kaps\u0131yor? <\/strong><br \/>\nTavsiyeler; (i) genel tavsiyeler, (ii) geli\u015ftiriciler, \u00fcreticiler ve servis sa\u011flay\u0131c\u0131lar i\u00e7in tavsiyeler ve (iii) karar al\u0131c\u0131lar i\u00e7in tavsiyeler olmak \u00fczere \u00fc\u00e7 b\u00f6l\u00fcmden olu\u015fmaktad\u0131r. Kurum, \u00f6ncelikli olarak yapay zeka alan\u0131ndaki geli\u015fmelerin ve uygulamalar\u0131n temel hak ve \u00f6zg\u00fcrl\u00fcklere sayg\u0131l\u0131 olmas\u0131 ve yapay zeka uygulamalar\u0131nda insan haklar\u0131n\u0131n g\u00f6zetilmesi gerekti\u011fini belirtmektedir. Her b\u00f6l\u00fcmde \u00f6ne \u00e7\u0131kan ba\u015fl\u0131ca \u00f6neriler a\u015fa\u011f\u0131daki gibidir:<\/p>\n<p><em>Genel Tavsiyeler<\/em><\/p>\n<ul>\n<li>Ki\u015fisel verileri i\u015fleme temelli yapay zeka uygulamalar\u0131nda verilerin korunmas\u0131 anlam\u0131nda y\u00fcksek risk \u00f6ng\u00f6r\u00fcl\u00fcyorsa mahremiyet etki de\u011ferlendirmesi uygulanmal\u0131d\u0131r.<\/li>\n<li>Ki\u015fisel veri i\u015fleme temelli yapay zeka uygulamalar\u0131 veri koruma ilkesine g\u00f6re geli\u015ftirilmelidir ve her proje \u00f6zelinde veri koruma uyum program\u0131 olu\u015fturularak uygulanmal\u0131d\u0131r.<\/li>\n<li>\u00d6zel nitelikli veri i\u015fleyen yapay zeka uygulamalar\u0131nda \u00f6zel veri koruma kurallar\u0131 uyar\u0131nca tedbirler al\u0131nmal\u0131d\u0131r.<\/li>\n<li>\u0130stenen sonuca veri i\u015flemeksizin ula\u015f\u0131labildi\u011fi takdirde verilerin anonimle\u015ftirilerek i\u015flenmesi y\u00f6ntemi tercih edilmelidir.<\/li>\n<li>Yapay zeka \u00e7al\u0131\u015fmalar\u0131n\u0131n taraflar\u0131n\u0131n veri sorumlusu ve veri i\u015fleyen stat\u00fcleri proje ba\u015f\u0131nda belirlenmelidir.<\/li>\n<\/ul>\n<p><em>Geli\u015ftiriciler, \u00dcreticiler ve Servis Sa\u011flay\u0131c\u0131lar i\u00e7in Tavsiyeler <\/em><\/p>\n<ul>\n<li>Yapay zeka odakl\u0131 tasar\u0131mlarda ulusal ve uluslararas\u0131 d\u00fczenlemelere uyumlu ve veri mahremiyetini g\u00f6zeten bir yakla\u015f\u0131m benimsenmelidir.<\/li>\n<li>\u0130lgili ki\u015filerin ulusal ve uluslararas\u0131 mevzuattan do\u011fan ki\u015fisel verilere ili\u015fkin haklar\u0131 korunmal\u0131d\u0131r.<\/li>\n<li>Kullan\u0131lan verilerin kalitesi, niteli\u011fi, miktar\u0131, kategori ve i\u00e7eri\u011fi de\u011ferlendirmeli; asgari veri kullan\u0131m\u0131 ger\u00e7ekle\u015ftirilmelidir. Geli\u015ftirilen yapay zeka modelinin do\u011frulu\u011fu takip edilmelidir.<\/li>\n<li>Akademik kurumlardan g\u00f6r\u00fc\u015f al\u0131nmal\u0131 ve bireylere ki\u015fisel geli\u015fimlerini etkileyen teknolojilere ili\u015fkin itiraz hakk\u0131 tan\u0131nmal\u0131d\u0131r.<\/li>\n<li>Bireylerin aktif kat\u0131l\u0131m\u0131na dayal\u0131 risk de\u011ferlendirilmesi te\u015fvik edilmelidir.<\/li>\n<li>\u0130lgili ki\u015fileri otomatik veri i\u015flemeye dayal\u0131 bir uygulamaya maruz b\u0131rakacak \u00fcr\u00fcnler tasarlanmamal\u0131d\u0131r.<\/li>\n<li>Ki\u015filik haklar\u0131na daha az m\u00fcdahale te\u015fkil eden tasar\u0131mlar yap\u0131lmal\u0131 ve bireylerin bu alanda se\u00e7im yapma \u00f6zg\u00fcrl\u00fc\u011f\u00fc korunmal\u0131d\u0131r.<\/li>\n<li>Ki\u015fisel verilerin korunmas\u0131 hukukuna ili\u015fkin hesap verilebilirli\u011fi sa\u011flayacak algoritmalar kullan\u0131lmal\u0131d\u0131r.<\/li>\n<li>Kullan\u0131c\u0131lara veri i\u015flemeyi durdurma hakk\u0131 tan\u0131nmal\u0131d\u0131r ve verilerin silinmesi, yok edilmesi ve anonim hale getirilmesi imkan\u0131 verilmelidir.<\/li>\n<li>Kullan\u0131c\u0131lara veri i\u015flemenin gerek\u00e7eleri, y\u00f6ntemleri ve muhtemel sonu\u00e7lar\u0131na ili\u015fkin ayd\u0131nlatma yap\u0131lmal\u0131 ve veri i\u015fleme onay mekanizmas\u0131 tasarlanmal\u0131d\u0131r.<\/li>\n<\/ul>\n<p><em>Karar Al\u0131c\u0131lar i\u00e7in Tavsiyeler <\/em><\/p>\n<ul>\n<li>Hesap verilebilirlik ilkesi g\u00f6zetilmelidir.<\/li>\n<li>Ki\u015fisel verilerin korunmas\u0131na ili\u015fkin risk prosed\u00fcrleri belirlenerek uygulama matrisi olu\u015fturulmal\u0131d\u0131r.<\/li>\n<li>Davran\u0131\u015f kurallar\u0131 ve sertifikasyon mekanizmalar\u0131 benimsenerek benzeri \u00f6nlemler al\u0131nmal\u0131d\u0131r.<\/li>\n<li>Yapay zekan\u0131n karar alma s\u00fcre\u00e7lerinde insan m\u00fcdahalesinin rol\u00fc belirlenmelidir. Kullan\u0131c\u0131lara, yapay zeka ile sunulan \u00f6nerilere g\u00fcvenmeme \u015fans\u0131 tan\u0131nmal\u0131d\u0131r.<\/li>\n<li>Yapay zeka uygulamalar\u0131n\u0131n ki\u015filik haklar\u0131na m\u00fcdahale etmesi ihtimali olu\u015ftu\u011funda denetim otoritelerine ba\u015fvurulmal\u0131d\u0131r. Denetim otoriteleri Kurum taraf\u0131ndan yapay zeka alan\u0131nda d\u00fczenleme ve denetleme yapmaya yetkili kurum ve kurulu\u015flar olarak tan\u0131mlanm\u0131\u015ft\u0131r.<\/li>\n<li>Yapay zeka ve ki\u015fisel verilerin korunmas\u0131 alan\u0131nda \u00e7al\u0131\u015fmalar i\u00e7in gerekli kaynak ayr\u0131lmal\u0131, e\u011fitimler verilmeli ve bireylerin s\u00fcre\u00e7lere aktif kat\u0131l\u0131m\u0131 sa\u011flanmal\u0131d\u0131r.<\/li>\n<\/ul>\n<p><strong>Sonu\u00e7<\/strong><\/p>\n<p>Her ge\u00e7en g\u00fcn etkinli\u011fini artt\u0131ran yapay zeka uygulamalar\u0131nda ki\u015fisel verilerin korunmas\u0131na ili\u015fkin yay\u0131nlanan bu \u00f6neriler ile Kurum, yapay zeka alan\u0131ndaki geli\u015ftiricilere ve karar al\u0131c\u0131lara yol g\u00f6sterici olacak tavsiyelerde bulunmu\u015ftur.<\/p>\n","protected":false},"excerpt":{"rendered":"<p>Yeni Geli\u015fme Ki\u015fisel Verileri Koruma Kurumu (&#8220;Kurum&#8220;) 15 Eyl\u00fcl 2021 tarihinde Yapay Zek\u00e2 Alan\u0131nda Ki\u015fisel Verilerin Korunmas\u0131na Dair Tavsiyeleri (&#8220;Tavsiyeler&#8220;) [&hellip;]<\/p>\n","protected":false},"author":4,"featured_media":0,"comment_status":"closed","ping_status":"closed","sticky":false,"template":"","format":"standard","meta":{"_acf_changed":false,"_stopmodifiedupdate":false,"_modified_date":"","footnotes":""},"categories":[120],"tags":[93],"class_list":["post-20162","post","type-post","status-publish","format-standard","hentry","category-legal-alerts","tag-information-technology-communications-tr"],"acf":[],"yoast_head":"<!-- This site is optimized with the Yoast SEO plugin v24.0 - https:\/\/yoast.com\/wordpress\/plugins\/seo\/ -->\n<title>KVKK Yapay Zek\u00e2 Alan\u0131nda Ki\u015fisel Verilerin Korunmas\u0131na Dair Tavsiyeleri Yay\u0131mlad\u0131<\/title>\n<meta name=\"description\" content=\"Yeni Geli\u015fme Ki\u015fisel Verileri Koruma Kurumu (&quot;Kurum&quot;) 15 Eyl\u00fcl 2021 tarihinde Yapay Zek\u00e2 Alan\u0131nda Ki\u015fisel Verilerin Korunmas\u0131na Dair Tavsiyeleri\" \/>\n<meta name=\"robots\" content=\"index, follow, max-snippet:-1, max-image-preview:large, max-video-preview:-1\" \/>\n<link rel=\"canonical\" href=\"https:\/\/www.esin.av.tr\/tr\/2021\/09\/17\/kvkk-yapay-zeka-alaninda-kisisel-verilerin-korunmasina-dair-tavsiyeleri-yayimladi\/\" \/>\n<meta property=\"og:locale\" content=\"tr_TR\" \/>\n<meta property=\"og:type\" content=\"article\" \/>\n<meta property=\"og:title\" content=\"KVKK Yapay Zek\u00e2 Alan\u0131nda Ki\u015fisel Verilerin Korunmas\u0131na Dair Tavsiyeleri Yay\u0131mlad\u0131\" \/>\n<meta property=\"og:description\" content=\"Yeni Geli\u015fme Ki\u015fisel Verileri Koruma Kurumu (&quot;Kurum&quot;) 15 Eyl\u00fcl 2021 tarihinde Yapay Zek\u00e2 Alan\u0131nda Ki\u015fisel Verilerin Korunmas\u0131na Dair Tavsiyeleri\" \/>\n<meta property=\"og:url\" content=\"https:\/\/www.esin.av.tr\/tr\/2021\/09\/17\/kvkk-yapay-zeka-alaninda-kisisel-verilerin-korunmasina-dair-tavsiyeleri-yayimladi\/\" \/>\n<meta property=\"og:site_name\" content=\"Esin Avukatl\u0131k Ortakl\u0131\u011f\u0131\" \/>\n<meta property=\"article:published_time\" content=\"2021-09-17T08:00:56+00:00\" \/>\n<meta property=\"article:modified_time\" content=\"2022-06-09T13:29:15+00:00\" \/>\n<meta name=\"author\" content=\"R\u0131dvan Konrat\" \/>\n<meta name=\"twitter:card\" content=\"summary_large_image\" \/>\n<meta name=\"twitter:label1\" content=\"Written by\" \/>\n\t<meta name=\"twitter:data1\" content=\"R\u0131dvan Konrat\" \/>\n\t<meta name=\"twitter:label2\" content=\"Est. reading time\" \/>\n\t<meta name=\"twitter:data2\" content=\"3 minutes\" \/>\n<script type=\"application\/ld+json\" class=\"yoast-schema-graph\">{\"@context\":\"https:\/\/schema.org\",\"@graph\":[{\"@type\":\"Article\",\"@id\":\"https:\/\/www.esin.av.tr\/tr\/2021\/09\/17\/kvkk-yapay-zeka-alaninda-kisisel-verilerin-korunmasina-dair-tavsiyeleri-yayimladi\/#article\",\"isPartOf\":{\"@id\":\"https:\/\/www.esin.av.tr\/tr\/2021\/09\/17\/kvkk-yapay-zeka-alaninda-kisisel-verilerin-korunmasina-dair-tavsiyeleri-yayimladi\/\"},\"author\":{\"name\":\"R\u0131dvan Konrat\",\"@id\":\"https:\/\/www.esin.av.tr\/tr\/#\/schema\/person\/42c8e616aab56b8622fa365ad63282ae\"},\"headline\":\"KVKK Yapay Zek\u00e2 Alan\u0131nda Ki\u015fisel Verilerin Korunmas\u0131na Dair Tavsiyeleri Yay\u0131mlad\u0131\",\"datePublished\":\"2021-09-17T08:00:56+00:00\",\"dateModified\":\"2022-06-09T13:29:15+00:00\",\"mainEntityOfPage\":{\"@id\":\"https:\/\/www.esin.av.tr\/tr\/2021\/09\/17\/kvkk-yapay-zeka-alaninda-kisisel-verilerin-korunmasina-dair-tavsiyeleri-yayimladi\/\"},\"wordCount\":711,\"publisher\":{\"@id\":\"https:\/\/www.esin.av.tr\/tr\/#organization\"},\"keywords\":[\"Bilgi Teknolojileri ve Telekom\u00fcnikasyon\"],\"articleSection\":[\"Hukuk B\u00fcltenleri\"],\"inLanguage\":\"tr\"},{\"@type\":\"WebPage\",\"@id\":\"https:\/\/www.esin.av.tr\/tr\/2021\/09\/17\/kvkk-yapay-zeka-alaninda-kisisel-verilerin-korunmasina-dair-tavsiyeleri-yayimladi\/\",\"url\":\"https:\/\/www.esin.av.tr\/tr\/2021\/09\/17\/kvkk-yapay-zeka-alaninda-kisisel-verilerin-korunmasina-dair-tavsiyeleri-yayimladi\/\",\"name\":\"KVKK Yapay Zek\u00e2 Alan\u0131nda Ki\u015fisel Verilerin Korunmas\u0131na Dair Tavsiyeleri Yay\u0131mlad\u0131\",\"isPartOf\":{\"@id\":\"https:\/\/www.esin.av.tr\/tr\/#website\"},\"datePublished\":\"2021-09-17T08:00:56+00:00\",\"dateModified\":\"2022-06-09T13:29:15+00:00\",\"description\":\"Yeni Geli\u015fme Ki\u015fisel Verileri Koruma Kurumu (\\\"Kurum\\\") 15 Eyl\u00fcl 2021 tarihinde Yapay Zek\u00e2 Alan\u0131nda Ki\u015fisel Verilerin Korunmas\u0131na Dair Tavsiyeleri\",\"breadcrumb\":{\"@id\":\"https:\/\/www.esin.av.tr\/tr\/2021\/09\/17\/kvkk-yapay-zeka-alaninda-kisisel-verilerin-korunmasina-dair-tavsiyeleri-yayimladi\/#breadcrumb\"},\"inLanguage\":\"tr\",\"potentialAction\":[{\"@type\":\"ReadAction\",\"target\":[\"https:\/\/www.esin.av.tr\/tr\/2021\/09\/17\/kvkk-yapay-zeka-alaninda-kisisel-verilerin-korunmasina-dair-tavsiyeleri-yayimladi\/\"]}]},{\"@type\":\"BreadcrumbList\",\"@id\":\"https:\/\/www.esin.av.tr\/tr\/2021\/09\/17\/kvkk-yapay-zeka-alaninda-kisisel-verilerin-korunmasina-dair-tavsiyeleri-yayimladi\/#breadcrumb\",\"itemListElement\":[{\"@type\":\"ListItem\",\"position\":1,\"name\":\"Home\",\"item\":\"https:\/\/www.esin.av.tr\/tr\/\"},{\"@type\":\"ListItem\",\"position\":2,\"name\":\"KVKK Yapay Zek\u00e2 Alan\u0131nda Ki\u015fisel Verilerin Korunmas\u0131na Dair Tavsiyeleri Yay\u0131mlad\u0131\"}]},{\"@type\":\"WebSite\",\"@id\":\"https:\/\/www.esin.av.tr\/tr\/#website\",\"url\":\"https:\/\/www.esin.av.tr\/tr\/\",\"name\":\"Esin Avukatl\u0131k Ortakl\u0131\u011f\u0131\",\"description\":\"\",\"publisher\":{\"@id\":\"https:\/\/www.esin.av.tr\/tr\/#organization\"},\"potentialAction\":[{\"@type\":\"SearchAction\",\"target\":{\"@type\":\"EntryPoint\",\"urlTemplate\":\"https:\/\/www.esin.av.tr\/tr\/?s={search_term_string}\"},\"query-input\":{\"@type\":\"PropertyValueSpecification\",\"valueRequired\":true,\"valueName\":\"search_term_string\"}}],\"inLanguage\":\"tr\"},{\"@type\":\"Organization\",\"@id\":\"https:\/\/www.esin.av.tr\/tr\/#organization\",\"name\":\"Esin Avukatl\u0131k Ortakl\u0131\u011f\u0131\",\"url\":\"https:\/\/www.esin.av.tr\/tr\/\",\"logo\":{\"@type\":\"ImageObject\",\"inLanguage\":\"tr\",\"@id\":\"https:\/\/www.esin.av.tr\/tr\/#\/schema\/logo\/image\/\",\"url\":\"https:\/\/www.esin.av.tr\/wp-content\/uploads\/2021\/09\/esin-2.jpg\",\"contentUrl\":\"https:\/\/www.esin.av.tr\/wp-content\/uploads\/2021\/09\/esin-2.jpg\",\"width\":800,\"height\":460,\"caption\":\"Esin Avukatl\u0131k Ortakl\u0131\u011f\u0131\"},\"image\":{\"@id\":\"https:\/\/www.esin.av.tr\/tr\/#\/schema\/logo\/image\/\"}},{\"@type\":\"Person\",\"@id\":\"https:\/\/www.esin.av.tr\/tr\/#\/schema\/person\/42c8e616aab56b8622fa365ad63282ae\",\"name\":\"R\u0131dvan Konrat\",\"image\":{\"@type\":\"ImageObject\",\"inLanguage\":\"tr\",\"@id\":\"https:\/\/www.esin.av.tr\/tr\/#\/schema\/person\/image\/\",\"url\":\"https:\/\/secure.gravatar.com\/avatar\/b20c6c583be38ed4e76e32f69fccc676?s=96&d=mm&r=g\",\"contentUrl\":\"https:\/\/secure.gravatar.com\/avatar\/b20c6c583be38ed4e76e32f69fccc676?s=96&d=mm&r=g\",\"caption\":\"R\u0131dvan Konrat\"},\"sameAs\":[\"http:\/\/www.esin.av.tr\"],\"url\":\"https:\/\/www.esin.av.tr\/tr\/author\/rkonrat\/\"}]}<\/script>\n<!-- \/ Yoast SEO plugin. -->","yoast_head_json":{"title":"KVKK Yapay Zek\u00e2 Alan\u0131nda Ki\u015fisel Verilerin Korunmas\u0131na Dair Tavsiyeleri Yay\u0131mlad\u0131","description":"Yeni Geli\u015fme Ki\u015fisel Verileri Koruma Kurumu (\"Kurum\") 15 Eyl\u00fcl 2021 tarihinde Yapay Zek\u00e2 Alan\u0131nda Ki\u015fisel Verilerin Korunmas\u0131na Dair Tavsiyeleri","robots":{"index":"index","follow":"follow","max-snippet":"max-snippet:-1","max-image-preview":"max-image-preview:large","max-video-preview":"max-video-preview:-1"},"canonical":"https:\/\/www.esin.av.tr\/tr\/2021\/09\/17\/kvkk-yapay-zeka-alaninda-kisisel-verilerin-korunmasina-dair-tavsiyeleri-yayimladi\/","og_locale":"tr_TR","og_type":"article","og_title":"KVKK Yapay Zek\u00e2 Alan\u0131nda Ki\u015fisel Verilerin Korunmas\u0131na Dair Tavsiyeleri Yay\u0131mlad\u0131","og_description":"Yeni Geli\u015fme Ki\u015fisel Verileri Koruma Kurumu (\"Kurum\") 15 Eyl\u00fcl 2021 tarihinde Yapay Zek\u00e2 Alan\u0131nda Ki\u015fisel Verilerin Korunmas\u0131na Dair Tavsiyeleri","og_url":"https:\/\/www.esin.av.tr\/tr\/2021\/09\/17\/kvkk-yapay-zeka-alaninda-kisisel-verilerin-korunmasina-dair-tavsiyeleri-yayimladi\/","og_site_name":"Esin Avukatl\u0131k Ortakl\u0131\u011f\u0131","article_published_time":"2021-09-17T08:00:56+00:00","article_modified_time":"2022-06-09T13:29:15+00:00","author":"R\u0131dvan Konrat","twitter_card":"summary_large_image","twitter_misc":{"Written by":"R\u0131dvan Konrat","Est. reading time":"3 minutes"},"schema":{"@context":"https:\/\/schema.org","@graph":[{"@type":"Article","@id":"https:\/\/www.esin.av.tr\/tr\/2021\/09\/17\/kvkk-yapay-zeka-alaninda-kisisel-verilerin-korunmasina-dair-tavsiyeleri-yayimladi\/#article","isPartOf":{"@id":"https:\/\/www.esin.av.tr\/tr\/2021\/09\/17\/kvkk-yapay-zeka-alaninda-kisisel-verilerin-korunmasina-dair-tavsiyeleri-yayimladi\/"},"author":{"name":"R\u0131dvan Konrat","@id":"https:\/\/www.esin.av.tr\/tr\/#\/schema\/person\/42c8e616aab56b8622fa365ad63282ae"},"headline":"KVKK Yapay Zek\u00e2 Alan\u0131nda Ki\u015fisel Verilerin Korunmas\u0131na Dair Tavsiyeleri Yay\u0131mlad\u0131","datePublished":"2021-09-17T08:00:56+00:00","dateModified":"2022-06-09T13:29:15+00:00","mainEntityOfPage":{"@id":"https:\/\/www.esin.av.tr\/tr\/2021\/09\/17\/kvkk-yapay-zeka-alaninda-kisisel-verilerin-korunmasina-dair-tavsiyeleri-yayimladi\/"},"wordCount":711,"publisher":{"@id":"https:\/\/www.esin.av.tr\/tr\/#organization"},"keywords":["Bilgi Teknolojileri ve Telekom\u00fcnikasyon"],"articleSection":["Hukuk B\u00fcltenleri"],"inLanguage":"tr"},{"@type":"WebPage","@id":"https:\/\/www.esin.av.tr\/tr\/2021\/09\/17\/kvkk-yapay-zeka-alaninda-kisisel-verilerin-korunmasina-dair-tavsiyeleri-yayimladi\/","url":"https:\/\/www.esin.av.tr\/tr\/2021\/09\/17\/kvkk-yapay-zeka-alaninda-kisisel-verilerin-korunmasina-dair-tavsiyeleri-yayimladi\/","name":"KVKK Yapay Zek\u00e2 Alan\u0131nda Ki\u015fisel Verilerin Korunmas\u0131na Dair Tavsiyeleri Yay\u0131mlad\u0131","isPartOf":{"@id":"https:\/\/www.esin.av.tr\/tr\/#website"},"datePublished":"2021-09-17T08:00:56+00:00","dateModified":"2022-06-09T13:29:15+00:00","description":"Yeni Geli\u015fme Ki\u015fisel Verileri Koruma Kurumu (\"Kurum\") 15 Eyl\u00fcl 2021 tarihinde Yapay Zek\u00e2 Alan\u0131nda Ki\u015fisel Verilerin Korunmas\u0131na Dair Tavsiyeleri","breadcrumb":{"@id":"https:\/\/www.esin.av.tr\/tr\/2021\/09\/17\/kvkk-yapay-zeka-alaninda-kisisel-verilerin-korunmasina-dair-tavsiyeleri-yayimladi\/#breadcrumb"},"inLanguage":"tr","potentialAction":[{"@type":"ReadAction","target":["https:\/\/www.esin.av.tr\/tr\/2021\/09\/17\/kvkk-yapay-zeka-alaninda-kisisel-verilerin-korunmasina-dair-tavsiyeleri-yayimladi\/"]}]},{"@type":"BreadcrumbList","@id":"https:\/\/www.esin.av.tr\/tr\/2021\/09\/17\/kvkk-yapay-zeka-alaninda-kisisel-verilerin-korunmasina-dair-tavsiyeleri-yayimladi\/#breadcrumb","itemListElement":[{"@type":"ListItem","position":1,"name":"Home","item":"https:\/\/www.esin.av.tr\/tr\/"},{"@type":"ListItem","position":2,"name":"KVKK Yapay Zek\u00e2 Alan\u0131nda Ki\u015fisel Verilerin Korunmas\u0131na Dair Tavsiyeleri Yay\u0131mlad\u0131"}]},{"@type":"WebSite","@id":"https:\/\/www.esin.av.tr\/tr\/#website","url":"https:\/\/www.esin.av.tr\/tr\/","name":"Esin Avukatl\u0131k Ortakl\u0131\u011f\u0131","description":"","publisher":{"@id":"https:\/\/www.esin.av.tr\/tr\/#organization"},"potentialAction":[{"@type":"SearchAction","target":{"@type":"EntryPoint","urlTemplate":"https:\/\/www.esin.av.tr\/tr\/?s={search_term_string}"},"query-input":{"@type":"PropertyValueSpecification","valueRequired":true,"valueName":"search_term_string"}}],"inLanguage":"tr"},{"@type":"Organization","@id":"https:\/\/www.esin.av.tr\/tr\/#organization","name":"Esin Avukatl\u0131k Ortakl\u0131\u011f\u0131","url":"https:\/\/www.esin.av.tr\/tr\/","logo":{"@type":"ImageObject","inLanguage":"tr","@id":"https:\/\/www.esin.av.tr\/tr\/#\/schema\/logo\/image\/","url":"https:\/\/www.esin.av.tr\/wp-content\/uploads\/2021\/09\/esin-2.jpg","contentUrl":"https:\/\/www.esin.av.tr\/wp-content\/uploads\/2021\/09\/esin-2.jpg","width":800,"height":460,"caption":"Esin Avukatl\u0131k Ortakl\u0131\u011f\u0131"},"image":{"@id":"https:\/\/www.esin.av.tr\/tr\/#\/schema\/logo\/image\/"}},{"@type":"Person","@id":"https:\/\/www.esin.av.tr\/tr\/#\/schema\/person\/42c8e616aab56b8622fa365ad63282ae","name":"R\u0131dvan Konrat","image":{"@type":"ImageObject","inLanguage":"tr","@id":"https:\/\/www.esin.av.tr\/tr\/#\/schema\/person\/image\/","url":"https:\/\/secure.gravatar.com\/avatar\/b20c6c583be38ed4e76e32f69fccc676?s=96&d=mm&r=g","contentUrl":"https:\/\/secure.gravatar.com\/avatar\/b20c6c583be38ed4e76e32f69fccc676?s=96&d=mm&r=g","caption":"R\u0131dvan Konrat"},"sameAs":["http:\/\/www.esin.av.tr"],"url":"https:\/\/www.esin.av.tr\/tr\/author\/rkonrat\/"}]}},"_links":{"self":[{"href":"https:\/\/www.esin.av.tr\/tr\/wp-json\/wp\/v2\/posts\/20162","targetHints":{"allow":["GET"]}}],"collection":[{"href":"https:\/\/www.esin.av.tr\/tr\/wp-json\/wp\/v2\/posts"}],"about":[{"href":"https:\/\/www.esin.av.tr\/tr\/wp-json\/wp\/v2\/types\/post"}],"author":[{"embeddable":true,"href":"https:\/\/www.esin.av.tr\/tr\/wp-json\/wp\/v2\/users\/4"}],"replies":[{"embeddable":true,"href":"https:\/\/www.esin.av.tr\/tr\/wp-json\/wp\/v2\/comments?post=20162"}],"version-history":[{"count":2,"href":"https:\/\/www.esin.av.tr\/tr\/wp-json\/wp\/v2\/posts\/20162\/revisions"}],"predecessor-version":[{"id":20164,"href":"https:\/\/www.esin.av.tr\/tr\/wp-json\/wp\/v2\/posts\/20162\/revisions\/20164"}],"wp:attachment":[{"href":"https:\/\/www.esin.av.tr\/tr\/wp-json\/wp\/v2\/media?parent=20162"}],"wp:term":[{"taxonomy":"category","embeddable":true,"href":"https:\/\/www.esin.av.tr\/tr\/wp-json\/wp\/v2\/categories?post=20162"},{"taxonomy":"post_tag","embeddable":true,"href":"https:\/\/www.esin.av.tr\/tr\/wp-json\/wp\/v2\/tags?post=20162"}],"curies":[{"name":"wp","href":"https:\/\/api.w.org\/{rel}","templated":true}]}}