{"id":20158,"date":"2021-09-16T08:27:59","date_gmt":"2021-09-16T08:27:59","guid":{"rendered":"https:\/\/www.esin.av.tr\/?p=20158"},"modified":"2022-06-09T13:29:16","modified_gmt":"2022-06-09T13:29:16","slug":"yeni-bitki-cesitlerine-ait-islahci-haklarinin-korunmasina-dair-yonetmelikte-degisiklikler-yapildi","status":"publish","type":"post","link":"https:\/\/www.esin.av.tr\/tr\/2021\/09\/16\/yeni-bitki-cesitlerine-ait-islahci-haklarinin-korunmasina-dair-yonetmelikte-degisiklikler-yapildi\/","title":{"rendered":"Yeni Bitki \u00c7e\u015fitlerine Ait Islah\u00e7\u0131 Haklar\u0131n\u0131n Korunmas\u0131na Dair Y\u00f6netmelik&#8217;te De\u011fi\u015fiklikler Yap\u0131ld\u0131"},"content":{"rendered":"<p><strong>Yeni Geli\u015fme<\/strong><\/p>\n<p>Tar\u0131m ve Orman Bakanl\u0131\u011f\u0131&#8217;nca (&#8220;<strong>Bakanl\u0131k<\/strong>&#8220;) haz\u0131rlanan Yeni Bitki \u00c7e\u015fitlerine Ait Islah\u00e7\u0131 Haklar\u0131n\u0131n Korunmas\u0131na Dair Y\u00f6netmelikte De\u011fi\u015fiklik Yap\u0131lmas\u0131na Dair Y\u00f6netmelik (&#8220;<strong>Y\u00f6netmelik<\/strong>&#8220;) 15 Eyl\u00fcl 2021 tarihinde Resmi Gazete&#8217;de yay\u0131mlanarak y\u00fcr\u00fcrl\u00fc\u011fe girdi. Y\u00f6netmelik, koruma hakk\u0131ndan yararlanmak isteyen \u00e7e\u015fit sahibinin izlemesi gereken ba\u015fvuru s\u00fcrecine, Yeni Bitki \u00c7e\u015fitlerine Ait Islah\u00e7\u0131 Haklar\u0131n\u0131n Korunmas\u0131na Dair Y\u00f6netmelik&#8217;te yer alan baz\u0131 tan\u0131mlara ve y\u00fcr\u00fctme g\u00f6revini haiz mercie ili\u015fkin birtak\u0131m g\u00fcncellemeler getirmektedir.<\/p>\n<p><strong>Y\u00f6netmelik Neler Getiriyor?<\/strong><\/p>\n<p>Y\u00f6netmelik ile yap\u0131lan de\u011fi\u015fiklikler ba\u015fl\u0131ca \u015fu \u015fekildedir:<\/p>\n<ul>\n<li>Y\u00f6netmelik&#8217;te Bakanl\u0131k tan\u0131m\u0131 &#8220;Tar\u0131m ve Orman Bakanl\u0131\u011f\u0131&#8221; olarak, Genel M\u00fcd\u00fcrl\u00fck tan\u0131m\u0131 ise &#8220;Bitkisel \u00dcretim Genel M\u00fcd\u00fcrl\u00fc\u011f\u00fc&#8221; olarak g\u00fcncellenmi\u015ftir.<\/li>\n<li>5042 say\u0131l\u0131 Yeni Bitki \u00c7e\u015fitlerine Ait Islah\u00e7\u0131 Haklar\u0131n\u0131n Korunmas\u0131na \u0130li\u015fkin Kanun&#8217;un verdi\u011fi koruma hakk\u0131ndan yararlanmak isteyen \u00e7e\u015fit sahibinin, Yeni Bitki \u00c7e\u015fitlerine Ait Islah\u00e7\u0131 Haklar\u0131n\u0131n Korunmas\u0131na Dair Y\u00f6netmelik&#8217;in 9. maddesinde belirtilen bilgi ve belgelerden olu\u015fan dosya ile Genel M\u00fcd\u00fcrl\u00fc\u011fe, fiziki olarak veya elektronik ortamda ba\u015fvuruda bulunabilece\u011fi d\u00fczenlenmi\u015ftir.<\/li>\n<li>Genel M\u00fcd\u00fcrl\u00fc\u011fe yap\u0131lacak olan ba\u015fvuruda, ba\u015fvuru formu ve eklerinde imzalanmas\u0131 gereken belgelerin \u0131slak veya elektronik imza ile imzalanmas\u0131 gerekti\u011fi \u00f6ng\u00f6r\u00fclm\u00fc\u015ft\u00fcr. Elektronik ortamdan temin edilemeyen bilgi ve belgelerin ise ba\u015fvuru sahibinden istenece\u011fi belirtilmi\u015ftir.<\/li>\n<li>Yeni Bitki \u00c7e\u015fitlerine Ait Islah\u00e7\u0131 Haklar\u0131n\u0131n Korunmas\u0131na Dair Y\u00f6netmelik&#8217;in h\u00fck\u00fcmlerini y\u00fcr\u00fctme g\u00f6rev ve yetkisinin sahibi, Tar\u0131m ve Orman Bakan\u0131 olarak g\u00fcncellenmi\u015ftir.<\/li>\n<\/ul>\n<p><strong>Sonu\u00e7<\/strong><\/p>\n<p>Y\u00f6netmelik ile Yeni Bitki \u00c7e\u015fitlerine Ait Islah\u00e7\u0131 Haklar\u0131n\u0131n Korunmas\u0131na Dair Y\u00f6netmelik&#8217;te yer alan birtak\u0131m tan\u0131mlar de\u011fi\u015ftirilmi\u015f, bu y\u00f6netmeli\u011fi y\u00fcr\u00fctmekle yetkili ve g\u00f6revli merci g\u00fcncellenmi\u015f; koruma hakk\u0131ndan yararlanmak isteyen \u00e7e\u015fit sahibinin izleyece\u011fi ba\u015fvuru prosed\u00fcr\u00fc detayland\u0131r\u0131lm\u0131\u015ft\u0131r.<\/p>\n","protected":false},"excerpt":{"rendered":"<p>Yeni Geli\u015fme Tar\u0131m ve Orman Bakanl\u0131\u011f\u0131&#8217;nca (&#8220;Bakanl\u0131k&#8220;) haz\u0131rlanan Yeni Bitki \u00c7e\u015fitlerine Ait Islah\u00e7\u0131 Haklar\u0131n\u0131n Korunmas\u0131na Dair Y\u00f6netmelikte De\u011fi\u015fiklik Yap\u0131lmas\u0131na Dair [&hellip;]<\/p>\n","protected":false},"author":4,"featured_media":0,"comment_status":"closed","ping_status":"closed","sticky":false,"template":"","format":"standard","meta":{"_acf_changed":false,"_stopmodifiedupdate":false,"_modified_date":"","footnotes":""},"categories":[120],"tags":[91],"class_list":["post-20158","post","type-post","status-publish","format-standard","hentry","category-legal-alerts","tag-intellectual-property-tr"],"acf":[],"yoast_head":"<!-- This site is optimized with the Yoast SEO plugin v24.0 - https:\/\/yoast.com\/wordpress\/plugins\/seo\/ -->\n<title>Yeni Bitki \u00c7e\u015fitlerine Ait Islah\u00e7\u0131 Haklar\u0131n\u0131n Korunmas\u0131na Dair Y\u00f6netmelik&#039;te De\u011fi\u015fiklikler Yap\u0131ld\u0131<\/title>\n<meta name=\"description\" content=\"Yeni Geli\u015fme Tar\u0131m ve Orman Bakanl\u0131\u011f\u0131&#039;nca (&quot;Bakanl\u0131k&quot;) haz\u0131rlanan Yeni Bitki \u00c7e\u015fitlerine Ait Islah\u00e7\u0131 Haklar\u0131n\u0131n Korunmas\u0131na Dair Y\u00f6netmelikte De\u011fi\u015fiklik\" \/>\n<meta name=\"robots\" content=\"index, follow, max-snippet:-1, max-image-preview:large, max-video-preview:-1\" \/>\n<link rel=\"canonical\" href=\"https:\/\/www.esin.av.tr\/tr\/2021\/09\/16\/yeni-bitki-cesitlerine-ait-islahci-haklarinin-korunmasina-dair-yonetmelikte-degisiklikler-yapildi\/\" \/>\n<meta property=\"og:locale\" content=\"tr_TR\" \/>\n<meta property=\"og:type\" content=\"article\" \/>\n<meta property=\"og:title\" content=\"Yeni Bitki \u00c7e\u015fitlerine Ait Islah\u00e7\u0131 Haklar\u0131n\u0131n Korunmas\u0131na Dair Y\u00f6netmelik&#039;te De\u011fi\u015fiklikler Yap\u0131ld\u0131\" \/>\n<meta property=\"og:description\" content=\"Yeni Geli\u015fme Tar\u0131m ve Orman Bakanl\u0131\u011f\u0131&#039;nca (&quot;Bakanl\u0131k&quot;) haz\u0131rlanan Yeni Bitki \u00c7e\u015fitlerine Ait Islah\u00e7\u0131 Haklar\u0131n\u0131n Korunmas\u0131na Dair Y\u00f6netmelikte De\u011fi\u015fiklik\" \/>\n<meta property=\"og:url\" content=\"https:\/\/www.esin.av.tr\/tr\/2021\/09\/16\/yeni-bitki-cesitlerine-ait-islahci-haklarinin-korunmasina-dair-yonetmelikte-degisiklikler-yapildi\/\" \/>\n<meta property=\"og:site_name\" content=\"Esin Avukatl\u0131k Ortakl\u0131\u011f\u0131\" \/>\n<meta property=\"article:published_time\" content=\"2021-09-16T08:27:59+00:00\" \/>\n<meta property=\"article:modified_time\" content=\"2022-06-09T13:29:16+00:00\" \/>\n<meta name=\"author\" content=\"R\u0131dvan Konrat\" \/>\n<meta name=\"twitter:card\" content=\"summary_large_image\" \/>\n<meta name=\"twitter:label1\" content=\"Written by\" \/>\n\t<meta name=\"twitter:data1\" content=\"R\u0131dvan Konrat\" \/>\n\t<meta name=\"twitter:label2\" content=\"Est. reading time\" \/>\n\t<meta name=\"twitter:data2\" content=\"1 minute\" \/>\n<script type=\"application\/ld+json\" class=\"yoast-schema-graph\">{\"@context\":\"https:\/\/schema.org\",\"@graph\":[{\"@type\":\"Article\",\"@id\":\"https:\/\/www.esin.av.tr\/tr\/2021\/09\/16\/yeni-bitki-cesitlerine-ait-islahci-haklarinin-korunmasina-dair-yonetmelikte-degisiklikler-yapildi\/#article\",\"isPartOf\":{\"@id\":\"https:\/\/www.esin.av.tr\/tr\/2021\/09\/16\/yeni-bitki-cesitlerine-ait-islahci-haklarinin-korunmasina-dair-yonetmelikte-degisiklikler-yapildi\/\"},\"author\":{\"name\":\"R\u0131dvan Konrat\",\"@id\":\"https:\/\/www.esin.av.tr\/tr\/#\/schema\/person\/42c8e616aab56b8622fa365ad63282ae\"},\"headline\":\"Yeni Bitki \u00c7e\u015fitlerine Ait Islah\u00e7\u0131 Haklar\u0131n\u0131n Korunmas\u0131na Dair Y\u00f6netmelik&#8217;te De\u011fi\u015fiklikler Yap\u0131ld\u0131\",\"datePublished\":\"2021-09-16T08:27:59+00:00\",\"dateModified\":\"2022-06-09T13:29:16+00:00\",\"mainEntityOfPage\":{\"@id\":\"https:\/\/www.esin.av.tr\/tr\/2021\/09\/16\/yeni-bitki-cesitlerine-ait-islahci-haklarinin-korunmasina-dair-yonetmelikte-degisiklikler-yapildi\/\"},\"wordCount\":380,\"publisher\":{\"@id\":\"https:\/\/www.esin.av.tr\/tr\/#organization\"},\"keywords\":[\"Fikri ve S\u0131nai M\u00fclkiyet\"],\"articleSection\":[\"Hukuk B\u00fcltenleri\"],\"inLanguage\":\"tr\"},{\"@type\":\"WebPage\",\"@id\":\"https:\/\/www.esin.av.tr\/tr\/2021\/09\/16\/yeni-bitki-cesitlerine-ait-islahci-haklarinin-korunmasina-dair-yonetmelikte-degisiklikler-yapildi\/\",\"url\":\"https:\/\/www.esin.av.tr\/tr\/2021\/09\/16\/yeni-bitki-cesitlerine-ait-islahci-haklarinin-korunmasina-dair-yonetmelikte-degisiklikler-yapildi\/\",\"name\":\"Yeni Bitki \u00c7e\u015fitlerine Ait Islah\u00e7\u0131 Haklar\u0131n\u0131n Korunmas\u0131na Dair Y\u00f6netmelik'te De\u011fi\u015fiklikler Yap\u0131ld\u0131\",\"isPartOf\":{\"@id\":\"https:\/\/www.esin.av.tr\/tr\/#website\"},\"datePublished\":\"2021-09-16T08:27:59+00:00\",\"dateModified\":\"2022-06-09T13:29:16+00:00\",\"description\":\"Yeni Geli\u015fme Tar\u0131m ve Orman Bakanl\u0131\u011f\u0131'nca (\\\"Bakanl\u0131k\\\") haz\u0131rlanan Yeni Bitki \u00c7e\u015fitlerine Ait Islah\u00e7\u0131 Haklar\u0131n\u0131n Korunmas\u0131na Dair Y\u00f6netmelikte De\u011fi\u015fiklik\",\"breadcrumb\":{\"@id\":\"https:\/\/www.esin.av.tr\/tr\/2021\/09\/16\/yeni-bitki-cesitlerine-ait-islahci-haklarinin-korunmasina-dair-yonetmelikte-degisiklikler-yapildi\/#breadcrumb\"},\"inLanguage\":\"tr\",\"potentialAction\":[{\"@type\":\"ReadAction\",\"target\":[\"https:\/\/www.esin.av.tr\/tr\/2021\/09\/16\/yeni-bitki-cesitlerine-ait-islahci-haklarinin-korunmasina-dair-yonetmelikte-degisiklikler-yapildi\/\"]}]},{\"@type\":\"BreadcrumbList\",\"@id\":\"https:\/\/www.esin.av.tr\/tr\/2021\/09\/16\/yeni-bitki-cesitlerine-ait-islahci-haklarinin-korunmasina-dair-yonetmelikte-degisiklikler-yapildi\/#breadcrumb\",\"itemListElement\":[{\"@type\":\"ListItem\",\"position\":1,\"name\":\"Home\",\"item\":\"https:\/\/www.esin.av.tr\/tr\/\"},{\"@type\":\"ListItem\",\"position\":2,\"name\":\"Yeni Bitki \u00c7e\u015fitlerine Ait Islah\u00e7\u0131 Haklar\u0131n\u0131n Korunmas\u0131na Dair Y\u00f6netmelik&#8217;te De\u011fi\u015fiklikler Yap\u0131ld\u0131\"}]},{\"@type\":\"WebSite\",\"@id\":\"https:\/\/www.esin.av.tr\/tr\/#website\",\"url\":\"https:\/\/www.esin.av.tr\/tr\/\",\"name\":\"Esin Avukatl\u0131k Ortakl\u0131\u011f\u0131\",\"description\":\"\",\"publisher\":{\"@id\":\"https:\/\/www.esin.av.tr\/tr\/#organization\"},\"potentialAction\":[{\"@type\":\"SearchAction\",\"target\":{\"@type\":\"EntryPoint\",\"urlTemplate\":\"https:\/\/www.esin.av.tr\/tr\/?s={search_term_string}\"},\"query-input\":{\"@type\":\"PropertyValueSpecification\",\"valueRequired\":true,\"valueName\":\"search_term_string\"}}],\"inLanguage\":\"tr\"},{\"@type\":\"Organization\",\"@id\":\"https:\/\/www.esin.av.tr\/tr\/#organization\",\"name\":\"Esin Avukatl\u0131k Ortakl\u0131\u011f\u0131\",\"url\":\"https:\/\/www.esin.av.tr\/tr\/\",\"logo\":{\"@type\":\"ImageObject\",\"inLanguage\":\"tr\",\"@id\":\"https:\/\/www.esin.av.tr\/tr\/#\/schema\/logo\/image\/\",\"url\":\"https:\/\/www.esin.av.tr\/wp-content\/uploads\/2021\/09\/esin-2.jpg\",\"contentUrl\":\"https:\/\/www.esin.av.tr\/wp-content\/uploads\/2021\/09\/esin-2.jpg\",\"width\":800,\"height\":460,\"caption\":\"Esin Avukatl\u0131k Ortakl\u0131\u011f\u0131\"},\"image\":{\"@id\":\"https:\/\/www.esin.av.tr\/tr\/#\/schema\/logo\/image\/\"}},{\"@type\":\"Person\",\"@id\":\"https:\/\/www.esin.av.tr\/tr\/#\/schema\/person\/42c8e616aab56b8622fa365ad63282ae\",\"name\":\"R\u0131dvan Konrat\",\"image\":{\"@type\":\"ImageObject\",\"inLanguage\":\"tr\",\"@id\":\"https:\/\/www.esin.av.tr\/tr\/#\/schema\/person\/image\/\",\"url\":\"https:\/\/secure.gravatar.com\/avatar\/b20c6c583be38ed4e76e32f69fccc676?s=96&d=mm&r=g\",\"contentUrl\":\"https:\/\/secure.gravatar.com\/avatar\/b20c6c583be38ed4e76e32f69fccc676?s=96&d=mm&r=g\",\"caption\":\"R\u0131dvan Konrat\"},\"sameAs\":[\"http:\/\/www.esin.av.tr\"],\"url\":\"https:\/\/www.esin.av.tr\/tr\/author\/rkonrat\/\"}]}<\/script>\n<!-- \/ Yoast SEO plugin. -->","yoast_head_json":{"title":"Yeni Bitki \u00c7e\u015fitlerine Ait Islah\u00e7\u0131 Haklar\u0131n\u0131n Korunmas\u0131na Dair Y\u00f6netmelik'te De\u011fi\u015fiklikler Yap\u0131ld\u0131","description":"Yeni Geli\u015fme Tar\u0131m ve Orman Bakanl\u0131\u011f\u0131'nca (\"Bakanl\u0131k\") haz\u0131rlanan Yeni Bitki \u00c7e\u015fitlerine Ait Islah\u00e7\u0131 Haklar\u0131n\u0131n Korunmas\u0131na Dair Y\u00f6netmelikte De\u011fi\u015fiklik","robots":{"index":"index","follow":"follow","max-snippet":"max-snippet:-1","max-image-preview":"max-image-preview:large","max-video-preview":"max-video-preview:-1"},"canonical":"https:\/\/www.esin.av.tr\/tr\/2021\/09\/16\/yeni-bitki-cesitlerine-ait-islahci-haklarinin-korunmasina-dair-yonetmelikte-degisiklikler-yapildi\/","og_locale":"tr_TR","og_type":"article","og_title":"Yeni Bitki \u00c7e\u015fitlerine Ait Islah\u00e7\u0131 Haklar\u0131n\u0131n Korunmas\u0131na Dair Y\u00f6netmelik'te De\u011fi\u015fiklikler Yap\u0131ld\u0131","og_description":"Yeni Geli\u015fme Tar\u0131m ve Orman Bakanl\u0131\u011f\u0131'nca (\"Bakanl\u0131k\") haz\u0131rlanan Yeni Bitki \u00c7e\u015fitlerine Ait Islah\u00e7\u0131 Haklar\u0131n\u0131n Korunmas\u0131na Dair Y\u00f6netmelikte De\u011fi\u015fiklik","og_url":"https:\/\/www.esin.av.tr\/tr\/2021\/09\/16\/yeni-bitki-cesitlerine-ait-islahci-haklarinin-korunmasina-dair-yonetmelikte-degisiklikler-yapildi\/","og_site_name":"Esin Avukatl\u0131k Ortakl\u0131\u011f\u0131","article_published_time":"2021-09-16T08:27:59+00:00","article_modified_time":"2022-06-09T13:29:16+00:00","author":"R\u0131dvan Konrat","twitter_card":"summary_large_image","twitter_misc":{"Written by":"R\u0131dvan Konrat","Est. reading time":"1 minute"},"schema":{"@context":"https:\/\/schema.org","@graph":[{"@type":"Article","@id":"https:\/\/www.esin.av.tr\/tr\/2021\/09\/16\/yeni-bitki-cesitlerine-ait-islahci-haklarinin-korunmasina-dair-yonetmelikte-degisiklikler-yapildi\/#article","isPartOf":{"@id":"https:\/\/www.esin.av.tr\/tr\/2021\/09\/16\/yeni-bitki-cesitlerine-ait-islahci-haklarinin-korunmasina-dair-yonetmelikte-degisiklikler-yapildi\/"},"author":{"name":"R\u0131dvan Konrat","@id":"https:\/\/www.esin.av.tr\/tr\/#\/schema\/person\/42c8e616aab56b8622fa365ad63282ae"},"headline":"Yeni Bitki \u00c7e\u015fitlerine Ait Islah\u00e7\u0131 Haklar\u0131n\u0131n Korunmas\u0131na Dair Y\u00f6netmelik&#8217;te De\u011fi\u015fiklikler Yap\u0131ld\u0131","datePublished":"2021-09-16T08:27:59+00:00","dateModified":"2022-06-09T13:29:16+00:00","mainEntityOfPage":{"@id":"https:\/\/www.esin.av.tr\/tr\/2021\/09\/16\/yeni-bitki-cesitlerine-ait-islahci-haklarinin-korunmasina-dair-yonetmelikte-degisiklikler-yapildi\/"},"wordCount":380,"publisher":{"@id":"https:\/\/www.esin.av.tr\/tr\/#organization"},"keywords":["Fikri ve S\u0131nai M\u00fclkiyet"],"articleSection":["Hukuk B\u00fcltenleri"],"inLanguage":"tr"},{"@type":"WebPage","@id":"https:\/\/www.esin.av.tr\/tr\/2021\/09\/16\/yeni-bitki-cesitlerine-ait-islahci-haklarinin-korunmasina-dair-yonetmelikte-degisiklikler-yapildi\/","url":"https:\/\/www.esin.av.tr\/tr\/2021\/09\/16\/yeni-bitki-cesitlerine-ait-islahci-haklarinin-korunmasina-dair-yonetmelikte-degisiklikler-yapildi\/","name":"Yeni Bitki \u00c7e\u015fitlerine Ait Islah\u00e7\u0131 Haklar\u0131n\u0131n Korunmas\u0131na Dair Y\u00f6netmelik'te De\u011fi\u015fiklikler Yap\u0131ld\u0131","isPartOf":{"@id":"https:\/\/www.esin.av.tr\/tr\/#website"},"datePublished":"2021-09-16T08:27:59+00:00","dateModified":"2022-06-09T13:29:16+00:00","description":"Yeni Geli\u015fme Tar\u0131m ve Orman Bakanl\u0131\u011f\u0131'nca (\"Bakanl\u0131k\") haz\u0131rlanan Yeni Bitki \u00c7e\u015fitlerine Ait Islah\u00e7\u0131 Haklar\u0131n\u0131n Korunmas\u0131na Dair Y\u00f6netmelikte De\u011fi\u015fiklik","breadcrumb":{"@id":"https:\/\/www.esin.av.tr\/tr\/2021\/09\/16\/yeni-bitki-cesitlerine-ait-islahci-haklarinin-korunmasina-dair-yonetmelikte-degisiklikler-yapildi\/#breadcrumb"},"inLanguage":"tr","potentialAction":[{"@type":"ReadAction","target":["https:\/\/www.esin.av.tr\/tr\/2021\/09\/16\/yeni-bitki-cesitlerine-ait-islahci-haklarinin-korunmasina-dair-yonetmelikte-degisiklikler-yapildi\/"]}]},{"@type":"BreadcrumbList","@id":"https:\/\/www.esin.av.tr\/tr\/2021\/09\/16\/yeni-bitki-cesitlerine-ait-islahci-haklarinin-korunmasina-dair-yonetmelikte-degisiklikler-yapildi\/#breadcrumb","itemListElement":[{"@type":"ListItem","position":1,"name":"Home","item":"https:\/\/www.esin.av.tr\/tr\/"},{"@type":"ListItem","position":2,"name":"Yeni Bitki \u00c7e\u015fitlerine Ait Islah\u00e7\u0131 Haklar\u0131n\u0131n Korunmas\u0131na Dair Y\u00f6netmelik&#8217;te De\u011fi\u015fiklikler Yap\u0131ld\u0131"}]},{"@type":"WebSite","@id":"https:\/\/www.esin.av.tr\/tr\/#website","url":"https:\/\/www.esin.av.tr\/tr\/","name":"Esin Avukatl\u0131k Ortakl\u0131\u011f\u0131","description":"","publisher":{"@id":"https:\/\/www.esin.av.tr\/tr\/#organization"},"potentialAction":[{"@type":"SearchAction","target":{"@type":"EntryPoint","urlTemplate":"https:\/\/www.esin.av.tr\/tr\/?s={search_term_string}"},"query-input":{"@type":"PropertyValueSpecification","valueRequired":true,"valueName":"search_term_string"}}],"inLanguage":"tr"},{"@type":"Organization","@id":"https:\/\/www.esin.av.tr\/tr\/#organization","name":"Esin Avukatl\u0131k Ortakl\u0131\u011f\u0131","url":"https:\/\/www.esin.av.tr\/tr\/","logo":{"@type":"ImageObject","inLanguage":"tr","@id":"https:\/\/www.esin.av.tr\/tr\/#\/schema\/logo\/image\/","url":"https:\/\/www.esin.av.tr\/wp-content\/uploads\/2021\/09\/esin-2.jpg","contentUrl":"https:\/\/www.esin.av.tr\/wp-content\/uploads\/2021\/09\/esin-2.jpg","width":800,"height":460,"caption":"Esin Avukatl\u0131k Ortakl\u0131\u011f\u0131"},"image":{"@id":"https:\/\/www.esin.av.tr\/tr\/#\/schema\/logo\/image\/"}},{"@type":"Person","@id":"https:\/\/www.esin.av.tr\/tr\/#\/schema\/person\/42c8e616aab56b8622fa365ad63282ae","name":"R\u0131dvan Konrat","image":{"@type":"ImageObject","inLanguage":"tr","@id":"https:\/\/www.esin.av.tr\/tr\/#\/schema\/person\/image\/","url":"https:\/\/secure.gravatar.com\/avatar\/b20c6c583be38ed4e76e32f69fccc676?s=96&d=mm&r=g","contentUrl":"https:\/\/secure.gravatar.com\/avatar\/b20c6c583be38ed4e76e32f69fccc676?s=96&d=mm&r=g","caption":"R\u0131dvan Konrat"},"sameAs":["http:\/\/www.esin.av.tr"],"url":"https:\/\/www.esin.av.tr\/tr\/author\/rkonrat\/"}]}},"_links":{"self":[{"href":"https:\/\/www.esin.av.tr\/tr\/wp-json\/wp\/v2\/posts\/20158","targetHints":{"allow":["GET"]}}],"collection":[{"href":"https:\/\/www.esin.av.tr\/tr\/wp-json\/wp\/v2\/posts"}],"about":[{"href":"https:\/\/www.esin.av.tr\/tr\/wp-json\/wp\/v2\/types\/post"}],"author":[{"embeddable":true,"href":"https:\/\/www.esin.av.tr\/tr\/wp-json\/wp\/v2\/users\/4"}],"replies":[{"embeddable":true,"href":"https:\/\/www.esin.av.tr\/tr\/wp-json\/wp\/v2\/comments?post=20158"}],"version-history":[{"count":1,"href":"https:\/\/www.esin.av.tr\/tr\/wp-json\/wp\/v2\/posts\/20158\/revisions"}],"predecessor-version":[{"id":20159,"href":"https:\/\/www.esin.av.tr\/tr\/wp-json\/wp\/v2\/posts\/20158\/revisions\/20159"}],"wp:attachment":[{"href":"https:\/\/www.esin.av.tr\/tr\/wp-json\/wp\/v2\/media?parent=20158"}],"wp:term":[{"taxonomy":"category","embeddable":true,"href":"https:\/\/www.esin.av.tr\/tr\/wp-json\/wp\/v2\/categories?post=20158"},{"taxonomy":"post_tag","embeddable":true,"href":"https:\/\/www.esin.av.tr\/tr\/wp-json\/wp\/v2\/tags?post=20158"}],"curies":[{"name":"wp","href":"https:\/\/api.w.org\/{rel}","templated":true}]}}