{"id":20039,"date":"2021-08-27T13:38:57","date_gmt":"2021-08-27T13:38:57","guid":{"rendered":"https:\/\/www.esin.av.tr\/?p=20039"},"modified":"2022-06-09T13:29:34","modified_gmt":"2022-06-09T13:29:34","slug":"anayasa-mahkemesinden-kisisel-verilerin-korunmasini-isteme-hakkina-dair-yeni-karar","status":"publish","type":"post","link":"https:\/\/www.esin.av.tr\/tr\/2021\/08\/27\/anayasa-mahkemesinden-kisisel-verilerin-korunmasini-isteme-hakkina-dair-yeni-karar\/","title":{"rendered":"Anayasa Mahkemesinden Ki\u015fisel Verilerin Korunmas\u0131n\u0131 \u0130steme Hakk\u0131na Dair Yeni Karar"},"content":{"rendered":"<p><strong>Yeni Geli\u015fme<\/strong><\/p>\n<p>Anayasa Mahkemesi&#8217;nin bir ba\u015fvurucunun (&#8220;<strong>Ba\u015fvurucu<\/strong>&#8220;) \u00f6zel hayata sayg\u0131 kapsam\u0131ndaki ki\u015fisel verilerin korunmas\u0131n\u0131 isteme hakk\u0131n\u0131n ihlaline ili\u015fkin 2018\/14040 say\u0131l\u0131 karar\u0131, 24 A\u011fustos 2021 tarihli Resmi Gazete&#8217;de yay\u0131mland\u0131.<\/p>\n<p>Anayasa Mahkemesi, Ba\u015fvurucu&#8217;nun ki\u015fisel verilerin korunmas\u0131n\u0131 isteme hakk\u0131n\u0131n, internet trafik bilgilerinin mevzuatta \u00f6ng\u00f6r\u00fclen s\u00fcreden fazla tutulmas\u0131 ve bu bilgilerin yarg\u0131 makam\u0131 ile payla\u015f\u0131lmas\u0131 suretiyle ihlal edildi\u011fine y\u00f6nelik ba\u015fvurusunun, ba\u015fvuru yollar\u0131n\u0131n t\u00fcketilmemesi nedeniyle kabul edilemez oldu\u011funa karar vermi\u015ftir. Karara <a href=\"https:\/\/urldefense.com\/v3\/__https:\/esinxchange.com\/collect\/click.aspx?u=djVkVWVmekJXL2ozNlV3RGdpSi9UZVBrbHhpTlJaK2dmdUtPd294TUI3RHQ1UHhnL2ZUWGY1bEJTamVOKzJlbWVhVHZPVXJxVTZsL1BqQ1lXR1RSUlNDL0VIZit2ZjJyb1FwRFFjZDlmK0RZSThORzYzcTFSUT09&amp;rh=ff008051feb99058702238ac42498c736b183ccf__;!!Hj9Y_P0nvg!D45GAODTKMMNKJ1SSDSnO9xUsoN2y1k-PvC36QMdvriKvOaSmDAzExw5W8fIHSN_zJd57x97$\">buradan <\/a>ula\u015fabilirsiniz.<\/p>\n<p><strong>Ba\u015fvuruya Konu \u0130hlal \u0130ddias\u0131<\/strong><\/p>\n<p>Ba\u015fvurucu hakk\u0131nda y\u00fcr\u00fct\u00fclen ceza yarg\u0131lamas\u0131 s\u0131ras\u0131nda A\u011f\u0131r Ceza Mahkemesi, Bilgi Teknolojileri ve \u0130leti\u015fim Kurumu&#8217;ndan (<strong>&#8220;Kurum&#8221;<\/strong>) Ba\u015fvurucu&#8217;ya ait 2014-2015 tarih aral\u0131\u011f\u0131na ili\u015fkin internet trafik bilgilerini istemi\u015ftir.<\/p>\n<p>S\u00f6z konusu bilgilerin mahkemeye g\u00f6nderilmesinin \u00fczerine Ba\u015fvurucu, internet trafik bilgisinin payla\u015f\u0131ld\u0131\u011f\u0131 tarihten hareketle bilgilerin \u00fc\u00e7 y\u0131l saklad\u0131\u011f\u0131na ve iki y\u0131ll\u0131k yasal saklama s\u00fcresinin a\u015f\u0131ld\u0131\u011f\u0131na i\u015faret ederek hukuka ayk\u0131r\u0131 i\u015flem y\u00fcr\u00fct\u00fcld\u00fc\u011f\u00fcn\u00fc belirtmi\u015f ve Kurum ile eri\u015fim sa\u011flay\u0131c\u0131 \u015firketler hakk\u0131nda \u0130stanbul Cumhuriyet Ba\u015fsavc\u0131l\u0131\u011f\u0131&#8217;na su\u00e7 duyurusunda bulunmu\u015ftur. Ba\u015fsavc\u0131l\u0131k kovu\u015fturma yap\u0131lmas\u0131na yer olmad\u0131\u011f\u0131na karar vermi\u015ftir. Akabinde Ba\u015fvurucu, Ba\u015fsavc\u0131l\u0131k karar\u0131na kar\u015f\u0131 itiraz etmi\u015f ve bu itiraz Sulh Ceza Hakimli\u011fi taraf\u0131ndan reddedilmi\u015ftir. Bunun \u00fczerine Ba\u015fvurucu konuyu Anayasa Mahkemesi&#8217;ne ta\u015f\u0131m\u0131\u015f ve bireysel ba\u015fvuruda bulunmu\u015ftur. Yap\u0131lan ba\u015fvuru; (i) Kurum&#8217;un bilgileri kendi b\u00fcnyesinde en fazla iki y\u0131l s\u00fcreyle saklama y\u00fck\u00fcml\u00fcl\u00fc\u011f\u00fc bulunan eri\u015fim sa\u011flay\u0131c\u0131 \u015firketlerden edindi\u011fi ve (ii) bilgilerin yakla\u015f\u0131k \u00fc\u00e7 y\u0131l sonra yarg\u0131 makam\u0131na g\u00f6nderilmesinin \u00f6zel hayata sayg\u0131 kapsam\u0131ndaki ki\u015fisel verilerin korunmas\u0131n\u0131 isteme hakk\u0131n\u0131 ihlal etti\u011fi iddialar\u0131na dayanmaktad\u0131r.<\/p>\n<p><strong>Anayasa Mahkemesi\u2019nin De\u011ferlendirmesi<\/strong><\/p>\n<p>Anayasa Mahkemesi, bireysel ba\u015fvuru yolunun ola\u011fan kanun yollar\u0131n\u0131n t\u00fcketilmesinden sonra gelen ikincil nitelikte bir ba\u015fvuru yolu oldu\u011funu, dolay\u0131s\u0131yla bireysel ba\u015fvuru yolunun a\u00e7\u0131labilmesi i\u00e7in Ba\u015fvurucu&#8217;nun iddialar\u0131n\u0131 \u00f6ncelikle usul\u00fcne uygun \u015fekilde, gerekli \u00f6zeni g\u00f6stererek, ula\u015f\u0131labilir ve telafi kabiliyetini haiz derece mahkemelerinde ileri s\u00fcrmesi ve buna ra\u011fmen ihlalin giderilmemi\u015f olmas\u0131 gerekti\u011fini vurgulam\u0131\u015ft\u0131r.<\/p>\n<p>Anayasa Mahkemesi, ki\u015fisel verilerin hukuka ayk\u0131r\u0131 olarak payla\u015f\u0131lmas\u0131 ve saklanmas\u0131n\u0131n 5237 say\u0131l\u0131 T\u00fcrk Ceza Kanunu uyar\u0131nca su\u00e7 te\u015fkil etti\u011finin alt\u0131n\u0131 \u00e7izmi\u015ftir. Ek olarak, s\u00f6z konusu ihlalleri ki\u015filik haklar\u0131na y\u00f6nelik bir eylem olarak nitelendirerek, zarar g\u00f6renlerin tazminat yoluna da ba\u015fvurabilece\u011fini belirtmi\u015ftir. Bu noktada tazminat yarg\u0131lamas\u0131 ve ceza yarg\u0131lamas\u0131 aras\u0131nda bir de\u011ferlendirme yapan Anayasa Mahkemesi;<\/p>\n<p>&#8211; tazminat davalar\u0131nda objektif sorumluluk ilkesine yer verilmesi, daha d\u00fc\u015f\u00fck ispat standartlar\u0131n\u0131n kullan\u0131lmas\u0131, taksire dayal\u0131 sorumlulukta giderim imkan\u0131n\u0131n daha y\u00fcksek olmas\u0131 ve<br \/>\n&#8211; ceza yarg\u0131lamas\u0131na ba\u015fvuruyla kas\u0131tl\u0131 veya ihmali eylemleri tespit edilmedik\u00e7e t\u00fczel ki\u015finin ger\u00e7ek ki\u015fi \u00e7al\u0131\u015fanlar\u0131n\u0131n cezai sorumlulu\u011funa gidilememesi sebepleriyle tazminat davas\u0131n\u0131n daha y\u00fcksek ba\u015far\u0131 \u015fans\u0131 sunabilecek bir yol oldu\u011funu tespit etmi\u015ftir.<\/p>\n<p>Ayr\u0131ca, idare ve hukuk mahkemeleri taraf\u0131ndan \u015fikayetin esas\u0131na ili\u015fkin bir ara\u015ft\u0131rma yap\u0131larak varsa hukuka ayk\u0131r\u0131l\u0131k ve hak ihlallerinin tespit edilebilece\u011fi, ki\u015fisel zararlar\u0131n tazmini amac\u0131yla manevi tazminata h\u00fckmedilebilece\u011fi ve ek giderim ile tedbire de karar verilebilece\u011fini vurgulam\u0131\u015ft\u0131r.<\/p>\n<p>Bu tespitler \u0131\u015f\u0131\u011f\u0131nda, Ba\u015fvurucu&#8217;nun ihlal iddialar\u0131na ili\u015fkin ilk bak\u0131\u015fta ula\u015f\u0131labilir, ba\u015far\u0131 sunma ve giderim sa\u011flama \u015fans\u0131 olan tazminat davas\u0131 yolu t\u00fcketilmeden yapt\u0131\u011f\u0131 ba\u015fvurunun incelenmesinin, bireysel ba\u015fvurunun ikincil niteli\u011fi ile ba\u011fda\u015fmamas\u0131 sebebiyle, m\u00fcmk\u00fcn olmad\u0131\u011f\u0131na karar verilmi\u015ftir.<\/p>\n<p><strong>Sonu\u00e7<\/strong><\/p>\n<p>T.C. Anayasas\u0131 uyar\u0131nca temel hak ve \u00f6zg\u00fcrl\u00fcklerin ihlal edildi\u011fi iddialar\u0131n\u0131n \u00f6ncelikle ola\u011fan kanun yollar\u0131 ile de\u011ferlendirilmesi ve \u00e7\u00f6z\u00fcme kavu\u015fturulmas\u0131 esast\u0131r. Anayasa Mahkemesi&#8217;nin bu ba\u015fvuru \u00f6zelinde verdi\u011fi karar g\u00f6z \u00f6n\u00fcnde bulunduruldu\u011funda, ba\u015fvurucular\u0131n hukuk davas\u0131 yolunun daha etkili olmad\u0131\u011f\u0131na ili\u015fkin bir iddias\u0131 bulunmad\u0131k\u00e7a, Anayasa Mahkemesi nezdinde bireysel ba\u015fvuru yoluna gidebilmek i\u00e7in, ba\u015far\u0131 \u015fans\u0131 sunma ve yeterli giderim sa\u011flama kapasitesi bulunan hukuk davas\u0131 yolunun t\u00fcketilmesi gerekebilecektir.<\/p>\n","protected":false},"excerpt":{"rendered":"<p>Yeni Geli\u015fme Anayasa Mahkemesi&#8217;nin bir ba\u015fvurucunun (&#8220;Ba\u015fvurucu&#8220;) \u00f6zel hayata sayg\u0131 kapsam\u0131ndaki ki\u015fisel verilerin korunmas\u0131n\u0131 isteme hakk\u0131n\u0131n ihlaline ili\u015fkin 2018\/14040 say\u0131l\u0131 [&hellip;]<\/p>\n","protected":false},"author":4,"featured_media":0,"comment_status":"closed","ping_status":"closed","sticky":false,"template":"","format":"standard","meta":{"_acf_changed":false,"_stopmodifiedupdate":false,"_modified_date":"","footnotes":""},"categories":[120],"tags":[93],"class_list":["post-20039","post","type-post","status-publish","format-standard","hentry","category-legal-alerts","tag-information-technology-communications-tr"],"acf":[],"yoast_head":"<!-- This site is optimized with the Yoast SEO plugin v24.0 - https:\/\/yoast.com\/wordpress\/plugins\/seo\/ -->\n<title>Anayasa Mahkemesinden Ki\u015fisel Verilerin Korunmas\u0131n\u0131 \u0130steme Hakk\u0131na Dair Yeni Karar<\/title>\n<meta name=\"description\" content=\"Yeni Geli\u015fme Anayasa Mahkemesi&#039;nin bir ba\u015fvurucunun (&quot;Ba\u015fvurucu&quot;) \u00f6zel hayata sayg\u0131 kapsam\u0131ndaki ki\u015fisel verilerin korunmas\u0131n\u0131 isteme hakk\u0131n\u0131n ihlaline\" \/>\n<meta name=\"robots\" content=\"index, follow, max-snippet:-1, max-image-preview:large, max-video-preview:-1\" \/>\n<link rel=\"canonical\" href=\"https:\/\/www.esin.av.tr\/tr\/2021\/08\/27\/anayasa-mahkemesinden-kisisel-verilerin-korunmasini-isteme-hakkina-dair-yeni-karar\/\" \/>\n<meta property=\"og:locale\" content=\"tr_TR\" \/>\n<meta property=\"og:type\" content=\"article\" \/>\n<meta property=\"og:title\" content=\"Anayasa Mahkemesinden Ki\u015fisel Verilerin Korunmas\u0131n\u0131 \u0130steme Hakk\u0131na Dair Yeni Karar\" \/>\n<meta property=\"og:description\" content=\"Yeni Geli\u015fme Anayasa Mahkemesi&#039;nin bir ba\u015fvurucunun (&quot;Ba\u015fvurucu&quot;) \u00f6zel hayata sayg\u0131 kapsam\u0131ndaki ki\u015fisel verilerin korunmas\u0131n\u0131 isteme hakk\u0131n\u0131n ihlaline\" \/>\n<meta property=\"og:url\" content=\"https:\/\/www.esin.av.tr\/tr\/2021\/08\/27\/anayasa-mahkemesinden-kisisel-verilerin-korunmasini-isteme-hakkina-dair-yeni-karar\/\" \/>\n<meta property=\"og:site_name\" content=\"Esin Avukatl\u0131k Ortakl\u0131\u011f\u0131\" \/>\n<meta property=\"article:published_time\" content=\"2021-08-27T13:38:57+00:00\" \/>\n<meta property=\"article:modified_time\" content=\"2022-06-09T13:29:34+00:00\" \/>\n<meta name=\"author\" content=\"R\u0131dvan Konrat\" \/>\n<meta name=\"twitter:card\" content=\"summary_large_image\" \/>\n<meta name=\"twitter:label1\" content=\"Written by\" \/>\n\t<meta name=\"twitter:data1\" content=\"R\u0131dvan Konrat\" \/>\n\t<meta name=\"twitter:label2\" content=\"Est. reading time\" \/>\n\t<meta name=\"twitter:data2\" content=\"3 minutes\" \/>\n<script type=\"application\/ld+json\" class=\"yoast-schema-graph\">{\"@context\":\"https:\/\/schema.org\",\"@graph\":[{\"@type\":\"Article\",\"@id\":\"https:\/\/www.esin.av.tr\/tr\/2021\/08\/27\/anayasa-mahkemesinden-kisisel-verilerin-korunmasini-isteme-hakkina-dair-yeni-karar\/#article\",\"isPartOf\":{\"@id\":\"https:\/\/www.esin.av.tr\/tr\/2021\/08\/27\/anayasa-mahkemesinden-kisisel-verilerin-korunmasini-isteme-hakkina-dair-yeni-karar\/\"},\"author\":{\"name\":\"R\u0131dvan Konrat\",\"@id\":\"https:\/\/www.esin.av.tr\/tr\/#\/schema\/person\/42c8e616aab56b8622fa365ad63282ae\"},\"headline\":\"Anayasa Mahkemesinden Ki\u015fisel Verilerin Korunmas\u0131n\u0131 \u0130steme Hakk\u0131na Dair Yeni Karar\",\"datePublished\":\"2021-08-27T13:38:57+00:00\",\"dateModified\":\"2022-06-09T13:29:34+00:00\",\"mainEntityOfPage\":{\"@id\":\"https:\/\/www.esin.av.tr\/tr\/2021\/08\/27\/anayasa-mahkemesinden-kisisel-verilerin-korunmasini-isteme-hakkina-dair-yeni-karar\/\"},\"wordCount\":780,\"publisher\":{\"@id\":\"https:\/\/www.esin.av.tr\/tr\/#organization\"},\"keywords\":[\"Bilgi Teknolojileri ve Telekom\u00fcnikasyon\"],\"articleSection\":[\"Hukuk B\u00fcltenleri\"],\"inLanguage\":\"tr\"},{\"@type\":\"WebPage\",\"@id\":\"https:\/\/www.esin.av.tr\/tr\/2021\/08\/27\/anayasa-mahkemesinden-kisisel-verilerin-korunmasini-isteme-hakkina-dair-yeni-karar\/\",\"url\":\"https:\/\/www.esin.av.tr\/tr\/2021\/08\/27\/anayasa-mahkemesinden-kisisel-verilerin-korunmasini-isteme-hakkina-dair-yeni-karar\/\",\"name\":\"Anayasa Mahkemesinden Ki\u015fisel Verilerin Korunmas\u0131n\u0131 \u0130steme Hakk\u0131na Dair Yeni Karar\",\"isPartOf\":{\"@id\":\"https:\/\/www.esin.av.tr\/tr\/#website\"},\"datePublished\":\"2021-08-27T13:38:57+00:00\",\"dateModified\":\"2022-06-09T13:29:34+00:00\",\"description\":\"Yeni Geli\u015fme Anayasa Mahkemesi'nin bir ba\u015fvurucunun (\\\"Ba\u015fvurucu\\\") \u00f6zel hayata sayg\u0131 kapsam\u0131ndaki ki\u015fisel verilerin korunmas\u0131n\u0131 isteme hakk\u0131n\u0131n ihlaline\",\"breadcrumb\":{\"@id\":\"https:\/\/www.esin.av.tr\/tr\/2021\/08\/27\/anayasa-mahkemesinden-kisisel-verilerin-korunmasini-isteme-hakkina-dair-yeni-karar\/#breadcrumb\"},\"inLanguage\":\"tr\",\"potentialAction\":[{\"@type\":\"ReadAction\",\"target\":[\"https:\/\/www.esin.av.tr\/tr\/2021\/08\/27\/anayasa-mahkemesinden-kisisel-verilerin-korunmasini-isteme-hakkina-dair-yeni-karar\/\"]}]},{\"@type\":\"BreadcrumbList\",\"@id\":\"https:\/\/www.esin.av.tr\/tr\/2021\/08\/27\/anayasa-mahkemesinden-kisisel-verilerin-korunmasini-isteme-hakkina-dair-yeni-karar\/#breadcrumb\",\"itemListElement\":[{\"@type\":\"ListItem\",\"position\":1,\"name\":\"Home\",\"item\":\"https:\/\/www.esin.av.tr\/tr\/\"},{\"@type\":\"ListItem\",\"position\":2,\"name\":\"Anayasa Mahkemesinden Ki\u015fisel Verilerin Korunmas\u0131n\u0131 \u0130steme Hakk\u0131na Dair Yeni Karar\"}]},{\"@type\":\"WebSite\",\"@id\":\"https:\/\/www.esin.av.tr\/tr\/#website\",\"url\":\"https:\/\/www.esin.av.tr\/tr\/\",\"name\":\"Esin Avukatl\u0131k Ortakl\u0131\u011f\u0131\",\"description\":\"\",\"publisher\":{\"@id\":\"https:\/\/www.esin.av.tr\/tr\/#organization\"},\"potentialAction\":[{\"@type\":\"SearchAction\",\"target\":{\"@type\":\"EntryPoint\",\"urlTemplate\":\"https:\/\/www.esin.av.tr\/tr\/?s={search_term_string}\"},\"query-input\":{\"@type\":\"PropertyValueSpecification\",\"valueRequired\":true,\"valueName\":\"search_term_string\"}}],\"inLanguage\":\"tr\"},{\"@type\":\"Organization\",\"@id\":\"https:\/\/www.esin.av.tr\/tr\/#organization\",\"name\":\"Esin Avukatl\u0131k Ortakl\u0131\u011f\u0131\",\"url\":\"https:\/\/www.esin.av.tr\/tr\/\",\"logo\":{\"@type\":\"ImageObject\",\"inLanguage\":\"tr\",\"@id\":\"https:\/\/www.esin.av.tr\/tr\/#\/schema\/logo\/image\/\",\"url\":\"https:\/\/www.esin.av.tr\/wp-content\/uploads\/2021\/09\/esin-2.jpg\",\"contentUrl\":\"https:\/\/www.esin.av.tr\/wp-content\/uploads\/2021\/09\/esin-2.jpg\",\"width\":800,\"height\":460,\"caption\":\"Esin Avukatl\u0131k Ortakl\u0131\u011f\u0131\"},\"image\":{\"@id\":\"https:\/\/www.esin.av.tr\/tr\/#\/schema\/logo\/image\/\"}},{\"@type\":\"Person\",\"@id\":\"https:\/\/www.esin.av.tr\/tr\/#\/schema\/person\/42c8e616aab56b8622fa365ad63282ae\",\"name\":\"R\u0131dvan Konrat\",\"image\":{\"@type\":\"ImageObject\",\"inLanguage\":\"tr\",\"@id\":\"https:\/\/www.esin.av.tr\/tr\/#\/schema\/person\/image\/\",\"url\":\"https:\/\/secure.gravatar.com\/avatar\/b20c6c583be38ed4e76e32f69fccc676?s=96&d=mm&r=g\",\"contentUrl\":\"https:\/\/secure.gravatar.com\/avatar\/b20c6c583be38ed4e76e32f69fccc676?s=96&d=mm&r=g\",\"caption\":\"R\u0131dvan Konrat\"},\"sameAs\":[\"http:\/\/www.esin.av.tr\"],\"url\":\"https:\/\/www.esin.av.tr\/tr\/author\/rkonrat\/\"}]}<\/script>\n<!-- \/ Yoast SEO plugin. -->","yoast_head_json":{"title":"Anayasa Mahkemesinden Ki\u015fisel Verilerin Korunmas\u0131n\u0131 \u0130steme Hakk\u0131na Dair Yeni Karar","description":"Yeni Geli\u015fme Anayasa Mahkemesi'nin bir ba\u015fvurucunun (\"Ba\u015fvurucu\") \u00f6zel hayata sayg\u0131 kapsam\u0131ndaki ki\u015fisel verilerin korunmas\u0131n\u0131 isteme hakk\u0131n\u0131n ihlaline","robots":{"index":"index","follow":"follow","max-snippet":"max-snippet:-1","max-image-preview":"max-image-preview:large","max-video-preview":"max-video-preview:-1"},"canonical":"https:\/\/www.esin.av.tr\/tr\/2021\/08\/27\/anayasa-mahkemesinden-kisisel-verilerin-korunmasini-isteme-hakkina-dair-yeni-karar\/","og_locale":"tr_TR","og_type":"article","og_title":"Anayasa Mahkemesinden Ki\u015fisel Verilerin Korunmas\u0131n\u0131 \u0130steme Hakk\u0131na Dair Yeni Karar","og_description":"Yeni Geli\u015fme Anayasa Mahkemesi'nin bir ba\u015fvurucunun (\"Ba\u015fvurucu\") \u00f6zel hayata sayg\u0131 kapsam\u0131ndaki ki\u015fisel verilerin korunmas\u0131n\u0131 isteme hakk\u0131n\u0131n ihlaline","og_url":"https:\/\/www.esin.av.tr\/tr\/2021\/08\/27\/anayasa-mahkemesinden-kisisel-verilerin-korunmasini-isteme-hakkina-dair-yeni-karar\/","og_site_name":"Esin Avukatl\u0131k Ortakl\u0131\u011f\u0131","article_published_time":"2021-08-27T13:38:57+00:00","article_modified_time":"2022-06-09T13:29:34+00:00","author":"R\u0131dvan Konrat","twitter_card":"summary_large_image","twitter_misc":{"Written by":"R\u0131dvan Konrat","Est. reading time":"3 minutes"},"schema":{"@context":"https:\/\/schema.org","@graph":[{"@type":"Article","@id":"https:\/\/www.esin.av.tr\/tr\/2021\/08\/27\/anayasa-mahkemesinden-kisisel-verilerin-korunmasini-isteme-hakkina-dair-yeni-karar\/#article","isPartOf":{"@id":"https:\/\/www.esin.av.tr\/tr\/2021\/08\/27\/anayasa-mahkemesinden-kisisel-verilerin-korunmasini-isteme-hakkina-dair-yeni-karar\/"},"author":{"name":"R\u0131dvan Konrat","@id":"https:\/\/www.esin.av.tr\/tr\/#\/schema\/person\/42c8e616aab56b8622fa365ad63282ae"},"headline":"Anayasa Mahkemesinden Ki\u015fisel Verilerin Korunmas\u0131n\u0131 \u0130steme Hakk\u0131na Dair Yeni Karar","datePublished":"2021-08-27T13:38:57+00:00","dateModified":"2022-06-09T13:29:34+00:00","mainEntityOfPage":{"@id":"https:\/\/www.esin.av.tr\/tr\/2021\/08\/27\/anayasa-mahkemesinden-kisisel-verilerin-korunmasini-isteme-hakkina-dair-yeni-karar\/"},"wordCount":780,"publisher":{"@id":"https:\/\/www.esin.av.tr\/tr\/#organization"},"keywords":["Bilgi Teknolojileri ve Telekom\u00fcnikasyon"],"articleSection":["Hukuk B\u00fcltenleri"],"inLanguage":"tr"},{"@type":"WebPage","@id":"https:\/\/www.esin.av.tr\/tr\/2021\/08\/27\/anayasa-mahkemesinden-kisisel-verilerin-korunmasini-isteme-hakkina-dair-yeni-karar\/","url":"https:\/\/www.esin.av.tr\/tr\/2021\/08\/27\/anayasa-mahkemesinden-kisisel-verilerin-korunmasini-isteme-hakkina-dair-yeni-karar\/","name":"Anayasa Mahkemesinden Ki\u015fisel Verilerin Korunmas\u0131n\u0131 \u0130steme Hakk\u0131na Dair Yeni Karar","isPartOf":{"@id":"https:\/\/www.esin.av.tr\/tr\/#website"},"datePublished":"2021-08-27T13:38:57+00:00","dateModified":"2022-06-09T13:29:34+00:00","description":"Yeni Geli\u015fme Anayasa Mahkemesi'nin bir ba\u015fvurucunun (\"Ba\u015fvurucu\") \u00f6zel hayata sayg\u0131 kapsam\u0131ndaki ki\u015fisel verilerin korunmas\u0131n\u0131 isteme hakk\u0131n\u0131n ihlaline","breadcrumb":{"@id":"https:\/\/www.esin.av.tr\/tr\/2021\/08\/27\/anayasa-mahkemesinden-kisisel-verilerin-korunmasini-isteme-hakkina-dair-yeni-karar\/#breadcrumb"},"inLanguage":"tr","potentialAction":[{"@type":"ReadAction","target":["https:\/\/www.esin.av.tr\/tr\/2021\/08\/27\/anayasa-mahkemesinden-kisisel-verilerin-korunmasini-isteme-hakkina-dair-yeni-karar\/"]}]},{"@type":"BreadcrumbList","@id":"https:\/\/www.esin.av.tr\/tr\/2021\/08\/27\/anayasa-mahkemesinden-kisisel-verilerin-korunmasini-isteme-hakkina-dair-yeni-karar\/#breadcrumb","itemListElement":[{"@type":"ListItem","position":1,"name":"Home","item":"https:\/\/www.esin.av.tr\/tr\/"},{"@type":"ListItem","position":2,"name":"Anayasa Mahkemesinden Ki\u015fisel Verilerin Korunmas\u0131n\u0131 \u0130steme Hakk\u0131na Dair Yeni Karar"}]},{"@type":"WebSite","@id":"https:\/\/www.esin.av.tr\/tr\/#website","url":"https:\/\/www.esin.av.tr\/tr\/","name":"Esin Avukatl\u0131k Ortakl\u0131\u011f\u0131","description":"","publisher":{"@id":"https:\/\/www.esin.av.tr\/tr\/#organization"},"potentialAction":[{"@type":"SearchAction","target":{"@type":"EntryPoint","urlTemplate":"https:\/\/www.esin.av.tr\/tr\/?s={search_term_string}"},"query-input":{"@type":"PropertyValueSpecification","valueRequired":true,"valueName":"search_term_string"}}],"inLanguage":"tr"},{"@type":"Organization","@id":"https:\/\/www.esin.av.tr\/tr\/#organization","name":"Esin Avukatl\u0131k Ortakl\u0131\u011f\u0131","url":"https:\/\/www.esin.av.tr\/tr\/","logo":{"@type":"ImageObject","inLanguage":"tr","@id":"https:\/\/www.esin.av.tr\/tr\/#\/schema\/logo\/image\/","url":"https:\/\/www.esin.av.tr\/wp-content\/uploads\/2021\/09\/esin-2.jpg","contentUrl":"https:\/\/www.esin.av.tr\/wp-content\/uploads\/2021\/09\/esin-2.jpg","width":800,"height":460,"caption":"Esin Avukatl\u0131k Ortakl\u0131\u011f\u0131"},"image":{"@id":"https:\/\/www.esin.av.tr\/tr\/#\/schema\/logo\/image\/"}},{"@type":"Person","@id":"https:\/\/www.esin.av.tr\/tr\/#\/schema\/person\/42c8e616aab56b8622fa365ad63282ae","name":"R\u0131dvan Konrat","image":{"@type":"ImageObject","inLanguage":"tr","@id":"https:\/\/www.esin.av.tr\/tr\/#\/schema\/person\/image\/","url":"https:\/\/secure.gravatar.com\/avatar\/b20c6c583be38ed4e76e32f69fccc676?s=96&d=mm&r=g","contentUrl":"https:\/\/secure.gravatar.com\/avatar\/b20c6c583be38ed4e76e32f69fccc676?s=96&d=mm&r=g","caption":"R\u0131dvan Konrat"},"sameAs":["http:\/\/www.esin.av.tr"],"url":"https:\/\/www.esin.av.tr\/tr\/author\/rkonrat\/"}]}},"_links":{"self":[{"href":"https:\/\/www.esin.av.tr\/tr\/wp-json\/wp\/v2\/posts\/20039","targetHints":{"allow":["GET"]}}],"collection":[{"href":"https:\/\/www.esin.av.tr\/tr\/wp-json\/wp\/v2\/posts"}],"about":[{"href":"https:\/\/www.esin.av.tr\/tr\/wp-json\/wp\/v2\/types\/post"}],"author":[{"embeddable":true,"href":"https:\/\/www.esin.av.tr\/tr\/wp-json\/wp\/v2\/users\/4"}],"replies":[{"embeddable":true,"href":"https:\/\/www.esin.av.tr\/tr\/wp-json\/wp\/v2\/comments?post=20039"}],"version-history":[{"count":1,"href":"https:\/\/www.esin.av.tr\/tr\/wp-json\/wp\/v2\/posts\/20039\/revisions"}],"predecessor-version":[{"id":20040,"href":"https:\/\/www.esin.av.tr\/tr\/wp-json\/wp\/v2\/posts\/20039\/revisions\/20040"}],"wp:attachment":[{"href":"https:\/\/www.esin.av.tr\/tr\/wp-json\/wp\/v2\/media?parent=20039"}],"wp:term":[{"taxonomy":"category","embeddable":true,"href":"https:\/\/www.esin.av.tr\/tr\/wp-json\/wp\/v2\/categories?post=20039"},{"taxonomy":"post_tag","embeddable":true,"href":"https:\/\/www.esin.av.tr\/tr\/wp-json\/wp\/v2\/tags?post=20039"}],"curies":[{"name":"wp","href":"https:\/\/api.w.org\/{rel}","templated":true}]}}