{"id":20026,"date":"2021-08-27T11:59:48","date_gmt":"2021-08-27T11:59:48","guid":{"rendered":"https:\/\/www.esin.av.tr\/?p=20026"},"modified":"2022-06-09T13:29:39","modified_gmt":"2022-06-09T13:29:39","slug":"2634-sayili-turizmi-tesvik-kanununda-onemli-degisiklikler-yapildi","status":"publish","type":"post","link":"https:\/\/www.esin.av.tr\/tr\/2021\/08\/27\/2634-sayili-turizmi-tesvik-kanununda-onemli-degisiklikler-yapildi\/","title":{"rendered":"2634 say\u0131l\u0131 Turizmi Te\u015fvik Kanunu&#8217;nda \u00f6nemli de\u011fi\u015fiklikler yap\u0131ld\u0131"},"content":{"rendered":"<p><strong>Yeni geli\u015fme<\/strong><\/p>\n<p>28 Temmuz 2021 tarihli Resmi Gazete&#8217;de yay\u0131mlanan Turizmi Te\u015fvik Kanunu ile Baz\u0131 Kanunlarda De\u011fi\u015fiklik Yap\u0131lmas\u0131na Dair Kanun (&#8220;<strong>Kanun<\/strong>&#8220;) ile 2634 say\u0131l\u0131 Turizmi Te\u015fvik Kanunu&#8217;nda \u00f6nemli de\u011fi\u015fiklikler yap\u0131ld\u0131. Kamuoyunda \u00e7ok\u00e7a tart\u0131\u015f\u0131lan de\u011fi\u015fikliklere <u><a href=\"https:\/\/urldefense.com\/v3\/__https:\/esinxchange.com\/collect\/click.aspx?u=UmZtcWI3WEpoS1VGWVRkMHllNWhzK3F2Z3VsV0hDaHhqQ3FIYkFySWhDa0RJWjdnNjZ3R0RiaUFkWmE5NVBtUkc5WnlVcE9VQW0zcWtRcWRvUGlxNEFKb1dualBldTB2bGIrUEJJR1BLbmJ2VjJUWVFaRzlyNUI0YW1MdW1qd1N5c0NtSWtvY1dOTVBQMFhmNWNNNWVQM0NFNE1kWEY4ZVAxQkNFVEl2eTZ3PQ==&amp;rh=ff00804d09cc59a9caa5cd0cd4459cb2737a760f__;!!Hj9Y_P0nvg!GoMeYTXWk-Ar5__0Py8kxpI07o_bjWKtM635JuGjTRQsIo9KvW3_onXvdjg-azXYpvSl2skS$\"><strong>buradan<\/strong><\/a><\/u> ula\u015fabilirsiniz.<\/p>\n<p><strong>Ne de\u011fi\u015fecek?<\/strong><\/p>\n<p><strong>Turizm hizmetleri y\u00f6netim birliklerinin kurulmas\u0131<\/strong><\/p>\n<p>K\u00fclt\u00fcr ve Turizm Bakanl\u0131\u011f\u0131 (&#8220;<strong>Bakanl\u0131k<\/strong>&#8220;) taraf\u0131ndan uygun g\u00f6r\u00fclen k\u00fclt\u00fcr ve turizm koruma ve geli\u015fim b\u00f6lgelerinin korunmas\u0131, geli\u015ftirilmesi, sosyal ve teknik altyap\u0131n\u0131n ger\u00e7ekle\u015ftirilmesi ve i\u015fletilmesi kapsam\u0131nda \u00f6zel sekt\u00f6r ile i\u015f birli\u011fi sa\u011flanmas\u0131 amac\u0131yla turizm hizmetleri y\u00f6netim birlikleri kurulacakt\u0131r.<\/p>\n<p><strong>Turizm i\u015fletmelerinin belgelendirilmesi<\/strong><\/p>\n<p>Kanun ile gelen en \u00f6nemli de\u011fi\u015fikliklerden biri, konaklama tesislerinin asgari standartlara sahip olmas\u0131 ve Bakanl\u0131\u011f\u0131n denetimine al\u0131nmas\u0131 ama\u00e7lar\u0131yla turizm i\u015fletmelerinin belgelendirilmesine ili\u015fkindir.<\/p>\n<p>Kanun&#8217;dan \u00f6nce, turizm i\u015fletmesi belgesi al\u0131nmas\u0131 zorunlu de\u011fildi ve belge sahibi olmak yaln\u0131zca Turizmi Te\u015fvik Kanunu&#8217;nda d\u00fczenlenen te\u015fviklerden yararlanman\u0131n bir \u00f6n ko\u015fulu olarak d\u00fczenlenmi\u015fti. Dolay\u0131s\u0131yla sekt\u00f6rde faaliyet g\u00f6steren ve te\u015fviklerden yararlanmay\u0131 d\u00fc\u015f\u00fcnmeyen i\u015fletmeler, turizm i\u015fletme belgesi almaks\u0131z\u0131n faaliyetlerini s\u00fcrd\u00fcrmekteydi. Kanun ile birlikte konaklama tesisleri ile konaklama i\u00e7ermeyen m\u00fcstakil plaj i\u015fletmelerinin turizm i\u015fletmesi belgesi almas\u0131 zorunlu hale getirildi.<\/p>\n<p>Yeni d\u00f6nemde konaklama i\u015fletmeleri i\u015fyeri a\u00e7ma ve \u00e7al\u0131\u015fma ruhsat\u0131 ald\u0131klar\u0131 tarihten itibaren bir y\u0131l i\u00e7erisinde Bakanl\u0131k&#8217;tan turizm i\u015fletme belgesi almak zorunda olacakt\u0131r. Kanun y\u00fcr\u00fcrl\u00fc\u011fe girmeden \u00f6nce turizm i\u015fletmesi belgesi olmadan faaliyetlerini s\u00fcrd\u00fcren konaklama tesisleri ise Kanun&#8217;un y\u00fcr\u00fcrl\u00fck tarihinden itibaren bir y\u0131l i\u00e7erisinde basit konaklama turizm i\u015fletme belgesi alacakt\u0131r. Ancak basit konaklama turizm i\u015fletme belgeli tesisler turizm te\u015fviklerinden ve turizm kredilerinden yararlanamayacak; bunun yan\u0131nda alkoll\u00fc i\u00e7ki sat\u0131\u015f\u0131 ve ruhsatlar\u0131na ili\u015fkin Umumi H\u0131fz\u0131ss\u0131hha Kanunu ve \u0130lk\u00f6\u011fretim ve E\u011fitim Kanunu ile belirlenen mesafe kurallar\u0131 ve k\u0131s\u0131tlamalara tabi olacakt\u0131r.<\/p>\n<p>Turizm i\u015fletmesi belgesi ve basit konaklama turizm i\u015fletme belgesini s\u00fcresi i\u00e7erisinde alamayan konaklama ve plaj i\u015fletmeleri faaliyette bulunamayacak ve i\u015fyeri a\u00e7ma ve \u00e7al\u0131\u015fma ruhsatlar\u0131 Bakanl\u0131k taraf\u0131ndan yap\u0131lacak bildirim \u00fczerine yetkili idare taraf\u0131ndan bir ay i\u00e7inde iptal edilecektir.<\/p>\n<p><strong>K\u00fclt\u00fcr ve turizm koruma ve geli\u015fim b\u00f6lgeleri ile turizm merkezlerinin belirlenmesine ili\u015fkin Cumhurba\u015fkan\u0131\u2019n\u0131n yetkileri<\/strong><\/p>\n<p>Kanun ile birlikte, daha \u00f6nceden de Cumhurba\u015fkan\u0131 yetkisinde olan k\u00fclt\u00fcr ve turizm koruma ve geli\u015fim b\u00f6lgelerinin belirlenmesinde, Cumhurba\u015fkan\u0131\u2019n\u0131n yetkilerine kamu yarar\u0131 bulunmas\u0131 ve koruma kullanma dengesinin g\u00f6zetilmesi gibi s\u0131n\u0131rlamalar getirildi.<\/p>\n<p>Kanun ile turizm merkezleri tan\u0131m\u0131 de\u011fi\u015ftirilerek yaln\u0131zca k\u00fclt\u00fcr ve turizm koruma ve geli\u015fim b\u00f6lgeleri d\u0131\u015f\u0131ndaki alanlar\u0131n turizm merkezi olarak belirlenebilece\u011fi d\u00fczenlendi. Buna ek olarak turizm merkezi olarak tespit ve ilan edilecek alanlar\u0131n (i) orman vas\u0131fl\u0131 olmas\u0131 durumunda kamu yarar\u0131 bulunmas\u0131 ve (ii) Hazine ta\u015f\u0131nmazlar\u0131 ya da devletin h\u00fck\u00fcm ve tasarrufu alt\u0131ndaki tescili m\u00fcmk\u00fcn yerlerden olmas\u0131 s\u0131n\u0131rlamalar\u0131 getirildi.<\/p>\n<p>Ayr\u0131ca, 2012\/3305 say\u0131l\u0131 Yat\u0131r\u0131mlarda Devlet Yard\u0131mlar\u0131 Hakk\u0131nda Karar&#8217;da yer alan kredi faizlerinde Devlet yard\u0131m\u0131, vergi indirim deste\u011fi ve bina in\u015faatlar\u0131nda katma de\u011fer vergisi iadesi gibi istisna, muafiyet ve te\u015fvikleri turizm merkezleri i\u00e7in de uygulanacakt\u0131r.<\/p>\n<p><strong>\u0130mar planlar\u0131 ve \u00f6zelle\u015ftirme programlar\u0131<\/strong><\/p>\n<p>Bakanl\u0131k, Kanun&#8217;un yay\u0131mlanmas\u0131ndan \u00f6nce de k\u00fclt\u00fcr ve turizm koruma ve geli\u015fim b\u00f6lgeleri ve turizm merkezleri i\u00e7inde her \u00f6l\u00e7ekteki planlar\u0131 yapmaya, yapt\u0131rmaya, re&#8217;sen onaylamaya ve tadil etmeye yetkiliydi. Kanun ile planlar\u0131n onaylanmas\u0131na ili\u015fkin s\u00fcre\u00e7 detayland\u0131r\u0131ld\u0131. Buna g\u00f6re, k\u00fclt\u00fcr ve turizm koruma ve geli\u015fim b\u00f6lgeleri ve turizm merkezleri i\u00e7inde yer alan alanlara ili\u015fkin her \u00f6l\u00e7ekteki plan teklifleri Bakanl\u0131\u011fa sunulacak, ve ancak Bakanl\u0131k taraf\u0131ndan uygun g\u00f6r\u00fclen planlar \u00c7evre ve \u015eehircilik Bakanl\u0131\u011f\u0131\u2019na g\u00f6nderilecektir. B\u00f6ylece Bakanl\u0131k turizm b\u00f6lgelerindeki yap\u0131la\u015fmay\u0131 do\u011frudan kontrol edebilecektir.<\/p>\n<p>K\u00fclt\u00fcr ve turizm koruma ve geli\u015fim b\u00f6lgeleri ve turizm merkezlerinde, \u00f6zelle\u015ftirme kapsam ve program\u0131na alma i\u015flemlerinde \u00f6ncelikle Bakanl\u0131\u011fa bilgi verilecektir.<\/p>\n<p>Kanun&#8217;un y\u00fcr\u00fcrl\u00fck tarihinden \u00f6nce onaylanmak \u00fczere \u00c7evre ve \u015eehircilik Bakanl\u0131\u011f\u0131&#8217;na intikal ettirilmi\u015f planlara ili\u015fkin i\u015f ve i\u015flemler ise Bakanl\u0131\u011f\u0131n g\u00f6r\u00fc\u015f\u00fc al\u0131narak \u00c7evre ve \u015eehircilik Bakanl\u0131\u011f\u0131 taraf\u0131ndan sonu\u00e7land\u0131r\u0131lacakt\u0131r.<\/p>\n<p><strong>Tahsisli orman alanlar\u0131 ve milli parklara ili\u015fkin s\u00f6zle\u015fmelerin Bakanl\u0131\u011fa devri <\/strong><\/p>\n<p>Kanun ile birlikte turizm sekt\u00f6r\u00fcndeki prosed\u00fcrleri yeknesak ve daha i\u015flevsel hale getirme amac\u0131 do\u011frultusunda, turizmde kullan\u0131lacak alanlar\u0131n tahsisi Bakanl\u0131k yetkisinde toplanm\u0131\u015ft\u0131r. Bu do\u011frultuda ge\u00e7mi\u015fte Tar\u0131m ve Orman Bakanl\u0131\u011f\u0131 taraf\u0131ndan tahsisi yap\u0131lm\u0131\u015f olan alanlara ili\u015fkin s\u00f6zle\u015fmelerin Bakanl\u0131\u011fa devri d\u00fczenlendi. Buna g\u00f6re devir i\u00e7in;<\/p>\n<ul>\n<li>s\u00f6z konusu tahsise ili\u015fkin varsa a\u00e7\u0131lan davalardan feragat edilmesi;<\/li>\n<li>herhangi bir borcun bulunmamas\u0131; ve<\/li>\n<li>bir y\u0131l i\u00e7erisinde Bakanl\u0131\u011fa ba\u015fvurulmas\u0131 \u015fartlar\u0131 yerine getirilmelidir.<\/li>\n<\/ul>\n<p>Ba\u015fvuru sonras\u0131nda Bakanl\u0131k yeniden bedel ve tahsis ko\u015fullar\u0131 belirleyecek ve ilgili i\u015fletme ile yeni bir s\u00f6zle\u015fme akdedilecektir. S\u00fcre\u00e7 sonunda t\u00fcm tahsislerin Bakanl\u0131k kontrol\u00fcne al\u0131nmas\u0131 ve tek elden y\u00f6netilmesi sa\u011flanacakt\u0131r. Devir ve uyarlamaya ili\u015fkin usul ve esaslar\u0131n Bakanl\u0131k taraf\u0131ndan yak\u0131n bir tarihte yay\u0131mlanmas\u0131 beklenmektedir.<\/p>\n<p><strong>Kamu ta\u015f\u0131nmazlar\u0131n\u0131n tahsisi<\/strong><\/p>\n<p>Yeni d\u00f6nemde kamu ta\u015f\u0131nmazlar\u0131n\u0131 turizm faaliyetleri i\u00e7in yat\u0131r\u0131mc\u0131lara tahsisi yetkisi Bakanl\u0131k elinde toplanm\u0131\u015ft\u0131r. Buna g\u00f6re;<\/p>\n<ul>\n<li>k\u00fclt\u00fcr ve turizm koruma ve geli\u015fim b\u00f6lgeleri<\/li>\n<li>turizm merkezleri<\/li>\n<li>bu b\u00f6lge ve merkezlerin d\u0131\u015f\u0131nda olmakla birlikte denize k\u0131y\u0131s\u0131 olan il\u00e7elerde ve 2873 say\u0131l\u0131 Mill\u00ee Parklar Kanunu gere\u011fince tespit ve il\u00e2n edilen yerlerde, ilgili Bakanl\u0131k\u00e7a belirlenen ve \u00fczerinde konaklama tesisi bulunan veya konaklama tesisi yap\u0131lmas\u0131 uygun g\u00f6r\u00fclen alanlar, ve<\/li>\n<li>Ula\u015ft\u0131rma ve Altyap\u0131 Bakanl\u0131\u011f\u0131 taraf\u0131ndan uygun g\u00f6r\u00fclen yat limanlar\u0131 i\u00e7in belirlenecek ta\u015f\u0131nmazlar yat\u0131r\u0131mc\u0131lara Bakanl\u0131k taraf\u0131ndan tahsis edilecektir.<\/li>\n<\/ul>\n<p>Tahsisli alanlar\u0131n yat\u0131r\u0131mc\u0131lar taraf\u0131ndan \u00fc\u00e7\u00fcnc\u00fc \u015fah\u0131slara kiralanmas\u0131, i\u015flettirilmesi ya da \u00fcst hakk\u0131n\u0131n devri gibi konularla ilgili d\u00fczenlemelerin Bakanl\u0131k taraf\u0131ndan duyurulacak olan usul ve esaslar i\u00e7erisinde belirlenmesi beklenmektedir.<\/p>\n<p><strong>Bilgi verme y\u00fck\u00fcml\u00fcl\u00fc\u011f\u00fc<\/strong><\/p>\n<p>Kanun ile getirilen \u00f6nemli de\u011fi\u015fikliklerden biri de, (i) yat\u0131r\u0131m veya i\u015fletmelerin t\u00fcm\u00fcn\u00fcn devredilmesi, kiraya veya i\u015fletmeciye verilmesi, (ii) \u015firket unvan ve ortakl\u0131k yap\u0131s\u0131n\u0131n de\u011fi\u015ftirilmesi ile (iii) i\u015fletme t\u00fcr\u00fcn\u00fcn k\u0131smen veya tamamen de\u011fi\u015ftirilmesi durumlar\u0131nda Bakanl\u0131k&#8217;tan izin alma zorunlulu\u011funun kald\u0131r\u0131lmas\u0131d\u0131r. Bakanl\u0131k&#8217;tan bu i\u015flemlere ili\u015fkin onay al\u0131nmas\u0131 yerine, Bakanl\u0131\u011fa bilgi verilmesi yeterli olacakt\u0131r. Ancak tahsisli ta\u015f\u0131nmazlarla ilgili tahsis ko\u015fullar\u0131n\u0131n ayr\u0131ca uygulanaca\u011f\u0131 ve genellikle bu ko\u015fullar aras\u0131nda devir veya kira \u00f6ncesi Bakanl\u0131k izni \u015fart\u0131n\u0131n bulundu\u011fu unutulmamal\u0131d\u0131r.<\/p>\n<p>Bu de\u011fi\u015fikli\u011fin yan\u0131 s\u0131ra, Bakanl\u0131k taraf\u0131ndan yap\u0131lacak istatistiki \u00e7al\u0131\u015fmalar ve projelerde kullan\u0131lmak \u00fczere, belgeli i\u015fletmeler, \u00fclke turizminin g\u00f6stergelerinin belirlenmesinde kullan\u0131lacak verileri Bakanl\u0131k taraf\u0131ndan belirlenecek s\u00fcrelerde Bakanl\u0131\u011fa bildirmekle y\u00fck\u00fcml\u00fc olacakt\u0131r.<\/p>\n<p>Son olarak, Bakanl\u0131k, g\u00f6reviyle ilgili i\u015flemlerin tebli\u011fi i\u00e7in ger\u00e7ek ve t\u00fczel ki\u015filere elektronik tebligat adresi alma zorunlulu\u011fu getirmeye ve bu adresin al\u0131nmas\u0131na ili\u015fkin usul ve esaslar\u0131 belirlemeye yetkili olacakt\u0131r.<\/p>\n<p><strong>Sonu\u00e7<\/strong><\/p>\n<p>Kanun ile Bakanl\u0131\u011f\u0131n etki alan\u0131 geni\u015fletilerek turizm sekt\u00f6r\u00fcndeki idari i\u015flerin ve denetimlerin daha h\u0131zl\u0131 ve etkin y\u00fcr\u00fct\u00fclmesi i\u00e7in \u00f6nemli d\u00fczenlemeler ve de\u011fi\u015fiklikler y\u00fcr\u00fcrl\u00fc\u011fe girmi\u015ftir. De\u011fi\u015fiklikler ile \u00e7e\u015fitli bakanl\u0131klar ve kurumlar aras\u0131ndaki koordinasyonun daha kolay sa\u011flanmas\u0131 ve uygulamadaki sorunlar\u0131n giderilmesi ama\u00e7lanmaktad\u0131r.<\/p>\n<p>Bu ama\u00e7 do\u011frultusunda daha \u00f6nce farkl\u0131 bakanl\u0131klara verilen yetki ve g\u00f6revler Bakanl\u0131\u011fa devredilmekte, b\u00f6ylece farkl\u0131 bakanl\u0131klar nezdinde \u00e7ok say\u0131da i\u015flem yap\u0131lmas\u0131 yerine Bakanl\u0131\u011f\u0131n turizm i\u015fletmeleri i\u00e7in tek muhatap olmas\u0131 sa\u011flanmaktad\u0131r.<\/p>\n<p>Turizm sekt\u00f6r\u00fcnde faaliyet g\u00f6steren \u015firketler ve i\u015fletmeler, s\u00f6z konusu Kanun kapsam\u0131nda getirilen y\u00fck\u00fcml\u00fcl\u00fcklerini yerine getirmek \u00fczere gerekli ad\u0131mlar\u0131 atmal\u0131 ve \u00f6zellikle turizm i\u015fletme belgesi almak i\u00e7in gerekli ba\u015fvurular\u0131 yapmal\u0131d\u0131r.<\/p>\n","protected":false},"excerpt":{"rendered":"<p>Yeni geli\u015fme 28 Temmuz 2021 tarihli Resmi Gazete&#8217;de yay\u0131mlanan Turizmi Te\u015fvik Kanunu ile Baz\u0131 Kanunlarda De\u011fi\u015fiklik Yap\u0131lmas\u0131na Dair Kanun (&#8220;Kanun&#8220;) [&hellip;]<\/p>\n","protected":false},"author":4,"featured_media":0,"comment_status":"closed","ping_status":"closed","sticky":false,"template":"","format":"standard","meta":{"_acf_changed":false,"_stopmodifiedupdate":false,"_modified_date":"","footnotes":""},"categories":[120],"tags":[100],"class_list":["post-20026","post","type-post","status-publish","format-standard","hentry","category-legal-alerts","tag-real-estate-tr"],"acf":[],"yoast_head":"<!-- This site is optimized with the Yoast SEO plugin v24.0 - https:\/\/yoast.com\/wordpress\/plugins\/seo\/ -->\n<title>2634 say\u0131l\u0131 Turizmi Te\u015fvik Kanunu&#039;nda \u00f6nemli de\u011fi\u015fiklikler yap\u0131ld\u0131<\/title>\n<meta name=\"description\" content=\"Yeni geli\u015fme 28 Temmuz 2021 tarihli Resmi Gazete&#039;de yay\u0131mlanan Turizmi Te\u015fvik Kanunu ile Baz\u0131 Kanunlarda De\u011fi\u015fiklik Yap\u0131lmas\u0131na Dair Kanun (&quot;Kanun&quot;) ile\" \/>\n<meta name=\"robots\" content=\"index, follow, max-snippet:-1, max-image-preview:large, max-video-preview:-1\" \/>\n<link rel=\"canonical\" href=\"https:\/\/www.esin.av.tr\/tr\/2021\/08\/27\/2634-sayili-turizmi-tesvik-kanununda-onemli-degisiklikler-yapildi\/\" \/>\n<meta property=\"og:locale\" content=\"tr_TR\" \/>\n<meta property=\"og:type\" content=\"article\" \/>\n<meta property=\"og:title\" content=\"2634 say\u0131l\u0131 Turizmi Te\u015fvik Kanunu&#039;nda \u00f6nemli de\u011fi\u015fiklikler yap\u0131ld\u0131\" \/>\n<meta property=\"og:description\" content=\"Yeni geli\u015fme 28 Temmuz 2021 tarihli Resmi Gazete&#039;de yay\u0131mlanan Turizmi Te\u015fvik Kanunu ile Baz\u0131 Kanunlarda De\u011fi\u015fiklik Yap\u0131lmas\u0131na Dair Kanun (&quot;Kanun&quot;) ile\" \/>\n<meta property=\"og:url\" content=\"https:\/\/www.esin.av.tr\/tr\/2021\/08\/27\/2634-sayili-turizmi-tesvik-kanununda-onemli-degisiklikler-yapildi\/\" \/>\n<meta property=\"og:site_name\" content=\"Esin Avukatl\u0131k Ortakl\u0131\u011f\u0131\" \/>\n<meta property=\"article:published_time\" content=\"2021-08-27T11:59:48+00:00\" \/>\n<meta property=\"article:modified_time\" content=\"2022-06-09T13:29:39+00:00\" \/>\n<meta name=\"author\" content=\"R\u0131dvan Konrat\" \/>\n<meta name=\"twitter:card\" content=\"summary_large_image\" \/>\n<meta name=\"twitter:label1\" content=\"Written by\" \/>\n\t<meta name=\"twitter:data1\" content=\"R\u0131dvan Konrat\" \/>\n\t<meta name=\"twitter:label2\" content=\"Est. reading time\" \/>\n\t<meta name=\"twitter:data2\" content=\"5 minutes\" \/>\n<script type=\"application\/ld+json\" class=\"yoast-schema-graph\">{\"@context\":\"https:\/\/schema.org\",\"@graph\":[{\"@type\":\"Article\",\"@id\":\"https:\/\/www.esin.av.tr\/tr\/2021\/08\/27\/2634-sayili-turizmi-tesvik-kanununda-onemli-degisiklikler-yapildi\/#article\",\"isPartOf\":{\"@id\":\"https:\/\/www.esin.av.tr\/tr\/2021\/08\/27\/2634-sayili-turizmi-tesvik-kanununda-onemli-degisiklikler-yapildi\/\"},\"author\":{\"name\":\"R\u0131dvan Konrat\",\"@id\":\"https:\/\/www.esin.av.tr\/tr\/#\/schema\/person\/42c8e616aab56b8622fa365ad63282ae\"},\"headline\":\"2634 say\u0131l\u0131 Turizmi Te\u015fvik Kanunu&#8217;nda \u00f6nemli de\u011fi\u015fiklikler yap\u0131ld\u0131\",\"datePublished\":\"2021-08-27T11:59:48+00:00\",\"dateModified\":\"2022-06-09T13:29:39+00:00\",\"mainEntityOfPage\":{\"@id\":\"https:\/\/www.esin.av.tr\/tr\/2021\/08\/27\/2634-sayili-turizmi-tesvik-kanununda-onemli-degisiklikler-yapildi\/\"},\"wordCount\":1522,\"publisher\":{\"@id\":\"https:\/\/www.esin.av.tr\/tr\/#organization\"},\"keywords\":[\"Gayrimenkul Hukuku\"],\"articleSection\":[\"Hukuk B\u00fcltenleri\"],\"inLanguage\":\"tr\"},{\"@type\":\"WebPage\",\"@id\":\"https:\/\/www.esin.av.tr\/tr\/2021\/08\/27\/2634-sayili-turizmi-tesvik-kanununda-onemli-degisiklikler-yapildi\/\",\"url\":\"https:\/\/www.esin.av.tr\/tr\/2021\/08\/27\/2634-sayili-turizmi-tesvik-kanununda-onemli-degisiklikler-yapildi\/\",\"name\":\"2634 say\u0131l\u0131 Turizmi Te\u015fvik Kanunu'nda \u00f6nemli de\u011fi\u015fiklikler yap\u0131ld\u0131\",\"isPartOf\":{\"@id\":\"https:\/\/www.esin.av.tr\/tr\/#website\"},\"datePublished\":\"2021-08-27T11:59:48+00:00\",\"dateModified\":\"2022-06-09T13:29:39+00:00\",\"description\":\"Yeni geli\u015fme 28 Temmuz 2021 tarihli Resmi Gazete'de yay\u0131mlanan Turizmi Te\u015fvik Kanunu ile Baz\u0131 Kanunlarda De\u011fi\u015fiklik Yap\u0131lmas\u0131na Dair Kanun (\\\"Kanun\\\") ile\",\"breadcrumb\":{\"@id\":\"https:\/\/www.esin.av.tr\/tr\/2021\/08\/27\/2634-sayili-turizmi-tesvik-kanununda-onemli-degisiklikler-yapildi\/#breadcrumb\"},\"inLanguage\":\"tr\",\"potentialAction\":[{\"@type\":\"ReadAction\",\"target\":[\"https:\/\/www.esin.av.tr\/tr\/2021\/08\/27\/2634-sayili-turizmi-tesvik-kanununda-onemli-degisiklikler-yapildi\/\"]}]},{\"@type\":\"BreadcrumbList\",\"@id\":\"https:\/\/www.esin.av.tr\/tr\/2021\/08\/27\/2634-sayili-turizmi-tesvik-kanununda-onemli-degisiklikler-yapildi\/#breadcrumb\",\"itemListElement\":[{\"@type\":\"ListItem\",\"position\":1,\"name\":\"Home\",\"item\":\"https:\/\/www.esin.av.tr\/tr\/\"},{\"@type\":\"ListItem\",\"position\":2,\"name\":\"2634 say\u0131l\u0131 Turizmi Te\u015fvik Kanunu&#8217;nda \u00f6nemli de\u011fi\u015fiklikler yap\u0131ld\u0131\"}]},{\"@type\":\"WebSite\",\"@id\":\"https:\/\/www.esin.av.tr\/tr\/#website\",\"url\":\"https:\/\/www.esin.av.tr\/tr\/\",\"name\":\"Esin Avukatl\u0131k Ortakl\u0131\u011f\u0131\",\"description\":\"\",\"publisher\":{\"@id\":\"https:\/\/www.esin.av.tr\/tr\/#organization\"},\"potentialAction\":[{\"@type\":\"SearchAction\",\"target\":{\"@type\":\"EntryPoint\",\"urlTemplate\":\"https:\/\/www.esin.av.tr\/tr\/?s={search_term_string}\"},\"query-input\":{\"@type\":\"PropertyValueSpecification\",\"valueRequired\":true,\"valueName\":\"search_term_string\"}}],\"inLanguage\":\"tr\"},{\"@type\":\"Organization\",\"@id\":\"https:\/\/www.esin.av.tr\/tr\/#organization\",\"name\":\"Esin Avukatl\u0131k Ortakl\u0131\u011f\u0131\",\"url\":\"https:\/\/www.esin.av.tr\/tr\/\",\"logo\":{\"@type\":\"ImageObject\",\"inLanguage\":\"tr\",\"@id\":\"https:\/\/www.esin.av.tr\/tr\/#\/schema\/logo\/image\/\",\"url\":\"https:\/\/www.esin.av.tr\/wp-content\/uploads\/2021\/09\/esin-2.jpg\",\"contentUrl\":\"https:\/\/www.esin.av.tr\/wp-content\/uploads\/2021\/09\/esin-2.jpg\",\"width\":800,\"height\":460,\"caption\":\"Esin Avukatl\u0131k Ortakl\u0131\u011f\u0131\"},\"image\":{\"@id\":\"https:\/\/www.esin.av.tr\/tr\/#\/schema\/logo\/image\/\"}},{\"@type\":\"Person\",\"@id\":\"https:\/\/www.esin.av.tr\/tr\/#\/schema\/person\/42c8e616aab56b8622fa365ad63282ae\",\"name\":\"R\u0131dvan Konrat\",\"image\":{\"@type\":\"ImageObject\",\"inLanguage\":\"tr\",\"@id\":\"https:\/\/www.esin.av.tr\/tr\/#\/schema\/person\/image\/\",\"url\":\"https:\/\/secure.gravatar.com\/avatar\/b20c6c583be38ed4e76e32f69fccc676?s=96&d=mm&r=g\",\"contentUrl\":\"https:\/\/secure.gravatar.com\/avatar\/b20c6c583be38ed4e76e32f69fccc676?s=96&d=mm&r=g\",\"caption\":\"R\u0131dvan Konrat\"},\"sameAs\":[\"http:\/\/www.esin.av.tr\"],\"url\":\"https:\/\/www.esin.av.tr\/tr\/author\/rkonrat\/\"}]}<\/script>\n<!-- \/ Yoast SEO plugin. -->","yoast_head_json":{"title":"2634 say\u0131l\u0131 Turizmi Te\u015fvik Kanunu'nda \u00f6nemli de\u011fi\u015fiklikler yap\u0131ld\u0131","description":"Yeni geli\u015fme 28 Temmuz 2021 tarihli Resmi Gazete'de yay\u0131mlanan Turizmi Te\u015fvik Kanunu ile Baz\u0131 Kanunlarda De\u011fi\u015fiklik Yap\u0131lmas\u0131na Dair Kanun (\"Kanun\") ile","robots":{"index":"index","follow":"follow","max-snippet":"max-snippet:-1","max-image-preview":"max-image-preview:large","max-video-preview":"max-video-preview:-1"},"canonical":"https:\/\/www.esin.av.tr\/tr\/2021\/08\/27\/2634-sayili-turizmi-tesvik-kanununda-onemli-degisiklikler-yapildi\/","og_locale":"tr_TR","og_type":"article","og_title":"2634 say\u0131l\u0131 Turizmi Te\u015fvik Kanunu'nda \u00f6nemli de\u011fi\u015fiklikler yap\u0131ld\u0131","og_description":"Yeni geli\u015fme 28 Temmuz 2021 tarihli Resmi Gazete'de yay\u0131mlanan Turizmi Te\u015fvik Kanunu ile Baz\u0131 Kanunlarda De\u011fi\u015fiklik Yap\u0131lmas\u0131na Dair Kanun (\"Kanun\") ile","og_url":"https:\/\/www.esin.av.tr\/tr\/2021\/08\/27\/2634-sayili-turizmi-tesvik-kanununda-onemli-degisiklikler-yapildi\/","og_site_name":"Esin Avukatl\u0131k Ortakl\u0131\u011f\u0131","article_published_time":"2021-08-27T11:59:48+00:00","article_modified_time":"2022-06-09T13:29:39+00:00","author":"R\u0131dvan Konrat","twitter_card":"summary_large_image","twitter_misc":{"Written by":"R\u0131dvan Konrat","Est. reading time":"5 minutes"},"schema":{"@context":"https:\/\/schema.org","@graph":[{"@type":"Article","@id":"https:\/\/www.esin.av.tr\/tr\/2021\/08\/27\/2634-sayili-turizmi-tesvik-kanununda-onemli-degisiklikler-yapildi\/#article","isPartOf":{"@id":"https:\/\/www.esin.av.tr\/tr\/2021\/08\/27\/2634-sayili-turizmi-tesvik-kanununda-onemli-degisiklikler-yapildi\/"},"author":{"name":"R\u0131dvan Konrat","@id":"https:\/\/www.esin.av.tr\/tr\/#\/schema\/person\/42c8e616aab56b8622fa365ad63282ae"},"headline":"2634 say\u0131l\u0131 Turizmi Te\u015fvik Kanunu&#8217;nda \u00f6nemli de\u011fi\u015fiklikler yap\u0131ld\u0131","datePublished":"2021-08-27T11:59:48+00:00","dateModified":"2022-06-09T13:29:39+00:00","mainEntityOfPage":{"@id":"https:\/\/www.esin.av.tr\/tr\/2021\/08\/27\/2634-sayili-turizmi-tesvik-kanununda-onemli-degisiklikler-yapildi\/"},"wordCount":1522,"publisher":{"@id":"https:\/\/www.esin.av.tr\/tr\/#organization"},"keywords":["Gayrimenkul Hukuku"],"articleSection":["Hukuk B\u00fcltenleri"],"inLanguage":"tr"},{"@type":"WebPage","@id":"https:\/\/www.esin.av.tr\/tr\/2021\/08\/27\/2634-sayili-turizmi-tesvik-kanununda-onemli-degisiklikler-yapildi\/","url":"https:\/\/www.esin.av.tr\/tr\/2021\/08\/27\/2634-sayili-turizmi-tesvik-kanununda-onemli-degisiklikler-yapildi\/","name":"2634 say\u0131l\u0131 Turizmi Te\u015fvik Kanunu'nda \u00f6nemli de\u011fi\u015fiklikler yap\u0131ld\u0131","isPartOf":{"@id":"https:\/\/www.esin.av.tr\/tr\/#website"},"datePublished":"2021-08-27T11:59:48+00:00","dateModified":"2022-06-09T13:29:39+00:00","description":"Yeni geli\u015fme 28 Temmuz 2021 tarihli Resmi Gazete'de yay\u0131mlanan Turizmi Te\u015fvik Kanunu ile Baz\u0131 Kanunlarda De\u011fi\u015fiklik Yap\u0131lmas\u0131na Dair Kanun (\"Kanun\") ile","breadcrumb":{"@id":"https:\/\/www.esin.av.tr\/tr\/2021\/08\/27\/2634-sayili-turizmi-tesvik-kanununda-onemli-degisiklikler-yapildi\/#breadcrumb"},"inLanguage":"tr","potentialAction":[{"@type":"ReadAction","target":["https:\/\/www.esin.av.tr\/tr\/2021\/08\/27\/2634-sayili-turizmi-tesvik-kanununda-onemli-degisiklikler-yapildi\/"]}]},{"@type":"BreadcrumbList","@id":"https:\/\/www.esin.av.tr\/tr\/2021\/08\/27\/2634-sayili-turizmi-tesvik-kanununda-onemli-degisiklikler-yapildi\/#breadcrumb","itemListElement":[{"@type":"ListItem","position":1,"name":"Home","item":"https:\/\/www.esin.av.tr\/tr\/"},{"@type":"ListItem","position":2,"name":"2634 say\u0131l\u0131 Turizmi Te\u015fvik Kanunu&#8217;nda \u00f6nemli de\u011fi\u015fiklikler yap\u0131ld\u0131"}]},{"@type":"WebSite","@id":"https:\/\/www.esin.av.tr\/tr\/#website","url":"https:\/\/www.esin.av.tr\/tr\/","name":"Esin Avukatl\u0131k Ortakl\u0131\u011f\u0131","description":"","publisher":{"@id":"https:\/\/www.esin.av.tr\/tr\/#organization"},"potentialAction":[{"@type":"SearchAction","target":{"@type":"EntryPoint","urlTemplate":"https:\/\/www.esin.av.tr\/tr\/?s={search_term_string}"},"query-input":{"@type":"PropertyValueSpecification","valueRequired":true,"valueName":"search_term_string"}}],"inLanguage":"tr"},{"@type":"Organization","@id":"https:\/\/www.esin.av.tr\/tr\/#organization","name":"Esin Avukatl\u0131k Ortakl\u0131\u011f\u0131","url":"https:\/\/www.esin.av.tr\/tr\/","logo":{"@type":"ImageObject","inLanguage":"tr","@id":"https:\/\/www.esin.av.tr\/tr\/#\/schema\/logo\/image\/","url":"https:\/\/www.esin.av.tr\/wp-content\/uploads\/2021\/09\/esin-2.jpg","contentUrl":"https:\/\/www.esin.av.tr\/wp-content\/uploads\/2021\/09\/esin-2.jpg","width":800,"height":460,"caption":"Esin Avukatl\u0131k Ortakl\u0131\u011f\u0131"},"image":{"@id":"https:\/\/www.esin.av.tr\/tr\/#\/schema\/logo\/image\/"}},{"@type":"Person","@id":"https:\/\/www.esin.av.tr\/tr\/#\/schema\/person\/42c8e616aab56b8622fa365ad63282ae","name":"R\u0131dvan Konrat","image":{"@type":"ImageObject","inLanguage":"tr","@id":"https:\/\/www.esin.av.tr\/tr\/#\/schema\/person\/image\/","url":"https:\/\/secure.gravatar.com\/avatar\/b20c6c583be38ed4e76e32f69fccc676?s=96&d=mm&r=g","contentUrl":"https:\/\/secure.gravatar.com\/avatar\/b20c6c583be38ed4e76e32f69fccc676?s=96&d=mm&r=g","caption":"R\u0131dvan Konrat"},"sameAs":["http:\/\/www.esin.av.tr"],"url":"https:\/\/www.esin.av.tr\/tr\/author\/rkonrat\/"}]}},"_links":{"self":[{"href":"https:\/\/www.esin.av.tr\/tr\/wp-json\/wp\/v2\/posts\/20026","targetHints":{"allow":["GET"]}}],"collection":[{"href":"https:\/\/www.esin.av.tr\/tr\/wp-json\/wp\/v2\/posts"}],"about":[{"href":"https:\/\/www.esin.av.tr\/tr\/wp-json\/wp\/v2\/types\/post"}],"author":[{"embeddable":true,"href":"https:\/\/www.esin.av.tr\/tr\/wp-json\/wp\/v2\/users\/4"}],"replies":[{"embeddable":true,"href":"https:\/\/www.esin.av.tr\/tr\/wp-json\/wp\/v2\/comments?post=20026"}],"version-history":[{"count":1,"href":"https:\/\/www.esin.av.tr\/tr\/wp-json\/wp\/v2\/posts\/20026\/revisions"}],"predecessor-version":[{"id":20027,"href":"https:\/\/www.esin.av.tr\/tr\/wp-json\/wp\/v2\/posts\/20026\/revisions\/20027"}],"wp:attachment":[{"href":"https:\/\/www.esin.av.tr\/tr\/wp-json\/wp\/v2\/media?parent=20026"}],"wp:term":[{"taxonomy":"category","embeddable":true,"href":"https:\/\/www.esin.av.tr\/tr\/wp-json\/wp\/v2\/categories?post=20026"},{"taxonomy":"post_tag","embeddable":true,"href":"https:\/\/www.esin.av.tr\/tr\/wp-json\/wp\/v2\/tags?post=20026"}],"curies":[{"name":"wp","href":"https:\/\/api.w.org\/{rel}","templated":true}]}}