{"id":19922,"date":"2021-05-18T11:41:13","date_gmt":"2021-05-18T11:41:13","guid":{"rendered":"https:\/\/www.esin.av.tr\/?p=19922"},"modified":"2021-09-14T22:36:11","modified_gmt":"2021-09-14T22:36:11","slug":"elektrik-piyasasi-ikincil-mevzuati-guncellendi","status":"publish","type":"post","link":"https:\/\/www.esin.av.tr\/tr\/2021\/05\/18\/elektrik-piyasasi-ikincil-mevzuati-guncellendi\/","title":{"rendered":"Elektrik Piyasas\u0131 \u0130kincil Mevzuat\u0131 G\u00fcncellendi"},"content":{"rendered":"<p><strong>Yeni Geli\u015fmeler<\/strong><\/p>\n<p>Enerji Piyasas\u0131 D\u00fczenleme Kurumu (&#8220;EPDK&#8221;) 2020 y\u0131l\u0131n\u0131n sonunda yap\u0131lan de\u011fi\u015fikliklere paralel olarak elektrik piyasas\u0131na ili\u015fkin ikincil mevzuatta geni\u015f \u00e7apl\u0131 bir g\u00fcncelleme yapt\u0131.<\/p>\n<p><strong>Yap\u0131lan De\u011fi\u015fiklikler<\/strong><\/p>\n<p>9 May\u0131s 2021 tarihli Resmi Gazete&#8217;de, ayn\u0131 g\u00fcn y\u00fcr\u00fcrl\u00fc\u011fe girmek \u00fczere a\u015fa\u011f\u0131daki y\u00f6netmelikler yay\u0131mland\u0131:<\/p>\n<ul>\n<li>Elektrik Piyasas\u0131 Lisans Y\u00f6netmeli\u011finde De\u011fi\u015fiklik Yap\u0131lmas\u0131na Dair Y\u00f6netmelik<\/li>\n<li>Elektrik Piyasas\u0131nda Lisanss\u0131z Elektrik \u00dcretim Y\u00f6netmeli\u011finde De\u011fi\u015fiklik Yap\u0131lmas\u0131na Dair Y\u00f6netmelik<\/li>\n<li>Yenilenebilir Enerji Kaynaklar\u0131n\u0131n Belgelendirilmesi ve Desteklenmesine \u0130li\u015fkin Y\u00f6netmelikte De\u011fi\u015fiklik Yap\u0131lmas\u0131na Dair Y\u00f6netmelik<\/li>\n<li>Elektrik Piyasas\u0131 Ba\u011flant\u0131 ve Sistem Kullan\u0131m Y\u00f6netmeli\u011finde De\u011fi\u015fiklik Yap\u0131lmas\u0131na Dair Y\u00f6netmelik<\/li>\n<li>Elektrik Piyasas\u0131 Dengeleme ve Uzla\u015ft\u0131rma Y\u00f6netmeli\u011finde De\u011fi\u015fiklik Yap\u0131lmas\u0131na Dair Y\u00f6netmelik<\/li>\n<li>Elektrik \u015eebeke Y\u00f6netmeli\u011finde De\u011fi\u015fiklik Yap\u0131lmas\u0131na Dair Y\u00f6netmelik<\/li>\n<li>Elektrik Piyasas\u0131nda Depolama Faaliyetleri Y\u00f6netmeli\u011fi<\/li>\n<\/ul>\n<p>Depolama faaliyetlerine ili\u015fkin olarak getirilen de\u011fi\u015fiklikler <a href=\"https:\/\/bakerxchange.com\/collect\/click.aspx?u=eFZUdGtVZmt6WE5YNXJ4Q3hic2p1UHBHSE5kczF2K0JUSytOZFNtMktlVUxOTlNtd2N4TFhXcTU1TFQzZUROQ0hTVVJOMytKZ0FhOTJOUnhqc0xxeEdUKzUzdVF0a1I2dlJrSml3dEdnek81dTBVczFMeFoya3ZEWkJYSTRFWlJ4cVd6bjhyRXRhT1YrL2VKcDlZcTZSMmQ3R0dpT1RpUFVkTXEzNTJkNnFxQ0tmQ0JKQ3NSUnc9PQ==&amp;rh=ff0079b1fef8298846be2cabf4459a8368c539c3\">17 May\u0131s 2021 tarihli &#8220;Elektrik Piyasas\u0131 &#8211; Depolama Faaliyetleri Y\u00f6netmeli\u011fi Y\u00fcr\u00fcrl\u00fc\u011fe Girdi&#8221; ba\u015fl\u0131kl\u0131 hukuk b\u00fcltenimizde<\/a> ayr\u0131ca de\u011ferlendirilmi\u015f olup, s\u00f6z konusu h\u00fck\u00fcmlere bu b\u00fcltende yer verilmemi\u015ftir.<\/p>\n<p>Di\u011fer konulardaki \u00f6nemli h\u00fck\u00fcmlerden baz\u0131lar\u0131 a\u015fa\u011f\u0131da \u00f6zetlenmektedir.<\/p>\n<p><strong>1. Lisans Y\u00f6netmeli\u011fi <\/strong><\/p>\n<p><strong>Biyok\u00fctle tesisleri &#8211; at\u0131k lastiklerin i\u015flenmesi:<\/strong> At\u0131k lastiklerin i\u015flenmesi sonucu ortaya \u00e7\u0131kan yan \u00fcr\u00fcnleri kullanacak biyok\u00fctleye dayal\u0131 \u00fcretim tesislerinde, s\u00f6z konusu yan \u00fcr\u00fcnler tesis b\u00fcnyesinde kurulacak piroliz tesislerinden kar\u015f\u0131lanabilir. Pirolitik ya\u011f ve gaz\u0131n yak\u0131t olarak kullan\u0131lmas\u0131 planlanan projeler i\u00e7in yap\u0131lan \u00f6nlisans ba\u015fvurular\u0131nda ba\u015fka kaynaklar kullan\u0131lamaz.<\/p>\n<p><strong>\u00d6nlisans ve \u00fcretim lisans\u0131 sahipleri i\u00e7in ortakl\u0131k\/kontrol de\u011fi\u015fiklikleri:<\/strong><br \/>\n2020 y\u0131l\u0131n\u0131n sonunda Elektrik Piyasas\u0131 Kanunu&#8217;nda yap\u0131lan bir de\u011fi\u015fiklikle \u00fcretim lisans\u0131 sahiplerinin do\u011frudan ve dolayl\u0131 pay de\u011fi\u015fiklikleri ile kontrol yap\u0131s\u0131n\u0131n de\u011fi\u015fmesi sonucunu veren i\u015flemlerinin onaya tabi olmas\u0131na ili\u015fkin h\u00fck\u00fcm y\u00fcr\u00fcrl\u00fckten kald\u0131r\u0131lm\u0131\u015ft\u0131. Lisans Y\u00f6netmeli\u011fi de\u011fi\u015fikli\u011fi ile s\u00f6z konusu i\u015flemlerin ger\u00e7ekle\u015fmelerini takiben alt\u0131 ay i\u00e7erisinde EPDK Ba\u015fvuru Sistemi \u00fczerinden bildirilmesi zorunlulu\u011fu d\u00fczenlendi. Bildirimler 1 Haziran 2021 tarihine kadar yaz\u0131l\u0131 olarak yap\u0131labilecek. Bildirim y\u00fck\u00fcml\u00fcl\u00fc\u011f\u00fcn\u00fcn belirlenen s\u00fcre i\u00e7erisinde yerine getirilmemesi halinde tadil bedeli kadar bir bedel uygulanacak.<\/p>\n<p><strong>Mekanik kapasite tadilleri: <\/strong>Mekanik kapasite art\u0131\u015f\u0131 kapsam\u0131nda ilave edilecek toplam mekanik g\u00fc\u00e7 miktar\u0131, i\u015fletmede olanlar dahil, lisansa der\u00e7 edilmi\u015f elektriksel kurulu g\u00fc\u00e7 miktar\u0131ndan fazla olamaz.<\/p>\n<p><strong>Hibrit tesisler:<\/strong> Ana kayna\u011fa dayal\u0131 \u00fcnitelerin k\u0131smi veya tam kabul\u00fc yap\u0131lmadan yard\u0131mc\u0131 kayna\u011fa dayal\u0131 \u00fcnite veya \u00fcnitelerin k\u0131smi veya tam kabul\u00fc yap\u0131lamaz. Birle\u015fik elektrik \u00fcretim tesisi ile birle\u015fik yenilenebilir elektrik \u00fcretim tesislerinde yard\u0131mc\u0131 kayna\u011fa dayal\u0131 olarak kurulacak \u00fcnite ve\/veya \u00fcnitelerin toplam g\u00fcc\u00fc, EPDK taraf\u0131ndan Kurul karar\u0131yla belirlenir.<\/p>\n<p><strong>2. Lisanss\u0131z \u00dcretim Y\u00f6netmeli\u011fi<\/strong><\/p>\n<p>Yeni kategori: kurulu g\u00fc\u00e7 s\u0131n\u0131r\u0131na tabi olmayan yenilenebilir enerjiye dayal\u0131 tesisler: 2020 y\u0131l\u0131n\u0131n sonunda Elektrik Piyasas\u0131 Kanunu&#8217;nda yap\u0131lan bir de\u011fi\u015fiklikle ba\u011flant\u0131 anla\u015fmas\u0131ndaki s\u00f6zle\u015fme g\u00fcc\u00fc ile s\u0131n\u0131rl\u0131 olmak kayd\u0131yla herhangi bir ek kurulu g\u00fc\u00e7 s\u0131n\u0131r\u0131na tabi olmaks\u0131z\u0131n yenilenebilir enerji kaynaklar\u0131na dayal\u0131 lisanss\u0131z \u00fcretim tesisi kurulmas\u0131na izin verilmi\u015fti. Bu durum y\u00f6netmeli\u011fi de yans\u0131t\u0131ld\u0131:<\/p>\n<ul>\n<li>Kurulu g\u00fc\u00e7 s\u0131n\u0131r\u0131na (mevcut durumda 5 MW) tabi olan yenilenebilir enerjiye dayal\u0131 lisanss\u0131z \u00fcretim tesisleriyle ili\u015fkilendirilmi\u015f olan t\u00fcketim tesisleri i\u00e7in, yeni kategori kapsam\u0131nda ilave \u00fcretim tesisi kurulabilecek.<\/li>\n<li>Ayl\u0131k mahsupla\u015fma yeni kategorideki bu tesisler i\u00e7in de uygulanacak.<\/li>\n<li>\u0130htiya\u00e7 fazlas\u0131 enerji destekleme mekanizmas\u0131 (YEKDEM) kapsam\u0131nda de\u011ferlendirilecek.<\/li>\n<li>Kurulu g\u00fc\u00e7 s\u0131n\u0131r\u0131na (5 MW) tabi olan ayn\u0131 t\u00fcr tesislerden farkl\u0131 olarak yeni kategorideki tesislerde<\/li>\n<\/ul>\n<p>&#8211; \u00fcretim ve t\u00fcketimin ayn\u0131 \u00f6l\u00e7\u00fcm noktas\u0131nda olma zorunlulu\u011fu bulunmuyor<br \/>\n&#8211; izin bedelleri tesis sahibi taraf\u0131ndan kar\u015f\u0131lanacak (l\u00fctfen bu konuda Ba\u011flant\u0131 ve Sistem Kullan\u0131m Y\u00f6netmeli\u011fi&#8217;nde yap\u0131lan de\u011fi\u015fiklikler b\u00f6l\u00fcm\u00fcne de bak\u0131n\u0131z).<\/p>\n<p><strong>30 Haziran 2021&#8217;den sonra ilk defa i\u015fletmeye girecek tesislere uygulanacak fiyatlar: <\/strong>2020 y\u0131l\u0131n\u0131n sonunda Elektrik Piyasas\u0131 Kanunu&#8217;nda yap\u0131lan de\u011fi\u015fikli\u011fe paralel olarak bu hususun Cumhurba\u015fkan\u0131 taraf\u0131ndan belirlenece\u011fi d\u00fczenlenmi\u015ftir.<\/p>\n<p><strong>\u0130\u015fletmenin ilk 10 y\u0131l\u0131ndan sonra uygulama: <\/strong>2020 y\u0131l\u0131n\u0131n sonunda Elektrik Piyasas\u0131 Kanunu&#8217;nda yap\u0131lan de\u011fi\u015fikli\u011fe paralel olarak bu hususun Cumhurba\u015fkan\u0131 taraf\u0131ndan belirlenece\u011fi d\u00fczenlenmi\u015ftir.<\/p>\n<p><strong>Ge\u00e7ici ba\u011flant\u0131:<\/strong> \u0130n\u015fa halindeki t\u00fcketim tesisleri i\u00e7in ge\u00e7ici ba\u011flant\u0131 kapsam\u0131nda lisanss\u0131z \u00fcretim tesisi kurulabilecek.<\/p>\n<p><strong>Otomatik saya\u00e7 y\u00fck\u00fcml\u00fcl\u00fc\u011f\u00fc: <\/strong>De\u011fi\u015fiklikten \u00f6nce kurulu g\u00fcc\u00fc 50 kW ve \u00fczerinde olan tesislere uygulanan otomatik saya\u00e7 okuma sistemine uyumluluk zorunlulu\u011fu, bundan sonra kurulu g\u00fcc\u00fc 10 kW&#8217;\u0131n \u00fczerinde olan tesisler i\u00e7in uygulanacak.<\/p>\n<p><strong>Kabul tarihi itibar\u0131yla t\u00fcketim zorunlulu\u011fu: <\/strong>Lisanss\u0131z \u00fcretim tesisiyle ili\u015fkilendirilen b\u00fct\u00fcn t\u00fcketim tesislerinin, en ge\u00e7 ilgili \u00fcretim tesisinin kabul\u00fcn\u00fcn yap\u0131ld\u0131\u011f\u0131 tarih itibar\u0131yla enerji t\u00fcketiyor olmas\u0131 zorunlu olacak. Aksi takdirde t\u00fcketim yap\u0131lana kadar \u00fcretilen fazla enerji i\u00e7in destekleme mekanizmas\u0131 (YEKDEM) kapsam\u0131nda herhangi bir \u00f6deme yap\u0131lmayacak.<\/p>\n<p><strong>Birle\u015fme ve b\u00f6l\u00fcnme durumunda kabul \u015fart\u0131: <\/strong>Lisanss\u0131z \u00fcretim tesisi sahibi ki\u015finin ayn\u0131 kalmas\u0131 ve pay oranlar\u0131n\u0131n de\u011fi\u015fmemesi kayd\u0131yla tesisin kabul edilmi\u015f olmas\u0131 \u015fart\u0131 bundan sonra aranmayacak.<\/p>\n<p><strong>Pay devri k\u0131s\u0131tlamas\u0131: <\/strong>Kurulu g\u00fc\u00e7 s\u0131n\u0131r\u0131na (mevcut durumda 5 MW) tabi yenilenebilir enerjiye dayal\u0131 lisanss\u0131z \u00fcretim tesisleri i\u00e7in kabul yap\u0131lana kadar uygulanan pay devri yasa\u011f\u0131 i\u00e7in yeni bir istisna getirildi. Buna g\u00f6re tesisin kabul\u00fcn\u00fcn yap\u0131lmas\u0131ndan \u00f6nce de mevcut do\u011frudan veya dolayl\u0131 pay sahipleri aras\u0131nda kontrol de\u011fi\u015fikli\u011fi olu\u015fturmayacak \u015fekilde pay devri yap\u0131labilecek.<\/p>\n<p><strong>Ayl\u0131k mahsupla\u015fmaya ge\u00e7ebilecek tesisler:<\/strong> 12 May\u0131s 2019 tarihinden \u00f6nce ba\u011flant\u0131 anla\u015fmas\u0131na \u00e7a\u011fr\u0131 mektubu d\u00fczenlenen, ba\u011flant\u0131 anla\u015fmas\u0131 imzalanan ya da kabul\u00fc tamamlanarak i\u015fletmeye al\u0131nan,<\/p>\n<p>(i) \u00fcretti\u011fi enerjinin tamam\u0131n\u0131 iletim veya da\u011f\u0131t\u0131m sistemine vermeden kullanan ve \u00fcretimi ve t\u00fcketimi ayn\u0131 \u00f6l\u00e7\u00fcm noktas\u0131nda olan, veya<br \/>\n(ii) kurulu g\u00fcc\u00fc 10 kW ve alt\u0131nda olacak \u015fekilde kurulu g\u00fc\u00e7 s\u0131n\u0131r\u0131na tabi olarak kurulan<br \/>\nyenilenebilir enerji kaynaklar\u0131na dayal\u0131 \u00fcretim tesisleri i\u00e7in ayl\u0131k mahsupla\u015fma uygulanabilir.<br \/>\nBu imkandan yararlanmak i\u00e7in 9 May\u0131s 2021 tarihinden itibaren 60 g\u00fcn i\u00e7inde ba\u015fvuruda bulunulmas\u0131 gerekmektedir.<\/p>\n<p><strong>3. Yenilenebilir Enerji Kaynaklar\u0131 Y\u00f6netmeli\u011fi<\/strong><\/p>\n<p>Biyok\u00fctle tesislerinde uygulanacak fiyat: 1 Temmuz 2021 tarihinden sonra i\u015fletmeye girecek ve farkl\u0131 destekleme mekanizmas\u0131 fiyatlar\u0131na tabi prosesler bar\u0131nd\u0131ran biyok\u00fctleye dayal\u0131 \u00fcretim tesislerinde \u00fcretilen enerji, kullan\u0131lan prosesler i\u00e7in belirlenen fiyatlardan en d\u00fc\u015f\u00fck olan\u0131na tabi olacak.<\/p>\n<p><strong>Y\u00fck atma talimatlar\u0131:<\/strong> Sistem i\u015fletmecisi taraf\u0131ndan verilen acil durum ve\/veya dengeleme g\u00fc\u00e7 piyasas\u0131 y\u00fck atma talimatlar\u0131na uymayan YEKDEM kat\u0131l\u0131mc\u0131s\u0131 \u00fcretim lisans\u0131 sahibi t\u00fczel ki\u015filere, ilgili uzla\u015ft\u0131rma d\u00f6neminde verilen talimat\u0131n yerine getirilmeyen k\u0131sm\u0131na tekab\u00fcl eden \u00fcretim miktar\u0131 i\u00e7in \u00f6deme yap\u0131lmaz.<\/p>\n<p><strong>Daha \u00f6nce kullan\u0131lm\u0131\u015f ana ekipman:<\/strong> Sat\u0131n alma destekleme mekanizmas\u0131ndan (YEKDEM) faydalanm\u0131\u015f \u00fcretim tesislerinde ve daha \u00f6nce kabule konu edilen bir \u00fcretim tesisinde kullan\u0131lan ana ekipmanlar\u0131n kullan\u0131ld\u0131\u011f\u0131 yeni \u00fcretim tesisleri i\u00e7in destekleme mekanizmas\u0131 uygulanmaz.<\/p>\n<p><strong>4. Ba\u011flant\u0131 ve Sistem Kullan\u0131m Y\u00f6netmeli\u011fi<\/strong><\/p>\n<p>Yeni lisanss\u0131z \u00fcretim tesisi kategorisi i\u00e7in da\u011f\u0131t\u0131m ve iletim: Ba\u011flant\u0131 anla\u015fmas\u0131ndaki s\u00f6zle\u015fme g\u00fcc\u00fcyle s\u0131n\u0131rl\u0131 olmak kayd\u0131yla kurulu g\u00fc\u00e7 s\u0131n\u0131r\u0131na tabi olmaks\u0131z\u0131n yenilenebilir enerji kaynaklar\u0131na dayal\u0131 lisanss\u0131z \u00fcretim tesisi kurulabilmesine ili\u015fkin yeni kategori tesislerden yukar\u0131da Lisanss\u0131z Elektrik Y\u00f6netmeli\u011fi ba\u015fl\u0131kl\u0131 b\u00f6l\u00fcmde bahsetmi\u015ftik. Ba\u011flant\u0131 ve Sistem Kullan\u0131m Y\u00f6netmeli\u011fi De\u011fi\u015fikli\u011fi uyar\u0131nca s\u00f6z konusu tesislere ait da\u011f\u0131t\u0131m tesisi ve\/veya iletim tesisi yat\u0131r\u0131mlar\u0131 ile ta\u015f\u0131nmaz temininin gerektirdi\u011fi \u00f6demeler ve izin bedelleri \u00fcretim tesisi sahibi taraf\u0131ndan kar\u015f\u0131lan\u0131r.<\/p>\n<p><strong>\u0130letim varl\u0131klar\u0131 teminatlar\u0131:<\/strong> \u0130letim varl\u0131klar\u0131 i\u00e7in yap\u0131lan yat\u0131r\u0131mlar i\u00e7in verilen teminatlar, sistem kullan\u0131m bedeli yoluyla yat\u0131r\u0131m tutar\u0131n\u0131n \u00f6denmesinin tamamland\u0131\u011f\u0131 tarihe kadar muhafaza edilecek (\u00f6nceden bu s\u00fcre iletim varl\u0131klar\u0131n\u0131n en son ge\u00e7ici kabul onay tarihinden itibaren\u00a0onuncu\u00a0y\u0131l\u0131n sonuna kadar olarak uygulan\u0131yordu). Ayr\u0131ca kullan\u0131c\u0131ya y\u0131lda en fazla iki defa olmak \u00fczere teminat\u0131n\u0131n k\u0131smi olarak iadesini de talep etme imkan\u0131 tan\u0131nd\u0131.<\/p>\n<p><strong>Sonu\u00e7 <\/strong><\/p>\n<p>Y\u00f6netmeliklerde getirilen de\u011fi\u015fikliklerle esas olarak 2020 y\u0131l\u0131 sonunda yap\u0131lan kanun de\u011fi\u015fiklikleri do\u011frultusunda ikincil mevzuat yeniden revize edilmi\u015f ve piyasa geli\u015fmeleri do\u011frultusunda ihtiya\u00e7 duyulan baz\u0131 prosed\u00fcrler d\u00fczenlenmi\u015ftir.<\/p>\n","protected":false},"excerpt":{"rendered":"<p>Yeni Geli\u015fmeler Enerji Piyasas\u0131 D\u00fczenleme Kurumu (&#8220;EPDK&#8221;) 2020 y\u0131l\u0131n\u0131n sonunda yap\u0131lan de\u011fi\u015fikliklere paralel olarak elektrik piyasas\u0131na ili\u015fkin ikincil mevzuatta geni\u015f [&hellip;]<\/p>\n","protected":false},"author":4,"featured_media":0,"comment_status":"closed","ping_status":"closed","sticky":false,"template":"","format":"standard","meta":{"_acf_changed":false,"_stopmodifiedupdate":false,"_modified_date":"","footnotes":""},"categories":[120],"tags":[],"class_list":["post-19922","post","type-post","status-publish","format-standard","hentry","category-legal-alerts"],"acf":[],"yoast_head":"<!-- This site is optimized with the Yoast SEO plugin v24.0 - https:\/\/yoast.com\/wordpress\/plugins\/seo\/ -->\n<title>Elektrik Piyasas\u0131 \u0130kincil Mevzuat\u0131 G\u00fcncellendi<\/title>\n<meta name=\"description\" content=\"Elektrik Piyasas\u0131 Lisans Y\u00f6netmeli\u011finde De\u011fi\u015fiklik Yap\u0131lmas\u0131na Dair Y\u00f6netmelik 9 May\u0131s 2021 tarihli Resmi Gazete&#039;de yay\u0131mland\u0131.\" \/>\n<meta name=\"robots\" content=\"index, follow, max-snippet:-1, max-image-preview:large, max-video-preview:-1\" \/>\n<link rel=\"canonical\" href=\"https:\/\/www.esin.av.tr\/tr\/2021\/05\/18\/elektrik-piyasasi-ikincil-mevzuati-guncellendi\/\" \/>\n<meta property=\"og:locale\" content=\"tr_TR\" \/>\n<meta property=\"og:type\" content=\"article\" \/>\n<meta property=\"og:title\" content=\"Elektrik Piyasas\u0131 \u0130kincil Mevzuat\u0131 G\u00fcncellendi\" \/>\n<meta property=\"og:description\" content=\"Elektrik Piyasas\u0131 Lisans Y\u00f6netmeli\u011finde De\u011fi\u015fiklik Yap\u0131lmas\u0131na Dair Y\u00f6netmelik 9 May\u0131s 2021 tarihli Resmi Gazete&#039;de yay\u0131mland\u0131.\" \/>\n<meta property=\"og:url\" content=\"https:\/\/www.esin.av.tr\/tr\/2021\/05\/18\/elektrik-piyasasi-ikincil-mevzuati-guncellendi\/\" \/>\n<meta property=\"og:site_name\" content=\"Esin Avukatl\u0131k Ortakl\u0131\u011f\u0131\" \/>\n<meta property=\"article:published_time\" content=\"2021-05-18T11:41:13+00:00\" \/>\n<meta property=\"article:modified_time\" content=\"2021-09-14T22:36:11+00:00\" \/>\n<meta name=\"author\" content=\"R\u0131dvan Konrat\" \/>\n<meta name=\"twitter:card\" content=\"summary_large_image\" \/>\n<meta name=\"twitter:label1\" content=\"Written by\" \/>\n\t<meta name=\"twitter:data1\" content=\"R\u0131dvan Konrat\" \/>\n\t<meta name=\"twitter:label2\" content=\"Est. reading time\" \/>\n\t<meta name=\"twitter:data2\" content=\"5 minutes\" \/>\n<script type=\"application\/ld+json\" class=\"yoast-schema-graph\">{\"@context\":\"https:\/\/schema.org\",\"@graph\":[{\"@type\":\"Article\",\"@id\":\"https:\/\/www.esin.av.tr\/tr\/2021\/05\/18\/elektrik-piyasasi-ikincil-mevzuati-guncellendi\/#article\",\"isPartOf\":{\"@id\":\"https:\/\/www.esin.av.tr\/tr\/2021\/05\/18\/elektrik-piyasasi-ikincil-mevzuati-guncellendi\/\"},\"author\":{\"name\":\"R\u0131dvan Konrat\",\"@id\":\"https:\/\/www.esin.av.tr\/tr\/#\/schema\/person\/42c8e616aab56b8622fa365ad63282ae\"},\"headline\":\"Elektrik Piyasas\u0131 \u0130kincil Mevzuat\u0131 G\u00fcncellendi\",\"datePublished\":\"2021-05-18T11:41:13+00:00\",\"dateModified\":\"2021-09-14T22:36:11+00:00\",\"mainEntityOfPage\":{\"@id\":\"https:\/\/www.esin.av.tr\/tr\/2021\/05\/18\/elektrik-piyasasi-ikincil-mevzuati-guncellendi\/\"},\"wordCount\":1563,\"publisher\":{\"@id\":\"https:\/\/www.esin.av.tr\/tr\/#organization\"},\"articleSection\":[\"Hukuk B\u00fcltenleri\"],\"inLanguage\":\"tr\"},{\"@type\":\"WebPage\",\"@id\":\"https:\/\/www.esin.av.tr\/tr\/2021\/05\/18\/elektrik-piyasasi-ikincil-mevzuati-guncellendi\/\",\"url\":\"https:\/\/www.esin.av.tr\/tr\/2021\/05\/18\/elektrik-piyasasi-ikincil-mevzuati-guncellendi\/\",\"name\":\"Elektrik Piyasas\u0131 \u0130kincil Mevzuat\u0131 G\u00fcncellendi\",\"isPartOf\":{\"@id\":\"https:\/\/www.esin.av.tr\/tr\/#website\"},\"datePublished\":\"2021-05-18T11:41:13+00:00\",\"dateModified\":\"2021-09-14T22:36:11+00:00\",\"description\":\"Elektrik Piyasas\u0131 Lisans Y\u00f6netmeli\u011finde De\u011fi\u015fiklik Yap\u0131lmas\u0131na Dair Y\u00f6netmelik 9 May\u0131s 2021 tarihli Resmi Gazete'de yay\u0131mland\u0131.\",\"breadcrumb\":{\"@id\":\"https:\/\/www.esin.av.tr\/tr\/2021\/05\/18\/elektrik-piyasasi-ikincil-mevzuati-guncellendi\/#breadcrumb\"},\"inLanguage\":\"tr\",\"potentialAction\":[{\"@type\":\"ReadAction\",\"target\":[\"https:\/\/www.esin.av.tr\/tr\/2021\/05\/18\/elektrik-piyasasi-ikincil-mevzuati-guncellendi\/\"]}]},{\"@type\":\"BreadcrumbList\",\"@id\":\"https:\/\/www.esin.av.tr\/tr\/2021\/05\/18\/elektrik-piyasasi-ikincil-mevzuati-guncellendi\/#breadcrumb\",\"itemListElement\":[{\"@type\":\"ListItem\",\"position\":1,\"name\":\"Home\",\"item\":\"https:\/\/www.esin.av.tr\/tr\/\"},{\"@type\":\"ListItem\",\"position\":2,\"name\":\"Elektrik Piyasas\u0131 \u0130kincil Mevzuat\u0131 G\u00fcncellendi\"}]},{\"@type\":\"WebSite\",\"@id\":\"https:\/\/www.esin.av.tr\/tr\/#website\",\"url\":\"https:\/\/www.esin.av.tr\/tr\/\",\"name\":\"Esin Avukatl\u0131k Ortakl\u0131\u011f\u0131\",\"description\":\"\",\"publisher\":{\"@id\":\"https:\/\/www.esin.av.tr\/tr\/#organization\"},\"potentialAction\":[{\"@type\":\"SearchAction\",\"target\":{\"@type\":\"EntryPoint\",\"urlTemplate\":\"https:\/\/www.esin.av.tr\/tr\/?s={search_term_string}\"},\"query-input\":{\"@type\":\"PropertyValueSpecification\",\"valueRequired\":true,\"valueName\":\"search_term_string\"}}],\"inLanguage\":\"tr\"},{\"@type\":\"Organization\",\"@id\":\"https:\/\/www.esin.av.tr\/tr\/#organization\",\"name\":\"Esin Avukatl\u0131k Ortakl\u0131\u011f\u0131\",\"url\":\"https:\/\/www.esin.av.tr\/tr\/\",\"logo\":{\"@type\":\"ImageObject\",\"inLanguage\":\"tr\",\"@id\":\"https:\/\/www.esin.av.tr\/tr\/#\/schema\/logo\/image\/\",\"url\":\"https:\/\/www.esin.av.tr\/wp-content\/uploads\/2021\/09\/esin-2.jpg\",\"contentUrl\":\"https:\/\/www.esin.av.tr\/wp-content\/uploads\/2021\/09\/esin-2.jpg\",\"width\":800,\"height\":460,\"caption\":\"Esin Avukatl\u0131k Ortakl\u0131\u011f\u0131\"},\"image\":{\"@id\":\"https:\/\/www.esin.av.tr\/tr\/#\/schema\/logo\/image\/\"}},{\"@type\":\"Person\",\"@id\":\"https:\/\/www.esin.av.tr\/tr\/#\/schema\/person\/42c8e616aab56b8622fa365ad63282ae\",\"name\":\"R\u0131dvan Konrat\",\"image\":{\"@type\":\"ImageObject\",\"inLanguage\":\"tr\",\"@id\":\"https:\/\/www.esin.av.tr\/tr\/#\/schema\/person\/image\/\",\"url\":\"https:\/\/secure.gravatar.com\/avatar\/b20c6c583be38ed4e76e32f69fccc676?s=96&d=mm&r=g\",\"contentUrl\":\"https:\/\/secure.gravatar.com\/avatar\/b20c6c583be38ed4e76e32f69fccc676?s=96&d=mm&r=g\",\"caption\":\"R\u0131dvan Konrat\"},\"sameAs\":[\"http:\/\/www.esin.av.tr\"],\"url\":\"https:\/\/www.esin.av.tr\/tr\/author\/rkonrat\/\"}]}<\/script>\n<!-- \/ Yoast SEO plugin. -->","yoast_head_json":{"title":"Elektrik Piyasas\u0131 \u0130kincil Mevzuat\u0131 G\u00fcncellendi","description":"Elektrik Piyasas\u0131 Lisans Y\u00f6netmeli\u011finde De\u011fi\u015fiklik Yap\u0131lmas\u0131na Dair Y\u00f6netmelik 9 May\u0131s 2021 tarihli Resmi Gazete'de yay\u0131mland\u0131.","robots":{"index":"index","follow":"follow","max-snippet":"max-snippet:-1","max-image-preview":"max-image-preview:large","max-video-preview":"max-video-preview:-1"},"canonical":"https:\/\/www.esin.av.tr\/tr\/2021\/05\/18\/elektrik-piyasasi-ikincil-mevzuati-guncellendi\/","og_locale":"tr_TR","og_type":"article","og_title":"Elektrik Piyasas\u0131 \u0130kincil Mevzuat\u0131 G\u00fcncellendi","og_description":"Elektrik Piyasas\u0131 Lisans Y\u00f6netmeli\u011finde De\u011fi\u015fiklik Yap\u0131lmas\u0131na Dair Y\u00f6netmelik 9 May\u0131s 2021 tarihli Resmi Gazete'de yay\u0131mland\u0131.","og_url":"https:\/\/www.esin.av.tr\/tr\/2021\/05\/18\/elektrik-piyasasi-ikincil-mevzuati-guncellendi\/","og_site_name":"Esin Avukatl\u0131k Ortakl\u0131\u011f\u0131","article_published_time":"2021-05-18T11:41:13+00:00","article_modified_time":"2021-09-14T22:36:11+00:00","author":"R\u0131dvan Konrat","twitter_card":"summary_large_image","twitter_misc":{"Written by":"R\u0131dvan Konrat","Est. reading time":"5 minutes"},"schema":{"@context":"https:\/\/schema.org","@graph":[{"@type":"Article","@id":"https:\/\/www.esin.av.tr\/tr\/2021\/05\/18\/elektrik-piyasasi-ikincil-mevzuati-guncellendi\/#article","isPartOf":{"@id":"https:\/\/www.esin.av.tr\/tr\/2021\/05\/18\/elektrik-piyasasi-ikincil-mevzuati-guncellendi\/"},"author":{"name":"R\u0131dvan Konrat","@id":"https:\/\/www.esin.av.tr\/tr\/#\/schema\/person\/42c8e616aab56b8622fa365ad63282ae"},"headline":"Elektrik Piyasas\u0131 \u0130kincil Mevzuat\u0131 G\u00fcncellendi","datePublished":"2021-05-18T11:41:13+00:00","dateModified":"2021-09-14T22:36:11+00:00","mainEntityOfPage":{"@id":"https:\/\/www.esin.av.tr\/tr\/2021\/05\/18\/elektrik-piyasasi-ikincil-mevzuati-guncellendi\/"},"wordCount":1563,"publisher":{"@id":"https:\/\/www.esin.av.tr\/tr\/#organization"},"articleSection":["Hukuk B\u00fcltenleri"],"inLanguage":"tr"},{"@type":"WebPage","@id":"https:\/\/www.esin.av.tr\/tr\/2021\/05\/18\/elektrik-piyasasi-ikincil-mevzuati-guncellendi\/","url":"https:\/\/www.esin.av.tr\/tr\/2021\/05\/18\/elektrik-piyasasi-ikincil-mevzuati-guncellendi\/","name":"Elektrik Piyasas\u0131 \u0130kincil Mevzuat\u0131 G\u00fcncellendi","isPartOf":{"@id":"https:\/\/www.esin.av.tr\/tr\/#website"},"datePublished":"2021-05-18T11:41:13+00:00","dateModified":"2021-09-14T22:36:11+00:00","description":"Elektrik Piyasas\u0131 Lisans Y\u00f6netmeli\u011finde De\u011fi\u015fiklik Yap\u0131lmas\u0131na Dair Y\u00f6netmelik 9 May\u0131s 2021 tarihli Resmi Gazete'de yay\u0131mland\u0131.","breadcrumb":{"@id":"https:\/\/www.esin.av.tr\/tr\/2021\/05\/18\/elektrik-piyasasi-ikincil-mevzuati-guncellendi\/#breadcrumb"},"inLanguage":"tr","potentialAction":[{"@type":"ReadAction","target":["https:\/\/www.esin.av.tr\/tr\/2021\/05\/18\/elektrik-piyasasi-ikincil-mevzuati-guncellendi\/"]}]},{"@type":"BreadcrumbList","@id":"https:\/\/www.esin.av.tr\/tr\/2021\/05\/18\/elektrik-piyasasi-ikincil-mevzuati-guncellendi\/#breadcrumb","itemListElement":[{"@type":"ListItem","position":1,"name":"Home","item":"https:\/\/www.esin.av.tr\/tr\/"},{"@type":"ListItem","position":2,"name":"Elektrik Piyasas\u0131 \u0130kincil Mevzuat\u0131 G\u00fcncellendi"}]},{"@type":"WebSite","@id":"https:\/\/www.esin.av.tr\/tr\/#website","url":"https:\/\/www.esin.av.tr\/tr\/","name":"Esin Avukatl\u0131k Ortakl\u0131\u011f\u0131","description":"","publisher":{"@id":"https:\/\/www.esin.av.tr\/tr\/#organization"},"potentialAction":[{"@type":"SearchAction","target":{"@type":"EntryPoint","urlTemplate":"https:\/\/www.esin.av.tr\/tr\/?s={search_term_string}"},"query-input":{"@type":"PropertyValueSpecification","valueRequired":true,"valueName":"search_term_string"}}],"inLanguage":"tr"},{"@type":"Organization","@id":"https:\/\/www.esin.av.tr\/tr\/#organization","name":"Esin Avukatl\u0131k Ortakl\u0131\u011f\u0131","url":"https:\/\/www.esin.av.tr\/tr\/","logo":{"@type":"ImageObject","inLanguage":"tr","@id":"https:\/\/www.esin.av.tr\/tr\/#\/schema\/logo\/image\/","url":"https:\/\/www.esin.av.tr\/wp-content\/uploads\/2021\/09\/esin-2.jpg","contentUrl":"https:\/\/www.esin.av.tr\/wp-content\/uploads\/2021\/09\/esin-2.jpg","width":800,"height":460,"caption":"Esin Avukatl\u0131k Ortakl\u0131\u011f\u0131"},"image":{"@id":"https:\/\/www.esin.av.tr\/tr\/#\/schema\/logo\/image\/"}},{"@type":"Person","@id":"https:\/\/www.esin.av.tr\/tr\/#\/schema\/person\/42c8e616aab56b8622fa365ad63282ae","name":"R\u0131dvan Konrat","image":{"@type":"ImageObject","inLanguage":"tr","@id":"https:\/\/www.esin.av.tr\/tr\/#\/schema\/person\/image\/","url":"https:\/\/secure.gravatar.com\/avatar\/b20c6c583be38ed4e76e32f69fccc676?s=96&d=mm&r=g","contentUrl":"https:\/\/secure.gravatar.com\/avatar\/b20c6c583be38ed4e76e32f69fccc676?s=96&d=mm&r=g","caption":"R\u0131dvan Konrat"},"sameAs":["http:\/\/www.esin.av.tr"],"url":"https:\/\/www.esin.av.tr\/tr\/author\/rkonrat\/"}]}},"_links":{"self":[{"href":"https:\/\/www.esin.av.tr\/tr\/wp-json\/wp\/v2\/posts\/19922","targetHints":{"allow":["GET"]}}],"collection":[{"href":"https:\/\/www.esin.av.tr\/tr\/wp-json\/wp\/v2\/posts"}],"about":[{"href":"https:\/\/www.esin.av.tr\/tr\/wp-json\/wp\/v2\/types\/post"}],"author":[{"embeddable":true,"href":"https:\/\/www.esin.av.tr\/tr\/wp-json\/wp\/v2\/users\/4"}],"replies":[{"embeddable":true,"href":"https:\/\/www.esin.av.tr\/tr\/wp-json\/wp\/v2\/comments?post=19922"}],"version-history":[{"count":2,"href":"https:\/\/www.esin.av.tr\/tr\/wp-json\/wp\/v2\/posts\/19922\/revisions"}],"predecessor-version":[{"id":19924,"href":"https:\/\/www.esin.av.tr\/tr\/wp-json\/wp\/v2\/posts\/19922\/revisions\/19924"}],"wp:attachment":[{"href":"https:\/\/www.esin.av.tr\/tr\/wp-json\/wp\/v2\/media?parent=19922"}],"wp:term":[{"taxonomy":"category","embeddable":true,"href":"https:\/\/www.esin.av.tr\/tr\/wp-json\/wp\/v2\/categories?post=19922"},{"taxonomy":"post_tag","embeddable":true,"href":"https:\/\/www.esin.av.tr\/tr\/wp-json\/wp\/v2\/tags?post=19922"}],"curies":[{"name":"wp","href":"https:\/\/api.w.org\/{rel}","templated":true}]}}