{"id":19874,"date":"2021-08-13T06:58:30","date_gmt":"2021-08-13T06:58:30","guid":{"rendered":"https:\/\/www.esin.av.tr\/?p=19874"},"modified":"2022-06-09T13:23:35","modified_gmt":"2022-06-09T13:23:35","slug":"semi-annual-newsletter-h1-2021","status":"publish","type":"post","link":"https:\/\/www.esin.av.tr\/tr\/2021\/08\/13\/semi-annual-newsletter-h1-2021\/","title":{"rendered":"2021 Yar\u0131y\u0131l Haber B\u00fclteni"},"content":{"rendered":"<p>2021 y\u0131l\u0131n ilk yar\u0131s\u0131nda yay\u0131mlad\u0131\u011f\u0131m\u0131z ve T\u00fcrkiye&#8217;deki \u00f6nemli yasal geli\u015fmeleri \u00f6zetleyen b\u00fcltenlerimizi toplu olarak dikkatinize sunmaktan mutluluk duyuyoruz.<\/p>\n<p><a href=\"https:\/\/f.datasrvr.com\/fr1\/821\/57215\/Newsletter_Semi-Annual_All_2021(403664704.1).pdf\" target=\"_blank\" rel=\"noopener\"><img fetchpriority=\"high\" decoding=\"async\" class=\"alignnone size-medium wp-image-19872\" src=\"https:\/\/www.esin.av.tr\/wp-content\/uploads\/2021\/08\/newsletter-221x300.jpg\" alt=\"\" width=\"221\" height=\"300\" srcset=\"https:\/\/www.esin.av.tr\/wp-content\/uploads\/2021\/08\/newsletter-221x300.jpg 221w, https:\/\/www.esin.av.tr\/wp-content\/uploads\/2021\/08\/newsletter.jpg 270w\" sizes=\"(max-width: 221px) 100vw, 221px\" \/><\/a><\/p>\n","protected":false},"excerpt":{"rendered":"<p>2021 y\u0131l\u0131n ilk yar\u0131s\u0131nda yay\u0131mlad\u0131\u011f\u0131m\u0131z ve T\u00fcrkiye&#8217;deki \u00f6nemli yasal geli\u015fmeleri \u00f6zetleyen b\u00fcltenlerimizi toplu olarak dikkatinize sunmaktan mutluluk duyuyoruz.<\/p>\n","protected":false},"author":4,"featured_media":0,"comment_status":"closed","ping_status":"closed","sticky":false,"template":"","format":"standard","meta":{"_acf_changed":false,"_stopmodifiedupdate":false,"_modified_date":"","footnotes":""},"categories":[118],"tags":[],"class_list":["post-19874","post","type-post","status-publish","format-standard","hentry","category-publications"],"acf":[],"yoast_head":"<!-- This site is optimized with the Yoast SEO plugin v24.0 - https:\/\/yoast.com\/wordpress\/plugins\/seo\/ -->\n<title>2021 Yar\u0131y\u0131l Haber B\u00fclteni<\/title>\n<meta name=\"description\" content=\"2021 y\u0131l\u0131n ilk yar\u0131s\u0131nda yay\u0131mlad\u0131\u011f\u0131m\u0131z ve T\u00fcrkiye&#039;deki \u00f6nemli yasal geli\u015fmeleri \u00f6zetleyen b\u00fcltenlerimizi toplu olarak dikkatinize sunmaktan mutluluk\" \/>\n<meta name=\"robots\" content=\"index, follow, max-snippet:-1, max-image-preview:large, max-video-preview:-1\" \/>\n<link rel=\"canonical\" href=\"https:\/\/www.esin.av.tr\/tr\/2021\/08\/13\/semi-annual-newsletter-h1-2021\/\" \/>\n<meta property=\"og:locale\" content=\"tr_TR\" \/>\n<meta property=\"og:type\" content=\"article\" \/>\n<meta property=\"og:title\" content=\"2021 Yar\u0131y\u0131l Haber B\u00fclteni\" \/>\n<meta property=\"og:description\" content=\"2021 y\u0131l\u0131n ilk yar\u0131s\u0131nda yay\u0131mlad\u0131\u011f\u0131m\u0131z ve T\u00fcrkiye&#039;deki \u00f6nemli yasal geli\u015fmeleri \u00f6zetleyen b\u00fcltenlerimizi toplu olarak dikkatinize sunmaktan mutluluk\" \/>\n<meta property=\"og:url\" content=\"https:\/\/www.esin.av.tr\/tr\/2021\/08\/13\/semi-annual-newsletter-h1-2021\/\" \/>\n<meta property=\"og:site_name\" content=\"Esin Avukatl\u0131k Ortakl\u0131\u011f\u0131\" \/>\n<meta property=\"article:published_time\" content=\"2021-08-13T06:58:30+00:00\" \/>\n<meta property=\"article:modified_time\" content=\"2022-06-09T13:23:35+00:00\" \/>\n<meta property=\"og:image\" content=\"https:\/\/www.esin.av.tr\/wp-content\/uploads\/2021\/08\/newsletter-221x300.jpg\" \/>\n<meta name=\"author\" content=\"R\u0131dvan Konrat\" \/>\n<meta name=\"twitter:card\" content=\"summary_large_image\" \/>\n<meta name=\"twitter:label1\" content=\"Written by\" \/>\n\t<meta name=\"twitter:data1\" content=\"R\u0131dvan Konrat\" \/>\n\t<meta name=\"twitter:label2\" content=\"Est. reading time\" \/>\n\t<meta name=\"twitter:data2\" content=\"1 minute\" \/>\n<script type=\"application\/ld+json\" class=\"yoast-schema-graph\">{\"@context\":\"https:\/\/schema.org\",\"@graph\":[{\"@type\":\"Article\",\"@id\":\"https:\/\/www.esin.av.tr\/tr\/2021\/08\/13\/semi-annual-newsletter-h1-2021\/#article\",\"isPartOf\":{\"@id\":\"https:\/\/www.esin.av.tr\/tr\/2021\/08\/13\/semi-annual-newsletter-h1-2021\/\"},\"author\":{\"name\":\"R\u0131dvan Konrat\",\"@id\":\"https:\/\/www.esin.av.tr\/tr\/#\/schema\/person\/42c8e616aab56b8622fa365ad63282ae\"},\"headline\":\"2021 Yar\u0131y\u0131l Haber B\u00fclteni\",\"datePublished\":\"2021-08-13T06:58:30+00:00\",\"dateModified\":\"2022-06-09T13:23:35+00:00\",\"mainEntityOfPage\":{\"@id\":\"https:\/\/www.esin.av.tr\/tr\/2021\/08\/13\/semi-annual-newsletter-h1-2021\/\"},\"wordCount\":34,\"publisher\":{\"@id\":\"https:\/\/www.esin.av.tr\/tr\/#organization\"},\"image\":{\"@id\":\"https:\/\/www.esin.av.tr\/tr\/2021\/08\/13\/semi-annual-newsletter-h1-2021\/#primaryimage\"},\"thumbnailUrl\":\"https:\/\/www.esin.av.tr\/wp-content\/uploads\/2021\/08\/newsletter-221x300.jpg\",\"articleSection\":[\"Yay\u0131nlar\"],\"inLanguage\":\"tr\"},{\"@type\":\"WebPage\",\"@id\":\"https:\/\/www.esin.av.tr\/tr\/2021\/08\/13\/semi-annual-newsletter-h1-2021\/\",\"url\":\"https:\/\/www.esin.av.tr\/tr\/2021\/08\/13\/semi-annual-newsletter-h1-2021\/\",\"name\":\"2021 Yar\u0131y\u0131l Haber B\u00fclteni\",\"isPartOf\":{\"@id\":\"https:\/\/www.esin.av.tr\/tr\/#website\"},\"primaryImageOfPage\":{\"@id\":\"https:\/\/www.esin.av.tr\/tr\/2021\/08\/13\/semi-annual-newsletter-h1-2021\/#primaryimage\"},\"image\":{\"@id\":\"https:\/\/www.esin.av.tr\/tr\/2021\/08\/13\/semi-annual-newsletter-h1-2021\/#primaryimage\"},\"thumbnailUrl\":\"https:\/\/www.esin.av.tr\/wp-content\/uploads\/2021\/08\/newsletter-221x300.jpg\",\"datePublished\":\"2021-08-13T06:58:30+00:00\",\"dateModified\":\"2022-06-09T13:23:35+00:00\",\"description\":\"2021 y\u0131l\u0131n ilk yar\u0131s\u0131nda yay\u0131mlad\u0131\u011f\u0131m\u0131z ve T\u00fcrkiye'deki \u00f6nemli yasal geli\u015fmeleri \u00f6zetleyen b\u00fcltenlerimizi toplu olarak dikkatinize sunmaktan mutluluk\",\"breadcrumb\":{\"@id\":\"https:\/\/www.esin.av.tr\/tr\/2021\/08\/13\/semi-annual-newsletter-h1-2021\/#breadcrumb\"},\"inLanguage\":\"tr\",\"potentialAction\":[{\"@type\":\"ReadAction\",\"target\":[\"https:\/\/www.esin.av.tr\/tr\/2021\/08\/13\/semi-annual-newsletter-h1-2021\/\"]}]},{\"@type\":\"ImageObject\",\"inLanguage\":\"tr\",\"@id\":\"https:\/\/www.esin.av.tr\/tr\/2021\/08\/13\/semi-annual-newsletter-h1-2021\/#primaryimage\",\"url\":\"https:\/\/www.esin.av.tr\/wp-content\/uploads\/2021\/08\/newsletter-221x300.jpg\",\"contentUrl\":\"https:\/\/www.esin.av.tr\/wp-content\/uploads\/2021\/08\/newsletter-221x300.jpg\"},{\"@type\":\"BreadcrumbList\",\"@id\":\"https:\/\/www.esin.av.tr\/tr\/2021\/08\/13\/semi-annual-newsletter-h1-2021\/#breadcrumb\",\"itemListElement\":[{\"@type\":\"ListItem\",\"position\":1,\"name\":\"Home\",\"item\":\"https:\/\/www.esin.av.tr\/tr\/\"},{\"@type\":\"ListItem\",\"position\":2,\"name\":\"2021 Yar\u0131y\u0131l Haber B\u00fclteni\"}]},{\"@type\":\"WebSite\",\"@id\":\"https:\/\/www.esin.av.tr\/tr\/#website\",\"url\":\"https:\/\/www.esin.av.tr\/tr\/\",\"name\":\"Esin Avukatl\u0131k Ortakl\u0131\u011f\u0131\",\"description\":\"\",\"publisher\":{\"@id\":\"https:\/\/www.esin.av.tr\/tr\/#organization\"},\"potentialAction\":[{\"@type\":\"SearchAction\",\"target\":{\"@type\":\"EntryPoint\",\"urlTemplate\":\"https:\/\/www.esin.av.tr\/tr\/?s={search_term_string}\"},\"query-input\":{\"@type\":\"PropertyValueSpecification\",\"valueRequired\":true,\"valueName\":\"search_term_string\"}}],\"inLanguage\":\"tr\"},{\"@type\":\"Organization\",\"@id\":\"https:\/\/www.esin.av.tr\/tr\/#organization\",\"name\":\"Esin Avukatl\u0131k Ortakl\u0131\u011f\u0131\",\"url\":\"https:\/\/www.esin.av.tr\/tr\/\",\"logo\":{\"@type\":\"ImageObject\",\"inLanguage\":\"tr\",\"@id\":\"https:\/\/www.esin.av.tr\/tr\/#\/schema\/logo\/image\/\",\"url\":\"https:\/\/www.esin.av.tr\/wp-content\/uploads\/2021\/09\/esin-2.jpg\",\"contentUrl\":\"https:\/\/www.esin.av.tr\/wp-content\/uploads\/2021\/09\/esin-2.jpg\",\"width\":800,\"height\":460,\"caption\":\"Esin Avukatl\u0131k Ortakl\u0131\u011f\u0131\"},\"image\":{\"@id\":\"https:\/\/www.esin.av.tr\/tr\/#\/schema\/logo\/image\/\"}},{\"@type\":\"Person\",\"@id\":\"https:\/\/www.esin.av.tr\/tr\/#\/schema\/person\/42c8e616aab56b8622fa365ad63282ae\",\"name\":\"R\u0131dvan Konrat\",\"image\":{\"@type\":\"ImageObject\",\"inLanguage\":\"tr\",\"@id\":\"https:\/\/www.esin.av.tr\/tr\/#\/schema\/person\/image\/\",\"url\":\"https:\/\/secure.gravatar.com\/avatar\/b20c6c583be38ed4e76e32f69fccc676?s=96&d=mm&r=g\",\"contentUrl\":\"https:\/\/secure.gravatar.com\/avatar\/b20c6c583be38ed4e76e32f69fccc676?s=96&d=mm&r=g\",\"caption\":\"R\u0131dvan Konrat\"},\"sameAs\":[\"http:\/\/www.esin.av.tr\"],\"url\":\"https:\/\/www.esin.av.tr\/tr\/author\/rkonrat\/\"}]}<\/script>\n<!-- \/ Yoast SEO plugin. -->","yoast_head_json":{"title":"2021 Yar\u0131y\u0131l Haber B\u00fclteni","description":"2021 y\u0131l\u0131n ilk yar\u0131s\u0131nda yay\u0131mlad\u0131\u011f\u0131m\u0131z ve T\u00fcrkiye'deki \u00f6nemli yasal geli\u015fmeleri \u00f6zetleyen b\u00fcltenlerimizi toplu olarak dikkatinize sunmaktan mutluluk","robots":{"index":"index","follow":"follow","max-snippet":"max-snippet:-1","max-image-preview":"max-image-preview:large","max-video-preview":"max-video-preview:-1"},"canonical":"https:\/\/www.esin.av.tr\/tr\/2021\/08\/13\/semi-annual-newsletter-h1-2021\/","og_locale":"tr_TR","og_type":"article","og_title":"2021 Yar\u0131y\u0131l Haber B\u00fclteni","og_description":"2021 y\u0131l\u0131n ilk yar\u0131s\u0131nda yay\u0131mlad\u0131\u011f\u0131m\u0131z ve T\u00fcrkiye'deki \u00f6nemli yasal geli\u015fmeleri \u00f6zetleyen b\u00fcltenlerimizi toplu olarak dikkatinize sunmaktan mutluluk","og_url":"https:\/\/www.esin.av.tr\/tr\/2021\/08\/13\/semi-annual-newsletter-h1-2021\/","og_site_name":"Esin Avukatl\u0131k Ortakl\u0131\u011f\u0131","article_published_time":"2021-08-13T06:58:30+00:00","article_modified_time":"2022-06-09T13:23:35+00:00","og_image":[{"url":"https:\/\/www.esin.av.tr\/wp-content\/uploads\/2021\/08\/newsletter-221x300.jpg","type":"","width":"","height":""}],"author":"R\u0131dvan Konrat","twitter_card":"summary_large_image","twitter_misc":{"Written by":"R\u0131dvan Konrat","Est. reading time":"1 minute"},"schema":{"@context":"https:\/\/schema.org","@graph":[{"@type":"Article","@id":"https:\/\/www.esin.av.tr\/tr\/2021\/08\/13\/semi-annual-newsletter-h1-2021\/#article","isPartOf":{"@id":"https:\/\/www.esin.av.tr\/tr\/2021\/08\/13\/semi-annual-newsletter-h1-2021\/"},"author":{"name":"R\u0131dvan Konrat","@id":"https:\/\/www.esin.av.tr\/tr\/#\/schema\/person\/42c8e616aab56b8622fa365ad63282ae"},"headline":"2021 Yar\u0131y\u0131l Haber B\u00fclteni","datePublished":"2021-08-13T06:58:30+00:00","dateModified":"2022-06-09T13:23:35+00:00","mainEntityOfPage":{"@id":"https:\/\/www.esin.av.tr\/tr\/2021\/08\/13\/semi-annual-newsletter-h1-2021\/"},"wordCount":34,"publisher":{"@id":"https:\/\/www.esin.av.tr\/tr\/#organization"},"image":{"@id":"https:\/\/www.esin.av.tr\/tr\/2021\/08\/13\/semi-annual-newsletter-h1-2021\/#primaryimage"},"thumbnailUrl":"https:\/\/www.esin.av.tr\/wp-content\/uploads\/2021\/08\/newsletter-221x300.jpg","articleSection":["Yay\u0131nlar"],"inLanguage":"tr"},{"@type":"WebPage","@id":"https:\/\/www.esin.av.tr\/tr\/2021\/08\/13\/semi-annual-newsletter-h1-2021\/","url":"https:\/\/www.esin.av.tr\/tr\/2021\/08\/13\/semi-annual-newsletter-h1-2021\/","name":"2021 Yar\u0131y\u0131l Haber B\u00fclteni","isPartOf":{"@id":"https:\/\/www.esin.av.tr\/tr\/#website"},"primaryImageOfPage":{"@id":"https:\/\/www.esin.av.tr\/tr\/2021\/08\/13\/semi-annual-newsletter-h1-2021\/#primaryimage"},"image":{"@id":"https:\/\/www.esin.av.tr\/tr\/2021\/08\/13\/semi-annual-newsletter-h1-2021\/#primaryimage"},"thumbnailUrl":"https:\/\/www.esin.av.tr\/wp-content\/uploads\/2021\/08\/newsletter-221x300.jpg","datePublished":"2021-08-13T06:58:30+00:00","dateModified":"2022-06-09T13:23:35+00:00","description":"2021 y\u0131l\u0131n ilk yar\u0131s\u0131nda yay\u0131mlad\u0131\u011f\u0131m\u0131z ve T\u00fcrkiye'deki \u00f6nemli yasal geli\u015fmeleri \u00f6zetleyen b\u00fcltenlerimizi toplu olarak dikkatinize sunmaktan mutluluk","breadcrumb":{"@id":"https:\/\/www.esin.av.tr\/tr\/2021\/08\/13\/semi-annual-newsletter-h1-2021\/#breadcrumb"},"inLanguage":"tr","potentialAction":[{"@type":"ReadAction","target":["https:\/\/www.esin.av.tr\/tr\/2021\/08\/13\/semi-annual-newsletter-h1-2021\/"]}]},{"@type":"ImageObject","inLanguage":"tr","@id":"https:\/\/www.esin.av.tr\/tr\/2021\/08\/13\/semi-annual-newsletter-h1-2021\/#primaryimage","url":"https:\/\/www.esin.av.tr\/wp-content\/uploads\/2021\/08\/newsletter-221x300.jpg","contentUrl":"https:\/\/www.esin.av.tr\/wp-content\/uploads\/2021\/08\/newsletter-221x300.jpg"},{"@type":"BreadcrumbList","@id":"https:\/\/www.esin.av.tr\/tr\/2021\/08\/13\/semi-annual-newsletter-h1-2021\/#breadcrumb","itemListElement":[{"@type":"ListItem","position":1,"name":"Home","item":"https:\/\/www.esin.av.tr\/tr\/"},{"@type":"ListItem","position":2,"name":"2021 Yar\u0131y\u0131l Haber B\u00fclteni"}]},{"@type":"WebSite","@id":"https:\/\/www.esin.av.tr\/tr\/#website","url":"https:\/\/www.esin.av.tr\/tr\/","name":"Esin Avukatl\u0131k Ortakl\u0131\u011f\u0131","description":"","publisher":{"@id":"https:\/\/www.esin.av.tr\/tr\/#organization"},"potentialAction":[{"@type":"SearchAction","target":{"@type":"EntryPoint","urlTemplate":"https:\/\/www.esin.av.tr\/tr\/?s={search_term_string}"},"query-input":{"@type":"PropertyValueSpecification","valueRequired":true,"valueName":"search_term_string"}}],"inLanguage":"tr"},{"@type":"Organization","@id":"https:\/\/www.esin.av.tr\/tr\/#organization","name":"Esin Avukatl\u0131k Ortakl\u0131\u011f\u0131","url":"https:\/\/www.esin.av.tr\/tr\/","logo":{"@type":"ImageObject","inLanguage":"tr","@id":"https:\/\/www.esin.av.tr\/tr\/#\/schema\/logo\/image\/","url":"https:\/\/www.esin.av.tr\/wp-content\/uploads\/2021\/09\/esin-2.jpg","contentUrl":"https:\/\/www.esin.av.tr\/wp-content\/uploads\/2021\/09\/esin-2.jpg","width":800,"height":460,"caption":"Esin Avukatl\u0131k Ortakl\u0131\u011f\u0131"},"image":{"@id":"https:\/\/www.esin.av.tr\/tr\/#\/schema\/logo\/image\/"}},{"@type":"Person","@id":"https:\/\/www.esin.av.tr\/tr\/#\/schema\/person\/42c8e616aab56b8622fa365ad63282ae","name":"R\u0131dvan Konrat","image":{"@type":"ImageObject","inLanguage":"tr","@id":"https:\/\/www.esin.av.tr\/tr\/#\/schema\/person\/image\/","url":"https:\/\/secure.gravatar.com\/avatar\/b20c6c583be38ed4e76e32f69fccc676?s=96&d=mm&r=g","contentUrl":"https:\/\/secure.gravatar.com\/avatar\/b20c6c583be38ed4e76e32f69fccc676?s=96&d=mm&r=g","caption":"R\u0131dvan Konrat"},"sameAs":["http:\/\/www.esin.av.tr"],"url":"https:\/\/www.esin.av.tr\/tr\/author\/rkonrat\/"}]}},"_links":{"self":[{"href":"https:\/\/www.esin.av.tr\/tr\/wp-json\/wp\/v2\/posts\/19874","targetHints":{"allow":["GET"]}}],"collection":[{"href":"https:\/\/www.esin.av.tr\/tr\/wp-json\/wp\/v2\/posts"}],"about":[{"href":"https:\/\/www.esin.av.tr\/tr\/wp-json\/wp\/v2\/types\/post"}],"author":[{"embeddable":true,"href":"https:\/\/www.esin.av.tr\/tr\/wp-json\/wp\/v2\/users\/4"}],"replies":[{"embeddable":true,"href":"https:\/\/www.esin.av.tr\/tr\/wp-json\/wp\/v2\/comments?post=19874"}],"version-history":[{"count":4,"href":"https:\/\/www.esin.av.tr\/tr\/wp-json\/wp\/v2\/posts\/19874\/revisions"}],"predecessor-version":[{"id":19890,"href":"https:\/\/www.esin.av.tr\/tr\/wp-json\/wp\/v2\/posts\/19874\/revisions\/19890"}],"wp:attachment":[{"href":"https:\/\/www.esin.av.tr\/tr\/wp-json\/wp\/v2\/media?parent=19874"}],"wp:term":[{"taxonomy":"category","embeddable":true,"href":"https:\/\/www.esin.av.tr\/tr\/wp-json\/wp\/v2\/categories?post=19874"},{"taxonomy":"post_tag","embeddable":true,"href":"https:\/\/www.esin.av.tr\/tr\/wp-json\/wp\/v2\/tags?post=19874"}],"curies":[{"name":"wp","href":"https:\/\/api.w.org\/{rel}","templated":true}]}}